{"id":86625,"date":"2025-07-13T05:07:19","date_gmt":"2025-07-13T08:07:19","guid":{"rendered":"https:\/\/ismaelcolosi.com.br\/index.php\/2025\/07\/13\/um-habito-simples-que-vai-transformar-a-energia-da-sua-semana\/"},"modified":"2025-07-13T05:07:19","modified_gmt":"2025-07-13T08:07:19","slug":"um-habito-simples-que-vai-transformar-a-energia-da-sua-semana","status":"publish","type":"post","link":"https:\/\/ismaelcolosi.com.br\/index.php\/2025\/07\/13\/um-habito-simples-que-vai-transformar-a-energia-da-sua-semana\/","title":{"rendered":"Um H\u00e1bito Simples Que Vai Transformar a Energia da Sua Semana"},"content":{"rendered":"<p> <br \/>\n<\/p>\n<div>\n<figure class=\"destaque wp-caption\">&#13;<br \/>\n\t\t<img data-recalc-dims=\"1\" width=\"678\" height=\"452\" src=\"https:\/\/i0.wp.com\/forbes.com.br\/wp-content\/uploads\/2025\/07\/exercicio-fisico-vida-saudavel-saude-mental-768x512.jpg?resize=678%2C452&#038;ssl=1\" class=\"attachment-medium_large size-medium_large wp-post-image\" alt=\"Para come\u00e7ar bem a semana, adote um h\u00e1bito essencial para a sa\u00fade f\u00edsica e mental\" decoding=\"async\" fetchpriority=\"high\" srcset=\"https:\/\/forbes.com.br\/wp-content\/uploads\/2025\/07\/exercicio-fisico-vida-saudavel-saude-mental-768x512.jpg 768w, https:\/\/forbes.com.br\/wp-content\/uploads\/2025\/07\/exercicio-fisico-vida-saudavel-saude-mental-300x200.jpg 300w, https:\/\/forbes.com.br\/wp-content\/uploads\/2025\/07\/exercicio-fisico-vida-saudavel-saude-mental-1024x683.jpg 1024w, https:\/\/forbes.com.br\/wp-content\/uploads\/2025\/07\/exercicio-fisico-vida-saudavel-saude-mental-800x533.jpg 800w, https:\/\/forbes.com.br\/wp-content\/uploads\/2025\/07\/exercicio-fisico-vida-saudavel-saude-mental-165x110.jpg 165w, https:\/\/forbes.com.br\/wp-content\/uploads\/2025\/07\/exercicio-fisico-vida-saudavel-saude-mental-120x80.jpg 120w, https:\/\/forbes.com.br\/wp-content\/uploads\/2025\/07\/exercicio-fisico-vida-saudavel-saude-mental-150x100.jpg 150w, https:\/\/forbes.com.br\/wp-content\/uploads\/2025\/07\/exercicio-fisico-vida-saudavel-saude-mental.jpg 1500w\" sizes=\"(max-width: 678px) 100vw, 678px\"\/>\t\t<\/p>\n<p>The Good Brigade\/Getty Images<\/p>\n<p>&#13;<figcaption class=\"wp-caption-text\">Para come\u00e7ar bem a semana, adote um h\u00e1bito essencial para a sa\u00fade f\u00edsica e mental<\/figcaption>&#13;<br \/>\n\t<\/figure>\n<div class=\"accessibility\">\n<p>Acessibilidade<\/p>\n<p>&#13;<br \/>\n\t\t\t<button onclick=\"alterFont1()\" id=\"btn1\" class=\"btn\">L<\/button>&#13;<br \/>\n\t\t\t<button onclick=\"alterFont2()\" id=\"btn2\" class=\"btn\" style=\"font-family:Merriweather\">L<\/button>&#13;<br \/>\n\t\t\t<button onclick=\"alterFontSmallerSize()\" id=\"btn3\" class=\"btn\">A-<\/button>&#13;<br \/>\n\t\t\t<button onclick=\"alterFontBiggerSize()\" id=\"btn4\" class=\"btn\">A+<\/button>&#13;<br \/>\n\t\t\t<!--<button onclick='alterFontBolder()' id='btn5' class=\"btn\" >B<\/button>-->&#13;<br \/>\n\t\t\t<button onclick=\"alterBackground()\" id=\"btn6\" class=\"btn\">\u25d0<\/button>&#13;<br \/>\n\t\t\t<!--<button onclick='clean()' id='btn7' class=\"btn\" >Limpar<\/button>-->&#13;\n\t\t<\/p><div class='code-block code-block-8' style='margin: 8px auto; text-align: center; display: block; clear: both;'>\n<script>\n  atOptions = {\n    'key' : '66e2e2111ca34da796271819fc334058',\n    'format' : 'iframe',\n    'height' : 250,\n    'width' : 300,\n    'params' : {}\n  };\n<\/script>\n<script src=\"https:\/\/www.highperformanceformat.com\/66e2e2111ca34da796271819fc334058\/invoke.js\"><\/script>\n<\/div>\n\n<\/p><\/div>\n<p>\u00a0<\/p>\n<p>Domingo deveria ser um dia de <strong>descanso<\/strong>. No entanto, entre viagens, roupas para lavar, tarefas dom\u00e9sticas, jogos das crian\u00e7as e manchetes preocupantes, pode acabar parecendo mais um dia de <strong>trabalho<\/strong>.<\/p>\n<p>Uma<a href=\"https:\/\/www.linkedin.com\/blog\/member\/career\/your-guide-to-winning-work-decoding-the-sunday-scaries\" target=\"_blank\" rel=\"noopener\"> pesquisa do LinkedIn<\/a> aponta que <strong>80%<\/strong> dos profissionais relatam sentir a chamada \u201c<strong>s\u00edndrome de domingo<\/strong>\u201d (em ingl\u00eas, <strong>Sunday Scaries<\/strong>), uma <strong>sobrecarga mental<\/strong> que aparece conforme a semana de trabalho se aproxima. Segundo a <strong>Cleveland Clinic<\/strong>, um dos principais centros m\u00e9dicos acad\u00eamicos dos Estados Unidos, essa ansiedade antecipat\u00f3ria pode se manifestar at\u00e9 mesmo fisicamente, com sintomas como dificuldade para respirar, n\u00f3 no est\u00f4mago, suor excessivo e batimentos card\u00edacos acelerados.<\/p>\n<aside>\n<h2>Leia tamb\u00e9m<\/h2>\n<\/aside>\n<p>Em um cen\u00e1rio de incerteza econ\u00f4mica, prioridades em constante mudan\u00e7a e comunica\u00e7\u00e3o sem pausas, isso n\u00e3o s\u00f3 \u00e9 comum como tamb\u00e9m est\u00e1 se agravando. Mais de<strong> 60%<\/strong> dos executivos relataram sentir mais <strong>estresse<\/strong> em 2025 do que no ano anterior, de acordo com um<a href=\"https:\/\/www.sentry.com\/about-us\/company-news-and-events\/2025-csuite-stress-index\" target=\"_blank\" rel=\"noopener\"> levantamento da Sentry<\/a>, plataforma de monitoramento de performance.<\/p>\n<p>Como resultado, para muitos adultos que trabalham \u2014 especialmente os que acumulam tarefas de cuidado \u2014, a lista de afazeres parece fixa, e a ideia de encontrar tempo para descansar ou se recuperar parece irreal. Ent\u00e3o, o que pode realmente ajudar?<\/p>\n<h2>A solu\u00e7\u00e3o est\u00e1 no corpo<\/h2>\n<p>N\u00e3o \u00e9 o sil\u00eancio. Nem zerar a caixa de e-mails. Nem revisar tudo de \u00faltima hora. Em vez disso, pesquisas sugerem uma estrat\u00e9gia pr\u00e1tica e poderosa para sair da sensa\u00e7\u00e3o de sobrecarga: <strong>mexer o corpo<\/strong>.<\/p>\n<p>Um <a href=\"https:\/\/academic.oup.com\/ageing\/article\/54\/4\/afaf072\/8106300\" target=\"_blank\" rel=\"noopener\">estudo de 2025 publicado na Age and Ageing<\/a>, revista cient\u00edfica especializada em pesquisas sobre envelhecimento, descobriu que apenas de 5 a 10 minutos de<strong> atividade f\u00edsica<\/strong> podem melhorar a fun\u00e7\u00e3o executiva, essencial para planejar e organizar a <strong>semana<\/strong> que come\u00e7a. Da mesma forma, um<a href=\"https:\/\/bjsm.bmj.com\/content\/59\/12\/866\" target=\"_blank\" rel=\"noopener\"> levantamento de 2024 publicado na revista cient\u00edfica British Journal of Sports Medicine<\/a>, que analisou mais de 2,7 mil estudos cl\u00ednicos, concluiu que a <strong>atividade f\u00edsica<\/strong>, inclusive os movimentos leves, favorece o<strong> desempenho cognitivo<\/strong> em todas as idades e condi\u00e7\u00f5es de sa\u00fade.<\/p>\n<p>O movimento pode ser uma das formas mais simples de lidar com a<strong> fadiga mental<\/strong> e entrar na<strong> segunda-feira<\/strong> com mais clareza e energia. Para profissionais com a agenda apertada, a maneira como o exerc\u00edcio \u00e9 inserido na rotina faz toda a diferen\u00e7a.<\/p>\n<h2>Como a atividade f\u00edsica ajuda a administrar sua energia<\/h2>\n<p>Os benef\u00edcios do movimento para a sa\u00fade f\u00edsica s\u00e3o bem conhecidos: desde melhorar o funcionamento cardiovascular at\u00e9 ajudar no controle do peso e na redu\u00e7\u00e3o do risco de doen\u00e7as cr\u00f4nicas.<\/p>\n<p>A maioria das pessoas reconhece que a atividade f\u00edsica \u00e9 um pilar da <strong>longevidade,<\/strong> mas uma das suas vantagens mais negligenciadas \u00e9 o impacto sobre o <strong>c\u00e9rebro<\/strong> e o <strong>sistema nervoso<\/strong>. Pesquisas mostram que at\u00e9 mesmo<strong> 10 minutos de atividade f\u00edsica<\/strong> j\u00e1 trazem benef\u00edcios importantes: ajudam a melhorar o <strong>humor<\/strong>, reduzir a <strong>ansiedade<\/strong> e aumentar a<strong> clareza mental<\/strong>.<\/p>\n<p>Com mais <strong>foco<\/strong> e um estado emocional mais est\u00e1vel, fica mais f\u00e1cil dar conta das tarefas, estar presente com os amigos e se organizar para a semana.<\/p>\n<p>Embora funcione em qualquer dia da semana, esse h\u00e1bito oferece uma vantagem extra quando a ansiedade bate no domingo: melhora a <strong>produtividade<\/strong> e recarrega a energia para a segunda-feira. De quebra, ainda contribui para um <strong>sono de melhor qualidade<\/strong>.<\/p>\n<h2>O momento certo faz diferen\u00e7a<\/h2>\n<p>Uma ida \u00e0 academia, uma aula de gin\u00e1stica ou uma caminhada longa no domingo de manh\u00e3 ajudam a cumprir o papel do exerc\u00edcio, mas o mais importante \u00e9 observar em que momento do dia a ansiedade costuma surgir \u2014 e usar a atividade f\u00edsica de forma intencional para control\u00e1-la.<\/p>\n<p>Para muitas pessoas, o peso psicol\u00f3gico da nova semana come\u00e7a a aparecer na tarde de domingo. Segundo um <a href=\"https:\/\/talkerresearch.com\/how-many-times-a-year-do-americans-experience-the-sunday-scaries\/\" target=\"_blank\" rel=\"noopener\">relat\u00f3rio da empresa de pesquisas de mercado Talker Research<\/a>, quase<strong> 50%<\/strong> dos profissionais relatam sentir a<strong> \u201cs\u00edndrome de domingo\u201d<\/strong> por volta das 16h, muitas vezes quando as obriga\u00e7\u00f5es do fim de semana ainda n\u00e3o foram conclu\u00eddas e a aten\u00e7\u00e3o j\u00e1 come\u00e7a a se voltar para a semana que vai come\u00e7ar. Essa sensa\u00e7\u00e3o iminente pode, no fim das contas, <strong>esgotar a energia<\/strong> que resta no dia.<\/p>\n<p>Perceba quando essa sensa\u00e7\u00e3o aparece e tenha uma estrat\u00e9gia pronta para neutralizar esse desgaste. Para alguns, mover-se no in\u00edcio do dia j\u00e1 ajuda. Para outros, uma caminhada curta ou um alongamento no primeiro sinal de tens\u00e3o funcionam melhor. O mais importante \u00e9 ter consci\u00eancia do <strong>estresse<\/strong> e agir com inten\u00e7\u00e3o, usando o exerc\u00edcio para<strong> interromper o ciclo<\/strong> antes que ele ganhe for\u00e7a.<\/p>\n<h2>Como incorporar esse h\u00e1bito na rotina<\/h2>\n<p><strong>James Clear<\/strong>, autor do livro <strong>\u201cH\u00e1bitos At\u00f4micos\u201d<\/strong>, popularizou o conceito de<strong> \u201cempilhar h\u00e1bitos\u201d<\/strong>, ou seja, associar um novo comportamento a um j\u00e1 existente para criar consist\u00eancia. Mas, considerando que o domingo deveria ser um dia de recarregar as energias, vale ir um pouco al\u00e9m.<\/p>\n<p>N\u00e3o \u00e9 apenas sobre como empilhar esse h\u00e1bito, mas como ele faz voc\u00ea se sentir. Quanto mais prazerosa for a atividade, maior a chance de ela se manter, especialmente para quem n\u00e3o tem muito tempo e motiva\u00e7\u00e3o. Aqui v\u00e3o alguns exemplos simples e eficazes de como incluir movimento no domingo:<\/p>\n<ul>\n<li>Caminhar ou andar de bicicleta com um amigo;<\/li>\n<li>Dar voltas na pista com outros pais e m\u00e3es durante o treino esportivo dos filhos;<\/li>\n<li>Assistir \u00e0 sua s\u00e9rie favorita na esteira ou bicicleta ergom\u00e9trica;<\/li>\n<li>Acrescentar 10 minutos extras ao passeio com o cachorro;<\/li>\n<li>Estacionar o carro mais longe dos compromissos e transformar isso em uma caminhada curta;<\/li>\n<li>Fazer alongamentos ou caminhar entre os port\u00f5es do aeroporto durante uma conex\u00e3o ou antes do embarque.<\/li>\n<\/ul>\n<p>Cada pessoa pode (e deve) encontrar sua pr\u00f3pria estrat\u00e9gia. Mas esses exemplos mostram que o objetivo n\u00e3o \u00e9 encaixar mais tarefas no dia, e sim integrar movimento \u00e0 rotina de forma pr\u00e1tica e, de prefer\u00eancia, prazerosa.<\/p>\n<h2>Comece a segunda-feira com energia<\/h2>\n<p>O exerc\u00edcio n\u00e3o vai apagar as exig\u00eancias da segunda-feira, mas pode mudar a forma como voc\u00ea as enfrenta. Integrar a atividade f\u00edsica de forma intencional \u00e9 uma maneira pr\u00e1tica de reduzir o estresse e recuperar a energia.<\/p>\n<p>Quando o tempo \u00e9 limitado, at\u00e9 10 minutos podem fazer diferen\u00e7a. E, para muita gente, esse pode ser o passo mais poderoso da semana.<\/p>\n<aside>\n<h2>Escolhas do editor<\/h2>\n<\/aside>\n<div class=\"follow-us\">Siga o canal da <a href=\"https:\/\/whatsapp.com\/channel\/0029Va9gQKwBFLgM96cJnu0u\" target=\"_blank\" rel=\"noopener noreferrer nofollow\" title=\"Grupo da Forbes no WhatsApp\">Forbes<\/a> no WhatsApp e receba as principais not\u00edcias de empreendedorismo, carreira, tecnologia, agro e lifestyle.<\/div>\n<\/p><\/div>\n<p><script data-debloat-delay=\"1\" type=\"text\/debloat-script\">\n\t\t\t\t(function(d, s, id){\n\t\t\t\t\tvar js, fjs = d.getElementsByTagName(s)[0];\n\t\t\t\t\tif (d.getElementById(id)) return;\n\t\t\t\t\tjs = d.createElement(s); js.id = id;\n\t\t\t\t\tjs.src = \"\/\/connect.facebook.net\/pt_BR\/sdk.js#xfbml=1&version=v2.9\";\n\t\t\t\t\tfjs.parentNode.insertBefore(js, fjs);\n\t\t\t\t}(document, 'script', 'facebook-jssdk'));\n\t\t\t<\/script><br \/>\n<br \/><br \/>\n<br \/><a href=\"https:\/\/forbes.com.br\/carreira\/2025\/07\/um-habito-simples-que-vai-transformar-a-energia-da-sua-semana\/\">Source link <\/a><\/p>\n<div class='code-block code-block-4' style='margin: 8px auto 8px 0; text-align: left; display: block; clear: both;'>\n\ud83d\udce2 Aviso Legal\n\nO site ismaelcolosi.com.br atua apenas como um canal de divulga\u00e7\u00e3o de oportunidades de emprego e n\u00e3o se responsabiliza pelo processo seletivo, contrata\u00e7\u00e3o ou qualquer outra etapa relacionada \u00e0s vagas publicadas. Todas as informa\u00e7\u00f5es s\u00e3o de responsabilidade dos anunciantes.\n\n\u26a0\ufe0f Aten\u00e7\u00e3o! Nunca pague por promessas de emprego nem compre cursos que garantam contrata\u00e7\u00e3o. Desconfie de qualquer cobran\u00e7a para participar de sele\u00e7\u00f5es.\n\n\n\n<\/div>\n<!-- CONTENT END 1 -->\n","protected":false},"excerpt":{"rendered":"<p>&#13; The Good Brigade\/Getty Images &#13;Para come\u00e7ar bem a semana, adote um h\u00e1bito essencial para a sa\u00fade f\u00edsica e mental&#13; Acessibilidade &#13; L&#13; L&#13; A-&#13;&#8230;<\/p>\n","protected":false},"author":1,"featured_media":86626,"comment_status":"","ping_status":"open","sticky":false,"template":"","format":"standard","meta":{"_uag_custom_page_level_css":"","advanced_seo_description":"","jetpack_seo_html_title":"","jetpack_seo_noindex":false,"jetpack_post_was_ever_published":false,"_jetpack_newsletter_access":"","_jetpack_dont_email_post_to_subs":false,"_jetpack_newsletter_tier_id":0,"_jetpack_memberships_contains_paywalled_content":false,"_jetpack_memberships_contains_paid_content":false,"footnotes":"","jetpack_publicize_message":"","jetpack_publicize_feature_enabled":true,"jetpack_social_post_already_shared":true,"jetpack_social_options":{"image_generator_settings":{"template":"highway","default_image_id":0,"font":"","enabled":false},"version":2}},"categories":[1964],"tags":[],"class_list":["post-86625","post","type-post","status-publish","format-standard","has-post-thumbnail","hentry","category-carreira-e-sucesso-dicas-para-carreira"],"jetpack_publicize_connections":[],"jetpack_featured_media_url":"https:\/\/i0.wp.com\/ismaelcolosi.com.br\/wp-content\/uploads\/2025\/07\/exercicio-fisico-vida-saudavel-saude-mental-1200x675.jpg?fit=1200%2C675&ssl=1","uagb_featured_image_src":{"full":["https:\/\/i0.wp.com\/ismaelcolosi.com.br\/wp-content\/uploads\/2025\/07\/exercicio-fisico-vida-saudavel-saude-mental-1200x675.jpg?fit=1200%2C675&ssl=1",1200,675,false],"thumbnail":["https:\/\/i0.wp.com\/ismaelcolosi.com.br\/wp-content\/uploads\/2025\/07\/exercicio-fisico-vida-saudavel-saude-mental-1200x675.jpg?resize=150%2C150&ssl=1",150,150,true],"medium":["https:\/\/i0.wp.com\/ismaelcolosi.com.br\/wp-content\/uploads\/2025\/07\/exercicio-fisico-vida-saudavel-saude-mental-1200x675.jpg?fit=300%2C169&ssl=1",300,169,true],"medium_large":["https:\/\/i0.wp.com\/ismaelcolosi.com.br\/wp-content\/uploads\/2025\/07\/exercicio-fisico-vida-saudavel-saude-mental-1200x675.jpg?fit=768%2C432&ssl=1",768,432,true],"large":["https:\/\/i0.wp.com\/ismaelcolosi.com.br\/wp-content\/uploads\/2025\/07\/exercicio-fisico-vida-saudavel-saude-mental-1200x675.jpg?fit=1024%2C576&ssl=1",1024,576,true],"1536x1536":["https:\/\/i0.wp.com\/ismaelcolosi.com.br\/wp-content\/uploads\/2025\/07\/exercicio-fisico-vida-saudavel-saude-mental-1200x675.jpg?fit=1200%2C675&ssl=1",1200,675,true],"2048x2048":["https:\/\/i0.wp.com\/ismaelcolosi.com.br\/wp-content\/uploads\/2025\/07\/exercicio-fisico-vida-saudavel-saude-mental-1200x675.jpg?fit=1200%2C675&ssl=1",1200,675,true],"really-simple-thumb":["https:\/\/i0.wp.com\/ismaelcolosi.com.br\/wp-content\/uploads\/2025\/07\/exercicio-fisico-vida-saudavel-saude-mental-1200x675.jpg?resize=370%2C247&ssl=1",370,247,true]},"uagb_author_info":{"display_name":"ismaelcolosi.com.br","author_link":"https:\/\/ismaelcolosi.com.br\/index.php\/author\/vidareal-online\/"},"uagb_comment_info":0,"uagb_excerpt":"&#13; The Good Brigade\/Getty Images &#13;Para come\u00e7ar bem a semana, adote um h\u00e1bito essencial para a sa\u00fade f\u00edsica e mental&#13; Acessibilidade &#13; L&#13; L&#13; A-&#13;...","jetpack-related-posts":[{"id":56662,"url":"https:\/\/ismaelcolosi.com.br\/index.php\/2024\/07\/14\/como-comecar-a-semana-de-trabalho-com-o-pe-direito\/","url_meta":{"origin":86625,"position":0},"title":"Como come\u00e7ar a semana de trabalho com o p\u00e9 direito","author":"ismaelcolosi.com.br","date":"14 de July de 2024","format":false,"excerpt":"A segunda-feira ganhou fama como um dos dias mais cansativos porque marca o in\u00edcio da semana de trabalho e do retorno das atividades ap\u00f3s o descanso de s\u00e1bado e domingo. No entanto, com um pouco de planejamento, \u00e9 poss\u00edvel tornar o dia menos estressante. Acessibilidade L L A- A+ \u25d0\u2026","rel":"","context":"In &quot;Carreira e Sucesso&quot;","block_context":{"text":"Carreira e Sucesso","link":"https:\/\/ismaelcolosi.com.br\/index.php\/category\/carreira-e-sucesso-dicas-para-carreira\/"},"img":{"alt_text":"","src":"https:\/\/i0.wp.com\/ismaelcolosi.com.br\/wp-content\/uploads\/2024\/07\/carreira-trabalho-planejamento-1024x683.jpg?fit=1024%2C683&ssl=1&resize=350%2C200","width":350,"height":200,"srcset":"https:\/\/i0.wp.com\/ismaelcolosi.com.br\/wp-content\/uploads\/2024\/07\/carreira-trabalho-planejamento-1024x683.jpg?fit=1024%2C683&ssl=1&resize=350%2C200 1x, https:\/\/i0.wp.com\/ismaelcolosi.com.br\/wp-content\/uploads\/2024\/07\/carreira-trabalho-planejamento-1024x683.jpg?fit=1024%2C683&ssl=1&resize=525%2C300 1.5x, https:\/\/i0.wp.com\/ismaelcolosi.com.br\/wp-content\/uploads\/2024\/07\/carreira-trabalho-planejamento-1024x683.jpg?fit=1024%2C683&ssl=1&resize=700%2C400 2x"},"classes":[]},{"id":83520,"url":"https:\/\/ismaelcolosi.com.br\/index.php\/2025\/03\/05\/como-pequenos-habitos-podem-transformar-sua-vida-e-carreira\/","url_meta":{"origin":86625,"position":1},"title":"Como Pequenos H\u00e1bitos Podem Transformar Sua Vida e Carreira","author":"ismaelcolosi.com.br","date":"5 de March de 2025","format":false,"excerpt":"Forbes, a mais conceituada revista de neg\u00f3cios e economia do mundo. \u00a0 Imagine acordar todas as manh\u00e3s e adotar um h\u00e1bito simples \u2014 como caminhar, preparar um caf\u00e9 da manh\u00e3 saud\u00e1vel ou registrar seus pensamentos em um di\u00e1rio. No in\u00edcio, pode parecer apenas mais uma rotina. Mas, com o tempo,\u2026","rel":"","context":"In &quot;Carreira e Sucesso&quot;","block_context":{"text":"Carreira e Sucesso","link":"https:\/\/ismaelcolosi.com.br\/index.php\/category\/carreira-e-sucesso-dicas-para-carreira\/"},"img":{"alt_text":"rel\u00f3gios","src":"https:\/\/i0.wp.com\/forbes.com.br\/wp-content\/uploads\/2025\/03\/GettyImages-1185473182-1-1-326x245.jpg?resize=350%2C200&ssl=1","width":350,"height":200},"classes":[]},{"id":89107,"url":"https:\/\/ismaelcolosi.com.br\/index.php\/2026\/02\/11\/5-habitos-de-trabalho-saudaveis-que-sabotam-sua-carreira\/","url_meta":{"origin":86625,"position":2},"title":"5 H\u00e1bitos de Trabalho \u201cSaud\u00e1veis\u201d Que Sabotam Sua Carreira","author":"ismaelcolosi.com.br","date":"11 de February de 2026","format":false,"excerpt":"Voc\u00ea sempre ouviu que para ter sucesso na carreira, deveria dominar sua fun\u00e7\u00e3o, trabalhar bem em equipe, se esfor\u00e7ar e ter paci\u00eancia. Esses s\u00e3o os conselhos cl\u00e1ssicos para ser um \u201cbom funcion\u00e1rio\u201d. No entanto, esse tipo de orienta\u00e7\u00e3o pode ter ficado ultrapassado. O ambiente de trabalho atual \u00e9 muito mais\u2026","rel":"","context":"In &quot;Carreira e Sucesso&quot;","block_context":{"text":"Carreira e Sucesso","link":"https:\/\/ismaelcolosi.com.br\/index.php\/category\/carreira-e-sucesso-dicas-para-carreira\/"},"img":{"alt_text":"","src":"https:\/\/i0.wp.com\/ismaelcolosi.com.br\/wp-content\/uploads\/2026\/02\/habitos-de-trabalho-1200x675.jpg?fit=1200%2C675&ssl=1&resize=350%2C200","width":350,"height":200,"srcset":"https:\/\/i0.wp.com\/ismaelcolosi.com.br\/wp-content\/uploads\/2026\/02\/habitos-de-trabalho-1200x675.jpg?fit=1200%2C675&ssl=1&resize=350%2C200 1x, https:\/\/i0.wp.com\/ismaelcolosi.com.br\/wp-content\/uploads\/2026\/02\/habitos-de-trabalho-1200x675.jpg?fit=1200%2C675&ssl=1&resize=525%2C300 1.5x, https:\/\/i0.wp.com\/ismaelcolosi.com.br\/wp-content\/uploads\/2026\/02\/habitos-de-trabalho-1200x675.jpg?fit=1200%2C675&ssl=1&resize=700%2C400 2x, https:\/\/i0.wp.com\/ismaelcolosi.com.br\/wp-content\/uploads\/2026\/02\/habitos-de-trabalho-1200x675.jpg?fit=1200%2C675&ssl=1&resize=1050%2C600 3x"},"classes":[]},{"id":16196,"url":"https:\/\/ismaelcolosi.com.br\/index.php\/2023\/12\/15\/10-passos-para-transformar-sua-carreira-em-2024\/","url_meta":{"origin":86625,"position":3},"title":"10 passos para transformar sua carreira em 2024","author":"ismaelcolosi.com.br","date":"15 de December de 2023","format":false,"excerpt":"Getty ImagesEstabele\u00e7a metas para a sua carreira em 2024. Pode ser o momento certo para uma transi\u00e7\u00e3o ou mesmo uma pausa Enquanto alguns est\u00e3o curtindo as festas de final de ano da firma, muitos profissionais t\u00eam sido impactados por demiss\u00f5es de grandes empresas, como fizeram Spotify, Amazon e Citi, que\u2026","rel":"","context":"In &quot;Carreira e Sucesso&quot;","block_context":{"text":"Carreira e Sucesso","link":"https:\/\/ismaelcolosi.com.br\/index.php\/category\/carreira-e-sucesso-dicas-para-carreira\/"},"img":{"alt_text":"","src":"https:\/\/i0.wp.com\/ismaelcolosi.com.br\/wp-content\/uploads\/2023\/12\/carreira-transicao-2024-1024x683.jpg?fit=1024%2C683&ssl=1&resize=350%2C200","width":350,"height":200,"srcset":"https:\/\/i0.wp.com\/ismaelcolosi.com.br\/wp-content\/uploads\/2023\/12\/carreira-transicao-2024-1024x683.jpg?fit=1024%2C683&ssl=1&resize=350%2C200 1x, https:\/\/i0.wp.com\/ismaelcolosi.com.br\/wp-content\/uploads\/2023\/12\/carreira-transicao-2024-1024x683.jpg?fit=1024%2C683&ssl=1&resize=525%2C300 1.5x, https:\/\/i0.wp.com\/ismaelcolosi.com.br\/wp-content\/uploads\/2023\/12\/carreira-transicao-2024-1024x683.jpg?fit=1024%2C683&ssl=1&resize=700%2C400 2x"},"classes":[]},{"id":60465,"url":"https:\/\/ismaelcolosi.com.br\/index.php\/2024\/08\/16\/a-forca-da-mente-no-caminho-para-o-sucesso\/","url_meta":{"origin":86625,"position":4},"title":"a for\u00e7a da mente no caminho para o sucesso","author":"ismaelcolosi.com.br","date":"16 de August de 2024","format":false,"excerpt":"\u00a0 Acessibilidade L L A- A+ \u25d0 \u00a0 \u201cQuero dar orgulho para os meus pais.\u201d Consigo ouvir uma atleta da Olimp\u00edada dizendo isso antes de subir ao p\u00f3dio. Muitos de n\u00f3s nos emocionamos e choramos juntos, com manifesta\u00e7\u00f5es de gratid\u00e3o como essa. Acontece que a declara\u00e7\u00e3o acima veio da Jaque,\u2026","rel":"","context":"In &quot;Carreira e Sucesso&quot;","block_context":{"text":"Carreira e Sucesso","link":"https:\/\/ismaelcolosi.com.br\/index.php\/category\/carreira-e-sucesso-dicas-para-carreira\/"},"img":{"alt_text":"","src":"https:\/\/i0.wp.com\/ismaelcolosi.com.br\/wp-content\/uploads\/2024\/08\/mulher-rebeca-andrade-simone-biles-1-1024x683.jpg?fit=1024%2C683&ssl=1&resize=350%2C200","width":350,"height":200,"srcset":"https:\/\/i0.wp.com\/ismaelcolosi.com.br\/wp-content\/uploads\/2024\/08\/mulher-rebeca-andrade-simone-biles-1-1024x683.jpg?fit=1024%2C683&ssl=1&resize=350%2C200 1x, https:\/\/i0.wp.com\/ismaelcolosi.com.br\/wp-content\/uploads\/2024\/08\/mulher-rebeca-andrade-simone-biles-1-1024x683.jpg?fit=1024%2C683&ssl=1&resize=525%2C300 1.5x, https:\/\/i0.wp.com\/ismaelcolosi.com.br\/wp-content\/uploads\/2024\/08\/mulher-rebeca-andrade-simone-biles-1-1024x683.jpg?fit=1024%2C683&ssl=1&resize=700%2C400 2x"},"classes":[]},{"id":86402,"url":"https:\/\/ismaelcolosi.com.br\/index.php\/2025\/06\/29\/como-usar-o-fim-de-semana-para-recarregar-as-energias-da-maneira-certa\/","url_meta":{"origin":86625,"position":5},"title":"Como Usar o Fim de Semana para Recarregar as Energias da Maneira Certa","author":"ismaelcolosi.com.br","date":"29 de June de 2025","format":false,"excerpt":"\r Getty Images\r H\u00e1bitos de lazer intencional fortalecem a confian\u00e7a, reduzem o estresse e aumentam a performance no trabalho\r Acessibilidade \r L\r L\r A-\r A+\r \r \u25d0\r \r \u00a0 \u00c9 domingo \u00e0 noite e, apesar de ter passado o fim de semana maratonando s\u00e9ries na Netflix, rolando o feed das\u2026","rel":"","context":"In &quot;Carreira e Sucesso&quot;","block_context":{"text":"Carreira e Sucesso","link":"https:\/\/ismaelcolosi.com.br\/index.php\/category\/carreira-e-sucesso-dicas-para-carreira\/"},"img":{"alt_text":"","src":"https:\/\/i0.wp.com\/ismaelcolosi.com.br\/wp-content\/uploads\/2025\/06\/forbes-habitos-1200x675.jpg?fit=1200%2C675&ssl=1&resize=350%2C200","width":350,"height":200,"srcset":"https:\/\/i0.wp.com\/ismaelcolosi.com.br\/wp-content\/uploads\/2025\/06\/forbes-habitos-1200x675.jpg?fit=1200%2C675&ssl=1&resize=350%2C200 1x, https:\/\/i0.wp.com\/ismaelcolosi.com.br\/wp-content\/uploads\/2025\/06\/forbes-habitos-1200x675.jpg?fit=1200%2C675&ssl=1&resize=525%2C300 1.5x, https:\/\/i0.wp.com\/ismaelcolosi.com.br\/wp-content\/uploads\/2025\/06\/forbes-habitos-1200x675.jpg?fit=1200%2C675&ssl=1&resize=700%2C400 2x, https:\/\/i0.wp.com\/ismaelcolosi.com.br\/wp-content\/uploads\/2025\/06\/forbes-habitos-1200x675.jpg?fit=1200%2C675&ssl=1&resize=1050%2C600 3x"},"classes":[]}],"jetpack_sharing_enabled":true,"jetpack_shortlink":"https:\/\/wp.me\/pfMlyK-mxb","_links":{"self":[{"href":"https:\/\/ismaelcolosi.com.br\/index.php\/wp-json\/wp\/v2\/posts\/86625","targetHints":{"allow":["GET"]}}],"collection":[{"href":"https:\/\/ismaelcolosi.com.br\/index.php\/wp-json\/wp\/v2\/posts"}],"about":[{"href":"https:\/\/ismaelcolosi.com.br\/index.php\/wp-json\/wp\/v2\/types\/post"}],"author":[{"embeddable":true,"href":"https:\/\/ismaelcolosi.com.br\/index.php\/wp-json\/wp\/v2\/users\/1"}],"replies":[{"embeddable":true,"href":"https:\/\/ismaelcolosi.com.br\/index.php\/wp-json\/wp\/v2\/comments?post=86625"}],"version-history":[{"count":0,"href":"https:\/\/ismaelcolosi.com.br\/index.php\/wp-json\/wp\/v2\/posts\/86625\/revisions"}],"wp:featuredmedia":[{"embeddable":true,"href":"https:\/\/ismaelcolosi.com.br\/index.php\/wp-json\/wp\/v2\/media\/86626"}],"wp:attachment":[{"href":"https:\/\/ismaelcolosi.com.br\/index.php\/wp-json\/wp\/v2\/media?parent=86625"}],"wp:term":[{"taxonomy":"category","embeddable":true,"href":"https:\/\/ismaelcolosi.com.br\/index.php\/wp-json\/wp\/v2\/categories?post=86625"},{"taxonomy":"post_tag","embeddable":true,"href":"https:\/\/ismaelcolosi.com.br\/index.php\/wp-json\/wp\/v2\/tags?post=86625"}],"curies":[{"name":"wp","href":"https:\/\/api.w.org\/{rel}","templated":true}]}}