{"id":86614,"date":"2025-07-11T05:21:16","date_gmt":"2025-07-11T08:21:16","guid":{"rendered":"https:\/\/ismaelcolosi.com.br\/index.php\/2025\/07\/11\/como-o-avanco-da-ia-impactara-os-empregos-no-brasil-3\/"},"modified":"2025-07-11T05:21:16","modified_gmt":"2025-07-11T08:21:16","slug":"como-o-avanco-da-ia-impactara-os-empregos-no-brasil-3","status":"publish","type":"post","link":"https:\/\/ismaelcolosi.com.br\/index.php\/2025\/07\/11\/como-o-avanco-da-ia-impactara-os-empregos-no-brasil-3\/","title":{"rendered":"Como o Avan\u00e7o da IA Impactar\u00e1 os Empregos no Brasil"},"content":{"rendered":"<p> <br \/>\n<\/p>\n<div>\n<figure class=\"destaque wp-caption\">&#13;<br \/>\n\t\t<img data-recalc-dims=\"1\" width=\"678\" height=\"452\" src=\"https:\/\/i0.wp.com\/forbes.com.br\/wp-content\/uploads\/2025\/07\/robos-trabalhando-768x512.png?resize=678%2C452&#038;ssl=1\" class=\"attachment-medium_large size-medium_large wp-post-image\" alt=\"Foto ilustrativa de rob\u00f4s trabalhando\" decoding=\"async\" fetchpriority=\"high\" srcset=\"https:\/\/forbes.com.br\/wp-content\/uploads\/2025\/07\/robos-trabalhando-768x512.png 768w, https:\/\/forbes.com.br\/wp-content\/uploads\/2025\/07\/robos-trabalhando-300x200.png 300w, https:\/\/forbes.com.br\/wp-content\/uploads\/2025\/07\/robos-trabalhando-1024x683.png 1024w, https:\/\/forbes.com.br\/wp-content\/uploads\/2025\/07\/robos-trabalhando-800x533.png 800w, https:\/\/forbes.com.br\/wp-content\/uploads\/2025\/07\/robos-trabalhando-165x110.png 165w, https:\/\/forbes.com.br\/wp-content\/uploads\/2025\/07\/robos-trabalhando-120x80.png 120w, https:\/\/forbes.com.br\/wp-content\/uploads\/2025\/07\/robos-trabalhando-150x100.png 150w, https:\/\/forbes.com.br\/wp-content\/uploads\/2025\/07\/robos-trabalhando.png 1500w\" sizes=\"(max-width: 678px) 100vw, 678px\"\/>\t\t<\/p>\n<p>Canva Images\/Kittipong Jirasukhanont de Phonlamai Photo&#8217;s Images<\/p>\n<p>&#13;<figcaption class=\"wp-caption-text\">O uso de IA no Brasil \u00e9 maior entre grandes institui\u00e7\u00f5es (38%) <\/figcaption>&#13;<br \/>\n\t<\/figure>\n<div class=\"accessibility\">\n<p>Acessibilidade<\/p>\n<p>&#13;<br \/>\n\t\t\t<button onclick=\"alterFont1()\" id=\"btn1\" class=\"btn\">L<\/button>&#13;<br \/>\n\t\t\t<button onclick=\"alterFont2()\" id=\"btn2\" class=\"btn\" style=\"font-family:Merriweather\">L<\/button>&#13;<br \/>\n\t\t\t<button onclick=\"alterFontSmallerSize()\" id=\"btn3\" class=\"btn\">A-<\/button>&#13;<br \/>\n\t\t\t<button onclick=\"alterFontBiggerSize()\" id=\"btn4\" class=\"btn\">A+<\/button>&#13;<br \/>\n\t\t\t<!--<button onclick='alterFontBolder()' id='btn5' class=\"btn\" >B<\/button>-->&#13;<br \/>\n\t\t\t<button onclick=\"alterBackground()\" id=\"btn6\" class=\"btn\">\u25d0<\/button>&#13;<br \/>\n\t\t\t<!--<button onclick='clean()' id='btn7' class=\"btn\" >Limpar<\/button>-->&#13;\n\t\t<\/p>\n<\/p><\/div>\n<p><span style=\"font-weight: 400;\">Enquanto empresas mundo afora exploram o potencial de ferramentas de intelig\u00eancia artificial para otimizar opera\u00e7\u00f5es e aumentar a produtividade, pesquisas apontam para o impacto substancial da tecnologia no <strong>mercado de trabalho.<\/strong> No Brasil, <strong>31,3 milh\u00f5es de empregos<\/strong> ser\u00e3o afetados, destes, <strong>5,5 milh\u00f5es<\/strong> com risco de <strong>automatiza\u00e7\u00e3o completa<\/strong>, de acordo com a consultoria <a href=\"https:\/\/blog.4intelligence.ai\/ia-generativa-e-mercado-de-trabalho-brasileiro\"><em>LCA 4Intelligence.<\/em><\/a><\/span><\/p>\n<p><span style=\"font-weight: 400;\">O <a href=\"https:\/\/reports.weforum.org\/docs\/WEF_Future_of_Jobs_2025_Press_Release_PTBR.pdf\"><strong>Relat\u00f3rio do Futuro do Trabalho de 2025,<\/strong><\/a> feito pelo <strong>F\u00f3rum Econ\u00f4mico Mundial,<\/strong> mostra que <strong>41% dos empregadores<\/strong> planejam <strong>reduzir suas equipes<\/strong> devido \u00e0 ado\u00e7\u00e3o da IA. Pela primeira vez, os <em>\u201cWhite Collar Jobs\u201d<\/em> (Empregos de Colarinho Branco, em tradu\u00e7\u00e3o livre) est\u00e3o <strong>mais expostos ao desemprego<\/strong> do que posi\u00e7\u00f5es bra\u00e7ais.<\/span><\/p>\n<aside>\n<h2>Leia tamb\u00e9m<\/h2>\n<\/aside>\n<p><span style=\"font-weight: 400;\">Em entrevista \u00e0 <strong><a href=\"https:\/\/www.axios.com\/2025\/05\/28\/ai-jobs-white-collar-unemployment-anthropic\">Axios<\/a>, Dario Amodei,<\/strong> <strong>cofundador e CEO da Anthropic<\/strong>, disse que \u201cas empresas de IA e os governos precisam parar de \u2018<strong>amenizar<\/strong>\u2019 o que est\u00e1 por vir\u201d. O executivo afirma que a \u201c<strong>elimina\u00e7\u00e3o em massa<\/strong> de ocupa\u00e7\u00f5es em tecnologia, finan\u00e7as, direito, consultoria e outras profiss\u00f5es de colarinho branco, especialmente de n\u00edvel b\u00e1sico\u201d \u00e9 uma <strong>possibilidade<\/strong> <strong>real<\/strong> e pr\u00f3xima.\u00a0<\/span><\/p>\n<p><span style=\"font-weight: 400;\">\u201cQualquer l\u00edder vai perceber que ele pode <strong>economizar<\/strong> e vai fazer isso, vivemos em uma economia capitalista. E n\u00e3o acho que podemos comparar este momento com outras <strong>revolu\u00e7\u00f5es industriais<\/strong>, porque elas levaram d\u00e9cadas para acontecer. Agora, as mudan\u00e7as se d\u00e3o em meses\u201d, pontua <strong>Andrea Jan\u00e9r, pesquisadora de tend\u00eancias, fundadora e CEO da Oxygen.\u00a0<\/strong><\/span><\/p>\n<p><span style=\"font-weight: 400;\">Nos<strong> Estados Unidos<\/strong>, os empregos de entrada, como est\u00e1gios e trainees, s\u00e3o os mais vulner\u00e1veis. Em <a href=\"https:\/\/www.nytimes.com\/2025\/05\/19\/opinion\/linkedin-ai-entry-level-jobs.html\">um artigo<\/a> para o <strong>The New York Times<\/strong>, <strong>Aneesh Raman<\/strong>, diretor de oportunidades econ\u00f4micas do <strong>LinkedIn<\/strong>, escreveu que a IA est\u00e1 <strong>quebrando<\/strong> \u201cos degraus mais baixos da <strong>carreira<\/strong>\u201d.<\/span><\/p>\n<h2><strong>\u201cN\u00e3o temos evid\u00eancias para afirmar que haver\u00e1 uma substitui\u00e7\u00e3o em massa no Brasil\u201d<\/strong><\/h2>\n<p><span style=\"font-weight: 400;\">O levantamento da <em>LCA 4Intelligence<\/em> indica que, no Brasil, os <strong>mais jovens<\/strong> tamb\u00e9m est\u00e3o suscet\u00edveis em compara\u00e7\u00e3o a profissionais mais experientes. Para Jan\u00e9r, isso ocorre devido ao <strong>avan\u00e7o das ferramentas<\/strong>, cada vez mais <strong>sofisticadas<\/strong>.\u00a0<\/span><span style=\"font-weight: 400;\">\u201cUm estagi\u00e1rio n\u00e3o tem repert\u00f3rio. Ele aprendeu uma pincelada na universidade e est\u00e1 indo para o mercado de trabalho para aprender a atuar na pr\u00e1tica. A IA possui mais informa\u00e7\u00f5es \u00e0 disposi\u00e7\u00e3o para entregar <strong>resultados melhores<\/strong>.\u201d\u00a0<\/span><\/p>\n<p><span style=\"font-weight: 400;\">No entanto, o \u201catraso\u201d do Brasil em rela\u00e7\u00e3o \u00e0 ado\u00e7\u00e3o da intelig\u00eancia artificial \u2014 <strong>apenas 13% das empresas<\/strong> no pa\u00eds utilizaram IA em 2024 \u2014 pode significar mais tempo para que os profissionais se <strong>adaptem<\/strong> \u00e0s novas tecnologias.\u00a0<\/span><\/p>\n<p><span style=\"font-weight: 400;\">\u201cN\u00e3o temos evid\u00eancias para afirmar que haver\u00e1 uma <strong>substitui\u00e7\u00e3o<\/strong> em massa no Brasil. Pode ser que a IA leve a algum tipo de <strong>redu\u00e7\u00e3o de contrata\u00e7\u00f5es<\/strong>, principalmente em neg\u00f3cios que operam a partir de um conjunto massivo de <strong>dados<\/strong>. Dificilmente a <strong>padaria<\/strong> da esquina vai implementar <strong>agentes de IA\u201d<\/strong>, comenta <strong>Leonardo Melo Lins, coordenador da pesquisa TIC Empresas, do <\/strong><\/span><strong><a href=\"http:\/\/cetic.br\">Cetic.br<\/a>.\u00a0<\/strong><\/p>\n<p><span style=\"font-weight: 400;\">O levantamento, realizado com empresas de todos os tamanhos e regi\u00f5es do pa\u00eds, revelou que o uso de IA no Brasil \u00e9 maior entre<strong>\u00a0institui\u00e7\u00f5es<\/strong> de <strong>grande porte<\/strong> (38%) e do setor de <strong>tecnologia da informa\u00e7\u00e3o e comunica\u00e7\u00e3o<\/strong>\u00a0(38%).<\/span><\/p>\n<p><span style=\"font-weight: 400;\">\u201cAt\u00e9 o ano passado, a faculdade de <strong>engenharia<\/strong> era considerada uma das mais promissoras. Ser um engenheiro era sin\u00f4nimo de bom sal\u00e1rio e emprego garantido. Essa teoria caiu por terra. Nesse \u00faltimo <strong><em>layoff<\/em><\/strong> da <strong>Microsoft<\/strong> [cerca de 6.000 demiss\u00f5es], as \u00e1reas de data science e engineering [ci\u00eancia de dados e engenharia] foram as <strong>mais atingidas<\/strong>\u201d, refor\u00e7a Andrea.<\/span><\/p>\n<h3><strong>Impacto de longo prazo<\/strong><\/h3>\n<p><span style=\"font-weight: 400;\">\u201cEnquanto sociedade, temos o costume de minimizar o impacto de longo prazo das novas tecnologias e maximizar os de curto prazo. Mas, para mim, a <strong>revolu\u00e7\u00e3o<\/strong> que estamos presenciando ser\u00e1 t\u00e3o importante quanto a da internet\u201d, afirma <strong>Adriano Carezzato,<\/strong> <strong>professor da p\u00f3s-gradua\u00e7\u00e3o em IA da Funda\u00e7\u00e3o Vanzolini e em Novas Tecnologias da FIA Business School.<\/strong><\/span><\/p>\n<p><span style=\"font-weight: 400;\">Para Carezzato, a velocidade das transforma\u00e7\u00f5es ir\u00e1 <strong>excluir cidad\u00e3os<\/strong> das decis\u00f5es <strong>econ\u00f4micas<\/strong> e, tamb\u00e9m, <strong>alien\u00e1-los<\/strong> dos acontecimentos globais. \u201cTalvez, impacte pa\u00edses e empresas de formas diferentes. Por\u00e9m, se n\u00e3o houver uma mudan\u00e7a pol\u00edtica, muita gente ser\u00e1 afetada. Os <strong>paradigmas sociais v\u00e3o mudar da \u00e1gua para o vinho<\/strong> nos pr\u00f3ximos 5 anos.\u201d<\/span><\/p>\n<p><span style=\"font-weight: 400;\">Jan\u00e9r relembra o posicionamento de grandes l\u00edderes tecnol\u00f3gicos, como <strong>Elon Musk, Sam Altman e Bill Gates<\/strong> sobre o assunto. \u201cN\u00e3o precisa ser um grande estudioso para entender o que est\u00e1 acontecendo, basta prestar aten\u00e7\u00e3o no que eles est\u00e3o dizendo\u201d, referindo-se a afirma\u00e7\u00f5es como a do cofundador da Microsoft, que mencionou durante uma entrevista que a IA poder\u00e1 fazer <strong>\u201ca maioria das coisas\u201d<\/strong> que os humanos fazem nos pr\u00f3ximos dez anos.<\/span><\/p>\n<blockquote>\n<h3><strong>\u201cA sociedade vai precisar se organizar de outra forma\u201d<\/strong><\/h3>\n<\/blockquote>\n<p><span style=\"font-weight: 400;\">Altman, <strong>CEO<\/strong> e cofundador da <strong>OpenAI<\/strong>, empresa respons\u00e1vel pelo desenvolvimento do <strong>ChatGPT<\/strong>, foi o principal patrocinador de um estudo da <strong><em>OpenResearch<\/em><\/strong> sobre a <strong>Renda B\u00e1sica Universal,<\/strong> uma das hip\u00f3teses de pesquisadores e estudiosos para a subsist\u00eancia humana em um cen\u00e1rio onde as m\u00e1quinas far\u00e3o a maior parte dos servi\u00e7os remunerados.<\/span><\/p>\n<p><span style=\"font-weight: 400;\">\u201cA sociedade vai precisar se organizar de outra forma. At\u00e9 hoje, nos organizamos em torno do <strong>trabalho<\/strong>. Acordamos diariamente para trabalhar, porque precisamos do <strong>dinheiro<\/strong> para poder viver. Na vis\u00e3o desses l\u00edderes, n\u00e3o ser\u00e1 mais assim\u201d, diz a CEO da Oxygen.<\/span><\/p>\n<p><span style=\"font-weight: 400;\">Ao longo de sua entrevista para Axios, Amodei n\u00e3o esconde sua preocupa\u00e7\u00e3o com o futuro: \u201cO <strong>equil\u00edbrio de poder<\/strong> da democracia se baseia na influ\u00eancia da pessoa m\u00e9dia por meio da cria\u00e7\u00e3o de <strong>valor econ\u00f4mico<\/strong>. Se isso n\u00e3o estiver presente, acho que as coisas se tornar\u00e3o assustadoras.\u201d<\/span><\/p>\n<div id=\"attachment_664256\" class=\"wp-caption alignnone style=\" max-width:=\"\"><img data-recalc-dims=\"1\" decoding=\"async\" class=\"alignnone alignnone size-full wp-image-664256\" loading=\"lazy\" src=\"https:\/\/i0.wp.com\/forbes.com.br\/wp-content\/uploads\/2025\/01\/Dario-AmodeiAnthropic-768x512.png?resize=678%2C452&#038;ssl=1\" alt=\"Foto de Dario Amodei, CEO da Anthropic\" width=\"678\" height=\"452\" srcset=\"https:\/\/forbes.com.br\/wp-content\/uploads\/2025\/01\/Dario-AmodeiAnthropic-768x512.png 768w, https:\/\/forbes.com.br\/wp-content\/uploads\/2025\/01\/Dario-AmodeiAnthropic-300x200.png 300w, https:\/\/forbes.com.br\/wp-content\/uploads\/2025\/01\/Dario-AmodeiAnthropic-1024x683.png 1024w, https:\/\/forbes.com.br\/wp-content\/uploads\/2025\/01\/Dario-AmodeiAnthropic-800x533.png 800w, https:\/\/forbes.com.br\/wp-content\/uploads\/2025\/01\/Dario-AmodeiAnthropic-165x110.png 165w, https:\/\/forbes.com.br\/wp-content\/uploads\/2025\/01\/Dario-AmodeiAnthropic-120x80.png 120w, https:\/\/forbes.com.br\/wp-content\/uploads\/2025\/01\/Dario-AmodeiAnthropic-150x100.png 150w, https:\/\/forbes.com.br\/wp-content\/uploads\/2025\/01\/Dario-AmodeiAnthropic.png 1500w\" sizes=\"auto, (max-width: 678px) 100vw, 678px\"\/><\/p>\n<p>Getty Images<\/p>\n<p class=\"wp-caption-text\">Foto de Dario Amodei, CEO da Anthropic, durante o F\u00f3rum Econ\u00f4mico Mundial 2025<\/p>\n<\/div>\n<h4><strong>Entretanto, o executivo e ex-funcion\u00e1rio da OpenAI afirma que existem solu\u00e7\u00f5es pr\u00e1ticas para remediar a situa\u00e7\u00e3o, entre elas:<\/strong><\/h4>\n<ul>\n<li><span style=\"font-weight: 400;\">A conscientiza\u00e7\u00e3o p\u00fablica sobre as mudan\u00e7as que est\u00e3o por vir;<\/span><\/li>\n<li>A capacita\u00e7\u00e3o dos trabalhadores para trabalhar com a IA;<\/li>\n<li>A cria\u00e7\u00e3o de solu\u00e7\u00f5es pol\u00edticas para uma economia dominada por intelig\u00eancia artificial.<\/li>\n<\/ul>\n<p><span style=\"font-weight: 400;\">Leonardo Lins faz um paralelo com outras <strong>mudan\u00e7as estruturais<\/strong> no mercado de trabalho, como o fim das escalas abusivas das f\u00e1bricas no s\u00e9culo XX, para refletir sobre este poss\u00edvel <strong>futuro<\/strong>. \u201cEstamos come\u00e7ando a observar o que vai sair dessa rela\u00e7\u00e3o entre <strong>homens e m\u00e1quinas<\/strong>. Ao mesmo tempo que a tecnologia avan\u00e7ou, tamb\u00e9m avan\u00e7amos do ponto de vista institucional. Temos uma no\u00e7\u00e3o do que \u00e9 a dignidade e a cidadania, isso com certeza vai pesar na hora de desenvolvermos novas regras.\u201d <\/span><\/p>\n<aside>\n<h2>Escolhas do editor<\/h2>\n<\/aside>\n<div class=\"follow-us\">Siga o canal da <a href=\"https:\/\/whatsapp.com\/channel\/0029Va9gQKwBFLgM96cJnu0u\" target=\"_blank\" rel=\"noopener noreferrer nofollow\" title=\"Grupo da Forbes no WhatsApp\">Forbes<\/a> no WhatsApp e receba as principais not\u00edcias de empreendedorismo, carreira, tecnologia, agro e lifestyle.<\/div>\n<\/p><\/div>\n<p><script data-debloat-delay=\"1\" type=\"text\/debloat-script\">\n\t\t\t\t(function(d, s, id){\n\t\t\t\t\tvar js, fjs = d.getElementsByTagName(s)[0];\n\t\t\t\t\tif (d.getElementById(id)) return;\n\t\t\t\t\tjs = d.createElement(s); js.id = id;\n\t\t\t\t\tjs.src = \"\/\/connect.facebook.net\/pt_BR\/sdk.js#xfbml=1&version=v2.9\";\n\t\t\t\t\tfjs.parentNode.insertBefore(js, fjs);\n\t\t\t\t}(document, 'script', 'facebook-jssdk'));\n\t\t\t<\/script><br \/>\n<br \/><br \/>\n<br \/><a href=\"https:\/\/forbes.com.br\/carreira\/2025\/07\/como-o-avanco-da-ia-impactara-os-empregos-no-brasil\/\">Source link <\/a><\/p>\n<div class='code-block code-block-4' style='margin: 8px auto 8px 0; text-align: left; display: block; clear: both;'>\n\ud83d\udce2 Aviso Legal\n\nO site ismaelcolosi.com.br atua apenas como um canal de divulga\u00e7\u00e3o de oportunidades de emprego e n\u00e3o se responsabiliza pelo processo seletivo, contrata\u00e7\u00e3o ou qualquer outra etapa relacionada \u00e0s vagas publicadas. Todas as informa\u00e7\u00f5es s\u00e3o de responsabilidade dos anunciantes.\n\n\u26a0\ufe0f Aten\u00e7\u00e3o! Nunca pague por promessas de emprego nem compre cursos que garantam contrata\u00e7\u00e3o. Desconfie de qualquer cobran\u00e7a para participar de sele\u00e7\u00f5es.\n\n\n\n<\/div>\n<!-- CONTENT END 1 -->\n","protected":false},"excerpt":{"rendered":"<p>&#13; Canva Images\/Kittipong Jirasukhanont de Phonlamai Photo&#8217;s Images &#13;O uso de IA no Brasil \u00e9 maior entre grandes institui\u00e7\u00f5es (38%) &#13; Acessibilidade &#13; L&#13; L&#13;&#8230;<\/p>\n","protected":false},"author":1,"featured_media":86615,"comment_status":"","ping_status":"open","sticky":false,"template":"","format":"standard","meta":{"_uag_custom_page_level_css":"","advanced_seo_description":"","jetpack_seo_html_title":"","jetpack_seo_noindex":false,"jetpack_post_was_ever_published":false,"_jetpack_newsletter_access":"","_jetpack_dont_email_post_to_subs":false,"_jetpack_newsletter_tier_id":0,"_jetpack_memberships_contains_paywalled_content":false,"_jetpack_memberships_contains_paid_content":false,"footnotes":"","jetpack_publicize_message":"","jetpack_publicize_feature_enabled":true,"jetpack_social_post_already_shared":true,"jetpack_social_options":{"image_generator_settings":{"template":"highway","default_image_id":0,"font":"","enabled":false},"version":2}},"categories":[1964],"tags":[],"class_list":["post-86614","post","type-post","status-publish","format-standard","has-post-thumbnail","hentry","category-carreira-e-sucesso-dicas-para-carreira"],"jetpack_publicize_connections":[],"jetpack_featured_media_url":"https:\/\/i0.wp.com\/ismaelcolosi.com.br\/wp-content\/uploads\/2025\/07\/1752222076_robos-trabalhando-1200x675.png?fit=1200%2C675&ssl=1","uagb_featured_image_src":{"full":["https:\/\/i0.wp.com\/ismaelcolosi.com.br\/wp-content\/uploads\/2025\/07\/1752222076_robos-trabalhando-1200x675.png?fit=1200%2C675&ssl=1",1200,675,false],"thumbnail":["https:\/\/i0.wp.com\/ismaelcolosi.com.br\/wp-content\/uploads\/2025\/07\/1752222076_robos-trabalhando-1200x675.png?resize=150%2C150&ssl=1",150,150,true],"medium":["https:\/\/i0.wp.com\/ismaelcolosi.com.br\/wp-content\/uploads\/2025\/07\/1752222076_robos-trabalhando-1200x675.png?fit=300%2C169&ssl=1",300,169,true],"medium_large":["https:\/\/i0.wp.com\/ismaelcolosi.com.br\/wp-content\/uploads\/2025\/07\/1752222076_robos-trabalhando-1200x675.png?fit=768%2C432&ssl=1",768,432,true],"large":["https:\/\/i0.wp.com\/ismaelcolosi.com.br\/wp-content\/uploads\/2025\/07\/1752222076_robos-trabalhando-1200x675.png?fit=1024%2C576&ssl=1",1024,576,true],"1536x1536":["https:\/\/i0.wp.com\/ismaelcolosi.com.br\/wp-content\/uploads\/2025\/07\/1752222076_robos-trabalhando-1200x675.png?fit=1200%2C675&ssl=1",1200,675,true],"2048x2048":["https:\/\/i0.wp.com\/ismaelcolosi.com.br\/wp-content\/uploads\/2025\/07\/1752222076_robos-trabalhando-1200x675.png?fit=1200%2C675&ssl=1",1200,675,true],"really-simple-thumb":["https:\/\/i0.wp.com\/ismaelcolosi.com.br\/wp-content\/uploads\/2025\/07\/1752222076_robos-trabalhando-1200x675.png?resize=370%2C247&ssl=1",370,247,true]},"uagb_author_info":{"display_name":"ismaelcolosi.com.br","author_link":"https:\/\/ismaelcolosi.com.br\/index.php\/author\/vidareal-online\/"},"uagb_comment_info":0,"uagb_excerpt":"&#13; Canva Images\/Kittipong Jirasukhanont de Phonlamai Photo&#8217;s Images &#13;O uso de IA no Brasil \u00e9 maior entre grandes institui\u00e7\u00f5es (38%) &#13; Acessibilidade &#13; L&#13; L&#13;...","jetpack-related-posts":[{"id":86595,"url":"https:\/\/ismaelcolosi.com.br\/index.php\/2025\/07\/10\/como-o-avanco-da-ia-impactara-os-empregos-no-brasil\/","url_meta":{"origin":86614,"position":0},"title":"Como o Avan\u00e7o da IA Impactar\u00e1 os Empregos no Brasil","author":"ismaelcolosi.com.br","date":"10 de July de 2025","format":false,"excerpt":"\r Canva Images\/Kittipong Jirasukhanont de Phonlamai Photo's Images\r O uso de IA no Brasil \u00e9 maior entre grandes institui\u00e7\u00f5es (38%) \r Acessibilidade \r L\r L\r A-\r A+\r \r \u25d0\r \r Enquanto empresas mundo afora exploram o potencial de ferramentas de intelig\u00eancia artificial para otimizar opera\u00e7\u00f5es e aumentar a produtividade, pesquisas\u2026","rel":"","context":"In &quot;Carreira e Sucesso&quot;","block_context":{"text":"Carreira e Sucesso","link":"https:\/\/ismaelcolosi.com.br\/index.php\/category\/carreira-e-sucesso-dicas-para-carreira\/"},"img":{"alt_text":"","src":"https:\/\/i0.wp.com\/ismaelcolosi.com.br\/wp-content\/uploads\/2025\/07\/robos-trabalhando-1200x675.png?fit=1200%2C675&ssl=1&resize=350%2C200","width":350,"height":200,"srcset":"https:\/\/i0.wp.com\/ismaelcolosi.com.br\/wp-content\/uploads\/2025\/07\/robos-trabalhando-1200x675.png?fit=1200%2C675&ssl=1&resize=350%2C200 1x, https:\/\/i0.wp.com\/ismaelcolosi.com.br\/wp-content\/uploads\/2025\/07\/robos-trabalhando-1200x675.png?fit=1200%2C675&ssl=1&resize=525%2C300 1.5x, https:\/\/i0.wp.com\/ismaelcolosi.com.br\/wp-content\/uploads\/2025\/07\/robos-trabalhando-1200x675.png?fit=1200%2C675&ssl=1&resize=700%2C400 2x, https:\/\/i0.wp.com\/ismaelcolosi.com.br\/wp-content\/uploads\/2025\/07\/robos-trabalhando-1200x675.png?fit=1200%2C675&ssl=1&resize=1050%2C600 3x"},"classes":[]},{"id":86600,"url":"https:\/\/ismaelcolosi.com.br\/index.php\/2025\/07\/10\/como-o-avanco-da-ia-impactara-os-empregos-no-brasil-2\/","url_meta":{"origin":86614,"position":1},"title":"Como o Avan\u00e7o da IA Impactar\u00e1 os Empregos no Brasil","author":"ismaelcolosi.com.br","date":"10 de July de 2025","format":false,"excerpt":"\r Canva Images\/Kittipong Jirasukhanont de Phonlamai Photo's Images\r O uso de IA no Brasil \u00e9 maior entre grandes institui\u00e7\u00f5es (38%) \r Acessibilidade \r L\r L\r A-\r A+\r \r \u25d0\r \r Enquanto empresas mundo afora exploram o potencial de ferramentas de intelig\u00eancia artificial para otimizar opera\u00e7\u00f5es e aumentar a produtividade, pesquisas\u2026","rel":"","context":"In &quot;Carreira e Sucesso&quot;","block_context":{"text":"Carreira e Sucesso","link":"https:\/\/ismaelcolosi.com.br\/index.php\/category\/carreira-e-sucesso-dicas-para-carreira\/"},"img":{"alt_text":"","src":"https:\/\/i0.wp.com\/ismaelcolosi.com.br\/wp-content\/uploads\/2025\/07\/1752159877_robos-trabalhando-1200x675.png?fit=1200%2C675&ssl=1&resize=350%2C200","width":350,"height":200,"srcset":"https:\/\/i0.wp.com\/ismaelcolosi.com.br\/wp-content\/uploads\/2025\/07\/1752159877_robos-trabalhando-1200x675.png?fit=1200%2C675&ssl=1&resize=350%2C200 1x, https:\/\/i0.wp.com\/ismaelcolosi.com.br\/wp-content\/uploads\/2025\/07\/1752159877_robos-trabalhando-1200x675.png?fit=1200%2C675&ssl=1&resize=525%2C300 1.5x, https:\/\/i0.wp.com\/ismaelcolosi.com.br\/wp-content\/uploads\/2025\/07\/1752159877_robos-trabalhando-1200x675.png?fit=1200%2C675&ssl=1&resize=700%2C400 2x, https:\/\/i0.wp.com\/ismaelcolosi.com.br\/wp-content\/uploads\/2025\/07\/1752159877_robos-trabalhando-1200x675.png?fit=1200%2C675&ssl=1&resize=1050%2C600 3x"},"classes":[]},{"id":33404,"url":"https:\/\/ismaelcolosi.com.br\/index.php\/2024\/01\/29\/10-numeros-surpreendentes-sobre-ia\/","url_meta":{"origin":86614,"position":2},"title":"10 n\u00fameros surpreendentes sobre IA","author":"ismaelcolosi.com.br","date":"29 de January de 2024","format":false,"excerpt":"Canva ImagesUma pesquisa da Brainy Insights estima que a receita gerada por servi\u00e7os de intelig\u00eancia artificial generativa atingir\u00e1 US$ 188 bilh\u00f5es at\u00e9 2032, impulsionada pelo aumento da ado\u00e7\u00e3o de IA em todas as ind\u00fastrias. H\u00e1 pouco mais de um ano, ningu\u00e9m falava sobre intelig\u00eancia artificial generativa. Agora, \u00e9 o principal\u2026","rel":"","context":"In &quot;Carreira e Sucesso&quot;","block_context":{"text":"Carreira e Sucesso","link":"https:\/\/ismaelcolosi.com.br\/index.php\/category\/carreira-e-sucesso-dicas-para-carreira\/"},"img":{"alt_text":"","src":"https:\/\/i0.wp.com\/ismaelcolosi.com.br\/wp-content\/uploads\/2024\/01\/1706548171_inteligencia-artificial-1024x683.png?fit=1024%2C683&ssl=1&resize=350%2C200","width":350,"height":200,"srcset":"https:\/\/i0.wp.com\/ismaelcolosi.com.br\/wp-content\/uploads\/2024\/01\/1706548171_inteligencia-artificial-1024x683.png?fit=1024%2C683&ssl=1&resize=350%2C200 1x, https:\/\/i0.wp.com\/ismaelcolosi.com.br\/wp-content\/uploads\/2024\/01\/1706548171_inteligencia-artificial-1024x683.png?fit=1024%2C683&ssl=1&resize=525%2C300 1.5x, https:\/\/i0.wp.com\/ismaelcolosi.com.br\/wp-content\/uploads\/2024\/01\/1706548171_inteligencia-artificial-1024x683.png?fit=1024%2C683&ssl=1&resize=700%2C400 2x"},"classes":[]},{"id":33380,"url":"https:\/\/ismaelcolosi.com.br\/index.php\/2024\/01\/29\/10-numeros-surpreendentes-sobre-inteligencia-artificial-que-todos-deveriam-conhecer\/","url_meta":{"origin":86614,"position":3},"title":"10 n\u00fameros surpreendentes sobre intelig\u00eancia artificial que todos deveriam conhecer","author":"ismaelcolosi.com.br","date":"29 de January de 2024","format":false,"excerpt":"Canva ImagesUma pesquisa da Brainy Insights estima que a receita gerada por servi\u00e7os de intelig\u00eancia artificial generativa atingir\u00e1 US$ 188 bilh\u00f5es at\u00e9 2032, impulsionada pelo aumento da ado\u00e7\u00e3o de IA em todas as ind\u00fastrias. H\u00e1 pouco mais de um ano, ningu\u00e9m falava sobre intelig\u00eancia artificial generativa. Agora, \u00e9 o principal\u2026","rel":"","context":"In &quot;Carreira e Sucesso&quot;","block_context":{"text":"Carreira e Sucesso","link":"https:\/\/ismaelcolosi.com.br\/index.php\/category\/carreira-e-sucesso-dicas-para-carreira\/"},"img":{"alt_text":"","src":"https:\/\/i0.wp.com\/ismaelcolosi.com.br\/wp-content\/uploads\/2024\/01\/inteligencia-artificial-1024x683.png?fit=1024%2C683&ssl=1&resize=350%2C200","width":350,"height":200,"srcset":"https:\/\/i0.wp.com\/ismaelcolosi.com.br\/wp-content\/uploads\/2024\/01\/inteligencia-artificial-1024x683.png?fit=1024%2C683&ssl=1&resize=350%2C200 1x, https:\/\/i0.wp.com\/ismaelcolosi.com.br\/wp-content\/uploads\/2024\/01\/inteligencia-artificial-1024x683.png?fit=1024%2C683&ssl=1&resize=525%2C300 1.5x, https:\/\/i0.wp.com\/ismaelcolosi.com.br\/wp-content\/uploads\/2024\/01\/inteligencia-artificial-1024x683.png?fit=1024%2C683&ssl=1&resize=700%2C400 2x"},"classes":[]},{"id":61070,"url":"https:\/\/ismaelcolosi.com.br\/index.php\/2024\/08\/20\/mesmo-podendo-perder-empregos-brasileiros-sao-otimistas-com-a-ia\/","url_meta":{"origin":86614,"position":4},"title":"Mesmo podendo perder empregos, brasileiros s\u00e3o otimistas com a IA","author":"ismaelcolosi.com.br","date":"20 de August de 2024","format":false,"excerpt":"Getty Images54% dos participantes da pesquisa acreditam que a IA vai ajud\u00e1-los no dia a dia, melhorando a produtividade. Acessibilidade L L A- A+ \u25d0 A rela\u00e7\u00e3o entre intelig\u00eancia artificial e perda de empregos sempre foi intensa e, em muitos casos, repleta de inverdades. Uma pesquisa da MindMiners, empresa de\u2026","rel":"","context":"In &quot;Carreira e Sucesso&quot;","block_context":{"text":"Carreira e Sucesso","link":"https:\/\/ismaelcolosi.com.br\/index.php\/category\/carreira-e-sucesso-dicas-para-carreira\/"},"img":{"alt_text":"","src":"https:\/\/i0.wp.com\/ismaelcolosi.com.br\/wp-content\/uploads\/2024\/08\/carreira-inteligencia-artificial-trabalho-1024x683.jpg?fit=1024%2C683&ssl=1&resize=350%2C200","width":350,"height":200,"srcset":"https:\/\/i0.wp.com\/ismaelcolosi.com.br\/wp-content\/uploads\/2024\/08\/carreira-inteligencia-artificial-trabalho-1024x683.jpg?fit=1024%2C683&ssl=1&resize=350%2C200 1x, https:\/\/i0.wp.com\/ismaelcolosi.com.br\/wp-content\/uploads\/2024\/08\/carreira-inteligencia-artificial-trabalho-1024x683.jpg?fit=1024%2C683&ssl=1&resize=525%2C300 1.5x, https:\/\/i0.wp.com\/ismaelcolosi.com.br\/wp-content\/uploads\/2024\/08\/carreira-inteligencia-artificial-trabalho-1024x683.jpg?fit=1024%2C683&ssl=1&resize=700%2C400 2x"},"classes":[]},{"id":61285,"url":"https:\/\/ismaelcolosi.com.br\/index.php\/2024\/08\/21\/mesmo-podendo-perder-empregos-brasileiros-sao-otimistas-com-a-ia-2\/","url_meta":{"origin":86614,"position":5},"title":"Mesmo podendo perder empregos, brasileiros s\u00e3o otimistas com a IA","author":"ismaelcolosi.com.br","date":"21 de August de 2024","format":false,"excerpt":"Getty Images54% dos participantes da pesquisa acreditam que a IA vai ajud\u00e1-los no dia a dia, melhorando a produtividade. Acessibilidade L L A- A+ \u25d0 A rela\u00e7\u00e3o entre intelig\u00eancia artificial e perda de empregos sempre foi intensa e, em muitos casos, repleta de inverdades. Uma pesquisa da MindMiners, empresa de\u2026","rel":"","context":"In &quot;Carreira e Sucesso&quot;","block_context":{"text":"Carreira e Sucesso","link":"https:\/\/ismaelcolosi.com.br\/index.php\/category\/carreira-e-sucesso-dicas-para-carreira\/"},"img":{"alt_text":"","src":"https:\/\/i0.wp.com\/ismaelcolosi.com.br\/wp-content\/uploads\/2024\/08\/1724234521_carreira-inteligencia-artificial-trabalho-1024x683.jpg?fit=1024%2C683&ssl=1&resize=350%2C200","width":350,"height":200,"srcset":"https:\/\/i0.wp.com\/ismaelcolosi.com.br\/wp-content\/uploads\/2024\/08\/1724234521_carreira-inteligencia-artificial-trabalho-1024x683.jpg?fit=1024%2C683&ssl=1&resize=350%2C200 1x, https:\/\/i0.wp.com\/ismaelcolosi.com.br\/wp-content\/uploads\/2024\/08\/1724234521_carreira-inteligencia-artificial-trabalho-1024x683.jpg?fit=1024%2C683&ssl=1&resize=525%2C300 1.5x, https:\/\/i0.wp.com\/ismaelcolosi.com.br\/wp-content\/uploads\/2024\/08\/1724234521_carreira-inteligencia-artificial-trabalho-1024x683.jpg?fit=1024%2C683&ssl=1&resize=700%2C400 2x"},"classes":[]}],"jetpack_sharing_enabled":true,"jetpack_shortlink":"https:\/\/wp.me\/pfMlyK-mx0","_links":{"self":[{"href":"https:\/\/ismaelcolosi.com.br\/index.php\/wp-json\/wp\/v2\/posts\/86614","targetHints":{"allow":["GET"]}}],"collection":[{"href":"https:\/\/ismaelcolosi.com.br\/index.php\/wp-json\/wp\/v2\/posts"}],"about":[{"href":"https:\/\/ismaelcolosi.com.br\/index.php\/wp-json\/wp\/v2\/types\/post"}],"author":[{"embeddable":true,"href":"https:\/\/ismaelcolosi.com.br\/index.php\/wp-json\/wp\/v2\/users\/1"}],"replies":[{"embeddable":true,"href":"https:\/\/ismaelcolosi.com.br\/index.php\/wp-json\/wp\/v2\/comments?post=86614"}],"version-history":[{"count":0,"href":"https:\/\/ismaelcolosi.com.br\/index.php\/wp-json\/wp\/v2\/posts\/86614\/revisions"}],"wp:featuredmedia":[{"embeddable":true,"href":"https:\/\/ismaelcolosi.com.br\/index.php\/wp-json\/wp\/v2\/media\/86615"}],"wp:attachment":[{"href":"https:\/\/ismaelcolosi.com.br\/index.php\/wp-json\/wp\/v2\/media?parent=86614"}],"wp:term":[{"taxonomy":"category","embeddable":true,"href":"https:\/\/ismaelcolosi.com.br\/index.php\/wp-json\/wp\/v2\/categories?post=86614"},{"taxonomy":"post_tag","embeddable":true,"href":"https:\/\/ismaelcolosi.com.br\/index.php\/wp-json\/wp\/v2\/tags?post=86614"}],"curies":[{"name":"wp","href":"https:\/\/api.w.org\/{rel}","templated":true}]}}