{"id":86612,"date":"2025-07-11T05:14:54","date_gmt":"2025-07-11T08:14:54","guid":{"rendered":"https:\/\/ismaelcolosi.com.br\/index.php\/2025\/07\/11\/como-o-uso-de-emojis-por-diferentes-geracoes-gera-confusao-na-comunicacao-corporativa\/"},"modified":"2025-07-11T05:14:54","modified_gmt":"2025-07-11T08:14:54","slug":"como-o-uso-de-emojis-por-diferentes-geracoes-gera-confusao-na-comunicacao-corporativa","status":"publish","type":"post","link":"https:\/\/ismaelcolosi.com.br\/index.php\/2025\/07\/11\/como-o-uso-de-emojis-por-diferentes-geracoes-gera-confusao-na-comunicacao-corporativa\/","title":{"rendered":"Como o Uso de Emojis por Diferentes Gera\u00e7\u00f5es Gera Confus\u00e3o na Comunica\u00e7\u00e3o Corporativa"},"content":{"rendered":"<p> <br \/>\n<\/p>\n<div>\n<figure class=\"destaque wp-caption\">&#13;<br \/>\n\t\t<img data-recalc-dims=\"1\" width=\"678\" height=\"452\" src=\"https:\/\/i0.wp.com\/forbes.com.br\/wp-content\/uploads\/2025\/07\/forbes-emojis-no-trabalho-768x512.jpg?resize=678%2C452&#038;ssl=1\" class=\"attachment-medium_large size-medium_large wp-post-image\" alt=\"forbes emojis no trabalho\" decoding=\"async\" fetchpriority=\"high\" srcset=\"https:\/\/forbes.com.br\/wp-content\/uploads\/2025\/07\/forbes-emojis-no-trabalho-768x512.jpg 768w, https:\/\/forbes.com.br\/wp-content\/uploads\/2025\/07\/forbes-emojis-no-trabalho-300x200.jpg 300w, https:\/\/forbes.com.br\/wp-content\/uploads\/2025\/07\/forbes-emojis-no-trabalho-1024x683.jpg 1024w, https:\/\/forbes.com.br\/wp-content\/uploads\/2025\/07\/forbes-emojis-no-trabalho-800x533.jpg 800w, https:\/\/forbes.com.br\/wp-content\/uploads\/2025\/07\/forbes-emojis-no-trabalho-165x110.jpg 165w, https:\/\/forbes.com.br\/wp-content\/uploads\/2025\/07\/forbes-emojis-no-trabalho-120x80.jpg 120w, https:\/\/forbes.com.br\/wp-content\/uploads\/2025\/07\/forbes-emojis-no-trabalho-150x100.jpg 150w, https:\/\/forbes.com.br\/wp-content\/uploads\/2025\/07\/forbes-emojis-no-trabalho.jpg 1500w\" sizes=\"(max-width: 678px) 100vw, 678px\"\/>\t\t<\/p>\n<p>Rawpixel\/Getty Images<\/p>\n<p>&#13;<figcaption class=\"wp-caption-text\">Significado dos emojis mudou com o tempo e a chegada de novas gera\u00e7\u00f5es no trabalho<\/figcaption>&#13;<br \/>\n\t<\/figure>\n<div class=\"accessibility\">\n<p>Acessibilidade<\/p>\n<p>&#13;<br \/>\n\t\t\t<button onclick=\"alterFont1()\" id=\"btn1\" class=\"btn\">L<\/button>&#13;<br \/>\n\t\t\t<button onclick=\"alterFont2()\" id=\"btn2\" class=\"btn\" style=\"font-family:Merriweather\">L<\/button>&#13;<br \/>\n\t\t\t<button onclick=\"alterFontSmallerSize()\" id=\"btn3\" class=\"btn\">A-<\/button>&#13;<br \/>\n\t\t\t<button onclick=\"alterFontBiggerSize()\" id=\"btn4\" class=\"btn\">A+<\/button>&#13;<br \/>\n\t\t\t<!--<button onclick='alterFontBolder()' id='btn5' class=\"btn\" >B<\/button>-->&#13;<br \/>\n\t\t\t<button onclick=\"alterBackground()\" id=\"btn6\" class=\"btn\">\u25d0<\/button>&#13;<br \/>\n\t\t\t<!--<button onclick='clean()' id='btn7' class=\"btn\" >Limpar<\/button>-->&#13;\n\t\t<\/p>\n<\/p><\/div>\n<p>\u00a0<\/p>\n<p>Se voc\u00ea usa <strong>emojis<\/strong> no <strong>trabalho<\/strong>, talvez seja a hora de repensar como eles est\u00e3o sendo interpretados. Voc\u00ea pode estar usando o emoji de palmas para parabenizar algu\u00e9m, ou o polegar para cima como sinal de aprova\u00e7\u00e3o, mas profissionais mais jovens muitas vezes enxergam esses s\u00edmbolos de maneira bem diferente. Ou seja: a mensagem pode n\u00e3o chegar do jeito que voc\u00ea pretendia.<\/p>\n<p>Assim como a palavra \u201cirado\u201d saiu de moda, o significado dos emojis tamb\u00e9m muda com o tempo. O s\u00edmbolo de \u201c<strong>joinha<\/strong>\u201d foi um dos primeiros a causar ru\u00eddo por ser mal interpretado, e continua gerando pol\u00eamica. Quando voc\u00ea tenta deixar uma mensagem mais amig\u00e1vel ou expressiva com um emoji e ela \u00e9 lida de outra forma, isso pode causar confus\u00e3o ou at\u00e9 parecer uma indireta no ambiente de trabalho.<\/p>\n<aside>\n<h2>Leia tamb\u00e9m<\/h2>\n<\/aside>\n<h2>Por que o emoji de \u201cjoinha\u201d virou um problema no trabalho<\/h2>\n<p>O emoji de polegar para cima passou a ser criticado em 2022, especialmente em plataformas como <strong>Reddit<\/strong> e <strong>TikTok<\/strong>, onde usu\u00e1rios mais jovens relataram se sentir ignorados ou cortados ao receb\u00ea-lo.<\/p>\n<p>O que para alguns significava \u201ctudo certo\u201d, para outros soava como \u201cn\u00e3o quero me envolver com isso\u201d. Uma <a href=\"https:\/\/perspectusglobal.com\/\" target=\"_blank\" rel=\"noopener\">pesquisa da consultoria Perspectus Global<\/a> mostrou que a maioria das pessoas entre 16 e 29 anos acredita que, se voc\u00ea usa o emoji de \u201cjoinha\u201d ou o de cora\u00e7\u00e3o vermelho, j\u00e1 est\u00e1 oficialmente \u201cvelho(a)\u201d. Quase 1 em cada 4 profissionais da Gera\u00e7\u00e3o Z consideram o joinha algo rude ou hostil. Como os emojis carregam cada vez mais carga emocional nas conversas profissionais, \u00e9 essencial entender como est\u00e3o sendo recebidos.<\/p>\n<h2>Os emojis mais mal interpretados no ambiente de trabalho<\/h2>\n<ul>\n<li><strong>Emoji de palmas<\/strong>: Costuma ser usado como parab\u00e9ns ou reconhecimento, mas para a Gera\u00e7\u00e3o Z pode soar como sarcasmo ou deboche.<\/li>\n<li><strong>Emoji de carinha sorrindo<\/strong>: Muita gente usa para parecer simp\u00e1tico, especialmente com colegas ou alunos. Mas alguns mais jovens interpretam como for\u00e7ado, falso ou at\u00e9 condescendente. Se algu\u00e9m recebe um feedback cr\u00edtico seguido de uma carinha sorrindo, pode achar que a mensagem foi passiva-agressiva.<\/li>\n<li><strong>Emoji de caveira<\/strong>: Antes associado \u00e0 morte, perigo ou horror, hoje muitos jovens usam como \u201cmorro de rir\u201d. Funciona como um \u201crsrsrs\u201d exagerado. Mas se um gestor entender literalmente, o mal-entendido pode gerar preocupa\u00e7\u00e3o.<\/li>\n<li><strong>Emoji de m\u00e3o fazendo \u201cok\u201d<\/strong>: Para as gera\u00e7\u00f5es mais velhas, significa \u201ctudo certo\u201d. J\u00e1 para os mais jovens, pode soar vazio, ir\u00f4nico ou at\u00e9 ofensivo em alguns contextos online. Mesmo usado com boa inten\u00e7\u00e3o, pode n\u00e3o ser interpretado assim.<\/li>\n<li><strong>Emoji de rosto chorando<\/strong>: Tradicionalmente ligado a tristeza, hoje \u00e9 usado para expressar fortes emo\u00e7\u00f5es, at\u00e9 mesmo riso exagerado. O contraste entre o sentido original e o tom c\u00f4mico atual pode causar confus\u00e3o em mensagens de trabalho.<\/li>\n<\/ul>\n<h2>Por que o uso de emojis vai al\u00e9m da simples confus\u00e3o<\/h2>\n<p>A maioria das pessoas n\u00e3o est\u00e1 tentando ofender ningu\u00e9m. Mas quando h\u00e1 <strong>interpreta\u00e7\u00e3o<\/strong> errada do tom, isso levanta d\u00favidas sobre a inten\u00e7\u00e3o da mensagem.<\/p>\n<p>O problema est\u00e1 na falta de entendimento comum. Quando uma pessoa l\u00ea \u201cvoc\u00ea arrasou\u201d e a outra entende \u201ct\u00f4 de saco cheio de voc\u00ea\u201d, a comunica\u00e7\u00e3o falha.<\/p>\n<p>Os l\u00edderes precisam reconhecer isso. Assim como se ensina a escrever e-mails profissionais, tamb\u00e9m \u00e9 importante conversar sobre o tom em plataformas digitais. Ferramentas como <strong>Slack<\/strong>, <strong>Microsoft Teams<\/strong> e grupos de mensagens tornaram os emojis ainda mais comuns e, por isso mesmo, \u00e9 importante abordar esse assunto.<\/p>\n<h2>Como evitar problemas com emojis na sua equipe<\/h2>\n<ul>\n<li><strong>Crie um espa\u00e7o para di\u00e1logo:<\/strong> Pergunte \u00e0 equipe como cada um interpreta certos emojis. Voc\u00ea pode se surpreender com as diferen\u00e7as.<\/li>\n<li><strong>Comunique-se de forma clara:<\/strong> Se for usar emojis, combine com uma frase que deixe sua inten\u00e7\u00e3o evidente. Um simples joinha pode parecer seco demais. Em vez disso, diga: \u201cValeu por resolver isso t\u00e3o r\u00e1pido!\u201d e a\u00ed sim adicione um emoji. Isso ajuda a evitar d\u00favidas sobre o tom.<\/li>\n<li><strong>Treine l\u00edderes para pensar antes de enviar:<\/strong> Comunicar-se num ambiente com v\u00e1rias gera\u00e7\u00f5es exige mais consci\u00eancia. Isso inclui o que \u00e9 dito e tamb\u00e9m como \u00e9 apresentado visualmente.<\/li>\n<\/ul>\n<h2>Voc\u00ea n\u00e3o precisa falar como a Gera\u00e7\u00e3o Z para se conectar com ela<\/h2>\n<p>N\u00e3o \u00e9 necess\u00e1rio usar as mesmas g\u00edrias ou emojis que os mais jovens para entend\u00ea-los ou gerar conex\u00e3o. Voc\u00ea s\u00f3 precisa estar aberto a entender como sua mensagem pode ser percebida.<\/p>\n<p>A forma como nos comunicamos est\u00e1 sempre mudando. Emojis evoluem, o tom muda, e o que hoje parece natural, amanh\u00e3 j\u00e1 pode soar ultrapassado. Voc\u00ea n\u00e3o precisa acompanhar todas as tend\u00eancias, mas prestar aten\u00e7\u00e3o j\u00e1 faz muita diferen\u00e7a. Ter curiosidade sobre como os outros se expressam torna os di\u00e1logos mais claros e respeitosos. Ao se manter aberto \u00e0 forma como as pessoas preferem se comunicar, voc\u00ea reduz os mal-entendidos e fortalece as rela\u00e7\u00f5es no ambiente de trabalho.<\/p>\n<p><em>*Diane Hamilton \u00e9 colaboradora da Forbes US. Ela \u00e9 autora, especialista em comportamento organizacional e professora da Duke Corporate Education.<\/em><\/p>\n<aside>\n<h2>Escolhas do editor<\/h2>\n<\/aside>\n<div class=\"follow-us\">Siga o canal da <a href=\"https:\/\/whatsapp.com\/channel\/0029Va9gQKwBFLgM96cJnu0u\" target=\"_blank\" rel=\"noopener noreferrer nofollow\" title=\"Grupo da Forbes no WhatsApp\">Forbes<\/a> no WhatsApp e receba as principais not\u00edcias de empreendedorismo, carreira, tecnologia, agro e lifestyle.<\/div>\n<\/p><\/div>\n<p><script data-debloat-delay=\"1\" type=\"text\/debloat-script\">\n\t\t\t\t(function(d, s, id){\n\t\t\t\t\tvar js, fjs = d.getElementsByTagName(s)[0];\n\t\t\t\t\tif (d.getElementById(id)) return;\n\t\t\t\t\tjs = d.createElement(s); js.id = id;\n\t\t\t\t\tjs.src = \"\/\/connect.facebook.net\/pt_BR\/sdk.js#xfbml=1&version=v2.9\";\n\t\t\t\t\tfjs.parentNode.insertBefore(js, fjs);\n\t\t\t\t}(document, 'script', 'facebook-jssdk'));\n\t\t\t<\/script><br \/>\n<br \/><br \/>\n<br \/><a href=\"https:\/\/forbes.com.br\/carreira\/2025\/07\/como-o-uso-de-emojis-por-diferentes-geracoes-gera-confusao-na-comunicacao-corporativa\/\">Source link <\/a><\/p>\n<div class='code-block code-block-4' style='margin: 8px auto 8px 0; text-align: left; display: block; clear: both;'>\n\ud83d\udce2 Aviso Legal\n\nO site ismaelcolosi.com.br atua apenas como um canal de divulga\u00e7\u00e3o de oportunidades de emprego e n\u00e3o se responsabiliza pelo processo seletivo, contrata\u00e7\u00e3o ou qualquer outra etapa relacionada \u00e0s vagas publicadas. Todas as informa\u00e7\u00f5es s\u00e3o de responsabilidade dos anunciantes.\n\n\u26a0\ufe0f Aten\u00e7\u00e3o! Nunca pague por promessas de emprego nem compre cursos que garantam contrata\u00e7\u00e3o. Desconfie de qualquer cobran\u00e7a para participar de sele\u00e7\u00f5es.\n\n\n\n<\/div>\n<!-- CONTENT END 1 -->\n","protected":false},"excerpt":{"rendered":"<p>&#13; Rawpixel\/Getty Images &#13;Significado dos emojis mudou com o tempo e a chegada de novas gera\u00e7\u00f5es no trabalho&#13; Acessibilidade &#13; L&#13; L&#13; A-&#13; A+&#13; &#13;&#8230;<\/p>\n","protected":false},"author":1,"featured_media":86613,"comment_status":"","ping_status":"open","sticky":false,"template":"","format":"standard","meta":{"_uag_custom_page_level_css":"","advanced_seo_description":"","jetpack_seo_html_title":"","jetpack_seo_noindex":false,"jetpack_post_was_ever_published":false,"_jetpack_newsletter_access":"","_jetpack_dont_email_post_to_subs":false,"_jetpack_newsletter_tier_id":0,"_jetpack_memberships_contains_paywalled_content":false,"_jetpack_memberships_contains_paid_content":false,"footnotes":"","jetpack_publicize_message":"","jetpack_publicize_feature_enabled":true,"jetpack_social_post_already_shared":true,"jetpack_social_options":{"image_generator_settings":{"template":"highway","default_image_id":0,"font":"","enabled":false},"version":2}},"categories":[1964],"tags":[],"class_list":["post-86612","post","type-post","status-publish","format-standard","has-post-thumbnail","hentry","category-carreira-e-sucesso-dicas-para-carreira"],"jetpack_publicize_connections":[],"jetpack_featured_media_url":"https:\/\/i0.wp.com\/ismaelcolosi.com.br\/wp-content\/uploads\/2025\/07\/forbes-emojis-no-trabalho-1200x675.jpg?fit=1200%2C675&ssl=1","uagb_featured_image_src":{"full":["https:\/\/i0.wp.com\/ismaelcolosi.com.br\/wp-content\/uploads\/2025\/07\/forbes-emojis-no-trabalho-1200x675.jpg?fit=1200%2C675&ssl=1",1200,675,false],"thumbnail":["https:\/\/i0.wp.com\/ismaelcolosi.com.br\/wp-content\/uploads\/2025\/07\/forbes-emojis-no-trabalho-1200x675.jpg?resize=150%2C150&ssl=1",150,150,true],"medium":["https:\/\/i0.wp.com\/ismaelcolosi.com.br\/wp-content\/uploads\/2025\/07\/forbes-emojis-no-trabalho-1200x675.jpg?fit=300%2C169&ssl=1",300,169,true],"medium_large":["https:\/\/i0.wp.com\/ismaelcolosi.com.br\/wp-content\/uploads\/2025\/07\/forbes-emojis-no-trabalho-1200x675.jpg?fit=768%2C432&ssl=1",768,432,true],"large":["https:\/\/i0.wp.com\/ismaelcolosi.com.br\/wp-content\/uploads\/2025\/07\/forbes-emojis-no-trabalho-1200x675.jpg?fit=1024%2C576&ssl=1",1024,576,true],"1536x1536":["https:\/\/i0.wp.com\/ismaelcolosi.com.br\/wp-content\/uploads\/2025\/07\/forbes-emojis-no-trabalho-1200x675.jpg?fit=1200%2C675&ssl=1",1200,675,true],"2048x2048":["https:\/\/i0.wp.com\/ismaelcolosi.com.br\/wp-content\/uploads\/2025\/07\/forbes-emojis-no-trabalho-1200x675.jpg?fit=1200%2C675&ssl=1",1200,675,true],"really-simple-thumb":["https:\/\/i0.wp.com\/ismaelcolosi.com.br\/wp-content\/uploads\/2025\/07\/forbes-emojis-no-trabalho-1200x675.jpg?resize=370%2C247&ssl=1",370,247,true]},"uagb_author_info":{"display_name":"ismaelcolosi.com.br","author_link":"https:\/\/ismaelcolosi.com.br\/index.php\/author\/vidareal-online\/"},"uagb_comment_info":0,"uagb_excerpt":"&#13; Rawpixel\/Getty Images &#13;Significado dos emojis mudou com o tempo e a chegada de novas gera\u00e7\u00f5es no trabalho&#13; Acessibilidade &#13; L&#13; L&#13; A-&#13; A+&#13; &#13;...","jetpack-related-posts":[{"id":87513,"url":"https:\/\/ismaelcolosi.com.br\/index.php\/2025\/09\/16\/geracao-z-prefere-buscar-renda-extra-a-subir-na-escada-corporativa\/","url_meta":{"origin":86612,"position":0},"title":"Gera\u00e7\u00e3o Z Prefere Buscar Renda Extra a Subir na Escada Corporativa","author":"ismaelcolosi.com.br","date":"16 de September de 2025","format":false,"excerpt":"\r Eva-Katalin\/Getty Images\r Para a Gera\u00e7\u00e3o Z, sucesso significa equil\u00edbrio, flexibilidade e seguran\u00e7a, n\u00e3o apenas subir cargos em uma \u00fanica empresa\r Acessibilidade \r L\r L\r A-\r A+\r \r \u25d0\r \r Quase seis em cada dez profissionais da Gera\u00e7\u00e3o Z t\u00eam bicos ou trabalhos paralelos, segundo uma pesquisa da americana Harris\u2026","rel":"","context":"In &quot;Carreira e Sucesso&quot;","block_context":{"text":"Carreira e Sucesso","link":"https:\/\/ismaelcolosi.com.br\/index.php\/category\/carreira-e-sucesso-dicas-para-carreira\/"},"img":{"alt_text":"","src":"https:\/\/i0.wp.com\/ismaelcolosi.com.br\/wp-content\/uploads\/2025\/09\/geracao-z-bicos-forbes-1200x675.jpg?fit=1200%2C675&ssl=1&resize=350%2C200","width":350,"height":200,"srcset":"https:\/\/i0.wp.com\/ismaelcolosi.com.br\/wp-content\/uploads\/2025\/09\/geracao-z-bicos-forbes-1200x675.jpg?fit=1200%2C675&ssl=1&resize=350%2C200 1x, https:\/\/i0.wp.com\/ismaelcolosi.com.br\/wp-content\/uploads\/2025\/09\/geracao-z-bicos-forbes-1200x675.jpg?fit=1200%2C675&ssl=1&resize=525%2C300 1.5x, https:\/\/i0.wp.com\/ismaelcolosi.com.br\/wp-content\/uploads\/2025\/09\/geracao-z-bicos-forbes-1200x675.jpg?fit=1200%2C675&ssl=1&resize=700%2C400 2x, https:\/\/i0.wp.com\/ismaelcolosi.com.br\/wp-content\/uploads\/2025\/09\/geracao-z-bicos-forbes-1200x675.jpg?fit=1200%2C675&ssl=1&resize=1050%2C600 3x"},"classes":[]},{"id":15290,"url":"https:\/\/ismaelcolosi.com.br\/index.php\/2023\/12\/13\/c-suite-diretor-do-google-conta-como-crescer-na-carreira\/","url_meta":{"origin":86612,"position":1},"title":"C-suite: Diretor do Google conta como crescer na carreira","author":"ismaelcolosi.com.br","date":"13 de December de 2023","format":false,"excerpt":"Divulga\u00e7\u00e3oGustavo Souza liderou equipes de marketing, vendas e transforma\u00e7\u00e3o digital em empresas como SulAm\u00e9rica, Cyrela e Votorantim, antes de chegar ao Google, em 2014 Com mais de 20 anos de carreira, sendo metade desse per\u00edodo no Google, Gustavo Souza acaba de ser promovido a diretor-geral de produtos de publicidade no\u2026","rel":"","context":"In &quot;Carreira e Sucesso&quot;","block_context":{"text":"Carreira e Sucesso","link":"https:\/\/ismaelcolosi.com.br\/index.php\/category\/carreira-e-sucesso-dicas-para-carreira\/"},"img":{"alt_text":"","src":"https:\/\/i0.wp.com\/ismaelcolosi.com.br\/wp-content\/uploads\/2023\/12\/carreira-gustavo-souza-google-1024x683.jpg?fit=1024%2C683&ssl=1&resize=350%2C200","width":350,"height":200,"srcset":"https:\/\/i0.wp.com\/ismaelcolosi.com.br\/wp-content\/uploads\/2023\/12\/carreira-gustavo-souza-google-1024x683.jpg?fit=1024%2C683&ssl=1&resize=350%2C200 1x, https:\/\/i0.wp.com\/ismaelcolosi.com.br\/wp-content\/uploads\/2023\/12\/carreira-gustavo-souza-google-1024x683.jpg?fit=1024%2C683&ssl=1&resize=525%2C300 1.5x, https:\/\/i0.wp.com\/ismaelcolosi.com.br\/wp-content\/uploads\/2023\/12\/carreira-gustavo-souza-google-1024x683.jpg?fit=1024%2C683&ssl=1&resize=700%2C400 2x"},"classes":[]},{"id":86776,"url":"https:\/\/ismaelcolosi.com.br\/index.php\/2025\/07\/25\/o-que-o-olhar-dos-jovens-profissionais-revela-sobre-desconexao-no-trabalho\/","url_meta":{"origin":86612,"position":2},"title":"O Que o Olhar dos Jovens Profissionais Revela sobre Desconex\u00e3o no Trabalho","author":"ismaelcolosi.com.br","date":"25 de July de 2025","format":false,"excerpt":"\r Morsa Images\/Getty Images\r Especialistas veem o \u201cGen Z Stare\u201d como reflexo da falta de intera\u00e7\u00f5es sociais durante anos decisivos para a forma\u00e7\u00e3o da Gera\u00e7\u00e3o Z\r Acessibilidade \r L\r L\r A-\r A+\r \r \u25d0\r \r Uma nova tend\u00eancia entre os jovens da Gera\u00e7\u00e3o Z\u00a0 tem chamado a aten\u00e7\u00e3o no mundo\u2026","rel":"","context":"In &quot;Carreira e Sucesso&quot;","block_context":{"text":"Carreira e Sucesso","link":"https:\/\/ismaelcolosi.com.br\/index.php\/category\/carreira-e-sucesso-dicas-para-carreira\/"},"img":{"alt_text":"","src":"https:\/\/i0.wp.com\/ismaelcolosi.com.br\/wp-content\/uploads\/2025\/07\/forbes-geracao-z-gen-z-stare-1200x675.jpg?fit=1200%2C675&ssl=1&resize=350%2C200","width":350,"height":200,"srcset":"https:\/\/i0.wp.com\/ismaelcolosi.com.br\/wp-content\/uploads\/2025\/07\/forbes-geracao-z-gen-z-stare-1200x675.jpg?fit=1200%2C675&ssl=1&resize=350%2C200 1x, https:\/\/i0.wp.com\/ismaelcolosi.com.br\/wp-content\/uploads\/2025\/07\/forbes-geracao-z-gen-z-stare-1200x675.jpg?fit=1200%2C675&ssl=1&resize=525%2C300 1.5x, https:\/\/i0.wp.com\/ismaelcolosi.com.br\/wp-content\/uploads\/2025\/07\/forbes-geracao-z-gen-z-stare-1200x675.jpg?fit=1200%2C675&ssl=1&resize=700%2C400 2x, https:\/\/i0.wp.com\/ismaelcolosi.com.br\/wp-content\/uploads\/2025\/07\/forbes-geracao-z-gen-z-stare-1200x675.jpg?fit=1200%2C675&ssl=1&resize=1050%2C600 3x"},"classes":[]},{"id":51215,"url":"https:\/\/ismaelcolosi.com.br\/index.php\/2024\/05\/24\/como-o-cafe-pode-ser-um-aliado-na-carreira\/","url_meta":{"origin":86612,"position":3},"title":"Como o caf\u00e9 pode ser um aliado na carreira","author":"ismaelcolosi.com.br","date":"24 de May de 2024","format":false,"excerpt":"Getty ImagesMais recentemente, o caf\u00e9 protagonizou uma nova tend\u00eancia corporativa, o \u201ccoffee badging\u201d; entenda Acessibilidade L L A- A+ \u25d0 O Brasil \u00e9 o maior produtor e exportador de caf\u00e9 do mundo, representando mais de 30% da produ\u00e7\u00e3o global. O brasileiro consome, em m\u00e9dia, 1.430 x\u00edcaras de caf\u00e9 por ano,\u2026","rel":"","context":"In &quot;Carreira e Sucesso&quot;","block_context":{"text":"Carreira e Sucesso","link":"https:\/\/ismaelcolosi.com.br\/index.php\/category\/carreira-e-sucesso-dicas-para-carreira\/"},"img":{"alt_text":"","src":"https:\/\/i0.wp.com\/ismaelcolosi.com.br\/wp-content\/uploads\/2024\/05\/carreira-cafe-trabalho-1024x683.jpg?fit=1024%2C683&ssl=1&resize=350%2C200","width":350,"height":200,"srcset":"https:\/\/i0.wp.com\/ismaelcolosi.com.br\/wp-content\/uploads\/2024\/05\/carreira-cafe-trabalho-1024x683.jpg?fit=1024%2C683&ssl=1&resize=350%2C200 1x, https:\/\/i0.wp.com\/ismaelcolosi.com.br\/wp-content\/uploads\/2024\/05\/carreira-cafe-trabalho-1024x683.jpg?fit=1024%2C683&ssl=1&resize=525%2C300 1.5x, https:\/\/i0.wp.com\/ismaelcolosi.com.br\/wp-content\/uploads\/2024\/05\/carreira-cafe-trabalho-1024x683.jpg?fit=1024%2C683&ssl=1&resize=700%2C400 2x"},"classes":[]},{"id":42887,"url":"https:\/\/ismaelcolosi.com.br\/index.php\/2024\/03\/18\/etiqueta-profissional-como-se-portar-na-volta-ao-escritorio\/","url_meta":{"origin":86612,"position":4},"title":"Etiqueta profissional: como se portar na volta ao escrit\u00f3rio","author":"ismaelcolosi.com.br","date":"18 de March de 2024","format":false,"excerpt":"Getty ImagesCumprimentar os colegas e fazer contato visual fazem parte da etiqueta de qualquer ambiente profissional Se voc\u00ea se acostumou a trabalhar em home office e participar de reuni\u00f5es virtuais vestindo roupas mais casuais, apenas preocupado em apresentar uma boa imagem da cintura para cima, e a cumprimentar colegas com\u2026","rel":"","context":"In &quot;Carreira e Sucesso&quot;","block_context":{"text":"Carreira e Sucesso","link":"https:\/\/ismaelcolosi.com.br\/index.php\/category\/carreira-e-sucesso-dicas-para-carreira\/"},"img":{"alt_text":"","src":"https:\/\/i0.wp.com\/ismaelcolosi.com.br\/wp-content\/uploads\/2024\/03\/carreira-colegas-trabalho-1024x683.jpg?fit=1024%2C683&ssl=1&resize=350%2C200","width":350,"height":200,"srcset":"https:\/\/i0.wp.com\/ismaelcolosi.com.br\/wp-content\/uploads\/2024\/03\/carreira-colegas-trabalho-1024x683.jpg?fit=1024%2C683&ssl=1&resize=350%2C200 1x, https:\/\/i0.wp.com\/ismaelcolosi.com.br\/wp-content\/uploads\/2024\/03\/carreira-colegas-trabalho-1024x683.jpg?fit=1024%2C683&ssl=1&resize=525%2C300 1.5x, https:\/\/i0.wp.com\/ismaelcolosi.com.br\/wp-content\/uploads\/2024\/03\/carreira-colegas-trabalho-1024x683.jpg?fit=1024%2C683&ssl=1&resize=700%2C400 2x"},"classes":[]},{"id":88455,"url":"https:\/\/ismaelcolosi.com.br\/index.php\/2025\/12\/08\/por-que-a-geracao-z-foge-de-ligacoes-telefonicas-e-o-que-isso-significa-para-os-negocios\/","url_meta":{"origin":86612,"position":5},"title":"Por Que a Gera\u00e7\u00e3o Z Foge de Liga\u00e7\u00f5es Telef\u00f4nicas (E o Que Isso Significa para os Neg\u00f3cios)","author":"ismaelcolosi.com.br","date":"8 de December de 2025","format":false,"excerpt":"\r Getty Images\r A comunica\u00e7\u00e3o corporativa vive um choque geracional: profissionais da Gera\u00e7\u00e3o Z preferem se expressar por mensagens ou e-mail\r Acessibilidade \r L\r L\r A-\r A+\r \r \u25d0\r \r Cerca de 1 em cada 4 jovens entre 18 e 34 anos nunca atende o telefone, segundo uma pesquisa da\u2026","rel":"","context":"In &quot;Carreira e Sucesso&quot;","block_context":{"text":"Carreira e Sucesso","link":"https:\/\/ismaelcolosi.com.br\/index.php\/category\/carreira-e-sucesso-dicas-para-carreira\/"},"img":{"alt_text":"","src":"https:\/\/i0.wp.com\/ismaelcolosi.com.br\/wp-content\/uploads\/2025\/12\/geracao-z-1-1200x675.jpg?fit=1200%2C675&ssl=1&resize=350%2C200","width":350,"height":200,"srcset":"https:\/\/i0.wp.com\/ismaelcolosi.com.br\/wp-content\/uploads\/2025\/12\/geracao-z-1-1200x675.jpg?fit=1200%2C675&ssl=1&resize=350%2C200 1x, https:\/\/i0.wp.com\/ismaelcolosi.com.br\/wp-content\/uploads\/2025\/12\/geracao-z-1-1200x675.jpg?fit=1200%2C675&ssl=1&resize=525%2C300 1.5x, https:\/\/i0.wp.com\/ismaelcolosi.com.br\/wp-content\/uploads\/2025\/12\/geracao-z-1-1200x675.jpg?fit=1200%2C675&ssl=1&resize=700%2C400 2x, https:\/\/i0.wp.com\/ismaelcolosi.com.br\/wp-content\/uploads\/2025\/12\/geracao-z-1-1200x675.jpg?fit=1200%2C675&ssl=1&resize=1050%2C600 3x"},"classes":[]}],"jetpack_sharing_enabled":true,"jetpack_shortlink":"https:\/\/wp.me\/pfMlyK-mwY","_links":{"self":[{"href":"https:\/\/ismaelcolosi.com.br\/index.php\/wp-json\/wp\/v2\/posts\/86612","targetHints":{"allow":["GET"]}}],"collection":[{"href":"https:\/\/ismaelcolosi.com.br\/index.php\/wp-json\/wp\/v2\/posts"}],"about":[{"href":"https:\/\/ismaelcolosi.com.br\/index.php\/wp-json\/wp\/v2\/types\/post"}],"author":[{"embeddable":true,"href":"https:\/\/ismaelcolosi.com.br\/index.php\/wp-json\/wp\/v2\/users\/1"}],"replies":[{"embeddable":true,"href":"https:\/\/ismaelcolosi.com.br\/index.php\/wp-json\/wp\/v2\/comments?post=86612"}],"version-history":[{"count":0,"href":"https:\/\/ismaelcolosi.com.br\/index.php\/wp-json\/wp\/v2\/posts\/86612\/revisions"}],"wp:featuredmedia":[{"embeddable":true,"href":"https:\/\/ismaelcolosi.com.br\/index.php\/wp-json\/wp\/v2\/media\/86613"}],"wp:attachment":[{"href":"https:\/\/ismaelcolosi.com.br\/index.php\/wp-json\/wp\/v2\/media?parent=86612"}],"wp:term":[{"taxonomy":"category","embeddable":true,"href":"https:\/\/ismaelcolosi.com.br\/index.php\/wp-json\/wp\/v2\/categories?post=86612"},{"taxonomy":"post_tag","embeddable":true,"href":"https:\/\/ismaelcolosi.com.br\/index.php\/wp-json\/wp\/v2\/tags?post=86612"}],"curies":[{"name":"wp","href":"https:\/\/api.w.org\/{rel}","templated":true}]}}