{"id":86610,"date":"2025-07-11T05:09:26","date_gmt":"2025-07-11T08:09:26","guid":{"rendered":"https:\/\/ismaelcolosi.com.br\/index.php\/2025\/07\/11\/acg-nomeia-novo-ceo-global-de-engenharia\/"},"modified":"2025-07-11T05:09:26","modified_gmt":"2025-07-11T08:09:26","slug":"acg-nomeia-novo-ceo-global-de-engenharia","status":"publish","type":"post","link":"https:\/\/ismaelcolosi.com.br\/index.php\/2025\/07\/11\/acg-nomeia-novo-ceo-global-de-engenharia\/","title":{"rendered":"ACG Nomeia Novo CEO Global de Engenharia"},"content":{"rendered":"<p> <br \/>\n<\/p>\n<div id=\"post-699154\">&#13;<\/p>\n<header>&#13;<\/p>\n<p>&#13;<\/p>\n<h2 class=\"post__excerpt\">&#13;<br \/>\n            Baseado na \u00cdndia, Nikhil Kulkarni assume lideran\u00e7a da multinacional farmac\u00eautica mirando oportunidades de crescimento no Brasil    <\/h2>\n<\/p>\n<p>&#13;<br \/>\n\t\t\t\t\t\t&#13;<br \/>\n\t\t\t\t\t<\/header>\n<p>&#13;<\/p>\n<div class=\"entry-content\">\n<figure class=\"destaque wp-caption\">&#13;<br \/>\n\t\t<img data-recalc-dims=\"1\" width=\"678\" height=\"452\" src=\"https:\/\/i0.wp.com\/forbes.com.br\/wp-content\/uploads\/2025\/07\/forbes-Nikhil-Kulkarni-ACG-CEO-768x512.jpg?resize=678%2C452&#038;ssl=1\" class=\"attachment-medium_large size-medium_large wp-post-image\" alt=\"Novo CEO da ACG, Nikhil Kulkarni tem mais de duas d\u00e9cadas de carreira no setor automotivo\" decoding=\"async\" fetchpriority=\"high\" srcset=\"https:\/\/forbes.com.br\/wp-content\/uploads\/2025\/07\/forbes-Nikhil-Kulkarni-ACG-CEO-768x512.jpg 768w, https:\/\/forbes.com.br\/wp-content\/uploads\/2025\/07\/forbes-Nikhil-Kulkarni-ACG-CEO-300x200.jpg 300w, https:\/\/forbes.com.br\/wp-content\/uploads\/2025\/07\/forbes-Nikhil-Kulkarni-ACG-CEO-1024x683.jpg 1024w, https:\/\/forbes.com.br\/wp-content\/uploads\/2025\/07\/forbes-Nikhil-Kulkarni-ACG-CEO-800x533.jpg 800w, https:\/\/forbes.com.br\/wp-content\/uploads\/2025\/07\/forbes-Nikhil-Kulkarni-ACG-CEO-165x110.jpg 165w, https:\/\/forbes.com.br\/wp-content\/uploads\/2025\/07\/forbes-Nikhil-Kulkarni-ACG-CEO-120x80.jpg 120w, https:\/\/forbes.com.br\/wp-content\/uploads\/2025\/07\/forbes-Nikhil-Kulkarni-ACG-CEO-150x100.jpg 150w, https:\/\/forbes.com.br\/wp-content\/uploads\/2025\/07\/forbes-Nikhil-Kulkarni-ACG-CEO.jpg 1500w\" sizes=\"(max-width: 678px) 100vw, 678px\"\/>\t\t<\/p>\n<p>Divulga\u00e7\u00e3o\/ACG<\/p>\n<p>&#13;<figcaption class=\"wp-caption-text\">Novo CEO da ACG, Nikhil Kulkarni tem mais de duas d\u00e9cadas de carreira no setor automotivo<\/figcaption>&#13;<br \/>\n\t<\/figure>\n<div class=\"accessibility\">\n<p>Acessibilidade<\/p>\n<p>&#13;<br \/>\n\t\t\t<button onclick=\"alterFont1()\" id=\"btn1\" class=\"btn\">L<\/button>&#13;<br \/>\n\t\t\t<button onclick=\"alterFont2()\" id=\"btn2\" class=\"btn\" style=\"font-family:Merriweather\">L<\/button>&#13;<br \/>\n\t\t\t<button onclick=\"alterFontSmallerSize()\" id=\"btn3\" class=\"btn\">A-<\/button>&#13;<br \/>\n\t\t\t<button onclick=\"alterFontBiggerSize()\" id=\"btn4\" class=\"btn\">A+<\/button>&#13;<br \/>\n\t\t\t<!--<button onclick='alterFontBolder()' id='btn5' class=\"btn\" >B<\/button>-->&#13;<br \/>\n\t\t\t<button onclick=\"alterBackground()\" id=\"btn6\" class=\"btn\">\u25d0<\/button>&#13;<br \/>\n\t\t\t<!--<button onclick='clean()' id='btn7' class=\"btn\" >Limpar<\/button>-->&#13;\n\t\t<\/p>\n<\/p><\/div>\n<p>\u00a0<\/p>\n<p>A <strong>ACG<\/strong>, multinacional especializada em solu\u00e7\u00f5es para a ind\u00fastria farmac\u00eautica e nutrac\u00eautica, anunciou a nomea\u00e7\u00e3o de <strong>Nikhil Kulkarni<\/strong> como <strong>CEO<\/strong> do grupo <strong>ACG Engineering<\/strong>. Baseado na \u00cdndia, o executivo assume as opera\u00e7\u00f5es da divis\u00e3o de engenharia \u2014 com impacto direto em todas as unidades da empresa, incluindo o Brasil. \u201cCom sua posi\u00e7\u00e3o de lideran\u00e7a no mercado latino-americano, o Brasil \u00e9 estrat\u00e9gico para nossos planos de expans\u00e3o e inova\u00e7\u00e3o\u201d, afirma Kulkarni. \u201cEstou entusiasmado com o potencial de crescimento da regi\u00e3o e com as oportunidades de colaborar com nossos clientes locais.\u201d<\/p>\n<aside>\n<h2>Leia tamb\u00e9m<\/h2>\n<\/aside>\n<p>Com mais de duas d\u00e9cadas de experi\u00eancia global no setor automotivo, o novo CEO atuou em empresas como <strong>Tata Autocomp Hendrickson Suspension, Minda Corporation, Faurecia Clean Mobility (FORVIA) <\/strong>e<strong> Stoneridge Inc.<\/strong>, passando pelos Estados Unidos, Europa e China.<\/p>\n<p>Formado em engenharia de produ\u00e7\u00e3o pela <strong>Universidade Shivaji<\/strong> (\u00cdndia) e com mestrado em<strong> engenharia industrial<\/strong> pela Universidade de Cincinnati (EUA), Nikhil j\u00e1 liderou projetos em \u00e1reas como eletr\u00f4nica de pot\u00eancia, sistemas de emiss\u00e3o e solu\u00e7\u00f5es para economia de combust\u00edvel. \u201cMinha carreira sempre esteve ligada ao desenvolvimento de solu\u00e7\u00f5es tecnol\u00f3gicas com impacto direto na vida das pessoas, seja no setor automotivo ou agora, com a miss\u00e3o de melhorar o acesso global \u00e0 sa\u00fade por meio da engenharia farmac\u00eautica\u201d, diz o executivo.<\/p>\n<aside>\n<h2>Escolhas do editor<\/h2>\n<\/aside>\n<div class=\"follow-us\">Siga o canal da <a href=\"https:\/\/whatsapp.com\/channel\/0029Va9gQKwBFLgM96cJnu0u\" target=\"_blank\" rel=\"noopener noreferrer nofollow\" title=\"Grupo da Forbes no WhatsApp\">Forbes<\/a> no WhatsApp e receba as principais not\u00edcias de empreendedorismo, carreira, tecnologia, agro e lifestyle.<\/div>\n<\/p><\/div>\n<p>&#13;<br \/>\n\t\t\t\t\t \t\t\t\t\t  &#13;\n\t\t\t\t<\/p><\/div>\n<p><script data-debloat-delay=\"1\" type=\"text\/debloat-script\">\n\t\t\t\t(function(d, s, id){\n\t\t\t\t\tvar js, fjs = d.getElementsByTagName(s)[0];\n\t\t\t\t\tif (d.getElementById(id)) return;\n\t\t\t\t\tjs = d.createElement(s); js.id = id;\n\t\t\t\t\tjs.src = \"\/\/connect.facebook.net\/pt_BR\/sdk.js#xfbml=1&version=v2.9\";\n\t\t\t\t\tfjs.parentNode.insertBefore(js, fjs);\n\t\t\t\t}(document, 'script', 'facebook-jssdk'));\n\t\t\t<\/script><br \/>\n<br \/><br \/>\n<br \/><a href=\"https:\/\/forbes.com.br\/carreira\/2025\/07\/acg-nomeia-novo-ceo-global-de-engenharia\/\">Source link <\/a><\/p>\n<div class='code-block code-block-4' style='margin: 8px auto 8px 0; text-align: left; display: block; clear: both;'>\n\ud83d\udce2 Aviso Legal\n\nO site ismaelcolosi.com.br atua apenas como um canal de divulga\u00e7\u00e3o de oportunidades de emprego e n\u00e3o se responsabiliza pelo processo seletivo, contrata\u00e7\u00e3o ou qualquer outra etapa relacionada \u00e0s vagas publicadas. Todas as informa\u00e7\u00f5es s\u00e3o de responsabilidade dos anunciantes.\n\n\u26a0\ufe0f Aten\u00e7\u00e3o! Nunca pague por promessas de emprego nem compre cursos que garantam contrata\u00e7\u00e3o. Desconfie de qualquer cobran\u00e7a para participar de sele\u00e7\u00f5es.\n\n\n\n<\/div>\n<!-- CONTENT END 1 -->\n","protected":false},"excerpt":{"rendered":"<p>&#13; &#13; &#13; &#13; Baseado na \u00cdndia, Nikhil Kulkarni assume lideran\u00e7a da multinacional farmac\u00eautica mirando oportunidades de crescimento no Brasil &#13; &#13; &#13; &#13; Divulga\u00e7\u00e3o\/ACG&#8230;<\/p>\n","protected":false},"author":1,"featured_media":86611,"comment_status":"","ping_status":"open","sticky":false,"template":"","format":"standard","meta":{"_uag_custom_page_level_css":"","advanced_seo_description":"","jetpack_seo_html_title":"","jetpack_seo_noindex":false,"jetpack_post_was_ever_published":false,"_jetpack_newsletter_access":"","_jetpack_dont_email_post_to_subs":false,"_jetpack_newsletter_tier_id":0,"_jetpack_memberships_contains_paywalled_content":false,"_jetpack_memberships_contains_paid_content":false,"footnotes":"","jetpack_publicize_message":"","jetpack_publicize_feature_enabled":true,"jetpack_social_post_already_shared":true,"jetpack_social_options":{"image_generator_settings":{"template":"highway","default_image_id":0,"font":"","enabled":false},"version":2}},"categories":[1964],"tags":[],"class_list":["post-86610","post","type-post","status-publish","format-standard","has-post-thumbnail","hentry","category-carreira-e-sucesso-dicas-para-carreira"],"jetpack_publicize_connections":[],"jetpack_featured_media_url":"https:\/\/i0.wp.com\/ismaelcolosi.com.br\/wp-content\/uploads\/2025\/07\/forbes-Nikhil-Kulkarni-ACG-CEO-1200x675.jpg?fit=1200%2C675&ssl=1","uagb_featured_image_src":{"full":["https:\/\/i0.wp.com\/ismaelcolosi.com.br\/wp-content\/uploads\/2025\/07\/forbes-Nikhil-Kulkarni-ACG-CEO-1200x675.jpg?fit=1200%2C675&ssl=1",1200,675,false],"thumbnail":["https:\/\/i0.wp.com\/ismaelcolosi.com.br\/wp-content\/uploads\/2025\/07\/forbes-Nikhil-Kulkarni-ACG-CEO-1200x675.jpg?resize=150%2C150&ssl=1",150,150,true],"medium":["https:\/\/i0.wp.com\/ismaelcolosi.com.br\/wp-content\/uploads\/2025\/07\/forbes-Nikhil-Kulkarni-ACG-CEO-1200x675.jpg?fit=300%2C169&ssl=1",300,169,true],"medium_large":["https:\/\/i0.wp.com\/ismaelcolosi.com.br\/wp-content\/uploads\/2025\/07\/forbes-Nikhil-Kulkarni-ACG-CEO-1200x675.jpg?fit=768%2C432&ssl=1",768,432,true],"large":["https:\/\/i0.wp.com\/ismaelcolosi.com.br\/wp-content\/uploads\/2025\/07\/forbes-Nikhil-Kulkarni-ACG-CEO-1200x675.jpg?fit=1024%2C576&ssl=1",1024,576,true],"1536x1536":["https:\/\/i0.wp.com\/ismaelcolosi.com.br\/wp-content\/uploads\/2025\/07\/forbes-Nikhil-Kulkarni-ACG-CEO-1200x675.jpg?fit=1200%2C675&ssl=1",1200,675,true],"2048x2048":["https:\/\/i0.wp.com\/ismaelcolosi.com.br\/wp-content\/uploads\/2025\/07\/forbes-Nikhil-Kulkarni-ACG-CEO-1200x675.jpg?fit=1200%2C675&ssl=1",1200,675,true],"really-simple-thumb":["https:\/\/i0.wp.com\/ismaelcolosi.com.br\/wp-content\/uploads\/2025\/07\/forbes-Nikhil-Kulkarni-ACG-CEO-1200x675.jpg?resize=370%2C247&ssl=1",370,247,true]},"uagb_author_info":{"display_name":"ismaelcolosi.com.br","author_link":"https:\/\/ismaelcolosi.com.br\/index.php\/author\/vidareal-online\/"},"uagb_comment_info":0,"uagb_excerpt":"&#13; &#13; &#13; &#13; Baseado na \u00cdndia, Nikhil Kulkarni assume lideran\u00e7a da multinacional farmac\u00eautica mirando oportunidades de crescimento no Brasil &#13; &#13; &#13; &#13; Divulga\u00e7\u00e3o\/ACG...","jetpack-related-posts":[],"jetpack_sharing_enabled":true,"jetpack_shortlink":"https:\/\/wp.me\/pfMlyK-mwW","_links":{"self":[{"href":"https:\/\/ismaelcolosi.com.br\/index.php\/wp-json\/wp\/v2\/posts\/86610","targetHints":{"allow":["GET"]}}],"collection":[{"href":"https:\/\/ismaelcolosi.com.br\/index.php\/wp-json\/wp\/v2\/posts"}],"about":[{"href":"https:\/\/ismaelcolosi.com.br\/index.php\/wp-json\/wp\/v2\/types\/post"}],"author":[{"embeddable":true,"href":"https:\/\/ismaelcolosi.com.br\/index.php\/wp-json\/wp\/v2\/users\/1"}],"replies":[{"embeddable":true,"href":"https:\/\/ismaelcolosi.com.br\/index.php\/wp-json\/wp\/v2\/comments?post=86610"}],"version-history":[{"count":0,"href":"https:\/\/ismaelcolosi.com.br\/index.php\/wp-json\/wp\/v2\/posts\/86610\/revisions"}],"wp:featuredmedia":[{"embeddable":true,"href":"https:\/\/ismaelcolosi.com.br\/index.php\/wp-json\/wp\/v2\/media\/86611"}],"wp:attachment":[{"href":"https:\/\/ismaelcolosi.com.br\/index.php\/wp-json\/wp\/v2\/media?parent=86610"}],"wp:term":[{"taxonomy":"category","embeddable":true,"href":"https:\/\/ismaelcolosi.com.br\/index.php\/wp-json\/wp\/v2\/categories?post=86610"},{"taxonomy":"post_tag","embeddable":true,"href":"https:\/\/ismaelcolosi.com.br\/index.php\/wp-json\/wp\/v2\/tags?post=86610"}],"curies":[{"name":"wp","href":"https:\/\/api.w.org\/{rel}","templated":true}]}}