{"id":86609,"date":"2025-07-10T15:18:42","date_gmt":"2025-07-10T18:18:42","guid":{"rendered":"https:\/\/ismaelcolosi.com.br\/index.php\/2025\/07\/10\/contrata-se-auxiliar-de-cozinheira\/"},"modified":"2025-07-10T15:18:42","modified_gmt":"2025-07-10T18:18:42","slug":"contrata-se-auxiliar-de-cozinheira","status":"publish","type":"post","link":"https:\/\/ismaelcolosi.com.br\/index.php\/2025\/07\/10\/contrata-se-auxiliar-de-cozinheira\/","title":{"rendered":"CONTRATA-SE AUXILIAR DE COZINHEIRA"},"content":{"rendered":"<div>\n                    <a href=\"https:\/\/tribunaribeirao.com.br\/classificadostribuna\/index.php?page=item&amp;id=4867\" class=\"title\" title=\"CONTRATA-SE INSPETOR OPERACIONAL\">CONTRATA-SE INSPETOR OPERACIONAL<\/a><\/p>\n<p>\n                        <span class=\"category\">Empregos<\/span> &#8211;<br \/>\n                        <span class=\"location\"> <\/span> <span class=\"g-hide\">&#8211;<\/span> 16\/05\/2025                                            <\/p>\n<p>Requisitos: experi\u00eancia anterios em supervisionar atividades de vigil\u00e2ncia e portaria, ensiono m\u00e9dio completo e CNH A\/B (ser\u00e1 testado).\u00a0Salario + benef\u00edcios (conforme conven\u00e7\u00e3o coletiva de trabalho). Escala 6&#215;1. Envie curr\u00edculo para o WhatsApp (11) 9&#8230;<\/p>\n<\/p><\/div>\n<div class='code-block code-block-4' style='margin: 8px auto 8px 0; text-align: left; display: block; clear: both;'>\n\ud83d\udce2 Aviso Legal\n\nO site ismaelcolosi.com.br atua apenas como um canal de divulga\u00e7\u00e3o de oportunidades de emprego e n\u00e3o se responsabiliza pelo processo seletivo, contrata\u00e7\u00e3o ou qualquer outra etapa relacionada \u00e0s vagas publicadas. Todas as informa\u00e7\u00f5es s\u00e3o de responsabilidade dos anunciantes.\n\n\u26a0\ufe0f Aten\u00e7\u00e3o! Nunca pague por promessas de emprego nem compre cursos que garantam contrata\u00e7\u00e3o. Desconfie de qualquer cobran\u00e7a para participar de sele\u00e7\u00f5es.\n\n\n\n<\/div>\n<!-- CONTENT END 1 -->\n","protected":false},"excerpt":{"rendered":"<p>CONTRATA-SE INSPETOR OPERACIONAL Empregos &#8211; &#8211; 16\/05\/2025 Requisitos: experi\u00eancia anterios em supervisionar atividades de vigil\u00e2ncia e portaria, ensiono m\u00e9dio completo e CNH A\/B (ser\u00e1 testado).\u00a0Salario&#8230;<\/p>\n","protected":false},"author":1,"featured_media":0,"comment_status":"","ping_status":"open","sticky":false,"template":"","format":"standard","meta":{"_uag_custom_page_level_css":"","advanced_seo_description":"","jetpack_seo_html_title":"","jetpack_seo_noindex":false,"jetpack_post_was_ever_published":false,"_jetpack_newsletter_access":"","_jetpack_dont_email_post_to_subs":false,"_jetpack_newsletter_tier_id":0,"_jetpack_memberships_contains_paywalled_content":false,"_jetpack_memberships_contains_paid_content":false,"footnotes":"","jetpack_publicize_message":"","jetpack_publicize_feature_enabled":true,"jetpack_social_post_already_shared":true,"jetpack_social_options":{"image_generator_settings":{"template":"highway","default_image_id":0,"font":"","enabled":false},"version":2}},"categories":[7],"tags":[],"class_list":["post-86609","post","type-post","status-publish","format-standard","hentry","category-vagas-de-empregos-em-ribeirao-preto-regiao-brasil"],"jetpack_publicize_connections":[],"jetpack_featured_media_url":"","uagb_featured_image_src":{"full":false,"thumbnail":false,"medium":false,"medium_large":false,"large":false,"1536x1536":false,"2048x2048":false,"really-simple-thumb":false},"uagb_author_info":{"display_name":"ismaelcolosi.com.br","author_link":"https:\/\/ismaelcolosi.com.br\/index.php\/author\/vidareal-online\/"},"uagb_comment_info":0,"uagb_excerpt":"CONTRATA-SE INSPETOR OPERACIONAL Empregos &#8211; &#8211; 16\/05\/2025 Requisitos: experi\u00eancia anterios em supervisionar atividades de vigil\u00e2ncia e portaria, ensiono m\u00e9dio completo e CNH A\/B (ser\u00e1 testado).\u00a0Salario...","jetpack-related-posts":[{"id":56356,"url":"https:\/\/ismaelcolosi.com.br\/index.php\/2024\/07\/11\/contrata-se-tecnico-em-eletrica-sky-fire\/","url_meta":{"origin":86609,"position":0},"title":"CONTRATA-SE T\u00c9CNICO EM EL\u00c9TRICA &#8211; SKY FIRE","author":"ismaelcolosi.com.br","date":"11 de July de 2024","format":false,"excerpt":"An\u00fancios CONTRATA-SE T\u00c9CNICO EM EL\u00c9TRICA - SKY FIRE Empregos - - 10\/07\/2024 Estamos contratando t\u00e9cnico em el\u00e9trica\/ eletr\u00f4nica com experi\u00eancia na \u00e1rea Sky Fire para dar manuten\u00e7\u00e3o, suporte e reparos em bancada em equipamentos de sistema e detec\u00e7\u00e3o de alarme de inc\u00eandio. CLT + benef\u00edcios. Interessados mandar curr\u00edculo para o...\u2026","rel":"","context":"In &quot;Vagas de Emprego em Ribeir\u00e3o Preto-SP&quot;","block_context":{"text":"Vagas de Emprego em Ribeir\u00e3o Preto-SP","link":"https:\/\/ismaelcolosi.com.br\/index.php\/category\/empregos-classificados-vagas-trabalho\/vagas-de-empregos-em-ribeirao-preto-regiao-brasil\/"},"img":{"alt_text":"CONTRATA-SE T\u00c9CNICO EM EL\u00c9TRICA - SKY FIRE","src":"https:\/\/i0.wp.com\/tribunaribeirao.com.br\/classificadostribuna\/oc-content\/uploads\/38\/4414_thumbnail.jpg?resize=350%2C200&ssl=1","width":350,"height":200},"classes":[]},{"id":57411,"url":"https:\/\/ismaelcolosi.com.br\/index.php\/2024\/07\/21\/contrata-se-operadora-de-brinquedos-pcd\/","url_meta":{"origin":86609,"position":1},"title":"CONTRATA-SE OPERADOR(A) DE BRINQUEDOS PCD","author":"ismaelcolosi.com.br","date":"21 de July de 2024","format":false,"excerpt":"An\u00fancios CONTRATA-SE OPERADOR(A) DE BRINQUEDOS PCD Empregos - - 14\/07\/2024 Park do Goril\u00e3o - Ir\u00e1 tirar d\u00favidas dos clientes sobre os brinquedos, zelar pela limpeza dos brinquedos, operar brinquedos. Hor\u00e1rio das 13h40\u00e0s 22h - escala 6x1. Sal\u00e1rio R$ 1.441,30 + Vale Alim. + Vale Ref. + Vale Transp. + Conv\u00eanio\u2026","rel":"","context":"In &quot;Vagas de Emprego em Ribeir\u00e3o Preto-SP&quot;","block_context":{"text":"Vagas de Emprego em Ribeir\u00e3o Preto-SP","link":"https:\/\/ismaelcolosi.com.br\/index.php\/category\/empregos-classificados-vagas-trabalho\/vagas-de-empregos-em-ribeirao-preto-regiao-brasil\/"},"img":{"alt_text":"CONTRATA-SE OPERADOR(A) DE BRINQUEDOS PCD","src":"https:\/\/i0.wp.com\/tribunaribeirao.com.br\/classificadostribuna\/oc-content\/uploads\/39\/4455_thumbnail.jpg?resize=350%2C200&ssl=1","width":350,"height":200},"classes":[]},{"id":58489,"url":"https:\/\/ismaelcolosi.com.br\/index.php\/2024\/07\/31\/contrata-se-operadora-de-brinquedos-pcd-2\/","url_meta":{"origin":86609,"position":2},"title":"CONTRATA-SE OPERADOR(A) DE BRINQUEDOS PCD","author":"ismaelcolosi.com.br","date":"31 de July de 2024","format":false,"excerpt":"An\u00fancios CONTRATA-SE OPERADOR(A) DE BRINQUEDOS PCD Empregos - - 14\/07\/2024 Park do Goril\u00e3o - Ir\u00e1 tirar d\u00favidas dos clientes sobre os brinquedos, zelar pela limpeza dos brinquedos, operar brinquedos. Hor\u00e1rio das 13h40\u00e0s 22h - escala 6x1. Sal\u00e1rio R$ 1.441,30 + Vale Alim. + Vale Ref. + Vale Transp. + Conv\u00eanio\u2026","rel":"","context":"In &quot;Vagas de Emprego em Ribeir\u00e3o Preto-SP&quot;","block_context":{"text":"Vagas de Emprego em Ribeir\u00e3o Preto-SP","link":"https:\/\/ismaelcolosi.com.br\/index.php\/category\/empregos-classificados-vagas-trabalho\/vagas-de-empregos-em-ribeirao-preto-regiao-brasil\/"},"img":{"alt_text":"CONTRATA-SE OPERADOR(A) DE BRINQUEDOS PCD","src":"https:\/\/i0.wp.com\/tribunaribeirao.com.br\/classificadostribuna\/oc-content\/uploads\/39\/4455_thumbnail.jpg?resize=350%2C200&ssl=1","width":350,"height":200},"classes":[]},{"id":59632,"url":"https:\/\/ismaelcolosi.com.br\/index.php\/2024\/08\/10\/contrata-se-tosadora-de-banho-e-tosa\/","url_meta":{"origin":86609,"position":3},"title":"CONTRATA-SE TOSADORA DE BANHO E TOSA","author":"ismaelcolosi.com.br","date":"10 de August de 2024","format":false,"excerpt":"An\u00fancios CONTRATA-SE TOSADORA DE BANHO E TOSA Empregos - - 08\/08\/2024 Estamos contratando tosadora de banho e tosa. Para trabalhar em Ribeir\u00e3o Preto. Com experi\u00eancia! Contato: (16) 99977-4004. \u00a0 CONTRATA-SE MARCENEIRO Empregos - - 06\/08\/2024 Experi\u00eancia em m\u00f3veis corporativo e Conhecimento em metrologia Trena\/ Parqu\u00edmetro - Empresa contrata em regime\u2026","rel":"","context":"In &quot;Vagas de Emprego em Ribeir\u00e3o Preto-SP&quot;","block_context":{"text":"Vagas de Emprego em Ribeir\u00e3o Preto-SP","link":"https:\/\/ismaelcolosi.com.br\/index.php\/category\/empregos-classificados-vagas-trabalho\/vagas-de-empregos-em-ribeirao-preto-regiao-brasil\/"},"img":{"alt_text":"CONTRATA-SE TOSADORA DE BANHO E TOSA","src":"https:\/\/i0.wp.com\/tribunaribeirao.com.br\/classificadostribuna\/oc-content\/uploads\/40\/4592_thumbnail.jpg?resize=350%2C200&ssl=1","width":350,"height":200},"classes":[]},{"id":63014,"url":"https:\/\/ismaelcolosi.com.br\/index.php\/2024\/08\/30\/contrata-se-motorista\/","url_meta":{"origin":86609,"position":4},"title":"CONTRATA-SE MOTORISTA","author":"ismaelcolosi.com.br","date":"30 de August de 2024","format":false,"excerpt":"An\u00fancios CONTRATA-SE MOTORISTA Empregos - - 28\/08\/2024 Estamos contratando motorista para coleta e entrega de extintores nos clientes, para realizar teste hidrost\u00e1tico em mangueiras de inc\u00eandio nas depend\u00eancias do cliente. CNH categoria A\/B. Exige-se -\u00a0Pontualidade, iniciativa, trabalho em equipe, aten\u00e7\u00e3... CONTRATA-SE AJUDANTE DE MOTORISTA Empregos - - 28\/08\/2024 Estamos contratando\u2026","rel":"","context":"In &quot;Vagas de Emprego em Ribeir\u00e3o Preto-SP&quot;","block_context":{"text":"Vagas de Emprego em Ribeir\u00e3o Preto-SP","link":"https:\/\/ismaelcolosi.com.br\/index.php\/category\/empregos-classificados-vagas-trabalho\/vagas-de-empregos-em-ribeirao-preto-regiao-brasil\/"},"img":{"alt_text":"CONTRATA-SE MOTORISTA","src":"https:\/\/i0.wp.com\/tribunaribeirao.com.br\/classificadostribuna\/oc-content\/uploads\/41\/4653_thumbnail.jpg?resize=350%2C200&ssl=1","width":350,"height":200},"classes":[]},{"id":50982,"url":"https:\/\/ismaelcolosi.com.br\/index.php\/2024\/05\/22\/contrata-se-tecnico-em-tacografo\/","url_meta":{"origin":86609,"position":5},"title":"CONTRATA-SE T\u00c9CNICO EM TAC\u00d3GRAFO","author":"ismaelcolosi.com.br","date":"22 de May de 2024","format":false,"excerpt":"An\u00fancios CONTRATA-SE AUXILIAR DE ESTOQUE Empregos - - 14\/05\/2024 Empresa de Auto Pe\u00e7as contrata: Auxiliar Estoque com experi\u00eancia (obs.: experi\u00eancia no ramo de caminh\u00f5es, ser\u00e1 um diferencial), para in\u00edcio imediato. Interessados, enviar curr\u00edculo para o e-mail:\u00a0[email\u00a0protected] EMPRESA DE AUTO PE\u00c7AS CONTRATA Empregos - - 14\/05\/2024 Instalador de acess\u00f3rios, Insulfilme, Eletricista,\u2026","rel":"","context":"In &quot;Vagas de Emprego em Ribeir\u00e3o Preto-SP&quot;","block_context":{"text":"Vagas de Emprego em Ribeir\u00e3o Preto-SP","link":"https:\/\/ismaelcolosi.com.br\/index.php\/category\/empregos-classificados-vagas-trabalho\/vagas-de-empregos-em-ribeirao-preto-regiao-brasil\/"},"img":{"alt_text":"CONTRATA-SE T\u00c9CNICO EM TAC\u00d3GRAFO","src":"https:\/\/i0.wp.com\/tribunaribeirao.com.br\/classificadostribuna\/oc-content\/uploads\/36\/4191_thumbnail.jpg?resize=350%2C200&ssl=1","width":350,"height":200},"classes":[]}],"jetpack_sharing_enabled":true,"jetpack_shortlink":"https:\/\/wp.me\/pfMlyK-mwV","_links":{"self":[{"href":"https:\/\/ismaelcolosi.com.br\/index.php\/wp-json\/wp\/v2\/posts\/86609","targetHints":{"allow":["GET"]}}],"collection":[{"href":"https:\/\/ismaelcolosi.com.br\/index.php\/wp-json\/wp\/v2\/posts"}],"about":[{"href":"https:\/\/ismaelcolosi.com.br\/index.php\/wp-json\/wp\/v2\/types\/post"}],"author":[{"embeddable":true,"href":"https:\/\/ismaelcolosi.com.br\/index.php\/wp-json\/wp\/v2\/users\/1"}],"replies":[{"embeddable":true,"href":"https:\/\/ismaelcolosi.com.br\/index.php\/wp-json\/wp\/v2\/comments?post=86609"}],"version-history":[{"count":0,"href":"https:\/\/ismaelcolosi.com.br\/index.php\/wp-json\/wp\/v2\/posts\/86609\/revisions"}],"wp:attachment":[{"href":"https:\/\/ismaelcolosi.com.br\/index.php\/wp-json\/wp\/v2\/media?parent=86609"}],"wp:term":[{"taxonomy":"category","embeddable":true,"href":"https:\/\/ismaelcolosi.com.br\/index.php\/wp-json\/wp\/v2\/categories?post=86609"},{"taxonomy":"post_tag","embeddable":true,"href":"https:\/\/ismaelcolosi.com.br\/index.php\/wp-json\/wp\/v2\/tags?post=86609"}],"curies":[{"name":"wp","href":"https:\/\/api.w.org\/{rel}","templated":true}]}}