{"id":86598,"date":"2025-07-10T11:58:35","date_gmt":"2025-07-10T14:58:35","guid":{"rendered":"https:\/\/ismaelcolosi.com.br\/index.php\/2025\/07\/10\/o-que-perfis-curiosos-do-linkedin-dizem-sobre-o-trabalho-no-brasil\/"},"modified":"2025-07-10T11:58:35","modified_gmt":"2025-07-10T14:58:35","slug":"o-que-perfis-curiosos-do-linkedin-dizem-sobre-o-trabalho-no-brasil","status":"publish","type":"post","link":"https:\/\/ismaelcolosi.com.br\/index.php\/2025\/07\/10\/o-que-perfis-curiosos-do-linkedin-dizem-sobre-o-trabalho-no-brasil\/","title":{"rendered":"O Que Perfis Curiosos do Linkedin Dizem sobre o Trabalho no Brasil"},"content":{"rendered":"<p> <br \/>\n<\/p>\n<div>\n<figure class=\"destaque wp-caption\">&#13;<br \/>\n\t\t<img data-recalc-dims=\"1\" width=\"678\" height=\"452\" src=\"https:\/\/i0.wp.com\/forbes.com.br\/wp-content\/uploads\/2025\/07\/papai-noel-milton-beck-768x512.png?resize=678%2C452&#038;ssl=1\" class=\"attachment-medium_large size-medium_large wp-post-image\" alt=\"Foto ilustrativa de um papai noel\" decoding=\"async\" fetchpriority=\"high\" srcset=\"https:\/\/forbes.com.br\/wp-content\/uploads\/2025\/07\/papai-noel-milton-beck-768x512.png 768w, https:\/\/forbes.com.br\/wp-content\/uploads\/2025\/07\/papai-noel-milton-beck-300x200.png 300w, https:\/\/forbes.com.br\/wp-content\/uploads\/2025\/07\/papai-noel-milton-beck-1024x683.png 1024w, https:\/\/forbes.com.br\/wp-content\/uploads\/2025\/07\/papai-noel-milton-beck-800x533.png 800w, https:\/\/forbes.com.br\/wp-content\/uploads\/2025\/07\/papai-noel-milton-beck-165x110.png 165w, https:\/\/forbes.com.br\/wp-content\/uploads\/2025\/07\/papai-noel-milton-beck-120x80.png 120w, https:\/\/forbes.com.br\/wp-content\/uploads\/2025\/07\/papai-noel-milton-beck-150x100.png 150w, https:\/\/forbes.com.br\/wp-content\/uploads\/2025\/07\/papai-noel-milton-beck.png 1500w\" sizes=\"(max-width: 678px) 100vw, 678px\"\/>\t\t<\/p>\n<p>Canva<\/p>\n<p>&#13;<figcaption class=\"wp-caption-text\">Profissionais de todos os contextos, do ch\u00e3o de f\u00e1brica ao home office, t\u00eam usado as redes para mostrar o que sabem fazer <\/figcaption>&#13;<br \/>\n\t<\/figure>\n<div class=\"accessibility\">\n<p>Acessibilidade<\/p>\n<p>&#13;<br \/>\n\t\t\t<button onclick=\"alterFont1()\" id=\"btn1\" class=\"btn\">L<\/button>&#13;<br \/>\n\t\t\t<button onclick=\"alterFont2()\" id=\"btn2\" class=\"btn\" style=\"font-family:Merriweather\">L<\/button>&#13;<br \/>\n\t\t\t<button onclick=\"alterFontSmallerSize()\" id=\"btn3\" class=\"btn\">A-<\/button>&#13;<br \/>\n\t\t\t<button onclick=\"alterFontBiggerSize()\" id=\"btn4\" class=\"btn\">A+<\/button>&#13;<br \/>\n\t\t\t<!--<button onclick='alterFontBolder()' id='btn5' class=\"btn\" >B<\/button>-->&#13;<br \/>\n\t\t\t<button onclick=\"alterBackground()\" id=\"btn6\" class=\"btn\">\u25d0<\/button>&#13;<br \/>\n\t\t\t<!--<button onclick='clean()' id='btn7' class=\"btn\" >Limpar<\/button>-->&#13;\n\t\t<\/p>\n<\/p><\/div>\n<p><span style=\"font-weight: 400;\"><strong>Papais no\u00e9is, mec\u00e2nicos, palha\u00e7os, celebridades<\/strong> e muito mais. Esses n\u00e3o s\u00e3o exemplos que normalmente associamos a uma <strong>rede social<\/strong> voltada \u00e0 vida <strong>profissional<\/strong>, mas eles est\u00e3o l\u00e1, lado a lado com <strong>engenheiros(as), advogados(as) e CEOs.<\/strong> E isso diz muito sobre como o mundo do <strong>trabalho<\/strong> est\u00e1 mudando, e como o Brasil vive essa transforma\u00e7\u00e3o de forma muito particular.<\/span><\/p>\n<p><span style=\"font-weight: 400;\">Segundo dados da <strong>Organiza\u00e7\u00e3o Internacional do Trabalho<\/strong>, uma pessoa adulta passa, em m\u00e9dia, cerca de um ter\u00e7o da sua vida ativa trabalhando. S\u00e3o muitas horas por semana, muitos anos seguidos. Ent\u00e3o, n\u00e3o deveria ser apenas sobre <strong>bater metas ou entregar tarefas<\/strong>, mas tamb\u00e9m sobre aprender, errar, trocar ideias e criar v\u00ednculos. Talvez por isso, atualmente, tanta gente queira contar como vive essa experi\u00eancia. Mostrar algo que deu certo, dividir um desafio, compartilhar um aprendizado.\u00a0<\/span><\/p>\n<aside>\n<h2>Leia tamb\u00e9m<\/h2>\n<\/aside>\n<p><span style=\"font-weight: 400;\">Esse novo cen\u00e1rio \u00e9 resultado de <strong>v\u00e1rias mudan\u00e7as<\/strong> que est\u00e3o transformando a <strong>sociedade<\/strong>, como o crescimento do trabalho aut\u00f4nomo, que une <strong>criatividade e necessidade<\/strong>, caracter\u00edsticas t\u00edpicas dos(as) brasileiro(as). Tamb\u00e9m o surgimento de novos cargos, muitas vezes, dif\u00edceis de definir de imediato \u2013 afinal, o que faz exatamente um(a) gestor(a) de comunidade? Ou um(a) engenheiro(a) de prompts? Nas plataformas online, a resposta aparece na pr\u00e1tica: em posts, relatos, trocas. E, talvez a transforma\u00e7\u00e3o mais importante, h\u00e1 uma mudan\u00e7a de perspectiva sobre <strong>quem pode, e deve, participar das conversas<\/strong> sobre o mundo do trabalho.<\/span><\/p>\n<p><span style=\"font-weight: 400;\">O que se v\u00ea ali, hoje, \u00e9 um retrato das diferentes formas de trabalhar, se sustentar, se reinventar. <strong>Profissionais de todos os contextos<\/strong>, do ch\u00e3o de f\u00e1brica ao home office, t\u00eam usado as redes para <strong>mostrar o que sabem fazer<\/strong> e tamb\u00e9m aprender o que ainda podem melhorar. E isso n\u00e3o est\u00e1 mais restrito a quem ocupa <strong>cargos altos<\/strong> ou tem um diploma prestigiado. No fim das contas, todo mundo quer compartilhar conquistas e aprendizados. Por isso, que bom que\u00a0 j\u00e1 vemos muitos profissionais postando com orgulho de uma maquiagem bem feita, de uma venda dif\u00edcil que se concretizou, de uma vitrine montada com cuidado ou de um carro finalizado com precis\u00e3o na linha de produ\u00e7\u00e3o. Cada um com seu jeito, sua linguagem, sua <strong>hist\u00f3ria<\/strong>.<\/span><\/p>\n<p><span style=\"font-weight: 400;\">E o mais interessante \u00e9 que tamb\u00e9m h\u00e1 espa\u00e7o para a <strong>vulnerabilidade<\/strong>. Muitos t\u00eam compartilhado o que n\u00e3o deu certo, um erro no atendimento, um projeto que n\u00e3o saiu como o esperado, um desafio enfrentado no dia a dia. Esses relatos mostram que <strong>aprender em p\u00fablico<\/strong>, com coragem e transpar\u00eancia, tamb\u00e9m \u00e9 uma forma de <strong>construir autoridade<\/strong>.<\/span><\/p>\n<h2><b>A nova forma de se posicionar<\/b><\/h2>\n<p><span style=\"font-weight: 400;\">Essas mudan\u00e7as de perspectiva n\u00e3o s\u00e3o apenas conceituais, elas se manifestam todos os dias em como as pessoas escolhem contar suas hist\u00f3rias. Vi, recentemente, o caso de um <strong>profissional da \u00e1rea da beleza<\/strong> que come\u00e7ou a publicar relatos dos seus atendimentos no LinkedIn, compartilhando n\u00e3o apenas o resultado das <strong>maquiagens<\/strong>, mas tamb\u00e9m as hist\u00f3rias por tr\u00e1s de cada encontro. Ele escrevia sobre os pedidos inusitados, os dilemas das clientes, os aprendizados t\u00e9cnicos e humanos que surgiam a cada sess\u00e3o. Al\u00e9m de atrair novos trabalhos, passou a ser convidado para <strong>a\u00e7\u00f5es internas em empresas<\/strong>, algo que n\u00e3o fazia parte do seu escopo inicial. Ou seja, a forma como passou a se posicionar na rede, atraiu novas oportunidades de neg\u00f3cio. E ele n\u00e3o est\u00e1 sozinho: hist\u00f3rias como essa t\u00eam se multiplicado e mostram que, mais do que mostrar o que se faz, h\u00e1 valor em mostrar como se faz. Afinal, quem n\u00e3o gosta de uma boa hist\u00f3ria?<\/span><\/p>\n<p><span style=\"font-weight: 400;\">Esse tipo de uso chama aten\u00e7\u00e3o porque revela o<strong> valor da narrativa profissional<\/strong> como ferramenta de reconhecimento. N\u00e3o se trata apenas de \u201cestar no LinkedIn\u201d, mas de entender o ambiente como uma vitrine \u2013 n\u00e3o no vi\u00e9s publicit\u00e1rio, mas no sentido narrativo. Pessoas que antes n\u00e3o se viam como parte de um espa\u00e7o considerado \u201ccorporativo\u201d agora est\u00e3o escrevendo sobre suas pr\u00f3prias perspectivas e vis\u00f5es do mundo do trabalho, e esse conte\u00fado \u00e9 riqu\u00edssimo.<\/span><\/p>\n<h3><b>Um jeito brasileiro de se conectar<\/b><\/h3>\n<p><span style=\"font-weight: 400;\">Quando olhamos para o uso do LinkedIn em diferentes pa\u00edses, o comportamento <strong>brasileiro se destaca<\/strong> por sua informalidade e abertura. Nos <strong>Estados Unidos<\/strong>, por exemplo, o conte\u00fado tende a ser mais <strong>t\u00e9cnico<\/strong> e centrado em realiza\u00e7\u00f5es. Em pa\u00edses como <strong>Alemanha ou Reino Unido<\/strong>, a <strong>hierarquia<\/strong> \u00e9 mais r\u00edgida, e o tom costuma ser mais formal.\u00a0<\/span><\/p>\n<p><span style=\"font-weight: 400;\">No Brasil, a l\u00f3gica \u00e9 outra. A hierarquia existe, mas temos uma forte <strong>cultura de conversa, de aproxima\u00e7\u00e3o, de troca<\/strong>, que se reflete na forma como os(as) usu\u00e1rios(as) participam das redes profissionais. Essa disposi\u00e7\u00e3o para o di\u00e1logo cria um ambiente em que perfis fora do universo corporativo tradicional se sentem \u00e0 vontade para se expressar. Profissionais da educa\u00e7\u00e3o, da gastronomia ou que prestam servi\u00e7os diversos encontraram no LinkedIn reconhecimento e escuta.<\/span><\/p>\n<p><span style=\"font-weight: 400;\">\u00c9 essa caracter\u00edstica que ajuda a explicar por que o <strong>Brasil<\/strong> tem se tornado <strong>refer\u00eancia<\/strong> na diversidade de perfis ativos na plataforma. A abertura para ouvir o que vem de fora dos escrit\u00f3rios, a curiosidade por outras experi\u00eancias e a leveza na comunica\u00e7\u00e3o t\u00eam permitido que mais pessoas ocupem esse espa\u00e7o. A consequ\u00eancia \u00e9 um <strong>ambiente mais rico<\/strong>, em que diferentes olhares se encontram e o aprendizado profissional acontece na troca, sem depender de crach\u00e1, cargo ou curr\u00edculo.<\/span><\/p>\n<aside>\n<h2>Escolhas do editor<\/h2>\n<\/aside>\n<p><em><a href=\"https:\/\/www.linkedin.com\/in\/miltonbeck\/?locale=pt_BR\"><strong>Milton Beck<\/strong><\/a>, Diretor Geral do LinkedIn para Am\u00e9rica Latina e \u00c1frica<\/em><\/p>\n<p><em>Os artigos assinados s\u00e3o de responsabilidade exclusiva dos autores e n\u00e3o refletem, necessariamente, a opini\u00e3o de Forbes Brasil e de seus editores.<\/em><\/p>\n<div class=\"follow-us\">Siga o canal da <a href=\"https:\/\/whatsapp.com\/channel\/0029Va9gQKwBFLgM96cJnu0u\" target=\"_blank\" rel=\"noopener noreferrer nofollow\" title=\"Grupo da Forbes no WhatsApp\">Forbes<\/a> no WhatsApp e receba as principais not\u00edcias de empreendedorismo, carreira, tecnologia, agro e lifestyle.<\/div>\n<\/p><\/div>\n<p><script data-debloat-delay=\"1\" type=\"text\/debloat-script\">\n\t\t\t\t(function(d, s, id){\n\t\t\t\t\tvar js, fjs = d.getElementsByTagName(s)[0];\n\t\t\t\t\tif (d.getElementById(id)) return;\n\t\t\t\t\tjs = d.createElement(s); js.id = id;\n\t\t\t\t\tjs.src = \"\/\/connect.facebook.net\/pt_BR\/sdk.js#xfbml=1&version=v2.9\";\n\t\t\t\t\tfjs.parentNode.insertBefore(js, fjs);\n\t\t\t\t}(document, 'script', 'facebook-jssdk'));\n\t\t\t<\/script><br \/>\n<br \/><br \/>\n<br \/><a href=\"https:\/\/forbes.com.br\/coluna\/2025\/07\/o-que-perfis-curiosos-do-linkedin-dizem-sobre-o-trabalho-no-brasil\/\">Source link <\/a><\/p>\n<div class='code-block code-block-4' style='margin: 8px auto 8px 0; text-align: left; display: block; clear: both;'>\n\ud83d\udce2 Aviso Legal\n\nO site ismaelcolosi.com.br atua apenas como um canal de divulga\u00e7\u00e3o de oportunidades de emprego e n\u00e3o se responsabiliza pelo processo seletivo, contrata\u00e7\u00e3o ou qualquer outra etapa relacionada \u00e0s vagas publicadas. Todas as informa\u00e7\u00f5es s\u00e3o de responsabilidade dos anunciantes.\n\n\u26a0\ufe0f Aten\u00e7\u00e3o! Nunca pague por promessas de emprego nem compre cursos que garantam contrata\u00e7\u00e3o. Desconfie de qualquer cobran\u00e7a para participar de sele\u00e7\u00f5es.\n\n\n\n<\/div>\n<!-- CONTENT END 1 -->\n","protected":false},"excerpt":{"rendered":"<p>&#13; Canva &#13;Profissionais de todos os contextos, do ch\u00e3o de f\u00e1brica ao home office, t\u00eam usado as redes para mostrar o que sabem fazer &#13;&#8230;<\/p>\n","protected":false},"author":1,"featured_media":86599,"comment_status":"","ping_status":"open","sticky":false,"template":"","format":"standard","meta":{"_uag_custom_page_level_css":"","advanced_seo_description":"","jetpack_seo_html_title":"","jetpack_seo_noindex":false,"jetpack_post_was_ever_published":false,"_jetpack_newsletter_access":"","_jetpack_dont_email_post_to_subs":false,"_jetpack_newsletter_tier_id":0,"_jetpack_memberships_contains_paywalled_content":false,"_jetpack_memberships_contains_paid_content":false,"footnotes":"","jetpack_publicize_message":"","jetpack_publicize_feature_enabled":true,"jetpack_social_post_already_shared":true,"jetpack_social_options":{"image_generator_settings":{"template":"highway","default_image_id":0,"font":"","enabled":false},"version":2}},"categories":[1964],"tags":[],"class_list":["post-86598","post","type-post","status-publish","format-standard","has-post-thumbnail","hentry","category-carreira-e-sucesso-dicas-para-carreira"],"jetpack_publicize_connections":[],"jetpack_featured_media_url":"https:\/\/i0.wp.com\/ismaelcolosi.com.br\/wp-content\/uploads\/2025\/07\/papai-noel-milton-beck-1200x675.png?fit=1200%2C675&ssl=1","uagb_featured_image_src":{"full":["https:\/\/i0.wp.com\/ismaelcolosi.com.br\/wp-content\/uploads\/2025\/07\/papai-noel-milton-beck-1200x675.png?fit=1200%2C675&ssl=1",1200,675,false],"thumbnail":["https:\/\/i0.wp.com\/ismaelcolosi.com.br\/wp-content\/uploads\/2025\/07\/papai-noel-milton-beck-1200x675.png?resize=150%2C150&ssl=1",150,150,true],"medium":["https:\/\/i0.wp.com\/ismaelcolosi.com.br\/wp-content\/uploads\/2025\/07\/papai-noel-milton-beck-1200x675.png?fit=300%2C169&ssl=1",300,169,true],"medium_large":["https:\/\/i0.wp.com\/ismaelcolosi.com.br\/wp-content\/uploads\/2025\/07\/papai-noel-milton-beck-1200x675.png?fit=768%2C432&ssl=1",768,432,true],"large":["https:\/\/i0.wp.com\/ismaelcolosi.com.br\/wp-content\/uploads\/2025\/07\/papai-noel-milton-beck-1200x675.png?fit=1024%2C576&ssl=1",1024,576,true],"1536x1536":["https:\/\/i0.wp.com\/ismaelcolosi.com.br\/wp-content\/uploads\/2025\/07\/papai-noel-milton-beck-1200x675.png?fit=1200%2C675&ssl=1",1200,675,true],"2048x2048":["https:\/\/i0.wp.com\/ismaelcolosi.com.br\/wp-content\/uploads\/2025\/07\/papai-noel-milton-beck-1200x675.png?fit=1200%2C675&ssl=1",1200,675,true],"really-simple-thumb":["https:\/\/i0.wp.com\/ismaelcolosi.com.br\/wp-content\/uploads\/2025\/07\/papai-noel-milton-beck-1200x675.png?resize=370%2C247&ssl=1",370,247,true]},"uagb_author_info":{"display_name":"ismaelcolosi.com.br","author_link":"https:\/\/ismaelcolosi.com.br\/index.php\/author\/vidareal-online\/"},"uagb_comment_info":0,"uagb_excerpt":"&#13; Canva &#13;Profissionais de todos os contextos, do ch\u00e3o de f\u00e1brica ao home office, t\u00eam usado as redes para mostrar o que sabem fazer &#13;...","jetpack-related-posts":[{"id":14540,"url":"https:\/\/ismaelcolosi.com.br\/index.php\/2023\/12\/12\/quer-ter-sucesso-na-carreira-e-melhor-cuidar-da-aparencia\/","url_meta":{"origin":86598,"position":0},"title":"Quer ter sucesso na carreira? \u00c9 melhor cuidar da apar\u00eancia","author":"ismaelcolosi.com.br","date":"12 de December de 2023","format":false,"excerpt":"Getty ImagesAinda que a apar\u00eancia seja algo subjetivo, profissionais considerados bonitos t\u00eam maior chance de serem contratados e crescerem na carreira Se voc\u00ea est\u00e1 buscando emprego, deve ter em mente uma s\u00e9rie de quest\u00f5es ao se candidatar a uma vaga no LinkedIn ou outra plataforma online. Muitas recomenda\u00e7\u00f5es j\u00e1 n\u00e3o\u2026","rel":"","context":"In &quot;Carreira e Sucesso&quot;","block_context":{"text":"Carreira e Sucesso","link":"https:\/\/ismaelcolosi.com.br\/index.php\/category\/carreira-e-sucesso-dicas-para-carreira\/"},"img":{"alt_text":"","src":"https:\/\/i0.wp.com\/ismaelcolosi.com.br\/wp-content\/uploads\/2023\/12\/carreira-processo-seletivo-aparencia-1024x683.jpg?fit=1024%2C683&ssl=1&resize=350%2C200","width":350,"height":200,"srcset":"https:\/\/i0.wp.com\/ismaelcolosi.com.br\/wp-content\/uploads\/2023\/12\/carreira-processo-seletivo-aparencia-1024x683.jpg?fit=1024%2C683&ssl=1&resize=350%2C200 1x, https:\/\/i0.wp.com\/ismaelcolosi.com.br\/wp-content\/uploads\/2023\/12\/carreira-processo-seletivo-aparencia-1024x683.jpg?fit=1024%2C683&ssl=1&resize=525%2C300 1.5x, https:\/\/i0.wp.com\/ismaelcolosi.com.br\/wp-content\/uploads\/2023\/12\/carreira-processo-seletivo-aparencia-1024x683.jpg?fit=1024%2C683&ssl=1&resize=700%2C400 2x"},"classes":[]},{"id":33999,"url":"https:\/\/ismaelcolosi.com.br\/index.php\/2024\/01\/31\/como-se-destacar-no-trabalho-em-2024-ferramentas-gratis-e-online\/","url_meta":{"origin":86598,"position":1},"title":"Como se destacar no trabalho em 2024: ferramentas gr\u00e1tis e online","author":"ismaelcolosi.com.br","date":"31 de January de 2024","format":false,"excerpt":"Conquistar uma promo\u00e7\u00e3o e ter reconhecimento profissional \u00e9 um dos objetivos da maioria dos trabalhadores \u2013 e apostar em como se destacar no trabalho pode fazer com que isso ocorra mais r\u00e1pido em sua carreira.\u00a0 Para auxiliar, reunimos boas pr\u00e1ticas e ferramentas gratuitas para voc\u00ea buscar qualifica\u00e7\u00e3o e o seu\u2026","rel":"","context":"In &quot;Carreira e Sucesso&quot;","block_context":{"text":"Carreira e Sucesso","link":"https:\/\/ismaelcolosi.com.br\/index.php\/category\/carreira-e-sucesso-dicas-para-carreira\/"},"img":{"alt_text":"","src":"https:\/\/i0.wp.com\/ismaelcolosi.com.br\/wp-content\/uploads\/2024\/01\/aprimorar-conhecimentos.jpg?fit=1200%2C675&ssl=1&resize=350%2C200","width":350,"height":200,"srcset":"https:\/\/i0.wp.com\/ismaelcolosi.com.br\/wp-content\/uploads\/2024\/01\/aprimorar-conhecimentos.jpg?fit=1200%2C675&ssl=1&resize=350%2C200 1x, https:\/\/i0.wp.com\/ismaelcolosi.com.br\/wp-content\/uploads\/2024\/01\/aprimorar-conhecimentos.jpg?fit=1200%2C675&ssl=1&resize=525%2C300 1.5x, https:\/\/i0.wp.com\/ismaelcolosi.com.br\/wp-content\/uploads\/2024\/01\/aprimorar-conhecimentos.jpg?fit=1200%2C675&ssl=1&resize=700%2C400 2x, https:\/\/i0.wp.com\/ismaelcolosi.com.br\/wp-content\/uploads\/2024\/01\/aprimorar-conhecimentos.jpg?fit=1200%2C675&ssl=1&resize=1050%2C600 3x"},"classes":[]},{"id":83331,"url":"https:\/\/ismaelcolosi.com.br\/index.php\/2025\/02\/25\/mercado-de-trabalho-em-2025-as-principais-tendencias-para-quem-deseja-mudar-de-area\/","url_meta":{"origin":86598,"position":2},"title":"Mercado de trabalho em 2025: as principais tend\u00eancias para quem deseja mudar de \u00e1rea","author":"ismaelcolosi.com.br","date":"25 de February de 2025","format":false,"excerpt":"Forbes, a mais conceituada revista de neg\u00f3cios e economia do mundo. \u00a0 Sabemos que o mercado de trabalho passou por mudan\u00e7as significativas nos \u00faltimos anos. Novos cargos foram criados, as expectativas de empregadores e profissionais evolu\u00edram, e as compet\u00eancias demandadas se transformaram de forma expressiva. Estima-se que, at\u00e9 2030, 75%\u2026","rel":"","context":"In &quot;Carreira e Sucesso&quot;","block_context":{"text":"Carreira e Sucesso","link":"https:\/\/ismaelcolosi.com.br\/index.php\/category\/carreira-e-sucesso-dicas-para-carreira\/"},"img":{"alt_text":"Foto do cfundador do LinkedIn, Reid Hoffman","src":"https:\/\/i0.wp.com\/forbes.com.br\/wp-content\/uploads\/2025\/02\/COFUNDADOR-DO-LINKEDIN-326x245.png?resize=350%2C200&ssl=1","width":350,"height":200},"classes":[]},{"id":83383,"url":"https:\/\/ismaelcolosi.com.br\/index.php\/2025\/02\/26\/mercado-de-trabalho-em-2025-as-principais-tendencias-para-quem-deseja-mudar-de-area-2\/","url_meta":{"origin":86598,"position":3},"title":"Mercado de trabalho em 2025: as principais tend\u00eancias para quem deseja mudar de \u00e1rea","author":"ismaelcolosi.com.br","date":"26 de February de 2025","format":false,"excerpt":"Forbes, a mais conceituada revista de neg\u00f3cios e economia do mundo. \u00a0 Sabemos que o mercado de trabalho passou por mudan\u00e7as significativas nos \u00faltimos anos. Novos cargos foram criados, as expectativas de empregadores e profissionais evolu\u00edram, e as compet\u00eancias demandadas se transformaram de forma expressiva. Estima-se que, at\u00e9 2030, 75%\u2026","rel":"","context":"In &quot;Carreira e Sucesso&quot;","block_context":{"text":"Carreira e Sucesso","link":"https:\/\/ismaelcolosi.com.br\/index.php\/category\/carreira-e-sucesso-dicas-para-carreira\/"},"img":{"alt_text":"Foto do cfundador do LinkedIn, Reid Hoffman","src":"https:\/\/i0.wp.com\/forbes.com.br\/wp-content\/uploads\/2025\/02\/COFUNDADOR-DO-LINKEDIN-326x245.png?resize=350%2C200&ssl=1","width":350,"height":200},"classes":[]},{"id":18591,"url":"https:\/\/ismaelcolosi.com.br\/index.php\/2023\/12\/20\/5-atualizacoes-para-fazer-no-seu-perfil-do-linkedin\/","url_meta":{"origin":86598,"position":4},"title":"5 atualiza\u00e7\u00f5es para fazer no seu perfil do LinkedIn","author":"ismaelcolosi.com.br","date":"20 de December de 2023","format":false,"excerpt":"Getty ImagesPerfis do LinkedIn que atualizam suas habilidades t\u00eam 31 vezes mais chances de serem selecionados por recrutadores Com uma base de mais de um bilh\u00e3o de usu\u00e1rios, recrutadores e empresas, o LinkedIn \u00e9 uma poderosa rede profissional. \u00c9 visto como um \u201ccurr\u00edculo virtual\u201d e um ambiente onde podemos nos\u2026","rel":"","context":"In &quot;Carreira e Sucesso&quot;","block_context":{"text":"Carreira e Sucesso","link":"https:\/\/ismaelcolosi.com.br\/index.php\/category\/carreira-e-sucesso-dicas-para-carreira\/"},"img":{"alt_text":"","src":"https:\/\/i0.wp.com\/ismaelcolosi.com.br\/wp-content\/uploads\/2023\/12\/carreira-linkedin-atualizacao-1024x683.jpg?fit=1024%2C683&ssl=1&resize=350%2C200","width":350,"height":200,"srcset":"https:\/\/i0.wp.com\/ismaelcolosi.com.br\/wp-content\/uploads\/2023\/12\/carreira-linkedin-atualizacao-1024x683.jpg?fit=1024%2C683&ssl=1&resize=350%2C200 1x, https:\/\/i0.wp.com\/ismaelcolosi.com.br\/wp-content\/uploads\/2023\/12\/carreira-linkedin-atualizacao-1024x683.jpg?fit=1024%2C683&ssl=1&resize=525%2C300 1.5x, https:\/\/i0.wp.com\/ismaelcolosi.com.br\/wp-content\/uploads\/2023\/12\/carreira-linkedin-atualizacao-1024x683.jpg?fit=1024%2C683&ssl=1&resize=700%2C400 2x"},"classes":[]},{"id":49330,"url":"https:\/\/ismaelcolosi.com.br\/index.php\/2024\/05\/10\/profissionais-remotos-estao-tirando-ferias-clandestinas\/","url_meta":{"origin":86598,"position":5},"title":"Profissionais remotos est\u00e3o tirando f\u00e9rias clandestinas","author":"ismaelcolosi.com.br","date":"10 de May de 2024","format":false,"excerpt":"Getty Images\u201cHush-cations\u201d, ou \u201cf\u00e9rias silenciosas\u201d, ajudam a aliviar o estresse no trabalho e aumentar a reten\u00e7\u00e3o dos profissionais Profissionais est\u00e3o tirando f\u00e9rias informalmente, sem se afastarem do trabalho ou revelarem sua localiza\u00e7\u00e3o para os chefes. Depois do quiet quitting, coffee badging e outros termos que surgiram no mundo do trabalho\u2026","rel":"","context":"In &quot;Carreira e Sucesso&quot;","block_context":{"text":"Carreira e Sucesso","link":"https:\/\/ismaelcolosi.com.br\/index.php\/category\/carreira-e-sucesso-dicas-para-carreira\/"},"img":{"alt_text":"","src":"https:\/\/i0.wp.com\/ismaelcolosi.com.br\/wp-content\/uploads\/2024\/05\/carreira-trabalho-ferias-1024x683.jpg?fit=1024%2C683&ssl=1&resize=350%2C200","width":350,"height":200,"srcset":"https:\/\/i0.wp.com\/ismaelcolosi.com.br\/wp-content\/uploads\/2024\/05\/carreira-trabalho-ferias-1024x683.jpg?fit=1024%2C683&ssl=1&resize=350%2C200 1x, https:\/\/i0.wp.com\/ismaelcolosi.com.br\/wp-content\/uploads\/2024\/05\/carreira-trabalho-ferias-1024x683.jpg?fit=1024%2C683&ssl=1&resize=525%2C300 1.5x, https:\/\/i0.wp.com\/ismaelcolosi.com.br\/wp-content\/uploads\/2024\/05\/carreira-trabalho-ferias-1024x683.jpg?fit=1024%2C683&ssl=1&resize=700%2C400 2x"},"classes":[]}],"jetpack_sharing_enabled":true,"jetpack_shortlink":"https:\/\/wp.me\/pfMlyK-mwK","_links":{"self":[{"href":"https:\/\/ismaelcolosi.com.br\/index.php\/wp-json\/wp\/v2\/posts\/86598","targetHints":{"allow":["GET"]}}],"collection":[{"href":"https:\/\/ismaelcolosi.com.br\/index.php\/wp-json\/wp\/v2\/posts"}],"about":[{"href":"https:\/\/ismaelcolosi.com.br\/index.php\/wp-json\/wp\/v2\/types\/post"}],"author":[{"embeddable":true,"href":"https:\/\/ismaelcolosi.com.br\/index.php\/wp-json\/wp\/v2\/users\/1"}],"replies":[{"embeddable":true,"href":"https:\/\/ismaelcolosi.com.br\/index.php\/wp-json\/wp\/v2\/comments?post=86598"}],"version-history":[{"count":0,"href":"https:\/\/ismaelcolosi.com.br\/index.php\/wp-json\/wp\/v2\/posts\/86598\/revisions"}],"wp:featuredmedia":[{"embeddable":true,"href":"https:\/\/ismaelcolosi.com.br\/index.php\/wp-json\/wp\/v2\/media\/86599"}],"wp:attachment":[{"href":"https:\/\/ismaelcolosi.com.br\/index.php\/wp-json\/wp\/v2\/media?parent=86598"}],"wp:term":[{"taxonomy":"category","embeddable":true,"href":"https:\/\/ismaelcolosi.com.br\/index.php\/wp-json\/wp\/v2\/categories?post=86598"},{"taxonomy":"post_tag","embeddable":true,"href":"https:\/\/ismaelcolosi.com.br\/index.php\/wp-json\/wp\/v2\/tags?post=86598"}],"curies":[{"name":"wp","href":"https:\/\/api.w.org\/{rel}","templated":true}]}}