{"id":86198,"date":"2025-06-17T16:19:36","date_gmt":"2025-06-17T19:19:36","guid":{"rendered":"https:\/\/ismaelcolosi.com.br\/index.php\/2025\/06\/17\/lista-de-candidatos-a-ceo-da-renault-inclui-vp-da-stellantis-dizem-analistas\/"},"modified":"2025-06-17T16:19:36","modified_gmt":"2025-06-17T19:19:36","slug":"lista-de-candidatos-a-ceo-da-renault-inclui-vp-da-stellantis-dizem-analistas","status":"publish","type":"post","link":"https:\/\/ismaelcolosi.com.br\/index.php\/2025\/06\/17\/lista-de-candidatos-a-ceo-da-renault-inclui-vp-da-stellantis-dizem-analistas\/","title":{"rendered":"Lista de Candidatos a CEO da Renault Inclui VP da Stellantis, Dizem Analistas"},"content":{"rendered":"<p> <br \/>\n<\/p>\n<div>\n<figure class=\"destaque wp-caption\">&#13;<br \/>\n\t\t<img data-recalc-dims=\"1\" width=\"678\" height=\"452\" src=\"https:\/\/i0.wp.com\/forbes.com.br\/wp-content\/uploads\/2025\/06\/Forbes_Denis-Le-Vot-CEO-da-Dacia-durante-uma-coletiva-de-imprensa-no-dia-da-midia-no-Salao-do-Automovel-de-Paris-2024-768x512.jpg?resize=678%2C452&#038;ssl=1\" class=\"attachment-medium_large size-medium_large wp-post-image\" alt=\"\" decoding=\"async\" fetchpriority=\"high\" srcset=\"https:\/\/forbes.com.br\/wp-content\/uploads\/2025\/06\/Forbes_Denis-Le-Vot-CEO-da-Dacia-durante-uma-coletiva-de-imprensa-no-dia-da-midia-no-Salao-do-Automovel-de-Paris-2024-768x512.jpg 768w, https:\/\/forbes.com.br\/wp-content\/uploads\/2025\/06\/Forbes_Denis-Le-Vot-CEO-da-Dacia-durante-uma-coletiva-de-imprensa-no-dia-da-midia-no-Salao-do-Automovel-de-Paris-2024-300x200.jpg 300w, https:\/\/forbes.com.br\/wp-content\/uploads\/2025\/06\/Forbes_Denis-Le-Vot-CEO-da-Dacia-durante-uma-coletiva-de-imprensa-no-dia-da-midia-no-Salao-do-Automovel-de-Paris-2024-1024x683.jpg 1024w, https:\/\/forbes.com.br\/wp-content\/uploads\/2025\/06\/Forbes_Denis-Le-Vot-CEO-da-Dacia-durante-uma-coletiva-de-imprensa-no-dia-da-midia-no-Salao-do-Automovel-de-Paris-2024-800x533.jpg 800w, https:\/\/forbes.com.br\/wp-content\/uploads\/2025\/06\/Forbes_Denis-Le-Vot-CEO-da-Dacia-durante-uma-coletiva-de-imprensa-no-dia-da-midia-no-Salao-do-Automovel-de-Paris-2024-165x110.jpg 165w, https:\/\/forbes.com.br\/wp-content\/uploads\/2025\/06\/Forbes_Denis-Le-Vot-CEO-da-Dacia-durante-uma-coletiva-de-imprensa-no-dia-da-midia-no-Salao-do-Automovel-de-Paris-2024-120x80.jpg 120w, https:\/\/forbes.com.br\/wp-content\/uploads\/2025\/06\/Forbes_Denis-Le-Vot-CEO-da-Dacia-durante-uma-coletiva-de-imprensa-no-dia-da-midia-no-Salao-do-Automovel-de-Paris-2024-150x100.jpg 150w, https:\/\/forbes.com.br\/wp-content\/uploads\/2025\/06\/Forbes_Denis-Le-Vot-CEO-da-Dacia-durante-uma-coletiva-de-imprensa-no-dia-da-midia-no-Salao-do-Automovel-de-Paris-2024.jpg 1500w\" sizes=\"(max-width: 678px) 100vw, 678px\"\/>\t\t<\/p>\n<p>Reuters<\/p>\n<p>&#13;<figcaption class=\"wp-caption-text\">Denis Le Vot, CEO da Dacia, durante uma coletiva de imprensa no dia da mi\u0301dia no Sala\u0303o do Automo\u0301vel de Paris 2024<\/figcaption>&#13;<br \/>\n\t<\/figure>\n<div class=\"accessibility\">\n<p>Acessibilidade<\/p>\n<p>&#13;<br \/>\n\t\t\t<button onclick=\"alterFont1()\" id=\"btn1\" class=\"btn\">L<\/button>&#13;<br \/>\n\t\t\t<button onclick=\"alterFont2()\" id=\"btn2\" class=\"btn\" style=\"font-family:Merriweather\">L<\/button>&#13;<br \/>\n\t\t\t<button onclick=\"alterFontSmallerSize()\" id=\"btn3\" class=\"btn\">A-<\/button>&#13;<br \/>\n\t\t\t<button onclick=\"alterFontBiggerSize()\" id=\"btn4\" class=\"btn\">A+<\/button>&#13;<br \/>\n\t\t\t<!--<button onclick='alterFontBolder()' id='btn5' class=\"btn\" >B<\/button>-->&#13;<br \/>\n\t\t\t<button onclick=\"alterBackground()\" id=\"btn6\" class=\"btn\">\u25d0<\/button>&#13;<br \/>\n\t\t\t<!--<button onclick='clean()' id='btn7' class=\"btn\" >Limpar<\/button>-->&#13;\n\t\t<\/p><div class='code-block code-block-8' style='margin: 8px auto; text-align: center; display: block; clear: both;'>\n<script>\n  atOptions = {\n    'key' : '66e2e2111ca34da796271819fc334058',\n    'format' : 'iframe',\n    'height' : 250,\n    'width' : 300,\n    'params' : {}\n  };\n<\/script>\n<script src=\"https:\/\/www.highperformanceformat.com\/66e2e2111ca34da796271819fc334058\/invoke.js\"><\/script>\n<\/div>\n\n<\/p><\/div>\n<p class=\"ai-optimize-6 ai-optimize-introduction\">A sa\u00edda<span class=\"highlight\" data-qa-component=\"highlight-text\">\u00a0de\u00a0<\/span>Luca<span class=\"highlight\" data-qa-component=\"highlight-text\">\u00a0de\u00a0<\/span>Meo do cargo<span class=\"highlight\" data-qa-component=\"highlight-text\">\u00a0de\u00a0<\/span>presi<span class=\"highlight\" data-qa-component=\"highlight-text\">de<\/span>nte-executivo da Renault<span class=\"highlight\" data-qa-component=\"highlight-text\">\u00a0de<\/span>u in\u00edcio a uma busca por seu sucessor, com ana<span class=\"highlight\" data-qa-component=\"highlight-text\">lista<\/span>s mencionando o atual vice-presi<span class=\"highlight\" data-qa-component=\"highlight-text\">de<\/span>nte executivo<span class=\"highlight\" data-qa-component=\"highlight-text\">\u00a0De<\/span>nis Le Vot e Maxime Picat, executivo da rival Stellantis, como poss\u00edveis<span class=\"highlight\" data-qa-component=\"highlight-text\">\u00a0candidatos\u00a0<\/span>para dar continuida<span class=\"highlight\" data-qa-component=\"highlight-text\">de\u00a0<\/span>\u00e0 recupera\u00e7\u00e3o da montadora francesa.<\/p>\n<p class=\"ai-optimize-7\">As a\u00e7\u00f5es da Renault ca\u00edram at\u00e9 8% na segunda-feira, a maior queda percentual em um dia<span class=\"highlight\" data-qa-component=\"highlight-text\">\u00a0de<\/span>s<span class=\"highlight\" data-qa-component=\"highlight-text\">de\u00a0<\/span>fevereiro<span class=\"highlight\" data-qa-component=\"highlight-text\">\u00a0de\u00a0<\/span>2022, refletindo a preocupa\u00e7\u00e3o entre os investidores com o futuro da empresa sem<span class=\"highlight\" data-qa-component=\"highlight-text\">\u00a0de\u00a0<\/span>Meo no comando. As a\u00e7\u00f5es da Kering, on<span class=\"highlight\" data-qa-component=\"highlight-text\">de\u00a0<\/span>ele se tornar\u00e1 presi<span class=\"highlight\" data-qa-component=\"highlight-text\">de<\/span>nte-executivo, se recuperaram.<\/p>\n<p class=\"ai-optimize-13\">\n<aside>\n<h2>Leia tamb\u00e9m<\/h2>\n<\/aside>\n<p class=\"ai-optimize-8\">Picat, que \u00e9 chefe<span class=\"highlight\" data-qa-component=\"highlight-text\">\u00a0de\u00a0<\/span>compras globais e ca<span class=\"highlight\" data-qa-component=\"highlight-text\">de<\/span>ias<span class=\"highlight\" data-qa-component=\"highlight-text\">\u00a0de\u00a0<\/span>suprimentos da Stellantis , estava concorrendo ao cargo<span class=\"highlight\" data-qa-component=\"highlight-text\">\u00a0de\u00a0<\/span>CEO da quarta maior montadora do mundo. Ele era um dos dois<span class=\"highlight\" data-qa-component=\"highlight-text\">\u00a0candidatos\u00a0<\/span>internos, mas per<span class=\"highlight\" data-qa-component=\"highlight-text\">de<\/span>u para Antonio Filosa.<\/p>\n<p class=\"ai-optimize-9\">Outro potencial candidato, o vice-presi<span class=\"highlight\" data-qa-component=\"highlight-text\">de<\/span>nte executivo Le\u00a0Vot, ingressou na Renault ap\u00f3s terminar a universida<span class=\"highlight\" data-qa-component=\"highlight-text\">de\u00a0<\/span>e comanda a marca Dacia<span class=\"highlight\" data-qa-component=\"highlight-text\">\u00a0de<\/span>s<span class=\"highlight\" data-qa-component=\"highlight-text\">de\u00a0<\/span>maio<span class=\"highlight\" data-qa-component=\"highlight-text\">\u00a0de\u00a0<\/span>2022.<\/p>\n<p class=\"ai-optimize-10\">Ana<span class=\"highlight\" data-qa-component=\"highlight-text\">lista<\/span>s da corretora francesa Kepler Cheuvreux disseram que os dois<span class=\"highlight\" data-qa-component=\"highlight-text\">\u00a0candidatos\u00a0<\/span>po<span class=\"highlight\" data-qa-component=\"highlight-text\">de<\/span>riam ser sucessores, enquanto o ana<span class=\"highlight\" data-qa-component=\"highlight-text\">lista\u00a0<\/span>do JP Morgan, Jose Asumendi, observou a \u201cforte base\u201d<span class=\"highlight\" data-qa-component=\"highlight-text\">\u00a0de\u00a0<\/span>gerentes<span class=\"highlight\" data-qa-component=\"highlight-text\">\u00a0de\u00a0<\/span>marca da Renault, inclusive na Dacia.<\/p>\n<p class=\"ai-optimize-11\">\u201cN\u00f3s (\u2026) tamb\u00e9m vislumbramos poss\u00edveis<span class=\"highlight\" data-qa-component=\"highlight-text\">\u00a0candidatos\u00a0<\/span>externos (<span class=\"highlight\" data-qa-component=\"highlight-text\">de\u00a0<\/span>outras empresas), como Stellantis, VW Group, Nissan, entre outros concorrentes\u201d, disse Asumendi.<\/p>\n<p class=\"ai-optimize-12\">Le Vot e Picat, ambos<span class=\"highlight\" data-qa-component=\"highlight-text\">\u00a0de\u00a0<\/span>nacionalida<span class=\"highlight\" data-qa-component=\"highlight-text\">de\u00a0<\/span>francesa, n\u00e3o respon<span class=\"highlight\" data-qa-component=\"highlight-text\">de<\/span>ram imediatamente aos pedidos<span class=\"highlight\" data-qa-component=\"highlight-text\">\u00a0de\u00a0<\/span>coment\u00e1rios. A Renault n\u00e3o quis comentar sobre seus planos<span class=\"highlight\" data-qa-component=\"highlight-text\">\u00a0de\u00a0<\/span>sucess\u00e3o.<\/p>\n<p class=\"ai-optimize-14\">\n<aside>\n<h2>Escolhas do editor<\/h2>\n<\/aside>\n<div class=\"follow-us\">Siga o canal da <a href=\"https:\/\/whatsapp.com\/channel\/0029Va9gQKwBFLgM96cJnu0u\" target=\"_blank\" rel=\"noopener noreferrer nofollow\" title=\"Grupo da Forbes no WhatsApp\">Forbes<\/a> no WhatsApp e receba as principais not\u00edcias de empreendedorismo, carreira, tecnologia, agro e lifestyle.<\/div>\n<\/p><\/div>\n<p><script data-debloat-delay=\"1\" type=\"text\/debloat-script\">\n\t\t\t\t(function(d, s, id){\n\t\t\t\t\tvar js, fjs = d.getElementsByTagName(s)[0];\n\t\t\t\t\tif (d.getElementById(id)) return;\n\t\t\t\t\tjs = d.createElement(s); js.id = id;\n\t\t\t\t\tjs.src = \"\/\/connect.facebook.net\/pt_BR\/sdk.js#xfbml=1&version=v2.9\";\n\t\t\t\t\tfjs.parentNode.insertBefore(js, fjs);\n\t\t\t\t}(document, 'script', 'facebook-jssdk'));\n\t\t\t<\/script><br \/>\n<br \/><br \/>\n<br \/><a href=\"https:\/\/forbes.com.br\/carreira\/2025\/06\/lista-de-candidatos-a-ceo-da-renault-inclui-vp-da-stellantis-dizem-analistas\/\">Source link <\/a><\/p>\n<div class='code-block code-block-4' style='margin: 8px auto 8px 0; text-align: left; display: block; clear: both;'>\n\ud83d\udce2 Aviso Legal\n\nO site ismaelcolosi.com.br atua apenas como um canal de divulga\u00e7\u00e3o de oportunidades de emprego e n\u00e3o se responsabiliza pelo processo seletivo, contrata\u00e7\u00e3o ou qualquer outra etapa relacionada \u00e0s vagas publicadas. Todas as informa\u00e7\u00f5es s\u00e3o de responsabilidade dos anunciantes.\n\n\u26a0\ufe0f Aten\u00e7\u00e3o! Nunca pague por promessas de emprego nem compre cursos que garantam contrata\u00e7\u00e3o. Desconfie de qualquer cobran\u00e7a para participar de sele\u00e7\u00f5es.\n\n\n\n<\/div>\n<!-- CONTENT END 1 -->\n","protected":false},"excerpt":{"rendered":"<p>&#13; Reuters &#13;Denis Le Vot, CEO da Dacia, durante uma coletiva de imprensa no dia da mi\u0301dia no Sala\u0303o do Automo\u0301vel de Paris 2024&#13; Acessibilidade&#8230;<\/p>\n","protected":false},"author":1,"featured_media":86199,"comment_status":"","ping_status":"open","sticky":false,"template":"","format":"standard","meta":{"_uag_custom_page_level_css":"","advanced_seo_description":"","jetpack_seo_html_title":"","jetpack_seo_noindex":false,"jetpack_post_was_ever_published":false,"_jetpack_newsletter_access":"","_jetpack_dont_email_post_to_subs":false,"_jetpack_newsletter_tier_id":0,"_jetpack_memberships_contains_paywalled_content":false,"_jetpack_memberships_contains_paid_content":false,"footnotes":"","jetpack_publicize_message":"","jetpack_publicize_feature_enabled":true,"jetpack_social_post_already_shared":true,"jetpack_social_options":{"image_generator_settings":{"template":"highway","default_image_id":0,"font":"","enabled":false},"version":2}},"categories":[1964],"tags":[],"class_list":["post-86198","post","type-post","status-publish","format-standard","has-post-thumbnail","hentry","category-carreira-e-sucesso-dicas-para-carreira"],"jetpack_publicize_connections":[],"jetpack_featured_media_url":"https:\/\/i0.wp.com\/ismaelcolosi.com.br\/wp-content\/uploads\/2025\/06\/Forbes_Denis-Le-Vot-CEO-da-Dacia-durante-uma-coletiva-de-imprensa-no-dia-da-midia-no-Salao-do-Automovel-de-Paris-2024-1200x675.jpg?fit=1200%2C675&ssl=1","uagb_featured_image_src":{"full":["https:\/\/i0.wp.com\/ismaelcolosi.com.br\/wp-content\/uploads\/2025\/06\/Forbes_Denis-Le-Vot-CEO-da-Dacia-durante-uma-coletiva-de-imprensa-no-dia-da-midia-no-Salao-do-Automovel-de-Paris-2024-1200x675.jpg?fit=1200%2C675&ssl=1",1200,675,false],"thumbnail":["https:\/\/i0.wp.com\/ismaelcolosi.com.br\/wp-content\/uploads\/2025\/06\/Forbes_Denis-Le-Vot-CEO-da-Dacia-durante-uma-coletiva-de-imprensa-no-dia-da-midia-no-Salao-do-Automovel-de-Paris-2024-1200x675.jpg?resize=150%2C150&ssl=1",150,150,true],"medium":["https:\/\/i0.wp.com\/ismaelcolosi.com.br\/wp-content\/uploads\/2025\/06\/Forbes_Denis-Le-Vot-CEO-da-Dacia-durante-uma-coletiva-de-imprensa-no-dia-da-midia-no-Salao-do-Automovel-de-Paris-2024-1200x675.jpg?fit=300%2C169&ssl=1",300,169,true],"medium_large":["https:\/\/i0.wp.com\/ismaelcolosi.com.br\/wp-content\/uploads\/2025\/06\/Forbes_Denis-Le-Vot-CEO-da-Dacia-durante-uma-coletiva-de-imprensa-no-dia-da-midia-no-Salao-do-Automovel-de-Paris-2024-1200x675.jpg?fit=768%2C432&ssl=1",768,432,true],"large":["https:\/\/i0.wp.com\/ismaelcolosi.com.br\/wp-content\/uploads\/2025\/06\/Forbes_Denis-Le-Vot-CEO-da-Dacia-durante-uma-coletiva-de-imprensa-no-dia-da-midia-no-Salao-do-Automovel-de-Paris-2024-1200x675.jpg?fit=1024%2C576&ssl=1",1024,576,true],"1536x1536":["https:\/\/i0.wp.com\/ismaelcolosi.com.br\/wp-content\/uploads\/2025\/06\/Forbes_Denis-Le-Vot-CEO-da-Dacia-durante-uma-coletiva-de-imprensa-no-dia-da-midia-no-Salao-do-Automovel-de-Paris-2024-1200x675.jpg?fit=1200%2C675&ssl=1",1200,675,true],"2048x2048":["https:\/\/i0.wp.com\/ismaelcolosi.com.br\/wp-content\/uploads\/2025\/06\/Forbes_Denis-Le-Vot-CEO-da-Dacia-durante-uma-coletiva-de-imprensa-no-dia-da-midia-no-Salao-do-Automovel-de-Paris-2024-1200x675.jpg?fit=1200%2C675&ssl=1",1200,675,true],"really-simple-thumb":["https:\/\/i0.wp.com\/ismaelcolosi.com.br\/wp-content\/uploads\/2025\/06\/Forbes_Denis-Le-Vot-CEO-da-Dacia-durante-uma-coletiva-de-imprensa-no-dia-da-midia-no-Salao-do-Automovel-de-Paris-2024-1200x675.jpg?resize=370%2C247&ssl=1",370,247,true]},"uagb_author_info":{"display_name":"ismaelcolosi.com.br","author_link":"https:\/\/ismaelcolosi.com.br\/index.php\/author\/vidareal-online\/"},"uagb_comment_info":0,"uagb_excerpt":"&#13; Reuters &#13;Denis Le Vot, CEO da Dacia, durante uma coletiva de imprensa no dia da mi\u0301dia no Sala\u0303o do Automo\u0301vel de Paris 2024&#13; Acessibilidade...","jetpack-related-posts":[{"id":86196,"url":"https:\/\/ismaelcolosi.com.br\/index.php\/2025\/06\/17\/luca-de-meo-presidente-da-renault\/","url_meta":{"origin":86198,"position":0},"title":"Luca de Meo, Presidente da Renault","author":"ismaelcolosi.com.br","date":"17 de June de 2025","format":false,"excerpt":"\r \r Luca de Meo tem 58 anos\r Acessibilidade \r L\r L\r A-\r A+\r \r \u25d0\r \r \u00a0 A gigante de bens de luxo Kering , propriet\u00e1ria da marca de moda Gucci, disse nesta segunda-feira que ir\u00e1 nomear Luca de Meo como seu novo presidente-executivo, depois que a Renault havia\u2026","rel":"","context":"In &quot;Carreira e Sucesso&quot;","block_context":{"text":"Carreira e Sucesso","link":"https:\/\/ismaelcolosi.com.br\/index.php\/category\/carreira-e-sucesso-dicas-para-carreira\/"},"img":{"alt_text":"","src":"https:\/\/i0.wp.com\/ismaelcolosi.com.br\/wp-content\/uploads\/2025\/06\/2-15-1200x675.jpg?fit=1200%2C675&ssl=1&resize=350%2C200","width":350,"height":200,"srcset":"https:\/\/i0.wp.com\/ismaelcolosi.com.br\/wp-content\/uploads\/2025\/06\/2-15-1200x675.jpg?fit=1200%2C675&ssl=1&resize=350%2C200 1x, https:\/\/i0.wp.com\/ismaelcolosi.com.br\/wp-content\/uploads\/2025\/06\/2-15-1200x675.jpg?fit=1200%2C675&ssl=1&resize=525%2C300 1.5x, https:\/\/i0.wp.com\/ismaelcolosi.com.br\/wp-content\/uploads\/2025\/06\/2-15-1200x675.jpg?fit=1200%2C675&ssl=1&resize=700%2C400 2x, https:\/\/i0.wp.com\/ismaelcolosi.com.br\/wp-content\/uploads\/2025\/06\/2-15-1200x675.jpg?fit=1200%2C675&ssl=1&resize=1050%2C600 3x"},"classes":[]},{"id":39085,"url":"https:\/\/ismaelcolosi.com.br\/index.php\/2024\/02\/23\/remuneracao-anual-de-ceo-da-stellantis-aumenta-56\/","url_meta":{"origin":86198,"position":1},"title":"Remunera\u00e7\u00e3o anual de CEO da Stellantis aumenta 56%","author":"ismaelcolosi.com.br","date":"23 de February de 2024","format":false,"excerpt":"Carlos Tavares - CEO Stellantis - Foto: Divulga\u00e7\u00e3oA Remunera\u00e7\u00e3o de Carlos Tavares vai para \u20ac 36,49 milh\u00f4es O presidente-executivo da Stellantis, Carlos Tavares, recebeu um aumento de 56% em sua remunera\u00e7\u00e3o total, para \u20ac 36,49 milh\u00f5es em 2023, informou a montadora franco-italiana na quinta-feira (22). Siga o canal da Forbes\u2026","rel":"","context":"In &quot;Carreira e Sucesso&quot;","block_context":{"text":"Carreira e Sucesso","link":"https:\/\/ismaelcolosi.com.br\/index.php\/category\/carreira-e-sucesso-dicas-para-carreira\/"},"img":{"alt_text":"","src":"https:\/\/i0.wp.com\/ismaelcolosi.com.br\/wp-content\/uploads\/2024\/02\/Carlos-tavares-CEO-Stellantis-Foto-Divulgacao-1024x683.png?fit=1024%2C683&ssl=1&resize=350%2C200","width":350,"height":200,"srcset":"https:\/\/i0.wp.com\/ismaelcolosi.com.br\/wp-content\/uploads\/2024\/02\/Carlos-tavares-CEO-Stellantis-Foto-Divulgacao-1024x683.png?fit=1024%2C683&ssl=1&resize=350%2C200 1x, https:\/\/i0.wp.com\/ismaelcolosi.com.br\/wp-content\/uploads\/2024\/02\/Carlos-tavares-CEO-Stellantis-Foto-Divulgacao-1024x683.png?fit=1024%2C683&ssl=1&resize=525%2C300 1.5x, https:\/\/i0.wp.com\/ismaelcolosi.com.br\/wp-content\/uploads\/2024\/02\/Carlos-tavares-CEO-Stellantis-Foto-Divulgacao-1024x683.png?fit=1024%2C683&ssl=1&resize=700%2C400 2x"},"classes":[]},{"id":85781,"url":"https:\/\/ismaelcolosi.com.br\/index.php\/2025\/05\/28\/stellantis-nomeia-antonio-filosa-como-presidente-global\/","url_meta":{"origin":86198,"position":2},"title":"Stellantis Nomeia Antonio Filosa Como Presidente Global","author":"ismaelcolosi.com.br","date":"28 de May de 2025","format":false,"excerpt":"\r Leo Lara\r Antonio Filosa tem 25 anos de carreira na Stellantis e atualmente ocupa os cargos de Chief Operating Officer das Am\u00e9ricas e Chief Quality Officer\r Acessibilidade \r L\r L\r A-\r A+\r \r \u25d0\r \r \u00a0 A Stellantis nomeou nesta quarta-feira (28) o presidente das opera\u00e7\u00f5es norte-americanas do grupo,\u2026","rel":"","context":"In &quot;Carreira e Sucesso&quot;","block_context":{"text":"Carreira e Sucesso","link":"https:\/\/ismaelcolosi.com.br\/index.php\/category\/carreira-e-sucesso-dicas-para-carreira\/"},"img":{"alt_text":"","src":"https:\/\/i0.wp.com\/ismaelcolosi.com.br\/wp-content\/uploads\/2025\/05\/Negocios-AntonioFilosa3-200520-_Credito_Leo-Lara-1-1200x675.webp?fit=1200%2C675&ssl=1&resize=350%2C200","width":350,"height":200,"srcset":"https:\/\/i0.wp.com\/ismaelcolosi.com.br\/wp-content\/uploads\/2025\/05\/Negocios-AntonioFilosa3-200520-_Credito_Leo-Lara-1-1200x675.webp?fit=1200%2C675&ssl=1&resize=350%2C200 1x, https:\/\/i0.wp.com\/ismaelcolosi.com.br\/wp-content\/uploads\/2025\/05\/Negocios-AntonioFilosa3-200520-_Credito_Leo-Lara-1-1200x675.webp?fit=1200%2C675&ssl=1&resize=525%2C300 1.5x, https:\/\/i0.wp.com\/ismaelcolosi.com.br\/wp-content\/uploads\/2025\/05\/Negocios-AntonioFilosa3-200520-_Credito_Leo-Lara-1-1200x675.webp?fit=1200%2C675&ssl=1&resize=700%2C400 2x, https:\/\/i0.wp.com\/ismaelcolosi.com.br\/wp-content\/uploads\/2025\/05\/Negocios-AntonioFilosa3-200520-_Credito_Leo-Lara-1-1200x675.webp?fit=1200%2C675&ssl=1&resize=1050%2C600 3x"},"classes":[]},{"id":15673,"url":"https:\/\/ismaelcolosi.com.br\/index.php\/2023\/12\/14\/profissionais-se-candidatam-a-mais-empregos-usando-ia\/","url_meta":{"origin":86198,"position":3},"title":"Profissionais se candidatam a mais empregos usando IA","author":"ismaelcolosi.com.br","date":"14 de December de 2023","format":false,"excerpt":"Dados do LinkedIn mostram que trabalhadores nos EUA e no Reino Unido est\u00e3o se candidatando a cerca de 15% mais cargos em 2023 do que no ano anterior Durante meses, Anshita Verma se candidatava a algumas vagas de emprego por dia. Agora, a cientista de dados de 26 anos consegue\u2026","rel":"","context":"In &quot;Carreira e Sucesso&quot;","block_context":{"text":"Carreira e Sucesso","link":"https:\/\/ismaelcolosi.com.br\/index.php\/category\/carreira-e-sucesso-dicas-para-carreira\/"},"img":{"alt_text":"","src":"https:\/\/i0.wp.com\/ismaelcolosi.com.br\/wp-content\/uploads\/2023\/12\/carreira-candidaturas-inteligencia-artificial-1-1024x683.jpg?fit=1024%2C683&ssl=1&resize=350%2C200","width":350,"height":200,"srcset":"https:\/\/i0.wp.com\/ismaelcolosi.com.br\/wp-content\/uploads\/2023\/12\/carreira-candidaturas-inteligencia-artificial-1-1024x683.jpg?fit=1024%2C683&ssl=1&resize=350%2C200 1x, https:\/\/i0.wp.com\/ismaelcolosi.com.br\/wp-content\/uploads\/2023\/12\/carreira-candidaturas-inteligencia-artificial-1-1024x683.jpg?fit=1024%2C683&ssl=1&resize=525%2C300 1.5x, https:\/\/i0.wp.com\/ismaelcolosi.com.br\/wp-content\/uploads\/2023\/12\/carreira-candidaturas-inteligencia-artificial-1-1024x683.jpg?fit=1024%2C683&ssl=1&resize=700%2C400 2x"},"classes":[]},{"id":14540,"url":"https:\/\/ismaelcolosi.com.br\/index.php\/2023\/12\/12\/quer-ter-sucesso-na-carreira-e-melhor-cuidar-da-aparencia\/","url_meta":{"origin":86198,"position":4},"title":"Quer ter sucesso na carreira? \u00c9 melhor cuidar da apar\u00eancia","author":"ismaelcolosi.com.br","date":"12 de December de 2023","format":false,"excerpt":"Getty ImagesAinda que a apar\u00eancia seja algo subjetivo, profissionais considerados bonitos t\u00eam maior chance de serem contratados e crescerem na carreira Se voc\u00ea est\u00e1 buscando emprego, deve ter em mente uma s\u00e9rie de quest\u00f5es ao se candidatar a uma vaga no LinkedIn ou outra plataforma online. Muitas recomenda\u00e7\u00f5es j\u00e1 n\u00e3o\u2026","rel":"","context":"In &quot;Carreira e Sucesso&quot;","block_context":{"text":"Carreira e Sucesso","link":"https:\/\/ismaelcolosi.com.br\/index.php\/category\/carreira-e-sucesso-dicas-para-carreira\/"},"img":{"alt_text":"","src":"https:\/\/i0.wp.com\/ismaelcolosi.com.br\/wp-content\/uploads\/2023\/12\/carreira-processo-seletivo-aparencia-1024x683.jpg?fit=1024%2C683&ssl=1&resize=350%2C200","width":350,"height":200,"srcset":"https:\/\/i0.wp.com\/ismaelcolosi.com.br\/wp-content\/uploads\/2023\/12\/carreira-processo-seletivo-aparencia-1024x683.jpg?fit=1024%2C683&ssl=1&resize=350%2C200 1x, https:\/\/i0.wp.com\/ismaelcolosi.com.br\/wp-content\/uploads\/2023\/12\/carreira-processo-seletivo-aparencia-1024x683.jpg?fit=1024%2C683&ssl=1&resize=525%2C300 1.5x, https:\/\/i0.wp.com\/ismaelcolosi.com.br\/wp-content\/uploads\/2023\/12\/carreira-processo-seletivo-aparencia-1024x683.jpg?fit=1024%2C683&ssl=1&resize=700%2C400 2x"},"classes":[]},{"id":84144,"url":"https:\/\/ismaelcolosi.com.br\/index.php\/2025\/03\/31\/20-universidades-que-se-destacam-nos-eua\/","url_meta":{"origin":86198,"position":5},"title":"20 universidades que se destacam nos EUA","author":"ismaelcolosi.com.br","date":"31 de March de 2025","format":false,"excerpt":"\r Getty Images\r A Universidade Purdue, em Indiana, se destaca entre as universidades p\u00fablicas dos EUA\r Acessibilidade \r L\r L\r A-\r A+\r \r \u25d0\r \r \u00a0 Empresas demonstram um crescente descontentamento com alunos egressos das faculdades mais antigas e renomadas dos Estados Unidos. Em uma pesquisa da Forbes respondida por\u2026","rel":"","context":"In &quot;Carreira e Sucesso&quot;","block_context":{"text":"Carreira e Sucesso","link":"https:\/\/ismaelcolosi.com.br\/index.php\/category\/carreira-e-sucesso-dicas-para-carreira\/"},"img":{"alt_text":"","src":"https:\/\/i0.wp.com\/ismaelcolosi.com.br\/wp-content\/uploads\/2025\/03\/forbes-universidades-purdue-1200x675.jpg?fit=1200%2C675&ssl=1&resize=350%2C200","width":350,"height":200,"srcset":"https:\/\/i0.wp.com\/ismaelcolosi.com.br\/wp-content\/uploads\/2025\/03\/forbes-universidades-purdue-1200x675.jpg?fit=1200%2C675&ssl=1&resize=350%2C200 1x, https:\/\/i0.wp.com\/ismaelcolosi.com.br\/wp-content\/uploads\/2025\/03\/forbes-universidades-purdue-1200x675.jpg?fit=1200%2C675&ssl=1&resize=525%2C300 1.5x, https:\/\/i0.wp.com\/ismaelcolosi.com.br\/wp-content\/uploads\/2025\/03\/forbes-universidades-purdue-1200x675.jpg?fit=1200%2C675&ssl=1&resize=700%2C400 2x, https:\/\/i0.wp.com\/ismaelcolosi.com.br\/wp-content\/uploads\/2025\/03\/forbes-universidades-purdue-1200x675.jpg?fit=1200%2C675&ssl=1&resize=1050%2C600 3x"},"classes":[]}],"jetpack_sharing_enabled":true,"jetpack_shortlink":"https:\/\/wp.me\/pfMlyK-mqi","_links":{"self":[{"href":"https:\/\/ismaelcolosi.com.br\/index.php\/wp-json\/wp\/v2\/posts\/86198","targetHints":{"allow":["GET"]}}],"collection":[{"href":"https:\/\/ismaelcolosi.com.br\/index.php\/wp-json\/wp\/v2\/posts"}],"about":[{"href":"https:\/\/ismaelcolosi.com.br\/index.php\/wp-json\/wp\/v2\/types\/post"}],"author":[{"embeddable":true,"href":"https:\/\/ismaelcolosi.com.br\/index.php\/wp-json\/wp\/v2\/users\/1"}],"replies":[{"embeddable":true,"href":"https:\/\/ismaelcolosi.com.br\/index.php\/wp-json\/wp\/v2\/comments?post=86198"}],"version-history":[{"count":0,"href":"https:\/\/ismaelcolosi.com.br\/index.php\/wp-json\/wp\/v2\/posts\/86198\/revisions"}],"wp:featuredmedia":[{"embeddable":true,"href":"https:\/\/ismaelcolosi.com.br\/index.php\/wp-json\/wp\/v2\/media\/86199"}],"wp:attachment":[{"href":"https:\/\/ismaelcolosi.com.br\/index.php\/wp-json\/wp\/v2\/media?parent=86198"}],"wp:term":[{"taxonomy":"category","embeddable":true,"href":"https:\/\/ismaelcolosi.com.br\/index.php\/wp-json\/wp\/v2\/categories?post=86198"},{"taxonomy":"post_tag","embeddable":true,"href":"https:\/\/ismaelcolosi.com.br\/index.php\/wp-json\/wp\/v2\/tags?post=86198"}],"curies":[{"name":"wp","href":"https:\/\/api.w.org\/{rel}","templated":true}]}}