{"id":86196,"date":"2025-06-17T15:47:49","date_gmt":"2025-06-17T18:47:49","guid":{"rendered":"https:\/\/ismaelcolosi.com.br\/index.php\/2025\/06\/17\/luca-de-meo-presidente-da-renault\/"},"modified":"2025-06-17T15:47:49","modified_gmt":"2025-06-17T18:47:49","slug":"luca-de-meo-presidente-da-renault","status":"publish","type":"post","link":"https:\/\/ismaelcolosi.com.br\/index.php\/2025\/06\/17\/luca-de-meo-presidente-da-renault\/","title":{"rendered":"Luca de Meo, Presidente da Renault"},"content":{"rendered":"<p> <br \/>\n<\/p>\n<div>\n<figure class=\"destaque wp-caption\">&#13;<br \/>\n\t\t<img data-recalc-dims=\"1\" width=\"678\" height=\"452\" src=\"https:\/\/i0.wp.com\/forbes.com.br\/wp-content\/uploads\/2025\/06\/2-15-768x512.jpg?resize=678%2C452&#038;ssl=1\" class=\"attachment-medium_large size-medium_large wp-post-image\" alt=\"\" decoding=\"async\" fetchpriority=\"high\" srcset=\"https:\/\/forbes.com.br\/wp-content\/uploads\/2025\/06\/2-15-768x512.jpg 768w, https:\/\/forbes.com.br\/wp-content\/uploads\/2025\/06\/2-15-300x200.jpg 300w, https:\/\/forbes.com.br\/wp-content\/uploads\/2025\/06\/2-15-1024x683.jpg 1024w, https:\/\/forbes.com.br\/wp-content\/uploads\/2025\/06\/2-15-800x533.jpg 800w, https:\/\/forbes.com.br\/wp-content\/uploads\/2025\/06\/2-15-165x110.jpg 165w, https:\/\/forbes.com.br\/wp-content\/uploads\/2025\/06\/2-15-120x80.jpg 120w, https:\/\/forbes.com.br\/wp-content\/uploads\/2025\/06\/2-15-150x100.jpg 150w, https:\/\/forbes.com.br\/wp-content\/uploads\/2025\/06\/2-15.jpg 1500w\" sizes=\"(max-width: 678px) 100vw, 678px\"\/>\t\t&#13;<figcaption class=\"wp-caption-text\">Luca de Meo tem 58 anos<\/figcaption>&#13;<br \/>\n\t<\/figure>\n<div class=\"accessibility\">\n<p>Acessibilidade<\/p>\n<p>&#13;<br \/>\n\t\t\t<button onclick=\"alterFont1()\" id=\"btn1\" class=\"btn\">L<\/button>&#13;<br \/>\n\t\t\t<button onclick=\"alterFont2()\" id=\"btn2\" class=\"btn\" style=\"font-family:Merriweather\">L<\/button>&#13;<br \/>\n\t\t\t<button onclick=\"alterFontSmallerSize()\" id=\"btn3\" class=\"btn\">A-<\/button>&#13;<br \/>\n\t\t\t<button onclick=\"alterFontBiggerSize()\" id=\"btn4\" class=\"btn\">A+<\/button>&#13;<br \/>\n\t\t\t<!--<button onclick='alterFontBolder()' id='btn5' class=\"btn\" >B<\/button>-->&#13;<br \/>\n\t\t\t<button onclick=\"alterBackground()\" id=\"btn6\" class=\"btn\">\u25d0<\/button>&#13;<br \/>\n\t\t\t<!--<button onclick='clean()' id='btn7' class=\"btn\" >Limpar<\/button>-->&#13;\n\t\t<\/p><div class='code-block code-block-8' style='margin: 8px auto; text-align: center; display: block; clear: both;'>\n<script>\n  atOptions = {\n    'key' : '66e2e2111ca34da796271819fc334058',\n    'format' : 'iframe',\n    'height' : 250,\n    'width' : 300,\n    'params' : {}\n  };\n<\/script>\n<script src=\"https:\/\/www.highperformanceformat.com\/66e2e2111ca34da796271819fc334058\/invoke.js\"><\/script>\n<\/div>\n\n<\/p><\/div>\n<p>\u00a0<\/p>\n<p class=\"ai-optimize-6 ai-optimize-introduction\">A gigante de bens de luxo Kering , propriet\u00e1ria da marca de moda Gucci, disse nesta segunda-feira que ir\u00e1 nomear Luca de Meo como seu novo presidente-executivo, depois que a Renault havia dito anteriormente que de Meo estaria deixando a montadora francesa.<\/p>\n<p class=\"ai-optimize-7\">De Meo substituir\u00e1 Fran\u00e7ois-Henri Pinault, cuja fam\u00edlia controla o conglomerado de luxo altamente endividado h\u00e1 20 anos. Pinault permanecer\u00e1 na Kering como presidente do conselho de administra\u00e7\u00e3o.<\/p>\n<p class=\"ai-optimize-8\">\n<aside>\n<h2>Leia tamb\u00e9m<\/h2>\n<\/aside>\n<p class=\"ai-optimize-9\">De Meo transformou a Renault em seus cinco anos \u00e0 frente da montadora, modificando sua alian\u00e7a estrat\u00e9gica de duas d\u00e9cadas com a Nissan e apostando em motores h\u00edbridos, ao mesmo tempo em que aumentava o foco em ve\u00edculos el\u00e9tricos.<\/p>\n<h2 class=\"ai-optimize-10\">CEO da Renault deixa montadora<\/h2>\n<p class=\"ai-optimize-11\">A Renault anunciou na noite de domingo que o CEO deixaria a montadora francesa em meados de julho para assumir novos desafios fora do setor automotivo. De Meo confirmou a sa\u00edda sem dizer para onde est\u00e1 indo.<\/p>\n<p class=\"ai-optimize-12\">Mas a esperada mudan\u00e7a para a Kering, confirmada \u00e0 Reuters por cinco fontes pr\u00f3ximas ao assunto, fez com que as a\u00e7\u00f5es do grupo de luxo subissem quase 10%, a caminho do maior ganho percentual em um dia desde mar\u00e7o de 2020.<\/p>\n<p class=\"ai-optimize-13\">A Renault, por sua vez, caiu cerca de 7%, a maior queda desde julho passado, com a sa\u00edda da pessoa que comandou a recupera\u00e7\u00e3o da montadora e reformulou sua alian\u00e7a estrat\u00e9gica de duas d\u00e9cadas com a Nissan.<br \/>O italiano est\u00e1 pronto para substituir o presidente-executivo da Kering, Fran\u00e7ois-Henri Pinault, cuja fam\u00edlia controla o conglomerado e que permaneceria como presidente, disseram as fontes \u00e0 Reuters, confirmando uma reportagem do jornal Le Figaro.<\/p>\n<p class=\"ai-optimize-14\">\u201cA contrata\u00e7\u00e3o de algu\u00e9m de fora do setor de luxo pode ser vista como arriscada, mas seu perfil parece adequado para liderar a Kering\u201d, disseram os analistas da Kepler Cheuvreux.<\/p>\n<p class=\"ai-optimize-15\">\n<aside>\n<h2>Escolhas do editor<\/h2>\n<\/aside>\n<div class=\"follow-us\">Siga o canal da <a href=\"https:\/\/whatsapp.com\/channel\/0029Va9gQKwBFLgM96cJnu0u\" target=\"_blank\" rel=\"noopener noreferrer nofollow\" title=\"Grupo da Forbes no WhatsApp\">Forbes<\/a> no WhatsApp e receba as principais not\u00edcias de empreendedorismo, carreira, tecnologia, agro e lifestyle.<\/div>\n<\/p><\/div>\n<p><script data-debloat-delay=\"1\" type=\"text\/debloat-script\">\n\t\t\t\t(function(d, s, id){\n\t\t\t\t\tvar js, fjs = d.getElementsByTagName(s)[0];\n\t\t\t\t\tif (d.getElementById(id)) return;\n\t\t\t\t\tjs = d.createElement(s); js.id = id;\n\t\t\t\t\tjs.src = \"\/\/connect.facebook.net\/pt_BR\/sdk.js#xfbml=1&version=v2.9\";\n\t\t\t\t\tfjs.parentNode.insertBefore(js, fjs);\n\t\t\t\t}(document, 'script', 'facebook-jssdk'));\n\t\t\t<\/script><br \/>\n<br \/><br \/>\n<br \/><a href=\"https:\/\/forbes.com.br\/carreira\/2025\/06\/gigante-do-luxo-kering-tera-novo-ceo-luca-de-meo-presidente-da-renault\/\">Source link <\/a><\/p>\n<div class='code-block code-block-4' style='margin: 8px auto 8px 0; text-align: left; display: block; clear: both;'>\n\ud83d\udce2 Aviso Legal\n\nO site ismaelcolosi.com.br atua apenas como um canal de divulga\u00e7\u00e3o de oportunidades de emprego e n\u00e3o se responsabiliza pelo processo seletivo, contrata\u00e7\u00e3o ou qualquer outra etapa relacionada \u00e0s vagas publicadas. Todas as informa\u00e7\u00f5es s\u00e3o de responsabilidade dos anunciantes.\n\n\u26a0\ufe0f Aten\u00e7\u00e3o! Nunca pague por promessas de emprego nem compre cursos que garantam contrata\u00e7\u00e3o. Desconfie de qualquer cobran\u00e7a para participar de sele\u00e7\u00f5es.\n\n\n\n<\/div>\n<!-- CONTENT END 1 -->\n","protected":false},"excerpt":{"rendered":"<p>&#13; &#13;Luca de Meo tem 58 anos&#13; Acessibilidade &#13; L&#13; L&#13; A-&#13; A+&#13; &#13; \u25d0&#13; &#13; \u00a0 A gigante de bens de luxo Kering ,&#8230;<\/p>\n","protected":false},"author":1,"featured_media":86197,"comment_status":"","ping_status":"open","sticky":false,"template":"","format":"standard","meta":{"_uag_custom_page_level_css":"","advanced_seo_description":"","jetpack_seo_html_title":"","jetpack_seo_noindex":false,"jetpack_post_was_ever_published":false,"_jetpack_newsletter_access":"","_jetpack_dont_email_post_to_subs":false,"_jetpack_newsletter_tier_id":0,"_jetpack_memberships_contains_paywalled_content":false,"_jetpack_memberships_contains_paid_content":false,"footnotes":"","jetpack_publicize_message":"","jetpack_publicize_feature_enabled":true,"jetpack_social_post_already_shared":true,"jetpack_social_options":{"image_generator_settings":{"template":"highway","default_image_id":0,"font":"","enabled":false},"version":2}},"categories":[1964],"tags":[],"class_list":["post-86196","post","type-post","status-publish","format-standard","has-post-thumbnail","hentry","category-carreira-e-sucesso-dicas-para-carreira"],"jetpack_publicize_connections":[],"jetpack_featured_media_url":"https:\/\/i0.wp.com\/ismaelcolosi.com.br\/wp-content\/uploads\/2025\/06\/2-15-1200x675.jpg?fit=1200%2C675&ssl=1","uagb_featured_image_src":{"full":["https:\/\/i0.wp.com\/ismaelcolosi.com.br\/wp-content\/uploads\/2025\/06\/2-15-1200x675.jpg?fit=1200%2C675&ssl=1",1200,675,false],"thumbnail":["https:\/\/i0.wp.com\/ismaelcolosi.com.br\/wp-content\/uploads\/2025\/06\/2-15-1200x675.jpg?resize=150%2C150&ssl=1",150,150,true],"medium":["https:\/\/i0.wp.com\/ismaelcolosi.com.br\/wp-content\/uploads\/2025\/06\/2-15-1200x675.jpg?fit=300%2C169&ssl=1",300,169,true],"medium_large":["https:\/\/i0.wp.com\/ismaelcolosi.com.br\/wp-content\/uploads\/2025\/06\/2-15-1200x675.jpg?fit=768%2C432&ssl=1",768,432,true],"large":["https:\/\/i0.wp.com\/ismaelcolosi.com.br\/wp-content\/uploads\/2025\/06\/2-15-1200x675.jpg?fit=1024%2C576&ssl=1",1024,576,true],"1536x1536":["https:\/\/i0.wp.com\/ismaelcolosi.com.br\/wp-content\/uploads\/2025\/06\/2-15-1200x675.jpg?fit=1200%2C675&ssl=1",1200,675,true],"2048x2048":["https:\/\/i0.wp.com\/ismaelcolosi.com.br\/wp-content\/uploads\/2025\/06\/2-15-1200x675.jpg?fit=1200%2C675&ssl=1",1200,675,true],"really-simple-thumb":["https:\/\/i0.wp.com\/ismaelcolosi.com.br\/wp-content\/uploads\/2025\/06\/2-15-1200x675.jpg?resize=370%2C247&ssl=1",370,247,true]},"uagb_author_info":{"display_name":"ismaelcolosi.com.br","author_link":"https:\/\/ismaelcolosi.com.br\/index.php\/author\/vidareal-online\/"},"uagb_comment_info":0,"uagb_excerpt":"&#13; &#13;Luca de Meo tem 58 anos&#13; Acessibilidade &#13; L&#13; L&#13; A-&#13; A+&#13; &#13; \u25d0&#13; &#13; \u00a0 A gigante de bens de luxo Kering ,...","jetpack-related-posts":[{"id":86198,"url":"https:\/\/ismaelcolosi.com.br\/index.php\/2025\/06\/17\/lista-de-candidatos-a-ceo-da-renault-inclui-vp-da-stellantis-dizem-analistas\/","url_meta":{"origin":86196,"position":0},"title":"Lista de Candidatos a CEO da Renault Inclui VP da Stellantis, Dizem Analistas","author":"ismaelcolosi.com.br","date":"17 de June de 2025","format":false,"excerpt":"\r Reuters\r Denis Le Vot, CEO da Dacia, durante uma coletiva de imprensa no dia da mi\u0301dia no Sala\u0303o do Automo\u0301vel de Paris 2024\r Acessibilidade \r L\r L\r A-\r A+\r \r \u25d0\r \r A sa\u00edda\u00a0de\u00a0Luca\u00a0de\u00a0Meo do cargo\u00a0de\u00a0presidente-executivo da Renault\u00a0deu in\u00edcio a uma busca por seu sucessor, com analistas mencionando o\u2026","rel":"","context":"In &quot;Carreira e Sucesso&quot;","block_context":{"text":"Carreira e Sucesso","link":"https:\/\/ismaelcolosi.com.br\/index.php\/category\/carreira-e-sucesso-dicas-para-carreira\/"},"img":{"alt_text":"","src":"https:\/\/i0.wp.com\/ismaelcolosi.com.br\/wp-content\/uploads\/2025\/06\/Forbes_Denis-Le-Vot-CEO-da-Dacia-durante-uma-coletiva-de-imprensa-no-dia-da-midia-no-Salao-do-Automovel-de-Paris-2024-1200x675.jpg?fit=1200%2C675&ssl=1&resize=350%2C200","width":350,"height":200,"srcset":"https:\/\/i0.wp.com\/ismaelcolosi.com.br\/wp-content\/uploads\/2025\/06\/Forbes_Denis-Le-Vot-CEO-da-Dacia-durante-uma-coletiva-de-imprensa-no-dia-da-midia-no-Salao-do-Automovel-de-Paris-2024-1200x675.jpg?fit=1200%2C675&ssl=1&resize=350%2C200 1x, https:\/\/i0.wp.com\/ismaelcolosi.com.br\/wp-content\/uploads\/2025\/06\/Forbes_Denis-Le-Vot-CEO-da-Dacia-durante-uma-coletiva-de-imprensa-no-dia-da-midia-no-Salao-do-Automovel-de-Paris-2024-1200x675.jpg?fit=1200%2C675&ssl=1&resize=525%2C300 1.5x, https:\/\/i0.wp.com\/ismaelcolosi.com.br\/wp-content\/uploads\/2025\/06\/Forbes_Denis-Le-Vot-CEO-da-Dacia-durante-uma-coletiva-de-imprensa-no-dia-da-midia-no-Salao-do-Automovel-de-Paris-2024-1200x675.jpg?fit=1200%2C675&ssl=1&resize=700%2C400 2x, https:\/\/i0.wp.com\/ismaelcolosi.com.br\/wp-content\/uploads\/2025\/06\/Forbes_Denis-Le-Vot-CEO-da-Dacia-durante-uma-coletiva-de-imprensa-no-dia-da-midia-no-Salao-do-Automovel-de-Paris-2024-1200x675.jpg?fit=1200%2C675&ssl=1&resize=1050%2C600 3x"},"classes":[]},{"id":87579,"url":"https:\/\/ismaelcolosi.com.br\/index.php\/2025\/09\/18\/francesca-bellettini-assume-como-ceo-da-gucci\/","url_meta":{"origin":86196,"position":1},"title":"Francesca Bellettini Assume como CEO da Gucci","author":"ismaelcolosi.com.br","date":"18 de September de 2025","format":false,"excerpt":"\r \r Gucci \u00e9 a marca carro-chefe do grupo Kering\r Acessibilidade \r L\r L\r A-\r A+\r \r \u25d0\r \r O grupo franc\u00eas de luxo Kering anunciou nesta quarta-feira (17) a nomea\u00e7\u00e3o de Francesca Bellettini como presidente e diretora executiva da Gucci, o carro-chefe do grupo. Ela substituir\u00e1 Stefano Cantino, que\u2026","rel":"","context":"In &quot;Carreira e Sucesso&quot;","block_context":{"text":"Carreira e Sucesso","link":"https:\/\/ismaelcolosi.com.br\/index.php\/category\/carreira-e-sucesso-dicas-para-carreira\/"},"img":{"alt_text":"","src":"https:\/\/i0.wp.com\/ismaelcolosi.com.br\/wp-content\/uploads\/2025\/09\/Gucci-1030x438.jpg?fit=1030%2C438&ssl=1&resize=350%2C200","width":350,"height":200,"srcset":"https:\/\/i0.wp.com\/ismaelcolosi.com.br\/wp-content\/uploads\/2025\/09\/Gucci-1030x438.jpg?fit=1030%2C438&ssl=1&resize=350%2C200 1x, https:\/\/i0.wp.com\/ismaelcolosi.com.br\/wp-content\/uploads\/2025\/09\/Gucci-1030x438.jpg?fit=1030%2C438&ssl=1&resize=525%2C300 1.5x, https:\/\/i0.wp.com\/ismaelcolosi.com.br\/wp-content\/uploads\/2025\/09\/Gucci-1030x438.jpg?fit=1030%2C438&ssl=1&resize=700%2C400 2x"},"classes":[]},{"id":88536,"url":"https:\/\/ismaelcolosi.com.br\/index.php\/2025\/12\/15\/mastercard-anuncia-nova-vp-senior-de-pessoas-para-america-latina-e-caribe\/","url_meta":{"origin":86196,"position":2},"title":"Mastercard Anuncia Nova VP S\u00eanior de Pessoas para Am\u00e9rica Latina e Caribe","author":"ismaelcolosi.com.br","date":"15 de December de 2025","format":false,"excerpt":"\r \r \r \r Com mais de 20 anos de carreira, Luciana Cardoso assume novo desafio regional ap\u00f3s liderar a \u00e1rea da companhia no Brasil \r \r \r \r Divulga\u00e7\u00e3o\r Luciana Cardoso est\u00e1 na Mastercard desde agosto de 2023; antes, passou por empresas como Biogen e Kimberly-Clark\r Acessibilidade \r L\r\u2026","rel":"","context":"In &quot;Carreira e Sucesso&quot;","block_context":{"text":"Carreira e Sucesso","link":"https:\/\/ismaelcolosi.com.br\/index.php\/category\/carreira-e-sucesso-dicas-para-carreira\/"},"img":{"alt_text":"","src":"https:\/\/i0.wp.com\/ismaelcolosi.com.br\/wp-content\/uploads\/2025\/12\/Luciana-Cardoso-mastercard-1200x675.jpg?fit=1200%2C675&ssl=1&resize=350%2C200","width":350,"height":200,"srcset":"https:\/\/i0.wp.com\/ismaelcolosi.com.br\/wp-content\/uploads\/2025\/12\/Luciana-Cardoso-mastercard-1200x675.jpg?fit=1200%2C675&ssl=1&resize=350%2C200 1x, https:\/\/i0.wp.com\/ismaelcolosi.com.br\/wp-content\/uploads\/2025\/12\/Luciana-Cardoso-mastercard-1200x675.jpg?fit=1200%2C675&ssl=1&resize=525%2C300 1.5x, https:\/\/i0.wp.com\/ismaelcolosi.com.br\/wp-content\/uploads\/2025\/12\/Luciana-Cardoso-mastercard-1200x675.jpg?fit=1200%2C675&ssl=1&resize=700%2C400 2x, https:\/\/i0.wp.com\/ismaelcolosi.com.br\/wp-content\/uploads\/2025\/12\/Luciana-Cardoso-mastercard-1200x675.jpg?fit=1200%2C675&ssl=1&resize=1050%2C600 3x"},"classes":[]},{"id":56540,"url":"https:\/\/ismaelcolosi.com.br\/index.php\/2024\/07\/12\/guilherme-catarino-e-novo-presidente-da-wella-company-no-brasil\/","url_meta":{"origin":86196,"position":3},"title":"Guilherme Catarino \u00e9 novo presidente da Wella Company no Brasil","author":"ismaelcolosi.com.br","date":"12 de July de 2024","format":false,"excerpt":"Antes da Wella, Guilherme Catarino liderou equipes na Coty e P&G em diferentes pa\u00edses Acessibilidade L L A- A+ \u25d0 Guilherme Catarino \u00e9 o novo presidente da Wella Company, uma das principais empresas de beleza do mundo, no Brasil. O executivo substitui Nathalie De Gouveia, que estava no cargo h\u00e1\u2026","rel":"","context":"In &quot;Carreira e Sucesso&quot;","block_context":{"text":"Carreira e Sucesso","link":"https:\/\/ismaelcolosi.com.br\/index.php\/category\/carreira-e-sucesso-dicas-para-carreira\/"},"img":{"alt_text":"","src":"https:\/\/i0.wp.com\/ismaelcolosi.com.br\/wp-content\/uploads\/2024\/07\/carreira-wella-company-guilherme-catarino-1024x683.jpg?fit=1024%2C683&ssl=1&resize=350%2C200","width":350,"height":200,"srcset":"https:\/\/i0.wp.com\/ismaelcolosi.com.br\/wp-content\/uploads\/2024\/07\/carreira-wella-company-guilherme-catarino-1024x683.jpg?fit=1024%2C683&ssl=1&resize=350%2C200 1x, https:\/\/i0.wp.com\/ismaelcolosi.com.br\/wp-content\/uploads\/2024\/07\/carreira-wella-company-guilherme-catarino-1024x683.jpg?fit=1024%2C683&ssl=1&resize=525%2C300 1.5x, https:\/\/i0.wp.com\/ismaelcolosi.com.br\/wp-content\/uploads\/2024\/07\/carreira-wella-company-guilherme-catarino-1024x683.jpg?fit=1024%2C683&ssl=1&resize=700%2C400 2x"},"classes":[]},{"id":81744,"url":"https:\/\/ismaelcolosi.com.br\/index.php\/2025\/01\/15\/jonas-hipolito-e-o-novo-presidente-da-biotrop\/","url_meta":{"origin":86196,"position":4},"title":"Jonas Hip\u00f3lito \u00e9 o Novo Presidente da BIOTROP","author":"ismaelcolosi.com.br","date":"15 de January de 2025","format":false,"excerpt":"\r Divulga\u00e7\u00e3o\r Jonas Hip\u00f3lito engenheiro agr\u00f4nomo formado pela ESALQ\/USP\r \u00a0 Acessibilidade \r L\r L\r A-\r A+\r \r \u25d0\r \r \u00a0 A BIOTROP, uma divis\u00e3o do Grupo BioFirst, especialista em solu\u00e7\u00f5es biol\u00f3gicas e naturais para o agroneg\u00f3cio, anunciou nesta quarta-feira (15) Jonas Hip\u00f3lito como novo presidente da empresa. Ap\u00f3s sete anos\u2026","rel":"","context":"In &quot;Carreira e Sucesso&quot;","block_context":{"text":"Carreira e Sucesso","link":"https:\/\/ismaelcolosi.com.br\/index.php\/category\/carreira-e-sucesso-dicas-para-carreira\/"},"img":{"alt_text":"","src":"https:\/\/i0.wp.com\/ismaelcolosi.com.br\/wp-content\/uploads\/2025\/01\/JonasHipolito_BIOTROPPresidente_15Jan2025_Divulgacao-1200x675.jpg?fit=1200%2C675&ssl=1&resize=350%2C200","width":350,"height":200,"srcset":"https:\/\/i0.wp.com\/ismaelcolosi.com.br\/wp-content\/uploads\/2025\/01\/JonasHipolito_BIOTROPPresidente_15Jan2025_Divulgacao-1200x675.jpg?fit=1200%2C675&ssl=1&resize=350%2C200 1x, https:\/\/i0.wp.com\/ismaelcolosi.com.br\/wp-content\/uploads\/2025\/01\/JonasHipolito_BIOTROPPresidente_15Jan2025_Divulgacao-1200x675.jpg?fit=1200%2C675&ssl=1&resize=525%2C300 1.5x, https:\/\/i0.wp.com\/ismaelcolosi.com.br\/wp-content\/uploads\/2025\/01\/JonasHipolito_BIOTROPPresidente_15Jan2025_Divulgacao-1200x675.jpg?fit=1200%2C675&ssl=1&resize=700%2C400 2x, https:\/\/i0.wp.com\/ismaelcolosi.com.br\/wp-content\/uploads\/2025\/01\/JonasHipolito_BIOTROPPresidente_15Jan2025_Divulgacao-1200x675.jpg?fit=1200%2C675&ssl=1&resize=1050%2C600 3x"},"classes":[]},{"id":83015,"url":"https:\/\/ismaelcolosi.com.br\/index.php\/2025\/02\/17\/banco-pan-tem-novo-presidente\/","url_meta":{"origin":86196,"position":5},"title":"Banco Pan Tem Novo Presidente","author":"ismaelcolosi.com.br","date":"17 de February de 2025","format":false,"excerpt":"Forbes, a mais conceituada revista de neg\u00f3cios e economia do mundo. \u00a0 O Banco Pan anunciou nesta segunda-feira (17) que seu conselho de administra\u00e7\u00e3o elegeu Andr\u00e9 Luiz Calabro para presidente-executivo, no lugar de Carlos Guimar\u00e3es, segundo fato relevante ao mercado. Calabro j\u00e1 foi diretor de cr\u00e9dito e cobran\u00e7a do Pan\u2026","rel":"","context":"In &quot;Carreira e Sucesso&quot;","block_context":{"text":"Carreira e Sucesso","link":"https:\/\/ismaelcolosi.com.br\/index.php\/category\/carreira-e-sucesso-dicas-para-carreira\/"},"img":{"alt_text":"ceos","src":"https:\/\/i0.wp.com\/forbes.com.br\/wp-content\/uploads\/2025\/02\/forbes-ceos-lideranca-autocuidado-326x245.jpg?resize=350%2C200&ssl=1","width":350,"height":200},"classes":[]}],"jetpack_sharing_enabled":true,"jetpack_shortlink":"https:\/\/wp.me\/pfMlyK-mqg","_links":{"self":[{"href":"https:\/\/ismaelcolosi.com.br\/index.php\/wp-json\/wp\/v2\/posts\/86196","targetHints":{"allow":["GET"]}}],"collection":[{"href":"https:\/\/ismaelcolosi.com.br\/index.php\/wp-json\/wp\/v2\/posts"}],"about":[{"href":"https:\/\/ismaelcolosi.com.br\/index.php\/wp-json\/wp\/v2\/types\/post"}],"author":[{"embeddable":true,"href":"https:\/\/ismaelcolosi.com.br\/index.php\/wp-json\/wp\/v2\/users\/1"}],"replies":[{"embeddable":true,"href":"https:\/\/ismaelcolosi.com.br\/index.php\/wp-json\/wp\/v2\/comments?post=86196"}],"version-history":[{"count":0,"href":"https:\/\/ismaelcolosi.com.br\/index.php\/wp-json\/wp\/v2\/posts\/86196\/revisions"}],"wp:featuredmedia":[{"embeddable":true,"href":"https:\/\/ismaelcolosi.com.br\/index.php\/wp-json\/wp\/v2\/media\/86197"}],"wp:attachment":[{"href":"https:\/\/ismaelcolosi.com.br\/index.php\/wp-json\/wp\/v2\/media?parent=86196"}],"wp:term":[{"taxonomy":"category","embeddable":true,"href":"https:\/\/ismaelcolosi.com.br\/index.php\/wp-json\/wp\/v2\/categories?post=86196"},{"taxonomy":"post_tag","embeddable":true,"href":"https:\/\/ismaelcolosi.com.br\/index.php\/wp-json\/wp\/v2\/tags?post=86196"}],"curies":[{"name":"wp","href":"https:\/\/api.w.org\/{rel}","templated":true}]}}