{"id":86191,"date":"2025-06-17T10:59:04","date_gmt":"2025-06-17T13:59:04","guid":{"rendered":"https:\/\/ismaelcolosi.com.br\/index.php\/2025\/06\/17\/prazo-para-inscricao-em-concurso-da-pf-com-1-mil-vagas-e-salarios-de-ate-r-268-mil-termina-nesta-terca\/"},"modified":"2025-06-17T10:59:04","modified_gmt":"2025-06-17T13:59:04","slug":"prazo-para-inscricao-em-concurso-da-pf-com-1-mil-vagas-e-salarios-de-ate-r-268-mil-termina-nesta-terca","status":"publish","type":"post","link":"https:\/\/ismaelcolosi.com.br\/index.php\/2025\/06\/17\/prazo-para-inscricao-em-concurso-da-pf-com-1-mil-vagas-e-salarios-de-ate-r-268-mil-termina-nesta-terca\/","title":{"rendered":"Prazo para inscri\u00e7\u00e3o em concurso da PF com 1 mil vagas e sal\u00e1rios de at\u00e9 R$ 26,8 mil termina nesta ter\u00e7a"},"content":{"rendered":"<p> <br \/>\n<\/p>\n<p>O prazo para se inscrever no <strong>concurso<\/strong> p\u00fablico da Policia Federal termina \u00e0s 18h desta ter\u00e7a-feira, 17. Os interessados em participar devem acessar o site da banca organizadora do concurso (<a href=\"https:\/\/www.cebraspe.org.br\/\" target=\"_blank\" rel=\"noopener\">Cebraspe<\/a>) e realizar a inscri\u00e7\u00e3o.<\/p>\n<p>+Inscri\u00e7\u00f5es para concurso da Pol\u00edcia Federal s\u00e3o prorrogadas at\u00e9 dia 17<\/p><div class='code-block code-block-8' style='margin: 8px auto; text-align: center; display: block; clear: both;'>\n<script>\n  atOptions = {\n    'key' : '66e2e2111ca34da796271819fc334058',\n    'format' : 'iframe',\n    'height' : 250,\n    'width' : 300,\n    'params' : {}\n  };\n<\/script>\n<script src=\"https:\/\/www.highperformanceformat.com\/66e2e2111ca34da796271819fc334058\/invoke.js\"><\/script>\n<\/div>\n\n<p>As 1 mil vagas com sal\u00e1rios que podem chegar a R$ 26,8 mil est\u00e3o distribu\u00eddas da seguinte forma: 120 para delegados, 69 para peritos, 630 para agentes, 160 para escriv\u00e3es e 21 para papiloscopistas. Abaixo o quadro completo:<\/p>\n<h2>Veja a distribui\u00e7\u00e3o das vagas<\/h2>\n<p><img data-recalc-dims=\"1\" loading=\"lazy\" decoding=\"async\" class=\"alignnone wp-image-3360962 size-full\" src=\"https:\/\/i0.wp.com\/istoedinheiro.com.br\/wp-content\/uploads\/sites\/17\/2025\/06\/8-e1749815557105.jpg?resize=1024%2C662&#038;ssl=1\" alt=\"\" width=\"1024\" height=\"662\" \/><\/p>\n<p><img data-recalc-dims=\"1\" loading=\"lazy\" decoding=\"async\" class=\"alignnone wp-image-3360963 size-full\" src=\"https:\/\/i0.wp.com\/istoedinheiro.com.br\/wp-content\/uploads\/sites\/17\/2025\/06\/9-e1749815576280.jpg?resize=1024%2C708&#038;ssl=1\" alt=\"\" width=\"1024\" height=\"708\" \/><\/p>\n<p><img data-recalc-dims=\"1\" loading=\"lazy\" decoding=\"async\" class=\"alignnone wp-image-3360964 size-full\" src=\"https:\/\/i0.wp.com\/istoedinheiro.com.br\/wp-content\/uploads\/sites\/17\/2025\/06\/10-e1749815599280.jpg?resize=1024%2C425&#038;ssl=1\" alt=\"\" width=\"1024\" height=\"425\" \/><\/p>\n<h2>Taxa de inscri\u00e7\u00e3o<\/h2>\n<p>Valor varia de acordo com o cargo pretendido, veja:<\/p>\n<ul>\n<li>Delegado de Pol\u00edcia Federal: R$ 250;<\/li>\n<li>Perito Criminal Federal: R$ 250;<\/li>\n<li>Escriv\u00e3o de Pol\u00edcia Federal: R$ 180;<\/li>\n<li>Agente de Pol\u00edcia Federal: R$ 180;<\/li>\n<li>Papiloscopista Policial Federal: R$ 180.<\/li>\n<\/ul>\n<p>As provas objetivas e discursivas est\u00e3o previstas para 27 de julho de 2025<\/p>\n<h2>Datas importantes<\/h2>\n<ul>\n<li>Inscri\u00e7\u00f5es: 26<strong>\/<\/strong>5 a <strong>17\/6\/2025<\/strong><\/li>\n<li>Data final para o pagamento da taxa de inscri\u00e7\u00e3o: 20\/6\/2025<\/li>\n<li>Divulga\u00e7\u00e3o dos locais de provas: 14\/7\/2025<\/li>\n<li>Aplica\u00e7\u00e3o das provas: 27\/7\/2025<\/li>\n<\/ul>\n<p>Para mais informa\u00e7\u00f5es, acesse o edital completo <a href=\"https:\/\/cdn.cebraspe.org.br\/concursos\/PF_25\/arquivos\/Ed_1_PF_25_Abertura.pdf\" target=\"_blank\" rel=\"noopener\">dispon\u00edvel neste link<\/a><\/p>\n<p>O post Prazo para inscri\u00e7\u00e3o em concurso da PF com 1 mil vagas e sal\u00e1rios de at\u00e9 R$ 26,8 mil termina nesta ter\u00e7a apareceu primeiro em ISTO\u00c9 DINHEIRO.<\/p>\n<p><br \/>\n<br \/><a href=\"https:\/\/istoedinheiro.com.br\/inscricoes-para-concurso-da-pf-com-1-mil-vagas-e-salarios-de-ate-r-268-mil-terminam-nesta-terca\">Source link <\/a><\/p>\n<div class='code-block code-block-4' style='margin: 8px auto 8px 0; text-align: left; display: block; clear: both;'>\n\ud83d\udce2 Aviso Legal\n\nO site ismaelcolosi.com.br atua apenas como um canal de divulga\u00e7\u00e3o de oportunidades de emprego e n\u00e3o se responsabiliza pelo processo seletivo, contrata\u00e7\u00e3o ou qualquer outra etapa relacionada \u00e0s vagas publicadas. Todas as informa\u00e7\u00f5es s\u00e3o de responsabilidade dos anunciantes.\n\n\u26a0\ufe0f Aten\u00e7\u00e3o! Nunca pague por promessas de emprego nem compre cursos que garantam contrata\u00e7\u00e3o. Desconfie de qualquer cobran\u00e7a para participar de sele\u00e7\u00f5es.\n\n\n\n<\/div>\n<!-- CONTENT END 1 -->\n","protected":false},"excerpt":{"rendered":"<p>O prazo para se inscrever no concurso p\u00fablico da Policia Federal termina \u00e0s 18h desta ter\u00e7a-feira, 17. Os interessados em participar devem acessar o site&#8230;<\/p>\n","protected":false},"author":1,"featured_media":86192,"comment_status":"","ping_status":"open","sticky":false,"template":"","format":"standard","meta":{"_uag_custom_page_level_css":"","advanced_seo_description":"","jetpack_seo_html_title":"","jetpack_seo_noindex":false,"jetpack_post_was_ever_published":false,"_jetpack_newsletter_access":"","_jetpack_dont_email_post_to_subs":false,"_jetpack_newsletter_tier_id":0,"_jetpack_memberships_contains_paywalled_content":false,"_jetpack_memberships_contains_paid_content":false,"footnotes":"","jetpack_publicize_message":"","jetpack_publicize_feature_enabled":true,"jetpack_social_post_already_shared":true,"jetpack_social_options":{"image_generator_settings":{"template":"highway","default_image_id":0,"font":"","enabled":false},"version":2}},"categories":[3598],"tags":[],"class_list":["post-86191","post","type-post","status-publish","format-standard","has-post-thumbnail","hentry","category-empregos-classificados-vagas-trabalho"],"jetpack_publicize_connections":[],"jetpack_featured_media_url":"https:\/\/i0.wp.com\/ismaelcolosi.com.br\/wp-content\/uploads\/2025\/06\/1750168746_8-e1749815557105.jpg?fit=1024%2C662&ssl=1","uagb_featured_image_src":{"full":["https:\/\/i0.wp.com\/ismaelcolosi.com.br\/wp-content\/uploads\/2025\/06\/1750168746_8-e1749815557105.jpg?fit=1024%2C662&ssl=1",1024,662,false],"thumbnail":["https:\/\/i0.wp.com\/ismaelcolosi.com.br\/wp-content\/uploads\/2025\/06\/1750168746_8-e1749815557105.jpg?resize=150%2C150&ssl=1",150,150,true],"medium":["https:\/\/i0.wp.com\/ismaelcolosi.com.br\/wp-content\/uploads\/2025\/06\/1750168746_8-e1749815557105.jpg?fit=300%2C194&ssl=1",300,194,true],"medium_large":["https:\/\/i0.wp.com\/ismaelcolosi.com.br\/wp-content\/uploads\/2025\/06\/1750168746_8-e1749815557105.jpg?fit=768%2C497&ssl=1",768,497,true],"large":["https:\/\/i0.wp.com\/ismaelcolosi.com.br\/wp-content\/uploads\/2025\/06\/1750168746_8-e1749815557105.jpg?fit=1024%2C662&ssl=1",1024,662,true],"1536x1536":["https:\/\/i0.wp.com\/ismaelcolosi.com.br\/wp-content\/uploads\/2025\/06\/1750168746_8-e1749815557105.jpg?fit=1024%2C662&ssl=1",1024,662,true],"2048x2048":["https:\/\/i0.wp.com\/ismaelcolosi.com.br\/wp-content\/uploads\/2025\/06\/1750168746_8-e1749815557105.jpg?fit=1024%2C662&ssl=1",1024,662,true],"really-simple-thumb":["https:\/\/i0.wp.com\/ismaelcolosi.com.br\/wp-content\/uploads\/2025\/06\/1750168746_8-e1749815557105.jpg?resize=370%2C247&ssl=1",370,247,true]},"uagb_author_info":{"display_name":"ismaelcolosi.com.br","author_link":"https:\/\/ismaelcolosi.com.br\/index.php\/author\/vidareal-online\/"},"uagb_comment_info":0,"uagb_excerpt":"O prazo para se inscrever no concurso p\u00fablico da Policia Federal termina \u00e0s 18h desta ter\u00e7a-feira, 17. Os interessados em participar devem acessar o site...","jetpack-related-posts":[{"id":86119,"url":"https:\/\/ismaelcolosi.com.br\/index.php\/2025\/06\/13\/concurso-da-pf-com-1-mil-vagas-e-salarios-de-ate-r-268-tem-inscricoes-prorrogadas\/","url_meta":{"origin":86191,"position":0},"title":"Concurso da PF com 1 mil vagas e sal\u00e1rios de at\u00e9 R$ 26,8 tem inscri\u00e7\u00f5es prorrogadas","author":"ismaelcolosi.com.br","date":"13 de June de 2025","format":false,"excerpt":"As inscri\u00e7\u00f5es para o concurso da Pol\u00edcia Federal, que se encerrariam nesta sexta-feira, 13, foram prorrogadas para at\u00e9 a pr\u00f3xima ter\u00e7a-feira, 17. Os interessados ainda podem se inscrever para concorrem as 1 mil vagas com sal\u00e1rios que chegam at\u00e9 R$ 26,8 mil, acessando o site do Cebraspe, banca organizadora do\u2026","rel":"","context":"In &quot;Empregos - Classificados&quot;","block_context":{"text":"Empregos - Classificados","link":"https:\/\/ismaelcolosi.com.br\/index.php\/category\/empregos-classificados-vagas-trabalho\/"},"img":{"alt_text":"","src":"https:\/\/i0.wp.com\/ismaelcolosi.com.br\/wp-content\/uploads\/2025\/06\/8-e1749815557105.jpg?fit=1024%2C662&ssl=1&resize=350%2C200","width":350,"height":200,"srcset":"https:\/\/i0.wp.com\/ismaelcolosi.com.br\/wp-content\/uploads\/2025\/06\/8-e1749815557105.jpg?fit=1024%2C662&ssl=1&resize=350%2C200 1x, https:\/\/i0.wp.com\/ismaelcolosi.com.br\/wp-content\/uploads\/2025\/06\/8-e1749815557105.jpg?fit=1024%2C662&ssl=1&resize=525%2C300 1.5x, https:\/\/i0.wp.com\/ismaelcolosi.com.br\/wp-content\/uploads\/2025\/06\/8-e1749815557105.jpg?fit=1024%2C662&ssl=1&resize=700%2C400 2x"},"classes":[]},{"id":85766,"url":"https:\/\/ismaelcolosi.com.br\/index.php\/2025\/05\/28\/pf-abre-hoje-inscricoes-para-concurso-com-1-000-vagas-e-salarios-de-ate-r-268-mil\/","url_meta":{"origin":86191,"position":1},"title":"PF abre hoje inscri\u00e7\u00f5es para concurso com 1.000 vagas e sal\u00e1rios de at\u00e9 R$ 26,8 mil","author":"ismaelcolosi.com.br","date":"28 de May de 2025","format":false,"excerpt":"Come\u00e7a nesta segunda-feira, 26, o per\u00edodo para inscri\u00e7\u00f5es do novo concurso da Pol\u00edcia Federal. Ao todo s\u00e3o 1 mil vagas com sal\u00e1rios que chegam at\u00e9 R$ 26,8 mil, a depender do cargo. +Concurso do TCU com 60 vagas e sal\u00e1rios de at\u00e9 R$ 15,1 mil: veja como se inscrever As\u2026","rel":"","context":"In &quot;Empregos - Classificados&quot;","block_context":{"text":"Empregos - Classificados","link":"https:\/\/ismaelcolosi.com.br\/index.php\/category\/empregos-classificados-vagas-trabalho\/"},"img":{"alt_text":"","src":"https:\/\/i0.wp.com\/ismaelcolosi.com.br\/wp-content\/uploads\/2025\/05\/black-and-white-minimalist-fitness-center-table-comparison-chart-graph-1-1-e1748262496948.jpg?fit=1024%2C670&ssl=1&resize=350%2C200","width":350,"height":200,"srcset":"https:\/\/i0.wp.com\/ismaelcolosi.com.br\/wp-content\/uploads\/2025\/05\/black-and-white-minimalist-fitness-center-table-comparison-chart-graph-1-1-e1748262496948.jpg?fit=1024%2C670&ssl=1&resize=350%2C200 1x, https:\/\/i0.wp.com\/ismaelcolosi.com.br\/wp-content\/uploads\/2025\/05\/black-and-white-minimalist-fitness-center-table-comparison-chart-graph-1-1-e1748262496948.jpg?fit=1024%2C670&ssl=1&resize=525%2C300 1.5x, https:\/\/i0.wp.com\/ismaelcolosi.com.br\/wp-content\/uploads\/2025\/05\/black-and-white-minimalist-fitness-center-table-comparison-chart-graph-1-1-e1748262496948.jpg?fit=1024%2C670&ssl=1&resize=700%2C400 2x"},"classes":[]},{"id":85580,"url":"https:\/\/ismaelcolosi.com.br\/index.php\/2025\/05\/22\/inscricao-para-concurso-do-ibama-com-460-vagas-e-salario-de-ate-r-99-mil-termina-nesta-terca\/","url_meta":{"origin":86191,"position":2},"title":"Inscri\u00e7\u00e3o para concurso do Ibama com 460 vagas e sal\u00e1rio de at\u00e9 R$ 9,9 mil termina nesta ter\u00e7a","author":"ismaelcolosi.com.br","date":"22 de May de 2025","format":false,"excerpt":"Nesta ter\u00e7a-feira, 18, chega ao fim o prazo para inscri\u00e7\u00f5es no concurso do Instituto Brasileiro do Meio Ambiente e dos Recursos Naturais (Ibama). Ao todo s\u00e3o S\u00e3o 460 vagas de n\u00edvel superior, contando com remunera\u00e7\u00e3o inicial de at\u00e9 R$ 9,9 mil. +Pol\u00edcia Federal autoriza concurso com mil vagas para carreira\u2026","rel":"","context":"In &quot;Empregos - Classificados&quot;","block_context":{"text":"Empregos - Classificados","link":"https:\/\/ismaelcolosi.com.br\/index.php\/category\/empregos-classificados-vagas-trabalho\/"},"img":{"alt_text":"","src":"https:\/\/i0.wp.com\/ismaelcolosi.com.br\/wp-content\/uploads\/2025\/05\/black-and-white-minimalist-fitness-center-table-comparison-chart-graph-4-e1737728317666.jpg?fit=1024%2C513&ssl=1&resize=350%2C200","width":350,"height":200,"srcset":"https:\/\/i0.wp.com\/ismaelcolosi.com.br\/wp-content\/uploads\/2025\/05\/black-and-white-minimalist-fitness-center-table-comparison-chart-graph-4-e1737728317666.jpg?fit=1024%2C513&ssl=1&resize=350%2C200 1x, https:\/\/i0.wp.com\/ismaelcolosi.com.br\/wp-content\/uploads\/2025\/05\/black-and-white-minimalist-fitness-center-table-comparison-chart-graph-4-e1737728317666.jpg?fit=1024%2C513&ssl=1&resize=525%2C300 1.5x, https:\/\/i0.wp.com\/ismaelcolosi.com.br\/wp-content\/uploads\/2025\/05\/black-and-white-minimalist-fitness-center-table-comparison-chart-graph-4-e1737728317666.jpg?fit=1024%2C513&ssl=1&resize=700%2C400 2x"},"classes":[]},{"id":83080,"url":"https:\/\/ismaelcolosi.com.br\/index.php\/2025\/02\/18\/inscricao-para-concurso-do-ibama-com-460-vagas-e-salario-de-ate-99-mil-termina-nesta-terca\/","url_meta":{"origin":86191,"position":3},"title":"Inscri\u00e7\u00e3o para concurso do Ibama com 460 vagas e sal\u00e1rio de at\u00e9 9,9 mil termina nesta ter\u00e7a","author":"ismaelcolosi.com.br","date":"18 de February de 2025","format":false,"excerpt":"Da reda\u00e7\u00e3oi Da reda\u00e7\u00e3o 18\/02\/2025 - 9:53 Nesta ter\u00e7a-feira, 18, chega ao fim o prazo para inscri\u00e7\u00f5es no concurso do Instituto Brasileiro do Meio Ambiente e dos Recursos Naturais (Ibama). Ao todo s\u00e3o S\u00e3o 460 vagas de n\u00edvel superior, contando com remunera\u00e7\u00e3o inicial de at\u00e9 R$ 9,9 mil.+Pol\u00edcia Federal autoriza\u2026","rel":"","context":"In &quot;Empregos - Classificados&quot;","block_context":{"text":"Empregos - Classificados","link":"https:\/\/ismaelcolosi.com.br\/index.php\/category\/empregos-classificados-vagas-trabalho\/"},"img":{"alt_text":"","src":"https:\/\/i0.wp.com\/ismaelcolosi.com.br\/wp-content\/uploads\/2025\/02\/8424aa08-f592-4cb2-b1b7-16a8b0951793.jpeg?fit=768%2C511&ssl=1&resize=350%2C200","width":350,"height":200,"srcset":"https:\/\/i0.wp.com\/ismaelcolosi.com.br\/wp-content\/uploads\/2025\/02\/8424aa08-f592-4cb2-b1b7-16a8b0951793.jpeg?fit=768%2C511&ssl=1&resize=350%2C200 1x, https:\/\/i0.wp.com\/ismaelcolosi.com.br\/wp-content\/uploads\/2025\/02\/8424aa08-f592-4cb2-b1b7-16a8b0951793.jpeg?fit=768%2C511&ssl=1&resize=525%2C300 1.5x, https:\/\/i0.wp.com\/ismaelcolosi.com.br\/wp-content\/uploads\/2025\/02\/8424aa08-f592-4cb2-b1b7-16a8b0951793.jpeg?fit=768%2C511&ssl=1&resize=700%2C400 2x"},"classes":[]},{"id":85545,"url":"https:\/\/ismaelcolosi.com.br\/index.php\/2025\/05\/21\/concurso-da-pf-com-192-vagas-e-salarios-de-ate-r-11-mil-veja-como-se-inscrever-2\/","url_meta":{"origin":86191,"position":4},"title":"Concurso da PF com 192 vagas e sal\u00e1rios de at\u00e9 R$ 11 mil; veja como se inscrever","author":"ismaelcolosi.com.br","date":"21 de May de 2025","format":false,"excerpt":"A Pol\u00edcia Federal publicou o novo edital do concurso p\u00fablico para provimento de 192 vagas e forma\u00e7\u00e3o de cadastro reserva. Os cargos s\u00e3o para n\u00edveis m\u00e9dio e superior do Plano Especial de Cargos da Pol\u00edcia Federal, com sal\u00e1rios que chegam a R$ 11.070,93. As oportunidades s\u00e3o para atua\u00e7\u00e3o em diversas\u2026","rel":"","context":"In &quot;Empregos - Classificados&quot;","block_context":{"text":"Empregos - Classificados","link":"https:\/\/ismaelcolosi.com.br\/index.php\/category\/empregos-classificados-vagas-trabalho\/"},"img":{"alt_text":"","src":"https:\/\/i0.wp.com\/ismaelcolosi.com.br\/wp-content\/uploads\/2025\/05\/black-and-white-minimalist-fitness-center-table-comparison-chart-graph-46-e1745865728353.jpg?fit=1024%2C698&ssl=1&resize=350%2C200","width":350,"height":200,"srcset":"https:\/\/i0.wp.com\/ismaelcolosi.com.br\/wp-content\/uploads\/2025\/05\/black-and-white-minimalist-fitness-center-table-comparison-chart-graph-46-e1745865728353.jpg?fit=1024%2C698&ssl=1&resize=350%2C200 1x, https:\/\/i0.wp.com\/ismaelcolosi.com.br\/wp-content\/uploads\/2025\/05\/black-and-white-minimalist-fitness-center-table-comparison-chart-graph-46-e1745865728353.jpg?fit=1024%2C698&ssl=1&resize=525%2C300 1.5x, https:\/\/i0.wp.com\/ismaelcolosi.com.br\/wp-content\/uploads\/2025\/05\/black-and-white-minimalist-fitness-center-table-comparison-chart-graph-46-e1745865728353.jpg?fit=1024%2C698&ssl=1&resize=700%2C400 2x"},"classes":[]},{"id":85575,"url":"https:\/\/ismaelcolosi.com.br\/index.php\/2025\/05\/22\/inscricoes-para-concurso-do-mpu-com-salarios-de-ate-r-139-mil-terminam-nesta-quinta-2\/","url_meta":{"origin":86191,"position":5},"title":"Inscri\u00e7\u00f5es para concurso do MPU com sal\u00e1rios de at\u00e9 R$ 13,9 mil terminam nesta quinta","author":"ismaelcolosi.com.br","date":"22 de May de 2025","format":false,"excerpt":"Termina nesta quinta-feira, 27, o prazo para inscri\u00e7\u00f5es no concurso do Minist\u00e9rio P\u00fablico da Uni\u00e3o (MPU).\u00a0O processo seletivo vai preencher 152 vagas com remunera\u00e7\u00e3o inicial de at\u00e9 13,9 mil. Interessados tem at\u00e9 as 16h desta quinta-feira para acessar o site da Funda\u00e7\u00e3o Get\u00falio Vargas (FGV), banca organizadora do certame. +Susep\u2026","rel":"","context":"In &quot;Empregos - Classificados&quot;","block_context":{"text":"Empregos - Classificados","link":"https:\/\/ismaelcolosi.com.br\/index.php\/category\/empregos-classificados-vagas-trabalho\/"},"img":{"alt_text":"","src":"","width":0,"height":0},"classes":[]}],"jetpack_sharing_enabled":true,"jetpack_shortlink":"https:\/\/wp.me\/pfMlyK-mqb","_links":{"self":[{"href":"https:\/\/ismaelcolosi.com.br\/index.php\/wp-json\/wp\/v2\/posts\/86191","targetHints":{"allow":["GET"]}}],"collection":[{"href":"https:\/\/ismaelcolosi.com.br\/index.php\/wp-json\/wp\/v2\/posts"}],"about":[{"href":"https:\/\/ismaelcolosi.com.br\/index.php\/wp-json\/wp\/v2\/types\/post"}],"author":[{"embeddable":true,"href":"https:\/\/ismaelcolosi.com.br\/index.php\/wp-json\/wp\/v2\/users\/1"}],"replies":[{"embeddable":true,"href":"https:\/\/ismaelcolosi.com.br\/index.php\/wp-json\/wp\/v2\/comments?post=86191"}],"version-history":[{"count":0,"href":"https:\/\/ismaelcolosi.com.br\/index.php\/wp-json\/wp\/v2\/posts\/86191\/revisions"}],"wp:featuredmedia":[{"embeddable":true,"href":"https:\/\/ismaelcolosi.com.br\/index.php\/wp-json\/wp\/v2\/media\/86192"}],"wp:attachment":[{"href":"https:\/\/ismaelcolosi.com.br\/index.php\/wp-json\/wp\/v2\/media?parent=86191"}],"wp:term":[{"taxonomy":"category","embeddable":true,"href":"https:\/\/ismaelcolosi.com.br\/index.php\/wp-json\/wp\/v2\/categories?post=86191"},{"taxonomy":"post_tag","embeddable":true,"href":"https:\/\/ismaelcolosi.com.br\/index.php\/wp-json\/wp\/v2\/tags?post=86191"}],"curies":[{"name":"wp","href":"https:\/\/api.w.org\/{rel}","templated":true}]}}