{"id":8611,"date":"2023-11-30T13:37:28","date_gmt":"2023-11-30T16:37:28","guid":{"rendered":"https:\/\/ismaelcolosi.com.br\/index.php\/2023\/11\/30\/concurso-publico-do-cbpf-oferece-remuneracao-de-ate-r-182-mil-mensais\/"},"modified":"2023-11-30T13:37:28","modified_gmt":"2023-11-30T16:37:28","slug":"concurso-publico-do-cbpf-oferece-remuneracao-de-ate-r-182-mil-mensais","status":"publish","type":"post","link":"https:\/\/ismaelcolosi.com.br\/index.php\/2023\/11\/30\/concurso-publico-do-cbpf-oferece-remuneracao-de-ate-r-182-mil-mensais\/","title":{"rendered":"Concurso p\u00fablico do CBPF oferece remunera\u00e7\u00e3o de at\u00e9 R$ 18,2 mil mensais"},"content":{"rendered":"<p> [ad_1]<br \/>\n<\/p>\n<div>\n<div id=\"attachment_2314387\" class=\"wp-caption alignnone\">\n<div class=\"d-flex justify-content-center\" data-attachment-id=\"2314387\">\n<div class=\"position-relative d-inline-block\"><img data-recalc-dims=\"1\" data-portal-copyright=\"IStock\" fetchpriority=\"high\" decoding=\"async\" class=\"size-medium wp-image-2314387\" src=\"https:\/\/i0.wp.com\/catracalivre.com.br\/wp-content\/uploads\/2023\/11\/istock-958697476-450x300.jpg?resize=450%2C300&#038;ssl=1\" alt=\"Concurso P\u00fablico do CBPF\" width=\"450\" height=\"300\" srcset=\"https:\/\/catracalivre.com.br\/wp-content\/uploads\/2023\/11\/istock-958697476-450x300.jpg 450w, https:\/\/catracalivre.com.br\/wp-content\/uploads\/2023\/11\/istock-958697476-910x607.jpg 910w, https:\/\/catracalivre.com.br\/wp-content\/uploads\/2023\/11\/istock-958697476-768x512.jpg 768w, https:\/\/catracalivre.com.br\/wp-content\/uploads\/2023\/11\/istock-958697476.jpg 1254w\" sizes=\"(max-width: 450px) 100vw, 450px\"\/><\/p>\n<p>Cr\u00e9ditos: IStock<\/p>\n<\/div>\n<\/div>\n<p><span class=\"post-imagem__legenda\">Concurso P\u00fablico do CBPF<\/span><\/p>\n<\/div>\n<p>O Centro Brasileiro de Pesquisas F\u00edsicas (CBPF), vinculado ao Minist\u00e9rio da Ci\u00eancia, Tecnologia e Inova\u00e7\u00e3o, anuncia edital de n\u00ba 1\/2023 e 2\/2023 para <a href=\"https:\/\/catracalivre.com.br\/educacao\/sites-gratuitos-ajudam-na-preparacao-para-concursos-publicos\/\" target=\"_blank\" rel=\"noopener\">concurso<\/a> p\u00fablico, para a reposi\u00e7\u00e3o de\u00a046 vagas\u00a0efetivas em cargos altamente especializados.<\/p>\n<p>A remunera\u00e7\u00e3o oferecida em <a href=\"https:\/\/catracalivre.com.br\/carreira\/24-opcoes-de-concursos-publicos-para-melhorar-seu-dia\/\" target=\"_blank\" rel=\"noopener\">concurso<\/a> p\u00fablico aos selecionados pode chegar a\u00a0R$ 18.250,25, quando consideramos a soma do maior vencimento b\u00e1sico ao maior valor de adicional por titula\u00e7\u00e3o e \u00e0 gratifica\u00e7\u00e3o m\u00e1xima por desempenho.<\/p>\n<p>O primeiro edital \u00e9 voltado para os cargos de Pesquisador Titular I (duas vagas), Pesquisador Associado I (cinco vagas) e Pesquisador Adjunto I (29 vagas), totalizando 36 vagas dispon\u00edveis. A jornada semanal ser\u00e1 de 40 horas.<\/p>\n<h2>Veja o perfil de cada cargo:<\/h2>\n<p>Pesquisador Titular I: vencimento b\u00e1sico de R$ 8.651,81 + adicional por titula\u00e7\u00e3o (R$ 1.679,56, R$ 3.266,14 ou R$ 7.042,44) + gratifica\u00e7\u00e3o de desempenho de at\u00e9 R$ 2.566,00;<\/p>\n<p>Pesquisador Associado I: vencimento b\u00e1sico de R$ 7.617,64 + adicional por titula\u00e7\u00e3o (R$ 1.417,88, R$ 2.864,06 ou R$ 6.172,22) + gratifica\u00e7\u00e3o de desempenho de at\u00e9 R$ 2.345,00;<\/p>\n<p>Pesquisador Adjunto I:\u00a0 vencimento b\u00e1sico de R$ 6.710,29 + adicional por titula\u00e7\u00e3o (R$ 1.290,76, R$ 2.512,70 ou R$ 5.412,57) + gratifica\u00e7\u00e3o de desempenho de at\u00e9 R$ 2.152,00.<\/p>\n<p>O segundo edital oferece uma vaga para\u00a0Tecnologista Pleno 3-I, oito vagas para\u00a0Tecnologista Pleno 2-I\u00a0e uma vaga para\u00a0Tecnologista Pleno 1-I, totalizando dez vagas.<br \/>O regime de trabalho \u00e9 de 40 horas semanais e a remunera\u00e7\u00e3o ter\u00e1 a seguinte composi\u00e7\u00e3o:<\/p>\n<p>Tecnologista Pleno 1-I: vencimento b\u00e1sico de R$ 5.913,57 + adicional por titula\u00e7\u00e3o (R$ 1.131,38, R$ 2.203,59 ou R$ 4.746,56) + R$ 1.974,00;<\/p>\n<p>Tecnologista Pleno 2-I: vencimento b\u00e1sico de R$ 6.710,29 + adicional por titula\u00e7\u00e3o (R$ 1.290,76, R$ 2.512,70 ou R$ 5.412,57) + gratifica\u00e7\u00e3o de desempenho de at\u00e9 R$ 2.152,00;<\/p>\n<p>Tecnologista Pleno 3-I: vencimento b\u00e1sico de R$ 7.617,64 + adicional por titula\u00e7\u00e3o (R$ 1.471,88, R$ 2.864,06 ou R$ 6.172,22) + gratifica\u00e7\u00e3o de desempenho de at\u00e9 R$ 2.345,00.<\/p>\n<p>As inscri\u00e7\u00f5es devem ser realizadas atrav\u00e9s do <a href=\"https:\/\/www.gov.br\/cbpf\/pt-br\/concursos2023\" target=\"_blank\" rel=\"noopener\">site<\/a> oficial\u00a0de 18 de dezembro a 8 de mar\u00e7o de 2024. A taxa necess\u00e1ria para confirma\u00e7\u00e3o \u00e9 de: R$ 220,00 \u2013 Pesquisador Titular I; R$ 180,00 \u2013 Tecnologista Pleno 3 e Pesquisador Associado I; R$ 150,00 \u2013 Tecnologista Pleno 2 e Pesquisador Adjunto I; R$ 125,00 \u2013 Tecnologista Pleno 1.<\/p>\n<p>As d\u00favidas poder\u00e3o ser enviadas para o Servi\u00e7o de Recursos Humanos do Centro Brasileiro de Pesquisas F\u00edsicas, Rua Dr. Xavier Sigaud, n\u00ba 150, Bairro da Urca, no Rio de Janeiro, ou pelo e-mail concursos2023@cbpf.br.<\/p>\n<div class=\"partner d-flex rounded shadow-sm p-2 mb-3 align-items-center\" id=\"partner\" data-print=\"ignore\">\n<div class=\"image mr-2\">\n<img data-recalc-dims=\"1\" src=\"https:\/\/i0.wp.com\/robohash.org\/b730afd4cf5c5d237c7f93163ed023b6.png?resize=110%2C110&#038;ssl=1\" width=\"110\" height=\"110\" title=\"Thatyana Costa\" loading=\"lazy\" decoding=\"async\" class=\"rounded-circle\"\/>\n<\/div>\n<\/div>\n<\/div>\n<p><script>\n\t\t! function(f, b, e, v, n, t, s) {\n\t\t\tif (f.fbq) return;\n\t\t\tn = f.fbq = function() {\n\t\t\t\tn.callMethod ?\n\t\t\t\t\tn.callMethod.apply(n, arguments) : n.queue.push(arguments)\n\t\t\t};\n\t\t\tif (!f._fbq) f._fbq = n;\n\t\t\tn.push = n;\n\t\t\tn.loaded = !0;\n\t\t\tn.version = '2.0';\n\t\t\tn.queue = [];\n\t\t\tt = b.createElement(e);\n\t\t\tt.async = !0;\n\t\t\tt.src = v;\n\t\t\ts = b.getElementsByTagName(e)[0];\n\t\t\ts.parentNode.insertBefore(t, s)\n\t\t}(window, document, 'script',\n\t\t\t'https:\/\/connect.facebook.net\/en_US\/fbevents.js');\n\t\tfbq('init', '338315473262380');\n\t\tfbq('track', 'PageView');\n\t<\/script><br \/>\n<br \/>[ad_2]<br \/>\n<br \/><a href=\"https:\/\/catracalivre.com.br\/educacao\/concurso-publico-do-cbpf-oferece-remuneracao-de-ate-r-182-mil-mensais\/\" target=\"_blank\" rel=\"noopener\">Source link <\/a><\/p>\n<div class='code-block code-block-4' style='margin: 8px auto 8px 0; text-align: left; display: block; clear: both;'>\n\ud83d\udce2 Aviso Legal\n\nO site ismaelcolosi.com.br atua apenas como um canal de divulga\u00e7\u00e3o de oportunidades de emprego e n\u00e3o se responsabiliza pelo processo seletivo, contrata\u00e7\u00e3o ou qualquer outra etapa relacionada \u00e0s vagas publicadas. Todas as informa\u00e7\u00f5es s\u00e3o de responsabilidade dos anunciantes.\n\n\u26a0\ufe0f Aten\u00e7\u00e3o! Nunca pague por promessas de emprego nem compre cursos que garantam contrata\u00e7\u00e3o. Desconfie de qualquer cobran\u00e7a para participar de sele\u00e7\u00f5es.\n\n\n\n<\/div>\n<!-- CONTENT END 1 -->\n","protected":false},"excerpt":{"rendered":"<p>[ad_1] Cr\u00e9ditos: IStock Concurso P\u00fablico do CBPF O Centro Brasileiro de Pesquisas F\u00edsicas (CBPF), vinculado ao Minist\u00e9rio da Ci\u00eancia, Tecnologia e Inova\u00e7\u00e3o, anuncia edital de n\u00ba 1\/2023 e 2\/2023 para concurso p\u00fablico, para a reposi\u00e7\u00e3o de\u00a046 vagas\u00a0efetivas em cargos altamente especializados. A remunera\u00e7\u00e3o oferecida em concurso p\u00fablico aos selecionados pode chegar a\u00a0R$ 18.250,25, quando consideramos&hellip;&nbsp;<\/p>\n","protected":false},"author":1,"featured_media":8612,"comment_status":"open","ping_status":"open","sticky":false,"template":"","format":"standard","meta":{"_uag_custom_page_level_css":"","neve_meta_sidebar":"","neve_meta_container":"","neve_meta_enable_content_width":"","neve_meta_content_width":0,"neve_meta_title_alignment":"","neve_meta_author_avatar":"","neve_post_elements_order":"","neve_meta_disable_header":"","neve_meta_disable_footer":"","neve_meta_disable_title":"","_jetpack_newsletter_access":"","_jetpack_dont_email_post_to_subs":false,"_jetpack_newsletter_tier_id":0,"_jetpack_memberships_contains_paywalled_content":false,"_jetpack_memberships_contains_paid_content":false,"footnotes":""},"categories":[19],"tags":[],"class_list":["post-8611","post","type-post","status-publish","format-standard","has-post-thumbnail","hentry","category-variedades"],"uagb_featured_image_src":{"full":["https:\/\/i0.wp.com\/ismaelcolosi.com.br\/wp-content\/uploads\/2023\/11\/istock-958697476.jpg?fit=1200%2C638&ssl=1",1200,638,false],"thumbnail":["https:\/\/i0.wp.com\/ismaelcolosi.com.br\/wp-content\/uploads\/2023\/11\/istock-958697476.jpg?resize=150%2C150&ssl=1",150,150,true],"medium":["https:\/\/i0.wp.com\/ismaelcolosi.com.br\/wp-content\/uploads\/2023\/11\/istock-958697476.jpg?fit=300%2C160&ssl=1",300,160,true],"medium_large":["https:\/\/i0.wp.com\/ismaelcolosi.com.br\/wp-content\/uploads\/2023\/11\/istock-958697476.jpg?fit=768%2C408&ssl=1",768,408,true],"large":["https:\/\/i0.wp.com\/ismaelcolosi.com.br\/wp-content\/uploads\/2023\/11\/istock-958697476.jpg?fit=1024%2C544&ssl=1",1024,544,true],"1536x1536":["https:\/\/i0.wp.com\/ismaelcolosi.com.br\/wp-content\/uploads\/2023\/11\/istock-958697476.jpg?fit=1200%2C638&ssl=1",1200,638,true],"2048x2048":["https:\/\/i0.wp.com\/ismaelcolosi.com.br\/wp-content\/uploads\/2023\/11\/istock-958697476.jpg?fit=1200%2C638&ssl=1",1200,638,true],"neve-blog":["https:\/\/i0.wp.com\/ismaelcolosi.com.br\/wp-content\/uploads\/2023\/11\/istock-958697476.jpg?resize=930%2C620&ssl=1",930,620,true]},"uagb_author_info":{"display_name":"ismaelcolosi.com.br","author_link":"https:\/\/ismaelcolosi.com.br\/author\/vidareal-online\/"},"uagb_comment_info":0,"uagb_excerpt":"[ad_1] Cr\u00e9ditos: IStock Concurso P\u00fablico do CBPF O Centro Brasileiro de Pesquisas F\u00edsicas (CBPF), vinculado ao Minist\u00e9rio da Ci\u00eancia, Tecnologia e Inova\u00e7\u00e3o, anuncia edital de n\u00ba 1\/2023 e 2\/2023 para concurso p\u00fablico, para a reposi\u00e7\u00e3o de\u00a046 vagas\u00a0efetivas em cargos altamente especializados. A remunera\u00e7\u00e3o oferecida em concurso p\u00fablico aos selecionados pode chegar a\u00a0R$ 18.250,25, quando consideramos&hellip;&nbsp;","jetpack-related-posts":[{"id":6655,"url":"https:\/\/ismaelcolosi.com.br\/index.php\/2023\/11\/26\/50-vagas-de-emprego-para-trabalhar-de-casa-na-area-de-marketing-vagas-home-office-clique-em-candidatar-6\/","url_meta":{"origin":8611,"position":0},"title":"50 vagas de emprego para trabalhar de casa na \u00e1rea de Marketing. Vagas Home Office, clique em candidatar","author":"ismaelcolosi.com.br","date":"26 de Novembro de 2023","format":false,"excerpt":"SDR Inbound Indispon\u00edvel S\u00e3o Paulo - SP Marketing Publicado h\u00e1 2 dias Candidatar Profissional de Tr\u00e1fego Pago e Email Marketing Peopleplan Palho\u00e7a - SC Marketing Publicado h\u00e1 1 semana Candidatar Analista De Marketing Jr Indispon\u00edvel S\u00e3o Paulo - SP Marketing Publicado h\u00e1 1 semana Candidatar Design | Analista de Marketing\u2026","rel":"","context":"In &quot;Vagas de Emprego Remoto - Home Office&quot;","block_context":{"text":"Vagas de Emprego Remoto - Home Office","link":"https:\/\/ismaelcolosi.com.br\/index.php\/category\/empregos-classificados-vagas-trabalho\/vagas-de-empregos-em-ribeirao-preto-regiao-brasil\/vagas-de-emprego-para-trabalhar-de-casa-home-office-remoto\/"},"img":{"alt_text":"","src":"https:\/\/i0.wp.com\/ismaelcolosi.com.br\/wp-content\/uploads\/2023\/11\/1701016025_13-Ideias-de-Marketing-para-saloes.png?fit=1200%2C670&ssl=1&resize=350%2C200","width":350,"height":200,"srcset":"https:\/\/i0.wp.com\/ismaelcolosi.com.br\/wp-content\/uploads\/2023\/11\/1701016025_13-Ideias-de-Marketing-para-saloes.png?fit=1200%2C670&ssl=1&resize=350%2C200 1x, https:\/\/i0.wp.com\/ismaelcolosi.com.br\/wp-content\/uploads\/2023\/11\/1701016025_13-Ideias-de-Marketing-para-saloes.png?fit=1200%2C670&ssl=1&resize=525%2C300 1.5x, https:\/\/i0.wp.com\/ismaelcolosi.com.br\/wp-content\/uploads\/2023\/11\/1701016025_13-Ideias-de-Marketing-para-saloes.png?fit=1200%2C670&ssl=1&resize=700%2C400 2x, https:\/\/i0.wp.com\/ismaelcolosi.com.br\/wp-content\/uploads\/2023\/11\/1701016025_13-Ideias-de-Marketing-para-saloes.png?fit=1200%2C670&ssl=1&resize=1050%2C600 3x"},"classes":[]},{"id":6675,"url":"https:\/\/ismaelcolosi.com.br\/index.php\/2023\/11\/26\/50-vagas-de-emprego-para-trabalhar-de-casa-na-area-administrativo-vagas-home-office-clique-em-candidatar-6\/","url_meta":{"origin":8611,"position":1},"title":"50 vagas de emprego para trabalhar de casa na \u00e1rea Administrativo. Vagas Home Office, clique em candidatar","author":"ismaelcolosi.com.br","date":"26 de Novembro de 2023","format":false,"excerpt":"SDR Inbound Indispon\u00edvel S\u00e3o Paulo - SP Marketing Publicado h\u00e1 2 dias Candidatar Profissional de Tr\u00e1fego Pago e Email Marketing Peopleplan Palho\u00e7a - SC Marketing Publicado h\u00e1 1 semana Candidatar Analista De Marketing Jr Indispon\u00edvel S\u00e3o Paulo - SP Marketing Publicado h\u00e1 1 semana Candidatar Design | Analista de Marketing\u2026","rel":"","context":"In &quot;Vagas de Emprego Remoto - Home Office&quot;","block_context":{"text":"Vagas de Emprego Remoto - Home Office","link":"https:\/\/ismaelcolosi.com.br\/index.php\/category\/empregos-classificados-vagas-trabalho\/vagas-de-empregos-em-ribeirao-preto-regiao-brasil\/vagas-de-emprego-para-trabalhar-de-casa-home-office-remoto\/"},"img":{"alt_text":"","src":"https:\/\/i0.wp.com\/ismaelcolosi.com.br\/wp-content\/uploads\/2023\/11\/auxiliar-administrativo.webp.webp?fit=800%2C452&ssl=1&resize=350%2C200","width":350,"height":200,"srcset":"https:\/\/i0.wp.com\/ismaelcolosi.com.br\/wp-content\/uploads\/2023\/11\/auxiliar-administrativo.webp.webp?fit=800%2C452&ssl=1&resize=350%2C200 1x, https:\/\/i0.wp.com\/ismaelcolosi.com.br\/wp-content\/uploads\/2023\/11\/auxiliar-administrativo.webp.webp?fit=800%2C452&ssl=1&resize=525%2C300 1.5x, https:\/\/i0.wp.com\/ismaelcolosi.com.br\/wp-content\/uploads\/2023\/11\/auxiliar-administrativo.webp.webp?fit=800%2C452&ssl=1&resize=700%2C400 2x"},"classes":[]},{"id":3919,"url":"https:\/\/ismaelcolosi.com.br\/index.php\/2023\/11\/20\/50-vagas-de-emprego-para-trabalhar-de-casa-na-area-de-marketing-vagas-home-office-clique-em-candidatar-4\/","url_meta":{"origin":8611,"position":2},"title":"50 vagas de emprego para trabalhar de casa na \u00e1rea de Marketing. Vagas Home Office, clique em candidatar","author":"ismaelcolosi.com.br","date":"20 de Novembro de 2023","format":false,"excerpt":"Profissional de Tr\u00e1fego Pago e Email Marketing Peopleplan Palho\u00e7a - SC Marketing Publicado h\u00e1 2 dias Candidatar Analista De Marketing Jr Indispon\u00edvel S\u00e3o Paulo - SP Marketing Publicado h\u00e1 2 dias Candidatar Design | Analista de Marketing J\u00fanior 3CON Brasil Marketing Publicado h\u00e1 2 dias Candidatar Est\u00e1gio em Marketing em\u2026","rel":"","context":"In &quot;Vagas de Emprego Remoto - Home Office&quot;","block_context":{"text":"Vagas de Emprego Remoto - Home Office","link":"https:\/\/ismaelcolosi.com.br\/index.php\/category\/empregos-classificados-vagas-trabalho\/vagas-de-empregos-em-ribeirao-preto-regiao-brasil\/vagas-de-emprego-para-trabalhar-de-casa-home-office-remoto\/"},"img":{"alt_text":"","src":"https:\/\/i0.wp.com\/ismaelcolosi.com.br\/wp-content\/uploads\/2023\/11\/1700496702_13-Ideias-de-Marketing-para-saloes.png?fit=1200%2C670&ssl=1&resize=350%2C200","width":350,"height":200,"srcset":"https:\/\/i0.wp.com\/ismaelcolosi.com.br\/wp-content\/uploads\/2023\/11\/1700496702_13-Ideias-de-Marketing-para-saloes.png?fit=1200%2C670&ssl=1&resize=350%2C200 1x, https:\/\/i0.wp.com\/ismaelcolosi.com.br\/wp-content\/uploads\/2023\/11\/1700496702_13-Ideias-de-Marketing-para-saloes.png?fit=1200%2C670&ssl=1&resize=525%2C300 1.5x, https:\/\/i0.wp.com\/ismaelcolosi.com.br\/wp-content\/uploads\/2023\/11\/1700496702_13-Ideias-de-Marketing-para-saloes.png?fit=1200%2C670&ssl=1&resize=700%2C400 2x, https:\/\/i0.wp.com\/ismaelcolosi.com.br\/wp-content\/uploads\/2023\/11\/1700496702_13-Ideias-de-Marketing-para-saloes.png?fit=1200%2C670&ssl=1&resize=1050%2C600 3x"},"classes":[]},{"id":3962,"url":"https:\/\/ismaelcolosi.com.br\/index.php\/2023\/11\/20\/50-vagas-de-emprego-para-trabalhar-de-casa-na-area-administrativo-vagas-home-office-clique-em-candidatar-4\/","url_meta":{"origin":8611,"position":3},"title":"50 vagas de emprego para trabalhar de casa na \u00e1rea Administrativo. Vagas Home Office, clique em candidatar","author":"ismaelcolosi.com.br","date":"20 de Novembro de 2023","format":false,"excerpt":"Profissional de Tr\u00e1fego Pago e Email Marketing Peopleplan Palho\u00e7a - SC Marketing Publicado h\u00e1 2 dias Candidatar Analista De Marketing Jr Indispon\u00edvel S\u00e3o Paulo - SP Marketing Publicado h\u00e1 2 dias Candidatar Design | Analista de Marketing J\u00fanior 3CON Brasil Marketing Publicado h\u00e1 2 dias Candidatar Est\u00e1gio em Marketing em\u2026","rel":"","context":"In &quot;Vagas de Emprego Remoto - Home Office&quot;","block_context":{"text":"Vagas de Emprego Remoto - Home Office","link":"https:\/\/ismaelcolosi.com.br\/index.php\/category\/empregos-classificados-vagas-trabalho\/vagas-de-empregos-em-ribeirao-preto-regiao-brasil\/vagas-de-emprego-para-trabalhar-de-casa-home-office-remoto\/"},"img":{"alt_text":"","src":"https:\/\/i0.wp.com\/ismaelcolosi.com.br\/wp-content\/uploads\/2023\/11\/1700501792_aux-adm-24-05.png?fit=580%2C320&ssl=1&resize=350%2C200","width":350,"height":200,"srcset":"https:\/\/i0.wp.com\/ismaelcolosi.com.br\/wp-content\/uploads\/2023\/11\/1700501792_aux-adm-24-05.png?fit=580%2C320&ssl=1&resize=350%2C200 1x, https:\/\/i0.wp.com\/ismaelcolosi.com.br\/wp-content\/uploads\/2023\/11\/1700501792_aux-adm-24-05.png?fit=580%2C320&ssl=1&resize=525%2C300 1.5x"},"classes":[]},{"id":5334,"url":"https:\/\/ismaelcolosi.com.br\/index.php\/2023\/11\/23\/50-vagas-de-emprego-para-trabalhar-de-casa-na-area-de-marketing-vagas-home-office-clique-em-candidatar-5\/","url_meta":{"origin":8611,"position":4},"title":"50 vagas de emprego para trabalhar de casa na \u00e1rea de Marketing. Vagas Home Office, clique em candidatar","author":"ismaelcolosi.com.br","date":"23 de Novembro de 2023","format":false,"excerpt":"Profissional de Tr\u00e1fego Pago e Email Marketing Peopleplan Palho\u00e7a - SC Marketing Publicado h\u00e1 5 dias Candidatar Analista De Marketing Jr Indispon\u00edvel S\u00e3o Paulo - SP Marketing Publicado h\u00e1 5 dias Candidatar Design | Analista de Marketing J\u00fanior 3CON Brasil Marketing Publicado h\u00e1 5 dias Candidatar Est\u00e1gio em Marketing em\u2026","rel":"","context":"In &quot;Vagas de Emprego Remoto - Home Office&quot;","block_context":{"text":"Vagas de Emprego Remoto - Home Office","link":"https:\/\/ismaelcolosi.com.br\/index.php\/category\/empregos-classificados-vagas-trabalho\/vagas-de-empregos-em-ribeirao-preto-regiao-brasil\/vagas-de-emprego-para-trabalhar-de-casa-home-office-remoto\/"},"img":{"alt_text":"","src":"https:\/\/i0.wp.com\/ismaelcolosi.com.br\/wp-content\/uploads\/2023\/11\/1700756033_descubra_o_que_e_mar_a9TzR.jpg?fit=1200%2C630&ssl=1&resize=350%2C200","width":350,"height":200,"srcset":"https:\/\/i0.wp.com\/ismaelcolosi.com.br\/wp-content\/uploads\/2023\/11\/1700756033_descubra_o_que_e_mar_a9TzR.jpg?fit=1200%2C630&ssl=1&resize=350%2C200 1x, https:\/\/i0.wp.com\/ismaelcolosi.com.br\/wp-content\/uploads\/2023\/11\/1700756033_descubra_o_que_e_mar_a9TzR.jpg?fit=1200%2C630&ssl=1&resize=525%2C300 1.5x, https:\/\/i0.wp.com\/ismaelcolosi.com.br\/wp-content\/uploads\/2023\/11\/1700756033_descubra_o_que_e_mar_a9TzR.jpg?fit=1200%2C630&ssl=1&resize=700%2C400 2x, https:\/\/i0.wp.com\/ismaelcolosi.com.br\/wp-content\/uploads\/2023\/11\/1700756033_descubra_o_que_e_mar_a9TzR.jpg?fit=1200%2C630&ssl=1&resize=1050%2C600 3x"},"classes":[]},{"id":5356,"url":"https:\/\/ismaelcolosi.com.br\/index.php\/2023\/11\/23\/50-vagas-de-emprego-para-trabalhar-de-casa-na-area-de-programacao-e-desenvolvimento-vagas-home-office-clique-em-candidatar-5\/","url_meta":{"origin":8611,"position":5},"title":"50 vagas de emprego para trabalhar de casa na \u00e1rea de Programa\u00e7\u00e3o e Desenvolvimento. Vagas Home Office, clique em candidatar","author":"ismaelcolosi.com.br","date":"23 de Novembro de 2023","format":false,"excerpt":"Desenvolvedor(a) de Software S\u00eanior TECNOSPEED Remoto Programa\u00e7\u00e3o Publicado h\u00e1 3 semanas Candidatar Experienced Customer Success Specialist Hostinger Remoto Programa\u00e7\u00e3o Publicado h\u00e1 2 meses Candidatar Corretor De Im\u00f3veis \u2013 Home Office Nethomes Santa Catarina Programa\u00e7\u00e3o Publicado h\u00e1 14 horas Candidatar Senior Consultant \u2013 Desenvolvedor FullStack Java \u2013 Home Office Provider IT\u2026","rel":"","context":"In &quot;Vagas de Emprego Remoto - Home Office&quot;","block_context":{"text":"Vagas de Emprego Remoto - Home Office","link":"https:\/\/ismaelcolosi.com.br\/index.php\/category\/empregos-classificados-vagas-trabalho\/vagas-de-empregos-em-ribeirao-preto-regiao-brasil\/vagas-de-emprego-para-trabalhar-de-casa-home-office-remoto\/"},"img":{"alt_text":"TECNOSPEED","src":"https:\/\/i0.wp.com\/vagasremotas.com.br\/wp-content\/uploads\/job-manager-uploads\/company_logo\/2023\/11\/1-Principal-Color-2-150x150.png?resize=350%2C200&ssl=1","width":350,"height":200},"classes":[]}],"jetpack_sharing_enabled":true,"jetpack_shortlink":"https:\/\/wp.me\/pfMlyK-2eT","jetpack_featured_media_url":"https:\/\/i0.wp.com\/ismaelcolosi.com.br\/wp-content\/uploads\/2023\/11\/istock-958697476.jpg?fit=1200%2C638&ssl=1","_links":{"self":[{"href":"https:\/\/ismaelcolosi.com.br\/index.php\/wp-json\/wp\/v2\/posts\/8611","targetHints":{"allow":["GET"]}}],"collection":[{"href":"https:\/\/ismaelcolosi.com.br\/index.php\/wp-json\/wp\/v2\/posts"}],"about":[{"href":"https:\/\/ismaelcolosi.com.br\/index.php\/wp-json\/wp\/v2\/types\/post"}],"author":[{"embeddable":true,"href":"https:\/\/ismaelcolosi.com.br\/index.php\/wp-json\/wp\/v2\/users\/1"}],"replies":[{"embeddable":true,"href":"https:\/\/ismaelcolosi.com.br\/index.php\/wp-json\/wp\/v2\/comments?post=8611"}],"version-history":[{"count":0,"href":"https:\/\/ismaelcolosi.com.br\/index.php\/wp-json\/wp\/v2\/posts\/8611\/revisions"}],"wp:featuredmedia":[{"embeddable":true,"href":"https:\/\/ismaelcolosi.com.br\/index.php\/wp-json\/wp\/v2\/media\/8612"}],"wp:attachment":[{"href":"https:\/\/ismaelcolosi.com.br\/index.php\/wp-json\/wp\/v2\/media?parent=8611"}],"wp:term":[{"taxonomy":"category","embeddable":true,"href":"https:\/\/ismaelcolosi.com.br\/index.php\/wp-json\/wp\/v2\/categories?post=8611"},{"taxonomy":"post_tag","embeddable":true,"href":"https:\/\/ismaelcolosi.com.br\/index.php\/wp-json\/wp\/v2\/tags?post=8611"}],"curies":[{"name":"wp","href":"https:\/\/api.w.org\/{rel}","templated":true}]}}