{"id":8603,"date":"2023-11-30T13:28:26","date_gmt":"2023-11-30T16:28:26","guid":{"rendered":"https:\/\/ismaelcolosi.com.br\/index.php\/2023\/11\/30\/vivendo-o-luto-namorado-de-luana-andrade-mostra-1o-presente-que-ganhou-da-influenciadora-e-relembra-momentos\/"},"modified":"2023-11-30T13:28:26","modified_gmt":"2023-11-30T16:28:26","slug":"vivendo-o-luto-namorado-de-luana-andrade-mostra-1o-presente-que-ganhou-da-influenciadora-e-relembra-momentos","status":"publish","type":"post","link":"https:\/\/ismaelcolosi.com.br\/index.php\/2023\/11\/30\/vivendo-o-luto-namorado-de-luana-andrade-mostra-1o-presente-que-ganhou-da-influenciadora-e-relembra-momentos\/","title":{"rendered":"Vivendo o luto, namorado de Luana Andrade mostra 1\u00ba presente que ganhou da influenciadora e relembra momentos"},"content":{"rendered":"<p> [ad_1]<br \/>\n<\/p>\n<div itemprop=\"text\">\n<p>A dor da perda de \u00e9 um tipo de abalo emocional que para quem est\u00e1 vivendo a situa\u00e7\u00e3o, se torna algo indescrit\u00edvel. O namorado da influenciadora Jo\u00e3o Haddad, que est\u00e1 em luto pela namorada, usou as redes sociais para falar sobre a amada.<\/p>\n<p>A jovem faleceu no m\u00eas passado em decorr\u00eancia de complica\u00e7\u00f5es ap\u00f3s a cirurgia de lipoaspira\u00e7\u00e3o que se internou para fazer. Ela teve intercorr\u00eancia respirat\u00f3ria e mesmo sendo reanimada, n\u00e3o resistiu.<\/p>\n<p>Jo\u00e3o Haddad, seu namorado, estava sumido das redes sociais e chegou a preocupar os seguidores e amigos mais pr\u00f3ximos logo ap\u00f3s o falecimento da jovem n\u00e3o responder nem mesmo os amigos mais pr\u00f3ximos.<\/p>\n<p>Na \u00faltima quarta feira, 29 de novembro, ele usou as redes sociais para compartilhar um pouco de sua nova rotina e tamb\u00e9m mostrou aos seguidores uma lembran\u00e7a da namorada.<\/p>\n<p><img data-recalc-dims=\"1\" decoding=\"async\" src=\"https:\/\/i0.wp.com\/fnmais.com\/wp-content\/uploads\/2023\/11\/postiimg-65689296cf53c8651.jpg?w=1200&#038;ssl=1\" alt=\"\"\/><\/p>\n<p>O porta- retrato, segundo ele, foi o primeiro presente que recebeu da namorada. Ele contou que foi lembran\u00e7a da primeira viagem que fizeram juntos para Fernando de Noronha.<\/p>\n<p>Jo\u00e3o j\u00e1 usou o Instagram para fazer outras declara\u00e7\u00f5es de saudade e exaltar a namorada. Nos textos, ele sempre fala do bom astral que a namorada tinha em aproveitar a vida.<\/p>\n<p>Entre v\u00eddeos e fotos, ele chegou a dizer que estava retomando a vida aos poucos, pois sabe que seria essa a vontade da namorada. Em v\u00ea-lo sorrindo, continuando os planos que tinham juntos e n\u00e3o em uma depress\u00e3o.<\/p>\n<\/div>\n<p>[ad_2]<br \/>\n<br \/><a href=\"https:\/\/fnmais.com\/vivendo-luto-namorado-luana-andrade-mostra-1o-presente-que-ganhou-influenciadora-relembra-momentos\/\" target=\"_blank\" rel=\"noopener\">Source link <\/a><\/p>\n<div class='code-block code-block-4' style='margin: 8px auto 8px 0; text-align: left; display: block; clear: both;'>\n\ud83d\udce2 Aviso Legal\n\nO site ismaelcolosi.com.br atua apenas como um canal de divulga\u00e7\u00e3o de oportunidades de emprego e n\u00e3o se responsabiliza pelo processo seletivo, contrata\u00e7\u00e3o ou qualquer outra etapa relacionada \u00e0s vagas publicadas. Todas as informa\u00e7\u00f5es s\u00e3o de responsabilidade dos anunciantes.\n\n\u26a0\ufe0f Aten\u00e7\u00e3o! Nunca pague por promessas de emprego nem compre cursos que garantam contrata\u00e7\u00e3o. Desconfie de qualquer cobran\u00e7a para participar de sele\u00e7\u00f5es.\n\n\n\n<\/div>\n<!-- CONTENT END 1 -->\n","protected":false},"excerpt":{"rendered":"<p>[ad_1] A dor da perda de \u00e9 um tipo de abalo emocional que para quem est\u00e1 vivendo a situa\u00e7\u00e3o, se torna algo indescrit\u00edvel. O namorado da influenciadora Jo\u00e3o Haddad, que est\u00e1 em luto pela namorada, usou as redes sociais para falar sobre a amada. A jovem faleceu no m\u00eas passado em decorr\u00eancia de complica\u00e7\u00f5es ap\u00f3s&hellip;&nbsp;<\/p>\n","protected":false},"author":1,"featured_media":8604,"comment_status":"open","ping_status":"open","sticky":false,"template":"","format":"standard","meta":{"_uag_custom_page_level_css":"","neve_meta_sidebar":"","neve_meta_container":"","neve_meta_enable_content_width":"","neve_meta_content_width":0,"neve_meta_title_alignment":"","neve_meta_author_avatar":"","neve_post_elements_order":"","neve_meta_disable_header":"","neve_meta_disable_footer":"","neve_meta_disable_title":"","_jetpack_newsletter_access":"","_jetpack_dont_email_post_to_subs":false,"_jetpack_newsletter_tier_id":0,"_jetpack_memberships_contains_paywalled_content":false,"_jetpack_memberships_contains_paid_content":false,"footnotes":""},"categories":[1],"tags":[],"class_list":["post-8603","post","type-post","status-publish","format-standard","has-post-thumbnail","hentry","category-blog"],"uagb_featured_image_src":{"full":["https:\/\/i0.wp.com\/ismaelcolosi.com.br\/wp-content\/uploads\/2023\/11\/postimg-6568929825bb36705.jpg?fit=1200%2C628&ssl=1",1200,628,false],"thumbnail":["https:\/\/i0.wp.com\/ismaelcolosi.com.br\/wp-content\/uploads\/2023\/11\/postimg-6568929825bb36705.jpg?resize=150%2C150&ssl=1",150,150,true],"medium":["https:\/\/i0.wp.com\/ismaelcolosi.com.br\/wp-content\/uploads\/2023\/11\/postimg-6568929825bb36705.jpg?fit=300%2C157&ssl=1",300,157,true],"medium_large":["https:\/\/i0.wp.com\/ismaelcolosi.com.br\/wp-content\/uploads\/2023\/11\/postimg-6568929825bb36705.jpg?fit=768%2C402&ssl=1",768,402,true],"large":["https:\/\/i0.wp.com\/ismaelcolosi.com.br\/wp-content\/uploads\/2023\/11\/postimg-6568929825bb36705.jpg?fit=1024%2C536&ssl=1",1024,536,true],"1536x1536":["https:\/\/i0.wp.com\/ismaelcolosi.com.br\/wp-content\/uploads\/2023\/11\/postimg-6568929825bb36705.jpg?fit=1200%2C628&ssl=1",1200,628,true],"2048x2048":["https:\/\/i0.wp.com\/ismaelcolosi.com.br\/wp-content\/uploads\/2023\/11\/postimg-6568929825bb36705.jpg?fit=1200%2C628&ssl=1",1200,628,true],"neve-blog":["https:\/\/i0.wp.com\/ismaelcolosi.com.br\/wp-content\/uploads\/2023\/11\/postimg-6568929825bb36705.jpg?resize=930%2C620&ssl=1",930,620,true]},"uagb_author_info":{"display_name":"ismaelcolosi.com.br","author_link":"https:\/\/ismaelcolosi.com.br\/author\/vidareal-online\/"},"uagb_comment_info":0,"uagb_excerpt":"[ad_1] A dor da perda de \u00e9 um tipo de abalo emocional que para quem est\u00e1 vivendo a situa\u00e7\u00e3o, se torna algo indescrit\u00edvel. O namorado da influenciadora Jo\u00e3o Haddad, que est\u00e1 em luto pela namorada, usou as redes sociais para falar sobre a amada. A jovem faleceu no m\u00eas passado em decorr\u00eancia de complica\u00e7\u00f5es ap\u00f3s&hellip;&nbsp;","jetpack-related-posts":[{"id":22419,"url":"https:\/\/ismaelcolosi.com.br\/index.php\/2023\/12\/29\/quem-e-juliano-floss-que-viralizou-acusado-de-dedada-apos-termino-com-ex-namorada\/","url_meta":{"origin":8603,"position":0},"title":"Quem \u00e9 Juliano Floss, que viralizou acusado de &#8216;dedada&#8217; ap\u00f3s t\u00e9rmino com ex-namorada","author":"ismaelcolosi.com.br","date":"29 de Dezembro de 2023","format":false,"excerpt":"[ad_1] Nessa sexta-feira (29\/12), o nome do influenciador Juliano Floss ganhou as redes sociais. O rapaz foi exposto por sua ex-sogra, m\u00e3e de Vivi Wanderley, com quem viveu um relacionamento pelos \u00faltimos tempos.Os dois assumiram o relacionamento em 2021 e logo ganharam o carinho de milh\u00f5es de f\u00e3s. Floss \u00e9\u2026","rel":"","context":"In &quot;Blog&quot;","block_context":{"text":"Blog","link":"https:\/\/ismaelcolosi.com.br\/index.php\/category\/blog\/"},"img":{"alt_text":"","src":"https:\/\/i0.wp.com\/ismaelcolosi.com.br\/wp-content\/uploads\/2023\/12\/postimg-658f4e4b1753e3534.jpg?fit=1200%2C628&ssl=1&resize=350%2C200","width":350,"height":200,"srcset":"https:\/\/i0.wp.com\/ismaelcolosi.com.br\/wp-content\/uploads\/2023\/12\/postimg-658f4e4b1753e3534.jpg?fit=1200%2C628&ssl=1&resize=350%2C200 1x, https:\/\/i0.wp.com\/ismaelcolosi.com.br\/wp-content\/uploads\/2023\/12\/postimg-658f4e4b1753e3534.jpg?fit=1200%2C628&ssl=1&resize=525%2C300 1.5x, https:\/\/i0.wp.com\/ismaelcolosi.com.br\/wp-content\/uploads\/2023\/12\/postimg-658f4e4b1753e3534.jpg?fit=1200%2C628&ssl=1&resize=700%2C400 2x, https:\/\/i0.wp.com\/ismaelcolosi.com.br\/wp-content\/uploads\/2023\/12\/postimg-658f4e4b1753e3534.jpg?fit=1200%2C628&ssl=1&resize=1050%2C600 3x"},"classes":[]},{"id":15284,"url":"https:\/\/ismaelcolosi.com.br\/index.php\/2023\/12\/13\/bia-miranda-revela-reacao-do-namorado-a-gravidez-em-meio-a-polemicas\/","url_meta":{"origin":8603,"position":1},"title":"Bia Miranda revela rea\u00e7\u00e3o do namorado \u00e0 gravidez em meio a pol\u00eamicas","author":"ismaelcolosi.com.br","date":"13 de Dezembro de 2023","format":false,"excerpt":"[ad_1] A segunda feira, 12 de dezembro, foi de desabafo para a influenciadora digital Bia Miranda. Ela usou as redes sociais para falar sobre sua gravidez, que afirmou n\u00e3o ter sido planejada e contou a rea\u00e7\u00e3o do pai do beb\u00ea, o DJ Buarque.\u201cEu tomava anticoncepcional, e acabei tendo essa surpresa,\u2026","rel":"","context":"In &quot;Blog&quot;","block_context":{"text":"Blog","link":"https:\/\/ismaelcolosi.com.br\/index.php\/category\/blog\/"},"img":{"alt_text":"","src":"https:\/\/i0.wp.com\/ismaelcolosi.com.br\/wp-content\/uploads\/2023\/12\/postimg-6579bb383ffe63922.jpg?fit=1200%2C628&ssl=1&resize=350%2C200","width":350,"height":200,"srcset":"https:\/\/i0.wp.com\/ismaelcolosi.com.br\/wp-content\/uploads\/2023\/12\/postimg-6579bb383ffe63922.jpg?fit=1200%2C628&ssl=1&resize=350%2C200 1x, https:\/\/i0.wp.com\/ismaelcolosi.com.br\/wp-content\/uploads\/2023\/12\/postimg-6579bb383ffe63922.jpg?fit=1200%2C628&ssl=1&resize=525%2C300 1.5x, https:\/\/i0.wp.com\/ismaelcolosi.com.br\/wp-content\/uploads\/2023\/12\/postimg-6579bb383ffe63922.jpg?fit=1200%2C628&ssl=1&resize=700%2C400 2x, https:\/\/i0.wp.com\/ismaelcolosi.com.br\/wp-content\/uploads\/2023\/12\/postimg-6579bb383ffe63922.jpg?fit=1200%2C628&ssl=1&resize=1050%2C600 3x"},"classes":[]},{"id":4460,"url":"https:\/\/ismaelcolosi.com.br\/index.php\/2023\/11\/21\/o-ser-humano-e-um-caso-serio\/","url_meta":{"origin":8603,"position":2},"title":"&#8216;O ser humano \u00e9 um caso s\u00e9rio&#8217;","author":"ismaelcolosi.com.br","date":"21 de Novembro de 2023","format":false,"excerpt":"[ad_1] Nesta \u00faltima sexta-feira, dia 17 de novembro, o ator Marcos Oliveira, mais conhecido pelo seu personagem Bei\u00e7ola, de \u2018A Grande Fam\u00edlia\u2019, teve o seu nome repercutido na m\u00eddia ap\u00f3s uma pol\u00eamica envolvendo um \u00e1udio vazado.No \u00e1udio, um ex-namorado alega que o artista esbanjava, comendo em restaurantes luxuosos e at\u00e9\u2026","rel":"","context":"In &quot;Blog&quot;","block_context":{"text":"Blog","link":"https:\/\/ismaelcolosi.com.br\/index.php\/category\/blog\/"},"img":{"alt_text":"","src":"https:\/\/i0.wp.com\/ismaelcolosi.com.br\/wp-content\/uploads\/2023\/11\/postimg-655ce132e63292663.jpg?fit=1200%2C628&ssl=1&resize=350%2C200","width":350,"height":200,"srcset":"https:\/\/i0.wp.com\/ismaelcolosi.com.br\/wp-content\/uploads\/2023\/11\/postimg-655ce132e63292663.jpg?fit=1200%2C628&ssl=1&resize=350%2C200 1x, https:\/\/i0.wp.com\/ismaelcolosi.com.br\/wp-content\/uploads\/2023\/11\/postimg-655ce132e63292663.jpg?fit=1200%2C628&ssl=1&resize=525%2C300 1.5x, https:\/\/i0.wp.com\/ismaelcolosi.com.br\/wp-content\/uploads\/2023\/11\/postimg-655ce132e63292663.jpg?fit=1200%2C628&ssl=1&resize=700%2C400 2x, https:\/\/i0.wp.com\/ismaelcolosi.com.br\/wp-content\/uploads\/2023\/11\/postimg-655ce132e63292663.jpg?fit=1200%2C628&ssl=1&resize=1050%2C600 3x"},"classes":[]},{"id":8162,"url":"https:\/\/ismaelcolosi.com.br\/index.php\/2023\/11\/29\/para-mim-nada-mais-fazia-sentido\/","url_meta":{"origin":8603,"position":3},"title":"\u201cPara mim, nada mais fazia sentido\u201d","author":"ismaelcolosi.com.br","date":"29 de Novembro de 2023","format":false,"excerpt":"[ad_1] No \u00faltimo m\u00eas de outubro, a internet foi movimentada com a triste not\u00edcia da morte repentina da assistente de palco do Domingo Legal e ex Power Couple, Luana Andrade.Ela era noiva de Jo\u00e3o Haddad, com quem tinha relacionamento e fez participa\u00e7\u00e3o no reality show da Rede Record. Ela faleceu\u2026","rel":"","context":"In &quot;Blog&quot;","block_context":{"text":"Blog","link":"https:\/\/ismaelcolosi.com.br\/index.php\/category\/blog\/"},"img":{"alt_text":"","src":"https:\/\/i0.wp.com\/ismaelcolosi.com.br\/wp-content\/uploads\/2023\/11\/postimg-656783b0480038870.jpg?fit=1200%2C628&ssl=1&resize=350%2C200","width":350,"height":200,"srcset":"https:\/\/i0.wp.com\/ismaelcolosi.com.br\/wp-content\/uploads\/2023\/11\/postimg-656783b0480038870.jpg?fit=1200%2C628&ssl=1&resize=350%2C200 1x, https:\/\/i0.wp.com\/ismaelcolosi.com.br\/wp-content\/uploads\/2023\/11\/postimg-656783b0480038870.jpg?fit=1200%2C628&ssl=1&resize=525%2C300 1.5x, https:\/\/i0.wp.com\/ismaelcolosi.com.br\/wp-content\/uploads\/2023\/11\/postimg-656783b0480038870.jpg?fit=1200%2C628&ssl=1&resize=700%2C400 2x, https:\/\/i0.wp.com\/ismaelcolosi.com.br\/wp-content\/uploads\/2023\/11\/postimg-656783b0480038870.jpg?fit=1200%2C628&ssl=1&resize=1050%2C600 3x"},"classes":[]},{"id":10630,"url":"https:\/\/ismaelcolosi.com.br\/index.php\/2023\/12\/04\/carlinhos-maia-se-defende-apos-ser-cobrado-por-divulgar-jogos-de-azar\/","url_meta":{"origin":8603,"position":4},"title":"Carlinhos Maia se defende ap\u00f3s ser cobrado por divulgar jogos de azar","author":"ismaelcolosi.com.br","date":"4 de Dezembro de 2023","format":false,"excerpt":"[ad_1] No \u00faltimo domingo (03\/12), o Fant\u00e1stico mostrou uma reportagem especial sobre as investiga\u00e7\u00f5es da Pol\u00edcia Federal sobre Jogos de Azar que ganharam as plataformas digitais.Nos ultimos meses, o \u201cJogo do Tigrinho\u201d entrou na mira das autoridades ap\u00f3s uma s\u00e9rie de den\u00fancias. O jogo parece inofensivo, mas seria a ponta\u2026","rel":"","context":"In &quot;Blog&quot;","block_context":{"text":"Blog","link":"https:\/\/ismaelcolosi.com.br\/index.php\/category\/blog\/"},"img":{"alt_text":"","src":"https:\/\/i0.wp.com\/ismaelcolosi.com.br\/wp-content\/uploads\/2023\/12\/postimg-656e583c63d6d7905.jpg?fit=1200%2C628&ssl=1&resize=350%2C200","width":350,"height":200,"srcset":"https:\/\/i0.wp.com\/ismaelcolosi.com.br\/wp-content\/uploads\/2023\/12\/postimg-656e583c63d6d7905.jpg?fit=1200%2C628&ssl=1&resize=350%2C200 1x, https:\/\/i0.wp.com\/ismaelcolosi.com.br\/wp-content\/uploads\/2023\/12\/postimg-656e583c63d6d7905.jpg?fit=1200%2C628&ssl=1&resize=525%2C300 1.5x, https:\/\/i0.wp.com\/ismaelcolosi.com.br\/wp-content\/uploads\/2023\/12\/postimg-656e583c63d6d7905.jpg?fit=1200%2C628&ssl=1&resize=700%2C400 2x, https:\/\/i0.wp.com\/ismaelcolosi.com.br\/wp-content\/uploads\/2023\/12\/postimg-656e583c63d6d7905.jpg?fit=1200%2C628&ssl=1&resize=1050%2C600 3x"},"classes":[]},{"id":29186,"url":"https:\/\/ismaelcolosi.com.br\/index.php\/2024\/01\/17\/influenciadora-jaque-ciocci-abre-o-jogo-sobre-relacionamento-com-edu-guedes-e-anuncia-o-fim-do-namoro\/","url_meta":{"origin":8603,"position":5},"title":"Influenciadora Jaque Ciocci abre o jogo sobre relacionamento com Edu Guedes e anuncia o fim do namoro","author":"ismaelcolosi.com.br","date":"17 de Janeiro de 2024","format":false,"excerpt":"[ad_1] O mundo dos famosos presenciou mais um cap\u00edtulo de t\u00e9rminos amorosos com a confirma\u00e7\u00e3o de Jaque Ciocci sobre o fim de seu relacionamento com o apresentador Edu Guedes.Ap\u00f3s um per\u00edodo de especula\u00e7\u00f5es e rumores, a influenciadora digital e ex-bailarina do Faust\u00e3o esclareceu a situa\u00e7\u00e3o, revelando que est\u00e1 solteira desde\u2026","rel":"","context":"In &quot;Blog&quot;","block_context":{"text":"Blog","link":"https:\/\/ismaelcolosi.com.br\/index.php\/category\/blog\/"},"img":{"alt_text":"","src":"https:\/\/i0.wp.com\/ismaelcolosi.com.br\/wp-content\/uploads\/2024\/01\/postimg-65a8355265b3e7553.jpg?fit=1200%2C628&ssl=1&resize=350%2C200","width":350,"height":200,"srcset":"https:\/\/i0.wp.com\/ismaelcolosi.com.br\/wp-content\/uploads\/2024\/01\/postimg-65a8355265b3e7553.jpg?fit=1200%2C628&ssl=1&resize=350%2C200 1x, https:\/\/i0.wp.com\/ismaelcolosi.com.br\/wp-content\/uploads\/2024\/01\/postimg-65a8355265b3e7553.jpg?fit=1200%2C628&ssl=1&resize=525%2C300 1.5x, https:\/\/i0.wp.com\/ismaelcolosi.com.br\/wp-content\/uploads\/2024\/01\/postimg-65a8355265b3e7553.jpg?fit=1200%2C628&ssl=1&resize=700%2C400 2x, https:\/\/i0.wp.com\/ismaelcolosi.com.br\/wp-content\/uploads\/2024\/01\/postimg-65a8355265b3e7553.jpg?fit=1200%2C628&ssl=1&resize=1050%2C600 3x"},"classes":[]}],"jetpack_sharing_enabled":true,"jetpack_shortlink":"https:\/\/wp.me\/pfMlyK-2eL","jetpack_featured_media_url":"https:\/\/i0.wp.com\/ismaelcolosi.com.br\/wp-content\/uploads\/2023\/11\/postimg-6568929825bb36705.jpg?fit=1200%2C628&ssl=1","_links":{"self":[{"href":"https:\/\/ismaelcolosi.com.br\/index.php\/wp-json\/wp\/v2\/posts\/8603","targetHints":{"allow":["GET"]}}],"collection":[{"href":"https:\/\/ismaelcolosi.com.br\/index.php\/wp-json\/wp\/v2\/posts"}],"about":[{"href":"https:\/\/ismaelcolosi.com.br\/index.php\/wp-json\/wp\/v2\/types\/post"}],"author":[{"embeddable":true,"href":"https:\/\/ismaelcolosi.com.br\/index.php\/wp-json\/wp\/v2\/users\/1"}],"replies":[{"embeddable":true,"href":"https:\/\/ismaelcolosi.com.br\/index.php\/wp-json\/wp\/v2\/comments?post=8603"}],"version-history":[{"count":0,"href":"https:\/\/ismaelcolosi.com.br\/index.php\/wp-json\/wp\/v2\/posts\/8603\/revisions"}],"wp:featuredmedia":[{"embeddable":true,"href":"https:\/\/ismaelcolosi.com.br\/index.php\/wp-json\/wp\/v2\/media\/8604"}],"wp:attachment":[{"href":"https:\/\/ismaelcolosi.com.br\/index.php\/wp-json\/wp\/v2\/media?parent=8603"}],"wp:term":[{"taxonomy":"category","embeddable":true,"href":"https:\/\/ismaelcolosi.com.br\/index.php\/wp-json\/wp\/v2\/categories?post=8603"},{"taxonomy":"post_tag","embeddable":true,"href":"https:\/\/ismaelcolosi.com.br\/index.php\/wp-json\/wp\/v2\/tags?post=8603"}],"curies":[{"name":"wp","href":"https:\/\/api.w.org\/{rel}","templated":true}]}}