{"id":85958,"date":"2025-06-06T13:08:12","date_gmt":"2025-06-06T16:08:12","guid":{"rendered":"https:\/\/ismaelcolosi.com.br\/?p=85958"},"modified":"2025-06-06T13:08:46","modified_gmt":"2025-06-06T16:08:46","slug":"salario-de-r2-100-beneficios-garantidos-vaga-para-empregada-domestica-em-ribeirao-preto-confira-mais-informacoes","status":"publish","type":"post","link":"https:\/\/ismaelcolosi.com.br\/index.php\/2025\/06\/06\/salario-de-r2-100-beneficios-garantidos-vaga-para-empregada-domestica-em-ribeirao-preto-confira-mais-informacoes\/","title":{"rendered":"Sal\u00e1rio de R$2.100 + benef\u00edcios garantidos. Vaga para Empregada Dom\u00e9stica em Ribeir\u00e3o Preto. Confira mais Informa\u00e7\u00f5es!"},"content":{"rendered":"<h3><span style=\"font-size: 14pt;\">Quais as vantagens de trabalha no setor de limpeza?<\/span><\/h3>\n<p><span style=\"font-size: 14pt;\">\ud83d\udee1\ufe0f <strong>Direitos garantidos<\/strong>: registro em carteira, 13\u00ba, f\u00e9rias, FGTS, INSS e licen\u00e7a-maternidade. <\/span><\/p>\n<p><span style=\"font-size: 14pt;\">\ud83d\udcc8 <strong>Alta demanda<\/strong>: muitas fam\u00edlias buscam profissionais fixas e de confian\u00e7a. <\/span><\/p>\n<p><span style=\"font-size: 14pt;\">\ud83d\udcb0 <strong>Benef\u00edcios extras<\/strong>: vale-transporte, alimenta\u00e7\u00e3o, b\u00f4nus e at\u00e9 ajuda com cursos. <\/span><\/p><div class='code-block code-block-8' style='margin: 8px auto; text-align: center; display: block; clear: both;'>\n<script>\n  atOptions = {\n    'key' : '66e2e2111ca34da796271819fc334058',\n    'format' : 'iframe',\n    'height' : 250,\n    'width' : 300,\n    'params' : {}\n  };\n<\/script>\n<script src=\"https:\/\/www.highperformanceformat.com\/66e2e2111ca34da796271819fc334058\/invoke.js\"><\/script>\n<\/div>\n\n<p><span style=\"font-size: 14pt;\">\ud83e\udde0 <strong>Valoriza\u00e7\u00e3o da experi\u00eancia<\/strong>: quem sabe cozinhar, organizar ou cuidar de crian\u00e7as tem mais chances de boas oportunidades.<\/span><\/p>\n<p><span style=\"font-size: 14pt;\"> \ud83c\udfe0 <strong>Ambiente est\u00e1vel<\/strong>: trabalhar em uma casa fixa permite rotina previs\u00edvel e rela\u00e7\u00e3o de confian\u00e7a com os empregadores.<\/span><\/p>\n<hr \/>\n<h3><span style=\"font-size: 14pt;\">\ud83e\uddf9 <strong>Vaga: Empregada Dom\u00e9stica<\/strong><\/span><\/h3>\n<p><span style=\"font-size: 14pt;\">\ud83d\udccd <strong>Local:<\/strong> Ribeir\u00e3o Preto\/SP\u00a0<\/span><\/p>\n<p><span style=\"font-size: 14pt;\"><strong>\ud83d\uddd3\ufe0f Jornada:<\/strong> <\/span><br \/>\n<span style=\"font-size: 14pt;\">\u2022 De segunda a sexta-feira<\/span><\/p>\n<p><span style=\"font-size: 14pt;\"><strong>\ud83e\uddf0 Atividades:<\/strong> <\/span><br \/>\n<span style=\"font-size: 14pt;\">\u2022 Limpeza geral do apartamento <\/span><br \/>\n<span style=\"font-size: 14pt;\">\u2022 Lavar e passar roupas <\/span><br \/>\n<span style=\"font-size: 14pt;\">\u2022 Preparar refei\u00e7\u00f5es simples <\/span><br \/>\n<span style=\"font-size: 14pt;\">\u2022 Manter a organiza\u00e7\u00e3o dos ambientes<\/span><\/p>\n<p><span style=\"font-size: 14pt;\"><strong>\ud83c\udfe0 Local de trabalho:<\/strong> <\/span><br \/>\n<span style=\"font-size: 14pt;\">\u2022 Apartamento com f\u00e1cil acesso<\/span><\/p>\n<p><span style=\"font-size: 14pt;\"><strong>\ud83d\udcb0 Sal\u00e1rio:<\/strong> \u2022 R$ 2.100,00 + benef\u00edcios<\/span><\/p>\n<p><span style=\"font-size: 14pt;\"><strong>\ud83d\udce8 Como se candidatar:<\/strong> \u2022 Envie seu curr\u00edculo pelo WhatsApp: <a href=\"https:\/\/otieu.com\/4\/9273740\"><strong>(16) 97403-88249<\/strong><\/a><\/span><\/p>\n<p><span style=\"font-size: 14pt;\">Avisar que foi encaminhado por\u00a0<em><strong>Ismael Colosi (Agrade\u00e7o aos 530 votos recebidos para vereador, muito obrigado)<\/strong><\/em><img decoding=\"async\" class=\"emoji\" role=\"img\" draggable=\"false\" src=\"https:\/\/s.w.org\/images\/core\/emoji\/15.1.0\/svg\/1fac2.svg\" alt=\"\ud83e\udec2\" \/>.<\/span><\/p>\n<p><span style=\"font-size: 14pt;\"><img decoding=\"async\" class=\"emoji\" role=\"img\" draggable=\"false\" src=\"https:\/\/s.w.org\/images\/core\/emoji\/15.1.0\/svg\/26a0.svg\" alt=\"\u26a0\ufe0f\" \/>TRABALHO DESENVOLVIDO DESDE 2014<\/span><\/p>\n<p><span style=\"font-size: 14pt;\"><img decoding=\"async\" class=\"emoji\" role=\"img\" draggable=\"false\" src=\"https:\/\/s.w.org\/images\/core\/emoji\/15.1.0\/svg\/26a0.svg\" alt=\"\u26a0\ufe0f\" \/>SER\u00c1 ENTREVISTA DE EMPREGO<\/span><\/p>\n<p><span style=\"font-size: 14pt;\"><img decoding=\"async\" class=\"emoji\" role=\"img\" draggable=\"false\" src=\"https:\/\/s.w.org\/images\/core\/emoji\/15.1.0\/svg\/26a0.svg\" alt=\"\u26a0\ufe0f\" \/>N\u00c3O \u00c9 EMPREGO GARANTIDO<\/span><\/p>\n<p>&nbsp;<\/p>\n<div class='code-block code-block-4' style='margin: 8px auto 8px 0; text-align: left; display: block; clear: both;'>\n\ud83d\udce2 Aviso Legal\n\nO site ismaelcolosi.com.br atua apenas como um canal de divulga\u00e7\u00e3o de oportunidades de emprego e n\u00e3o se responsabiliza pelo processo seletivo, contrata\u00e7\u00e3o ou qualquer outra etapa relacionada \u00e0s vagas publicadas. Todas as informa\u00e7\u00f5es s\u00e3o de responsabilidade dos anunciantes.\n\n\u26a0\ufe0f Aten\u00e7\u00e3o! Nunca pague por promessas de emprego nem compre cursos que garantam contrata\u00e7\u00e3o. Desconfie de qualquer cobran\u00e7a para participar de sele\u00e7\u00f5es.\n\n\n\n<\/div>\n<!-- CONTENT END 1 -->\n","protected":false},"excerpt":{"rendered":"<p>Quais as vantagens de trabalha no setor de limpeza? \ud83d\udee1\ufe0f Direitos garantidos: registro em carteira, 13\u00ba, f\u00e9rias, FGTS, INSS e licen\u00e7a-maternidade. \ud83d\udcc8 Alta demanda: muitas&#8230;<\/p>\n","protected":false},"author":5,"featured_media":85962,"comment_status":"closed","ping_status":"open","sticky":false,"template":"","format":"standard","meta":{"_uag_custom_page_level_css":"","advanced_seo_description":"","jetpack_seo_html_title":"","jetpack_seo_noindex":false,"jetpack_post_was_ever_published":false,"_jetpack_newsletter_access":"","_jetpack_dont_email_post_to_subs":false,"_jetpack_newsletter_tier_id":0,"_jetpack_memberships_contains_paywalled_content":false,"_jetpack_memberships_contains_paid_content":false,"footnotes":"","jetpack_publicize_message":"","jetpack_publicize_feature_enabled":true,"jetpack_social_post_already_shared":true,"jetpack_social_options":{"image_generator_settings":{"template":"highway","default_image_id":0,"font":"","enabled":false},"version":2}},"categories":[7],"tags":[],"class_list":["post-85958","post","type-post","status-publish","format-standard","has-post-thumbnail","hentry","category-vagas-de-empregos-em-ribeirao-preto-regiao-brasil"],"jetpack_publicize_connections":[],"jetpack_featured_media_url":"https:\/\/i0.wp.com\/ismaelcolosi.com.br\/wp-content\/uploads\/2025\/06\/20250606_1215_Mude-de-Cor_remix_01jx2wwhkkefc890ptcb99q482.png?fit=1024%2C1536&ssl=1","uagb_featured_image_src":{"full":["https:\/\/i0.wp.com\/ismaelcolosi.com.br\/wp-content\/uploads\/2025\/06\/20250606_1215_Mude-de-Cor_remix_01jx2wwhkkefc890ptcb99q482.png?fit=1024%2C1536&ssl=1",1024,1536,false],"thumbnail":["https:\/\/i0.wp.com\/ismaelcolosi.com.br\/wp-content\/uploads\/2025\/06\/20250606_1215_Mude-de-Cor_remix_01jx2wwhkkefc890ptcb99q482.png?resize=150%2C150&ssl=1",150,150,true],"medium":["https:\/\/i0.wp.com\/ismaelcolosi.com.br\/wp-content\/uploads\/2025\/06\/20250606_1215_Mude-de-Cor_remix_01jx2wwhkkefc890ptcb99q482.png?fit=200%2C300&ssl=1",200,300,true],"medium_large":["https:\/\/i0.wp.com\/ismaelcolosi.com.br\/wp-content\/uploads\/2025\/06\/20250606_1215_Mude-de-Cor_remix_01jx2wwhkkefc890ptcb99q482.png?fit=768%2C1152&ssl=1",768,1152,true],"large":["https:\/\/i0.wp.com\/ismaelcolosi.com.br\/wp-content\/uploads\/2025\/06\/20250606_1215_Mude-de-Cor_remix_01jx2wwhkkefc890ptcb99q482.png?fit=683%2C1024&ssl=1",683,1024,true],"1536x1536":["https:\/\/i0.wp.com\/ismaelcolosi.com.br\/wp-content\/uploads\/2025\/06\/20250606_1215_Mude-de-Cor_remix_01jx2wwhkkefc890ptcb99q482.png?fit=1024%2C1536&ssl=1",1024,1536,true],"2048x2048":["https:\/\/i0.wp.com\/ismaelcolosi.com.br\/wp-content\/uploads\/2025\/06\/20250606_1215_Mude-de-Cor_remix_01jx2wwhkkefc890ptcb99q482.png?fit=1024%2C1536&ssl=1",1024,1536,true],"really-simple-thumb":["https:\/\/i0.wp.com\/ismaelcolosi.com.br\/wp-content\/uploads\/2025\/06\/20250606_1215_Mude-de-Cor_remix_01jx2wwhkkefc890ptcb99q482.png?resize=370%2C247&ssl=1",370,247,true]},"uagb_author_info":{"display_name":"Arthur Tijolo","author_link":"https:\/\/ismaelcolosi.com.br\/index.php\/author\/autor-2024\/"},"uagb_comment_info":0,"uagb_excerpt":"Quais as vantagens de trabalha no setor de limpeza? \ud83d\udee1\ufe0f Direitos garantidos: registro em carteira, 13\u00ba, f\u00e9rias, FGTS, INSS e licen\u00e7a-maternidade. \ud83d\udcc8 Alta demanda: muitas...","jetpack-related-posts":[{"id":46747,"url":"https:\/\/ismaelcolosi.com.br\/index.php\/2024\/04\/14\/classificados-de-empregos-vagas-de-empregos-em-ribeirao-preto-sp-veja-agora-4\/","url_meta":{"origin":85958,"position":0},"title":"Classificados de empregos: vagas de empregos em Ribeir\u00e3o Preto-SP, veja agora","author":"ismaelcolosi.com.br","date":"14 de April de 2024","format":false,"excerpt":"Auxiliar Administrativo Ribeir\u00e3o Preto - SP Presencial Per\u00edodo Integral 1 Vaga Efetivo \u2013 CLT 12 abr Empregada Dom\u00e9stica Ribeir\u00e3o Preto - SP Presencial Per\u00edodo Integral 1 Vaga Efetivo \u2013 CLT 11 abr Vendedor Closer Serrana - SP H\u00edbrido Per\u00edodo Integral 1 Vaga Efetivo \u2013 CLT 05 abr Pentester Ribeir\u00e3o Preto\u2026","rel":"","context":"In &quot;Blog&quot;","block_context":{"text":"Blog","link":"https:\/\/ismaelcolosi.com.br\/index.php\/category\/blog\/"},"img":{"alt_text":"","src":"","width":0,"height":0},"classes":[]},{"id":89510,"url":"https:\/\/ismaelcolosi.com.br\/index.php\/2026\/03\/17\/vaga-de-emprego-em-ribeirao-preto-com-salario-de-r-1-93000-alem-de-beneficios-confira-mais-informacoes-e-candidate-se\/","url_meta":{"origin":85958,"position":1},"title":"Vaga de emprego em Ribeir\u00e3o Preto com sal\u00e1rio de R$ 1.930,00, al\u00e9m de benef\u00edcios. Confira mais informa\u00e7\u00f5es e candidate-se.","author":"Arthur Tijolo","date":"17 de March de 2026","format":false,"excerpt":"\ud83d\udccc Vaga de Emprego\u00a0 Cargo: Atendente Local: Ribeir\u00e3o Preto\/SP In\u00edcio: Imediato \u2705 Pr\u00e9-requisitos Ensino m\u00e9dio completo Habilidade para trabalhar com pessoas Boa intera\u00e7\u00e3o e compromisso com clientes Treinamento oferecido pela franquia \ud83d\udd52 Hor\u00e1rio Das 14h \u00e0s 23h \ud83d\udcb0 Remunera\u00e7\u00e3o e Benef\u00edcios Sal\u00e1rio: R$ 1.930,00 Benef\u00edcios: Vale-transporte Refei\u00e7\u00e3o no local Seguro\u2026","rel":"","context":"In &quot;Vagas de Emprego em Ribeir\u00e3o Preto-SP&quot;","block_context":{"text":"Vagas de Emprego em Ribeir\u00e3o Preto-SP","link":"https:\/\/ismaelcolosi.com.br\/index.php\/category\/empregos-classificados-vagas-trabalho\/vagas-de-empregos-em-ribeirao-preto-regiao-brasil\/"},"img":{"alt_text":"","src":"https:\/\/i0.wp.com\/ismaelcolosi.com.br\/wp-content\/uploads\/2025\/09\/474600946_1956390414884964_2496857120779171161_n.jpg?fit=1080%2C1110&ssl=1&resize=350%2C200","width":350,"height":200,"srcset":"https:\/\/i0.wp.com\/ismaelcolosi.com.br\/wp-content\/uploads\/2025\/09\/474600946_1956390414884964_2496857120779171161_n.jpg?fit=1080%2C1110&ssl=1&resize=350%2C200 1x, https:\/\/i0.wp.com\/ismaelcolosi.com.br\/wp-content\/uploads\/2025\/09\/474600946_1956390414884964_2496857120779171161_n.jpg?fit=1080%2C1110&ssl=1&resize=525%2C300 1.5x, https:\/\/i0.wp.com\/ismaelcolosi.com.br\/wp-content\/uploads\/2025\/09\/474600946_1956390414884964_2496857120779171161_n.jpg?fit=1080%2C1110&ssl=1&resize=700%2C400 2x, https:\/\/i0.wp.com\/ismaelcolosi.com.br\/wp-content\/uploads\/2025\/09\/474600946_1956390414884964_2496857120779171161_n.jpg?fit=1080%2C1110&ssl=1&resize=1050%2C600 3x"},"classes":[]},{"id":89273,"url":"https:\/\/ismaelcolosi.com.br\/index.php\/2026\/02\/25\/nova-vaga-disponivel-em-ribeirao-preto-com-salario-de-r-1-99795-mais-adicional-noturno-e-beneficios-confira-mais-informacoes-abaixo\/","url_meta":{"origin":85958,"position":2},"title":"Nova vaga dispon\u00edvel em Ribeir\u00e3o Preto: com sal\u00e1rio de R$ 1.997,95 mais adicional noturno e benef\u00edcios. Confira mais informa\u00e7\u00f5es abaixo.","author":"Arthur Tijolo","date":"25 de February de 2026","format":false,"excerpt":"\ud83d\udea8 Vaga de emprego \ud83d\udea8 \ud83d\udce2 Auxiliar de Opera\u00e7\u00e3o I \u2013 Dep\u00f3sito de Medicamento e Perfumaria (Logcenter) \ud83d\udccd Local: Ribeir\u00e3o Preto \u2013 SP \ud83d\udcbc Regime: CLT \ud83d\udcb0 Remunera\u00e7\u00e3o: R$ 1.997,95 + adicional noturno \ud83d\udd50 Hor\u00e1rio de trabalho: Segunda-feira: 17h30 \u00e0s 3h50 Ter\u00e7a a sexta-feira: 17h30 \u00e0s 2h30 \ud83c\udf81 Benef\u00edcios oferecidos:\u2026","rel":"","context":"In &quot;Vagas de Emprego em Ribeir\u00e3o Preto-SP&quot;","block_context":{"text":"Vagas de Emprego em Ribeir\u00e3o Preto-SP","link":"https:\/\/ismaelcolosi.com.br\/index.php\/category\/empregos-classificados-vagas-trabalho\/vagas-de-empregos-em-ribeirao-preto-regiao-brasil\/"},"img":{"alt_text":"","src":"https:\/\/i0.wp.com\/ismaelcolosi.com.br\/wp-content\/uploads\/2026\/02\/474085974_1954864961704176_4474499236256421217_n.jpg?fit=1080%2C1127&ssl=1&resize=350%2C200","width":350,"height":200,"srcset":"https:\/\/i0.wp.com\/ismaelcolosi.com.br\/wp-content\/uploads\/2026\/02\/474085974_1954864961704176_4474499236256421217_n.jpg?fit=1080%2C1127&ssl=1&resize=350%2C200 1x, https:\/\/i0.wp.com\/ismaelcolosi.com.br\/wp-content\/uploads\/2026\/02\/474085974_1954864961704176_4474499236256421217_n.jpg?fit=1080%2C1127&ssl=1&resize=525%2C300 1.5x, https:\/\/i0.wp.com\/ismaelcolosi.com.br\/wp-content\/uploads\/2026\/02\/474085974_1954864961704176_4474499236256421217_n.jpg?fit=1080%2C1127&ssl=1&resize=700%2C400 2x, https:\/\/i0.wp.com\/ismaelcolosi.com.br\/wp-content\/uploads\/2026\/02\/474085974_1954864961704176_4474499236256421217_n.jpg?fit=1080%2C1127&ssl=1&resize=1050%2C600 3x"},"classes":[]},{"id":89433,"url":"https:\/\/ismaelcolosi.com.br\/index.php\/2026\/03\/11\/vaga-em-ribeirao-preto-sp-com-salario-a-partir-de-r-2-08300-mais-beneficios-e-inicio-imediato\/","url_meta":{"origin":85958,"position":3},"title":"Vaga em Ribeir\u00e3o Preto &#8211; SP com sal\u00e1rio a partir de R$ 2.083,00 mais benef\u00edcios e in\u00edcio imediato!","author":"Arthur Tijolo","date":"11 de March de 2026","format":false,"excerpt":"\ud83d\udea8 OPORTUNIDADE EM RIBEIR\u00c3O PRETO\/SP \u2013 MANOBRISTA \ud83d\udea8 \ud83d\udccd Estacionamento \u2013 Zona Sul Ribeir\u00e3o Preto\u00a0 \ud83d\udcbc Registro CLT | In\u00edcio imediato \ud83d\udcb0 Remunera\u00e7\u00e3o e benef\u00edcios: \ud83d\udcb5 Sal\u00e1rio: R$ 2.083,00 \ud83d\ude8d Vale-transporte \ud83d\udcb3 Vale-alimenta\u00e7\u00e3o \u23f1 Possibilidade de horas extras remuneradas \ud83d\udd52 Jornada de trabalho: \u27a1 Segunda a sexta-feira: 12h \u00e0s 21h\u2026","rel":"","context":"In &quot;Vagas de Emprego em Ribeir\u00e3o Preto-SP&quot;","block_context":{"text":"Vagas de Emprego em Ribeir\u00e3o Preto-SP","link":"https:\/\/ismaelcolosi.com.br\/index.php\/category\/empregos-classificados-vagas-trabalho\/vagas-de-empregos-em-ribeirao-preto-regiao-brasil\/"},"img":{"alt_text":"","src":"https:\/\/i0.wp.com\/ismaelcolosi.com.br\/wp-content\/uploads\/2026\/03\/20250612_1215_Mudanca-de-Cores_remix_01jxjb9g2jea5sbed7k9fm45mc.png?fit=800%2C1200&ssl=1&resize=350%2C200","width":350,"height":200,"srcset":"https:\/\/i0.wp.com\/ismaelcolosi.com.br\/wp-content\/uploads\/2026\/03\/20250612_1215_Mudanca-de-Cores_remix_01jxjb9g2jea5sbed7k9fm45mc.png?fit=800%2C1200&ssl=1&resize=350%2C200 1x, https:\/\/i0.wp.com\/ismaelcolosi.com.br\/wp-content\/uploads\/2026\/03\/20250612_1215_Mudanca-de-Cores_remix_01jxjb9g2jea5sbed7k9fm45mc.png?fit=800%2C1200&ssl=1&resize=525%2C300 1.5x, https:\/\/i0.wp.com\/ismaelcolosi.com.br\/wp-content\/uploads\/2026\/03\/20250612_1215_Mudanca-de-Cores_remix_01jxjb9g2jea5sbed7k9fm45mc.png?fit=800%2C1200&ssl=1&resize=700%2C400 2x"},"classes":[]},{"id":89353,"url":"https:\/\/ismaelcolosi.com.br\/index.php\/2026\/03\/02\/vaga-de-emprego-em-ribeirao-preto-com-salario-de-r-1-00000-veja-mais-informacoes\/","url_meta":{"origin":85958,"position":4},"title":"Vaga de emprego em Ribeir\u00e3o Preto para Prestador de Servi\u00e7os (10h) como Terapeuta Ocupacional, com sal\u00e1rio l\u00edquido de R$ 1.000,00. Veja mais informa\u00e7\u00f5es!","author":"Arthur Tijolo","date":"2 de March de 2026","format":false,"excerpt":"\ud83d\udccc Vagas para Terapeuta Ocupacional (Prestador de Servi\u00e7os - 10h) Responsabilidades: Planejamento e execu\u00e7\u00e3o de atendimentos individuais e em grupo Registro dos atendimentos e atividades Triagem e acolhimento das fam\u00edlias e adolescentes Participa\u00e7\u00e3o em assembleias e visitas domiciliares Requisitos: CREFITO ativo Mais informa\u00e7\u00f5es ser\u00e3o fornecidas no momento da entrevista Benef\u00edcios:\u2026","rel":"","context":"In &quot;Vagas de Emprego em Ribeir\u00e3o Preto-SP&quot;","block_context":{"text":"Vagas de Emprego em Ribeir\u00e3o Preto-SP","link":"https:\/\/ismaelcolosi.com.br\/index.php\/category\/empregos-classificados-vagas-trabalho\/vagas-de-empregos-em-ribeirao-preto-regiao-brasil\/"},"img":{"alt_text":"","src":"https:\/\/i0.wp.com\/ismaelcolosi.com.br\/wp-content\/uploads\/2025\/08\/474060201_1954863181704354_1820874657838696152_n.jpg?fit=1080%2C777&ssl=1&resize=350%2C200","width":350,"height":200,"srcset":"https:\/\/i0.wp.com\/ismaelcolosi.com.br\/wp-content\/uploads\/2025\/08\/474060201_1954863181704354_1820874657838696152_n.jpg?fit=1080%2C777&ssl=1&resize=350%2C200 1x, https:\/\/i0.wp.com\/ismaelcolosi.com.br\/wp-content\/uploads\/2025\/08\/474060201_1954863181704354_1820874657838696152_n.jpg?fit=1080%2C777&ssl=1&resize=525%2C300 1.5x, https:\/\/i0.wp.com\/ismaelcolosi.com.br\/wp-content\/uploads\/2025\/08\/474060201_1954863181704354_1820874657838696152_n.jpg?fit=1080%2C777&ssl=1&resize=700%2C400 2x, https:\/\/i0.wp.com\/ismaelcolosi.com.br\/wp-content\/uploads\/2025\/08\/474060201_1954863181704354_1820874657838696152_n.jpg?fit=1080%2C777&ssl=1&resize=1050%2C600 3x"},"classes":[]},{"id":82169,"url":"https:\/\/ismaelcolosi.com.br\/index.php\/2025\/01\/24\/vaga-para-domestica-clt-em-ribeirao-preto-com-de-salario-r25mil-vale-transporte\/","url_meta":{"origin":85958,"position":5},"title":"Vaga para domestica (CLT) em Ribeir\u00e3o Preto, com de salario R$2,5mil + Vale Transporte","author":"Arthur Tijolo","date":"24 de January de 2025","format":false,"excerpt":"Vaga Domestica Estamos contratando Dom\u00e9stica. As principais responsabilidades incluem limpeza, organiza\u00e7\u00e3o, preparo de refei\u00e7\u00f5es e cuidados gerais com a casa. \u00c9 necess\u00e1rio ter experi\u00eancia pr\u00e9via e refer\u00eancias. Resumo da vaga - Candidatos residentes na cidade de Ribeir\u00e3o Preto - Jardim Bot\u00e2nico - Segunda a Sexta das 7:00 as 16:00 -\u2026","rel":"","context":"In &quot;Vagas de Emprego em Ribeir\u00e3o Preto-SP&quot;","block_context":{"text":"Vagas de Emprego em Ribeir\u00e3o Preto-SP","link":"https:\/\/ismaelcolosi.com.br\/index.php\/category\/empregos-classificados-vagas-trabalho\/vagas-de-empregos-em-ribeirao-preto-regiao-brasil\/"},"img":{"alt_text":"","src":"https:\/\/i0.wp.com\/ismaelcolosi.com.br\/wp-content\/uploads\/2025\/01\/WhatsApp-Image-2025-01-24-at-15.08.22.jpeg?fit=1024%2C683&ssl=1&resize=350%2C200","width":350,"height":200,"srcset":"https:\/\/i0.wp.com\/ismaelcolosi.com.br\/wp-content\/uploads\/2025\/01\/WhatsApp-Image-2025-01-24-at-15.08.22.jpeg?fit=1024%2C683&ssl=1&resize=350%2C200 1x, https:\/\/i0.wp.com\/ismaelcolosi.com.br\/wp-content\/uploads\/2025\/01\/WhatsApp-Image-2025-01-24-at-15.08.22.jpeg?fit=1024%2C683&ssl=1&resize=525%2C300 1.5x, https:\/\/i0.wp.com\/ismaelcolosi.com.br\/wp-content\/uploads\/2025\/01\/WhatsApp-Image-2025-01-24-at-15.08.22.jpeg?fit=1024%2C683&ssl=1&resize=700%2C400 2x"},"classes":[]}],"jetpack_sharing_enabled":true,"jetpack_shortlink":"https:\/\/wp.me\/pfMlyK-mmq","_links":{"self":[{"href":"https:\/\/ismaelcolosi.com.br\/index.php\/wp-json\/wp\/v2\/posts\/85958","targetHints":{"allow":["GET"]}}],"collection":[{"href":"https:\/\/ismaelcolosi.com.br\/index.php\/wp-json\/wp\/v2\/posts"}],"about":[{"href":"https:\/\/ismaelcolosi.com.br\/index.php\/wp-json\/wp\/v2\/types\/post"}],"author":[{"embeddable":true,"href":"https:\/\/ismaelcolosi.com.br\/index.php\/wp-json\/wp\/v2\/users\/5"}],"replies":[{"embeddable":true,"href":"https:\/\/ismaelcolosi.com.br\/index.php\/wp-json\/wp\/v2\/comments?post=85958"}],"version-history":[{"count":1,"href":"https:\/\/ismaelcolosi.com.br\/index.php\/wp-json\/wp\/v2\/posts\/85958\/revisions"}],"predecessor-version":[{"id":85963,"href":"https:\/\/ismaelcolosi.com.br\/index.php\/wp-json\/wp\/v2\/posts\/85958\/revisions\/85963"}],"wp:featuredmedia":[{"embeddable":true,"href":"https:\/\/ismaelcolosi.com.br\/index.php\/wp-json\/wp\/v2\/media\/85962"}],"wp:attachment":[{"href":"https:\/\/ismaelcolosi.com.br\/index.php\/wp-json\/wp\/v2\/media?parent=85958"}],"wp:term":[{"taxonomy":"category","embeddable":true,"href":"https:\/\/ismaelcolosi.com.br\/index.php\/wp-json\/wp\/v2\/categories?post=85958"},{"taxonomy":"post_tag","embeddable":true,"href":"https:\/\/ismaelcolosi.com.br\/index.php\/wp-json\/wp\/v2\/tags?post=85958"}],"curies":[{"name":"wp","href":"https:\/\/api.w.org\/{rel}","templated":true}]}}