{"id":85943,"date":"2025-06-06T11:46:34","date_gmt":"2025-06-06T14:46:34","guid":{"rendered":"https:\/\/ismaelcolosi.com.br\/?p=85943"},"modified":"2025-06-06T11:46:34","modified_gmt":"2025-06-06T14:46:34","slug":"quer-trabalhar-com-vendas-e-ainda-ter-beneficios-como-plano-de-saude-premiacao-e-clube-de-descontos-confira-a-vaga-de-vendedor-de-loja","status":"publish","type":"post","link":"https:\/\/ismaelcolosi.com.br\/index.php\/2025\/06\/06\/quer-trabalhar-com-vendas-e-ainda-ter-beneficios-como-plano-de-saude-premiacao-e-clube-de-descontos-confira-a-vaga-de-vendedor-de-loja\/","title":{"rendered":"Quer trabalhar com vendas e ainda ter benef\u00edcios como plano de sa\u00fade, premia\u00e7\u00e3o e clube de descontos? Confira a Vaga de Vendedor de Loja!"},"content":{"rendered":"<h3><span style=\"font-size: 14pt;\"><strong>Vaga: Vendedor(a) de Loja J\u00fanior<\/strong><\/span><\/h3>\n<p><span style=\"font-size: 14pt;\">\ud83d\udccd <strong>Local:<\/strong> Novo Shopping \u2013 Ribeir\u00e3o Preto\/SP<\/span><\/p>\n<p><span style=\"font-size: 14pt;\"><strong>\ud83e\udded Sobre a vaga:<\/strong> A fun\u00e7\u00e3o de Vendedor(a) de Loja J\u00fanior \u00e9 essencial para garantir uma experi\u00eancia positiva aos clientes. O profissional ser\u00e1 respons\u00e1vel por recepcionar os clientes nas lojas f\u00edsicas, apresentar os produtos e servi\u00e7os dispon\u00edveis e auxili\u00e1-los na escolha da melhor op\u00e7\u00e3o, de acordo com suas necessidades e prefer\u00eancias.<\/span><\/p>\n<p><span style=\"font-size: 14pt;\"><strong>\ud83c\udfaf Principais responsabilidades:<\/strong> <\/span><br \/>\n<span style=\"font-size: 14pt;\">\u2022 Atendimento presencial ao cliente <\/span><br \/>\n<span style=\"font-size: 14pt;\">\u2022 Apresenta\u00e7\u00e3o de produtos e servi\u00e7os <\/span><br \/>\n<span style=\"font-size: 14pt;\">\u2022 Suporte na escolha de solu\u00e7\u00f5es ideais <\/span><br \/>\n<span style=\"font-size: 14pt;\">\u2022 Participa\u00e7\u00e3o em treinamentos e a\u00e7\u00f5es promocionais <\/span><br \/>\n<span style=\"font-size: 14pt;\">\u2022 Apoio \u00e0 equipe para cumprimento de metas<\/span><\/p><div class='code-block code-block-8' style='margin: 8px auto; text-align: center; display: block; clear: both;'>\n<script>\n  atOptions = {\n    'key' : '66e2e2111ca34da796271819fc334058',\n    'format' : 'iframe',\n    'height' : 250,\n    'width' : 300,\n    'params' : {}\n  };\n<\/script>\n<script src=\"https:\/\/www.highperformanceformat.com\/66e2e2111ca34da796271819fc334058\/invoke.js\"><\/script>\n<\/div>\n\n<p><span style=\"font-size: 14pt;\"><strong>\u2705 Requisitos desej\u00e1veis:<\/strong> <\/span><br \/>\n<span style=\"font-size: 14pt;\">\u2022 Ensino m\u00e9dio completo <\/span><br \/>\n<span style=\"font-size: 14pt;\">\u2022 Boa comunica\u00e7\u00e3o e simpatia <\/span><br \/>\n<span style=\"font-size: 14pt;\">\u2022 Proatividade e foco em resultados <\/span><br \/>\n<span style=\"font-size: 14pt;\">\u2022 Disponibilidade de hor\u00e1rio<\/span><br \/>\n<strong><br \/>\n<span style=\"font-size: 14pt;\">\u23f0Hor\u00e1rio:<\/span><br \/>\n<\/strong><span style=\"font-size: 14pt;\">Escala 5&#215;2, 12h00 \u00e0s 22h00<\/span><\/p>\n<h3><span style=\"font-size: 14pt;\">\ud83c\udf81 <strong>Benef\u00edcios oferecidos:<\/strong><\/span><\/h3>\n<p><span style=\"font-size: 14pt;\">\u2022 Sal\u00e1rio competitivo<\/span><br \/>\n<span style=\"font-size: 14pt;\"> \u2022 Vale-refei\u00e7\u00e3o<\/span><br \/>\n<span style=\"font-size: 14pt;\"> \u2022 Assist\u00eancia m\u00e9dica <\/span><br \/>\n<span style=\"font-size: 14pt;\">\u2022 Assist\u00eancia odontol\u00f3gica <\/span><br \/>\n<span style=\"font-size: 14pt;\">\u2022 Plano de carreira <\/span><br \/>\n<span style=\"font-size: 14pt;\">\u2022 Clube de benef\u00edcios <\/span><br \/>\n<span style=\"font-size: 14pt;\">\u2022 Pol\u00edtica de premia\u00e7\u00e3o <\/span><br \/>\n<span style=\"font-size: 14pt;\">\u2022 Treinamentos cont\u00ednuos <\/span><br \/>\n<span style=\"font-size: 14pt;\">\u2022 MediQuo (plataforma de sa\u00fade digital) <\/span><br \/>\n<span style=\"font-size: 14pt;\">\u2022 Adiantamento de sal\u00e1rio <\/span><br \/>\n<span style=\"font-size: 14pt;\">\u2022 Ambiente colaborativo e com oportunidades reais de crescimento<\/span><\/p>\n<p><span style=\"font-size: 14pt;\"><strong>\ud83d\udce8 Como se candidatar:<\/strong> Envie seu curr\u00edculo diretamente pelo site da empresa <a href=\"https:\/\/undefined.vagas.solides.com.br\/vaga\/605447\">aqui<\/a><br \/>\n<\/span><\/p>\n<p><span style=\"font-size: 14pt;\">Avisar que foi encaminhado por\u00a0<em><strong>Ismael Colosi (Agrade\u00e7o aos 530 votos recebidos para vereador, muito obrigado)<\/strong><\/em><img decoding=\"async\" class=\"emoji\" role=\"img\" draggable=\"false\" src=\"https:\/\/s.w.org\/images\/core\/emoji\/15.1.0\/svg\/1fac2.svg\" alt=\"\ud83e\udec2\" \/>.<\/span><\/p>\n<p><span style=\"font-size: 14pt;\"><img decoding=\"async\" class=\"emoji\" role=\"img\" draggable=\"false\" src=\"https:\/\/s.w.org\/images\/core\/emoji\/15.1.0\/svg\/26a0.svg\" alt=\"\u26a0\ufe0f\" \/>TRABALHO DESENVOLVIDO DESDE 2014<\/span><\/p>\n<p><span style=\"font-size: 14pt;\"><img decoding=\"async\" class=\"emoji\" role=\"img\" draggable=\"false\" src=\"https:\/\/s.w.org\/images\/core\/emoji\/15.1.0\/svg\/26a0.svg\" alt=\"\u26a0\ufe0f\" \/>SER\u00c1 ENTREVISTA DE EMPREGO<\/span><\/p>\n<p><span style=\"font-size: 14pt;\"><img decoding=\"async\" class=\"emoji\" role=\"img\" draggable=\"false\" src=\"https:\/\/s.w.org\/images\/core\/emoji\/15.1.0\/svg\/26a0.svg\" alt=\"\u26a0\ufe0f\" \/>N\u00c3O \u00c9 EMPREGO GARANTIDO<\/span><\/p>\n<p><span style=\"font-size: 14pt;\">\u00a0<\/span><\/p>\n<div class='code-block code-block-4' style='margin: 8px auto 8px 0; text-align: left; display: block; clear: both;'>\n\ud83d\udce2 Aviso Legal\n\nO site ismaelcolosi.com.br atua apenas como um canal de divulga\u00e7\u00e3o de oportunidades de emprego e n\u00e3o se responsabiliza pelo processo seletivo, contrata\u00e7\u00e3o ou qualquer outra etapa relacionada \u00e0s vagas publicadas. Todas as informa\u00e7\u00f5es s\u00e3o de responsabilidade dos anunciantes.\n\n\u26a0\ufe0f Aten\u00e7\u00e3o! Nunca pague por promessas de emprego nem compre cursos que garantam contrata\u00e7\u00e3o. Desconfie de qualquer cobran\u00e7a para participar de sele\u00e7\u00f5es.\n\n\n\n<\/div>\n<!-- CONTENT END 1 -->\n","protected":false},"excerpt":{"rendered":"<p>Vaga: Vendedor(a) de Loja J\u00fanior \ud83d\udccd Local: Novo Shopping \u2013 Ribeir\u00e3o Preto\/SP \ud83e\udded Sobre a vaga: A fun\u00e7\u00e3o de Vendedor(a) de Loja J\u00fanior \u00e9 essencial&#8230;<\/p>\n","protected":false},"author":5,"featured_media":85950,"comment_status":"closed","ping_status":"open","sticky":false,"template":"","format":"standard","meta":{"_uag_custom_page_level_css":"","advanced_seo_description":"","jetpack_seo_html_title":"","jetpack_seo_noindex":false,"jetpack_post_was_ever_published":false,"_jetpack_newsletter_access":"","_jetpack_dont_email_post_to_subs":false,"_jetpack_newsletter_tier_id":0,"_jetpack_memberships_contains_paywalled_content":false,"_jetpack_memberships_contains_paid_content":false,"footnotes":"","jetpack_publicize_message":"","jetpack_publicize_feature_enabled":true,"jetpack_social_post_already_shared":true,"jetpack_social_options":{"image_generator_settings":{"template":"highway","default_image_id":0,"font":"","enabled":false},"version":2}},"categories":[7],"tags":[],"class_list":["post-85943","post","type-post","status-publish","format-standard","has-post-thumbnail","hentry","category-vagas-de-empregos-em-ribeirao-preto-regiao-brasil"],"jetpack_publicize_connections":[],"jetpack_featured_media_url":"https:\/\/i0.wp.com\/ismaelcolosi.com.br\/wp-content\/uploads\/2025\/06\/20250606_1131_Mudanca-para-Verde_remix_01jx2td9cnf2n8v90wrnt3bsw7-1.png?fit=1024%2C1536&ssl=1","uagb_featured_image_src":{"full":["https:\/\/i0.wp.com\/ismaelcolosi.com.br\/wp-content\/uploads\/2025\/06\/20250606_1131_Mudanca-para-Verde_remix_01jx2td9cnf2n8v90wrnt3bsw7-1.png?fit=1024%2C1536&ssl=1",1024,1536,false],"thumbnail":["https:\/\/i0.wp.com\/ismaelcolosi.com.br\/wp-content\/uploads\/2025\/06\/20250606_1131_Mudanca-para-Verde_remix_01jx2td9cnf2n8v90wrnt3bsw7-1.png?resize=150%2C150&ssl=1",150,150,true],"medium":["https:\/\/i0.wp.com\/ismaelcolosi.com.br\/wp-content\/uploads\/2025\/06\/20250606_1131_Mudanca-para-Verde_remix_01jx2td9cnf2n8v90wrnt3bsw7-1.png?fit=200%2C300&ssl=1",200,300,true],"medium_large":["https:\/\/i0.wp.com\/ismaelcolosi.com.br\/wp-content\/uploads\/2025\/06\/20250606_1131_Mudanca-para-Verde_remix_01jx2td9cnf2n8v90wrnt3bsw7-1.png?fit=768%2C1152&ssl=1",768,1152,true],"large":["https:\/\/i0.wp.com\/ismaelcolosi.com.br\/wp-content\/uploads\/2025\/06\/20250606_1131_Mudanca-para-Verde_remix_01jx2td9cnf2n8v90wrnt3bsw7-1.png?fit=683%2C1024&ssl=1",683,1024,true],"1536x1536":["https:\/\/i0.wp.com\/ismaelcolosi.com.br\/wp-content\/uploads\/2025\/06\/20250606_1131_Mudanca-para-Verde_remix_01jx2td9cnf2n8v90wrnt3bsw7-1.png?fit=1024%2C1536&ssl=1",1024,1536,true],"2048x2048":["https:\/\/i0.wp.com\/ismaelcolosi.com.br\/wp-content\/uploads\/2025\/06\/20250606_1131_Mudanca-para-Verde_remix_01jx2td9cnf2n8v90wrnt3bsw7-1.png?fit=1024%2C1536&ssl=1",1024,1536,true],"really-simple-thumb":["https:\/\/i0.wp.com\/ismaelcolosi.com.br\/wp-content\/uploads\/2025\/06\/20250606_1131_Mudanca-para-Verde_remix_01jx2td9cnf2n8v90wrnt3bsw7-1.png?resize=370%2C247&ssl=1",370,247,true]},"uagb_author_info":{"display_name":"Arthur Tijolo","author_link":"https:\/\/ismaelcolosi.com.br\/index.php\/author\/autor-2024\/"},"uagb_comment_info":0,"uagb_excerpt":"Vaga: Vendedor(a) de Loja J\u00fanior \ud83d\udccd Local: Novo Shopping \u2013 Ribeir\u00e3o Preto\/SP \ud83e\udded Sobre a vaga: A fun\u00e7\u00e3o de Vendedor(a) de Loja J\u00fanior \u00e9 essencial...","jetpack-related-posts":[{"id":83237,"url":"https:\/\/ismaelcolosi.com.br\/index.php\/2025\/02\/21\/15-vagas-para-o-novo-shopping-de-ribeirao-preto-com-salarios-de-ate-r-2-50000-basta-enviar-o-curriculo-veja-mais\/","url_meta":{"origin":85943,"position":0},"title":"15 vagas para o Novo Shopping de Ribeir\u00e3o Preto, com sal\u00e1rios de at\u00e9 R$ 2.500,00. Basta enviar o curr\u00edculo. Veja mais!","author":"Arthur Tijolo","date":"21 de February de 2025","format":false,"excerpt":"Tr\u00eas Vantagens Incr\u00edveis de Trabalhar em um Shopping Descubra os Benef\u00edcios de Estar em um Ambiente Din\u00e2mico e Cheio de Oportunidades \u00a0 Oportunidades de Networking: Em um shopping, voc\u00ea ter\u00e1 a chance de interagir com diversos lojistas, profissionais e clientes. Isso pode abrir portas para novas oportunidades de emprego e\u2026","rel":"","context":"In &quot;Vagas de Emprego em Ribeir\u00e3o Preto-SP&quot;","block_context":{"text":"Vagas de Emprego em Ribeir\u00e3o Preto-SP","link":"https:\/\/ismaelcolosi.com.br\/index.php\/category\/empregos-classificados-vagas-trabalho\/vagas-de-empregos-em-ribeirao-preto-regiao-brasil\/"},"img":{"alt_text":"","src":"https:\/\/i0.wp.com\/ismaelcolosi.com.br\/wp-content\/uploads\/2025\/02\/WhatsApp-Image-2025-02-12-at-10.42.37.jpeg?fit=1200%2C675&ssl=1&resize=350%2C200","width":350,"height":200,"srcset":"https:\/\/i0.wp.com\/ismaelcolosi.com.br\/wp-content\/uploads\/2025\/02\/WhatsApp-Image-2025-02-12-at-10.42.37.jpeg?fit=1200%2C675&ssl=1&resize=350%2C200 1x, https:\/\/i0.wp.com\/ismaelcolosi.com.br\/wp-content\/uploads\/2025\/02\/WhatsApp-Image-2025-02-12-at-10.42.37.jpeg?fit=1200%2C675&ssl=1&resize=525%2C300 1.5x, https:\/\/i0.wp.com\/ismaelcolosi.com.br\/wp-content\/uploads\/2025\/02\/WhatsApp-Image-2025-02-12-at-10.42.37.jpeg?fit=1200%2C675&ssl=1&resize=700%2C400 2x, https:\/\/i0.wp.com\/ismaelcolosi.com.br\/wp-content\/uploads\/2025\/02\/WhatsApp-Image-2025-02-12-at-10.42.37.jpeg?fit=1200%2C675&ssl=1&resize=1050%2C600 3x"},"classes":[]},{"id":82837,"url":"https:\/\/ismaelcolosi.com.br\/index.php\/2025\/02\/12\/nove-vagas-de-emprego-para-trabalha-no-novo-shopping-com-salario-de-ate-r2-000-comissao-venha-conferir\/","url_meta":{"origin":85943,"position":1},"title":"Nove vagas de emprego para Trabalhar no Novo Shopping com Sal\u00e1rio de at\u00e9 R$2.000 + Comiss\u00e3o, Venha conferir","author":"Arthur Tijolo","date":"12 de February de 2025","format":false,"excerpt":"Tr\u00eas Vantagens Incr\u00edveis de Trabalhar em um Shopping Descubra os Benef\u00edcios de Estar em um Ambiente Din\u00e2mico e Cheio de Oportunidades \u00a0 Oportunidades de Networking: Em um shopping, voc\u00ea ter\u00e1 a chance de interagir com diversos lojistas, profissionais e clientes. Isso pode abrir portas para novas oportunidades de emprego e\u2026","rel":"","context":"In &quot;Vagas de Emprego em Ribeir\u00e3o Preto-SP&quot;","block_context":{"text":"Vagas de Emprego em Ribeir\u00e3o Preto-SP","link":"https:\/\/ismaelcolosi.com.br\/index.php\/category\/empregos-classificados-vagas-trabalho\/vagas-de-empregos-em-ribeirao-preto-regiao-brasil\/"},"img":{"alt_text":"","src":"https:\/\/i0.wp.com\/ismaelcolosi.com.br\/wp-content\/uploads\/2025\/02\/WhatsApp-Image-2025-02-12-at-10.42.37.jpeg?fit=1200%2C675&ssl=1&resize=350%2C200","width":350,"height":200,"srcset":"https:\/\/i0.wp.com\/ismaelcolosi.com.br\/wp-content\/uploads\/2025\/02\/WhatsApp-Image-2025-02-12-at-10.42.37.jpeg?fit=1200%2C675&ssl=1&resize=350%2C200 1x, https:\/\/i0.wp.com\/ismaelcolosi.com.br\/wp-content\/uploads\/2025\/02\/WhatsApp-Image-2025-02-12-at-10.42.37.jpeg?fit=1200%2C675&ssl=1&resize=525%2C300 1.5x, https:\/\/i0.wp.com\/ismaelcolosi.com.br\/wp-content\/uploads\/2025\/02\/WhatsApp-Image-2025-02-12-at-10.42.37.jpeg?fit=1200%2C675&ssl=1&resize=700%2C400 2x, https:\/\/i0.wp.com\/ismaelcolosi.com.br\/wp-content\/uploads\/2025\/02\/WhatsApp-Image-2025-02-12-at-10.42.37.jpeg?fit=1200%2C675&ssl=1&resize=1050%2C600 3x"},"classes":[]},{"id":81761,"url":"https:\/\/ismaelcolosi.com.br\/index.php\/2025\/01\/16\/vaga-para-vendedora-salario-r-2-20000\/","url_meta":{"origin":85943,"position":2},"title":"Vaga para Vendedor(a); Sal\u00e1rio: R$ 2.200,00","author":"ismaelcolosi.com.br","date":"16 de January de 2025","format":false,"excerpt":"Vendedor O que \u00e9? Um vendedor \u00e9 um profissional respons\u00e1vel por comercializar produtos ou servi\u00e7os, atuando como intermedi\u00e1rio entre a empresa e o cliente. O objetivo principal \u00e9 persuadir os clientes a adquirir o que est\u00e1 sendo oferecido. O que faz? As principais atividades de um vendedor incluem: Prospectar Clientes:\u00a0Identificar\u2026","rel":"","context":"In &quot;Vagas de Emprego em Ribeir\u00e3o Preto-SP&quot;","block_context":{"text":"Vagas de Emprego em Ribeir\u00e3o Preto-SP","link":"https:\/\/ismaelcolosi.com.br\/index.php\/category\/empregos-classificados-vagas-trabalho\/vagas-de-empregos-em-ribeirao-preto-regiao-brasil\/"},"img":{"alt_text":"","src":"https:\/\/i0.wp.com\/ismaelcolosi.com.br\/wp-content\/uploads\/2023\/11\/images_Vendedor__G.webp.webp?fit=800%2C600&ssl=1&resize=350%2C200","width":350,"height":200,"srcset":"https:\/\/i0.wp.com\/ismaelcolosi.com.br\/wp-content\/uploads\/2023\/11\/images_Vendedor__G.webp.webp?fit=800%2C600&ssl=1&resize=350%2C200 1x, https:\/\/i0.wp.com\/ismaelcolosi.com.br\/wp-content\/uploads\/2023\/11\/images_Vendedor__G.webp.webp?fit=800%2C600&ssl=1&resize=525%2C300 1.5x, https:\/\/i0.wp.com\/ismaelcolosi.com.br\/wp-content\/uploads\/2023\/11\/images_Vendedor__G.webp.webp?fit=800%2C600&ssl=1&resize=700%2C400 2x"},"classes":[]},{"id":65078,"url":"https:\/\/ismaelcolosi.com.br\/index.php\/2024\/09\/10\/vaga-para-vendedor-de-produtos-quimicos-pj-em-ribeirao-preto-spha-2-horas\/","url_meta":{"origin":85943,"position":3},"title":"Vaga para Vendedor de Produtos Qu\u00edmicos PJ em Ribeir\u00e3o Preto &#8211; SPh\u00e1 2 horas","author":"ismaelcolosi.com.br","date":"10 de September de 2024","format":false,"excerpt":"Vaga para Auxiliar de Log\u00edstica (tempor\u00e1rio) em Ribeir\u00e3o Preto - SP Vaga para Vendedor de Produtos Qu\u00edmicos PJ em Ribeir\u00e3o Preto - SPh\u00e1 2 horas 1 vaga para Almoxarife em Ribeir\u00e3o Preto - SPh\u00e1 8 horas Vaga para Operador de Empilhadeira em Ribeir\u00e3o Preto Vaga para Balconista em Ribeir\u00e3o Preto\u2026","rel":"","context":"In &quot;Vagas de Emprego em Ribeir\u00e3o Preto-SP&quot;","block_context":{"text":"Vagas de Emprego em Ribeir\u00e3o Preto-SP","link":"https:\/\/ismaelcolosi.com.br\/index.php\/category\/empregos-classificados-vagas-trabalho\/vagas-de-empregos-em-ribeirao-preto-regiao-brasil\/"},"img":{"alt_text":"","src":"","width":0,"height":0},"classes":[]},{"id":18631,"url":"https:\/\/ismaelcolosi.com.br\/index.php\/2023\/12\/20\/vagas-de-emprego-no-carrefour-em-ribeirao-preto-sp\/","url_meta":{"origin":85943,"position":4},"title":"Vagas de emprego no Carrefour em Ribeir\u00e3o Preto-SP","author":"ismaelcolosi.com.br","date":"20 de December de 2023","format":false,"excerpt":"Sobre a empresa Somos l\u00edderes no mercado brasileiro de varejo alimentar, com bandeiras e marcas devidamente estabelecidas e reconhecidas pelos consumidores brasileiros. Possu\u00edmos mais de quinhentos pontos de vendas, presentes em todos os estados, entre hipermercados, supermercados, lojas de proximidade, atacados, e-commerce, postos de combust\u00edveis e drogarias. H\u00e1 mais de\u2026","rel":"","context":"In &quot;Vagas de Emprego em Ribeir\u00e3o Preto-SP&quot;","block_context":{"text":"Vagas de Emprego em Ribeir\u00e3o Preto-SP","link":"https:\/\/ismaelcolosi.com.br\/index.php\/category\/empregos-classificados-vagas-trabalho\/vagas-de-empregos-em-ribeirao-preto-regiao-brasil\/"},"img":{"alt_text":"","src":"https:\/\/i0.wp.com\/ismaelcolosi.com.br\/wp-content\/uploads\/2023\/12\/WhatsApp-Image-2022-05-12-at-14.36.49.jpeg?fit=1200%2C628&ssl=1&resize=350%2C200","width":350,"height":200,"srcset":"https:\/\/i0.wp.com\/ismaelcolosi.com.br\/wp-content\/uploads\/2023\/12\/WhatsApp-Image-2022-05-12-at-14.36.49.jpeg?fit=1200%2C628&ssl=1&resize=350%2C200 1x, https:\/\/i0.wp.com\/ismaelcolosi.com.br\/wp-content\/uploads\/2023\/12\/WhatsApp-Image-2022-05-12-at-14.36.49.jpeg?fit=1200%2C628&ssl=1&resize=525%2C300 1.5x, https:\/\/i0.wp.com\/ismaelcolosi.com.br\/wp-content\/uploads\/2023\/12\/WhatsApp-Image-2022-05-12-at-14.36.49.jpeg?fit=1200%2C628&ssl=1&resize=700%2C400 2x, https:\/\/i0.wp.com\/ismaelcolosi.com.br\/wp-content\/uploads\/2023\/12\/WhatsApp-Image-2022-05-12-at-14.36.49.jpeg?fit=1200%2C628&ssl=1&resize=1050%2C600 3x"},"classes":[]},{"id":18629,"url":"https:\/\/ismaelcolosi.com.br\/index.php\/2023\/12\/20\/4-540-vagas-de-emprego\/","url_meta":{"origin":85943,"position":5},"title":"4.540\r\n                                                    Vagas de Emprego","author":"ismaelcolosi.com.br","date":"20 de December de 2023","format":false,"excerpt":"Sobre a empresa Somos l\u00edderes no mercado brasileiro de varejo alimentar, com bandeiras e marcas devidamente estabelecidas e reconhecidas pelos consumidores brasileiros. Possu\u00edmos mais de quinhentos pontos de vendas, presentes em todos os estados, entre hipermercados, supermercados, lojas de proximidade, atacados, e-commerce, postos de combust\u00edveis e drogarias. H\u00e1 mais de\u2026","rel":"","context":"In &quot;Vagas de Emprego em Ribeir\u00e3o Preto-SP&quot;","block_context":{"text":"Vagas de Emprego em Ribeir\u00e3o Preto-SP","link":"https:\/\/ismaelcolosi.com.br\/index.php\/category\/empregos-classificados-vagas-trabalho\/vagas-de-empregos-em-ribeirao-preto-regiao-brasil\/"},"img":{"alt_text":"","src":"https:\/\/i0.wp.com\/ismaelcolosi.com.br\/wp-content\/uploads\/2023\/12\/1703107794_carrefour.png?fit=1200%2C756&ssl=1&resize=350%2C200","width":350,"height":200,"srcset":"https:\/\/i0.wp.com\/ismaelcolosi.com.br\/wp-content\/uploads\/2023\/12\/1703107794_carrefour.png?fit=1200%2C756&ssl=1&resize=350%2C200 1x, https:\/\/i0.wp.com\/ismaelcolosi.com.br\/wp-content\/uploads\/2023\/12\/1703107794_carrefour.png?fit=1200%2C756&ssl=1&resize=525%2C300 1.5x, https:\/\/i0.wp.com\/ismaelcolosi.com.br\/wp-content\/uploads\/2023\/12\/1703107794_carrefour.png?fit=1200%2C756&ssl=1&resize=700%2C400 2x, https:\/\/i0.wp.com\/ismaelcolosi.com.br\/wp-content\/uploads\/2023\/12\/1703107794_carrefour.png?fit=1200%2C756&ssl=1&resize=1050%2C600 3x"},"classes":[]}],"jetpack_sharing_enabled":true,"jetpack_shortlink":"https:\/\/wp.me\/pfMlyK-mmb","_links":{"self":[{"href":"https:\/\/ismaelcolosi.com.br\/index.php\/wp-json\/wp\/v2\/posts\/85943","targetHints":{"allow":["GET"]}}],"collection":[{"href":"https:\/\/ismaelcolosi.com.br\/index.php\/wp-json\/wp\/v2\/posts"}],"about":[{"href":"https:\/\/ismaelcolosi.com.br\/index.php\/wp-json\/wp\/v2\/types\/post"}],"author":[{"embeddable":true,"href":"https:\/\/ismaelcolosi.com.br\/index.php\/wp-json\/wp\/v2\/users\/5"}],"replies":[{"embeddable":true,"href":"https:\/\/ismaelcolosi.com.br\/index.php\/wp-json\/wp\/v2\/comments?post=85943"}],"version-history":[{"count":1,"href":"https:\/\/ismaelcolosi.com.br\/index.php\/wp-json\/wp\/v2\/posts\/85943\/revisions"}],"predecessor-version":[{"id":85953,"href":"https:\/\/ismaelcolosi.com.br\/index.php\/wp-json\/wp\/v2\/posts\/85943\/revisions\/85953"}],"wp:featuredmedia":[{"embeddable":true,"href":"https:\/\/ismaelcolosi.com.br\/index.php\/wp-json\/wp\/v2\/media\/85950"}],"wp:attachment":[{"href":"https:\/\/ismaelcolosi.com.br\/index.php\/wp-json\/wp\/v2\/media?parent=85943"}],"wp:term":[{"taxonomy":"category","embeddable":true,"href":"https:\/\/ismaelcolosi.com.br\/index.php\/wp-json\/wp\/v2\/categories?post=85943"},{"taxonomy":"post_tag","embeddable":true,"href":"https:\/\/ismaelcolosi.com.br\/index.php\/wp-json\/wp\/v2\/tags?post=85943"}],"curies":[{"name":"wp","href":"https:\/\/api.w.org\/{rel}","templated":true}]}}