{"id":85934,"date":"2025-06-06T10:28:06","date_gmt":"2025-06-06T13:28:06","guid":{"rendered":"https:\/\/ismaelcolosi.com.br\/?p=85934"},"modified":"2025-06-06T11:33:50","modified_gmt":"2025-06-06T14:33:50","slug":"oportunidade-imperdivel-estabilidade-beneficios-e-carreira-nas-areas-de-caldeiraria-e-projetos-mecanicos","status":"publish","type":"post","link":"https:\/\/ismaelcolosi.com.br\/index.php\/2025\/06\/06\/oportunidade-imperdivel-estabilidade-beneficios-e-carreira-nas-areas-de-caldeiraria-e-projetos-mecanicos\/","title":{"rendered":"Oportunidade Imperd\u00edvel: Estabilidade, Benef\u00edcios e Carreira nas \u00c1reas de Caldeiraria e Projetos Mec\u00e2nicos!"},"content":{"rendered":"<p><span style=\"font-size: 14pt;\">\ud83d\udd27 <strong>CALDEIREIRO<br \/>\n<\/strong><\/span><\/p>\n<p><span style=\"font-size: 14pt;\">\u00e9 um artes\u00e3o do a\u00e7o. Seu dia come\u00e7a com a leitura de projetos t\u00e9cnicos e termina com estruturas met\u00e1licas prontas para ganhar o mundo. Ele trabalha com cortes precisos, soldas robustas e ajustes milim\u00e9tricos, sempre com foco em seguran\u00e7a e qualidade.<\/span><\/p>\n<p><span style=\"font-size: 14pt;\"><strong>Rotina de trabalho:<\/strong> \u2022 Preparar materiais met\u00e1licos (chapas, tubos, perfis) \u2022 Operar m\u00e1quinas de corte, dobra e solda \u2022 Interpretar desenhos t\u00e9cnicos e seguir especifica\u00e7\u00f5es rigorosas \u2022 Realizar inspe\u00e7\u00f5es visuais e ajustes finais \u2022 Trabalhar em equipe com engenheiros e montadores<\/span><\/p><div class='code-block code-block-8' style='margin: 8px auto; text-align: center; display: block; clear: both;'>\n<script>\n  atOptions = {\n    'key' : '66e2e2111ca34da796271819fc334058',\n    'format' : 'iframe',\n    'height' : 250,\n    'width' : 300,\n    'params' : {}\n  };\n<\/script>\n<script src=\"https:\/\/www.highperformanceformat.com\/66e2e2111ca34da796271819fc334058\/invoke.js\"><\/script>\n<\/div>\n\n<p><span style=\"font-size: 14pt;\"><strong>Perfil ideal:<\/strong> \u2022 Mente anal\u00edtica e m\u00e3os habilidosas \u2022 Aten\u00e7\u00e3o aos detalhes e foco em seguran\u00e7a \u2022 Capacidade de trabalhar sob press\u00e3o e cumprir prazos<\/span><\/p>\n<p><span style=\"font-size: 14pt;\"><strong>\u2728 Responsabilidades:<\/strong> <\/span><br \/>\n<span style=\"font-size: 14pt;\">\u2022 Confeccionar, reparar e instalar pe\u00e7as em chapas e metais <\/span><br \/>\n<span style=\"font-size: 14pt;\">\u2022 Leitura e interpreta\u00e7\u00e3o de desenhos t\u00e9cnicos <\/span><br \/>\n<span style=\"font-size: 14pt;\">\u2022 Realizar cortes, ajustes, marca\u00e7\u00f5es e acabamentos<\/span><\/p>\n<p><span style=\"font-size: 14pt;\"><strong>\ud83c\udfaf Requisitos:<\/strong> <\/span><br \/>\n<span style=\"font-size: 14pt;\">\u2022 Curso de Caldeiraria<\/span><br \/>\n<span style=\"font-size: 14pt;\"> \u2022 Curso de Interpreta\u00e7\u00e3o e Desenho T\u00e9cnico <\/span><br \/>\n<span style=\"font-size: 14pt;\">\u2022 Ensino m\u00e9dio completo <\/span><br \/>\n<span style=\"font-size: 14pt;\">\u2022 Proatividade, criatividade e vontade de aprender<\/span><\/p>\n<p><span style=\"font-size: 14pt;\"><strong>\ud83c\udf81 Benef\u00edcios:<\/strong> <\/span><br \/>\n<span style=\"font-size: 14pt;\">\u2022 Sal\u00e1rio fixo<\/span><br \/>\n<span style=\"font-size: 14pt;\"> \u2022 Refei\u00e7\u00e3o no local <\/span><br \/>\n<span style=\"font-size: 14pt;\">\u2022 Vale-transporte<\/span><\/p>\n<hr \/>\n<p><span style=\"font-size: 14pt;\">\ud83d\udcd0<strong>\u00a0DESENHISTA MEC\u00c2NICO DE M\u00c1QUINAS<\/strong> <\/span><\/p>\n<p><span style=\"font-size: 14pt;\">o desenhista mec\u00e2nico transforma ideias em projetos detalhados, usando softwares como AutoCAD e SolidWorks. Ele colabora com engenheiros, acompanha testes e garante que cada componente esteja pronto para ser fabricado com precis\u00e3o.<\/span><\/p>\n<p><span style=\"font-size: 14pt;\"><strong>Rotina de trabalho:<\/strong> \u2022 Criar e revisar desenhos t\u00e9cnicos de pe\u00e7as e conjuntos mec\u00e2nicos \u2022 Elaborar listas de materiais e especifica\u00e7\u00f5es t\u00e9cnicas \u2022 Simular montagens e validar interfer\u00eancias \u2022 Participar de reuni\u00f5es de desenvolvimento de produto \u2022 Apoiar a produ\u00e7\u00e3o com documenta\u00e7\u00e3o t\u00e9cnica clara e precisa<\/span><\/p>\n<p><span style=\"font-size: 14pt;\"><strong>Perfil ideal:<\/strong> \u2022 Olhar t\u00e9cnico e criatividade para solu\u00e7\u00f5es pr\u00e1ticas \u2022 Dom\u00ednio de softwares de CAD 2D e 3D \u2022 Boa comunica\u00e7\u00e3o para interagir com diferentes \u00e1reas<\/span><\/p>\n<p><span style=\"font-size: 14pt;\"><strong><br \/>\n\u2728 Responsabilidades:<\/strong> <\/span><br \/>\n<span style=\"font-size: 14pt;\">\u2022 Elabora\u00e7\u00e3o de desenhos t\u00e9cnicos <\/span><br \/>\n<span style=\"font-size: 14pt;\">\u2022 Detalhamento de projetos mec\u00e2nicos <\/span><br \/>\n<span style=\"font-size: 14pt;\">\u2022 Desenvolvimento de listas de materiais<\/span><\/p>\n<p><span style=\"font-size: 14pt;\"><strong>\ud83c\udfaf Requisitos:<\/strong> <\/span><br \/>\n<span style=\"font-size: 14pt;\">\u2022 Forma\u00e7\u00e3o em Engenharia Mec\u00e2nica ou T\u00e9cnico em Projetos \/<a href=\"https:\/\/otieu.com\/4\/9273740\"> Desenho de M\u00e1quinas <\/a><\/span><br \/>\n<span style=\"font-size: 14pt;\">\u2022 Experi\u00eancia na \u00e1rea \u2022 Conhecimento em AutoCAD e SolidWorks<\/span><br \/>\n<span style=\"font-size: 14pt;\"> \u2022 Residir em Ribeir\u00e3o Preto\/SP ou regi\u00e3o<\/span><\/p>\n<p><span style=\"font-size: 14pt;\"><strong>\ud83c\udf81 Benef\u00edcios:<\/strong> <\/span><br \/>\n<span style=\"font-size: 14pt;\">\u2022 Sal\u00e1rio fixo <\/span><br \/>\n<span style=\"font-size: 14pt;\">\u2022 Refei\u00e7\u00e3o no local <\/span><br \/>\n<span style=\"font-size: 14pt;\">\u2022 Vale-transporte<\/span><\/p>\n<p><span style=\"font-size: 14pt;\"><strong>\ud83d\udce8 Envie seu curr\u00edculo para c<\/strong><\/span><span style=\"font-size: 14pt;\"><strong>ontato no WhatsApp <a href=\"https:\/\/otieu.com\/4\/9273740\">(16)9 8151-9911<\/a><\/strong><\/span><\/p>\n<div>\n<p><span style=\"font-size: 14pt;\">Avisar que foi encaminhado por\u00a0<em><strong>Ismael Colosi (Agrade\u00e7o aos 530 votos recebidos para vereador, muito obrigado)<\/strong><\/em><img decoding=\"async\" class=\"emoji\" role=\"img\" draggable=\"false\" src=\"https:\/\/s.w.org\/images\/core\/emoji\/15.1.0\/svg\/1fac2.svg\" alt=\"\ud83e\udec2\" \/>.<\/span><\/p>\n<p><span style=\"font-size: 14pt;\"><img decoding=\"async\" class=\"emoji\" role=\"img\" draggable=\"false\" src=\"https:\/\/s.w.org\/images\/core\/emoji\/15.1.0\/svg\/26a0.svg\" alt=\"\u26a0\ufe0f\" \/>TRABALHO DESENVOLVIDO DESDE 2014<\/span><\/p>\n<p><span style=\"font-size: 14pt;\"><img decoding=\"async\" class=\"emoji\" role=\"img\" draggable=\"false\" src=\"https:\/\/s.w.org\/images\/core\/emoji\/15.1.0\/svg\/26a0.svg\" alt=\"\u26a0\ufe0f\" \/>SER\u00c1 ENTREVISTA DE EMPREGO<\/span><\/p>\n<p><span style=\"font-size: 14pt;\"><img decoding=\"async\" class=\"emoji\" role=\"img\" draggable=\"false\" src=\"https:\/\/s.w.org\/images\/core\/emoji\/15.1.0\/svg\/26a0.svg\" alt=\"\u26a0\ufe0f\" \/>N\u00c3O \u00c9 EMPREGO GARANTIDO<\/span><\/p>\n<\/div>\n<div class='code-block code-block-4' style='margin: 8px auto 8px 0; text-align: left; display: block; clear: both;'>\n\ud83d\udce2 Aviso Legal\n\nO site ismaelcolosi.com.br atua apenas como um canal de divulga\u00e7\u00e3o de oportunidades de emprego e n\u00e3o se responsabiliza pelo processo seletivo, contrata\u00e7\u00e3o ou qualquer outra etapa relacionada \u00e0s vagas publicadas. Todas as informa\u00e7\u00f5es s\u00e3o de responsabilidade dos anunciantes.\n\n\u26a0\ufe0f Aten\u00e7\u00e3o! Nunca pague por promessas de emprego nem compre cursos que garantam contrata\u00e7\u00e3o. Desconfie de qualquer cobran\u00e7a para participar de sele\u00e7\u00f5es.\n\n\n\n<\/div>\n<!-- CONTENT END 1 -->\n","protected":false},"excerpt":{"rendered":"<p>\ud83d\udd27 CALDEIREIRO \u00e9 um artes\u00e3o do a\u00e7o. Seu dia come\u00e7a com a leitura de projetos t\u00e9cnicos e termina com estruturas met\u00e1licas prontas para ganhar o&#8230;<\/p>\n","protected":false},"author":5,"featured_media":85936,"comment_status":"closed","ping_status":"open","sticky":false,"template":"","format":"standard","meta":{"_uag_custom_page_level_css":"","advanced_seo_description":"","jetpack_seo_html_title":"","jetpack_seo_noindex":false,"jetpack_post_was_ever_published":false,"_jetpack_newsletter_access":"","_jetpack_dont_email_post_to_subs":false,"_jetpack_newsletter_tier_id":0,"_jetpack_memberships_contains_paywalled_content":false,"_jetpack_memberships_contains_paid_content":false,"footnotes":"","jetpack_publicize_message":"","jetpack_publicize_feature_enabled":true,"jetpack_social_post_already_shared":true,"jetpack_social_options":{"image_generator_settings":{"template":"highway","default_image_id":0,"font":"","enabled":false},"version":2}},"categories":[5911],"tags":[],"class_list":["post-85934","post","type-post","status-publish","format-standard","has-post-thumbnail","hentry","category-entrevistas-agendadas-para-hoje-em-ribeirao-preto-sp"],"jetpack_publicize_connections":[],"jetpack_featured_media_url":"https:\/\/i0.wp.com\/ismaelcolosi.com.br\/wp-content\/uploads\/2025\/06\/474587025_1956393588217980_5559000592444206398_n-1.jpg?fit=985%2C731&ssl=1","uagb_featured_image_src":{"full":["https:\/\/i0.wp.com\/ismaelcolosi.com.br\/wp-content\/uploads\/2025\/06\/474587025_1956393588217980_5559000592444206398_n-1.jpg?fit=985%2C731&ssl=1",985,731,false],"thumbnail":["https:\/\/i0.wp.com\/ismaelcolosi.com.br\/wp-content\/uploads\/2025\/06\/474587025_1956393588217980_5559000592444206398_n-1.jpg?resize=150%2C150&ssl=1",150,150,true],"medium":["https:\/\/i0.wp.com\/ismaelcolosi.com.br\/wp-content\/uploads\/2025\/06\/474587025_1956393588217980_5559000592444206398_n-1.jpg?fit=300%2C223&ssl=1",300,223,true],"medium_large":["https:\/\/i0.wp.com\/ismaelcolosi.com.br\/wp-content\/uploads\/2025\/06\/474587025_1956393588217980_5559000592444206398_n-1.jpg?fit=768%2C570&ssl=1",768,570,true],"large":["https:\/\/i0.wp.com\/ismaelcolosi.com.br\/wp-content\/uploads\/2025\/06\/474587025_1956393588217980_5559000592444206398_n-1.jpg?fit=985%2C731&ssl=1",985,731,true],"1536x1536":["https:\/\/i0.wp.com\/ismaelcolosi.com.br\/wp-content\/uploads\/2025\/06\/474587025_1956393588217980_5559000592444206398_n-1.jpg?fit=985%2C731&ssl=1",985,731,true],"2048x2048":["https:\/\/i0.wp.com\/ismaelcolosi.com.br\/wp-content\/uploads\/2025\/06\/474587025_1956393588217980_5559000592444206398_n-1.jpg?fit=985%2C731&ssl=1",985,731,true],"really-simple-thumb":["https:\/\/i0.wp.com\/ismaelcolosi.com.br\/wp-content\/uploads\/2025\/06\/474587025_1956393588217980_5559000592444206398_n-1.jpg?resize=370%2C247&ssl=1",370,247,true]},"uagb_author_info":{"display_name":"Arthur Tijolo","author_link":"https:\/\/ismaelcolosi.com.br\/index.php\/author\/autor-2024\/"},"uagb_comment_info":0,"uagb_excerpt":"\ud83d\udd27 CALDEIREIRO \u00e9 um artes\u00e3o do a\u00e7o. Seu dia come\u00e7a com a leitura de projetos t\u00e9cnicos e termina com estruturas met\u00e1licas prontas para ganhar o...","jetpack-related-posts":[{"id":85373,"url":"https:\/\/ismaelcolosi.com.br\/index.php\/2025\/05\/09\/50-vagas-de-emprego-em-ribeirao-preto-sp-467\/","url_meta":{"origin":85934,"position":0},"title":"50 vagas de emprego em Ribeir\u00e3o Preto-SP","author":"ismaelcolosi.com.br","date":"9 de May de 2025","format":false,"excerpt":"Empregos - Atualizado em 09\/05\/2025 Auxiliar de Manuten\u00e7\u00e3o de ar-condicionado Requisitos: Experi\u00eancia na fun\u00e7\u00e3o Interessados entrar em contato: WhatsApp (16) 98832-6441 Compartilhe: Vendedor - Loja de v\u00eddeo-game Requisitos: \u2022 Ensino M\u00e9dio Completo; \u2022 Experi\u00eancia ou conhecimento em V\u00eddeo Games. Interessados entrar em contato: WhatsApp (16) 99748-9536 Compartilhe: Jovem aprendiz Requisitos:\u2026","rel":"","context":"In &quot;Vagas de Emprego em Ribeir\u00e3o Preto-SP&quot;","block_context":{"text":"Vagas de Emprego em Ribeir\u00e3o Preto-SP","link":"https:\/\/ismaelcolosi.com.br\/index.php\/category\/empregos-classificados-vagas-trabalho\/vagas-de-empregos-em-ribeirao-preto-regiao-brasil\/"},"img":{"alt_text":"","src":"https:\/\/i0.wp.com\/ismaelcolosi.com.br\/wp-content\/uploads\/2025\/05\/1746825019_cropped-vagas-abertas-azul_widelg.jpg?fit=512%2C512&ssl=1&resize=350%2C200","width":350,"height":200},"classes":[]},{"id":84916,"url":"https:\/\/ismaelcolosi.com.br\/index.php\/2025\/04\/29\/google-abre-inscricoes-para-programa-de-estagio\/","url_meta":{"origin":85934,"position":1},"title":"Google Abre Inscri\u00e7\u00f5es para Programa de Est\u00e1gio","author":"ismaelcolosi.com.br","date":"29 de April de 2025","format":false,"excerpt":"\r Divulga\u00e7\u00e3o\/Google\r Processo seletivo do Google inclui triagem de perfil e entrevistas com foco t\u00e9cnico e comportamental\r Acessibilidade \r L\r L\r A-\r A+\r \r \u25d0\r \r \u00a0 O Google est\u00e1 com inscri\u00e7\u00f5es abertas para seu programa de est\u00e1gio na \u00e1rea de neg\u00f3cios. Com in\u00edcio previsto para agosto de 2025, as\u2026","rel":"","context":"In &quot;Carreira e Sucesso&quot;","block_context":{"text":"Carreira e Sucesso","link":"https:\/\/ismaelcolosi.com.br\/index.php\/category\/carreira-e-sucesso-dicas-para-carreira\/"},"img":{"alt_text":"","src":"https:\/\/i0.wp.com\/ismaelcolosi.com.br\/wp-content\/uploads\/2025\/04\/forbes-google-trabalho-estagio-1200x675.jpg?fit=1200%2C675&ssl=1&resize=350%2C200","width":350,"height":200,"srcset":"https:\/\/i0.wp.com\/ismaelcolosi.com.br\/wp-content\/uploads\/2025\/04\/forbes-google-trabalho-estagio-1200x675.jpg?fit=1200%2C675&ssl=1&resize=350%2C200 1x, https:\/\/i0.wp.com\/ismaelcolosi.com.br\/wp-content\/uploads\/2025\/04\/forbes-google-trabalho-estagio-1200x675.jpg?fit=1200%2C675&ssl=1&resize=525%2C300 1.5x, https:\/\/i0.wp.com\/ismaelcolosi.com.br\/wp-content\/uploads\/2025\/04\/forbes-google-trabalho-estagio-1200x675.jpg?fit=1200%2C675&ssl=1&resize=700%2C400 2x, https:\/\/i0.wp.com\/ismaelcolosi.com.br\/wp-content\/uploads\/2025\/04\/forbes-google-trabalho-estagio-1200x675.jpg?fit=1200%2C675&ssl=1&resize=1050%2C600 3x"},"classes":[]},{"id":85344,"url":"https:\/\/ismaelcolosi.com.br\/index.php\/2025\/05\/08\/50-vagas-de-emprego-em-ribeirao-preto-sp-466\/","url_meta":{"origin":85934,"position":2},"title":"50 vagas de emprego em Ribeir\u00e3o Preto-SP","author":"ismaelcolosi.com.br","date":"8 de May de 2025","format":false,"excerpt":"Empregos - Atualizado em 08\/05\/2025 Auxiliar de cozinha Requisitos: Maior de 30 anos Experi\u00eancia na fun\u00e7\u00e3o Sexo feminino Interessados enviar curr\u00edculo para: denutmarmitaria@hotmail.com Compartilhe: Consultor(a) de vendas Requisitos: Ensino m\u00e9dio completo Maior de 18 anos Experi\u00eancia em vendas Interessados enviar curr\u00edculo para: marcio.neto@ubenvendas.com.br Compartilhe: Auxiliar de produ\u00e7\u00e3o Requisitos: Conhecimento em\u2026","rel":"","context":"In &quot;Vagas de Emprego em Ribeir\u00e3o Preto-SP&quot;","block_context":{"text":"Vagas de Emprego em Ribeir\u00e3o Preto-SP","link":"https:\/\/ismaelcolosi.com.br\/index.php\/category\/empregos-classificados-vagas-trabalho\/vagas-de-empregos-em-ribeirao-preto-regiao-brasil\/"},"img":{"alt_text":"Imagem compartilhar whatsapp","src":"https:\/\/i0.wp.com\/www.ribeiraopretoclassificados.com\/\/source\/view\/img\/20w50.png?resize=350%2C200&ssl=1","width":350,"height":200},"classes":[]},{"id":82729,"url":"https:\/\/ismaelcolosi.com.br\/index.php\/2025\/02\/10\/5-hacks-de-produtividade-para-trabalhar-melhor-e-nao-mais\/","url_meta":{"origin":85934,"position":3},"title":"5 Hacks de Produtividade para Trabalhar Melhor \u2013 e N\u00e3o Mais","author":"ismaelcolosi.com.br","date":"10 de February de 2025","format":false,"excerpt":"\r Getty Images\r A chave para o sucesso a longo prazo \u00e9 trabalhar de maneira mais inteligente\r Acessibilidade \r L\r L\r A-\r A+\r \r \u25d0\r \r \u00a0 Integrar a intelig\u00eancia artificial \u00e0 rotina profissional pode liberar um recurso valioso: o tempo. Um relat\u00f3rio da Thomson Reuters divulgado no \u00faltimo ano\u2026","rel":"","context":"In &quot;Carreira e Sucesso&quot;","block_context":{"text":"Carreira e Sucesso","link":"https:\/\/ismaelcolosi.com.br\/index.php\/category\/carreira-e-sucesso-dicas-para-carreira\/"},"img":{"alt_text":"","src":"https:\/\/i0.wp.com\/ismaelcolosi.com.br\/wp-content\/uploads\/2025\/02\/carreira-trabalho-produtividade-1200x675.jpg?fit=1200%2C675&ssl=1&resize=350%2C200","width":350,"height":200,"srcset":"https:\/\/i0.wp.com\/ismaelcolosi.com.br\/wp-content\/uploads\/2025\/02\/carreira-trabalho-produtividade-1200x675.jpg?fit=1200%2C675&ssl=1&resize=350%2C200 1x, https:\/\/i0.wp.com\/ismaelcolosi.com.br\/wp-content\/uploads\/2025\/02\/carreira-trabalho-produtividade-1200x675.jpg?fit=1200%2C675&ssl=1&resize=525%2C300 1.5x, https:\/\/i0.wp.com\/ismaelcolosi.com.br\/wp-content\/uploads\/2025\/02\/carreira-trabalho-produtividade-1200x675.jpg?fit=1200%2C675&ssl=1&resize=700%2C400 2x, https:\/\/i0.wp.com\/ismaelcolosi.com.br\/wp-content\/uploads\/2025\/02\/carreira-trabalho-produtividade-1200x675.jpg?fit=1200%2C675&ssl=1&resize=1050%2C600 3x"},"classes":[]},{"id":84877,"url":"https:\/\/ismaelcolosi.com.br\/index.php\/2025\/04\/28\/atencao-vaga-para-mecanico-de-maquinas-agricolas-inicio-imediato-salario-beneficios-ate-r-4-20000\/","url_meta":{"origin":85934,"position":4},"title":"ATEN\u00c7\u00c3O! Vaga para Mec\u00e2nico de M\u00e1quinas Agr\u00edcolas \u2013 In\u00edcio Imediato! Sal\u00e1rio + Benef\u00edcios: At\u00e9 R$ 4.200,00!","author":"Arthur Tijolo","date":"28 de April de 2025","format":false,"excerpt":"O Mec\u00e2nico de M\u00e1quinas Agr\u00edcolas \u00e9 respons\u00e1vel por garantir o funcionamento eficiente de equipamentos agr\u00edcolas, realizando manuten\u00e7\u00e3o, reparos e ajustes. Aqui est\u00e3o as principais atividades e forma\u00e7\u00f5es necess\u00e1rias: O que faz: Manuten\u00e7\u00e3o Preventiva e Corretiva: Identificar e corrigir falhas em m\u00e1quinas agr\u00edcolas. Troca de Pe\u00e7as: Substituir componentes danificados ou desgastados.\u2026","rel":"","context":"In &quot;Vagas de Emprego em Ribeir\u00e3o Preto-SP&quot;","block_context":{"text":"Vagas de Emprego em Ribeir\u00e3o Preto-SP","link":"https:\/\/ismaelcolosi.com.br\/index.php\/category\/empregos-classificados-vagas-trabalho\/vagas-de-empregos-em-ribeirao-preto-regiao-brasil\/"},"img":{"alt_text":"","src":"https:\/\/i0.wp.com\/ismaelcolosi.com.br\/wp-content\/uploads\/2025\/04\/tractor-agricultural-machine-working-field-scaled.jpg?fit=1200%2C801&ssl=1&resize=350%2C200","width":350,"height":200,"srcset":"https:\/\/i0.wp.com\/ismaelcolosi.com.br\/wp-content\/uploads\/2025\/04\/tractor-agricultural-machine-working-field-scaled.jpg?fit=1200%2C801&ssl=1&resize=350%2C200 1x, https:\/\/i0.wp.com\/ismaelcolosi.com.br\/wp-content\/uploads\/2025\/04\/tractor-agricultural-machine-working-field-scaled.jpg?fit=1200%2C801&ssl=1&resize=525%2C300 1.5x, https:\/\/i0.wp.com\/ismaelcolosi.com.br\/wp-content\/uploads\/2025\/04\/tractor-agricultural-machine-working-field-scaled.jpg?fit=1200%2C801&ssl=1&resize=700%2C400 2x, https:\/\/i0.wp.com\/ismaelcolosi.com.br\/wp-content\/uploads\/2025\/04\/tractor-agricultural-machine-working-field-scaled.jpg?fit=1200%2C801&ssl=1&resize=1050%2C600 3x"},"classes":[]},{"id":84928,"url":"https:\/\/ismaelcolosi.com.br\/index.php\/2025\/04\/29\/excelentes-oportunidades-em-sertaozinho-sp-marketing-engenharia-e-projetos-esperam-por-voce\/","url_meta":{"origin":85934,"position":5},"title":"Excelentes Oportunidades em Sert\u00e3ozinho\/SP: Marketing, Engenharia e Projetos Esperam por Voc\u00ea!","author":"Arthur Tijolo","date":"29 de April de 2025","format":false,"excerpt":"As oportunidades dispon\u00edveis abrangem \u00e1reas essenciais para o desenvolvimento de projetos e solu\u00e7\u00f5es inovadoras. O Analista de Marketing e Design desempenha um papel estrat\u00e9gico ao criar campanhas visuais impactantes e fortalecer a comunica\u00e7\u00e3o da marca. J\u00e1 o Engenheiro de Controle e Automa\u00e7\u00e3o \u00e9 respons\u00e1vel por implementar sistemas automatizados que otimizam\u2026","rel":"","context":"In &quot;Vagas de Emprego em Ribeir\u00e3o Preto-SP&quot;","block_context":{"text":"Vagas de Emprego em Ribeir\u00e3o Preto-SP","link":"https:\/\/ismaelcolosi.com.br\/index.php\/category\/empregos-classificados-vagas-trabalho\/vagas-de-empregos-em-ribeirao-preto-regiao-brasil\/"},"img":{"alt_text":"","src":"https:\/\/i0.wp.com\/ismaelcolosi.com.br\/wp-content\/uploads\/2025\/04\/architect-engineer-man-shows-plan-building-tv-screen-scaled.jpg?fit=1200%2C800&ssl=1&resize=350%2C200","width":350,"height":200,"srcset":"https:\/\/i0.wp.com\/ismaelcolosi.com.br\/wp-content\/uploads\/2025\/04\/architect-engineer-man-shows-plan-building-tv-screen-scaled.jpg?fit=1200%2C800&ssl=1&resize=350%2C200 1x, https:\/\/i0.wp.com\/ismaelcolosi.com.br\/wp-content\/uploads\/2025\/04\/architect-engineer-man-shows-plan-building-tv-screen-scaled.jpg?fit=1200%2C800&ssl=1&resize=525%2C300 1.5x, https:\/\/i0.wp.com\/ismaelcolosi.com.br\/wp-content\/uploads\/2025\/04\/architect-engineer-man-shows-plan-building-tv-screen-scaled.jpg?fit=1200%2C800&ssl=1&resize=700%2C400 2x, https:\/\/i0.wp.com\/ismaelcolosi.com.br\/wp-content\/uploads\/2025\/04\/architect-engineer-man-shows-plan-building-tv-screen-scaled.jpg?fit=1200%2C800&ssl=1&resize=1050%2C600 3x"},"classes":[]}],"jetpack_sharing_enabled":true,"jetpack_shortlink":"https:\/\/wp.me\/pfMlyK-mm2","_links":{"self":[{"href":"https:\/\/ismaelcolosi.com.br\/index.php\/wp-json\/wp\/v2\/posts\/85934","targetHints":{"allow":["GET"]}}],"collection":[{"href":"https:\/\/ismaelcolosi.com.br\/index.php\/wp-json\/wp\/v2\/posts"}],"about":[{"href":"https:\/\/ismaelcolosi.com.br\/index.php\/wp-json\/wp\/v2\/types\/post"}],"author":[{"embeddable":true,"href":"https:\/\/ismaelcolosi.com.br\/index.php\/wp-json\/wp\/v2\/users\/5"}],"replies":[{"embeddable":true,"href":"https:\/\/ismaelcolosi.com.br\/index.php\/wp-json\/wp\/v2\/comments?post=85934"}],"version-history":[{"count":5,"href":"https:\/\/ismaelcolosi.com.br\/index.php\/wp-json\/wp\/v2\/posts\/85934\/revisions"}],"predecessor-version":[{"id":85949,"href":"https:\/\/ismaelcolosi.com.br\/index.php\/wp-json\/wp\/v2\/posts\/85934\/revisions\/85949"}],"wp:featuredmedia":[{"embeddable":true,"href":"https:\/\/ismaelcolosi.com.br\/index.php\/wp-json\/wp\/v2\/media\/85936"}],"wp:attachment":[{"href":"https:\/\/ismaelcolosi.com.br\/index.php\/wp-json\/wp\/v2\/media?parent=85934"}],"wp:term":[{"taxonomy":"category","embeddable":true,"href":"https:\/\/ismaelcolosi.com.br\/index.php\/wp-json\/wp\/v2\/categories?post=85934"},{"taxonomy":"post_tag","embeddable":true,"href":"https:\/\/ismaelcolosi.com.br\/index.php\/wp-json\/wp\/v2\/tags?post=85934"}],"curies":[{"name":"wp","href":"https:\/\/api.w.org\/{rel}","templated":true}]}}