{"id":85912,"date":"2025-06-04T21:09:10","date_gmt":"2025-06-05T00:09:10","guid":{"rendered":"https:\/\/ismaelcolosi.com.br\/?p=85912"},"modified":"2025-06-04T21:10:25","modified_gmt":"2025-06-05T00:10:25","slug":"anuncio-de-entrevista","status":"publish","type":"post","link":"https:\/\/ismaelcolosi.com.br\/index.php\/2025\/06\/04\/anuncio-de-entrevista\/","title":{"rendered":"\ud83d\udce2 An\u00fancio de Entrevista"},"content":{"rendered":"<p><strong>\ud83d\udce2 An\u00fancio de Entrevista<\/strong><\/p>\n<p><strong>Vaga:<\/strong> <a href=\"https:\/\/otieu.com\/4\/9273740\" target=\"_blank\" rel=\"noopener\">Camareira<\/a><br \/>\n<strong>Data da Entrevista:<\/strong> 5 de junho de 2025<br \/>\n<strong>Hor\u00e1rio:<\/strong> 10h<br \/>\n<strong>Local:<\/strong> <a href=\"https:\/\/otieu.com\/4\/9273740\" target=\"_blank\" rel=\"noopener\">Rua Campos Sales, 90<\/a> &#8211; Centro, Procurar por <a href=\"https:\/\/otieu.com\/4\/9273740\" target=\"_blank\" rel=\"noopener\">Paula<\/a> e avisar que foi encaminhado por Ismael Colosi.<\/p>\n<p><strong>Sal\u00e1rio:<\/strong> A ser confirmado durante a entrevista.<\/p>\n<div class='code-block code-block-4' style='margin: 8px auto 8px 0; text-align: left; display: block; clear: both;'>\n\ud83d\udce2 Aviso Legal\n\nO site ismaelcolosi.com.br atua apenas como um canal de divulga\u00e7\u00e3o de oportunidades de emprego e n\u00e3o se responsabiliza pelo processo seletivo, contrata\u00e7\u00e3o ou qualquer outra etapa relacionada \u00e0s vagas publicadas. Todas as informa\u00e7\u00f5es s\u00e3o de responsabilidade dos anunciantes.\n\n\u26a0\ufe0f Aten\u00e7\u00e3o! Nunca pague por promessas de emprego nem compre cursos que garantam contrata\u00e7\u00e3o. Desconfie de qualquer cobran\u00e7a para participar de sele\u00e7\u00f5es.\n\n\n\n<\/div>\n<!-- CONTENT END 1 -->\n","protected":false},"excerpt":{"rendered":"<p>\ud83d\udce2 An\u00fancio de Entrevista Vaga: Camareira Data da Entrevista: 5 de junho de 2025 Hor\u00e1rio: 10h Local: Rua Campos Sales, 90 &#8211; Centro, Procurar por Paula e avisar que foi encaminhado por Ismael Colosi. Sal\u00e1rio: A ser confirmado durante a entrevista. \ud83d\udce2 Aviso Legal O site ismaelcolosi.com.br atua apenas como um canal de divulga\u00e7\u00e3o de&hellip;&nbsp;<\/p>\n","protected":false},"author":1,"featured_media":84268,"comment_status":"closed","ping_status":"open","sticky":false,"template":"","format":"standard","meta":{"_uag_custom_page_level_css":"","neve_meta_sidebar":"","neve_meta_container":"","neve_meta_enable_content_width":"","neve_meta_content_width":0,"neve_meta_title_alignment":"","neve_meta_author_avatar":"","neve_post_elements_order":"","neve_meta_disable_header":"","neve_meta_disable_footer":"","neve_meta_disable_title":"","_jetpack_newsletter_access":"","_jetpack_dont_email_post_to_subs":false,"_jetpack_newsletter_tier_id":0,"_jetpack_memberships_contains_paywalled_content":false,"_jetpack_memberships_contains_paid_content":false,"footnotes":""},"categories":[1,5911],"tags":[],"class_list":["post-85912","post","type-post","status-publish","format-standard","has-post-thumbnail","hentry","category-blog","category-entrevistas-agendadas-para-hoje-em-ribeirao-preto-sp"],"uagb_featured_image_src":{"full":["https:\/\/i0.wp.com\/ismaelcolosi.com.br\/wp-content\/uploads\/2025\/04\/entrevista-emprego-ribeirao-preto-ismael-colosi.jpg?fit=1920%2C1080&ssl=1",1920,1080,false],"thumbnail":["https:\/\/i0.wp.com\/ismaelcolosi.com.br\/wp-content\/uploads\/2025\/04\/entrevista-emprego-ribeirao-preto-ismael-colosi.jpg?resize=150%2C150&ssl=1",150,150,true],"medium":["https:\/\/i0.wp.com\/ismaelcolosi.com.br\/wp-content\/uploads\/2025\/04\/entrevista-emprego-ribeirao-preto-ismael-colosi.jpg?fit=300%2C169&ssl=1",300,169,true],"medium_large":["https:\/\/i0.wp.com\/ismaelcolosi.com.br\/wp-content\/uploads\/2025\/04\/entrevista-emprego-ribeirao-preto-ismael-colosi.jpg?fit=768%2C432&ssl=1",768,432,true],"large":["https:\/\/i0.wp.com\/ismaelcolosi.com.br\/wp-content\/uploads\/2025\/04\/entrevista-emprego-ribeirao-preto-ismael-colosi.jpg?fit=1024%2C576&ssl=1",1024,576,true],"1536x1536":["https:\/\/i0.wp.com\/ismaelcolosi.com.br\/wp-content\/uploads\/2025\/04\/entrevista-emprego-ribeirao-preto-ismael-colosi.jpg?fit=1536%2C864&ssl=1",1536,864,true],"2048x2048":["https:\/\/i0.wp.com\/ismaelcolosi.com.br\/wp-content\/uploads\/2025\/04\/entrevista-emprego-ribeirao-preto-ismael-colosi.jpg?fit=1920%2C1080&ssl=1",1920,1080,true],"neve-blog":["https:\/\/i0.wp.com\/ismaelcolosi.com.br\/wp-content\/uploads\/2025\/04\/entrevista-emprego-ribeirao-preto-ismael-colosi.jpg?resize=930%2C620&ssl=1",930,620,true]},"uagb_author_info":{"display_name":"ismaelcolosi.com.br","author_link":"https:\/\/ismaelcolosi.com.br\/author\/vidareal-online\/"},"uagb_comment_info":0,"uagb_excerpt":"\ud83d\udce2 An\u00fancio de Entrevista Vaga: Camareira Data da Entrevista: 5 de junho de 2025 Hor\u00e1rio: 10h Local: Rua Campos Sales, 90 &#8211; Centro, Procurar por Paula e avisar que foi encaminhado por Ismael Colosi. Sal\u00e1rio: A ser confirmado durante a entrevista. \ud83d\udce2 Aviso Legal O site ismaelcolosi.com.br atua apenas como um canal de divulga\u00e7\u00e3o de&hellip;&nbsp;","jetpack-related-posts":[{"id":85290,"url":"https:\/\/ismaelcolosi.com.br\/index.php\/2025\/05\/07\/entrevistas-de-emprego-acontecem-em-7-de-maio-vagas-para-balconista-r-1-83589-e-auxiliar-de-operacoesr-2-22400-em-ribeirao-preto-sp-2\/","url_meta":{"origin":85912,"position":0},"title":"\ud83d\udce2 Entrevistas de Emprego Acontecem em 8 de Maio \u2014 Vagas para Balconista (R$ 1.835,89)  e Auxiliar de Opera\u00e7\u00f5es(R$ 2.224,00) em Ribeir\u00e3o Preto-SP","author":"ismaelcolosi.com.br","date":"7 de Maio de 2025","format":false,"excerpt":"Entrevistas de Emprego Acontecem no Dia 8 de Maio \u2014 Vagas para Balconista e Auxiliar de Opera\u00e7\u00f5es! Se voc\u00ea est\u00e1 procurando uma oportunidade para ingressar ou retornar ao mercado de trabalho, esta \u00e9 a sua chance! No pr\u00f3ximo dia 8\u00a0de maio, ser\u00e3o realizadas entrevistas presenciais para o preenchimento de vagas\u2026","rel":"","context":"In &quot;Entrevistas agendadas para hoje em Ribeir\u00e3o Preto-SP&quot;","block_context":{"text":"Entrevistas agendadas para hoje em Ribeir\u00e3o Preto-SP","link":"https:\/\/ismaelcolosi.com.br\/index.php\/category\/empregos-classificados-vagas-trabalho\/vagas-de-empregos-em-ribeirao-preto-regiao-brasil\/entrevistas-agendadas-para-hoje-em-ribeirao-preto-sp\/"},"img":{"alt_text":"","src":"https:\/\/i0.wp.com\/ismaelcolosi.com.br\/wp-content\/uploads\/2025\/04\/entrevista-emprego-ribeirao-preto-ismael-colosi.jpg?fit=1200%2C675&ssl=1&resize=350%2C200","width":350,"height":200,"srcset":"https:\/\/i0.wp.com\/ismaelcolosi.com.br\/wp-content\/uploads\/2025\/04\/entrevista-emprego-ribeirao-preto-ismael-colosi.jpg?fit=1200%2C675&ssl=1&resize=350%2C200 1x, https:\/\/i0.wp.com\/ismaelcolosi.com.br\/wp-content\/uploads\/2025\/04\/entrevista-emprego-ribeirao-preto-ismael-colosi.jpg?fit=1200%2C675&ssl=1&resize=525%2C300 1.5x, https:\/\/i0.wp.com\/ismaelcolosi.com.br\/wp-content\/uploads\/2025\/04\/entrevista-emprego-ribeirao-preto-ismael-colosi.jpg?fit=1200%2C675&ssl=1&resize=700%2C400 2x, https:\/\/i0.wp.com\/ismaelcolosi.com.br\/wp-content\/uploads\/2025\/04\/entrevista-emprego-ribeirao-preto-ismael-colosi.jpg?fit=1200%2C675&ssl=1&resize=1050%2C600 3x"},"classes":[]},{"id":85134,"url":"https:\/\/ismaelcolosi.com.br\/index.php\/2025\/05\/04\/entrevistas-de-emprego-acontecem-em-7-de-maio-vagas-para-balconista-r-1-83589-e-auxiliar-de-operacoesr-2-22400-em-ribeirao-preto-sp\/","url_meta":{"origin":85912,"position":1},"title":"\ud83d\udce2 Entrevistas de Emprego Acontecem em 6 de Maio \u2014 Vagas para Balconista (R$ 1.835,89)  e Auxiliar de Opera\u00e7\u00f5es(R$ 2.224,00) em Ribeir\u00e3o Preto-SP","author":"ismaelcolosi.com.br","date":"4 de Maio de 2025","format":false,"excerpt":"Entrevistas de Emprego Acontecem no Dia 6 de Maio \u2014 Vagas para Balconista e Auxiliar de Opera\u00e7\u00f5es! Se voc\u00ea est\u00e1 procurando uma oportunidade para ingressar ou retornar ao mercado de trabalho, esta \u00e9 a sua chance! No pr\u00f3ximo dia 7 de maio, ser\u00e3o realizadas entrevistas presenciais para o preenchimento de\u2026","rel":"","context":"In &quot;Entrevistas agendadas para hoje em Ribeir\u00e3o Preto-SP&quot;","block_context":{"text":"Entrevistas agendadas para hoje em Ribeir\u00e3o Preto-SP","link":"https:\/\/ismaelcolosi.com.br\/index.php\/category\/empregos-classificados-vagas-trabalho\/vagas-de-empregos-em-ribeirao-preto-regiao-brasil\/entrevistas-agendadas-para-hoje-em-ribeirao-preto-sp\/"},"img":{"alt_text":"","src":"https:\/\/i0.wp.com\/ismaelcolosi.com.br\/wp-content\/uploads\/2025\/04\/entrevista-emprego-ribeirao-preto-ismael-colosi.jpg?fit=1200%2C675&ssl=1&resize=350%2C200","width":350,"height":200,"srcset":"https:\/\/i0.wp.com\/ismaelcolosi.com.br\/wp-content\/uploads\/2025\/04\/entrevista-emprego-ribeirao-preto-ismael-colosi.jpg?fit=1200%2C675&ssl=1&resize=350%2C200 1x, https:\/\/i0.wp.com\/ismaelcolosi.com.br\/wp-content\/uploads\/2025\/04\/entrevista-emprego-ribeirao-preto-ismael-colosi.jpg?fit=1200%2C675&ssl=1&resize=525%2C300 1.5x, https:\/\/i0.wp.com\/ismaelcolosi.com.br\/wp-content\/uploads\/2025\/04\/entrevista-emprego-ribeirao-preto-ismael-colosi.jpg?fit=1200%2C675&ssl=1&resize=700%2C400 2x, https:\/\/i0.wp.com\/ismaelcolosi.com.br\/wp-content\/uploads\/2025\/04\/entrevista-emprego-ribeirao-preto-ismael-colosi.jpg?fit=1200%2C675&ssl=1&resize=1050%2C600 3x"},"classes":[]},{"id":79177,"url":"https:\/\/ismaelcolosi.com.br\/index.php\/2024\/12\/13\/79177\/","url_meta":{"origin":85912,"position":2},"title":"Auxiliar de Limpeza, Encarregada de Limpeza, Jardineiro e Operador de M\u00e1quina (Limpeza); Sal\u00e1rio de at\u00e9 R$3.162,00","author":"ismaelcolosi.com.br","date":"13 de Dezembro de 2024","format":false,"excerpt":"\ud83d\udce2 GRANDES OPORTUNIDADES EM RIBEIR\u00c3O PRETO! Se voc\u00ea est\u00e1 em busca de uma chance para crescer profissionalmente, este \u00e9 o momento ideal! Estamos com vagas abertas para diferentes fun\u00e7\u00f5es, todas oferecendo sal\u00e1rios competitivos, benef\u00edcios atrativos e a possibilidade de trabalhar em escalas que atendam \u00e0 sua rotina. Seja qual for\u2026","rel":"","context":"In &quot;Entrevistas agendadas para hoje em Ribeir\u00e3o Preto-SP&quot;","block_context":{"text":"Entrevistas agendadas para hoje em Ribeir\u00e3o Preto-SP","link":"https:\/\/ismaelcolosi.com.br\/index.php\/category\/empregos-classificados-vagas-trabalho\/vagas-de-empregos-em-ribeirao-preto-regiao-brasil\/entrevistas-agendadas-para-hoje-em-ribeirao-preto-sp\/"},"img":{"alt_text":"","src":"https:\/\/i0.wp.com\/ismaelcolosi.com.br\/wp-content\/uploads\/2024\/11\/ENTREVISTA-AREA-LIMPEZA.png?fit=1080%2C1080&ssl=1&resize=350%2C200","width":350,"height":200,"srcset":"https:\/\/i0.wp.com\/ismaelcolosi.com.br\/wp-content\/uploads\/2024\/11\/ENTREVISTA-AREA-LIMPEZA.png?fit=1080%2C1080&ssl=1&resize=350%2C200 1x, https:\/\/i0.wp.com\/ismaelcolosi.com.br\/wp-content\/uploads\/2024\/11\/ENTREVISTA-AREA-LIMPEZA.png?fit=1080%2C1080&ssl=1&resize=525%2C300 1.5x, https:\/\/i0.wp.com\/ismaelcolosi.com.br\/wp-content\/uploads\/2024\/11\/ENTREVISTA-AREA-LIMPEZA.png?fit=1080%2C1080&ssl=1&resize=700%2C400 2x, https:\/\/i0.wp.com\/ismaelcolosi.com.br\/wp-content\/uploads\/2024\/11\/ENTREVISTA-AREA-LIMPEZA.png?fit=1080%2C1080&ssl=1&resize=1050%2C600 3x"},"classes":[]},{"id":87135,"url":"https:\/\/ismaelcolosi.com.br\/index.php\/2025\/08\/20\/oportunidade-de-emprego-com-varios-beneficios-em-ribeirao-preto-projetista-almoxarifado-e-mais\/","url_meta":{"origin":85912,"position":3},"title":"Oportunidade de emprego com v\u00e1rios benef\u00edcios em Ribeir\u00e3o Preto: Projetista, Almoxarifado e mais!","author":"Arthur Tijolo","date":"20 de Agosto de 2025","format":false,"excerpt":"\ud83d\udce2 VAGAS URGENTES Local: Ribeir\u00e3o Preto \u2013 SP Empresa em expans\u00e3o com excelente ambiente de trabalho \u00a0 \ud83e\uddf0 Vagas Dispon\u00edveis: Projetista (2 vagas) Auxiliar de Almoxarifado Assistente de Opera\u00e7\u00f5es \ud83d\udcbc Benef\u00edcios: Sal\u00e1rio compat\u00edvel com o mercado Assist\u00eancia M\u00e9dica Seguro de Vida Vale Transporte ou Ajuda de Custo Uniforme Plano de\u2026","rel":"","context":"In &quot;Entrevistas agendadas para hoje em Ribeir\u00e3o Preto-SP&quot;","block_context":{"text":"Entrevistas agendadas para hoje em Ribeir\u00e3o Preto-SP","link":"https:\/\/ismaelcolosi.com.br\/index.php\/category\/empregos-classificados-vagas-trabalho\/vagas-de-empregos-em-ribeirao-preto-regiao-brasil\/entrevistas-agendadas-para-hoje-em-ribeirao-preto-sp\/"},"img":{"alt_text":"","src":"https:\/\/i0.wp.com\/ismaelcolosi.com.br\/wp-content\/uploads\/2025\/07\/474445751_1956389254885080_5015843430235700133_n-1.jpg?fit=1080%2C1068&ssl=1&resize=350%2C200","width":350,"height":200,"srcset":"https:\/\/i0.wp.com\/ismaelcolosi.com.br\/wp-content\/uploads\/2025\/07\/474445751_1956389254885080_5015843430235700133_n-1.jpg?fit=1080%2C1068&ssl=1&resize=350%2C200 1x, https:\/\/i0.wp.com\/ismaelcolosi.com.br\/wp-content\/uploads\/2025\/07\/474445751_1956389254885080_5015843430235700133_n-1.jpg?fit=1080%2C1068&ssl=1&resize=525%2C300 1.5x, https:\/\/i0.wp.com\/ismaelcolosi.com.br\/wp-content\/uploads\/2025\/07\/474445751_1956389254885080_5015843430235700133_n-1.jpg?fit=1080%2C1068&ssl=1&resize=700%2C400 2x, https:\/\/i0.wp.com\/ismaelcolosi.com.br\/wp-content\/uploads\/2025\/07\/474445751_1956389254885080_5015843430235700133_n-1.jpg?fit=1080%2C1068&ssl=1&resize=1050%2C600 3x"},"classes":[]},{"id":84426,"url":"https:\/\/ismaelcolosi.com.br\/index.php\/2025\/04\/09\/alerta-de-oportunidade-auxilair-de-limpeza-6h-por-dia-salario-de-1-422-va-de-38800-vaga-exclusiva-para-mulheres-com-entrevista-amanha-dia-10\/","url_meta":{"origin":85912,"position":4},"title":"\ud83d\udd25 [Alerta de Oportunidade!] Auxiliar de Limpeza. 6h por dia; Sal\u00e1rio de 1.422 + VA de  388,00 \u2013 Vaga EXCLUSIVA para Mulheres com Entrevista amanh\u00e3 dia 10!","author":"ismaelcolosi.com.br","date":"9 de Abril de 2025","format":false,"excerpt":"Oportunidade de Emprego para Agente de Asseio e Conserva\u00e7\u00e3o com Entrevista Agendada - SOMENTE PARA ORADORES DE RIBEIR\u00c3O PRETO-SP Est\u00e1 aberto o processo seletivo para a vaga de\u00a0Agente de Asseio e Conserva\u00e7\u00e3o (Auxiliar de Limpeza)\u00a0exclusiva para mulheres. A entrevista ocorrer\u00e1 no dia\u00a010 de abril de 2025, das 09h00 \u00e0s 12h00,\u2026","rel":"","context":"In &quot;Blog&quot;","block_context":{"text":"Blog","link":"https:\/\/ismaelcolosi.com.br\/index.php\/category\/blog\/"},"img":{"alt_text":"","src":"https:\/\/i0.wp.com\/ismaelcolosi.com.br\/wp-content\/uploads\/2024\/11\/ENTREVISTA-AREA-LIMPEZA.png?fit=1080%2C1080&ssl=1&resize=350%2C200","width":350,"height":200,"srcset":"https:\/\/i0.wp.com\/ismaelcolosi.com.br\/wp-content\/uploads\/2024\/11\/ENTREVISTA-AREA-LIMPEZA.png?fit=1080%2C1080&ssl=1&resize=350%2C200 1x, https:\/\/i0.wp.com\/ismaelcolosi.com.br\/wp-content\/uploads\/2024\/11\/ENTREVISTA-AREA-LIMPEZA.png?fit=1080%2C1080&ssl=1&resize=525%2C300 1.5x, https:\/\/i0.wp.com\/ismaelcolosi.com.br\/wp-content\/uploads\/2024\/11\/ENTREVISTA-AREA-LIMPEZA.png?fit=1080%2C1080&ssl=1&resize=700%2C400 2x, https:\/\/i0.wp.com\/ismaelcolosi.com.br\/wp-content\/uploads\/2024\/11\/ENTREVISTA-AREA-LIMPEZA.png?fit=1080%2C1080&ssl=1&resize=1050%2C600 3x"},"classes":[]},{"id":91358,"url":"https:\/\/ismaelcolosi.com.br\/index.php\/2026\/08\/14\/entrevista-hoje-14-08-cozinheira-escolar-presencial-ribeirao-preto-sp-salario-r-1-85000\/","url_meta":{"origin":85912,"position":5},"title":"Entrevista Hoje (14\/08) Cozinheira Escolar \u2013 Presencial \u2013 Ribeir\u00e3o Preto\/SP \u2013 Sal\u00e1rio R$ 1.850,00","author":"Arthur Tijolo","date":"14 de Agosto de 2026","format":false,"excerpt":"\u270d\ufe0f Ismael ColosiHeadhunter | R&S | Mutir\u00e3o do Emprego Especialista em recrutamento e sele\u00e7\u00e3o com mais de 10 anos de experi\u00eancia. Headhunter com atua\u00e7\u00e3o em Ribeir\u00e3o Preto-SP e todo Brasil; fundador e presidente do iBEE - Instituto Brasileiro do Emprego e Empreendedorismo. \ud83d\udd17 LinkedIn \ud83d\udcf8 Instagram \ud83d\udc4d Facebook \ud83c\udf3f Linktree\u2026","rel":"","context":"In &quot;Vagas de Emprego em Ribeir\u00e3o Preto-SP&quot;","block_context":{"text":"Vagas de Emprego em Ribeir\u00e3o Preto-SP","link":"https:\/\/ismaelcolosi.com.br\/index.php\/category\/empregos-classificados-vagas-trabalho\/vagas-de-empregos-em-ribeirao-preto-regiao-brasil\/"},"img":{"alt_text":"","src":"https:\/\/i0.wp.com\/ismaelcolosi.com.br\/wp-content\/uploads\/2026\/04\/20250606_1059_Megafone-Laranja_remix_01jx2rk1areryt71kxfrzvrcwq.png?fit=800%2C1200&ssl=1&resize=350%2C200","width":350,"height":200,"srcset":"https:\/\/i0.wp.com\/ismaelcolosi.com.br\/wp-content\/uploads\/2026\/04\/20250606_1059_Megafone-Laranja_remix_01jx2rk1areryt71kxfrzvrcwq.png?fit=800%2C1200&ssl=1&resize=350%2C200 1x, https:\/\/i0.wp.com\/ismaelcolosi.com.br\/wp-content\/uploads\/2026\/04\/20250606_1059_Megafone-Laranja_remix_01jx2rk1areryt71kxfrzvrcwq.png?fit=800%2C1200&ssl=1&resize=525%2C300 1.5x, https:\/\/i0.wp.com\/ismaelcolosi.com.br\/wp-content\/uploads\/2026\/04\/20250606_1059_Megafone-Laranja_remix_01jx2rk1areryt71kxfrzvrcwq.png?fit=800%2C1200&ssl=1&resize=700%2C400 2x"},"classes":[]}],"jetpack_sharing_enabled":true,"jetpack_shortlink":"https:\/\/wp.me\/pfMlyK-mlG","jetpack_featured_media_url":"https:\/\/i0.wp.com\/ismaelcolosi.com.br\/wp-content\/uploads\/2025\/04\/entrevista-emprego-ribeirao-preto-ismael-colosi.jpg?fit=1920%2C1080&ssl=1","_links":{"self":[{"href":"https:\/\/ismaelcolosi.com.br\/index.php\/wp-json\/wp\/v2\/posts\/85912","targetHints":{"allow":["GET"]}}],"collection":[{"href":"https:\/\/ismaelcolosi.com.br\/index.php\/wp-json\/wp\/v2\/posts"}],"about":[{"href":"https:\/\/ismaelcolosi.com.br\/index.php\/wp-json\/wp\/v2\/types\/post"}],"author":[{"embeddable":true,"href":"https:\/\/ismaelcolosi.com.br\/index.php\/wp-json\/wp\/v2\/users\/1"}],"replies":[{"embeddable":true,"href":"https:\/\/ismaelcolosi.com.br\/index.php\/wp-json\/wp\/v2\/comments?post=85912"}],"version-history":[{"count":3,"href":"https:\/\/ismaelcolosi.com.br\/index.php\/wp-json\/wp\/v2\/posts\/85912\/revisions"}],"predecessor-version":[{"id":85915,"href":"https:\/\/ismaelcolosi.com.br\/index.php\/wp-json\/wp\/v2\/posts\/85912\/revisions\/85915"}],"wp:featuredmedia":[{"embeddable":true,"href":"https:\/\/ismaelcolosi.com.br\/index.php\/wp-json\/wp\/v2\/media\/84268"}],"wp:attachment":[{"href":"https:\/\/ismaelcolosi.com.br\/index.php\/wp-json\/wp\/v2\/media?parent=85912"}],"wp:term":[{"taxonomy":"category","embeddable":true,"href":"https:\/\/ismaelcolosi.com.br\/index.php\/wp-json\/wp\/v2\/categories?post=85912"},{"taxonomy":"post_tag","embeddable":true,"href":"https:\/\/ismaelcolosi.com.br\/index.php\/wp-json\/wp\/v2\/tags?post=85912"}],"curies":[{"name":"wp","href":"https:\/\/api.w.org\/{rel}","templated":true}]}}