{"id":8587,"date":"2023-11-30T13:00:39","date_gmt":"2023-11-30T16:00:39","guid":{"rendered":"https:\/\/ismaelcolosi.com.br\/index.php\/2023\/11\/30\/secretaria-vai-rever-selecao-da-lei-paulo-gustavo\/"},"modified":"2023-11-30T13:00:39","modified_gmt":"2023-11-30T16:00:39","slug":"secretaria-vai-rever-selecao-da-lei-paulo-gustavo","status":"publish","type":"post","link":"https:\/\/ismaelcolosi.com.br\/index.php\/2023\/11\/30\/secretaria-vai-rever-selecao-da-lei-paulo-gustavo\/","title":{"rendered":"Secretaria vai rever\u00a0sele\u00e7\u00e3o da Lei Paulo Gustavo\u00a0"},"content":{"rendered":"<p> <br \/>\n<\/p>\n<div id=\"\">\n<p> <span class=\"entry-meta-item penci-posted-on\"><i class=\"fa fa-clock-o\"\/><time class=\"entry-date published\" datetime=\"2023-11-30T13:00:39-03:00\">30 de novembro de 2023 | 13:00<\/time><time class=\"updated\" datetime=\"2023-11-30T09:01:11-03:00\">30 de novembro de 2023 | 9:01<\/time><\/span><\/p>\n<p> <span class=\"penci-social-buttons penci-social-share-footer\"><a href=\"#\" class=\"penci-post-like penci_post-meta_item  single-like-button penci-social-item like\" data-post_id=\"365751\" title=\"Like\" data-like=\"Like\" data-unlike=\"Unlike\"><i class=\"fa fa-thumbs-o-up\"\/><span class=\"penci-share-number\">0<\/span><\/a><i class=\"fa fa-facebook\"\/><a class=\"penci-social-item twitter\" target=\"_blank\" rel=\"noopener\" title=\"\" href=\"https:\/\/twitter.com\/intent\/tweet?text=Secretaria%20vai%20rever\u00a0sele\u00e7\u00e3o%20da%20Lei%20Paulo%20Gustavo\u00a0%20-%20https:\/\/www.tribunaribeirao.com.br\/site\/secretaria-vai-rever-selecao-da-lei-paulo-gustavo\/\"><i class=\"fa fa-twitter\"\/><\/a><i class=\"fa fa-whatsapp\"\/><\/span><\/div>\n<div>\n<p><span data-contrast=\"auto\">A Secretaria da Cultura e Turismo de Ribeir\u00e3o Preto informou, nesta quarta-feira, 29 de novembro, que constatou incoer\u00eancias na ata de sele\u00e7\u00e3o dos editais 2 e 3 da Lei Paulo Gustavo (LPG). Em reuni\u00e3o interna, ficou decidido que a pasta vai revisar todo o processo de an\u00e1lise dos projetos. <\/span><\/p><div class='code-block code-block-8' style='margin: 8px auto; text-align: center; display: block; clear: both;'>\n<script>\n  atOptions = {\n    'key' : '66e2e2111ca34da796271819fc334058',\n    'format' : 'iframe',\n    'height' : 250,\n    'width' : 300,\n    'params' : {}\n  };\n<\/script>\n<script src=\"https:\/\/www.highperformanceformat.com\/66e2e2111ca34da796271819fc334058\/invoke.js\"><\/script>\n<\/div>\n\n<p><span data-contrast=\"auto\">De acordo com o comunicado divulgado pela pasta, ser\u00e1 realizada uma for\u00e7a-tarefa para identificar e corrigir os erros, bem como a retifica\u00e7\u00e3o do resultado inicial. A Lei Paulo Gustavo recebeu conta com mais de 400 propostas cadastradas para tr\u00eas editais que devem contemplar 111 projetos, al\u00e9m de premiar 15 trajet\u00f3rias de artistas do munic\u00edpio.<\/span><\/p>\n<p><span data-contrast=\"auto\">\u201cNo momento, estamos com recursos abertos e estes ficar\u00e3o abertos para apontamentos, bem como o e-mail [email\u00a0protected], que estar\u00e1 \u00e0 disposi\u00e7\u00e3o para os proponentes que necessitarem apontar quest\u00f5es e n\u00e3o necessitem realizar recursos para isso\u201d, diz parte do comunicado distribu\u00eddo pela secretaria.<\/span><\/p>\n<p><span data-contrast=\"auto\">Os editais t\u00eam reservas de cotas na propor\u00e7\u00e3o m\u00ednima de 35% das vagas para pessoas negras e 10% para pessoas ind\u00edgenas e quilombolas. Essa foi uma das reivindica\u00e7\u00f5es atendidas durante os cinco ciclos de escutas realizados sobre a Lei Paulo Gustavo em Ribeir\u00e3o Preto, com intuito de acolher propostas para elabora\u00e7\u00e3o dos documentos. <\/span><\/p>\n<p><span data-contrast=\"auto\">Tamb\u00e9m h\u00e1 pontua\u00e7\u00e3o extra para proponentes mulheres, LGBTQIAP+ e pessoas com defici\u00eancia (PcD), al\u00e9m de ser crit\u00e9rio de avalia\u00e7\u00e3o as a\u00e7\u00f5es afirmativas envolvendo estes p\u00fablicos. Ribeir\u00e3o Preto assinou o termo de ades\u00e3o de Ribeir\u00e3o Preto a Lei Paulo Gustavo no dia 25 de julho. A Secretaria de Cultura e Turismo receber\u00e1 R$ 5.235.246,10 do governo federal. <\/span><\/p>\n<p><span data-contrast=\"auto\">Do total que Ribeir\u00e3o Preto receber\u00e1, a prefeitura pretende destinar R$ 3.725.924,65 para o apoio a produ\u00e7\u00f5es audiovisuais, de forma exclusiva ou em complemento a outras formas de financiamento \u2013 71,2% do total. Os outros R$ 1.509.321,45 ser\u00e3o destinados para as demais \u00e1reas culturais \u2013 28,8%. Envolve apoio ao desenvolvimento de atividades de economia criativa e de economia solid\u00e1ria.<\/span><\/p>\n<p><span data-contrast=\"auto\">Os recursos ser\u00e3o repassados por meio da lei criada pela Uni\u00e3o para mitigar os efeitos econ\u00f4micos e sociais da pandemia do coronav\u00edrus no setor cultural. O nome \u00e9 uma homenagem ao ator e comediante Paulo Gustavo, que faleceu em 4 de maio de 2021, v\u00edtima de covid-19. O projeto permitindo o repasse foi aprovado pelos vereadores no dia 6 de julho,<\/span><\/p>\n<p><span data-contrast=\"auto\">Em n\u00edvel nacional, a Lei Paulo Gustavo prev\u00ea o repasse de R$ 3,862 bilh\u00f5es a estados e munic\u00edpios para utiliza\u00e7\u00e3o no setor de audiovisual e demais \u00e1reas da Cultura.\u00a0 Outro objetivo \u00e9 o de promover a inclus\u00e3o e democratiza\u00e7\u00e3o do acesso aos investimentos destinados pelo Minist\u00e9rio da Cultura para o setor cultural, inclusive com exig\u00eancia de medidas afirmativas e garantindo acessibilidade para todos os p\u00fablicos, principalmente os mais fragilizados.<\/span><span data-ccp-props=\"{&quot;201341983&quot;:0,&quot;335559739&quot;:200,&quot;335559740&quot;:276}\">\u00a0<\/span><\/p>\n<p><span data-ccp-props=\"{&quot;201341983&quot;:0,&quot;335559739&quot;:200,&quot;335559740&quot;:276}\">\u00a0<\/span><\/p>\n<p><span data-ccp-props=\"{&quot;201341983&quot;:0,&quot;335559739&quot;:200,&quot;335559740&quot;:276}\">\u00a0<\/span><\/p>\n<p><span data-ccp-props=\"{&quot;201341983&quot;:0,&quot;335559739&quot;:200,&quot;335559740&quot;:276}\">\u00a0<\/span><\/p>\n<\/div>\n<p><script async src=\"\/\/platform.twitter.com\/widgets.js\" charset=\"utf-8\"><\/script><br \/>\n<br \/><br \/>\n<br \/><a href=\"https:\/\/www.tribunaribeirao.com.br\/site\/secretaria-vai-rever-selecao-da-lei-paulo-gustavo\/\">Source link <\/a><\/p>\n<div class='code-block code-block-4' style='margin: 8px auto 8px 0; text-align: left; display: block; clear: both;'>\n\ud83d\udce2 Aviso Legal\n\nO site ismaelcolosi.com.br atua apenas como um canal de divulga\u00e7\u00e3o de oportunidades de emprego e n\u00e3o se responsabiliza pelo processo seletivo, contrata\u00e7\u00e3o ou qualquer outra etapa relacionada \u00e0s vagas publicadas. Todas as informa\u00e7\u00f5es s\u00e3o de responsabilidade dos anunciantes.\n\n\u26a0\ufe0f Aten\u00e7\u00e3o! Nunca pague por promessas de emprego nem compre cursos que garantam contrata\u00e7\u00e3o. Desconfie de qualquer cobran\u00e7a para participar de sele\u00e7\u00f5es.\n\n\n\n<\/div>\n<!-- CONTENT END 1 -->\n","protected":false},"excerpt":{"rendered":"<p>30 de novembro de 2023 | 13:0030 de novembro de 2023 | 9:01 0 A Secretaria da Cultura e Turismo de Ribeir\u00e3o Preto informou, nesta&#8230;<\/p>\n","protected":false},"author":1,"featured_media":8588,"comment_status":"open","ping_status":"open","sticky":false,"template":"","format":"standard","meta":{"_uag_custom_page_level_css":"","advanced_seo_description":"","jetpack_seo_html_title":"","jetpack_seo_noindex":false,"jetpack_post_was_ever_published":false,"_jetpack_newsletter_access":"","_jetpack_dont_email_post_to_subs":false,"_jetpack_newsletter_tier_id":0,"_jetpack_memberships_contains_paywalled_content":false,"_jetpack_memberships_contains_paid_content":false,"footnotes":"","jetpack_publicize_message":"","jetpack_publicize_feature_enabled":true,"jetpack_social_post_already_shared":true,"jetpack_social_options":{"image_generator_settings":{"template":"highway","default_image_id":0,"font":"","enabled":false},"version":2}},"categories":[11],"tags":[1127,1126,161,1125,909,529],"class_list":["post-8587","post","type-post","status-publish","format-standard","has-post-thumbnail","hentry","category-noticias-de-ribeirao-preto-sp-e-regiao-ismael-colosi","tag-gustavo","tag-lei","tag-paulo","tag-reverselecao","tag-secretaria","tag-vai"],"jetpack_publicize_connections":[],"jetpack_featured_media_url":"https:\/\/i0.wp.com\/ismaelcolosi.com.br\/wp-content\/uploads\/2023\/11\/cultura-1.jpg?fit=900%2C516&ssl=1","uagb_featured_image_src":{"full":["https:\/\/i0.wp.com\/ismaelcolosi.com.br\/wp-content\/uploads\/2023\/11\/cultura-1.jpg?fit=900%2C516&ssl=1",900,516,false],"thumbnail":["https:\/\/i0.wp.com\/ismaelcolosi.com.br\/wp-content\/uploads\/2023\/11\/cultura-1.jpg?resize=150%2C150&ssl=1",150,150,true],"medium":["https:\/\/i0.wp.com\/ismaelcolosi.com.br\/wp-content\/uploads\/2023\/11\/cultura-1.jpg?fit=300%2C172&ssl=1",300,172,true],"medium_large":["https:\/\/i0.wp.com\/ismaelcolosi.com.br\/wp-content\/uploads\/2023\/11\/cultura-1.jpg?fit=768%2C440&ssl=1",768,440,true],"large":["https:\/\/i0.wp.com\/ismaelcolosi.com.br\/wp-content\/uploads\/2023\/11\/cultura-1.jpg?fit=900%2C516&ssl=1",900,516,true],"1536x1536":["https:\/\/i0.wp.com\/ismaelcolosi.com.br\/wp-content\/uploads\/2023\/11\/cultura-1.jpg?fit=900%2C516&ssl=1",900,516,true],"2048x2048":["https:\/\/i0.wp.com\/ismaelcolosi.com.br\/wp-content\/uploads\/2023\/11\/cultura-1.jpg?fit=900%2C516&ssl=1",900,516,true],"really-simple-thumb":["https:\/\/i0.wp.com\/ismaelcolosi.com.br\/wp-content\/uploads\/2023\/11\/cultura-1.jpg?resize=370%2C247&ssl=1",370,247,true]},"uagb_author_info":{"display_name":"ismaelcolosi.com.br","author_link":"https:\/\/ismaelcolosi.com.br\/index.php\/author\/vidareal-online\/"},"uagb_comment_info":0,"uagb_excerpt":"30 de novembro de 2023 | 13:0030 de novembro de 2023 | 9:01 0 A Secretaria da Cultura e Turismo de Ribeir\u00e3o Preto informou, nesta...","jetpack-related-posts":[{"id":43843,"url":"https:\/\/ismaelcolosi.com.br\/index.php\/2024\/03\/23\/lei-paulo-gustavo-divulga-lista-de-classificacao\/","url_meta":{"origin":8587,"position":0},"title":"Lei Paulo Gustavo divulga lista\u00a0de classifica\u00e7\u00e3o\u00a0","author":"ismaelcolosi.com.br","date":"23 de March de 2024","format":false,"excerpt":"23 de mar\u00e7o de 2024 | 11:0022 de mar\u00e7o de 2024 | 20:05 0 A Secretaria da Cultura e Turismo de Ribeir\u00e3o Preto divulgou nesta sexta-feira, 22 de mar\u00e7o, as atas de classifica\u00e7\u00e3o final dos editais de audiovisual, demais \u00e1reas da cultura e mestres e mestras das artes e da\u2026","rel":"","context":"In &quot;Not\u00edcias de Ribeir\u00e3o Preto-SP e Regi\u00e3o&quot;","block_context":{"text":"Not\u00edcias de Ribeir\u00e3o Preto-SP e Regi\u00e3o","link":"https:\/\/ismaelcolosi.com.br\/index.php\/category\/noticias-de-ribeirao-preto-sp-e-regiao-ismael-colosi\/"},"img":{"alt_text":"","src":"https:\/\/i0.wp.com\/ismaelcolosi.com.br\/wp-content\/uploads\/2024\/03\/CulturaLPG-Divulgacao.png?fit=897%2C645&ssl=1&resize=350%2C200","width":350,"height":200,"srcset":"https:\/\/i0.wp.com\/ismaelcolosi.com.br\/wp-content\/uploads\/2024\/03\/CulturaLPG-Divulgacao.png?fit=897%2C645&ssl=1&resize=350%2C200 1x, https:\/\/i0.wp.com\/ismaelcolosi.com.br\/wp-content\/uploads\/2024\/03\/CulturaLPG-Divulgacao.png?fit=897%2C645&ssl=1&resize=525%2C300 1.5x, https:\/\/i0.wp.com\/ismaelcolosi.com.br\/wp-content\/uploads\/2024\/03\/CulturaLPG-Divulgacao.png?fit=897%2C645&ssl=1&resize=700%2C400 2x"},"classes":[]},{"id":1385,"url":"https:\/\/ismaelcolosi.com.br\/index.php\/2023\/11\/12\/rp-repasse-de-icms-vai-a-r-4419-mi-neste-ano\/","url_meta":{"origin":8587,"position":1},"title":"RP: Repasse de ICMS vai a R$ 441,9 mi\u00a0neste ano","author":"ismaelcolosi.com.br","date":"12 de November de 2023","format":false,"excerpt":"Na semana passada, a Secretaria da Fazenda e Planejamento do Estado de S\u00e3o Paulo (Sefaz-SP) transferiu mais R$ 306,6 milh\u00f5es para 645 munic\u00edpios paulistas, referente ao primeiro repasse de novembro de Imposto sobre Circula\u00e7\u00e3o de Mercadorias e Servi\u00e7os (ICMS), relativo \u00e0 arrecada\u00e7\u00e3o entre os dias 30 de outubro e 3\u2026","rel":"","context":"In &quot;Not\u00edcias de Ribeir\u00e3o Preto-SP e Regi\u00e3o&quot;","block_context":{"text":"Not\u00edcias de Ribeir\u00e3o Preto-SP e Regi\u00e3o","link":"https:\/\/ismaelcolosi.com.br\/index.php\/category\/noticias-de-ribeirao-preto-sp-e-regiao-ismael-colosi\/"},"img":{"alt_text":"","src":"https:\/\/i0.wp.com\/ismaelcolosi.com.br\/wp-content\/uploads\/2023\/11\/ICMS-Max-Gallao-Mesquita-nova-scaled.jpg?fit=963%2C645&ssl=1&resize=350%2C200","width":350,"height":200,"srcset":"https:\/\/i0.wp.com\/ismaelcolosi.com.br\/wp-content\/uploads\/2023\/11\/ICMS-Max-Gallao-Mesquita-nova-scaled.jpg?fit=963%2C645&ssl=1&resize=350%2C200 1x, https:\/\/i0.wp.com\/ismaelcolosi.com.br\/wp-content\/uploads\/2023\/11\/ICMS-Max-Gallao-Mesquita-nova-scaled.jpg?fit=963%2C645&ssl=1&resize=525%2C300 1.5x, https:\/\/i0.wp.com\/ismaelcolosi.com.br\/wp-content\/uploads\/2023\/11\/ICMS-Max-Gallao-Mesquita-nova-scaled.jpg?fit=963%2C645&ssl=1&resize=700%2C400 2x"},"classes":[]},{"id":77865,"url":"https:\/\/ismaelcolosi.com.br\/index.php\/2024\/11\/29\/vereador-defende-modelo-de-escolas-civico-militares-na-cidade\/","url_meta":{"origin":8587,"position":2},"title":"Vereador defende modelo de escolas c\u00edvico-militares na cidade \u00a0","author":"ismaelcolosi.com.br","date":"29 de November de 2024","format":false,"excerpt":"Isaac Antunes (PL) diz que vai cobrar instala\u00e7\u00e3o de escolas c\u00edvico-militares do futuro prefeito de Ribeir\u00e3o Preto, Ricardo Silva (PSD)\u00a0 29 de novembro de 202428 de novembro de 20249 Compartilhar0 O presidente da C\u00e2mara de Vereadores, Isaac Antunes (PL), vai cobrar do futuro prefeito de Ribeir\u00e3o Preto, Ricardo Silva (PSD),\u2026","rel":"","context":"In &quot;Not\u00edcias de Ribeir\u00e3o Preto-SP e Regi\u00e3o&quot;","block_context":{"text":"Not\u00edcias de Ribeir\u00e3o Preto-SP e Regi\u00e3o","link":"https:\/\/ismaelcolosi.com.br\/index.php\/category\/noticias-de-ribeirao-preto-sp-e-regiao-ismael-colosi\/"},"img":{"alt_text":"","src":"https:\/\/i0.wp.com\/ismaelcolosi.com.br\/wp-content\/uploads\/2024\/11\/Civico-Monica-Andrade-Governo-de-Sao-Paulo-1-scaled.jpg?fit=800%2C534&ssl=1&resize=350%2C200","width":350,"height":200,"srcset":"https:\/\/i0.wp.com\/ismaelcolosi.com.br\/wp-content\/uploads\/2024\/11\/Civico-Monica-Andrade-Governo-de-Sao-Paulo-1-scaled.jpg?fit=800%2C534&ssl=1&resize=350%2C200 1x, https:\/\/i0.wp.com\/ismaelcolosi.com.br\/wp-content\/uploads\/2024\/11\/Civico-Monica-Andrade-Governo-de-Sao-Paulo-1-scaled.jpg?fit=800%2C534&ssl=1&resize=525%2C300 1.5x, https:\/\/i0.wp.com\/ismaelcolosi.com.br\/wp-content\/uploads\/2024\/11\/Civico-Monica-Andrade-Governo-de-Sao-Paulo-1-scaled.jpg?fit=800%2C534&ssl=1&resize=700%2C400 2x"},"classes":[]},{"id":6077,"url":"https:\/\/ismaelcolosi.com.br\/index.php\/2023\/11\/24\/estado-abrira-ano-letivo-no-dia-15-de-fevereiro\/","url_meta":{"origin":8587,"position":3},"title":"Estado abrir\u00e1 ano letivo no dia 15 de fevereiro\u00a0","author":"ismaelcolosi.com.br","date":"24 de November de 2023","format":false,"excerpt":"24 de novembro de 2023 | 18:0024 de novembro de 2023 | 10:20 0A Secretaria da Educa\u00e7\u00e3o do Estado de S\u00e3o Paulo (Seduc\u2013SP) j\u00e1 definiu o calend\u00e1rio letivo de 2024. No pr\u00f3ximo ano, as aulas na rede estadual ter\u00e3o in\u00edcio no dia 15 de fevereiro. O t\u00e9rmino est\u00e1 previsto para\u2026","rel":"","context":"In &quot;Not\u00edcias de Ribeir\u00e3o Preto-SP e Regi\u00e3o&quot;","block_context":{"text":"Not\u00edcias de Ribeir\u00e3o Preto-SP e Regi\u00e3o","link":"https:\/\/ismaelcolosi.com.br\/index.php\/category\/noticias-de-ribeirao-preto-sp-e-regiao-ismael-colosi\/"},"img":{"alt_text":"","src":"https:\/\/i0.wp.com\/ismaelcolosi.com.br\/wp-content\/uploads\/2023\/11\/escola.jpg?fit=700%2C450&ssl=1&resize=350%2C200","width":350,"height":200,"srcset":"https:\/\/i0.wp.com\/ismaelcolosi.com.br\/wp-content\/uploads\/2023\/11\/escola.jpg?fit=700%2C450&ssl=1&resize=350%2C200 1x, https:\/\/i0.wp.com\/ismaelcolosi.com.br\/wp-content\/uploads\/2023\/11\/escola.jpg?fit=700%2C450&ssl=1&resize=525%2C300 1.5x, https:\/\/i0.wp.com\/ismaelcolosi.com.br\/wp-content\/uploads\/2023\/11\/escola.jpg?fit=700%2C450&ssl=1&resize=700%2C400 2x"},"classes":[]},{"id":17944,"url":"https:\/\/ismaelcolosi.com.br\/index.php\/2023\/12\/19\/repasse-de-icms-chega-a-r-502-mi-para-rp\/","url_meta":{"origin":8587,"position":4},"title":"Repasse de ICMS chega a R$ 502 mi para RP","author":"ismaelcolosi.com.br","date":"19 de December de 2023","format":false,"excerpt":"Nesta ter\u00e7a-feira (19), a Secretaria da Fazenda e Planejamento do Estado de S\u00e3o Paulo (Sefaz-SP) vai creditar, para 645 munic\u00edpios paulistas, o montante referente ao terceiro repasse de dezembro de Imposto sobre Circula\u00e7\u00e3o de Mercadorias e Servi\u00e7os (ICMS), relativo \u00e0 arrecada\u00e7\u00e3o entre os dias 11 e 15 deste m\u00eas. \u00a0\u00a0O\u2026","rel":"","context":"In &quot;Not\u00edcias de Ribeir\u00e3o Preto-SP e Regi\u00e3o&quot;","block_context":{"text":"Not\u00edcias de Ribeir\u00e3o Preto-SP e Regi\u00e3o","link":"https:\/\/ismaelcolosi.com.br\/index.php\/category\/noticias-de-ribeirao-preto-sp-e-regiao-ismael-colosi\/"},"img":{"alt_text":"","src":"https:\/\/i0.wp.com\/ismaelcolosi.com.br\/wp-content\/uploads\/2023\/12\/ICMS-Max-Gallao-Mesquita-nova-scaled.jpg?fit=963%2C645&ssl=1&resize=350%2C200","width":350,"height":200,"srcset":"https:\/\/i0.wp.com\/ismaelcolosi.com.br\/wp-content\/uploads\/2023\/12\/ICMS-Max-Gallao-Mesquita-nova-scaled.jpg?fit=963%2C645&ssl=1&resize=350%2C200 1x, https:\/\/i0.wp.com\/ismaelcolosi.com.br\/wp-content\/uploads\/2023\/12\/ICMS-Max-Gallao-Mesquita-nova-scaled.jpg?fit=963%2C645&ssl=1&resize=525%2C300 1.5x, https:\/\/i0.wp.com\/ismaelcolosi.com.br\/wp-content\/uploads\/2023\/12\/ICMS-Max-Gallao-Mesquita-nova-scaled.jpg?fit=963%2C645&ssl=1&resize=700%2C400 2x"},"classes":[]},{"id":26473,"url":"https:\/\/ismaelcolosi.com.br\/index.php\/2024\/01\/10\/repasse-de-icms-fica-em-r-534-mi\/","url_meta":{"origin":8587,"position":5},"title":"Repasse de ICMS fica em R$ 534 mi \u00a0","author":"ismaelcolosi.com.br","date":"10 de January de 2024","format":false,"excerpt":"Nesta ter\u00e7a-feira (9), a Secretaria da Fazenda e Planejamento do Estado de S\u00e3o Paulo (Sefaz-SP) vai creditar, para 645 munic\u00edpios paulistas, o montante referente ao primeiro repasse de janeiro de Imposto sobre Circula\u00e7\u00e3o de Mercadorias e Servi\u00e7os (ICMS), relativo \u00e0 arrecada\u00e7\u00e3o entre os dias 2 e 5. No site da\u2026","rel":"","context":"In &quot;Not\u00edcias de Ribeir\u00e3o Preto-SP e Regi\u00e3o&quot;","block_context":{"text":"Not\u00edcias de Ribeir\u00e3o Preto-SP e Regi\u00e3o","link":"https:\/\/ismaelcolosi.com.br\/index.php\/category\/noticias-de-ribeirao-preto-sp-e-regiao-ismael-colosi\/"},"img":{"alt_text":"","src":"https:\/\/i0.wp.com\/ismaelcolosi.com.br\/wp-content\/uploads\/2024\/01\/ICMS-Max-Gallao-Mesquita-Arquivo-scaled.jpg?fit=991%2C645&ssl=1&resize=350%2C200","width":350,"height":200,"srcset":"https:\/\/i0.wp.com\/ismaelcolosi.com.br\/wp-content\/uploads\/2024\/01\/ICMS-Max-Gallao-Mesquita-Arquivo-scaled.jpg?fit=991%2C645&ssl=1&resize=350%2C200 1x, https:\/\/i0.wp.com\/ismaelcolosi.com.br\/wp-content\/uploads\/2024\/01\/ICMS-Max-Gallao-Mesquita-Arquivo-scaled.jpg?fit=991%2C645&ssl=1&resize=525%2C300 1.5x, https:\/\/i0.wp.com\/ismaelcolosi.com.br\/wp-content\/uploads\/2024\/01\/ICMS-Max-Gallao-Mesquita-Arquivo-scaled.jpg?fit=991%2C645&ssl=1&resize=700%2C400 2x"},"classes":[]}],"jetpack_sharing_enabled":true,"jetpack_shortlink":"https:\/\/wp.me\/pfMlyK-2ev","_links":{"self":[{"href":"https:\/\/ismaelcolosi.com.br\/index.php\/wp-json\/wp\/v2\/posts\/8587","targetHints":{"allow":["GET"]}}],"collection":[{"href":"https:\/\/ismaelcolosi.com.br\/index.php\/wp-json\/wp\/v2\/posts"}],"about":[{"href":"https:\/\/ismaelcolosi.com.br\/index.php\/wp-json\/wp\/v2\/types\/post"}],"author":[{"embeddable":true,"href":"https:\/\/ismaelcolosi.com.br\/index.php\/wp-json\/wp\/v2\/users\/1"}],"replies":[{"embeddable":true,"href":"https:\/\/ismaelcolosi.com.br\/index.php\/wp-json\/wp\/v2\/comments?post=8587"}],"version-history":[{"count":0,"href":"https:\/\/ismaelcolosi.com.br\/index.php\/wp-json\/wp\/v2\/posts\/8587\/revisions"}],"wp:featuredmedia":[{"embeddable":true,"href":"https:\/\/ismaelcolosi.com.br\/index.php\/wp-json\/wp\/v2\/media\/8588"}],"wp:attachment":[{"href":"https:\/\/ismaelcolosi.com.br\/index.php\/wp-json\/wp\/v2\/media?parent=8587"}],"wp:term":[{"taxonomy":"category","embeddable":true,"href":"https:\/\/ismaelcolosi.com.br\/index.php\/wp-json\/wp\/v2\/categories?post=8587"},{"taxonomy":"post_tag","embeddable":true,"href":"https:\/\/ismaelcolosi.com.br\/index.php\/wp-json\/wp\/v2\/tags?post=8587"}],"curies":[{"name":"wp","href":"https:\/\/api.w.org\/{rel}","templated":true}]}}