{"id":8583,"date":"2023-11-30T12:56:54","date_gmt":"2023-11-30T15:56:54","guid":{"rendered":"https:\/\/ismaelcolosi.com.br\/index.php\/2023\/11\/30\/quem-e-o-pedreiro-que-tirou-a-vida-da-mae-e-de-suas-3-filhas-no-mt\/"},"modified":"2023-11-30T12:56:54","modified_gmt":"2023-11-30T15:56:54","slug":"quem-e-o-pedreiro-que-tirou-a-vida-da-mae-e-de-suas-3-filhas-no-mt","status":"publish","type":"post","link":"https:\/\/ismaelcolosi.com.br\/index.php\/2023\/11\/30\/quem-e-o-pedreiro-que-tirou-a-vida-da-mae-e-de-suas-3-filhas-no-mt\/","title":{"rendered":"quem \u00e9 o pedreiro que tirou a vida da m\u00e3e e de suas 3 filhas no MT"},"content":{"rendered":"<p> <br \/>\n<\/p>\n<div itemprop=\"text\">\n<p>Na regi\u00e3o de Sorriso, no norte do Mato Grosso, o suspeito Gilberto Rodrigues dos Anjos, de 32 anos, confessou que tirou a vida de uma m\u00e3e e de suas tr\u00eas filhas. O crime chocou a popula\u00e7\u00e3o e o homem j\u00e1 tinha dois madados de pris\u00e3o em aberto por outros crimes.<\/p>\n<p>Gilberto era acusado de ter cometido crimes sexuais e de latroc\u00ednio. E de acordo com informa\u00e7\u00f5es fornecidas pela Pol\u00edcia Civil, ele era pedreiro, trabalhava e dormia ao lado da casa das v\u00edt\u00edmas.<\/p><div class='code-block code-block-8' style='margin: 8px auto; text-align: center; display: block; clear: both;'>\n<script>\n  atOptions = {\n    'key' : '66e2e2111ca34da796271819fc334058',\n    'format' : 'iframe',\n    'height' : 250,\n    'width' : 300,\n    'params' : {}\n  };\n<\/script>\n<script src=\"https:\/\/www.highperformanceformat.com\/66e2e2111ca34da796271819fc334058\/invoke.js\"><\/script>\n<\/div>\n\n<p>Cleci Calvi Cardoso, a m\u00e3e, tinha 46 anos de idade. Ela era empres\u00e1ria. Sua filha, Miliane Calvi Cardoso, era universit\u00e1ria e tinha 19 anos. As irm\u00e3s ca\u00e7ulas, Manuela Calvi Cardoso, de 13 anos, e Melissa Calvi Cardoso, de 10 anos, mantinham um canal no Youtube.<\/p>\n<p>O homem teria entrado na casa das v\u00edtimas atrav\u00e9s de uma janela do banheiro. Gilberto era o \u00fanico homem que dormia no mesmo local em que as obras estavam sendo realizadas.<\/p>\n<p>E ao ser questionado sobre o crime, ele ficou nervoso e como documento de identifica\u00e7\u00e3o, apenas mostrou uma c\u00f3pia de sua identidade. E quando a Pol\u00edcia passou a investigar, descobriu que o homem era procurado por outros crimes.<\/p>\n<p>Gilberto teria dito que utilizou drogas antes de cometer o terr\u00edvel crime. Ele guardou as roupas \u00edntimas das v\u00edtimas em uma esp\u00e9cie de \u2018santu\u00e1rio\u2019.<\/p>\n<p>Agora, o homem est\u00e1 preso ap\u00f3s ter confessado a autoria do assassinato da m\u00e3e e de suas tr\u00eas filhas. O caso gerou uma grande repercuss\u00e3o.<\/p>\n<\/div>\n<p><br \/>\n<br \/><a href=\"https:\/\/fnmais.com\/roubo-homicidio-outros-crimes-quem-pedreiro-que-tirou-vida-mae-suas-3-filhas-no-mt\/\">Source link <\/a><\/p>\n<div class='code-block code-block-4' style='margin: 8px auto 8px 0; text-align: left; display: block; clear: both;'>\n\ud83d\udce2 Aviso Legal\n\nO site ismaelcolosi.com.br atua apenas como um canal de divulga\u00e7\u00e3o de oportunidades de emprego e n\u00e3o se responsabiliza pelo processo seletivo, contrata\u00e7\u00e3o ou qualquer outra etapa relacionada \u00e0s vagas publicadas. Todas as informa\u00e7\u00f5es s\u00e3o de responsabilidade dos anunciantes.\n\n\u26a0\ufe0f Aten\u00e7\u00e3o! Nunca pague por promessas de emprego nem compre cursos que garantam contrata\u00e7\u00e3o. Desconfie de qualquer cobran\u00e7a para participar de sele\u00e7\u00f5es.\n\n\n\n<\/div>\n<!-- CONTENT END 1 -->\n","protected":false},"excerpt":{"rendered":"<p>Na regi\u00e3o de Sorriso, no norte do Mato Grosso, o suspeito Gilberto Rodrigues dos Anjos, de 32 anos, confessou que tirou a vida de uma&#8230;<\/p>\n","protected":false},"author":1,"featured_media":8584,"comment_status":"open","ping_status":"open","sticky":false,"template":"","format":"standard","meta":{"_uag_custom_page_level_css":"","advanced_seo_description":"","jetpack_seo_html_title":"","jetpack_seo_noindex":false,"jetpack_post_was_ever_published":false,"_jetpack_newsletter_access":"","_jetpack_dont_email_post_to_subs":false,"_jetpack_newsletter_tier_id":0,"_jetpack_memberships_contains_paywalled_content":false,"_jetpack_memberships_contains_paid_content":false,"footnotes":"","jetpack_publicize_message":"","jetpack_publicize_feature_enabled":true,"jetpack_social_post_already_shared":true,"jetpack_social_options":{"image_generator_settings":{"template":"highway","default_image_id":0,"font":"","enabled":false},"version":2}},"categories":[1],"tags":[],"class_list":["post-8583","post","type-post","status-publish","format-standard","has-post-thumbnail","hentry","category-blog"],"jetpack_publicize_connections":[],"jetpack_featured_media_url":"https:\/\/i0.wp.com\/ismaelcolosi.com.br\/wp-content\/uploads\/2023\/11\/postimg-6568a2a2e76331194.jpg?fit=1200%2C628&ssl=1","uagb_featured_image_src":{"full":["https:\/\/i0.wp.com\/ismaelcolosi.com.br\/wp-content\/uploads\/2023\/11\/postimg-6568a2a2e76331194.jpg?fit=1200%2C628&ssl=1",1200,628,false],"thumbnail":["https:\/\/i0.wp.com\/ismaelcolosi.com.br\/wp-content\/uploads\/2023\/11\/postimg-6568a2a2e76331194.jpg?resize=150%2C150&ssl=1",150,150,true],"medium":["https:\/\/i0.wp.com\/ismaelcolosi.com.br\/wp-content\/uploads\/2023\/11\/postimg-6568a2a2e76331194.jpg?fit=300%2C157&ssl=1",300,157,true],"medium_large":["https:\/\/i0.wp.com\/ismaelcolosi.com.br\/wp-content\/uploads\/2023\/11\/postimg-6568a2a2e76331194.jpg?fit=768%2C402&ssl=1",768,402,true],"large":["https:\/\/i0.wp.com\/ismaelcolosi.com.br\/wp-content\/uploads\/2023\/11\/postimg-6568a2a2e76331194.jpg?fit=1024%2C536&ssl=1",1024,536,true],"1536x1536":["https:\/\/i0.wp.com\/ismaelcolosi.com.br\/wp-content\/uploads\/2023\/11\/postimg-6568a2a2e76331194.jpg?fit=1200%2C628&ssl=1",1200,628,true],"2048x2048":["https:\/\/i0.wp.com\/ismaelcolosi.com.br\/wp-content\/uploads\/2023\/11\/postimg-6568a2a2e76331194.jpg?fit=1200%2C628&ssl=1",1200,628,true],"really-simple-thumb":["https:\/\/i0.wp.com\/ismaelcolosi.com.br\/wp-content\/uploads\/2023\/11\/postimg-6568a2a2e76331194.jpg?resize=370%2C247&ssl=1",370,247,true]},"uagb_author_info":{"display_name":"ismaelcolosi.com.br","author_link":"https:\/\/ismaelcolosi.com.br\/index.php\/author\/vidareal-online\/"},"uagb_comment_info":0,"uagb_excerpt":"Na regi\u00e3o de Sorriso, no norte do Mato Grosso, o suspeito Gilberto Rodrigues dos Anjos, de 32 anos, confessou que tirou a vida de uma...","jetpack-related-posts":[{"id":7647,"url":"https:\/\/ismaelcolosi.com.br\/index.php\/2023\/11\/28\/apos-perder-contato-com-a-familia-pai-pede-ajuda-para-amigo-no-mt-mae-e-3-filhas-foram-vitimas-de-chacina\/","url_meta":{"origin":8583,"position":0},"title":"ap\u00f3s perder contato com a fam\u00edlia, pai pede ajuda para amigo no MT; m\u00e3e e 3 filhas foram v\u00edtimas de chacina","author":"ismaelcolosi.com.br","date":"28 de November de 2023","format":false,"excerpt":"Neste \u00faltimo domingo, dia 26 de novembro, o pai das tr\u00eas meninas mortas, com a m\u00e3e, dentro da casa em Sorriso, no Mato Grosso. Ap\u00f3s notar que n\u00e3o conseguia mais ter contato com sua fam\u00edlia, o homem mandou um \u00e1udio para um amigo, pedindo por ajuda.O homem trabalha como caminhoneiro\u2026","rel":"","context":"In &quot;Blog&quot;","block_context":{"text":"Blog","link":"https:\/\/ismaelcolosi.com.br\/index.php\/category\/blog\/"},"img":{"alt_text":"","src":"https:\/\/i0.wp.com\/ismaelcolosi.com.br\/wp-content\/uploads\/2023\/11\/postimg-6566291634dca1216.jpg?fit=1200%2C628&ssl=1&resize=350%2C200","width":350,"height":200,"srcset":"https:\/\/i0.wp.com\/ismaelcolosi.com.br\/wp-content\/uploads\/2023\/11\/postimg-6566291634dca1216.jpg?fit=1200%2C628&ssl=1&resize=350%2C200 1x, https:\/\/i0.wp.com\/ismaelcolosi.com.br\/wp-content\/uploads\/2023\/11\/postimg-6566291634dca1216.jpg?fit=1200%2C628&ssl=1&resize=525%2C300 1.5x, https:\/\/i0.wp.com\/ismaelcolosi.com.br\/wp-content\/uploads\/2023\/11\/postimg-6566291634dca1216.jpg?fit=1200%2C628&ssl=1&resize=700%2C400 2x, https:\/\/i0.wp.com\/ismaelcolosi.com.br\/wp-content\/uploads\/2023\/11\/postimg-6566291634dca1216.jpg?fit=1200%2C628&ssl=1&resize=1050%2C600 3x"},"classes":[]},{"id":8532,"url":"https:\/\/ismaelcolosi.com.br\/index.php\/2023\/11\/30\/suspeito-de-ceifar-a-vida-e-abusar-da-mae-e-tres-filhas-no-mt-atacou-e-tirou-a-vida-jornalista-justica-expoe-detalhes-sombrios\/","url_meta":{"origin":8583,"position":1},"title":"Suspeito de ceifar a vida e abusar da m\u00e3e e tr\u00eas filhas no MT, atacou e tirou a vida jornalista, Justi\u00e7a exp\u00f5e detalhes sombrios","author":"ismaelcolosi.com.br","date":"30 de November de 2023","format":false,"excerpt":"O passado macabro do suspeito que cometeu um triplo homic\u00eddio al\u00e9m de abusar de duas de suas v\u00edtimas come\u00e7a a vir \u00e0 tona. O trabalhador da constru\u00e7\u00e3o civil, detido sob suspeita de envolvimento em um massacre que resultou na morte de uma m\u00e3e e suas tr\u00eas filhas na cidade de\u2026","rel":"","context":"In &quot;Blog&quot;","block_context":{"text":"Blog","link":"https:\/\/ismaelcolosi.com.br\/index.php\/category\/blog\/"},"img":{"alt_text":"","src":"https:\/\/i0.wp.com\/ismaelcolosi.com.br\/wp-content\/uploads\/2023\/11\/postimg-65688e99b74283559.jpg?fit=1200%2C628&ssl=1&resize=350%2C200","width":350,"height":200,"srcset":"https:\/\/i0.wp.com\/ismaelcolosi.com.br\/wp-content\/uploads\/2023\/11\/postimg-65688e99b74283559.jpg?fit=1200%2C628&ssl=1&resize=350%2C200 1x, https:\/\/i0.wp.com\/ismaelcolosi.com.br\/wp-content\/uploads\/2023\/11\/postimg-65688e99b74283559.jpg?fit=1200%2C628&ssl=1&resize=525%2C300 1.5x, https:\/\/i0.wp.com\/ismaelcolosi.com.br\/wp-content\/uploads\/2023\/11\/postimg-65688e99b74283559.jpg?fit=1200%2C628&ssl=1&resize=700%2C400 2x, https:\/\/i0.wp.com\/ismaelcolosi.com.br\/wp-content\/uploads\/2023\/11\/postimg-65688e99b74283559.jpg?fit=1200%2C628&ssl=1&resize=1050%2C600 3x"},"classes":[]},{"id":15518,"url":"https:\/\/ismaelcolosi.com.br\/index.php\/2023\/12\/13\/quem-sao-as-jovens-estudantes-e-trabalhadoras-que-perderam-suas-vidas-em-grave-acidente-envolvendo-van-escolar-no-interior-de-sp\/","url_meta":{"origin":8583,"position":2},"title":"Quem s\u00e3o as jovens estudantes e trabalhadoras que perderam suas vidas em grave acidente envolvendo van escolar no interior de SP","author":"ismaelcolosi.com.br","date":"13 de December de 2023","format":false,"excerpt":"As duas v\u00edtimas fatais de um acidente envolvendo uma van escolar foram identificadas pelos nomes de Ta\u00edsa Fernanda Teixeira Lauer Ribeiro, de 27 anos, e Yasmin Padilha de Lima, de 17 anos.Elas faleceram enquanto ainda estavam no local, devido a gravidade dos ferimentos que sofreram. O caso aconteceu nesta \u00faltima\u2026","rel":"","context":"In &quot;Blog&quot;","block_context":{"text":"Blog","link":"https:\/\/ismaelcolosi.com.br\/index.php\/category\/blog\/"},"img":{"alt_text":"","src":"https:\/\/i0.wp.com\/ismaelcolosi.com.br\/wp-content\/uploads\/2023\/12\/postimg-657a2e03acf044594.jpg?fit=1200%2C628&ssl=1&resize=350%2C200","width":350,"height":200,"srcset":"https:\/\/i0.wp.com\/ismaelcolosi.com.br\/wp-content\/uploads\/2023\/12\/postimg-657a2e03acf044594.jpg?fit=1200%2C628&ssl=1&resize=350%2C200 1x, https:\/\/i0.wp.com\/ismaelcolosi.com.br\/wp-content\/uploads\/2023\/12\/postimg-657a2e03acf044594.jpg?fit=1200%2C628&ssl=1&resize=525%2C300 1.5x, https:\/\/i0.wp.com\/ismaelcolosi.com.br\/wp-content\/uploads\/2023\/12\/postimg-657a2e03acf044594.jpg?fit=1200%2C628&ssl=1&resize=700%2C400 2x, https:\/\/i0.wp.com\/ismaelcolosi.com.br\/wp-content\/uploads\/2023\/12\/postimg-657a2e03acf044594.jpg?fit=1200%2C628&ssl=1&resize=1050%2C600 3x"},"classes":[]},{"id":7177,"url":"https:\/\/ismaelcolosi.com.br\/index.php\/2023\/11\/27\/policia-prende-suspeito-pela-morte-de-mae-e-tres-filhas-militar-falou-sobre-cena-de-terror-encontrada-no-local-do-crime\/","url_meta":{"origin":8583,"position":3},"title":"Pol\u00edcia prende suspeito pela morte de m\u00e3e e tr\u00eas filhas; militar falou sobre cena de terror encontrada no local do crime","author":"ismaelcolosi.com.br","date":"27 de November de 2023","format":false,"excerpt":"A pol\u00edcia do Mato Grosso investiga a morte de quatro membros de uma mesma fam\u00edlia. Segundo as informa\u00e7\u00f5es, as v\u00edtimas s\u00e3o uma m\u00e3e e tr\u00eas filhas, duas sendo menores de idade.O crime aconteceu em Sorriso (a 420 km de Cuiab\u00e1) e um homem foi preso, suspeito de envolvimento nos homic\u00eddios.A\u2026","rel":"","context":"In &quot;Blog&quot;","block_context":{"text":"Blog","link":"https:\/\/ismaelcolosi.com.br\/index.php\/category\/blog\/"},"img":{"alt_text":"","src":"https:\/\/i0.wp.com\/ismaelcolosi.com.br\/wp-content\/uploads\/2023\/11\/postimg-6564fc97817b22039.jpg?fit=1200%2C628&ssl=1&resize=350%2C200","width":350,"height":200,"srcset":"https:\/\/i0.wp.com\/ismaelcolosi.com.br\/wp-content\/uploads\/2023\/11\/postimg-6564fc97817b22039.jpg?fit=1200%2C628&ssl=1&resize=350%2C200 1x, https:\/\/i0.wp.com\/ismaelcolosi.com.br\/wp-content\/uploads\/2023\/11\/postimg-6564fc97817b22039.jpg?fit=1200%2C628&ssl=1&resize=525%2C300 1.5x, https:\/\/i0.wp.com\/ismaelcolosi.com.br\/wp-content\/uploads\/2023\/11\/postimg-6564fc97817b22039.jpg?fit=1200%2C628&ssl=1&resize=700%2C400 2x, https:\/\/i0.wp.com\/ismaelcolosi.com.br\/wp-content\/uploads\/2023\/11\/postimg-6564fc97817b22039.jpg?fit=1200%2C628&ssl=1&resize=1050%2C600 3x"},"classes":[]},{"id":10054,"url":"https:\/\/ismaelcolosi.com.br\/index.php\/2023\/12\/03\/idosa-tem-galo-de-estimacao-furtado-na-regiao-de-ribeirao-preto\/","url_meta":{"origin":8583,"position":4},"title":"Idosa tem galo de estima\u00e7\u00e3o furtado na regi\u00e3o de Ribeir\u00e3o Preto","author":"ismaelcolosi.com.br","date":"3 de December de 2023","format":false,"excerpt":"Uma idosa de 86 anos teve o galo de estima\u00e7\u00e3o furtado em Jaboticabal, na regi\u00e3o de Ribeir\u00e3o Preto. De acordo com a fam\u00edlia de Carmelinda Nunes Cardoso, a dona Bela, o galo Chic\u00f3 era cuidado pela idosa desde quando ele era filhote. \u201cMinha m\u00e3e passou mal\u201d, conta Isamara Cardoso, filha\u2026","rel":"","context":"In &quot;Not\u00edcias de Ribeir\u00e3o Preto-SP e Regi\u00e3o&quot;","block_context":{"text":"Not\u00edcias de Ribeir\u00e3o Preto-SP e Regi\u00e3o","link":"https:\/\/ismaelcolosi.com.br\/index.php\/category\/noticias-de-ribeirao-preto-sp-e-regiao-ismael-colosi\/"},"img":{"alt_text":"","src":"https:\/\/i0.wp.com\/ismaelcolosi.com.br\/wp-content\/uploads\/2023\/12\/galo-chico.jpeg?fit=1200%2C675&ssl=1&resize=350%2C200","width":350,"height":200,"srcset":"https:\/\/i0.wp.com\/ismaelcolosi.com.br\/wp-content\/uploads\/2023\/12\/galo-chico.jpeg?fit=1200%2C675&ssl=1&resize=350%2C200 1x, https:\/\/i0.wp.com\/ismaelcolosi.com.br\/wp-content\/uploads\/2023\/12\/galo-chico.jpeg?fit=1200%2C675&ssl=1&resize=525%2C300 1.5x, https:\/\/i0.wp.com\/ismaelcolosi.com.br\/wp-content\/uploads\/2023\/12\/galo-chico.jpeg?fit=1200%2C675&ssl=1&resize=700%2C400 2x, https:\/\/i0.wp.com\/ismaelcolosi.com.br\/wp-content\/uploads\/2023\/12\/galo-chico.jpeg?fit=1200%2C675&ssl=1&resize=1050%2C600 3x"},"classes":[]},{"id":21350,"url":"https:\/\/ismaelcolosi.com.br\/index.php\/2023\/12\/27\/quem-era-a-digital-influencer-que-teve-a-vida-ceifada-pelo-ex-diante-da-filha-autor-do-crime-atentou-contra-si-apos-barbarie\/","url_meta":{"origin":8583,"position":5},"title":"Quem era a digital influencer que teve a vida ceifada pelo ex diante da filha; autor do crime atentou contra si ap\u00f3s barb\u00e1rie","author":"ismaelcolosi.com.br","date":"27 de December de 2023","format":false,"excerpt":"Theresa Cachuela, uma influenciadora de 33 anos e empreendedora da ind\u00fastria de beleza no Hava\u00ed, al\u00e9m de ser m\u00e3e de tr\u00eas filhos, encontrou um tr\u00e1gico fim na \u00faltima sexta-feira (22).Ela foi assassinada pelo ex-marido diante da filha mais nova, em um incidente que ocorreu no estacionamento de um shopping em\u2026","rel":"","context":"In &quot;Blog&quot;","block_context":{"text":"Blog","link":"https:\/\/ismaelcolosi.com.br\/index.php\/category\/blog\/"},"img":{"alt_text":"","src":"https:\/\/i0.wp.com\/ismaelcolosi.com.br\/wp-content\/uploads\/2023\/12\/postimg-658c6abee62082771.jpg?fit=1200%2C628&ssl=1&resize=350%2C200","width":350,"height":200,"srcset":"https:\/\/i0.wp.com\/ismaelcolosi.com.br\/wp-content\/uploads\/2023\/12\/postimg-658c6abee62082771.jpg?fit=1200%2C628&ssl=1&resize=350%2C200 1x, https:\/\/i0.wp.com\/ismaelcolosi.com.br\/wp-content\/uploads\/2023\/12\/postimg-658c6abee62082771.jpg?fit=1200%2C628&ssl=1&resize=525%2C300 1.5x, https:\/\/i0.wp.com\/ismaelcolosi.com.br\/wp-content\/uploads\/2023\/12\/postimg-658c6abee62082771.jpg?fit=1200%2C628&ssl=1&resize=700%2C400 2x, https:\/\/i0.wp.com\/ismaelcolosi.com.br\/wp-content\/uploads\/2023\/12\/postimg-658c6abee62082771.jpg?fit=1200%2C628&ssl=1&resize=1050%2C600 3x"},"classes":[]}],"jetpack_sharing_enabled":true,"jetpack_shortlink":"https:\/\/wp.me\/pfMlyK-2er","_links":{"self":[{"href":"https:\/\/ismaelcolosi.com.br\/index.php\/wp-json\/wp\/v2\/posts\/8583","targetHints":{"allow":["GET"]}}],"collection":[{"href":"https:\/\/ismaelcolosi.com.br\/index.php\/wp-json\/wp\/v2\/posts"}],"about":[{"href":"https:\/\/ismaelcolosi.com.br\/index.php\/wp-json\/wp\/v2\/types\/post"}],"author":[{"embeddable":true,"href":"https:\/\/ismaelcolosi.com.br\/index.php\/wp-json\/wp\/v2\/users\/1"}],"replies":[{"embeddable":true,"href":"https:\/\/ismaelcolosi.com.br\/index.php\/wp-json\/wp\/v2\/comments?post=8583"}],"version-history":[{"count":0,"href":"https:\/\/ismaelcolosi.com.br\/index.php\/wp-json\/wp\/v2\/posts\/8583\/revisions"}],"wp:featuredmedia":[{"embeddable":true,"href":"https:\/\/ismaelcolosi.com.br\/index.php\/wp-json\/wp\/v2\/media\/8584"}],"wp:attachment":[{"href":"https:\/\/ismaelcolosi.com.br\/index.php\/wp-json\/wp\/v2\/media?parent=8583"}],"wp:term":[{"taxonomy":"category","embeddable":true,"href":"https:\/\/ismaelcolosi.com.br\/index.php\/wp-json\/wp\/v2\/categories?post=8583"},{"taxonomy":"post_tag","embeddable":true,"href":"https:\/\/ismaelcolosi.com.br\/index.php\/wp-json\/wp\/v2\/tags?post=8583"}],"curies":[{"name":"wp","href":"https:\/\/api.w.org\/{rel}","templated":true}]}}