{"id":8581,"date":"2023-11-30T12:52:29","date_gmt":"2023-11-30T15:52:29","guid":{"rendered":"https:\/\/ismaelcolosi.com.br\/index.php\/2023\/11\/30\/entenda-o-tratamento-controverso-para-retirar-fezes-do-intestino\/"},"modified":"2023-11-30T12:52:29","modified_gmt":"2023-11-30T15:52:29","slug":"entenda-o-tratamento-controverso-para-retirar-fezes-do-intestino","status":"publish","type":"post","link":"https:\/\/ismaelcolosi.com.br\/index.php\/2023\/11\/30\/entenda-o-tratamento-controverso-para-retirar-fezes-do-intestino\/","title":{"rendered":"entenda o tratamento controverso para retirar fezes do intestino"},"content":{"rendered":"<p> <br \/>\n<\/p>\n<div>\n<p>Um v\u00eddeo da ex-BBB Adriana Sant\u2019Anna fazendo colonterapia voltou a acender o debate sobre o procedimento. A t\u00e9cnica realizada em cl\u00ednicas promete eliminar <a href=\"https:\/\/catracalivre.com.br\/saude-bem-estar\/suas-fezes-podem-sinalizar-presenca-de-um-cancer-saiba-reconhecer\/\">fezes<\/a> acumuladas no intestino, mas \u00e9 controversa na comunidade m\u00e9dica.<\/p>\n<p>Alguns profissionais acreditam que pode ser ben\u00e9fica para certas condi\u00e7\u00f5es, como <a href=\"https:\/\/catracalivre.com.br\/saude-bem-estar\/5-habitos-para-colocar-em-pratica-ja-e-acabar-com-a-constipacao\/\">constipa\u00e7\u00e3o<\/a> cr\u00f4nica, enquanto outros questionam sua efic\u00e1cia e preocupam-se com os riscos associados.<\/p><div class='code-block code-block-8' style='margin: 8px auto; text-align: center; display: block; clear: both;'>\n<script>\n  atOptions = {\n    'key' : '66e2e2111ca34da796271819fc334058',\n    'format' : 'iframe',\n    'height' : 250,\n    'width' : 300,\n    'params' : {}\n  };\n<\/script>\n<script src=\"https:\/\/www.highperformanceformat.com\/66e2e2111ca34da796271819fc334058\/invoke.js\"><\/script>\n<\/div>\n\n<p>A colonterapia, tamb\u00e9m conhecida como hidrocolonterapia ou irriga\u00e7\u00e3o do <a href=\"https:\/\/catracalivre.com.br\/saude-bem-estar\/cancer-de-colon-tem-sintoma-surpreendente-e-incomum\/\">c\u00f3lon<\/a>, \u00e9 um procedimento que envolve a introdu\u00e7\u00e3o de \u00e1gua ou outros fluidos no c\u00f3lon por meio de um tubo inserido no reto.<\/p>\n<div id=\"attachment_2315495\" class=\"wp-caption alignnone\">\n<div class=\"d-flex justify-content-center\" data-attachment-id=\"2315495\">\n<div class=\"position-relative d-inline-block\"><img data-recalc-dims=\"1\" data-portal-copyright=\"reprodu\u00e7\u00e3o\/Instagram\" fetchpriority=\"high\" decoding=\"async\" class=\"wp-image-2315495 size-large\" src=\"https:\/\/i0.wp.com\/catracalivre.com.br\/wp-content\/uploads\/2023\/11\/1701347732855720-910x512.jpg?resize=910%2C512&#038;ssl=1\" alt=\"Ex-BBB Adriana Sant\u2019Anna publicou v\u00eddeo realizando a colonterapia\" width=\"910\" height=\"512\" srcset=\"https:\/\/catracalivre.com.br\/wp-content\/uploads\/2023\/11\/1701347732855720-910x512.jpg 910w, https:\/\/catracalivre.com.br\/wp-content\/uploads\/2023\/11\/1701347732855720-450x253.jpg 450w, https:\/\/catracalivre.com.br\/wp-content\/uploads\/2023\/11\/1701347732855720-768x433.jpg 768w\" sizes=\"(max-width: 910px) 100vw, 910px\"\/><\/p>\n<p>Cr\u00e9ditos: reprodu\u00e7\u00e3o\/Instagram<\/p>\n<\/div>\n<\/div>\n<p><span class=\"post-imagem__legenda\">Ex-BBB Adriana Sant\u2019Anna publicou v\u00eddeo realizando a colonterapia<\/span><\/p>\n<\/div>\n<p>\u201cUma das 7 maravilhas do mundo\u201d, descreveu a influenciadora que disse estar se sentindo leve ap\u00f3s o procedimento.<\/p>\n<p>\u201cEu estava cheia de gases, com dores abdominais terr\u00edveis. Estava a base de simeticona, ducolax e enema.\u201d<\/p>\n<p>No v\u00eddeo, Adriana mostra que antes de iniciar o procedimento em si, a profissional faz uma massagem para \u201cajudar a soltar\u201d as fezes. Depois, ela filma as fezes saindo pelo cano.<\/p>\n<h2>Por que a colonterapia \u00e9 controversa?<\/h2>\n<p>A Sociedade Brasileira de Coloproctologia n\u00e3o reconhece a pr\u00e1tica, j\u00e1 que n\u00e3o\u00a0h\u00e1 estudos que comprovem os benef\u00edcios.<\/p>\n<p>E tamb\u00e9m h\u00e1 a preocupa\u00e7\u00e3o com os riscos que a t\u00e9cnica pode trazer.<\/p>\n<p>M\u00e9dicos alertam que a introdu\u00e7\u00e3o excessiva de \u00e1gua no c\u00f3lon pode resultar em desequil\u00edbrios eletrol\u00edticos no corpo, o que pode ser perigoso.<\/p>\n<p>Al\u00e9m disso, o procedimento pode remover n\u00e3o apenas res\u00edduos indesejados, mas tamb\u00e9m nutrientes essenciais e bact\u00e9rias ben\u00e9ficas do c\u00f3lon.<\/p>\n<p>A introdu\u00e7\u00e3o de \u00e1gua ou outros fluidos no c\u00f3lon tamb\u00e9m pode aumentar o risco de infec\u00e7\u00f5es, especialmente se n\u00e3o forem seguidas pr\u00e1ticas rigorosas de esteriliza\u00e7\u00e3o.<\/p>\n<p>E o mais perigoso: h\u00e1 risco de perfura\u00e7\u00e3o do c\u00f3lon durante o procedimento, o que pode levar a complica\u00e7\u00f5es graves.<\/p>\n<\/div>\n<p><script>\n\t\t! function(f, b, e, v, n, t, s) {\n\t\t\tif (f.fbq) return;\n\t\t\tn = f.fbq = function() {\n\t\t\t\tn.callMethod ?\n\t\t\t\t\tn.callMethod.apply(n, arguments) : n.queue.push(arguments)\n\t\t\t};\n\t\t\tif (!f._fbq) f._fbq = n;\n\t\t\tn.push = n;\n\t\t\tn.loaded = !0;\n\t\t\tn.version = '2.0';\n\t\t\tn.queue = [];\n\t\t\tt = b.createElement(e);\n\t\t\tt.async = !0;\n\t\t\tt.src = v;\n\t\t\ts = b.getElementsByTagName(e)[0];\n\t\t\ts.parentNode.insertBefore(t, s)\n\t\t}(window, document, 'script',\n\t\t\t'https:\/\/connect.facebook.net\/en_US\/fbevents.js');\n\t\tfbq('init', '338315473262380');\n\t\tfbq('track', 'PageView');\n\t<\/script><br \/>\n<br \/><br \/>\n<br \/><a href=\"https:\/\/catracalivre.com.br\/saude-bem-estar\/colonterapia-entenda-o-tratamento-controverso-para-retirar-fezes-do-intestino\/\">Source link <\/a><\/p>\n<div class='code-block code-block-4' style='margin: 8px auto 8px 0; text-align: left; display: block; clear: both;'>\n\ud83d\udce2 Aviso Legal\n\nO site ismaelcolosi.com.br atua apenas como um canal de divulga\u00e7\u00e3o de oportunidades de emprego e n\u00e3o se responsabiliza pelo processo seletivo, contrata\u00e7\u00e3o ou qualquer outra etapa relacionada \u00e0s vagas publicadas. Todas as informa\u00e7\u00f5es s\u00e3o de responsabilidade dos anunciantes.\n\n\u26a0\ufe0f Aten\u00e7\u00e3o! Nunca pague por promessas de emprego nem compre cursos que garantam contrata\u00e7\u00e3o. Desconfie de qualquer cobran\u00e7a para participar de sele\u00e7\u00f5es.\n\n\n\n<\/div>\n<!-- CONTENT END 1 -->\n","protected":false},"excerpt":{"rendered":"<p>Um v\u00eddeo da ex-BBB Adriana Sant\u2019Anna fazendo colonterapia voltou a acender o debate sobre o procedimento. A t\u00e9cnica realizada em cl\u00ednicas promete eliminar fezes acumuladas&#8230;<\/p>\n","protected":false},"author":1,"featured_media":8582,"comment_status":"open","ping_status":"open","sticky":false,"template":"","format":"standard","meta":{"_uag_custom_page_level_css":"","advanced_seo_description":"","jetpack_seo_html_title":"","jetpack_seo_noindex":false,"jetpack_post_was_ever_published":false,"_jetpack_newsletter_access":"","_jetpack_dont_email_post_to_subs":false,"_jetpack_newsletter_tier_id":0,"_jetpack_memberships_contains_paywalled_content":false,"_jetpack_memberships_contains_paid_content":false,"footnotes":"","jetpack_publicize_message":"","jetpack_publicize_feature_enabled":true,"jetpack_social_post_already_shared":true,"jetpack_social_options":{"image_generator_settings":{"template":"highway","default_image_id":0,"font":"","enabled":false},"version":2}},"categories":[19],"tags":[],"class_list":["post-8581","post","type-post","status-publish","format-standard","has-post-thumbnail","hentry","category-variedades"],"jetpack_publicize_connections":[],"jetpack_featured_media_url":"https:\/\/i0.wp.com\/ismaelcolosi.com.br\/wp-content\/uploads\/2023\/11\/1701347732855720.jpg?fit=1200%2C638&ssl=1","uagb_featured_image_src":{"full":["https:\/\/i0.wp.com\/ismaelcolosi.com.br\/wp-content\/uploads\/2023\/11\/1701347732855720.jpg?fit=1200%2C638&ssl=1",1200,638,false],"thumbnail":["https:\/\/i0.wp.com\/ismaelcolosi.com.br\/wp-content\/uploads\/2023\/11\/1701347732855720.jpg?resize=150%2C150&ssl=1",150,150,true],"medium":["https:\/\/i0.wp.com\/ismaelcolosi.com.br\/wp-content\/uploads\/2023\/11\/1701347732855720.jpg?fit=300%2C160&ssl=1",300,160,true],"medium_large":["https:\/\/i0.wp.com\/ismaelcolosi.com.br\/wp-content\/uploads\/2023\/11\/1701347732855720.jpg?fit=768%2C408&ssl=1",768,408,true],"large":["https:\/\/i0.wp.com\/ismaelcolosi.com.br\/wp-content\/uploads\/2023\/11\/1701347732855720.jpg?fit=1024%2C544&ssl=1",1024,544,true],"1536x1536":["https:\/\/i0.wp.com\/ismaelcolosi.com.br\/wp-content\/uploads\/2023\/11\/1701347732855720.jpg?fit=1200%2C638&ssl=1",1200,638,true],"2048x2048":["https:\/\/i0.wp.com\/ismaelcolosi.com.br\/wp-content\/uploads\/2023\/11\/1701347732855720.jpg?fit=1200%2C638&ssl=1",1200,638,true],"really-simple-thumb":["https:\/\/i0.wp.com\/ismaelcolosi.com.br\/wp-content\/uploads\/2023\/11\/1701347732855720.jpg?resize=370%2C247&ssl=1",370,247,true]},"uagb_author_info":{"display_name":"ismaelcolosi.com.br","author_link":"https:\/\/ismaelcolosi.com.br\/index.php\/author\/vidareal-online\/"},"uagb_comment_info":0,"uagb_excerpt":"Um v\u00eddeo da ex-BBB Adriana Sant\u2019Anna fazendo colonterapia voltou a acender o debate sobre o procedimento. A t\u00e9cnica realizada em cl\u00ednicas promete eliminar fezes acumuladas...","jetpack-related-posts":[{"id":11836,"url":"https:\/\/ismaelcolosi.com.br\/index.php\/2023\/12\/06\/o-que-e-transplante-de-fezes-e-por-que-pessoas-estao-fazendo-em-casa\/","url_meta":{"origin":8581,"position":0},"title":"O que \u00e9 transplante de fezes e por que pessoas est\u00e3o fazendo em casa?","author":"ismaelcolosi.com.br","date":"6 de December de 2023","format":false,"excerpt":"O transplante de fezes, tamb\u00e9m conhecido como transplante fecal, \u00e9 um procedimento m\u00e9dico no qual fezes saud\u00e1veis de um doador s\u00e3o transplantadas para o intestino de um receptor. O objetivo \u00e9 repovoar o intestino da pessoa doente com bact\u00e9rias saud\u00e1veis, promovendo assim o equil\u00edbrio da microbiota intestinal. O problema \u00e9\u2026","rel":"","context":"In &quot;Variedades&quot;","block_context":{"text":"Variedades","link":"https:\/\/ismaelcolosi.com.br\/index.php\/category\/variedades\/"},"img":{"alt_text":"","src":"https:\/\/i0.wp.com\/ismaelcolosi.com.br\/wp-content\/uploads\/2023\/12\/istock-1183984926.jpg?fit=1200%2C638&ssl=1&resize=350%2C200","width":350,"height":200,"srcset":"https:\/\/i0.wp.com\/ismaelcolosi.com.br\/wp-content\/uploads\/2023\/12\/istock-1183984926.jpg?fit=1200%2C638&ssl=1&resize=350%2C200 1x, https:\/\/i0.wp.com\/ismaelcolosi.com.br\/wp-content\/uploads\/2023\/12\/istock-1183984926.jpg?fit=1200%2C638&ssl=1&resize=525%2C300 1.5x, https:\/\/i0.wp.com\/ismaelcolosi.com.br\/wp-content\/uploads\/2023\/12\/istock-1183984926.jpg?fit=1200%2C638&ssl=1&resize=700%2C400 2x, https:\/\/i0.wp.com\/ismaelcolosi.com.br\/wp-content\/uploads\/2023\/12\/istock-1183984926.jpg?fit=1200%2C638&ssl=1&resize=1050%2C600 3x"},"classes":[]},{"id":19387,"url":"https:\/\/ismaelcolosi.com.br\/index.php\/2023\/12\/22\/a-cor-das-suas-fezes-pode-indicar-cancer-de-intestino\/","url_meta":{"origin":8581,"position":1},"title":"A cor das suas fezes pode indicar c\u00e2ncer de intestino","author":"ismaelcolosi.com.br","date":"22 de December de 2023","format":false,"excerpt":"\u00c9 menos prov\u00e1vel que uma mudan\u00e7a nos seus h\u00e1bitos intestinais seja c\u00e2ncer, mas \u00e9 importante ficar atento a quaisquer mudan\u00e7as. Um dos sinais de c\u00e2ncer de intestino pode se manifestar nas fezes. Altera\u00e7\u00e3o da cor deve ser observada. Normalmente, as fezes t\u00eam uma cor marrom devido \u00e0 presen\u00e7a da bile.\u2026","rel":"","context":"In &quot;Variedades&quot;","block_context":{"text":"Variedades","link":"https:\/\/ismaelcolosi.com.br\/index.php\/category\/variedades\/"},"img":{"alt_text":"","src":"https:\/\/i0.wp.com\/ismaelcolosi.com.br\/wp-content\/uploads\/2023\/12\/depositphotos-39414421-l.jpg?fit=1200%2C638&ssl=1&resize=350%2C200","width":350,"height":200,"srcset":"https:\/\/i0.wp.com\/ismaelcolosi.com.br\/wp-content\/uploads\/2023\/12\/depositphotos-39414421-l.jpg?fit=1200%2C638&ssl=1&resize=350%2C200 1x, https:\/\/i0.wp.com\/ismaelcolosi.com.br\/wp-content\/uploads\/2023\/12\/depositphotos-39414421-l.jpg?fit=1200%2C638&ssl=1&resize=525%2C300 1.5x, https:\/\/i0.wp.com\/ismaelcolosi.com.br\/wp-content\/uploads\/2023\/12\/depositphotos-39414421-l.jpg?fit=1200%2C638&ssl=1&resize=700%2C400 2x, https:\/\/i0.wp.com\/ismaelcolosi.com.br\/wp-content\/uploads\/2023\/12\/depositphotos-39414421-l.jpg?fit=1200%2C638&ssl=1&resize=1050%2C600 3x"},"classes":[]},{"id":13677,"url":"https:\/\/ismaelcolosi.com.br\/index.php\/2023\/12\/10\/deficiencia-de-vitamina-aumenta-risco-de-cancer-alertam-especialistas\/","url_meta":{"origin":8581,"position":2},"title":"Defici\u00eancia de vitamina aumenta risco de c\u00e2ncer, alertam especialistas","author":"ismaelcolosi.com.br","date":"10 de December de 2023","format":false,"excerpt":"Cr\u00e9ditos: Getty ImagesEntenda por que defici\u00eancia de vitamina est\u00e1 relacionada a diagn\u00f3stico de c\u00e2ncer de intestino \u2013 iStock\/Getty Images Pesquisas recentes destacam que a car\u00eancia de \u00e1cido f\u00f3lico, conhecido tamb\u00e9m como vitamina B9, pode ter consequ\u00eancias ainda mais not\u00e1veis, incluindo um potencial aumento no risco de se desenvolver c\u00e2ncer de\u2026","rel":"","context":"In &quot;Variedades&quot;","block_context":{"text":"Variedades","link":"https:\/\/ismaelcolosi.com.br\/index.php\/category\/variedades\/"},"img":{"alt_text":"","src":"https:\/\/i0.wp.com\/ismaelcolosi.com.br\/wp-content\/uploads\/2023\/12\/istock-1074199182.jpg?fit=1200%2C638&ssl=1&resize=350%2C200","width":350,"height":200,"srcset":"https:\/\/i0.wp.com\/ismaelcolosi.com.br\/wp-content\/uploads\/2023\/12\/istock-1074199182.jpg?fit=1200%2C638&ssl=1&resize=350%2C200 1x, https:\/\/i0.wp.com\/ismaelcolosi.com.br\/wp-content\/uploads\/2023\/12\/istock-1074199182.jpg?fit=1200%2C638&ssl=1&resize=525%2C300 1.5x, https:\/\/i0.wp.com\/ismaelcolosi.com.br\/wp-content\/uploads\/2023\/12\/istock-1074199182.jpg?fit=1200%2C638&ssl=1&resize=700%2C400 2x, https:\/\/i0.wp.com\/ismaelcolosi.com.br\/wp-content\/uploads\/2023\/12\/istock-1074199182.jpg?fit=1200%2C638&ssl=1&resize=1050%2C600 3x"},"classes":[]},{"id":21538,"url":"https:\/\/ismaelcolosi.com.br\/index.php\/2023\/12\/28\/5-habitos-para-dar-adeus-a-prisao-de-ventre\/","url_meta":{"origin":8581,"position":3},"title":"5 h\u00e1bitos para dar adeus \u00e0 pris\u00e3o de ventre","author":"ismaelcolosi.com.br","date":"28 de December de 2023","format":false,"excerpt":"Cr\u00e9ditos: iStock\/bymuratdenizPris\u00e3o de ventre: Confira algumas dicas para como resolver o problema de constipa\u00e7\u00e3o e regular o intestino \u2013 iStock\/Getty Images Eliminar as fezes \u00e9 essencial para o bem-estar do nosso intestino e, de forma geral, do organismo. Isso porque, de acordo com especialistas, \u00e9 a forma que o corpo\u2026","rel":"","context":"In &quot;Variedades&quot;","block_context":{"text":"Variedades","link":"https:\/\/ismaelcolosi.com.br\/index.php\/category\/variedades\/"},"img":{"alt_text":"","src":"https:\/\/i0.wp.com\/ismaelcolosi.com.br\/wp-content\/uploads\/2023\/12\/istock-1188264368-e1687529217489.jpg?fit=1200%2C638&ssl=1&resize=350%2C200","width":350,"height":200,"srcset":"https:\/\/i0.wp.com\/ismaelcolosi.com.br\/wp-content\/uploads\/2023\/12\/istock-1188264368-e1687529217489.jpg?fit=1200%2C638&ssl=1&resize=350%2C200 1x, https:\/\/i0.wp.com\/ismaelcolosi.com.br\/wp-content\/uploads\/2023\/12\/istock-1188264368-e1687529217489.jpg?fit=1200%2C638&ssl=1&resize=525%2C300 1.5x, https:\/\/i0.wp.com\/ismaelcolosi.com.br\/wp-content\/uploads\/2023\/12\/istock-1188264368-e1687529217489.jpg?fit=1200%2C638&ssl=1&resize=700%2C400 2x, https:\/\/i0.wp.com\/ismaelcolosi.com.br\/wp-content\/uploads\/2023\/12\/istock-1188264368-e1687529217489.jpg?fit=1200%2C638&ssl=1&resize=1050%2C600 3x"},"classes":[]},{"id":6751,"url":"https:\/\/ismaelcolosi.com.br\/index.php\/2023\/11\/26\/5-sinais-que-nao-devem-ser-ignorados\/","url_meta":{"origin":8581,"position":4},"title":"5 sinais que n\u00e3o devem ser ignorados","author":"ismaelcolosi.com.br","date":"26 de November de 2023","format":false,"excerpt":"Cr\u00e9ditos: Getty Images\/iStockphotoEstudos t\u00eam mostrado que incluir mais alimentos ricos em fibras e verduras saud\u00e1veis na dieta, bem como fazer atividade f\u00edsica regular pode minimizar o risco de c\u00e2ncer \u2013 iStock\/Getty Images Mais de 45 mil casos de c\u00e2ncer de intestino foram diagnosticados em 2022, conforme dados do Instituto Nacional\u2026","rel":"","context":"In &quot;Variedades&quot;","block_context":{"text":"Variedades","link":"https:\/\/ismaelcolosi.com.br\/index.php\/category\/variedades\/"},"img":{"alt_text":"","src":"https:\/\/i0.wp.com\/ismaelcolosi.com.br\/wp-content\/uploads\/2023\/11\/istock-1088402038.jpg?fit=1200%2C638&ssl=1&resize=350%2C200","width":350,"height":200,"srcset":"https:\/\/i0.wp.com\/ismaelcolosi.com.br\/wp-content\/uploads\/2023\/11\/istock-1088402038.jpg?fit=1200%2C638&ssl=1&resize=350%2C200 1x, https:\/\/i0.wp.com\/ismaelcolosi.com.br\/wp-content\/uploads\/2023\/11\/istock-1088402038.jpg?fit=1200%2C638&ssl=1&resize=525%2C300 1.5x, https:\/\/i0.wp.com\/ismaelcolosi.com.br\/wp-content\/uploads\/2023\/11\/istock-1088402038.jpg?fit=1200%2C638&ssl=1&resize=700%2C400 2x, https:\/\/i0.wp.com\/ismaelcolosi.com.br\/wp-content\/uploads\/2023\/11\/istock-1088402038.jpg?fit=1200%2C638&ssl=1&resize=1050%2C600 3x"},"classes":[]},{"id":10074,"url":"https:\/\/ismaelcolosi.com.br\/index.php\/2023\/12\/03\/3-chas-laxantes-naturais-para-curar-a-prisao-de-ventre\/","url_meta":{"origin":8581,"position":5},"title":"3 ch\u00e1s laxantes naturais para curar a pris\u00e3o de ventre","author":"ismaelcolosi.com.br","date":"3 de December de 2023","format":false,"excerpt":"Cr\u00e9ditos: Getty Images\/iStockphotoRica em fibras sol\u00faveis, ch\u00e1 de ameixa \u00e9 um excelente laxante para aliviar a pris\u00e3o de ventre \u2013 iStock\/Getty Images Tamb\u00e9m conhecida como constipa\u00e7\u00e3o, a pris\u00e3o de ventre \u00e9 um problema comum que afeta pessoas de todas as idades e pode ser causada por uma variedade de fatores,\u2026","rel":"","context":"In &quot;Variedades&quot;","block_context":{"text":"Variedades","link":"https:\/\/ismaelcolosi.com.br\/index.php\/category\/variedades\/"},"img":{"alt_text":"","src":"https:\/\/i0.wp.com\/ismaelcolosi.com.br\/wp-content\/uploads\/2023\/12\/istock-1301229675.jpg?fit=1200%2C638&ssl=1&resize=350%2C200","width":350,"height":200,"srcset":"https:\/\/i0.wp.com\/ismaelcolosi.com.br\/wp-content\/uploads\/2023\/12\/istock-1301229675.jpg?fit=1200%2C638&ssl=1&resize=350%2C200 1x, https:\/\/i0.wp.com\/ismaelcolosi.com.br\/wp-content\/uploads\/2023\/12\/istock-1301229675.jpg?fit=1200%2C638&ssl=1&resize=525%2C300 1.5x, https:\/\/i0.wp.com\/ismaelcolosi.com.br\/wp-content\/uploads\/2023\/12\/istock-1301229675.jpg?fit=1200%2C638&ssl=1&resize=700%2C400 2x, https:\/\/i0.wp.com\/ismaelcolosi.com.br\/wp-content\/uploads\/2023\/12\/istock-1301229675.jpg?fit=1200%2C638&ssl=1&resize=1050%2C600 3x"},"classes":[]}],"jetpack_sharing_enabled":true,"jetpack_shortlink":"https:\/\/wp.me\/pfMlyK-2ep","_links":{"self":[{"href":"https:\/\/ismaelcolosi.com.br\/index.php\/wp-json\/wp\/v2\/posts\/8581","targetHints":{"allow":["GET"]}}],"collection":[{"href":"https:\/\/ismaelcolosi.com.br\/index.php\/wp-json\/wp\/v2\/posts"}],"about":[{"href":"https:\/\/ismaelcolosi.com.br\/index.php\/wp-json\/wp\/v2\/types\/post"}],"author":[{"embeddable":true,"href":"https:\/\/ismaelcolosi.com.br\/index.php\/wp-json\/wp\/v2\/users\/1"}],"replies":[{"embeddable":true,"href":"https:\/\/ismaelcolosi.com.br\/index.php\/wp-json\/wp\/v2\/comments?post=8581"}],"version-history":[{"count":0,"href":"https:\/\/ismaelcolosi.com.br\/index.php\/wp-json\/wp\/v2\/posts\/8581\/revisions"}],"wp:featuredmedia":[{"embeddable":true,"href":"https:\/\/ismaelcolosi.com.br\/index.php\/wp-json\/wp\/v2\/media\/8582"}],"wp:attachment":[{"href":"https:\/\/ismaelcolosi.com.br\/index.php\/wp-json\/wp\/v2\/media?parent=8581"}],"wp:term":[{"taxonomy":"category","embeddable":true,"href":"https:\/\/ismaelcolosi.com.br\/index.php\/wp-json\/wp\/v2\/categories?post=8581"},{"taxonomy":"post_tag","embeddable":true,"href":"https:\/\/ismaelcolosi.com.br\/index.php\/wp-json\/wp\/v2\/tags?post=8581"}],"curies":[{"name":"wp","href":"https:\/\/api.w.org\/{rel}","templated":true}]}}