{"id":8575,"date":"2023-11-30T12:36:34","date_gmt":"2023-11-30T15:36:34","guid":{"rendered":"https:\/\/ismaelcolosi.com.br\/index.php\/2023\/11\/30\/alexandre-correa-toma-decisao-surpreendente-sobre-seu-futuro-o-mais-rapido-possivel\/"},"modified":"2023-11-30T12:36:34","modified_gmt":"2023-11-30T15:36:34","slug":"alexandre-correa-toma-decisao-surpreendente-sobre-seu-futuro-o-mais-rapido-possivel","status":"publish","type":"post","link":"https:\/\/ismaelcolosi.com.br\/index.php\/2023\/11\/30\/alexandre-correa-toma-decisao-surpreendente-sobre-seu-futuro-o-mais-rapido-possivel\/","title":{"rendered":"Alexandre Correa toma decis\u00e3o surpreendente sobre seu futuro: &#8220;O mais r\u00e1pido poss\u00edvel&#8221;"},"content":{"rendered":"<p> [ad_1]<br \/>\n<\/p>\n<div itemprop=\"text\">\n<p>Com a vida em evid\u00eancia, o empres\u00e1rio Alexandre de Correa foi o convidado do programa Chupim, do Metropolitana FM e sua participa\u00e7\u00e3o no m\u00ednimo reveladora, trouxe os planos dele para o futuro.<\/p>\n<p>Segundo ele, n\u00e3o tem vontade de que sua imagem perante o p\u00fablico sofra alguma mudan\u00e7a. Sua ida ao programa teria sido direcionada a ele falar sobre Ana como m\u00e3e e esposa.<\/p>\n<p>Enfrentando o processo de div\u00f3rcio e tamb\u00e9m na empresa que tinham com Ana, ele contou qual rumo pretende tomar ap\u00f3s todas as situa\u00e7\u00f5es se\u00a0 resolverem.<\/p>\n<p><em>\u201cSobre meu futuro, quero ir embora do Brasil o mais r\u00e1pido poss\u00edvel. Aqui n\u00e3o \u00e9 mais o meu lugar\u201d<\/em> foram as palavras surpreendentes de Alexandre ao apresentador.<\/p>\n<p>Ele ainda foi perguntado sobre uma futura reconcilia\u00e7\u00e3o, que para ele n\u00e3o tem mais esse pensamento. Os dois est\u00e3o separados desde o \u00faltimo dia 11.<\/p>\n<p>Alexandre chegou a ser identificado pelo advogado dele, Esdras, como a verdadeira v\u00edtima de toda situa\u00e7\u00e3o. Para o advogado, ele estaria sendo v\u00edtima de uma persegui\u00e7\u00e3o excessiva.<\/p>\n<p>Ana e Alexandre deram entrada na separa\u00e7\u00e3o. Ainda segundo o advogado, o pedido de separa\u00e7\u00e3o de Ana com base na Lei Maria da Penha teria sido negado pela justi\u00e7a.<\/p>\n<p>A apresentadora usou as redes sociais para tentar esclarecer alguns fatos. Mesmo sem poder dar detalhes, ela contou que a separa\u00e7\u00e3o iria acontecer sim e que ela estava muito confiante na justi\u00e7a a seu favor.<\/p>\n<\/div>\n<p>[ad_2]<br \/>\n<br \/><a href=\"https:\/\/fnmais.com\/alexandre-correa-toma-decisao-surpreendente-sobre-seu-futuro-mais-rapido-possivel\/\" target=\"_blank\" rel=\"noopener\">Source link <\/a><\/p>\n<div class='code-block code-block-4' style='margin: 8px auto 8px 0; text-align: left; display: block; clear: both;'>\n\ud83d\udce2 Aviso Legal\n\nO site ismaelcolosi.com.br atua apenas como um canal de divulga\u00e7\u00e3o de oportunidades de emprego e n\u00e3o se responsabiliza pelo processo seletivo, contrata\u00e7\u00e3o ou qualquer outra etapa relacionada \u00e0s vagas publicadas. Todas as informa\u00e7\u00f5es s\u00e3o de responsabilidade dos anunciantes.\n\n\u26a0\ufe0f Aten\u00e7\u00e3o! Nunca pague por promessas de emprego nem compre cursos que garantam contrata\u00e7\u00e3o. Desconfie de qualquer cobran\u00e7a para participar de sele\u00e7\u00f5es.\n\n\n\n<\/div>\n<!-- CONTENT END 1 -->\n","protected":false},"excerpt":{"rendered":"<p>[ad_1] Com a vida em evid\u00eancia, o empres\u00e1rio Alexandre de Correa foi o convidado do programa Chupim, do Metropolitana FM e sua participa\u00e7\u00e3o no m\u00ednimo reveladora, trouxe os planos dele para o futuro. Segundo ele, n\u00e3o tem vontade de que sua imagem perante o p\u00fablico sofra alguma mudan\u00e7a. Sua ida ao programa teria sido direcionada&hellip;&nbsp;<\/p>\n","protected":false},"author":1,"featured_media":8576,"comment_status":"open","ping_status":"open","sticky":false,"template":"","format":"standard","meta":{"_uag_custom_page_level_css":"","neve_meta_sidebar":"","neve_meta_container":"","neve_meta_enable_content_width":"","neve_meta_content_width":0,"neve_meta_title_alignment":"","neve_meta_author_avatar":"","neve_post_elements_order":"","neve_meta_disable_header":"","neve_meta_disable_footer":"","neve_meta_disable_title":"","_jetpack_newsletter_access":"","_jetpack_dont_email_post_to_subs":false,"_jetpack_newsletter_tier_id":0,"_jetpack_memberships_contains_paywalled_content":false,"_jetpack_memberships_contains_paid_content":false,"footnotes":""},"categories":[1],"tags":[],"class_list":["post-8575","post","type-post","status-publish","format-standard","has-post-thumbnail","hentry","category-blog"],"uagb_featured_image_src":{"full":["https:\/\/i0.wp.com\/ismaelcolosi.com.br\/wp-content\/uploads\/2023\/11\/postimg-6568a35b8ba163766.jpg?fit=1200%2C628&ssl=1",1200,628,false],"thumbnail":["https:\/\/i0.wp.com\/ismaelcolosi.com.br\/wp-content\/uploads\/2023\/11\/postimg-6568a35b8ba163766.jpg?resize=150%2C150&ssl=1",150,150,true],"medium":["https:\/\/i0.wp.com\/ismaelcolosi.com.br\/wp-content\/uploads\/2023\/11\/postimg-6568a35b8ba163766.jpg?fit=300%2C157&ssl=1",300,157,true],"medium_large":["https:\/\/i0.wp.com\/ismaelcolosi.com.br\/wp-content\/uploads\/2023\/11\/postimg-6568a35b8ba163766.jpg?fit=768%2C402&ssl=1",768,402,true],"large":["https:\/\/i0.wp.com\/ismaelcolosi.com.br\/wp-content\/uploads\/2023\/11\/postimg-6568a35b8ba163766.jpg?fit=1024%2C536&ssl=1",1024,536,true],"1536x1536":["https:\/\/i0.wp.com\/ismaelcolosi.com.br\/wp-content\/uploads\/2023\/11\/postimg-6568a35b8ba163766.jpg?fit=1200%2C628&ssl=1",1200,628,true],"2048x2048":["https:\/\/i0.wp.com\/ismaelcolosi.com.br\/wp-content\/uploads\/2023\/11\/postimg-6568a35b8ba163766.jpg?fit=1200%2C628&ssl=1",1200,628,true],"neve-blog":["https:\/\/i0.wp.com\/ismaelcolosi.com.br\/wp-content\/uploads\/2023\/11\/postimg-6568a35b8ba163766.jpg?resize=930%2C620&ssl=1",930,620,true]},"uagb_author_info":{"display_name":"ismaelcolosi.com.br","author_link":"https:\/\/ismaelcolosi.com.br\/author\/vidareal-online\/"},"uagb_comment_info":0,"uagb_excerpt":"[ad_1] Com a vida em evid\u00eancia, o empres\u00e1rio Alexandre de Correa foi o convidado do programa Chupim, do Metropolitana FM e sua participa\u00e7\u00e3o no m\u00ednimo reveladora, trouxe os planos dele para o futuro. Segundo ele, n\u00e3o tem vontade de que sua imagem perante o p\u00fablico sofra alguma mudan\u00e7a. Sua ida ao programa teria sido direcionada&hellip;&nbsp;","jetpack-related-posts":[{"id":5930,"url":"https:\/\/ismaelcolosi.com.br\/index.php\/2023\/11\/24\/policia-arromba-apartamento-do-marido-de-ana-hickmann-e-motivo-sombrio-vem-a-tona\/","url_meta":{"origin":8575,"position":0},"title":"Policia arromba apartamento do marido de Ana Hickmann e motivo sombrio vem \u00e0 tona","author":"ismaelcolosi.com.br","date":"24 de Novembro de 2023","format":false,"excerpt":"[ad_1] Em mais uma situa\u00e7\u00e3o surpreendente, policiais arrombaram o apartamento de Alexandre Correa, marido da famosa apresentadora Ana Hickmann, no bairro da Pompeia, em S\u00e3o Paulo. A a\u00e7\u00e3o policial, aconteceu nesta sexta, 24 de novembro.Este incidente \u00e9 o mais recente em uma s\u00e9rie de eventos tumultuados para o casal. H\u00e1\u2026","rel":"","context":"In &quot;Blog&quot;","block_context":{"text":"Blog","link":"https:\/\/ismaelcolosi.com.br\/index.php\/category\/blog\/"},"img":{"alt_text":"","src":"https:\/\/i0.wp.com\/ismaelcolosi.com.br\/wp-content\/uploads\/2023\/11\/postimg-656109f4d70b16281.jpg?fit=1200%2C628&ssl=1&resize=350%2C200","width":350,"height":200,"srcset":"https:\/\/i0.wp.com\/ismaelcolosi.com.br\/wp-content\/uploads\/2023\/11\/postimg-656109f4d70b16281.jpg?fit=1200%2C628&ssl=1&resize=350%2C200 1x, https:\/\/i0.wp.com\/ismaelcolosi.com.br\/wp-content\/uploads\/2023\/11\/postimg-656109f4d70b16281.jpg?fit=1200%2C628&ssl=1&resize=525%2C300 1.5x, https:\/\/i0.wp.com\/ismaelcolosi.com.br\/wp-content\/uploads\/2023\/11\/postimg-656109f4d70b16281.jpg?fit=1200%2C628&ssl=1&resize=700%2C400 2x, https:\/\/i0.wp.com\/ismaelcolosi.com.br\/wp-content\/uploads\/2023\/11\/postimg-656109f4d70b16281.jpg?fit=1200%2C628&ssl=1&resize=1050%2C600 3x"},"classes":[]},{"id":1571,"url":"https:\/\/ismaelcolosi.com.br\/index.php\/2023\/11\/13\/ana-hickmann-o-que-se-sabe-sobre-a-denuncia-contra-o-marido\/","url_meta":{"origin":8575,"position":1},"title":"Ana Hickmann: o que se sabe sobre a den\u00fancia contra o marido","author":"ismaelcolosi.com.br","date":"13 de Novembro de 2023","format":false,"excerpt":"[ad_1] A apresentadora e ex-modelo Ana Hickmann registrou um boletim de ocorr\u00eancia por viol\u00eancia dom\u00e9stica e les\u00e3o corporal contra o marido, o empres\u00e1rio Alexandre Correa, no \u00faltimo s\u00e1bado, 11. Em nota divulgada neste domingo, 12, Ana afirmou que teve um \u201cdesentendimento\u201d com o parceiro. Em outra nota, Correa negou a\u2026","rel":"","context":"In &quot;Not\u00edcias de Ribeir\u00e3o Preto-SP e Regi\u00e3o&quot;","block_context":{"text":"Not\u00edcias de Ribeir\u00e3o Preto-SP e Regi\u00e3o","link":"https:\/\/ismaelcolosi.com.br\/index.php\/category\/noticias-de-ribeirao-preto-sp-e-regiao-ismael-colosi\/"},"img":{"alt_text":"","src":"https:\/\/i0.wp.com\/ismaelcolosi.com.br\/wp-content\/uploads\/2023\/11\/ana-scaled.jpg?fit=1000%2C552&ssl=1&resize=350%2C200","width":350,"height":200,"srcset":"https:\/\/i0.wp.com\/ismaelcolosi.com.br\/wp-content\/uploads\/2023\/11\/ana-scaled.jpg?fit=1000%2C552&ssl=1&resize=350%2C200 1x, https:\/\/i0.wp.com\/ismaelcolosi.com.br\/wp-content\/uploads\/2023\/11\/ana-scaled.jpg?fit=1000%2C552&ssl=1&resize=525%2C300 1.5x, https:\/\/i0.wp.com\/ismaelcolosi.com.br\/wp-content\/uploads\/2023\/11\/ana-scaled.jpg?fit=1000%2C552&ssl=1&resize=700%2C400 2x"},"classes":[]},{"id":38995,"url":"https:\/\/ismaelcolosi.com.br\/index.php\/2024\/02\/22\/ana-hickmann-e-edu-guedes-anunciam-namoro-e-alexandre-correa-parte-pra-cima-amante-ver-mais\/","url_meta":{"origin":8575,"position":2},"title":"Ana Hickmann e Edu Guedes anunciam NAMORO e Alexandre Correa PARTE PRA CIMA: &#8220;Amante&#8230;Ver mais","author":"ismaelcolosi.com.br","date":"22 de Fevereiro de 2024","format":false,"excerpt":"[ad_1] Uma not\u00edcia de \u00faltima hora acabou chocando muitas pessoas ao redor do pa\u00eds. A apresentadora Ana Hickmann e seu ex-colega de trabalho Edu Guedes fizeram uma revela\u00e7\u00e3o bomb\u00e1stica para amigos e admiradores. Depois de muitas negativas sobre um poss\u00edvel relacionamento estar desabrochando de uma amizade a confirma\u00e7\u00e3o do namoro\u2026","rel":"","context":"In &quot;Variedades&quot;","block_context":{"text":"Variedades","link":"https:\/\/ismaelcolosi.com.br\/index.php\/category\/variedades\/"},"img":{"alt_text":"","src":"https:\/\/i0.wp.com\/ismaelcolosi.com.br\/wp-content\/uploads\/2024\/02\/Apresentacao-sem-titulo-8.png?fit=960%2C540&ssl=1&resize=350%2C200","width":350,"height":200,"srcset":"https:\/\/i0.wp.com\/ismaelcolosi.com.br\/wp-content\/uploads\/2024\/02\/Apresentacao-sem-titulo-8.png?fit=960%2C540&ssl=1&resize=350%2C200 1x, https:\/\/i0.wp.com\/ismaelcolosi.com.br\/wp-content\/uploads\/2024\/02\/Apresentacao-sem-titulo-8.png?fit=960%2C540&ssl=1&resize=525%2C300 1.5x, https:\/\/i0.wp.com\/ismaelcolosi.com.br\/wp-content\/uploads\/2024\/02\/Apresentacao-sem-titulo-8.png?fit=960%2C540&ssl=1&resize=700%2C400 2x"},"classes":[]},{"id":9967,"url":"https:\/\/ismaelcolosi.com.br\/index.php\/2023\/12\/03\/alexandre-correa-desiste-de-acao-de-divorcio-contra-ana-hickmann-apos-receber-noticia-que-o-emocionou\/","url_meta":{"origin":8575,"position":3},"title":"Alexandre Correa desiste de a\u00e7\u00e3o de div\u00f3rcio contra Ana Hickmann ap\u00f3s receber not\u00edcia que o emocionou","author":"ismaelcolosi.com.br","date":"3 de Dezembro de 2023","format":false,"excerpt":"[ad_1] Alexandre Correa decidiu retirar a a\u00e7\u00e3o de div\u00f3rcio que havia movido contra Ana Hickmann. Segundo informa\u00e7\u00f5es, o processo de separa\u00e7\u00e3o do casal prossegue, mas agora sob uma a\u00e7\u00e3o iniciada pela funcion\u00e1ria da Record.O advogado Enio Martins, representante de Alexandre Correa, em entrevista ao Estad\u00e3o, explicou que a desist\u00eancia ocorreu\u2026","rel":"","context":"In &quot;Blog&quot;","block_context":{"text":"Blog","link":"https:\/\/ismaelcolosi.com.br\/index.php\/category\/blog\/"},"img":{"alt_text":"","src":"https:\/\/i0.wp.com\/ismaelcolosi.com.br\/wp-content\/uploads\/2023\/12\/postimg-656c8d9fa0fe08046.jpg?fit=1200%2C628&ssl=1&resize=350%2C200","width":350,"height":200,"srcset":"https:\/\/i0.wp.com\/ismaelcolosi.com.br\/wp-content\/uploads\/2023\/12\/postimg-656c8d9fa0fe08046.jpg?fit=1200%2C628&ssl=1&resize=350%2C200 1x, https:\/\/i0.wp.com\/ismaelcolosi.com.br\/wp-content\/uploads\/2023\/12\/postimg-656c8d9fa0fe08046.jpg?fit=1200%2C628&ssl=1&resize=525%2C300 1.5x, https:\/\/i0.wp.com\/ismaelcolosi.com.br\/wp-content\/uploads\/2023\/12\/postimg-656c8d9fa0fe08046.jpg?fit=1200%2C628&ssl=1&resize=700%2C400 2x, https:\/\/i0.wp.com\/ismaelcolosi.com.br\/wp-content\/uploads\/2023\/12\/postimg-656c8d9fa0fe08046.jpg?fit=1200%2C628&ssl=1&resize=1050%2C600 3x"},"classes":[]},{"id":10638,"url":"https:\/\/ismaelcolosi.com.br\/index.php\/2023\/12\/04\/apos-gesto-surpreendente-do-ex-de-ana-hickmann-advogado-explica-desistiu-inicialmente\/","url_meta":{"origin":8575,"position":4},"title":"Ap\u00f3s gesto surpreendente do ex de Ana Hickmann, advogado explica: &#8220;Desistiu inicialmente&#8221;","author":"ismaelcolosi.com.br","date":"4 de Dezembro de 2023","format":false,"excerpt":"[ad_1] O caso Ana Hickmann tem vivido algumas reviravoltas por ambas as partes. A apresentadora j\u00e1 veio a p\u00fablico desmentir algumas not\u00edcias e agora o motivo de uma postagem dela sobre uma suposta boa noticia pode ter sido revelado.Ap\u00f3s divulga\u00e7\u00e3o do jornal O Estado de S\u00e3o Paulo que o ex\u2026","rel":"","context":"In &quot;Blog&quot;","block_context":{"text":"Blog","link":"https:\/\/ismaelcolosi.com.br\/index.php\/category\/blog\/"},"img":{"alt_text":"","src":"https:\/\/i0.wp.com\/ismaelcolosi.com.br\/wp-content\/uploads\/2023\/12\/postimg-656e55537ad333948.jpg?fit=1200%2C628&ssl=1&resize=350%2C200","width":350,"height":200,"srcset":"https:\/\/i0.wp.com\/ismaelcolosi.com.br\/wp-content\/uploads\/2023\/12\/postimg-656e55537ad333948.jpg?fit=1200%2C628&ssl=1&resize=350%2C200 1x, https:\/\/i0.wp.com\/ismaelcolosi.com.br\/wp-content\/uploads\/2023\/12\/postimg-656e55537ad333948.jpg?fit=1200%2C628&ssl=1&resize=525%2C300 1.5x, https:\/\/i0.wp.com\/ismaelcolosi.com.br\/wp-content\/uploads\/2023\/12\/postimg-656e55537ad333948.jpg?fit=1200%2C628&ssl=1&resize=700%2C400 2x, https:\/\/i0.wp.com\/ismaelcolosi.com.br\/wp-content\/uploads\/2023\/12\/postimg-656e55537ad333948.jpg?fit=1200%2C628&ssl=1&resize=1050%2C600 3x"},"classes":[]},{"id":14996,"url":"https:\/\/ismaelcolosi.com.br\/index.php\/2023\/12\/12\/nova-acusacao-alega-que-alexandre-correa-desviou-r-25-milhoes\/","url_meta":{"origin":8575,"position":5},"title":"nova acusa\u00e7\u00e3o alega que Alexandre Correa desviou R$ 25 milh\u00f5es","author":"ismaelcolosi.com.br","date":"12 de Dezembro de 2023","format":false,"excerpt":"[ad_1] A vida da apresentadora Ana Hickmann segue com mais uma novidade. Ap\u00f3s ter entrado com um processo de separa\u00e7\u00e3o alegando ter sido agredida por Alexandre Correa, agora ela acusa o marido de desvio de dinheiro.Segundo ela, o ex marido teria desviado pelo menos R$ 25 milh\u00f5es de reais da\u2026","rel":"","context":"In &quot;Blog&quot;","block_context":{"text":"Blog","link":"https:\/\/ismaelcolosi.com.br\/index.php\/category\/blog\/"},"img":{"alt_text":"","src":"https:\/\/i0.wp.com\/ismaelcolosi.com.br\/wp-content\/uploads\/2023\/12\/postimg-6578f4cd082202750.jpg?fit=1200%2C628&ssl=1&resize=350%2C200","width":350,"height":200,"srcset":"https:\/\/i0.wp.com\/ismaelcolosi.com.br\/wp-content\/uploads\/2023\/12\/postimg-6578f4cd082202750.jpg?fit=1200%2C628&ssl=1&resize=350%2C200 1x, https:\/\/i0.wp.com\/ismaelcolosi.com.br\/wp-content\/uploads\/2023\/12\/postimg-6578f4cd082202750.jpg?fit=1200%2C628&ssl=1&resize=525%2C300 1.5x, https:\/\/i0.wp.com\/ismaelcolosi.com.br\/wp-content\/uploads\/2023\/12\/postimg-6578f4cd082202750.jpg?fit=1200%2C628&ssl=1&resize=700%2C400 2x, https:\/\/i0.wp.com\/ismaelcolosi.com.br\/wp-content\/uploads\/2023\/12\/postimg-6578f4cd082202750.jpg?fit=1200%2C628&ssl=1&resize=1050%2C600 3x"},"classes":[]}],"jetpack_sharing_enabled":true,"jetpack_shortlink":"https:\/\/wp.me\/pfMlyK-2ej","jetpack_featured_media_url":"https:\/\/i0.wp.com\/ismaelcolosi.com.br\/wp-content\/uploads\/2023\/11\/postimg-6568a35b8ba163766.jpg?fit=1200%2C628&ssl=1","_links":{"self":[{"href":"https:\/\/ismaelcolosi.com.br\/index.php\/wp-json\/wp\/v2\/posts\/8575","targetHints":{"allow":["GET"]}}],"collection":[{"href":"https:\/\/ismaelcolosi.com.br\/index.php\/wp-json\/wp\/v2\/posts"}],"about":[{"href":"https:\/\/ismaelcolosi.com.br\/index.php\/wp-json\/wp\/v2\/types\/post"}],"author":[{"embeddable":true,"href":"https:\/\/ismaelcolosi.com.br\/index.php\/wp-json\/wp\/v2\/users\/1"}],"replies":[{"embeddable":true,"href":"https:\/\/ismaelcolosi.com.br\/index.php\/wp-json\/wp\/v2\/comments?post=8575"}],"version-history":[{"count":0,"href":"https:\/\/ismaelcolosi.com.br\/index.php\/wp-json\/wp\/v2\/posts\/8575\/revisions"}],"wp:featuredmedia":[{"embeddable":true,"href":"https:\/\/ismaelcolosi.com.br\/index.php\/wp-json\/wp\/v2\/media\/8576"}],"wp:attachment":[{"href":"https:\/\/ismaelcolosi.com.br\/index.php\/wp-json\/wp\/v2\/media?parent=8575"}],"wp:term":[{"taxonomy":"category","embeddable":true,"href":"https:\/\/ismaelcolosi.com.br\/index.php\/wp-json\/wp\/v2\/categories?post=8575"},{"taxonomy":"post_tag","embeddable":true,"href":"https:\/\/ismaelcolosi.com.br\/index.php\/wp-json\/wp\/v2\/tags?post=8575"}],"curies":[{"name":"wp","href":"https:\/\/api.w.org\/{rel}","templated":true}]}}