{"id":85646,"date":"2025-05-22T14:31:02","date_gmt":"2025-05-22T17:31:02","guid":{"rendered":"https:\/\/ismaelcolosi.com.br\/index.php\/2025\/05\/22\/o-que-muda-com-a-nova-politica-de-ensino-a-distancia-do-brasil\/"},"modified":"2025-05-22T14:31:02","modified_gmt":"2025-05-22T17:31:02","slug":"o-que-muda-com-a-nova-politica-de-ensino-a-distancia-do-brasil","status":"publish","type":"post","link":"https:\/\/ismaelcolosi.com.br\/index.php\/2025\/05\/22\/o-que-muda-com-a-nova-politica-de-ensino-a-distancia-do-brasil\/","title":{"rendered":"O Que Muda com a Nova Pol\u00edtica de Ensino a Dist\u00e2ncia do Brasil"},"content":{"rendered":"<p> <br \/>\n<\/p>\n<div>\n<figure class=\"destaque wp-caption\">&#13;<br \/>\n\t\t<img data-recalc-dims=\"1\" width=\"678\" height=\"452\" src=\"https:\/\/i0.wp.com\/forbes.com.br\/wp-content\/uploads\/2025\/05\/forbes-computador-ead-ensino-768x512.jpg?resize=678%2C452&#038;ssl=1\" class=\"attachment-medium_large size-medium_large wp-post-image\" alt=\"Cursos de gradua\u00e7\u00e3o em direito, odontologia, enfermagem e psicologia poder\u00e3o ter, no m\u00e1ximo, 30% da carga-hor\u00e1ria em EaD\" decoding=\"async\" fetchpriority=\"high\" srcset=\"https:\/\/forbes.com.br\/wp-content\/uploads\/2025\/05\/forbes-computador-ead-ensino-768x512.jpg 768w, https:\/\/forbes.com.br\/wp-content\/uploads\/2025\/05\/forbes-computador-ead-ensino-300x200.jpg 300w, https:\/\/forbes.com.br\/wp-content\/uploads\/2025\/05\/forbes-computador-ead-ensino-1024x683.jpg 1024w, https:\/\/forbes.com.br\/wp-content\/uploads\/2025\/05\/forbes-computador-ead-ensino-800x533.jpg 800w, https:\/\/forbes.com.br\/wp-content\/uploads\/2025\/05\/forbes-computador-ead-ensino-165x110.jpg 165w, https:\/\/forbes.com.br\/wp-content\/uploads\/2025\/05\/forbes-computador-ead-ensino-120x80.jpg 120w, https:\/\/forbes.com.br\/wp-content\/uploads\/2025\/05\/forbes-computador-ead-ensino-150x100.jpg 150w, https:\/\/forbes.com.br\/wp-content\/uploads\/2025\/05\/forbes-computador-ead-ensino.jpg 1500w\" sizes=\"(max-width: 678px) 100vw, 678px\"\/>\t\t<\/p>\n<p>Getty Images<\/p>\n<p>&#13;<figcaption class=\"wp-caption-text\">Cursos de gradua\u00e7\u00e3o em direito, odontologia, enfermagem e psicologia poder\u00e3o ter, no m\u00e1ximo, 30% da carga-hor\u00e1ria em EaD<\/figcaption>&#13;<br \/>\n\t<\/figure>\n<div class=\"accessibility\">\n<p>Acessibilidade<\/p>\n<p>&#13;<br \/>\n\t\t\t<button onclick=\"alterFont1()\" id=\"btn1\" class=\"btn\">L<\/button>&#13;<br \/>\n\t\t\t<button onclick=\"alterFont2()\" id=\"btn2\" class=\"btn\" style=\"font-family:Merriweather\">L<\/button>&#13;<br \/>\n\t\t\t<button onclick=\"alterFontSmallerSize()\" id=\"btn3\" class=\"btn\">A-<\/button>&#13;<br \/>\n\t\t\t<button onclick=\"alterFontBiggerSize()\" id=\"btn4\" class=\"btn\">A+<\/button>&#13;<br \/>\n\t\t\t<!--<button onclick='alterFontBolder()' id='btn5' class=\"btn\" >B<\/button>-->&#13;<br \/>\n\t\t\t<button onclick=\"alterBackground()\" id=\"btn6\" class=\"btn\">\u25d0<\/button>&#13;<br \/>\n\t\t\t<!--<button onclick='clean()' id='btn7' class=\"btn\" >Limpar<\/button>-->&#13;\n\t\t<\/p>\n<\/p><\/div>\n<p>\u00a0<\/p>\n<p>O MEC (Minist\u00e9rio da Educa\u00e7\u00e3o) revisou as regras para a oferta de <strong>EaD<\/strong> (educa\u00e7\u00e3o a dist\u00e2ncia) nos cursos do ensino superior com o objetivo de garantir a qualidade dos servi\u00e7os e o desenvolvimento da aprendizagem de todos os estudantes.<\/p>\n<p>O governo federal, ap\u00f3s meses de discuss\u00e3o com os setores envolvidos \u2013 como gestores da \u00e1rea educacional, especialistas, conselhos federais e representantes das institui\u00e7\u00f5es de educa\u00e7\u00e3o superior \u2013 publicou nesta semana o decreto que trata do tema.<\/p>\n<aside>\n<h2>Leia tamb\u00e9m<\/h2>\n<\/aside>\n<h2>Formatos dos cursos<\/h2>\n<p>A partir do novo marco regulat\u00f3rio da educa\u00e7\u00e3o a dist\u00e2ncia, nenhum curso de bacharelado, licenciatura e tecnologia poder\u00e1 ser 100% a dist\u00e2ncia.<\/p>\n<p>Os cursos de gradua\u00e7\u00e3o podem ser oferecidos em tr\u00eas formatos:<\/p>\n<ul>\n<li><strong>Cursos presenciais<\/strong>: com pelo menos 70% da carga hor\u00e1ria em atividades presenciais, com a presen\u00e7a f\u00edsica de estudantes e professor nas aulas; atividades em laborat\u00f3rios f\u00edsicos; frequ\u00eancia a est\u00e1gios presenciais;<\/li>\n<li><strong>Cursos em EaD<\/strong>: oferta majorit\u00e1ria de carga hor\u00e1ria a dist\u00e2ncia, composta por aulas gravadas e atividades em plataformas digitais de ensino. Por\u00e9m, o decreto imp\u00f5e o limite m\u00ednimo de 10% da carga hor\u00e1ria do curso em atividades presenciais; e, no m\u00ednimo, 10% em atividades s\u00edncronas mediadas.<\/li>\n<li><strong>Cursos semipresenciais<\/strong>: criado pelo novo decreto, \u00e9 composto obrigatoriamente por carga hor\u00e1ria de 30% de atividades presenciais; e, no m\u00ednimo, 20% em atividades s\u00edncronas mediadas; atividades presenciais f\u00edsicas (est\u00e1gio, extens\u00e3o, pr\u00e1ticas laboratoriais); atividades s\u00edncronas mediadas: devem ser realizadas com, no m\u00e1ximo, 70 estudantes por docente ou mediador pedag\u00f3gico e controle de frequ\u00eancia dos estudantes.<\/li>\n<\/ul>\n<h2>Tipos de atividades<\/h2>\n<p>A nova pol\u00edtica uniformiza as seguintes defini\u00e7\u00f5es:<\/p>\n<ul>\n<li><strong>Atividades presenciais<\/strong>: realizada com a participa\u00e7\u00e3o f\u00edsica do estudante e do docente em lugar e tempo coincidentes;<\/li>\n<li><strong>Atividades ass\u00edncronas<\/strong>: atividade de EaD na qual o estudante e o docente estejam em lugares e tempos diversos;<\/li>\n<li><strong>Atividades s\u00edncronas<\/strong>: atividade de EaD na qual o estudante e o docente estejam em lugares diversos e tempo coincidente;<\/li>\n<li><strong>Atividades s\u00edncronas mediadas<\/strong>: atividades interativas, com grupo reduzido de estudantes, apoio pedag\u00f3gico e controle de frequ\u00eancia. Neste tipo de atividade, os estudantes e o docente est\u00e3o em lugares diversos e tempo coincidente (ao vivo). O objetivo \u00e9 garantir a efetiva intera\u00e7\u00e3o no processo de ensino-aprendizagem.<\/li>\n<\/ul>\n<h2>Proibi\u00e7\u00f5es em EaD<\/h2>\n<p>De acordo com o decreto, os cursos superiores de medicina, direito, odontologia, enfermagem e psicologia s\u00f3 poder\u00e3o ser ofertados no formato presencial. O MEC justifica que a necessidade de realiza\u00e7\u00e3o de atividades pr\u00e1ticas, laborat\u00f3rios presenciais e est\u00e1gios torna a forma\u00e7\u00e3o nesses casos \u201cincompat\u00edvel com o formato da educa\u00e7\u00e3o a dist\u00e2ncia\u201d.<\/p>\n<p>Pela portaria 378, o curso de medicina ter\u00e1 de ser integralmente ofertado por meio de atividades presenciais, vedada qualquer carga hor\u00e1ria a dist\u00e2ncia.<\/p>\n<p>O mesmo documento detalha que os outros quatro cursos de gradua\u00e7\u00e3o (direito, odontologia, enfermagem e psicologia) poder\u00e3o ter, no m\u00e1ximo, 30% da carga-hor\u00e1ria em atividades a dist\u00e2ncia.<\/p>\n<h2>Cursos semipresenciais<\/h2>\n<p>Para o formato semipresencial, tamb\u00e9m chamado h\u00edbrido, o MEC estipulou na portaria 378 que cursos de licenciaturas, que formam professores, e de \u00e1reas como as de sa\u00fade e bem-estar tamb\u00e9m n\u00e3o poder\u00e3o ser ofertados 100% no remoto. Estes cursos dever\u00e3o ser somente em dois formatos: presencial ou semipresencial.<\/p>\n<p>Os cursos classificados nesta nova portaria que regulamenta o decreto s\u00e3o das seguintes \u00e1reas: educa\u00e7\u00e3o, ci\u00eancias naturais, matem\u00e1tica e estat\u00edstica; sa\u00fade e bem-estar; engenharia, produ\u00e7\u00e3o e constru\u00e7\u00e3o; e agricultura, silvicultura, pesca e veterin\u00e1ria.<\/p>\n<p>S\u00e3o exemplos de cursos nesta situa\u00e7\u00e3o: fisioterapia, farm\u00e1cia, educa\u00e7\u00e3o f\u00edsica, medicina veterin\u00e1ria, biomedicina, fonoaudiologia e nutri\u00e7\u00e3o.<\/p>\n<p>Posteriormente, a pasta poder\u00e1 definir outras \u00e1reas de cursos vedados para EaD.<\/p>\n<h2>Infraestrutura f\u00edsica<\/h2>\n<p>Em rela\u00e7\u00e3o ao local, as atividades presenciais dos cursos de ensino superior das modalidades semipresencial e \u00e0 dist\u00e2ncia podem ser ofertadas tanto na sede f\u00edsica da institui\u00e7\u00e3o, como em seus campi (fora de sede e de seus polos EaD).<\/p>\n<p>O polo EaD deve funcionar como um espa\u00e7o acad\u00eamico para o efetivo apoio ao estudante. Por este motivo, a infraestrutura f\u00edsica e tecnol\u00f3gica deve ser adequada \u00e0s especificidades de cada curso ofertado.<\/p>\n<p>H\u00e1 tamb\u00e9m a exig\u00eancia de infraestrutura m\u00ednima como: sala de coordena\u00e7\u00e3o; ambientes para estudos; laborat\u00f3rios (quando aplic\u00e1vel); acesso \u00e0 internet.<\/p>\n<p>Al\u00e9m disso, n\u00e3o ser\u00e1 permitido o compartilhamento de polos EaD entre institui\u00e7\u00f5es de ensino superior diferentes.<\/p>\n<h2>Prazo de adapta\u00e7\u00e3o<\/h2>\n<p>As institui\u00e7\u00f5es de educa\u00e7\u00e3o superior ter\u00e3o prazo de at\u00e9 dois anos para adequar gradualmente os cursos \u00e0s novas regras.<\/p>\n<p>Nesta transi\u00e7\u00e3o, devem ser garantidos os direitos dos estudantes. \u00c9 responsabilidade da institui\u00e7\u00e3o de educa\u00e7\u00e3o superior assegurar a continuidade da oferta do curso no formato EaD at\u00e9 a conclus\u00e3o das turmas em andamento.<\/p>\n<h2>Estudantes do EaD<\/h2>\n<p>A partir da nova norma, todos os estudantes matriculados em cursos que n\u00e3o poder\u00e3o mais ser ofertados 100% online ter\u00e3o assegurado seu direito de conclus\u00e3o do curso no formato EaD, desde que seja o formato escolhido no ato de matr\u00edcula.<\/p>\n<h2>Provas presenciais<\/h2>\n<p>Cada disciplina dos cursos de gradua\u00e7\u00e3o a dist\u00e2ncia dever\u00e1 ter, pelo menos, uma avalia\u00e7\u00e3o presencial. No momento da avalia\u00e7\u00e3o, a institui\u00e7\u00e3o de ensino deve verificar a identidade dos estudantes para evitar fraudes.<\/p>\n<p>Esta avalia\u00e7\u00e3o presencial deve ser a maior na composi\u00e7\u00e3o da nota final do estudante para atestar se o aluno foi aprovado ou n\u00e3o naquela disciplina.<\/p>\n<p>Segundo o MEC, o objetivo da exig\u00eancia \u00e9 incentivar o desenvolvimento de habilidades discursivas de an\u00e1lise e s\u00edntese ou que possuam natureza de atividade pr\u00e1tica.<\/p>\n<h2>Mediador pedag\u00f3gico<\/h2>\n<p>A nova pol\u00edtica de EaD cria a figura do mediador pedag\u00f3gico nos cursos de gradua\u00e7\u00e3o a dist\u00e2ncia. O MEC esclarece que o mediador pedag\u00f3gico n\u00e3o \u00e9 um tutor, que desempenha fun\u00e7\u00e3o apenas administrativa e, por isso, n\u00e3o pode exercer fun\u00e7\u00f5es pedag\u00f3gicas.<\/p>\n<p>J\u00e1 o mediador pedag\u00f3gico deve possuir forma\u00e7\u00e3o acad\u00eamica compat\u00edvel com o curso. No exerc\u00edcio de suas atividades dever\u00e1 ajudar a esclarecer d\u00favidas de aprendizagem dos estudantes e apoiar o processo de forma\u00e7\u00e3o deles.<\/p>\n<p>A quantidade de professores e mediadores deve ser compat\u00edvel com o n\u00famero de estudantes sob media\u00e7\u00e3o deste profissional.<\/p>\n<p>Os mediadores pedag\u00f3gicos devem estar vinculados \u00e0 institui\u00e7\u00e3o de educa\u00e7\u00e3o superior e devem ser informados anualmente ao MEC e ao Instituto Nacional de Estudos e Pesquisas Educacionais An\u00edsio Teixeira (Inep), por meio do Censo da Educa\u00e7\u00e3o Superior.<\/p>\n<p>Mais d\u00favidas podem ser tiradas no site do MEC.<\/p>\n<aside>\n<h2>Escolhas do editor<\/h2>\n<\/aside>\n<div class=\"follow-us\">Siga o canal da <a href=\"https:\/\/whatsapp.com\/channel\/0029Va9gQKwBFLgM96cJnu0u\" target=\"_blank\" rel=\"noopener noreferrer nofollow\" title=\"Grupo da Forbes no WhatsApp\">Forbes<\/a> no WhatsApp e receba as principais not\u00edcias de empreendedorismo, carreira, tecnologia, agro e lifestyle.<\/div>\n<\/p><\/div>\n<p><script data-debloat-delay=\"1\" type=\"text\/debloat-script\">\n\t\t\t\t(function(d, s, id){\n\t\t\t\t\tvar js, fjs = d.getElementsByTagName(s)[0];\n\t\t\t\t\tif (d.getElementById(id)) return;\n\t\t\t\t\tjs = d.createElement(s); js.id = id;\n\t\t\t\t\tjs.src = \"\/\/connect.facebook.net\/pt_BR\/sdk.js#xfbml=1&version=v2.9\";\n\t\t\t\t\tfjs.parentNode.insertBefore(js, fjs);\n\t\t\t\t}(document, 'script', 'facebook-jssdk'));\n\t\t\t<\/script><br \/>\n<br \/><br \/>\n<br \/><a href=\"https:\/\/forbes.com.br\/carreira\/2025\/05\/saiba-o-que-muda-com-a-nova-politica-de-ensino-a-distancia-do-brasil\/\">Source link <\/a><\/p>\n<div class='code-block code-block-4' style='margin: 8px auto 8px 0; text-align: left; display: block; clear: both;'>\n\ud83d\udce2 Aviso Legal\n\nO site ismaelcolosi.com.br atua apenas como um canal de divulga\u00e7\u00e3o de oportunidades de emprego e n\u00e3o se responsabiliza pelo processo seletivo, contrata\u00e7\u00e3o ou qualquer outra etapa relacionada \u00e0s vagas publicadas. Todas as informa\u00e7\u00f5es s\u00e3o de responsabilidade dos anunciantes.\n\n\u26a0\ufe0f Aten\u00e7\u00e3o! Nunca pague por promessas de emprego nem compre cursos que garantam contrata\u00e7\u00e3o. Desconfie de qualquer cobran\u00e7a para participar de sele\u00e7\u00f5es.\n\n\n\n<\/div>\n<!-- CONTENT END 1 -->\n","protected":false},"excerpt":{"rendered":"<p>&#13; Getty Images &#13;Cursos de gradua\u00e7\u00e3o em direito, odontologia, enfermagem e psicologia poder\u00e3o ter, no m\u00e1ximo, 30% da carga-hor\u00e1ria em EaD&#13; Acessibilidade &#13; L&#13; L&#13;&#8230;<\/p>\n","protected":false},"author":1,"featured_media":85647,"comment_status":"","ping_status":"open","sticky":false,"template":"","format":"standard","meta":{"_uag_custom_page_level_css":"","advanced_seo_description":"","jetpack_seo_html_title":"","jetpack_seo_noindex":false,"jetpack_post_was_ever_published":false,"_jetpack_newsletter_access":"","_jetpack_dont_email_post_to_subs":false,"_jetpack_newsletter_tier_id":0,"_jetpack_memberships_contains_paywalled_content":false,"_jetpack_memberships_contains_paid_content":false,"footnotes":"","jetpack_publicize_message":"","jetpack_publicize_feature_enabled":true,"jetpack_social_post_already_shared":true,"jetpack_social_options":{"image_generator_settings":{"template":"highway","default_image_id":0,"font":"","enabled":false},"version":2}},"categories":[1964],"tags":[],"class_list":["post-85646","post","type-post","status-publish","format-standard","has-post-thumbnail","hentry","category-carreira-e-sucesso-dicas-para-carreira"],"jetpack_publicize_connections":[],"jetpack_featured_media_url":"https:\/\/i0.wp.com\/ismaelcolosi.com.br\/wp-content\/uploads\/2025\/05\/forbes-computador-ead-ensino-1200x675.jpg?fit=1200%2C675&ssl=1","uagb_featured_image_src":{"full":["https:\/\/i0.wp.com\/ismaelcolosi.com.br\/wp-content\/uploads\/2025\/05\/forbes-computador-ead-ensino-1200x675.jpg?fit=1200%2C675&ssl=1",1200,675,false],"thumbnail":["https:\/\/i0.wp.com\/ismaelcolosi.com.br\/wp-content\/uploads\/2025\/05\/forbes-computador-ead-ensino-1200x675.jpg?resize=150%2C150&ssl=1",150,150,true],"medium":["https:\/\/i0.wp.com\/ismaelcolosi.com.br\/wp-content\/uploads\/2025\/05\/forbes-computador-ead-ensino-1200x675.jpg?fit=300%2C169&ssl=1",300,169,true],"medium_large":["https:\/\/i0.wp.com\/ismaelcolosi.com.br\/wp-content\/uploads\/2025\/05\/forbes-computador-ead-ensino-1200x675.jpg?fit=768%2C432&ssl=1",768,432,true],"large":["https:\/\/i0.wp.com\/ismaelcolosi.com.br\/wp-content\/uploads\/2025\/05\/forbes-computador-ead-ensino-1200x675.jpg?fit=1024%2C576&ssl=1",1024,576,true],"1536x1536":["https:\/\/i0.wp.com\/ismaelcolosi.com.br\/wp-content\/uploads\/2025\/05\/forbes-computador-ead-ensino-1200x675.jpg?fit=1200%2C675&ssl=1",1200,675,true],"2048x2048":["https:\/\/i0.wp.com\/ismaelcolosi.com.br\/wp-content\/uploads\/2025\/05\/forbes-computador-ead-ensino-1200x675.jpg?fit=1200%2C675&ssl=1",1200,675,true],"really-simple-thumb":["https:\/\/i0.wp.com\/ismaelcolosi.com.br\/wp-content\/uploads\/2025\/05\/forbes-computador-ead-ensino-1200x675.jpg?resize=370%2C247&ssl=1",370,247,true]},"uagb_author_info":{"display_name":"ismaelcolosi.com.br","author_link":"https:\/\/ismaelcolosi.com.br\/index.php\/author\/vidareal-online\/"},"uagb_comment_info":0,"uagb_excerpt":"&#13; Getty Images &#13;Cursos de gradua\u00e7\u00e3o em direito, odontologia, enfermagem e psicologia poder\u00e3o ter, no m\u00e1ximo, 30% da carga-hor\u00e1ria em EaD&#13; Acessibilidade &#13; L&#13; L&#13;...","jetpack-related-posts":[{"id":85462,"url":"https:\/\/ismaelcolosi.com.br\/index.php\/2025\/05\/21\/mec-proibe-ead-em-cursos-de-medicina-direito-e-odontologia\/","url_meta":{"origin":85646,"position":0},"title":"MEC Pro\u00edbe EAD em Cursos de Medicina, Direito e Odontologia","author":"ismaelcolosi.com.br","date":"21 de May de 2025","format":false,"excerpt":"\r Getty Images\r No per\u00edodo de 2018 a 2023, os cursos EAD cresceram 232% no pa\u00eds\r Acessibilidade \r L\r L\r A-\r A+\r \r \u25d0\r \r \u00a0 Os cursos superiores de medicina, direito, odontologia, enfermagem e psicologia devem ser ofertados exclusivamente no formato presencial. A medida, determinada pelo decreto da Nova\u2026","rel":"","context":"In &quot;Carreira e Sucesso&quot;","block_context":{"text":"Carreira e Sucesso","link":"https:\/\/ismaelcolosi.com.br\/index.php\/category\/carreira-e-sucesso-dicas-para-carreira\/"},"img":{"alt_text":"","src":"https:\/\/i0.wp.com\/ismaelcolosi.com.br\/wp-content\/uploads\/2025\/05\/forbes-ead-mec-direito-medicina-cursos-1200x675.jpg?fit=1200%2C675&ssl=1&resize=350%2C200","width":350,"height":200,"srcset":"https:\/\/i0.wp.com\/ismaelcolosi.com.br\/wp-content\/uploads\/2025\/05\/forbes-ead-mec-direito-medicina-cursos-1200x675.jpg?fit=1200%2C675&ssl=1&resize=350%2C200 1x, https:\/\/i0.wp.com\/ismaelcolosi.com.br\/wp-content\/uploads\/2025\/05\/forbes-ead-mec-direito-medicina-cursos-1200x675.jpg?fit=1200%2C675&ssl=1&resize=525%2C300 1.5x, https:\/\/i0.wp.com\/ismaelcolosi.com.br\/wp-content\/uploads\/2025\/05\/forbes-ead-mec-direito-medicina-cursos-1200x675.jpg?fit=1200%2C675&ssl=1&resize=700%2C400 2x, https:\/\/i0.wp.com\/ismaelcolosi.com.br\/wp-content\/uploads\/2025\/05\/forbes-ead-mec-direito-medicina-cursos-1200x675.jpg?fit=1200%2C675&ssl=1&resize=1050%2C600 3x"},"classes":[]},{"id":52706,"url":"https:\/\/ismaelcolosi.com.br\/index.php\/2024\/06\/10\/lider-em-educacao-a-distancia-no-brasil-chega-a-b3\/","url_meta":{"origin":85646,"position":1},"title":"L\u00edder em educa\u00e7\u00e3o \u00e0 dist\u00e2ncia no Brasil chega \u00e0 B3","author":"ismaelcolosi.com.br","date":"10 de June de 2024","format":false,"excerpt":"Foto: Divulga\u00e7\u00e3oWilliam Victor Kendrick de Matos Silva, CEO da Vitru Educa\u00e7\u00e3o Acessibilidade L L A- A+ \u25d0 A Vitru Educa\u00e7\u00e3o, l\u00edder em EAD no Brasil e controladora das marcas Uniasselvi e UniCesumar, migrou da Nasdaq e fez sua estreia na B3 no in\u00edcio de maio. O passo marca uma nova\u2026","rel":"","context":"In &quot;Carreira e Sucesso&quot;","block_context":{"text":"Carreira e Sucesso","link":"https:\/\/ismaelcolosi.com.br\/index.php\/category\/carreira-e-sucesso-dicas-para-carreira\/"},"img":{"alt_text":"","src":"https:\/\/i0.wp.com\/ismaelcolosi.com.br\/wp-content\/uploads\/2024\/06\/if-vitru_jun24-1-1024x683.jpg?fit=1024%2C683&ssl=1&resize=350%2C200","width":350,"height":200,"srcset":"https:\/\/i0.wp.com\/ismaelcolosi.com.br\/wp-content\/uploads\/2024\/06\/if-vitru_jun24-1-1024x683.jpg?fit=1024%2C683&ssl=1&resize=350%2C200 1x, https:\/\/i0.wp.com\/ismaelcolosi.com.br\/wp-content\/uploads\/2024\/06\/if-vitru_jun24-1-1024x683.jpg?fit=1024%2C683&ssl=1&resize=525%2C300 1.5x, https:\/\/i0.wp.com\/ismaelcolosi.com.br\/wp-content\/uploads\/2024\/06\/if-vitru_jun24-1-1024x683.jpg?fit=1024%2C683&ssl=1&resize=700%2C400 2x"},"classes":[]},{"id":89391,"url":"https:\/\/ismaelcolosi.com.br\/index.php\/2026\/03\/05\/o-que-muda-com-a-nova-licenca-paternidade-aprovada-no-senado\/","url_meta":{"origin":85646,"position":2},"title":"O Que Muda com a Nova Licen\u00e7a-Paternidade Aprovada no Senado","author":"ismaelcolosi.com.br","date":"5 de March de 2026","format":false,"excerpt":"O projeto de lei (5811\/2025), que amplia a licen\u00e7a-paternidade para 20 dias foi aprovado na quarta-feira (4), no Senado, e agora depende da san\u00e7\u00e3o presidencial. O tema \u00e9 debatido no Congresso Nacional h\u00e1 19 anos, depois de apresentado pela ex-senadora Patr\u00edcia Saboya, em 2007, e relatado pela senadora Ana Paula\u2026","rel":"","context":"In &quot;Carreira e Sucesso&quot;","block_context":{"text":"Carreira e Sucesso","link":"https:\/\/ismaelcolosi.com.br\/index.php\/category\/carreira-e-sucesso-dicas-para-carreira\/"},"img":{"alt_text":"","src":"https:\/\/i0.wp.com\/ismaelcolosi.com.br\/wp-content\/uploads\/2026\/03\/Projeto-de-lei-que-amplia-a-licenca-paternidade-para-20-dias-agora-depende-da-sancao-presidencial-1200x675.jpg?fit=1200%2C675&ssl=1&resize=350%2C200","width":350,"height":200,"srcset":"https:\/\/i0.wp.com\/ismaelcolosi.com.br\/wp-content\/uploads\/2026\/03\/Projeto-de-lei-que-amplia-a-licenca-paternidade-para-20-dias-agora-depende-da-sancao-presidencial-1200x675.jpg?fit=1200%2C675&ssl=1&resize=350%2C200 1x, https:\/\/i0.wp.com\/ismaelcolosi.com.br\/wp-content\/uploads\/2026\/03\/Projeto-de-lei-que-amplia-a-licenca-paternidade-para-20-dias-agora-depende-da-sancao-presidencial-1200x675.jpg?fit=1200%2C675&ssl=1&resize=525%2C300 1.5x, https:\/\/i0.wp.com\/ismaelcolosi.com.br\/wp-content\/uploads\/2026\/03\/Projeto-de-lei-que-amplia-a-licenca-paternidade-para-20-dias-agora-depende-da-sancao-presidencial-1200x675.jpg?fit=1200%2C675&ssl=1&resize=700%2C400 2x, https:\/\/i0.wp.com\/ismaelcolosi.com.br\/wp-content\/uploads\/2026\/03\/Projeto-de-lei-que-amplia-a-licenca-paternidade-para-20-dias-agora-depende-da-sancao-presidencial-1200x675.jpg?fit=1200%2C675&ssl=1&resize=1050%2C600 3x"},"classes":[]},{"id":87515,"url":"https:\/\/ismaelcolosi.com.br\/index.php\/2025\/09\/16\/nova-cmo-do-grupo-naos-quer-dobrar-a-empresa-no-brasil\/","url_meta":{"origin":85646,"position":3},"title":"Nova CMO do Grupo Naos Quer Dobrar a Empresa no Brasil","author":"ismaelcolosi.com.br","date":"16 de September de 2025","format":false,"excerpt":"\r Divulga\u00e7\u00e3o\/Grupo Naos\r Nova CMO do Grupo Naos, Juliana Valeriano soma quase 20 anos de experi\u00eancia no marketing de grandes empresas\r Acessibilidade \r L\r L\r A-\r A+\r \r \u25d0\r \r Com quase 20 anos de experi\u00eancia em marketing, Juliana Valeriano assumiu este ano como CMO do Grupo Naos no Brasil,\u2026","rel":"","context":"In &quot;Carreira e Sucesso&quot;","block_context":{"text":"Carreira e Sucesso","link":"https:\/\/ismaelcolosi.com.br\/index.php\/category\/carreira-e-sucesso-dicas-para-carreira\/"},"img":{"alt_text":"","src":"https:\/\/i0.wp.com\/ismaelcolosi.com.br\/wp-content\/uploads\/2025\/09\/juliana-valeriano-naos-1200x675.jpg?fit=1200%2C675&ssl=1&resize=350%2C200","width":350,"height":200,"srcset":"https:\/\/i0.wp.com\/ismaelcolosi.com.br\/wp-content\/uploads\/2025\/09\/juliana-valeriano-naos-1200x675.jpg?fit=1200%2C675&ssl=1&resize=350%2C200 1x, https:\/\/i0.wp.com\/ismaelcolosi.com.br\/wp-content\/uploads\/2025\/09\/juliana-valeriano-naos-1200x675.jpg?fit=1200%2C675&ssl=1&resize=525%2C300 1.5x, https:\/\/i0.wp.com\/ismaelcolosi.com.br\/wp-content\/uploads\/2025\/09\/juliana-valeriano-naos-1200x675.jpg?fit=1200%2C675&ssl=1&resize=700%2C400 2x, https:\/\/i0.wp.com\/ismaelcolosi.com.br\/wp-content\/uploads\/2025\/09\/juliana-valeriano-naos-1200x675.jpg?fit=1200%2C675&ssl=1&resize=1050%2C600 3x"},"classes":[]},{"id":86164,"url":"https:\/\/ismaelcolosi.com.br\/index.php\/2025\/06\/16\/ia-e-remuneracao-estrategica-mudam-os-rumos-da-gestao-de-talentos\/","url_meta":{"origin":85646,"position":4},"title":"IA e Remunera\u00e7\u00e3o Estrat\u00e9gica Mudam os Rumos da Gest\u00e3o de Talentos","author":"ismaelcolosi.com.br","date":"16 de June de 2025","format":false,"excerpt":"\r Getty Images\r Transpar\u00eancia e criatividade est\u00e3o no centro das estrat\u00e9gias para atrair e reter talentos no novo mercado de trabalho com IA\r Acessibilidade \r L\r L\r A-\r A+\r \r \u25d0\r \r \u00a0 No m\u00eas de maio, mais de 2 mil profissionais de RH e de remunera\u00e7\u00e3o de todo o\u2026","rel":"","context":"In &quot;Carreira e Sucesso&quot;","block_context":{"text":"Carreira e Sucesso","link":"https:\/\/ismaelcolosi.com.br\/index.php\/category\/carreira-e-sucesso-dicas-para-carreira\/"},"img":{"alt_text":"","src":"https:\/\/i0.wp.com\/ismaelcolosi.com.br\/wp-content\/uploads\/2025\/06\/forbes-ia-remuneracao-carreira-1200x675.jpg?fit=1200%2C675&ssl=1&resize=350%2C200","width":350,"height":200,"srcset":"https:\/\/i0.wp.com\/ismaelcolosi.com.br\/wp-content\/uploads\/2025\/06\/forbes-ia-remuneracao-carreira-1200x675.jpg?fit=1200%2C675&ssl=1&resize=350%2C200 1x, https:\/\/i0.wp.com\/ismaelcolosi.com.br\/wp-content\/uploads\/2025\/06\/forbes-ia-remuneracao-carreira-1200x675.jpg?fit=1200%2C675&ssl=1&resize=525%2C300 1.5x, https:\/\/i0.wp.com\/ismaelcolosi.com.br\/wp-content\/uploads\/2025\/06\/forbes-ia-remuneracao-carreira-1200x675.jpg?fit=1200%2C675&ssl=1&resize=700%2C400 2x, https:\/\/i0.wp.com\/ismaelcolosi.com.br\/wp-content\/uploads\/2025\/06\/forbes-ia-remuneracao-carreira-1200x675.jpg?fit=1200%2C675&ssl=1&resize=1050%2C600 3x"},"classes":[]},{"id":51153,"url":"https:\/\/ismaelcolosi.com.br\/index.php\/2024\/05\/23\/ufop-abre-900-vagas-em-cursos-gratuitos-de-ensino-a-distancia\/","url_meta":{"origin":85646,"position":5},"title":"UFOP abre 900 vagas em cursos gratuitos de ensino a dist\u00e2ncia","author":"ismaelcolosi.com.br","date":"23 de May de 2024","format":false,"excerpt":"A Universidade Federal de Ouro Preto (UFOP), em Minas Gerais, est\u00e1 com inscri\u00e7\u00f5es abertas para cursos superiores gratuitos na modalidade de ensino a dist\u00e2ncia (EaD). As inscri\u00e7\u00f5es podem ser feitas entre 24 de maio e 3 de junho, com in\u00edcio das aulas previsto para o segundo semestre de 2024. Cursos\u2026","rel":"","context":"In &quot;Cursos Gratuitos e Bolsas de Estudos&quot;","block_context":{"text":"Cursos Gratuitos e Bolsas de Estudos","link":"https:\/\/ismaelcolosi.com.br\/index.php\/category\/cursos-gratuitos-e-bolsas-de-estudos-ribeirao-preto\/"},"img":{"alt_text":"","src":"https:\/\/i0.wp.com\/ismaelcolosi.com.br\/wp-content\/uploads\/2024\/05\/UFOP-abre-900-vagas-em-cursos-gratuitos-de-ensino-a-distancia.png?fit=1200%2C630&ssl=1&resize=350%2C200","width":350,"height":200,"srcset":"https:\/\/i0.wp.com\/ismaelcolosi.com.br\/wp-content\/uploads\/2024\/05\/UFOP-abre-900-vagas-em-cursos-gratuitos-de-ensino-a-distancia.png?fit=1200%2C630&ssl=1&resize=350%2C200 1x, https:\/\/i0.wp.com\/ismaelcolosi.com.br\/wp-content\/uploads\/2024\/05\/UFOP-abre-900-vagas-em-cursos-gratuitos-de-ensino-a-distancia.png?fit=1200%2C630&ssl=1&resize=525%2C300 1.5x, https:\/\/i0.wp.com\/ismaelcolosi.com.br\/wp-content\/uploads\/2024\/05\/UFOP-abre-900-vagas-em-cursos-gratuitos-de-ensino-a-distancia.png?fit=1200%2C630&ssl=1&resize=700%2C400 2x, https:\/\/i0.wp.com\/ismaelcolosi.com.br\/wp-content\/uploads\/2024\/05\/UFOP-abre-900-vagas-em-cursos-gratuitos-de-ensino-a-distancia.png?fit=1200%2C630&ssl=1&resize=1050%2C600 3x"},"classes":[]}],"jetpack_sharing_enabled":true,"jetpack_shortlink":"https:\/\/wp.me\/pfMlyK-mho","_links":{"self":[{"href":"https:\/\/ismaelcolosi.com.br\/index.php\/wp-json\/wp\/v2\/posts\/85646","targetHints":{"allow":["GET"]}}],"collection":[{"href":"https:\/\/ismaelcolosi.com.br\/index.php\/wp-json\/wp\/v2\/posts"}],"about":[{"href":"https:\/\/ismaelcolosi.com.br\/index.php\/wp-json\/wp\/v2\/types\/post"}],"author":[{"embeddable":true,"href":"https:\/\/ismaelcolosi.com.br\/index.php\/wp-json\/wp\/v2\/users\/1"}],"replies":[{"embeddable":true,"href":"https:\/\/ismaelcolosi.com.br\/index.php\/wp-json\/wp\/v2\/comments?post=85646"}],"version-history":[{"count":0,"href":"https:\/\/ismaelcolosi.com.br\/index.php\/wp-json\/wp\/v2\/posts\/85646\/revisions"}],"wp:featuredmedia":[{"embeddable":true,"href":"https:\/\/ismaelcolosi.com.br\/index.php\/wp-json\/wp\/v2\/media\/85647"}],"wp:attachment":[{"href":"https:\/\/ismaelcolosi.com.br\/index.php\/wp-json\/wp\/v2\/media?parent=85646"}],"wp:term":[{"taxonomy":"category","embeddable":true,"href":"https:\/\/ismaelcolosi.com.br\/index.php\/wp-json\/wp\/v2\/categories?post=85646"},{"taxonomy":"post_tag","embeddable":true,"href":"https:\/\/ismaelcolosi.com.br\/index.php\/wp-json\/wp\/v2\/tags?post=85646"}],"curies":[{"name":"wp","href":"https:\/\/api.w.org\/{rel}","templated":true}]}}