{"id":85643,"date":"2025-05-22T13:49:07","date_gmt":"2025-05-22T16:49:07","guid":{"rendered":"https:\/\/ismaelcolosi.com.br\/?p=85643"},"modified":"2025-05-22T13:50:12","modified_gmt":"2025-05-22T16:50:12","slug":"vagas-de-auxiliar-de-escritorio-lider-de-limpeza-servente-de-limpeza-e-assistente-de-vendas","status":"publish","type":"post","link":"https:\/\/ismaelcolosi.com.br\/index.php\/2025\/05\/22\/vagas-de-auxiliar-de-escritorio-lider-de-limpeza-servente-de-limpeza-e-assistente-de-vendas\/","title":{"rendered":"Vagas de Auxiliar de escrit\u00f3rio, L\u00edder de limpeza, Servente de limpeza e Assistente de vendas"},"content":{"rendered":"<p><a href=\"https:\/\/otieu.com\/4\/9273740\">L\u00edder de limpeza<\/a><br \/>\nRequisitos:<br \/>\nExperi\u00eancia na fun\u00e7\u00e3o<br \/>\nDisponibilidade para o per\u00edodo noturno<br \/>\nInteressados enviar curr\u00edculo para:<br \/>\nWhatsApp <a href=\"https:\/\/otieu.com\/4\/9273740\">(11) 98889-3955<\/a><\/p>\n<p>&nbsp;<\/p>\n<p>Servente de limpeza<br \/>\nRequisitos:<br \/>\nExperi\u00eancia na fun\u00e7\u00e3o<br \/>\nDisponibilidade para 12&#215;36<br \/>\nInteressados enviar curr\u00edculo para:<br \/>\nWhatsApp <a href=\"https:\/\/otieu.com\/4\/9273740\">(11) 98889-3955<\/a><\/p>\n<p>&nbsp;<\/p>\n<p><a href=\"https:\/\/otieu.com\/4\/9273740\">Assistente de vendas<\/a><br \/>\nRequisitos:<br \/>\nMaior de 18 anos<br \/>\nDisponibilidade de hor\u00e1rio<br \/>\nInteressados enviar curr\u00edculo para:<br \/>\nWhatsApp <a href=\"https:\/\/otieu.com\/4\/9273740\">(16) 99156-0910<\/a><\/p>\n<p>&nbsp;<\/p>\n<p><a href=\"https:\/\/otieu.com\/4\/9273740\">Auxiliar de escrit\u00f3rio<\/a><br \/>\nRequisitos:<br \/>\nEnsino m\u00e9dio completo<br \/>\nFlexibilidade de hor\u00e1rio<br \/>\nTer experi\u00eancia na \u00e1rea da sa\u00fade em setores como recep\u00e7\u00e3o, digita\u00e7\u00e3o de laudos, PABX<br \/>\nInteressados enviar curr\u00edculo para:<br \/>\nWhatsApp <a href=\"https:\/\/otieu.com\/4\/9273740\">(16) 98823-1566<\/a><\/p>\n<div class='code-block code-block-4' style='margin: 8px auto 8px 0; text-align: left; display: block; clear: both;'>\n\ud83d\udce2 Aviso Legal\n\nO site ismaelcolosi.com.br atua apenas como um canal de divulga\u00e7\u00e3o de oportunidades de emprego e n\u00e3o se responsabiliza pelo processo seletivo, contrata\u00e7\u00e3o ou qualquer outra etapa relacionada \u00e0s vagas publicadas. Todas as informa\u00e7\u00f5es s\u00e3o de responsabilidade dos anunciantes.\n\n\u26a0\ufe0f Aten\u00e7\u00e3o! Nunca pague por promessas de emprego nem compre cursos que garantam contrata\u00e7\u00e3o. Desconfie de qualquer cobran\u00e7a para participar de sele\u00e7\u00f5es.\n\n\n\n<\/div>\n<!-- CONTENT END 1 -->\n","protected":false},"excerpt":{"rendered":"<p>L\u00edder de limpeza Requisitos: Experi\u00eancia na fun\u00e7\u00e3o Disponibilidade para o per\u00edodo noturno Interessados enviar curr\u00edculo para: WhatsApp (11) 98889-3955 &nbsp; Servente de limpeza Requisitos: Experi\u00eancia&#8230;<\/p>\n","protected":false},"author":1,"featured_media":85443,"comment_status":"closed","ping_status":"open","sticky":false,"template":"","format":"standard","meta":{"_uag_custom_page_level_css":"","advanced_seo_description":"","jetpack_seo_html_title":"","jetpack_seo_noindex":false,"jetpack_post_was_ever_published":false,"_jetpack_newsletter_access":"","_jetpack_dont_email_post_to_subs":false,"_jetpack_newsletter_tier_id":0,"_jetpack_memberships_contains_paywalled_content":false,"_jetpack_memberships_contains_paid_content":false,"footnotes":"","jetpack_publicize_message":"","jetpack_publicize_feature_enabled":true,"jetpack_social_post_already_shared":true,"jetpack_social_options":{"image_generator_settings":{"template":"highway","default_image_id":0,"font":"","enabled":false},"version":2}},"categories":[7],"tags":[],"class_list":["post-85643","post","type-post","status-publish","format-standard","has-post-thumbnail","hentry","category-vagas-de-empregos-em-ribeirao-preto-regiao-brasil"],"jetpack_publicize_connections":[],"jetpack_featured_media_url":"https:\/\/i0.wp.com\/ismaelcolosi.com.br\/wp-content\/uploads\/2025\/05\/ISMAEL2BCOLOSI2BVAGA2BVAGA2BISMAEL2BCOLOSI2BVAGA2BVAGA2BISMAEL2BCOLOSI2BVAGA2BVAGA2BISMAEL2BCOLOSI2BVAGA2BVAGA.jpg?fit=960%2C960&ssl=1","uagb_featured_image_src":{"full":["https:\/\/i0.wp.com\/ismaelcolosi.com.br\/wp-content\/uploads\/2025\/05\/ISMAEL2BCOLOSI2BVAGA2BVAGA2BISMAEL2BCOLOSI2BVAGA2BVAGA2BISMAEL2BCOLOSI2BVAGA2BVAGA2BISMAEL2BCOLOSI2BVAGA2BVAGA.jpg?fit=960%2C960&ssl=1",960,960,false],"thumbnail":["https:\/\/i0.wp.com\/ismaelcolosi.com.br\/wp-content\/uploads\/2025\/05\/ISMAEL2BCOLOSI2BVAGA2BVAGA2BISMAEL2BCOLOSI2BVAGA2BVAGA2BISMAEL2BCOLOSI2BVAGA2BVAGA2BISMAEL2BCOLOSI2BVAGA2BVAGA.jpg?resize=150%2C150&ssl=1",150,150,true],"medium":["https:\/\/i0.wp.com\/ismaelcolosi.com.br\/wp-content\/uploads\/2025\/05\/ISMAEL2BCOLOSI2BVAGA2BVAGA2BISMAEL2BCOLOSI2BVAGA2BVAGA2BISMAEL2BCOLOSI2BVAGA2BVAGA2BISMAEL2BCOLOSI2BVAGA2BVAGA.jpg?fit=300%2C300&ssl=1",300,300,true],"medium_large":["https:\/\/i0.wp.com\/ismaelcolosi.com.br\/wp-content\/uploads\/2025\/05\/ISMAEL2BCOLOSI2BVAGA2BVAGA2BISMAEL2BCOLOSI2BVAGA2BVAGA2BISMAEL2BCOLOSI2BVAGA2BVAGA2BISMAEL2BCOLOSI2BVAGA2BVAGA.jpg?fit=768%2C768&ssl=1",768,768,true],"large":["https:\/\/i0.wp.com\/ismaelcolosi.com.br\/wp-content\/uploads\/2025\/05\/ISMAEL2BCOLOSI2BVAGA2BVAGA2BISMAEL2BCOLOSI2BVAGA2BVAGA2BISMAEL2BCOLOSI2BVAGA2BVAGA2BISMAEL2BCOLOSI2BVAGA2BVAGA.jpg?fit=960%2C960&ssl=1",960,960,true],"1536x1536":["https:\/\/i0.wp.com\/ismaelcolosi.com.br\/wp-content\/uploads\/2025\/05\/ISMAEL2BCOLOSI2BVAGA2BVAGA2BISMAEL2BCOLOSI2BVAGA2BVAGA2BISMAEL2BCOLOSI2BVAGA2BVAGA2BISMAEL2BCOLOSI2BVAGA2BVAGA.jpg?fit=960%2C960&ssl=1",960,960,true],"2048x2048":["https:\/\/i0.wp.com\/ismaelcolosi.com.br\/wp-content\/uploads\/2025\/05\/ISMAEL2BCOLOSI2BVAGA2BVAGA2BISMAEL2BCOLOSI2BVAGA2BVAGA2BISMAEL2BCOLOSI2BVAGA2BVAGA2BISMAEL2BCOLOSI2BVAGA2BVAGA.jpg?fit=960%2C960&ssl=1",960,960,true],"really-simple-thumb":["https:\/\/i0.wp.com\/ismaelcolosi.com.br\/wp-content\/uploads\/2025\/05\/ISMAEL2BCOLOSI2BVAGA2BVAGA2BISMAEL2BCOLOSI2BVAGA2BVAGA2BISMAEL2BCOLOSI2BVAGA2BVAGA2BISMAEL2BCOLOSI2BVAGA2BVAGA.jpg?resize=370%2C247&ssl=1",370,247,true]},"uagb_author_info":{"display_name":"ismaelcolosi.com.br","author_link":"https:\/\/ismaelcolosi.com.br\/index.php\/author\/vidareal-online\/"},"uagb_comment_info":0,"uagb_excerpt":"L\u00edder de limpeza Requisitos: Experi\u00eancia na fun\u00e7\u00e3o Disponibilidade para o per\u00edodo noturno Interessados enviar curr\u00edculo para: WhatsApp (11) 98889-3955 &nbsp; Servente de limpeza Requisitos: Experi\u00eancia...","jetpack-related-posts":[{"id":85829,"url":"https:\/\/ismaelcolosi.com.br\/index.php\/2025\/05\/30\/50-vagas-de-emprego-em-ribeirao-preto-sp-477\/","url_meta":{"origin":85643,"position":0},"title":"50 vagas de emprego em Ribeir\u00e3o Preto-SP","author":"ismaelcolosi.com.br","date":"30 de May de 2025","format":false,"excerpt":"Empregos - Atualizado em 30\/05\/2025 Auxiliar de limpeza Requisitos: Experi\u00eancia na fun\u00e7\u00e3o Disponibilidade de hor\u00e1rio Interessados enviar curr\u00edculo para: rh@paddockbar.com.br Compartilhe: Ajudante de cozinha Requisitos: Experi\u00eancia na fun\u00e7\u00e3o Prefer\u00eancia que mora nas proximidades do jardim iraj\u00e1 ou tenha condu\u00e7\u00e3o pr\u00f3pria. Interessados enviar curr\u00edculo para: WhatsApp (16) 99328-1885 Compartilhe: Churrasqueiro Requisitos:\u2026","rel":"","context":"In &quot;Vagas de Emprego em Ribeir\u00e3o Preto-SP&quot;","block_context":{"text":"Vagas de Emprego em Ribeir\u00e3o Preto-SP","link":"https:\/\/ismaelcolosi.com.br\/index.php\/category\/empregos-classificados-vagas-trabalho\/vagas-de-empregos-em-ribeirao-preto-regiao-brasil\/"},"img":{"alt_text":"","src":"https:\/\/i0.wp.com\/ismaelcolosi.com.br\/wp-content\/uploads\/2025\/05\/1748630158_677304830594429.jpg?fit=640%2C623&ssl=1&resize=350%2C200","width":350,"height":200,"srcset":"https:\/\/i0.wp.com\/ismaelcolosi.com.br\/wp-content\/uploads\/2025\/05\/1748630158_677304830594429.jpg?fit=640%2C623&ssl=1&resize=350%2C200 1x, https:\/\/i0.wp.com\/ismaelcolosi.com.br\/wp-content\/uploads\/2025\/05\/1748630158_677304830594429.jpg?fit=640%2C623&ssl=1&resize=525%2C300 1.5x"},"classes":[]},{"id":85838,"url":"https:\/\/ismaelcolosi.com.br\/index.php\/2025\/05\/31\/50-vagas-de-emprego-em-ribeirao-preto-sp-478\/","url_meta":{"origin":85643,"position":1},"title":"50 vagas de emprego em Ribeir\u00e3o Preto-SP","author":"ismaelcolosi.com.br","date":"31 de May de 2025","format":false,"excerpt":"Empregos - Atualizado em 31\/05\/2025 Auxiliar de limpeza Requisitos: Experi\u00eancia na fun\u00e7\u00e3o Disponibilidade de hor\u00e1rio Interessados enviar curr\u00edculo para: rh@paddockbar.com.br Compartilhe: Ajudante de cozinha Requisitos: Experi\u00eancia na fun\u00e7\u00e3o Prefer\u00eancia que mora nas proximidades do jardim iraj\u00e1 ou tenha condu\u00e7\u00e3o pr\u00f3pria. Interessados enviar curr\u00edculo para: WhatsApp (16) 99328-1885 Compartilhe: Churrasqueiro Requisitos:\u2026","rel":"","context":"In &quot;Vagas de Emprego em Ribeir\u00e3o Preto-SP&quot;","block_context":{"text":"Vagas de Emprego em Ribeir\u00e3o Preto-SP","link":"https:\/\/ismaelcolosi.com.br\/index.php\/category\/empregos-classificados-vagas-trabalho\/vagas-de-empregos-em-ribeirao-preto-regiao-brasil\/"},"img":{"alt_text":"Imagem compartilhar whatsapp","src":"https:\/\/i0.wp.com\/www.ribeiraopretoclassificados.com\/\/source\/view\/img\/20w50.png?resize=350%2C200&ssl=1","width":350,"height":200},"classes":[]},{"id":85818,"url":"https:\/\/ismaelcolosi.com.br\/index.php\/2025\/05\/29\/50-vagas-de-emprego-em-ribeirao-preto-sp-476\/","url_meta":{"origin":85643,"position":2},"title":"50 vagas de emprego em Ribeir\u00e3o Preto-SP","author":"ismaelcolosi.com.br","date":"29 de May de 2025","format":false,"excerpt":"Empregos - Atualizado em 29\/05\/2025 MEC\u00c2NICO DE BICICLETA MOTORIZADA Pessoa com no\u00e7\u00e3o b\u00e1sica de mec\u00e2nica, residentes em RIBEIR\u00c3O PRETO. Possuir CNH Interessados enviar curr\u00edculo para: maobikes@gmail.com Compartilhe: CONTROLADOR DE ACESSO Requisitos: Experi\u00eancia na \u00c1rea ser\u00e1 um diferencial O Que seja atento, com postura, comunica\u00e7\u00e3o clara e compromisso com a miss\u00e3o.\u2026","rel":"","context":"In &quot;Vagas de Emprego em Ribeir\u00e3o Preto-SP&quot;","block_context":{"text":"Vagas de Emprego em Ribeir\u00e3o Preto-SP","link":"https:\/\/ismaelcolosi.com.br\/index.php\/category\/empregos-classificados-vagas-trabalho\/vagas-de-empregos-em-ribeirao-preto-regiao-brasil\/"},"img":{"alt_text":"Imagem compartilhar whatsapp","src":"https:\/\/i0.wp.com\/www.ribeiraopretoclassificados.com\/\/source\/view\/img\/20w50.png?resize=350%2C200&ssl=1","width":350,"height":200},"classes":[]},{"id":85791,"url":"https:\/\/ismaelcolosi.com.br\/index.php\/2025\/05\/28\/50-vagas-de-emprego-em-ribeirao-preto-sp-475\/","url_meta":{"origin":85643,"position":3},"title":"50 vagas de emprego em Ribeir\u00e3o Preto-SP","author":"ismaelcolosi.com.br","date":"28 de May de 2025","format":false,"excerpt":"Empregos - Atualizado em 28\/05\/2025 Atendente Fast-Food Requisitos: Maior de 18 anos Ensino fundamental completo Disponibilidade de hor\u00e1rio Interessados enviar curr\u00edculo para: WhatsApp (16) 99243-2630 Compartilhe: Auxiliar de Compras Descri\u00e7\u00e3o da Vaga \u2022 Auxiliar no processo de compras de materiais, produtos e servi\u00e7os, garantindo o atendimento \u00e0s demandas internas da\u2026","rel":"","context":"In &quot;Vagas de Emprego em Ribeir\u00e3o Preto-SP&quot;","block_context":{"text":"Vagas de Emprego em Ribeir\u00e3o Preto-SP","link":"https:\/\/ismaelcolosi.com.br\/index.php\/category\/empregos-classificados-vagas-trabalho\/vagas-de-empregos-em-ribeirao-preto-regiao-brasil\/"},"img":{"alt_text":"Imagem compartilhar whatsapp","src":"https:\/\/i0.wp.com\/www.ribeiraopretoclassificados.com\/\/source\/view\/img\/20w50.png?resize=350%2C200&ssl=1","width":350,"height":200},"classes":[]},{"id":85674,"url":"https:\/\/ismaelcolosi.com.br\/index.php\/2025\/05\/23\/50-vagas-de-emprego-em-ribeirao-preto-sp-470\/","url_meta":{"origin":85643,"position":4},"title":"50 vagas de emprego em Ribeir\u00e3o Preto-SP","author":"ismaelcolosi.com.br","date":"23 de May de 2025","format":false,"excerpt":"Empregos - Atualizado em 23\/05\/2025 ADVOGADO REQUISITOS \u2022 Gradua\u00e7\u00e3o completa em Direito (OAB ativa); \u2022 Experi\u00eancia em processos trabalhista; \u2022 CNH e disponibilidade para viagens; \u2022 Bom relacionamento interpessoal e habilidade para trabalhar de forma independente e em equipe. Envie seu curr\u00edculo para: recrutafc@hotmail.com - Assunto e-mail: Vaga #89 Advogado\u2026","rel":"","context":"In &quot;Vagas de Emprego em Ribeir\u00e3o Preto-SP&quot;","block_context":{"text":"Vagas de Emprego em Ribeir\u00e3o Preto-SP","link":"https:\/\/ismaelcolosi.com.br\/index.php\/category\/empregos-classificados-vagas-trabalho\/vagas-de-empregos-em-ribeirao-preto-regiao-brasil\/"},"img":{"alt_text":"","src":"https:\/\/i0.wp.com\/ismaelcolosi.com.br\/wp-content\/uploads\/2025\/05\/1748023901_677304830594429.jpg?fit=640%2C623&ssl=1&resize=350%2C200","width":350,"height":200,"srcset":"https:\/\/i0.wp.com\/ismaelcolosi.com.br\/wp-content\/uploads\/2025\/05\/1748023901_677304830594429.jpg?fit=640%2C623&ssl=1&resize=350%2C200 1x, https:\/\/i0.wp.com\/ismaelcolosi.com.br\/wp-content\/uploads\/2025\/05\/1748023901_677304830594429.jpg?fit=640%2C623&ssl=1&resize=525%2C300 1.5x"},"classes":[]},{"id":85681,"url":"https:\/\/ismaelcolosi.com.br\/index.php\/2025\/05\/24\/50-vagas-de-emprego-em-ribeirao-preto-sp-471\/","url_meta":{"origin":85643,"position":5},"title":"50 vagas de emprego em Ribeir\u00e3o Preto-SP","author":"ismaelcolosi.com.br","date":"24 de May de 2025","format":false,"excerpt":"Empregos - Atualizado em 24\/05\/2025 ADVOGADO REQUISITOS \u2022 Gradua\u00e7\u00e3o completa em Direito (OAB ativa); \u2022 Experi\u00eancia em processos trabalhista; \u2022 CNH e disponibilidade para viagens; \u2022 Bom relacionamento interpessoal e habilidade para trabalhar de forma independente e em equipe. Envie seu curr\u00edculo para: recrutafc@hotmail.com - Assunto e-mail: Vaga #89 Advogado\u2026","rel":"","context":"In &quot;Vagas de Emprego em Ribeir\u00e3o Preto-SP&quot;","block_context":{"text":"Vagas de Emprego em Ribeir\u00e3o Preto-SP","link":"https:\/\/ismaelcolosi.com.br\/index.php\/category\/empregos-classificados-vagas-trabalho\/vagas-de-empregos-em-ribeirao-preto-regiao-brasil\/"},"img":{"alt_text":"Imagem compartilhar whatsapp","src":"https:\/\/i0.wp.com\/www.ribeiraopretoclassificados.com\/\/source\/view\/img\/20w50.png?resize=350%2C200&ssl=1","width":350,"height":200},"classes":[]}],"jetpack_sharing_enabled":true,"jetpack_shortlink":"https:\/\/wp.me\/pfMlyK-mhl","_links":{"self":[{"href":"https:\/\/ismaelcolosi.com.br\/index.php\/wp-json\/wp\/v2\/posts\/85643","targetHints":{"allow":["GET"]}}],"collection":[{"href":"https:\/\/ismaelcolosi.com.br\/index.php\/wp-json\/wp\/v2\/posts"}],"about":[{"href":"https:\/\/ismaelcolosi.com.br\/index.php\/wp-json\/wp\/v2\/types\/post"}],"author":[{"embeddable":true,"href":"https:\/\/ismaelcolosi.com.br\/index.php\/wp-json\/wp\/v2\/users\/1"}],"replies":[{"embeddable":true,"href":"https:\/\/ismaelcolosi.com.br\/index.php\/wp-json\/wp\/v2\/comments?post=85643"}],"version-history":[{"count":2,"href":"https:\/\/ismaelcolosi.com.br\/index.php\/wp-json\/wp\/v2\/posts\/85643\/revisions"}],"predecessor-version":[{"id":85645,"href":"https:\/\/ismaelcolosi.com.br\/index.php\/wp-json\/wp\/v2\/posts\/85643\/revisions\/85645"}],"wp:featuredmedia":[{"embeddable":true,"href":"https:\/\/ismaelcolosi.com.br\/index.php\/wp-json\/wp\/v2\/media\/85443"}],"wp:attachment":[{"href":"https:\/\/ismaelcolosi.com.br\/index.php\/wp-json\/wp\/v2\/media?parent=85643"}],"wp:term":[{"taxonomy":"category","embeddable":true,"href":"https:\/\/ismaelcolosi.com.br\/index.php\/wp-json\/wp\/v2\/categories?post=85643"},{"taxonomy":"post_tag","embeddable":true,"href":"https:\/\/ismaelcolosi.com.br\/index.php\/wp-json\/wp\/v2\/tags?post=85643"}],"curies":[{"name":"wp","href":"https:\/\/api.w.org\/{rel}","templated":true}]}}