{"id":85638,"date":"2025-05-22T10:35:30","date_gmt":"2025-05-22T13:35:30","guid":{"rendered":"https:\/\/ismaelcolosi.com.br\/index.php\/2025\/05\/22\/ceo-e-fundador-do-mercado-livre-deixara-o-cargo-apos-26-anos\/"},"modified":"2025-05-22T10:35:30","modified_gmt":"2025-05-22T13:35:30","slug":"ceo-e-fundador-do-mercado-livre-deixara-o-cargo-apos-26-anos","status":"publish","type":"post","link":"https:\/\/ismaelcolosi.com.br\/index.php\/2025\/05\/22\/ceo-e-fundador-do-mercado-livre-deixara-o-cargo-apos-26-anos\/","title":{"rendered":"CEO e Fundador do Mercado Livre Deixar\u00e1 o Cargo ap\u00f3s 26 Anos"},"content":{"rendered":"<p> <br \/>\n<\/p>\n<div>\n<figure class=\"destaque wp-caption\">&#13;<br \/>\n\t\t<img data-recalc-dims=\"1\" width=\"678\" height=\"452\" src=\"https:\/\/i0.wp.com\/forbes.com.br\/wp-content\/uploads\/2025\/05\/carreira-marcos-galperin-mercado-livre-768x512.jpg?resize=678%2C452&#038;ssl=1\" class=\"attachment-medium_large size-medium_large wp-post-image\" alt=\"\" decoding=\"async\" fetchpriority=\"high\" srcset=\"https:\/\/forbes.com.br\/wp-content\/uploads\/2025\/05\/carreira-marcos-galperin-mercado-livre-768x512.jpg 768w, https:\/\/forbes.com.br\/wp-content\/uploads\/2025\/05\/carreira-marcos-galperin-mercado-livre-300x200.jpg 300w, https:\/\/forbes.com.br\/wp-content\/uploads\/2025\/05\/carreira-marcos-galperin-mercado-livre-1024x683.jpg 1024w, https:\/\/forbes.com.br\/wp-content\/uploads\/2025\/05\/carreira-marcos-galperin-mercado-livre-800x533.jpg 800w, https:\/\/forbes.com.br\/wp-content\/uploads\/2025\/05\/carreira-marcos-galperin-mercado-livre-165x110.jpg 165w, https:\/\/forbes.com.br\/wp-content\/uploads\/2025\/05\/carreira-marcos-galperin-mercado-livre-120x80.jpg 120w, https:\/\/forbes.com.br\/wp-content\/uploads\/2025\/05\/carreira-marcos-galperin-mercado-livre-150x100.jpg 150w, https:\/\/forbes.com.br\/wp-content\/uploads\/2025\/05\/carreira-marcos-galperin-mercado-livre.jpg 1500w\" sizes=\"(max-width: 678px) 100vw, 678px\"\/>\t\t<\/p>\n<p>Divulga\u00e7\u00e3o\/Mercado Livre<\/p>\n<p>&#13;<figcaption class=\"wp-caption-text\">Nascido em Buenos Aires, Marcos Galperin cofundou o Mercado Livre em 1999 com tr\u00eas colegas da Escola de Neg\u00f3cios da Universidade de Stanford e se tornou o homem mais rico da Argentina<\/figcaption>&#13;<br \/>\n\t<\/figure>\n<div class=\"accessibility\">\n<p>Acessibilidade<\/p>\n<p>&#13;<br \/>\n\t\t\t<button onclick=\"alterFont1()\" id=\"btn1\" class=\"btn\">L<\/button>&#13;<br \/>\n\t\t\t<button onclick=\"alterFont2()\" id=\"btn2\" class=\"btn\" style=\"font-family:Merriweather\">L<\/button>&#13;<br \/>\n\t\t\t<button onclick=\"alterFontSmallerSize()\" id=\"btn3\" class=\"btn\">A-<\/button>&#13;<br \/>\n\t\t\t<button onclick=\"alterFontBiggerSize()\" id=\"btn4\" class=\"btn\">A+<\/button>&#13;<br \/>\n\t\t\t<!--<button onclick='alterFontBolder()' id='btn5' class=\"btn\" >B<\/button>-->&#13;<br \/>\n\t\t\t<button onclick=\"alterBackground()\" id=\"btn6\" class=\"btn\">\u25d0<\/button>&#13;<br \/>\n\t\t\t<!--<button onclick='clean()' id='btn7' class=\"btn\" >Limpar<\/button>-->&#13;\n\t\t<\/p>\n<\/p><\/div>\n<p>\u00a0<\/p>\n<p>Marcos Galperin, fundador do Mercado Livre e respons\u00e1vel por transform\u00e1-lo na empresa mais valiosa da Am\u00e9rica Latina listada em bolsa, deixar\u00e1 o cargo de CEO no final deste ano, informou a companhia na quarta-feira (21).<\/p>\n<p>Galperin ser\u00e1 substitu\u00eddo por Ariel Szarfsztejn, que atualmente comanda a \u00e1rea de com\u00e9rcio eletr\u00f4nico da empresa, a partir de 1\u00ba de janeiro.<\/p>\n<aside>\n<h2>Leia tamb\u00e9m<\/h2>\n<\/aside>\n<p>Nascido em Buenos Aires, Galperin cofundou o Mercado Livre em 1999 com tr\u00eas colegas da Escola de Neg\u00f3cios da Universidade de Stanford e se tornou o homem mais rico da Argentina.<\/p>\n<p>Aos 53 anos, ele assumir\u00e1 agora \u201cum papel mais estrat\u00e9gico\u201d como presidente executivo do conselho de administra\u00e7\u00e3o, segundo documento do Mercado Livre \u00e0 SEC, \u00f3rg\u00e3o regulador do mercado de capitais nos Estados Unidos.<\/p>\n<h2>Quem \u00e9 o novo CEO do Mercado Livre<\/h2>\n<p>\u201cTenho absoluta convic\u00e7\u00e3o de que Ariel Szarfsztejn \u00e9 a pessoa certa para liderar esta nova etapa como CEO do MELI\u201d. declarou Galperin em uma mensagem pessoal nas redes sociais.<\/p>\n<p>Szarfsztejn, de 43 anos, \u00e9 mestre em administra\u00e7\u00e3o pela Stanford e entrou no Mercado Livre em 2017, ocupando diversas posi\u00e7\u00f5es antes de assumir a lideran\u00e7a da \u00e1rea de com\u00e9rcio eletr\u00f4nico em 2023.<\/p>\n<p>Analistas do Santander classificaram a transi\u00e7\u00e3o como uma \u201cevolu\u00e7\u00e3o natural\u201d na trajet\u00f3ria de Galperin e disseram n\u00e3o esperar mudan\u00e7as estrat\u00e9gicas significativas como resultado.<\/p>\n<p>Conhecido como a resposta da Am\u00e9rica Latina \u00e0 Amazon, dos Estados Unidos, ou ao Alibaba , da China, o Mercado Livre acumula atualmente um valor de mercado de US$ 131 bilh\u00f5es.<\/p>\n<p>O mercado reagiu com tranquilidade ao an\u00fancio desta quarta-feira durante as negocia\u00e7\u00f5es estendidas, indicando que os investidores est\u00e3o satisfeitos com a transi\u00e7\u00e3o e o cronograma estabelecido.<\/p>\n<p>As a\u00e7\u00f5es da empresa, que estrearam na Nasdaq em 2007, haviam fechado o dia com um recorde hist\u00f3rico.<\/p>\n<p>Galperin, bilion\u00e1rio e um dos empreendedores mais influentes da regi\u00e3o, havia dito \u00e0 Reuters em setembro que se afastaria \u201cem algum momento\u201d de sua posi\u00e7\u00e3o, mas indicou que permaneceria pr\u00f3ximo da empresa caso o fizesse.<\/p>\n<p>\u201cVejo tantas oportunidades no Mercado Livre. Acho que este \u00e9 o lugar onde enxergo mais possibilidades para o futuro. Se eu fosse come\u00e7ar algo novo, seria dentro do Mercado Livre\u201d, afirmou na \u00e9poca.<\/p>\n<aside>\n<h2>Escolhas do editor<\/h2>\n<\/aside>\n<div class=\"follow-us\">Siga o canal da <a href=\"https:\/\/whatsapp.com\/channel\/0029VaAZk57JuyA9F4UwQc2I\" target=\"_blank\" rel=\"noopener noreferrer nofollow\" title=\"Grupo da Forbes Money no WhatsApp\">Forbes Money<\/a> no WhatsApp e receba as principais not\u00edcias de economia e mercado financeiro.<\/div>\n<\/p><\/div>\n<p><script data-debloat-delay=\"1\" type=\"text\/debloat-script\">\n\t\t\t\t(function(d, s, id){\n\t\t\t\t\tvar js, fjs = d.getElementsByTagName(s)[0];\n\t\t\t\t\tif (d.getElementById(id)) return;\n\t\t\t\t\tjs = d.createElement(s); js.id = id;\n\t\t\t\t\tjs.src = \"\/\/connect.facebook.net\/pt_BR\/sdk.js#xfbml=1&version=v2.9\";\n\t\t\t\t\tfjs.parentNode.insertBefore(js, fjs);\n\t\t\t\t}(document, 'script', 'facebook-jssdk'));\n\t\t\t<\/script><br \/>\n<br \/><br \/>\n<br \/><a href=\"https:\/\/forbes.com.br\/carreira\/2025\/05\/ceo-e-fundador-do-mercado-livre-deixara-o-cargo-apos-26-anos\/\">Source link <\/a><\/p>\n<div class='code-block code-block-4' style='margin: 8px auto 8px 0; text-align: left; display: block; clear: both;'>\n\ud83d\udce2 Aviso Legal\n\nO site ismaelcolosi.com.br atua apenas como um canal de divulga\u00e7\u00e3o de oportunidades de emprego e n\u00e3o se responsabiliza pelo processo seletivo, contrata\u00e7\u00e3o ou qualquer outra etapa relacionada \u00e0s vagas publicadas. Todas as informa\u00e7\u00f5es s\u00e3o de responsabilidade dos anunciantes.\n\n\u26a0\ufe0f Aten\u00e7\u00e3o! Nunca pague por promessas de emprego nem compre cursos que garantam contrata\u00e7\u00e3o. Desconfie de qualquer cobran\u00e7a para participar de sele\u00e7\u00f5es.\n\n\n\n<\/div>\n<!-- CONTENT END 1 -->\n","protected":false},"excerpt":{"rendered":"<p>&#13; Divulga\u00e7\u00e3o\/Mercado Livre &#13;Nascido em Buenos Aires, Marcos Galperin cofundou o Mercado Livre em 1999 com tr\u00eas colegas da Escola de Neg\u00f3cios da Universidade de&#8230;<\/p>\n","protected":false},"author":1,"featured_media":76395,"comment_status":"","ping_status":"open","sticky":false,"template":"","format":"standard","meta":{"_uag_custom_page_level_css":"","advanced_seo_description":"","jetpack_seo_html_title":"","jetpack_seo_noindex":false,"jetpack_post_was_ever_published":false,"_jetpack_newsletter_access":"","_jetpack_dont_email_post_to_subs":false,"_jetpack_newsletter_tier_id":0,"_jetpack_memberships_contains_paywalled_content":false,"_jetpack_memberships_contains_paid_content":false,"footnotes":"","jetpack_publicize_message":"","jetpack_publicize_feature_enabled":true,"jetpack_social_post_already_shared":true,"jetpack_social_options":{"image_generator_settings":{"template":"highway","default_image_id":0,"font":"","enabled":false},"version":2}},"categories":[1964],"tags":[],"class_list":["post-85638","post","type-post","status-publish","format-standard","has-post-thumbnail","hentry","category-carreira-e-sucesso-dicas-para-carreira"],"jetpack_publicize_connections":[],"jetpack_featured_media_url":"https:\/\/i0.wp.com\/ismaelcolosi.com.br\/wp-content\/uploads\/2024\/11\/forbes-og-1030x438.webp?fit=1030%2C438&ssl=1","uagb_featured_image_src":{"full":["https:\/\/i0.wp.com\/ismaelcolosi.com.br\/wp-content\/uploads\/2024\/11\/forbes-og-1030x438.webp?fit=1030%2C438&ssl=1",1030,438,false],"thumbnail":["https:\/\/i0.wp.com\/ismaelcolosi.com.br\/wp-content\/uploads\/2024\/11\/forbes-og-1030x438.webp?resize=150%2C150&ssl=1",150,150,true],"medium":["https:\/\/i0.wp.com\/ismaelcolosi.com.br\/wp-content\/uploads\/2024\/11\/forbes-og-1030x438.webp?fit=300%2C128&ssl=1",300,128,true],"medium_large":["https:\/\/i0.wp.com\/ismaelcolosi.com.br\/wp-content\/uploads\/2024\/11\/forbes-og-1030x438.webp?fit=768%2C327&ssl=1",768,327,true],"large":["https:\/\/i0.wp.com\/ismaelcolosi.com.br\/wp-content\/uploads\/2024\/11\/forbes-og-1030x438.webp?fit=1024%2C435&ssl=1",1024,435,true],"1536x1536":["https:\/\/i0.wp.com\/ismaelcolosi.com.br\/wp-content\/uploads\/2024\/11\/forbes-og-1030x438.webp?fit=1030%2C438&ssl=1",1030,438,true],"2048x2048":["https:\/\/i0.wp.com\/ismaelcolosi.com.br\/wp-content\/uploads\/2024\/11\/forbes-og-1030x438.webp?fit=1030%2C438&ssl=1",1030,438,true],"really-simple-thumb":["https:\/\/i0.wp.com\/ismaelcolosi.com.br\/wp-content\/uploads\/2024\/11\/forbes-og-1030x438.webp?resize=370%2C247&ssl=1",370,247,true]},"uagb_author_info":{"display_name":"ismaelcolosi.com.br","author_link":"https:\/\/ismaelcolosi.com.br\/index.php\/author\/vidareal-online\/"},"uagb_comment_info":0,"uagb_excerpt":"&#13; Divulga\u00e7\u00e3o\/Mercado Livre &#13;Nascido em Buenos Aires, Marcos Galperin cofundou o Mercado Livre em 1999 com tr\u00eas colegas da Escola de Neg\u00f3cios da Universidade de...","jetpack-related-posts":[{"id":76397,"url":"https:\/\/ismaelcolosi.com.br\/index.php\/2024\/11\/12\/vivara-anuncia-nova-troca-de-ceo\/","url_meta":{"origin":85638,"position":0},"title":"Vivara Anuncia Nova Troca de CEO","author":"ismaelcolosi.com.br","date":"12 de November de 2024","format":false,"excerpt":"Reprodu\u00e7\u00e3o\/LinkedInAntes de chegar \u00e0 Vivara, Icaro Borrello ficou tr\u00eas anos na Alvarez & Marsal Acessibilidade \r L\r L\r A-\r A+\r \r \u25d0\r \r A Vivara anunciou nesta ter\u00e7a-feira (12) a troca de seu diretor presidente. Depois de cinco anos como executivo, Otavio Chacon do Amaral Lyra renunciou ao cargo dando\u2026","rel":"","context":"In &quot;Carreira e Sucesso&quot;","block_context":{"text":"Carreira e Sucesso","link":"https:\/\/ismaelcolosi.com.br\/index.php\/category\/carreira-e-sucesso-dicas-para-carreira\/"},"img":{"alt_text":"","src":"https:\/\/i0.wp.com\/ismaelcolosi.com.br\/wp-content\/uploads\/2024\/11\/carreira-ceo-vivara-Icaro-Borrello-1200x675.jpg?fit=1200%2C675&ssl=1&resize=350%2C200","width":350,"height":200,"srcset":"https:\/\/i0.wp.com\/ismaelcolosi.com.br\/wp-content\/uploads\/2024\/11\/carreira-ceo-vivara-Icaro-Borrello-1200x675.jpg?fit=1200%2C675&ssl=1&resize=350%2C200 1x, https:\/\/i0.wp.com\/ismaelcolosi.com.br\/wp-content\/uploads\/2024\/11\/carreira-ceo-vivara-Icaro-Borrello-1200x675.jpg?fit=1200%2C675&ssl=1&resize=525%2C300 1.5x, https:\/\/i0.wp.com\/ismaelcolosi.com.br\/wp-content\/uploads\/2024\/11\/carreira-ceo-vivara-Icaro-Borrello-1200x675.jpg?fit=1200%2C675&ssl=1&resize=700%2C400 2x, https:\/\/i0.wp.com\/ismaelcolosi.com.br\/wp-content\/uploads\/2024\/11\/carreira-ceo-vivara-Icaro-Borrello-1200x675.jpg?fit=1200%2C675&ssl=1&resize=1050%2C600 3x"},"classes":[]},{"id":88839,"url":"https:\/\/ismaelcolosi.com.br\/index.php\/2026\/01\/13\/jose-olympio-pereira-deixa-j-safra-apos-tres-anos-como-ceo\/","url_meta":{"origin":85638,"position":1},"title":"Jos\u00e9 Olympio Pereira Deixa J. Safra Ap\u00f3s Tr\u00eas Anos Como CEO","author":"ismaelcolosi.com.br","date":"13 de January de 2026","format":false,"excerpt":"\r \r \r \r Lideran\u00e7a do banco de atacado passar\u00e1 a ser exercida de forma compartilhada por tr\u00eas executivos \r \r \r \r Giovanna Querido\/Funda\u00e7\u00e3o Bienal de S\u00e3o Paulo\r Jos\u00e9 Olympio Pereira optou por sair do J. Safra para se dedicar a projetos pessoais\r Acessibilidade \r L\r L\r A-\r A+\r\u2026","rel":"","context":"In &quot;Carreira e Sucesso&quot;","block_context":{"text":"Carreira e Sucesso","link":"https:\/\/ismaelcolosi.com.br\/index.php\/category\/carreira-e-sucesso-dicas-para-carreira\/"},"img":{"alt_text":"","src":"https:\/\/i0.wp.com\/ismaelcolosi.com.br\/wp-content\/uploads\/2026\/01\/Jose-Olympio-Pereira-J-Safra-1200x675.jpg?fit=1200%2C675&ssl=1&resize=350%2C200","width":350,"height":200,"srcset":"https:\/\/i0.wp.com\/ismaelcolosi.com.br\/wp-content\/uploads\/2026\/01\/Jose-Olympio-Pereira-J-Safra-1200x675.jpg?fit=1200%2C675&ssl=1&resize=350%2C200 1x, https:\/\/i0.wp.com\/ismaelcolosi.com.br\/wp-content\/uploads\/2026\/01\/Jose-Olympio-Pereira-J-Safra-1200x675.jpg?fit=1200%2C675&ssl=1&resize=525%2C300 1.5x, https:\/\/i0.wp.com\/ismaelcolosi.com.br\/wp-content\/uploads\/2026\/01\/Jose-Olympio-Pereira-J-Safra-1200x675.jpg?fit=1200%2C675&ssl=1&resize=700%2C400 2x, https:\/\/i0.wp.com\/ismaelcolosi.com.br\/wp-content\/uploads\/2026\/01\/Jose-Olympio-Pereira-J-Safra-1200x675.jpg?fit=1200%2C675&ssl=1&resize=1050%2C600 3x"},"classes":[]},{"id":88934,"url":"https:\/\/ismaelcolosi.com.br\/index.php\/2026\/01\/27\/gol-nomeia-novo-chairman-interino-apos-morte-de-constantino-junior\/","url_meta":{"origin":85638,"position":2},"title":"Gol\u00a0Nomeia\u00a0Novo\u00a0Chairman Interino ap\u00f3s Morte de Constantino J\u00fanior","author":"ismaelcolosi.com.br","date":"27 de January de 2026","format":false,"excerpt":"A\u00a0Gol\u00a0informou no domingo que o empres\u00e1rio Constantino J\u00fanior, fundador e presidente do conselho, morreu aos 57 anos, e que o cargo passar\u00e1 a ser exercido de forma tempor\u00e1ria pelo atual vice-presidente do conselho\u00a0Antonio\u00a0Kandir, conforme fato relevante ao mercado. De acordo com o documento,\u00a0Kandir\u00a0faz parte de diversos \u00f3rg\u00e3os da administra\u00e7\u00e3o da\u00a0Gol\u00a0ao\u2026","rel":"","context":"In &quot;Carreira e Sucesso&quot;","block_context":{"text":"Carreira e Sucesso","link":"https:\/\/ismaelcolosi.com.br\/index.php\/category\/carreira-e-sucesso-dicas-para-carreira\/"},"img":{"alt_text":"","src":"https:\/\/i0.wp.com\/ismaelcolosi.com.br\/wp-content\/uploads\/2026\/01\/pilotos-gol-1-1200x675.jpg?fit=1200%2C675&ssl=1&resize=350%2C200","width":350,"height":200,"srcset":"https:\/\/i0.wp.com\/ismaelcolosi.com.br\/wp-content\/uploads\/2026\/01\/pilotos-gol-1-1200x675.jpg?fit=1200%2C675&ssl=1&resize=350%2C200 1x, https:\/\/i0.wp.com\/ismaelcolosi.com.br\/wp-content\/uploads\/2026\/01\/pilotos-gol-1-1200x675.jpg?fit=1200%2C675&ssl=1&resize=525%2C300 1.5x, https:\/\/i0.wp.com\/ismaelcolosi.com.br\/wp-content\/uploads\/2026\/01\/pilotos-gol-1-1200x675.jpg?fit=1200%2C675&ssl=1&resize=700%2C400 2x, https:\/\/i0.wp.com\/ismaelcolosi.com.br\/wp-content\/uploads\/2026\/01\/pilotos-gol-1-1200x675.jpg?fit=1200%2C675&ssl=1&resize=1050%2C600 3x"},"classes":[]},{"id":89922,"url":"https:\/\/ismaelcolosi.com.br\/index.php\/2026\/04\/20\/tim-cook-deixa-cargo-de-ceo-da-apple-vp-john-ternus-assume\/","url_meta":{"origin":85638,"position":3},"title":"Tim Cook Deixa Cargo de CEO da Apple; VP John Ternus Assume","author":"ismaelcolosi.com.br","date":"20 de April de 2026","format":false,"excerpt":"Tim Cook deixar\u00e1 o cargo de CEO da Apple ainda este ano, anunciou a fabricante do iPhone nesta segunda-feira (20). \u00c0 frente da companhia desde 2011, Cook passar\u00e1 a ocupar o cargo de presidente executivo do conselho, informou a empresa em comunicado. Ele ser\u00e1 substitu\u00eddo pelo executivo de engenharia de\u2026","rel":"","context":"In &quot;Carreira e Sucesso&quot;","block_context":{"text":"Carreira e Sucesso","link":"https:\/\/ismaelcolosi.com.br\/index.php\/category\/carreira-e-sucesso-dicas-para-carreira\/"},"img":{"alt_text":"","src":"https:\/\/i0.wp.com\/ismaelcolosi.com.br\/wp-content\/uploads\/2026\/04\/carreira-tim-cook-apple-1200x675.jpg?fit=1200%2C675&ssl=1&resize=350%2C200","width":350,"height":200,"srcset":"https:\/\/i0.wp.com\/ismaelcolosi.com.br\/wp-content\/uploads\/2026\/04\/carreira-tim-cook-apple-1200x675.jpg?fit=1200%2C675&ssl=1&resize=350%2C200 1x, https:\/\/i0.wp.com\/ismaelcolosi.com.br\/wp-content\/uploads\/2026\/04\/carreira-tim-cook-apple-1200x675.jpg?fit=1200%2C675&ssl=1&resize=525%2C300 1.5x, https:\/\/i0.wp.com\/ismaelcolosi.com.br\/wp-content\/uploads\/2026\/04\/carreira-tim-cook-apple-1200x675.jpg?fit=1200%2C675&ssl=1&resize=700%2C400 2x, https:\/\/i0.wp.com\/ismaelcolosi.com.br\/wp-content\/uploads\/2026\/04\/carreira-tim-cook-apple-1200x675.jpg?fit=1200%2C675&ssl=1&resize=1050%2C600 3x"},"classes":[]},{"id":86560,"url":"https:\/\/ismaelcolosi.com.br\/index.php\/2025\/07\/08\/quem-e-o-novo-ceo-do-carrefour\/","url_meta":{"origin":85638,"position":4},"title":"Quem \u00e9 o Novo CEO do Carrefour","author":"ismaelcolosi.com.br","date":"8 de July de 2025","format":false,"excerpt":"\r Divulga\u00e7\u00e3o\/Romeo Campos_Abelha Digital\r Pablo Lorenzo, novo CEO do Carrefour na Am\u00e9rica Latina, come\u00e7ou na empresa como estagi\u00e1rio \r Acessibilidade \r L\r L\r A-\r A+\r \r \u25d0\r \r \u00a0 A partir de 14 de julho, Pablo Lorenzo assume como novo CEO do Carrefour na Am\u00e9rica Latina, substituindo St\u00e9phane Maquaire, que\u2026","rel":"","context":"In &quot;Carreira e Sucesso&quot;","block_context":{"text":"Carreira e Sucesso","link":"https:\/\/ismaelcolosi.com.br\/index.php\/category\/carreira-e-sucesso-dicas-para-carreira\/"},"img":{"alt_text":"","src":"https:\/\/i0.wp.com\/ismaelcolosi.com.br\/wp-content\/uploads\/2025\/07\/forbes-carrefour-pablo-lorenzo-1200x675.jpg?fit=1200%2C675&ssl=1&resize=350%2C200","width":350,"height":200,"srcset":"https:\/\/i0.wp.com\/ismaelcolosi.com.br\/wp-content\/uploads\/2025\/07\/forbes-carrefour-pablo-lorenzo-1200x675.jpg?fit=1200%2C675&ssl=1&resize=350%2C200 1x, https:\/\/i0.wp.com\/ismaelcolosi.com.br\/wp-content\/uploads\/2025\/07\/forbes-carrefour-pablo-lorenzo-1200x675.jpg?fit=1200%2C675&ssl=1&resize=525%2C300 1.5x, https:\/\/i0.wp.com\/ismaelcolosi.com.br\/wp-content\/uploads\/2025\/07\/forbes-carrefour-pablo-lorenzo-1200x675.jpg?fit=1200%2C675&ssl=1&resize=700%2C400 2x, https:\/\/i0.wp.com\/ismaelcolosi.com.br\/wp-content\/uploads\/2025\/07\/forbes-carrefour-pablo-lorenzo-1200x675.jpg?fit=1200%2C675&ssl=1&resize=1050%2C600 3x"},"classes":[]},{"id":89109,"url":"https:\/\/ismaelcolosi.com.br\/index.php\/2026\/02\/11\/fundador-da-smart-fit-deixa-o-cargo-de-ceo-e-passa-bastao-para-o-filho\/","url_meta":{"origin":85638,"position":5},"title":"Fundador da Smart Fit Deixa o Cargo de CEO e Passa Bast\u00e3o para o Filho","author":"ismaelcolosi.com.br","date":"11 de February de 2026","format":false,"excerpt":"O conselho de administra\u00e7\u00e3o da Smart Fit aprovou na ter\u00e7a-feira (10) a substitui\u00e7\u00e3o do presidente-executivo e do diretor financeiro da companhia, segundo documentos enviados ao mercado. Para o lugar de Edgard Corona na presid\u00eancia-executiva, o conselho da rede de academias de gin\u00e1sticas aprovou a indica\u00e7\u00e3o de Diogo Corona, filho do\u2026","rel":"","context":"In &quot;Carreira e Sucesso&quot;","block_context":{"text":"Carreira e Sucesso","link":"https:\/\/ismaelcolosi.com.br\/index.php\/category\/carreira-e-sucesso-dicas-para-carreira\/"},"img":{"alt_text":"","src":"https:\/\/i0.wp.com\/ismaelcolosi.com.br\/wp-content\/uploads\/2026\/02\/carreira-edgard-corona-smart-fit-1200x675.jpg?fit=1200%2C675&ssl=1&resize=350%2C200","width":350,"height":200,"srcset":"https:\/\/i0.wp.com\/ismaelcolosi.com.br\/wp-content\/uploads\/2026\/02\/carreira-edgard-corona-smart-fit-1200x675.jpg?fit=1200%2C675&ssl=1&resize=350%2C200 1x, https:\/\/i0.wp.com\/ismaelcolosi.com.br\/wp-content\/uploads\/2026\/02\/carreira-edgard-corona-smart-fit-1200x675.jpg?fit=1200%2C675&ssl=1&resize=525%2C300 1.5x, https:\/\/i0.wp.com\/ismaelcolosi.com.br\/wp-content\/uploads\/2026\/02\/carreira-edgard-corona-smart-fit-1200x675.jpg?fit=1200%2C675&ssl=1&resize=700%2C400 2x, https:\/\/i0.wp.com\/ismaelcolosi.com.br\/wp-content\/uploads\/2026\/02\/carreira-edgard-corona-smart-fit-1200x675.jpg?fit=1200%2C675&ssl=1&resize=1050%2C600 3x"},"classes":[]}],"jetpack_sharing_enabled":true,"jetpack_shortlink":"https:\/\/wp.me\/pfMlyK-mhg","_links":{"self":[{"href":"https:\/\/ismaelcolosi.com.br\/index.php\/wp-json\/wp\/v2\/posts\/85638","targetHints":{"allow":["GET"]}}],"collection":[{"href":"https:\/\/ismaelcolosi.com.br\/index.php\/wp-json\/wp\/v2\/posts"}],"about":[{"href":"https:\/\/ismaelcolosi.com.br\/index.php\/wp-json\/wp\/v2\/types\/post"}],"author":[{"embeddable":true,"href":"https:\/\/ismaelcolosi.com.br\/index.php\/wp-json\/wp\/v2\/users\/1"}],"replies":[{"embeddable":true,"href":"https:\/\/ismaelcolosi.com.br\/index.php\/wp-json\/wp\/v2\/comments?post=85638"}],"version-history":[{"count":0,"href":"https:\/\/ismaelcolosi.com.br\/index.php\/wp-json\/wp\/v2\/posts\/85638\/revisions"}],"wp:featuredmedia":[{"embeddable":true,"href":"https:\/\/ismaelcolosi.com.br\/index.php\/wp-json\/wp\/v2\/media\/76395"}],"wp:attachment":[{"href":"https:\/\/ismaelcolosi.com.br\/index.php\/wp-json\/wp\/v2\/media?parent=85638"}],"wp:term":[{"taxonomy":"category","embeddable":true,"href":"https:\/\/ismaelcolosi.com.br\/index.php\/wp-json\/wp\/v2\/categories?post=85638"},{"taxonomy":"post_tag","embeddable":true,"href":"https:\/\/ismaelcolosi.com.br\/index.php\/wp-json\/wp\/v2\/tags?post=85638"}],"curies":[{"name":"wp","href":"https:\/\/api.w.org\/{rel}","templated":true}]}}