{"id":85626,"date":"2025-05-22T05:19:22","date_gmt":"2025-05-22T08:19:22","guid":{"rendered":"https:\/\/ismaelcolosi.com.br\/index.php\/2025\/05\/22\/salario-mais-alto-nao-e-principal-interesse-de-quem-busca-novo-emprego-mostra-pesquisa-2\/"},"modified":"2025-05-22T05:19:22","modified_gmt":"2025-05-22T08:19:22","slug":"salario-mais-alto-nao-e-principal-interesse-de-quem-busca-novo-emprego-mostra-pesquisa-2","status":"publish","type":"post","link":"https:\/\/ismaelcolosi.com.br\/index.php\/2025\/05\/22\/salario-mais-alto-nao-e-principal-interesse-de-quem-busca-novo-emprego-mostra-pesquisa-2\/","title":{"rendered":"Sal\u00e1rio mais alto n\u00e3o \u00e9 principal interesse de quem busca novo emprego, mostra pesquisa"},"content":{"rendered":"<p> <br \/>\n<\/p>\n<p>Uma pesquisa da consultoria em RH Robert Half revela que 54% dos brasileiros pretendem trocar de emprego em 2025. Entre as motiva\u00e7\u00f5es est\u00e3o melhores oportunidades de crescimento profissional e realiza\u00e7\u00e3o pessoal, de acordo com os entrevistados.<\/p>\n<p><strong>+ Quais as profiss\u00f5es que mais crescem e as com decl\u00ednio mais r\u00e1pido? Veja lista<\/strong><\/p><div class='code-block code-block-8' style='margin: 8px auto; text-align: center; display: block; clear: both;'>\n<script>\n  atOptions = {\n    'key' : '66e2e2111ca34da796271819fc334058',\n    'format' : 'iframe',\n    'height' : 250,\n    'width' : 300,\n    'params' : {}\n  };\n<\/script>\n<script src=\"https:\/\/www.highperformanceformat.com\/66e2e2111ca34da796271819fc334058\/invoke.js\"><\/script>\n<\/div>\n\n<p>O levantamento, trazido pelo \u00cdndice de Confian\u00e7a Robert Half (ICRH), explica que as seguidas quedas na taxa de desemprego, principalmente na faixa dos profissionais com mais de 25 anos e com ensino superior completo, ajudam a explicar o n\u00famero alto de pessoas que querem trocar de emprego.<\/p>\n<p>Segundo dados da Pesquisa Nacional por Amostra de Domic\u00edlios (Pnad), o \u00edndice de desemprego para essa parcela da popula\u00e7\u00e3o foi de 3,0% no quarto trimestre de 2024, o menor desde 2015.<\/p>\n<p>Com o mercado aquecido, esses profissionais n\u00e3o est\u00e3o t\u00e3o receosos de buscar novos desafios, pois t\u00eam mais autonomia na condu\u00e7\u00e3o da carreira.<\/p>\n<p style=\"text-align: center\"><strong><span style=\"color: #993300\">&#8220;Explorar novas oportunidades e perseguir a satisfa\u00e7\u00e3o profissional ser\u00e1 sempre visto como algo positivo. Por\u00e9m, \u00e9 preciso ter uma vis\u00e3o estrat\u00e9gica da carreira. Profissionais que mudam frequentemente de emprego sem justificativas podem ser mal interpretados pelo mercado&#8221;<\/span>, explica Fernando Mantovani, diretor-geral da Robert Half na Am\u00e9rica do Sul.<\/strong><\/p>\n<p>A pesquisa identificou a motiva\u00e7\u00e3o da transi\u00e7\u00e3o entre aqueles que indicaram a busca ativa por novas oportunidades:<\/p>\n<ul>\n<li>69% dos respondentes manifestaram interesse em mudar de organiza\u00e7\u00e3o, mantendo sua \u00e1rea profissional<\/li>\n<li>31% desejavam explorar um novo ramo, segmento ou carreira.<\/li>\n<\/ul>\n<h3>Principais raz\u00f5es para mudar de emprego:<\/h3>\n<figure id=\"attachment_3294116\" class=\"wp-caption alignnone\" style=\"max-width: 1034px\"><img data-recalc-dims=\"1\" decoding=\"async\" loading=\"lazy\" class=\"wp-image-3294116 size-full\" src=\"https:\/\/i0.wp.com\/istoedinheiro.com.br\/wp-content\/uploads\/sites\/17\/2025\/01\/black-and-white-minimalist-fitness-center-table-comparison-chart-graph-8-e1736532807840.jpg?resize=1024%2C506&#038;ssl=1\" alt=\"\" width=\"1024\" height=\"506\" \/><figcaption class=\"wp-caption-text\">Fonte: 30\u00aa edi\u00e7\u00e3o do \u00cdndice de Confian\u00e7a Robert Half<\/figcaption><\/figure>\n<h3>E quais as principais raz\u00f5es para se manter no emprego?<\/h3>\n<figure id=\"attachment_3294118\" class=\"wp-caption alignnone\" style=\"max-width: 1034px\"><img data-recalc-dims=\"1\" decoding=\"async\" loading=\"lazy\" class=\"wp-image-3294118 size-full\" src=\"https:\/\/i0.wp.com\/istoedinheiro.com.br\/wp-content\/uploads\/sites\/17\/2025\/01\/black-and-white-minimalist-fitness-center-table-comparison-chart-graph-9-e1736532964106.jpg?resize=1024%2C530&#038;ssl=1\" alt=\"\" width=\"1024\" height=\"530\" \/><figcaption class=\"wp-caption-text\">Os cinco mais votados &#8211; Fonte: 30\u00aa edi\u00e7\u00e3o do \u00cdndice de Confian\u00e7a Robert Half<\/figcaption><\/figure>\n<p>*Estagi\u00e1rio sob supervis\u00e3o<\/p>\n<p>O post Sal\u00e1rio mais alto n\u00e3o \u00e9 principal interesse de quem busca novo emprego, mostra pesquisa apareceu primeiro em ISTO\u00c9 DINHEIRO.<\/p>\n<p><br \/>\n<br \/><a href=\"https:\/\/istoedinheiro.com.br\/salario-mais-alto-nao-e-principal-motivo-de-quem-busca-novo-emprego-mostra-pesquisa\">Source link <\/a><\/p>\n<div class='code-block code-block-4' style='margin: 8px auto 8px 0; text-align: left; display: block; clear: both;'>\n\ud83d\udce2 Aviso Legal\n\nO site ismaelcolosi.com.br atua apenas como um canal de divulga\u00e7\u00e3o de oportunidades de emprego e n\u00e3o se responsabiliza pelo processo seletivo, contrata\u00e7\u00e3o ou qualquer outra etapa relacionada \u00e0s vagas publicadas. Todas as informa\u00e7\u00f5es s\u00e3o de responsabilidade dos anunciantes.\n\n\u26a0\ufe0f Aten\u00e7\u00e3o! Nunca pague por promessas de emprego nem compre cursos que garantam contrata\u00e7\u00e3o. Desconfie de qualquer cobran\u00e7a para participar de sele\u00e7\u00f5es.\n\n\n\n<\/div>\n<!-- CONTENT END 1 -->\n","protected":false},"excerpt":{"rendered":"<p>Uma pesquisa da consultoria em RH Robert Half revela que 54% dos brasileiros pretendem trocar de emprego em 2025. Entre as motiva\u00e7\u00f5es est\u00e3o melhores oportunidades&#8230;<\/p>\n","protected":false},"author":1,"featured_media":85627,"comment_status":"","ping_status":"open","sticky":false,"template":"","format":"standard","meta":{"_uag_custom_page_level_css":"","advanced_seo_description":"","jetpack_seo_html_title":"","jetpack_seo_noindex":false,"jetpack_post_was_ever_published":false,"_jetpack_newsletter_access":"","_jetpack_dont_email_post_to_subs":false,"_jetpack_newsletter_tier_id":0,"_jetpack_memberships_contains_paywalled_content":false,"_jetpack_memberships_contains_paid_content":false,"footnotes":"","jetpack_publicize_message":"","jetpack_publicize_feature_enabled":true,"jetpack_social_post_already_shared":true,"jetpack_social_options":{"image_generator_settings":{"template":"highway","default_image_id":0,"font":"","enabled":false},"version":2}},"categories":[3598],"tags":[],"class_list":["post-85626","post","type-post","status-publish","format-standard","has-post-thumbnail","hentry","category-empregos-classificados-vagas-trabalho"],"jetpack_publicize_connections":[],"jetpack_featured_media_url":"https:\/\/i0.wp.com\/ismaelcolosi.com.br\/wp-content\/uploads\/2025\/05\/black-and-white-minimalist-fitness-center-table-comparison-chart-graph-8-e1736532807840.jpg?fit=1024%2C506&ssl=1","uagb_featured_image_src":{"full":["https:\/\/i0.wp.com\/ismaelcolosi.com.br\/wp-content\/uploads\/2025\/05\/black-and-white-minimalist-fitness-center-table-comparison-chart-graph-8-e1736532807840.jpg?fit=1024%2C506&ssl=1",1024,506,false],"thumbnail":["https:\/\/i0.wp.com\/ismaelcolosi.com.br\/wp-content\/uploads\/2025\/05\/black-and-white-minimalist-fitness-center-table-comparison-chart-graph-8-e1736532807840.jpg?resize=150%2C150&ssl=1",150,150,true],"medium":["https:\/\/i0.wp.com\/ismaelcolosi.com.br\/wp-content\/uploads\/2025\/05\/black-and-white-minimalist-fitness-center-table-comparison-chart-graph-8-e1736532807840.jpg?fit=300%2C148&ssl=1",300,148,true],"medium_large":["https:\/\/i0.wp.com\/ismaelcolosi.com.br\/wp-content\/uploads\/2025\/05\/black-and-white-minimalist-fitness-center-table-comparison-chart-graph-8-e1736532807840.jpg?fit=768%2C380&ssl=1",768,380,true],"large":["https:\/\/i0.wp.com\/ismaelcolosi.com.br\/wp-content\/uploads\/2025\/05\/black-and-white-minimalist-fitness-center-table-comparison-chart-graph-8-e1736532807840.jpg?fit=1024%2C506&ssl=1",1024,506,true],"1536x1536":["https:\/\/i0.wp.com\/ismaelcolosi.com.br\/wp-content\/uploads\/2025\/05\/black-and-white-minimalist-fitness-center-table-comparison-chart-graph-8-e1736532807840.jpg?fit=1024%2C506&ssl=1",1024,506,true],"2048x2048":["https:\/\/i0.wp.com\/ismaelcolosi.com.br\/wp-content\/uploads\/2025\/05\/black-and-white-minimalist-fitness-center-table-comparison-chart-graph-8-e1736532807840.jpg?fit=1024%2C506&ssl=1",1024,506,true],"really-simple-thumb":["https:\/\/i0.wp.com\/ismaelcolosi.com.br\/wp-content\/uploads\/2025\/05\/black-and-white-minimalist-fitness-center-table-comparison-chart-graph-8-e1736532807840.jpg?resize=370%2C247&ssl=1",370,247,true]},"uagb_author_info":{"display_name":"ismaelcolosi.com.br","author_link":"https:\/\/ismaelcolosi.com.br\/index.php\/author\/vidareal-online\/"},"uagb_comment_info":0,"uagb_excerpt":"Uma pesquisa da consultoria em RH Robert Half revela que 54% dos brasileiros pretendem trocar de emprego em 2025. Entre as motiva\u00e7\u00f5es est\u00e3o melhores oportunidades...","jetpack-related-posts":[{"id":81538,"url":"https:\/\/ismaelcolosi.com.br\/index.php\/2025\/01\/13\/salario-mais-alto-nao-e-principal-interesse-de-quem-busca-novo-emprego-mostra-pesquisa\/","url_meta":{"origin":85626,"position":0},"title":"Sal\u00e1rio mais alto n\u00e3o \u00e9 principal interesse de quem busca novo emprego, mostra pesquisa","author":"ismaelcolosi.com.br","date":"13 de January de 2025","format":false,"excerpt":"Ismael Jalesi Ismael Jales 13\/01\/2025 - 7:00 Uma pesquisa da consultoria em RH Robert Half revela que 54% dos brasileiros pretendem trocar de emprego em 2025. Entre as motiva\u00e7\u00f5es est\u00e3o melhores oportunidades de crescimento profissional e realiza\u00e7\u00e3o pessoal, de acordo com os entrevistados.+ Quais as profiss\u00f5es que mais crescem e\u2026","rel":"","context":"In &quot;Empregos - Classificados&quot;","block_context":{"text":"Empregos - Classificados","link":"https:\/\/ismaelcolosi.com.br\/index.php\/category\/empregos-classificados-vagas-trabalho\/"},"img":{"alt_text":"","src":"https:\/\/i0.wp.com\/ismaelcolosi.com.br\/wp-content\/uploads\/2025\/01\/job-5382501-640.jpg?fit=640%2C385&ssl=1&resize=350%2C200","width":350,"height":200,"srcset":"https:\/\/i0.wp.com\/ismaelcolosi.com.br\/wp-content\/uploads\/2025\/01\/job-5382501-640.jpg?fit=640%2C385&ssl=1&resize=350%2C200 1x, https:\/\/i0.wp.com\/ismaelcolosi.com.br\/wp-content\/uploads\/2025\/01\/job-5382501-640.jpg?fit=640%2C385&ssl=1&resize=525%2C300 1.5x"},"classes":[]},{"id":53384,"url":"https:\/\/ismaelcolosi.com.br\/index.php\/2024\/06\/16\/nao-e-so-salario-pesquisa-mostra-o-que-conta-na-hora-de-aceitar-um-emprego-novo\/","url_meta":{"origin":85626,"position":1},"title":"N\u00e3o \u00e9 s\u00f3 sal\u00e1rio: pesquisa mostra o que conta na hora de aceitar um emprego novo","author":"ismaelcolosi.com.br","date":"16 de June de 2024","format":false,"excerpt":"Da reda\u00e7\u00e3oi Da reda\u00e7\u00e3o 16\/06\/2024 - 15:00 A pesquisa \u00cdndice de Confian\u00e7a da Robert Half (ICRH), feita pela consultoria de recrutamento e carreiras, revelou que \u00a023% das empresas t\u00eam inten\u00e7\u00e3o alta ou muito alta de fazer contrata\u00e7\u00f5es nos pr\u00f3ximos meses.Mas a pesquisa mostrou tamb\u00e9m que 81% dos recrutadores sinalizam hoje\u2026","rel":"","context":"In &quot;Empregos - Classificados&quot;","block_context":{"text":"Empregos - Classificados","link":"https:\/\/ismaelcolosi.com.br\/index.php\/category\/empregos-classificados-vagas-trabalho\/"},"img":{"alt_text":"","src":"https:\/\/i0.wp.com\/ismaelcolosi.com.br\/wp-content\/uploads\/2024\/06\/trabalhohibrido.jpg?fit=900%2C600&ssl=1&resize=350%2C200","width":350,"height":200,"srcset":"https:\/\/i0.wp.com\/ismaelcolosi.com.br\/wp-content\/uploads\/2024\/06\/trabalhohibrido.jpg?fit=900%2C600&ssl=1&resize=350%2C200 1x, https:\/\/i0.wp.com\/ismaelcolosi.com.br\/wp-content\/uploads\/2024\/06\/trabalhohibrido.jpg?fit=900%2C600&ssl=1&resize=525%2C300 1.5x, https:\/\/i0.wp.com\/ismaelcolosi.com.br\/wp-content\/uploads\/2024\/06\/trabalhohibrido.jpg?fit=900%2C600&ssl=1&resize=700%2C400 2x"},"classes":[]},{"id":88768,"url":"https:\/\/ismaelcolosi.com.br\/index.php\/2026\/01\/07\/em-busca-de-melhor-salario-e-qualidade-de-vida-maioria-dos-brasileiros-quer-trocar-de-emprego-em-2026\/","url_meta":{"origin":85626,"position":2},"title":"Em Busca de Melhor Sal\u00e1rio e Qualidade de Vida, Maioria dos Brasileiros Quer Trocar de Emprego em 2026","author":"ismaelcolosi.com.br","date":"7 de January de 2026","format":false,"excerpt":"\r Morsa Images\/Getty Images\r Em um mercado competitivo, mudar de emprego em 2026 exige planejamento e estrat\u00e9gia\r Acessibilidade \r L\r L\r A-\r A+\r \r \u25d0\r \r Com a chegada de 2026, profissionais come\u00e7am a colocar em pr\u00e1tica as resolu\u00e7\u00f5es de ano novo. Entre os brasileiros, uma meta se destaca: trocar\u2026","rel":"","context":"In &quot;Carreira e Sucesso&quot;","block_context":{"text":"Carreira e Sucesso","link":"https:\/\/ismaelcolosi.com.br\/index.php\/category\/carreira-e-sucesso-dicas-para-carreira\/"},"img":{"alt_text":"","src":"https:\/\/i0.wp.com\/ismaelcolosi.com.br\/wp-content\/uploads\/2026\/01\/novo-emprego-forbes-1200x675.jpg?fit=1200%2C675&ssl=1&resize=350%2C200","width":350,"height":200,"srcset":"https:\/\/i0.wp.com\/ismaelcolosi.com.br\/wp-content\/uploads\/2026\/01\/novo-emprego-forbes-1200x675.jpg?fit=1200%2C675&ssl=1&resize=350%2C200 1x, https:\/\/i0.wp.com\/ismaelcolosi.com.br\/wp-content\/uploads\/2026\/01\/novo-emprego-forbes-1200x675.jpg?fit=1200%2C675&ssl=1&resize=525%2C300 1.5x, https:\/\/i0.wp.com\/ismaelcolosi.com.br\/wp-content\/uploads\/2026\/01\/novo-emprego-forbes-1200x675.jpg?fit=1200%2C675&ssl=1&resize=700%2C400 2x, https:\/\/i0.wp.com\/ismaelcolosi.com.br\/wp-content\/uploads\/2026\/01\/novo-emprego-forbes-1200x675.jpg?fit=1200%2C675&ssl=1&resize=1050%2C600 3x"},"classes":[]},{"id":87181,"url":"https:\/\/ismaelcolosi.com.br\/index.php\/2025\/08\/21\/americanos-temem-que-a-ia-substitua-trabalhadores-permanentemente\/","url_meta":{"origin":85626,"position":3},"title":"Americanos Temem Que a IA Substitua Trabalhadores Permanentemente","author":"ismaelcolosi.com.br","date":"21 de August de 2025","format":false,"excerpt":"\r \r Americanos se mostram preocupados em rela\u00e7\u00e3o ao impacto da IA no mercado de trabalho e na pol\u00edtica\r Acessibilidade \r L\r L\r A-\r A+\r \r \u25d0\r \r A maioria dos americanos teme que os avan\u00e7os da intelig\u00eancia artificial possam deix\u00e1-los permanentemente sem emprego, segundo uma nova pesquisa Reuters\/Ipsos, realizada\u2026","rel":"","context":"In &quot;Carreira e Sucesso&quot;","block_context":{"text":"Carreira e Sucesso","link":"https:\/\/ismaelcolosi.com.br\/index.php\/category\/carreira-e-sucesso-dicas-para-carreira\/"},"img":{"alt_text":"","src":"https:\/\/i0.wp.com\/ismaelcolosi.com.br\/wp-content\/uploads\/2025\/08\/carreira-trabalho-inteligencia-artificial-1-1200x675.jpg?fit=1200%2C675&ssl=1&resize=350%2C200","width":350,"height":200,"srcset":"https:\/\/i0.wp.com\/ismaelcolosi.com.br\/wp-content\/uploads\/2025\/08\/carreira-trabalho-inteligencia-artificial-1-1200x675.jpg?fit=1200%2C675&ssl=1&resize=350%2C200 1x, https:\/\/i0.wp.com\/ismaelcolosi.com.br\/wp-content\/uploads\/2025\/08\/carreira-trabalho-inteligencia-artificial-1-1200x675.jpg?fit=1200%2C675&ssl=1&resize=525%2C300 1.5x, https:\/\/i0.wp.com\/ismaelcolosi.com.br\/wp-content\/uploads\/2025\/08\/carreira-trabalho-inteligencia-artificial-1-1200x675.jpg?fit=1200%2C675&ssl=1&resize=700%2C400 2x, https:\/\/i0.wp.com\/ismaelcolosi.com.br\/wp-content\/uploads\/2025\/08\/carreira-trabalho-inteligencia-artificial-1-1200x675.jpg?fit=1200%2C675&ssl=1&resize=1050%2C600 3x"},"classes":[]},{"id":18432,"url":"https:\/\/ismaelcolosi.com.br\/index.php\/2023\/12\/20\/brasileiros-querem-mais-tempo-ao-ar-livre-mas-metas-para-2024-sao-mais-focadas-em-produtividade-diz-pesquisa\/","url_meta":{"origin":85626,"position":4},"title":"Brasileiros querem mais tempo ao ar livre, mas metas para 2024 s\u00e3o mais focadas em produtividade, diz pesquisa","author":"ismaelcolosi.com.br","date":"20 de December de 2023","format":false,"excerpt":"Acervo CoronaBrasileiros gostariam de viver mais ao ar livre, segundo pesquisa encomendada pela Cerveja Corona Voc\u00ea j\u00e1 tra\u00e7ou suas metas para 2024? 70% dos brasileiros sim, e boa parte tem seus desejos voltados \u00e0 produtividade, segundo pesquisa realizada pela Ipsos encomendada pela Cerveja Corona. O estudo in\u00e9dito sobre os objetivos\u2026","rel":"","context":"In &quot;Carreira e Sucesso&quot;","block_context":{"text":"Carreira e Sucesso","link":"https:\/\/ismaelcolosi.com.br\/index.php\/category\/carreira-e-sucesso-dicas-para-carreira\/"},"img":{"alt_text":"","src":"https:\/\/i0.wp.com\/ismaelcolosi.com.br\/wp-content\/uploads\/2023\/12\/bv-corona_dez23-1024x683.jpg?fit=1024%2C683&ssl=1&resize=350%2C200","width":350,"height":200,"srcset":"https:\/\/i0.wp.com\/ismaelcolosi.com.br\/wp-content\/uploads\/2023\/12\/bv-corona_dez23-1024x683.jpg?fit=1024%2C683&ssl=1&resize=350%2C200 1x, https:\/\/i0.wp.com\/ismaelcolosi.com.br\/wp-content\/uploads\/2023\/12\/bv-corona_dez23-1024x683.jpg?fit=1024%2C683&ssl=1&resize=525%2C300 1.5x, https:\/\/i0.wp.com\/ismaelcolosi.com.br\/wp-content\/uploads\/2023\/12\/bv-corona_dez23-1024x683.jpg?fit=1024%2C683&ssl=1&resize=700%2C400 2x"},"classes":[]},{"id":86430,"url":"https:\/\/ismaelcolosi.com.br\/index.php\/2025\/07\/01\/vagas-de-emprego-em-aberto-nos-eua-tem-alta-inesperada-em-maio-contratacoes-caem\/","url_meta":{"origin":85626,"position":5},"title":"Vagas de Emprego em Aberto nos EUA T\u00eam Alta Inesperada em Maio, Contrata\u00e7\u00f5es Caem","author":"ismaelcolosi.com.br","date":"1 de July de 2025","format":false,"excerpt":"\r Getty Images\r As vagas de emprego em aberto nos EUA aumentaram em maio\r Acessibilidade \r L\r L\r A-\r A+\r \r \u25d0\r \r \u00a0 As vagas de emprego em aberto nos Estados Unidos aumentaram inesperadamente em maio, mas um decl\u00ednio nas contrata\u00e7\u00f5es contribuiu para os sinais de que o mercado\u2026","rel":"","context":"In &quot;Carreira e Sucesso&quot;","block_context":{"text":"Carreira e Sucesso","link":"https:\/\/ismaelcolosi.com.br\/index.php\/category\/carreira-e-sucesso-dicas-para-carreira\/"},"img":{"alt_text":"","src":"https:\/\/i0.wp.com\/ismaelcolosi.com.br\/wp-content\/uploads\/2025\/07\/forbes-ghostworking-busca-por-emprego-no-expediente-1200x675.jpg?fit=1200%2C675&ssl=1&resize=350%2C200","width":350,"height":200,"srcset":"https:\/\/i0.wp.com\/ismaelcolosi.com.br\/wp-content\/uploads\/2025\/07\/forbes-ghostworking-busca-por-emprego-no-expediente-1200x675.jpg?fit=1200%2C675&ssl=1&resize=350%2C200 1x, https:\/\/i0.wp.com\/ismaelcolosi.com.br\/wp-content\/uploads\/2025\/07\/forbes-ghostworking-busca-por-emprego-no-expediente-1200x675.jpg?fit=1200%2C675&ssl=1&resize=525%2C300 1.5x, https:\/\/i0.wp.com\/ismaelcolosi.com.br\/wp-content\/uploads\/2025\/07\/forbes-ghostworking-busca-por-emprego-no-expediente-1200x675.jpg?fit=1200%2C675&ssl=1&resize=700%2C400 2x, https:\/\/i0.wp.com\/ismaelcolosi.com.br\/wp-content\/uploads\/2025\/07\/forbes-ghostworking-busca-por-emprego-no-expediente-1200x675.jpg?fit=1200%2C675&ssl=1&resize=1050%2C600 3x"},"classes":[]}],"jetpack_sharing_enabled":true,"jetpack_shortlink":"https:\/\/wp.me\/pfMlyK-mh4","_links":{"self":[{"href":"https:\/\/ismaelcolosi.com.br\/index.php\/wp-json\/wp\/v2\/posts\/85626","targetHints":{"allow":["GET"]}}],"collection":[{"href":"https:\/\/ismaelcolosi.com.br\/index.php\/wp-json\/wp\/v2\/posts"}],"about":[{"href":"https:\/\/ismaelcolosi.com.br\/index.php\/wp-json\/wp\/v2\/types\/post"}],"author":[{"embeddable":true,"href":"https:\/\/ismaelcolosi.com.br\/index.php\/wp-json\/wp\/v2\/users\/1"}],"replies":[{"embeddable":true,"href":"https:\/\/ismaelcolosi.com.br\/index.php\/wp-json\/wp\/v2\/comments?post=85626"}],"version-history":[{"count":0,"href":"https:\/\/ismaelcolosi.com.br\/index.php\/wp-json\/wp\/v2\/posts\/85626\/revisions"}],"wp:featuredmedia":[{"embeddable":true,"href":"https:\/\/ismaelcolosi.com.br\/index.php\/wp-json\/wp\/v2\/media\/85627"}],"wp:attachment":[{"href":"https:\/\/ismaelcolosi.com.br\/index.php\/wp-json\/wp\/v2\/media?parent=85626"}],"wp:term":[{"taxonomy":"category","embeddable":true,"href":"https:\/\/ismaelcolosi.com.br\/index.php\/wp-json\/wp\/v2\/categories?post=85626"},{"taxonomy":"post_tag","embeddable":true,"href":"https:\/\/ismaelcolosi.com.br\/index.php\/wp-json\/wp\/v2\/tags?post=85626"}],"curies":[{"name":"wp","href":"https:\/\/api.w.org\/{rel}","templated":true}]}}