{"id":8559,"date":"2023-11-30T12:10:05","date_gmt":"2023-11-30T15:10:05","guid":{"rendered":"https:\/\/ismaelcolosi.com.br\/index.php\/2023\/11\/30\/concurso-publico-da-pge-do-rio-grande-do-norte-oferece-remuneracao-de-r-33-924\/"},"modified":"2023-11-30T12:10:05","modified_gmt":"2023-11-30T15:10:05","slug":"concurso-publico-da-pge-do-rio-grande-do-norte-oferece-remuneracao-de-r-33-924","status":"publish","type":"post","link":"https:\/\/ismaelcolosi.com.br\/index.php\/2023\/11\/30\/concurso-publico-da-pge-do-rio-grande-do-norte-oferece-remuneracao-de-r-33-924\/","title":{"rendered":"Concurso p\u00fablico da PGE do Rio Grande do Norte oferece remunera\u00e7\u00e3o de R$ 33.924"},"content":{"rendered":"<p> <br \/>\n<\/p>\n<div>\n<div id=\"attachment_2314379\" class=\"wp-caption alignnone\">\n<div class=\"d-flex justify-content-center\" data-attachment-id=\"2314379\">\n<div class=\"position-relative d-inline-block\"><img data-recalc-dims=\"1\" data-portal-copyright=\"IStock\" fetchpriority=\"high\" decoding=\"async\" class=\"size-medium wp-image-2314379\" src=\"https:\/\/i0.wp.com\/catracalivre.com.br\/wp-content\/uploads\/2023\/11\/istock-871569792-450x300.jpg?resize=450%2C300&#038;ssl=1\" alt=\"Concurso P\u00fablico da PGE\" width=\"450\" height=\"300\" srcset=\"https:\/\/catracalivre.com.br\/wp-content\/uploads\/2023\/11\/istock-871569792-450x300.jpg 450w, https:\/\/catracalivre.com.br\/wp-content\/uploads\/2023\/11\/istock-871569792-910x607.jpg 910w, https:\/\/catracalivre.com.br\/wp-content\/uploads\/2023\/11\/istock-871569792-768x512.jpg 768w, https:\/\/catracalivre.com.br\/wp-content\/uploads\/2023\/11\/istock-871569792.jpg 1254w\" sizes=\"(max-width: 450px) 100vw, 450px\"\/><\/p>\n<p>Cr\u00e9ditos: IStock<\/p><div class='code-block code-block-8' style='margin: 8px auto; text-align: center; display: block; clear: both;'>\n<script>\n  atOptions = {\n    'key' : '66e2e2111ca34da796271819fc334058',\n    'format' : 'iframe',\n    'height' : 250,\n    'width' : 300,\n    'params' : {}\n  };\n<\/script>\n<script src=\"https:\/\/www.highperformanceformat.com\/66e2e2111ca34da796271819fc334058\/invoke.js\"><\/script>\n<\/div>\n\n<\/div>\n<\/div>\n<p><span class=\"post-imagem__legenda\">Concurso P\u00fablico da PGE<\/span><\/p>\n<\/div>\n<p>A Procuradoria Geral do Estado do Rio Grande do Norte (PGE RN) anuncia edital de n\u00ba 1-PGE\/RN\/2023 para <a href=\"https:\/\/catracalivre.com.br\/cidadania\/lei-permite-amamentacao-durante-provas\/\">concurso<\/a> p\u00fablico, com o prop\u00f3sito de preencher\u00a019 cargos\u00a0de Procurador do Estado de Terceira Classe, al\u00e9m daqueles postos que vierem a vagar ao longo da validade do concurso.<\/p>\n<p>Do total de vagas anunciado, 14 s\u00e3o de ampla concorr\u00eancia, uma \u00e9 reservada para pessoa portadoras de\u00a0defici\u00eancia\u00a0e quatro s\u00e3o destinadas a candidatos afrodescendentes.<\/p>\n<p>A remunera\u00e7\u00e3o prevista em <a href=\"https:\/\/catracalivre.com.br\/carreira\/concursos-publicos-com-inscricoes-abertas-em-5-estados\/\">concurso<\/a> p\u00fablico \u00e9 de\u00a0R$ 33.924,93, com jornada de 40 horas semanais.<\/p>\n<h2>Veja os requisitos para as ocupa\u00e7\u00f5es:<\/h2>\n<p>Nacionalidade brasileira ou portuguesa;<\/p>\n<p>Gozo dos direitos pol\u00edticos;<\/p>\n<p>Quita\u00e7\u00e3o com as obriga\u00e7\u00f5es militares, se do sexo masculino;<\/p>\n<p>Quita\u00e7\u00e3o com as obriga\u00e7\u00f5es eleitorais;<\/p>\n<p>Bacharelado em Direito, em institui\u00e7\u00e3o oficial ou reconhecida no pa\u00eds;<\/p>\n<p>Inscri\u00e7\u00e3o na Ordem dos Advogados do Brasil; e<\/p>\n<p>Aptid\u00e3o f\u00edsica e mental para o exerc\u00edcio das atribui\u00e7\u00f5es do cargo.<\/p>\n<p>As inscri\u00e7\u00f5es devem ser realizadas atrav\u00e9s do <a href=\"https:\/\/deirn.sdoe.com.br\/diariooficialweb\/#\/home?diario=MTIx\">site<\/a> oficial at\u00e9 \u00e0s 18h do dia 19 de dezembro de 2023.<\/p>\n<div class=\"partner d-flex rounded shadow-sm p-2 mb-3 align-items-center\" id=\"partner\" data-print=\"ignore\">\n<div class=\"image mr-2\">\n<img data-recalc-dims=\"1\" src=\"https:\/\/i0.wp.com\/robohash.org\/b730afd4cf5c5d237c7f93163ed023b6.png?resize=110%2C110&#038;ssl=1\" width=\"110\" height=\"110\" title=\"Thatyana Costa\" loading=\"lazy\" decoding=\"async\" class=\"rounded-circle\"\/>\n<\/div>\n<\/div>\n<\/div>\n<p><script>\n\t\t! function(f, b, e, v, n, t, s) {\n\t\t\tif (f.fbq) return;\n\t\t\tn = f.fbq = function() {\n\t\t\t\tn.callMethod ?\n\t\t\t\t\tn.callMethod.apply(n, arguments) : n.queue.push(arguments)\n\t\t\t};\n\t\t\tif (!f._fbq) f._fbq = n;\n\t\t\tn.push = n;\n\t\t\tn.loaded = !0;\n\t\t\tn.version = '2.0';\n\t\t\tn.queue = [];\n\t\t\tt = b.createElement(e);\n\t\t\tt.async = !0;\n\t\t\tt.src = v;\n\t\t\ts = b.getElementsByTagName(e)[0];\n\t\t\ts.parentNode.insertBefore(t, s)\n\t\t}(window, document, 'script',\n\t\t\t'https:\/\/connect.facebook.net\/en_US\/fbevents.js');\n\t\tfbq('init', '338315473262380');\n\t\tfbq('track', 'PageView');\n\t<\/script><br \/>\n<br \/><br \/>\n<br \/><a href=\"https:\/\/catracalivre.com.br\/educacao\/concurso-publico-da-pge-do-rio-grande-do-norte-oferece-remuneracao-de-r-33-924\/\">Source link <\/a><\/p>\n<div class='code-block code-block-4' style='margin: 8px auto 8px 0; text-align: left; display: block; clear: both;'>\n\ud83d\udce2 Aviso Legal\n\nO site ismaelcolosi.com.br atua apenas como um canal de divulga\u00e7\u00e3o de oportunidades de emprego e n\u00e3o se responsabiliza pelo processo seletivo, contrata\u00e7\u00e3o ou qualquer outra etapa relacionada \u00e0s vagas publicadas. Todas as informa\u00e7\u00f5es s\u00e3o de responsabilidade dos anunciantes.\n\n\u26a0\ufe0f Aten\u00e7\u00e3o! Nunca pague por promessas de emprego nem compre cursos que garantam contrata\u00e7\u00e3o. Desconfie de qualquer cobran\u00e7a para participar de sele\u00e7\u00f5es.\n\n\n\n<\/div>\n<!-- CONTENT END 1 -->\n","protected":false},"excerpt":{"rendered":"<p>Cr\u00e9ditos: IStock Concurso P\u00fablico da PGE A Procuradoria Geral do Estado do Rio Grande do Norte (PGE RN) anuncia edital de n\u00ba 1-PGE\/RN\/2023 para concurso&#8230;<\/p>\n","protected":false},"author":1,"featured_media":8560,"comment_status":"open","ping_status":"open","sticky":false,"template":"","format":"standard","meta":{"_uag_custom_page_level_css":"","advanced_seo_description":"","jetpack_seo_html_title":"","jetpack_seo_noindex":false,"jetpack_post_was_ever_published":false,"_jetpack_newsletter_access":"","_jetpack_dont_email_post_to_subs":false,"_jetpack_newsletter_tier_id":0,"_jetpack_memberships_contains_paywalled_content":false,"_jetpack_memberships_contains_paid_content":false,"footnotes":"","jetpack_publicize_message":"","jetpack_publicize_feature_enabled":true,"jetpack_social_post_already_shared":true,"jetpack_social_options":{"image_generator_settings":{"template":"highway","default_image_id":0,"font":"","enabled":false},"version":2}},"categories":[19],"tags":[],"class_list":["post-8559","post","type-post","status-publish","format-standard","has-post-thumbnail","hentry","category-variedades"],"jetpack_publicize_connections":[],"jetpack_featured_media_url":"https:\/\/i0.wp.com\/ismaelcolosi.com.br\/wp-content\/uploads\/2023\/11\/istock-871569792.jpg?fit=1200%2C638&ssl=1","uagb_featured_image_src":{"full":["https:\/\/i0.wp.com\/ismaelcolosi.com.br\/wp-content\/uploads\/2023\/11\/istock-871569792.jpg?fit=1200%2C638&ssl=1",1200,638,false],"thumbnail":["https:\/\/i0.wp.com\/ismaelcolosi.com.br\/wp-content\/uploads\/2023\/11\/istock-871569792.jpg?resize=150%2C150&ssl=1",150,150,true],"medium":["https:\/\/i0.wp.com\/ismaelcolosi.com.br\/wp-content\/uploads\/2023\/11\/istock-871569792.jpg?fit=300%2C160&ssl=1",300,160,true],"medium_large":["https:\/\/i0.wp.com\/ismaelcolosi.com.br\/wp-content\/uploads\/2023\/11\/istock-871569792.jpg?fit=768%2C408&ssl=1",768,408,true],"large":["https:\/\/i0.wp.com\/ismaelcolosi.com.br\/wp-content\/uploads\/2023\/11\/istock-871569792.jpg?fit=1024%2C544&ssl=1",1024,544,true],"1536x1536":["https:\/\/i0.wp.com\/ismaelcolosi.com.br\/wp-content\/uploads\/2023\/11\/istock-871569792.jpg?fit=1200%2C638&ssl=1",1200,638,true],"2048x2048":["https:\/\/i0.wp.com\/ismaelcolosi.com.br\/wp-content\/uploads\/2023\/11\/istock-871569792.jpg?fit=1200%2C638&ssl=1",1200,638,true],"really-simple-thumb":["https:\/\/i0.wp.com\/ismaelcolosi.com.br\/wp-content\/uploads\/2023\/11\/istock-871569792.jpg?resize=370%2C247&ssl=1",370,247,true]},"uagb_author_info":{"display_name":"ismaelcolosi.com.br","author_link":"https:\/\/ismaelcolosi.com.br\/index.php\/author\/vidareal-online\/"},"uagb_comment_info":0,"uagb_excerpt":"Cr\u00e9ditos: IStock Concurso P\u00fablico da PGE A Procuradoria Geral do Estado do Rio Grande do Norte (PGE RN) anuncia edital de n\u00ba 1-PGE\/RN\/2023 para concurso...","jetpack-related-posts":[{"id":15134,"url":"https:\/\/ismaelcolosi.com.br\/index.php\/2023\/12\/13\/concurso-publico-da-pge-tem-remuneracao-de-r-33-924-mensais\/","url_meta":{"origin":8559,"position":0},"title":"Concurso p\u00fablico da PGE tem remunera\u00e7\u00e3o de R$ 33.924 mensais","author":"ismaelcolosi.com.br","date":"13 de December de 2023","format":false,"excerpt":"13 de dezembro de 2023 \u00e0s 05:19 Por: Reda\u00e7\u00e3o Cr\u00e9ditos: IStockConcurso P\u00fablico da PGE A Procuradoria Geral do Estado do Rio Grande do Norte (PGE RN) anuncia edital de n\u00ba 1-PGE\/RN\/2023 para concurso p\u00fablico, com o prop\u00f3sito de preencher\u00a019 cargos\u00a0de Procurador do Estado de Terceira Classe, al\u00e9m daqueles postos que\u2026","rel":"","context":"In &quot;Variedades&quot;","block_context":{"text":"Variedades","link":"https:\/\/ismaelcolosi.com.br\/index.php\/category\/variedades\/"},"img":{"alt_text":"","src":"https:\/\/i0.wp.com\/ismaelcolosi.com.br\/wp-content\/uploads\/2023\/12\/istock-1356636065.jpg?fit=1200%2C638&ssl=1&resize=350%2C200","width":350,"height":200,"srcset":"https:\/\/i0.wp.com\/ismaelcolosi.com.br\/wp-content\/uploads\/2023\/12\/istock-1356636065.jpg?fit=1200%2C638&ssl=1&resize=350%2C200 1x, https:\/\/i0.wp.com\/ismaelcolosi.com.br\/wp-content\/uploads\/2023\/12\/istock-1356636065.jpg?fit=1200%2C638&ssl=1&resize=525%2C300 1.5x, https:\/\/i0.wp.com\/ismaelcolosi.com.br\/wp-content\/uploads\/2023\/12\/istock-1356636065.jpg?fit=1200%2C638&ssl=1&resize=700%2C400 2x, https:\/\/i0.wp.com\/ismaelcolosi.com.br\/wp-content\/uploads\/2023\/12\/istock-1356636065.jpg?fit=1200%2C638&ssl=1&resize=1050%2C600 3x"},"classes":[]},{"id":17417,"url":"https:\/\/ismaelcolosi.com.br\/index.php\/2023\/12\/18\/concurso-publico-da-procuradoria-geral-do-rio-grande-do-norte\/","url_meta":{"origin":8559,"position":1},"title":"concurso p\u00fablico da Procuradoria Geral do Rio Grande do Norte","author":"ismaelcolosi.com.br","date":"18 de December de 2023","format":false,"excerpt":"Cr\u00e9ditos: IStockConcurso p\u00fablico da Procuradoria Geral \u2013 RNA Procuradoria Geral do Estado do Rio Grande do Norte (PGE RN) apresenta o edital de n\u00famero 1-PGE\/RN\/2023, abrindo as portas para um concurso p\u00fablico que visa preencher 19 cargos de Procurador do Estado de Terceira Classe. Est\u00e3o inclusos nesse n\u00famero os cargos\u2026","rel":"","context":"In &quot;Variedades&quot;","block_context":{"text":"Variedades","link":"https:\/\/ismaelcolosi.com.br\/index.php\/category\/variedades\/"},"img":{"alt_text":"","src":"https:\/\/i0.wp.com\/ismaelcolosi.com.br\/wp-content\/uploads\/2023\/12\/istock-180107378-1.jpg?fit=1200%2C638&ssl=1&resize=350%2C200","width":350,"height":200,"srcset":"https:\/\/i0.wp.com\/ismaelcolosi.com.br\/wp-content\/uploads\/2023\/12\/istock-180107378-1.jpg?fit=1200%2C638&ssl=1&resize=350%2C200 1x, https:\/\/i0.wp.com\/ismaelcolosi.com.br\/wp-content\/uploads\/2023\/12\/istock-180107378-1.jpg?fit=1200%2C638&ssl=1&resize=525%2C300 1.5x, https:\/\/i0.wp.com\/ismaelcolosi.com.br\/wp-content\/uploads\/2023\/12\/istock-180107378-1.jpg?fit=1200%2C638&ssl=1&resize=700%2C400 2x, https:\/\/i0.wp.com\/ismaelcolosi.com.br\/wp-content\/uploads\/2023\/12\/istock-180107378-1.jpg?fit=1200%2C638&ssl=1&resize=1050%2C600 3x"},"classes":[]},{"id":15058,"url":"https:\/\/ismaelcolosi.com.br\/index.php\/2023\/12\/13\/procuradoria-geral-do-estado-do-rn-lanca-edital-para-concurso-publico-de-procuradores\/","url_meta":{"origin":8559,"position":2},"title":"Procuradoria Geral do Estado do RN lan\u00e7a edital para concurso p\u00fablico de procuradores","author":"ismaelcolosi.com.br","date":"13 de December de 2023","format":false,"excerpt":"Cr\u00e9ditos: IStockConcurso P\u00fablico da Procuradoria Geral do Estado do RNA Procuradoria Geral do Estado do Rio Grande do Norte (PGE RN) divulgou o edital n\u00ba 1-PGE\/RN\/2023 para o t\u00e3o aguardado concurso p\u00fablico, visando o preenchimento de 19 vagas para o cargo de Procurador do Estado de Terceira Classe. Al\u00e9m disso,\u2026","rel":"","context":"In &quot;Variedades&quot;","block_context":{"text":"Variedades","link":"https:\/\/ismaelcolosi.com.br\/index.php\/category\/variedades\/"},"img":{"alt_text":"","src":"https:\/\/i0.wp.com\/ismaelcolosi.com.br\/wp-content\/uploads\/2023\/12\/istock-944043470.jpg?fit=1200%2C638&ssl=1&resize=350%2C200","width":350,"height":200,"srcset":"https:\/\/i0.wp.com\/ismaelcolosi.com.br\/wp-content\/uploads\/2023\/12\/istock-944043470.jpg?fit=1200%2C638&ssl=1&resize=350%2C200 1x, https:\/\/i0.wp.com\/ismaelcolosi.com.br\/wp-content\/uploads\/2023\/12\/istock-944043470.jpg?fit=1200%2C638&ssl=1&resize=525%2C300 1.5x, https:\/\/i0.wp.com\/ismaelcolosi.com.br\/wp-content\/uploads\/2023\/12\/istock-944043470.jpg?fit=1200%2C638&ssl=1&resize=700%2C400 2x, https:\/\/i0.wp.com\/ismaelcolosi.com.br\/wp-content\/uploads\/2023\/12\/istock-944043470.jpg?fit=1200%2C638&ssl=1&resize=1050%2C600 3x"},"classes":[]},{"id":42223,"url":"https:\/\/ismaelcolosi.com.br\/index.php\/2024\/03\/13\/nova-mudanca-no-caso-beto-braga\/","url_meta":{"origin":8559,"position":3},"title":"Nova mudan\u00e7a no caso Beto Braga","author":"ismaelcolosi.com.br","date":"13 de March de 2024","format":false,"excerpt":"Por: Adalberto LuqueA Procuradoria Geral do Estado (PGE) \u00e9 quem deve dar a palavra final sobre que tipo de crime foi cometido contra o engenheiro Paulo Roberto Carvalho Pena Braga Filho, de 34 anos, morto no dia 29 de dezembro do ano passado.O inqu\u00e9rito da Pol\u00edcia Civil concluiu que foi\u2026","rel":"","context":"In &quot;Not\u00edcias de Ribeir\u00e3o Preto-SP e Regi\u00e3o&quot;","block_context":{"text":"Not\u00edcias de Ribeir\u00e3o Preto-SP e Regi\u00e3o","link":"https:\/\/ismaelcolosi.com.br\/index.php\/category\/noticias-de-ribeirao-preto-sp-e-regiao-ismael-colosi\/"},"img":{"alt_text":"","src":"https:\/\/i0.wp.com\/ismaelcolosi.com.br\/wp-content\/uploads\/2024\/03\/1710345875_00-08-jan-2024-beto-braga-foto-redes-sociais-scaled.jpg?fit=1000%2C564&ssl=1&resize=350%2C200","width":350,"height":200,"srcset":"https:\/\/i0.wp.com\/ismaelcolosi.com.br\/wp-content\/uploads\/2024\/03\/1710345875_00-08-jan-2024-beto-braga-foto-redes-sociais-scaled.jpg?fit=1000%2C564&ssl=1&resize=350%2C200 1x, https:\/\/i0.wp.com\/ismaelcolosi.com.br\/wp-content\/uploads\/2024\/03\/1710345875_00-08-jan-2024-beto-braga-foto-redes-sociais-scaled.jpg?fit=1000%2C564&ssl=1&resize=525%2C300 1.5x, https:\/\/i0.wp.com\/ismaelcolosi.com.br\/wp-content\/uploads\/2024\/03\/1710345875_00-08-jan-2024-beto-braga-foto-redes-sociais-scaled.jpg?fit=1000%2C564&ssl=1&resize=700%2C400 2x"},"classes":[]},{"id":67613,"url":"https:\/\/ismaelcolosi.com.br\/index.php\/2024\/09\/24\/devedor-tera-desconto-de-ate-50-no-ipva-atrasado-em-sp-veja-como\/","url_meta":{"origin":8559,"position":4},"title":"Devedor ter\u00e1 desconto de at\u00e9 50% no IPVA atrasado em SP; veja como","author":"ismaelcolosi.com.br","date":"24 de September de 2024","format":false,"excerpt":"O governo do Estado de S\u00e3o Paulo anunciou, nesta ter\u00e7a-feira (24), o\u00a0Acordo Paulista IPVA, programa para quem deve at\u00e9 R$ 42.400,00 e precisa regularizar o imposto sobre propriedade de ve\u00edculo automotor e voltar a circular sem restri\u00e7\u00f5es. As condi\u00e7\u00f5es de negocia\u00e7\u00e3o t\u00eam descontos de at\u00e9 50% e parcelamento em at\u00e9\u2026","rel":"","context":"In &quot;Not\u00edcias de Ribeir\u00e3o Preto-SP e Regi\u00e3o&quot;","block_context":{"text":"Not\u00edcias de Ribeir\u00e3o Preto-SP e Regi\u00e3o","link":"https:\/\/ismaelcolosi.com.br\/index.php\/category\/noticias-de-ribeirao-preto-sp-e-regiao-ismael-colosi\/"},"img":{"alt_text":"","src":"https:\/\/i0.wp.com\/ismaelcolosi.com.br\/wp-content\/uploads\/2024\/09\/transito_ribeirao_1024x576_15122019171112_2024-09-24_16-27-41_jpg_2024-09-24_16-27-41.webp.webp?fit=1024%2C576&ssl=1&resize=350%2C200","width":350,"height":200,"srcset":"https:\/\/i0.wp.com\/ismaelcolosi.com.br\/wp-content\/uploads\/2024\/09\/transito_ribeirao_1024x576_15122019171112_2024-09-24_16-27-41_jpg_2024-09-24_16-27-41.webp.webp?fit=1024%2C576&ssl=1&resize=350%2C200 1x, https:\/\/i0.wp.com\/ismaelcolosi.com.br\/wp-content\/uploads\/2024\/09\/transito_ribeirao_1024x576_15122019171112_2024-09-24_16-27-41_jpg_2024-09-24_16-27-41.webp.webp?fit=1024%2C576&ssl=1&resize=525%2C300 1.5x, https:\/\/i0.wp.com\/ismaelcolosi.com.br\/wp-content\/uploads\/2024\/09\/transito_ribeirao_1024x576_15122019171112_2024-09-24_16-27-41_jpg_2024-09-24_16-27-41.webp.webp?fit=1024%2C576&ssl=1&resize=700%2C400 2x"},"classes":[]},{"id":28272,"url":"https:\/\/ismaelcolosi.com.br\/index.php\/2024\/01\/15\/delegado-do-rn-perde-a-vida-de-forma-tragica-apos-seu-carro-colidir-contra-poste-em-go-um-homem-honrado\/","url_meta":{"origin":8559,"position":5},"title":"Delegado do RN perde a vida de forma tr\u00e1gica ap\u00f3s seu carro colidir contra poste em GO: &#8216;Um homem honrado&#8217;","author":"ismaelcolosi.com.br","date":"15 de January de 2024","format":false,"excerpt":"O delegado Donny Exodo Lima Cavalcante, de 38 anos, perdeu sua vida ap\u00f3s falecer em um tr\u00e1gico acidente de tr\u00e2nsito. A situa\u00e7\u00e3o aconteceu neste \u00faltimo domingo, dia 14 de janeiro, no Jardim Goi\u00e1s, na capital goiana. O delegado era filiado a Pol\u00edcia Civil do Rio Grande do Norte.A trag\u00e9dia aconteceu\u2026","rel":"","context":"In &quot;Blog&quot;","block_context":{"text":"Blog","link":"https:\/\/ismaelcolosi.com.br\/index.php\/category\/blog\/"},"img":{"alt_text":"","src":"https:\/\/i0.wp.com\/ismaelcolosi.com.br\/wp-content\/uploads\/2024\/01\/postimg-65a54cd761fb57681.jpg?fit=1200%2C628&ssl=1&resize=350%2C200","width":350,"height":200,"srcset":"https:\/\/i0.wp.com\/ismaelcolosi.com.br\/wp-content\/uploads\/2024\/01\/postimg-65a54cd761fb57681.jpg?fit=1200%2C628&ssl=1&resize=350%2C200 1x, https:\/\/i0.wp.com\/ismaelcolosi.com.br\/wp-content\/uploads\/2024\/01\/postimg-65a54cd761fb57681.jpg?fit=1200%2C628&ssl=1&resize=525%2C300 1.5x, https:\/\/i0.wp.com\/ismaelcolosi.com.br\/wp-content\/uploads\/2024\/01\/postimg-65a54cd761fb57681.jpg?fit=1200%2C628&ssl=1&resize=700%2C400 2x, https:\/\/i0.wp.com\/ismaelcolosi.com.br\/wp-content\/uploads\/2024\/01\/postimg-65a54cd761fb57681.jpg?fit=1200%2C628&ssl=1&resize=1050%2C600 3x"},"classes":[]}],"jetpack_sharing_enabled":true,"jetpack_shortlink":"https:\/\/wp.me\/pfMlyK-2e3","_links":{"self":[{"href":"https:\/\/ismaelcolosi.com.br\/index.php\/wp-json\/wp\/v2\/posts\/8559","targetHints":{"allow":["GET"]}}],"collection":[{"href":"https:\/\/ismaelcolosi.com.br\/index.php\/wp-json\/wp\/v2\/posts"}],"about":[{"href":"https:\/\/ismaelcolosi.com.br\/index.php\/wp-json\/wp\/v2\/types\/post"}],"author":[{"embeddable":true,"href":"https:\/\/ismaelcolosi.com.br\/index.php\/wp-json\/wp\/v2\/users\/1"}],"replies":[{"embeddable":true,"href":"https:\/\/ismaelcolosi.com.br\/index.php\/wp-json\/wp\/v2\/comments?post=8559"}],"version-history":[{"count":0,"href":"https:\/\/ismaelcolosi.com.br\/index.php\/wp-json\/wp\/v2\/posts\/8559\/revisions"}],"wp:featuredmedia":[{"embeddable":true,"href":"https:\/\/ismaelcolosi.com.br\/index.php\/wp-json\/wp\/v2\/media\/8560"}],"wp:attachment":[{"href":"https:\/\/ismaelcolosi.com.br\/index.php\/wp-json\/wp\/v2\/media?parent=8559"}],"wp:term":[{"taxonomy":"category","embeddable":true,"href":"https:\/\/ismaelcolosi.com.br\/index.php\/wp-json\/wp\/v2\/categories?post=8559"},{"taxonomy":"post_tag","embeddable":true,"href":"https:\/\/ismaelcolosi.com.br\/index.php\/wp-json\/wp\/v2\/tags?post=8559"}],"curies":[{"name":"wp","href":"https:\/\/api.w.org\/{rel}","templated":true}]}}