{"id":85435,"date":"2025-05-21T15:03:08","date_gmt":"2025-05-21T18:03:08","guid":{"rendered":"https:\/\/ismaelcolosi.com.br\/index.php\/2025\/05\/21\/50-vagas-de-emprego-em-franca-sp-372\/"},"modified":"2025-05-21T15:03:08","modified_gmt":"2025-05-21T18:03:08","slug":"50-vagas-de-emprego-em-franca-sp-372","status":"publish","type":"post","link":"https:\/\/ismaelcolosi.com.br\/index.php\/2025\/05\/21\/50-vagas-de-emprego-em-franca-sp-372\/","title":{"rendered":"50 vagas de emprego em Franca-SP"},"content":{"rendered":"<div id=\"anuncios\">\n<header>\n<\/header>\n<div class=\"emp\">\n<p>\n            PRECISA-SE DE LIXADOR DE PLANTA COM PR\u00c1TICA EM PR\u00c9 FREZADO \u2013 RUA BEL\u00c9M, 851 \u2013 BRASIL\u00c2NDIA OU 98190-5678.\n            <\/p>\n<p><strong>Compartilhe:<\/strong><\/p>\n<p>                <img data-recalc-dims=\"1\" loading=\"lazy\" decoding=\"async\" width=\"25\" height=\"25\" src=\"https:\/\/i0.wp.com\/francaclassificados.com\/\/source\/view\/img\/20w50.png?resize=25%2C25&#038;ssl=1\" alt=\"Imagem compartilhar whatsapp\"\/><\/p>\n<p>                <img data-recalc-dims=\"1\" loading=\"lazy\" decoding=\"async\" width=\"25\" height=\"25\" src=\"https:\/\/i0.wp.com\/francaclassificados.com\/\/source\/view\/img\/18w50.png?resize=25%2C25&#038;ssl=1\" alt=\"Imagem compartilhar facebook\"\/><\/p>\n<\/p><\/div>\n<div class=\"emp\">\n<p>\n            PRECISA-SE DE AUXILIAR DE LOG\u00cdSTICA ECOMMERCE COM HABILITA\u00c7\u00c3O, DIRIGIR FIORINO, DE SEGUNDA A QUINTA 7 \u00c0S 17:15, SEXTA DAS 7:00 \u00c0S 15:00 \u2013 WHATSAPP 16 98142-5309.\n            <\/p>\n<p><strong>Compartilhe:<\/strong><\/p>\n<p>                <img data-recalc-dims=\"1\" loading=\"lazy\" decoding=\"async\" width=\"25\" height=\"25\" src=\"https:\/\/i0.wp.com\/francaclassificados.com\/\/source\/view\/img\/20w50.png?resize=25%2C25&#038;ssl=1\" alt=\"Imagem compartilhar whatsapp\"\/><\/p>\n<p>                <img data-recalc-dims=\"1\" loading=\"lazy\" decoding=\"async\" width=\"25\" height=\"25\" src=\"https:\/\/i0.wp.com\/francaclassificados.com\/\/source\/view\/img\/18w50.png?resize=25%2C25&#038;ssl=1\" alt=\"Imagem compartilhar facebook\"\/><\/p>\n<\/p><\/div>\n<p>    <script async=\"\" src=\"https:\/\/pagead2.googlesyndication.com\/pagead\/js\/adsbygoogle.js?client=ca-pub-2853392113352629\" crossorigin=\"anonymous\"\/>\n    <ins class=\"adsbygoogle\" style=\"display:block; text-align:center;\" data-ad-layout=\"in-article\" data-ad-format=\"fluid\" data-ad-client=\"ca-pub-2853392113352629\" data-ad-slot=\"5979907262\"\/>\n    <script><![CDATA[\n        (adsbygoogle = window.adsbygoogle || []).push({});\n    ]]><\/script><\/p>\n<div class=\"emp\">\n<p>\n            PRECISA-SE DE APONTADOR DE SOLA \u2013 TRATAR NO 99117-1358.\n            <\/p>\n<p><strong>Compartilhe:<\/strong><\/p>\n<p>                <img data-recalc-dims=\"1\" loading=\"lazy\" decoding=\"async\" width=\"25\" height=\"25\" src=\"https:\/\/i0.wp.com\/francaclassificados.com\/\/source\/view\/img\/20w50.png?resize=25%2C25&#038;ssl=1\" alt=\"Imagem compartilhar whatsapp\"\/><\/p>\n<p>                <img data-recalc-dims=\"1\" loading=\"lazy\" decoding=\"async\" width=\"25\" height=\"25\" src=\"https:\/\/i0.wp.com\/francaclassificados.com\/\/source\/view\/img\/18w50.png?resize=25%2C25&#038;ssl=1\" alt=\"Imagem compartilhar facebook\"\/><\/p>\n<\/p><\/div>\n<div class=\"emp\">\n<p>\n            PRECISA-SE DE A\u00c7OUGUEIRO \u2013 AV. IVETE VARGAS, 1781 \u2013 JD. LUIZA.\n            <\/p>\n<p><strong>Compartilhe:<\/strong><\/p>\n<p>                <img data-recalc-dims=\"1\" loading=\"lazy\" decoding=\"async\" width=\"25\" height=\"25\" src=\"https:\/\/i0.wp.com\/francaclassificados.com\/\/source\/view\/img\/20w50.png?resize=25%2C25&#038;ssl=1\" alt=\"Imagem compartilhar whatsapp\"\/><\/p>\n<p>                <img data-recalc-dims=\"1\" loading=\"lazy\" decoding=\"async\" width=\"25\" height=\"25\" src=\"https:\/\/i0.wp.com\/francaclassificados.com\/\/source\/view\/img\/18w50.png?resize=25%2C25&#038;ssl=1\" alt=\"Imagem compartilhar facebook\"\/><\/p>\n<\/p><\/div>\n<p>    <script async=\"\" src=\"https:\/\/pagead2.googlesyndication.com\/pagead\/js\/adsbygoogle.js?client=ca-pub-2853392113352629\" crossorigin=\"anonymous\"\/>\n    <ins class=\"adsbygoogle\" style=\"display:block; text-align:center;\" data-ad-layout=\"in-article\" data-ad-format=\"fluid\" data-ad-client=\"ca-pub-2853392113352629\" data-ad-slot=\"5979907262\"\/>\n    <script><![CDATA[\n        (adsbygoogle = window.adsbygoogle || []).push({});\n    ]]><\/script><\/p>\n<div class=\"emp\"><!--16\/05 - 180 dias--><\/p>\n<p>\n            <strong>LOT\u00c9RICA CA\u00c7ULA<\/strong><br \/>Av. Champagnat, 2222<br \/>Anexo ao Tonin Supermercado  <\/p>\n<p><strong>CONTRATA-SE<\/strong><br \/>Caixa\/Vendedora para Casa Lot\u00e9rica  <\/p>\n<p>Interessados, enviar curr\u00edculo para:<br \/><strong>WhatsApp:<\/strong> (16) 99948-9396<br \/><strong>E-mail:<\/strong> lotericacacula@gmail.com\n            <\/p>\n<p><strong>Compartilhe:<\/strong><\/p>\n<p>                <img data-recalc-dims=\"1\" loading=\"lazy\" decoding=\"async\" width=\"25\" height=\"25\" src=\"https:\/\/i0.wp.com\/francaclassificados.com\/\/source\/view\/img\/20w50.png?resize=25%2C25&#038;ssl=1\" alt=\"Imagem compartilhar whatsapp\"\/><\/p>\n<p>                <img data-recalc-dims=\"1\" loading=\"lazy\" decoding=\"async\" width=\"25\" height=\"25\" src=\"https:\/\/i0.wp.com\/francaclassificados.com\/\/source\/view\/img\/18w50.png?resize=25%2C25&#038;ssl=1\" alt=\"Imagem compartilhar facebook\"\/><\/p>\n<\/p><\/div>\n<div class=\"jpg\"> <!--30\/05--><\/p>\n<p>            <img data-recalc-dims=\"1\" decoding=\"async\" src=\"https:\/\/i0.wp.com\/francaclassificados.com\/\/source\/view\/img\/pcgrande.jpg?ssl=1\" class=\"img-fluid\" style=\"width: 100%; height: 300px;\" alt=\"Imagem publicidade\"\/><\/p><\/div>\n<div class=\"gif\">\n<p>            <img data-recalc-dims=\"1\" decoding=\"async\" src=\"https:\/\/i0.wp.com\/francaclassificados.com\/\/source\/view\/img\/pcpequeno.jpg?ssl=1\" class=\"img-fluid\" style=\"width: 100%; height: 350px;\" alt=\"Imagem publicidade\"\/><\/p><\/div>\n<div class=\"emp\">\n<p>\n            PRECISA-SE DE AUXILIAR DE COZINHA COM EXPERI\u00caNCIA. ENVIAR CURR\u00cdCULO PELO WHATSAPP (16) 99271-7199.\n            <\/p>\n<p><strong>Compartilhe:<\/strong><\/p>\n<p>                <img data-recalc-dims=\"1\" loading=\"lazy\" decoding=\"async\" width=\"25\" height=\"25\" src=\"https:\/\/i0.wp.com\/francaclassificados.com\/\/source\/view\/img\/20w50.png?resize=25%2C25&#038;ssl=1\" alt=\"Imagem compartilhar whatsapp\"\/><\/p>\n<p>                <img data-recalc-dims=\"1\" loading=\"lazy\" decoding=\"async\" width=\"25\" height=\"25\" src=\"https:\/\/i0.wp.com\/francaclassificados.com\/\/source\/view\/img\/18w50.png?resize=25%2C25&#038;ssl=1\" alt=\"Imagem compartilhar facebook\"\/><\/p>\n<\/p><\/div>\n<p>    <script async=\"\" src=\"https:\/\/pagead2.googlesyndication.com\/pagead\/js\/adsbygoogle.js?client=ca-pub-2853392113352629\" crossorigin=\"anonymous\"\/>\n    <ins class=\"adsbygoogle\" style=\"display:block; text-align:center;\" data-ad-layout=\"in-article\" data-ad-format=\"fluid\" data-ad-client=\"ca-pub-2853392113352629\" data-ad-slot=\"5979907262\"\/>\n    <script><![CDATA[\n        (adsbygoogle = window.adsbygoogle || []).push({});\n    ]]><\/script><\/p>\n<div class=\"emp\">\n<p>\n            PRECISA-SE DE CORTADOR DE FORRO. ENTRAR EM CONTATO COM LUCIANO PELO WHATSAPP \u202a16 99278-6270.\n            <\/p>\n<p><strong>Compartilhe:<\/strong><\/p>\n<p>                <img data-recalc-dims=\"1\" loading=\"lazy\" decoding=\"async\" width=\"25\" height=\"25\" src=\"https:\/\/i0.wp.com\/francaclassificados.com\/\/source\/view\/img\/20w50.png?resize=25%2C25&#038;ssl=1\" alt=\"Imagem compartilhar whatsapp\"\/><\/p>\n<p>                <img data-recalc-dims=\"1\" loading=\"lazy\" decoding=\"async\" width=\"25\" height=\"25\" src=\"https:\/\/i0.wp.com\/francaclassificados.com\/\/source\/view\/img\/18w50.png?resize=25%2C25&#038;ssl=1\" alt=\"Imagem compartilhar facebook\"\/><\/p>\n<\/p><\/div>\n<div class=\"emp\">\n<p>\n            PRECISA-SE DE BLAQUEADOR PARA COSTURA LATERAL PARA IN\u00cdCIO IMEDIATO. ENTRAR EM CONTATO PELO WHATSAPP (16)98197-3092.\n            <\/p>\n<p><strong>Compartilhe:<\/strong><\/p>\n<p>                <img data-recalc-dims=\"1\" loading=\"lazy\" decoding=\"async\" width=\"25\" height=\"25\" src=\"https:\/\/i0.wp.com\/francaclassificados.com\/\/source\/view\/img\/20w50.png?resize=25%2C25&#038;ssl=1\" alt=\"Imagem compartilhar whatsapp\"\/><\/p>\n<p>                <img data-recalc-dims=\"1\" loading=\"lazy\" decoding=\"async\" width=\"25\" height=\"25\" src=\"https:\/\/i0.wp.com\/francaclassificados.com\/\/source\/view\/img\/18w50.png?resize=25%2C25&#038;ssl=1\" alt=\"Imagem compartilhar facebook\"\/><\/p>\n<\/p><\/div>\n<p>    <script async=\"\" src=\"https:\/\/pagead2.googlesyndication.com\/pagead\/js\/adsbygoogle.js?client=ca-pub-2853392113352629\" crossorigin=\"anonymous\"\/>\n    <ins class=\"adsbygoogle\" style=\"display:block; text-align:center;\" data-ad-layout=\"in-article\" data-ad-format=\"fluid\" data-ad-client=\"ca-pub-2853392113352629\" data-ad-slot=\"5979907262\"\/>\n    <script><![CDATA[\n        (adsbygoogle = window.adsbygoogle || []).push({});\n    ]]><\/script><\/p>\n<div class=\"emp\">\n<p>\n            PRECISA-SE DE A\u00c7OUGUEIRO. ENVIAR CURR\u00cdCULO NO WHATSAPP (16) 99117-1396 OU NO E-MAIL acouguesantoantonio@hotmail.com\n            <\/p>\n<p><strong>Compartilhe:<\/strong><\/p>\n<p>                <img data-recalc-dims=\"1\" loading=\"lazy\" decoding=\"async\" width=\"25\" height=\"25\" src=\"https:\/\/i0.wp.com\/francaclassificados.com\/\/source\/view\/img\/20w50.png?resize=25%2C25&#038;ssl=1\" alt=\"Imagem compartilhar whatsapp\"\/><\/p>\n<p>                <img data-recalc-dims=\"1\" loading=\"lazy\" decoding=\"async\" width=\"25\" height=\"25\" src=\"https:\/\/i0.wp.com\/francaclassificados.com\/\/source\/view\/img\/18w50.png?resize=25%2C25&#038;ssl=1\" alt=\"Imagem compartilhar facebook\"\/><\/p>\n<\/p><\/div>\n<div class=\"emp\">\n<p>\n            PRECISA-SE DE BANCA DE PESPONTO PARA COTURNO \u2013 16 99100-8052 \u2013 RAFAELA.\n            <\/p>\n<p><strong>Compartilhe:<\/strong><\/p>\n<p>                <img data-recalc-dims=\"1\" loading=\"lazy\" decoding=\"async\" width=\"25\" height=\"25\" src=\"https:\/\/i0.wp.com\/francaclassificados.com\/\/source\/view\/img\/20w50.png?resize=25%2C25&#038;ssl=1\" alt=\"Imagem compartilhar whatsapp\"\/><\/p>\n<p>                <img data-recalc-dims=\"1\" loading=\"lazy\" decoding=\"async\" width=\"25\" height=\"25\" src=\"https:\/\/i0.wp.com\/francaclassificados.com\/\/source\/view\/img\/18w50.png?resize=25%2C25&#038;ssl=1\" alt=\"Imagem compartilhar facebook\"\/><\/p>\n<\/p><\/div>\n<p>    <script async=\"\" src=\"https:\/\/pagead2.googlesyndication.com\/pagead\/js\/adsbygoogle.js?client=ca-pub-2853392113352629\" crossorigin=\"anonymous\"\/>\n    <ins class=\"adsbygoogle\" style=\"display:block; text-align:center;\" data-ad-layout=\"in-article\" data-ad-format=\"fluid\" data-ad-client=\"ca-pub-2853392113352629\" data-ad-slot=\"5979907262\"\/>\n    <script><![CDATA[\n        (adsbygoogle = window.adsbygoogle || []).push({});\n    ]]><\/script><\/p>\n<div class=\"emp\">\n<p>\n            PRECISA-SE DE AUXILIAR MASCULINO PARA SETOR MONTAGEM E CLASSIFICADOR DE COURO. INTERESSADOS ENVIAR CURRICULUM PELO WHATSAPP 16 99979-7007 OU AV. DOM PEDRO I, 525 \u2013 JD PETRAGLIA.\n            <\/p>\n<p><strong>Compartilhe:<\/strong><\/p>\n<p>                <img data-recalc-dims=\"1\" loading=\"lazy\" decoding=\"async\" width=\"25\" height=\"25\" src=\"https:\/\/i0.wp.com\/francaclassificados.com\/\/source\/view\/img\/20w50.png?resize=25%2C25&#038;ssl=1\" alt=\"Imagem compartilhar whatsapp\"\/><\/p>\n<p>                <img data-recalc-dims=\"1\" loading=\"lazy\" decoding=\"async\" width=\"25\" height=\"25\" src=\"https:\/\/i0.wp.com\/francaclassificados.com\/\/source\/view\/img\/18w50.png?resize=25%2C25&#038;ssl=1\" alt=\"Imagem compartilhar facebook\"\/><\/p>\n<\/p><\/div>\n<div class=\"emp\">\n<p>\n            PRECISA-SE DE UMA PESSOA QUE SAIBA FAZER VI\u00c9S E STRING. CHAMAR NO WHATSAPP 99236-1904.\n            <\/p>\n<p><strong>Compartilhe:<\/strong><\/p>\n<p>                <img data-recalc-dims=\"1\" loading=\"lazy\" decoding=\"async\" width=\"25\" height=\"25\" src=\"https:\/\/i0.wp.com\/francaclassificados.com\/\/source\/view\/img\/20w50.png?resize=25%2C25&#038;ssl=1\" alt=\"Imagem compartilhar whatsapp\"\/><\/p>\n<p>                <img data-recalc-dims=\"1\" loading=\"lazy\" decoding=\"async\" width=\"25\" height=\"25\" src=\"https:\/\/i0.wp.com\/francaclassificados.com\/\/source\/view\/img\/18w50.png?resize=25%2C25&#038;ssl=1\" alt=\"Imagem compartilhar facebook\"\/><\/p>\n<\/p><\/div>\n<p>    <script async=\"\" src=\"https:\/\/pagead2.googlesyndication.com\/pagead\/js\/adsbygoogle.js?client=ca-pub-2853392113352629\" crossorigin=\"anonymous\"\/>\n    <ins class=\"adsbygoogle\" style=\"display:block; text-align:center;\" data-ad-layout=\"in-article\" data-ad-format=\"fluid\" data-ad-client=\"ca-pub-2853392113352629\" data-ad-slot=\"5979907262\"\/>\n    <script><![CDATA[\n        (adsbygoogle = window.adsbygoogle || []).push({});\n    ]]><\/script><\/p>\n<div class=\"emp\">\n<p>\n            PRECISA-SE DE APONTADOR DE SOLA, COLADEIRA DE PE\u00c7AS, PESPONTADOR, AUXILIAR DE MONTAGEM, AUXILIAR DE CORTE, AUXILIAR DE EXPEDI\u00c7\u00c3O, RISCADOR E CARIMBADEIRA \u2013 INTERESSADOS ENVIAR CURR\u00cdCULO PARA O N\u00daMERO: (16)3711-1439 INFORMANDO A VAGA DESEJADA.\n            <\/p>\n<p><strong>Compartilhe:<\/strong><\/p>\n<p>                <img data-recalc-dims=\"1\" loading=\"lazy\" decoding=\"async\" width=\"25\" height=\"25\" src=\"https:\/\/i0.wp.com\/francaclassificados.com\/\/source\/view\/img\/20w50.png?resize=25%2C25&#038;ssl=1\" alt=\"Imagem compartilhar whatsapp\"\/><\/p>\n<p>                <img data-recalc-dims=\"1\" loading=\"lazy\" decoding=\"async\" width=\"25\" height=\"25\" src=\"https:\/\/i0.wp.com\/francaclassificados.com\/\/source\/view\/img\/18w50.png?resize=25%2C25&#038;ssl=1\" alt=\"Imagem compartilhar facebook\"\/><\/p>\n<\/p><\/div>\n<div class=\"emp\">\n<p>\n            PRECISA-SE DE BANCA DE PESPONTO, BOTA FEMININA, NO JD. PETRAGLIA \u2013 16 3703-8156.\n            <\/p>\n<p><strong>Compartilhe:<\/strong><\/p>\n<p>                <img data-recalc-dims=\"1\" loading=\"lazy\" decoding=\"async\" width=\"25\" height=\"25\" src=\"https:\/\/i0.wp.com\/francaclassificados.com\/\/source\/view\/img\/20w50.png?resize=25%2C25&#038;ssl=1\" alt=\"Imagem compartilhar whatsapp\"\/><\/p>\n<p>                <img data-recalc-dims=\"1\" loading=\"lazy\" decoding=\"async\" width=\"25\" height=\"25\" src=\"https:\/\/i0.wp.com\/francaclassificados.com\/\/source\/view\/img\/18w50.png?resize=25%2C25&#038;ssl=1\" alt=\"Imagem compartilhar facebook\"\/><\/p>\n<\/p><\/div>\n<p>    <script async=\"\" src=\"https:\/\/pagead2.googlesyndication.com\/pagead\/js\/adsbygoogle.js?client=ca-pub-2853392113352629\" crossorigin=\"anonymous\"\/>\n    <ins class=\"adsbygoogle\" style=\"display:block; text-align:center;\" data-ad-layout=\"in-article\" data-ad-format=\"fluid\" data-ad-client=\"ca-pub-2853392113352629\" data-ad-slot=\"5979907262\"\/>\n    <script><![CDATA[\n        (adsbygoogle = window.adsbygoogle || []).push({});\n    ]]><\/script><\/p>\n<div class=\"emp\">\n<p>\n            PRECISA-SE DE COLADEIRA, NO SANTA LUZIA \u2013 TRATAR: 16 99240-6160.\n            <\/p>\n<p><strong>Compartilhe:<\/strong><\/p>\n<p>                <img data-recalc-dims=\"1\" loading=\"lazy\" decoding=\"async\" width=\"25\" height=\"25\" src=\"https:\/\/i0.wp.com\/francaclassificados.com\/\/source\/view\/img\/20w50.png?resize=25%2C25&#038;ssl=1\" alt=\"Imagem compartilhar whatsapp\"\/><\/p>\n<p>                <img data-recalc-dims=\"1\" loading=\"lazy\" decoding=\"async\" width=\"25\" height=\"25\" src=\"https:\/\/i0.wp.com\/francaclassificados.com\/\/source\/view\/img\/18w50.png?resize=25%2C25&#038;ssl=1\" alt=\"Imagem compartilhar facebook\"\/><\/p>\n<\/p><\/div>\n<div class=\"emp\">\n<p>\n            PRECISA-SE DE COLADEIRA DE PE\u00c7AS PRA SAPATOS, NO ANA DOROTHEA \u2013 16 99193-1790 FALAR COM JOS\u00c9.\n            <\/p>\n<p><strong>Compartilhe:<\/strong><\/p>\n<p>                <img data-recalc-dims=\"1\" loading=\"lazy\" decoding=\"async\" width=\"25\" height=\"25\" src=\"https:\/\/i0.wp.com\/francaclassificados.com\/\/source\/view\/img\/20w50.png?resize=25%2C25&#038;ssl=1\" alt=\"Imagem compartilhar whatsapp\"\/><\/p>\n<p>                <img data-recalc-dims=\"1\" loading=\"lazy\" decoding=\"async\" width=\"25\" height=\"25\" src=\"https:\/\/i0.wp.com\/francaclassificados.com\/\/source\/view\/img\/18w50.png?resize=25%2C25&#038;ssl=1\" alt=\"Imagem compartilhar facebook\"\/><\/p>\n<\/p><\/div>\n<p>    <script async=\"\" src=\"https:\/\/pagead2.googlesyndication.com\/pagead\/js\/adsbygoogle.js?client=ca-pub-2853392113352629\" crossorigin=\"anonymous\"\/>\n    <ins class=\"adsbygoogle\" style=\"display:block; text-align:center;\" data-ad-layout=\"in-article\" data-ad-format=\"fluid\" data-ad-client=\"ca-pub-2853392113352629\" data-ad-slot=\"5979907262\"\/>\n    <script><![CDATA[\n        (adsbygoogle = window.adsbygoogle || []).push({});\n    ]]><\/script><\/p>\n<div class=\"emp\">\n<p>\n            PRECISA-SE DE PRANCHEADOR E ACABADOR \u2013 TRATAR NO 99117-1358.\n            <\/p>\n<p><strong>Compartilhe:<\/strong><\/p>\n<p>                <img data-recalc-dims=\"1\" loading=\"lazy\" decoding=\"async\" width=\"25\" height=\"25\" src=\"https:\/\/i0.wp.com\/francaclassificados.com\/\/source\/view\/img\/20w50.png?resize=25%2C25&#038;ssl=1\" alt=\"Imagem compartilhar whatsapp\"\/><\/p>\n<p>                <img data-recalc-dims=\"1\" loading=\"lazy\" decoding=\"async\" width=\"25\" height=\"25\" src=\"https:\/\/i0.wp.com\/francaclassificados.com\/\/source\/view\/img\/18w50.png?resize=25%2C25&#038;ssl=1\" alt=\"Imagem compartilhar facebook\"\/><\/p>\n<\/p><\/div>\n<div class=\"emp\">\n<p>\n            PRECISA-SE DE UM PESPONTADOR (EIRA), QUE FA\u00c7A EM CASA, 30 PARES\/DIA DE COTURNO, PAGA-SE 10,00 O PAR NA HORA DA ENTREGA \u2013 9 9184-2428 FALAR COM MAURO.\n            <\/p>\n<p><strong>Compartilhe:<\/strong><\/p>\n<p>                <img data-recalc-dims=\"1\" loading=\"lazy\" decoding=\"async\" width=\"25\" height=\"25\" src=\"https:\/\/i0.wp.com\/francaclassificados.com\/\/source\/view\/img\/20w50.png?resize=25%2C25&#038;ssl=1\" alt=\"Imagem compartilhar whatsapp\"\/><\/p>\n<p>                <img data-recalc-dims=\"1\" loading=\"lazy\" decoding=\"async\" width=\"25\" height=\"25\" src=\"https:\/\/i0.wp.com\/francaclassificados.com\/\/source\/view\/img\/18w50.png?resize=25%2C25&#038;ssl=1\" alt=\"Imagem compartilhar facebook\"\/><\/p>\n<\/p><\/div>\n<p>    <script async=\"\" src=\"https:\/\/pagead2.googlesyndication.com\/pagead\/js\/adsbygoogle.js?client=ca-pub-2853392113352629\" crossorigin=\"anonymous\"\/>\n    <ins class=\"adsbygoogle\" style=\"display:block; text-align:center;\" data-ad-layout=\"in-article\" data-ad-format=\"fluid\" data-ad-client=\"ca-pub-2853392113352629\" data-ad-slot=\"5979907262\"\/>\n    <script><![CDATA[\n        (adsbygoogle = window.adsbygoogle || []).push({});\n    ]]><\/script><\/p>\n<div class=\"emp\">\n<p>\n            PRECISA-SE DE COSTUREIRA COM EXPERI\u00caNCIA EM GALONEIRA. PAGAMENTO SEMANAL. SERVI\u00c7O ANO INTEIRO.  CONFEC\u00c7\u00c3O ANGELA ROSA \u2013 16 99468-4076\/16 99112-5924.\n            <\/p>\n<p><strong>Compartilhe:<\/strong><\/p>\n<p>                <img data-recalc-dims=\"1\" loading=\"lazy\" decoding=\"async\" width=\"25\" height=\"25\" src=\"https:\/\/i0.wp.com\/francaclassificados.com\/\/source\/view\/img\/20w50.png?resize=25%2C25&#038;ssl=1\" alt=\"Imagem compartilhar whatsapp\"\/><\/p>\n<p>                <img data-recalc-dims=\"1\" loading=\"lazy\" decoding=\"async\" width=\"25\" height=\"25\" src=\"https:\/\/i0.wp.com\/francaclassificados.com\/\/source\/view\/img\/18w50.png?resize=25%2C25&#038;ssl=1\" alt=\"Imagem compartilhar facebook\"\/><\/p>\n<\/p><\/div>\n<div class=\"emp\">\n<p>\n            PRECISA-SE DE AUXILIAR PRODU\u00c7\u00c3O PARA IND\u00daSTRIA DE CAL\u00c7ADOS, IN\u00cdCIO IMEDIATO, N\u00c3O \u00c9 NECESS\u00c1RIO EXPERI\u00caNCIA. SER PROATIVO, RESPONS\u00c1VEL. INTERESSADOS ENVIAR CURR\u00cdCULO PELO WHATSAPP (16) 99292-3819.\n            <\/p>\n<p><strong>Compartilhe:<\/strong><\/p>\n<p>                <img data-recalc-dims=\"1\" loading=\"lazy\" decoding=\"async\" width=\"25\" height=\"25\" src=\"https:\/\/i0.wp.com\/francaclassificados.com\/\/source\/view\/img\/20w50.png?resize=25%2C25&#038;ssl=1\" alt=\"Imagem compartilhar whatsapp\"\/><\/p>\n<p>                <img data-recalc-dims=\"1\" loading=\"lazy\" decoding=\"async\" width=\"25\" height=\"25\" src=\"https:\/\/i0.wp.com\/francaclassificados.com\/\/source\/view\/img\/18w50.png?resize=25%2C25&#038;ssl=1\" alt=\"Imagem compartilhar facebook\"\/><\/p>\n<\/p><\/div>\n<p>    <script async=\"\" src=\"https:\/\/pagead2.googlesyndication.com\/pagead\/js\/adsbygoogle.js?client=ca-pub-2853392113352629\" crossorigin=\"anonymous\"\/>\n    <ins class=\"adsbygoogle\" style=\"display:block; text-align:center;\" data-ad-layout=\"in-article\" data-ad-format=\"fluid\" data-ad-client=\"ca-pub-2853392113352629\" data-ad-slot=\"5979907262\"\/>\n    <script><![CDATA[\n        (adsbygoogle = window.adsbygoogle || []).push({});\n    ]]><\/script><\/p>\n<div class=\"emp\">\n<p>\n            PRECISA-SE DE ACABADOR COM EXPERI\u00caNCIA, FABRICA FICA NO JD. PAULISTANO, SOMENTE INTERESSADOS, ENTRAR EM CONTATO POR MENSAGEM PELO WHATSAPP 16 99406-3726.\n            <\/p>\n<p><strong>Compartilhe:<\/strong><\/p>\n<p>                <img data-recalc-dims=\"1\" loading=\"lazy\" decoding=\"async\" width=\"25\" height=\"25\" src=\"https:\/\/i0.wp.com\/francaclassificados.com\/\/source\/view\/img\/20w50.png?resize=25%2C25&#038;ssl=1\" alt=\"Imagem compartilhar whatsapp\"\/><\/p>\n<p>                <img data-recalc-dims=\"1\" loading=\"lazy\" decoding=\"async\" width=\"25\" height=\"25\" src=\"https:\/\/i0.wp.com\/francaclassificados.com\/\/source\/view\/img\/18w50.png?resize=25%2C25&#038;ssl=1\" alt=\"Imagem compartilhar facebook\"\/><\/p>\n<\/p><\/div>\n<div class=\"emp\">\n<p>\n            PRECISA-SE DE PESPONTADOR E BANCA DE PESPONTO \u2013 RUA JOS\u00c9 JOAQUIM DA ROCHA, 5800 \u2013 SANTA TEREZINHA.\n            <\/p>\n<p><strong>Compartilhe:<\/strong><\/p>\n<p>                <img data-recalc-dims=\"1\" loading=\"lazy\" decoding=\"async\" width=\"25\" height=\"25\" src=\"https:\/\/i0.wp.com\/francaclassificados.com\/\/source\/view\/img\/20w50.png?resize=25%2C25&#038;ssl=1\" alt=\"Imagem compartilhar whatsapp\"\/><\/p>\n<p>                <img data-recalc-dims=\"1\" loading=\"lazy\" decoding=\"async\" width=\"25\" height=\"25\" src=\"https:\/\/i0.wp.com\/francaclassificados.com\/\/source\/view\/img\/18w50.png?resize=25%2C25&#038;ssl=1\" alt=\"Imagem compartilhar facebook\"\/><\/p>\n<\/p><\/div>\n<p>    <script async=\"\" src=\"https:\/\/pagead2.googlesyndication.com\/pagead\/js\/adsbygoogle.js?client=ca-pub-2853392113352629\" crossorigin=\"anonymous\"\/>\n    <ins class=\"adsbygoogle\" style=\"display:block; text-align:center;\" data-ad-layout=\"in-article\" data-ad-format=\"fluid\" data-ad-client=\"ca-pub-2853392113352629\" data-ad-slot=\"5979907262\"\/>\n    <script><![CDATA[\n        (adsbygoogle = window.adsbygoogle || []).push({});\n    ]]><\/script><\/p>\n<div class=\"emp\">\n<p>\n            PRECISA-SE DE APONTADOR DE SOLA E AUXILIAR DE ACABAMENTO COM PRATICA \u2013 16 99153-6263.\n            <\/p>\n<p><strong>Compartilhe:<\/strong><\/p>\n<p>                <img data-recalc-dims=\"1\" loading=\"lazy\" decoding=\"async\" width=\"25\" height=\"25\" src=\"https:\/\/i0.wp.com\/francaclassificados.com\/\/source\/view\/img\/20w50.png?resize=25%2C25&#038;ssl=1\" alt=\"Imagem compartilhar whatsapp\"\/><\/p>\n<p>                <img data-recalc-dims=\"1\" loading=\"lazy\" decoding=\"async\" width=\"25\" height=\"25\" src=\"https:\/\/i0.wp.com\/francaclassificados.com\/\/source\/view\/img\/18w50.png?resize=25%2C25&#038;ssl=1\" alt=\"Imagem compartilhar facebook\"\/><\/p>\n<\/p><\/div>\n<div class=\"emp\">\n<p>\n            PRECISA-SE DE AUXILIAR DE LOGISTICA, INTERESSADOS ENVIAR CURRICULO PARA priscila.cintra@cimentolandia.com.br\n            <\/p>\n<p><strong>Compartilhe:<\/strong><\/p>\n<p>                <img data-recalc-dims=\"1\" loading=\"lazy\" decoding=\"async\" width=\"25\" height=\"25\" src=\"https:\/\/i0.wp.com\/francaclassificados.com\/\/source\/view\/img\/20w50.png?resize=25%2C25&#038;ssl=1\" alt=\"Imagem compartilhar whatsapp\"\/><\/p>\n<p>                <img data-recalc-dims=\"1\" loading=\"lazy\" decoding=\"async\" width=\"25\" height=\"25\" src=\"https:\/\/i0.wp.com\/francaclassificados.com\/\/source\/view\/img\/18w50.png?resize=25%2C25&#038;ssl=1\" alt=\"Imagem compartilhar facebook\"\/><\/p>\n<\/p><\/div>\n<p>    <script async=\"\" src=\"https:\/\/pagead2.googlesyndication.com\/pagead\/js\/adsbygoogle.js?client=ca-pub-2853392113352629\" crossorigin=\"anonymous\"\/>\n    <ins class=\"adsbygoogle\" style=\"display:block; text-align:center;\" data-ad-layout=\"in-article\" data-ad-format=\"fluid\" data-ad-client=\"ca-pub-2853392113352629\" data-ad-slot=\"5979907262\"\/>\n    <script><![CDATA[\n        (adsbygoogle = window.adsbygoogle || []).push({});\n    ]]><\/script><\/p>\n<div class=\"emp\">\n<p>\n            PRECISA-SE DE BANCA DE PESPONTO COM EXPERI\u00caNCIA DRIVE, CAPACIDADE 60 PARES DIA. COMPARECER COM DOCUMENTOS RUA BENEDITO BARBOSA, 160 \u2013 JD. PAULISTANO 3725-5064.\n            <\/p>\n<p><strong>Compartilhe:<\/strong><\/p>\n<p>                <img data-recalc-dims=\"1\" loading=\"lazy\" decoding=\"async\" width=\"25\" height=\"25\" src=\"https:\/\/i0.wp.com\/francaclassificados.com\/\/source\/view\/img\/20w50.png?resize=25%2C25&#038;ssl=1\" alt=\"Imagem compartilhar whatsapp\"\/><\/p>\n<p>                <img data-recalc-dims=\"1\" loading=\"lazy\" decoding=\"async\" width=\"25\" height=\"25\" src=\"https:\/\/i0.wp.com\/francaclassificados.com\/\/source\/view\/img\/18w50.png?resize=25%2C25&#038;ssl=1\" alt=\"Imagem compartilhar facebook\"\/><\/p>\n<\/p><\/div>\n<div class=\"emp\">\n<p>\n            PRECISA-SE DE MULHER COM EXPERI\u00caNCIA, BALCONISTA DE PADARIA, OPERADOR DE CAIXA, COM DISPONIBILIDADE AOS FINS DE SEMANA. INTERESSADOS ENTRAR EM CONTATO NO 16 99179-3185 OU LEVAR CURR\u00cdCULO NA RUA MANOEL BANDEIRA, 83 \u2013 MIRAMONTES.\n            <\/p>\n<p><strong>Compartilhe:<\/strong><\/p>\n<p>                <img data-recalc-dims=\"1\" loading=\"lazy\" decoding=\"async\" width=\"25\" height=\"25\" src=\"https:\/\/i0.wp.com\/francaclassificados.com\/\/source\/view\/img\/20w50.png?resize=25%2C25&#038;ssl=1\" alt=\"Imagem compartilhar whatsapp\"\/><\/p>\n<p>                <img data-recalc-dims=\"1\" loading=\"lazy\" decoding=\"async\" width=\"25\" height=\"25\" src=\"https:\/\/i0.wp.com\/francaclassificados.com\/\/source\/view\/img\/18w50.png?resize=25%2C25&#038;ssl=1\" alt=\"Imagem compartilhar facebook\"\/><\/p>\n<\/p><\/div>\n<p>    <script async=\"\" src=\"https:\/\/pagead2.googlesyndication.com\/pagead\/js\/adsbygoogle.js?client=ca-pub-2853392113352629\" crossorigin=\"anonymous\"\/>\n    <ins class=\"adsbygoogle\" style=\"display:block; text-align:center;\" data-ad-layout=\"in-article\" data-ad-format=\"fluid\" data-ad-client=\"ca-pub-2853392113352629\" data-ad-slot=\"5979907262\"\/>\n    <script><![CDATA[\n        (adsbygoogle = window.adsbygoogle || []).push({});\n    ]]><\/script><\/p>\n<div class=\"emp\">\n<p>\n            PRECISA-SE DE BANCA DE PESPONTO URGENTE, IN\u00cdCIO IMEDIATO \u2013 WHATSAPP 16 99389-3466.\n            <\/p>\n<p><strong>Compartilhe:<\/strong><\/p>\n<p>                <img data-recalc-dims=\"1\" loading=\"lazy\" decoding=\"async\" width=\"25\" height=\"25\" src=\"https:\/\/i0.wp.com\/francaclassificados.com\/\/source\/view\/img\/20w50.png?resize=25%2C25&#038;ssl=1\" alt=\"Imagem compartilhar whatsapp\"\/><\/p>\n<p>                <img data-recalc-dims=\"1\" loading=\"lazy\" decoding=\"async\" width=\"25\" height=\"25\" src=\"https:\/\/i0.wp.com\/francaclassificados.com\/\/source\/view\/img\/18w50.png?resize=25%2C25&#038;ssl=1\" alt=\"Imagem compartilhar facebook\"\/><\/p>\n<\/p><\/div>\n<div class=\"emp\">\n<p>\n            PRECISA-SE DE APONTADOR DE SOLA, PREPARADOR DE SOLA, AUXILIAR DE ECOMMERCE E FECHADOR DE LADO. SEXO MASCULINO, SOMENTE COM EXPERI\u00caNCIA. ENVIAR CURRICULO PARA 16 99370-1050 OU 16 99336-0695.\n            <\/p>\n<p><strong>Compartilhe:<\/strong><\/p>\n<p>                <img data-recalc-dims=\"1\" loading=\"lazy\" decoding=\"async\" width=\"25\" height=\"25\" src=\"https:\/\/i0.wp.com\/francaclassificados.com\/\/source\/view\/img\/20w50.png?resize=25%2C25&#038;ssl=1\" alt=\"Imagem compartilhar whatsapp\"\/><\/p>\n<p>                <img data-recalc-dims=\"1\" loading=\"lazy\" decoding=\"async\" width=\"25\" height=\"25\" src=\"https:\/\/i0.wp.com\/francaclassificados.com\/\/source\/view\/img\/18w50.png?resize=25%2C25&#038;ssl=1\" alt=\"Imagem compartilhar facebook\"\/><\/p>\n<\/p><\/div>\n<p>    <script async=\"\" src=\"https:\/\/pagead2.googlesyndication.com\/pagead\/js\/adsbygoogle.js?client=ca-pub-2853392113352629\" crossorigin=\"anonymous\"\/>\n    <ins class=\"adsbygoogle\" style=\"display:block; text-align:center;\" data-ad-layout=\"in-article\" data-ad-format=\"fluid\" data-ad-client=\"ca-pub-2853392113352629\" data-ad-slot=\"5979907262\"\/>\n    <script><![CDATA[\n        (adsbygoogle = window.adsbygoogle || []).push({});\n    ]]><\/script><\/p>\n<div class=\"emp\">\n<p>\n            PRECISA-SE DE UMA PESSOA QUE SAIBA CHANFRAR, CARIMBAR, PASSAR COLA \u2013 RUA JOSE DO PATROCINIO, 1998 \u2013 BOA ESPERAN\u00c7A.\n            <\/p>\n<p><strong>Compartilhe:<\/strong><\/p>\n<p>                <img data-recalc-dims=\"1\" loading=\"lazy\" decoding=\"async\" width=\"25\" height=\"25\" src=\"https:\/\/i0.wp.com\/francaclassificados.com\/\/source\/view\/img\/20w50.png?resize=25%2C25&#038;ssl=1\" alt=\"Imagem compartilhar whatsapp\"\/><\/p>\n<p>                <img data-recalc-dims=\"1\" loading=\"lazy\" decoding=\"async\" width=\"25\" height=\"25\" src=\"https:\/\/i0.wp.com\/francaclassificados.com\/\/source\/view\/img\/18w50.png?resize=25%2C25&#038;ssl=1\" alt=\"Imagem compartilhar facebook\"\/><\/p>\n<\/p><\/div>\n<div class=\"emp\">\n<p>\n            PRECISA-SE DE PANHADOR QUE MORE NAS IMEDIA\u00c7\u00d5ES DA ROTAT\u00d3RIA, RODOVIA FRANCA IBIRACI, NA CASA SECA. PRE\u00c7O ALQUEIRE 35,00 \u2013 WHATSAPP 9 9999-1080.\n            <\/p>\n<p><strong>Compartilhe:<\/strong><\/p>\n<p>                <img data-recalc-dims=\"1\" loading=\"lazy\" decoding=\"async\" width=\"25\" height=\"25\" src=\"https:\/\/i0.wp.com\/francaclassificados.com\/\/source\/view\/img\/20w50.png?resize=25%2C25&#038;ssl=1\" alt=\"Imagem compartilhar whatsapp\"\/><\/p>\n<p>                <img data-recalc-dims=\"1\" loading=\"lazy\" decoding=\"async\" width=\"25\" height=\"25\" src=\"https:\/\/i0.wp.com\/francaclassificados.com\/\/source\/view\/img\/18w50.png?resize=25%2C25&#038;ssl=1\" alt=\"Imagem compartilhar facebook\"\/><\/p>\n<\/p><\/div>\n<p>    <script async=\"\" src=\"https:\/\/pagead2.googlesyndication.com\/pagead\/js\/adsbygoogle.js?client=ca-pub-2853392113352629\" crossorigin=\"anonymous\"\/>\n    <ins class=\"adsbygoogle\" style=\"display:block; text-align:center;\" data-ad-layout=\"in-article\" data-ad-format=\"fluid\" data-ad-client=\"ca-pub-2853392113352629\" data-ad-slot=\"5979907262\"\/>\n    <script><![CDATA[\n        (adsbygoogle = window.adsbygoogle || []).push({});\n    ]]><\/script><\/p>\n<div class=\"emp\">\n<p>\n            PRECISA-SE DE ATENDENTE DE PADARIA E OPERADORA DE CAIXA \u2013 99119-6100.\n            <\/p>\n<p><strong>Compartilhe:<\/strong><\/p>\n<p>                <img data-recalc-dims=\"1\" loading=\"lazy\" decoding=\"async\" width=\"25\" height=\"25\" src=\"https:\/\/i0.wp.com\/francaclassificados.com\/\/source\/view\/img\/20w50.png?resize=25%2C25&#038;ssl=1\" alt=\"Imagem compartilhar whatsapp\"\/><\/p>\n<p>                <img data-recalc-dims=\"1\" loading=\"lazy\" decoding=\"async\" width=\"25\" height=\"25\" src=\"https:\/\/i0.wp.com\/francaclassificados.com\/\/source\/view\/img\/18w50.png?resize=25%2C25&#038;ssl=1\" alt=\"Imagem compartilhar facebook\"\/><\/p>\n<\/p><\/div>\n<div class=\"emp\">\n<p>\n            PRECISA-SE DE REFILADOR DE SOLA E ESCALADEIRA DE CABEDAL \u2013 RUA JOS\u00c9 PEREIRA LIMA, 1361 \u2013 JARDIM PORTINARI.\n            <\/p>\n<p><strong>Compartilhe:<\/strong><\/p>\n<p>                <img data-recalc-dims=\"1\" loading=\"lazy\" decoding=\"async\" width=\"25\" height=\"25\" src=\"https:\/\/i0.wp.com\/francaclassificados.com\/\/source\/view\/img\/20w50.png?resize=25%2C25&#038;ssl=1\" alt=\"Imagem compartilhar whatsapp\"\/><\/p>\n<p>                <img data-recalc-dims=\"1\" loading=\"lazy\" decoding=\"async\" width=\"25\" height=\"25\" src=\"https:\/\/i0.wp.com\/francaclassificados.com\/\/source\/view\/img\/18w50.png?resize=25%2C25&#038;ssl=1\" alt=\"Imagem compartilhar facebook\"\/><\/p>\n<\/p><\/div>\n<p>    <script async=\"\" src=\"https:\/\/pagead2.googlesyndication.com\/pagead\/js\/adsbygoogle.js?client=ca-pub-2853392113352629\" crossorigin=\"anonymous\"\/>\n    <ins class=\"adsbygoogle\" style=\"display:block; text-align:center;\" data-ad-layout=\"in-article\" data-ad-format=\"fluid\" data-ad-client=\"ca-pub-2853392113352629\" data-ad-slot=\"5979907262\"\/>\n    <script><![CDATA[\n        (adsbygoogle = window.adsbygoogle || []).push({});\n    ]]><\/script><\/p>\n<div class=\"emp\">\n<p>\n            PRECISA-SE DE AUXILIAR DE E-COMMERCE DO SEXO MASCULINO QUE TENHA CONHECIMENTO EM MARKETPLACES E TR\u00c1FEGO PAGO. ENVIAR CURR\u00cdCULO SOMENTE COM FOTO AT\u00c9 SEXTA-FEIRA DIA 23\/05 NO N\u00daMERO \u2013 16 99286-3962.\n            <\/p>\n<p><strong>Compartilhe:<\/strong><\/p>\n<p>                <img data-recalc-dims=\"1\" loading=\"lazy\" decoding=\"async\" width=\"25\" height=\"25\" src=\"https:\/\/i0.wp.com\/francaclassificados.com\/\/source\/view\/img\/20w50.png?resize=25%2C25&#038;ssl=1\" alt=\"Imagem compartilhar whatsapp\"\/><\/p>\n<p>                <img data-recalc-dims=\"1\" loading=\"lazy\" decoding=\"async\" width=\"25\" height=\"25\" src=\"https:\/\/i0.wp.com\/francaclassificados.com\/\/source\/view\/img\/18w50.png?resize=25%2C25&#038;ssl=1\" alt=\"Imagem compartilhar facebook\"\/><\/p>\n<\/p><\/div>\n<div class=\"emp\">\n<p>\n            PRECISA-SE DE BANCAS DE PESPONTO PARA CARTEIRAS. INTERESSADOS CHAMAR NO WHATSAPP 16 99281-5930 C\/ GUILHERME.\n            <\/p>\n<p><strong>Compartilhe:<\/strong><\/p>\n<p>                <img data-recalc-dims=\"1\" loading=\"lazy\" decoding=\"async\" width=\"25\" height=\"25\" src=\"https:\/\/i0.wp.com\/francaclassificados.com\/\/source\/view\/img\/20w50.png?resize=25%2C25&#038;ssl=1\" alt=\"Imagem compartilhar whatsapp\"\/><\/p>\n<p>                <img data-recalc-dims=\"1\" loading=\"lazy\" decoding=\"async\" width=\"25\" height=\"25\" src=\"https:\/\/i0.wp.com\/francaclassificados.com\/\/source\/view\/img\/18w50.png?resize=25%2C25&#038;ssl=1\" alt=\"Imagem compartilhar facebook\"\/><\/p>\n<\/p><\/div>\n<p>    <script async=\"\" src=\"https:\/\/pagead2.googlesyndication.com\/pagead\/js\/adsbygoogle.js?client=ca-pub-2853392113352629\" crossorigin=\"anonymous\"\/>\n    <ins class=\"adsbygoogle\" style=\"display:block; text-align:center;\" data-ad-layout=\"in-article\" data-ad-format=\"fluid\" data-ad-client=\"ca-pub-2853392113352629\" data-ad-slot=\"5979907262\"\/>\n    <script><![CDATA[\n        (adsbygoogle = window.adsbygoogle || []).push({});\n    ]]><\/script><\/p>\n<div class=\"emp\"><!--19\/05--><\/p>\n<p>\n            Encarregado de Obras<br \/>Hor\u00e1rio de trabalho: Segunda \u00e0 Quinta, das 07h00 \u00e0s 17h00 e na Sexta das 07h00 \u00e0s 16h00<br \/>Descri\u00e7\u00e3o: <br \/>* Supervisionar e conferir atividades operacionais, leitura e execu\u00e7\u00e3o de projetos, acompanhando o cronograma e medi\u00e7\u00f5es de obras, al\u00e9m do controle de equipamentos, garantindo a qualidade, durabilidade e conformidade das estruturas com as especifica\u00e7\u00f5es t\u00e9cnicas estabelecidas;<br \/>* Orientar a equipe operacional atrav\u00e9s dos projetos e procedimentos operacionais;<br \/>* Supervisionar a qualidade dos servi\u00e7os executados, verificando o cumprimento das especifica\u00e7\u00f5es t\u00e9cnicas, normas e padr\u00f5es de qualidade estabelecidos;<br \/>* Garantir o uso adequado de EPI, e acionar a \u00e1rea de Seguran\u00e7a para medidas necess\u00e1rias.<br \/>Requisitos: <br \/>* Experi\u00eancia anterior na fun\u00e7\u00e3o, no segmento da constru\u00e7\u00e3o civil;<br \/>* Conhecimento b\u00e1sico de leitura e interpreta\u00e7\u00e3o de Projetos e Especifica\u00e7\u00f5es T\u00e9cnicas;<br \/>* Conhecimento na confer\u00eancia de atividades que comp\u00f5e as instru\u00e7\u00f5es t\u00e9cnicas de obra tais como: gabarito, funda\u00e7\u00e3o, alvenaria, acabamentos, cobertura, fachada e infraestrutura.<br \/>Enviar curr\u00edculos para o e-mail: rhadnconstrutorafranca@gmail.com\n            <\/p>\n<p><strong>Compartilhe:<\/strong><\/p>\n<p>                <img data-recalc-dims=\"1\" loading=\"lazy\" decoding=\"async\" width=\"25\" height=\"25\" src=\"https:\/\/i0.wp.com\/francaclassificados.com\/\/source\/view\/img\/20w50.png?resize=25%2C25&#038;ssl=1\" alt=\"Imagem compartilhar whatsapp\"\/><\/p>\n<p>                <img data-recalc-dims=\"1\" loading=\"lazy\" decoding=\"async\" width=\"25\" height=\"25\" src=\"https:\/\/i0.wp.com\/francaclassificados.com\/\/source\/view\/img\/18w50.png?resize=25%2C25&#038;ssl=1\" alt=\"Imagem compartilhar facebook\"\/><\/p>\n<\/p><\/div>\n<div class=\"emp\"><!--14\/05--><\/p>\n<p>\n            Consultora De Vendas<br \/>Descri\u00e7\u00e3o: Loja Avatim no Franca Shopping busca consultora de vendas, com ou sem experi\u00eancia, para trabalhar das 13:40 as 22:00.<br \/>Requisitos: ensino medio completo, habilidade com vendas, proatividade e dinamismo.<br \/>Formas de contato: 16 997999966 ou avatimfranca@gmail.com\n            <\/p>\n<p><strong>Compartilhe:<\/strong><\/p>\n<p>                <img data-recalc-dims=\"1\" loading=\"lazy\" decoding=\"async\" width=\"25\" height=\"25\" src=\"https:\/\/i0.wp.com\/francaclassificados.com\/\/source\/view\/img\/20w50.png?resize=25%2C25&#038;ssl=1\" alt=\"Imagem compartilhar whatsapp\"\/><\/p>\n<p>                <img data-recalc-dims=\"1\" loading=\"lazy\" decoding=\"async\" width=\"25\" height=\"25\" src=\"https:\/\/i0.wp.com\/francaclassificados.com\/\/source\/view\/img\/18w50.png?resize=25%2C25&#038;ssl=1\" alt=\"Imagem compartilhar facebook\"\/><\/p>\n<\/p><\/div>\n<p>    <script async=\"\" src=\"https:\/\/pagead2.googlesyndication.com\/pagead\/js\/adsbygoogle.js?client=ca-pub-2853392113352629\" crossorigin=\"anonymous\"\/>\n    <ins class=\"adsbygoogle\" style=\"display:block; text-align:center;\" data-ad-layout=\"in-article\" data-ad-format=\"fluid\" data-ad-client=\"ca-pub-2853392113352629\" data-ad-slot=\"5979907262\"\/>\n    <script><![CDATA[\n        (adsbygoogle = window.adsbygoogle || []).push({});\n    ]]><\/script><\/p>\n<div class=\"emp\"><!--13\/05--><\/p>\n<p>\n            SUPERVISOR OPERACIONAL TELECOM<br \/>Experi\u00eancia Instala\u00e7\u00e3o de Equipamentos e redes; Suporte t\u00e9cnico em campo; Configurar dispositivos e atuar em redes de fibra \u00f3ptica(FTTX, FTTA e FTTH)<br \/>rafael.lopes@flexconstrucoes.com thiago.prates@flexconstrucoes.com\n            <\/p>\n<p><strong>Compartilhe:<\/strong><\/p>\n<p>                <img data-recalc-dims=\"1\" loading=\"lazy\" decoding=\"async\" width=\"25\" height=\"25\" src=\"https:\/\/i0.wp.com\/francaclassificados.com\/\/source\/view\/img\/20w50.png?resize=25%2C25&#038;ssl=1\" alt=\"Imagem compartilhar whatsapp\"\/><\/p>\n<p>                <img data-recalc-dims=\"1\" loading=\"lazy\" decoding=\"async\" width=\"25\" height=\"25\" src=\"https:\/\/i0.wp.com\/francaclassificados.com\/\/source\/view\/img\/18w50.png?resize=25%2C25&#038;ssl=1\" alt=\"Imagem compartilhar facebook\"\/><\/p>\n<\/p><\/div>\n<div class=\"emp\"><!--13\/05--><\/p>\n<p>\n            Atendente<br \/>ATRIBUI\u00c7\u00d5ES<br \/>Prestar suporte t\u00e9cnico Agendamento de visitas t\u00e9cnicas Abertura de ordens de servi\u00e7o<br \/>REQUISITOS<br \/>Ensino M\u00e9dio Completo<br \/>Pacote Office;<br \/>Disponibilidade hor\u00e1rios<br \/>Envie seu curriculo para: <br \/>rafaellopes@flexconstrucoes.com ou monalisa.melo@flexconstrucoes.com\n            <\/p>\n<p><strong>Compartilhe:<\/strong><\/p>\n<p>                <img data-recalc-dims=\"1\" loading=\"lazy\" decoding=\"async\" width=\"25\" height=\"25\" src=\"https:\/\/i0.wp.com\/francaclassificados.com\/\/source\/view\/img\/20w50.png?resize=25%2C25&#038;ssl=1\" alt=\"Imagem compartilhar whatsapp\"\/><\/p>\n<p>                <img data-recalc-dims=\"1\" loading=\"lazy\" decoding=\"async\" width=\"25\" height=\"25\" src=\"https:\/\/i0.wp.com\/francaclassificados.com\/\/source\/view\/img\/18w50.png?resize=25%2C25&#038;ssl=1\" alt=\"Imagem compartilhar facebook\"\/><\/p>\n<\/p><\/div>\n<p>    <script async=\"\" src=\"https:\/\/pagead2.googlesyndication.com\/pagead\/js\/adsbygoogle.js?client=ca-pub-2853392113352629\" crossorigin=\"anonymous\"\/>\n    <ins class=\"adsbygoogle\" style=\"display:block; text-align:center;\" data-ad-layout=\"in-article\" data-ad-format=\"fluid\" data-ad-client=\"ca-pub-2853392113352629\" data-ad-slot=\"5979907262\"\/>\n    <script><![CDATA[\n        (adsbygoogle = window.adsbygoogle || []).push({});\n    ]]><\/script><\/p>\n<div class=\"emp\"><!--08\/05--><\/p>\n<p>\n            Precisa-se de costureira, com experi\u00eancia em overloque e galoneira e reta.<br \/>Que realmente queira trabalhar <br \/>Empresa localizada pr\u00f3ximo ao castelinho<br \/>16 99168-1784\n            <\/p>\n<p><strong>Compartilhe:<\/strong><\/p>\n<p>                <img data-recalc-dims=\"1\" loading=\"lazy\" decoding=\"async\" width=\"25\" height=\"25\" src=\"https:\/\/i0.wp.com\/francaclassificados.com\/\/source\/view\/img\/20w50.png?resize=25%2C25&#038;ssl=1\" alt=\"Imagem compartilhar whatsapp\"\/><\/p>\n<p>                <img data-recalc-dims=\"1\" loading=\"lazy\" decoding=\"async\" width=\"25\" height=\"25\" src=\"https:\/\/i0.wp.com\/francaclassificados.com\/\/source\/view\/img\/18w50.png?resize=25%2C25&#038;ssl=1\" alt=\"Imagem compartilhar facebook\"\/><\/p>\n<\/p><\/div>\n<div class=\"emp\"><!--08\/05--><\/p>\n<p>\n            PRECISO COM URG\u00caNCIA<br \/>- 1 Passador(a) de Cola no Cabedal<br \/>1 Apontador de Sola 1 Riscador<br \/>Todos com Pr\u00e1tica!<br \/>Mandar Curr\u00edculo no Whatsapp (16) 99723-2234\n            <\/p>\n<p><strong>Compartilhe:<\/strong><\/p>\n<p>                <img data-recalc-dims=\"1\" loading=\"lazy\" decoding=\"async\" width=\"25\" height=\"25\" src=\"https:\/\/i0.wp.com\/francaclassificados.com\/\/source\/view\/img\/20w50.png?resize=25%2C25&#038;ssl=1\" alt=\"Imagem compartilhar whatsapp\"\/><\/p>\n<p>                <img data-recalc-dims=\"1\" loading=\"lazy\" decoding=\"async\" width=\"25\" height=\"25\" src=\"https:\/\/i0.wp.com\/francaclassificados.com\/\/source\/view\/img\/18w50.png?resize=25%2C25&#038;ssl=1\" alt=\"Imagem compartilhar facebook\"\/><\/p>\n<\/p><\/div>\n<p>    <script async=\"\" src=\"https:\/\/pagead2.googlesyndication.com\/pagead\/js\/adsbygoogle.js?client=ca-pub-2853392113352629\" crossorigin=\"anonymous\"\/>\n    <ins class=\"adsbygoogle\" style=\"display:block; text-align:center;\" data-ad-layout=\"in-article\" data-ad-format=\"fluid\" data-ad-client=\"ca-pub-2853392113352629\" data-ad-slot=\"5979907262\"\/>\n    <script><![CDATA[\n        (adsbygoogle = window.adsbygoogle || []).push({});\n    ]]><\/script><\/p>\n<div class=\"emp\"><!--06\/05--><\/p>\n<p>\n            Contrata-se Vigia escala 12\/36, para monitorar as instala\u00e7\u00f5es e realizar rondas. <br \/>Requisitos: Experi\u00eancia comprovada <br \/>Interessados enviar curr\u00edculo para race.logistica@gmail.com ou entregar pessoalmente no endere\u00e7o: Av Wilson S\u00e1bio de Melo, 2710 - Distrito Industrial.\n            <\/p>\n<p><strong>Compartilhe:<\/strong><\/p>\n<p>                <img data-recalc-dims=\"1\" loading=\"lazy\" decoding=\"async\" width=\"25\" height=\"25\" src=\"https:\/\/i0.wp.com\/francaclassificados.com\/\/source\/view\/img\/20w50.png?resize=25%2C25&#038;ssl=1\" alt=\"Imagem compartilhar whatsapp\"\/><\/p>\n<p>                <img data-recalc-dims=\"1\" loading=\"lazy\" decoding=\"async\" width=\"25\" height=\"25\" src=\"https:\/\/i0.wp.com\/francaclassificados.com\/\/source\/view\/img\/18w50.png?resize=25%2C25&#038;ssl=1\" alt=\"Imagem compartilhar facebook\"\/><\/p>\n<\/p><\/div>\n<div class=\"emp\"><!--06\/05--><\/p>\n<p>\n            Auxiliar de Produ\u00e7\u00e3o na Fabrica\u00e7\u00e3o de Quadros\/Molduraria<br \/>Trabalho presencial no bairro Guanabara, pr\u00f3ximo a exposi\u00e7\u00e3o de Franca SP<br \/>Jornada das 07:30 as 17:20 (com uma hora de almo\u00e7o)<br \/>Requisitos:<br \/>Pessoa organizada e pontual<br \/>Compromisso com o trabalho<br \/>Ensino m\u00e9dio completo, matem\u00e1tica b\u00e1sica para c\u00e1lculo dos materiais a serem produzidos<br \/>Proatividade e facilidade de adapta\u00e7\u00e3o ao nosso modelo de trabalho<br \/>Residir em Franca ou nas proximidades.<br \/>Preferencialmente j\u00e1 ter experi\u00eancia com uso de ferramentas de marcenaria, serra meia esquadria, tico tico, furadeira parafusadeira, compressor, pinador pneum\u00e1tico, etc.<br \/>Inicio imediato<br \/>Enviar mensagem com curr\u00edculo \/ experi\u00eancias para o WhatsApp 016 99748-9316<br \/>Mencionar que est\u00e1 se candidatando para vaga de Auxiliar de Produ\u00e7\u00e3o, somente ser\u00e3o avaliadas mensagens com curr\u00edculo.<br \/>PS: n\u00e3o adianta ligar, somente ser\u00e3o considerados os contatos por mensagem via WhatsApp, favor n\u00e3o insista na liga\u00e7\u00e3o\n            <\/p>\n<p><strong>Compartilhe:<\/strong><\/p>\n<p>                <img data-recalc-dims=\"1\" loading=\"lazy\" decoding=\"async\" width=\"25\" height=\"25\" src=\"https:\/\/i0.wp.com\/francaclassificados.com\/\/source\/view\/img\/20w50.png?resize=25%2C25&#038;ssl=1\" alt=\"Imagem compartilhar whatsapp\"\/><\/p>\n<p>                <img data-recalc-dims=\"1\" loading=\"lazy\" decoding=\"async\" width=\"25\" height=\"25\" src=\"https:\/\/i0.wp.com\/francaclassificados.com\/\/source\/view\/img\/18w50.png?resize=25%2C25&#038;ssl=1\" alt=\"Imagem compartilhar facebook\"\/><\/p>\n<\/p><\/div>\n<p>    <script async=\"\" src=\"https:\/\/pagead2.googlesyndication.com\/pagead\/js\/adsbygoogle.js?client=ca-pub-2853392113352629\" crossorigin=\"anonymous\"\/>\n    <ins class=\"adsbygoogle\" style=\"display:block; text-align:center;\" data-ad-layout=\"in-article\" data-ad-format=\"fluid\" data-ad-client=\"ca-pub-2853392113352629\" data-ad-slot=\"5979907262\"\/>\n    <script><![CDATA[\n        (adsbygoogle = window.adsbygoogle || []).push({});\n    ]]><\/script><\/p>\n<div class=\"emp\">\n<p>\n            Escalador de Couro<br \/>Ind\u00fastria de cal\u00e7ados Feminino Contrata Escalador de Couro com experi\u00eancia. Envie seu curr\u00edculo para: vagafranca00@gmail.com\n            <\/p>\n<p><strong>Compartilhe:<\/strong><\/p>\n<p>                <img data-recalc-dims=\"1\" loading=\"lazy\" decoding=\"async\" width=\"25\" height=\"25\" src=\"https:\/\/i0.wp.com\/francaclassificados.com\/\/source\/view\/img\/20w50.png?resize=25%2C25&#038;ssl=1\" alt=\"Imagem compartilhar whatsapp\"\/><\/p>\n<p>                <img data-recalc-dims=\"1\" loading=\"lazy\" decoding=\"async\" width=\"25\" height=\"25\" src=\"https:\/\/i0.wp.com\/francaclassificados.com\/\/source\/view\/img\/18w50.png?resize=25%2C25&#038;ssl=1\" alt=\"Imagem compartilhar facebook\"\/><\/p>\n<\/p><\/div>\n<div class=\"emp\">\n<p>\n            CONTRATA-SE Auxiliar administrativo (logistica), Empilhadeirista, Ajudante e Motorista Curriculo para rhcmto@gmail.com\n            <\/p>\n<p><strong>Compartilhe:<\/strong><\/p>\n<p>                <img data-recalc-dims=\"1\" loading=\"lazy\" decoding=\"async\" width=\"25\" height=\"25\" src=\"https:\/\/i0.wp.com\/francaclassificados.com\/\/source\/view\/img\/20w50.png?resize=25%2C25&#038;ssl=1\" alt=\"Imagem compartilhar whatsapp\"\/><\/p>\n<p>                <img data-recalc-dims=\"1\" loading=\"lazy\" decoding=\"async\" width=\"25\" height=\"25\" src=\"https:\/\/i0.wp.com\/francaclassificados.com\/\/source\/view\/img\/18w50.png?resize=25%2C25&#038;ssl=1\" alt=\"Imagem compartilhar facebook\"\/><\/p>\n<\/p><\/div>\n<p>    <script async=\"\" src=\"https:\/\/pagead2.googlesyndication.com\/pagead\/js\/adsbygoogle.js?client=ca-pub-2853392113352629\" crossorigin=\"anonymous\"\/>\n    <ins class=\"adsbygoogle\" style=\"display:block; text-align:center;\" data-ad-layout=\"in-article\" data-ad-format=\"fluid\" data-ad-client=\"ca-pub-2853392113352629\" data-ad-slot=\"5979907262\"\/>\n    <script><![CDATA[\n    (adsbygoogle = window.adsbygoogle || []).push({});\n    ]]><\/script><\/p>\n<div class=\"emp\">\n<p>\n            Contrata-se Aux. Administrativo que tenha conhecimentos na \u00e1rea \"Financeira\" (gest\u00e3o e controle de todas as opera\u00e7\u00f5es financeiras, incluindo receitas, despesas, investimentos, e outras atividades relacionadas \u00e0 sa\u00fade financeira da organiza\u00e7\u00e3o). Interessados encaminhar curr\u00edculo dp.recrutamento238@gmail.com\n            <\/p>\n<p><strong>Compartilhe:<\/strong><\/p>\n<p>                <img data-recalc-dims=\"1\" loading=\"lazy\" decoding=\"async\" width=\"25\" height=\"25\" src=\"https:\/\/i0.wp.com\/francaclassificados.com\/\/source\/view\/img\/20w50.png?resize=25%2C25&#038;ssl=1\" alt=\"Imagem compartilhar whatsapp\"\/><\/p>\n<p>                <img data-recalc-dims=\"1\" loading=\"lazy\" decoding=\"async\" width=\"25\" height=\"25\" src=\"https:\/\/i0.wp.com\/francaclassificados.com\/\/source\/view\/img\/18w50.png?resize=25%2C25&#038;ssl=1\" alt=\"Imagem compartilhar facebook\"\/><\/p>\n<\/p><\/div>\n<div class=\"emp\">\n<p>\n            ESTAGI\u00c1RIO EM MARKETING<br \/>EMPRESA EM FASE DE EXPANS\u00c3O, CONTRATA PARA IN\u00cdCIO IMEDIATO, ESTAGI\u00c1RIOS D\u00c1 \u00c1REA DE MARKETING QUE POSSUA CONHECIMENTOS EM MIDIAS SOCIAIS, DESIGN GR\u00c1FICO E TR\u00c1FEGO E QUE ESTEJAM CURSANDO FACULDADE DE PROPAGANDA, MARKETING OU SIMILARES. INTERESSADOS ENVIAR CURR\u00cdCULOS PARA brvagas2024@gmail.com. FAVOR n\u00e3o enviar curr\u00edculo se n\u00e3o forem da \u00e1rea de Marketing\n            <\/p>\n<p><strong>Compartilhe:<\/strong><\/p>\n<p>                <img data-recalc-dims=\"1\" loading=\"lazy\" decoding=\"async\" width=\"25\" height=\"25\" src=\"https:\/\/i0.wp.com\/francaclassificados.com\/\/source\/view\/img\/20w50.png?resize=25%2C25&#038;ssl=1\" alt=\"Imagem compartilhar whatsapp\"\/><\/p>\n<p>                <img data-recalc-dims=\"1\" loading=\"lazy\" decoding=\"async\" width=\"25\" height=\"25\" src=\"https:\/\/i0.wp.com\/francaclassificados.com\/\/source\/view\/img\/18w50.png?resize=25%2C25&#038;ssl=1\" alt=\"Imagem compartilhar facebook\"\/><\/p>\n<\/p><\/div>\n<p>    <script async=\"\" src=\"https:\/\/pagead2.googlesyndication.com\/pagead\/js\/adsbygoogle.js?client=ca-pub-2853392113352629\" crossorigin=\"anonymous\"\/>\n    <ins class=\"adsbygoogle\" style=\"display:block; text-align:center;\" data-ad-layout=\"in-article\" data-ad-format=\"fluid\" data-ad-client=\"ca-pub-2853392113352629\" data-ad-slot=\"5979907262\"\/>\n    <script><![CDATA[\n    (adsbygoogle = window.adsbygoogle || []).push({});\n    ]]><\/script><\/p>\n<div class=\"emp\">\n<p>\n            Contrata-se<br \/>RETIFICADOR DE BIELA OU MEIO OFICIAL DE TORNEIRO MECANICO OU APRENDIZ .*RETIFICADOR DE CABE\u00c7OTE OU MEIO OFICIAL DE TORNEIRO MECANICO OU APRENDIZ . INTERESSADOS ENTRAR CONTATO (16)99331-5966 \/(16) 3727-3313 -Falar com Tunas\n            <\/p>\n<p><strong>Compartilhe:<\/strong><\/p>\n<p>                <img data-recalc-dims=\"1\" loading=\"lazy\" decoding=\"async\" width=\"25\" height=\"25\" src=\"https:\/\/i0.wp.com\/francaclassificados.com\/\/source\/view\/img\/20w50.png?resize=25%2C25&#038;ssl=1\" alt=\"Imagem compartilhar whatsapp\"\/><\/p>\n<p>                <img data-recalc-dims=\"1\" loading=\"lazy\" decoding=\"async\" width=\"25\" height=\"25\" src=\"https:\/\/i0.wp.com\/francaclassificados.com\/\/source\/view\/img\/18w50.png?resize=25%2C25&#038;ssl=1\" alt=\"Imagem compartilhar facebook\"\/><\/p>\n<\/p><\/div>\n<div class=\"emp\">\n<p>\n            Precisa se de chapeiro para trabalhar no final de semana . Hor\u00e1rio das 7:00 \u00e1s 13:00 horas.Tratar na rua Frederico Ozanan816 Jardim Consola\u00e7\u00e3o .Whatsap :16 99974 3024\n            <\/p>\n<p><strong>Compartilhe:<\/strong><\/p>\n<p>                <img data-recalc-dims=\"1\" loading=\"lazy\" decoding=\"async\" width=\"25\" height=\"25\" src=\"https:\/\/i0.wp.com\/francaclassificados.com\/\/source\/view\/img\/20w50.png?resize=25%2C25&#038;ssl=1\" alt=\"Imagem compartilhar whatsapp\"\/><\/p>\n<p>                <img data-recalc-dims=\"1\" loading=\"lazy\" decoding=\"async\" width=\"25\" height=\"25\" src=\"https:\/\/i0.wp.com\/francaclassificados.com\/\/source\/view\/img\/18w50.png?resize=25%2C25&#038;ssl=1\" alt=\"Imagem compartilhar facebook\"\/><\/p>\n<\/p><\/div>\n<p>    <script async=\"\" src=\"https:\/\/pagead2.googlesyndication.com\/pagead\/js\/adsbygoogle.js?client=ca-pub-2853392113352629\" crossorigin=\"anonymous\"\/>\n    <ins class=\"adsbygoogle\" style=\"display:block\" data-ad-client=\"ca-pub-2853392113352629\" data-ad-slot=\"2925831803\" data-ad-format=\"auto\" data-full-width-responsive=\"true\"\/>\n    <script><![CDATA[(adsbygoogle = window.adsbygoogle || []).push({});]]><\/script><\/p>\n<div class=\"emp\">\n<p>\n            Estamos contratando balconista com pr\u00e1tica e que tenha CNH. Trata-se na Rua Frederico Ozanan 816.Jardim Consola\u00e7\u00e3o. Mandar curr\u00edculo :(16) 99974 3024\n            <\/p>\n<p><strong>Compartilhe:<\/strong><\/p>\n<p>                <img data-recalc-dims=\"1\" loading=\"lazy\" decoding=\"async\" width=\"25\" height=\"25\" src=\"https:\/\/i0.wp.com\/francaclassificados.com\/\/source\/view\/img\/20w50.png?resize=25%2C25&#038;ssl=1\" alt=\"Imagem compartilhar whatsapp\"\/><\/p>\n<p>                <img data-recalc-dims=\"1\" loading=\"lazy\" decoding=\"async\" width=\"25\" height=\"25\" src=\"https:\/\/i0.wp.com\/francaclassificados.com\/\/source\/view\/img\/18w50.png?resize=25%2C25&#038;ssl=1\" alt=\"Imagem compartilhar facebook\"\/><\/p>\n<\/p><\/div>\n<div class=\"emp\">\n<p>\n            ADMITE-SE PESPONTADOR DE QUALIDADE. INTERESSADOS ENVIAR CURR\u00cdCULO PARA: CALCADOSGTX@GMAIL.COM\n            <\/p>\n<p><strong>Compartilhe:<\/strong><\/p>\n<p>                <img data-recalc-dims=\"1\" loading=\"lazy\" decoding=\"async\" width=\"25\" height=\"25\" src=\"https:\/\/i0.wp.com\/francaclassificados.com\/\/source\/view\/img\/20w50.png?resize=25%2C25&#038;ssl=1\" alt=\"Imagem compartilhar whatsapp\"\/><\/p>\n<p>                <img data-recalc-dims=\"1\" loading=\"lazy\" decoding=\"async\" width=\"25\" height=\"25\" src=\"https:\/\/i0.wp.com\/francaclassificados.com\/\/source\/view\/img\/18w50.png?resize=25%2C25&#038;ssl=1\" alt=\"Imagem compartilhar facebook\"\/><\/p>\n<\/p><\/div>\n<p>    <script async=\"\" src=\"https:\/\/pagead2.googlesyndication.com\/pagead\/js\/adsbygoogle.js?client=ca-pub-2853392113352629\" crossorigin=\"anonymous\"\/>\n    <ins class=\"adsbygoogle\" style=\"display:block\" data-ad-client=\"ca-pub-2853392113352629\" data-ad-slot=\"2925831803\" data-ad-format=\"auto\" data-full-width-responsive=\"true\"\/>\n    <script><![CDATA[(adsbygoogle = window.adsbygoogle || []).push({});]]><\/script><\/p>\n<div class=\"emp\">\n<p>\n            Barista<br \/>Contrata-se para trabalhar em cafeteria da cidade barista com experi\u00eancia comprovada. Interessados enviar curr\u00edculo para financeiro@cafemoscardini.com\n            <\/p>\n<p><strong>Compartilhe:<\/strong><\/p>\n<p>                <img data-recalc-dims=\"1\" loading=\"lazy\" decoding=\"async\" width=\"25\" height=\"25\" src=\"https:\/\/i0.wp.com\/francaclassificados.com\/\/source\/view\/img\/20w50.png?resize=25%2C25&#038;ssl=1\" alt=\"Imagem compartilhar whatsapp\"\/><\/p>\n<p>                <img data-recalc-dims=\"1\" loading=\"lazy\" decoding=\"async\" width=\"25\" height=\"25\" src=\"https:\/\/i0.wp.com\/francaclassificados.com\/\/source\/view\/img\/18w50.png?resize=25%2C25&#038;ssl=1\" alt=\"Imagem compartilhar facebook\"\/><\/p>\n<\/p><\/div>\n<div class=\"emp\">\n<p>\n            VAGA AUXILIAR E-COMMERCE, SEXO MASCULINO, TER EXPERIENCIA NO TRANSITO, CNH B, PRO ATIVO, RESPONSAVEL. FUN\u00c7\u00d5ES: COLETAR MERCADORIAS NOS FORNECEDORES E AJUDAR NA EXPEDI\u00c7\u00c3O. EXCELENTE HORARIO DE TRABALHO SEG A SEXTA DAS 7 AS 17 HRS. INTERESSADOS ENVIAR CURRICULO PARA O E-MAIL YESBASIC@OUTLOOK.COM\n            <\/p>\n<p><strong>Compartilhe:<\/strong><\/p>\n<p>                <img data-recalc-dims=\"1\" loading=\"lazy\" decoding=\"async\" width=\"25\" height=\"25\" src=\"https:\/\/i0.wp.com\/francaclassificados.com\/\/source\/view\/img\/20w50.png?resize=25%2C25&#038;ssl=1\" alt=\"Imagem compartilhar whatsapp\"\/><\/p>\n<p>                <img data-recalc-dims=\"1\" loading=\"lazy\" decoding=\"async\" width=\"25\" height=\"25\" src=\"https:\/\/i0.wp.com\/francaclassificados.com\/\/source\/view\/img\/18w50.png?resize=25%2C25&#038;ssl=1\" alt=\"Imagem compartilhar facebook\"\/><\/p>\n<\/p><\/div>\n<p>    <script async=\"\" src=\"https:\/\/pagead2.googlesyndication.com\/pagead\/js\/adsbygoogle.js?client=ca-pub-2853392113352629\" crossorigin=\"anonymous\"\/>\n    <ins class=\"adsbygoogle\" style=\"display:block\" data-ad-client=\"ca-pub-2853392113352629\" data-ad-slot=\"2925831803\" data-ad-format=\"auto\" data-full-width-responsive=\"true\"\/>\n    <script><![CDATA[(adsbygoogle = window.adsbygoogle || []).push({});]]><\/script><\/p>\n<div class=\"emp\">\n<p>\n            SOCIAL MIDIA E_COMMERCE<br \/>Briefing e Programa\u00e7\u00e3o de conte\u00fados para redes sociais Grava\u00e7\u00e3o\/Foto de conte\u00fados e produtos. Cadastro de produtos no site. Experi\u00eancia em e-commerce ser\u00e1 um diferencial. Respons\u00e1vel por responder clientes em redes sociais. Enviar curr\u00edculo para: curriculorjg@gmail.com\n            <\/p>\n<p><strong>Compartilhe:<\/strong><\/p>\n<p>                <img data-recalc-dims=\"1\" loading=\"lazy\" decoding=\"async\" width=\"25\" height=\"25\" src=\"https:\/\/i0.wp.com\/francaclassificados.com\/\/source\/view\/img\/20w50.png?resize=25%2C25&#038;ssl=1\" alt=\"Imagem compartilhar whatsapp\"\/><\/p>\n<p>                <img data-recalc-dims=\"1\" loading=\"lazy\" decoding=\"async\" width=\"25\" height=\"25\" src=\"https:\/\/i0.wp.com\/francaclassificados.com\/\/source\/view\/img\/18w50.png?resize=25%2C25&#038;ssl=1\" alt=\"Imagem compartilhar facebook\"\/><\/p>\n<\/p><\/div>\n<div class=\"emp\">\n<p>\n            Auxiliar de E-commerce<br \/>N\u00e3o precisa ter experi\u00eancia na \u00e1rea Para trabalhar na \u00e1rea de an\u00fancios de pe\u00e7as automotivas no mercado livre: segunda a sexta das 08h \u00e0s 18h s\u00e1bado das 08h ao 12h Que tenha interesse em aprender. Encaminhar o curr\u00edculo no WhatsApp 16 99156-2882\n            <\/p>\n<p><strong>Compartilhe:<\/strong><\/p>\n<p>                <img data-recalc-dims=\"1\" loading=\"lazy\" decoding=\"async\" width=\"25\" height=\"25\" src=\"https:\/\/i0.wp.com\/francaclassificados.com\/\/source\/view\/img\/20w50.png?resize=25%2C25&#038;ssl=1\" alt=\"Imagem compartilhar whatsapp\"\/><\/p>\n<p>                <img data-recalc-dims=\"1\" loading=\"lazy\" decoding=\"async\" width=\"25\" height=\"25\" src=\"https:\/\/i0.wp.com\/francaclassificados.com\/\/source\/view\/img\/18w50.png?resize=25%2C25&#038;ssl=1\" alt=\"Imagem compartilhar facebook\"\/><\/p>\n<\/p><\/div>\n<p>    <script async=\"\" src=\"https:\/\/pagead2.googlesyndication.com\/pagead\/js\/adsbygoogle.js?client=ca-pub-2853392113352629\" crossorigin=\"anonymous\"\/>\n    <ins class=\"adsbygoogle\" style=\"display:block\" data-ad-client=\"ca-pub-2853392113352629\" data-ad-slot=\"2925831803\" data-ad-format=\"auto\" data-full-width-responsive=\"true\"\/>\n    <script><![CDATA[(adsbygoogle = window.adsbygoogle || []).push({});]]><\/script><\/p>\n<div class=\"emp\">\n<p>\n            Atendente Padaria<br \/>Contrata atendente de padaria, para hor\u00e1rio das 12:40 \u00e0s 21 hrs, 1 hora de janta, segunda a s\u00e1bado 2 domingos no m\u00eas, na Vila Rezende, Mini Box Miguel - registrado. Mandar curr\u00edculo n\u00famero 16 99177-2398 loja est\u00e1 localizada na vila Rezende pr\u00f3ximo a vila s\u00e3o Sebasti\u00e3o salario 1,900 para sexo feminino\n            <\/p>\n<p><strong>Compartilhe:<\/strong><\/p>\n<p>                <img data-recalc-dims=\"1\" loading=\"lazy\" decoding=\"async\" width=\"25\" height=\"25\" src=\"https:\/\/i0.wp.com\/francaclassificados.com\/\/source\/view\/img\/20w50.png?resize=25%2C25&#038;ssl=1\" alt=\"Imagem compartilhar whatsapp\"\/><\/p>\n<p>                <img data-recalc-dims=\"1\" loading=\"lazy\" decoding=\"async\" width=\"25\" height=\"25\" src=\"https:\/\/i0.wp.com\/francaclassificados.com\/\/source\/view\/img\/18w50.png?resize=25%2C25&#038;ssl=1\" alt=\"Imagem compartilhar facebook\"\/><\/p>\n<\/p><\/div>\n<div class=\"emp\">\n<p>\n            Estamos contratando vendedora e auxiliar com experi\u00eancia em Vendas. Inicio Imediato! Salario fixo, Premia\u00e7\u00e3o\/Comiss\u00e3o, Vale Transporte, Vale Refei\u00e7\u00e3o, Conv\u00eanio Farm\u00e1cia, Treinamento e Plano de Carreira. Entrar em contato 16 9308-6276 ou majorpontual@gmail.com\n            <\/p>\n<p><strong>Compartilhe:<\/strong><\/p>\n<p>                <img data-recalc-dims=\"1\" loading=\"lazy\" decoding=\"async\" width=\"25\" height=\"25\" src=\"https:\/\/i0.wp.com\/francaclassificados.com\/\/source\/view\/img\/20w50.png?resize=25%2C25&#038;ssl=1\" alt=\"Imagem compartilhar whatsapp\"\/><\/p>\n<p>                <img data-recalc-dims=\"1\" loading=\"lazy\" decoding=\"async\" width=\"25\" height=\"25\" src=\"https:\/\/i0.wp.com\/francaclassificados.com\/\/source\/view\/img\/18w50.png?resize=25%2C25&#038;ssl=1\" alt=\"Imagem compartilhar facebook\"\/><\/p>\n<\/p><\/div>\n<p>    <script async=\"\" src=\"https:\/\/pagead2.googlesyndication.com\/pagead\/js\/adsbygoogle.js?client=ca-pub-2853392113352629\" crossorigin=\"anonymous\"\/>\n    <ins class=\"adsbygoogle\" style=\"display:block\" data-ad-client=\"ca-pub-2853392113352629\" data-ad-slot=\"2925831803\" data-ad-format=\"auto\" data-full-width-responsive=\"true\"\/>\n    <script><![CDATA[(adsbygoogle = window.adsbygoogle || []).push({});]]><\/script><\/p>\n<div class=\"emp\">\n<p>\n            ALMOXARIFADO<br \/>Estamos em busca de um profissional comprometido para integrar nossa equipe. \u00c9 necess\u00e1rio ter experi\u00eancia na fun\u00e7\u00e3o, curso de Inform\u00e1tica. As atividades incluem controle de estoque de produtos e mat\u00e9rias-primas, confer\u00eancia e registro de entrada e sa\u00edda de mercadorias. Buscamos algu\u00e9m com responsabilidade, organiza\u00e7\u00e3o, foco e dinamismo. Enviar curr\u00edculo com a titulo: AUXA E-mail: contrata.dphr@gmail.com\n            <\/p>\n<p><strong>Compartilhe:<\/strong><\/p>\n<p>                <img data-recalc-dims=\"1\" loading=\"lazy\" decoding=\"async\" width=\"25\" height=\"25\" src=\"https:\/\/i0.wp.com\/francaclassificados.com\/\/source\/view\/img\/20w50.png?resize=25%2C25&#038;ssl=1\" alt=\"Imagem compartilhar whatsapp\"\/><\/p>\n<p>                <img data-recalc-dims=\"1\" loading=\"lazy\" decoding=\"async\" width=\"25\" height=\"25\" src=\"https:\/\/i0.wp.com\/francaclassificados.com\/\/source\/view\/img\/18w50.png?resize=25%2C25&#038;ssl=1\" alt=\"Imagem compartilhar facebook\"\/><\/p>\n<\/p><\/div>\n<div class=\"emp\">\n<p>\n            ANALISTA DEPARTAMENTO PESSOAL<br \/>Contrata-se analista de Departamento Pessoal com experi\u00eancia em escrit\u00f3rio de contablidade, para inicio imediato. Excelente sal\u00e1rio. Enviar curr\u00edculo no e-mail gerenciadordecurriculo@gmail.com\n            <\/p>\n<p><strong>Compartilhe:<\/strong><\/p>\n<p>                <img data-recalc-dims=\"1\" loading=\"lazy\" decoding=\"async\" width=\"25\" height=\"25\" src=\"https:\/\/i0.wp.com\/francaclassificados.com\/\/source\/view\/img\/20w50.png?resize=25%2C25&#038;ssl=1\" alt=\"Imagem compartilhar whatsapp\"\/><\/p>\n<p>                <img data-recalc-dims=\"1\" loading=\"lazy\" decoding=\"async\" width=\"25\" height=\"25\" src=\"https:\/\/i0.wp.com\/francaclassificados.com\/\/source\/view\/img\/18w50.png?resize=25%2C25&#038;ssl=1\" alt=\"Imagem compartilhar facebook\"\/><\/p>\n<\/p><\/div>\n<p>    <script async=\"\" src=\"https:\/\/pagead2.googlesyndication.com\/pagead\/js\/adsbygoogle.js?client=ca-pub-2853392113352629\" crossorigin=\"anonymous\"\/>\n    <ins class=\"adsbygoogle\" style=\"display:block\" data-ad-client=\"ca-pub-2853392113352629\" data-ad-slot=\"2925831803\" data-ad-format=\"auto\" data-full-width-responsive=\"true\"\/>\n    <script><![CDATA[(adsbygoogle = window.adsbygoogle || []).push({});]]><\/script><\/p>\n<div class=\"emp\">\n<p>\n            Buscamos vendedores empreendedores para construir um futuro promissor conosco. Oferecemos a voc\u00ea a oportunidade de construir sua pr\u00f3pria carreira e alcan\u00e7ar seus objetivos! Junte-se a nossa equipe! Vaga 100% aut\u00f4noma com remunera\u00e7\u00e3o que acompanha seus resultados. Curr\u00edculo para o email: heitor.telles@perplanvendas.com.br\n            <\/p>\n<p><strong>Compartilhe:<\/strong><\/p>\n<p>                <img data-recalc-dims=\"1\" loading=\"lazy\" decoding=\"async\" width=\"25\" height=\"25\" src=\"https:\/\/i0.wp.com\/francaclassificados.com\/\/source\/view\/img\/20w50.png?resize=25%2C25&#038;ssl=1\" alt=\"Imagem compartilhar whatsapp\"\/><\/p>\n<p>                <img data-recalc-dims=\"1\" loading=\"lazy\" decoding=\"async\" width=\"25\" height=\"25\" src=\"https:\/\/i0.wp.com\/francaclassificados.com\/\/source\/view\/img\/18w50.png?resize=25%2C25&#038;ssl=1\" alt=\"Imagem compartilhar facebook\"\/><\/p>\n<\/p><\/div>\n<div class=\"emp\">\n<p>\n            Gar\u00e7om e Pizzaiolo com Experi\u00eancia<br \/>Com disponibilidade per\u00edodo noturno e principalmente fim de semana, hor\u00e1rio 17:30 a 00:30. Enviar curr\u00edculo Whats: 1698122-0198 se poss\u00edvel deixar Av Brasil 2272 Vila Apararecida.\n            <\/p>\n<p><strong>Compartilhe:<\/strong><\/p>\n<p>                <img data-recalc-dims=\"1\" loading=\"lazy\" decoding=\"async\" width=\"25\" height=\"25\" src=\"https:\/\/i0.wp.com\/francaclassificados.com\/\/source\/view\/img\/20w50.png?resize=25%2C25&#038;ssl=1\" alt=\"Imagem compartilhar whatsapp\"\/><\/p>\n<p>                <img data-recalc-dims=\"1\" loading=\"lazy\" decoding=\"async\" width=\"25\" height=\"25\" src=\"https:\/\/i0.wp.com\/francaclassificados.com\/\/source\/view\/img\/18w50.png?resize=25%2C25&#038;ssl=1\" alt=\"Imagem compartilhar facebook\"\/><\/p>\n<\/p><\/div>\n<p>    <script async=\"\" src=\"https:\/\/pagead2.googlesyndication.com\/pagead\/js\/adsbygoogle.js?client=ca-pub-2853392113352629\" crossorigin=\"anonymous\"\/>\n    <ins class=\"adsbygoogle\" style=\"display:block\" data-ad-client=\"ca-pub-2853392113352629\" data-ad-slot=\"2925831803\" data-ad-format=\"auto\" data-full-width-responsive=\"true\"\/>\n    <script><![CDATA[(adsbygoogle = window.adsbygoogle || []).push({});]]><\/script><\/p>\n<div class=\"emp\">\n<p>\n            Contrata-se operador de telemarketing. Requisitos necess\u00e1rios: Experi\u00eancia em atendimento ao cliente e que tenha facilidade em utilizar aplicativos de mensagens instant\u00e2nea e no\u00e7\u00f5es b\u00e1sicas de inform\u00e1tica, com experi\u00eancia comprovada em carteira , Caso se encaixe nos requisitos, enviar curr\u00edculo para o n\u00famero (whatsapp) 16 98801-4107 aos cuidados de Marquinho\n            <\/p>\n<p><strong>Compartilhe:<\/strong><\/p>\n<p>                <img data-recalc-dims=\"1\" loading=\"lazy\" decoding=\"async\" width=\"25\" height=\"25\" src=\"https:\/\/i0.wp.com\/francaclassificados.com\/\/source\/view\/img\/20w50.png?resize=25%2C25&#038;ssl=1\" alt=\"Imagem compartilhar whatsapp\"\/><\/p>\n<p>                <img data-recalc-dims=\"1\" loading=\"lazy\" decoding=\"async\" width=\"25\" height=\"25\" src=\"https:\/\/i0.wp.com\/francaclassificados.com\/\/source\/view\/img\/18w50.png?resize=25%2C25&#038;ssl=1\" alt=\"Imagem compartilhar facebook\"\/><\/p>\n<\/p><\/div>\n<div class=\"emp\">\n<p>\n            EMBALADOR<br \/>CONTRATA-SE EMBALADOR REQUISITOS: ENSINO M\u00c9DIO E EXPERI\u00caNCIA COM EMBALAGEM DE EQUIPAMENTOS E PE\u00c7AS. Informa\u00e7\u00f5es adicionais: Sal\u00e1rio fixo + benef\u00edcios. Interessados encaminhar curr\u00edculo com o assunto \u201cEmbalador\u201d para: recrutamento@rochfer.com.br\n            <\/p>\n<p><strong>Compartilhe:<\/strong><\/p>\n<p>                <img data-recalc-dims=\"1\" loading=\"lazy\" decoding=\"async\" width=\"25\" height=\"25\" src=\"https:\/\/i0.wp.com\/francaclassificados.com\/\/source\/view\/img\/20w50.png?resize=25%2C25&#038;ssl=1\" alt=\"Imagem compartilhar whatsapp\"\/><\/p>\n<p>                <img data-recalc-dims=\"1\" loading=\"lazy\" decoding=\"async\" width=\"25\" height=\"25\" src=\"https:\/\/i0.wp.com\/francaclassificados.com\/\/source\/view\/img\/18w50.png?resize=25%2C25&#038;ssl=1\" alt=\"Imagem compartilhar facebook\"\/><\/p>\n<\/p><\/div>\n<p>    <script async=\"\" src=\"https:\/\/pagead2.googlesyndication.com\/pagead\/js\/adsbygoogle.js?client=ca-pub-2853392113352629\" crossorigin=\"anonymous\"\/>\n    <ins class=\"adsbygoogle\" style=\"display:block\" data-ad-client=\"ca-pub-2853392113352629\" data-ad-slot=\"2925831803\" data-ad-format=\"auto\" data-full-width-responsive=\"true\"\/>\n    <script><![CDATA[(adsbygoogle = window.adsbygoogle || []).push({});]]><\/script><\/p>\n<div class=\"emp\">\n<p>\n            Auxiliar de escrit\u00f3rio<br \/>Precisa-se de auxiliar de escrit\u00f3rio de advocacia e imobili\u00e1ria, per\u00edodo integral, de segunda \u00e0 sexta apenas, ambiente agrad\u00e1vel e familiar, localizado no Centro de Franca. Interessadas, favor enviar curr\u00edculo para o e-mail: joaoplacido28@yahoo.com.br. At.te. Jo\u00e3o Henrique.\n            <\/p>\n<p><strong>Compartilhe:<\/strong><\/p>\n<p>                <img data-recalc-dims=\"1\" loading=\"lazy\" decoding=\"async\" width=\"25\" height=\"25\" src=\"https:\/\/i0.wp.com\/francaclassificados.com\/\/source\/view\/img\/20w50.png?resize=25%2C25&#038;ssl=1\" alt=\"Imagem compartilhar whatsapp\"\/><\/p>\n<p>                <img data-recalc-dims=\"1\" loading=\"lazy\" decoding=\"async\" width=\"25\" height=\"25\" src=\"https:\/\/i0.wp.com\/francaclassificados.com\/\/source\/view\/img\/18w50.png?resize=25%2C25&#038;ssl=1\" alt=\"Imagem compartilhar facebook\"\/><\/p>\n<\/p><\/div>\n<div class=\"emp\">\n<p>\n            ESTOQUISTA<br \/>O Auxiliar de Almoxarifado \u00e9 encarregado de organizar e distribuir os produtos no estoque, controlar a entrada e sa\u00edda de materiais, gerenciar a estocagem, atender a solicita\u00e7\u00f5es internas, conferir saldos e itens ausentes, abastecer prateleiras, separar, embalar e despachar mercadorias. Venha conhecer nossa proposta e benef\u00edcios. Vagas abertas para todas as pessoas, a partir de 19 anos. Queremos te conhecer \ud83d\ude42<br \/>\n            <br \/>vagas@palaciodasferramentas.com.br\n            <\/p>\n<p><strong>Compartilhe:<\/strong><\/p>\n<p>                <img data-recalc-dims=\"1\" loading=\"lazy\" decoding=\"async\" width=\"25\" height=\"25\" src=\"https:\/\/i0.wp.com\/francaclassificados.com\/\/source\/view\/img\/20w50.png?resize=25%2C25&#038;ssl=1\" alt=\"Imagem compartilhar whatsapp\"\/><\/p>\n<p>                <img data-recalc-dims=\"1\" loading=\"lazy\" decoding=\"async\" width=\"25\" height=\"25\" src=\"https:\/\/i0.wp.com\/francaclassificados.com\/\/source\/view\/img\/18w50.png?resize=25%2C25&#038;ssl=1\" alt=\"Imagem compartilhar facebook\"\/><\/p>\n<\/p><\/div>\n<p>    <script async=\"\" src=\"https:\/\/pagead2.googlesyndication.com\/pagead\/js\/adsbygoogle.js?client=ca-pub-2853392113352629\" crossorigin=\"anonymous\"\/>\n    <ins class=\"adsbygoogle\" style=\"display:block\" data-ad-client=\"ca-pub-2853392113352629\" data-ad-slot=\"2925831803\" data-ad-format=\"auto\" data-full-width-responsive=\"true\"\/>\n    <script><![CDATA[(adsbygoogle = window.adsbygoogle || []).push({});]]><\/script><\/p>\n<div class=\"emp\">\n<p>\n            ESTAGI\u00c1RIA ESCRITORIO CONTABILIDADE<br \/>Necess\u00e1rio estar cursando ensino m\u00e9dio ou curso superior de Ci\u00eancias Cont\u00e1beis ou RH. Residir pr\u00f3ximo ao Bairro Ana Dorothea ser\u00e1 um diferencial. Bolsa Est\u00e1gio de R$ 1000,00 + Vale Transporte + Seguro de Vida. Carga hor\u00e1ria de 6hs por dia de segunda a sexta. Interessadas enviarem curr\u00edculo para o e-mail com a Sigla ETG: processoseletivocd79@gmail.com\n            <\/p>\n<p><strong>Compartilhe:<\/strong><\/p>\n<p>                <img data-recalc-dims=\"1\" loading=\"lazy\" decoding=\"async\" width=\"25\" height=\"25\" src=\"https:\/\/i0.wp.com\/francaclassificados.com\/\/source\/view\/img\/20w50.png?resize=25%2C25&#038;ssl=1\" alt=\"Imagem compartilhar whatsapp\"\/><\/p>\n<p>                <img data-recalc-dims=\"1\" loading=\"lazy\" decoding=\"async\" width=\"25\" height=\"25\" src=\"https:\/\/i0.wp.com\/francaclassificados.com\/\/source\/view\/img\/18w50.png?resize=25%2C25&#038;ssl=1\" alt=\"Imagem compartilhar facebook\"\/><\/p>\n<\/p><\/div>\n<div class=\"emp\">\n<p>\n            Contrata Salgadeiro ou auxiliar de cozinha Curr\u00edculo com foto 16 99329-0590 Saber fazer salgados e etc\n            <\/p>\n<p><strong>Compartilhe:<\/strong><\/p>\n<p>                <img data-recalc-dims=\"1\" loading=\"lazy\" decoding=\"async\" width=\"25\" height=\"25\" src=\"https:\/\/i0.wp.com\/francaclassificados.com\/\/source\/view\/img\/20w50.png?resize=25%2C25&#038;ssl=1\" alt=\"Imagem compartilhar whatsapp\"\/><\/p>\n<p>                <img data-recalc-dims=\"1\" loading=\"lazy\" decoding=\"async\" width=\"25\" height=\"25\" src=\"https:\/\/i0.wp.com\/francaclassificados.com\/\/source\/view\/img\/18w50.png?resize=25%2C25&#038;ssl=1\" alt=\"Imagem compartilhar facebook\"\/><\/p>\n<\/p><\/div>\n<p>    <script async=\"\" src=\"https:\/\/pagead2.googlesyndication.com\/pagead\/js\/adsbygoogle.js?client=ca-pub-2853392113352629\" crossorigin=\"anonymous\"\/>\n    <ins class=\"adsbygoogle\" style=\"display:block\" data-ad-client=\"ca-pub-2853392113352629\" data-ad-slot=\"2925831803\" data-ad-format=\"auto\" data-full-width-responsive=\"true\"\/>\n    <script><![CDATA[(adsbygoogle = window.adsbygoogle || []).push({});]]><\/script><\/p>\n<div class=\"emp\">\n<p>\n            Motorista<br \/>Contrata-se Motorista de Caminh\u00e3o com categoria C ou D, experi\u00eancia na \u00e1rea e disponibilidade para viagem. In\u00edcio imediato, enviar o curriculo para o e-mail: vagasfranca016@gmail.com\n            <\/p>\n<p><strong>Compartilhe:<\/strong><\/p>\n<p>                <img data-recalc-dims=\"1\" loading=\"lazy\" decoding=\"async\" width=\"25\" height=\"25\" src=\"https:\/\/i0.wp.com\/francaclassificados.com\/\/source\/view\/img\/20w50.png?resize=25%2C25&#038;ssl=1\" alt=\"Imagem compartilhar whatsapp\"\/><\/p>\n<p>                <img data-recalc-dims=\"1\" loading=\"lazy\" decoding=\"async\" width=\"25\" height=\"25\" src=\"https:\/\/i0.wp.com\/francaclassificados.com\/\/source\/view\/img\/18w50.png?resize=25%2C25&#038;ssl=1\" alt=\"Imagem compartilhar facebook\"\/><\/p>\n<\/p><\/div>\n<div class=\"emp\">\n<p>\n            CONTRATA:<br \/>CORTADOR (A) DE FORRO COM EXPERI\u00caNCIA, INTERESSADOS ENVIAR CURRICULO PARA WHATSAPP (16) 99279-8485 OU COMPARECER \u00c0 RUA ELVIO PUCCI , 141 - INICIO DO DISTRITO INDUSTRIAL.\n            <\/p>\n<p><strong>Compartilhe:<\/strong><\/p>\n<p>                <img data-recalc-dims=\"1\" loading=\"lazy\" decoding=\"async\" width=\"25\" height=\"25\" src=\"https:\/\/i0.wp.com\/francaclassificados.com\/\/source\/view\/img\/20w50.png?resize=25%2C25&#038;ssl=1\" alt=\"Imagem compartilhar whatsapp\"\/><\/p>\n<p>                <img data-recalc-dims=\"1\" loading=\"lazy\" decoding=\"async\" width=\"25\" height=\"25\" src=\"https:\/\/i0.wp.com\/francaclassificados.com\/\/source\/view\/img\/18w50.png?resize=25%2C25&#038;ssl=1\" alt=\"Imagem compartilhar facebook\"\/><\/p>\n<\/p><\/div>\n<p>    <script async=\"\" src=\"https:\/\/pagead2.googlesyndication.com\/pagead\/js\/adsbygoogle.js?client=ca-pub-2853392113352629\" crossorigin=\"anonymous\"\/>\n    <ins class=\"adsbygoogle\" style=\"display:block\" data-ad-client=\"ca-pub-2853392113352629\" data-ad-slot=\"2925831803\" data-ad-format=\"auto\" data-full-width-responsive=\"true\"\/>\n    <script><![CDATA[(adsbygoogle = window.adsbygoogle || []).push({});]]><\/script><\/p>\n<div class=\"emp\">\n<p>\n            CONTRATA SE CORTADOR MANUAL - INTERESSADOS ENVIAR CURRICULO NO SEGUINTE EMAIL: contato.empresafranca@gmail.com\n            <\/p>\n<p><strong>Compartilhe:<\/strong><\/p>\n<p>                <img data-recalc-dims=\"1\" loading=\"lazy\" decoding=\"async\" width=\"25\" height=\"25\" src=\"https:\/\/i0.wp.com\/francaclassificados.com\/\/source\/view\/img\/20w50.png?resize=25%2C25&#038;ssl=1\" alt=\"Imagem compartilhar whatsapp\"\/><\/p>\n<p>                <img data-recalc-dims=\"1\" loading=\"lazy\" decoding=\"async\" width=\"25\" height=\"25\" src=\"https:\/\/i0.wp.com\/francaclassificados.com\/\/source\/view\/img\/18w50.png?resize=25%2C25&#038;ssl=1\" alt=\"Imagem compartilhar facebook\"\/><\/p>\n<\/p><\/div>\n<div class=\"emp\">\n<p>\n            INDUSTRIA DE CAL\u00c7ADOS CONTRATA PASSADOR DE COLA CABEDAL E SOLA, AUXILIAR DE PREPARA\u00c7\u00c3O E CORTADOR DE FORRO PARA BALANCIM PONTE INTERESSADOS ENVIAR CURRICULO NO WHATSAPP 16 99965-0438 OU NO E-MAIL recrutamentofranca2022@gmail.com\n            <\/p>\n<p><strong>Compartilhe:<\/strong><\/p>\n<p>                <img data-recalc-dims=\"1\" loading=\"lazy\" decoding=\"async\" width=\"25\" height=\"25\" src=\"https:\/\/i0.wp.com\/francaclassificados.com\/\/source\/view\/img\/20w50.png?resize=25%2C25&#038;ssl=1\" alt=\"Imagem compartilhar whatsapp\"\/><\/p>\n<p>                <img data-recalc-dims=\"1\" loading=\"lazy\" decoding=\"async\" width=\"25\" height=\"25\" src=\"https:\/\/i0.wp.com\/francaclassificados.com\/\/source\/view\/img\/18w50.png?resize=25%2C25&#038;ssl=1\" alt=\"Imagem compartilhar facebook\"\/><\/p>\n<\/p><\/div>\n<p>    <script async=\"\" src=\"https:\/\/pagead2.googlesyndication.com\/pagead\/js\/adsbygoogle.js?client=ca-pub-2853392113352629\" crossorigin=\"anonymous\"\/>\n    <ins class=\"adsbygoogle\" style=\"display:block\" data-ad-client=\"ca-pub-2853392113352629\" data-ad-slot=\"2925831803\" data-ad-format=\"auto\" data-full-width-responsive=\"true\"\/>\n    <script><![CDATA[(adsbygoogle = window.adsbygoogle || []).push({});]]><\/script><\/p>\n<div class=\"emp\">\n<p>\n            PROMOTORA DE CAPTA\u00c7\u00c3O EXTERNA<br \/>Contrata\u00e7\u00e3o promotora de capta\u00e7\u00e3o Externo: Prospec\u00e7\u00e3o de novos revendedores atrav\u00e9s de: 1. Panfletagem em campo. 2. Prospec\u00e7\u00e3o em Redes sociais. 3. Visitas para cadastros enviados pela central. Atendimento para novos revendedores da base, atrav\u00e9s de telefone e visitas presenciais Carro pr\u00f3prio; Disponibilidade de viagens; Ensino M\u00e9dio Completo; Facilidade em se conectar com pessoas.\n            <\/p>\n<p><strong>Compartilhe:<\/strong><\/p>\n<p>                <img data-recalc-dims=\"1\" loading=\"lazy\" decoding=\"async\" width=\"25\" height=\"25\" src=\"https:\/\/i0.wp.com\/francaclassificados.com\/\/source\/view\/img\/20w50.png?resize=25%2C25&#038;ssl=1\" alt=\"Imagem compartilhar whatsapp\"\/><\/p>\n<p>                <img data-recalc-dims=\"1\" loading=\"lazy\" decoding=\"async\" width=\"25\" height=\"25\" src=\"https:\/\/i0.wp.com\/francaclassificados.com\/\/source\/view\/img\/18w50.png?resize=25%2C25&#038;ssl=1\" alt=\"Imagem compartilhar facebook\"\/><\/p>\n<\/p><\/div>\n<div class=\"emp\">\n<p>\n            AUX.LIMPEZA SEXO<br \/>*INICIO IMEDIATO* Contrata-se auxiliar de limpeza p\u00f3s obra do sexo MASCULINO. Oferecemos salario compat\u00edvel com a fun\u00e7\u00e3o.Trabalhamos de segunda a sexta 07:00 as 17:00. Interessados enviar curr\u00edculo no WhatsApp 16 99203-6169\n            <\/p>\n<p><strong>Compartilhe:<\/strong><\/p>\n<p>                <img data-recalc-dims=\"1\" loading=\"lazy\" decoding=\"async\" width=\"25\" height=\"25\" src=\"https:\/\/i0.wp.com\/francaclassificados.com\/\/source\/view\/img\/20w50.png?resize=25%2C25&#038;ssl=1\" alt=\"Imagem compartilhar whatsapp\"\/><\/p>\n<p>                <img data-recalc-dims=\"1\" loading=\"lazy\" decoding=\"async\" width=\"25\" height=\"25\" src=\"https:\/\/i0.wp.com\/francaclassificados.com\/\/source\/view\/img\/18w50.png?resize=25%2C25&#038;ssl=1\" alt=\"Imagem compartilhar facebook\"\/><\/p>\n<\/p><\/div>\n<p>    <script async=\"\" src=\"https:\/\/pagead2.googlesyndication.com\/pagead\/js\/adsbygoogle.js?client=ca-pub-2853392113352629\" crossorigin=\"anonymous\"\/>\n    <ins class=\"adsbygoogle\" style=\"display:block\" data-ad-client=\"ca-pub-2853392113352629\" data-ad-slot=\"2925831803\" data-ad-format=\"auto\" data-full-width-responsive=\"true\"\/>\n    <script><![CDATA[(adsbygoogle = window.adsbygoogle || []).push({});]]><\/script><\/p>\n<div class=\"emp\">\n<p>\n            CONTRATA: MOLINEIRO, CORINGA DE ESTEIRA (QUE SAIBA MONTAR BICO) e PLANCHEADOR (QUE SAIBA FAZER CONSERTOS). Favor enviar curriculo indicando o nome da vaga para o e-mail dprecrutafrancasp@gmail.com\n            <\/p>\n<p><strong>Compartilhe:<\/strong><\/p>\n<p>                <img data-recalc-dims=\"1\" loading=\"lazy\" decoding=\"async\" width=\"25\" height=\"25\" src=\"https:\/\/i0.wp.com\/francaclassificados.com\/\/source\/view\/img\/20w50.png?resize=25%2C25&#038;ssl=1\" alt=\"Imagem compartilhar whatsapp\"\/><\/p>\n<p>                <img data-recalc-dims=\"1\" loading=\"lazy\" decoding=\"async\" width=\"25\" height=\"25\" src=\"https:\/\/i0.wp.com\/francaclassificados.com\/\/source\/view\/img\/18w50.png?resize=25%2C25&#038;ssl=1\" alt=\"Imagem compartilhar facebook\"\/><\/p>\n<\/p><\/div>\n<div class=\"emp\">\n<p>\n            Auxiliar de Produ\u00e7\u00e3o - Metal\u00fargica<br \/>Buscamos pessoas que entendam ou queiram aprender os processos de uma produ\u00e7\u00e3o industrial, movimenta\u00e7\u00e3o de materiais, confer\u00eancia, acabamentos de pe\u00e7as, separa\u00e7\u00e3o e organiza\u00e7\u00e3o de materiais. Diferencial: Conhecimento em produ\u00e7\u00e3o.<br \/>\n            <br \/>rh@viasolenergiasolar.com.br\n            <\/p>\n<p><strong>Compartilhe:<\/strong><\/p>\n<p>                <img data-recalc-dims=\"1\" loading=\"lazy\" decoding=\"async\" width=\"25\" height=\"25\" src=\"https:\/\/i0.wp.com\/francaclassificados.com\/\/source\/view\/img\/20w50.png?resize=25%2C25&#038;ssl=1\" alt=\"Imagem compartilhar whatsapp\"\/><\/p>\n<p>                <img data-recalc-dims=\"1\" loading=\"lazy\" decoding=\"async\" width=\"25\" height=\"25\" src=\"https:\/\/i0.wp.com\/francaclassificados.com\/\/source\/view\/img\/18w50.png?resize=25%2C25&#038;ssl=1\" alt=\"Imagem compartilhar facebook\"\/><\/p>\n<\/p><\/div>\n<p>    <script async=\"\" src=\"https:\/\/pagead2.googlesyndication.com\/pagead\/js\/adsbygoogle.js?client=ca-pub-2853392113352629\" crossorigin=\"anonymous\"\/>\n    <ins class=\"adsbygoogle\" style=\"display:block\" data-ad-client=\"ca-pub-2853392113352629\" data-ad-slot=\"2925831803\" data-ad-format=\"auto\" data-full-width-responsive=\"true\"\/>\n    <script><![CDATA[(adsbygoogle = window.adsbygoogle || []).push({});]]><\/script><\/p>\n<div class=\"emp\">\n<p>\n            VENDEDORA (O)<br \/>Estamos contratando vendedora para inicio imediato Pr\u00e9 requisitos ser maior de 18 anos ,pr\u00f3ativa com foco em resultados .SAL\u00c1RIO FIXO CLT+ HORAS EXTRAS + COMISS\u00c3O+BONIFICA\u00c7\u00c3O SOBRE RESULTADOS. Interessadas(o) enviar curriculum com foto para o WastApp (16) 99410-8790\n            <\/p>\n<p><strong>Compartilhe:<\/strong><\/p>\n<p>                <img data-recalc-dims=\"1\" loading=\"lazy\" decoding=\"async\" width=\"25\" height=\"25\" src=\"https:\/\/i0.wp.com\/francaclassificados.com\/\/source\/view\/img\/20w50.png?resize=25%2C25&#038;ssl=1\" alt=\"Imagem compartilhar whatsapp\"\/><\/p>\n<p>                <img data-recalc-dims=\"1\" loading=\"lazy\" decoding=\"async\" width=\"25\" height=\"25\" src=\"https:\/\/i0.wp.com\/francaclassificados.com\/\/source\/view\/img\/18w50.png?resize=25%2C25&#038;ssl=1\" alt=\"Imagem compartilhar facebook\"\/><\/p>\n<\/p><\/div>\n<div class=\"emp\">\n<p>\n            VENDEDOR EXTERNO<br \/>Requisitos: Experi\u00eancia anterior em vendas Boa comunica\u00e7\u00e3o e negocia\u00e7\u00e3o Bom trabalho em equipe Disponibilidade para visitas externas Oferecemos: Sal\u00e1rio fixo + comiss\u00e3o Vale Transporte Vale Refei\u00e7\u00e3o Treinamentos cont\u00ednuos Interessados devem enviar curr\u00edculo para maisvagatelecom@gmail.com, com o assunto da vaga no e-mail.\n            <\/p>\n<p><strong>Compartilhe:<\/strong><\/p>\n<p>                <img data-recalc-dims=\"1\" loading=\"lazy\" decoding=\"async\" width=\"25\" height=\"25\" src=\"https:\/\/i0.wp.com\/francaclassificados.com\/\/source\/view\/img\/20w50.png?resize=25%2C25&#038;ssl=1\" alt=\"Imagem compartilhar whatsapp\"\/><\/p>\n<p>                <img data-recalc-dims=\"1\" loading=\"lazy\" decoding=\"async\" width=\"25\" height=\"25\" src=\"https:\/\/i0.wp.com\/francaclassificados.com\/\/source\/view\/img\/18w50.png?resize=25%2C25&#038;ssl=1\" alt=\"Imagem compartilhar facebook\"\/><\/p>\n<\/p><\/div>\n<p>    <script async=\"\" src=\"https:\/\/pagead2.googlesyndication.com\/pagead\/js\/adsbygoogle.js?client=ca-pub-2853392113352629\" crossorigin=\"anonymous\"\/>\n    <ins class=\"adsbygoogle\" style=\"display:block\" data-ad-client=\"ca-pub-2853392113352629\" data-ad-slot=\"2925831803\" data-ad-format=\"auto\" data-full-width-responsive=\"true\"\/>\n    <script><![CDATA[(adsbygoogle = window.adsbygoogle || []).push({});]]><\/script><\/p>\n<div class=\"emp\">\n<p>\n            Aux de Corte e Aux de Produ\u00e7\u00e3o<br \/>Admite-se auxiliar de corte e auxiliar de produ\u00e7\u00e3o para confec\u00e7\u00e3o na Rua minas Gerais. Com disponibilidade de hor\u00e1rios e CNH A\/B<br \/>\n            <br \/>juniorcesarcordeirodasilva982@gmail.com\n            <\/p>\n<p><strong>Compartilhe:<\/strong><\/p>\n<p>                <img data-recalc-dims=\"1\" loading=\"lazy\" decoding=\"async\" width=\"25\" height=\"25\" src=\"https:\/\/i0.wp.com\/francaclassificados.com\/\/source\/view\/img\/20w50.png?resize=25%2C25&#038;ssl=1\" alt=\"Imagem compartilhar whatsapp\"\/><\/p>\n<p>                <img data-recalc-dims=\"1\" loading=\"lazy\" decoding=\"async\" width=\"25\" height=\"25\" src=\"https:\/\/i0.wp.com\/francaclassificados.com\/\/source\/view\/img\/18w50.png?resize=25%2C25&#038;ssl=1\" alt=\"Imagem compartilhar facebook\"\/><\/p>\n<\/p><\/div>\n<div class=\"emp\">\n<p>\n            AUXILIAR DE PRODU\u00c7\u00c3O<br \/>Temos vagas para AUXILIAR DE PRODU\u00c7\u00c3O.Procuramos pessoas comprometidas, respons\u00e1veis e que realmente queiram trabalhar.Enviar curr\u00edculos para : rhlinefitness@gmail.com\n            <\/p>\n<p><strong>Compartilhe:<\/strong><\/p>\n<p>                <img data-recalc-dims=\"1\" loading=\"lazy\" decoding=\"async\" width=\"25\" height=\"25\" src=\"https:\/\/i0.wp.com\/francaclassificados.com\/\/source\/view\/img\/20w50.png?resize=25%2C25&#038;ssl=1\" alt=\"Imagem compartilhar whatsapp\"\/><\/p>\n<p>                <img data-recalc-dims=\"1\" loading=\"lazy\" decoding=\"async\" width=\"25\" height=\"25\" src=\"https:\/\/i0.wp.com\/francaclassificados.com\/\/source\/view\/img\/18w50.png?resize=25%2C25&#038;ssl=1\" alt=\"Imagem compartilhar facebook\"\/><\/p>\n<\/p><\/div>\n<p>    <script async=\"\" src=\"https:\/\/pagead2.googlesyndication.com\/pagead\/js\/adsbygoogle.js?client=ca-pub-2853392113352629\" crossorigin=\"anonymous\"\/>\n    <ins class=\"adsbygoogle\" style=\"display:block\" data-ad-client=\"ca-pub-2853392113352629\" data-ad-slot=\"2925831803\" data-ad-format=\"auto\" data-full-width-responsive=\"true\"\/>\n    <script><![CDATA[(adsbygoogle = window.adsbygoogle || []).push({});]]><\/script><\/p>\n<div class=\"emp\">\n<p>\n            COLAR CALCANHEIRA \/ REVI. PESPONTO<br \/>Contratamos para in\u00edcio imediato **COLADEIRA DE CALCANHEIRA** e **REVISORA DE PESPONTO** necessario experiencia comprovada em carteira comprometimento e agilidade para exercer a fun\u00e7\u00e3o. Interessados enviar curriculo para 16 3703 9958\n            <\/p>\n<p><strong>Compartilhe:<\/strong><\/p>\n<p>                <img data-recalc-dims=\"1\" loading=\"lazy\" decoding=\"async\" width=\"25\" height=\"25\" src=\"https:\/\/i0.wp.com\/francaclassificados.com\/\/source\/view\/img\/20w50.png?resize=25%2C25&#038;ssl=1\" alt=\"Imagem compartilhar whatsapp\"\/><\/p>\n<p>                <img data-recalc-dims=\"1\" loading=\"lazy\" decoding=\"async\" width=\"25\" height=\"25\" src=\"https:\/\/i0.wp.com\/francaclassificados.com\/\/source\/view\/img\/18w50.png?resize=25%2C25&#038;ssl=1\" alt=\"Imagem compartilhar facebook\"\/><\/p>\n<\/p><\/div>\n<div class=\"emp\">\n<p>\n            Contrata Revisora de Pesponto, Auxiliar de Almoxarifado (Escala\u00e7\u00e3o de solas), Coladeira de pe\u00e7as que trabalhe por pe\u00e7as e Auxiliar de Prepara\u00e7\u00e3o (Risca\u00e7\u00e3o). Interessados enviar curr\u00edculo pelo WhatsApp (16) 99987-1399\n            <\/p>\n<p><strong>Compartilhe:<\/strong><\/p>\n<p>                <img data-recalc-dims=\"1\" loading=\"lazy\" decoding=\"async\" width=\"25\" height=\"25\" src=\"https:\/\/i0.wp.com\/francaclassificados.com\/\/source\/view\/img\/20w50.png?resize=25%2C25&#038;ssl=1\" alt=\"Imagem compartilhar whatsapp\"\/><\/p>\n<p>                <img data-recalc-dims=\"1\" loading=\"lazy\" decoding=\"async\" width=\"25\" height=\"25\" src=\"https:\/\/i0.wp.com\/francaclassificados.com\/\/source\/view\/img\/18w50.png?resize=25%2C25&#038;ssl=1\" alt=\"Imagem compartilhar facebook\"\/><\/p>\n<\/p><\/div>\n<p>    <script async=\"\" src=\"https:\/\/pagead2.googlesyndication.com\/pagead\/js\/adsbygoogle.js?client=ca-pub-2853392113352629\" crossorigin=\"anonymous\"\/>\n    <ins class=\"adsbygoogle\" style=\"display:block\" data-ad-client=\"ca-pub-2853392113352629\" data-ad-slot=\"2925831803\" data-ad-format=\"auto\" data-full-width-responsive=\"true\"\/>\n    <script><![CDATA[(adsbygoogle = window.adsbygoogle || []).push({});]]><\/script><\/p>\n<div class=\"emp\">\n<p>\n            Analista de Marketplaces<br \/>Estamos em busca de um(a) Analista de Marketplaces para gerenciar e otimizar a presen\u00e7a da nossa marca em plataformas como Shopee, Mercado Livre. O profissional ser\u00e1 respons\u00e1vel pela cria\u00e7\u00e3o de an\u00fancios, an\u00e1lise de performance e implementa\u00e7\u00e3o de estrat\u00e9gias para aumento de vendas. Buscamos algu\u00e9m com perfil anal\u00edtico. *Experi\u00eancia na Shopee ser\u00e1 considerado um diferencial*. Interessados enviar curr\u00edculo via WhatsApp para: (16) 99775-1885\n            <\/p>\n<p><strong>Compartilhe:<\/strong><\/p>\n<p>                <img data-recalc-dims=\"1\" loading=\"lazy\" decoding=\"async\" width=\"25\" height=\"25\" src=\"https:\/\/i0.wp.com\/francaclassificados.com\/\/source\/view\/img\/20w50.png?resize=25%2C25&#038;ssl=1\" alt=\"Imagem compartilhar whatsapp\"\/><\/p>\n<p>                <img data-recalc-dims=\"1\" loading=\"lazy\" decoding=\"async\" width=\"25\" height=\"25\" src=\"https:\/\/i0.wp.com\/francaclassificados.com\/\/source\/view\/img\/18w50.png?resize=25%2C25&#038;ssl=1\" alt=\"Imagem compartilhar facebook\"\/><\/p>\n<\/p><\/div>\n<div class=\"emp\">\n<p>\n            Chapeiro(a) Noturno <br \/>Preparo \u00e1gil e saboroso de hamb\u00fargueres em ambiente din\u00e2mico. Habilidade e paix\u00e3o por hamb\u00fargueres s\u00e3o essenciais. Hor\u00e1rio: 18-24h, fins de semana\/feriados. CLT, sal\u00e1rio a combinar + adicional noturno, VA, seguro, refei\u00e7\u00e3o no local. #Vaga #Chapeiro #Franca #PeksBurger Curr\u00edculo: peks.burger.franca@gmail.com.br ou (16) 98264-0161\n            <\/p>\n<p><strong>Compartilhe:<\/strong><\/p>\n<p>                <img data-recalc-dims=\"1\" loading=\"lazy\" decoding=\"async\" width=\"25\" height=\"25\" src=\"https:\/\/i0.wp.com\/francaclassificados.com\/\/source\/view\/img\/20w50.png?resize=25%2C25&#038;ssl=1\" alt=\"Imagem compartilhar whatsapp\"\/><\/p>\n<p>                <img data-recalc-dims=\"1\" loading=\"lazy\" decoding=\"async\" width=\"25\" height=\"25\" src=\"https:\/\/i0.wp.com\/francaclassificados.com\/\/source\/view\/img\/18w50.png?resize=25%2C25&#038;ssl=1\" alt=\"Imagem compartilhar facebook\"\/><\/p>\n<\/p><\/div>\n<p>    <script async=\"\" src=\"https:\/\/pagead2.googlesyndication.com\/pagead\/js\/adsbygoogle.js?client=ca-pub-2853392113352629\" crossorigin=\"anonymous\"\/>\n    <ins class=\"adsbygoogle\" style=\"display:block\" data-ad-client=\"ca-pub-2853392113352629\" data-ad-slot=\"2925831803\" data-ad-format=\"auto\" data-full-width-responsive=\"true\"\/>\n    <script><![CDATA[(adsbygoogle = window.adsbygoogle || []).push({});]]><\/script><\/p>\n<div class=\"emp\">\n<p>\n            VENDEDOR\/SUPORTE SOFTWARE<br \/>Admite-se Vendedor\/Analista de Suporte setor de tecnologia. Necess\u00e1rio: *Conhecimento em Inform\u00e1tica\/Tecnologia *Respons\u00e1vel \/ Proativo(a) *Boa comunica\u00e7\u00e3o verbal e escrita *Experi\u00eancia no ramo de vendas\/tecnologia. Sal\u00e1rio Fixo + Comiss\u00e3o + Vale Alimenta\u00e7\u00e3o + Transporte. **Enviar curr\u00edculo para: contratasefranca@gmail.com.\n            <\/p>\n<p><strong>Compartilhe:<\/strong><\/p>\n<p>                <img data-recalc-dims=\"1\" loading=\"lazy\" decoding=\"async\" width=\"25\" height=\"25\" src=\"https:\/\/i0.wp.com\/francaclassificados.com\/\/source\/view\/img\/20w50.png?resize=25%2C25&#038;ssl=1\" alt=\"Imagem compartilhar whatsapp\"\/><\/p>\n<p>                <img data-recalc-dims=\"1\" loading=\"lazy\" decoding=\"async\" width=\"25\" height=\"25\" src=\"https:\/\/i0.wp.com\/francaclassificados.com\/\/source\/view\/img\/18w50.png?resize=25%2C25&#038;ssl=1\" alt=\"Imagem compartilhar facebook\"\/><\/p>\n<\/p><\/div>\n<div class=\"emp\">\n<p>\n            Auxiliar de cozinha\/ sushiman\/POKE<br \/>A Konomi busca uma pessoa para integrar a nossa equipe de cozinha. A pessoa deve ser muito proativa, ter facilidade de comunica\u00e7\u00e3o e um bom relacionamento para trabalho em grupo. O trabalho \u00e9 de 44h semanais ter\u00e7a a s\u00e1bado 8h as 17h. Sal\u00e1rio 1900,00 + 360,00 vale alimenta\u00e7\u00e3o + 150,00 vale transporte + benef\u00edcios. Curr\u00edculo pelo email vagas@konomi.com.br ou em deixar em m\u00e3os na Konomi Av. Paulo VI, 829\n            <\/p>\n<p><strong>Compartilhe:<\/strong><\/p>\n<p>                <img data-recalc-dims=\"1\" loading=\"lazy\" decoding=\"async\" width=\"25\" height=\"25\" src=\"https:\/\/i0.wp.com\/francaclassificados.com\/\/source\/view\/img\/20w50.png?resize=25%2C25&#038;ssl=1\" alt=\"Imagem compartilhar whatsapp\"\/><\/p>\n<p>                <img data-recalc-dims=\"1\" loading=\"lazy\" decoding=\"async\" width=\"25\" height=\"25\" src=\"https:\/\/i0.wp.com\/francaclassificados.com\/\/source\/view\/img\/18w50.png?resize=25%2C25&#038;ssl=1\" alt=\"Imagem compartilhar facebook\"\/><\/p>\n<\/p><\/div>\n<p>    <script async=\"\" src=\"https:\/\/pagead2.googlesyndication.com\/pagead\/js\/adsbygoogle.js?client=ca-pub-2853392113352629\" crossorigin=\"anonymous\"\/>\n    <ins class=\"adsbygoogle\" style=\"display:block\" data-ad-client=\"ca-pub-2853392113352629\" data-ad-slot=\"2925831803\" data-ad-format=\"auto\" data-full-width-responsive=\"true\"\/>\n    <script><![CDATA[(adsbygoogle = window.adsbygoogle || []).push({});]]><\/script><\/p>\n<div class=\"emp\">\n<p>\n            Contratamos RAPAZ para servicos gerais, com CNH A\/B. Loja localizada no Jd Parati. Vaga SOMENTE para sexo masculino. Mandar curr\u00edculo para whatsapp 16 992009900.\n            <\/p>\n<p><strong>Compartilhe:<\/strong><\/p>\n<p>                <img data-recalc-dims=\"1\" loading=\"lazy\" decoding=\"async\" width=\"25\" height=\"25\" src=\"https:\/\/i0.wp.com\/francaclassificados.com\/\/source\/view\/img\/20w50.png?resize=25%2C25&#038;ssl=1\" alt=\"Imagem compartilhar whatsapp\"\/><\/p>\n<p>                <img data-recalc-dims=\"1\" loading=\"lazy\" decoding=\"async\" width=\"25\" height=\"25\" src=\"https:\/\/i0.wp.com\/francaclassificados.com\/\/source\/view\/img\/18w50.png?resize=25%2C25&#038;ssl=1\" alt=\"Imagem compartilhar facebook\"\/><\/p>\n<\/p><\/div>\n<div class=\"emp\">\n<p>\n            Mec\u00e2nico<br \/>Contrata-se Mec\u00e2nico de Ve\u00edculos, que tenha experi\u00eancia em ve\u00edculos leves. Sal\u00e1rio Fixo + Comiss\u00e3o. Interessados enviar curriculo para o WhatsApp (16)99210-7776. Com a Palavra Mecanico.\n            <\/p>\n<p><strong>Compartilhe:<\/strong><\/p>\n<p>                <img data-recalc-dims=\"1\" loading=\"lazy\" decoding=\"async\" width=\"25\" height=\"25\" src=\"https:\/\/i0.wp.com\/francaclassificados.com\/\/source\/view\/img\/20w50.png?resize=25%2C25&#038;ssl=1\" alt=\"Imagem compartilhar whatsapp\"\/><\/p>\n<p>                <img data-recalc-dims=\"1\" loading=\"lazy\" decoding=\"async\" width=\"25\" height=\"25\" src=\"https:\/\/i0.wp.com\/francaclassificados.com\/\/source\/view\/img\/18w50.png?resize=25%2C25&#038;ssl=1\" alt=\"Imagem compartilhar facebook\"\/><\/p>\n<\/p><\/div>\n<p>    <script async=\"\" src=\"https:\/\/pagead2.googlesyndication.com\/pagead\/js\/adsbygoogle.js?client=ca-pub-2853392113352629\" crossorigin=\"anonymous\"\/>\n    <ins class=\"adsbygoogle\" style=\"display:block\" data-ad-client=\"ca-pub-2853392113352629\" data-ad-slot=\"2925831803\" data-ad-format=\"auto\" data-full-width-responsive=\"true\"\/>\n    <script><![CDATA[(adsbygoogle = window.adsbygoogle || []).push({});]]><\/script><\/p>\n<div class=\"emp\">\n<p>\n            Cartonagem contrata auxiliar de pr\u00e9 impress\u00e3o, necess\u00e1rio inform\u00e1tica e experi\u00eancia com computador e Auxiliar de Produ\u00e7\u00e3o. Interessados enviar curr\u00edculo para rh@franpack.com.br.\n            <\/p>\n<p><strong>Compartilhe:<\/strong><\/p>\n<p>                <img data-recalc-dims=\"1\" loading=\"lazy\" decoding=\"async\" width=\"25\" height=\"25\" src=\"https:\/\/i0.wp.com\/francaclassificados.com\/\/source\/view\/img\/20w50.png?resize=25%2C25&#038;ssl=1\" alt=\"Imagem compartilhar whatsapp\"\/><\/p>\n<p>                <img data-recalc-dims=\"1\" loading=\"lazy\" decoding=\"async\" width=\"25\" height=\"25\" src=\"https:\/\/i0.wp.com\/francaclassificados.com\/\/source\/view\/img\/18w50.png?resize=25%2C25&#038;ssl=1\" alt=\"Imagem compartilhar facebook\"\/><\/p>\n<\/p><\/div>\n<div class=\"emp\">\n<p>\n            Precisa de 3 coladeiras ,1 aparadeira E rapaz pra trabalhar na p10 ,Rua Geraldo Rodrigues Carvalho 1915 aeroporto 2, watts 16 994058316\n            <\/p>\n<p><strong>Compartilhe:<\/strong><\/p>\n<p>                <img data-recalc-dims=\"1\" loading=\"lazy\" decoding=\"async\" width=\"25\" height=\"25\" src=\"https:\/\/i0.wp.com\/francaclassificados.com\/\/source\/view\/img\/20w50.png?resize=25%2C25&#038;ssl=1\" alt=\"Imagem compartilhar whatsapp\"\/><\/p>\n<p>                <img data-recalc-dims=\"1\" loading=\"lazy\" decoding=\"async\" width=\"25\" height=\"25\" src=\"https:\/\/i0.wp.com\/francaclassificados.com\/\/source\/view\/img\/18w50.png?resize=25%2C25&#038;ssl=1\" alt=\"Imagem compartilhar facebook\"\/><\/p>\n<\/p><\/div>\n<p>    <script async=\"\" src=\"https:\/\/pagead2.googlesyndication.com\/pagead\/js\/adsbygoogle.js?client=ca-pub-2853392113352629\" crossorigin=\"anonymous\"\/>\n    <ins class=\"adsbygoogle\" style=\"display:block\" data-ad-client=\"ca-pub-2853392113352629\" data-ad-slot=\"2925831803\" data-ad-format=\"auto\" data-full-width-responsive=\"true\"\/>\n    <script><![CDATA[(adsbygoogle = window.adsbygoogle || []).push({});]]><\/script><\/p>\n<div class=\"emp\">\n<p>\n            EXPEDI\u00c7\u00c3O E SEPARACAO DE PEDIDOS<br \/>CONTRATA-SE AUXILIAR PARA EXPEDI\u00c7\u00c3O, SEPARA\u00c7\u00c3O DE PEDIDOS. COLOCAR PRODUTOS NA PRATELEIRA. EMBALAR PEDIDOS PARA TRANSPORTADORA. ORGANIZA\u00c7\u00c3O DE ESTOQUE E BARRAC\u00c3O. TRABALHO DE SEGUNDA A SEXTA FEIRA. SAL\u00c1RIO + VALE ALIMENTA\u00c7\u00c3O. ENVIAR CURR\u00cdCULO PARA: vagasdistribuicao2023@gmail.com\n            <\/p>\n<p><strong>Compartilhe:<\/strong><\/p>\n<p>                <img data-recalc-dims=\"1\" loading=\"lazy\" decoding=\"async\" width=\"25\" height=\"25\" src=\"https:\/\/i0.wp.com\/francaclassificados.com\/\/source\/view\/img\/20w50.png?resize=25%2C25&#038;ssl=1\" alt=\"Imagem compartilhar whatsapp\"\/><\/p>\n<p>                <img data-recalc-dims=\"1\" loading=\"lazy\" decoding=\"async\" width=\"25\" height=\"25\" src=\"https:\/\/i0.wp.com\/francaclassificados.com\/\/source\/view\/img\/18w50.png?resize=25%2C25&#038;ssl=1\" alt=\"Imagem compartilhar facebook\"\/><\/p>\n<\/p><\/div>\n<div class=\"emp\">\n<p>\n            Filmmaker \/ Diretor Criativo \/ Marketing<br \/>VAGA PARA CRIADOR VISUAL (FRANCA-SP) Estamos contratando um profissional criativo e vers\u00e1til, com experi\u00eancia em v\u00eddeos, edi\u00e7\u00e3o, design, e marketing digital. Dominar: C\u00e2mera, Filmagens, Canva, Lightroom, Photoshop, CapCut PC\/Outros, WordPress, Web Design. Vai atuar com: v\u00eddeos p\/ YouTube, e-commerces, infoprodutos, influencers. Portf\u00f3lio Obrigat\u00f3rio. Comprovar Resultados. Presencial. e-mail: curriculosmodafeminina@hotmail.com\n            <\/p>\n<p><strong>Compartilhe:<\/strong><\/p>\n<p>                <img data-recalc-dims=\"1\" loading=\"lazy\" decoding=\"async\" width=\"25\" height=\"25\" src=\"https:\/\/i0.wp.com\/francaclassificados.com\/\/source\/view\/img\/20w50.png?resize=25%2C25&#038;ssl=1\" alt=\"Imagem compartilhar whatsapp\"\/><\/p>\n<p>                <img data-recalc-dims=\"1\" loading=\"lazy\" decoding=\"async\" width=\"25\" height=\"25\" src=\"https:\/\/i0.wp.com\/francaclassificados.com\/\/source\/view\/img\/18w50.png?resize=25%2C25&#038;ssl=1\" alt=\"Imagem compartilhar facebook\"\/><\/p>\n<\/p><\/div>\n<p>    <script async=\"\" src=\"https:\/\/pagead2.googlesyndication.com\/pagead\/js\/adsbygoogle.js?client=ca-pub-2853392113352629\" crossorigin=\"anonymous\"\/>\n    <ins class=\"adsbygoogle\" style=\"display:block\" data-ad-client=\"ca-pub-2853392113352629\" data-ad-slot=\"2925831803\" data-ad-format=\"auto\" data-full-width-responsive=\"true\"\/>\n    <script><![CDATA[(adsbygoogle = window.adsbygoogle || []).push({});]]><\/script><\/p>\n<div class=\"emp\">\n<p>\n            VAGAS ABERTAS PARA: Vendedor (a) Interno e Externo, Atendentes On-line e Presencial, Auxiliar de Estoque, Manipulador de Alimentos, Coordenador de Log\u00edstica, Coordenador de Oficina, Caixa, Auxiliar de Limpeza e Vendedor Digital. CADASTRE-SE PELO NOSSO WHATSAPP (16) 98219-6535 (LeSet)\n            <\/p>\n<p><strong>Compartilhe:<\/strong><\/p>\n<p>                <img data-recalc-dims=\"1\" loading=\"lazy\" decoding=\"async\" width=\"25\" height=\"25\" src=\"https:\/\/i0.wp.com\/francaclassificados.com\/\/source\/view\/img\/20w50.png?resize=25%2C25&#038;ssl=1\" alt=\"Imagem compartilhar whatsapp\"\/><\/p>\n<p>                <img data-recalc-dims=\"1\" loading=\"lazy\" decoding=\"async\" width=\"25\" height=\"25\" src=\"https:\/\/i0.wp.com\/francaclassificados.com\/\/source\/view\/img\/18w50.png?resize=25%2C25&#038;ssl=1\" alt=\"Imagem compartilhar facebook\"\/><\/p>\n<\/p><\/div>\n<div class=\"emp\">\n<p>\n            BAR E RESTAURANTE CONTRATA FIXO OU FREE: Gar\u00e7om\/Bartender\/ Auxiliar de cozinha e Limpeza. Tendo disponibilidade de hor\u00e1rio incluindo finais de semana e feriados (Registro em carteira, pagamos o piso da categoria + vale alimenta\u00e7\u00e3o + horas extras e Ad noturno) turno das 16 as 24. Interessado deixar curr\u00edculo com foto no local das 15 as 19 horas (Av. Antonio Barbosa Filho, 1487) ou pelo Watts ZAP (16)99614-6492.\n            <\/p>\n<p><strong>Compartilhe:<\/strong><\/p>\n<p>                <img data-recalc-dims=\"1\" loading=\"lazy\" decoding=\"async\" width=\"25\" height=\"25\" src=\"https:\/\/i0.wp.com\/francaclassificados.com\/\/source\/view\/img\/20w50.png?resize=25%2C25&#038;ssl=1\" alt=\"Imagem compartilhar whatsapp\"\/><\/p>\n<p>                <img data-recalc-dims=\"1\" loading=\"lazy\" decoding=\"async\" width=\"25\" height=\"25\" src=\"https:\/\/i0.wp.com\/francaclassificados.com\/\/source\/view\/img\/18w50.png?resize=25%2C25&#038;ssl=1\" alt=\"Imagem compartilhar facebook\"\/><\/p>\n<\/p><\/div>\n<p>    <script async=\"\" src=\"https:\/\/pagead2.googlesyndication.com\/pagead\/js\/adsbygoogle.js?client=ca-pub-2853392113352629\" crossorigin=\"anonymous\"\/>\n    <ins class=\"adsbygoogle\" style=\"display:block\" data-ad-client=\"ca-pub-2853392113352629\" data-ad-slot=\"2925831803\" data-ad-format=\"auto\" data-full-width-responsive=\"true\"\/>\n    <script><![CDATA[(adsbygoogle = window.adsbygoogle || []).push({});]]><\/script><\/p>\n<div class=\"emp\">\n<p>\n            OPERADOR BENEFICIO DE CAFE<br \/>Estamos contratando operador de beneficiamento de caf\u00e9, acima de 18 anos, com ou sem experi\u00eancia. Prefer\u00eancia por moradores do Jardim Tropical, Pque Vte Leporace, Jd Luiza I e II, Jd Vera Cruz, Horto, City Petr\u00f3polis e Campo Belo. Local: Fazenda Bom Jesus, Rodovia Vicinal Argemiro Leonardo (Catitu), km 10 + 500m, Cristais Paulista - SP. A empresa oferece transporte. Enviar curr\u00edculo para dp@cafelabareda.com.br.\n            <\/p>\n<p><strong>Compartilhe:<\/strong><\/p>\n<p>                <img data-recalc-dims=\"1\" loading=\"lazy\" decoding=\"async\" width=\"25\" height=\"25\" src=\"https:\/\/i0.wp.com\/francaclassificados.com\/\/source\/view\/img\/20w50.png?resize=25%2C25&#038;ssl=1\" alt=\"Imagem compartilhar whatsapp\"\/><\/p>\n<p>                <img data-recalc-dims=\"1\" loading=\"lazy\" decoding=\"async\" width=\"25\" height=\"25\" src=\"https:\/\/i0.wp.com\/francaclassificados.com\/\/source\/view\/img\/18w50.png?resize=25%2C25&#038;ssl=1\" alt=\"Imagem compartilhar facebook\"\/><\/p>\n<\/p><\/div>\n<div class=\"emp\">\n<p>\n            AUXILIAR DE E-COMMERCE<br \/>CONTRATA-SE AUXILIAR DE E-COMMERCE QUE TENHA DOM\u00cdNIO EM TODAS AS PLATAFORMAS, SAIBA ROTINA DE EMBARQUE DO FULL, ATENDIMENTO AO CLIENTE, TROCAS E DEVOLU\u00c7\u00d5ES, DIGITA\u00c7\u00c3O DE PEDIDOS NO PROGRAMA ANDES E CONTROLE DE PRODU\u00c7\u00c3O. INTERESSADOS ENVIAR CURR\u00cdCULO PARA O E-MAIL: fabrica@atronshoes.com.br OU FONE - 98163-0020\n            <\/p>\n<p><strong>Compartilhe:<\/strong><\/p>\n<p>                <img data-recalc-dims=\"1\" loading=\"lazy\" decoding=\"async\" width=\"25\" height=\"25\" src=\"https:\/\/i0.wp.com\/francaclassificados.com\/\/source\/view\/img\/20w50.png?resize=25%2C25&#038;ssl=1\" alt=\"Imagem compartilhar whatsapp\"\/><\/p>\n<p>                <img data-recalc-dims=\"1\" loading=\"lazy\" decoding=\"async\" width=\"25\" height=\"25\" src=\"https:\/\/i0.wp.com\/francaclassificados.com\/\/source\/view\/img\/18w50.png?resize=25%2C25&#038;ssl=1\" alt=\"Imagem compartilhar facebook\"\/><\/p>\n<\/p><\/div>\n<p>    <script async=\"\" src=\"https:\/\/pagead2.googlesyndication.com\/pagead\/js\/adsbygoogle.js?client=ca-pub-2853392113352629\" crossorigin=\"anonymous\"\/>\n    <ins class=\"adsbygoogle\" style=\"display:block\" data-ad-client=\"ca-pub-2853392113352629\" data-ad-slot=\"2925831803\" data-ad-format=\"auto\" data-full-width-responsive=\"true\"\/>\n    <script><![CDATA[(adsbygoogle = window.adsbygoogle || []).push({});]]><\/script><\/p>\n<div class=\"emp\">\n<p>\n            AUXILIAR DE LOG\u00cdSTICA - COMERCIAL<br \/>Contrata-se auxiliar de log\u00edstica comercial. Buscamos pessoa para auxiliar na \u00e1rea de log\u00edstica, com disponibilidade de hor\u00e1rios, que seja proativa, comunicativa, respons\u00e1vel, organizada, dedicada, com iniciativa, e que saiba trabalhar em equipe. Experi\u00eancia na \u00e1rea de log\u00edstica e em vendas, ser\u00e1 um diferencial. Os interessados devem enviar os curr\u00edculos para: recrutamentoeselecao.francasp@gmail.com com o assunto \u201cLOG\u00cdSTICA\".\n            <\/p>\n<p><strong>Compartilhe:<\/strong><\/p>\n<p>                <img data-recalc-dims=\"1\" loading=\"lazy\" decoding=\"async\" width=\"25\" height=\"25\" src=\"https:\/\/i0.wp.com\/francaclassificados.com\/\/source\/view\/img\/20w50.png?resize=25%2C25&#038;ssl=1\" alt=\"Imagem compartilhar whatsapp\"\/><\/p>\n<p>                <img data-recalc-dims=\"1\" loading=\"lazy\" decoding=\"async\" width=\"25\" height=\"25\" src=\"https:\/\/i0.wp.com\/francaclassificados.com\/\/source\/view\/img\/18w50.png?resize=25%2C25&#038;ssl=1\" alt=\"Imagem compartilhar facebook\"\/><\/p>\n<\/p><\/div>\n<div class=\"emp\">\n<p>\n            Auxiliar de Produ\u00e7\u00e3o<br \/>Estamos com vagas dispon\u00edveis para in\u00edcio imediato, com ou sem experi\u00eancia para os setores de CALEIRO e ACABAMENTO; servi\u00e7o demanda esfor\u00e7o f\u00edsico e adapta\u00e7\u00e3o ao ambiente de trabalho. Segunda a sexta-feira, das 06h45 \u00e0s 16h33. Interessados encaminhar o curr\u00edculo no e-mail: recrutamento@boisanto.com.br\n            <\/p>\n<p><strong>Compartilhe:<\/strong><\/p>\n<p>                <img data-recalc-dims=\"1\" loading=\"lazy\" decoding=\"async\" width=\"25\" height=\"25\" src=\"https:\/\/i0.wp.com\/francaclassificados.com\/\/source\/view\/img\/20w50.png?resize=25%2C25&#038;ssl=1\" alt=\"Imagem compartilhar whatsapp\"\/><\/p>\n<p>                <img data-recalc-dims=\"1\" loading=\"lazy\" decoding=\"async\" width=\"25\" height=\"25\" src=\"https:\/\/i0.wp.com\/francaclassificados.com\/\/source\/view\/img\/18w50.png?resize=25%2C25&#038;ssl=1\" alt=\"Imagem compartilhar facebook\"\/><\/p>\n<\/p><\/div>\n<p>    <script async=\"\" src=\"https:\/\/pagead2.googlesyndication.com\/pagead\/js\/adsbygoogle.js?client=ca-pub-2853392113352629\" crossorigin=\"anonymous\"\/>\n    <ins class=\"adsbygoogle\" style=\"display:block\" data-ad-client=\"ca-pub-2853392113352629\" data-ad-slot=\"2925831803\" data-ad-format=\"auto\" data-full-width-responsive=\"true\"\/>\n    <script><![CDATA[(adsbygoogle = window.adsbygoogle || []).push({});]]><\/script><\/p>\n<div class=\"emp\">\n<p>\n            REPRESENTANTE(A) CLT + COMISS\u00c3O\/VIAGEM<br \/>Se voc\u00ea gosta de vendas, quer uma oportunidade de crescimento, e vencer na vida junte-se a n\u00f3s INSIDE SALES, empresa moderna e com grandes desafios busca pessoas com: DISPONIBILIDADE PARA VIAJAR, boa comunica\u00e7\u00e3o, que saibam receber feedbacks, fazer mais do que o esperado, persuas\u00e3o, aprendizado r\u00e1pido e no\u00e7\u00f5es de manuseio computador, (Sal\u00e1rio fixo 2.500,00 + vale alimenta\u00e7\u00e3o + vale transporte, premia\u00e7\u00e3o e comiss\u00e3o por metas atingidas). enviar com assunto:REPRESENTANTE para e-mail abaixo<br \/>\n            <br \/>multimarcas.inside@gmail.com\n            <\/p>\n<p><strong>Compartilhe:<\/strong><\/p>\n<p>                <img data-recalc-dims=\"1\" loading=\"lazy\" decoding=\"async\" width=\"25\" height=\"25\" src=\"https:\/\/i0.wp.com\/francaclassificados.com\/\/source\/view\/img\/20w50.png?resize=25%2C25&#038;ssl=1\" alt=\"Imagem compartilhar whatsapp\"\/><\/p>\n<p>                <img data-recalc-dims=\"1\" loading=\"lazy\" decoding=\"async\" width=\"25\" height=\"25\" src=\"https:\/\/i0.wp.com\/francaclassificados.com\/\/source\/view\/img\/18w50.png?resize=25%2C25&#038;ssl=1\" alt=\"Imagem compartilhar facebook\"\/><\/p>\n<\/p><\/div>\n<div class=\"emp\">\n<p>\n            Escrit\u00f3rio cont\u00e1bil contrata para in\u00edcio imediato para Depto Pessoal com experi\u00eancia comprovada nas rotinas admiss\u00e3o, rescis\u00e3o, Dctfweb, Esocial, orienta\u00e7\u00f5es a clientes. Diferencial experi\u00eancia no Prosoft. Sal\u00e1rio compat\u00edvel com a experi\u00eancia + benef\u00edcios. Enviar curr\u00edculo para rhcontrata2023@hotmail.com\n            <\/p>\n<p><strong>Compartilhe:<\/strong><\/p>\n<p>                <img data-recalc-dims=\"1\" loading=\"lazy\" decoding=\"async\" width=\"25\" height=\"25\" src=\"https:\/\/i0.wp.com\/francaclassificados.com\/\/source\/view\/img\/20w50.png?resize=25%2C25&#038;ssl=1\" alt=\"Imagem compartilhar whatsapp\"\/><\/p>\n<p>                <img data-recalc-dims=\"1\" loading=\"lazy\" decoding=\"async\" width=\"25\" height=\"25\" src=\"https:\/\/i0.wp.com\/francaclassificados.com\/\/source\/view\/img\/18w50.png?resize=25%2C25&#038;ssl=1\" alt=\"Imagem compartilhar facebook\"\/><\/p>\n<\/p><\/div>\n<p>    <script async=\"\" src=\"https:\/\/pagead2.googlesyndication.com\/pagead\/js\/adsbygoogle.js?client=ca-pub-2853392113352629\" crossorigin=\"anonymous\"\/>\n    <ins class=\"adsbygoogle\" style=\"display:block\" data-ad-client=\"ca-pub-2853392113352629\" data-ad-slot=\"2925831803\" data-ad-format=\"auto\" data-full-width-responsive=\"true\"\/>\n    <script><![CDATA[(adsbygoogle = window.adsbygoogle || []).push({});]]><\/script><\/p>\n<div class=\"emp\">\n<p>\n            AUXILIAR ADMINISTRATIVO<br \/>Contrata-se Auxiliar Administrativo para loja de vendas de couro. Atividades: realizar processos de entrada de notas fiscais, entrada de estoque e classifica\u00e7\u00e3o de couros para venda. \u00c9 essencial ter conhecimento em Excel para gerar planilhas de acompanhamento e analises. Enviar curriculos para: vagasdetrabalhofranca@gmail.com\n            <\/p>\n<p><strong>Compartilhe:<\/strong><\/p>\n<p>                <img data-recalc-dims=\"1\" loading=\"lazy\" decoding=\"async\" width=\"25\" height=\"25\" src=\"https:\/\/i0.wp.com\/francaclassificados.com\/\/source\/view\/img\/20w50.png?resize=25%2C25&#038;ssl=1\" alt=\"Imagem compartilhar whatsapp\"\/><\/p>\n<p>                <img data-recalc-dims=\"1\" loading=\"lazy\" decoding=\"async\" width=\"25\" height=\"25\" src=\"https:\/\/i0.wp.com\/francaclassificados.com\/\/source\/view\/img\/18w50.png?resize=25%2C25&#038;ssl=1\" alt=\"Imagem compartilhar facebook\"\/><\/p>\n<\/p><\/div>\n<div class=\"emp\">\n<p>\n            RESPONS\u00c1VEL DE LOJA \/ VENDEDOR<br \/>Vendedor com experi\u00eancia comprovada. Ir\u00e1 liderar a equipe de vendas, envolvendo a realiza\u00e7\u00e3o de treinamentos e desenvolvimento de campanhas de incentivo. Controla metas, elabora relat\u00f3rios de resultados. Perfil agressivo, proativo, com foco em resultado e motivador. Idade: 25 a 45 contrato: Efetivo. Sal\u00e1rio fixo+Benef\u00edcios\/Premia\u00e7\u00e3o: sobre resultados ap\u00f3s experi\u00eancia Requisitos: experi\u00eancia em vendas, gest\u00e3o de pessoas e lideran\u00e7a Enviar curr\u00edculos para e-mail: recrutafranca@outlook.com\n            <\/p>\n<p><strong>Compartilhe:<\/strong><\/p>\n<p>                <img data-recalc-dims=\"1\" loading=\"lazy\" decoding=\"async\" width=\"25\" height=\"25\" src=\"https:\/\/i0.wp.com\/francaclassificados.com\/\/source\/view\/img\/20w50.png?resize=25%2C25&#038;ssl=1\" alt=\"Imagem compartilhar whatsapp\"\/><\/p>\n<p>                <img data-recalc-dims=\"1\" loading=\"lazy\" decoding=\"async\" width=\"25\" height=\"25\" src=\"https:\/\/i0.wp.com\/francaclassificados.com\/\/source\/view\/img\/18w50.png?resize=25%2C25&#038;ssl=1\" alt=\"Imagem compartilhar facebook\"\/><\/p>\n<\/p><\/div>\n<p>    <script async=\"\" src=\"https:\/\/pagead2.googlesyndication.com\/pagead\/js\/adsbygoogle.js?client=ca-pub-2853392113352629\" crossorigin=\"anonymous\"\/>\n    <ins class=\"adsbygoogle\" style=\"display:block\" data-ad-client=\"ca-pub-2853392113352629\" data-ad-slot=\"2925831803\" data-ad-format=\"auto\" data-full-width-responsive=\"true\"\/>\n    <script><![CDATA[(adsbygoogle = window.adsbygoogle || []).push({});]]><\/script><\/p>\n<div class=\"emp\">\n<p>\n            Costureira e Auxiliar de Costura<br \/>Estamos contratando Costureira e Auxiliar de Costura para confec\u00e7\u00e3o de camisetas e moletons. Requisitos para Costureira: saber trabalhar nas maquinas Overloque, Galoneira, Reta e Ombro a Ombro. Auxiliar de Costura: precisa ter conhecimento na maquina Overloque. Interessados encaminhar curr\u00edculo para andressa.mvatextil@gmail.com\n            <\/p>\n<p><strong>Compartilhe:<\/strong><\/p>\n<p>                <img data-recalc-dims=\"1\" loading=\"lazy\" decoding=\"async\" width=\"25\" height=\"25\" src=\"https:\/\/i0.wp.com\/francaclassificados.com\/\/source\/view\/img\/20w50.png?resize=25%2C25&#038;ssl=1\" alt=\"Imagem compartilhar whatsapp\"\/><\/p>\n<p>                <img data-recalc-dims=\"1\" loading=\"lazy\" decoding=\"async\" width=\"25\" height=\"25\" src=\"https:\/\/i0.wp.com\/francaclassificados.com\/\/source\/view\/img\/18w50.png?resize=25%2C25&#038;ssl=1\" alt=\"Imagem compartilhar facebook\"\/><\/p>\n<\/p><\/div>\n<div class=\"emp\">\n<p>\n            ANALISTA RH \/ ANALISTA ADM PESSOAL<br \/>Processar folha de pagamento, encargos, obriga\u00e7\u00f5es trabalhistas e demais atividades da \u00e1rea REQUISITOS: Forma\u00e7\u00e3o superior, dom\u00ednio nos processos e ferramentas pertinentes a cada \u00e1rea, conhecimento da Legisla\u00e7\u00e3o Trabalhista. Enviar CV com pretens\u00e3o salarial para rhconsultoria2025@yahoo.com - ATRAM (Franquia do Botic\u00e1rio)\n            <\/p>\n<p><strong>Compartilhe:<\/strong><\/p>\n<p>                <img data-recalc-dims=\"1\" loading=\"lazy\" decoding=\"async\" width=\"25\" height=\"25\" src=\"https:\/\/i0.wp.com\/francaclassificados.com\/\/source\/view\/img\/20w50.png?resize=25%2C25&#038;ssl=1\" alt=\"Imagem compartilhar whatsapp\"\/><\/p>\n<p>                <img data-recalc-dims=\"1\" loading=\"lazy\" decoding=\"async\" width=\"25\" height=\"25\" src=\"https:\/\/i0.wp.com\/francaclassificados.com\/\/source\/view\/img\/18w50.png?resize=25%2C25&#038;ssl=1\" alt=\"Imagem compartilhar facebook\"\/><\/p>\n<\/p><\/div>\n<p>    <script async=\"\" src=\"https:\/\/pagead2.googlesyndication.com\/pagead\/js\/adsbygoogle.js?client=ca-pub-2853392113352629\" crossorigin=\"anonymous\"\/>\n    <ins class=\"adsbygoogle\" style=\"display:block\" data-ad-client=\"ca-pub-2853392113352629\" data-ad-slot=\"2925831803\" data-ad-format=\"auto\" data-full-width-responsive=\"true\"\/>\n    <script><![CDATA[(adsbygoogle = window.adsbygoogle || []).push({});]]><\/script><\/p>\n<div class=\"emp\">\n<p>\n            ESTOQUISTA DE LOJA<br \/>ESTOQUISTA COM EXPERI\u00caNCIA (LOJA DE PRODUTOS NATURAIS) COM ORGANIZA\u00c7\u00c3O E ALIMENTOS DE ESTOQUE, PESAGENS DE PRODUTOS FRACIONADOS, LIMPEZA, ALIAMENTO, CONFER\u00caNCIA GERAL ,QUE SEJA EXTREMANTE ORGANIZADO DENTRO DA METODOLOGIA DE TRABALHO.CONFERIR NOTAS FISCAIS DE ENTRADA. SAL\u00c1RIO DE R$ 1835,12 +R$200,00 DE VALE ALIMENTA\u00c7\u00c3O+ VALE TRANSPORTE SE NECESSARIO. DE SEGUNDA \u00c1 SEXTA 08:30 \u00c1S 18:00, S\u00c1BADOS AT\u00c9 AS 12:30. Enviar para: emporioseucaju1@gmail.com\n            <\/p>\n<p><strong>Compartilhe:<\/strong><\/p>\n<p>                <img data-recalc-dims=\"1\" loading=\"lazy\" decoding=\"async\" width=\"25\" height=\"25\" src=\"https:\/\/i0.wp.com\/francaclassificados.com\/\/source\/view\/img\/20w50.png?resize=25%2C25&#038;ssl=1\" alt=\"Imagem compartilhar whatsapp\"\/><\/p>\n<p>                <img data-recalc-dims=\"1\" loading=\"lazy\" decoding=\"async\" width=\"25\" height=\"25\" src=\"https:\/\/i0.wp.com\/francaclassificados.com\/\/source\/view\/img\/18w50.png?resize=25%2C25&#038;ssl=1\" alt=\"Imagem compartilhar facebook\"\/><\/p>\n<\/p><\/div>\n<div class=\"emp\">\n<p>\n            Separador de Pedidos<br \/>Estamos contratando (profissionais do sexo masculino) para ser respons\u00e1vel por separar pedidos, conferir e embalar produtos sens\u00edveis, necess\u00e1rio ser atencioso(a) e ter conhecimento b\u00e1sico em inform\u00e1tica e sistemas. Trabalhamos em hor\u00e1rio comercial Seg a Sex 09:00 as 18:00 e aos s\u00e1bados das 09:00 das 13:00. Oferecemos sal\u00e1rio fixo + vale alimenta\u00e7\u00e3o. Enviar curr\u00edculo no e-mail<br \/>\n            <br \/>adm.jfdistribuidora@gmail.com\n            <\/p>\n<p><strong>Compartilhe:<\/strong><\/p>\n<p>                <img data-recalc-dims=\"1\" loading=\"lazy\" decoding=\"async\" width=\"25\" height=\"25\" src=\"https:\/\/i0.wp.com\/francaclassificados.com\/\/source\/view\/img\/20w50.png?resize=25%2C25&#038;ssl=1\" alt=\"Imagem compartilhar whatsapp\"\/><\/p>\n<p>                <img data-recalc-dims=\"1\" loading=\"lazy\" decoding=\"async\" width=\"25\" height=\"25\" src=\"https:\/\/i0.wp.com\/francaclassificados.com\/\/source\/view\/img\/18w50.png?resize=25%2C25&#038;ssl=1\" alt=\"Imagem compartilhar facebook\"\/><\/p>\n<\/p><\/div>\n<p>    <script async=\"\" src=\"https:\/\/pagead2.googlesyndication.com\/pagead\/js\/adsbygoogle.js?client=ca-pub-2853392113352629\" crossorigin=\"anonymous\"\/>\n    <ins class=\"adsbygoogle\" style=\"display:block\" data-ad-client=\"ca-pub-2853392113352629\" data-ad-slot=\"2925831803\" data-ad-format=\"auto\" data-full-width-responsive=\"true\"\/>\n    <script><![CDATA[(adsbygoogle = window.adsbygoogle || []).push({});]]><\/script><\/p>\n<div class=\"emp\">\n<p>\n            AUXILIAR DE DESIGNER<br \/>Local: Ana Dorothea. Atividades: edi\u00e7\u00e3o de fotos, cria\u00e7\u00e3o de m\u00eddias sociais, atualiza\u00e7\u00e3o de an\u00fancios em e-commerce\/marketplace. Dom\u00ednio em CorelDRAW e Photoshop \u00e9 essencial. Envie seu curr\u00edculo com pretens\u00e3o salarial e portf\u00f3lio (se tiver) para: controle@allvisionweb.com Mostre seu talento e venha crescer com a gente!\n            <\/p>\n<p><strong>Compartilhe:<\/strong><\/p>\n<p>                <img data-recalc-dims=\"1\" loading=\"lazy\" decoding=\"async\" width=\"25\" height=\"25\" src=\"https:\/\/i0.wp.com\/francaclassificados.com\/\/source\/view\/img\/20w50.png?resize=25%2C25&#038;ssl=1\" alt=\"Imagem compartilhar whatsapp\"\/><\/p>\n<p>                <img data-recalc-dims=\"1\" loading=\"lazy\" decoding=\"async\" width=\"25\" height=\"25\" src=\"https:\/\/i0.wp.com\/francaclassificados.com\/\/source\/view\/img\/18w50.png?resize=25%2C25&#038;ssl=1\" alt=\"Imagem compartilhar facebook\"\/><\/p>\n<\/p><\/div>\n<div class=\"emp\">\n<p>\n            AUXILIAR DE PRODU\u00c7\u00c3O<br \/>Estamos contratando Auxiliar de produ\u00e7\u00e3o para confec\u00e7\u00e3o com experi\u00eancia. A vaga \u00e9 para atuar com corte de pe\u00e7as de moletom, bermudas e camisetas. Buscamos pessoas que tenham interesse em aprender uma nova area de trabalho. Interessados devem enviar curr\u00edculo para o e-mail: vagasdetrabalhofranca@gmail.com.\n            <\/p>\n<p><strong>Compartilhe:<\/strong><\/p>\n<p>                <img data-recalc-dims=\"1\" loading=\"lazy\" decoding=\"async\" width=\"25\" height=\"25\" src=\"https:\/\/i0.wp.com\/francaclassificados.com\/\/source\/view\/img\/20w50.png?resize=25%2C25&#038;ssl=1\" alt=\"Imagem compartilhar whatsapp\"\/><\/p>\n<p>                <img data-recalc-dims=\"1\" loading=\"lazy\" decoding=\"async\" width=\"25\" height=\"25\" src=\"https:\/\/i0.wp.com\/francaclassificados.com\/\/source\/view\/img\/18w50.png?resize=25%2C25&#038;ssl=1\" alt=\"Imagem compartilhar facebook\"\/><\/p>\n<\/p><\/div>\n<p>    <script async=\"\" src=\"https:\/\/pagead2.googlesyndication.com\/pagead\/js\/adsbygoogle.js?client=ca-pub-2853392113352629\" crossorigin=\"anonymous\"\/>\n    <ins class=\"adsbygoogle\" style=\"display:block\" data-ad-client=\"ca-pub-2853392113352629\" data-ad-slot=\"2925831803\" data-ad-format=\"auto\" data-full-width-responsive=\"true\"\/>\n    <script><![CDATA[(adsbygoogle = window.adsbygoogle || []).push({});]]><\/script><\/p>\n<div class=\"emp\">\n<p>\n            Apontador de sola e Auxiliar de produ\u00e7\u00e3o<br \/>Contrata-se Apontador de Sola e Auxiliar de produ\u00e7\u00e3o (passar cola no cabedal tirar da forma) Interessados enviar curriculo com pretens\u00e3o salarial para: vagadeemprego.sch@gmail.com\n            <\/p>\n<p><strong>Compartilhe:<\/strong><\/p>\n<p>                <img data-recalc-dims=\"1\" loading=\"lazy\" decoding=\"async\" width=\"25\" height=\"25\" src=\"https:\/\/i0.wp.com\/francaclassificados.com\/\/source\/view\/img\/20w50.png?resize=25%2C25&#038;ssl=1\" alt=\"Imagem compartilhar whatsapp\"\/><\/p>\n<p>                <img data-recalc-dims=\"1\" loading=\"lazy\" decoding=\"async\" width=\"25\" height=\"25\" src=\"https:\/\/i0.wp.com\/francaclassificados.com\/\/source\/view\/img\/18w50.png?resize=25%2C25&#038;ssl=1\" alt=\"Imagem compartilhar facebook\"\/><\/p>\n<\/p><\/div>\n<div class=\"emp\">\n<p>\n            DEPARTAMENTO CONT\u00c1BIL<br \/>Escrit\u00f3rio contrata para o Departamento Cont\u00e1bil em Franca - SP, com conhecimento das rotinas do setor (Escritura\u00e7\u00e3o cont\u00e1bil, concilia\u00e7\u00e3o, lan\u00e7amentos de impostos e apura\u00e7\u00f5es, entrega de declara\u00e7\u00f5es - DCTF, PerdComp, Sped ECD e ECF - e experi\u00eancia em fechamentos do Lucro Real). Experi\u00eancia em escrit\u00f3rio cont\u00e1bil ser\u00e1 um diferencial. Sal\u00e1rio + Vale Alimenta\u00e7\u00e3o. Interessados enviar curr\u00edculo para o e-mail: contabilescritorio.dp@gmail.com\n            <\/p>\n<p><strong>Compartilhe:<\/strong><\/p>\n<p>                <img data-recalc-dims=\"1\" loading=\"lazy\" decoding=\"async\" width=\"25\" height=\"25\" src=\"https:\/\/i0.wp.com\/francaclassificados.com\/\/source\/view\/img\/20w50.png?resize=25%2C25&#038;ssl=1\" alt=\"Imagem compartilhar whatsapp\"\/><\/p>\n<p>                <img data-recalc-dims=\"1\" loading=\"lazy\" decoding=\"async\" width=\"25\" height=\"25\" src=\"https:\/\/i0.wp.com\/francaclassificados.com\/\/source\/view\/img\/18w50.png?resize=25%2C25&#038;ssl=1\" alt=\"Imagem compartilhar facebook\"\/><\/p>\n<\/p><\/div>\n<p>    <script async=\"\" src=\"https:\/\/pagead2.googlesyndication.com\/pagead\/js\/adsbygoogle.js?client=ca-pub-2853392113352629\" crossorigin=\"anonymous\"\/>\n    <ins class=\"adsbygoogle\" style=\"display:block\" data-ad-client=\"ca-pub-2853392113352629\" data-ad-slot=\"2925831803\" data-ad-format=\"auto\" data-full-width-responsive=\"true\"\/>\n    <script><![CDATA[(adsbygoogle = window.adsbygoogle || []).push({});]]><\/script><\/p>\n<div class=\"emp\">\n<p>\n            Contrata-se Vendedor interno , auxiliar de estoque e servi\u00e7os gerais. Interessados enviar o curr\u00edculo para o e-mail megatintas@hotmail.com.br ou telefone (16) 99987-0200.\n            <\/p>\n<p><strong>Compartilhe:<\/strong><\/p>\n<p>                <img data-recalc-dims=\"1\" loading=\"lazy\" decoding=\"async\" width=\"25\" height=\"25\" src=\"https:\/\/i0.wp.com\/francaclassificados.com\/\/source\/view\/img\/20w50.png?resize=25%2C25&#038;ssl=1\" alt=\"Imagem compartilhar whatsapp\"\/><\/p>\n<p>                <img data-recalc-dims=\"1\" loading=\"lazy\" decoding=\"async\" width=\"25\" height=\"25\" src=\"https:\/\/i0.wp.com\/francaclassificados.com\/\/source\/view\/img\/18w50.png?resize=25%2C25&#038;ssl=1\" alt=\"Imagem compartilhar facebook\"\/><\/p>\n<\/p><\/div>\n<div class=\"emp\">\n<p>\n            Auxiliar Expedi\u00e7\u00e3o- Ecommerce<br \/>Vaga Auxiliar De Expedi\u00e7\u00e3o Sexo Feminino REQUISITOS: Proativo, \u00c1gil, Organizada, Respons\u00e1vel. Hor\u00e1rios 07:00 as 17:18 Segunda a Sexta. Envie curr\u00edculo com Foto para: emprega.curriculo@outlook.com\n            <\/p>\n<p><strong>Compartilhe:<\/strong><\/p>\n<p>                <img data-recalc-dims=\"1\" loading=\"lazy\" decoding=\"async\" width=\"25\" height=\"25\" src=\"https:\/\/i0.wp.com\/francaclassificados.com\/\/source\/view\/img\/20w50.png?resize=25%2C25&#038;ssl=1\" alt=\"Imagem compartilhar whatsapp\"\/><\/p>\n<p>                <img data-recalc-dims=\"1\" loading=\"lazy\" decoding=\"async\" width=\"25\" height=\"25\" src=\"https:\/\/i0.wp.com\/francaclassificados.com\/\/source\/view\/img\/18w50.png?resize=25%2C25&#038;ssl=1\" alt=\"Imagem compartilhar facebook\"\/><\/p>\n<\/p><\/div>\n<p>    <script async=\"\" src=\"https:\/\/pagead2.googlesyndication.com\/pagead\/js\/adsbygoogle.js?client=ca-pub-2853392113352629\" crossorigin=\"anonymous\"\/>\n    <ins class=\"adsbygoogle\" style=\"display:block\" data-ad-client=\"ca-pub-2853392113352629\" data-ad-slot=\"2925831803\" data-ad-format=\"auto\" data-full-width-responsive=\"true\"\/>\n    <script><![CDATA[(adsbygoogle = window.adsbygoogle || []).push({});]]><\/script><\/p>\n<div class=\"emp\">\n<p>\n            ENCARREGADO DE TURNO <br \/>Requisitos: \u2022 Idade m\u00ednima de 21 anos \u2022 Ensino m\u00e9dio completo \u2022 Boa comunica\u00e7\u00e3o \u2022 Desej\u00e1vel experi\u00eancia anterior em restaurante: Oferecemos: \u2022 Sal\u00e1rio compat\u00edvel com o cargo \u2022 Premia\u00e7\u00f5es por desempenho \u2022 Vale-transporte \u2022 Alimenta\u00e7\u00e3o no local \u2022 Seguro sa\u00fade \u2022 Seguro odontol\u00f3gico Como se candidatar: Envie seu curr\u00edculo para o e-mail: giraffasvagas@gmail.com, com o t\u00edtulo \u201cENCARREGADO GIF\u201d\n            <\/p>\n<p><strong>Compartilhe:<\/strong><\/p>\n<p>                <img data-recalc-dims=\"1\" loading=\"lazy\" decoding=\"async\" width=\"25\" height=\"25\" src=\"https:\/\/i0.wp.com\/francaclassificados.com\/\/source\/view\/img\/20w50.png?resize=25%2C25&#038;ssl=1\" alt=\"Imagem compartilhar whatsapp\"\/><\/p>\n<p>                <img data-recalc-dims=\"1\" loading=\"lazy\" decoding=\"async\" width=\"25\" height=\"25\" src=\"https:\/\/i0.wp.com\/francaclassificados.com\/\/source\/view\/img\/18w50.png?resize=25%2C25&#038;ssl=1\" alt=\"Imagem compartilhar facebook\"\/><\/p>\n<\/p><\/div>\n<div class=\"emp\">\n<p>\n            Auxiliar de Expedi\u00e7\u00e3o<br \/>Contrata-se Auxiliar de Expedi\u00e7\u00e3o do sexo feminino, para auxiliar no recebimento de mercadorias, confer\u00eancia de produtos, embalagens e etiquetagem de pedidos. Que seja organizada, proativa e comprometida. Empresa localizada no bairro Jardim Cambu\u00ed. Carga hor\u00e1ria: de segunda a sexta das 8:00h \u00e0s 17:00h e aos s\u00e1bados das 8:00h \u00e0s 12:00h. Interessadas enviar curr\u00edculo para o WhatsApp: (16)99986-5183\n            <\/p>\n<p><strong>Compartilhe:<\/strong><\/p>\n<p>                <img data-recalc-dims=\"1\" loading=\"lazy\" decoding=\"async\" width=\"25\" height=\"25\" src=\"https:\/\/i0.wp.com\/francaclassificados.com\/\/source\/view\/img\/20w50.png?resize=25%2C25&#038;ssl=1\" alt=\"Imagem compartilhar whatsapp\"\/><\/p>\n<p>                <img data-recalc-dims=\"1\" loading=\"lazy\" decoding=\"async\" width=\"25\" height=\"25\" src=\"https:\/\/i0.wp.com\/francaclassificados.com\/\/source\/view\/img\/18w50.png?resize=25%2C25&#038;ssl=1\" alt=\"Imagem compartilhar facebook\"\/><\/p>\n<\/p><\/div>\n<p>    <script async=\"\" src=\"https:\/\/pagead2.googlesyndication.com\/pagead\/js\/adsbygoogle.js?client=ca-pub-2853392113352629\" crossorigin=\"anonymous\"\/>\n    <ins class=\"adsbygoogle\" style=\"display:block\" data-ad-client=\"ca-pub-2853392113352629\" data-ad-slot=\"2925831803\" data-ad-format=\"auto\" data-full-width-responsive=\"true\"\/>\n    <script><![CDATA[(adsbygoogle = window.adsbygoogle || []).push({});]]><\/script><\/p>\n<div class=\"emp\">\n<p>\n            FABRICA DE CALCADOS CONTRATA CAMBREADOR\/AUXILIAR DE PRODUCAO\/AUXILIAR DE PREPARA\u00c7\u00c3O\/AUXILIAR DE PRANCHEAMENTO\/REVISOR DE PESPONTO\/ESCALADOR DE FORMA\/MOLDADOR DE CONTRA FORTE\/CORINGA DE ESTEIRA\/ALMOXARIFE\/ACABADOR\/COSTURADOR DE FUNDO E LATERAL, ENVIAR CURRICULO PARA O EMAIL contratafranca2018@gmail.com , PARA INICIO IMEDIATO\n            <\/p>\n<p><strong>Compartilhe:<\/strong><\/p>\n<p>                <img data-recalc-dims=\"1\" loading=\"lazy\" decoding=\"async\" width=\"25\" height=\"25\" src=\"https:\/\/i0.wp.com\/francaclassificados.com\/\/source\/view\/img\/20w50.png?resize=25%2C25&#038;ssl=1\" alt=\"Imagem compartilhar whatsapp\"\/><\/p>\n<p>                <img data-recalc-dims=\"1\" loading=\"lazy\" decoding=\"async\" width=\"25\" height=\"25\" src=\"https:\/\/i0.wp.com\/francaclassificados.com\/\/source\/view\/img\/18w50.png?resize=25%2C25&#038;ssl=1\" alt=\"Imagem compartilhar facebook\"\/><\/p>\n<\/p><\/div>\n<div class=\"emp\">\n<p>\n            AUXILIAR ADMINISTRATIVO<br \/>Sexo feminino. Dom\u00ednio OFFICE, sistemas e Whatsapp. Sal\u00e1rio da categoria + benef\u00edcios. Segunda a Sexta. Distrito Industrial Franca SP. Proativa, organizada, polivalente, din\u00e2mica. Experi\u00eancia anterior ser\u00e1 um diferencial. Enviar curr\u00edculo com foto para: franca.recruta24@gmail.com\n            <\/p>\n<p><strong>Compartilhe:<\/strong><\/p>\n<p>                <img data-recalc-dims=\"1\" loading=\"lazy\" decoding=\"async\" width=\"25\" height=\"25\" src=\"https:\/\/i0.wp.com\/francaclassificados.com\/\/source\/view\/img\/20w50.png?resize=25%2C25&#038;ssl=1\" alt=\"Imagem compartilhar whatsapp\"\/><\/p>\n<p>                <img data-recalc-dims=\"1\" loading=\"lazy\" decoding=\"async\" width=\"25\" height=\"25\" src=\"https:\/\/i0.wp.com\/francaclassificados.com\/\/source\/view\/img\/18w50.png?resize=25%2C25&#038;ssl=1\" alt=\"Imagem compartilhar facebook\"\/><\/p>\n<\/p><\/div>\n<p>    <script async=\"\" src=\"https:\/\/pagead2.googlesyndication.com\/pagead\/js\/adsbygoogle.js?client=ca-pub-2853392113352629\" crossorigin=\"anonymous\"\/>\n    <ins class=\"adsbygoogle\" style=\"display:block\" data-ad-client=\"ca-pub-2853392113352629\" data-ad-slot=\"2925831803\" data-ad-format=\"auto\" data-full-width-responsive=\"true\"\/>\n    <script><![CDATA[(adsbygoogle = window.adsbygoogle || []).push({});]]><\/script><\/p>\n<div class=\"emp\">\n<p>\n            DEPARTAMENTO PESSOAL<br \/>Escrit\u00f3rio Cont\u00e1bil contrata profissional para atuar com processo de admiss\u00f5es e demiss\u00f5es, controles de documenta\u00e7\u00f5es, folha de pagamento, f\u00e9rias, afastamento, abonos, benef\u00edcios, al\u00e9m de apoiar outros processos da \u00e1rea. Requisitos e Qualifica\u00e7\u00f5es: * Proatividade, vontade de aprender e \u00f3tima comunica\u00e7\u00e3o. *Conhecimento no sistema Dom\u00ednio ser\u00e1 diferencial. Benef\u00edcios: Sal\u00e1rio compat\u00edvel com \u00e0 fun\u00e7\u00e3o + Vale alimenta\u00e7\u00e3o. Favor somente conhecimento.Curr\u00edculos: selecao.escritorio123@gmail.com\n            <\/p>\n<p><strong>Compartilhe:<\/strong><\/p>\n<p>                <img data-recalc-dims=\"1\" loading=\"lazy\" decoding=\"async\" width=\"25\" height=\"25\" src=\"https:\/\/i0.wp.com\/francaclassificados.com\/\/source\/view\/img\/20w50.png?resize=25%2C25&#038;ssl=1\" alt=\"Imagem compartilhar whatsapp\"\/><\/p>\n<p>                <img data-recalc-dims=\"1\" loading=\"lazy\" decoding=\"async\" width=\"25\" height=\"25\" src=\"https:\/\/i0.wp.com\/francaclassificados.com\/\/source\/view\/img\/18w50.png?resize=25%2C25&#038;ssl=1\" alt=\"Imagem compartilhar facebook\"\/><\/p>\n<\/p><\/div>\n<div class=\"emp\">\n<p>\n            Auxiliar de Cozinha e Atendente<br \/>Contrata-se Auxiliar de Cozinha, Atendente, Chefe de Cozinha e Chapeiro para o per\u00edodo noturno. Procuramos pessoas dedicadas para realizar certa tarefa, e com disponibilidade de hor\u00e1rio. (Sal\u00e1rio base da Categoria + Vale Transporte + Vale Alimenta\u00e7\u00e3o + Adicional noturno) mais benef\u00edcios extras. Enviar curr\u00edculo somente as pessoas que realmente queira trabalhar! Curr\u00edculos para : rhgranroque@hotmail.com\n            <\/p>\n<p><strong>Compartilhe:<\/strong><\/p>\n<p>                <img data-recalc-dims=\"1\" loading=\"lazy\" decoding=\"async\" width=\"25\" height=\"25\" src=\"https:\/\/i0.wp.com\/francaclassificados.com\/\/source\/view\/img\/20w50.png?resize=25%2C25&#038;ssl=1\" alt=\"Imagem compartilhar whatsapp\"\/><\/p>\n<p>                <img data-recalc-dims=\"1\" loading=\"lazy\" decoding=\"async\" width=\"25\" height=\"25\" src=\"https:\/\/i0.wp.com\/francaclassificados.com\/\/source\/view\/img\/18w50.png?resize=25%2C25&#038;ssl=1\" alt=\"Imagem compartilhar facebook\"\/><\/p>\n<\/p><\/div>\n<p>    <script async=\"\" src=\"https:\/\/pagead2.googlesyndication.com\/pagead\/js\/adsbygoogle.js?client=ca-pub-2853392113352629\" crossorigin=\"anonymous\"\/>\n    <ins class=\"adsbygoogle\" style=\"display:block\" data-ad-client=\"ca-pub-2853392113352629\" data-ad-slot=\"2925831803\" data-ad-format=\"auto\" data-full-width-responsive=\"true\"\/>\n    <script><![CDATA[(adsbygoogle = window.adsbygoogle || []).push({});]]><\/script><\/p>\n<div class=\"emp\">\n<p>\n            ATENDENTE DE VENDAS<br \/>Requisitos: Apartir de 25 anos; Experi\u00eancia com vendas ou atendimento comercial; Boa comunica\u00e7\u00e3o verbal e escrita Organiza\u00e7\u00e3o e agilidade Oferecemos: Sal\u00e1rio compat\u00edvel Treinamento completo Oportunidade de crescimento Interessados devem enviar curr\u00edculo para maisvagatelecom@gmail.com, com o assunto da vaga no e-mail.\n            <\/p>\n<p><strong>Compartilhe:<\/strong><\/p>\n<p>                <img data-recalc-dims=\"1\" loading=\"lazy\" decoding=\"async\" width=\"25\" height=\"25\" src=\"https:\/\/i0.wp.com\/francaclassificados.com\/\/source\/view\/img\/20w50.png?resize=25%2C25&#038;ssl=1\" alt=\"Imagem compartilhar whatsapp\"\/><\/p>\n<p>                <img data-recalc-dims=\"1\" loading=\"lazy\" decoding=\"async\" width=\"25\" height=\"25\" src=\"https:\/\/i0.wp.com\/francaclassificados.com\/\/source\/view\/img\/18w50.png?resize=25%2C25&#038;ssl=1\" alt=\"Imagem compartilhar facebook\"\/><\/p>\n<\/p><\/div>\n<div class=\"emp\">\n<p>\n            Contrata: banca de pesponto, conferideira, enfuma\u00e7ador, prancheador, e pespontador. necessario experiencia e agilidade seg a sexta das 06:45 as 16:33. Interessados enviar curr\u00edculo 16 99353-3233 (somente no whatsapp).\n            <\/p>\n<p><strong>Compartilhe:<\/strong><\/p>\n<p>                <img data-recalc-dims=\"1\" loading=\"lazy\" decoding=\"async\" width=\"25\" height=\"25\" src=\"https:\/\/i0.wp.com\/francaclassificados.com\/\/source\/view\/img\/20w50.png?resize=25%2C25&#038;ssl=1\" alt=\"Imagem compartilhar whatsapp\"\/><\/p>\n<p>                <img data-recalc-dims=\"1\" loading=\"lazy\" decoding=\"async\" width=\"25\" height=\"25\" src=\"https:\/\/i0.wp.com\/francaclassificados.com\/\/source\/view\/img\/18w50.png?resize=25%2C25&#038;ssl=1\" alt=\"Imagem compartilhar facebook\"\/><\/p>\n<\/p><\/div>\n<p>    <script async=\"\" src=\"https:\/\/pagead2.googlesyndication.com\/pagead\/js\/adsbygoogle.js?client=ca-pub-2853392113352629\" crossorigin=\"anonymous\"\/>\n    <ins class=\"adsbygoogle\" style=\"display:block\" data-ad-client=\"ca-pub-2853392113352629\" data-ad-slot=\"2925831803\" data-ad-format=\"auto\" data-full-width-responsive=\"true\"\/>\n    <script><![CDATA[(adsbygoogle = window.adsbygoogle || []).push({});]]><\/script><\/p>\n<div class=\"emp\">\n<p>\n            AUXILIAR DE PRODU\u00c7\u00c3O<br \/>Alimenta\u00e7\u00e3o Ind\u00fastria de alimentos admite-se para in\u00edcio imediato AUXILIAR DE PRODU\u00c7\u00c3O, com ou sem experi\u00eancia. Segunda a sexta da 08:00 as 17:00 e s\u00e1bado da 08:00 as 15:00, Salario de R$1.650,00 + benef\u00edcios, Interessados encaminhar Curriculum para o e-mail: dp.contratacao.vagas@hotmail.com, COM O TITULO DA VAGA PRETENDIDA.\n            <\/p>\n<p><strong>Compartilhe:<\/strong><\/p>\n<p>                <img data-recalc-dims=\"1\" loading=\"lazy\" decoding=\"async\" width=\"25\" height=\"25\" src=\"https:\/\/i0.wp.com\/francaclassificados.com\/\/source\/view\/img\/20w50.png?resize=25%2C25&#038;ssl=1\" alt=\"Imagem compartilhar whatsapp\"\/><\/p>\n<p>                <img data-recalc-dims=\"1\" loading=\"lazy\" decoding=\"async\" width=\"25\" height=\"25\" src=\"https:\/\/i0.wp.com\/francaclassificados.com\/\/source\/view\/img\/18w50.png?resize=25%2C25&#038;ssl=1\" alt=\"Imagem compartilhar facebook\"\/><\/p>\n<\/p><\/div>\n<div class=\"emp\">\n<p>\n            AUXILIAR DE LIMPEZA<br \/>Hor\u00e1rio: (11:40 as 20:00) de segunda a s\u00e1bado. Oferecemos: Sal\u00e1rio acima do mercado, Lanche no Local, Vale Refei\u00e7\u00e3o e um ambiente acolhedor.Interessadas, por favor, enviem curr\u00edculo para rhpadariafranca@gmail.com\n            <\/p>\n<p><strong>Compartilhe:<\/strong><\/p>\n<p>                <img data-recalc-dims=\"1\" loading=\"lazy\" decoding=\"async\" width=\"25\" height=\"25\" src=\"https:\/\/i0.wp.com\/francaclassificados.com\/\/source\/view\/img\/20w50.png?resize=25%2C25&#038;ssl=1\" alt=\"Imagem compartilhar whatsapp\"\/><\/p>\n<p>                <img data-recalc-dims=\"1\" loading=\"lazy\" decoding=\"async\" width=\"25\" height=\"25\" src=\"https:\/\/i0.wp.com\/francaclassificados.com\/\/source\/view\/img\/18w50.png?resize=25%2C25&#038;ssl=1\" alt=\"Imagem compartilhar facebook\"\/><\/p>\n<\/p><\/div>\n<p>    <script async=\"\" src=\"https:\/\/pagead2.googlesyndication.com\/pagead\/js\/adsbygoogle.js?client=ca-pub-2853392113352629\" crossorigin=\"anonymous\"\/>\n    <ins class=\"adsbygoogle\" style=\"display:block\" data-ad-client=\"ca-pub-2853392113352629\" data-ad-slot=\"2925831803\" data-ad-format=\"auto\" data-full-width-responsive=\"true\"\/>\n    <script><![CDATA[(adsbygoogle = window.adsbygoogle || []).push({});]]><\/script><\/p>\n<div class=\"emp\">\n<p>\n            OPERADOR(A) DE CAIXA PARA SUPERMERCADO<br \/>Supermercado contrata Operador(a) de Caixa para os seguintes bairos: - Aeroporto 1 - Leporace - Progresso Venha fazer parte da nossa equipe! Requisitos: Maior de 18 anos; Com ou sem experi\u00eancia; Vontade de crescer e aprender Benef\u00edcios: Assist\u00eancia m\u00e9dica e odontol\u00f3gica; Benef\u00edcio por assiduidade; Seguro de vida; Vale-transporte; Conv\u00eanio odontol\u00f3gico; Credencial Sesc; Parceria Faculdade Envie seu curr\u00edculo para: recrutamento_processos@hotmail.com.br\n            <\/p>\n<p><strong>Compartilhe:<\/strong><\/p>\n<p>                <img data-recalc-dims=\"1\" loading=\"lazy\" decoding=\"async\" width=\"25\" height=\"25\" src=\"https:\/\/i0.wp.com\/francaclassificados.com\/\/source\/view\/img\/20w50.png?resize=25%2C25&#038;ssl=1\" alt=\"Imagem compartilhar whatsapp\"\/><\/p>\n<p>                <img data-recalc-dims=\"1\" loading=\"lazy\" decoding=\"async\" width=\"25\" height=\"25\" src=\"https:\/\/i0.wp.com\/francaclassificados.com\/\/source\/view\/img\/18w50.png?resize=25%2C25&#038;ssl=1\" alt=\"Imagem compartilhar facebook\"\/><\/p>\n<\/p><\/div>\n<div class=\"emp\">\n<p>\n            Contrata-se Auxiliar de Estoque de Cal\u00e7ados \/ Auxiliar de Embalagem em Ecommerce \/ Fachetadeira de sola e Salto \/ Coladeira de pe\u00e7as. Interessados enviar curr\u00edculo com o nome do cargo desejado para o e-mail pedidos.flordapele@gmail.com- WhatsApp 16-99230-2561 ou trazer na Avenida Jos\u00e9 Rodrigues da Costa Sobrinho 2081 JD Petraglia.\n            <\/p>\n<p><strong>Compartilhe:<\/strong><\/p>\n<p>                <img data-recalc-dims=\"1\" loading=\"lazy\" decoding=\"async\" width=\"25\" height=\"25\" src=\"https:\/\/i0.wp.com\/francaclassificados.com\/\/source\/view\/img\/20w50.png?resize=25%2C25&#038;ssl=1\" alt=\"Imagem compartilhar whatsapp\"\/><\/p>\n<p>                <img data-recalc-dims=\"1\" loading=\"lazy\" decoding=\"async\" width=\"25\" height=\"25\" src=\"https:\/\/i0.wp.com\/francaclassificados.com\/\/source\/view\/img\/18w50.png?resize=25%2C25&#038;ssl=1\" alt=\"Imagem compartilhar facebook\"\/><\/p>\n<\/p><\/div>\n<p>    <script async=\"\" src=\"https:\/\/pagead2.googlesyndication.com\/pagead\/js\/adsbygoogle.js?client=ca-pub-2853392113352629\" crossorigin=\"anonymous\"\/>\n    <ins class=\"adsbygoogle\" style=\"display:block\" data-ad-client=\"ca-pub-2853392113352629\" data-ad-slot=\"2925831803\" data-ad-format=\"auto\" data-full-width-responsive=\"true\"\/>\n    <script><![CDATA[(adsbygoogle = window.adsbygoogle || []).push({});]]><\/script><\/p>\n<div class=\"emp\">\n<p>\n            Cuidadora de idosos em Casa De Repouso<br \/>Vaga: Cuidadora de Idosos Estamos buscando uma cuidadora de idosos respons\u00e1vel, atenciosa e emp\u00e1tica para atuar em escala 12x36. O profissional ser\u00e1 respons\u00e1vel por auxiliar nas atividades di\u00e1rias, como higiene pessoal, alimenta\u00e7\u00e3o, ajudar na administra\u00e7\u00e3o de medicamentos, oferecer companhia e apoio emocional. Disponibilidade para trabalhar em escala 12x36\/ BENEF\u00cdCIOS: Vale-transporte, Vale- alimenta\u00e7\u00e3o, Bonifica\u00e7\u00e3o Envie seu curr\u00edculo para o telefone 16 99613-4366\n            <\/p>\n<p><strong>Compartilhe:<\/strong><\/p>\n<p>                <img data-recalc-dims=\"1\" loading=\"lazy\" decoding=\"async\" width=\"25\" height=\"25\" src=\"https:\/\/i0.wp.com\/francaclassificados.com\/\/source\/view\/img\/20w50.png?resize=25%2C25&#038;ssl=1\" alt=\"Imagem compartilhar whatsapp\"\/><\/p>\n<p>                <img data-recalc-dims=\"1\" loading=\"lazy\" decoding=\"async\" width=\"25\" height=\"25\" src=\"https:\/\/i0.wp.com\/francaclassificados.com\/\/source\/view\/img\/18w50.png?resize=25%2C25&#038;ssl=1\" alt=\"Imagem compartilhar facebook\"\/><\/p>\n<\/p><\/div>\n<div class=\"emp\">\n<p>\n            AUXILIAR DE COBRAN\u00c7A com experi\u00eancia<br \/>Empresa de grande porte do ramo cal\u00e7adista contrata AUXILIAR\/ASSISTENTE DE COBRAN\u00c7A (Departamento Financeiro). Interessados enviar curr\u00edculo via whatsapp para (16)99964-4398.\n            <\/p>\n<p><strong>Compartilhe:<\/strong><\/p>\n<p>                <img data-recalc-dims=\"1\" loading=\"lazy\" decoding=\"async\" width=\"25\" height=\"25\" src=\"https:\/\/i0.wp.com\/francaclassificados.com\/\/source\/view\/img\/20w50.png?resize=25%2C25&#038;ssl=1\" alt=\"Imagem compartilhar whatsapp\"\/><\/p>\n<p>                <img data-recalc-dims=\"1\" loading=\"lazy\" decoding=\"async\" width=\"25\" height=\"25\" src=\"https:\/\/i0.wp.com\/francaclassificados.com\/\/source\/view\/img\/18w50.png?resize=25%2C25&#038;ssl=1\" alt=\"Imagem compartilhar facebook\"\/><\/p>\n<\/p><\/div>\n<p>    <script async=\"\" src=\"https:\/\/pagead2.googlesyndication.com\/pagead\/js\/adsbygoogle.js?client=ca-pub-2853392113352629\" crossorigin=\"anonymous\"\/>\n    <ins class=\"adsbygoogle\" style=\"display:block\" data-ad-client=\"ca-pub-2853392113352629\" data-ad-slot=\"2925831803\" data-ad-format=\"auto\" data-full-width-responsive=\"true\"\/>\n    <script><![CDATA[(adsbygoogle = window.adsbygoogle || []).push({});]]><\/script><\/p>\n<div class=\"emp\">\n<p>\n            Auxiliar ecomerce<br \/>Contrata auxiliar em ecomerce, que saiba pegar pedidos e cadastrar produtos em todas as plataformas,emitir nfs, etiquetas, e embalar pedidos. Conhecimento sistema SOFTUP e canva para postagens di\u00e1rias e instagram, nas aproximidades planalto interessados enviar curriculum no whatts 16 991313020 aproximidades\n            <\/p>\n<p><strong>Compartilhe:<\/strong><\/p>\n<p>                <img data-recalc-dims=\"1\" loading=\"lazy\" decoding=\"async\" width=\"25\" height=\"25\" src=\"https:\/\/i0.wp.com\/francaclassificados.com\/\/source\/view\/img\/20w50.png?resize=25%2C25&#038;ssl=1\" alt=\"Imagem compartilhar whatsapp\"\/><\/p>\n<p>                <img data-recalc-dims=\"1\" loading=\"lazy\" decoding=\"async\" width=\"25\" height=\"25\" src=\"https:\/\/i0.wp.com\/francaclassificados.com\/\/source\/view\/img\/18w50.png?resize=25%2C25&#038;ssl=1\" alt=\"Imagem compartilhar facebook\"\/><\/p>\n<\/p><\/div>\n<div class=\"emp\">\n<p>\n            AJUDANTE DE ARMAZ\u00c9M NOTURNO<br \/>Admite-se AJUDANTE DE ARMAZ\u00c9M para trabalho NOTURNO, as atribui\u00e7\u00f5es do cargo s\u00e3o: Efetuar a separa\u00e7\u00e3o cuidadosa dos produtos no armaz\u00e9m da Revenda; Promover a montagem das cargas e a organiza\u00e7\u00e3o do estoque; Interessados podem encaminhar o curr\u00edculo para o WhatsApp: 16-99195-7140 ou e-mail recrutamento@rizatti.com.b\n            <\/p>\n<p><strong>Compartilhe:<\/strong><\/p>\n<p>                <img data-recalc-dims=\"1\" loading=\"lazy\" decoding=\"async\" width=\"25\" height=\"25\" src=\"https:\/\/i0.wp.com\/francaclassificados.com\/\/source\/view\/img\/20w50.png?resize=25%2C25&#038;ssl=1\" alt=\"Imagem compartilhar whatsapp\"\/><\/p>\n<p>                <img data-recalc-dims=\"1\" loading=\"lazy\" decoding=\"async\" width=\"25\" height=\"25\" src=\"https:\/\/i0.wp.com\/francaclassificados.com\/\/source\/view\/img\/18w50.png?resize=25%2C25&#038;ssl=1\" alt=\"Imagem compartilhar facebook\"\/><\/p>\n<\/p><\/div>\n<p>    <script async=\"\" src=\"https:\/\/pagead2.googlesyndication.com\/pagead\/js\/adsbygoogle.js?client=ca-pub-2853392113352629\" crossorigin=\"anonymous\"\/>\n    <ins class=\"adsbygoogle\" style=\"display:block\" data-ad-client=\"ca-pub-2853392113352629\" data-ad-slot=\"2925831803\" data-ad-format=\"auto\" data-full-width-responsive=\"true\"\/>\n    <script><![CDATA[(adsbygoogle = window.adsbygoogle || []).push({});]]><\/script><\/p>\n<div class=\"emp\">\n<p>\n            AUXILIAR DE EXPEDI\u00c7\u00c3O<br \/>Buscamos um Auxiliar de Expedi\u00e7\u00e3o dedicado e proativo para se juntar \u00e0 nossa equipe e contribuir para a efici\u00eancia das opera\u00e7\u00f5es log\u00edsticas. Confer\u00eancia e embalagem pedidos para envio aos clientes; Controle de sa\u00edda de produtos; Carregamento e descarregamento de ve\u00edculos com destino aos clientes; Apoio no invent\u00e1rio e controle de qualidade dos produtos expedidos; vaga para homens - enviar curr\u00edculo com foto para rh@revivalpacking.com.br\n            <\/p>\n<p><strong>Compartilhe:<\/strong><\/p>\n<p>                <img data-recalc-dims=\"1\" loading=\"lazy\" decoding=\"async\" width=\"25\" height=\"25\" src=\"https:\/\/i0.wp.com\/francaclassificados.com\/\/source\/view\/img\/20w50.png?resize=25%2C25&#038;ssl=1\" alt=\"Imagem compartilhar whatsapp\"\/><\/p>\n<p>                <img data-recalc-dims=\"1\" loading=\"lazy\" decoding=\"async\" width=\"25\" height=\"25\" src=\"https:\/\/i0.wp.com\/francaclassificados.com\/\/source\/view\/img\/18w50.png?resize=25%2C25&#038;ssl=1\" alt=\"Imagem compartilhar facebook\"\/><\/p>\n<\/p><\/div>\n<div class=\"emp\">\n<p>\n            AJUDANTE DE PADEIRO E AUX DE PRODU\u00c7\u00c3O<br \/>Padaria Massa Pura contrata AJUDANTE DE PADEIRO, das 22h00 \u00e0s 06h00 e AUXILIAR DE PRODU\u00c7\u00c3O COM CNH das 13h00 \u00e0s 22h00. Escala 6X1. Sal\u00e1rio ser\u00e1 informado na entrevista. Interessados(as) ENVIAR CURR\u00cdCULO no E-MAIL massapura@padariamassapura.com.br ou no Whatsapp (16) 993231318 ou deixar pessoalmente no endere\u00e7o da loja: Avenida Presidente Vargas, 1416 - Cidade Nova. Ao enviar o curr\u00edculo, informar qual \u00e9 a vaga que deseja.\n            <\/p>\n<p><strong>Compartilhe:<\/strong><\/p>\n<p>                <img data-recalc-dims=\"1\" loading=\"lazy\" decoding=\"async\" width=\"25\" height=\"25\" src=\"https:\/\/i0.wp.com\/francaclassificados.com\/\/source\/view\/img\/20w50.png?resize=25%2C25&#038;ssl=1\" alt=\"Imagem compartilhar whatsapp\"\/><\/p>\n<p>                <img data-recalc-dims=\"1\" loading=\"lazy\" decoding=\"async\" width=\"25\" height=\"25\" src=\"https:\/\/i0.wp.com\/francaclassificados.com\/\/source\/view\/img\/18w50.png?resize=25%2C25&#038;ssl=1\" alt=\"Imagem compartilhar facebook\"\/><\/p>\n<\/p><\/div>\n<p>    <script async=\"\" src=\"https:\/\/pagead2.googlesyndication.com\/pagead\/js\/adsbygoogle.js?client=ca-pub-2853392113352629\" crossorigin=\"anonymous\"\/>\n    <ins class=\"adsbygoogle\" style=\"display:block\" data-ad-client=\"ca-pub-2853392113352629\" data-ad-slot=\"2925831803\" data-ad-format=\"auto\" data-full-width-responsive=\"true\"\/>\n    <script><![CDATA[(adsbygoogle = window.adsbygoogle || []).push({});]]><\/script><\/p>\n<div class=\"emp\">\n<p>\n            Prancheador<br \/>Contrata-se: PRANCHEADOR QUE SAIBA ARRANHAR E APONTAR SOLA. Interessados comparecer a Rua: Vitalino Pereira dos Santos, 860 - Residencial Nova Franca ou mandar curriculum para 98163-0020.\n            <\/p>\n<p><strong>Compartilhe:<\/strong><\/p>\n<p>                <img data-recalc-dims=\"1\" loading=\"lazy\" decoding=\"async\" width=\"25\" height=\"25\" src=\"https:\/\/i0.wp.com\/francaclassificados.com\/\/source\/view\/img\/20w50.png?resize=25%2C25&#038;ssl=1\" alt=\"Imagem compartilhar whatsapp\"\/><\/p>\n<p>                <img data-recalc-dims=\"1\" loading=\"lazy\" decoding=\"async\" width=\"25\" height=\"25\" src=\"https:\/\/i0.wp.com\/francaclassificados.com\/\/source\/view\/img\/18w50.png?resize=25%2C25&#038;ssl=1\" alt=\"Imagem compartilhar facebook\"\/><\/p>\n<\/p><\/div>\n<div class=\"emp\">\n<p>\n            Auxiliar de Cozinha<br \/>Contrata Auxiliar de Cozinha. Trabalho de ter\u00e7a a domingo, folgas \u00e0s segundas e no \u00faltimo domingo do m\u00eas. Sal\u00e1rio: R$ 1.900,00 + adicional noturno. Benef\u00edcios: VA R$ 320,00, VM R$ 250,00, plano odontol\u00f3gico, seguro de vida e telemedicina. Local: Av. Francisco de Paula Quintanilha Ribeiro, 395 \u2013 Parque Francal. Envie curr\u00edculo para (16) 99257-7889.\n            <\/p>\n<p><strong>Compartilhe:<\/strong><\/p>\n<p>                <img data-recalc-dims=\"1\" loading=\"lazy\" decoding=\"async\" width=\"25\" height=\"25\" src=\"https:\/\/i0.wp.com\/francaclassificados.com\/\/source\/view\/img\/20w50.png?resize=25%2C25&#038;ssl=1\" alt=\"Imagem compartilhar whatsapp\"\/><\/p>\n<p>                <img data-recalc-dims=\"1\" loading=\"lazy\" decoding=\"async\" width=\"25\" height=\"25\" src=\"https:\/\/i0.wp.com\/francaclassificados.com\/\/source\/view\/img\/18w50.png?resize=25%2C25&#038;ssl=1\" alt=\"Imagem compartilhar facebook\"\/><\/p>\n<\/p><\/div>\n<p>    <script async=\"\" src=\"https:\/\/pagead2.googlesyndication.com\/pagead\/js\/adsbygoogle.js?client=ca-pub-2853392113352629\" crossorigin=\"anonymous\"\/>\n    <ins class=\"adsbygoogle\" style=\"display:block\" data-ad-client=\"ca-pub-2853392113352629\" data-ad-slot=\"2925831803\" data-ad-format=\"auto\" data-full-width-responsive=\"true\"\/>\n    <script><![CDATA[(adsbygoogle = window.adsbygoogle || []).push({});]]><\/script><\/p>\n<div class=\"emp\">\n<p>\n            Empresa do ramo automotivo localizada em Franca\u2013SP, contrata: AUXILIAR DE PRODU\u00c7\u00c3O, PESPONTADOR, , BORDADOR, OPERADOR DE MAQUINA DE CORTE, AUXILIAR DE DEPARTAMENTO PESSOAL, CORTADOR MANUAL. Os interessados devem enviar o curr\u00edculo para o e-mail trabalheconosco@couroearte.com.br com o nome da vaga ou trazer pessoalmente no endere\u00e7o: Avenida Alagoas 821 - jardim Paulista.\n            <\/p>\n<p><strong>Compartilhe:<\/strong><\/p>\n<p>                <img data-recalc-dims=\"1\" loading=\"lazy\" decoding=\"async\" width=\"25\" height=\"25\" src=\"https:\/\/i0.wp.com\/francaclassificados.com\/\/source\/view\/img\/20w50.png?resize=25%2C25&#038;ssl=1\" alt=\"Imagem compartilhar whatsapp\"\/><\/p>\n<p>                <img data-recalc-dims=\"1\" loading=\"lazy\" decoding=\"async\" width=\"25\" height=\"25\" src=\"https:\/\/i0.wp.com\/francaclassificados.com\/\/source\/view\/img\/18w50.png?resize=25%2C25&#038;ssl=1\" alt=\"Imagem compartilhar facebook\"\/><\/p>\n<\/p><\/div>\n<div class=\"emp\">\n<p>\n            PIZZAIOLO<br \/>Vaga de emprego para pizzaiolo. Trabalho de ter\u00e7a a domingo das 16:30 \u00e1s 23:30. Necessario ter experiencia com cozinha. Sal\u00e1rio R$2.200,00 + 300,00 de bonifica\u00e7\u00e3o, sem descontos na carteira de trabalho. Emprego para registro CLT. (Preferencia para homens acima de 30 anos).<br \/>\n            <br \/>pizzaholicbr@gmail.com\n            <\/p>\n<p><strong>Compartilhe:<\/strong><\/p>\n<p>                <img data-recalc-dims=\"1\" loading=\"lazy\" decoding=\"async\" width=\"25\" height=\"25\" src=\"https:\/\/i0.wp.com\/francaclassificados.com\/\/source\/view\/img\/20w50.png?resize=25%2C25&#038;ssl=1\" alt=\"Imagem compartilhar whatsapp\"\/><\/p>\n<p>                <img data-recalc-dims=\"1\" loading=\"lazy\" decoding=\"async\" width=\"25\" height=\"25\" src=\"https:\/\/i0.wp.com\/francaclassificados.com\/\/source\/view\/img\/18w50.png?resize=25%2C25&#038;ssl=1\" alt=\"Imagem compartilhar facebook\"\/><\/p>\n<\/p><\/div>\n<p>    <script async=\"\" src=\"https:\/\/pagead2.googlesyndication.com\/pagead\/js\/adsbygoogle.js?client=ca-pub-2853392113352629\" crossorigin=\"anonymous\"\/>\n    <ins class=\"adsbygoogle\" style=\"display:block\" data-ad-client=\"ca-pub-2853392113352629\" data-ad-slot=\"2925831803\" data-ad-format=\"auto\" data-full-width-responsive=\"true\"\/>\n    <script><![CDATA[(adsbygoogle = window.adsbygoogle || []).push({});]]><\/script><\/p>\n<div class=\"emp\">\n<p>\n            Auxiliar Administrativo \/ Faturamento<br \/>Contrata-se Auxiliar Administrativo com experi\u00eancia em faturamento (diferencial tenha CNH). Empresa situada no Distrito Industrial.Enviar curriculos : 16 98862 0062 ou rhlinefitness@gmail.com\n            <\/p>\n<p><strong>Compartilhe:<\/strong><\/p>\n<p>                <img data-recalc-dims=\"1\" loading=\"lazy\" decoding=\"async\" width=\"25\" height=\"25\" src=\"https:\/\/i0.wp.com\/francaclassificados.com\/\/source\/view\/img\/20w50.png?resize=25%2C25&#038;ssl=1\" alt=\"Imagem compartilhar whatsapp\"\/><\/p>\n<p>                <img data-recalc-dims=\"1\" loading=\"lazy\" decoding=\"async\" width=\"25\" height=\"25\" src=\"https:\/\/i0.wp.com\/francaclassificados.com\/\/source\/view\/img\/18w50.png?resize=25%2C25&#038;ssl=1\" alt=\"Imagem compartilhar facebook\"\/><\/p>\n<\/p><\/div>\n<div class=\"emp\">\n<p>\n            DEPARTAMENTO FISCAL<br \/>Escrit\u00f3rio Contrata para o Depto Fiscal em Franca \u2013 SP com conhecimento das rotinas do setor (Escritura\u00e7\u00e3o de NFs, apura\u00e7\u00e3o de impostos de empresas do Lucro Real, Lucro Presumido e Simples Nacional, envio de obriga\u00e7\u00f5es acess\u00f3rias \u2013 EFD ICMS-IPI, EFD Contribui\u00e7\u00f5es, EFD-Reinf, DCTF-Web, Gia, DeSTDA, GissOnline \u2013 e atendimento a clientes). Experi\u00eancia em escrit\u00f3rio cont\u00e1bil ser\u00e1 um diferencial. Sal\u00e1rio + Vale Alimenta\u00e7\u00e3o. Interessados enviar curr\u00edculo para o e-mail: contabilescritorio.dp@gmail.com\n            <\/p>\n<p><strong>Compartilhe:<\/strong><\/p>\n<p>                <img data-recalc-dims=\"1\" loading=\"lazy\" decoding=\"async\" width=\"25\" height=\"25\" src=\"https:\/\/i0.wp.com\/francaclassificados.com\/\/source\/view\/img\/20w50.png?resize=25%2C25&#038;ssl=1\" alt=\"Imagem compartilhar whatsapp\"\/><\/p>\n<p>                <img data-recalc-dims=\"1\" loading=\"lazy\" decoding=\"async\" width=\"25\" height=\"25\" src=\"https:\/\/i0.wp.com\/francaclassificados.com\/\/source\/view\/img\/18w50.png?resize=25%2C25&#038;ssl=1\" alt=\"Imagem compartilhar facebook\"\/><\/p>\n<\/p><\/div>\n<p>    <script async=\"\" src=\"https:\/\/pagead2.googlesyndication.com\/pagead\/js\/adsbygoogle.js?client=ca-pub-2853392113352629\" crossorigin=\"anonymous\"\/>\n    <ins class=\"adsbygoogle\" style=\"display:block\" data-ad-client=\"ca-pub-2853392113352629\" data-ad-slot=\"2925831803\" data-ad-format=\"auto\" data-full-width-responsive=\"true\"\/>\n    <script><![CDATA[(adsbygoogle = window.adsbygoogle || []).push({});]]><\/script><\/p>\n<div class=\"emp\">\n<p>\n            Auxiliar de Cozinha<br \/>Procuro Auxiliar de Confeitaria. Procuro uma pessoa que saiba trabalhar em equipe, proativa, seja organizada, facilidade em comunica\u00e7\u00e3o e tenha disponibilidade para trabalhar aos s\u00e1bados. Hor\u00e1rio da vaga: 9:25 \u00e0s 18:15, uma hora e meia de almo\u00e7o. Sal\u00e1rio: R$ 1.900,00. Ter experi\u00eancia ser\u00e1 um diferencial. Levar curriculum pessoalmente, das 11h \u00e1s 17h, de segunda a sexta. Rua Minas Gerais, 2205, Vila Aparecida.\n            <\/p>\n<p><strong>Compartilhe:<\/strong><\/p>\n<p>                <img data-recalc-dims=\"1\" loading=\"lazy\" decoding=\"async\" width=\"25\" height=\"25\" src=\"https:\/\/i0.wp.com\/francaclassificados.com\/\/source\/view\/img\/20w50.png?resize=25%2C25&#038;ssl=1\" alt=\"Imagem compartilhar whatsapp\"\/><\/p>\n<p>                <img data-recalc-dims=\"1\" loading=\"lazy\" decoding=\"async\" width=\"25\" height=\"25\" src=\"https:\/\/i0.wp.com\/francaclassificados.com\/\/source\/view\/img\/18w50.png?resize=25%2C25&#038;ssl=1\" alt=\"Imagem compartilhar facebook\"\/><\/p>\n<\/p><\/div>\n<div class=\"emp\">\n<p>\n            ACABADOR \/PLANCHEADOR<br \/>PRECISA DE ACABADOR\/PLANCHEADOR PARA AREA DE CALCADOS QUE SAIBA RISCAR,FAZER GABINE REBAIXAR COMPARECER NO ENDERE\u00c7O RUA SANTA CATARINA 1945 JD BETHANIA HORARIO COMERCIAL OU POR EMAIL COMPRAS.VNTBOOTS@GMAIL.COM OU NO TEL\/ZAP 16 99436-3048\n            <\/p>\n<p><strong>Compartilhe:<\/strong><\/p>\n<p>                <img data-recalc-dims=\"1\" loading=\"lazy\" decoding=\"async\" width=\"25\" height=\"25\" src=\"https:\/\/i0.wp.com\/francaclassificados.com\/\/source\/view\/img\/20w50.png?resize=25%2C25&#038;ssl=1\" alt=\"Imagem compartilhar whatsapp\"\/><\/p>\n<p>                <img data-recalc-dims=\"1\" loading=\"lazy\" decoding=\"async\" width=\"25\" height=\"25\" src=\"https:\/\/i0.wp.com\/francaclassificados.com\/\/source\/view\/img\/18w50.png?resize=25%2C25&#038;ssl=1\" alt=\"Imagem compartilhar facebook\"\/><\/p>\n<\/p><\/div>\n<p>    <script async=\"\" src=\"https:\/\/pagead2.googlesyndication.com\/pagead\/js\/adsbygoogle.js?client=ca-pub-2853392113352629\" crossorigin=\"anonymous\"\/>\n    <ins class=\"adsbygoogle\" style=\"display:block\" data-ad-client=\"ca-pub-2853392113352629\" data-ad-slot=\"2925831803\" data-ad-format=\"auto\" data-full-width-responsive=\"true\"\/>\n    <script><![CDATA[(adsbygoogle = window.adsbygoogle || []).push({});]]><\/script><\/p>\n<div class=\"emp\">\n<p>\n            Representante Comercial<br \/>Buscamos representante comercial com experi\u00eancia e\/ou conhecimento no segmento de solados EVA e palmilhas, para atuar na venda de produtos de alta qualidade. O profissional ser\u00e1 respons\u00e1vel por prospectar e desenvolver novos clientes, al\u00e9m de manter o relacionamento com os atuais. Experi\u00eancia pr\u00e9via na \u00e1rea de vendas ou representa\u00e7\u00e3o comercial de produtos EVA e componentes cal\u00e7ados. Comiss\u00e3o sobre vendas. Envie curr\u00edculo para: rhempregafranca@gmail.com\n            <\/p>\n<p><strong>Compartilhe:<\/strong><\/p>\n<p>                <img data-recalc-dims=\"1\" loading=\"lazy\" decoding=\"async\" width=\"25\" height=\"25\" src=\"https:\/\/i0.wp.com\/francaclassificados.com\/\/source\/view\/img\/20w50.png?resize=25%2C25&#038;ssl=1\" alt=\"Imagem compartilhar whatsapp\"\/><\/p>\n<p>                <img data-recalc-dims=\"1\" loading=\"lazy\" decoding=\"async\" width=\"25\" height=\"25\" src=\"https:\/\/i0.wp.com\/francaclassificados.com\/\/source\/view\/img\/18w50.png?resize=25%2C25&#038;ssl=1\" alt=\"Imagem compartilhar facebook\"\/><\/p>\n<\/p><\/div>\n<div class=\"emp\">\n<p>\n            Ajudante de motorista<br \/>Contrata-se ajudante de motorista de caminh\u00e3o. Carga pesada. Vaga fixa. Levar curr\u00edculo na rua paulo roberto cavalheiro Coelho, 2301.\n            <\/p>\n<p><strong>Compartilhe:<\/strong><\/p>\n<p>                <img data-recalc-dims=\"1\" loading=\"lazy\" decoding=\"async\" width=\"25\" height=\"25\" src=\"https:\/\/i0.wp.com\/francaclassificados.com\/\/source\/view\/img\/20w50.png?resize=25%2C25&#038;ssl=1\" alt=\"Imagem compartilhar whatsapp\"\/><\/p>\n<p>                <img data-recalc-dims=\"1\" loading=\"lazy\" decoding=\"async\" width=\"25\" height=\"25\" src=\"https:\/\/i0.wp.com\/francaclassificados.com\/\/source\/view\/img\/18w50.png?resize=25%2C25&#038;ssl=1\" alt=\"Imagem compartilhar facebook\"\/><\/p>\n<\/p><\/div>\n<p>    <script async=\"\" src=\"https:\/\/pagead2.googlesyndication.com\/pagead\/js\/adsbygoogle.js?client=ca-pub-2853392113352629\" crossorigin=\"anonymous\"\/>\n    <ins class=\"adsbygoogle\" style=\"display:block\" data-ad-client=\"ca-pub-2853392113352629\" data-ad-slot=\"2925831803\" data-ad-format=\"auto\" data-full-width-responsive=\"true\"\/>\n    <script><![CDATA[(adsbygoogle = window.adsbygoogle || []).push({});]]><\/script><\/p>\n<div class=\"emp\">\n<p>\n            Montador Manual<br \/>Estamos em busca de um profissional respons\u00e1vel e proativo para atuar como Montador Manual. - Necess\u00e1rio experi\u00eancia na \u00e1rea - Conhecimento em cal\u00e7ados femininos ser\u00e1 considerado um diferencial. - Empresa localizada no Jd. Paulistano. Enviar curr\u00edculo com o nome da vaga no t\u00edtulo para o e-mail: rh.selecaoemfranca@gmail.com\n            <\/p>\n<p><strong>Compartilhe:<\/strong><\/p>\n<p>                <img data-recalc-dims=\"1\" loading=\"lazy\" decoding=\"async\" width=\"25\" height=\"25\" src=\"https:\/\/i0.wp.com\/francaclassificados.com\/\/source\/view\/img\/20w50.png?resize=25%2C25&#038;ssl=1\" alt=\"Imagem compartilhar whatsapp\"\/><\/p>\n<p>                <img data-recalc-dims=\"1\" loading=\"lazy\" decoding=\"async\" width=\"25\" height=\"25\" src=\"https:\/\/i0.wp.com\/francaclassificados.com\/\/source\/view\/img\/18w50.png?resize=25%2C25&#038;ssl=1\" alt=\"Imagem compartilhar facebook\"\/><\/p>\n<\/p><\/div>\n<div class=\"emp\">\n<p>\n            Corretor de Im\u00f3veis com ou sem experi\u00eancia<br \/>\u2022 Em busca de pessoas motivadas, proativas, que tenham vontade de crescer na \u00e1rea comercial\/de neg\u00f3cios. Este profissional far\u00e1 a prospec\u00e7\u00e3o de clientes, atendimentos, capta\u00e7\u00f5es de novos im\u00f3veis e acompanha clientes em visitas, A empresa oferece todo treinamento necess\u00e1rio para os novos corretores. \u2022 Possuir o Ensino M\u00e9dio completo, ve\u00edculo e notebook pr\u00f3prios para utilizar no servi\u00e7o. VAGA 100% COMISSIONADA Falar com Renata (16) 99129-3447\n            <\/p>\n<p><strong>Compartilhe:<\/strong><\/p>\n<p>                <img data-recalc-dims=\"1\" loading=\"lazy\" decoding=\"async\" width=\"25\" height=\"25\" src=\"https:\/\/i0.wp.com\/francaclassificados.com\/\/source\/view\/img\/20w50.png?resize=25%2C25&#038;ssl=1\" alt=\"Imagem compartilhar whatsapp\"\/><\/p>\n<p>                <img data-recalc-dims=\"1\" loading=\"lazy\" decoding=\"async\" width=\"25\" height=\"25\" src=\"https:\/\/i0.wp.com\/francaclassificados.com\/\/source\/view\/img\/18w50.png?resize=25%2C25&#038;ssl=1\" alt=\"Imagem compartilhar facebook\"\/><\/p>\n<\/p><\/div>\n<p>    <script async=\"\" src=\"https:\/\/pagead2.googlesyndication.com\/pagead\/js\/adsbygoogle.js?client=ca-pub-2853392113352629\" crossorigin=\"anonymous\"\/>\n    <ins class=\"adsbygoogle\" style=\"display:block\" data-ad-client=\"ca-pub-2853392113352629\" data-ad-slot=\"2925831803\" data-ad-format=\"auto\" data-full-width-responsive=\"true\"\/>\n    <script><![CDATA[(adsbygoogle = window.adsbygoogle || []).push({});]]><\/script><\/p>\n<div class=\"emp\">\n<p>\n            OPERADOR DE M\u00c1QUINAS<br \/>Contrata operador de m\u00e1quinas para c\u00e9lulas de produ\u00e7\u00e3o. Necess\u00e1rio experi\u00eancia na \u00e1rea. Diferencial: cursos na \u00e1rea de metalmec\u00e2nica. Sal\u00e1rio fixo + benef\u00edcios. Interessados encaminhar curr\u00edculo para: recrutamento@rochfer.com.br\n            <\/p>\n<p><strong>Compartilhe:<\/strong><\/p>\n<p>                <img data-recalc-dims=\"1\" loading=\"lazy\" decoding=\"async\" width=\"25\" height=\"25\" src=\"https:\/\/i0.wp.com\/francaclassificados.com\/\/source\/view\/img\/20w50.png?resize=25%2C25&#038;ssl=1\" alt=\"Imagem compartilhar whatsapp\"\/><\/p>\n<p>                <img data-recalc-dims=\"1\" loading=\"lazy\" decoding=\"async\" width=\"25\" height=\"25\" src=\"https:\/\/i0.wp.com\/francaclassificados.com\/\/source\/view\/img\/18w50.png?resize=25%2C25&#038;ssl=1\" alt=\"Imagem compartilhar facebook\"\/><\/p>\n<\/p><\/div>\n<div class=\"emp\">\n<p>\n            PASSADEIRA COLA\/ EXPEDI\u00c7\u00c3O<br \/>ADMITE-SE Expedi\u00e7\u00e3o cal\u00e7ados\/passadeira de cola. Nos procurar na Avenida Lisete Coelho Louren\u00e7o,1580 ou pelo whatsapp (16) 3704-0545.\n            <\/p>\n<p><strong>Compartilhe:<\/strong><\/p>\n<p>                <img data-recalc-dims=\"1\" loading=\"lazy\" decoding=\"async\" width=\"25\" height=\"25\" src=\"https:\/\/i0.wp.com\/francaclassificados.com\/\/source\/view\/img\/20w50.png?resize=25%2C25&#038;ssl=1\" alt=\"Imagem compartilhar whatsapp\"\/><\/p>\n<p>                <img data-recalc-dims=\"1\" loading=\"lazy\" decoding=\"async\" width=\"25\" height=\"25\" src=\"https:\/\/i0.wp.com\/francaclassificados.com\/\/source\/view\/img\/18w50.png?resize=25%2C25&#038;ssl=1\" alt=\"Imagem compartilhar facebook\"\/><\/p>\n<\/p><\/div>\n<p>    <script async=\"\" src=\"https:\/\/pagead2.googlesyndication.com\/pagead\/js\/adsbygoogle.js?client=ca-pub-2853392113352629\" crossorigin=\"anonymous\"\/>\n    <ins class=\"adsbygoogle\" style=\"display:block\" data-ad-client=\"ca-pub-2853392113352629\" data-ad-slot=\"2925831803\" data-ad-format=\"auto\" data-full-width-responsive=\"true\"\/>\n    <script><![CDATA[(adsbygoogle = window.adsbygoogle || []).push({});]]><\/script><\/p>\n<div class=\"emp\">\n<p>\n            AUXILIAR DE PRODU\u00c7\u00c3O<br \/>Empresa em grande expans\u00e3o contrata: AUXILIAR DE TECELAGEM (12X36) \/ OPERADOR DE CALANDRA (13:00 AS 22:00) \/ AUXILIAR DE PRODU\u00c7\u00c3O \/ AUXILIAR DE CORTE TECIDO \/ OPERADOR DE IMPRESSORA SUBLIMA\u00c7\u00c3O \/ COSTUREIRO (A) PESPONTADOR OVERLOCK - Interessados enviar curr\u00edculo para: grupopedrosotextil@gmail.com COLOCAR O CARGO PRETENDIDO NO CAMPO ASSUNTO.\n            <\/p>\n<p><strong>Compartilhe:<\/strong><\/p>\n<p>                <img data-recalc-dims=\"1\" loading=\"lazy\" decoding=\"async\" width=\"25\" height=\"25\" src=\"https:\/\/i0.wp.com\/francaclassificados.com\/\/source\/view\/img\/20w50.png?resize=25%2C25&#038;ssl=1\" alt=\"Imagem compartilhar whatsapp\"\/><\/p>\n<p>                <img data-recalc-dims=\"1\" loading=\"lazy\" decoding=\"async\" width=\"25\" height=\"25\" src=\"https:\/\/i0.wp.com\/francaclassificados.com\/\/source\/view\/img\/18w50.png?resize=25%2C25&#038;ssl=1\" alt=\"Imagem compartilhar facebook\"\/><\/p>\n<\/p><\/div>\n<div class=\"emp\">\n<p>\n            ANALISTA DE VENDAS<br \/>ANALISTA DE VENDAS Contrata-se analista de vendas de planos de sa\u00fade, produto de f\u00e1cil comercializa\u00e7\u00e3o, para fazer prospec\u00e7\u00e3o, atendimento, apresenta\u00e7\u00e3o da empresa e produto, elabora\u00e7\u00e3o de proposta e fechamento de vendas. Necess\u00e1rio experi\u00eancia em vendas , \u00f3timo comissionamento, bonifica\u00e7\u00e3o e espa\u00e7o de trabalho. Interessados enviar curriculum para 16 99779 7762 com a palavra Consultor PJ\n            <\/p>\n<p><strong>Compartilhe:<\/strong><\/p>\n<p>                <img data-recalc-dims=\"1\" loading=\"lazy\" decoding=\"async\" width=\"25\" height=\"25\" src=\"https:\/\/i0.wp.com\/francaclassificados.com\/\/source\/view\/img\/20w50.png?resize=25%2C25&#038;ssl=1\" alt=\"Imagem compartilhar whatsapp\"\/><\/p>\n<p>                <img data-recalc-dims=\"1\" loading=\"lazy\" decoding=\"async\" width=\"25\" height=\"25\" src=\"https:\/\/i0.wp.com\/francaclassificados.com\/\/source\/view\/img\/18w50.png?resize=25%2C25&#038;ssl=1\" alt=\"Imagem compartilhar facebook\"\/><\/p>\n<\/p><\/div>\n<p>    <script async=\"\" src=\"https:\/\/pagead2.googlesyndication.com\/pagead\/js\/adsbygoogle.js?client=ca-pub-2853392113352629\" crossorigin=\"anonymous\"\/>\n    <ins class=\"adsbygoogle\" style=\"display:block\" data-ad-client=\"ca-pub-2853392113352629\" data-ad-slot=\"2925831803\" data-ad-format=\"auto\" data-full-width-responsive=\"true\"\/>\n    <script><![CDATA[(adsbygoogle = window.adsbygoogle || []).push({});]]><\/script><\/p>\n<div class=\"emp\">\n<p>\n            ASSISTENTE DE MARKETING<br \/>VAGA - ASSISTENTE DE MARKETING Pessoa com experi\u00eancia em administrar redes sociais, conhecimento em CANVA, META, PowerPoint. Que tenha boa comunica\u00e7\u00e3o, trabalho em equipe. Diferencial: Experi\u00eancia como Social Media. Interessados enviar curriculum para rhfreitas.selecao@gmail.com ou pelo Whatsapp 16 99442-0222.\n            <\/p>\n<p><strong>Compartilhe:<\/strong><\/p>\n<p>                <img data-recalc-dims=\"1\" loading=\"lazy\" decoding=\"async\" width=\"25\" height=\"25\" src=\"https:\/\/i0.wp.com\/francaclassificados.com\/\/source\/view\/img\/20w50.png?resize=25%2C25&#038;ssl=1\" alt=\"Imagem compartilhar whatsapp\"\/><\/p>\n<p>                <img data-recalc-dims=\"1\" loading=\"lazy\" decoding=\"async\" width=\"25\" height=\"25\" src=\"https:\/\/i0.wp.com\/francaclassificados.com\/\/source\/view\/img\/18w50.png?resize=25%2C25&#038;ssl=1\" alt=\"Imagem compartilhar facebook\"\/><\/p>\n<\/p><\/div>\n<div class=\"emp\">\n<p>\n            BANCA DE PESPONTO<br \/>ADMITE-SE BANCA DE PESPONTO COM QUALIDADE. INTERESSADOS ENVIAR CURR\u00cdCULO PARA: CALCADOSGTX@GMAIL.COM\n            <\/p>\n<p><strong>Compartilhe:<\/strong><\/p>\n<p>                <img data-recalc-dims=\"1\" loading=\"lazy\" decoding=\"async\" width=\"25\" height=\"25\" src=\"https:\/\/i0.wp.com\/francaclassificados.com\/\/source\/view\/img\/20w50.png?resize=25%2C25&#038;ssl=1\" alt=\"Imagem compartilhar whatsapp\"\/><\/p>\n<p>                <img data-recalc-dims=\"1\" loading=\"lazy\" decoding=\"async\" width=\"25\" height=\"25\" src=\"https:\/\/i0.wp.com\/francaclassificados.com\/\/source\/view\/img\/18w50.png?resize=25%2C25&#038;ssl=1\" alt=\"Imagem compartilhar facebook\"\/><\/p>\n<\/p><\/div>\n<p>    <script async=\"\" src=\"https:\/\/pagead2.googlesyndication.com\/pagead\/js\/adsbygoogle.js?client=ca-pub-2853392113352629\" crossorigin=\"anonymous\"\/>\n    <ins class=\"adsbygoogle\" style=\"display:block\" data-ad-client=\"ca-pub-2853392113352629\" data-ad-slot=\"2925831803\" data-ad-format=\"auto\" data-full-width-responsive=\"true\"\/>\n    <script><![CDATA[(adsbygoogle = window.adsbygoogle || []).push({});]]><\/script><\/p>\n<div class=\"emp\">\n<p>\n            COORDENADOR DE RH \/PSICOLOGA<br \/>Gradua\u00e7\u00e3o em Psicologia, com perfil proativo, foco em resultado, senso de urg\u00eancia, com experi\u00eancia comprovada em Gest\u00e3o Estrat\u00e9gica de Pessoas, solu\u00e7\u00e3o de conflitos, com foco motivacional e ser\u00e1 um diferencial a viv\u00eancia na \u00e1rea comercial, proativa e firme. Sexo: Feminino e Idade de 25 anos a 50 anos. Hor\u00e1rio de entrada Comercial, Efetivo. Sal\u00e1rio fixo + Benef\u00edcios\/premia\u00e7\u00e3o sobre resultados da equipe enviar curr\u00edculo: recrutafranca@outlook.com no assunto colocar \"PSICOLOGA\"\n            <\/p>\n<p><strong>Compartilhe:<\/strong><\/p>\n<p>                <img data-recalc-dims=\"1\" loading=\"lazy\" decoding=\"async\" width=\"25\" height=\"25\" src=\"https:\/\/i0.wp.com\/francaclassificados.com\/\/source\/view\/img\/20w50.png?resize=25%2C25&#038;ssl=1\" alt=\"Imagem compartilhar whatsapp\"\/><\/p>\n<p>                <img data-recalc-dims=\"1\" loading=\"lazy\" decoding=\"async\" width=\"25\" height=\"25\" src=\"https:\/\/i0.wp.com\/francaclassificados.com\/\/source\/view\/img\/18w50.png?resize=25%2C25&#038;ssl=1\" alt=\"Imagem compartilhar facebook\"\/><\/p>\n<\/p><\/div>\n<div class=\"emp\">\n<p>\n            ANALISTA DE DADOS<br \/>Distribuidora contrata-se profissional para atuar com an\u00e1lise, desenvolvimento e processos de Power BI e acompanhamento de implanta\u00e7\u00e3o de software e hardware e E-commerce. Essencial experi\u00eancia com tecnologias web, banco de dados e\/ou cloud. Perfil proativo, inovador. Sal\u00e1rio CLT R$2600,00 + Comiss\u00e3o por premia\u00e7\u00e3o + VR + Conv. Med. Enviar curriculo: danilo@originalbateria.com.br com a sigla SISTEMA.\n            <\/p>\n<p><strong>Compartilhe:<\/strong><\/p>\n<p>                <img data-recalc-dims=\"1\" loading=\"lazy\" decoding=\"async\" width=\"25\" height=\"25\" src=\"https:\/\/i0.wp.com\/francaclassificados.com\/\/source\/view\/img\/20w50.png?resize=25%2C25&#038;ssl=1\" alt=\"Imagem compartilhar whatsapp\"\/><\/p>\n<p>                <img data-recalc-dims=\"1\" loading=\"lazy\" decoding=\"async\" width=\"25\" height=\"25\" src=\"https:\/\/i0.wp.com\/francaclassificados.com\/\/source\/view\/img\/18w50.png?resize=25%2C25&#038;ssl=1\" alt=\"Imagem compartilhar facebook\"\/><\/p>\n<\/p><\/div>\n<p>    <script async=\"\" src=\"https:\/\/pagead2.googlesyndication.com\/pagead\/js\/adsbygoogle.js?client=ca-pub-2853392113352629\" crossorigin=\"anonymous\"\/>\n    <ins class=\"adsbygoogle\" style=\"display:block\" data-ad-client=\"ca-pub-2853392113352629\" data-ad-slot=\"2925831803\" data-ad-format=\"auto\" data-full-width-responsive=\"true\"\/>\n    <script><![CDATA[(adsbygoogle = window.adsbygoogle || []).push({});]]><\/script><\/p>\n<div class=\"emp\">\n<p>\n            AUXILIAR ADMINISTRATIVO\/COMPRAS<br \/>** Empresa Metal\u00fargica contrata: Auxiliar Administrativo, com experi\u00eancia em Compras e PCP, maior de 18 anos. Enviar curr\u00edculo para o e-mail: curriculumadm2025@hotmail.com\n            <\/p>\n<p><strong>Compartilhe:<\/strong><\/p>\n<p>                <img data-recalc-dims=\"1\" loading=\"lazy\" decoding=\"async\" width=\"25\" height=\"25\" src=\"https:\/\/i0.wp.com\/francaclassificados.com\/\/source\/view\/img\/20w50.png?resize=25%2C25&#038;ssl=1\" alt=\"Imagem compartilhar whatsapp\"\/><\/p>\n<p>                <img data-recalc-dims=\"1\" loading=\"lazy\" decoding=\"async\" width=\"25\" height=\"25\" src=\"https:\/\/i0.wp.com\/francaclassificados.com\/\/source\/view\/img\/18w50.png?resize=25%2C25&#038;ssl=1\" alt=\"Imagem compartilhar facebook\"\/><\/p>\n<\/p><\/div>\n<div class=\"emp\">\n<p>\n            Precisa para in\u00edcio imediato com ou sem experi\u00eancia! Entregar curr\u00edculo pessoalmente rua: Jaime de Aguilar Barbosa, 1411 bairro : Vila Industrial. Falar com Lu\u00eds Marcio\n            <\/p>\n<p><strong>Compartilhe:<\/strong><\/p>\n<p>                <img data-recalc-dims=\"1\" loading=\"lazy\" decoding=\"async\" width=\"25\" height=\"25\" src=\"https:\/\/i0.wp.com\/francaclassificados.com\/\/source\/view\/img\/20w50.png?resize=25%2C25&#038;ssl=1\" alt=\"Imagem compartilhar whatsapp\"\/><\/p>\n<p>                <img data-recalc-dims=\"1\" loading=\"lazy\" decoding=\"async\" width=\"25\" height=\"25\" src=\"https:\/\/i0.wp.com\/francaclassificados.com\/\/source\/view\/img\/18w50.png?resize=25%2C25&#038;ssl=1\" alt=\"Imagem compartilhar facebook\"\/><\/p>\n<\/p><\/div>\n<p>    <script async=\"\" src=\"https:\/\/pagead2.googlesyndication.com\/pagead\/js\/adsbygoogle.js?client=ca-pub-2853392113352629\" crossorigin=\"anonymous\"\/>\n    <ins class=\"adsbygoogle\" style=\"display:block\" data-ad-client=\"ca-pub-2853392113352629\" data-ad-slot=\"2925831803\" data-ad-format=\"auto\" data-full-width-responsive=\"true\"\/>\n    <script><![CDATA[(adsbygoogle = window.adsbygoogle || []).push({});]]><\/script><\/p>\n<div class=\"emp\">\n<p>\n            BALCONISTA DE FARM\u00c1CIA<br \/>Estamos em busca de um(a) profissional comprometido(a) e proativo(a) para fazer parte da nossa equipe!<br \/>Requisitos: Experi\u00eancia m\u00ednima de 3 meses na fun\u00e7\u00e3o.<br \/>Disponibilidade de hor\u00e1rio. Boa comunica\u00e7\u00e3o e proatividade<br \/>Desej\u00e1vel: Conhecimento em medicamentos e atendimento ao p\u00fablico<br \/>Se voc\u00ea se identifica com esse perfil, envie seu curr\u00edculo para:<br \/>drogariapalma@gmail.com\n            <\/p>\n<p><strong>Compartilhe:<\/strong><\/p>\n<p>                <img data-recalc-dims=\"1\" loading=\"lazy\" decoding=\"async\" width=\"25\" height=\"25\" src=\"https:\/\/i0.wp.com\/francaclassificados.com\/\/source\/view\/img\/20w50.png?resize=25%2C25&#038;ssl=1\" alt=\"Imagem compartilhar whatsapp\"\/><\/p>\n<p>                <img data-recalc-dims=\"1\" loading=\"lazy\" decoding=\"async\" width=\"25\" height=\"25\" src=\"https:\/\/i0.wp.com\/francaclassificados.com\/\/source\/view\/img\/18w50.png?resize=25%2C25&#038;ssl=1\" alt=\"Imagem compartilhar facebook\"\/><\/p>\n<\/p><\/div>\n<div class=\"emp\">\n<p>\n            ATENDIMENTO ONLINE <br \/>Atendimento de forma online, via WhatsApp, responder, enviar informa\u00e7\u00f5es e acompanhar atendimentos. Maior de 18 anos, boa comunica\u00e7\u00e3o escrita, responsabilidade, facilidade para trabalhar em equipe Disponibilidade de hor\u00e1rio. Escrit\u00f3rio pr\u00f3ximo ao Jd Derm\u00ednio.(Experi\u00eancia em atendimento ser\u00e1 um diferencial.) Sal\u00e1rio + Benef\u00edcios. (16 98861-1761 - Victoria) ENVIAR CURRICULO ATUALIZADO\n            <\/p>\n<p><strong>Compartilhe:<\/strong><\/p>\n<p>                <img data-recalc-dims=\"1\" loading=\"lazy\" decoding=\"async\" width=\"25\" height=\"25\" src=\"https:\/\/i0.wp.com\/francaclassificados.com\/\/source\/view\/img\/20w50.png?resize=25%2C25&#038;ssl=1\" alt=\"Imagem compartilhar whatsapp\"\/><\/p>\n<p>                <img data-recalc-dims=\"1\" loading=\"lazy\" decoding=\"async\" width=\"25\" height=\"25\" src=\"https:\/\/i0.wp.com\/francaclassificados.com\/\/source\/view\/img\/18w50.png?resize=25%2C25&#038;ssl=1\" alt=\"Imagem compartilhar facebook\"\/><\/p>\n<\/p><\/div>\n<p>    <script async=\"\" src=\"https:\/\/pagead2.googlesyndication.com\/pagead\/js\/adsbygoogle.js?client=ca-pub-2853392113352629\" crossorigin=\"anonymous\"\/>\n    <ins class=\"adsbygoogle\" style=\"display:block\" data-ad-client=\"ca-pub-2853392113352629\" data-ad-slot=\"2925831803\" data-ad-format=\"auto\" data-full-width-responsive=\"true\"\/>\n    <script><![CDATA[(adsbygoogle = window.adsbygoogle || []).push({});]]><\/script><\/p>\n<div class=\"emp\">\n<p>\n            Consultor(a) Comercial<br \/>Estamos em busca de um(a) profissional de vendas com excelente comunica\u00e7\u00e3o, foco em resultados e experi\u00eancia na \u00e1rea (preferencialmente em marketing). A atua\u00e7\u00e3o inclui prospectar novos clientes e gerar oportunidades de neg\u00f3cio; Apresentar solu\u00e7\u00f5es de forma estrat\u00e9gica e personalizada; Interessados(as), enviem curr\u00edculo para recrutamentodmc25@gmail.com com o assunto \u201cVaga Comercial\u201d\n            <\/p>\n<p><strong>Compartilhe:<\/strong><\/p>\n<p>                <img data-recalc-dims=\"1\" loading=\"lazy\" decoding=\"async\" width=\"25\" height=\"25\" src=\"https:\/\/i0.wp.com\/francaclassificados.com\/\/source\/view\/img\/20w50.png?resize=25%2C25&#038;ssl=1\" alt=\"Imagem compartilhar whatsapp\"\/><\/p>\n<p>                <img data-recalc-dims=\"1\" loading=\"lazy\" decoding=\"async\" width=\"25\" height=\"25\" src=\"https:\/\/i0.wp.com\/francaclassificados.com\/\/source\/view\/img\/18w50.png?resize=25%2C25&#038;ssl=1\" alt=\"Imagem compartilhar facebook\"\/><\/p>\n<\/p><\/div>\n<div class=\"emp\">\n<p>\n            ARRANHADOR\/RISCADOR<br \/>Contrata-se arranhador que saiba riscar e espianar. Experi\u00eancia em cal\u00e7ados femininos. Benef\u00edcios: V.A, V.T e Gympass. Interessados comparecer na Rua Minas Gerais, 1409, Vila Aparecida. Pr\u00f3ximo a Rotat\u00f3ria Caixa D\u2019\u00e1gua. Hor\u00e1rio: 06h45 \u00e0s 16H33 ou enviar curr\u00edculo p\/ vagas@antolie.com.br\n            <\/p>\n<p><strong>Compartilhe:<\/strong><\/p>\n<p>                <img data-recalc-dims=\"1\" loading=\"lazy\" decoding=\"async\" width=\"25\" height=\"25\" src=\"https:\/\/i0.wp.com\/francaclassificados.com\/\/source\/view\/img\/20w50.png?resize=25%2C25&#038;ssl=1\" alt=\"Imagem compartilhar whatsapp\"\/><\/p>\n<p>                <img data-recalc-dims=\"1\" loading=\"lazy\" decoding=\"async\" width=\"25\" height=\"25\" src=\"https:\/\/i0.wp.com\/francaclassificados.com\/\/source\/view\/img\/18w50.png?resize=25%2C25&#038;ssl=1\" alt=\"Imagem compartilhar facebook\"\/><\/p>\n<\/p><\/div>\n<p>    <script async=\"\" src=\"https:\/\/pagead2.googlesyndication.com\/pagead\/js\/adsbygoogle.js?client=ca-pub-2853392113352629\" crossorigin=\"anonymous\"\/>\n    <ins class=\"adsbygoogle\" style=\"display:block\" data-ad-client=\"ca-pub-2853392113352629\" data-ad-slot=\"2925831803\" data-ad-format=\"auto\" data-full-width-responsive=\"true\"\/>\n    <script><![CDATA[(adsbygoogle = window.adsbygoogle || []).push({});]]><\/script><\/p>\n<div class=\"emp\">\n<p>\n            CONTRATA \u2022 Operador de Produ\u00e7\u00e3o \u2022 Auxiliar de Produ\u00e7\u00e3o \u2022 Operador de Empilhadeira \u2022 Manobrista CNH D ou E. Vagas dispon\u00edveis nos hor\u00e1rios da tarde e madrugada. Empresa oferece cesta b\u00e1sica, alimenta\u00e7\u00e3o, transporte saindo de diversos bairros em Franca e conv\u00eanios diversos. Os curr\u00edculos podem ser enviados por e-mail curriculos@leitejussara.com.br ou pelo WhatsApp 16 99763 5346.\n            <\/p>\n<p><strong>Compartilhe:<\/strong><\/p>\n<p>                <img data-recalc-dims=\"1\" loading=\"lazy\" decoding=\"async\" width=\"25\" height=\"25\" src=\"https:\/\/i0.wp.com\/francaclassificados.com\/\/source\/view\/img\/20w50.png?resize=25%2C25&#038;ssl=1\" alt=\"Imagem compartilhar whatsapp\"\/><\/p>\n<p>                <img data-recalc-dims=\"1\" loading=\"lazy\" decoding=\"async\" width=\"25\" height=\"25\" src=\"https:\/\/i0.wp.com\/francaclassificados.com\/\/source\/view\/img\/18w50.png?resize=25%2C25&#038;ssl=1\" alt=\"Imagem compartilhar facebook\"\/><\/p>\n<\/p><\/div>\n<div class=\"emp\">\n<p>\n            Vendedor Interno (a)<br \/>Buscamos profissional respons\u00e1vel por prospectar clientes, negociar e efetivar as vendas. Atingir metas de vendas, aplicando a politica comercial da empresa, ser ambicioso e buscar superar suas metas. Garantir a satisfa\u00e7\u00e3o e o encantamento do cliente al\u00e9m de acompanhar suas vendas. Buscarmos perfil com foco no cliente, boa comunica\u00e7\u00e3o, espirito de equipe, ser criativo, flex\u00edvel, que saiba trabalhar sobre press\u00e3o, grau de paci\u00eancia e ser apaixonado por gente e relacionamento<br \/>\n            <br \/>rh@viasolenergiasolar.com.br\n            <\/p>\n<p><strong>Compartilhe:<\/strong><\/p>\n<p>                <img data-recalc-dims=\"1\" loading=\"lazy\" decoding=\"async\" width=\"25\" height=\"25\" src=\"https:\/\/i0.wp.com\/francaclassificados.com\/\/source\/view\/img\/20w50.png?resize=25%2C25&#038;ssl=1\" alt=\"Imagem compartilhar whatsapp\"\/><\/p>\n<p>                <img data-recalc-dims=\"1\" loading=\"lazy\" decoding=\"async\" width=\"25\" height=\"25\" src=\"https:\/\/i0.wp.com\/francaclassificados.com\/\/source\/view\/img\/18w50.png?resize=25%2C25&#038;ssl=1\" alt=\"Imagem compartilhar facebook\"\/><\/p>\n<\/p><\/div>\n<p>    <script async=\"\" src=\"https:\/\/pagead2.googlesyndication.com\/pagead\/js\/adsbygoogle.js?client=ca-pub-2853392113352629\" crossorigin=\"anonymous\"\/>\n    <ins class=\"adsbygoogle\" style=\"display:block\" data-ad-client=\"ca-pub-2853392113352629\" data-ad-slot=\"2925831803\" data-ad-format=\"auto\" data-full-width-responsive=\"true\"\/>\n    <script><![CDATA[(adsbygoogle = window.adsbygoogle || []).push({});]]><\/script><\/p>\n<div class=\"emp\">\n<p>\n            Auxiliar limpeza<br \/>Ter experiencia na \u00e1rea; Ser respons\u00e1vel pela limpeza da loja e outros; Preparar caf\u00e9 pela manh\u00e3; Executar fun\u00e7\u00f5es de organiza\u00e7\u00e3o de material de limpeza utilizado; carga horaria 07:30 \u00e1s 14:30 com 1 hr de almo\u00e7o de segunda a sexta-feira;<br \/>\n            <br \/>oimasafranca@oimasa.com.br\n            <\/p>\n<p><strong>Compartilhe:<\/strong><\/p>\n<p>                <img data-recalc-dims=\"1\" loading=\"lazy\" decoding=\"async\" width=\"25\" height=\"25\" src=\"https:\/\/i0.wp.com\/francaclassificados.com\/\/source\/view\/img\/20w50.png?resize=25%2C25&#038;ssl=1\" alt=\"Imagem compartilhar whatsapp\"\/><\/p>\n<p>                <img data-recalc-dims=\"1\" loading=\"lazy\" decoding=\"async\" width=\"25\" height=\"25\" src=\"https:\/\/i0.wp.com\/francaclassificados.com\/\/source\/view\/img\/18w50.png?resize=25%2C25&#038;ssl=1\" alt=\"Imagem compartilhar facebook\"\/><\/p>\n<\/p><\/div>\n<div class=\"emp\">\n<p>\n            Professor de Nata\u00e7\u00e3o<br \/>Vaga para professor de nata\u00e7\u00e3o com experi\u00eancia. Encaminhar curr\u00edculos para curriculo.ecommerce2024@gmail.com\n            <\/p>\n<p><strong>Compartilhe:<\/strong><\/p>\n<p>                <img data-recalc-dims=\"1\" loading=\"lazy\" decoding=\"async\" width=\"25\" height=\"25\" src=\"https:\/\/i0.wp.com\/francaclassificados.com\/\/source\/view\/img\/20w50.png?resize=25%2C25&#038;ssl=1\" alt=\"Imagem compartilhar whatsapp\"\/><\/p>\n<p>                <img data-recalc-dims=\"1\" loading=\"lazy\" decoding=\"async\" width=\"25\" height=\"25\" src=\"https:\/\/i0.wp.com\/francaclassificados.com\/\/source\/view\/img\/18w50.png?resize=25%2C25&#038;ssl=1\" alt=\"Imagem compartilhar facebook\"\/><\/p>\n<\/p><\/div>\n<p>    <script async=\"\" src=\"https:\/\/pagead2.googlesyndication.com\/pagead\/js\/adsbygoogle.js?client=ca-pub-2853392113352629\" crossorigin=\"anonymous\"\/>\n    <ins class=\"adsbygoogle\" style=\"display:block\" data-ad-client=\"ca-pub-2853392113352629\" data-ad-slot=\"2925831803\" data-ad-format=\"auto\" data-full-width-responsive=\"true\"\/>\n    <script><![CDATA[(adsbygoogle = window.adsbygoogle || []).push({});]]><\/script><\/p>\n<div class=\"emp\">\n<p>\n            Costureira Reta e Galoneira<br \/>Contrata-se costureira(o) que tenha experi\u00eancia em Reta e Galoneira, para confec\u00e7\u00e3o de moletom, Inicio Imediato - Fabrica nas imedia\u00e7\u00f5es do Angela Rosa - Enviar curr\u00edculo WhatsApp (16) 99388-4194.\n            <\/p>\n<p><strong>Compartilhe:<\/strong><\/p>\n<p>                <img data-recalc-dims=\"1\" loading=\"lazy\" decoding=\"async\" width=\"25\" height=\"25\" src=\"https:\/\/i0.wp.com\/francaclassificados.com\/\/source\/view\/img\/20w50.png?resize=25%2C25&#038;ssl=1\" alt=\"Imagem compartilhar whatsapp\"\/><\/p>\n<p>                <img data-recalc-dims=\"1\" loading=\"lazy\" decoding=\"async\" width=\"25\" height=\"25\" src=\"https:\/\/i0.wp.com\/francaclassificados.com\/\/source\/view\/img\/18w50.png?resize=25%2C25&#038;ssl=1\" alt=\"Imagem compartilhar facebook\"\/><\/p>\n<\/p><\/div>\n<div class=\"emp\">\n<p>\n            BALCONISTA<br \/>EMPRESA DO COM\u00c9RCIO CONTRATA FUNCION\u00c1RIO(A) PARA TRABALHAR COMO BALCONISTA. DISPONIBILIDADE PARA TRABALHAR NO HOR\u00c1RIO DO COM\u00c9RCIO, COMPROMETIMENTO COM A EMPRESA E BOM RELACIONAMENTO EM EQUIPE S\u00c3O FUNDAMENTAIS. INTERESSADOS ENTREGAR CURR\u00cdCULO NA MELICA AVIAMENTOS DO CENTRO, EM FRENTE AO TERMINAL OU ENVIAR PELO EMAIL contatocurriculo2025@outlook.com\n            <\/p>\n<p><strong>Compartilhe:<\/strong><\/p>\n<p>                <img data-recalc-dims=\"1\" loading=\"lazy\" decoding=\"async\" width=\"25\" height=\"25\" src=\"https:\/\/i0.wp.com\/francaclassificados.com\/\/source\/view\/img\/20w50.png?resize=25%2C25&#038;ssl=1\" alt=\"Imagem compartilhar whatsapp\"\/><\/p>\n<p>                <img data-recalc-dims=\"1\" loading=\"lazy\" decoding=\"async\" width=\"25\" height=\"25\" src=\"https:\/\/i0.wp.com\/francaclassificados.com\/\/source\/view\/img\/18w50.png?resize=25%2C25&#038;ssl=1\" alt=\"Imagem compartilhar facebook\"\/><\/p>\n<\/p><\/div>\n<p>    <script async=\"\" src=\"https:\/\/pagead2.googlesyndication.com\/pagead\/js\/adsbygoogle.js?client=ca-pub-2853392113352629\" crossorigin=\"anonymous\"\/>\n    <ins class=\"adsbygoogle\" style=\"display:block\" data-ad-client=\"ca-pub-2853392113352629\" data-ad-slot=\"2925831803\" data-ad-format=\"auto\" data-full-width-responsive=\"true\"\/>\n    <script><![CDATA[(adsbygoogle = window.adsbygoogle || []).push({});]]><\/script><\/p>\n<div class=\"emp\">\n<p>\n            RECEPCIONISTA<br \/>Contrata-se recepcionista para Distribuidora de alimentos situada no bairro City Petr\u00f3polis\/ Franca. Para atuar em atendimento de fornecedores e suporte com vendedores e clientes por liga\u00e7\u00e3o. Que seja comunicativa, saiba resolver pend\u00eancias solicitadas externas, com disponibilidade de segunda a sexta das 07 hrs \u00e0s 17 hrs e no s\u00e1bado das 07 hrs at\u00e9 as 09 hrs. Com sal\u00e1rio base da categoria. Interessados enviar curr\u00edculo para deniratacado@outlook.com ou pelo n\u00famero (16) 99361-4307\n            <\/p>\n<p><strong>Compartilhe:<\/strong><\/p>\n<p>                <img data-recalc-dims=\"1\" loading=\"lazy\" decoding=\"async\" width=\"25\" height=\"25\" src=\"https:\/\/i0.wp.com\/francaclassificados.com\/\/source\/view\/img\/20w50.png?resize=25%2C25&#038;ssl=1\" alt=\"Imagem compartilhar whatsapp\"\/><\/p>\n<p>                <img data-recalc-dims=\"1\" loading=\"lazy\" decoding=\"async\" width=\"25\" height=\"25\" src=\"https:\/\/i0.wp.com\/francaclassificados.com\/\/source\/view\/img\/18w50.png?resize=25%2C25&#038;ssl=1\" alt=\"Imagem compartilhar facebook\"\/><\/p>\n<\/p><\/div>\n<div class=\"emp\">\n<p>\n            Vendedor (a)<br \/>Enviar Curriculo para Whats app: (16)99109-4824 Admite-se Vendedor (a) com In\u00edcio imediato, para loja de m\u00f3veis ...*Necess\u00e1rio Experi\u00eancia em vendas. Idade: a partir de 25 anos...Sal\u00e1rio fixo do com\u00e9rcio, Comiss\u00e3o, Cart\u00e3o conv\u00eanio para farm\u00e1cias. Carga Hor\u00e1rio: 44 horas semanais de Segunda a S\u00e1bado\n            <\/p>\n<p><strong>Compartilhe:<\/strong><\/p>\n<p>                <img data-recalc-dims=\"1\" loading=\"lazy\" decoding=\"async\" width=\"25\" height=\"25\" src=\"https:\/\/i0.wp.com\/francaclassificados.com\/\/source\/view\/img\/20w50.png?resize=25%2C25&#038;ssl=1\" alt=\"Imagem compartilhar whatsapp\"\/><\/p>\n<p>                <img data-recalc-dims=\"1\" loading=\"lazy\" decoding=\"async\" width=\"25\" height=\"25\" src=\"https:\/\/i0.wp.com\/francaclassificados.com\/\/source\/view\/img\/18w50.png?resize=25%2C25&#038;ssl=1\" alt=\"Imagem compartilhar facebook\"\/><\/p>\n<\/p><\/div>\n<p>    <script async=\"\" src=\"https:\/\/pagead2.googlesyndication.com\/pagead\/js\/adsbygoogle.js?client=ca-pub-2853392113352629\" crossorigin=\"anonymous\"\/>\n    <ins class=\"adsbygoogle\" style=\"display:block\" data-ad-client=\"ca-pub-2853392113352629\" data-ad-slot=\"2925831803\" data-ad-format=\"auto\" data-full-width-responsive=\"true\"\/>\n    <script><![CDATA[(adsbygoogle = window.adsbygoogle || []).push({});]]><\/script><\/p>\n<div class=\"emp\">\n<p>\n            Consultor Imobiliario PJ<br \/>Buscamos Consultores Imobiliarios - com ou sem experi\u00eancia. Responsavel Capta\u00e7\u00e3o de novos clientes; Alimentar o CRM; Realizar v\u00eddeos e fotos dos im\u00f3veis para as redes sociais;- Beneficios: Comiss\u00f5es agressivas; Treinamento e Desenvolvimento; + de 1.000 im\u00f3veis em carteria; Acesso ao Gympass, Espa\u00e7o f\u00edsico completo, localizada na principal av. de Franca - Paulo IV. Interessados, entre em contato conosco atrav\u00e9s do nosso WhatsApp: 16 3713-0811\n            <\/p>\n<p><strong>Compartilhe:<\/strong><\/p>\n<p>                <img data-recalc-dims=\"1\" loading=\"lazy\" decoding=\"async\" width=\"25\" height=\"25\" src=\"https:\/\/i0.wp.com\/francaclassificados.com\/\/source\/view\/img\/20w50.png?resize=25%2C25&#038;ssl=1\" alt=\"Imagem compartilhar whatsapp\"\/><\/p>\n<p>                <img data-recalc-dims=\"1\" loading=\"lazy\" decoding=\"async\" width=\"25\" height=\"25\" src=\"https:\/\/i0.wp.com\/francaclassificados.com\/\/source\/view\/img\/18w50.png?resize=25%2C25&#038;ssl=1\" alt=\"Imagem compartilhar facebook\"\/><\/p>\n<\/p><\/div>\n<div class=\"emp\">\n<p>\n            EST\u00c1GIO - AGENDAMENTOS DE CLIENTES<br \/>Estudante matriculado em um curso regular de educa\u00e7\u00e3o superior, profissional, ensino m\u00e9dio. Experi\u00eancia pr\u00e9via como diferencial. 10h as 17h - 1 hora de almo\u00e7o. Bolsa de R$ 1.000,00 + Vale alimenta\u00e7\u00e3o de R$ 220,00. Enviar curr\u00edculo para: eliane.contratacaoescritorio@gmail.com\n            <\/p>\n<p><strong>Compartilhe:<\/strong><\/p>\n<p>                <img data-recalc-dims=\"1\" loading=\"lazy\" decoding=\"async\" width=\"25\" height=\"25\" src=\"https:\/\/i0.wp.com\/francaclassificados.com\/\/source\/view\/img\/20w50.png?resize=25%2C25&#038;ssl=1\" alt=\"Imagem compartilhar whatsapp\"\/><\/p>\n<p>                <img data-recalc-dims=\"1\" loading=\"lazy\" decoding=\"async\" width=\"25\" height=\"25\" src=\"https:\/\/i0.wp.com\/francaclassificados.com\/\/source\/view\/img\/18w50.png?resize=25%2C25&#038;ssl=1\" alt=\"Imagem compartilhar facebook\"\/><\/p>\n<\/p><\/div>\n<p>    <script async=\"\" src=\"https:\/\/pagead2.googlesyndication.com\/pagead\/js\/adsbygoogle.js?client=ca-pub-2853392113352629\" crossorigin=\"anonymous\"\/>\n    <ins class=\"adsbygoogle\" style=\"display:block\" data-ad-client=\"ca-pub-2853392113352629\" data-ad-slot=\"2925831803\" data-ad-format=\"auto\" data-full-width-responsive=\"true\"\/>\n    <script><![CDATA[(adsbygoogle = window.adsbygoogle || []).push({});]]><\/script><\/p>\n<div class=\"emp\">\n<p>\n            VENDEDOR(A) EXTERNO (PAP)<br \/>Estamos contratando Vendedores Ambiciosos, Proativos, com Comprometimento e Disponibilidade para Venda Externa. OFERECEMOS: Sal\u00e1rio Fixo, V\u00e1rios Benef\u00edcios, melhores comiss\u00f5es e premia\u00e7\u00f5es do mercado. Se voc\u00ea est\u00e1 precisando trabalhar e quer ganhar dinheiro, envie seu curr\u00edculo para selecaoadmx@gmail.com e venha transformar a sua vida.\n            <\/p>\n<p><strong>Compartilhe:<\/strong><\/p>\n<p>                <img data-recalc-dims=\"1\" loading=\"lazy\" decoding=\"async\" width=\"25\" height=\"25\" src=\"https:\/\/i0.wp.com\/francaclassificados.com\/\/source\/view\/img\/20w50.png?resize=25%2C25&#038;ssl=1\" alt=\"Imagem compartilhar whatsapp\"\/><\/p>\n<p>                <img data-recalc-dims=\"1\" loading=\"lazy\" decoding=\"async\" width=\"25\" height=\"25\" src=\"https:\/\/i0.wp.com\/francaclassificados.com\/\/source\/view\/img\/18w50.png?resize=25%2C25&#038;ssl=1\" alt=\"Imagem compartilhar facebook\"\/><\/p>\n<\/p><\/div>\n<div class=\"emp\">\n<p>\n            A\u00c7OUGUEIRO<br \/>Estamos em busca de um a\u00e7ougueiro com no m\u00ednimo 2 anos de experi\u00eancia, talento nas m\u00e3os e orgulho do que faz. Se voc\u00ea entende que cada corte importa e quer crescer numa equipe que valoriza qualidade, respeito e evolu\u00e7\u00e3o, fale com a gente! Aqui, a carne \u00e9 tratada com t\u00e9cnica, responsabilidade e paix\u00e3o. Entre em contato pelo whatsApp 16997895306\n            <\/p>\n<p><strong>Compartilhe:<\/strong><\/p>\n<p>                <img data-recalc-dims=\"1\" loading=\"lazy\" decoding=\"async\" width=\"25\" height=\"25\" src=\"https:\/\/i0.wp.com\/francaclassificados.com\/\/source\/view\/img\/20w50.png?resize=25%2C25&#038;ssl=1\" alt=\"Imagem compartilhar whatsapp\"\/><\/p>\n<p>                <img data-recalc-dims=\"1\" loading=\"lazy\" decoding=\"async\" width=\"25\" height=\"25\" src=\"https:\/\/i0.wp.com\/francaclassificados.com\/\/source\/view\/img\/18w50.png?resize=25%2C25&#038;ssl=1\" alt=\"Imagem compartilhar facebook\"\/><\/p>\n<\/p><\/div>\n<p>    <script async=\"\" src=\"https:\/\/pagead2.googlesyndication.com\/pagead\/js\/adsbygoogle.js?client=ca-pub-2853392113352629\" crossorigin=\"anonymous\"\/>\n    <ins class=\"adsbygoogle\" style=\"display:block\" data-ad-client=\"ca-pub-2853392113352629\" data-ad-slot=\"2925831803\" data-ad-format=\"auto\" data-full-width-responsive=\"true\"\/>\n    <script><![CDATA[(adsbygoogle = window.adsbygoogle || []).push({});]]><\/script><\/p>\n<div class=\"emp\">\n<p>\n            Analista Contabil s\u00eanior<br \/>SOMENTE com experi\u00eancia em an\u00e1lise de contas, plano de contas, balan\u00e7o patrimonial, DRE, LALUR, deprecia\u00e7\u00e3o, sped ecd, Ecf, concilia\u00e7\u00e3o. Enviar curr\u00edculo escritorioprado2010@hotmail.com\n            <\/p>\n<p><strong>Compartilhe:<\/strong><\/p>\n<p>                <img data-recalc-dims=\"1\" loading=\"lazy\" decoding=\"async\" width=\"25\" height=\"25\" src=\"https:\/\/i0.wp.com\/francaclassificados.com\/\/source\/view\/img\/20w50.png?resize=25%2C25&#038;ssl=1\" alt=\"Imagem compartilhar whatsapp\"\/><\/p>\n<p>                <img data-recalc-dims=\"1\" loading=\"lazy\" decoding=\"async\" width=\"25\" height=\"25\" src=\"https:\/\/i0.wp.com\/francaclassificados.com\/\/source\/view\/img\/18w50.png?resize=25%2C25&#038;ssl=1\" alt=\"Imagem compartilhar facebook\"\/><\/p>\n<\/p><\/div>\n<div class=\"emp\">\n<p>\n            Montador de M\u00f3veis Planejados<br \/>Estamos contratando montador com experi\u00eancia, capricho, agilidade, comprometimento e disponibilidade de hor\u00e1rio. Interessados enviar curr\u00edculo para o e-mail rhmarcenaria03@gmail.com.\n            <\/p>\n<p><strong>Compartilhe:<\/strong><\/p>\n<p>                <img data-recalc-dims=\"1\" loading=\"lazy\" decoding=\"async\" width=\"25\" height=\"25\" src=\"https:\/\/i0.wp.com\/francaclassificados.com\/\/source\/view\/img\/20w50.png?resize=25%2C25&#038;ssl=1\" alt=\"Imagem compartilhar whatsapp\"\/><\/p>\n<p>                <img data-recalc-dims=\"1\" loading=\"lazy\" decoding=\"async\" width=\"25\" height=\"25\" src=\"https:\/\/i0.wp.com\/francaclassificados.com\/\/source\/view\/img\/18w50.png?resize=25%2C25&#038;ssl=1\" alt=\"Imagem compartilhar facebook\"\/><\/p>\n<\/p><\/div>\n<p>    <script async=\"\" src=\"https:\/\/pagead2.googlesyndication.com\/pagead\/js\/adsbygoogle.js?client=ca-pub-2853392113352629\" crossorigin=\"anonymous\"\/>\n    <ins class=\"adsbygoogle\" style=\"display:block\" data-ad-client=\"ca-pub-2853392113352629\" data-ad-slot=\"2925831803\" data-ad-format=\"auto\" data-full-width-responsive=\"true\"\/>\n    <script><![CDATA[(adsbygoogle = window.adsbygoogle || []).push({});]]><\/script><\/p>\n<div class=\"emp\">\n<p>\n            Molineiro<br \/>Com experi\u00eancia em sapato e bota. Em f\u00e1brica no vila Nic\u00e1cio. Registrado. Curriculos davipires787@gmail.com\n            <\/p>\n<p><strong>Compartilhe:<\/strong><\/p>\n<p>                <img data-recalc-dims=\"1\" loading=\"lazy\" decoding=\"async\" width=\"25\" height=\"25\" src=\"https:\/\/i0.wp.com\/francaclassificados.com\/\/source\/view\/img\/20w50.png?resize=25%2C25&#038;ssl=1\" alt=\"Imagem compartilhar whatsapp\"\/><\/p>\n<p>                <img data-recalc-dims=\"1\" loading=\"lazy\" decoding=\"async\" width=\"25\" height=\"25\" src=\"https:\/\/i0.wp.com\/francaclassificados.com\/\/source\/view\/img\/18w50.png?resize=25%2C25&#038;ssl=1\" alt=\"Imagem compartilhar facebook\"\/><\/p>\n<\/p><\/div>\n<div class=\"emp\">\n<p>\n            AUXILIAR DE INJETORA DE PE\u00c7AS PL\u00c1STICAS<br \/>Oferecemos treinamento. Executar com precis\u00e3o a coleta e o acabamento das pe\u00e7as pl\u00e1sticas produzidas, destacando-as do \"galho\" de inje\u00e7\u00e3o; Abastecer a m\u00e1quina injetora com mat\u00e9ria-prima; Operar basicamente a maquina injetora: ligar, desligar, iniciar a produ\u00e7\u00e3o, etc; Demonstrar aten\u00e7\u00e3o ao monitorar o funcionamento da m\u00e1quina, identificando e solucionando proativamente quaisquer problemas que possam surgir; Colaborar ativamente com a equipe. alkaplas@alkaplas.com.br\n            <\/p>\n<p><strong>Compartilhe:<\/strong><\/p>\n<p>                <img data-recalc-dims=\"1\" loading=\"lazy\" decoding=\"async\" width=\"25\" height=\"25\" src=\"https:\/\/i0.wp.com\/francaclassificados.com\/\/source\/view\/img\/20w50.png?resize=25%2C25&#038;ssl=1\" alt=\"Imagem compartilhar whatsapp\"\/><\/p>\n<p>                <img data-recalc-dims=\"1\" loading=\"lazy\" decoding=\"async\" width=\"25\" height=\"25\" src=\"https:\/\/i0.wp.com\/francaclassificados.com\/\/source\/view\/img\/18w50.png?resize=25%2C25&#038;ssl=1\" alt=\"Imagem compartilhar facebook\"\/><\/p>\n<\/p><\/div>\n<p>    <script async=\"\" src=\"https:\/\/pagead2.googlesyndication.com\/pagead\/js\/adsbygoogle.js?client=ca-pub-2853392113352629\" crossorigin=\"anonymous\"\/>\n    <ins class=\"adsbygoogle\" style=\"display:block\" data-ad-client=\"ca-pub-2853392113352629\" data-ad-slot=\"2925831803\" data-ad-format=\"auto\" data-full-width-responsive=\"true\"\/>\n    <script><![CDATA[(adsbygoogle = window.adsbygoogle || []).push({});]]><\/script><\/p>\n<div class=\"emp\">\n<p>\n            Social midia- video maker<br \/>Contrata-se videomaker , que tenha experi\u00eancia em grava\u00e7\u00e3o de conte\u00fados de marketing, diferencial ser experiente em grava\u00e7\u00e3o de cursos , que saiba editar todos os tipos de conte\u00fados , trabalho clt , de segunda a sexta no distrito industrial , mandar curriculo direto no whatsapp. 16-99344-7219 Lorrany\n            <\/p>\n<p><strong>Compartilhe:<\/strong><\/p>\n<p>                <img data-recalc-dims=\"1\" loading=\"lazy\" decoding=\"async\" width=\"25\" height=\"25\" src=\"https:\/\/i0.wp.com\/francaclassificados.com\/\/source\/view\/img\/20w50.png?resize=25%2C25&#038;ssl=1\" alt=\"Imagem compartilhar whatsapp\"\/><\/p>\n<p>                <img data-recalc-dims=\"1\" loading=\"lazy\" decoding=\"async\" width=\"25\" height=\"25\" src=\"https:\/\/i0.wp.com\/francaclassificados.com\/\/source\/view\/img\/18w50.png?resize=25%2C25&#038;ssl=1\" alt=\"Imagem compartilhar facebook\"\/><\/p>\n<\/p><\/div>\n<div class=\"emp\">\n<p>\n            Contrata-se AUXILIAR DE PRODU\u00c7\u00c3O PASSADEIRA DE COLA NO CABEDAL E NA SOLA E CABINEIRO com experi\u00eancia, pessoa comprometida que queira trabalhar, disponibilidade para fazer horas extras, interessados chamar no WhatsApp (16) 99250-5301 falar com Wanderley\n            <\/p>\n<p><strong>Compartilhe:<\/strong><\/p>\n<p>                <img data-recalc-dims=\"1\" loading=\"lazy\" decoding=\"async\" width=\"25\" height=\"25\" src=\"https:\/\/i0.wp.com\/francaclassificados.com\/\/source\/view\/img\/20w50.png?resize=25%2C25&#038;ssl=1\" alt=\"Imagem compartilhar whatsapp\"\/><\/p>\n<p>                <img data-recalc-dims=\"1\" loading=\"lazy\" decoding=\"async\" width=\"25\" height=\"25\" src=\"https:\/\/i0.wp.com\/francaclassificados.com\/\/source\/view\/img\/18w50.png?resize=25%2C25&#038;ssl=1\" alt=\"Imagem compartilhar facebook\"\/><\/p>\n<\/p><\/div>\n<p>    <script async=\"\" src=\"https:\/\/pagead2.googlesyndication.com\/pagead\/js\/adsbygoogle.js?client=ca-pub-2853392113352629\" crossorigin=\"anonymous\"\/>\n    <ins class=\"adsbygoogle\" style=\"display:block\" data-ad-client=\"ca-pub-2853392113352629\" data-ad-slot=\"2925831803\" data-ad-format=\"auto\" data-full-width-responsive=\"true\"\/>\n    <script><![CDATA[(adsbygoogle = window.adsbygoogle || []).push({});]]><\/script><\/p>\n<div class=\"emp\">\n<p>\n            Auxiliar cozinha<br \/>Contrata Auxiliar de cozinha para per\u00edodo noturno 16:00 as 00:20, com 01 hora de intervalo, necessario disponibilidade de hor\u00e1rio aos domingos e feriados. Nao \u00e9 necessario experiencia.Remunera\u00e7\u00e3o : Salario + Adicional noturno + Horas extras + premia\u00e7\u00e3o. Fun\u00e7\u00e3o : auxiliar no preparo dos pedidos , limpeza e organiza\u00e7\u00e3o do ambiente de trabalho. Interessados enviar curriculo : curriculovagas@outlook.com.br\n            <\/p>\n<p><strong>Compartilhe:<\/strong><\/p>\n<p>                <img data-recalc-dims=\"1\" loading=\"lazy\" decoding=\"async\" width=\"25\" height=\"25\" src=\"https:\/\/i0.wp.com\/francaclassificados.com\/\/source\/view\/img\/20w50.png?resize=25%2C25&#038;ssl=1\" alt=\"Imagem compartilhar whatsapp\"\/><\/p>\n<p>                <img data-recalc-dims=\"1\" loading=\"lazy\" decoding=\"async\" width=\"25\" height=\"25\" src=\"https:\/\/i0.wp.com\/francaclassificados.com\/\/source\/view\/img\/18w50.png?resize=25%2C25&#038;ssl=1\" alt=\"Imagem compartilhar facebook\"\/><\/p>\n<\/p><\/div>\n<div class=\"emp\">\n<p>\n            Acompanhamento de obra<br \/>Contrata-se para acompanhamento de obra. Desej\u00e1vel forma\u00e7\u00e3o superior em engenharia ou arquitetura, CNH B, conhecimento em office. Profissional organizado, senso cr\u00edtico e acompanhamento de prazo de fornecedores. Desej\u00e1vel experi\u00eancia na area. Interessados enviar curr\u00edculo para: vagasfrancasp@outlook.com\n            <\/p>\n<p><strong>Compartilhe:<\/strong><\/p>\n<p>                <img data-recalc-dims=\"1\" loading=\"lazy\" decoding=\"async\" width=\"25\" height=\"25\" src=\"https:\/\/i0.wp.com\/francaclassificados.com\/\/source\/view\/img\/20w50.png?resize=25%2C25&#038;ssl=1\" alt=\"Imagem compartilhar whatsapp\"\/><\/p>\n<p>                <img data-recalc-dims=\"1\" loading=\"lazy\" decoding=\"async\" width=\"25\" height=\"25\" src=\"https:\/\/i0.wp.com\/francaclassificados.com\/\/source\/view\/img\/18w50.png?resize=25%2C25&#038;ssl=1\" alt=\"Imagem compartilhar facebook\"\/><\/p>\n<\/p><\/div>\n<p>    <script async=\"\" src=\"https:\/\/pagead2.googlesyndication.com\/pagead\/js\/adsbygoogle.js?client=ca-pub-2853392113352629\" crossorigin=\"anonymous\"\/>\n    <ins class=\"adsbygoogle\" style=\"display:block\" data-ad-client=\"ca-pub-2853392113352629\" data-ad-slot=\"2925831803\" data-ad-format=\"auto\" data-full-width-responsive=\"true\"\/>\n    <script><![CDATA[(adsbygoogle = window.adsbygoogle || []).push({});]]><\/script><\/p>\n<div class=\"emp\">\n<p>\n            MOLINEIRO<br \/>F\u00e1brica de Cal\u00e7ados no Jd. \u00c2ngela Rosa, contrata MOLINEIRO com experi\u00eancia. Interessados e que V\u00c3O COMPARECER, enviar curr\u00edculo para curriculo_franca@hotmail.com .\n            <\/p>\n<p><strong>Compartilhe:<\/strong><\/p>\n<p>                <img data-recalc-dims=\"1\" loading=\"lazy\" decoding=\"async\" width=\"25\" height=\"25\" src=\"https:\/\/i0.wp.com\/francaclassificados.com\/\/source\/view\/img\/20w50.png?resize=25%2C25&#038;ssl=1\" alt=\"Imagem compartilhar whatsapp\"\/><\/p>\n<p>                <img data-recalc-dims=\"1\" loading=\"lazy\" decoding=\"async\" width=\"25\" height=\"25\" src=\"https:\/\/i0.wp.com\/francaclassificados.com\/\/source\/view\/img\/18w50.png?resize=25%2C25&#038;ssl=1\" alt=\"Imagem compartilhar facebook\"\/><\/p>\n<\/p><\/div>\n<div class=\"emp\">\n<p>\n            Atendente Fast food shopping<br \/>Se voc\u00ea \u00e9 comunicativo(a), proativo(a) e gosta de atendimento ao p\u00fablico, venha trabalhar com a gente. Somente maiores de 18 anos, ambos os sexos. NECESS\u00c1RIO TER DISPONIBILIDADE DE HOR\u00c1RIO, INCLUSIVE PARA TRABALHAR AOS S\u00c1BADOS, DOMINGOS E FERIADOS! Hor\u00e1rio de trabalho: das 14:20 as 22:40. sal\u00e1rio+VA = R$2.260,00. Vale transporte: conforme o necess\u00e1rio para o m\u00eas. Assist\u00eancia m\u00e9dica e odontol\u00f3gica. N\u00e3o \u00e9 necess\u00e1rio experi\u00eancia. Interessados enviar curr\u00edculo para 16 99434-6160. FAVOR N\u00c3O LIGAR.\n            <\/p>\n<p><strong>Compartilhe:<\/strong><\/p>\n<p>                <img data-recalc-dims=\"1\" loading=\"lazy\" decoding=\"async\" width=\"25\" height=\"25\" src=\"https:\/\/i0.wp.com\/francaclassificados.com\/\/source\/view\/img\/20w50.png?resize=25%2C25&#038;ssl=1\" alt=\"Imagem compartilhar whatsapp\"\/><\/p>\n<p>                <img data-recalc-dims=\"1\" loading=\"lazy\" decoding=\"async\" width=\"25\" height=\"25\" src=\"https:\/\/i0.wp.com\/francaclassificados.com\/\/source\/view\/img\/18w50.png?resize=25%2C25&#038;ssl=1\" alt=\"Imagem compartilhar facebook\"\/><\/p>\n<\/p><\/div>\n<p>    <script async=\"\" src=\"https:\/\/pagead2.googlesyndication.com\/pagead\/js\/adsbygoogle.js?client=ca-pub-2853392113352629\" crossorigin=\"anonymous\"\/>\n    <ins class=\"adsbygoogle\" style=\"display:block\" data-ad-client=\"ca-pub-2853392113352629\" data-ad-slot=\"2925831803\" data-ad-format=\"auto\" data-full-width-responsive=\"true\"\/>\n    <script><![CDATA[(adsbygoogle = window.adsbygoogle || []).push({});]]><\/script><\/p>\n<div class=\"emp\">\n<p>\n            Costureira<br \/>Preciso de uma costureira com pr\u00e1tica na overloque Galoneira e reta que seja comprometida com trabalho entrar em contato 993333009 ou 991177382\n            <\/p>\n<p><strong>Compartilhe:<\/strong><\/p>\n<p>                <img data-recalc-dims=\"1\" loading=\"lazy\" decoding=\"async\" width=\"25\" height=\"25\" src=\"https:\/\/i0.wp.com\/francaclassificados.com\/\/source\/view\/img\/20w50.png?resize=25%2C25&#038;ssl=1\" alt=\"Imagem compartilhar whatsapp\"\/><\/p>\n<p>                <img data-recalc-dims=\"1\" loading=\"lazy\" decoding=\"async\" width=\"25\" height=\"25\" src=\"https:\/\/i0.wp.com\/francaclassificados.com\/\/source\/view\/img\/18w50.png?resize=25%2C25&#038;ssl=1\" alt=\"Imagem compartilhar facebook\"\/><\/p>\n<\/p><\/div>\n<div class=\"emp\">\n<p>\n            Promotor\/Repositor de vendas <br \/>Para in\u00edcio imediato, a rotina do promotor inclui manuten\u00e7\u00e3o e organiza\u00e7\u00e3o dos produtos nos mercados e redes de varejo, abastecer as g\u00f4ndolas das lojas verificando o prazo de validade dos produtos, negociar os melhores pontos da loja para os produtos, executar as estrat\u00e9gias de marketing para alavancar as vendas. Para a vaga e necess\u00e1rio ter CNH A e moto pr\u00f3pria de in\u00edcio. Enviar curr\u00edculo para WhatsApp 16-99195-7140 ou e-mail: gente.gestao@rizatti.com.br\n            <\/p>\n<p><strong>Compartilhe:<\/strong><\/p>\n<p>                <img data-recalc-dims=\"1\" loading=\"lazy\" decoding=\"async\" width=\"25\" height=\"25\" src=\"https:\/\/i0.wp.com\/francaclassificados.com\/\/source\/view\/img\/20w50.png?resize=25%2C25&#038;ssl=1\" alt=\"Imagem compartilhar whatsapp\"\/><\/p>\n<p>                <img data-recalc-dims=\"1\" loading=\"lazy\" decoding=\"async\" width=\"25\" height=\"25\" src=\"https:\/\/i0.wp.com\/francaclassificados.com\/\/source\/view\/img\/18w50.png?resize=25%2C25&#038;ssl=1\" alt=\"Imagem compartilhar facebook\"\/><\/p>\n<\/p><\/div>\n<p>    <script async=\"\" src=\"https:\/\/pagead2.googlesyndication.com\/pagead\/js\/adsbygoogle.js?client=ca-pub-2853392113352629\" crossorigin=\"anonymous\"\/>\n    <ins class=\"adsbygoogle\" style=\"display:block\" data-ad-client=\"ca-pub-2853392113352629\" data-ad-slot=\"2925831803\" data-ad-format=\"auto\" data-full-width-responsive=\"true\"\/>\n    <script><![CDATA[(adsbygoogle = window.adsbygoogle || []).push({});]]><\/script><\/p>\n<div class=\"emp\">\n<p>\n            E-commerce \/ Atendimento Digital<br \/>Atendimento ao cliente via WhatsApp de forma personalizada e chamada de v\u00eddeo.Gerenciamento dos pedidos no site e log\u00edstica,Inclus\u00e3o de dados em CRM,prospec\u00e7\u00e3o de novos clientes,apoio na organiza\u00e7\u00e3o e atualiza\u00e7\u00e3o de relat\u00f3rios e estoque de produtos cadastro e atualiza\u00e7\u00e3o de produtos\/ banners na plataforma de e-commerce,monitoramento da jornada de compra e follow-up.Boa reda\u00e7\u00e3o.Conhecimentos b\u00e1sicos em Excel (planilhas de controle e relat\u00f3rios),vendas digitais,CRM e organiza\u00e7\u00e3o de banco de dados<br \/>\n            <br \/>rh@dizza.com.br\n            <\/p>\n<p><strong>Compartilhe:<\/strong><\/p>\n<p>                <img data-recalc-dims=\"1\" loading=\"lazy\" decoding=\"async\" width=\"25\" height=\"25\" src=\"https:\/\/i0.wp.com\/francaclassificados.com\/\/source\/view\/img\/20w50.png?resize=25%2C25&#038;ssl=1\" alt=\"Imagem compartilhar whatsapp\"\/><\/p>\n<p>                <img data-recalc-dims=\"1\" loading=\"lazy\" decoding=\"async\" width=\"25\" height=\"25\" src=\"https:\/\/i0.wp.com\/francaclassificados.com\/\/source\/view\/img\/18w50.png?resize=25%2C25&#038;ssl=1\" alt=\"Imagem compartilhar facebook\"\/><\/p>\n<\/p><\/div>\n<div class=\"emp\">\n<p>\n            Aux de Instala\u00e7\u00e3o El\u00e9trica e Hidr\u00e1ulica<br \/>Buscamos profissional para trabalhar com instala\u00e7\u00e3o, opera\u00e7\u00e3o, montagem e manuten\u00e7\u00e3o de placas solares e boilers. Auxiliar na manuten\u00e7\u00e3o, reparos e montagem de instala\u00e7\u00f5es hidr\u00e1ulicas. Necess\u00e1rio conhecimento em instala\u00e7\u00e3o e manuten\u00e7\u00e3o el\u00e9trica; manusear v\u00e1rias ferramentas simultaneamente com aten\u00e7\u00e3o; agilidade; boa comunica\u00e7\u00e3o. bom atendimento e grau de paci\u00eancia. Encaminhar curr\u00edculo com titulo \"Auxiliar T\u00e9cnico\"<br \/>\n            <br \/>rh@viasolenergiasolar.com.br\n            <\/p>\n<p><strong>Compartilhe:<\/strong><\/p>\n<p>                <img data-recalc-dims=\"1\" loading=\"lazy\" decoding=\"async\" width=\"25\" height=\"25\" src=\"https:\/\/i0.wp.com\/francaclassificados.com\/\/source\/view\/img\/20w50.png?resize=25%2C25&#038;ssl=1\" alt=\"Imagem compartilhar whatsapp\"\/><\/p>\n<p>                <img data-recalc-dims=\"1\" loading=\"lazy\" decoding=\"async\" width=\"25\" height=\"25\" src=\"https:\/\/i0.wp.com\/francaclassificados.com\/\/source\/view\/img\/18w50.png?resize=25%2C25&#038;ssl=1\" alt=\"Imagem compartilhar facebook\"\/><\/p>\n<\/p><\/div>\n<p>    <script async=\"\" src=\"https:\/\/pagead2.googlesyndication.com\/pagead\/js\/adsbygoogle.js?client=ca-pub-2853392113352629\" crossorigin=\"anonymous\"\/>\n    <ins class=\"adsbygoogle\" style=\"display:block\" data-ad-client=\"ca-pub-2853392113352629\" data-ad-slot=\"2925831803\" data-ad-format=\"auto\" data-full-width-responsive=\"true\"\/>\n    <script><![CDATA[(adsbygoogle = window.adsbygoogle || []).push({});]]><\/script><\/p>\n<div class=\"emp\">\n<p>\n            SUPERVISOR DE VENDAS<br \/>Distribuidora contrata-se para definir estrat\u00e9gias de vendas, organizar projetos, analisar a performance e motiva a equipe. disciplinado, ter conhecimentos avan\u00e7ados sobre a \u00e1rea, o produto. LIDERAN\u00c7A cumpre f\u00e9rias e rotas de vendedores externos . Experi\u00eancia de mercado, sal\u00e1rio inicial R$ 2600,00 + Comiss\u00e3o por resultado da equipe vendas + Convenio m\u00e9dico 50%. Inform\u00e1tica intermediaria. Interessados enviar curr\u00edculo danilo@originalbateria.com.br com sigla SUPERVISOR\n            <\/p>\n<p><strong>Compartilhe:<\/strong><\/p>\n<p>                <img data-recalc-dims=\"1\" loading=\"lazy\" decoding=\"async\" width=\"25\" height=\"25\" src=\"https:\/\/i0.wp.com\/francaclassificados.com\/\/source\/view\/img\/20w50.png?resize=25%2C25&#038;ssl=1\" alt=\"Imagem compartilhar whatsapp\"\/><\/p>\n<p>                <img data-recalc-dims=\"1\" loading=\"lazy\" decoding=\"async\" width=\"25\" height=\"25\" src=\"https:\/\/i0.wp.com\/francaclassificados.com\/\/source\/view\/img\/18w50.png?resize=25%2C25&#038;ssl=1\" alt=\"Imagem compartilhar facebook\"\/><\/p>\n<\/p><\/div>\n<div class=\"emp\">\n<p>\n            Aux Adm Experi\u00eancia em Imobili\u00e1ria<br \/>Estamos em busca de um(a) profissional organizado(a), proativo(a) e com experi\u00eancia no setor imobili\u00e1rio para atuar no suporte administrativo da nossa equipe. Ser\u00e1 respons\u00e1vel por rotinas administrativas, atendimento a clientes e suporte \u00e0s \u00e1reas de vendas e loca\u00e7\u00e3o. Enviar curr\u00edculo para: curriculo.ecommerce2024@gmail.com\n            <\/p>\n<p><strong>Compartilhe:<\/strong><\/p>\n<p>                <img data-recalc-dims=\"1\" loading=\"lazy\" decoding=\"async\" width=\"25\" height=\"25\" src=\"https:\/\/i0.wp.com\/francaclassificados.com\/\/source\/view\/img\/20w50.png?resize=25%2C25&#038;ssl=1\" alt=\"Imagem compartilhar whatsapp\"\/><\/p>\n<p>                <img data-recalc-dims=\"1\" loading=\"lazy\" decoding=\"async\" width=\"25\" height=\"25\" src=\"https:\/\/i0.wp.com\/francaclassificados.com\/\/source\/view\/img\/18w50.png?resize=25%2C25&#038;ssl=1\" alt=\"Imagem compartilhar facebook\"\/><\/p>\n<\/p><\/div>\n<p>    <script async=\"\" src=\"https:\/\/pagead2.googlesyndication.com\/pagead\/js\/adsbygoogle.js?client=ca-pub-2853392113352629\" crossorigin=\"anonymous\"\/>\n    <ins class=\"adsbygoogle\" style=\"display:block\" data-ad-client=\"ca-pub-2853392113352629\" data-ad-slot=\"2925831803\" data-ad-format=\"auto\" data-full-width-responsive=\"true\"\/>\n    <script><![CDATA[(adsbygoogle = window.adsbygoogle || []).push({});]]><\/script><\/p>\n<div class=\"emp\">\n<p>\n            Ind\u00fastria Cal\u00e7ados Distrito Industrial:<br \/>AUXILIAR DE EXPEDI\u00c7\u00c3O COM PR\u00c1TICA EM SEPARAR E EMBALAR ECOMMERCE, AUXILIAR DE AMOXARIFADO, PREGADOR DE PALMILHA QUE SAIBA ESCALAR FORMAS, RISCADOR DE SOLA, todos com pr\u00e1tica comprovada. Enviar curr\u00edculo no e-mail: financeiro.firewave@gmail.com ou para o Whatsapp: (16) 99184-5482 ou trazer pessoalmente no endere\u00e7o: Rua Bruno C\u00e9sar Prado Nogueira 471 - Distrito Industrial - em frente a Transportadora Braspress.\n            <\/p>\n<p><strong>Compartilhe:<\/strong><\/p>\n<p>                <img data-recalc-dims=\"1\" loading=\"lazy\" decoding=\"async\" width=\"25\" height=\"25\" src=\"https:\/\/i0.wp.com\/francaclassificados.com\/\/source\/view\/img\/20w50.png?resize=25%2C25&#038;ssl=1\" alt=\"Imagem compartilhar whatsapp\"\/><\/p>\n<p>                <img data-recalc-dims=\"1\" loading=\"lazy\" decoding=\"async\" width=\"25\" height=\"25\" src=\"https:\/\/i0.wp.com\/francaclassificados.com\/\/source\/view\/img\/18w50.png?resize=25%2C25&#038;ssl=1\" alt=\"Imagem compartilhar facebook\"\/><\/p>\n<\/p><\/div>\n<div class=\"emp\">\n<p>\n            Contrata bancas de pesponto produ\u00e7\u00e3o m\u00e9dia de 30 pares dia (PAGAMENTO SEMANAL)OS INTERESSADOS COMPARECER ARUA SANTA CLARA 2331 SANTA MARIA\n            <\/p>\n<p><strong>Compartilhe:<\/strong><\/p>\n<p>                <img data-recalc-dims=\"1\" loading=\"lazy\" decoding=\"async\" width=\"25\" height=\"25\" src=\"https:\/\/i0.wp.com\/francaclassificados.com\/\/source\/view\/img\/20w50.png?resize=25%2C25&#038;ssl=1\" alt=\"Imagem compartilhar whatsapp\"\/><\/p>\n<p>                <img data-recalc-dims=\"1\" loading=\"lazy\" decoding=\"async\" width=\"25\" height=\"25\" src=\"https:\/\/i0.wp.com\/francaclassificados.com\/\/source\/view\/img\/18w50.png?resize=25%2C25&#038;ssl=1\" alt=\"Imagem compartilhar facebook\"\/><\/p>\n<\/p><\/div>\n<p>    <script async=\"\" src=\"https:\/\/pagead2.googlesyndication.com\/pagead\/js\/adsbygoogle.js?client=ca-pub-2853392113352629\" crossorigin=\"anonymous\"\/>\n    <ins class=\"adsbygoogle\" style=\"display:block\" data-ad-client=\"ca-pub-2853392113352629\" data-ad-slot=\"2925831803\" data-ad-format=\"auto\" data-full-width-responsive=\"true\"\/>\n    <script><![CDATA[(adsbygoogle = window.adsbygoogle || []).push({});]]><\/script><\/p>\n<div class=\"emp\">\n<p>\n            CONTRATA:<br \/>Pespontador,Coladeira Pe\u00e7as para grupo de Pesponto, Banca Pesponto, Coringa Prepara\u00e7\u00e3o (Saiba Chanfrar), Revisora Corte, Carimbadeira, com experi\u00eancia comprovada. Interessados enviar curr\u00edculo para: rh@savellicalcados.com.br ou trazer pessoalmente na Rua Benedito Barbosa n\u00b0931- Jardim Paulistano II.\n            <\/p>\n<p><strong>Compartilhe:<\/strong><\/p>\n<p>                <img data-recalc-dims=\"1\" loading=\"lazy\" decoding=\"async\" width=\"25\" height=\"25\" src=\"https:\/\/i0.wp.com\/francaclassificados.com\/\/source\/view\/img\/20w50.png?resize=25%2C25&#038;ssl=1\" alt=\"Imagem compartilhar whatsapp\"\/><\/p>\n<p>                <img data-recalc-dims=\"1\" loading=\"lazy\" decoding=\"async\" width=\"25\" height=\"25\" src=\"https:\/\/i0.wp.com\/francaclassificados.com\/\/source\/view\/img\/18w50.png?resize=25%2C25&#038;ssl=1\" alt=\"Imagem compartilhar facebook\"\/><\/p>\n<\/p><\/div>\n<div class=\"emp\">\n<p>\n            AUXILIAR DE ESTOQUE DE SEGUNDA A SEXTA<br \/>\u2022 Experi\u00eancias anteriores no estoque; \u2022 Atividades: Receber, conferir, armazenar e separar mercadorias. Controlar entrada e sa\u00edda de produtos do estoque, solicitar reposi\u00e7\u00e3o de materiais e organizar produtos na \u00e1rea de armazenagem \u2022 Ensino m\u00e9dio completo; \u2022 Desej\u00e1vel conhecimento em Excel; \u2022 Disponibilidade de hor\u00e1rio comercial, sendo das 08:00 \u00e0s 18:00 de segunda \u00e0 sexta-feira. taveira_marina@hotmail.com\n            <\/p>\n<p><strong>Compartilhe:<\/strong><\/p>\n<p>                <img data-recalc-dims=\"1\" loading=\"lazy\" decoding=\"async\" width=\"25\" height=\"25\" src=\"https:\/\/i0.wp.com\/francaclassificados.com\/\/source\/view\/img\/20w50.png?resize=25%2C25&#038;ssl=1\" alt=\"Imagem compartilhar whatsapp\"\/><\/p>\n<p>                <img data-recalc-dims=\"1\" loading=\"lazy\" decoding=\"async\" width=\"25\" height=\"25\" src=\"https:\/\/i0.wp.com\/francaclassificados.com\/\/source\/view\/img\/18w50.png?resize=25%2C25&#038;ssl=1\" alt=\"Imagem compartilhar facebook\"\/><\/p>\n<\/p><\/div>\n<p>    <script async=\"\" src=\"https:\/\/pagead2.googlesyndication.com\/pagead\/js\/adsbygoogle.js?client=ca-pub-2853392113352629\" crossorigin=\"anonymous\"\/>\n    <ins class=\"adsbygoogle\" style=\"display:block\" data-ad-client=\"ca-pub-2853392113352629\" data-ad-slot=\"2925831803\" data-ad-format=\"auto\" data-full-width-responsive=\"true\"\/>\n    <script><![CDATA[(adsbygoogle = window.adsbygoogle || []).push({});]]><\/script><\/p>\n<div class=\"emp\">\n<p>\n            Contrata-se para as seguintes vagas: CORTADOR DE PALMILHA \/ AUXILIAR DE PRODU\u00c7\u00c3O \/ AUXILIAR DE OP. DE INJETORA Interessados enviar curr\u00edculo com o TITULO DE VAGA para empresasoladosrhdp@gmail.com\n            <\/p>\n<p><strong>Compartilhe:<\/strong><\/p>\n<p>                <img data-recalc-dims=\"1\" loading=\"lazy\" decoding=\"async\" width=\"25\" height=\"25\" src=\"https:\/\/i0.wp.com\/francaclassificados.com\/\/source\/view\/img\/20w50.png?resize=25%2C25&#038;ssl=1\" alt=\"Imagem compartilhar whatsapp\"\/><\/p>\n<p>                <img data-recalc-dims=\"1\" loading=\"lazy\" decoding=\"async\" width=\"25\" height=\"25\" src=\"https:\/\/i0.wp.com\/francaclassificados.com\/\/source\/view\/img\/18w50.png?resize=25%2C25&#038;ssl=1\" alt=\"Imagem compartilhar facebook\"\/><\/p>\n<\/p><\/div>\n<div class=\"emp\">\n<p>\n            Controller ou Coordenador Financeiro<br \/>Profissional para fluxo de caixa, DRE ou capital de giro, cria planilhas, implanta sistema, categoriza as despesas, estrutura fluxo de caixa, entrega relat\u00f3rios, Levantamento e organiza\u00e7\u00e3o de todas as movimenta\u00e7\u00f5es financeiras da empresa. Cria\u00e7\u00e3o e controle de fluxo de caixa (di\u00e1rio, semanal e mensal). Cria\u00e7\u00e3o e an\u00e1lise de DRE (Demonstrativo de Resultado do Exerc\u00edcio). Definir e padronizar categorias de despesas e receitas.<br \/>\n            <br \/>juniorvendas1988@gmail.com\n            <\/p>\n<p><strong>Compartilhe:<\/strong><\/p>\n<p>                <img data-recalc-dims=\"1\" loading=\"lazy\" decoding=\"async\" width=\"25\" height=\"25\" src=\"https:\/\/i0.wp.com\/francaclassificados.com\/\/source\/view\/img\/20w50.png?resize=25%2C25&#038;ssl=1\" alt=\"Imagem compartilhar whatsapp\"\/><\/p>\n<p>                <img data-recalc-dims=\"1\" loading=\"lazy\" decoding=\"async\" width=\"25\" height=\"25\" src=\"https:\/\/i0.wp.com\/francaclassificados.com\/\/source\/view\/img\/18w50.png?resize=25%2C25&#038;ssl=1\" alt=\"Imagem compartilhar facebook\"\/><\/p>\n<\/p><\/div>\n<p>    <script async=\"\" src=\"https:\/\/pagead2.googlesyndication.com\/pagead\/js\/adsbygoogle.js?client=ca-pub-2853392113352629\" crossorigin=\"anonymous\"\/>\n    <ins class=\"adsbygoogle\" style=\"display:block\" data-ad-client=\"ca-pub-2853392113352629\" data-ad-slot=\"2925831803\" data-ad-format=\"auto\" data-full-width-responsive=\"true\"\/>\n    <script><![CDATA[(adsbygoogle = window.adsbygoogle || []).push({});]]><\/script><\/p>\n<div class=\"emp\">\n<p>\n            CONTRATA-SE : CORINGA DE ESTEIRA, AUXILIAR DE PRODU\u00c7\u00c3O E PREPARADOR (A) DE SOLA, INTERESSADOS COMPARECER COM CURRICULO NA RUA MARANHAO, N\u00ba 1273 - VILA APARECIDA OU ENVIAR POR E-MAIL: faturamento@rosasecco.com\n            <\/p>\n<p><strong>Compartilhe:<\/strong><\/p>\n<p>                <img data-recalc-dims=\"1\" loading=\"lazy\" decoding=\"async\" width=\"25\" height=\"25\" src=\"https:\/\/i0.wp.com\/francaclassificados.com\/\/source\/view\/img\/20w50.png?resize=25%2C25&#038;ssl=1\" alt=\"Imagem compartilhar whatsapp\"\/><\/p>\n<p>                <img data-recalc-dims=\"1\" loading=\"lazy\" decoding=\"async\" width=\"25\" height=\"25\" src=\"https:\/\/i0.wp.com\/francaclassificados.com\/\/source\/view\/img\/18w50.png?resize=25%2C25&#038;ssl=1\" alt=\"Imagem compartilhar facebook\"\/><\/p>\n<\/p><\/div>\n<div class=\"emp\">\n<p>\n            AUXILIAR DE PRODU\u00c7\u00c3O<br \/>(Metal\u00fargica) em Franca admite auxiliar de produ\u00e7\u00e3o, precisa ser proativo, comprometido, din\u00e2mico possuir for\u00e7a de vontade. Benef\u00edcios vale alimenta\u00e7\u00e3o, convenio medico, convenio com farm\u00e1cia, convenio com o SESI e bonifica\u00e7\u00e3o. Interessados enviar curriculum para recrutamento@ferracopecas.com.br\n            <\/p>\n<p><strong>Compartilhe:<\/strong><\/p>\n<p>                <img data-recalc-dims=\"1\" loading=\"lazy\" decoding=\"async\" width=\"25\" height=\"25\" src=\"https:\/\/i0.wp.com\/francaclassificados.com\/\/source\/view\/img\/20w50.png?resize=25%2C25&#038;ssl=1\" alt=\"Imagem compartilhar whatsapp\"\/><\/p>\n<p>                <img data-recalc-dims=\"1\" loading=\"lazy\" decoding=\"async\" width=\"25\" height=\"25\" src=\"https:\/\/i0.wp.com\/francaclassificados.com\/\/source\/view\/img\/18w50.png?resize=25%2C25&#038;ssl=1\" alt=\"Imagem compartilhar facebook\"\/><\/p>\n<\/p><\/div>\n<p>    <script async=\"\" src=\"https:\/\/pagead2.googlesyndication.com\/pagead\/js\/adsbygoogle.js?client=ca-pub-2853392113352629\" crossorigin=\"anonymous\"\/>\n    <ins class=\"adsbygoogle\" style=\"display:block\" data-ad-client=\"ca-pub-2853392113352629\" data-ad-slot=\"2925831803\" data-ad-format=\"auto\" data-full-width-responsive=\"true\"\/>\n    <script><![CDATA[(adsbygoogle = window.adsbygoogle || []).push({});]]><\/script><\/p>\n<div class=\"emp\">\n<p>\n            Analista de Ecommerce Junior (Auxiliar)<br \/>Contrata-se Analista de E-commerce Junior com experi\u00eancia pr\u00e9via comprovada, carga hor\u00e1ria de segunda a sexta-feira hor\u00e1rio comercial (CLT). Experi\u00eancia em sistema BLING e VTEX ser\u00e3o diferenciais. Sal\u00e1rio a combinar. Profissional dever\u00e1 ter experi\u00eancia ou contato pr\u00e9vio com as rotinas de um Ecommerce (Atendimento, Trocas, Venda Ativa) com perfil para trabalhar com metas, integrar e acrescentar \u00e0 equipe e colaborar para que os resultados sejam alcan\u00e7ados. Curr\u00edculos para: vagasrhdrs@gmail.com\n            <\/p>\n<p><strong>Compartilhe:<\/strong><\/p>\n<p>                <img data-recalc-dims=\"1\" loading=\"lazy\" decoding=\"async\" width=\"25\" height=\"25\" src=\"https:\/\/i0.wp.com\/francaclassificados.com\/\/source\/view\/img\/20w50.png?resize=25%2C25&#038;ssl=1\" alt=\"Imagem compartilhar whatsapp\"\/><\/p>\n<p>                <img data-recalc-dims=\"1\" loading=\"lazy\" decoding=\"async\" width=\"25\" height=\"25\" src=\"https:\/\/i0.wp.com\/francaclassificados.com\/\/source\/view\/img\/18w50.png?resize=25%2C25&#038;ssl=1\" alt=\"Imagem compartilhar facebook\"\/><\/p>\n<\/p><\/div>\n<div class=\"emp\">\n<p>\n            Rede de supermercados contrata: Balconista de padaria, Operadora de caixa, Fiscal de caixa (com experi\u00eancia) A\u00e7ougueiro (ambos os sexos), Repositor, Jovem aprendiz, auxiliar de padeiro. Enviar curr\u00edculo para: rhdpcontrata3@gmail.com\n            <\/p>\n<p><strong>Compartilhe:<\/strong><\/p>\n<p>                <img data-recalc-dims=\"1\" loading=\"lazy\" decoding=\"async\" width=\"25\" height=\"25\" src=\"https:\/\/i0.wp.com\/francaclassificados.com\/\/source\/view\/img\/20w50.png?resize=25%2C25&#038;ssl=1\" alt=\"Imagem compartilhar whatsapp\"\/><\/p>\n<p>                <img data-recalc-dims=\"1\" loading=\"lazy\" decoding=\"async\" width=\"25\" height=\"25\" src=\"https:\/\/i0.wp.com\/francaclassificados.com\/\/source\/view\/img\/18w50.png?resize=25%2C25&#038;ssl=1\" alt=\"Imagem compartilhar facebook\"\/><\/p>\n<\/p><\/div>\n<p>    <script async=\"\" src=\"https:\/\/pagead2.googlesyndication.com\/pagead\/js\/adsbygoogle.js?client=ca-pub-2853392113352629\" crossorigin=\"anonymous\"\/>\n    <ins class=\"adsbygoogle\" style=\"display:block\" data-ad-client=\"ca-pub-2853392113352629\" data-ad-slot=\"2925831803\" data-ad-format=\"auto\" data-full-width-responsive=\"true\"\/>\n    <script><![CDATA[(adsbygoogle = window.adsbygoogle || []).push({});]]><\/script><\/p>\n<div class=\"emp\">\n<p>\n            T\u00c9CNICO EXTERNO<br \/>Empresa Metal\u00fargica atuante no setor agr\u00edcola, contrata profissional com conhecimento b\u00e1sico de mec\u00e2nica. Atua\u00e7\u00e3o fora da empresa em meio rural, com disponibilidade de viagem de at\u00e9 15 dias, e atua\u00e7\u00e3o dentro da empresa. Sal\u00e1rio Fixo + Comiss\u00e3o de Venda e benef\u00edcios de Vale Alimenta\u00e7\u00e3o + Plano de Sa\u00fade + Seguro de Vida. Interessados, enviar curr\u00edculo para selecaoerecrutamento-rh2025@hotmail.com\n            <\/p>\n<p><strong>Compartilhe:<\/strong><\/p>\n<p>                <img data-recalc-dims=\"1\" loading=\"lazy\" decoding=\"async\" width=\"25\" height=\"25\" src=\"https:\/\/i0.wp.com\/francaclassificados.com\/\/source\/view\/img\/20w50.png?resize=25%2C25&#038;ssl=1\" alt=\"Imagem compartilhar whatsapp\"\/><\/p>\n<p>                <img data-recalc-dims=\"1\" loading=\"lazy\" decoding=\"async\" width=\"25\" height=\"25\" src=\"https:\/\/i0.wp.com\/francaclassificados.com\/\/source\/view\/img\/18w50.png?resize=25%2C25&#038;ssl=1\" alt=\"Imagem compartilhar facebook\"\/><\/p>\n<\/p><\/div>\n<div class=\"emp\">\n<p>\n            Coordenador de Logistica<br \/>Estamos em busca de um profissional proativo, organizado e com perfil anal\u00edtico para atuar como Coordenador de Log\u00edstica, para atuar em Franca\/SP. Requisitos: Experi\u00eancia em roteiriza\u00e7\u00e3o de entregas e rastreamento de ve\u00edculos Controle de manuten\u00e7\u00e3o de frota Excel intermedi\u00e1rio Perfil anal\u00edtico, \u00e1gil e organizado Benef\u00edcios: Sal\u00e1rio fixo indicadores e metas Vale Alimenta\u00e7\u00e3o Vale Farm\u00e1cia 50% do Plano de Sa\u00fade Plano Odontol\u00f3gico Seguro de Vida curr\u00edculo via WhatsApp para: (16) 98120-7412\n            <\/p>\n<p><strong>Compartilhe:<\/strong><\/p>\n<p>                <img data-recalc-dims=\"1\" loading=\"lazy\" decoding=\"async\" width=\"25\" height=\"25\" src=\"https:\/\/i0.wp.com\/francaclassificados.com\/\/source\/view\/img\/20w50.png?resize=25%2C25&#038;ssl=1\" alt=\"Imagem compartilhar whatsapp\"\/><\/p>\n<p>                <img data-recalc-dims=\"1\" loading=\"lazy\" decoding=\"async\" width=\"25\" height=\"25\" src=\"https:\/\/i0.wp.com\/francaclassificados.com\/\/source\/view\/img\/18w50.png?resize=25%2C25&#038;ssl=1\" alt=\"Imagem compartilhar facebook\"\/><\/p>\n<\/p><\/div>\n<p>    <script async=\"\" src=\"https:\/\/pagead2.googlesyndication.com\/pagead\/js\/adsbygoogle.js?client=ca-pub-2853392113352629\" crossorigin=\"anonymous\"\/>\n    <ins class=\"adsbygoogle\" style=\"display:block\" data-ad-client=\"ca-pub-2853392113352629\" data-ad-slot=\"2925831803\" data-ad-format=\"auto\" data-full-width-responsive=\"true\"\/>\n    <script><![CDATA[(adsbygoogle = window.adsbygoogle || []).push({});]]><\/script><\/p>\n<div class=\"emp\">\n<p>\n            GESTOR DE CONTAS EM E-COMMERCE<br \/>Contrata- se Gestor de Contas em E-commerce, com experi\u00eancia nas principais Plataformas: Mercado Livre, Shopee, Magalu e Shein . Salario a combinar. Enviar curr\u00edculo para: mncontrataemprego@gmail.com\n            <\/p>\n<p><strong>Compartilhe:<\/strong><\/p>\n<p>                <img data-recalc-dims=\"1\" loading=\"lazy\" decoding=\"async\" width=\"25\" height=\"25\" src=\"https:\/\/i0.wp.com\/francaclassificados.com\/\/source\/view\/img\/20w50.png?resize=25%2C25&#038;ssl=1\" alt=\"Imagem compartilhar whatsapp\"\/><\/p>\n<p>                <img data-recalc-dims=\"1\" loading=\"lazy\" decoding=\"async\" width=\"25\" height=\"25\" src=\"https:\/\/i0.wp.com\/francaclassificados.com\/\/source\/view\/img\/18w50.png?resize=25%2C25&#038;ssl=1\" alt=\"Imagem compartilhar facebook\"\/><\/p>\n<\/p><\/div>\n<div class=\"emp\">\n<p>\n            Estamos contratando: Auxiliar de produ\u00e7\u00e3o Revisores de pesponto plancheador ( a) Venha fazer parte do nosso time. Enviar curr\u00edculo no e-mail: belloboy@belloboy.com.br\n            <\/p>\n<p><strong>Compartilhe:<\/strong><\/p>\n<p>                <img data-recalc-dims=\"1\" loading=\"lazy\" decoding=\"async\" width=\"25\" height=\"25\" src=\"https:\/\/i0.wp.com\/francaclassificados.com\/\/source\/view\/img\/20w50.png?resize=25%2C25&#038;ssl=1\" alt=\"Imagem compartilhar whatsapp\"\/><\/p>\n<p>                <img data-recalc-dims=\"1\" loading=\"lazy\" decoding=\"async\" width=\"25\" height=\"25\" src=\"https:\/\/i0.wp.com\/francaclassificados.com\/\/source\/view\/img\/18w50.png?resize=25%2C25&#038;ssl=1\" alt=\"Imagem compartilhar facebook\"\/><\/p>\n<\/p><\/div>\n<p>    <script async=\"\" src=\"https:\/\/pagead2.googlesyndication.com\/pagead\/js\/adsbygoogle.js?client=ca-pub-2853392113352629\" crossorigin=\"anonymous\"\/>\n    <ins class=\"adsbygoogle\" style=\"display:block\" data-ad-client=\"ca-pub-2853392113352629\" data-ad-slot=\"2925831803\" data-ad-format=\"auto\" data-full-width-responsive=\"true\"\/>\n    <script><![CDATA[(adsbygoogle = window.adsbygoogle || []).push({});]]><\/script><\/p>\n<div class=\"emp\">\n<p>\n            Operador(a) de Calandra de Sublima\u00e7\u00e3o<br \/>Temos uma vaga para um(a) profissional com experi\u00eancia em calandra de sublima\u00e7\u00e3o. Hor\u00e1rio comercial de trabalho de segunda a sexta das 7:10 as 16:58. Envie seu curr\u00edculo para Thiago 16 99255-5404\n            <\/p>\n<p><strong>Compartilhe:<\/strong><\/p>\n<p>                <img data-recalc-dims=\"1\" loading=\"lazy\" decoding=\"async\" width=\"25\" height=\"25\" src=\"https:\/\/i0.wp.com\/francaclassificados.com\/\/source\/view\/img\/20w50.png?resize=25%2C25&#038;ssl=1\" alt=\"Imagem compartilhar whatsapp\"\/><\/p>\n<p>                <img data-recalc-dims=\"1\" loading=\"lazy\" decoding=\"async\" width=\"25\" height=\"25\" src=\"https:\/\/i0.wp.com\/francaclassificados.com\/\/source\/view\/img\/18w50.png?resize=25%2C25&#038;ssl=1\" alt=\"Imagem compartilhar facebook\"\/><\/p>\n<\/p><\/div>\n<div class=\"emp\">\n<p>\n            ESTAGIO NA AREA DE PROGRAMA\u00c7\u00c3O<br \/>Estamos \u00e0 procura de estagi\u00e1rios em desenvolvimento de sistemas apaixonados por tecnologia. Se voc\u00ea tem habilidades em PHP, JavaScript, e Python e est\u00e1 cursando Sistemas de Informa\u00e7\u00e3o, temos uma vaga que oferece remunera\u00e7\u00e3o, vale-transporte e hor\u00e1rio flex\u00edvel. Envie seu curr\u00edculo para mecontrata@audtax.com.br e embarque nessa jornada conosco!\n            <\/p>\n<p><strong>Compartilhe:<\/strong><\/p>\n<p>                <img data-recalc-dims=\"1\" loading=\"lazy\" decoding=\"async\" width=\"25\" height=\"25\" src=\"https:\/\/i0.wp.com\/francaclassificados.com\/\/source\/view\/img\/20w50.png?resize=25%2C25&#038;ssl=1\" alt=\"Imagem compartilhar whatsapp\"\/><\/p>\n<p>                <img data-recalc-dims=\"1\" loading=\"lazy\" decoding=\"async\" width=\"25\" height=\"25\" src=\"https:\/\/i0.wp.com\/francaclassificados.com\/\/source\/view\/img\/18w50.png?resize=25%2C25&#038;ssl=1\" alt=\"Imagem compartilhar facebook\"\/><\/p>\n<\/p><\/div>\n<p>    <script async=\"\" src=\"https:\/\/pagead2.googlesyndication.com\/pagead\/js\/adsbygoogle.js?client=ca-pub-2853392113352629\" crossorigin=\"anonymous\"\/>\n    <ins class=\"adsbygoogle\" style=\"display:block\" data-ad-client=\"ca-pub-2853392113352629\" data-ad-slot=\"2925831803\" data-ad-format=\"auto\" data-full-width-responsive=\"true\"\/>\n    <script><![CDATA[(adsbygoogle = window.adsbygoogle || []).push({});]]><\/script><\/p>\n<div class=\"emp\">\n<p>\n            Prenseiro\/Expedi\u00e7\u00e3o<br \/>Contrata-se Prensador, n\u00e3o \u00e9 necess\u00e1rio experi\u00eancia, basta ter for\u00e7a de vontade em aprender e crescer junto a empresa (fun\u00e7\u00f5es: Estampar camisetas e despachar pedidos) - Fabrica nas imedia\u00e7\u00f5es do Angela Rosa - Enviar curr\u00edculo WhatsApp (16) 99165-4831.\n            <\/p>\n<p><strong>Compartilhe:<\/strong><\/p>\n<p>                <img data-recalc-dims=\"1\" loading=\"lazy\" decoding=\"async\" width=\"25\" height=\"25\" src=\"https:\/\/i0.wp.com\/francaclassificados.com\/\/source\/view\/img\/20w50.png?resize=25%2C25&#038;ssl=1\" alt=\"Imagem compartilhar whatsapp\"\/><\/p>\n<p>                <img data-recalc-dims=\"1\" loading=\"lazy\" decoding=\"async\" width=\"25\" height=\"25\" src=\"https:\/\/i0.wp.com\/francaclassificados.com\/\/source\/view\/img\/18w50.png?resize=25%2C25&#038;ssl=1\" alt=\"Imagem compartilhar facebook\"\/><\/p>\n<\/p><\/div>\n<div class=\"emp\">\n<p>\n            AUXILIAR DE VENDAS<br \/>CONTRATA-SE AUXILIAR DE VENDAS ONLINE, MAIOR DE 18 ANOS, COM EXPERIENCIA COMPROVADA, DISPENSO CURIOSOS, INICIO IMEDIATO - INTERESSADOS ENVIAR CURRICULUM PARA equipevendas2025@hotmail.com **\n            <\/p>\n<p><strong>Compartilhe:<\/strong><\/p>\n<p>                <img data-recalc-dims=\"1\" loading=\"lazy\" decoding=\"async\" width=\"25\" height=\"25\" src=\"https:\/\/i0.wp.com\/francaclassificados.com\/\/source\/view\/img\/20w50.png?resize=25%2C25&#038;ssl=1\" alt=\"Imagem compartilhar whatsapp\"\/><\/p>\n<p>                <img data-recalc-dims=\"1\" loading=\"lazy\" decoding=\"async\" width=\"25\" height=\"25\" src=\"https:\/\/i0.wp.com\/francaclassificados.com\/\/source\/view\/img\/18w50.png?resize=25%2C25&#038;ssl=1\" alt=\"Imagem compartilhar facebook\"\/><\/p>\n<\/p><\/div>\n<p>    <script async=\"\" src=\"https:\/\/pagead2.googlesyndication.com\/pagead\/js\/adsbygoogle.js?client=ca-pub-2853392113352629\" crossorigin=\"anonymous\"\/>\n    <ins class=\"adsbygoogle\" style=\"display:block\" data-ad-client=\"ca-pub-2853392113352629\" data-ad-slot=\"2925831803\" data-ad-format=\"auto\" data-full-width-responsive=\"true\"\/>\n    <script><![CDATA[(adsbygoogle = window.adsbygoogle || []).push({});]]><\/script><\/p>\n<div class=\"emp\">\n<p>\n            MARKETING\/COMUNICA\u00c7\u00c3O SOCIAL<br \/>Contrata profissional din\u00e2mico,proativo e criativo para atuar na \u00e1rea de Marketing e Comunica\u00e7\u00e3o,apoiando a\u00e7\u00f5es institucionais.Requisitos desejados:Conhecimento b\u00e1sico de redes sociais,facilidade em comunica\u00e7\u00e3o,proatividade,organiza\u00e7\u00e3o e responsabilidade,interesse em desenvolvimento institucional e relacionamento com o setor cont\u00e1bil.Diferenciais:Experi\u00eancia com eventos, no\u00e7\u00f5es de design gr\u00e1fico e edi\u00e7\u00e3o de v\u00eddeo.Interessados devem enviar curr\u00edculo para: rhcurriculos768@gmail.com\n            <\/p>\n<p><strong>Compartilhe:<\/strong><\/p>\n<p>                <img data-recalc-dims=\"1\" loading=\"lazy\" decoding=\"async\" width=\"25\" height=\"25\" src=\"https:\/\/i0.wp.com\/francaclassificados.com\/\/source\/view\/img\/20w50.png?resize=25%2C25&#038;ssl=1\" alt=\"Imagem compartilhar whatsapp\"\/><\/p>\n<p>                <img data-recalc-dims=\"1\" loading=\"lazy\" decoding=\"async\" width=\"25\" height=\"25\" src=\"https:\/\/i0.wp.com\/francaclassificados.com\/\/source\/view\/img\/18w50.png?resize=25%2C25&#038;ssl=1\" alt=\"Imagem compartilhar facebook\"\/><\/p>\n<\/p><\/div>\n<div class=\"emp\">\n<p>\n            Estamos contratando para inicio imediato; Fiscal de Preven\u00e7\u00e3o de perdas, Fiscal de Loja, A\u00e7ougueiro, Balconista de Padaria, Aux. de Limpeza, Operador de Caixa, Repositor, Empacotador, Aux. de Padeiro. Disponibilidade de hor\u00e1rio para trabalhar aos finais de semana e escala de trabalho 6x1. ter veiculo pr\u00f3prio ser\u00e1 um diferencial. Envie o seu curr\u00edculo pelo Whatsapp (16)3030-6977 ou e-mail rhgsrdp@gmail.com\n            <\/p>\n<p><strong>Compartilhe:<\/strong><\/p>\n<p>                <img data-recalc-dims=\"1\" loading=\"lazy\" decoding=\"async\" width=\"25\" height=\"25\" src=\"https:\/\/i0.wp.com\/francaclassificados.com\/\/source\/view\/img\/20w50.png?resize=25%2C25&#038;ssl=1\" alt=\"Imagem compartilhar whatsapp\"\/><\/p>\n<p>                <img data-recalc-dims=\"1\" loading=\"lazy\" decoding=\"async\" width=\"25\" height=\"25\" src=\"https:\/\/i0.wp.com\/francaclassificados.com\/\/source\/view\/img\/18w50.png?resize=25%2C25&#038;ssl=1\" alt=\"Imagem compartilhar facebook\"\/><\/p>\n<\/p><\/div>\n<p>    <script async=\"\" src=\"https:\/\/pagead2.googlesyndication.com\/pagead\/js\/adsbygoogle.js?client=ca-pub-2853392113352629\" crossorigin=\"anonymous\"\/>\n    <ins class=\"adsbygoogle\" style=\"display:block\" data-ad-client=\"ca-pub-2853392113352629\" data-ad-slot=\"2925831803\" data-ad-format=\"auto\" data-full-width-responsive=\"true\"\/>\n    <script><![CDATA[(adsbygoogle = window.adsbygoogle || []).push({});]]><\/script><\/p>\n<div class=\"emp\">\n<p>\n            AUX. ADM OFICINA MEC\u00c2NICA<br \/>Contrata-se Auxiliar Administrativo para oficina mec\u00e2nica . Atividades: realizar processos de entrada de notas fiscais, entrada de estoque e recep\u00e7\u00e3o. \u00c9 essencial ter conhecimento em Excel, boa comunica\u00e7\u00e3o, ser proativo, Enviar curriculos para: vagasdetrabalhofranca@gmail.com\n            <\/p>\n<p><strong>Compartilhe:<\/strong><\/p>\n<p>                <img data-recalc-dims=\"1\" loading=\"lazy\" decoding=\"async\" width=\"25\" height=\"25\" src=\"https:\/\/i0.wp.com\/francaclassificados.com\/\/source\/view\/img\/20w50.png?resize=25%2C25&#038;ssl=1\" alt=\"Imagem compartilhar whatsapp\"\/><\/p>\n<p>                <img data-recalc-dims=\"1\" loading=\"lazy\" decoding=\"async\" width=\"25\" height=\"25\" src=\"https:\/\/i0.wp.com\/francaclassificados.com\/\/source\/view\/img\/18w50.png?resize=25%2C25&#038;ssl=1\" alt=\"Imagem compartilhar facebook\"\/><\/p>\n<\/p><\/div>\n<div class=\"emp\">\n<p>\n            Vendedora<br \/>Sexo feminino, comunicativa, proativa, com conhecimento em redes sociais e gostar de vendas. Entregar curr\u00edculo pessoalmente na Rua \u00c1lvaro Abranches, 664 - Cidade Nova ou enviar pelo email rhyogamariamodas@gmail.com\n            <\/p>\n<p><strong>Compartilhe:<\/strong><\/p>\n<p>                <img data-recalc-dims=\"1\" loading=\"lazy\" decoding=\"async\" width=\"25\" height=\"25\" src=\"https:\/\/i0.wp.com\/francaclassificados.com\/\/source\/view\/img\/20w50.png?resize=25%2C25&#038;ssl=1\" alt=\"Imagem compartilhar whatsapp\"\/><\/p>\n<p>                <img data-recalc-dims=\"1\" loading=\"lazy\" decoding=\"async\" width=\"25\" height=\"25\" src=\"https:\/\/i0.wp.com\/francaclassificados.com\/\/source\/view\/img\/18w50.png?resize=25%2C25&#038;ssl=1\" alt=\"Imagem compartilhar facebook\"\/><\/p>\n<\/p><\/div>\n<p>    <script async=\"\" src=\"https:\/\/pagead2.googlesyndication.com\/pagead\/js\/adsbygoogle.js?client=ca-pub-2853392113352629\" crossorigin=\"anonymous\"\/>\n    <ins class=\"adsbygoogle\" style=\"display:block\" data-ad-client=\"ca-pub-2853392113352629\" data-ad-slot=\"2925831803\" data-ad-format=\"auto\" data-full-width-responsive=\"true\"\/>\n    <script><![CDATA[(adsbygoogle = window.adsbygoogle || []).push({});]]><\/script><\/p>\n<div class=\"emp\">\n<p>\n            Auxiliar de Produ\u00e7\u00e3o Ind\u00fastria <br \/>Temos v\u00e1rias vagas na ind\u00fastria. Trata-se de uma ind\u00fastria do ramo de alimentos com sal\u00e1rio CLT + cesta b\u00e1sica + produtos a pre\u00e7o de custo + Uniforme + Treinamento. Hor\u00e1rios de trabalho de segunda a sexta com entrada as 8h, as 12h e as 15h. Inicio previso dia 14\/05. Necessitamos de profissionais proativos, com boa energia para o trabalho. Envie seu curr\u00edculo para rhdequalidade@gmail.com\n            <\/p>\n<p><strong>Compartilhe:<\/strong><\/p>\n<p>                <img data-recalc-dims=\"1\" loading=\"lazy\" decoding=\"async\" width=\"25\" height=\"25\" src=\"https:\/\/i0.wp.com\/francaclassificados.com\/\/source\/view\/img\/20w50.png?resize=25%2C25&#038;ssl=1\" alt=\"Imagem compartilhar whatsapp\"\/><\/p>\n<p>                <img data-recalc-dims=\"1\" loading=\"lazy\" decoding=\"async\" width=\"25\" height=\"25\" src=\"https:\/\/i0.wp.com\/francaclassificados.com\/\/source\/view\/img\/18w50.png?resize=25%2C25&#038;ssl=1\" alt=\"Imagem compartilhar facebook\"\/><\/p>\n<\/p><\/div>\n<div class=\"emp\">\n<p>\n            VENDEDORAS<br \/>Loja no Shopping busca vendedora COM EXPERI\u00caNCIA, que goste de moda, seja comunicativa, pr\u00f3-ativa, comprometida, organizada, se identifique com metas\/comiss\u00f5es e tenha disponibilidade de hor\u00e1rios. Requisitos: Experi\u00eancia como vendedora, Segundo grau completo, inform\u00e1tica b\u00e1sica e dom\u00ednio em redes sociais. Proposta Salarial: Fixo + Benef\u00edcios + Comiss\u00f5es atrativas. Venha fazer parte do nosso time! Envie seu Curr\u00edculo com foto no email: milonfranca2@gmail.com\n            <\/p>\n<p><strong>Compartilhe:<\/strong><\/p>\n<p>                <img data-recalc-dims=\"1\" loading=\"lazy\" decoding=\"async\" width=\"25\" height=\"25\" src=\"https:\/\/i0.wp.com\/francaclassificados.com\/\/source\/view\/img\/20w50.png?resize=25%2C25&#038;ssl=1\" alt=\"Imagem compartilhar whatsapp\"\/><\/p>\n<p>                <img data-recalc-dims=\"1\" loading=\"lazy\" decoding=\"async\" width=\"25\" height=\"25\" src=\"https:\/\/i0.wp.com\/francaclassificados.com\/\/source\/view\/img\/18w50.png?resize=25%2C25&#038;ssl=1\" alt=\"Imagem compartilhar facebook\"\/><\/p>\n<\/p><\/div>\n<p>    <script async=\"\" src=\"https:\/\/pagead2.googlesyndication.com\/pagead\/js\/adsbygoogle.js?client=ca-pub-2853392113352629\" crossorigin=\"anonymous\"\/>\n    <ins class=\"adsbygoogle\" style=\"display:block\" data-ad-client=\"ca-pub-2853392113352629\" data-ad-slot=\"2925831803\" data-ad-format=\"auto\" data-full-width-responsive=\"true\"\/>\n    <script><![CDATA[(adsbygoogle = window.adsbygoogle || []).push({});]]><\/script><\/p>\n<div class=\"emp\">\n<p>\n            FABRICA DE CAL\u00c7ADOS CONTRATA Contrata-se MOLDADOR DE MOCASSIM ESCALADOR DE FORMA E CORINGA com experi\u00eancia, pessoa comprometida que queira trabalhar, disponibilidade para fazer horas extras, interessados chamar no WhatsApp (16) 99332-7708 falar com Italo.\n            <\/p>\n<p><strong>Compartilhe:<\/strong><\/p>\n<p>                <img data-recalc-dims=\"1\" loading=\"lazy\" decoding=\"async\" width=\"25\" height=\"25\" src=\"https:\/\/i0.wp.com\/francaclassificados.com\/\/source\/view\/img\/20w50.png?resize=25%2C25&#038;ssl=1\" alt=\"Imagem compartilhar whatsapp\"\/><\/p>\n<p>                <img data-recalc-dims=\"1\" loading=\"lazy\" decoding=\"async\" width=\"25\" height=\"25\" src=\"https:\/\/i0.wp.com\/francaclassificados.com\/\/source\/view\/img\/18w50.png?resize=25%2C25&#038;ssl=1\" alt=\"Imagem compartilhar facebook\"\/><\/p>\n<\/p><\/div>\n<div class=\"emp\">\n<p>\n            BANCA DE PESP\/ APONTADOR SOLA<br \/>ADMITE-SE Banca de pesponto e apontador de sola. Nos procurar na Avenida Lisete Coelho Louren\u00e7o,1580 ou pelo whatsapp (16) 3704-0545.\n            <\/p>\n<p><strong>Compartilhe:<\/strong><\/p>\n<p>                <img data-recalc-dims=\"1\" loading=\"lazy\" decoding=\"async\" width=\"25\" height=\"25\" src=\"https:\/\/i0.wp.com\/francaclassificados.com\/\/source\/view\/img\/20w50.png?resize=25%2C25&#038;ssl=1\" alt=\"Imagem compartilhar whatsapp\"\/><\/p>\n<p>                <img data-recalc-dims=\"1\" loading=\"lazy\" decoding=\"async\" width=\"25\" height=\"25\" src=\"https:\/\/i0.wp.com\/francaclassificados.com\/\/source\/view\/img\/18w50.png?resize=25%2C25&#038;ssl=1\" alt=\"Imagem compartilhar facebook\"\/><\/p>\n<\/p><\/div>\n<p>    <script async=\"\" src=\"https:\/\/pagead2.googlesyndication.com\/pagead\/js\/adsbygoogle.js?client=ca-pub-2853392113352629\" crossorigin=\"anonymous\"\/>\n    <ins class=\"adsbygoogle\" style=\"display:block\" data-ad-client=\"ca-pub-2853392113352629\" data-ad-slot=\"2925831803\" data-ad-format=\"auto\" data-full-width-responsive=\"true\"\/>\n    <script><![CDATA[(adsbygoogle = window.adsbygoogle || []).push({});]]><\/script><\/p>\n<div class=\"emp\">\n<p>\n            PLANEJADOR (A)<br \/>CONTRATA-SE PLANEJADOR (a) COM EXPERIENCIA EM PLANEJAMENTO PARA INDUSTRIA DE CAL\u00c7ADOS , SISTEMA SOFTPOLL. ENVIAR CURRICULUM COM PRETENSAO SALARIAL PARA contato@walkway.com.br\n            <\/p>\n<p><strong>Compartilhe:<\/strong><\/p>\n<p>                <img data-recalc-dims=\"1\" loading=\"lazy\" decoding=\"async\" width=\"25\" height=\"25\" src=\"https:\/\/i0.wp.com\/francaclassificados.com\/\/source\/view\/img\/20w50.png?resize=25%2C25&#038;ssl=1\" alt=\"Imagem compartilhar whatsapp\"\/><\/p>\n<p>                <img data-recalc-dims=\"1\" loading=\"lazy\" decoding=\"async\" width=\"25\" height=\"25\" src=\"https:\/\/i0.wp.com\/francaclassificados.com\/\/source\/view\/img\/18w50.png?resize=25%2C25&#038;ssl=1\" alt=\"Imagem compartilhar facebook\"\/><\/p>\n<\/p><\/div>\n<div class=\"emp\">\n<p>\n            Estamos contratando para in\u00edcio imediato os seguintes cargos, Auxiliar Acabamento, Plancheador e Coringa Trabalhamos com licita\u00e7\u00e3o servi\u00e7o ano inteiro. Estamos aumentando a produ\u00e7\u00e3o. Email rodrigoricordicomercial83@gmail.com ou 16-99264-5141\n            <\/p>\n<p><strong>Compartilhe:<\/strong><\/p>\n<p>                <img data-recalc-dims=\"1\" loading=\"lazy\" decoding=\"async\" width=\"25\" height=\"25\" src=\"https:\/\/i0.wp.com\/francaclassificados.com\/\/source\/view\/img\/20w50.png?resize=25%2C25&#038;ssl=1\" alt=\"Imagem compartilhar whatsapp\"\/><\/p>\n<p>                <img data-recalc-dims=\"1\" loading=\"lazy\" decoding=\"async\" width=\"25\" height=\"25\" src=\"https:\/\/i0.wp.com\/francaclassificados.com\/\/source\/view\/img\/18w50.png?resize=25%2C25&#038;ssl=1\" alt=\"Imagem compartilhar facebook\"\/><\/p>\n<\/p><\/div>\n<p>    <script async=\"\" src=\"https:\/\/pagead2.googlesyndication.com\/pagead\/js\/adsbygoogle.js?client=ca-pub-2853392113352629\" crossorigin=\"anonymous\"\/>\n    <ins class=\"adsbygoogle\" style=\"display:block\" data-ad-client=\"ca-pub-2853392113352629\" data-ad-slot=\"2925831803\" data-ad-format=\"auto\" data-full-width-responsive=\"true\"\/>\n    <script><![CDATA[(adsbygoogle = window.adsbygoogle || []).push({});]]><\/script><\/p>\n<div class=\"emp\">\n<p>\n            Auxiliar de Ecommerce<br \/>Vaga: Analista Auxiliar de E-commerce Hor\u00e1rio: Segunda a sexta, das 7h \u00e0s 17h Atividades: Cria\u00e7\u00e3o de an\u00fancios, atendimento via chat, gest\u00e3o de lojas e estoque online. Requisitos: Experi\u00eancia nas fun\u00e7\u00f5es, proatividade e organiza\u00e7\u00e3o. Venha crescer conosco no mundo digital! Envie seu curr\u00edculo para: financeiro@madutex.com.br\n            <\/p>\n<p><strong>Compartilhe:<\/strong><\/p>\n<p>                <img data-recalc-dims=\"1\" loading=\"lazy\" decoding=\"async\" width=\"25\" height=\"25\" src=\"https:\/\/i0.wp.com\/francaclassificados.com\/\/source\/view\/img\/20w50.png?resize=25%2C25&#038;ssl=1\" alt=\"Imagem compartilhar whatsapp\"\/><\/p>\n<p>                <img data-recalc-dims=\"1\" loading=\"lazy\" decoding=\"async\" width=\"25\" height=\"25\" src=\"https:\/\/i0.wp.com\/francaclassificados.com\/\/source\/view\/img\/18w50.png?resize=25%2C25&#038;ssl=1\" alt=\"Imagem compartilhar facebook\"\/><\/p>\n<\/p><\/div>\n<div class=\"emp\">\n<p>\n            Consultor de Vendas<br \/>Maior construtora do interior do estado de S\u00e3o Paulo est\u00e1 aumentando seu quadro e busca consultores de vendas (com ou sem experi\u00eancia em vendas), que sejam pr\u00f3 ativos, comunicativos, comprometidos e motivados\/focados por metas e resultados. Oferecemos comiss\u00f5es atrativas, treinamento completo e contrata\u00e7\u00e3o modelo PJ. Ambiente flex\u00edvel, profissional e com reconhecimento para os destaques. Envie seu curr\u00edculo para (16) 99978-7092 ou robson.silva@vendasvitta.com.br\n            <\/p>\n<p><strong>Compartilhe:<\/strong><\/p>\n<p>                <img data-recalc-dims=\"1\" loading=\"lazy\" decoding=\"async\" width=\"25\" height=\"25\" src=\"https:\/\/i0.wp.com\/francaclassificados.com\/\/source\/view\/img\/20w50.png?resize=25%2C25&#038;ssl=1\" alt=\"Imagem compartilhar whatsapp\"\/><\/p>\n<p>                <img data-recalc-dims=\"1\" loading=\"lazy\" decoding=\"async\" width=\"25\" height=\"25\" src=\"https:\/\/i0.wp.com\/francaclassificados.com\/\/source\/view\/img\/18w50.png?resize=25%2C25&#038;ssl=1\" alt=\"Imagem compartilhar facebook\"\/><\/p>\n<\/p><\/div>\n<p>    <script async=\"\" src=\"https:\/\/pagead2.googlesyndication.com\/pagead\/js\/adsbygoogle.js?client=ca-pub-2853392113352629\" crossorigin=\"anonymous\"\/>\n    <ins class=\"adsbygoogle\" style=\"display:block\" data-ad-client=\"ca-pub-2853392113352629\" data-ad-slot=\"2925831803\" data-ad-format=\"auto\" data-full-width-responsive=\"true\"\/>\n    <script><![CDATA[(adsbygoogle = window.adsbygoogle || []).push({});]]><\/script><\/p>\n<div class=\"emp\">\n<p>\n            Est\u00e1gio em Ensino de Ingl\u00eas Home office<br \/>Estamos em busca de um(a) professor(a) estagi\u00e1rio(a) de ingl\u00eas para se juntar ao nosso time! Se voc\u00ea \u00e9 apaixonado(a) por educa\u00e7\u00e3o, tem boa comunica\u00e7\u00e3o e adora inovar na forma de ensinar, essa vaga \u00e9 pra voc\u00ea! Modalidade: 100% remoto Carga hor\u00e1ria: Meio per\u00edodo (20 horas semanais) Tipo de vaga: Est\u00e1gio remunerado. Enviar curr\u00edculo para: contato@fluenciz.com - A Vaga \u00e9 est\u00e1gio, n\u00e3o \u00e9 CLT e precisa estar cursando ingl\u00eas\/letras\n            <\/p>\n<p><strong>Compartilhe:<\/strong><\/p>\n<p>                <img data-recalc-dims=\"1\" loading=\"lazy\" decoding=\"async\" width=\"25\" height=\"25\" src=\"https:\/\/i0.wp.com\/francaclassificados.com\/\/source\/view\/img\/20w50.png?resize=25%2C25&#038;ssl=1\" alt=\"Imagem compartilhar whatsapp\"\/><\/p>\n<p>                <img data-recalc-dims=\"1\" loading=\"lazy\" decoding=\"async\" width=\"25\" height=\"25\" src=\"https:\/\/i0.wp.com\/francaclassificados.com\/\/source\/view\/img\/18w50.png?resize=25%2C25&#038;ssl=1\" alt=\"Imagem compartilhar facebook\"\/><\/p>\n<\/p><\/div>\n<div class=\"emp\">\n<p>\n            Estoquista Loja Ferramentas<br \/>Contrata-se estoquistas para loja de m\u00e1quinas e ferramentas, com experi\u00eancia. Necess\u00e1rio ter mais de 18 anos, ter bastante agilidade e facilidade em aprender. Sal\u00e1rio fixo R$ 1.994,16 + Vale alimenta\u00e7\u00e3o. Hor\u00e1rio comercial segunda a sexta-feira, s\u00e1bados 8:00 \u00e0s 12:30. Enviar curriculo para: curriculoscpfranca@gmail.com. Inicio imediato!\n            <\/p>\n<p><strong>Compartilhe:<\/strong><\/p>\n<p>                <img data-recalc-dims=\"1\" loading=\"lazy\" decoding=\"async\" width=\"25\" height=\"25\" src=\"https:\/\/i0.wp.com\/francaclassificados.com\/\/source\/view\/img\/20w50.png?resize=25%2C25&#038;ssl=1\" alt=\"Imagem compartilhar whatsapp\"\/><\/p>\n<p>                <img data-recalc-dims=\"1\" loading=\"lazy\" decoding=\"async\" width=\"25\" height=\"25\" src=\"https:\/\/i0.wp.com\/francaclassificados.com\/\/source\/view\/img\/18w50.png?resize=25%2C25&#038;ssl=1\" alt=\"Imagem compartilhar facebook\"\/><\/p>\n<\/p><\/div>\n<p>    <script async=\"\" src=\"https:\/\/pagead2.googlesyndication.com\/pagead\/js\/adsbygoogle.js?client=ca-pub-2853392113352629\" crossorigin=\"anonymous\"\/>\n    <ins class=\"adsbygoogle\" style=\"display:block\" data-ad-client=\"ca-pub-2853392113352629\" data-ad-slot=\"2925831803\" data-ad-format=\"auto\" data-full-width-responsive=\"true\"\/>\n    <script><![CDATA[(adsbygoogle = window.adsbygoogle || []).push({});]]><\/script><\/p>\n<div class=\"emp\">\n<p>\n            AUXILIAR DE MONTADOR DE M\u00d3VEIS<br \/>Vaga para auxiliar de montador de m\u00f3veis planejados em Franca, com experi\u00eancia, que seja proativo para trabalhar de segunda a sexta das 07:00 \u00e0s 17:10 hs, sal\u00e1rio \u00e0 combinar, favor enviar curr\u00edculo para: cintraemateus@yahoo.com.br ou entrar em contato no telefone: (16) 98189-0007\n            <\/p>\n<p><strong>Compartilhe:<\/strong><\/p>\n<p>                <img data-recalc-dims=\"1\" loading=\"lazy\" decoding=\"async\" width=\"25\" height=\"25\" src=\"https:\/\/i0.wp.com\/francaclassificados.com\/\/source\/view\/img\/20w50.png?resize=25%2C25&#038;ssl=1\" alt=\"Imagem compartilhar whatsapp\"\/><\/p>\n<p>                <img data-recalc-dims=\"1\" loading=\"lazy\" decoding=\"async\" width=\"25\" height=\"25\" src=\"https:\/\/i0.wp.com\/francaclassificados.com\/\/source\/view\/img\/18w50.png?resize=25%2C25&#038;ssl=1\" alt=\"Imagem compartilhar facebook\"\/><\/p>\n<\/p><\/div>\n<div class=\"emp\">\n<p>\n            DESIGNER GR\u00c1FICO<br \/>Estamos \u00e0 procura de um Editor(a) de Imagens talentoso e criativo para fazer parte da nossa equipe! Se voc\u00ea \u00e9 apaixonado por design, queremos conhecer voc\u00ea! Requisitos: Experi\u00eancia comprovada com edi\u00e7\u00e3o de imagens; Dom\u00ednio Adobe Photoshop; Habilidade para trabalhar em equipe; Criatividade e aten\u00e7\u00e3o aos detalhes ***Diferencial: Conhecimento em cria\u00e7\u00e3o e edi\u00e7\u00e3o de v\u00eddeos. Interessados enviar curr\u00edculo por E-mail ou WhatsApp 16999943914\n            <\/p>\n<p><strong>Compartilhe:<\/strong><\/p>\n<p>                <img data-recalc-dims=\"1\" loading=\"lazy\" decoding=\"async\" width=\"25\" height=\"25\" src=\"https:\/\/i0.wp.com\/francaclassificados.com\/\/source\/view\/img\/20w50.png?resize=25%2C25&#038;ssl=1\" alt=\"Imagem compartilhar whatsapp\"\/><\/p>\n<p>                <img data-recalc-dims=\"1\" loading=\"lazy\" decoding=\"async\" width=\"25\" height=\"25\" src=\"https:\/\/i0.wp.com\/francaclassificados.com\/\/source\/view\/img\/18w50.png?resize=25%2C25&#038;ssl=1\" alt=\"Imagem compartilhar facebook\"\/><\/p>\n<\/p><\/div>\n<p>    <script async=\"\" src=\"https:\/\/pagead2.googlesyndication.com\/pagead\/js\/adsbygoogle.js?client=ca-pub-2853392113352629\" crossorigin=\"anonymous\"\/>\n    <ins class=\"adsbygoogle\" style=\"display:block\" data-ad-client=\"ca-pub-2853392113352629\" data-ad-slot=\"2925831803\" data-ad-format=\"auto\" data-full-width-responsive=\"true\"\/>\n    <script><![CDATA[(adsbygoogle = window.adsbygoogle || []).push({});]]><\/script><\/p>\n<div class=\"emp\">\n<p>\n            Empresa de grande porte, contrata:<br \/>-Auxiliar m\u00e1quina de corte; -Chanfradeira; Coladeira de pe\u00e7as; -Auxiliar de montagem; -Descedor de base; -Montador manual; -Operador de calceira; -Espianador; -Charuto; -Revisor; -Requista; -Manchador; -Auxiliar de Acabamento; -Auxiliar de Almoxarifado; -Auxiliar de expedi\u00e7\u00e3o; -Pespontador; A empresa oferece cesta b\u00e1sica, plano de sa\u00fade 50% do titular e vale transporte. Interessados enviar curr\u00edculo pelo e-mail: cdvrh@com4.com.br\n            <\/p>\n<p><strong>Compartilhe:<\/strong><\/p>\n<p>                <img data-recalc-dims=\"1\" loading=\"lazy\" decoding=\"async\" width=\"25\" height=\"25\" src=\"https:\/\/i0.wp.com\/francaclassificados.com\/\/source\/view\/img\/20w50.png?resize=25%2C25&#038;ssl=1\" alt=\"Imagem compartilhar whatsapp\"\/><\/p>\n<p>                <img data-recalc-dims=\"1\" loading=\"lazy\" decoding=\"async\" width=\"25\" height=\"25\" src=\"https:\/\/i0.wp.com\/francaclassificados.com\/\/source\/view\/img\/18w50.png?resize=25%2C25&#038;ssl=1\" alt=\"Imagem compartilhar facebook\"\/><\/p>\n<\/p><\/div>\n<div class=\"emp\">\n<p>\n            VENDEDOR TELEMARKETING<br \/>Oportunidade Imperd\u00edvel! Estamos contratando Vendedores de Telemarketing para um produto de f\u00e1cil venda e alta aceita\u00e7\u00e3o no mercado! Se voc\u00ea \u00e9 ambicioso, quer crescer r\u00e1pido e ganhar muito dinheiro, venha para uma das melhores empresas do setor. Oferecemos altas comiss\u00f5es, pr\u00eamios, benef\u00edcios e plano de carreira. Aqui seu esfor\u00e7o \u00e9 valorizado! Envie seu curr\u00edculo agora para: selecom2024@gmail.com e mude de vida!\n            <\/p>\n<p><strong>Compartilhe:<\/strong><\/p>\n<p>                <img data-recalc-dims=\"1\" loading=\"lazy\" decoding=\"async\" width=\"25\" height=\"25\" src=\"https:\/\/i0.wp.com\/francaclassificados.com\/\/source\/view\/img\/20w50.png?resize=25%2C25&#038;ssl=1\" alt=\"Imagem compartilhar whatsapp\"\/><\/p>\n<p>                <img data-recalc-dims=\"1\" loading=\"lazy\" decoding=\"async\" width=\"25\" height=\"25\" src=\"https:\/\/i0.wp.com\/francaclassificados.com\/\/source\/view\/img\/18w50.png?resize=25%2C25&#038;ssl=1\" alt=\"Imagem compartilhar facebook\"\/><\/p>\n<\/p><\/div>\n<p>    <script async=\"\" src=\"https:\/\/pagead2.googlesyndication.com\/pagead\/js\/adsbygoogle.js?client=ca-pub-2853392113352629\" crossorigin=\"anonymous\"\/>\n    <ins class=\"adsbygoogle\" style=\"display:block\" data-ad-client=\"ca-pub-2853392113352629\" data-ad-slot=\"2925831803\" data-ad-format=\"auto\" data-full-width-responsive=\"true\"\/>\n    <script><![CDATA[(adsbygoogle = window.adsbygoogle || []).push({});]]><\/script><\/p>\n<div class=\"emp\">\n<p>\n            Auxiliar FTTH e FTTX - (MASCULINO)<br \/>Auxiliar o instalador nas instala\u00e7\u00f5es e reparos nas redes FTTH e FTTX. Atender chamados dos clientes. Realizar configura\u00e7\u00e3o de roteadores e repetidores de sinal entre outros. Necess\u00e1rio experi\u00eancia na \u00e1rea de telecomunica\u00e7\u00f5es ou el\u00e9trica. ENVIAR CURR\u00cdCULO PARA: contato@wlnet.com.br\n            <\/p>\n<p><strong>Compartilhe:<\/strong><\/p>\n<p>                <img data-recalc-dims=\"1\" loading=\"lazy\" decoding=\"async\" width=\"25\" height=\"25\" src=\"https:\/\/i0.wp.com\/francaclassificados.com\/\/source\/view\/img\/20w50.png?resize=25%2C25&#038;ssl=1\" alt=\"Imagem compartilhar whatsapp\"\/><\/p>\n<p>                <img data-recalc-dims=\"1\" loading=\"lazy\" decoding=\"async\" width=\"25\" height=\"25\" src=\"https:\/\/i0.wp.com\/francaclassificados.com\/\/source\/view\/img\/18w50.png?resize=25%2C25&#038;ssl=1\" alt=\"Imagem compartilhar facebook\"\/><\/p>\n<\/p><\/div>\n<div class=\"emp\">\n<p>\n            ACABADOR\/APONTADOR DE SOLA<br \/>Contrata-se Acabador\/Apontador de Sola com Experi\u00eancia. Interessados enviarem o curr\u00edculo para o e-mail: wilker9191@hotmail.com ou entregarem no endere\u00e7o: Rua Jos\u00e9 Garcia Gomes, n\u00ba3101 Jardim Palma.\n            <\/p>\n<p><strong>Compartilhe:<\/strong><\/p>\n<p>                <img data-recalc-dims=\"1\" loading=\"lazy\" decoding=\"async\" width=\"25\" height=\"25\" src=\"https:\/\/i0.wp.com\/francaclassificados.com\/\/source\/view\/img\/20w50.png?resize=25%2C25&#038;ssl=1\" alt=\"Imagem compartilhar whatsapp\"\/><\/p>\n<p>                <img data-recalc-dims=\"1\" loading=\"lazy\" decoding=\"async\" width=\"25\" height=\"25\" src=\"https:\/\/i0.wp.com\/francaclassificados.com\/\/source\/view\/img\/18w50.png?resize=25%2C25&#038;ssl=1\" alt=\"Imagem compartilhar facebook\"\/><\/p>\n<\/p><\/div>\n<p>    <script async=\"\" src=\"https:\/\/pagead2.googlesyndication.com\/pagead\/js\/adsbygoogle.js?client=ca-pub-2853392113352629\" crossorigin=\"anonymous\"\/>\n    <ins class=\"adsbygoogle\" style=\"display:block\" data-ad-client=\"ca-pub-2853392113352629\" data-ad-slot=\"2925831803\" data-ad-format=\"auto\" data-full-width-responsive=\"true\"\/>\n    <script><![CDATA[(adsbygoogle = window.adsbygoogle || []).push({});]]><\/script><\/p>\n<div class=\"emp\">\n<p>\n            Admite-se Auxiliar de Produ\u00e7\u00e3o Geral e Operador de Injetora com ou sem experiencia ( Pessoas que queiram aprender ) ! empresa localizada no Distrito Industrial, Sal\u00e1rio + Bonifica\u00e7\u00e3o ! interessados enviar curriculo para email: k2solado@bol.com.br ou Whatsapp (16) 99172-0939.\n            <\/p>\n<p><strong>Compartilhe:<\/strong><\/p>\n<p>                <img data-recalc-dims=\"1\" loading=\"lazy\" decoding=\"async\" width=\"25\" height=\"25\" src=\"https:\/\/i0.wp.com\/francaclassificados.com\/\/source\/view\/img\/20w50.png?resize=25%2C25&#038;ssl=1\" alt=\"Imagem compartilhar whatsapp\"\/><\/p>\n<p>                <img data-recalc-dims=\"1\" loading=\"lazy\" decoding=\"async\" width=\"25\" height=\"25\" src=\"https:\/\/i0.wp.com\/francaclassificados.com\/\/source\/view\/img\/18w50.png?resize=25%2C25&#038;ssl=1\" alt=\"Imagem compartilhar facebook\"\/><\/p>\n<\/p><\/div>\n<div class=\"emp\">\n<p>\n            Auxiliar de Departamento Pessoal<br \/>Indispens\u00e1vel conhecimento nas rotinas b\u00e1sicas do departamento tais como: processo de admiss\u00e3o, rescis\u00e3o, c\u00e1lculo de folha de pagamento, f\u00e9rias , 13\u00ba sal\u00e1rio. Experi\u00eancia m\u00ednima de 1 ano. Hor\u00e1rio de trabalho de segunda sexta das 7:30hs \u00e0s 17:30hs. Regime CLT: Sal\u00e1rio + Vale alimenta\u00e7\u00e3o + Vale transporte + Seguro de Vida + PLR. Interessados enviar curr\u00edculo para: processoseletivocd79@gmail.com\n            <\/p>\n<p><strong>Compartilhe:<\/strong><\/p>\n<p>                <img data-recalc-dims=\"1\" loading=\"lazy\" decoding=\"async\" width=\"25\" height=\"25\" src=\"https:\/\/i0.wp.com\/francaclassificados.com\/\/source\/view\/img\/20w50.png?resize=25%2C25&#038;ssl=1\" alt=\"Imagem compartilhar whatsapp\"\/><\/p>\n<p>                <img data-recalc-dims=\"1\" loading=\"lazy\" decoding=\"async\" width=\"25\" height=\"25\" src=\"https:\/\/i0.wp.com\/francaclassificados.com\/\/source\/view\/img\/18w50.png?resize=25%2C25&#038;ssl=1\" alt=\"Imagem compartilhar facebook\"\/><\/p>\n<\/p><\/div>\n<p>    <script async=\"\" src=\"https:\/\/pagead2.googlesyndication.com\/pagead\/js\/adsbygoogle.js?client=ca-pub-2853392113352629\" crossorigin=\"anonymous\"\/>\n    <ins class=\"adsbygoogle\" style=\"display:block\" data-ad-client=\"ca-pub-2853392113352629\" data-ad-slot=\"2925831803\" data-ad-format=\"auto\" data-full-width-responsive=\"true\"\/>\n    <script><![CDATA[(adsbygoogle = window.adsbygoogle || []).push({});]]><\/script><\/p>\n<div class=\"emp\">\n<p>\n            Chanfrador(a)<br \/>ADMITE-SE CHANFRADOR(A) COM PR\u00c1TICA. INTERESSADOS ENVIAR CURR\u00cdCULO PARA: CALCADOSGTX@GMAIL.COM\n            <\/p>\n<p><strong>Compartilhe:<\/strong><\/p>\n<p>                <img data-recalc-dims=\"1\" loading=\"lazy\" decoding=\"async\" width=\"25\" height=\"25\" src=\"https:\/\/i0.wp.com\/francaclassificados.com\/\/source\/view\/img\/20w50.png?resize=25%2C25&#038;ssl=1\" alt=\"Imagem compartilhar whatsapp\"\/><\/p>\n<p>                <img data-recalc-dims=\"1\" loading=\"lazy\" decoding=\"async\" width=\"25\" height=\"25\" src=\"https:\/\/i0.wp.com\/francaclassificados.com\/\/source\/view\/img\/18w50.png?resize=25%2C25&#038;ssl=1\" alt=\"Imagem compartilhar facebook\"\/><\/p>\n<\/p><\/div>\n<div class=\"emp\">\n<p>\n            Higienizador de Estofados<br \/>Responsabilidades e atribui\u00e7\u00f5es: Higieniza\u00e7\u00e3o de sof\u00e1s, colch\u00f5es, poltronas, cadeiras, bancos automotivos, entre outros Remo\u00e7\u00e3o de manchas, odores, \u00e1caros e sujeiras profundas Uso de extratoras, vaporizadores e demais equipamentos de limpeza. Requisitos: Conhecimento sobre produtos e equipamentos de higieniza\u00e7\u00e3o Capricho, aten\u00e7\u00e3o aos detalhes,Facilidade de comunica\u00e7\u00e3o e bom atendimento ao cliente Organiza\u00e7\u00e3o CNH (Categoria A\/B) ser\u00e1 um diferencial. Envie seu curr\u00edculo: (16) 98219-6535 (Le Set)\n            <\/p>\n<p><strong>Compartilhe:<\/strong><\/p>\n<p>                <img data-recalc-dims=\"1\" loading=\"lazy\" decoding=\"async\" width=\"25\" height=\"25\" src=\"https:\/\/i0.wp.com\/francaclassificados.com\/\/source\/view\/img\/20w50.png?resize=25%2C25&#038;ssl=1\" alt=\"Imagem compartilhar whatsapp\"\/><\/p>\n<p>                <img data-recalc-dims=\"1\" loading=\"lazy\" decoding=\"async\" width=\"25\" height=\"25\" src=\"https:\/\/i0.wp.com\/francaclassificados.com\/\/source\/view\/img\/18w50.png?resize=25%2C25&#038;ssl=1\" alt=\"Imagem compartilhar facebook\"\/><\/p>\n<\/p><\/div>\n<p>    <script async=\"\" src=\"https:\/\/pagead2.googlesyndication.com\/pagead\/js\/adsbygoogle.js?client=ca-pub-2853392113352629\" crossorigin=\"anonymous\"\/>\n    <ins class=\"adsbygoogle\" style=\"display:block\" data-ad-client=\"ca-pub-2853392113352629\" data-ad-slot=\"2925831803\" data-ad-format=\"auto\" data-full-width-responsive=\"true\"\/>\n    <script><![CDATA[(adsbygoogle = window.adsbygoogle || []).push({});]]><\/script><\/p>\n<div class=\"emp\">\n<p>\n            VAGAS EM ABERTO<br \/>*ATENDENTE P\/ LOJA DE BEBIDAS*:Com experi\u00eancia e disponibilidade para trabalhar \u00e0 noite e dia \/ *AUX. CONT\u00c1BIL*:Com experi\u00eancia\/ *REPRESENTANTE COMERCIAL*: Com experi\u00eancia. Para atender na \u00e1rea T\u00eaxtil.\/ AUX. PRODU\u00c7\u00c3O*: Preferencialmente do sexo masculino. N\u00e3o \u00e9 necess\u00e1rio ter experi\u00eancia. Todas as vagas para inicio imediato. Interessados enviar curr\u00edculo com foto, para o e-mail anavalimconsultoria@gmail.com, informando vaga de interesse no assunto do e-mail.*\n            <\/p>\n<p><strong>Compartilhe:<\/strong><\/p>\n<p>                <img data-recalc-dims=\"1\" loading=\"lazy\" decoding=\"async\" width=\"25\" height=\"25\" src=\"https:\/\/i0.wp.com\/francaclassificados.com\/\/source\/view\/img\/20w50.png?resize=25%2C25&#038;ssl=1\" alt=\"Imagem compartilhar whatsapp\"\/><\/p>\n<p>                <img data-recalc-dims=\"1\" loading=\"lazy\" decoding=\"async\" width=\"25\" height=\"25\" src=\"https:\/\/i0.wp.com\/francaclassificados.com\/\/source\/view\/img\/18w50.png?resize=25%2C25&#038;ssl=1\" alt=\"Imagem compartilhar facebook\"\/><\/p>\n<\/p><\/div>\n<div class=\"emp\">\n<p>\n            PROMOTORA EXTERNA<br \/>Contrata\u00e7\u00e3o promotora de capta\u00e7\u00e3o Externo: Prospec\u00e7\u00e3o de novos revendedores atrav\u00e9s de: 1. Panfletagem em campo. 2. Prospec\u00e7\u00e3o em Redes sociais. 3. Visitas para cadastros enviados pela central. Atendimento para novos revendedores da base, atrav\u00e9s de telefone e visitas presenciais Carro pr\u00f3prio; Disponibilidade de viagens; Ensino M\u00e9dio Completo; Facilidade em se conectar com pessoas.<br \/>\n            <br \/>vagas.atram@gmail.com\n            <\/p>\n<p><strong>Compartilhe:<\/strong><\/p>\n<p>                <img data-recalc-dims=\"1\" loading=\"lazy\" decoding=\"async\" width=\"25\" height=\"25\" src=\"https:\/\/i0.wp.com\/francaclassificados.com\/\/source\/view\/img\/20w50.png?resize=25%2C25&#038;ssl=1\" alt=\"Imagem compartilhar whatsapp\"\/><\/p>\n<p>                <img data-recalc-dims=\"1\" loading=\"lazy\" decoding=\"async\" width=\"25\" height=\"25\" src=\"https:\/\/i0.wp.com\/francaclassificados.com\/\/source\/view\/img\/18w50.png?resize=25%2C25&#038;ssl=1\" alt=\"Imagem compartilhar facebook\"\/><\/p>\n<\/p><\/div>\n<p>    <script async=\"\" src=\"https:\/\/pagead2.googlesyndication.com\/pagead\/js\/adsbygoogle.js?client=ca-pub-2853392113352629\" crossorigin=\"anonymous\"\/>\n    <ins class=\"adsbygoogle\" style=\"display:block\" data-ad-client=\"ca-pub-2853392113352629\" data-ad-slot=\"2925831803\" data-ad-format=\"auto\" data-full-width-responsive=\"true\"\/>\n    <script><![CDATA[(adsbygoogle = window.adsbygoogle || []).push({});]]><\/script><\/p>\n<div class=\"emp\">\n<p>\n            H\u00e1 vagas para Balconista para turno manh\u00e3 (06h30 as 14h30) e tarde (14h30 as 22h30), Cozinheiro (a) turno tarde (15h as 23h) e Padeiro(a) turno tarde (13h as 22h) em escala 6x1. Sal\u00e1rio compat\u00edvel + benef\u00edcios. Interessados enviar curr\u00edculo no e-mail administrativoloja@galobranco.com.br, com a vaga identificada no assunto (apenas um envio j\u00e1 \u00e9 o suficiente). Venha fazer parte da nossa equipe!\n            <\/p>\n<p><strong>Compartilhe:<\/strong><\/p>\n<p>                <img data-recalc-dims=\"1\" loading=\"lazy\" decoding=\"async\" width=\"25\" height=\"25\" src=\"https:\/\/i0.wp.com\/francaclassificados.com\/\/source\/view\/img\/20w50.png?resize=25%2C25&#038;ssl=1\" alt=\"Imagem compartilhar whatsapp\"\/><\/p>\n<p>                <img data-recalc-dims=\"1\" loading=\"lazy\" decoding=\"async\" width=\"25\" height=\"25\" src=\"https:\/\/i0.wp.com\/francaclassificados.com\/\/source\/view\/img\/18w50.png?resize=25%2C25&#038;ssl=1\" alt=\"Imagem compartilhar facebook\"\/><\/p>\n<\/p><\/div>\n<div class=\"emp\">\n<p>\n            Conferente<br \/>Atividades: Recebimento e confer\u00eancia de mercadorias; Etiquetar produtos recebidos; Endere\u00e7ar itens recebidos de acordo com endere\u00e7amento de estoque, etiquetas, refer\u00eancia, etc; Manter estoque organizado e limpo (5S); Conferir etiquetas de produtos, expedi\u00e7\u00e3o ; Acompanhar coleta de produtos junto ao prestador de servi\u00e7o; Auxiliar nas embalagens. Endere\u00e7o: R. Jos\u00e9 Ant\u00f4nio dos Santos, 5561 - Seg \u00e0 Sexta, 7h00 \u00e0s 17h30. Elimar: Contato 16 99233-9511. Vaga Masculino\n            <\/p>\n<p><strong>Compartilhe:<\/strong><\/p>\n<p>                <img data-recalc-dims=\"1\" loading=\"lazy\" decoding=\"async\" width=\"25\" height=\"25\" src=\"https:\/\/i0.wp.com\/francaclassificados.com\/\/source\/view\/img\/20w50.png?resize=25%2C25&#038;ssl=1\" alt=\"Imagem compartilhar whatsapp\"\/><\/p>\n<p>                <img data-recalc-dims=\"1\" loading=\"lazy\" decoding=\"async\" width=\"25\" height=\"25\" src=\"https:\/\/i0.wp.com\/francaclassificados.com\/\/source\/view\/img\/18w50.png?resize=25%2C25&#038;ssl=1\" alt=\"Imagem compartilhar facebook\"\/><\/p>\n<\/p><\/div>\n<p>    <script async=\"\" src=\"https:\/\/pagead2.googlesyndication.com\/pagead\/js\/adsbygoogle.js?client=ca-pub-2853392113352629\" crossorigin=\"anonymous\"\/>\n    <ins class=\"adsbygoogle\" style=\"display:block\" data-ad-client=\"ca-pub-2853392113352629\" data-ad-slot=\"2925831803\" data-ad-format=\"auto\" data-full-width-responsive=\"true\"\/>\n    <script><![CDATA[(adsbygoogle = window.adsbygoogle || []).push({});]]><\/script><\/p>\n<div class=\"emp\">\n<p>\n            APONTADOR DE SOLA P\/ FABRICA DE CAL\u00c7ADOS<br \/>contrata-se APONTADOR DE SOLAS para f\u00e1brica de cal\u00e7ados com experi\u00eancia. Enviar curr\u00edculos para compras@vaccarocomponentes.com.br\n            <\/p>\n<p><strong>Compartilhe:<\/strong><\/p>\n<p>                <img data-recalc-dims=\"1\" loading=\"lazy\" decoding=\"async\" width=\"25\" height=\"25\" src=\"https:\/\/i0.wp.com\/francaclassificados.com\/\/source\/view\/img\/20w50.png?resize=25%2C25&#038;ssl=1\" alt=\"Imagem compartilhar whatsapp\"\/><\/p>\n<p>                <img data-recalc-dims=\"1\" loading=\"lazy\" decoding=\"async\" width=\"25\" height=\"25\" src=\"https:\/\/i0.wp.com\/francaclassificados.com\/\/source\/view\/img\/18w50.png?resize=25%2C25&#038;ssl=1\" alt=\"Imagem compartilhar facebook\"\/><\/p>\n<\/p><\/div>\n<div class=\"emp\">\n<p>\n            Estagi\u00e1rio<br \/>O estagi\u00e1rio ser\u00e1 respons\u00e1vel por realizar liga\u00e7\u00f5es e agendamento de visitas, com o objetivo de fortalecer os v\u00ednculos com poss\u00edveis clientes na pr\u00e9-venda. Atividades: Realizar ou receber telefonema de clientes; Agendamento de visita, conforme demanda e disponibilidade. Auxiliar Analista de MKT nas demandas operacionais, quando necess\u00e1rio .. N\u00e3o \u00e9 necess\u00e1rio experiencia, estar cursando o ensino m\u00e9dio ou t\u00e9cnico em marketing. Interessados dever\u00e3o entrar em contato pelo WhatsApp: (16) 3713-0811.\n            <\/p>\n<p><strong>Compartilhe:<\/strong><\/p>\n<p>                <img data-recalc-dims=\"1\" loading=\"lazy\" decoding=\"async\" width=\"25\" height=\"25\" src=\"https:\/\/i0.wp.com\/francaclassificados.com\/\/source\/view\/img\/20w50.png?resize=25%2C25&#038;ssl=1\" alt=\"Imagem compartilhar whatsapp\"\/><\/p>\n<p>                <img data-recalc-dims=\"1\" loading=\"lazy\" decoding=\"async\" width=\"25\" height=\"25\" src=\"https:\/\/i0.wp.com\/francaclassificados.com\/\/source\/view\/img\/18w50.png?resize=25%2C25&#038;ssl=1\" alt=\"Imagem compartilhar facebook\"\/><\/p>\n<\/p><\/div>\n<p>    <script async=\"\" src=\"https:\/\/pagead2.googlesyndication.com\/pagead\/js\/adsbygoogle.js?client=ca-pub-2853392113352629\" crossorigin=\"anonymous\"\/>\n    <ins class=\"adsbygoogle\" style=\"display:block\" data-ad-client=\"ca-pub-2853392113352629\" data-ad-slot=\"2925831803\" data-ad-format=\"auto\" data-full-width-responsive=\"true\"\/>\n    <script><![CDATA[(adsbygoogle = window.adsbygoogle || []).push({});]]><\/script><\/p>\n<div class=\"emp\">\n<p>\n            DOM\u00c9STICA<br \/>Estamos contratando dom\u00e9sticas para limpar, lavar, passar e cozinhar, com experi\u00eancia em casa de fam\u00edlia e refer\u00eancias. Nos bairros: S\u00e3o Jos\u00e9 e Vila H\u00edpica. ENVIAR CURR\u00cdCULO PARA (16) 99788-5914\n            <\/p>\n<p><strong>Compartilhe:<\/strong><\/p>\n<p>                <img data-recalc-dims=\"1\" loading=\"lazy\" decoding=\"async\" width=\"25\" height=\"25\" src=\"https:\/\/i0.wp.com\/francaclassificados.com\/\/source\/view\/img\/20w50.png?resize=25%2C25&#038;ssl=1\" alt=\"Imagem compartilhar whatsapp\"\/><\/p>\n<p>                <img data-recalc-dims=\"1\" loading=\"lazy\" decoding=\"async\" width=\"25\" height=\"25\" src=\"https:\/\/i0.wp.com\/francaclassificados.com\/\/source\/view\/img\/18w50.png?resize=25%2C25&#038;ssl=1\" alt=\"Imagem compartilhar facebook\"\/><\/p>\n<\/p><\/div>\n<div class=\"emp\">\n<p>\n            ESTAMOS CONTRATANDO AQUI NO CITY POSTO PARA AS SEGUINTES VAGAS: COZINHEIRA(O) ATENDENTE, SALGADEIRO(A), E AUXILIAR DE LIMPEZA (SEXO MASCULINO). TODAS AS VAGAS COM DISPONIBILIDADE DE HOR\u00c1RIO. ENVIE SEU CURR\u00cdCULO PARA oportunidadecityposto@gmail.com\n            <\/p>\n<p><strong>Compartilhe:<\/strong><\/p>\n<p>                <img data-recalc-dims=\"1\" loading=\"lazy\" decoding=\"async\" width=\"25\" height=\"25\" src=\"https:\/\/i0.wp.com\/francaclassificados.com\/\/source\/view\/img\/20w50.png?resize=25%2C25&#038;ssl=1\" alt=\"Imagem compartilhar whatsapp\"\/><\/p>\n<p>                <img data-recalc-dims=\"1\" loading=\"lazy\" decoding=\"async\" width=\"25\" height=\"25\" src=\"https:\/\/i0.wp.com\/francaclassificados.com\/\/source\/view\/img\/18w50.png?resize=25%2C25&#038;ssl=1\" alt=\"Imagem compartilhar facebook\"\/><\/p>\n<\/p><\/div>\n<p>    <script async=\"\" src=\"https:\/\/pagead2.googlesyndication.com\/pagead\/js\/adsbygoogle.js?client=ca-pub-2853392113352629\" crossorigin=\"anonymous\"\/>\n    <ins class=\"adsbygoogle\" style=\"display:block\" data-ad-client=\"ca-pub-2853392113352629\" data-ad-slot=\"2925831803\" data-ad-format=\"auto\" data-full-width-responsive=\"true\"\/>\n    <script><![CDATA[(adsbygoogle = window.adsbygoogle || []).push({});]]><\/script><\/p>\n<div class=\"emp\">\n<p>\n            VENDEDOR TELEMARKETING<br \/>ESTAMOS CONTRATANDO VENDEDORES DE TELEMARKETING AMBICIOSOS QUE GOSTEM DE GANHAR DINHEIRO, COM EXPERIENCIA NA \u00c1REA DE SEGUROS, CONS\u00d3RCIOS, CONSIGNADO, LIVROS, CART\u00c3O DE CR\u00c9DITO. OFERECEMOS: SAL\u00c1RIO FIXO, VL REFEI\u00c7\u00c3O, V\u00c1RIOS BENEF\u00cdCIOS, MELHORES COMISS\u00d5ES E PR\u00caMIOS DO MERCADO, E TREINAMENTO DE ALTA PERFORMANCE. Interessados enviar curr\u00edculo para topvagas2024@gmail.com. Venha transformar a sua vida e ter sucesso em vendas\n            <\/p>\n<p><strong>Compartilhe:<\/strong><\/p>\n<p>                <img data-recalc-dims=\"1\" loading=\"lazy\" decoding=\"async\" width=\"25\" height=\"25\" src=\"https:\/\/i0.wp.com\/francaclassificados.com\/\/source\/view\/img\/20w50.png?resize=25%2C25&#038;ssl=1\" alt=\"Imagem compartilhar whatsapp\"\/><\/p>\n<p>                <img data-recalc-dims=\"1\" loading=\"lazy\" decoding=\"async\" width=\"25\" height=\"25\" src=\"https:\/\/i0.wp.com\/francaclassificados.com\/\/source\/view\/img\/18w50.png?resize=25%2C25&#038;ssl=1\" alt=\"Imagem compartilhar facebook\"\/><\/p>\n<\/p><\/div>\n<div class=\"emp\">\n<p>\n            Motorista e Ajudade de Expedi\u00e7\u00e3o<br \/>VAGAS ABERTAS \u2013 FRANCA\/SP Contrata-se Motorista Entregador (CNH AD) e Ajudante de Expedi\u00e7\u00e3o Diferencial: Curso de Operador de Empilhadeira Atua\u00e7\u00e3o presencial na cidade de Franca\/SP Benef\u00edcios: Sal\u00e1rio Fixo + B\u00f4nus por Indicadores Plano de Sa\u00fade (50%) Plano Odontol\u00f3gico (100%) Seguro de Vida Vale Alimenta\u00e7\u00e3o Vale Farm\u00e1cia Envie seu curr\u00edculo via WhatsApp: (16) 99181-7045\n            <\/p>\n<p><strong>Compartilhe:<\/strong><\/p>\n<p>                <img data-recalc-dims=\"1\" loading=\"lazy\" decoding=\"async\" width=\"25\" height=\"25\" src=\"https:\/\/i0.wp.com\/francaclassificados.com\/\/source\/view\/img\/20w50.png?resize=25%2C25&#038;ssl=1\" alt=\"Imagem compartilhar whatsapp\"\/><\/p>\n<p>                <img data-recalc-dims=\"1\" loading=\"lazy\" decoding=\"async\" width=\"25\" height=\"25\" src=\"https:\/\/i0.wp.com\/francaclassificados.com\/\/source\/view\/img\/18w50.png?resize=25%2C25&#038;ssl=1\" alt=\"Imagem compartilhar facebook\"\/><\/p>\n<\/p><\/div>\n<p>    <script async=\"\" src=\"https:\/\/pagead2.googlesyndication.com\/pagead\/js\/adsbygoogle.js?client=ca-pub-2853392113352629\" crossorigin=\"anonymous\"\/>\n    <ins class=\"adsbygoogle\" style=\"display:block\" data-ad-client=\"ca-pub-2853392113352629\" data-ad-slot=\"2925831803\" data-ad-format=\"auto\" data-full-width-responsive=\"true\"\/>\n    <script><![CDATA[(adsbygoogle = window.adsbygoogle || []).push({});]]><\/script><\/p>\n<div class=\"emp\">\n<p>\n            GERENTE DE PRODU\u00c7\u00c3O<br \/>EMPRESA DE CAL\u00c7ADOS MASCULINOS CONTRATA GERENTE GERAL DE PRODU\u00c7\u00c3O. COM AS SEGUINTES CARACTER\u00cdSTICAS: ESPIRITO DE LIDERAN\u00c7A, PROATIVIDADE, INDISPENS\u00c1VEL EXPERI\u00caNCIA NO CARGO. INTERESSADOS ENVIAR CURRICULO PARA: rh.shoes22@gmail.com\n            <\/p>\n<p><strong>Compartilhe:<\/strong><\/p>\n<p>                <img data-recalc-dims=\"1\" loading=\"lazy\" decoding=\"async\" width=\"25\" height=\"25\" src=\"https:\/\/i0.wp.com\/francaclassificados.com\/\/source\/view\/img\/20w50.png?resize=25%2C25&#038;ssl=1\" alt=\"Imagem compartilhar whatsapp\"\/><\/p>\n<p>                <img data-recalc-dims=\"1\" loading=\"lazy\" decoding=\"async\" width=\"25\" height=\"25\" src=\"https:\/\/i0.wp.com\/francaclassificados.com\/\/source\/view\/img\/18w50.png?resize=25%2C25&#038;ssl=1\" alt=\"Imagem compartilhar facebook\"\/><\/p>\n<\/p><\/div>\n<div class=\"emp\">\n<p>\n            VENDEDOR B2B<br \/>Requisitos: Experi\u00eancia comprovada em vendas B2B CNH A e B v\u00e1lidas Perfil consultivo e habilidade para negocia\u00e7\u00e3o Organiza\u00e7\u00e3o e disciplina para gest\u00e3o de carteira de clientes Oferecemos: Sal\u00e1rio fixo + comiss\u00f5es agressivas Plano de carreira Interessados devem enviar curr\u00edculo para maisvagatelecom@gmail.com, com o assunto da vaga no e-mail.\n            <\/p>\n<p><strong>Compartilhe:<\/strong><\/p>\n<p>                <img data-recalc-dims=\"1\" loading=\"lazy\" decoding=\"async\" width=\"25\" height=\"25\" src=\"https:\/\/i0.wp.com\/francaclassificados.com\/\/source\/view\/img\/20w50.png?resize=25%2C25&#038;ssl=1\" alt=\"Imagem compartilhar whatsapp\"\/><\/p>\n<p>                <img data-recalc-dims=\"1\" loading=\"lazy\" decoding=\"async\" width=\"25\" height=\"25\" src=\"https:\/\/i0.wp.com\/francaclassificados.com\/\/source\/view\/img\/18w50.png?resize=25%2C25&#038;ssl=1\" alt=\"Imagem compartilhar facebook\"\/><\/p>\n<\/p><\/div>\n<p>    <script async=\"\" src=\"https:\/\/pagead2.googlesyndication.com\/pagead\/js\/adsbygoogle.js?client=ca-pub-2853392113352629\" crossorigin=\"anonymous\"\/>\n    <ins class=\"adsbygoogle\" style=\"display:block\" data-ad-client=\"ca-pub-2853392113352629\" data-ad-slot=\"2925831803\" data-ad-format=\"auto\" data-full-width-responsive=\"true\"\/>\n    <script><![CDATA[(adsbygoogle = window.adsbygoogle || []).push({});]]><\/script><\/p>\n<div class=\"emp\">\n<p>\n            Contrata-se RH\/DP, com experi\u00eancia de no m\u00ednimo 12 meses, proativo, \u00e1gil, respons\u00e1vel, com disponibilidade de hor\u00e1rio. Temos alguns benef\u00edcios, dentre eles cesta b\u00e1sica, alimenta\u00e7\u00e3o e conv\u00eanio m\u00e9dico. Interessados enviar curr\u00edculo por e-mail curriculo@massasdaiana.com.br, Assunto Vaga RH\/DP. INICIO IMEDIATO.\n            <\/p>\n<p><strong>Compartilhe:<\/strong><\/p>\n<p>                <img data-recalc-dims=\"1\" loading=\"lazy\" decoding=\"async\" width=\"25\" height=\"25\" src=\"https:\/\/i0.wp.com\/francaclassificados.com\/\/source\/view\/img\/20w50.png?resize=25%2C25&#038;ssl=1\" alt=\"Imagem compartilhar whatsapp\"\/><\/p>\n<p>                <img data-recalc-dims=\"1\" loading=\"lazy\" decoding=\"async\" width=\"25\" height=\"25\" src=\"https:\/\/i0.wp.com\/francaclassificados.com\/\/source\/view\/img\/18w50.png?resize=25%2C25&#038;ssl=1\" alt=\"Imagem compartilhar facebook\"\/><\/p>\n<\/p><\/div>\n<div class=\"emp\">\n<p>\n            Assistente de E-commerce<br \/>Estamos contratando um Assistente de E-commerce para auxiliar em todas as atividades do nosso e-commerce, incluindo atendimento ao cliente, trocas e devolu\u00e7\u00f5es. \u00c9 necess\u00e1rio experi\u00eancia comprovada e conhecimento na plataforma irroba ser\u00e1 um diferencial. Envie seu curr\u00edculo para [curriculo.ecommerce2024@gmail.com] com o assunto \"Vaga Assistente de E-commerce\"\n            <\/p>\n<p><strong>Compartilhe:<\/strong><\/p>\n<p>                <img data-recalc-dims=\"1\" loading=\"lazy\" decoding=\"async\" width=\"25\" height=\"25\" src=\"https:\/\/i0.wp.com\/francaclassificados.com\/\/source\/view\/img\/20w50.png?resize=25%2C25&#038;ssl=1\" alt=\"Imagem compartilhar whatsapp\"\/><\/p>\n<p>                <img data-recalc-dims=\"1\" loading=\"lazy\" decoding=\"async\" width=\"25\" height=\"25\" src=\"https:\/\/i0.wp.com\/francaclassificados.com\/\/source\/view\/img\/18w50.png?resize=25%2C25&#038;ssl=1\" alt=\"Imagem compartilhar facebook\"\/><\/p>\n<\/p><\/div>\n<p>    <script async=\"\" src=\"https:\/\/pagead2.googlesyndication.com\/pagead\/js\/adsbygoogle.js?client=ca-pub-2853392113352629\" crossorigin=\"anonymous\"\/>\n    <ins class=\"adsbygoogle\" style=\"display:block\" data-ad-client=\"ca-pub-2853392113352629\" data-ad-slot=\"2925831803\" data-ad-format=\"auto\" data-full-width-responsive=\"true\"\/>\n    <script><![CDATA[(adsbygoogle = window.adsbygoogle || []).push({});]]><\/script><\/p>\n<div class=\"emp\">\n<p>\n            APONTADOR DE SOLA<br \/>F\u00e1brica de Cal\u00e7ados contrata para in\u00edcio imediato: APONTADOR DE SOLA. Necess\u00e1rio ter experi\u00eancia. Interessados deixar curr\u00edculo no barrac\u00e3o Av. Major Elias Motta, 1161 - Jd Paulistano, ou enviar o curr\u00edculo no e-mail: vagas.arietto@gmail.com\n            <\/p>\n<p><strong>Compartilhe:<\/strong><\/p>\n<p>                <img data-recalc-dims=\"1\" loading=\"lazy\" decoding=\"async\" width=\"25\" height=\"25\" src=\"https:\/\/i0.wp.com\/francaclassificados.com\/\/source\/view\/img\/20w50.png?resize=25%2C25&#038;ssl=1\" alt=\"Imagem compartilhar whatsapp\"\/><\/p>\n<p>                <img data-recalc-dims=\"1\" loading=\"lazy\" decoding=\"async\" width=\"25\" height=\"25\" src=\"https:\/\/i0.wp.com\/francaclassificados.com\/\/source\/view\/img\/18w50.png?resize=25%2C25&#038;ssl=1\" alt=\"Imagem compartilhar facebook\"\/><\/p>\n<\/p><\/div>\n<div class=\"emp\">\n<p>\n            ATENDIMENTO ON LINE<br \/>BUSCAMOS PESSOAS FOCADAS, QUE TENHA AMPLO CONHECIMENTO GRAMATICAL E VERBAL, CONHECIMENTO B\u00c1SICO EM INFORM\u00c1TICA, EXPERI\u00caNCIA COM PLATAFORMAS DE VENDAS ONLINE SER\u00c1 UM DIFERENCIAL. INTERESSADOS ENVIAR E-MAIL P\/ painelfestivo@gmail.com\n            <\/p>\n<p><strong>Compartilhe:<\/strong><\/p>\n<p>                <img data-recalc-dims=\"1\" loading=\"lazy\" decoding=\"async\" width=\"25\" height=\"25\" src=\"https:\/\/i0.wp.com\/francaclassificados.com\/\/source\/view\/img\/20w50.png?resize=25%2C25&#038;ssl=1\" alt=\"Imagem compartilhar whatsapp\"\/><\/p>\n<p>                <img data-recalc-dims=\"1\" loading=\"lazy\" decoding=\"async\" width=\"25\" height=\"25\" src=\"https:\/\/i0.wp.com\/francaclassificados.com\/\/source\/view\/img\/18w50.png?resize=25%2C25&#038;ssl=1\" alt=\"Imagem compartilhar facebook\"\/><\/p>\n<\/p><\/div>\n<p>    <script async=\"\" src=\"https:\/\/pagead2.googlesyndication.com\/pagead\/js\/adsbygoogle.js?client=ca-pub-2853392113352629\" crossorigin=\"anonymous\"\/>\n    <ins class=\"adsbygoogle\" style=\"display:block\" data-ad-client=\"ca-pub-2853392113352629\" data-ad-slot=\"2925831803\" data-ad-format=\"auto\" data-full-width-responsive=\"true\"\/>\n    <script><![CDATA[(adsbygoogle = window.adsbygoogle || []).push({});]]><\/script><\/p>\n<div class=\"emp\">\n<p>\n            Costureira<br \/>CONTRATA-SE COSTUREIRA COM EXPERIENCIA EM OVERLOCK E RETA. SALARIO A COMBINAR, VALE ALIMENTA\u00c7\u00c3O. ENVIAR CURRICILO PARA O WHATSAPP 16981592716\n            <\/p>\n<p><strong>Compartilhe:<\/strong><\/p>\n<p>                <img data-recalc-dims=\"1\" loading=\"lazy\" decoding=\"async\" width=\"25\" height=\"25\" src=\"https:\/\/i0.wp.com\/francaclassificados.com\/\/source\/view\/img\/20w50.png?resize=25%2C25&#038;ssl=1\" alt=\"Imagem compartilhar whatsapp\"\/><\/p>\n<p>                <img data-recalc-dims=\"1\" loading=\"lazy\" decoding=\"async\" width=\"25\" height=\"25\" src=\"https:\/\/i0.wp.com\/francaclassificados.com\/\/source\/view\/img\/18w50.png?resize=25%2C25&#038;ssl=1\" alt=\"Imagem compartilhar facebook\"\/><\/p>\n<\/p><\/div>\n<div class=\"emp\">\n<p>\n            Venha fazer parte do nosso time administrativo! Buscamos algu\u00e9m comunicativo e proativo para prospec\u00e7\u00e3o de clientes, apresenta\u00e7\u00e3o e negocia\u00e7\u00e3o de servi\u00e7os, elabora\u00e7\u00e3o de or\u00e7amentos e agendamento. Requisitos: experi\u00eancia em vendas consultivas, conhecimento em CRM\/ERP e habilidades de comunica\u00e7\u00e3o e organiza\u00e7\u00e3o. Oferecemos comiss\u00f5es progressivas, VR + VA, PLR, clube, plano odontol\u00f3gico e Wellhub. Interessado? Envie seu curr\u00edculo para rh@bioforte.com.br\n            <\/p>\n<p><strong>Compartilhe:<\/strong><\/p>\n<p>                <img data-recalc-dims=\"1\" loading=\"lazy\" decoding=\"async\" width=\"25\" height=\"25\" src=\"https:\/\/i0.wp.com\/francaclassificados.com\/\/source\/view\/img\/20w50.png?resize=25%2C25&#038;ssl=1\" alt=\"Imagem compartilhar whatsapp\"\/><\/p>\n<p>                <img data-recalc-dims=\"1\" loading=\"lazy\" decoding=\"async\" width=\"25\" height=\"25\" src=\"https:\/\/i0.wp.com\/francaclassificados.com\/\/source\/view\/img\/18w50.png?resize=25%2C25&#038;ssl=1\" alt=\"Imagem compartilhar facebook\"\/><\/p>\n<\/p><\/div>\n<p>    <script async=\"\" src=\"https:\/\/pagead2.googlesyndication.com\/pagead\/js\/adsbygoogle.js?client=ca-pub-2853392113352629\" crossorigin=\"anonymous\"\/>\n    <ins class=\"adsbygoogle\" style=\"display:block\" data-ad-client=\"ca-pub-2853392113352629\" data-ad-slot=\"2925831803\" data-ad-format=\"auto\" data-full-width-responsive=\"true\"\/>\n    <script><![CDATA[(adsbygoogle = window.adsbygoogle || []).push({});]]><\/script><\/p>\n<div class=\"emp\">\n<p>\n            AUXILIAR DE MARCENARIA<br \/>Buscamos um profissional respons\u00e1vel, proativo e com disponibilidade de hor\u00e1rio para integrar nossa equipe, com ou sem experi\u00eancia. Interessados, entrar em contato via e-mail rhmarcenaria03@gmail.com\n            <\/p>\n<p><strong>Compartilhe:<\/strong><\/p>\n<p>                <img data-recalc-dims=\"1\" loading=\"lazy\" decoding=\"async\" width=\"25\" height=\"25\" src=\"https:\/\/i0.wp.com\/francaclassificados.com\/\/source\/view\/img\/20w50.png?resize=25%2C25&#038;ssl=1\" alt=\"Imagem compartilhar whatsapp\"\/><\/p>\n<p>                <img data-recalc-dims=\"1\" loading=\"lazy\" decoding=\"async\" width=\"25\" height=\"25\" src=\"https:\/\/i0.wp.com\/francaclassificados.com\/\/source\/view\/img\/18w50.png?resize=25%2C25&#038;ssl=1\" alt=\"Imagem compartilhar facebook\"\/><\/p>\n<\/p><\/div>\n<div class=\"emp\">\n<p>\n            Auxiliar Montagem de Estrutura Met\u00e1lica<br \/>Auxiliar de Montagem de Estrutura Met\u00e1lica, Vontade de Aprender, Disponibilidade para Viajar, N\u00e3o ter medo de altura - Sal\u00e1rio: R$ 1.990,00 + R$ 100,00 ajuda transporte + Horas Extras - Hor\u00e1rio: 7h \u00e0s 17h. Quer aprender uma nova atividade e ter plano de carreira no setor de estrutura met\u00e1lica envie o seu curr\u00edculo no WhatsApp: 016 99159.9628 ou pelo E-mail: vagas@centrusgenteegestao.com.br\n            <\/p>\n<p><strong>Compartilhe:<\/strong><\/p>\n<p>                <img data-recalc-dims=\"1\" loading=\"lazy\" decoding=\"async\" width=\"25\" height=\"25\" src=\"https:\/\/i0.wp.com\/francaclassificados.com\/\/source\/view\/img\/20w50.png?resize=25%2C25&#038;ssl=1\" alt=\"Imagem compartilhar whatsapp\"\/><\/p>\n<p>                <img data-recalc-dims=\"1\" loading=\"lazy\" decoding=\"async\" width=\"25\" height=\"25\" src=\"https:\/\/i0.wp.com\/francaclassificados.com\/\/source\/view\/img\/18w50.png?resize=25%2C25&#038;ssl=1\" alt=\"Imagem compartilhar facebook\"\/><\/p>\n<\/p><\/div>\n<p>    <script async=\"\" src=\"https:\/\/pagead2.googlesyndication.com\/pagead\/js\/adsbygoogle.js?client=ca-pub-2853392113352629\" crossorigin=\"anonymous\"\/>\n    <ins class=\"adsbygoogle\" style=\"display:block\" data-ad-client=\"ca-pub-2853392113352629\" data-ad-slot=\"2925831803\" data-ad-format=\"auto\" data-full-width-responsive=\"true\"\/>\n    <script><![CDATA[(adsbygoogle = window.adsbygoogle || []).push({});]]><\/script><\/p>\n<div class=\"emp\">\n<p>\n            Analista de Suporte e Implanta\u00e7\u00e3o Pleno<br \/>Trabalho 100% remoto - Requisitos: Gradua\u00e7\u00e3o em Ci\u00eancia da Computa\u00e7\u00e3o, Engenharia de Software, Sistemas de Informa\u00e7\u00e3o ou \u00e1reas correlatas - Experi\u00eancia: De 2 a 5 anos de experi\u00eancia em suporte t\u00e9cnico e implanta\u00e7\u00e3o de sistemas ERP - Experi\u00eancia no setor de minera\u00e7\u00e3o ser\u00e1 considerada um diferencial para a vaga - Conhecimentos T\u00e9cnicos: Sistemas operacionais (Windows, Linux) Bancos de dados (SQL, Oracle) Linguagens(SQL, JavaScript, Html, Python e Bash) Conhecimento em redes e Automa\u00e7\u00e3o de processo<br \/>\n            <br \/>william.craco@minerion.com.br\n            <\/p>\n<p><strong>Compartilhe:<\/strong><\/p>\n<p>                <img data-recalc-dims=\"1\" loading=\"lazy\" decoding=\"async\" width=\"25\" height=\"25\" src=\"https:\/\/i0.wp.com\/francaclassificados.com\/\/source\/view\/img\/20w50.png?resize=25%2C25&#038;ssl=1\" alt=\"Imagem compartilhar whatsapp\"\/><\/p>\n<p>                <img data-recalc-dims=\"1\" loading=\"lazy\" decoding=\"async\" width=\"25\" height=\"25\" src=\"https:\/\/i0.wp.com\/francaclassificados.com\/\/source\/view\/img\/18w50.png?resize=25%2C25&#038;ssl=1\" alt=\"Imagem compartilhar facebook\"\/><\/p>\n<\/p><\/div>\n<div class=\"emp\">\n<p>\n            Auxiliar de Escrit\u00f3rio - Contabilidade<br \/>Busco pessoa din\u00e2mica, proativa, organizada, comunicativa para integrar nossa equipe. Responsabilidades: Organizar documentos, arquivos, realizar atendimento telef\u00f4nico e recep\u00e7\u00e3o de clientes, auxiliar nas atividades de controle e atualiza\u00e7\u00e3o de dados e planilhas. Requisitos: Ensino M\u00e9dio Completo e habilidade em ferramentas de inform\u00e1tica (Pacote Office). Interessados enviar curr\u00edculo para selecaorecrutamento1001@gmail.com\n            <\/p>\n<p><strong>Compartilhe:<\/strong><\/p>\n<p>                <img data-recalc-dims=\"1\" loading=\"lazy\" decoding=\"async\" width=\"25\" height=\"25\" src=\"https:\/\/i0.wp.com\/francaclassificados.com\/\/source\/view\/img\/20w50.png?resize=25%2C25&#038;ssl=1\" alt=\"Imagem compartilhar whatsapp\"\/><\/p>\n<p>                <img data-recalc-dims=\"1\" loading=\"lazy\" decoding=\"async\" width=\"25\" height=\"25\" src=\"https:\/\/i0.wp.com\/francaclassificados.com\/\/source\/view\/img\/18w50.png?resize=25%2C25&#038;ssl=1\" alt=\"Imagem compartilhar facebook\"\/><\/p>\n<\/p><\/div>\n<p>    <script async=\"\" src=\"https:\/\/pagead2.googlesyndication.com\/pagead\/js\/adsbygoogle.js?client=ca-pub-2853392113352629\" crossorigin=\"anonymous\"\/>\n    <ins class=\"adsbygoogle\" style=\"display:block\" data-ad-client=\"ca-pub-2853392113352629\" data-ad-slot=\"2925831803\" data-ad-format=\"auto\" data-full-width-responsive=\"true\"\/>\n    <script><![CDATA[(adsbygoogle = window.adsbygoogle || []).push({});]]><\/script><\/p>\n<div class=\"emp\">\n<p>\n            Motorista\/entregador Carteira C<br \/>Enviar Curriculo p\/ Whats app:(16)99109-4824 Admite-se motorista\/entregador de m\u00f3veis, Caminh\u00e3o carteira\u201cC..In\u00edcio imediato(n\u00e3o dorme fora de Franca)Sal\u00e1rio base da categoria (2330,00) + PLR +Cesta B\u00e1sica.Ap\u00f3s contrato de experi\u00eancia:b\u00f4nus por faturamento e horas extras.Hor\u00e1rio:44h semanais de Segunda a S\u00e1bado.Realizar o carregamento e descarregamento dos caminh\u00f5es.Manusear e organizar disposi\u00e7\u00e3o de mercadorias e cargas no interior do dep\u00f3sito,lojas,casa de clientes,caminh\u00e3o;qndo necess\u00e1rio\n            <\/p>\n<p><strong>Compartilhe:<\/strong><\/p>\n<p>                <img data-recalc-dims=\"1\" loading=\"lazy\" decoding=\"async\" width=\"25\" height=\"25\" src=\"https:\/\/i0.wp.com\/francaclassificados.com\/\/source\/view\/img\/20w50.png?resize=25%2C25&#038;ssl=1\" alt=\"Imagem compartilhar whatsapp\"\/><\/p>\n<p>                <img data-recalc-dims=\"1\" loading=\"lazy\" decoding=\"async\" width=\"25\" height=\"25\" src=\"https:\/\/i0.wp.com\/francaclassificados.com\/\/source\/view\/img\/18w50.png?resize=25%2C25&#038;ssl=1\" alt=\"Imagem compartilhar facebook\"\/><\/p>\n<\/p><\/div>\n<div class=\"emp\">\n<p>\n            T\u00e9cnico Instalador de Seguran\u00e7a Eletr\u00f4nica<br \/>Responsabilidades: Instalar, configurar e manter sistemas de CFTV, alarmes e controle de acesso, manuten\u00e7\u00e3o preventiva e corretiva em equipamentos de seguran\u00e7a eletr\u00f4nica, corrigir falhas nos sistemas instalados, ordens de servi\u00e7o, passagem de cabeamento, realizar vistorias t\u00e9cnicas \u2013 CLT \u2013 Sal\u00e1rio inicial R$ 2000 \u2013 SEG a SEX \u2013 curr\u00edculo: gerente@blackoutmonitoramento.com.br \/ com titulo do anuncio\n            <\/p>\n<p><strong>Compartilhe:<\/strong><\/p>\n<p>                <img data-recalc-dims=\"1\" loading=\"lazy\" decoding=\"async\" width=\"25\" height=\"25\" src=\"https:\/\/i0.wp.com\/francaclassificados.com\/\/source\/view\/img\/20w50.png?resize=25%2C25&#038;ssl=1\" alt=\"Imagem compartilhar whatsapp\"\/><\/p>\n<p>                <img data-recalc-dims=\"1\" loading=\"lazy\" decoding=\"async\" width=\"25\" height=\"25\" src=\"https:\/\/i0.wp.com\/francaclassificados.com\/\/source\/view\/img\/18w50.png?resize=25%2C25&#038;ssl=1\" alt=\"Imagem compartilhar facebook\"\/><\/p>\n<\/p><\/div>\n<p>    <script async=\"\" src=\"https:\/\/pagead2.googlesyndication.com\/pagead\/js\/adsbygoogle.js?client=ca-pub-2853392113352629\" crossorigin=\"anonymous\"\/>\n    <ins class=\"adsbygoogle\" style=\"display:block\" data-ad-client=\"ca-pub-2853392113352629\" data-ad-slot=\"2925831803\" data-ad-format=\"auto\" data-full-width-responsive=\"true\"\/>\n    <script><![CDATA[(adsbygoogle = window.adsbygoogle || []).push({});]]><\/script><\/p>\n<div class=\"emp\">\n<p>\n            Estamos contratando Controlador de Pragas para Franca\/SP. Buscamos pessoas comunicativas, proativas, com CNH A\/B, boa comunica\u00e7\u00e3o e disponibilidade de hor\u00e1rio. Sal\u00e1rio: R$1.964,15 + adicional de insalubridade. Benef\u00edcios: vale alimenta\u00e7\u00e3o, plano odontol\u00f3gico, Wellhub, aux\u00edlio sa\u00fade, horas extras remuneradas e participa\u00e7\u00e3o nos lucros. Interessados, envie curr\u00edculo com foto para rh@bioforte.com.br\n            <\/p>\n<p><strong>Compartilhe:<\/strong><\/p>\n<p>                <img data-recalc-dims=\"1\" loading=\"lazy\" decoding=\"async\" width=\"25\" height=\"25\" src=\"https:\/\/i0.wp.com\/francaclassificados.com\/\/source\/view\/img\/20w50.png?resize=25%2C25&#038;ssl=1\" alt=\"Imagem compartilhar whatsapp\"\/><\/p>\n<p>                <img data-recalc-dims=\"1\" loading=\"lazy\" decoding=\"async\" width=\"25\" height=\"25\" src=\"https:\/\/i0.wp.com\/francaclassificados.com\/\/source\/view\/img\/18w50.png?resize=25%2C25&#038;ssl=1\" alt=\"Imagem compartilhar facebook\"\/><\/p>\n<\/p><\/div>\n<div class=\"emp\">\n<p>\n            Operador de M\u00e1quina<br \/>Buscamos pessoa comprometida, respons\u00e1vel e com esp\u00edrito de equipe. Experi\u00eancia em operar m\u00e1quinas de produ\u00e7\u00e3o. Garantir a qualidade operacional dos equipamentos mediantes testes, frequ\u00eancia e padr\u00e3o. Manter a limpeza de m\u00e1quinas e o setor organizado. Desej\u00e1vel ter cursos t\u00e9cnicos. Oferecemos PLR, sal\u00e1rio compat\u00edvel com a fun\u00e7\u00e3o, cart\u00e3o alimenta\u00e7\u00e3o, plano odontol\u00f3gico e excelente oportunidade de crescimento profissional.<br \/>\n            <br \/>equipe@faunaeflora.com.br\n            <\/p>\n<p><strong>Compartilhe:<\/strong><\/p>\n<p>                <img data-recalc-dims=\"1\" loading=\"lazy\" decoding=\"async\" width=\"25\" height=\"25\" src=\"https:\/\/i0.wp.com\/francaclassificados.com\/\/source\/view\/img\/20w50.png?resize=25%2C25&#038;ssl=1\" alt=\"Imagem compartilhar whatsapp\"\/><\/p>\n<p>                <img data-recalc-dims=\"1\" loading=\"lazy\" decoding=\"async\" width=\"25\" height=\"25\" src=\"https:\/\/i0.wp.com\/francaclassificados.com\/\/source\/view\/img\/18w50.png?resize=25%2C25&#038;ssl=1\" alt=\"Imagem compartilhar facebook\"\/><\/p>\n<\/p><\/div>\n<p>    <script async=\"\" src=\"https:\/\/pagead2.googlesyndication.com\/pagead\/js\/adsbygoogle.js?client=ca-pub-2853392113352629\" crossorigin=\"anonymous\"\/>\n    <ins class=\"adsbygoogle\" style=\"display:block\" data-ad-client=\"ca-pub-2853392113352629\" data-ad-slot=\"2925831803\" data-ad-format=\"auto\" data-full-width-responsive=\"true\"\/>\n    <script><![CDATA[(adsbygoogle = window.adsbygoogle || []).push({});]]><\/script><\/p>\n<div class=\"emp\">\n<p>\n            CONTRATA<br \/>Frezador com experi\u00eancia comprovada. Interessados enviar curr\u00edculo para: rh@savellicalcados.com.br ou trazer pessoalmente na Rua Benedito Barbosa n\u00b0931- Jardim Paulistano II.\n            <\/p>\n<p><strong>Compartilhe:<\/strong><\/p>\n<p>                <img data-recalc-dims=\"1\" loading=\"lazy\" decoding=\"async\" width=\"25\" height=\"25\" src=\"https:\/\/i0.wp.com\/francaclassificados.com\/\/source\/view\/img\/20w50.png?resize=25%2C25&#038;ssl=1\" alt=\"Imagem compartilhar whatsapp\"\/><\/p>\n<p>                <img data-recalc-dims=\"1\" loading=\"lazy\" decoding=\"async\" width=\"25\" height=\"25\" src=\"https:\/\/i0.wp.com\/francaclassificados.com\/\/source\/view\/img\/18w50.png?resize=25%2C25&#038;ssl=1\" alt=\"Imagem compartilhar facebook\"\/><\/p>\n<\/p><\/div>\n<div class=\"emp\">\n<p>\n            Auxiliar do Comercio - Casa de Ra\u00e7\u00e3o<br \/>Casa de Ra\u00e7\u00e3o Jd Aeroporto 2, Sal\u00e1rio R$ 1.835,00, Hor\u00e1rio de Trabalho: Seg. a Sex. 6h30 \u00e0s 13h30 - S\u00e1bado: 7h \u00e0s 16h. Atividades: Atendimento ao publico em Geral. Enviar curr\u00edculo no WhatsApp: 016 99159-9628 ou e-mail: vagas@centrusgenteegestao.com.br\n            <\/p>\n<p><strong>Compartilhe:<\/strong><\/p>\n<p>                <img data-recalc-dims=\"1\" loading=\"lazy\" decoding=\"async\" width=\"25\" height=\"25\" src=\"https:\/\/i0.wp.com\/francaclassificados.com\/\/source\/view\/img\/20w50.png?resize=25%2C25&#038;ssl=1\" alt=\"Imagem compartilhar whatsapp\"\/><\/p>\n<p>                <img data-recalc-dims=\"1\" loading=\"lazy\" decoding=\"async\" width=\"25\" height=\"25\" src=\"https:\/\/i0.wp.com\/francaclassificados.com\/\/source\/view\/img\/18w50.png?resize=25%2C25&#038;ssl=1\" alt=\"Imagem compartilhar facebook\"\/><\/p>\n<\/p><\/div>\n<p>    <script async=\"\" src=\"https:\/\/pagead2.googlesyndication.com\/pagead\/js\/adsbygoogle.js?client=ca-pub-2853392113352629\" crossorigin=\"anonymous\"\/>\n    <ins class=\"adsbygoogle\" style=\"display:block\" data-ad-client=\"ca-pub-2853392113352629\" data-ad-slot=\"2925831803\" data-ad-format=\"auto\" data-full-width-responsive=\"true\"\/>\n    <script><![CDATA[(adsbygoogle = window.adsbygoogle || []).push({});]]><\/script><\/p>\n<div class=\"emp\">\n<p>\n            Ajudante de Motorista<br \/>Buscamos um profissional determinado, com vontade de aprender e que vista a camisa da empresa; para auxiliar o motorista em diversas atividades relacionadas ao transporte de mercadorias, como: auxiliar na carga e descarga, confer\u00eancia de documentos, auxiliar na manuten\u00e7\u00e3o, acompanhar em viagens. Interessados encaminhar curriculo com titulo \"Auxiliar de Motorista\".<br \/>\n            <br \/>rh@viasolenergiasolar.com.br\n            <\/p>\n<p><strong>Compartilhe:<\/strong><\/p>\n<p>                <img data-recalc-dims=\"1\" loading=\"lazy\" decoding=\"async\" width=\"25\" height=\"25\" src=\"https:\/\/i0.wp.com\/francaclassificados.com\/\/source\/view\/img\/20w50.png?resize=25%2C25&#038;ssl=1\" alt=\"Imagem compartilhar whatsapp\"\/><\/p>\n<p>                <img data-recalc-dims=\"1\" loading=\"lazy\" decoding=\"async\" width=\"25\" height=\"25\" src=\"https:\/\/i0.wp.com\/francaclassificados.com\/\/source\/view\/img\/18w50.png?resize=25%2C25&#038;ssl=1\" alt=\"Imagem compartilhar facebook\"\/><\/p>\n<\/p><\/div>\n<div class=\"emp\">\n<p>\n            Estamos Contratando Auxiliar de Cozinha, Chapeiro, Churrasqueiro, Gar\u00e7om e Gar\u00e7onete. Interessados enviar curriculo no whatsapp 1699787-4056\n            <\/p>\n<p><strong>Compartilhe:<\/strong><\/p>\n<p>                <img data-recalc-dims=\"1\" loading=\"lazy\" decoding=\"async\" width=\"25\" height=\"25\" src=\"https:\/\/i0.wp.com\/francaclassificados.com\/\/source\/view\/img\/20w50.png?resize=25%2C25&#038;ssl=1\" alt=\"Imagem compartilhar whatsapp\"\/><\/p>\n<p>                <img data-recalc-dims=\"1\" loading=\"lazy\" decoding=\"async\" width=\"25\" height=\"25\" src=\"https:\/\/i0.wp.com\/francaclassificados.com\/\/source\/view\/img\/18w50.png?resize=25%2C25&#038;ssl=1\" alt=\"Imagem compartilhar facebook\"\/><\/p>\n<\/p><\/div>\n<p>    <script async=\"\" src=\"https:\/\/pagead2.googlesyndication.com\/pagead\/js\/adsbygoogle.js?client=ca-pub-2853392113352629\" crossorigin=\"anonymous\"\/>\n    <ins class=\"adsbygoogle\" style=\"display:block\" data-ad-client=\"ca-pub-2853392113352629\" data-ad-slot=\"2925831803\" data-ad-format=\"auto\" data-full-width-responsive=\"true\"\/>\n    <script><![CDATA[(adsbygoogle = window.adsbygoogle || []).push({});]]><\/script><\/p>\n<div class=\"emp\">\n<p>\n            EST\u00c1GI\u00c1RIO PRA ESCRIT\u00d3RIO<br \/>Contrata-se estagi\u00e1rio que esteja cursando ensino m\u00e9dio(Primeiro ou segundo colegial), para trabalhar em escrit\u00f3rio no Res Palermo, per\u00edodo de 6h di\u00e1rios e bolsa de R$700,00. Interessados encaminhar curr\u00edculo para o n\u00famero (16) 99355-5328\n            <\/p>\n<p><strong>Compartilhe:<\/strong><\/p>\n<p>                <img data-recalc-dims=\"1\" loading=\"lazy\" decoding=\"async\" width=\"25\" height=\"25\" src=\"https:\/\/i0.wp.com\/francaclassificados.com\/\/source\/view\/img\/20w50.png?resize=25%2C25&#038;ssl=1\" alt=\"Imagem compartilhar whatsapp\"\/><\/p>\n<p>                <img data-recalc-dims=\"1\" loading=\"lazy\" decoding=\"async\" width=\"25\" height=\"25\" src=\"https:\/\/i0.wp.com\/francaclassificados.com\/\/source\/view\/img\/18w50.png?resize=25%2C25&#038;ssl=1\" alt=\"Imagem compartilhar facebook\"\/><\/p>\n<\/p><\/div>\n<div class=\"emp\">\n<p>\n            Gerente Produ\u00e7\u00e3o Cal\u00e7ados<br \/>Ind\u00fastria de Cal\u00e7ados Feminino contrata Gerente de Produ\u00e7\u00e3o com experi\u00eancia. Envie seu curr\u00edculo para: vagafranca00@gmail.com\n            <\/p>\n<p><strong>Compartilhe:<\/strong><\/p>\n<p>                <img data-recalc-dims=\"1\" loading=\"lazy\" decoding=\"async\" width=\"25\" height=\"25\" src=\"https:\/\/i0.wp.com\/francaclassificados.com\/\/source\/view\/img\/20w50.png?resize=25%2C25&#038;ssl=1\" alt=\"Imagem compartilhar whatsapp\"\/><\/p>\n<p>                <img data-recalc-dims=\"1\" loading=\"lazy\" decoding=\"async\" width=\"25\" height=\"25\" src=\"https:\/\/i0.wp.com\/francaclassificados.com\/\/source\/view\/img\/18w50.png?resize=25%2C25&#038;ssl=1\" alt=\"Imagem compartilhar facebook\"\/><\/p>\n<\/p><\/div>\n<p>    <script async=\"\" src=\"https:\/\/pagead2.googlesyndication.com\/pagead\/js\/adsbygoogle.js?client=ca-pub-2853392113352629\" crossorigin=\"anonymous\"\/>\n    <ins class=\"adsbygoogle\" style=\"display:block\" data-ad-client=\"ca-pub-2853392113352629\" data-ad-slot=\"2925831803\" data-ad-format=\"auto\" data-full-width-responsive=\"true\"\/>\n    <script><![CDATA[(adsbygoogle = window.adsbygoogle || []).push({});]]><\/script><\/p>\n<div class=\"emp\">\n<p>\n            Aux. Armazem \/ Vaga2-Aux. E-commerce<br \/>Vaga 1- Aux. Armaz\u00e9m Masculino:armazenar\/organizar produtos, separar\/receber entregas, fazer confer\u00eancia\/revis\u00e3o\/limpeza de mercadorias, separar material conforme pedido. Necess\u00e1rio ensino fundamental, bom relacionamento e responsabilidade\/\/\/ Vaga2- Aux. E-commerce: com experi\u00eancia comprovada p\/ cadastrar produtos\/descri\u00e7\u00f5es, corrigir informa\u00e7\u00f5es t\u00e9cnicas, imagens, integra\u00e7\u00e3o com marketplaces, auxiliar nas vendas e redes sociais. Enviar p\/ recebecurriculo881@gmail.com Vaga pretendida no assunto\n            <\/p>\n<p><strong>Compartilhe:<\/strong><\/p>\n<p>                <img data-recalc-dims=\"1\" loading=\"lazy\" decoding=\"async\" width=\"25\" height=\"25\" src=\"https:\/\/i0.wp.com\/francaclassificados.com\/\/source\/view\/img\/20w50.png?resize=25%2C25&#038;ssl=1\" alt=\"Imagem compartilhar whatsapp\"\/><\/p>\n<p>                <img data-recalc-dims=\"1\" loading=\"lazy\" decoding=\"async\" width=\"25\" height=\"25\" src=\"https:\/\/i0.wp.com\/francaclassificados.com\/\/source\/view\/img\/18w50.png?resize=25%2C25&#038;ssl=1\" alt=\"Imagem compartilhar facebook\"\/><\/p>\n<\/p><\/div>\n<div class=\"emp\">\n<p>\n            Marceneiro e ajudante<br \/>Estamos contratando para in\u00edcio imediato: marceneiro, ajudante de marcenaria E montador de m\u00f3veis planejados Interessados entrar em contato com Alex 16 99176 8900\n            <\/p>\n<p><strong>Compartilhe:<\/strong><\/p>\n<p>                <img data-recalc-dims=\"1\" loading=\"lazy\" decoding=\"async\" width=\"25\" height=\"25\" src=\"https:\/\/i0.wp.com\/francaclassificados.com\/\/source\/view\/img\/20w50.png?resize=25%2C25&#038;ssl=1\" alt=\"Imagem compartilhar whatsapp\"\/><\/p>\n<p>                <img data-recalc-dims=\"1\" loading=\"lazy\" decoding=\"async\" width=\"25\" height=\"25\" src=\"https:\/\/i0.wp.com\/francaclassificados.com\/\/source\/view\/img\/18w50.png?resize=25%2C25&#038;ssl=1\" alt=\"Imagem compartilhar facebook\"\/><\/p>\n<\/p><\/div>\n<p>    <script async=\"\" src=\"https:\/\/pagead2.googlesyndication.com\/pagead\/js\/adsbygoogle.js?client=ca-pub-2853392113352629\" crossorigin=\"anonymous\"\/>\n    <ins class=\"adsbygoogle\" style=\"display:block\" data-ad-client=\"ca-pub-2853392113352629\" data-ad-slot=\"2925831803\" data-ad-format=\"auto\" data-full-width-responsive=\"true\"\/>\n    <script><![CDATA[(adsbygoogle = window.adsbygoogle || []).push({});]]><\/script><\/p>\n<div class=\"emp\">\n<p>\n            AUXILIAR DE PRODU\u00c7\u00c3O<br \/>Empresa de confec\u00e7\u00e3o solidamente situada em Franca contrata 2 profissionais para auxiliar de produ\u00e7\u00e3o. Preferencialmente que residam nas redondezas do Jd Brasil\u00e2ndia. Envie seu curr\u00edculo para Thiago - 16 99255-5404\n            <\/p>\n<p><strong>Compartilhe:<\/strong><\/p>\n<p>                <img data-recalc-dims=\"1\" loading=\"lazy\" decoding=\"async\" width=\"25\" height=\"25\" src=\"https:\/\/i0.wp.com\/francaclassificados.com\/\/source\/view\/img\/20w50.png?resize=25%2C25&#038;ssl=1\" alt=\"Imagem compartilhar whatsapp\"\/><\/p>\n<p>                <img data-recalc-dims=\"1\" loading=\"lazy\" decoding=\"async\" width=\"25\" height=\"25\" src=\"https:\/\/i0.wp.com\/francaclassificados.com\/\/source\/view\/img\/18w50.png?resize=25%2C25&#038;ssl=1\" alt=\"Imagem compartilhar facebook\"\/><\/p>\n<\/p><\/div>\n<div class=\"emp\">\n<p>\n            Tecnico de Inform\u00e1tica\/Eletr\u00f4nica<br \/>Precisa-se de t\u00e9cnico de inform\u00e1tica para trabalhar na parte eletr\u00f4nica em manuten\u00e7\u00e3o de impressoras e monitores. Necess\u00e1rio conhecimento ao menos b\u00e1sico em reparos de placas eletr\u00f4nicas. Interessados entregar curriculum na Rua Major Claudiano 2475 Centro de Frente a Escola EETC Torquato Caleiro ou Whatsapp 16 98163-5877.\n            <\/p>\n<p><strong>Compartilhe:<\/strong><\/p>\n<p>                <img data-recalc-dims=\"1\" loading=\"lazy\" decoding=\"async\" width=\"25\" height=\"25\" src=\"https:\/\/i0.wp.com\/francaclassificados.com\/\/source\/view\/img\/20w50.png?resize=25%2C25&#038;ssl=1\" alt=\"Imagem compartilhar whatsapp\"\/><\/p>\n<p>                <img data-recalc-dims=\"1\" loading=\"lazy\" decoding=\"async\" width=\"25\" height=\"25\" src=\"https:\/\/i0.wp.com\/francaclassificados.com\/\/source\/view\/img\/18w50.png?resize=25%2C25&#038;ssl=1\" alt=\"Imagem compartilhar facebook\"\/><\/p>\n<\/p><\/div>\n<p>    <script async=\"\" src=\"https:\/\/pagead2.googlesyndication.com\/pagead\/js\/adsbygoogle.js?client=ca-pub-2853392113352629\" crossorigin=\"anonymous\"\/>\n    <ins class=\"adsbygoogle\" style=\"display:block\" data-ad-client=\"ca-pub-2853392113352629\" data-ad-slot=\"2925831803\" data-ad-format=\"auto\" data-full-width-responsive=\"true\"\/>\n    <script><![CDATA[(adsbygoogle = window.adsbygoogle || []).push({});]]><\/script><\/p>\n<div class=\"emp\">\n<p>\n            OPERADOR MAQ DTF\/TECNICO EM MECATRONICA<br \/>Operador de M\u00e1quina (Impressoras DTF) e T\u00e9cnico em Mecatr\u00f4nica Estamos contratando para duas posi\u00e7\u00f5es: Operador de M\u00e1quinas \u2013 Impressoras DTF T\u00e9cnico em Mecatr\u00f4nica \u2013 Para instala\u00e7\u00f5es e manuten\u00e7\u00f5es de impressoras em todo o Brasil Requisitos: Experi\u00eancia nas \u00e1reas mencionadas Disponibilidade para viagens (para a vaga de T\u00e9cnico em Mecatr\u00f4nica) Comprometimento e responsabilidade Oferecemos: Jornada de segunda a sexta-feira, das 07h00 \u00e0s 16h48 Sal\u00e1rio compat\u00edvel dprecrutamentoselecao07@gmail.com\n            <\/p>\n<p><strong>Compartilhe:<\/strong><\/p>\n<p>                <img data-recalc-dims=\"1\" loading=\"lazy\" decoding=\"async\" width=\"25\" height=\"25\" src=\"https:\/\/i0.wp.com\/francaclassificados.com\/\/source\/view\/img\/20w50.png?resize=25%2C25&#038;ssl=1\" alt=\"Imagem compartilhar whatsapp\"\/><\/p>\n<p>                <img data-recalc-dims=\"1\" loading=\"lazy\" decoding=\"async\" width=\"25\" height=\"25\" src=\"https:\/\/i0.wp.com\/francaclassificados.com\/\/source\/view\/img\/18w50.png?resize=25%2C25&#038;ssl=1\" alt=\"Imagem compartilhar facebook\"\/><\/p>\n<\/p><\/div>\n<div class=\"emp\">\n<p>\n            Estamos contratando apontador de vira manual ou coringa de pr\u00e9-frezado com experi\u00eancia, para in\u00edcio imediato. Tratar pelos telefones: (16)99996-4821 ou (16)99240-1025, liga\u00e7\u00e3o ou whatsapp.\n            <\/p>\n<p><strong>Compartilhe:<\/strong><\/p>\n<p>                <img data-recalc-dims=\"1\" loading=\"lazy\" decoding=\"async\" width=\"25\" height=\"25\" src=\"https:\/\/i0.wp.com\/francaclassificados.com\/\/source\/view\/img\/20w50.png?resize=25%2C25&#038;ssl=1\" alt=\"Imagem compartilhar whatsapp\"\/><\/p>\n<p>                <img data-recalc-dims=\"1\" loading=\"lazy\" decoding=\"async\" width=\"25\" height=\"25\" src=\"https:\/\/i0.wp.com\/francaclassificados.com\/\/source\/view\/img\/18w50.png?resize=25%2C25&#038;ssl=1\" alt=\"Imagem compartilhar facebook\"\/><\/p>\n<\/p><\/div>\n<p>    <script async=\"\" src=\"https:\/\/pagead2.googlesyndication.com\/pagead\/js\/adsbygoogle.js?client=ca-pub-2853392113352629\" crossorigin=\"anonymous\"\/>\n    <ins class=\"adsbygoogle\" style=\"display:block\" data-ad-client=\"ca-pub-2853392113352629\" data-ad-slot=\"2925831803\" data-ad-format=\"auto\" data-full-width-responsive=\"true\"\/>\n    <script><![CDATA[(adsbygoogle = window.adsbygoogle || []).push({});]]><\/script><\/p>\n<div class=\"emp\">\n<p>\n            AUXILIAR DE PRODU\u00c7\u00c3O<br \/>Estamos contratando auxiliar de produ\u00e7\u00e3o com experiencia em maquinas. Requisitos: Experiencia comprovada em opera\u00e7\u00e3o ou manuseio de maquinas industriais. Abastecimento de linha de produ\u00e7\u00e3o. Comprometimento , agilidade e trabalho em equipe. Interessados enviar curriculo para o email:<br \/>\n            <br \/>edisaturi@yahoo.com.br\n            <\/p>\n<p><strong>Compartilhe:<\/strong><\/p>\n<p>                <img data-recalc-dims=\"1\" loading=\"lazy\" decoding=\"async\" width=\"25\" height=\"25\" src=\"https:\/\/i0.wp.com\/francaclassificados.com\/\/source\/view\/img\/20w50.png?resize=25%2C25&#038;ssl=1\" alt=\"Imagem compartilhar whatsapp\"\/><\/p>\n<p>                <img data-recalc-dims=\"1\" loading=\"lazy\" decoding=\"async\" width=\"25\" height=\"25\" src=\"https:\/\/i0.wp.com\/francaclassificados.com\/\/source\/view\/img\/18w50.png?resize=25%2C25&#038;ssl=1\" alt=\"Imagem compartilhar facebook\"\/><\/p>\n<\/p><\/div>\n<div class=\"emp\">\n<p>\n            Aux. Mec\u00e2nico Maquinas<br \/>Procuramos um Mec\u00e2nico para aprender e revisar m\u00e1quinas de cal\u00e7ado. Hor\u00e1rio: 7h \u00e0s 17h, com almo\u00e7o das 11h \u00e0s 12h. Oferecemos treinamento completo. Requisitos: Interesse em m\u00e1quinas e vontade de aprender. Envie seu curr\u00edculo para luzimaq03@gmail.com. Junte-se a n\u00f3s e desenvolva sua carreira!\n            <\/p>\n<p><strong>Compartilhe:<\/strong><\/p>\n<p>                <img data-recalc-dims=\"1\" loading=\"lazy\" decoding=\"async\" width=\"25\" height=\"25\" src=\"https:\/\/i0.wp.com\/francaclassificados.com\/\/source\/view\/img\/20w50.png?resize=25%2C25&#038;ssl=1\" alt=\"Imagem compartilhar whatsapp\"\/><\/p>\n<p>                <img data-recalc-dims=\"1\" loading=\"lazy\" decoding=\"async\" width=\"25\" height=\"25\" src=\"https:\/\/i0.wp.com\/francaclassificados.com\/\/source\/view\/img\/18w50.png?resize=25%2C25&#038;ssl=1\" alt=\"Imagem compartilhar facebook\"\/><\/p>\n<\/p><\/div>\n<p>    <script async=\"\" src=\"https:\/\/pagead2.googlesyndication.com\/pagead\/js\/adsbygoogle.js?client=ca-pub-2853392113352629\" crossorigin=\"anonymous\"\/>\n    <ins class=\"adsbygoogle\" style=\"display:block\" data-ad-client=\"ca-pub-2853392113352629\" data-ad-slot=\"2925831803\" data-ad-format=\"auto\" data-full-width-responsive=\"true\"\/>\n    <script><![CDATA[(adsbygoogle = window.adsbygoogle || []).push({});]]><\/script><\/p>\n<div class=\"emp\">\n<p>\n            Atendimento ao p\u00fablico\/ balconista<br \/>Pastelaria contrata-se pessoas de ambos os sexos para trabalhar com atendimento ao p\u00fablico, de seg a s\u00e1bado, que tenha disponibilidade de hor\u00e1rio das 9:00 as 19:20 (N\u00e3o trabalhamos aos domingos), sal\u00e1rio R$ 1900,00 + 360,00 vale alimenta\u00e7\u00e3o + plano sa\u00fade e odontol\u00f3gico + vale transporte caso necess\u00e1rio, + bonifica\u00e7\u00e3o de metas. Vagas para regi\u00e3o da vila S\u00e3o Sebasti\u00e3o e tamb\u00e9m media\u00e7\u00f5es av Brasil. Enviar curr\u00edculo com foto para o watz 16 9.9219-4491. N\u00e3o exigimos experi\u00eancia .\n            <\/p>\n<p><strong>Compartilhe:<\/strong><\/p>\n<p>                <img data-recalc-dims=\"1\" loading=\"lazy\" decoding=\"async\" width=\"25\" height=\"25\" src=\"https:\/\/i0.wp.com\/francaclassificados.com\/\/source\/view\/img\/20w50.png?resize=25%2C25&#038;ssl=1\" alt=\"Imagem compartilhar whatsapp\"\/><\/p>\n<p>                <img data-recalc-dims=\"1\" loading=\"lazy\" decoding=\"async\" width=\"25\" height=\"25\" src=\"https:\/\/i0.wp.com\/francaclassificados.com\/\/source\/view\/img\/18w50.png?resize=25%2C25&#038;ssl=1\" alt=\"Imagem compartilhar facebook\"\/><\/p>\n<\/p><\/div>\n<div class=\"emp\">\n<p>\n            Vendedor de cons\u00f3rcio<br \/>Benef\u00edcios: Sal\u00e1rio + Comiss\u00e3o, plano de sa\u00fade, plano odontol\u00f3gico, Passaporte Wellhub. Requisitos: Ensino m\u00e9dio completo, habilidades b\u00e1sicas em inform\u00e1tica, comunicativo, resiliente, flex\u00edvel e focado na satisfa\u00e7\u00e3o do cliente. Atividades: Contato com clientes para vender produtos\/servi\u00e7os, estabelecer relacionamento, receber liga\u00e7\u00f5es. Habilidades desejadas: Clareza na comunica\u00e7\u00e3o, boa dic\u00e7\u00e3o, ser ouvinte atencioso, persuas\u00e3o, empatia, cortesia, controle emocional e de tempo. Curr\u00edculo e-mail<br \/>\n            <br \/>vendas.franca@motozema.com\n            <\/p>\n<p><strong>Compartilhe:<\/strong><\/p>\n<p>                <img data-recalc-dims=\"1\" loading=\"lazy\" decoding=\"async\" width=\"25\" height=\"25\" src=\"https:\/\/i0.wp.com\/francaclassificados.com\/\/source\/view\/img\/20w50.png?resize=25%2C25&#038;ssl=1\" alt=\"Imagem compartilhar whatsapp\"\/><\/p>\n<p>                <img data-recalc-dims=\"1\" loading=\"lazy\" decoding=\"async\" width=\"25\" height=\"25\" src=\"https:\/\/i0.wp.com\/francaclassificados.com\/\/source\/view\/img\/18w50.png?resize=25%2C25&#038;ssl=1\" alt=\"Imagem compartilhar facebook\"\/><\/p>\n<\/p><\/div>\n<p>    <script async=\"\" src=\"https:\/\/pagead2.googlesyndication.com\/pagead\/js\/adsbygoogle.js?client=ca-pub-2853392113352629\" crossorigin=\"anonymous\"\/>\n    <ins class=\"adsbygoogle\" style=\"display:block\" data-ad-client=\"ca-pub-2853392113352629\" data-ad-slot=\"2925831803\" data-ad-format=\"auto\" data-full-width-responsive=\"true\"\/>\n    <script><![CDATA[(adsbygoogle = window.adsbygoogle || []).push({});]]><\/script><\/p>\n<div class=\"emp\">\n<p>\n            Auxiliar de Produ\u00e7\u00e3o<br \/>Ter boa comunica\u00e7\u00e3o, trabalhar em equipe, din\u00e2mico, que realmente queira trabalhar, e crescer juntamente com a empresa.! Enviar curr\u00edculo para whatsapp 16992264273\n            <\/p>\n<p><strong>Compartilhe:<\/strong><\/p>\n<p>                <img data-recalc-dims=\"1\" loading=\"lazy\" decoding=\"async\" width=\"25\" height=\"25\" src=\"https:\/\/i0.wp.com\/francaclassificados.com\/\/source\/view\/img\/20w50.png?resize=25%2C25&#038;ssl=1\" alt=\"Imagem compartilhar whatsapp\"\/><\/p>\n<p>                <img data-recalc-dims=\"1\" loading=\"lazy\" decoding=\"async\" width=\"25\" height=\"25\" src=\"https:\/\/i0.wp.com\/francaclassificados.com\/\/source\/view\/img\/18w50.png?resize=25%2C25&#038;ssl=1\" alt=\"Imagem compartilhar facebook\"\/><\/p>\n<\/p><\/div>\n<div class=\"emp\">\n<p>\n            ATENDIMENTO<br \/>Ag\u00eancia franqueada dos Correios contrata Atendente Comercial. Experi\u00eancia em atendimento de e-commerce \u00e9 um diferencial. Carga de trabalho de segunda a sexta, das 8:45 as 17:45, e aos s\u00e1bados das 8:45 as 12:45. Enviar curr\u00edculo para rhdorama@gmail.com\n            <\/p>\n<p><strong>Compartilhe:<\/strong><\/p>\n<p>                <img data-recalc-dims=\"1\" loading=\"lazy\" decoding=\"async\" width=\"25\" height=\"25\" src=\"https:\/\/i0.wp.com\/francaclassificados.com\/\/source\/view\/img\/20w50.png?resize=25%2C25&#038;ssl=1\" alt=\"Imagem compartilhar whatsapp\"\/><\/p>\n<p>                <img data-recalc-dims=\"1\" loading=\"lazy\" decoding=\"async\" width=\"25\" height=\"25\" src=\"https:\/\/i0.wp.com\/francaclassificados.com\/\/source\/view\/img\/18w50.png?resize=25%2C25&#038;ssl=1\" alt=\"Imagem compartilhar facebook\"\/><\/p>\n<\/p><\/div>\n<p>    <script async=\"\" src=\"https:\/\/pagead2.googlesyndication.com\/pagead\/js\/adsbygoogle.js?client=ca-pub-2853392113352629\" crossorigin=\"anonymous\"\/>\n    <ins class=\"adsbygoogle\" style=\"display:block\" data-ad-client=\"ca-pub-2853392113352629\" data-ad-slot=\"2925831803\" data-ad-format=\"auto\" data-full-width-responsive=\"true\"\/>\n    <script><![CDATA[(adsbygoogle = window.adsbygoogle || []).push({});]]><\/script><\/p>\n<div class=\"emp\">\n<p>\n            Social media &amp; Designer Gr\u00e1fico<br \/>Requisitos: Perfil feminino, experi\u00eancia em social media e design gr\u00e1fico, com dom\u00ednio do Canva e CapCut para cria\u00e7\u00e3o de conte\u00fados visuais e edi\u00e7\u00e3o de v\u00eddeos. Habilidade para criar reels estrat\u00e9gicos para engajamento. Criatividade para conte\u00fados visuais impactantes e boa escrita para legendas atrativas. Organiza\u00e7\u00e3o para um cronograma eficiente. Se encaixa no perfil? Envie seu curr\u00edculo no WhatsApp (16) 99266-4997\n            <\/p>\n<p><strong>Compartilhe:<\/strong><\/p>\n<p>                <img data-recalc-dims=\"1\" loading=\"lazy\" decoding=\"async\" width=\"25\" height=\"25\" src=\"https:\/\/i0.wp.com\/francaclassificados.com\/\/source\/view\/img\/20w50.png?resize=25%2C25&#038;ssl=1\" alt=\"Imagem compartilhar whatsapp\"\/><\/p>\n<p>                <img data-recalc-dims=\"1\" loading=\"lazy\" decoding=\"async\" width=\"25\" height=\"25\" src=\"https:\/\/i0.wp.com\/francaclassificados.com\/\/source\/view\/img\/18w50.png?resize=25%2C25&#038;ssl=1\" alt=\"Imagem compartilhar facebook\"\/><\/p>\n<\/p><\/div>\n<div class=\"emp\">\n<p>\n            APRENDIZ - ALMOXARIFADO<br \/>Oportunidade para forma\u00e7\u00e3o em Log\u00edstica. Buscamos jovens (14-24 anos) com disciplina, iniciativa e boa comunica\u00e7\u00e3o. Atuar\u00e1 na organiza\u00e7\u00e3o e fluxo de materiais. Desej\u00e1vel conhecimento b\u00e1sico em Pacote Office. Se voc\u00ea busca aprendizado e crescimento profissional, envie seu curr\u00edculo para WhatsApp: (16) 99198-5583. Invista no seu futuro!\n            <\/p>\n<p><strong>Compartilhe:<\/strong><\/p>\n<p>                <img data-recalc-dims=\"1\" loading=\"lazy\" decoding=\"async\" width=\"25\" height=\"25\" src=\"https:\/\/i0.wp.com\/francaclassificados.com\/\/source\/view\/img\/20w50.png?resize=25%2C25&#038;ssl=1\" alt=\"Imagem compartilhar whatsapp\"\/><\/p>\n<p>                <img data-recalc-dims=\"1\" loading=\"lazy\" decoding=\"async\" width=\"25\" height=\"25\" src=\"https:\/\/i0.wp.com\/francaclassificados.com\/\/source\/view\/img\/18w50.png?resize=25%2C25&#038;ssl=1\" alt=\"Imagem compartilhar facebook\"\/><\/p>\n<\/p><\/div>\n<p>    <script async=\"\" src=\"https:\/\/pagead2.googlesyndication.com\/pagead\/js\/adsbygoogle.js?client=ca-pub-2853392113352629\" crossorigin=\"anonymous\"\/>\n    <ins class=\"adsbygoogle\" style=\"display:block\" data-ad-client=\"ca-pub-2853392113352629\" data-ad-slot=\"2925831803\" data-ad-format=\"auto\" data-full-width-responsive=\"true\"\/>\n    <script><![CDATA[(adsbygoogle = window.adsbygoogle || []).push({});]]><\/script><\/p>\n<div class=\"emp\">\n<p>\n            FABRICA NO ANGELA ROSA CONTRATA CAMBREADORE\/RISCADOR E ARRANHADOR\/CORINGA DE ESTEIRA\/AUXILIAR DE PRODUCAO\/AUXILIAR DE PREPARA\u00c7\u00c3O\/AUXILIAR DE PRANCHEAMENTO\/REVISOR FINAL\/REVISOR DE PESPONTO\/ESCALADOR DE FORMA\/MOLDADOR DE CONTRA FORTE\/CORINGA DE ESTEIRA\/ALMOXARIFE\/ACABADOR, ENVIAR CURRICULO PARA WHATSAPP 16 3705-2446\n            <\/p>\n<p><strong>Compartilhe:<\/strong><\/p>\n<p>                <img data-recalc-dims=\"1\" loading=\"lazy\" decoding=\"async\" width=\"25\" height=\"25\" src=\"https:\/\/i0.wp.com\/francaclassificados.com\/\/source\/view\/img\/20w50.png?resize=25%2C25&#038;ssl=1\" alt=\"Imagem compartilhar whatsapp\"\/><\/p>\n<p>                <img data-recalc-dims=\"1\" loading=\"lazy\" decoding=\"async\" width=\"25\" height=\"25\" src=\"https:\/\/i0.wp.com\/francaclassificados.com\/\/source\/view\/img\/18w50.png?resize=25%2C25&#038;ssl=1\" alt=\"Imagem compartilhar facebook\"\/><\/p>\n<\/p><\/div>\n<div class=\"emp\">\n<p>\n            DEPARTAMENTO FISCAL<br \/>Vaga de Auxiliar e Analista Fiscal \u2013 Venha fazer parte do nosso time! Quer crescer na \u00e1rea fiscal? Estamos em busca de profissionais dedicados, que tenham vontade de aprender e se desenvolver. \u00c9 necess\u00e1rio ter conhecimento em rotinas fiscais e cont\u00e1beis, experi\u00eancia com o sistema Alterdata ser\u00e1 um (diferencial). Se voc\u00ea quer fazer parte de uma equipe que valoriza seu talento, envie seu curr\u00edculo e junte-se a n\u00f3s. contato@gconcontabilidade.com.br\n            <\/p>\n<p><strong>Compartilhe:<\/strong><\/p>\n<p>                <img data-recalc-dims=\"1\" loading=\"lazy\" decoding=\"async\" width=\"25\" height=\"25\" src=\"https:\/\/i0.wp.com\/francaclassificados.com\/\/source\/view\/img\/20w50.png?resize=25%2C25&#038;ssl=1\" alt=\"Imagem compartilhar whatsapp\"\/><\/p>\n<p>                <img data-recalc-dims=\"1\" loading=\"lazy\" decoding=\"async\" width=\"25\" height=\"25\" src=\"https:\/\/i0.wp.com\/francaclassificados.com\/\/source\/view\/img\/18w50.png?resize=25%2C25&#038;ssl=1\" alt=\"Imagem compartilhar facebook\"\/><\/p>\n<\/p><\/div>\n<p>    <script async=\"\" src=\"https:\/\/pagead2.googlesyndication.com\/pagead\/js\/adsbygoogle.js?client=ca-pub-2853392113352629\" crossorigin=\"anonymous\"\/>\n    <ins class=\"adsbygoogle\" style=\"display:block\" data-ad-client=\"ca-pub-2853392113352629\" data-ad-slot=\"2925831803\" data-ad-format=\"auto\" data-full-width-responsive=\"true\"\/>\n    <script><![CDATA[(adsbygoogle = window.adsbygoogle || []).push({});]]><\/script><\/p>\n<div class=\"emp\">\n<p>\n            DESIGNER E_COMMERCE<br \/>Estamos contratando Designer \/ e-commerce para executar as rotinas de fotos de produtos, tratamento e manipula\u00e7\u00e3o de imagens, edi\u00e7\u00e3o de v\u00eddeos, desenvolvimento e cria\u00e7\u00e3o de materiais gr\u00e1ficos em Photoshop \/ premiere \/ indesign \/ capcut. Envie seu curr\u00edculo para: curriculorjg@gmail.com\n            <\/p>\n<p><strong>Compartilhe:<\/strong><\/p>\n<p>                <img data-recalc-dims=\"1\" loading=\"lazy\" decoding=\"async\" width=\"25\" height=\"25\" src=\"https:\/\/i0.wp.com\/francaclassificados.com\/\/source\/view\/img\/20w50.png?resize=25%2C25&#038;ssl=1\" alt=\"Imagem compartilhar whatsapp\"\/><\/p>\n<p>                <img data-recalc-dims=\"1\" loading=\"lazy\" decoding=\"async\" width=\"25\" height=\"25\" src=\"https:\/\/i0.wp.com\/francaclassificados.com\/\/source\/view\/img\/18w50.png?resize=25%2C25&#038;ssl=1\" alt=\"Imagem compartilhar facebook\"\/><\/p>\n<\/p><\/div>\n<div class=\"emp\">\n<p>\n            CONFERENTE \/ REVISORA (CLT) IND\u00daSTRIA<br \/>VAGA ABERTA PARA AUXILIAR DE PRODU\u00c7\u00c3O - CONFERENTE\/REVISORA DE ESPELHO - IND\u00daSTRIA DE ESPELHOS - ENVIE SEU CURR\u00cdCULO +55 (16) 99405-1756\n            <\/p>\n<p><strong>Compartilhe:<\/strong><\/p>\n<p>                <img data-recalc-dims=\"1\" loading=\"lazy\" decoding=\"async\" width=\"25\" height=\"25\" src=\"https:\/\/i0.wp.com\/francaclassificados.com\/\/source\/view\/img\/20w50.png?resize=25%2C25&#038;ssl=1\" alt=\"Imagem compartilhar whatsapp\"\/><\/p>\n<p>                <img data-recalc-dims=\"1\" loading=\"lazy\" decoding=\"async\" width=\"25\" height=\"25\" src=\"https:\/\/i0.wp.com\/francaclassificados.com\/\/source\/view\/img\/18w50.png?resize=25%2C25&#038;ssl=1\" alt=\"Imagem compartilhar facebook\"\/><\/p>\n<\/p><\/div>\n<p>    <script async=\"\" src=\"https:\/\/pagead2.googlesyndication.com\/pagead\/js\/adsbygoogle.js?client=ca-pub-2853392113352629\" crossorigin=\"anonymous\"\/>\n    <ins class=\"adsbygoogle\" style=\"display:block\" data-ad-client=\"ca-pub-2853392113352629\" data-ad-slot=\"2925831803\" data-ad-format=\"auto\" data-full-width-responsive=\"true\"\/>\n    <script><![CDATA[(adsbygoogle = window.adsbygoogle || []).push({});]]><\/script><\/p>\n<div class=\"emp\">\n<p>\n            ESTAMOS CONTRATANDO para seguintes fun\u00e7\u00f5es: COLADEIRA DE CALCANHEIRA, APONTADOR DE SOLA, PASSADEIRA DE COLA NO CABEDAL, AUXILIAR DE MONTAGEM, PREPARADOR DE SOLA, CORINGA DE ESTEIRA e AUXILIAR DE CORTE. Enviar curriculo no e-mail jbshoesfinanceiro@gmail.com ou entregar pessoalmente no endere\u00e7o AV ADHEMAR PEREIRA DE BARROS, 2120 PROL VILA APARECIDA II\n            <\/p>\n<p><strong>Compartilhe:<\/strong><\/p>\n<p>                <img data-recalc-dims=\"1\" loading=\"lazy\" decoding=\"async\" width=\"25\" height=\"25\" src=\"https:\/\/i0.wp.com\/francaclassificados.com\/\/source\/view\/img\/20w50.png?resize=25%2C25&#038;ssl=1\" alt=\"Imagem compartilhar whatsapp\"\/><\/p>\n<p>                <img data-recalc-dims=\"1\" loading=\"lazy\" decoding=\"async\" width=\"25\" height=\"25\" src=\"https:\/\/i0.wp.com\/francaclassificados.com\/\/source\/view\/img\/18w50.png?resize=25%2C25&#038;ssl=1\" alt=\"Imagem compartilhar facebook\"\/><\/p>\n<\/p><\/div>\n<div class=\"emp\">\n<p>\n            Costureira Overlock<br \/>Contrata-se costureira(o) que tenha experi\u00eancia em Overlock, confec\u00e7\u00e3o de moletom, Inicio Imediato - Fabrica nas imedia\u00e7\u00f5es do Angela Rosa - Enviar curr\u00edculo WhatsApp (16) 99388-4194.\n            <\/p>\n<p><strong>Compartilhe:<\/strong><\/p>\n<p>                <img data-recalc-dims=\"1\" loading=\"lazy\" decoding=\"async\" width=\"25\" height=\"25\" src=\"https:\/\/i0.wp.com\/francaclassificados.com\/\/source\/view\/img\/20w50.png?resize=25%2C25&#038;ssl=1\" alt=\"Imagem compartilhar whatsapp\"\/><\/p>\n<p>                <img data-recalc-dims=\"1\" loading=\"lazy\" decoding=\"async\" width=\"25\" height=\"25\" src=\"https:\/\/i0.wp.com\/francaclassificados.com\/\/source\/view\/img\/18w50.png?resize=25%2C25&#038;ssl=1\" alt=\"Imagem compartilhar facebook\"\/><\/p>\n<\/p><\/div>\n<p>    <script async=\"\" src=\"https:\/\/pagead2.googlesyndication.com\/pagead\/js\/adsbygoogle.js?client=ca-pub-2853392113352629\" crossorigin=\"anonymous\"\/>\n    <ins class=\"adsbygoogle\" style=\"display:block\" data-ad-client=\"ca-pub-2853392113352629\" data-ad-slot=\"2925831803\" data-ad-format=\"auto\" data-full-width-responsive=\"true\"\/>\n    <script><![CDATA[(adsbygoogle = window.adsbygoogle || []).push({});]]><\/script><\/p>\n<div class=\"emp\">\n<p>\n            OPERADOR DE CALDEIRA<br \/>CONTRATA-SE OPERADOR DE CALDEIRA. PROFISSIONAL COM EXPERI\u00caNCIA PARA CONTROLAR O FUNCIONAMENTO DA CALDEIRA E CONTROLE DA TEMPERATURA PARA SUPRIR O ABASTECIMENTO DE ENERGIA DA PRODU\u00c7\u00c3O. TER CONHECIMENTO T\u00c9CNICO EM OPERA\u00c7\u00c3O DE CALDEIRA; TER CURSO DE OPERADOR DE CALDEIRA (CERTIFICADO). CONTRATO CLT. NECESS\u00c1RIO VE\u00cdCULO PR\u00d3PRIO. INTERESSADOS ENCAMINHAR CURR\u00cdCULO P\/ O E-MAIL: rh@pepcol.com.br COM O TITULO OPERADOR DE CALDEIRA\n            <\/p>\n<p><strong>Compartilhe:<\/strong><\/p>\n<p>                <img data-recalc-dims=\"1\" loading=\"lazy\" decoding=\"async\" width=\"25\" height=\"25\" src=\"https:\/\/i0.wp.com\/francaclassificados.com\/\/source\/view\/img\/20w50.png?resize=25%2C25&#038;ssl=1\" alt=\"Imagem compartilhar whatsapp\"\/><\/p>\n<p>                <img data-recalc-dims=\"1\" loading=\"lazy\" decoding=\"async\" width=\"25\" height=\"25\" src=\"https:\/\/i0.wp.com\/francaclassificados.com\/\/source\/view\/img\/18w50.png?resize=25%2C25&#038;ssl=1\" alt=\"Imagem compartilhar facebook\"\/><\/p>\n<\/p><\/div>\n<div class=\"emp\">\n<p>\n            Auxiliar de Expedi\u00e7\u00e3o<br \/>Somos uma empresa de Marketing Digital e buscamos um Auxiliar de Expedi\u00e7\u00e3o. Realizar envio de materiais de forma eficiente, garantindo precis\u00e3o e qualidade, processamento e prepara\u00e7\u00e3o de pedidos, embalagem de itens, rotulagem, organiza\u00e7\u00e3o de estoque e transporte, documenta\u00e7\u00e3o de envios, rastreamento e gerenciamento de devolu\u00e7\u00f5es. Necess\u00e1rio Ensino M\u00e9dio ou T\u00e9cnico, Pacote Office, experi\u00eancia em expedi\u00e7\u00e3o (diferencial) e proatividade. Interessados enviar curr\u00edculo para: rh1@aprovasim.com\n            <\/p>\n<p><strong>Compartilhe:<\/strong><\/p>\n<p>                <img data-recalc-dims=\"1\" loading=\"lazy\" decoding=\"async\" width=\"25\" height=\"25\" src=\"https:\/\/i0.wp.com\/francaclassificados.com\/\/source\/view\/img\/20w50.png?resize=25%2C25&#038;ssl=1\" alt=\"Imagem compartilhar whatsapp\"\/><\/p>\n<p>                <img data-recalc-dims=\"1\" loading=\"lazy\" decoding=\"async\" width=\"25\" height=\"25\" src=\"https:\/\/i0.wp.com\/francaclassificados.com\/\/source\/view\/img\/18w50.png?resize=25%2C25&#038;ssl=1\" alt=\"Imagem compartilhar facebook\"\/><\/p>\n<\/p><\/div>\n<p>    <script async=\"\" src=\"https:\/\/pagead2.googlesyndication.com\/pagead\/js\/adsbygoogle.js?client=ca-pub-2853392113352629\" crossorigin=\"anonymous\"\/>\n    <ins class=\"adsbygoogle\" style=\"display:block\" data-ad-client=\"ca-pub-2853392113352629\" data-ad-slot=\"2925831803\" data-ad-format=\"auto\" data-full-width-responsive=\"true\"\/>\n    <script><![CDATA[(adsbygoogle = window.adsbygoogle || []).push({});]]><\/script><\/p>\n<div class=\"emp\">\n<p>\n            Contrata-se Atendente e Mec\u00e2nico de autom\u00f3veis, ambos com experi\u00eancia com ve\u00edculos. Sal\u00e1rio fixo, B\u00f4nus + Comiss\u00e3o. Interessados enviar curr\u00edculo para o WhatsApp (16)99210-7776. Com a palavra Automotivo\n            <\/p>\n<p><strong>Compartilhe:<\/strong><\/p>\n<p>                <img data-recalc-dims=\"1\" loading=\"lazy\" decoding=\"async\" width=\"25\" height=\"25\" src=\"https:\/\/i0.wp.com\/francaclassificados.com\/\/source\/view\/img\/20w50.png?resize=25%2C25&#038;ssl=1\" alt=\"Imagem compartilhar whatsapp\"\/><\/p>\n<p>                <img data-recalc-dims=\"1\" loading=\"lazy\" decoding=\"async\" width=\"25\" height=\"25\" src=\"https:\/\/i0.wp.com\/francaclassificados.com\/\/source\/view\/img\/18w50.png?resize=25%2C25&#038;ssl=1\" alt=\"Imagem compartilhar facebook\"\/><\/p>\n<\/p><\/div>\n<div class=\"emp\">\n<p>\n            TRATORISTA<br \/>Contrata-se tratorista para morar na fazenda na regi\u00e3o de Pedregulho\/SP. Necess\u00e1rio ter experi\u00eancia comprovada em lavoura de caf\u00e9, com uso de implementos acoplados (ro\u00e7adeira, pulverizador, carreta etc.) e realiza\u00e7\u00e3o de manuten\u00e7\u00f5es simples em trator. Se voc\u00ea atende todos os requisitos, envie seu curr\u00edculo atualizado para: recrutamentofazenda2025@gmail.com\n            <\/p>\n<p><strong>Compartilhe:<\/strong><\/p>\n<p>                <img data-recalc-dims=\"1\" loading=\"lazy\" decoding=\"async\" width=\"25\" height=\"25\" src=\"https:\/\/i0.wp.com\/francaclassificados.com\/\/source\/view\/img\/20w50.png?resize=25%2C25&#038;ssl=1\" alt=\"Imagem compartilhar whatsapp\"\/><\/p>\n<p>                <img data-recalc-dims=\"1\" loading=\"lazy\" decoding=\"async\" width=\"25\" height=\"25\" src=\"https:\/\/i0.wp.com\/francaclassificados.com\/\/source\/view\/img\/18w50.png?resize=25%2C25&#038;ssl=1\" alt=\"Imagem compartilhar facebook\"\/><\/p>\n<\/p><\/div>\n<p>    <script async=\"\" src=\"https:\/\/pagead2.googlesyndication.com\/pagead\/js\/adsbygoogle.js?client=ca-pub-2853392113352629\" crossorigin=\"anonymous\"\/>\n    <ins class=\"adsbygoogle\" style=\"display:block\" data-ad-client=\"ca-pub-2853392113352629\" data-ad-slot=\"2925831803\" data-ad-format=\"auto\" data-full-width-responsive=\"true\"\/>\n    <script><![CDATA[(adsbygoogle = window.adsbygoogle || []).push({});]]><\/script><\/p>\n<div class=\"emp\">\n<p>\n            Cabelereira(o) e Manicures<br \/>Estamos contratando para unidade de Franca-SP. Vaga para cabeleiro e manicures. Cabelereiro desej\u00e1vel experiencia com alisamento e escovas. Trabalho formato MEI com minimo garantido de R$ 1100,00\/m\u00eas + 30% com produtos e estrutura do sal\u00e3o Jo Lissage. \u00d3timas oportunidades, empresa localizada pr\u00f3ximo ao bairro Esta\u00e7\u00e3o. Envie j\u00e1 seu curr\u00edculo para rhdequalidade@gmail.com\n            <\/p>\n<p><strong>Compartilhe:<\/strong><\/p>\n<p>                <img data-recalc-dims=\"1\" loading=\"lazy\" decoding=\"async\" width=\"25\" height=\"25\" src=\"https:\/\/i0.wp.com\/francaclassificados.com\/\/source\/view\/img\/20w50.png?resize=25%2C25&#038;ssl=1\" alt=\"Imagem compartilhar whatsapp\"\/><\/p>\n<p>                <img data-recalc-dims=\"1\" loading=\"lazy\" decoding=\"async\" width=\"25\" height=\"25\" src=\"https:\/\/i0.wp.com\/francaclassificados.com\/\/source\/view\/img\/18w50.png?resize=25%2C25&#038;ssl=1\" alt=\"Imagem compartilhar facebook\"\/><\/p>\n<\/p><\/div>\n<div class=\"emp\">\n<p>\n            CONTRATA-SE PARA EMBALAR, ESTOCAR, CONTAR, MONTAR KITS, CARREGAR E DESCARREGAR TRABALHA AOS SABADOS INICIO IMEDIATO \"VOU CONSIDERAR CURRICULOS APENAS COM FOTO\" Curriculos para : ferramentaslucas@gmail.com\n            <\/p>\n<p><strong>Compartilhe:<\/strong><\/p>\n<p>                <img data-recalc-dims=\"1\" loading=\"lazy\" decoding=\"async\" width=\"25\" height=\"25\" src=\"https:\/\/i0.wp.com\/francaclassificados.com\/\/source\/view\/img\/20w50.png?resize=25%2C25&#038;ssl=1\" alt=\"Imagem compartilhar whatsapp\"\/><\/p>\n<p>                <img data-recalc-dims=\"1\" loading=\"lazy\" decoding=\"async\" width=\"25\" height=\"25\" src=\"https:\/\/i0.wp.com\/francaclassificados.com\/\/source\/view\/img\/18w50.png?resize=25%2C25&#038;ssl=1\" alt=\"Imagem compartilhar facebook\"\/><\/p>\n<\/p><\/div>\n<p>    <script async=\"\" src=\"https:\/\/pagead2.googlesyndication.com\/pagead\/js\/adsbygoogle.js?client=ca-pub-2853392113352629\" crossorigin=\"anonymous\"\/>\n    <ins class=\"adsbygoogle\" style=\"display:block\" data-ad-client=\"ca-pub-2853392113352629\" data-ad-slot=\"2925831803\" data-ad-format=\"auto\" data-full-width-responsive=\"true\"\/>\n    <script><![CDATA[(adsbygoogle = window.adsbygoogle || []).push({});]]><\/script><\/p>\n<div class=\"emp\">\n<p>\n            MOTORISTA \u2013 CNH B<br \/>Estamos contratando Motorista para integrar nossa equipe! Hor\u00e1rio: Segunda a S\u00e1bado, das 11h \u00e0s 19h20 .Benef\u00edcios: Lanche no local, Vale refei\u00e7\u00e3o, 50% do plano m\u00e9dico. Interessados, favor enviar curr\u00edculo para rhpadariafranca@gmail.com com o titulo MOTORISTA. Venha fazer parte do nosso time!\n            <\/p>\n<p><strong>Compartilhe:<\/strong><\/p>\n<p>                <img data-recalc-dims=\"1\" loading=\"lazy\" decoding=\"async\" width=\"25\" height=\"25\" src=\"https:\/\/i0.wp.com\/francaclassificados.com\/\/source\/view\/img\/20w50.png?resize=25%2C25&#038;ssl=1\" alt=\"Imagem compartilhar whatsapp\"\/><\/p>\n<p>                <img data-recalc-dims=\"1\" loading=\"lazy\" decoding=\"async\" width=\"25\" height=\"25\" src=\"https:\/\/i0.wp.com\/francaclassificados.com\/\/source\/view\/img\/18w50.png?resize=25%2C25&#038;ssl=1\" alt=\"Imagem compartilhar facebook\"\/><\/p>\n<\/p><\/div>\n<div class=\"emp\">\n<p>\n            Auxiliar de Mec\u00e2nico<br \/>Contrata-se Auxiliar de Mec\u00e2nico com experi\u00eancia comprovada.Enviar curriculos somente com experi\u00eancia. rhlinefitness@gmail.com\n            <\/p>\n<p><strong>Compartilhe:<\/strong><\/p>\n<p>                <img data-recalc-dims=\"1\" loading=\"lazy\" decoding=\"async\" width=\"25\" height=\"25\" src=\"https:\/\/i0.wp.com\/francaclassificados.com\/\/source\/view\/img\/20w50.png?resize=25%2C25&#038;ssl=1\" alt=\"Imagem compartilhar whatsapp\"\/><\/p>\n<p>                <img data-recalc-dims=\"1\" loading=\"lazy\" decoding=\"async\" width=\"25\" height=\"25\" src=\"https:\/\/i0.wp.com\/francaclassificados.com\/\/source\/view\/img\/18w50.png?resize=25%2C25&#038;ssl=1\" alt=\"Imagem compartilhar facebook\"\/><\/p>\n<\/p><\/div>\n<p>    <script async=\"\" src=\"https:\/\/pagead2.googlesyndication.com\/pagead\/js\/adsbygoogle.js?client=ca-pub-2853392113352629\" crossorigin=\"anonymous\"\/>\n    <ins class=\"adsbygoogle\" style=\"display:block\" data-ad-client=\"ca-pub-2853392113352629\" data-ad-slot=\"2925831803\" data-ad-format=\"auto\" data-full-width-responsive=\"true\"\/>\n    <script><![CDATA[(adsbygoogle = window.adsbygoogle || []).push({});]]><\/script><\/p>\n<div class=\"emp\">\n<p>\n            Ajudante de Servi\u00e7os Gerais<br \/>Precisa-se de ajudante de servi\u00e7os gerais , para auxiliar na limpeza de andaimes, lixa\u00e7ao de maquinas entre outros . Se tiver HABILITA\u00c7AO CARTEIRA B , ser\u00e1 um diferencial, in\u00edcio IMEDIATO. Interessados comparecer com curriculo , na av. Adhemar Pereira de Barros, 377, Jd Brasilandia.\n            <\/p>\n<p><strong>Compartilhe:<\/strong><\/p>\n<p>                <img data-recalc-dims=\"1\" loading=\"lazy\" decoding=\"async\" width=\"25\" height=\"25\" src=\"https:\/\/i0.wp.com\/francaclassificados.com\/\/source\/view\/img\/20w50.png?resize=25%2C25&#038;ssl=1\" alt=\"Imagem compartilhar whatsapp\"\/><\/p>\n<p>                <img data-recalc-dims=\"1\" loading=\"lazy\" decoding=\"async\" width=\"25\" height=\"25\" src=\"https:\/\/i0.wp.com\/francaclassificados.com\/\/source\/view\/img\/18w50.png?resize=25%2C25&#038;ssl=1\" alt=\"Imagem compartilhar facebook\"\/><\/p>\n<\/p><\/div>\n<div class=\"emp\">\n<p>\n            Auxiliar de limpeza<br \/>Contrata-se auxiliar de limpeza com experi\u00eancia. Free lance e tbm vaga fixa. Enviar curr\u00edculo para 16992500012\n            <\/p>\n<p><strong>Compartilhe:<\/strong><\/p>\n<p>                <img data-recalc-dims=\"1\" loading=\"lazy\" decoding=\"async\" width=\"25\" height=\"25\" src=\"https:\/\/i0.wp.com\/francaclassificados.com\/\/source\/view\/img\/20w50.png?resize=25%2C25&#038;ssl=1\" alt=\"Imagem compartilhar whatsapp\"\/><\/p>\n<p>                <img data-recalc-dims=\"1\" loading=\"lazy\" decoding=\"async\" width=\"25\" height=\"25\" src=\"https:\/\/i0.wp.com\/francaclassificados.com\/\/source\/view\/img\/18w50.png?resize=25%2C25&#038;ssl=1\" alt=\"Imagem compartilhar facebook\"\/><\/p>\n<\/p><\/div>\n<p>    <script async=\"\" src=\"https:\/\/pagead2.googlesyndication.com\/pagead\/js\/adsbygoogle.js?client=ca-pub-2853392113352629\" crossorigin=\"anonymous\"\/>\n    <ins class=\"adsbygoogle\" style=\"display:block\" data-ad-client=\"ca-pub-2853392113352629\" data-ad-slot=\"2925831803\" data-ad-format=\"auto\" data-full-width-responsive=\"true\"\/>\n    <script><![CDATA[(adsbygoogle = window.adsbygoogle || []).push({});]]><\/script><\/p>\n<div class=\"emp\">\n<p>\n            CONTRATA-SE VENDEDOR (A) com experi\u00eancia comprovada: ser proativo e com foco em resultados, contrato efetivo CLT, SALARIO FIXO+GRATIFICA\u00c7\u00c3O\/BONIFICA\u00c7\u00c3O SOBRE RESULTADOS. Requisitos: EXPERIENCIA COMPROVADA EM VENDAS, Enviar curr\u00edculo para e-mail: recrutafranca@outlook.com (no assunto colocar:*VENDAS*\n            <\/p>\n<p><strong>Compartilhe:<\/strong><\/p>\n<p>                <img data-recalc-dims=\"1\" loading=\"lazy\" decoding=\"async\" width=\"25\" height=\"25\" src=\"https:\/\/i0.wp.com\/francaclassificados.com\/\/source\/view\/img\/20w50.png?resize=25%2C25&#038;ssl=1\" alt=\"Imagem compartilhar whatsapp\"\/><\/p>\n<p>                <img data-recalc-dims=\"1\" loading=\"lazy\" decoding=\"async\" width=\"25\" height=\"25\" src=\"https:\/\/i0.wp.com\/francaclassificados.com\/\/source\/view\/img\/18w50.png?resize=25%2C25&#038;ssl=1\" alt=\"Imagem compartilhar facebook\"\/><\/p>\n<\/p><\/div>\n<div class=\"emp\">\n<p>\n            Estamos contratando para in\u00edcio imediato: FECHADOR de LADO com experi\u00eancia. A EMPRESA OFERECE CESTA B\u00c1SICA e ASSIST\u00caNCIA M\u00c9DICA. Interessados comparecer \u00e0 Rua Pedro Diniz, 748 \u2013 Parque S\u00e3o Jorge. Informa\u00e7\u00f5es pelo watzapp: 16 99130-2195 ou por email: rh@calcadosshelter.com.br\n            <\/p>\n<p><strong>Compartilhe:<\/strong><\/p>\n<p>                <img data-recalc-dims=\"1\" loading=\"lazy\" decoding=\"async\" width=\"25\" height=\"25\" src=\"https:\/\/i0.wp.com\/francaclassificados.com\/\/source\/view\/img\/20w50.png?resize=25%2C25&#038;ssl=1\" alt=\"Imagem compartilhar whatsapp\"\/><\/p>\n<p>                <img data-recalc-dims=\"1\" loading=\"lazy\" decoding=\"async\" width=\"25\" height=\"25\" src=\"https:\/\/i0.wp.com\/francaclassificados.com\/\/source\/view\/img\/18w50.png?resize=25%2C25&#038;ssl=1\" alt=\"Imagem compartilhar facebook\"\/><\/p>\n<\/p><\/div>\n<p>    <script async=\"\" src=\"https:\/\/pagead2.googlesyndication.com\/pagead\/js\/adsbygoogle.js?client=ca-pub-2853392113352629\" crossorigin=\"anonymous\"\/>\n    <ins class=\"adsbygoogle\" style=\"display:block\" data-ad-client=\"ca-pub-2853392113352629\" data-ad-slot=\"2925831803\" data-ad-format=\"auto\" data-full-width-responsive=\"true\"\/>\n    <script><![CDATA[(adsbygoogle = window.adsbygoogle || []).push({});]]><\/script><\/p>\n<div class=\"emp\">\n<p>\n            Est\u00e1gio Marketing Digital<br \/>\u00c9 Necess\u00e1rio Estar Matriculado em Curso T\u00e9cnico ou Superior relacionado a Marketing, Publicidade e Propaganda, Comunica\u00e7\u00e3o Social ou \u00c1reas Correlatas Experi\u00eancia Pr\u00e9via Ser\u00e1 um Diferencial Enviar Curr\u00edculos : \" contratacaomarketingfranca@gmail.com \"\n            <\/p>\n<p><strong>Compartilhe:<\/strong><\/p>\n<p>                <img data-recalc-dims=\"1\" loading=\"lazy\" decoding=\"async\" width=\"25\" height=\"25\" src=\"https:\/\/i0.wp.com\/francaclassificados.com\/\/source\/view\/img\/20w50.png?resize=25%2C25&#038;ssl=1\" alt=\"Imagem compartilhar whatsapp\"\/><\/p>\n<p>                <img data-recalc-dims=\"1\" loading=\"lazy\" decoding=\"async\" width=\"25\" height=\"25\" src=\"https:\/\/i0.wp.com\/francaclassificados.com\/\/source\/view\/img\/18w50.png?resize=25%2C25&#038;ssl=1\" alt=\"Imagem compartilhar facebook\"\/><\/p>\n<\/p><\/div>\n<div class=\"emp\">\n<p>\n            AUXILIAR DE DEVOLU\u00c7\u00c3O<br \/>Requisitos: Experi\u00eancia com rotinas de devolu\u00e7\u00e3o em e-commerce; Conhecimento pr\u00e9vio no sistema Irr\u00f4ba; Agilidade, aten\u00e7\u00e3o aos detalhes e responsabilidade; Proatividade e organiza\u00e7\u00e3o. Benef\u00edcios: PLR; Aux\u00edlio Plano de Sa\u00fade; Aux\u00edlio Transporte; Cesta b\u00e1sica; Ambiente colaborativo e oportunidade de crescimento interno; Seguro de Vida; Caf\u00e9 da manh\u00e3. Hor\u00e1rio: Segunda \u00e1 Sexta das 06:45h \u00e1s 16:33h. Curr\u00edculos: rh@lojavittal.com.br\n            <\/p>\n<p><strong>Compartilhe:<\/strong><\/p>\n<p>                <img data-recalc-dims=\"1\" loading=\"lazy\" decoding=\"async\" width=\"25\" height=\"25\" src=\"https:\/\/i0.wp.com\/francaclassificados.com\/\/source\/view\/img\/20w50.png?resize=25%2C25&#038;ssl=1\" alt=\"Imagem compartilhar whatsapp\"\/><\/p>\n<p>                <img data-recalc-dims=\"1\" loading=\"lazy\" decoding=\"async\" width=\"25\" height=\"25\" src=\"https:\/\/i0.wp.com\/francaclassificados.com\/\/source\/view\/img\/18w50.png?resize=25%2C25&#038;ssl=1\" alt=\"Imagem compartilhar facebook\"\/><\/p>\n<\/p><\/div>\n<p>    <script async=\"\" src=\"https:\/\/pagead2.googlesyndication.com\/pagead\/js\/adsbygoogle.js?client=ca-pub-2853392113352629\" crossorigin=\"anonymous\"\/>\n    <ins class=\"adsbygoogle\" style=\"display:block\" data-ad-client=\"ca-pub-2853392113352629\" data-ad-slot=\"2925831803\" data-ad-format=\"auto\" data-full-width-responsive=\"true\"\/>\n    <script><![CDATA[(adsbygoogle = window.adsbygoogle || []).push({});]]><\/script><\/p>\n<div class=\"emp\">\n<p>\n            Restaurante de Comida Japonesa Contrata-se Gerente, Cozinheira, Gar\u00e7om, atendente e auxiliar de limpeza com experi\u00eancia nas respectivas \u00e1reas, e que tenha disponibilidade de hor\u00e1rios. Sal\u00e1rio Fixo + Benef\u00edcios e B\u00f4nus. Interessados enviar o curr\u00edculo para WhatsApp (16)99210-7776. Com a palavra Alimenta\u00e7\u00e3o.\n            <\/p>\n<p><strong>Compartilhe:<\/strong><\/p>\n<p>                <img data-recalc-dims=\"1\" loading=\"lazy\" decoding=\"async\" width=\"25\" height=\"25\" src=\"https:\/\/i0.wp.com\/francaclassificados.com\/\/source\/view\/img\/20w50.png?resize=25%2C25&#038;ssl=1\" alt=\"Imagem compartilhar whatsapp\"\/><\/p>\n<p>                <img data-recalc-dims=\"1\" loading=\"lazy\" decoding=\"async\" width=\"25\" height=\"25\" src=\"https:\/\/i0.wp.com\/francaclassificados.com\/\/source\/view\/img\/18w50.png?resize=25%2C25&#038;ssl=1\" alt=\"Imagem compartilhar facebook\"\/><\/p>\n<\/p><\/div>\n<div class=\"emp\">\n<p>\n            CONTRATA PARA INICIO IMEDIATO, AUXILIXAR DE ECOMMERCE, N\u00c3O \u00c9 NECESS\u00c1RIO EXPERIENCIA, APENAS QUE TENHA NO\u00c7\u00c3O DE COMPUTADOR. IR\u00c1 FAZER TODA ROTINA DE ECOMMERCE NO COMPUTADOR, ATENDIMENTO DE P\u00d3S VENDAS, AGENDAMENTO DE ENVIOS, CONFERENCIA DE ANUNCIOS EM MARKETPLACE ETC. TRAGA SEU CURRICULO PESSOALMENTE EM NOSSA LOJA, AVENIDA VEREADOR JOS\u00c9 GRANZOTTE 2523 JARDIM PIRATININGA.\n            <\/p>\n<p><strong>Compartilhe:<\/strong><\/p>\n<p>                <img data-recalc-dims=\"1\" loading=\"lazy\" decoding=\"async\" width=\"25\" height=\"25\" src=\"https:\/\/i0.wp.com\/francaclassificados.com\/\/source\/view\/img\/20w50.png?resize=25%2C25&#038;ssl=1\" alt=\"Imagem compartilhar whatsapp\"\/><\/p>\n<p>                <img data-recalc-dims=\"1\" loading=\"lazy\" decoding=\"async\" width=\"25\" height=\"25\" src=\"https:\/\/i0.wp.com\/francaclassificados.com\/\/source\/view\/img\/18w50.png?resize=25%2C25&#038;ssl=1\" alt=\"Imagem compartilhar facebook\"\/><\/p>\n<\/p><\/div>\n<p>    <img data-recalc-dims=\"1\" decoding=\"async\" src=\"https:\/\/i0.wp.com\/francaclassificados.com\/\/source\/view\/img\/anun6n.png?ssl=1\" class=\"img-fluid pub\" alt=\"Imagem publicidade\"\/><\/p>\n<p>\n    <script async=\"\" src=\"https:\/\/pagead2.googlesyndication.com\/pagead\/js\/adsbygoogle.js?client=ca-pub-2853392113352629\" crossorigin=\"anonymous\"\/> <!--block 2-->\n    <ins class=\"adsbygoogle\" style=\"display:block\" data-ad-format=\"autorelaxed\" data-ad-client=\"ca-pub-2853392113352629\" data-ad-slot=\"3674222755\"\/>\n    <script><![CDATA[\n    (adsbygoogle = window.adsbygoogle || []).push({});\n    ]]><\/script><br \/>\n    \n<\/div>\n<div class='code-block code-block-4' style='margin: 8px auto 8px 0; text-align: left; display: block; clear: both;'>\n\ud83d\udce2 Aviso Legal\n\nO site ismaelcolosi.com.br atua apenas como um canal de divulga\u00e7\u00e3o de oportunidades de emprego e n\u00e3o se responsabiliza pelo processo seletivo, contrata\u00e7\u00e3o ou qualquer outra etapa relacionada \u00e0s vagas publicadas. Todas as informa\u00e7\u00f5es s\u00e3o de responsabilidade dos anunciantes.\n\n\u26a0\ufe0f Aten\u00e7\u00e3o! Nunca pague por promessas de emprego nem compre cursos que garantam contrata\u00e7\u00e3o. Desconfie de qualquer cobran\u00e7a para participar de sele\u00e7\u00f5es.\n\n\n\n<\/div>\n<!-- CONTENT END 1 -->\n","protected":false},"excerpt":{"rendered":"<p>PRECISA-SE DE LIXADOR DE PLANTA COM PR\u00c1TICA EM PR\u00c9 FREZADO \u2013 RUA BEL\u00c9M, 851 \u2013 BRASIL\u00c2NDIA OU 98190-5678. Compartilhe: PRECISA-SE DE AUXILIAR DE LOG\u00cdSTICA ECOMMERCE&#8230;<\/p>\n","protected":false},"author":1,"featured_media":85436,"comment_status":"","ping_status":"open","sticky":false,"template":"","format":"standard","meta":{"_uag_custom_page_level_css":"","advanced_seo_description":"","jetpack_seo_html_title":"","jetpack_seo_noindex":false,"jetpack_post_was_ever_published":false,"_jetpack_newsletter_access":"","_jetpack_dont_email_post_to_subs":false,"_jetpack_newsletter_tier_id":0,"_jetpack_memberships_contains_paywalled_content":false,"_jetpack_memberships_contains_paid_content":false,"footnotes":"","jetpack_publicize_message":"","jetpack_publicize_feature_enabled":true,"jetpack_social_post_already_shared":true,"jetpack_social_options":{"image_generator_settings":{"template":"highway","default_image_id":0,"font":"","enabled":false},"version":2}},"categories":[7],"tags":[],"class_list":["post-85435","post","type-post","status-publish","format-standard","has-post-thumbnail","hentry","category-vagas-de-empregos-em-ribeirao-preto-regiao-brasil"],"jetpack_publicize_connections":[],"jetpack_featured_media_url":"https:\/\/i0.wp.com\/ismaelcolosi.com.br\/wp-content\/uploads\/2025\/05\/1747850589_677304830594429.jpg?fit=640%2C623&ssl=1","uagb_featured_image_src":{"full":["https:\/\/i0.wp.com\/ismaelcolosi.com.br\/wp-content\/uploads\/2025\/05\/1747850589_677304830594429.jpg?fit=640%2C623&ssl=1",640,623,false],"thumbnail":["https:\/\/i0.wp.com\/ismaelcolosi.com.br\/wp-content\/uploads\/2025\/05\/1747850589_677304830594429.jpg?resize=150%2C150&ssl=1",150,150,true],"medium":["https:\/\/i0.wp.com\/ismaelcolosi.com.br\/wp-content\/uploads\/2025\/05\/1747850589_677304830594429.jpg?fit=300%2C292&ssl=1",300,292,true],"medium_large":["https:\/\/i0.wp.com\/ismaelcolosi.com.br\/wp-content\/uploads\/2025\/05\/1747850589_677304830594429.jpg?fit=640%2C623&ssl=1",640,623,true],"large":["https:\/\/i0.wp.com\/ismaelcolosi.com.br\/wp-content\/uploads\/2025\/05\/1747850589_677304830594429.jpg?fit=640%2C623&ssl=1",640,623,true],"1536x1536":["https:\/\/i0.wp.com\/ismaelcolosi.com.br\/wp-content\/uploads\/2025\/05\/1747850589_677304830594429.jpg?fit=640%2C623&ssl=1",640,623,true],"2048x2048":["https:\/\/i0.wp.com\/ismaelcolosi.com.br\/wp-content\/uploads\/2025\/05\/1747850589_677304830594429.jpg?fit=640%2C623&ssl=1",640,623,true],"really-simple-thumb":["https:\/\/i0.wp.com\/ismaelcolosi.com.br\/wp-content\/uploads\/2025\/05\/1747850589_677304830594429.jpg?resize=370%2C247&ssl=1",370,247,true]},"uagb_author_info":{"display_name":"ismaelcolosi.com.br","author_link":"https:\/\/ismaelcolosi.com.br\/index.php\/author\/vidareal-online\/"},"uagb_comment_info":0,"uagb_excerpt":"PRECISA-SE DE LIXADOR DE PLANTA COM PR\u00c1TICA EM PR\u00c9 FREZADO \u2013 RUA BEL\u00c9M, 851 \u2013 BRASIL\u00c2NDIA OU 98190-5678. Compartilhe: PRECISA-SE DE AUXILIAR DE LOG\u00cdSTICA ECOMMERCE...","jetpack-related-posts":[{"id":44492,"url":"https:\/\/ismaelcolosi.com.br\/index.php\/2024\/03\/28\/50-vagas-de-emprego-em-franca-sp-51\/","url_meta":{"origin":85435,"position":0},"title":"50 vagas de emprego em Franca-SP","author":"ismaelcolosi.com.br","date":"28 de March de 2024","format":false,"excerpt":"PRECISA-SE DE COLADEIRA DE PE\u00c7AS COM EXPERI\u00caNCIA, AUXILIAR DE PESPONTO QUE SAIBA CARIMBAR E ENTRETELAR \u2013 RUA JOSE JUSTINO ALVES TAVEIRA, 5091 \u2013 ANA DOROTEIA. Compartilhe: PRECISA-SE DE COLADEIRA DE PE\u00c7AS E DE PESPONTADOR. CURR\u00cdCULO NA AV. JOS\u00c9 LOPES RIBEIRO 4020 \u2013 LUIZA 2. Compartilhe: PRECISA-SE DE COSTUREIRA PARA M\u00c1QUINA\u2026","rel":"","context":"In &quot;Vagas de Emprego em Ribeir\u00e3o Preto-SP&quot;","block_context":{"text":"Vagas de Emprego em Ribeir\u00e3o Preto-SP","link":"https:\/\/ismaelcolosi.com.br\/index.php\/category\/empregos-classificados-vagas-trabalho\/vagas-de-empregos-em-ribeirao-preto-regiao-brasil\/"},"img":{"alt_text":"","src":"https:\/\/i0.wp.com\/ismaelcolosi.com.br\/wp-content\/uploads\/2024\/03\/1711609479_vagasempregoismaelcolosi2020.jpeg?fit=651%2C447&ssl=1&resize=350%2C200","width":350,"height":200,"srcset":"https:\/\/i0.wp.com\/ismaelcolosi.com.br\/wp-content\/uploads\/2024\/03\/1711609479_vagasempregoismaelcolosi2020.jpeg?fit=651%2C447&ssl=1&resize=350%2C200 1x, https:\/\/i0.wp.com\/ismaelcolosi.com.br\/wp-content\/uploads\/2024\/03\/1711609479_vagasempregoismaelcolosi2020.jpeg?fit=651%2C447&ssl=1&resize=525%2C300 1.5x"},"classes":[]},{"id":61120,"url":"https:\/\/ismaelcolosi.com.br\/index.php\/2024\/08\/20\/50-vagas-de-emprego-em-franca-sp-163\/","url_meta":{"origin":85435,"position":1},"title":"50 vagas de emprego em Franca-SP","author":"ismaelcolosi.com.br","date":"20 de August de 2024","format":false,"excerpt":"PRECISA-SE DE COLADEIRA DE PE\u00c7AS COM PR\u00c1TICA E PESPONTADOR COM PR\u00c1TICA EM M\u00c1QUINA ELETR\u00d4NICA \u2013 AVENIDA S\u00c3O PEDRO, 413 \u2013 CITY PETR\u00d3POLIS OU (16) 99291-0825. Compartilhe: PRECISA-SE DE PESPONTADOR QUE TRABALHE POR PE\u00c7A E STRINGADOR. INTERESSADOS ENVIAR CURR\u00cdCULO PELO WHATSAPP (16) 99987-1399. Compartilhe: Precisa-se de empregada dom\u00e9stica com experi\u00eancia em\u2026","rel":"","context":"In &quot;Vagas de Emprego em Ribeir\u00e3o Preto-SP&quot;","block_context":{"text":"Vagas de Emprego em Ribeir\u00e3o Preto-SP","link":"https:\/\/ismaelcolosi.com.br\/index.php\/category\/empregos-classificados-vagas-trabalho\/vagas-de-empregos-em-ribeirao-preto-regiao-brasil\/"},"img":{"alt_text":"","src":"https:\/\/i0.wp.com\/ismaelcolosi.com.br\/wp-content\/uploads\/2024\/08\/1724163490_vagas2Bemprego2Bismael2Bcolosi2B2020.jpeg?fit=651%2C447&ssl=1&resize=350%2C200","width":350,"height":200,"srcset":"https:\/\/i0.wp.com\/ismaelcolosi.com.br\/wp-content\/uploads\/2024\/08\/1724163490_vagas2Bemprego2Bismael2Bcolosi2B2020.jpeg?fit=651%2C447&ssl=1&resize=350%2C200 1x, https:\/\/i0.wp.com\/ismaelcolosi.com.br\/wp-content\/uploads\/2024\/08\/1724163490_vagas2Bemprego2Bismael2Bcolosi2B2020.jpeg?fit=651%2C447&ssl=1&resize=525%2C300 1.5x"},"classes":[]},{"id":85233,"url":"https:\/\/ismaelcolosi.com.br\/index.php\/2025\/05\/06\/50-vagas-de-emprego-em-franca-sp-368\/","url_meta":{"origin":85435,"position":2},"title":"50 vagas de emprego em Franca-SP","author":"ismaelcolosi.com.br","date":"6 de May de 2025","format":false,"excerpt":"PRECISA-SE DE CORTADOR DE VAQUETA COM PR\u00c1TICA E PESPONTADOR \u2013 RUA JOS\u00c9 JOAQUIM DA ROCHA, 5800 \u2013 SANTA TEREZINHA. Compartilhe: PRECISA-SE DE COSTUREIRA PARA OVERLOQUE PARA FECHAR MOLETOM, TRABALHAR INTERNO, PAGAMENTO SEMANAL, SERVI\u00c7O ANO INTEIRO. CONFEC\u00c7\u00c3O ANGELA ROSA 1699458- 4076 \/ 1699112-5924. Compartilhe: Lot\u00e9rica Sorte GrandeRua: Saldanha Marinho, 2151 anexo\u2026","rel":"","context":"In &quot;Vagas de Emprego em Ribeir\u00e3o Preto-SP&quot;","block_context":{"text":"Vagas de Emprego em Ribeir\u00e3o Preto-SP","link":"https:\/\/ismaelcolosi.com.br\/index.php\/category\/empregos-classificados-vagas-trabalho\/vagas-de-empregos-em-ribeirao-preto-regiao-brasil\/"},"img":{"alt_text":"","src":"https:\/\/i0.wp.com\/ismaelcolosi.com.br\/wp-content\/uploads\/2025\/05\/1746556442_vagas2Bemprego2Bismael2Bcolosi2B2020.jpeg?fit=651%2C447&ssl=1&resize=350%2C200","width":350,"height":200,"srcset":"https:\/\/i0.wp.com\/ismaelcolosi.com.br\/wp-content\/uploads\/2025\/05\/1746556442_vagas2Bemprego2Bismael2Bcolosi2B2020.jpeg?fit=651%2C447&ssl=1&resize=350%2C200 1x, https:\/\/i0.wp.com\/ismaelcolosi.com.br\/wp-content\/uploads\/2025\/05\/1746556442_vagas2Bemprego2Bismael2Bcolosi2B2020.jpeg?fit=651%2C447&ssl=1&resize=525%2C300 1.5x"},"classes":[]},{"id":80912,"url":"https:\/\/ismaelcolosi.com.br\/index.php\/2025\/01\/06\/50-vagas-de-emprego-em-franca-sp-275\/","url_meta":{"origin":85435,"position":3},"title":"50 vagas de emprego em Franca-SP","author":"ismaelcolosi.com.br","date":"6 de January de 2025","format":false,"excerpt":"PRECISA-SE DE 1 MANOBRISTA PARA NOITE, HOR\u00c1RIO 12\/36 E 2 PARA O PER\u00cdODO DIURNO. LIGAR PARA GERALDO 16 99291-3038. Compartilhe: AUXILIAR DE PRODU\u00c7\u00c3O, AUXILIAR DE MANUTEN\u00c7\u00c3O GERAL, MEC\u00c2NICO MANUTEN\u00c7\u00c3O GERAL E AUXILIAR DE OPERADOR DE INJETORA \u2013 INTERESSADOS COMPARECER MUNIDOS DE DOCUMENTOS, CURR\u00cdCULO NO SEGUINTE ENDERE\u00c7O AV. MAJOR ELIAS MOTTA,\u2026","rel":"","context":"In &quot;Vagas de Emprego em Ribeir\u00e3o Preto-SP&quot;","block_context":{"text":"Vagas de Emprego em Ribeir\u00e3o Preto-SP","link":"https:\/\/ismaelcolosi.com.br\/index.php\/category\/empregos-classificados-vagas-trabalho\/vagas-de-empregos-em-ribeirao-preto-regiao-brasil\/"},"img":{"alt_text":"","src":"https:\/\/i0.wp.com\/ismaelcolosi.com.br\/wp-content\/uploads\/2025\/01\/1736155688_cropped-vagas-abertas-azul_widelg.jpg?fit=512%2C512&ssl=1&resize=350%2C200","width":350,"height":200},"classes":[]},{"id":80842,"url":"https:\/\/ismaelcolosi.com.br\/index.php\/2025\/01\/04\/50-vagas-de-emprego-em-franca-sp-274\/","url_meta":{"origin":85435,"position":4},"title":"50 vagas de emprego em Franca-SP","author":"ismaelcolosi.com.br","date":"4 de January de 2025","format":false,"excerpt":"PRECISA-SE DE AUXILIAR DE PRODU\u00c7\u00c3O, AUXILIAR DE INJETORA, CILINDREIRO, APONTADOR DE SOLA, LIXADOR E PASSADEIRA DE COLA. ENVIAR CURRICULO PARA rh@softworksepi.com.br OU DEIXAR PESSSOALMENTE NA AV. TRIST\u00c3O DE ALMEIDA, 3771 \u2013 DISTRITO INDUSTRIAL. Compartilhe: PRECISA-SE DE COLADEIRA DE PE\u00c7AS COM PR\u00c1TICA EM FEMININO, NAS IMEDIA\u00c7\u00d5ES DO TROPICAL COME\u00c7AR DIA 06\/01\u2026","rel":"","context":"In &quot;Vagas de Emprego em Ribeir\u00e3o Preto-SP&quot;","block_context":{"text":"Vagas de Emprego em Ribeir\u00e3o Preto-SP","link":"https:\/\/ismaelcolosi.com.br\/index.php\/category\/empregos-classificados-vagas-trabalho\/vagas-de-empregos-em-ribeirao-preto-regiao-brasil\/"},"img":{"alt_text":"","src":"https:\/\/i0.wp.com\/ismaelcolosi.com.br\/wp-content\/uploads\/2025\/01\/1735982257_cropped-vagas-abertas-azul_widelg.jpg?fit=512%2C512&ssl=1&resize=350%2C200","width":350,"height":200},"classes":[]},{"id":81232,"url":"https:\/\/ismaelcolosi.com.br\/index.php\/2025\/01\/09\/50-vagas-de-emprego-em-franca-sp-278\/","url_meta":{"origin":85435,"position":5},"title":"50 vagas de emprego em Franca-SP","author":"ismaelcolosi.com.br","date":"9 de January de 2025","format":false,"excerpt":"Estagi\u00e1rio de ObrasHor\u00e1rio de trabalho: Segunda \u00e0 Sexta, das 07h00 \u00e0s 14h00Descri\u00e7\u00e3o: * Dever\u00e1 contribuir na elabora\u00e7\u00e3o de projetos de engenharia, garantindo que as experi\u00eancias vivenciadas e o desenvolvimento profissional estejam alinhados com a forma\u00e7\u00e3o acad\u00eamica;* Acompanhamento do andamento de obra;* Fiscaliza\u00e7\u00e3o de canteiros de obras quanto \u00e0 seguran\u00e7a do\u2026","rel":"","context":"In &quot;Vagas de Emprego em Ribeir\u00e3o Preto-SP&quot;","block_context":{"text":"Vagas de Emprego em Ribeir\u00e3o Preto-SP","link":"https:\/\/ismaelcolosi.com.br\/index.php\/category\/empregos-classificados-vagas-trabalho\/vagas-de-empregos-em-ribeirao-preto-regiao-brasil\/"},"img":{"alt_text":"","src":"https:\/\/i0.wp.com\/ismaelcolosi.com.br\/wp-content\/uploads\/2025\/01\/1736415667_cropped-vagas-abertas-azul_widelg.jpg?fit=512%2C512&ssl=1&resize=350%2C200","width":350,"height":200},"classes":[]}],"jetpack_sharing_enabled":true,"jetpack_shortlink":"https:\/\/wp.me\/pfMlyK-mdZ","_links":{"self":[{"href":"https:\/\/ismaelcolosi.com.br\/index.php\/wp-json\/wp\/v2\/posts\/85435","targetHints":{"allow":["GET"]}}],"collection":[{"href":"https:\/\/ismaelcolosi.com.br\/index.php\/wp-json\/wp\/v2\/posts"}],"about":[{"href":"https:\/\/ismaelcolosi.com.br\/index.php\/wp-json\/wp\/v2\/types\/post"}],"author":[{"embeddable":true,"href":"https:\/\/ismaelcolosi.com.br\/index.php\/wp-json\/wp\/v2\/users\/1"}],"replies":[{"embeddable":true,"href":"https:\/\/ismaelcolosi.com.br\/index.php\/wp-json\/wp\/v2\/comments?post=85435"}],"version-history":[{"count":0,"href":"https:\/\/ismaelcolosi.com.br\/index.php\/wp-json\/wp\/v2\/posts\/85435\/revisions"}],"wp:featuredmedia":[{"embeddable":true,"href":"https:\/\/ismaelcolosi.com.br\/index.php\/wp-json\/wp\/v2\/media\/85436"}],"wp:attachment":[{"href":"https:\/\/ismaelcolosi.com.br\/index.php\/wp-json\/wp\/v2\/media?parent=85435"}],"wp:term":[{"taxonomy":"category","embeddable":true,"href":"https:\/\/ismaelcolosi.com.br\/index.php\/wp-json\/wp\/v2\/categories?post=85435"},{"taxonomy":"post_tag","embeddable":true,"href":"https:\/\/ismaelcolosi.com.br\/index.php\/wp-json\/wp\/v2\/tags?post=85435"}],"curies":[{"name":"wp","href":"https:\/\/api.w.org\/{rel}","templated":true}]}}