{"id":85375,"date":"2025-05-09T18:26:12","date_gmt":"2025-05-09T21:26:12","guid":{"rendered":"https:\/\/ismaelcolosi.com.br\/?p=85375"},"modified":"2025-05-09T18:26:12","modified_gmt":"2025-05-09T21:26:12","slug":"vaga-para-recepcionista-em-ribeirao-preto-sp","status":"publish","type":"post","link":"https:\/\/ismaelcolosi.com.br\/index.php\/2025\/05\/09\/vaga-para-recepcionista-em-ribeirao-preto-sp\/","title":{"rendered":"Vaga para Recepcionista em Ribeir\u00e3o Preto-SP"},"content":{"rendered":"<header>\n<div>\n<h1>Recepcionista<\/h1>\n<div class=\"text-container\">\n<p>C\u00f3digo da Vaga: 2586883<\/p>\n<p>Cidade: Ribeir\u00e3o Preto, SP<\/p>\n<\/div>\n<\/div>\n<\/header>\n<section class=\"frame-content\">\n<div class=\"text-container\">\n<h2>Descri\u00e7\u00e3o<\/h2>\n<div class=\"markdown-body\">\n<p><strong>A Passalacqua \u00e9 uma empresa centen\u00e1ria, atuando nos segmentos de tape\u00e7aria, comunica\u00e7\u00e3o visual, papel, revestimento e tecnologia, com 16 Unidades e presente em 10 cidades do Brasil.<\/strong><\/p>\n<p><strong>Se voc\u00ea \u00e9 um Profissional din\u00e2mico, com bom relacionamento interpessoal , junte-se ao Grupo Passalacqua.<\/strong><\/p>\n<p><strong>ATIVIDADES A SEREM DESENVOLVIDAS<\/strong><\/p>\n<ul>\n<li>Recepcionista e Telefonista, atendimento ao cliente.<\/li>\n<li>Auxilia em tarefas administrativas da filial.<\/li>\n<\/ul>\n<p><strong>REQUISITOS<\/strong><\/p>\n<ul>\n<li>Ensino m\u00e9dio completo;<\/li>\n<li>Conhecimento Office;<\/li>\n<li>Boa comunica\u00e7\u00e3o escrita verbal.<\/li>\n<\/ul>\n<p><strong>SAL\u00c1RIO E BENEF\u00cdCIOS<\/strong><\/p>\n<ul>\n<li>Sal\u00e1rio compat\u00edvel ao mercado,<\/li>\n<li>Vale Alimenta\u00e7\u00e3o ou Refei\u00e7\u00e3o<\/li>\n<li>Conv\u00eanio m\u00e9dico<\/li>\n<li>Convenio Odontol\u00f3gico<\/li>\n<li>Seguro de vida.<\/li>\n<li>Vale Transporte<\/li>\n<li>Gympass<\/li>\n<\/ul>\n<p><strong>QUEM SOMOS<\/strong><\/p>\n<p>&#8220;Evoluindo com o tempo para estar sempre com voc\u00ea&#8221;<\/p>\n<p>Atualmente contamos com 16 Centros de Distribui\u00e7\u00e3o nas cidades: Ribeir\u00e3o Preto, Franca, S\u00e3o Carlos, Campinas, Londrina, Porto Alegre, Belo Horizonte, Conselheiro Lafaiete, Goi\u00e2nia e Salvador<\/p>\n<p>O mercado de Distribui\u00e7\u00e3o \u00e9 hoje nosso maior foco.<\/p>\n<p>Atendemos clientes de diferentes portes no segmento de Pap\u00e9is, Tape\u00e7aria e Revestimentos.<\/p>\n<p>Distribu\u00edmos tamb\u00e9m produtos no ramo de tecnologia nos segmentos de Seguran\u00e7a Eletr\u00f4nica, Comunica\u00e7\u00e3o, Redes, Controle de Acesso, Energia Solar dentre outros.<\/p>\n<p>Contamos com uma frota pr\u00f3pria, conseguindo atender com rapidez e qualidade nossos clientes.<\/p>\n<p>Nosso quadro atual \u00e9 de aproximadamente 600 colaboradores diretos altamente capacitados que comp\u00f5em o que chamamos de\u00a0<strong>Fam\u00edlia Passalacqua.<\/strong><\/p>\n<ul>\n<li><strong>Todas as nossas oportunidades tamb\u00e9m se aplicam para pessoas com defici\u00eancias.<\/strong><\/li>\n<\/ul>\n<\/div>\n<hr \/>\n<\/div>\n<div class=\"text-container\">\n<h2>Caracter\u00edsticas<\/h2>\n<h3>Tipo de Contrata\u00e7\u00e3o<\/h3>\n<p>Tempo integral<\/p>\n<h3>Remunera\u00e7\u00e3o<\/h3>\n<p>Competitivo<\/p>\n<h3>Outras Caracter\u00edsticas<br \/>\nFa\u00e7a sua inscri\u00e7\u00e3o <a href=\"https:\/\/passalacqua.enlizt.me\/vagas\/recepcionista-080525\">clicando aqui<\/a>.<\/h3>\n<\/div>\n<\/section>\n<div class='code-block code-block-4' style='margin: 8px auto 8px 0; text-align: left; display: block; clear: both;'>\n\ud83d\udce2 Aviso Legal\n\nO site ismaelcolosi.com.br atua apenas como um canal de divulga\u00e7\u00e3o de oportunidades de emprego e n\u00e3o se responsabiliza pelo processo seletivo, contrata\u00e7\u00e3o ou qualquer outra etapa relacionada \u00e0s vagas publicadas. Todas as informa\u00e7\u00f5es s\u00e3o de responsabilidade dos anunciantes.\n\n\u26a0\ufe0f Aten\u00e7\u00e3o! Nunca pague por promessas de emprego nem compre cursos que garantam contrata\u00e7\u00e3o. Desconfie de qualquer cobran\u00e7a para participar de sele\u00e7\u00f5es.\n\n\n\n<\/div>\n<!-- CONTENT END 1 -->\n","protected":false},"excerpt":{"rendered":"<p>Recepcionista C\u00f3digo da Vaga: 2586883 Cidade: Ribeir\u00e3o Preto, SP Descri\u00e7\u00e3o A Passalacqua \u00e9 uma empresa centen\u00e1ria, atuando nos segmentos de tape\u00e7aria, comunica\u00e7\u00e3o visual, papel, revestimento&#8230;<\/p>\n","protected":false},"author":1,"featured_media":12630,"comment_status":"closed","ping_status":"open","sticky":false,"template":"","format":"standard","meta":{"_uag_custom_page_level_css":"","advanced_seo_description":"","jetpack_seo_html_title":"","jetpack_seo_noindex":false,"jetpack_post_was_ever_published":false,"_jetpack_newsletter_access":"","_jetpack_dont_email_post_to_subs":false,"_jetpack_newsletter_tier_id":0,"_jetpack_memberships_contains_paywalled_content":false,"_jetpack_memberships_contains_paid_content":false,"footnotes":"","jetpack_publicize_message":"","jetpack_publicize_feature_enabled":true,"jetpack_social_post_already_shared":true,"jetpack_social_options":{"image_generator_settings":{"template":"highway","default_image_id":0,"font":"","enabled":false},"version":2}},"categories":[7],"tags":[],"class_list":["post-85375","post","type-post","status-publish","format-standard","has-post-thumbnail","hentry","category-vagas-de-empregos-em-ribeirao-preto-regiao-brasil"],"jetpack_publicize_connections":[],"jetpack_featured_media_url":"https:\/\/i0.wp.com\/ismaelcolosi.com.br\/wp-content\/uploads\/2023\/12\/Recepcionista-1.webp.webp?fit=2560%2C1440&ssl=1","uagb_featured_image_src":{"full":["https:\/\/i0.wp.com\/ismaelcolosi.com.br\/wp-content\/uploads\/2023\/12\/Recepcionista-1.webp.webp?fit=2560%2C1440&ssl=1",2560,1440,false],"thumbnail":["https:\/\/i0.wp.com\/ismaelcolosi.com.br\/wp-content\/uploads\/2023\/12\/Recepcionista-1.webp.webp?resize=150%2C150&ssl=1",150,150,true],"medium":["https:\/\/i0.wp.com\/ismaelcolosi.com.br\/wp-content\/uploads\/2023\/12\/Recepcionista-1.webp.webp?fit=300%2C169&ssl=1",300,169,true],"medium_large":["https:\/\/i0.wp.com\/ismaelcolosi.com.br\/wp-content\/uploads\/2023\/12\/Recepcionista-1.webp.webp?fit=768%2C432&ssl=1",768,432,true],"large":["https:\/\/i0.wp.com\/ismaelcolosi.com.br\/wp-content\/uploads\/2023\/12\/Recepcionista-1.webp.webp?fit=1024%2C576&ssl=1",1024,576,true],"1536x1536":["https:\/\/i0.wp.com\/ismaelcolosi.com.br\/wp-content\/uploads\/2023\/12\/Recepcionista-1.webp.webp?fit=1536%2C864&ssl=1",1536,864,true],"2048x2048":["https:\/\/i0.wp.com\/ismaelcolosi.com.br\/wp-content\/uploads\/2023\/12\/Recepcionista-1.webp.webp?fit=2048%2C1152&ssl=1",2048,1152,true],"really-simple-thumb":["https:\/\/i0.wp.com\/ismaelcolosi.com.br\/wp-content\/uploads\/2023\/12\/Recepcionista-1.webp.webp?resize=370%2C247&ssl=1",370,247,true]},"uagb_author_info":{"display_name":"ismaelcolosi.com.br","author_link":"https:\/\/ismaelcolosi.com.br\/index.php\/author\/vidareal-online\/"},"uagb_comment_info":0,"uagb_excerpt":"Recepcionista C\u00f3digo da Vaga: 2586883 Cidade: Ribeir\u00e3o Preto, SP Descri\u00e7\u00e3o A Passalacqua \u00e9 uma empresa centen\u00e1ria, atuando nos segmentos de tape\u00e7aria, comunica\u00e7\u00e3o visual, papel, revestimento...","jetpack-related-posts":[{"id":81968,"url":"https:\/\/ismaelcolosi.com.br\/index.php\/2025\/01\/21\/mais-6-vagas-de-secretaria-e-recepcionista-com-salarios-entre-r-1-54000-a-ate-r-2-20000-confira\/","url_meta":{"origin":85375,"position":0},"title":"Mais 6 vagas de Secret\u00e1ria e Recepcionista. Com sal\u00e1rios entre R$ 1.540,00 a at\u00e9 R$ 2.200,00 confira","author":"Arthur Tijolo","date":"21 de January de 2025","format":false,"excerpt":"Est\u00e1gio - Recep\u00e7\u00e3o\u00a0 Local de Trabalho: Ribeir\u00e3o Preto - SP Tipo de Vaga: Est\u00e1gio Modelo de Trabalho: Presencial Responsabilidades: Atender liga\u00e7\u00f5es telef\u00f4nicas, responder e-mails e mensagens de chat de forma cort\u00eas e eficiente Escutar atentamente as necessidades e preocupa\u00e7\u00f5es dos clientes e oferecer o direcionamento adequado Registrar as informa\u00e7\u00f5es e\u2026","rel":"","context":"In &quot;Vagas de Emprego em Ribeir\u00e3o Preto-SP&quot;","block_context":{"text":"Vagas de Emprego em Ribeir\u00e3o Preto-SP","link":"https:\/\/ismaelcolosi.com.br\/index.php\/category\/empregos-classificados-vagas-trabalho\/vagas-de-empregos-em-ribeirao-preto-regiao-brasil\/"},"img":{"alt_text":"","src":"https:\/\/i0.wp.com\/ismaelcolosi.com.br\/wp-content\/uploads\/2025\/01\/office-desktop-with-laptop-glasses-scaled.jpg?fit=801%2C1200&ssl=1&resize=350%2C200","width":350,"height":200,"srcset":"https:\/\/i0.wp.com\/ismaelcolosi.com.br\/wp-content\/uploads\/2025\/01\/office-desktop-with-laptop-glasses-scaled.jpg?fit=801%2C1200&ssl=1&resize=350%2C200 1x, https:\/\/i0.wp.com\/ismaelcolosi.com.br\/wp-content\/uploads\/2025\/01\/office-desktop-with-laptop-glasses-scaled.jpg?fit=801%2C1200&ssl=1&resize=525%2C300 1.5x, https:\/\/i0.wp.com\/ismaelcolosi.com.br\/wp-content\/uploads\/2025\/01\/office-desktop-with-laptop-glasses-scaled.jpg?fit=801%2C1200&ssl=1&resize=700%2C400 2x"},"classes":[]},{"id":85721,"url":"https:\/\/ismaelcolosi.com.br\/index.php\/2025\/05\/26\/vaga-de-recepcionista-r-1-840-vaga-exclusiva-para-pcd-pessoa-com-deficiencia\/","url_meta":{"origin":85375,"position":1},"title":"Vaga de RECEPCIONISTA &#8211; R$\u00a01.840 &#8211; Vaga exclusiva para PCD &#8211; Pessoa com Defici\u00eancia","author":"ismaelcolosi.com.br","date":"26 de May de 2025","format":false,"excerpt":"RECEPCIONISTA - Vaga exclusiva para PCD - Pessoa com Defici\u00eancia Ribeir\u00e3o Preto - SP R$\u00a01.840 Integral CLT Presencial Administrativo RECEPCIONISTA Vaga exclusiva para PCD - Pessoa com Defici\u00eancia Atribui\u00e7\u00f5es: Atuar na recep\u00e7\u00e3o, atender e redirecionar liga\u00e7\u00f5es, anotar recados, distribui\u00e7\u00e3o de correspond\u00eancias, recep\u00e7\u00e3o de visitantes e clientes. Envio de boletos atualizados\u2026","rel":"","context":"In &quot;Vagas de Emprego em Ribeir\u00e3o Preto-SP&quot;","block_context":{"text":"Vagas de Emprego em Ribeir\u00e3o Preto-SP","link":"https:\/\/ismaelcolosi.com.br\/index.php\/category\/empregos-classificados-vagas-trabalho\/vagas-de-empregos-em-ribeirao-preto-regiao-brasil\/"},"img":{"alt_text":"","src":"https:\/\/i0.wp.com\/ismaelcolosi.com.br\/wp-content\/uploads\/2023\/12\/1702824779_vagas-de-emprego-recepcionista.png?fit=922%2C504&ssl=1&resize=350%2C200","width":350,"height":200,"srcset":"https:\/\/i0.wp.com\/ismaelcolosi.com.br\/wp-content\/uploads\/2023\/12\/1702824779_vagas-de-emprego-recepcionista.png?fit=922%2C504&ssl=1&resize=350%2C200 1x, https:\/\/i0.wp.com\/ismaelcolosi.com.br\/wp-content\/uploads\/2023\/12\/1702824779_vagas-de-emprego-recepcionista.png?fit=922%2C504&ssl=1&resize=525%2C300 1.5x, https:\/\/i0.wp.com\/ismaelcolosi.com.br\/wp-content\/uploads\/2023\/12\/1702824779_vagas-de-emprego-recepcionista.png?fit=922%2C504&ssl=1&resize=700%2C400 2x"},"classes":[]},{"id":83119,"url":"https:\/\/ismaelcolosi.com.br\/index.php\/2025\/02\/18\/mais-6-vagas-para-recepcionista-e-secretaria-com-salarios-de-ate-r-2500-e-varios-beneficios-candidate-se\/","url_meta":{"origin":85375,"position":2},"title":"Mais 6 vagas para Recepcionista e Secret\u00e1ria, com sal\u00e1rios de at\u00e9 R$ 2,500 e v\u00e1rios benef\u00edcios. Candidate-se!","author":"Arthur Tijolo","date":"18 de February de 2025","format":false,"excerpt":"A recep\u00e7\u00e3o \u00e9 frequentemente o primeiro ponto de contato que os clientes t\u00eam com uma empresa, o que significa que desempenha um papel crucial na cria\u00e7\u00e3o de uma primeira impress\u00e3o positiva. Aqui est\u00e3o alguns pontos sobre a import\u00e2ncia da recep\u00e7\u00e3o para uma empresa: 1. Primeira Impress\u00e3o Positiva A recepcionista ou\u2026","rel":"","context":"In &quot;Vagas de Emprego em Ribeir\u00e3o Preto-SP&quot;","block_context":{"text":"Vagas de Emprego em Ribeir\u00e3o Preto-SP","link":"https:\/\/ismaelcolosi.com.br\/index.php\/category\/empregos-classificados-vagas-trabalho\/vagas-de-empregos-em-ribeirao-preto-regiao-brasil\/"},"img":{"alt_text":"","src":"https:\/\/i0.wp.com\/ismaelcolosi.com.br\/wp-content\/uploads\/2025\/02\/portrait-young-office-worker-woman-sitting-office-desk-talking-mobile-phone-smiling-with-happy-face-working-process-office-scaled.jpg?fit=1200%2C831&ssl=1&resize=350%2C200","width":350,"height":200,"srcset":"https:\/\/i0.wp.com\/ismaelcolosi.com.br\/wp-content\/uploads\/2025\/02\/portrait-young-office-worker-woman-sitting-office-desk-talking-mobile-phone-smiling-with-happy-face-working-process-office-scaled.jpg?fit=1200%2C831&ssl=1&resize=350%2C200 1x, https:\/\/i0.wp.com\/ismaelcolosi.com.br\/wp-content\/uploads\/2025\/02\/portrait-young-office-worker-woman-sitting-office-desk-talking-mobile-phone-smiling-with-happy-face-working-process-office-scaled.jpg?fit=1200%2C831&ssl=1&resize=525%2C300 1.5x, https:\/\/i0.wp.com\/ismaelcolosi.com.br\/wp-content\/uploads\/2025\/02\/portrait-young-office-worker-woman-sitting-office-desk-talking-mobile-phone-smiling-with-happy-face-working-process-office-scaled.jpg?fit=1200%2C831&ssl=1&resize=700%2C400 2x, https:\/\/i0.wp.com\/ismaelcolosi.com.br\/wp-content\/uploads\/2025\/02\/portrait-young-office-worker-woman-sitting-office-desk-talking-mobile-phone-smiling-with-happy-face-working-process-office-scaled.jpg?fit=1200%2C831&ssl=1&resize=1050%2C600 3x"},"classes":[]},{"id":85517,"url":"https:\/\/ismaelcolosi.com.br\/index.php\/2025\/05\/21\/vaga-para-recepcionista-de-restaurante-salario-r-1-93000-gorjeta\/","url_meta":{"origin":85375,"position":3},"title":"Vaga para Recepcionista de Restaurante: Sal\u00e1rio: R$ 1.930,00 + Gorjeta","author":"ismaelcolosi.com.br","date":"21 de May de 2025","format":false,"excerpt":"Recepcionista de Restaurante Local: Grupo Falaguasta Hor\u00e1rio: 15h30 \u00e0s 23h30 Sal\u00e1rio: R$ 1.930,00 + Gorjeta Requisitos: Boa comunica\u00e7\u00e3o verbal e apresenta\u00e7\u00e3o pessoal, disponibilidade para trabalhar \u00e0 noite, finais de semana e feriados Responsabilidades: Receber e acomodar os clientes com cordialidade, gerenciar reservas e lista de espera, tirar d\u00favidas sobre o\u2026","rel":"","context":"In &quot;Vagas de Emprego em Ribeir\u00e3o Preto-SP&quot;","block_context":{"text":"Vagas de Emprego em Ribeir\u00e3o Preto-SP","link":"https:\/\/ismaelcolosi.com.br\/index.php\/category\/empregos-classificados-vagas-trabalho\/vagas-de-empregos-em-ribeirao-preto-regiao-brasil\/"},"img":{"alt_text":"","src":"https:\/\/i0.wp.com\/ismaelcolosi.com.br\/wp-content\/uploads\/2024\/11\/vagas-de-emprego-recepcionista.png?fit=922%2C504&ssl=1&resize=350%2C200","width":350,"height":200,"srcset":"https:\/\/i0.wp.com\/ismaelcolosi.com.br\/wp-content\/uploads\/2024\/11\/vagas-de-emprego-recepcionista.png?fit=922%2C504&ssl=1&resize=350%2C200 1x, https:\/\/i0.wp.com\/ismaelcolosi.com.br\/wp-content\/uploads\/2024\/11\/vagas-de-emprego-recepcionista.png?fit=922%2C504&ssl=1&resize=525%2C300 1.5x, https:\/\/i0.wp.com\/ismaelcolosi.com.br\/wp-content\/uploads\/2024\/11\/vagas-de-emprego-recepcionista.png?fit=922%2C504&ssl=1&resize=700%2C400 2x"},"classes":[]},{"id":87439,"url":"https:\/\/ismaelcolosi.com.br\/index.php\/2025\/09\/10\/vagas-de-atendente-farmaceutico-encarregado-farmaceutico-e-recepcionista-com-contrato-clt-em-ribeirao-preto-jornada-reduzida-assistencia-medica\/","url_meta":{"origin":85375,"position":4},"title":"Vagas de Atendente, Farmac\u00eautico, Encarregado Farmac\u00eautico(a) e Recepcionista com contrato CLT em Ribeir\u00e3o Preto, jornada reduzida, assist\u00eancia m\u00e9dica. Confira mais informa\u00e7\u00f5es!","author":"Arthur Tijolo","date":"10 de September de 2025","format":false,"excerpt":"Como mostrar vontade de aprender no trabalho ? 1. Fa\u00e7a perguntas com prop\u00f3sito Evite perguntas gen\u00e9ricas como \u201ccomo funciona tudo aqui?\u201d e prefira algo como: \u201cVi que usamos essa ferramenta no projeto. Voc\u00ea poderia me mostrar como ela se aplica nesse contexto?\u201d \ud83d\udd39 Isso mostra curiosidade real e respeito pelo\u2026","rel":"","context":"In &quot;Vagas de Emprego em Ribeir\u00e3o Preto-SP&quot;","block_context":{"text":"Vagas de Emprego em Ribeir\u00e3o Preto-SP","link":"https:\/\/ismaelcolosi.com.br\/index.php\/category\/empregos-classificados-vagas-trabalho\/vagas-de-empregos-em-ribeirao-preto-regiao-brasil\/"},"img":{"alt_text":"","src":"https:\/\/i0.wp.com\/ismaelcolosi.com.br\/wp-content\/uploads\/2025\/09\/473796373_1954865128370826_3089683415216116887_n.jpg?fit=895%2C623&ssl=1&resize=350%2C200","width":350,"height":200,"srcset":"https:\/\/i0.wp.com\/ismaelcolosi.com.br\/wp-content\/uploads\/2025\/09\/473796373_1954865128370826_3089683415216116887_n.jpg?fit=895%2C623&ssl=1&resize=350%2C200 1x, https:\/\/i0.wp.com\/ismaelcolosi.com.br\/wp-content\/uploads\/2025\/09\/473796373_1954865128370826_3089683415216116887_n.jpg?fit=895%2C623&ssl=1&resize=525%2C300 1.5x, https:\/\/i0.wp.com\/ismaelcolosi.com.br\/wp-content\/uploads\/2025\/09\/473796373_1954865128370826_3089683415216116887_n.jpg?fit=895%2C623&ssl=1&resize=700%2C400 2x"},"classes":[]},{"id":87528,"url":"https:\/\/ismaelcolosi.com.br\/index.php\/2025\/09\/16\/contratacao-imediata-em-ribeirao-preto-vagas-para-recepcionista-e-atendente-de-loja-com-horario-flexivel-e-chance-de-crescimento\/","url_meta":{"origin":85375,"position":5},"title":"Contrata\u00e7\u00e3o Imediata em Ribeir\u00e3o Preto! Vagas para RECEPCIONISTA e ATENDENTE DE LOJA com Hor\u00e1rio Flex\u00edvel e Chance de Crescimento!","author":"Arthur Tijolo","date":"16 de September de 2025","format":false,"excerpt":"\ud83e\uddcd\u200d\u2640\ufe0f VAGA DISPON\u00cdVEL \u2014 RECEPCIONISTA \ud83d\udccd Local: Ribeir\u00e3o Preto, SP \ud83d\udccc Modalidade: CLT | Meio per\u00edodo \u2705 Requisitos: Proatividade Boa comunica\u00e7\u00e3o Vontade de aprender \ud83c\udf1f Desej\u00e1vel: Experi\u00eancia com atendimento ao cliente Facilidade com planilhas Conhecimento em Canva Conhecimento em CapCut \ud83d\udd52 Hor\u00e1rio de trabalho: Segunda a Sexta-feira Das 15h \u00e0s\u2026","rel":"","context":"In &quot;Vagas de Emprego em Ribeir\u00e3o Preto-SP&quot;","block_context":{"text":"Vagas de Emprego em Ribeir\u00e3o Preto-SP","link":"https:\/\/ismaelcolosi.com.br\/index.php\/category\/empregos-classificados-vagas-trabalho\/vagas-de-empregos-em-ribeirao-preto-regiao-brasil\/"},"img":{"alt_text":"","src":"https:\/\/i0.wp.com\/ismaelcolosi.com.br\/wp-content\/uploads\/2025\/09\/473786105_1954857468371592_6002434089493835265_n.jpg?fit=959%2C611&ssl=1&resize=350%2C200","width":350,"height":200,"srcset":"https:\/\/i0.wp.com\/ismaelcolosi.com.br\/wp-content\/uploads\/2025\/09\/473786105_1954857468371592_6002434089493835265_n.jpg?fit=959%2C611&ssl=1&resize=350%2C200 1x, https:\/\/i0.wp.com\/ismaelcolosi.com.br\/wp-content\/uploads\/2025\/09\/473786105_1954857468371592_6002434089493835265_n.jpg?fit=959%2C611&ssl=1&resize=525%2C300 1.5x, https:\/\/i0.wp.com\/ismaelcolosi.com.br\/wp-content\/uploads\/2025\/09\/473786105_1954857468371592_6002434089493835265_n.jpg?fit=959%2C611&ssl=1&resize=700%2C400 2x"},"classes":[]}],"jetpack_sharing_enabled":true,"jetpack_shortlink":"https:\/\/wp.me\/pfMlyK-md1","_links":{"self":[{"href":"https:\/\/ismaelcolosi.com.br\/index.php\/wp-json\/wp\/v2\/posts\/85375","targetHints":{"allow":["GET"]}}],"collection":[{"href":"https:\/\/ismaelcolosi.com.br\/index.php\/wp-json\/wp\/v2\/posts"}],"about":[{"href":"https:\/\/ismaelcolosi.com.br\/index.php\/wp-json\/wp\/v2\/types\/post"}],"author":[{"embeddable":true,"href":"https:\/\/ismaelcolosi.com.br\/index.php\/wp-json\/wp\/v2\/users\/1"}],"replies":[{"embeddable":true,"href":"https:\/\/ismaelcolosi.com.br\/index.php\/wp-json\/wp\/v2\/comments?post=85375"}],"version-history":[{"count":1,"href":"https:\/\/ismaelcolosi.com.br\/index.php\/wp-json\/wp\/v2\/posts\/85375\/revisions"}],"predecessor-version":[{"id":85376,"href":"https:\/\/ismaelcolosi.com.br\/index.php\/wp-json\/wp\/v2\/posts\/85375\/revisions\/85376"}],"wp:featuredmedia":[{"embeddable":true,"href":"https:\/\/ismaelcolosi.com.br\/index.php\/wp-json\/wp\/v2\/media\/12630"}],"wp:attachment":[{"href":"https:\/\/ismaelcolosi.com.br\/index.php\/wp-json\/wp\/v2\/media?parent=85375"}],"wp:term":[{"taxonomy":"category","embeddable":true,"href":"https:\/\/ismaelcolosi.com.br\/index.php\/wp-json\/wp\/v2\/categories?post=85375"},{"taxonomy":"post_tag","embeddable":true,"href":"https:\/\/ismaelcolosi.com.br\/index.php\/wp-json\/wp\/v2\/tags?post=85375"}],"curies":[{"name":"wp","href":"https:\/\/api.w.org\/{rel}","templated":true}]}}