{"id":85370,"date":"2025-05-09T18:05:47","date_gmt":"2025-05-09T21:05:47","guid":{"rendered":"https:\/\/ismaelcolosi.com.br\/?p=85370"},"modified":"2025-05-09T18:06:16","modified_gmt":"2025-05-09T21:06:16","slug":"85370","status":"publish","type":"post","link":"https:\/\/ismaelcolosi.com.br\/index.php\/2025\/05\/09\/85370\/","title":{"rendered":"Vaga de Assistente ou Analista Cont\u00e1bil \ud83d\udccb \ud83d\udcb0 Sal\u00e1rio: R$ 3.000,00 a R$ 3.500,00"},"content":{"rendered":"<p class=\"\" data-start=\"107\" data-end=\"595\">Vaga de Assistente ou Analista Cont\u00e1bil \ud83d\udccb<\/p>\n<p class=\"\" data-start=\"107\" data-end=\"595\">O Assistente ou Analista Cont\u00e1bil \u00e9 o profissional respons\u00e1vel por executar e acompanhar as rotinas cont\u00e1beis de uma empresa, garantindo que todos os registros financeiros sejam feitos de maneira correta e de acordo com as normas vigentes. Entre suas principais atividades est\u00e3o o lan\u00e7amento de informa\u00e7\u00f5es cont\u00e1beis nos sistemas, a concilia\u00e7\u00e3o de contas, a verifica\u00e7\u00e3o de documentos fiscais e financeiros e a organiza\u00e7\u00e3o de toda a documenta\u00e7\u00e3o necess\u00e1ria para a contabilidade da empresa.<\/p>\n<p class=\"\" data-start=\"597\" data-end=\"961\">Al\u00e9m dos registros, o profissional tamb\u00e9m realiza a an\u00e1lise das contas patrimoniais e de resultado, conferindo se h\u00e1 inconsist\u00eancias ou diferen\u00e7as que precisem ser ajustadas. Ele prepara e elabora relat\u00f3rios cont\u00e1beis e financeiros que subsidiam a tomada de decis\u00e3o dos gestores, bem como auxilia na elabora\u00e7\u00e3o de balan\u00e7os, balancetes e demonstra\u00e7\u00f5es financeiras.<\/p>\n<p class=\"\" data-start=\"963\" data-end=\"1431\">O atendimento a clientes internos ou externos tamb\u00e9m faz parte das suas atribui\u00e7\u00f5es, esclarecendo d\u00favidas cont\u00e1beis, fornecendo informa\u00e7\u00f5es sobre lan\u00e7amentos e resultados e garantindo que todas as exig\u00eancias legais e fiscais sejam cumpridas. O Assistente ou Analista Cont\u00e1bil deve manter-se sempre atualizado em rela\u00e7\u00e3o \u00e0 legisla\u00e7\u00e3o tribut\u00e1ria e cont\u00e1bil, al\u00e9m de ter boa organiza\u00e7\u00e3o, aten\u00e7\u00e3o a detalhes e capacidade anal\u00edtica para interpretar os n\u00fameros e documentos.<\/p>\n<p>Vaga de Assistente ou Analista Cont\u00e1bil \ud83d\udccb<\/p>\n<p>Sua oportunidade de ingressar em uma nova posi\u00e7\u00e3o na \u00e1rea cont\u00e1bil. \ud83d\udcbc<\/p>\n<p>Sobre a Vaga:<br \/>\n\u270d\ufe0f Realizar lan\u00e7amentos cont\u00e1beis<br \/>\n\ud83d\udd0d Analisar e conciliar contas<br \/>\n\ud83d\udcca Elaborar relat\u00f3rios financeiros<br \/>\n\ud83d\udc65 Atender clientes<br \/>\n\ud83d\udcc1 Manter atualizados os registros cont\u00e1beis<\/p>\n<p>Requisitos:<br \/>\n\ud83c\udf93 Estudante de Ci\u00eancias Cont\u00e1beis ou formado, com CRC ativo<br \/>\n\ud83d\udcbc Experi\u00eancia pr\u00e9via na \u00e1rea cont\u00e1bil<br \/>\n\ud83d\udcca Habilidade em an\u00e1lise de balan\u00e7os e demonstrativos financeiros<\/p>\n<p>Benef\u00edcios:<br \/>\n\ud83c\udfe5 Assist\u00eancia M\u00e9dica \/ Medicina em grupo<br \/>\n\ud83e\uddb7 Assist\u00eancia Odontol\u00f3gica<br \/>\n\ud83c\udf7d\ufe0f Vale Alimenta\u00e7\u00e3o<br \/>\n\ud83d\ude8c Vale Transporte<\/p>\n<p>Informa\u00e7\u00f5es Adicionais:<br \/>\n\ud83d\udcb0 Sal\u00e1rio: R$ 3.000,00 a R$ 3.500,00<br \/>\n\ud83d\udcdd Regime de contrata\u00e7\u00e3o: CLT (Efetivo)<br \/>\n\u23f0 Hor\u00e1rio: De segunda \u00e0 sexta, das 08h \u00e0s 12h<\/p>\n<p>Interessado? Faca seu inscri\u00e7\u00e3o aqui: <a href=\"https:\/\/forms.gle\/5UMXvnshuGxyRBqq9\">https:\/\/forms.gle\/5UMXvnshuGxyRBqq9<\/a><\/p>\n<div class='code-block code-block-4' style='margin: 8px auto 8px 0; text-align: left; display: block; clear: both;'>\n\ud83d\udce2 Aviso Legal\n\nO site ismaelcolosi.com.br atua apenas como um canal de divulga\u00e7\u00e3o de oportunidades de emprego e n\u00e3o se responsabiliza pelo processo seletivo, contrata\u00e7\u00e3o ou qualquer outra etapa relacionada \u00e0s vagas publicadas. Todas as informa\u00e7\u00f5es s\u00e3o de responsabilidade dos anunciantes.\n\n\u26a0\ufe0f Aten\u00e7\u00e3o! Nunca pague por promessas de emprego nem compre cursos que garantam contrata\u00e7\u00e3o. Desconfie de qualquer cobran\u00e7a para participar de sele\u00e7\u00f5es.\n\n\n\n<\/div>\n<!-- CONTENT END 1 -->\n","protected":false},"excerpt":{"rendered":"<p>Vaga de Assistente ou Analista Cont\u00e1bil \ud83d\udccb O Assistente ou Analista Cont\u00e1bil \u00e9 o profissional respons\u00e1vel por executar e acompanhar as rotinas cont\u00e1beis de uma&#8230;<\/p>\n","protected":false},"author":1,"featured_media":77711,"comment_status":"closed","ping_status":"open","sticky":false,"template":"","format":"standard","meta":{"_uag_custom_page_level_css":"","advanced_seo_description":"","jetpack_seo_html_title":"","jetpack_seo_noindex":false,"jetpack_post_was_ever_published":false,"_jetpack_newsletter_access":"","_jetpack_dont_email_post_to_subs":false,"_jetpack_newsletter_tier_id":0,"_jetpack_memberships_contains_paywalled_content":false,"_jetpack_memberships_contains_paid_content":false,"footnotes":"","jetpack_publicize_message":"","jetpack_publicize_feature_enabled":true,"jetpack_social_post_already_shared":true,"jetpack_social_options":{"image_generator_settings":{"template":"highway","default_image_id":0,"font":"","enabled":false},"version":2}},"categories":[7],"tags":[],"class_list":["post-85370","post","type-post","status-publish","format-standard","has-post-thumbnail","hentry","category-vagas-de-empregos-em-ribeirao-preto-regiao-brasil"],"jetpack_publicize_connections":[],"jetpack_featured_media_url":"https:\/\/i0.wp.com\/ismaelcolosi.com.br\/wp-content\/uploads\/2024\/11\/ENTREVISTAS-PARA-VAGAS-NA-AREA-CONTABIL.png?fit=1080%2C1080&ssl=1","uagb_featured_image_src":{"full":["https:\/\/i0.wp.com\/ismaelcolosi.com.br\/wp-content\/uploads\/2024\/11\/ENTREVISTAS-PARA-VAGAS-NA-AREA-CONTABIL.png?fit=1080%2C1080&ssl=1",1080,1080,false],"thumbnail":["https:\/\/i0.wp.com\/ismaelcolosi.com.br\/wp-content\/uploads\/2024\/11\/ENTREVISTAS-PARA-VAGAS-NA-AREA-CONTABIL.png?resize=150%2C150&ssl=1",150,150,true],"medium":["https:\/\/i0.wp.com\/ismaelcolosi.com.br\/wp-content\/uploads\/2024\/11\/ENTREVISTAS-PARA-VAGAS-NA-AREA-CONTABIL.png?fit=300%2C300&ssl=1",300,300,true],"medium_large":["https:\/\/i0.wp.com\/ismaelcolosi.com.br\/wp-content\/uploads\/2024\/11\/ENTREVISTAS-PARA-VAGAS-NA-AREA-CONTABIL.png?fit=768%2C768&ssl=1",768,768,true],"large":["https:\/\/i0.wp.com\/ismaelcolosi.com.br\/wp-content\/uploads\/2024\/11\/ENTREVISTAS-PARA-VAGAS-NA-AREA-CONTABIL.png?fit=1024%2C1024&ssl=1",1024,1024,true],"1536x1536":["https:\/\/i0.wp.com\/ismaelcolosi.com.br\/wp-content\/uploads\/2024\/11\/ENTREVISTAS-PARA-VAGAS-NA-AREA-CONTABIL.png?fit=1080%2C1080&ssl=1",1080,1080,true],"2048x2048":["https:\/\/i0.wp.com\/ismaelcolosi.com.br\/wp-content\/uploads\/2024\/11\/ENTREVISTAS-PARA-VAGAS-NA-AREA-CONTABIL.png?fit=1080%2C1080&ssl=1",1080,1080,true],"really-simple-thumb":["https:\/\/i0.wp.com\/ismaelcolosi.com.br\/wp-content\/uploads\/2024\/11\/ENTREVISTAS-PARA-VAGAS-NA-AREA-CONTABIL.png?resize=370%2C247&ssl=1",370,247,true]},"uagb_author_info":{"display_name":"ismaelcolosi.com.br","author_link":"https:\/\/ismaelcolosi.com.br\/index.php\/author\/vidareal-online\/"},"uagb_comment_info":0,"uagb_excerpt":"Vaga de Assistente ou Analista Cont\u00e1bil \ud83d\udccb O Assistente ou Analista Cont\u00e1bil \u00e9 o profissional respons\u00e1vel por executar e acompanhar as rotinas cont\u00e1beis de uma...","jetpack-related-posts":[{"id":85903,"url":"https:\/\/ismaelcolosi.com.br\/index.php\/2025\/06\/04\/vaga-para-auxiliar-contabil\/","url_meta":{"origin":85370,"position":0},"title":"Vaga para AUXILIAR CONT\u00c1BIL","author":"ismaelcolosi.com.br","date":"4 de June de 2025","format":false,"excerpt":"Vaga para AUXILIAR CONT\u00c1BIL - Realizar lan\u00e7amentos cont\u00e1beis - Analisar e conciliar contas - Elaborar relat\u00f3rios financeiros - Atender clientes - Manter atualizados os registros cont\u00e1beis - Estudante de Ci\u00eancias Cont\u00e1beis ou se formado, possui CRC ativo - Experi\u00eancia pr\u00e9via na \u00e1rea cont\u00e1bil - Habilidade em an\u00e1lise de balan\u00e7os e\u2026","rel":"","context":"In &quot;Vagas de Emprego em Ribeir\u00e3o Preto-SP&quot;","block_context":{"text":"Vagas de Emprego em Ribeir\u00e3o Preto-SP","link":"https:\/\/ismaelcolosi.com.br\/index.php\/category\/empregos-classificados-vagas-trabalho\/vagas-de-empregos-em-ribeirao-preto-regiao-brasil\/"},"img":{"alt_text":"","src":"https:\/\/i0.wp.com\/ismaelcolosi.com.br\/wp-content\/uploads\/2024\/11\/ENTREVISTAS-PARA-VAGAS-NA-AREA-CONTABIL.png?fit=1080%2C1080&ssl=1&resize=350%2C200","width":350,"height":200,"srcset":"https:\/\/i0.wp.com\/ismaelcolosi.com.br\/wp-content\/uploads\/2024\/11\/ENTREVISTAS-PARA-VAGAS-NA-AREA-CONTABIL.png?fit=1080%2C1080&ssl=1&resize=350%2C200 1x, https:\/\/i0.wp.com\/ismaelcolosi.com.br\/wp-content\/uploads\/2024\/11\/ENTREVISTAS-PARA-VAGAS-NA-AREA-CONTABIL.png?fit=1080%2C1080&ssl=1&resize=525%2C300 1.5x, https:\/\/i0.wp.com\/ismaelcolosi.com.br\/wp-content\/uploads\/2024\/11\/ENTREVISTAS-PARA-VAGAS-NA-AREA-CONTABIL.png?fit=1080%2C1080&ssl=1&resize=700%2C400 2x, https:\/\/i0.wp.com\/ismaelcolosi.com.br\/wp-content\/uploads\/2024\/11\/ENTREVISTAS-PARA-VAGAS-NA-AREA-CONTABIL.png?fit=1080%2C1080&ssl=1&resize=1050%2C600 3x"},"classes":[]},{"id":87522,"url":"https:\/\/ismaelcolosi.com.br\/index.php\/2025\/09\/16\/vaga-com-salario-de-r-4-21974-analista-contabil-pleno-para-trabalhar-presencial-em-ribeirao-preto-beneficios-corporativos-e-qualidade-de-vida\/","url_meta":{"origin":85370,"position":1},"title":"Vaga com Sal\u00e1rio de R$ 4.219,74: Analista Cont\u00e1bil Pleno para trabalhar presencial em Ribeir\u00e3o Preto + Benef\u00edcios Corporativos e Qualidade de Vida!","author":"Arthur Tijolo","date":"16 de September de 2025","format":false,"excerpt":"O que faz um Analista Cont\u00e1bil ? O Analista Cont\u00e1bil Pleno exerce um papel estrat\u00e9gico dentro das organiza\u00e7\u00f5es, sendo respons\u00e1vel por garantir a integridade das informa\u00e7\u00f5es financeiras e cont\u00e1beis. Sua atua\u00e7\u00e3o vai al\u00e9m da simples execu\u00e7\u00e3o de lan\u00e7amentos: ele analisa dados, identifica inconsist\u00eancias e assegura que os registros estejam em\u2026","rel":"","context":"In &quot;Vagas de Emprego em Ribeir\u00e3o Preto-SP&quot;","block_context":{"text":"Vagas de Emprego em Ribeir\u00e3o Preto-SP","link":"https:\/\/ismaelcolosi.com.br\/index.php\/category\/empregos-classificados-vagas-trabalho\/vagas-de-empregos-em-ribeirao-preto-regiao-brasil\/"},"img":{"alt_text":"","src":"https:\/\/i0.wp.com\/ismaelcolosi.com.br\/wp-content\/uploads\/2025\/09\/474140364_1954857451704927_715414603325403306_n.jpg?fit=928%2C866&ssl=1&resize=350%2C200","width":350,"height":200,"srcset":"https:\/\/i0.wp.com\/ismaelcolosi.com.br\/wp-content\/uploads\/2025\/09\/474140364_1954857451704927_715414603325403306_n.jpg?fit=928%2C866&ssl=1&resize=350%2C200 1x, https:\/\/i0.wp.com\/ismaelcolosi.com.br\/wp-content\/uploads\/2025\/09\/474140364_1954857451704927_715414603325403306_n.jpg?fit=928%2C866&ssl=1&resize=525%2C300 1.5x, https:\/\/i0.wp.com\/ismaelcolosi.com.br\/wp-content\/uploads\/2025\/09\/474140364_1954857451704927_715414603325403306_n.jpg?fit=928%2C866&ssl=1&resize=700%2C400 2x"},"classes":[]},{"id":31842,"url":"https:\/\/ismaelcolosi.com.br\/index.php\/2024\/01\/23\/assistente-financeiro-pleno-home-office\/","url_meta":{"origin":85370,"position":2},"title":"ASSISTENTE FINANCEIRO PLENO \u2013 Home Office","author":"ismaelcolosi.com.br","date":"23 de January de 2024","format":false,"excerpt":"A Atlas Technol abriu vaga para Assistente Financeiro, para atuar Home Office. Veja os detalhes da vaga a seguir e prepare o seu melhor curr\u00edculo! DESCRI\u00c7\u00c3O DA VAGA Oportunidade desafiadora na \u00e1rea financeira!\u00a0A Atlas est\u00e1 \u00e0 procura de um(a)\u00a0Assistente Financeiro(a)\u00a0para se juntar \u00e0 nossa equipe din\u00e2mica e colaborativa.\ufeff A Atlas\u2026","rel":"","context":"In &quot;Vagas de Emprego Remoto - Home Office&quot;","block_context":{"text":"Vagas de Emprego Remoto - Home Office","link":"https:\/\/ismaelcolosi.com.br\/index.php\/category\/empregos-classificados-vagas-trabalho\/vagas-de-empregos-em-ribeirao-preto-regiao-brasil\/vagas-de-emprego-para-trabalhar-de-casa-home-office-remoto\/"},"img":{"alt_text":"","src":"https:\/\/i0.wp.com\/ismaelcolosi.com.br\/wp-content\/uploads\/2024\/01\/vagas-de-empreg-recepcionista-bilingue.webp.webp?fit=1200%2C801&ssl=1&resize=350%2C200","width":350,"height":200,"srcset":"https:\/\/i0.wp.com\/ismaelcolosi.com.br\/wp-content\/uploads\/2024\/01\/vagas-de-empreg-recepcionista-bilingue.webp.webp?fit=1200%2C801&ssl=1&resize=350%2C200 1x, https:\/\/i0.wp.com\/ismaelcolosi.com.br\/wp-content\/uploads\/2024\/01\/vagas-de-empreg-recepcionista-bilingue.webp.webp?fit=1200%2C801&ssl=1&resize=525%2C300 1.5x, https:\/\/i0.wp.com\/ismaelcolosi.com.br\/wp-content\/uploads\/2024\/01\/vagas-de-empreg-recepcionista-bilingue.webp.webp?fit=1200%2C801&ssl=1&resize=700%2C400 2x, https:\/\/i0.wp.com\/ismaelcolosi.com.br\/wp-content\/uploads\/2024\/01\/vagas-de-empreg-recepcionista-bilingue.webp.webp?fit=1200%2C801&ssl=1&resize=1050%2C600 3x"},"classes":[]},{"id":84131,"url":"https:\/\/ismaelcolosi.com.br\/index.php\/2025\/03\/30\/analista-de-marketing-salario-r-5-00000-vendedor-a-agricola-pj-remuneracao-r-5-00000-analista-contabil-com-salario-de-r-3-00000-a-r-4-50000-analista-fiscal-com-salario-r-3-0000\/","url_meta":{"origin":85370,"position":3},"title":"Vagas para Analista de Marketing- Sal\u00e1rio: R$ 5.000,00;  Vendedor (a) Agr\u00edcola &#8211; PJ, Remunera\u00e7\u00e3o: R$ 5.000,00;  Analista Cont\u00e1bil com Sal\u00e1rio de R$ 3.000,00 a R$ 4.500,00; Analista Fiscal com Sal\u00e1rio: R$ 3.000,00 a R$ 4.500,00","author":"ismaelcolosi.com.br","date":"30 de March de 2025","format":false,"excerpt":"Leia todas as instru\u00e7\u00f5es Antes de come\u00e7ar, leia o t\u00edtulo, a descri\u00e7\u00e3o do formul\u00e1rio e quaisquer orienta\u00e7\u00f5es fornecidas. Verifique os detalhes da vaga Confira o nome da vaga, os requisitos (ex.: experi\u00eancia, forma\u00e7\u00e3o) e as informa\u00e7\u00f5es sobre a empresa. Preencha seus dados pessoais Insira nome completo, e-mail, telefone e outros\u2026","rel":"","context":"In &quot;Blog&quot;","block_context":{"text":"Blog","link":"https:\/\/ismaelcolosi.com.br\/index.php\/category\/blog\/"},"img":{"alt_text":"","src":"","width":0,"height":0},"classes":[]},{"id":32171,"url":"https:\/\/ismaelcolosi.com.br\/index.php\/2024\/01\/24\/analista-fiscal-home-office-r-2-60000\/","url_meta":{"origin":85370,"position":4},"title":"ANALISTA FISCAL \u2013 Home Office \u2013 R$ 2.600,00","author":"ismaelcolosi.com.br","date":"24 de January de 2024","format":false,"excerpt":"A R2A abriu vaga para Analista Fiscal, para atuar Home Office: Sal\u00e1rio de 2.600,00! Veja os detalhes da vaga a seguir e prepare o seu melhor curr\u00edculo! Atividades: Escritura\u00e7\u00e3o fiscal; Configura\u00e7\u00e3o de ambiente ERP junto ao cliente; Envio de declara\u00e7\u00f5es; Apura\u00e7\u00e3o de impostos e emiss\u00e3o de guias; Registro de atos\u2026","rel":"","context":"In &quot;Vagas de Emprego Remoto - Home Office&quot;","block_context":{"text":"Vagas de Emprego Remoto - Home Office","link":"https:\/\/ismaelcolosi.com.br\/index.php\/category\/empregos-classificados-vagas-trabalho\/vagas-de-empregos-em-ribeirao-preto-regiao-brasil\/vagas-de-emprego-para-trabalhar-de-casa-home-office-remoto\/"},"img":{"alt_text":"","src":"https:\/\/i0.wp.com\/ismaelcolosi.com.br\/wp-content\/uploads\/2024\/01\/job-search16-655e2b910a995.webp.webp?fit=1200%2C800&ssl=1&resize=350%2C200","width":350,"height":200,"srcset":"https:\/\/i0.wp.com\/ismaelcolosi.com.br\/wp-content\/uploads\/2024\/01\/job-search16-655e2b910a995.webp.webp?fit=1200%2C800&ssl=1&resize=350%2C200 1x, https:\/\/i0.wp.com\/ismaelcolosi.com.br\/wp-content\/uploads\/2024\/01\/job-search16-655e2b910a995.webp.webp?fit=1200%2C800&ssl=1&resize=525%2C300 1.5x, https:\/\/i0.wp.com\/ismaelcolosi.com.br\/wp-content\/uploads\/2024\/01\/job-search16-655e2b910a995.webp.webp?fit=1200%2C800&ssl=1&resize=700%2C400 2x, https:\/\/i0.wp.com\/ismaelcolosi.com.br\/wp-content\/uploads\/2024\/01\/job-search16-655e2b910a995.webp.webp?fit=1200%2C800&ssl=1&resize=1050%2C600 3x"},"classes":[]},{"id":42135,"url":"https:\/\/ismaelcolosi.com.br\/index.php\/2024\/03\/13\/relatorios-contabeis-o-que-sao-e-qual-a-sua-importancia-para-empresas\/","url_meta":{"origin":85370,"position":5},"title":"Relat\u00f3rios cont\u00e1beis: o que s\u00e3o e qual a sua import\u00e2ncia para empresas?","author":"ismaelcolosi.com.br","date":"13 de March de 2024","format":false,"excerpt":"Voc\u00ea j\u00e1 ouviu falar em relat\u00f3rios cont\u00e1beis? Saiba o que s\u00e3o e como esses documentos podem ser imprescind\u00edveis em uma boa gest\u00e3o empresarial Voc\u00ea, provavelmente, j\u00e1 deve ter ouvido falar em relat\u00f3rios cont\u00e1beis. Mas, n\u00e3o deve fazer ideia do que se trata, n\u00e3o \u00e9 mesmo? Os relat\u00f3rios gerados dentro da\u2026","rel":"","context":"In &quot;Empreendedorismo&quot;","block_context":{"text":"Empreendedorismo","link":"https:\/\/ismaelcolosi.com.br\/index.php\/category\/empreendedorismo-negocios-ismael-colosi-negocios\/"},"img":{"alt_text":"","src":"https:\/\/i0.wp.com\/ismaelcolosi.com.br\/wp-content\/uploads\/2024\/03\/relatorios-contabeis-1024x286.jpg?fit=1024%2C286&ssl=1&resize=350%2C200","width":350,"height":200,"srcset":"https:\/\/i0.wp.com\/ismaelcolosi.com.br\/wp-content\/uploads\/2024\/03\/relatorios-contabeis-1024x286.jpg?fit=1024%2C286&ssl=1&resize=350%2C200 1x, https:\/\/i0.wp.com\/ismaelcolosi.com.br\/wp-content\/uploads\/2024\/03\/relatorios-contabeis-1024x286.jpg?fit=1024%2C286&ssl=1&resize=525%2C300 1.5x, https:\/\/i0.wp.com\/ismaelcolosi.com.br\/wp-content\/uploads\/2024\/03\/relatorios-contabeis-1024x286.jpg?fit=1024%2C286&ssl=1&resize=700%2C400 2x"},"classes":[]}],"jetpack_sharing_enabled":true,"jetpack_shortlink":"https:\/\/wp.me\/sfMlyK-85370","_links":{"self":[{"href":"https:\/\/ismaelcolosi.com.br\/index.php\/wp-json\/wp\/v2\/posts\/85370","targetHints":{"allow":["GET"]}}],"collection":[{"href":"https:\/\/ismaelcolosi.com.br\/index.php\/wp-json\/wp\/v2\/posts"}],"about":[{"href":"https:\/\/ismaelcolosi.com.br\/index.php\/wp-json\/wp\/v2\/types\/post"}],"author":[{"embeddable":true,"href":"https:\/\/ismaelcolosi.com.br\/index.php\/wp-json\/wp\/v2\/users\/1"}],"replies":[{"embeddable":true,"href":"https:\/\/ismaelcolosi.com.br\/index.php\/wp-json\/wp\/v2\/comments?post=85370"}],"version-history":[{"count":2,"href":"https:\/\/ismaelcolosi.com.br\/index.php\/wp-json\/wp\/v2\/posts\/85370\/revisions"}],"predecessor-version":[{"id":85372,"href":"https:\/\/ismaelcolosi.com.br\/index.php\/wp-json\/wp\/v2\/posts\/85370\/revisions\/85372"}],"wp:featuredmedia":[{"embeddable":true,"href":"https:\/\/ismaelcolosi.com.br\/index.php\/wp-json\/wp\/v2\/media\/77711"}],"wp:attachment":[{"href":"https:\/\/ismaelcolosi.com.br\/index.php\/wp-json\/wp\/v2\/media?parent=85370"}],"wp:term":[{"taxonomy":"category","embeddable":true,"href":"https:\/\/ismaelcolosi.com.br\/index.php\/wp-json\/wp\/v2\/categories?post=85370"},{"taxonomy":"post_tag","embeddable":true,"href":"https:\/\/ismaelcolosi.com.br\/index.php\/wp-json\/wp\/v2\/tags?post=85370"}],"curies":[{"name":"wp","href":"https:\/\/api.w.org\/{rel}","templated":true}]}}