{"id":85209,"date":"2025-05-06T13:31:49","date_gmt":"2025-05-06T16:31:49","guid":{"rendered":"https:\/\/ismaelcolosi.com.br\/?p=85209"},"modified":"2025-05-06T19:13:14","modified_gmt":"2025-05-06T22:13:14","slug":"hospital-mater-acaba-de-abrir-concurso-com-salarios-de-ate-r-9-600-vagas-para-medico-ginecologista-e-tecnico-de-enfermagem-estabilidade-excelente-remuneracao-e-oportunidade-real-de-crescimento","status":"publish","type":"post","link":"https:\/\/ismaelcolosi.com.br\/index.php\/2025\/05\/06\/hospital-mater-acaba-de-abrir-concurso-com-salarios-de-ate-r-9-600-vagas-para-medico-ginecologista-e-tecnico-de-enfermagem-estabilidade-excelente-remuneracao-e-oportunidade-real-de-crescimento\/","title":{"rendered":"CONCURSO ABERTO! Hospital MATER paga at\u00e9 R$ 9,6 MIL! INSCRI\u00c7\u00d5ES J\u00c1! Corre antes que acabe!"},"content":{"rendered":"<p><span style=\"font-size: 14pt;\"><strong>\ud83d\udc89Inscri\u00e7\u00f5es para concurso publico de M\u00e9dico na \u00e1rea de Ginecologia e Obstetr\u00edcia<\/strong> para o <strong>Centro de Refer\u00eancia da Sa\u00fade da Mulher de Ribeir\u00e3o Preto (CRSMRP-MATER)<\/strong>:<\/span><\/p>\n<h3><span style=\"font-size: 14pt;\"><strong><br \/>\n\ud83d\udcda Processo seletivo<\/strong><\/span><\/h3>\n<ol start=\"1\">\n<li><span style=\"font-size: 14pt;\"><strong>Prova te\u00f3rica<\/strong> (eliminat\u00f3ria) \u2013 Nota m\u00ednima: <strong>6,0<\/strong>.<\/span><\/li>\n<li><span style=\"font-size: 14pt;\"><strong>An\u00e1lise curricular<\/strong> (classificat\u00f3ria) \u2013 Avalia\u00e7\u00e3o de forma\u00e7\u00e3o acad\u00eamica e experi\u00eancia profissional.<\/span><\/li>\n<\/ol>\n<h3><span style=\"font-size: 14pt;\"><strong>\u2696\ufe0f Crit\u00e9rios de desempate<\/strong><\/span><\/h3>\n<ol start=\"1\">\n<li><span style=\"font-size: 14pt;\">Maior idade.<\/span><\/li>\n<li><span style=\"font-size: 14pt;\">Maior nota na prova te\u00f3rica.<\/span><\/li>\n<li><span style=\"font-size: 14pt;\">Maior n\u00famero de filhos.<\/span><\/li>\n<li><span style=\"font-size: 14pt;\">Candidato casado.<\/span><\/li>\n<\/ol>\n<h3><span style=\"font-size: 14pt;\"><strong>\ud83d\udce2 Convoca\u00e7\u00e3o e contrata\u00e7\u00e3o<\/strong><\/span><\/h3>\n<ul>\n<li><span style=\"font-size: 14pt;\">O primeiro colocado ser\u00e1 contratado imediatamente.<\/span><\/li>\n<li><span style=\"font-size: 14pt;\">Em caso de amplia\u00e7\u00e3o de vagas, candidatos aprovados ser\u00e3o convocados conforme classifica\u00e7\u00e3o.<\/span><\/li>\n<li><span style=\"font-size: 14pt;\">O candidato deve manter seus dados atualizados para contato.<\/span><\/li>\n<\/ul>\n<h3><span style=\"font-size: 14pt;\"><strong>\ud83d\udccc Informa\u00e7\u00f5es principais<\/strong><\/span><\/h3>\n<ul>\n<li><span style=\"font-size: 14pt;\"><strong>Vaga:<\/strong> M\u00e9dico Ginecologista e Obstetra<\/span><\/li>\n<li><span style=\"font-size: 14pt;\"><strong>Regime:<\/strong> CLT (Consolida\u00e7\u00e3o das Leis do Trabalho)<\/span><\/li>\n<li><span style=\"font-size: 14pt;\"><strong>Jornada:<\/strong> 24 horas semanais<\/span><\/li>\n<li><span style=\"font-size: 14pt;\"><strong>Sal\u00e1rio:<\/strong> R$ 9.600,29 mensais<\/span><\/li>\n<li><span style=\"font-size: 14pt;\"><strong>Benef\u00edcios:<\/strong> Aux\u00edlio-alimenta\u00e7\u00e3o de R$ 300,00 e vale-transporte<\/span><\/li>\n<\/ul>\n<h3><span style=\"font-size: 14pt;\"><strong>\ud83e\ude7a Atribui\u00e7\u00f5es do cargo<\/strong><\/span><\/h3>\n<ul>\n<li><span style=\"font-size: 14pt;\">Atendimento a gestantes, parturientes e pu\u00e9rperas em ambulat\u00f3rio, interna\u00e7\u00e3o e pronto atendimento.<\/span><\/li>\n<li><span style=\"font-size: 14pt;\">Participa\u00e7\u00e3o em reuni\u00f5es cl\u00ednicas e comiss\u00f5es institucionais.<\/span><\/li>\n<li><span style=\"font-size: 14pt;\">Desenvolvimento e aplica\u00e7\u00e3o de protocolos institucionais.<\/span><\/li>\n<li><span style=\"font-size: 14pt;\">Supervis\u00e3o de m\u00e9dicos residentes e alunos em est\u00e1gio.<\/span><\/li>\n<li><span style=\"font-size: 14pt;\">Contribui\u00e7\u00e3o para produ\u00e7\u00e3o de conhecimento e avalia\u00e7\u00e3o de novas terapias.<\/span><\/li>\n<\/ul>\n<h3><span style=\"font-size: 14pt;\"><strong>\ud83d\udcdc Requisitos<\/strong><\/span><\/h3>\n<ul>\n<li><span style=\"font-size: 14pt;\"><strong>Gradua\u00e7\u00e3o em Medicina<\/strong> e <strong>Resid\u00eancia M\u00e9dica em Ginecologia e Obstetr\u00edcia<\/strong> credenciada pela CNRM ou <strong>T\u00edtulo de Especialista<\/strong> na \u00e1rea.<\/span><\/li>\n<li><span style=\"font-size: 14pt;\"><strong>Registro de Qualifica\u00e7\u00e3o de Especialista (RQE) ativo<\/strong>.<\/span><\/li>\n<li><span style=\"font-size: 14pt;\"><strong>Carteira do Conselho de Classe do Estado de S\u00e3o Paulo<\/strong> atualizada.<\/span><\/li>\n<\/ul>\n<h3><span style=\"font-size: 14pt;\"><strong>\ud83d\udcdd Inscri\u00e7\u00f5es<\/strong><\/span><\/h3>\n<ul>\n<li><span style=\"font-size: 14pt;\"><strong>Per\u00edodo:<\/strong> 05\/05\/2025 a 16\/05\/2025 (at\u00e9 14h, hor\u00e1rio de Bras\u00edlia).<\/span><\/li>\n<li><span style=\"font-size: 14pt;\"><strong>Taxa:<\/strong> R$ 65,00.<\/span><\/li>\n<li><span style=\"font-size: 14pt;\"><strong>Forma de pagamento:<\/strong> Boleto ou PIX.<\/span><\/li>\n<li><span style=\"font-size: 14pt;\"><strong>Local de inscri\u00e7\u00e3o: No Site <a href=\"https:\/\/extranetapex.hcrp.usp.br\/apex\/r\/hc\/area-do-candidato\/edital?p15_idf_site=2&amp;p15_num_edital=3064&amp;clear=RR,15&amp;session=6874106892800&amp;cs=1qIMugQvoAQrursr9iCQIMcx6P3jnu1NLWZJYXNSUOuKkEYnc_SNes09LmUnsDfdy9oA0BAaMiwpWCmhznNw4kQ\">Clicando aqui<\/a><\/strong><\/span><\/li>\n<\/ul>\n<hr \/>\n<p><span style=\"font-size: 14pt;\"><strong>\ud83d\udc89Inscri\u00e7\u00f5es para concurso publico de T\u00e9cnico de Enfermagem<\/strong> para o <strong>Centro de Refer\u00eancia da Sa\u00fade da Mulher de Ribeir\u00e3o Preto (CRSMRP-MATER)<\/strong>, nas \u00e1reas de <strong>Ginecologia, Obstetr\u00edcia e Neonatologia<\/strong>:<\/span><\/p>\n<h3><span style=\"font-size: 14pt;\"><strong>\ud83d\udccc Informa\u00e7\u00f5es principais<\/strong><\/span><\/h3>\n<ul>\n<li><span style=\"font-size: 14pt;\"><strong>Vaga:<\/strong> T\u00e9cnico de Enfermagem<\/span><\/li>\n<li><span style=\"font-size: 14pt;\"><strong>Regime:<\/strong> CLT (Consolida\u00e7\u00e3o das Leis do Trabalho)<\/span><\/li>\n<li><span style=\"font-size: 14pt;\"><strong>Jornada:<\/strong> 36 horas semanais<\/span><\/li>\n<li><span style=\"font-size: 14pt;\"><strong>Sal\u00e1rio:<\/strong> R$ 3.112,72 mensais<\/span><\/li>\n<li><span style=\"font-size: 14pt;\"><strong>Benef\u00edcios:<\/strong> Aux\u00edlio-alimenta\u00e7\u00e3o de R$ 300,00 e vale-transporte<\/span><\/li>\n<\/ul>\n<h3><span style=\"font-size: 14pt;\"><strong>\ud83e\ude7a Atribui\u00e7\u00f5es do cargo<\/strong><\/span><\/h3>\n<ul>\n<li><span style=\"font-size: 14pt;\">Prestar <strong>cuidados de higiene e conforto<\/strong> aos pacientes.<\/span><\/li>\n<li><span style=\"font-size: 14pt;\">Auxiliar em <strong>tratamentos e exames especiais<\/strong>.<\/span><\/li>\n<li><span style=\"font-size: 14pt;\">Executar <strong>prescri\u00e7\u00f5es m\u00e9dicas e de enfermagem<\/strong>.<\/span><\/li>\n<li><span style=\"font-size: 14pt;\">Administrar <strong>soros e medicamentos<\/strong> conforme orienta\u00e7\u00e3o.<\/span><\/li>\n<li><span style=\"font-size: 14pt;\">Acompanhar <strong>transporte de pacientes<\/strong> para exames e procedimentos.<\/span><\/li>\n<li><span style=\"font-size: 14pt;\">Realizar <strong>cuidados no pr\u00e9, intra e p\u00f3s-operat\u00f3rio<\/strong>.<\/span><\/li>\n<li><span style=\"font-size: 14pt;\">Participar da <strong>preven\u00e7\u00e3o e controle de infec\u00e7\u00f5es hospitalares<\/strong>.<\/span><\/li>\n<li><span style=\"font-size: 14pt;\">Registrar todas as a\u00e7\u00f5es no <strong>prontu\u00e1rio eletr\u00f4nico ou f\u00edsico<\/strong>.<\/span><\/li>\n<\/ul>\n<h3><span style=\"font-size: 14pt;\"><strong>\ud83d\udcdc Requisitos<\/strong><\/span><\/h3>\n<ul>\n<li><span style=\"font-size: 14pt;\"><strong>Ensino m\u00e9dio completo<\/strong>.<\/span><\/li>\n<li><span style=\"font-size: 14pt;\"><strong>Curso t\u00e9cnico de enfermagem conclu\u00eddo<\/strong>.<\/span><\/li>\n<li><span style=\"font-size: 14pt;\"><strong>Carteira do Conselho de Classe do Estado de S\u00e3o Paulo<\/strong> atualizada.<\/span><\/li>\n<\/ul>\n<h3><span style=\"font-size: 14pt;\"><strong>\ud83d\udcdd Inscri\u00e7\u00f5es<\/strong><\/span><\/h3>\n<ul>\n<li><span style=\"font-size: 14pt;\"><strong>Per\u00edodo:<\/strong> 05\/05\/2025 a 07\/05\/2025 (at\u00e9 14h, hor\u00e1rio de Bras\u00edlia).<\/span><\/li>\n<li><span style=\"font-size: 14pt;\"><strong>Taxa:<\/strong> R$ 45,00.<\/span><\/li>\n<li><span style=\"font-size: 14pt;\"><strong>Forma de pagamento:<\/strong> Boleto ou PIX.<\/span><\/li>\n<li><span style=\"font-size: 14pt;\"><strong>Local de inscri\u00e7\u00e3o: No Site <a href=\"https:\/\/extranetapex.hcrp.usp.br\/apex\/r\/hc\/area-do-candidato\/edital?p15_idf_site=2&amp;p15_num_edital=3063&amp;clear=RR,15&amp;session=6874106892800&amp;cs=1TyXaVMf7QzWexUGTNC6DwuxR5OQWVDz83Ed9WvhI-IurxJy57wPXwZqoYOB9yjCYFBkKE9ujqiPbjg0-8r4jlA\">Clicando aqui<\/a><\/strong><\/span><\/li>\n<\/ul>\n<hr \/>\n<p>&nbsp;<\/p>\n<div class='code-block code-block-4' style='margin: 8px auto 8px 0; text-align: left; display: block; clear: both;'>\n\ud83d\udce2 Aviso Legal\n\nO site ismaelcolosi.com.br atua apenas como um canal de divulga\u00e7\u00e3o de oportunidades de emprego e n\u00e3o se responsabiliza pelo processo seletivo, contrata\u00e7\u00e3o ou qualquer outra etapa relacionada \u00e0s vagas publicadas. Todas as informa\u00e7\u00f5es s\u00e3o de responsabilidade dos anunciantes.\n\n\u26a0\ufe0f Aten\u00e7\u00e3o! Nunca pague por promessas de emprego nem compre cursos que garantam contrata\u00e7\u00e3o. Desconfie de qualquer cobran\u00e7a para participar de sele\u00e7\u00f5es.\n\n\n\n<\/div>\n<!-- CONTENT END 1 -->\n","protected":false},"excerpt":{"rendered":"<p>\ud83d\udc89Inscri\u00e7\u00f5es para concurso publico de M\u00e9dico na \u00e1rea de Ginecologia e Obstetr\u00edcia para o Centro de Refer\u00eancia da Sa\u00fade da Mulher de Ribeir\u00e3o Preto (CRSMRP-MATER):&#8230;<\/p>\n","protected":false},"author":5,"featured_media":85212,"comment_status":"closed","ping_status":"open","sticky":false,"template":"","format":"standard","meta":{"_uag_custom_page_level_css":"","advanced_seo_description":"","jetpack_seo_html_title":"","jetpack_seo_noindex":false,"jetpack_post_was_ever_published":false,"_jetpack_newsletter_access":"","_jetpack_dont_email_post_to_subs":false,"_jetpack_newsletter_tier_id":0,"_jetpack_memberships_contains_paywalled_content":false,"_jetpack_memberships_contains_paid_content":false,"footnotes":"","jetpack_publicize_message":"","jetpack_publicize_feature_enabled":true,"jetpack_social_post_already_shared":true,"jetpack_social_options":{"image_generator_settings":{"template":"highway","default_image_id":0,"font":"","enabled":false},"version":2}},"categories":[7],"tags":[],"class_list":["post-85209","post","type-post","status-publish","format-standard","has-post-thumbnail","hentry","category-vagas-de-empregos-em-ribeirao-preto-regiao-brasil"],"jetpack_publicize_connections":[],"jetpack_featured_media_url":"https:\/\/i0.wp.com\/ismaelcolosi.com.br\/wp-content\/uploads\/2025\/05\/474217970_1956393808217958_7962557479775972335_n.jpg?fit=1080%2C604&ssl=1","uagb_featured_image_src":{"full":["https:\/\/i0.wp.com\/ismaelcolosi.com.br\/wp-content\/uploads\/2025\/05\/474217970_1956393808217958_7962557479775972335_n.jpg?fit=1080%2C604&ssl=1",1080,604,false],"thumbnail":["https:\/\/i0.wp.com\/ismaelcolosi.com.br\/wp-content\/uploads\/2025\/05\/474217970_1956393808217958_7962557479775972335_n.jpg?resize=150%2C150&ssl=1",150,150,true],"medium":["https:\/\/i0.wp.com\/ismaelcolosi.com.br\/wp-content\/uploads\/2025\/05\/474217970_1956393808217958_7962557479775972335_n.jpg?fit=300%2C168&ssl=1",300,168,true],"medium_large":["https:\/\/i0.wp.com\/ismaelcolosi.com.br\/wp-content\/uploads\/2025\/05\/474217970_1956393808217958_7962557479775972335_n.jpg?fit=768%2C430&ssl=1",768,430,true],"large":["https:\/\/i0.wp.com\/ismaelcolosi.com.br\/wp-content\/uploads\/2025\/05\/474217970_1956393808217958_7962557479775972335_n.jpg?fit=1024%2C573&ssl=1",1024,573,true],"1536x1536":["https:\/\/i0.wp.com\/ismaelcolosi.com.br\/wp-content\/uploads\/2025\/05\/474217970_1956393808217958_7962557479775972335_n.jpg?fit=1080%2C604&ssl=1",1080,604,true],"2048x2048":["https:\/\/i0.wp.com\/ismaelcolosi.com.br\/wp-content\/uploads\/2025\/05\/474217970_1956393808217958_7962557479775972335_n.jpg?fit=1080%2C604&ssl=1",1080,604,true],"really-simple-thumb":["https:\/\/i0.wp.com\/ismaelcolosi.com.br\/wp-content\/uploads\/2025\/05\/474217970_1956393808217958_7962557479775972335_n.jpg?resize=370%2C247&ssl=1",370,247,true]},"uagb_author_info":{"display_name":"Arthur Tijolo","author_link":"https:\/\/ismaelcolosi.com.br\/index.php\/author\/autor-2024\/"},"uagb_comment_info":0,"uagb_excerpt":"\ud83d\udc89Inscri\u00e7\u00f5es para concurso publico de M\u00e9dico na \u00e1rea de Ginecologia e Obstetr\u00edcia para o Centro de Refer\u00eancia da Sa\u00fade da Mulher de Ribeir\u00e3o Preto (CRSMRP-MATER):...","jetpack-related-posts":[{"id":85216,"url":"https:\/\/ismaelcolosi.com.br\/index.php\/2025\/05\/06\/faepa-abre-concurso-para-tapeceiro-salario-de-r-21-mil-beneficios-oportunidade-rara-inscreva-se-antes-que-acabe\/","url_meta":{"origin":85209,"position":0},"title":"FAEPA abre CONCURSO com Sal\u00e1rio de R$ 2,1 mil + BENEF\u00cdCIOS! Oportunidade RARA \u2013 INSCREVA-SE antes que acabe!","author":"Arthur Tijolo","date":"6 de May de 2025","format":false,"excerpt":"Um tapeceiro \u00e9 um profissional especializado na confec\u00e7\u00e3o, reforma e estofamento de m\u00f3veis, ve\u00edculos e outros itens que envolvem tecidos e acolchoamento. Ele pode atuar em diversos setores, como ind\u00fastria moveleira, automotiva, decora\u00e7\u00e3o e cenografia. O que faz um tapeceiro? Estofamento e reforma de sof\u00e1s, poltronas, cadeiras e bancos de\u2026","rel":"","context":"In &quot;Vagas de Emprego em Ribeir\u00e3o Preto-SP&quot;","block_context":{"text":"Vagas de Emprego em Ribeir\u00e3o Preto-SP","link":"https:\/\/ismaelcolosi.com.br\/index.php\/category\/empregos-classificados-vagas-trabalho\/vagas-de-empregos-em-ribeirao-preto-regiao-brasil\/"},"img":{"alt_text":"","src":"https:\/\/i0.wp.com\/ismaelcolosi.com.br\/wp-content\/uploads\/2025\/05\/20250506_1342_Fundo-em-Outra-Cor_remix_01jtk7j7zqeme9fss4j6dt5e7f-1.png?fit=800%2C1200&ssl=1&resize=350%2C200","width":350,"height":200,"srcset":"https:\/\/i0.wp.com\/ismaelcolosi.com.br\/wp-content\/uploads\/2025\/05\/20250506_1342_Fundo-em-Outra-Cor_remix_01jtk7j7zqeme9fss4j6dt5e7f-1.png?fit=800%2C1200&ssl=1&resize=350%2C200 1x, https:\/\/i0.wp.com\/ismaelcolosi.com.br\/wp-content\/uploads\/2025\/05\/20250506_1342_Fundo-em-Outra-Cor_remix_01jtk7j7zqeme9fss4j6dt5e7f-1.png?fit=800%2C1200&ssl=1&resize=525%2C300 1.5x, https:\/\/i0.wp.com\/ismaelcolosi.com.br\/wp-content\/uploads\/2025\/05\/20250506_1342_Fundo-em-Outra-Cor_remix_01jtk7j7zqeme9fss4j6dt5e7f-1.png?fit=800%2C1200&ssl=1&resize=700%2C400 2x"},"classes":[]},{"id":64557,"url":"https:\/\/ismaelcolosi.com.br\/index.php\/2024\/09\/08\/inscricoes-para-concurso-do-hc-ribeirao-com-salarios-de-ate-r-56-mil-terminam-nesta-segunda-feira\/","url_meta":{"origin":85209,"position":1},"title":"Inscri\u00e7\u00f5es para concurso do HC Ribeir\u00e3o com sal\u00e1rios de at\u00e9 R$ 5,6 mil terminam nesta segunda-feira","author":"ismaelcolosi.com.br","date":"8 de September de 2024","format":false,"excerpt":"As inscri\u00e7\u00f5es para o concursos p\u00fablico de n\u00edvel superior do Hospital das Cl\u00ednicas de Ribeir\u00e3o Preto (HC-RP) terminam nesta segunda-feira (9). Os sal\u00e1rios variam de R$ 2,7 mil a R$ 5,6 mil. As oportunidades s\u00e3o para os cargos de m\u00e9dico ortopedista e traumatologia, terapeuta ocupacional e fisioterapeuta. As jornadas de\u2026","rel":"","context":"In &quot;Not\u00edcias de Ribeir\u00e3o Preto-SP e Regi\u00e3o&quot;","block_context":{"text":"Not\u00edcias de Ribeir\u00e3o Preto-SP e Regi\u00e3o","link":"https:\/\/ismaelcolosi.com.br\/index.php\/category\/noticias-de-ribeirao-preto-sp-e-regiao-ismael-colosi\/"},"img":{"alt_text":"","src":"https:\/\/i0.wp.com\/ismaelcolosi.com.br\/wp-content\/uploads\/2024\/05\/Capturar_2024-05-10_20-51-42_jpg_2024-05-10_20-51-42.webp.webp?fit=830%2C371&ssl=1&resize=350%2C200","width":350,"height":200,"srcset":"https:\/\/i0.wp.com\/ismaelcolosi.com.br\/wp-content\/uploads\/2024\/05\/Capturar_2024-05-10_20-51-42_jpg_2024-05-10_20-51-42.webp.webp?fit=830%2C371&ssl=1&resize=350%2C200 1x, https:\/\/i0.wp.com\/ismaelcolosi.com.br\/wp-content\/uploads\/2024\/05\/Capturar_2024-05-10_20-51-42_jpg_2024-05-10_20-51-42.webp.webp?fit=830%2C371&ssl=1&resize=525%2C300 1.5x, https:\/\/i0.wp.com\/ismaelcolosi.com.br\/wp-content\/uploads\/2024\/05\/Capturar_2024-05-10_20-51-42_jpg_2024-05-10_20-51-42.webp.webp?fit=830%2C371&ssl=1&resize=700%2C400 2x"},"classes":[]},{"id":25513,"url":"https:\/\/ismaelcolosi.com.br\/index.php\/2024\/01\/07\/prefeitura-de-ribeirao-preto-abre-inscricoes-para-concurso-publico-nesta-segunda\/","url_meta":{"origin":85209,"position":2},"title":"Prefeitura de Ribeir\u00e3o Preto abre inscri\u00e7\u00f5es para concurso p\u00fablico nesta segunda","author":"ismaelcolosi.com.br","date":"7 de January de 2024","format":false,"excerpt":"A Prefeitura de Ribeir\u00e3o Preto abre nesta segunda-feira (8) as inscri\u00e7\u00f5es do concurso p\u00fablico com vagas na Secretaria Municipal de \u00c1gua e Esgoto (Saerp). S\u00e3o 16 vagas abertas com cargos para n\u00edveis fundamental, m\u00e9dio, t\u00e9cnico e superior, com sal\u00e1rios iniciais variando entre R$ 2.250 e R$ 5.645. O edital foi\u2026","rel":"","context":"In &quot;Not\u00edcias de Ribeir\u00e3o Preto-SP e Regi\u00e3o&quot;","block_context":{"text":"Not\u00edcias de Ribeir\u00e3o Preto-SP e Regi\u00e3o","link":"https:\/\/ismaelcolosi.com.br\/index.php\/category\/noticias-de-ribeirao-preto-sp-e-regiao-ismael-colosi\/"},"img":{"alt_text":"","src":"https:\/\/i0.wp.com\/ismaelcolosi.com.br\/wp-content\/uploads\/2024\/01\/man-5710164_1280.jpg?fit=1200%2C800&ssl=1&resize=350%2C200","width":350,"height":200,"srcset":"https:\/\/i0.wp.com\/ismaelcolosi.com.br\/wp-content\/uploads\/2024\/01\/man-5710164_1280.jpg?fit=1200%2C800&ssl=1&resize=350%2C200 1x, https:\/\/i0.wp.com\/ismaelcolosi.com.br\/wp-content\/uploads\/2024\/01\/man-5710164_1280.jpg?fit=1200%2C800&ssl=1&resize=525%2C300 1.5x, https:\/\/i0.wp.com\/ismaelcolosi.com.br\/wp-content\/uploads\/2024\/01\/man-5710164_1280.jpg?fit=1200%2C800&ssl=1&resize=700%2C400 2x, https:\/\/i0.wp.com\/ismaelcolosi.com.br\/wp-content\/uploads\/2024\/01\/man-5710164_1280.jpg?fit=1200%2C800&ssl=1&resize=1050%2C600 3x"},"classes":[]},{"id":38959,"url":"https:\/\/ismaelcolosi.com.br\/index.php\/2024\/02\/22\/usp-abre-concurso-publico-com-49-vagas-tem-oportunidade-em-ribeirao-preto\/","url_meta":{"origin":85209,"position":3},"title":"USP abre concurso p\u00fablico com 49 vagas; Tem oportunidade em Ribeir\u00e3o Preto","author":"ismaelcolosi.com.br","date":"22 de February de 2024","format":false,"excerpt":"A USP (Universidade de S\u00e3o Paulo) abriu concurso p\u00fablico para 49 vagas de n\u00edvel superior. H\u00e1 oportunidades para diversos campi da universidade, incluindo Ribeir\u00e3o Preto, S\u00e3o Paulo e S\u00e3o Carlos. Os sal\u00e1rios para as fun\u00e7\u00f5es variam entre R$ 5,4 mil R$ 10,2 mil. As inscri\u00e7\u00f5es devem ser realizadas no site\u2026","rel":"","context":"In &quot;Not\u00edcias de Ribeir\u00e3o Preto-SP e Regi\u00e3o&quot;","block_context":{"text":"Not\u00edcias de Ribeir\u00e3o Preto-SP e Regi\u00e3o","link":"https:\/\/ismaelcolosi.com.br\/index.php\/category\/noticias-de-ribeirao-preto-sp-e-regiao-ismael-colosi\/"},"img":{"alt_text":"","src":"https:\/\/i0.wp.com\/ismaelcolosi.com.br\/wp-content\/uploads\/2024\/02\/1708625487_usp_ribeirao_1024x576_30032021153451.jpg?fit=1024%2C576&ssl=1&resize=350%2C200","width":350,"height":200,"srcset":"https:\/\/i0.wp.com\/ismaelcolosi.com.br\/wp-content\/uploads\/2024\/02\/1708625487_usp_ribeirao_1024x576_30032021153451.jpg?fit=1024%2C576&ssl=1&resize=350%2C200 1x, https:\/\/i0.wp.com\/ismaelcolosi.com.br\/wp-content\/uploads\/2024\/02\/1708625487_usp_ribeirao_1024x576_30032021153451.jpg?fit=1024%2C576&ssl=1&resize=525%2C300 1.5x, https:\/\/i0.wp.com\/ismaelcolosi.com.br\/wp-content\/uploads\/2024\/02\/1708625487_usp_ribeirao_1024x576_30032021153451.jpg?fit=1024%2C576&ssl=1&resize=700%2C400 2x"},"classes":[]},{"id":53549,"url":"https:\/\/ismaelcolosi.com.br\/index.php\/2024\/06\/17\/abertas-as-inscricoes-para-concurso-publico-do-hc-de-ribeirao-preto\/","url_meta":{"origin":85209,"position":4},"title":"Abertas as inscri\u00e7\u00f5es para concurso p\u00fablico do HC de Ribeir\u00e3o Preto","author":"ismaelcolosi.com.br","date":"17 de June de 2024","format":false,"excerpt":"O Hospital das Cl\u00ednicas (HC) de Ribeir\u00e3o Preto abriu, nesta segunda-feira (17), as inscri\u00e7\u00f5es para concursos p\u00fablicos com cinco vagas. As oportunidades s\u00e3o para tr\u00eas especialidades m\u00e9dicas e os sal\u00e1rios variam entre R$ 4.047,60 e R$ 5.695,17, para 20h semanais. Como se inscrever? Os interessados devem se inscrever de forma\u2026","rel":"","context":"In &quot;Not\u00edcias de Ribeir\u00e3o Preto-SP e Regi\u00e3o&quot;","block_context":{"text":"Not\u00edcias de Ribeir\u00e3o Preto-SP e Regi\u00e3o","link":"https:\/\/ismaelcolosi.com.br\/index.php\/category\/noticias-de-ribeirao-preto-sp-e-regiao-ismael-colosi\/"},"img":{"alt_text":"","src":"https:\/\/i0.wp.com\/ismaelcolosi.com.br\/wp-content\/uploads\/2024\/06\/hospital_das_1024x576_21022020190046.jpg?fit=1024%2C576&ssl=1&resize=350%2C200","width":350,"height":200,"srcset":"https:\/\/i0.wp.com\/ismaelcolosi.com.br\/wp-content\/uploads\/2024\/06\/hospital_das_1024x576_21022020190046.jpg?fit=1024%2C576&ssl=1&resize=350%2C200 1x, https:\/\/i0.wp.com\/ismaelcolosi.com.br\/wp-content\/uploads\/2024\/06\/hospital_das_1024x576_21022020190046.jpg?fit=1024%2C576&ssl=1&resize=525%2C300 1.5x, https:\/\/i0.wp.com\/ismaelcolosi.com.br\/wp-content\/uploads\/2024\/06\/hospital_das_1024x576_21022020190046.jpg?fit=1024%2C576&ssl=1&resize=700%2C400 2x"},"classes":[]},{"id":26574,"url":"https:\/\/ismaelcolosi.com.br\/index.php\/2024\/01\/10\/governo-divulga-edital-de-concurso-unificado-nesta-quarta-veja-como-se-inscrever\/","url_meta":{"origin":85209,"position":5},"title":"Governo divulga edital de Concurso Unificado nesta quarta; veja como se inscrever","author":"ismaelcolosi.com.br","date":"10 de January de 2024","format":false,"excerpt":"Da reda\u00e7\u00e3oi Da reda\u00e7\u00e3o 10\/01\/2024 - 10:40 Nesta quarta-feira, 10, o Minist\u00e9rio da Gest\u00e3o e da Inova\u00e7\u00e3o em Servi\u00e7os P\u00fablicos (MGI) vai divulgar os editais do Concurso P\u00fablico Nacional Unificado (CPNU). Os documentos trar\u00e3o informa\u00e7\u00f5es sobre os blocos tem\u00e1ticos, conte\u00fado das provas, crit\u00e9rios de classifica\u00e7\u00e3o e desclassifica\u00e7\u00e3o, validade do certame\u2026","rel":"","context":"In &quot;Vagas de Emprego em Ribeir\u00e3o Preto-SP&quot;","block_context":{"text":"Vagas de Emprego em Ribeir\u00e3o Preto-SP","link":"https:\/\/ismaelcolosi.com.br\/index.php\/category\/empregos-classificados-vagas-trabalho\/vagas-de-empregos-em-ribeirao-preto-regiao-brasil\/"},"img":{"alt_text":"","src":"https:\/\/i0.wp.com\/ismaelcolosi.com.br\/wp-content\/uploads\/2024\/01\/concursos-auditor-fiscal-pixabay.jpeg?fit=880%2C550&ssl=1&resize=350%2C200","width":350,"height":200,"srcset":"https:\/\/i0.wp.com\/ismaelcolosi.com.br\/wp-content\/uploads\/2024\/01\/concursos-auditor-fiscal-pixabay.jpeg?fit=880%2C550&ssl=1&resize=350%2C200 1x, https:\/\/i0.wp.com\/ismaelcolosi.com.br\/wp-content\/uploads\/2024\/01\/concursos-auditor-fiscal-pixabay.jpeg?fit=880%2C550&ssl=1&resize=525%2C300 1.5x, https:\/\/i0.wp.com\/ismaelcolosi.com.br\/wp-content\/uploads\/2024\/01\/concursos-auditor-fiscal-pixabay.jpeg?fit=880%2C550&ssl=1&resize=700%2C400 2x"},"classes":[]}],"jetpack_sharing_enabled":true,"jetpack_shortlink":"https:\/\/wp.me\/pfMlyK-mal","_links":{"self":[{"href":"https:\/\/ismaelcolosi.com.br\/index.php\/wp-json\/wp\/v2\/posts\/85209","targetHints":{"allow":["GET"]}}],"collection":[{"href":"https:\/\/ismaelcolosi.com.br\/index.php\/wp-json\/wp\/v2\/posts"}],"about":[{"href":"https:\/\/ismaelcolosi.com.br\/index.php\/wp-json\/wp\/v2\/types\/post"}],"author":[{"embeddable":true,"href":"https:\/\/ismaelcolosi.com.br\/index.php\/wp-json\/wp\/v2\/users\/5"}],"replies":[{"embeddable":true,"href":"https:\/\/ismaelcolosi.com.br\/index.php\/wp-json\/wp\/v2\/comments?post=85209"}],"version-history":[{"count":6,"href":"https:\/\/ismaelcolosi.com.br\/index.php\/wp-json\/wp\/v2\/posts\/85209\/revisions"}],"predecessor-version":[{"id":85252,"href":"https:\/\/ismaelcolosi.com.br\/index.php\/wp-json\/wp\/v2\/posts\/85209\/revisions\/85252"}],"wp:featuredmedia":[{"embeddable":true,"href":"https:\/\/ismaelcolosi.com.br\/index.php\/wp-json\/wp\/v2\/media\/85212"}],"wp:attachment":[{"href":"https:\/\/ismaelcolosi.com.br\/index.php\/wp-json\/wp\/v2\/media?parent=85209"}],"wp:term":[{"taxonomy":"category","embeddable":true,"href":"https:\/\/ismaelcolosi.com.br\/index.php\/wp-json\/wp\/v2\/categories?post=85209"},{"taxonomy":"post_tag","embeddable":true,"href":"https:\/\/ismaelcolosi.com.br\/index.php\/wp-json\/wp\/v2\/tags?post=85209"}],"curies":[{"name":"wp","href":"https:\/\/api.w.org\/{rel}","templated":true}]}}