{"id":84264,"date":"2025-04-04T13:30:36","date_gmt":"2025-04-04T16:30:36","guid":{"rendered":"https:\/\/ismaelcolosi.com.br\/?p=84264"},"modified":"2025-06-06T13:17:51","modified_gmt":"2025-06-06T16:17:51","slug":"passo-a-passo-para-agendar-uma-entrevista-na-paschoalotto-de-ribeirao-preto-sp-3","status":"publish","type":"post","link":"https:\/\/ismaelcolosi.com.br\/index.php\/2025\/04\/04\/passo-a-passo-para-agendar-uma-entrevista-na-paschoalotto-de-ribeirao-preto-sp-3\/","title":{"rendered":"Passo a Passo (com imagens) para voc\u00ea Agendar para vaga EST\u00c1GIO (Bolsa de R$1.000) para jovens de 16 e 17 anos"},"content":{"rendered":"<h1>Passo a Passo para Agendar uma Entrevista na Paschoalotto<\/h1>\n<p>Vaga para AUXILIAR DE COBRAN\u00c7A<\/p>\n<p>As principais atividades da vaga s\u00e3o:<br \/>\n* Realizar cobran\u00e7a de pessoa f\u00edsica e jur\u00eddica.<br \/>\n* Estabelecer um di\u00e1logo com o cliente para resolver qualquer tipo de dificuldade e promover uma solu\u00e7\u00e3o efetiva para fechar a negocia\u00e7\u00e3o.<br \/>\n* Enviar boletos banc\u00e1rios com acompanhamento at\u00e9 seu recebimento.<\/p>\n<p>O que oferecemos:<br \/>\n\u2022 Carga hor\u00e1ria: 6h10 por dia, de SEGUNDA A SEXTA (turno TARDE, das 14h \u00e0s 20h10) e aos S\u00c1BADOS das 9h ao 12h.<br \/>\n\u2022 Vaga presencial, localizada em RIBEIR\u00c3O PRETO<br \/>\n\u2022 N\u00e3o exigimos experi\u00eancia: oferecemos todo o treinamento necess\u00e1rio para voc\u00ea se desenvolver conosco!<br \/>\n\u2022 Sal\u00e1rio fixo proporcional \u00e0 carga hor\u00e1ria + remunera\u00e7\u00e3o vari\u00e1vel (todo esfor\u00e7o com metas alcan\u00e7adas \u00e9 recompensado com premia\u00e7\u00e3o de at\u00e9 1,5 sal\u00e1rio!)<br \/>\n\u2022 Benef\u00edcios: Vale-Refei\u00e7\u00e3o ou Vale-Alimenta\u00e7\u00e3o (o que for mais conveniente para voc\u00ea), Vale-Transporte, Seguro de Vida, Clube de Descontos em diversas universidades e faculdades, Day-Off (folga no dia do anivers\u00e1rio), plano de Sa\u00fade\/Odontol\u00f3gico, oportunidades de crescimento.<\/p>\n<p>Se voc\u00ea est\u00e1 interessado em uma vaga na Paschoalotto, siga este guia passo a passo para agendar sua entrevista de forma simples e r\u00e1pida.<\/p>\n<p>&nbsp;<\/p>\n<p>OU A VAGA ADE EST\u00c1GIO<\/p>\n<div>Para jovens de 16 e 17 anos matriculados e que estejam estudando no ensino m\u00e9dio.<\/div>\n<div><\/div>\n<div>As principais atividades da vaga de est\u00e1gio seriam:<\/div>\n<div><\/div>\n<div><\/div>\n<div>* Realizar cobran\u00e7a de pessoa f\u00edsica e jur\u00eddica.<\/div>\n<div>* Estabelecer um di\u00e1logo com o cliente para resolver qualquer tipo de dificuldade e promover uma solu\u00e7\u00e3o efetiva para fechar a negocia\u00e7\u00e3o.<\/div>\n<div>* Enviar boletos banc\u00e1rios com acompanhamento at\u00e9 seu recebimento.<\/div>\n<div><\/div>\n<div>N\u00f3s oferecemos: bolsa aux\u00edlio + premia\u00e7\u00e3o + vale-transporte + seguro de vida<\/div>\n<div><\/div>\n<div>A carga hor\u00e1ria \u00e9 de 6h por dia, de segunda \u00e1 sexta, com possibilidade de hor\u00e1rio das 08h \u00e0s 14h ou das 14h \u00e0s 20h.<\/div>\n<div><\/div>\n<div>Mais informa\u00e7\u00f5es ser\u00e3o passadas, com mais detalhes, durante a entrevista, para que n\u00e3o ocorra confus\u00f5es, preferimos passar todas as informa\u00e7\u00f5es na chamada em grupo. Caso tenha interesse em dar continuidade nos envie seu curr\u00edculo para avalia\u00e7\u00e3o! Pode fazer o envio por aqui mesmo em forma de arquivo, PDF ou WORD ou foto do curr\u00edculo, desde que seja leg\u00edvel e focada.<\/div>\n<div><\/div>\n<div>O que oferecemos:<\/div>\n<div><\/div>\n<div>\u2022 Carga hor\u00e1ria: 6h por dia, de SEGUNDA A SEXTA (N\u00c3O TRABALHANDO DE FINAL DE SEMANA E NEM FERIADO)<\/div>\n<div>\u2022 Vaga presencial, localizada em RIBEIR\u00c3O PRETO<\/div>\n<div>\u2022 N\u00e3o exigimos experi\u00eancia: oferecemos todo o treinamento necess\u00e1rio para voc\u00ea se desenvolver conosco!<\/div>\n<div>* Benef\u00edcios: Bolsa + premia\u00e7\u00f5es por desempenho, Vale-transporte (sem desconto) e plano de crescimento na empresa.<\/div>\n<h2>Veja abaixo o passo-a-passo abaixo:<br \/>\nPasso 1: Iniciar a Conversa<\/h2>\n<ol>\n<li><strong>Abra o canal de atendimento, (veja o exemplo na imagem)<\/strong>\u00a0da Paschoalotto,\u00a0 pelo WhatsApp clicando <a href=\"https:\/\/api.whatsapp.com\/send?phone=5516988443998&amp;text=Ol%C3%A1%2C%20estou%20aqui%20para%20agendar%20entrevista%3B%20vim%20pela%20indica%C3%A7%C3%A3o%20de%20Ismael%20Colosi.%20\" target=\"_blank\" rel=\"noopener\">aqui<\/a>\u00a0ou aqui <a href=\"https:\/\/otieu.com\/4\/9273740\" target=\"_blank\" rel=\"noopener\">5516988443998<\/a><img data-recalc-dims=\"1\" loading=\"lazy\" decoding=\"async\" class=\"aligncenter wp-image-84242 size-large\" src=\"https:\/\/i0.wp.com\/ismaelcolosi.com.br\/wp-content\/uploads\/2025\/04\/como-agendar-entrevista-de-emprego-paschoalotto-vaga-primeiro-emprego-ismael-colosi-rp-1.jpeg?resize=503%2C1024&#038;ssl=1\" alt=\"\" width=\"503\" height=\"1024\" srcset=\"https:\/\/i0.wp.com\/ismaelcolosi.com.br\/wp-content\/uploads\/2025\/04\/como-agendar-entrevista-de-emprego-paschoalotto-vaga-primeiro-emprego-ismael-colosi-rp-1.jpeg?resize=503%2C1024&amp;ssl=1 503w, https:\/\/i0.wp.com\/ismaelcolosi.com.br\/wp-content\/uploads\/2025\/04\/como-agendar-entrevista-de-emprego-paschoalotto-vaga-primeiro-emprego-ismael-colosi-rp-1.jpeg?resize=147%2C300&amp;ssl=1 147w, https:\/\/i0.wp.com\/ismaelcolosi.com.br\/wp-content\/uploads\/2025\/04\/como-agendar-entrevista-de-emprego-paschoalotto-vaga-primeiro-emprego-ismael-colosi-rp-1.jpeg?w=720&amp;ssl=1 720w\" sizes=\"auto, (max-width: 503px) 100vw, 503px\" \/><\/li>\n<li><strong>Aguarde a sauda\u00e7\u00e3o do atendente (veja o exemplo na imagem)<\/strong>. Voc\u00ea receber\u00e1 uma mensagem de boas-vindas.Exemplo:<br \/>\n<blockquote><p><strong>Paschoalotto:<\/strong> Boa noite! Eu sou a Paty, seja bem-vindo(a)! \ud83d\ude0a<\/p>\n<p><img data-recalc-dims=\"1\" loading=\"lazy\" decoding=\"async\" class=\"aligncenter wp-image-84241 size-large\" src=\"https:\/\/i0.wp.com\/ismaelcolosi.com.br\/wp-content\/uploads\/2025\/04\/como-agendar-entrevista-de-emprego-paschoalotto-vaga-primeiro-emprego-ismael-colosi-rp-2.jpeg?resize=461%2C1024&#038;ssl=1\" alt=\"\" width=\"461\" height=\"1024\" srcset=\"https:\/\/i0.wp.com\/ismaelcolosi.com.br\/wp-content\/uploads\/2025\/04\/como-agendar-entrevista-de-emprego-paschoalotto-vaga-primeiro-emprego-ismael-colosi-rp-2.jpeg?resize=461%2C1024&amp;ssl=1 461w, https:\/\/i0.wp.com\/ismaelcolosi.com.br\/wp-content\/uploads\/2025\/04\/como-agendar-entrevista-de-emprego-paschoalotto-vaga-primeiro-emprego-ismael-colosi-rp-2.jpeg?resize=135%2C300&amp;ssl=1 135w, https:\/\/i0.wp.com\/ismaelcolosi.com.br\/wp-content\/uploads\/2025\/04\/como-agendar-entrevista-de-emprego-paschoalotto-vaga-primeiro-emprego-ismael-colosi-rp-2.jpeg?resize=691%2C1536&amp;ssl=1 691w, https:\/\/i0.wp.com\/ismaelcolosi.com.br\/wp-content\/uploads\/2025\/04\/como-agendar-entrevista-de-emprego-paschoalotto-vaga-primeiro-emprego-ismael-colosi-rp-2.jpeg?w=720&amp;ssl=1 720w\" sizes=\"auto, (max-width: 461px) 100vw, 461px\" \/><\/p><\/blockquote>\n<\/li>\n<\/ol>\n<h2>Passo 2: Escolher a Op\u00e7\u00e3o de Entrevista<\/h2>\n<ol start=\"3\">\n<li><strong>Selecione a op\u00e7\u00e3o &#8220;Entrevista&#8221; (veja o exemplo na imagem)<\/strong> quando o atendente perguntar como pode ajudar.Exemplo:<br \/>\n<blockquote><p><strong>Voc\u00ea:<\/strong> Entrevista<\/p>\n<p><img data-recalc-dims=\"1\" loading=\"lazy\" decoding=\"async\" class=\"aligncenter wp-image-84240 size-large\" src=\"https:\/\/i0.wp.com\/ismaelcolosi.com.br\/wp-content\/uploads\/2025\/04\/como-agendar-entrevista-de-emprego-paschoalotto-vaga-primeiro-emprego-ismael-colosi-rp-3.jpeg?resize=503%2C1024&#038;ssl=1\" alt=\"\" width=\"503\" height=\"1024\" srcset=\"https:\/\/i0.wp.com\/ismaelcolosi.com.br\/wp-content\/uploads\/2025\/04\/como-agendar-entrevista-de-emprego-paschoalotto-vaga-primeiro-emprego-ismael-colosi-rp-3.jpeg?resize=503%2C1024&amp;ssl=1 503w, https:\/\/i0.wp.com\/ismaelcolosi.com.br\/wp-content\/uploads\/2025\/04\/como-agendar-entrevista-de-emprego-paschoalotto-vaga-primeiro-emprego-ismael-colosi-rp-3.jpeg?resize=147%2C300&amp;ssl=1 147w, https:\/\/i0.wp.com\/ismaelcolosi.com.br\/wp-content\/uploads\/2025\/04\/como-agendar-entrevista-de-emprego-paschoalotto-vaga-primeiro-emprego-ismael-colosi-rp-3.jpeg?w=720&amp;ssl=1 720w\" sizes=\"auto, (max-width: 503px) 100vw, 503px\" \/><\/p><\/blockquote>\n<\/li>\n<\/ol>\n<h2>Passo 3: Agendar Entrevista<\/h2>\n<ol start=\"4\">\n<li><strong>Confirme seu interesse em agendar uma entrevista (veja o exemplo na imagem)<\/strong>. O atendente ir\u00e1 perguntar como voc\u00ea deseja prosseguir.Exemplo:<br \/>\n<blockquote><p><strong>Voc\u00ea:<\/strong> Agendar entrevista<\/p>\n<p><img data-recalc-dims=\"1\" loading=\"lazy\" decoding=\"async\" class=\"aligncenter wp-image-84239 size-large\" src=\"https:\/\/i0.wp.com\/ismaelcolosi.com.br\/wp-content\/uploads\/2025\/04\/como-agendar-entrevista-de-emprego-paschoalotto-vaga-primeiro-emprego-ismael-colosi-rp-4.jpeg?resize=461%2C1024&#038;ssl=1\" alt=\"\" width=\"461\" height=\"1024\" srcset=\"https:\/\/i0.wp.com\/ismaelcolosi.com.br\/wp-content\/uploads\/2025\/04\/como-agendar-entrevista-de-emprego-paschoalotto-vaga-primeiro-emprego-ismael-colosi-rp-4.jpeg?resize=461%2C1024&amp;ssl=1 461w, https:\/\/i0.wp.com\/ismaelcolosi.com.br\/wp-content\/uploads\/2025\/04\/como-agendar-entrevista-de-emprego-paschoalotto-vaga-primeiro-emprego-ismael-colosi-rp-4.jpeg?resize=135%2C300&amp;ssl=1 135w, https:\/\/i0.wp.com\/ismaelcolosi.com.br\/wp-content\/uploads\/2025\/04\/como-agendar-entrevista-de-emprego-paschoalotto-vaga-primeiro-emprego-ismael-colosi-rp-4.jpeg?resize=691%2C1536&amp;ssl=1 691w, https:\/\/i0.wp.com\/ismaelcolosi.com.br\/wp-content\/uploads\/2025\/04\/como-agendar-entrevista-de-emprego-paschoalotto-vaga-primeiro-emprego-ismael-colosi-rp-4.jpeg?w=720&amp;ssl=1 720w\" sizes=\"auto, (max-width: 461px) 100vw, 461px\" \/><\/p><\/blockquote>\n<p><img data-recalc-dims=\"1\" loading=\"lazy\" decoding=\"async\" class=\"aligncenter wp-image-84238 size-large\" src=\"https:\/\/i0.wp.com\/ismaelcolosi.com.br\/wp-content\/uploads\/2025\/04\/como-agendar-entrevista-de-emprego-paschoalotto-vaga-primeiro-emprego-ismael-colosi-rp-5.jpeg?resize=461%2C1024&#038;ssl=1\" alt=\"\" width=\"461\" height=\"1024\" srcset=\"https:\/\/i0.wp.com\/ismaelcolosi.com.br\/wp-content\/uploads\/2025\/04\/como-agendar-entrevista-de-emprego-paschoalotto-vaga-primeiro-emprego-ismael-colosi-rp-5.jpeg?resize=461%2C1024&amp;ssl=1 461w, https:\/\/i0.wp.com\/ismaelcolosi.com.br\/wp-content\/uploads\/2025\/04\/como-agendar-entrevista-de-emprego-paschoalotto-vaga-primeiro-emprego-ismael-colosi-rp-5.jpeg?resize=135%2C300&amp;ssl=1 135w, https:\/\/i0.wp.com\/ismaelcolosi.com.br\/wp-content\/uploads\/2025\/04\/como-agendar-entrevista-de-emprego-paschoalotto-vaga-primeiro-emprego-ismael-colosi-rp-5.jpeg?resize=691%2C1536&amp;ssl=1 691w, https:\/\/i0.wp.com\/ismaelcolosi.com.br\/wp-content\/uploads\/2025\/04\/como-agendar-entrevista-de-emprego-paschoalotto-vaga-primeiro-emprego-ismael-colosi-rp-5.jpeg?w=720&amp;ssl=1 720w\" sizes=\"auto, (max-width: 461px) 100vw, 461px\" \/><\/li>\n<\/ol>\n<h2>Passo 4: Preencher os Dados<\/h2>\n<ol start=\"5\">\n<li><strong>Preencha o formul\u00e1rio solicitado (veja o exemplo na imagem)<\/strong> com as informa\u00e7\u00f5es necess\u00e1rias. Ap\u00f3s o envio, aguarde as instru\u00e7\u00f5es sobre a entrevista.<img data-recalc-dims=\"1\" loading=\"lazy\" decoding=\"async\" class=\"aligncenter wp-image-84236 size-large\" style=\"text-align: center;\" src=\"https:\/\/i0.wp.com\/ismaelcolosi.com.br\/wp-content\/uploads\/2025\/04\/como-agendar-entrevista-de-emprego-paschoalotto-vaga-primeiro-emprego-ismael-colosi-rp-7.jpeg?resize=461%2C1024&#038;ssl=1\" alt=\"\" width=\"461\" height=\"1024\" srcset=\"https:\/\/i0.wp.com\/ismaelcolosi.com.br\/wp-content\/uploads\/2025\/04\/como-agendar-entrevista-de-emprego-paschoalotto-vaga-primeiro-emprego-ismael-colosi-rp-7.jpeg?resize=461%2C1024&amp;ssl=1 461w, https:\/\/i0.wp.com\/ismaelcolosi.com.br\/wp-content\/uploads\/2025\/04\/como-agendar-entrevista-de-emprego-paschoalotto-vaga-primeiro-emprego-ismael-colosi-rp-7.jpeg?resize=135%2C300&amp;ssl=1 135w, https:\/\/i0.wp.com\/ismaelcolosi.com.br\/wp-content\/uploads\/2025\/04\/como-agendar-entrevista-de-emprego-paschoalotto-vaga-primeiro-emprego-ismael-colosi-rp-7.jpeg?resize=691%2C1536&amp;ssl=1 691w, https:\/\/i0.wp.com\/ismaelcolosi.com.br\/wp-content\/uploads\/2025\/04\/como-agendar-entrevista-de-emprego-paschoalotto-vaga-primeiro-emprego-ismael-colosi-rp-7.jpeg?w=720&amp;ssl=1 720w\" sizes=\"auto, (max-width: 461px) 100vw, 461px\" \/><img data-recalc-dims=\"1\" loading=\"lazy\" decoding=\"async\" class=\"aligncenter wp-image-84235 size-large\" src=\"https:\/\/i0.wp.com\/ismaelcolosi.com.br\/wp-content\/uploads\/2025\/04\/como-agendar-entrevista-de-emprego-paschoalotto-vaga-primeiro-emprego-ismael-colosi-rp-8.jpeg?resize=461%2C1024&#038;ssl=1\" alt=\"\" width=\"461\" height=\"1024\" srcset=\"https:\/\/i0.wp.com\/ismaelcolosi.com.br\/wp-content\/uploads\/2025\/04\/como-agendar-entrevista-de-emprego-paschoalotto-vaga-primeiro-emprego-ismael-colosi-rp-8.jpeg?resize=461%2C1024&amp;ssl=1 461w, https:\/\/i0.wp.com\/ismaelcolosi.com.br\/wp-content\/uploads\/2025\/04\/como-agendar-entrevista-de-emprego-paschoalotto-vaga-primeiro-emprego-ismael-colosi-rp-8.jpeg?resize=135%2C300&amp;ssl=1 135w, https:\/\/i0.wp.com\/ismaelcolosi.com.br\/wp-content\/uploads\/2025\/04\/como-agendar-entrevista-de-emprego-paschoalotto-vaga-primeiro-emprego-ismael-colosi-rp-8.jpeg?resize=691%2C1536&amp;ssl=1 691w, https:\/\/i0.wp.com\/ismaelcolosi.com.br\/wp-content\/uploads\/2025\/04\/como-agendar-entrevista-de-emprego-paschoalotto-vaga-primeiro-emprego-ismael-colosi-rp-8.jpeg?w=720&amp;ssl=1 720w\" sizes=\"auto, (max-width: 461px) 100vw, 461px\" \/><img data-recalc-dims=\"1\" loading=\"lazy\" decoding=\"async\" class=\"aligncenter wp-image-84234 size-large\" src=\"https:\/\/i0.wp.com\/ismaelcolosi.com.br\/wp-content\/uploads\/2025\/04\/como-agendar-entrevista-de-emprego-paschoalotto-vaga-primeiro-emprego-ismael-colosi-rp-9.jpeg?resize=461%2C1024&#038;ssl=1\" alt=\"\" width=\"461\" height=\"1024\" srcset=\"https:\/\/i0.wp.com\/ismaelcolosi.com.br\/wp-content\/uploads\/2025\/04\/como-agendar-entrevista-de-emprego-paschoalotto-vaga-primeiro-emprego-ismael-colosi-rp-9.jpeg?resize=461%2C1024&amp;ssl=1 461w, https:\/\/i0.wp.com\/ismaelcolosi.com.br\/wp-content\/uploads\/2025\/04\/como-agendar-entrevista-de-emprego-paschoalotto-vaga-primeiro-emprego-ismael-colosi-rp-9.jpeg?resize=135%2C300&amp;ssl=1 135w, https:\/\/i0.wp.com\/ismaelcolosi.com.br\/wp-content\/uploads\/2025\/04\/como-agendar-entrevista-de-emprego-paschoalotto-vaga-primeiro-emprego-ismael-colosi-rp-9.jpeg?resize=691%2C1536&amp;ssl=1 691w, https:\/\/i0.wp.com\/ismaelcolosi.com.br\/wp-content\/uploads\/2025\/04\/como-agendar-entrevista-de-emprego-paschoalotto-vaga-primeiro-emprego-ismael-colosi-rp-9.jpeg?w=720&amp;ssl=1 720w\" sizes=\"auto, (max-width: 461px) 100vw, 461px\" \/><\/li>\n<\/ol>\n<h2>Passo 5: Escolher a Modalidade da Entrevista<\/h2>\n<ol start=\"6\">\n<li><strong>Escolha a modalidade da entrevista (veja o exemplo na imagem)<\/strong>:\n<ul>\n<li><strong>Online<\/strong>: Realizada por videochamada.<\/li>\n<li><strong>Presencial<\/strong>: No local indicado.<\/li>\n<\/ul>\n<p>Exemplo:<\/p>\n<blockquote><p><strong>Voc\u00ea:<\/strong> Online<\/p>\n<p><img data-recalc-dims=\"1\" loading=\"lazy\" decoding=\"async\" class=\"aligncenter wp-image-84232 size-large\" src=\"https:\/\/i0.wp.com\/ismaelcolosi.com.br\/wp-content\/uploads\/2025\/04\/como-agendar-entrevista-de-emprego-paschoalotto-vaga-primeiro-emprego-ismael-colosi-rp-12.jpeg?resize=461%2C1024&#038;ssl=1\" alt=\"\" width=\"461\" height=\"1024\" srcset=\"https:\/\/i0.wp.com\/ismaelcolosi.com.br\/wp-content\/uploads\/2025\/04\/como-agendar-entrevista-de-emprego-paschoalotto-vaga-primeiro-emprego-ismael-colosi-rp-12.jpeg?resize=461%2C1024&amp;ssl=1 461w, https:\/\/i0.wp.com\/ismaelcolosi.com.br\/wp-content\/uploads\/2025\/04\/como-agendar-entrevista-de-emprego-paschoalotto-vaga-primeiro-emprego-ismael-colosi-rp-12.jpeg?resize=135%2C300&amp;ssl=1 135w, https:\/\/i0.wp.com\/ismaelcolosi.com.br\/wp-content\/uploads\/2025\/04\/como-agendar-entrevista-de-emprego-paschoalotto-vaga-primeiro-emprego-ismael-colosi-rp-12.jpeg?resize=691%2C1536&amp;ssl=1 691w, https:\/\/i0.wp.com\/ismaelcolosi.com.br\/wp-content\/uploads\/2025\/04\/como-agendar-entrevista-de-emprego-paschoalotto-vaga-primeiro-emprego-ismael-colosi-rp-12.jpeg?w=720&amp;ssl=1 720w\" sizes=\"auto, (max-width: 461px) 100vw, 461px\" \/><\/p>\n<p>&nbsp;<\/p><\/blockquote>\n<\/li>\n<\/ol>\n<h2>Passo 6: Receber os Detalhes do Agendamento<\/h2>\n<ol start=\"7\">\n<li><strong>Aguarde os detalhes da sua entrevista (veja o exemplo na imagem)<\/strong>, que incluir\u00e3o:<img data-recalc-dims=\"1\" loading=\"lazy\" decoding=\"async\" class=\"aligncenter wp-image-84231 size-large\" src=\"https:\/\/i0.wp.com\/ismaelcolosi.com.br\/wp-content\/uploads\/2025\/04\/como-agendar-entrevista-de-emprego-paschoalotto-vaga-primeiro-emprego-ismael-colosi-rp-13.jpeg?resize=461%2C1024&#038;ssl=1\" alt=\"\" width=\"461\" height=\"1024\" srcset=\"https:\/\/i0.wp.com\/ismaelcolosi.com.br\/wp-content\/uploads\/2025\/04\/como-agendar-entrevista-de-emprego-paschoalotto-vaga-primeiro-emprego-ismael-colosi-rp-13.jpeg?resize=461%2C1024&amp;ssl=1 461w, https:\/\/i0.wp.com\/ismaelcolosi.com.br\/wp-content\/uploads\/2025\/04\/como-agendar-entrevista-de-emprego-paschoalotto-vaga-primeiro-emprego-ismael-colosi-rp-13.jpeg?resize=135%2C300&amp;ssl=1 135w, https:\/\/i0.wp.com\/ismaelcolosi.com.br\/wp-content\/uploads\/2025\/04\/como-agendar-entrevista-de-emprego-paschoalotto-vaga-primeiro-emprego-ismael-colosi-rp-13.jpeg?resize=691%2C1536&amp;ssl=1 691w, https:\/\/i0.wp.com\/ismaelcolosi.com.br\/wp-content\/uploads\/2025\/04\/como-agendar-entrevista-de-emprego-paschoalotto-vaga-primeiro-emprego-ismael-colosi-rp-13.jpeg?w=720&amp;ssl=1 720w\" sizes=\"auto, (max-width: 461px) 100vw, 461px\" \/><br \/>\n<blockquote><p>\ud83d\udd17 <a class=\"\" href=\"https:\/\/meet.google.com\/siv-oikz-gks\" target=\"_blank\" rel=\"noopener noreferrer\">Clique aqui para participar da entrevista<\/a><\/p><\/blockquote>\n<\/li>\n<\/ol>\n<h2>Passo 7: Confirmar a Participa\u00e7\u00e3o<\/h2>\n<ol start=\"8\">\n<li><strong>Confirme sua participa\u00e7\u00e3o (veja o exemplo na imagem)<\/strong> na entrevista. O atendente perguntar\u00e1 se voc\u00ea pode confirmar.Exemplo:<br \/>\n<blockquote><p><strong>Voc\u00ea:<\/strong> Confirmar<\/p>\n<p><img data-recalc-dims=\"1\" loading=\"lazy\" decoding=\"async\" class=\"aligncenter wp-image-84230 size-large\" src=\"https:\/\/i0.wp.com\/ismaelcolosi.com.br\/wp-content\/uploads\/2025\/04\/como-agendar-entrevista-de-emprego-paschoalotto-vaga-primeiro-emprego-ismael-colosi-rp-14.jpeg?resize=461%2C1024&#038;ssl=1\" alt=\"\" width=\"461\" height=\"1024\" srcset=\"https:\/\/i0.wp.com\/ismaelcolosi.com.br\/wp-content\/uploads\/2025\/04\/como-agendar-entrevista-de-emprego-paschoalotto-vaga-primeiro-emprego-ismael-colosi-rp-14.jpeg?resize=461%2C1024&amp;ssl=1 461w, https:\/\/i0.wp.com\/ismaelcolosi.com.br\/wp-content\/uploads\/2025\/04\/como-agendar-entrevista-de-emprego-paschoalotto-vaga-primeiro-emprego-ismael-colosi-rp-14.jpeg?resize=135%2C300&amp;ssl=1 135w, https:\/\/i0.wp.com\/ismaelcolosi.com.br\/wp-content\/uploads\/2025\/04\/como-agendar-entrevista-de-emprego-paschoalotto-vaga-primeiro-emprego-ismael-colosi-rp-14.jpeg?resize=691%2C1536&amp;ssl=1 691w, https:\/\/i0.wp.com\/ismaelcolosi.com.br\/wp-content\/uploads\/2025\/04\/como-agendar-entrevista-de-emprego-paschoalotto-vaga-primeiro-emprego-ismael-colosi-rp-14.jpeg?w=720&amp;ssl=1 720w\" sizes=\"auto, (max-width: 461px) 100vw, 461px\" \/><\/p><\/blockquote>\n<\/li>\n<\/ol>\n<h2>Passo 8: Finaliza\u00e7\u00e3o<\/h2>\n<ol start=\"9\">\n<li><strong>Aguarde a confirma\u00e7\u00e3o da sua presen\u00e7a (veja o exemplo na imagem)<\/strong>. Voc\u00ea receber\u00e1 uma mensagem de agradecimento.Exemplo:<br \/>\n<blockquote><p><strong>Paschoalotto:<\/strong> Presen\u00e7a confirmada! Estamos ansiosos para te conhecer melhor.<\/p>\n<p><img data-recalc-dims=\"1\" loading=\"lazy\" decoding=\"async\" class=\"aligncenter wp-image-84230 size-large\" src=\"https:\/\/i0.wp.com\/ismaelcolosi.com.br\/wp-content\/uploads\/2025\/04\/como-agendar-entrevista-de-emprego-paschoalotto-vaga-primeiro-emprego-ismael-colosi-rp-14.jpeg?resize=461%2C1024&#038;ssl=1\" alt=\"\" width=\"461\" height=\"1024\" srcset=\"https:\/\/i0.wp.com\/ismaelcolosi.com.br\/wp-content\/uploads\/2025\/04\/como-agendar-entrevista-de-emprego-paschoalotto-vaga-primeiro-emprego-ismael-colosi-rp-14.jpeg?resize=461%2C1024&amp;ssl=1 461w, https:\/\/i0.wp.com\/ismaelcolosi.com.br\/wp-content\/uploads\/2025\/04\/como-agendar-entrevista-de-emprego-paschoalotto-vaga-primeiro-emprego-ismael-colosi-rp-14.jpeg?resize=135%2C300&amp;ssl=1 135w, https:\/\/i0.wp.com\/ismaelcolosi.com.br\/wp-content\/uploads\/2025\/04\/como-agendar-entrevista-de-emprego-paschoalotto-vaga-primeiro-emprego-ismael-colosi-rp-14.jpeg?resize=691%2C1536&amp;ssl=1 691w, https:\/\/i0.wp.com\/ismaelcolosi.com.br\/wp-content\/uploads\/2025\/04\/como-agendar-entrevista-de-emprego-paschoalotto-vaga-primeiro-emprego-ismael-colosi-rp-14.jpeg?w=720&amp;ssl=1 720w\" sizes=\"auto, (max-width: 461px) 100vw, 461px\" \/><\/p><\/blockquote>\n<\/li>\n<\/ol>\n<h2>Passo 9: Mande mensagem agora e marque sua entrevista<\/h2>\n<ol start=\"10\">\n<li><strong>Chame agora no Whatsapp da Paschoalloto e marque sua entrevista para a vaga ou est\u00e1gio <\/strong>pelo WhatsApp clicando <a href=\"https:\/\/api.whatsapp.com\/send?phone=5516988443998&amp;text=Ol%C3%A1%2C%20estou%20aqui%20para%20agendar%20entrevista%3B%20vim%20pela%20indica%C3%A7%C3%A3o%20de%20Ismael%20Colosi.%20\" target=\"_blank\" rel=\"noopener\">aqui<\/a>\u00a0ou aqui <a href=\"https:\/\/otieu.com\/4\/9273740\" target=\"_blank\" rel=\"noopener\">5516988443998<\/a><\/li>\n<\/ol>\n<div class='code-block code-block-4' style='margin: 8px auto 8px 0; text-align: left; display: block; clear: both;'>\n\ud83d\udce2 Aviso Legal\n\nO site ismaelcolosi.com.br atua apenas como um canal de divulga\u00e7\u00e3o de oportunidades de emprego e n\u00e3o se responsabiliza pelo processo seletivo, contrata\u00e7\u00e3o ou qualquer outra etapa relacionada \u00e0s vagas publicadas. Todas as informa\u00e7\u00f5es s\u00e3o de responsabilidade dos anunciantes.\n\n\u26a0\ufe0f Aten\u00e7\u00e3o! Nunca pague por promessas de emprego nem compre cursos que garantam contrata\u00e7\u00e3o. Desconfie de qualquer cobran\u00e7a para participar de sele\u00e7\u00f5es.\n\n\n\n<\/div>\n<!-- CONTENT END 1 -->\n","protected":false},"excerpt":{"rendered":"<p>Passo a Passo para Agendar uma Entrevista na Paschoalotto Vaga para AUXILIAR DE COBRAN\u00c7A As principais atividades da vaga s\u00e3o: * Realizar cobran\u00e7a de pessoa f\u00edsica e jur\u00eddica. * Estabelecer um di\u00e1logo com o cliente para resolver qualquer tipo de dificuldade e promover uma solu\u00e7\u00e3o efetiva para fechar a negocia\u00e7\u00e3o. * Enviar boletos banc\u00e1rios com&hellip;&nbsp;<\/p>\n","protected":false},"author":1,"featured_media":84269,"comment_status":"open","ping_status":"open","sticky":false,"template":"","format":"standard","meta":{"_uag_custom_page_level_css":"","neve_meta_sidebar":"","neve_meta_container":"","neve_meta_enable_content_width":"","neve_meta_content_width":0,"neve_meta_title_alignment":"","neve_meta_author_avatar":"","neve_post_elements_order":"","neve_meta_disable_header":"","neve_meta_disable_footer":"","neve_meta_disable_title":"","_jetpack_newsletter_access":"","_jetpack_dont_email_post_to_subs":false,"_jetpack_newsletter_tier_id":0,"_jetpack_memberships_contains_paywalled_content":false,"_jetpack_memberships_contains_paid_content":false,"footnotes":""},"categories":[1,1220,7],"tags":[],"class_list":["post-84264","post","type-post","status-publish","format-standard","has-post-thumbnail","hentry","category-blog","category-dicas-e-utilidades-publicas","category-vagas-de-empregos-em-ribeirao-preto-regiao-brasil"],"uagb_featured_image_src":{"full":["https:\/\/i0.wp.com\/ismaelcolosi.com.br\/wp-content\/uploads\/2025\/04\/entrevista-estagio-emprego-jovem-ribeirao-preto-ismael-colosi.jpg?fit=500%2C293&ssl=1",500,293,false],"thumbnail":["https:\/\/i0.wp.com\/ismaelcolosi.com.br\/wp-content\/uploads\/2025\/04\/entrevista-estagio-emprego-jovem-ribeirao-preto-ismael-colosi.jpg?resize=150%2C150&ssl=1",150,150,true],"medium":["https:\/\/i0.wp.com\/ismaelcolosi.com.br\/wp-content\/uploads\/2025\/04\/entrevista-estagio-emprego-jovem-ribeirao-preto-ismael-colosi.jpg?fit=300%2C176&ssl=1",300,176,true],"medium_large":["https:\/\/i0.wp.com\/ismaelcolosi.com.br\/wp-content\/uploads\/2025\/04\/entrevista-estagio-emprego-jovem-ribeirao-preto-ismael-colosi.jpg?fit=500%2C293&ssl=1",500,293,true],"large":["https:\/\/i0.wp.com\/ismaelcolosi.com.br\/wp-content\/uploads\/2025\/04\/entrevista-estagio-emprego-jovem-ribeirao-preto-ismael-colosi.jpg?fit=500%2C293&ssl=1",500,293,true],"1536x1536":["https:\/\/i0.wp.com\/ismaelcolosi.com.br\/wp-content\/uploads\/2025\/04\/entrevista-estagio-emprego-jovem-ribeirao-preto-ismael-colosi.jpg?fit=500%2C293&ssl=1",500,293,true],"2048x2048":["https:\/\/i0.wp.com\/ismaelcolosi.com.br\/wp-content\/uploads\/2025\/04\/entrevista-estagio-emprego-jovem-ribeirao-preto-ismael-colosi.jpg?fit=500%2C293&ssl=1",500,293,true],"neve-blog":["https:\/\/i0.wp.com\/ismaelcolosi.com.br\/wp-content\/uploads\/2025\/04\/entrevista-estagio-emprego-jovem-ribeirao-preto-ismael-colosi.jpg?resize=500%2C293&ssl=1",500,293,true]},"uagb_author_info":{"display_name":"ismaelcolosi.com.br","author_link":"https:\/\/ismaelcolosi.com.br\/author\/vidareal-online\/"},"uagb_comment_info":0,"uagb_excerpt":"Passo a Passo para Agendar uma Entrevista na Paschoalotto Vaga para AUXILIAR DE COBRAN\u00c7A As principais atividades da vaga s\u00e3o: * Realizar cobran\u00e7a de pessoa f\u00edsica e jur\u00eddica. * Estabelecer um di\u00e1logo com o cliente para resolver qualquer tipo de dificuldade e promover uma solu\u00e7\u00e3o efetiva para fechar a negocia\u00e7\u00e3o. * Enviar boletos banc\u00e1rios com&hellip;&nbsp;","jetpack-related-posts":[{"id":84263,"url":"https:\/\/ismaelcolosi.com.br\/index.php\/2025\/04\/04\/passo-a-passo-para-agendar-uma-entrevista-na-paschoalotto-de-ribeirao-preto-sp-2\/","url_meta":{"origin":84264,"position":0},"title":"Passo a Passo (com imagens) para voc\u00ea Agendar Entrevista para vaga de  AUXILIAR DE COBRAN\u00c7A com carga hor\u00e1ria de 6h por dia","author":"ismaelcolosi.com.br","date":"4 de Abril de 2025","format":false,"excerpt":"Passo a Passo para Agendar uma Entrevista na Paschoalotto Vaga para AUXILIAR DE COBRAN\u00c7A As principais atividades da vaga s\u00e3o: * Realizar cobran\u00e7a de pessoa f\u00edsica e jur\u00eddica. * Estabelecer um di\u00e1logo com o cliente para resolver qualquer tipo de dificuldade e promover uma solu\u00e7\u00e3o efetiva para fechar a negocia\u00e7\u00e3o.\u2026","rel":"","context":"In &quot;Blog&quot;","block_context":{"text":"Blog","link":"https:\/\/ismaelcolosi.com.br\/index.php\/category\/blog\/"},"img":{"alt_text":"","src":"https:\/\/i0.wp.com\/ismaelcolosi.com.br\/wp-content\/uploads\/2025\/04\/como-agendar-entrevista-de-emprego-paschoalotto-vaga-primeiro-emprego-ismael-colosi-rp-1-503x1024.jpeg?resize=350%2C200&ssl=1","width":350,"height":200},"classes":[]},{"id":84229,"url":"https:\/\/ismaelcolosi.com.br\/index.php\/2025\/04\/03\/passo-a-passo-para-agendar-uma-entrevista-na-paschoalotto-de-ribeirao-preto-sp\/","url_meta":{"origin":84264,"position":1},"title":"Passo a Passo (com imagens) para Agendar uma Entrevista na Paschoalotto de Ribeir\u00e3o Preto-SP","author":"ismaelcolosi.com.br","date":"3 de Abril de 2025","format":false,"excerpt":"Passo a Passo para Agendar uma Entrevista na Paschoalotto Vaga para AUXILIAR DE COBRAN\u00c7A As principais atividades da vaga s\u00e3o: * Realizar cobran\u00e7a de pessoa f\u00edsica e jur\u00eddica. * Estabelecer um di\u00e1logo com o cliente para resolver qualquer tipo de dificuldade e promover uma solu\u00e7\u00e3o efetiva para fechar a negocia\u00e7\u00e3o.\u2026","rel":"","context":"In &quot;Blog&quot;","block_context":{"text":"Blog","link":"https:\/\/ismaelcolosi.com.br\/index.php\/category\/blog\/"},"img":{"alt_text":"","src":"https:\/\/i0.wp.com\/ismaelcolosi.com.br\/wp-content\/uploads\/2025\/04\/entrevista-emprego-ribeirao-preto-ismael-colosi.jpg?fit=1200%2C675&ssl=1&resize=350%2C200","width":350,"height":200,"srcset":"https:\/\/i0.wp.com\/ismaelcolosi.com.br\/wp-content\/uploads\/2025\/04\/entrevista-emprego-ribeirao-preto-ismael-colosi.jpg?fit=1200%2C675&ssl=1&resize=350%2C200 1x, https:\/\/i0.wp.com\/ismaelcolosi.com.br\/wp-content\/uploads\/2025\/04\/entrevista-emprego-ribeirao-preto-ismael-colosi.jpg?fit=1200%2C675&ssl=1&resize=525%2C300 1.5x, https:\/\/i0.wp.com\/ismaelcolosi.com.br\/wp-content\/uploads\/2025\/04\/entrevista-emprego-ribeirao-preto-ismael-colosi.jpg?fit=1200%2C675&ssl=1&resize=700%2C400 2x, https:\/\/i0.wp.com\/ismaelcolosi.com.br\/wp-content\/uploads\/2025\/04\/entrevista-emprego-ribeirao-preto-ismael-colosi.jpg?fit=1200%2C675&ssl=1&resize=1050%2C600 3x"},"classes":[]},{"id":91297,"url":"https:\/\/ismaelcolosi.com.br\/index.php\/2026\/08\/11\/recepcionista-de-clinica-medica-presencial-r-3-000-a-r-3-500-ensino-medio\/","url_meta":{"origin":84264,"position":2},"title":"Recepcionista de Cl\u00ednica M\u00e9dica &#8211; Presencial \u2013 R$ 3.000 a R$ 3.500 \u2013 Ensino M\u00e9dio","author":"ismaelcolosi.com.br","date":"11 de Agosto de 2026","format":false,"excerpt":"\ud83c\udfaf P\u00fablico-alvo: Profissionais com ensino m\u00e9dio completo, experi\u00eancia obrigat\u00f3ria em recep\u00e7\u00e3o de clientes, com excelente comunica\u00e7\u00e3o, organiza\u00e7\u00e3o e perfil acolhedor. Buscamos uma recepcionista para atuar em cl\u00ednica m\u00e9dica em Ribeir\u00e3o Preto-SP, com hor\u00e1rio das 10h \u00e0s 18h, sal\u00e1rio de R$ 3.000 + adicionais. Ismael ColosiHeadhunter | R&S | Vagas Home\u2026","rel":"","context":"In &quot;Vagas de Emprego em Ribeir\u00e3o Preto-SP&quot;","block_context":{"text":"Vagas de Emprego em Ribeir\u00e3o Preto-SP","link":"https:\/\/ismaelcolosi.com.br\/index.php\/category\/empregos-classificados-vagas-trabalho\/vagas-de-empregos-em-ribeirao-preto-regiao-brasil\/"},"img":{"alt_text":"","src":"https:\/\/i0.wp.com\/ismaelcolosi.com.br\/wp-content\/uploads\/2023\/11\/vagas-de-emprego-recepcionista.png?fit=922%2C504&ssl=1&resize=350%2C200","width":350,"height":200,"srcset":"https:\/\/i0.wp.com\/ismaelcolosi.com.br\/wp-content\/uploads\/2023\/11\/vagas-de-emprego-recepcionista.png?fit=922%2C504&ssl=1&resize=350%2C200 1x, https:\/\/i0.wp.com\/ismaelcolosi.com.br\/wp-content\/uploads\/2023\/11\/vagas-de-emprego-recepcionista.png?fit=922%2C504&ssl=1&resize=525%2C300 1.5x, https:\/\/i0.wp.com\/ismaelcolosi.com.br\/wp-content\/uploads\/2023\/11\/vagas-de-emprego-recepcionista.png?fit=922%2C504&ssl=1&resize=700%2C400 2x"},"classes":[]},{"id":86680,"url":"https:\/\/ismaelcolosi.com.br\/index.php\/2025\/07\/17\/vaga-ambev-ribeirao-preto\/","url_meta":{"origin":84264,"position":3},"title":"Entrevista para Motorista na Ambev de Ribeir\u00e3o Preto, dia 22\/07 com sal\u00e1rio de R$2.430,50, veja agora","author":"ismaelcolosi.com.br","date":"17 de Julho de 2025","format":false,"excerpt":"\ud83d\ude9a\u00a0Oportunidade Imperd\u00edvel: Conquiste Seu Futuro como Motorista de Caminh\u00e3o em Ribeir\u00e3o Preto!\u00a0\ud83d\udcb0 Voc\u00ea est\u00e1 pronto para dar um grande passo na sua carreira? Uma das vagas mais cobi\u00e7adas da regi\u00e3o acaba de abrir e pode ser a sua chance de brilhar! Sal\u00e1rio Atrativo e Benef\u00edcios Imperd\u00edveis! Imagine-se recebendo R$2.430,50 todo\u2026","rel":"","context":"In &quot;Entrevistas agendadas para hoje em Ribeir\u00e3o Preto-SP&quot;","block_context":{"text":"Entrevistas agendadas para hoje em Ribeir\u00e3o Preto-SP","link":"https:\/\/ismaelcolosi.com.br\/index.php\/category\/empregos-classificados-vagas-trabalho\/vagas-de-empregos-em-ribeirao-preto-regiao-brasil\/entrevistas-agendadas-para-hoje-em-ribeirao-preto-sp\/"},"img":{"alt_text":"","src":"https:\/\/i0.wp.com\/ismaelcolosi.com.br\/wp-content\/uploads\/2025\/04\/entrevista-emprego-ribeirao-preto-ismael-colosi.jpg?fit=1200%2C675&ssl=1&resize=350%2C200","width":350,"height":200,"srcset":"https:\/\/i0.wp.com\/ismaelcolosi.com.br\/wp-content\/uploads\/2025\/04\/entrevista-emprego-ribeirao-preto-ismael-colosi.jpg?fit=1200%2C675&ssl=1&resize=350%2C200 1x, https:\/\/i0.wp.com\/ismaelcolosi.com.br\/wp-content\/uploads\/2025\/04\/entrevista-emprego-ribeirao-preto-ismael-colosi.jpg?fit=1200%2C675&ssl=1&resize=525%2C300 1.5x, https:\/\/i0.wp.com\/ismaelcolosi.com.br\/wp-content\/uploads\/2025\/04\/entrevista-emprego-ribeirao-preto-ismael-colosi.jpg?fit=1200%2C675&ssl=1&resize=700%2C400 2x, https:\/\/i0.wp.com\/ismaelcolosi.com.br\/wp-content\/uploads\/2025\/04\/entrevista-emprego-ribeirao-preto-ismael-colosi.jpg?fit=1200%2C675&ssl=1&resize=1050%2C600 3x"},"classes":[]},{"id":91605,"url":"https:\/\/ismaelcolosi.com.br\/index.php\/2026\/08\/27\/estagiario-salario-r-1-04500-presencial-ribeirao-preto-sp\/","url_meta":{"origin":84264,"position":4},"title":"Estagi\u00e1rio \u2013 Sal\u00e1rio R$ 1.045,00 \u2013 Presencial \u2013 Ribeir\u00e3o Preto\/SP","author":"Arthur Tijolo","date":"27 de Agosto de 2026","format":false,"excerpt":"\u270d\ufe0f Ismael ColosiHeadhunter | R&S | Mutir\u00e3o do Emprego Especialista em recrutamento e sele\u00e7\u00e3o com mais de 10 anos de experi\u00eancia. Headhunter com atua\u00e7\u00e3o em Ribeir\u00e3o Preto-SP e todo Brasil; fundador e presidente do iBEE - Instituto Brasileiro do Emprego e Empreendedorismo. \ud83d\udd17 LinkedIn \ud83d\udcf8 Instagram \ud83d\udc4d Facebook \ud83c\udf3f Linktree\u2026","rel":"","context":"In &quot;Vagas de Emprego em Ribeir\u00e3o Preto-SP&quot;","block_context":{"text":"Vagas de Emprego em Ribeir\u00e3o Preto-SP","link":"https:\/\/ismaelcolosi.com.br\/index.php\/category\/empregos-classificados-vagas-trabalho\/vagas-de-empregos-em-ribeirao-preto-regiao-brasil\/"},"img":{"alt_text":"","src":"https:\/\/i0.wp.com\/ismaelcolosi.com.br\/wp-content\/uploads\/2026\/04\/20250606_1059_Megafone-Laranja_remix_01jx2rk1areryt71kxfrzvrcwq.png?fit=800%2C1200&ssl=1&resize=350%2C200","width":350,"height":200,"srcset":"https:\/\/i0.wp.com\/ismaelcolosi.com.br\/wp-content\/uploads\/2026\/04\/20250606_1059_Megafone-Laranja_remix_01jx2rk1areryt71kxfrzvrcwq.png?fit=800%2C1200&ssl=1&resize=350%2C200 1x, https:\/\/i0.wp.com\/ismaelcolosi.com.br\/wp-content\/uploads\/2026\/04\/20250606_1059_Megafone-Laranja_remix_01jx2rk1areryt71kxfrzvrcwq.png?fit=800%2C1200&ssl=1&resize=525%2C300 1.5x, https:\/\/i0.wp.com\/ismaelcolosi.com.br\/wp-content\/uploads\/2026\/04\/20250606_1059_Megafone-Laranja_remix_01jx2rk1areryt71kxfrzvrcwq.png?fit=800%2C1200&ssl=1&resize=700%2C400 2x"},"classes":[]},{"id":91248,"url":"https:\/\/ismaelcolosi.com.br\/index.php\/2026\/08\/10\/secretaria-presencial-ribeirao-preto-sp-r-2-100-beneficios\/","url_meta":{"origin":84264,"position":5},"title":"Secret\u00e1ria &#8211; Presencial \u2013 Ribeir\u00e3o Preto\/SP \u2013 R$ 2.100 + benef\u00edcios\u00a0","author":"ismaelcolosi.com.br","date":"10 de Agosto de 2026","format":false,"excerpt":"\u00a0 \u270d\ufe0f Ismael ColosiHeadhunter | R&S | Mutir\u00e3o do Emprego Especialista em recrutamento e sele\u00e7\u00e3o com mais de 10 anos de experi\u00eancia. Headhunter com atua\u00e7\u00e3o em Ribeir\u00e3o Preto-SP e todo Brasil; fundador e presidente do iBEE - Instituto Brasileiro do Emprego e Empreendedorismo. \ud83d\udd17 LinkedIn \ud83d\udcf8 Instagram \ud83d\udc4d Facebook \ud83c\udf3f\u2026","rel":"","context":"In &quot;Vagas de Emprego em Ribeir\u00e3o Preto-SP&quot;","block_context":{"text":"Vagas de Emprego em Ribeir\u00e3o Preto-SP","link":"https:\/\/ismaelcolosi.com.br\/index.php\/category\/empregos-classificados-vagas-trabalho\/vagas-de-empregos-em-ribeirao-preto-regiao-brasil\/"},"img":{"alt_text":"","src":"https:\/\/i0.wp.com\/ismaelcolosi.com.br\/wp-content\/uploads\/2026\/04\/1777490136_ISMAEL2BCOLOSI2BVAGA2BVAGA2BISMAEL2BCOLOSI2BVAGA2BVAGA2BISMAEL2BCOLOSI2BVAGA2BVAGA2BISMAEL2BCOLOSI2BVAGA2BVAGA.jpg?fit=960%2C960&ssl=1&resize=350%2C200","width":350,"height":200,"srcset":"https:\/\/i0.wp.com\/ismaelcolosi.com.br\/wp-content\/uploads\/2026\/04\/1777490136_ISMAEL2BCOLOSI2BVAGA2BVAGA2BISMAEL2BCOLOSI2BVAGA2BVAGA2BISMAEL2BCOLOSI2BVAGA2BVAGA2BISMAEL2BCOLOSI2BVAGA2BVAGA.jpg?fit=960%2C960&ssl=1&resize=350%2C200 1x, https:\/\/i0.wp.com\/ismaelcolosi.com.br\/wp-content\/uploads\/2026\/04\/1777490136_ISMAEL2BCOLOSI2BVAGA2BVAGA2BISMAEL2BCOLOSI2BVAGA2BVAGA2BISMAEL2BCOLOSI2BVAGA2BVAGA2BISMAEL2BCOLOSI2BVAGA2BVAGA.jpg?fit=960%2C960&ssl=1&resize=525%2C300 1.5x, https:\/\/i0.wp.com\/ismaelcolosi.com.br\/wp-content\/uploads\/2026\/04\/1777490136_ISMAEL2BCOLOSI2BVAGA2BVAGA2BISMAEL2BCOLOSI2BVAGA2BVAGA2BISMAEL2BCOLOSI2BVAGA2BVAGA2BISMAEL2BCOLOSI2BVAGA2BVAGA.jpg?fit=960%2C960&ssl=1&resize=700%2C400 2x"},"classes":[]}],"jetpack_sharing_enabled":true,"jetpack_shortlink":"https:\/\/wp.me\/pfMlyK-lV6","jetpack_featured_media_url":"https:\/\/i0.wp.com\/ismaelcolosi.com.br\/wp-content\/uploads\/2025\/04\/entrevista-estagio-emprego-jovem-ribeirao-preto-ismael-colosi.jpg?fit=500%2C293&ssl=1","_links":{"self":[{"href":"https:\/\/ismaelcolosi.com.br\/index.php\/wp-json\/wp\/v2\/posts\/84264","targetHints":{"allow":["GET"]}}],"collection":[{"href":"https:\/\/ismaelcolosi.com.br\/index.php\/wp-json\/wp\/v2\/posts"}],"about":[{"href":"https:\/\/ismaelcolosi.com.br\/index.php\/wp-json\/wp\/v2\/types\/post"}],"author":[{"embeddable":true,"href":"https:\/\/ismaelcolosi.com.br\/index.php\/wp-json\/wp\/v2\/users\/1"}],"replies":[{"embeddable":true,"href":"https:\/\/ismaelcolosi.com.br\/index.php\/wp-json\/wp\/v2\/comments?post=84264"}],"version-history":[{"count":4,"href":"https:\/\/ismaelcolosi.com.br\/index.php\/wp-json\/wp\/v2\/posts\/84264\/revisions"}],"predecessor-version":[{"id":85965,"href":"https:\/\/ismaelcolosi.com.br\/index.php\/wp-json\/wp\/v2\/posts\/84264\/revisions\/85965"}],"wp:featuredmedia":[{"embeddable":true,"href":"https:\/\/ismaelcolosi.com.br\/index.php\/wp-json\/wp\/v2\/media\/84269"}],"wp:attachment":[{"href":"https:\/\/ismaelcolosi.com.br\/index.php\/wp-json\/wp\/v2\/media?parent=84264"}],"wp:term":[{"taxonomy":"category","embeddable":true,"href":"https:\/\/ismaelcolosi.com.br\/index.php\/wp-json\/wp\/v2\/categories?post=84264"},{"taxonomy":"post_tag","embeddable":true,"href":"https:\/\/ismaelcolosi.com.br\/index.php\/wp-json\/wp\/v2\/tags?post=84264"}],"curies":[{"name":"wp","href":"https:\/\/api.w.org\/{rel}","templated":true}]}}