{"id":84173,"date":"2025-04-01T05:04:30","date_gmt":"2025-04-01T08:04:30","guid":{"rendered":"https:\/\/ismaelcolosi.com.br\/index.php\/2025\/04\/01\/o-que-medalhistas-ensinam-sobre-sucesso\/"},"modified":"2025-04-01T05:04:30","modified_gmt":"2025-04-01T08:04:30","slug":"o-que-medalhistas-ensinam-sobre-sucesso","status":"publish","type":"post","link":"https:\/\/ismaelcolosi.com.br\/index.php\/2025\/04\/01\/o-que-medalhistas-ensinam-sobre-sucesso\/","title":{"rendered":"o Que Medalhistas Ensinam sobre Sucesso"},"content":{"rendered":"<p> <br \/>\n<\/p>\n<div>\n<figure class=\"destaque wp-caption\">&#13;<br \/>\n\t\t<img data-recalc-dims=\"1\" width=\"678\" height=\"452\" src=\"https:\/\/i0.wp.com\/forbes.com.br\/wp-content\/uploads\/2025\/03\/forbes-capa-mulheres-no-esporte-768x512.jpg?resize=678%2C452&#038;ssl=1\" class=\"attachment-medium_large size-medium_large wp-post-image\" alt=\"forbes capa mulheres no esporte\" decoding=\"async\" fetchpriority=\"high\"\/>\t\t<\/p>\n<p>Getty Images<\/p>\n<p>&#13;<figcaption class=\"wp-caption-text\">Rebeca Andrade, Rayssa Leal e Bia Souza s\u00e3o algumas das medalhistas que fizeram hist\u00f3ria em Paris 2024<\/figcaption>&#13;<br \/>\n\t<\/figure>\n<div class=\"accessibility\">\n<p>Acessibilidade<\/p>\n<p>&#13;<br \/>\n\t\t\t<button onclick=\"alterFont1()\" id=\"btn1\" class=\"btn\">L<\/button>&#13;<br \/>\n\t\t\t<button onclick=\"alterFont2()\" id=\"btn2\" class=\"btn\" style=\"font-family:Merriweather\">L<\/button>&#13;<br \/>\n\t\t\t<button onclick=\"alterFontSmallerSize()\" id=\"btn3\" class=\"btn\">A-<\/button>&#13;<br \/>\n\t\t\t<button onclick=\"alterFontBiggerSize()\" id=\"btn4\" class=\"btn\">A+<\/button>&#13;<br \/>\n\t\t\t<!--<button onclick='alterFontBolder()' id='btn5' class=\"btn\" >B<\/button>-->&#13;<br \/>\n\t\t\t<button onclick=\"alterBackground()\" id=\"btn6\" class=\"btn\">\u25d0<\/button>&#13;<br \/>\n\t\t\t<!--<button onclick='clean()' id='btn7' class=\"btn\" >Limpar<\/button>-->&#13;\n\t\t<\/p>\n<\/p><\/div>\n<p>\u00a0<\/p>\n<p>O impacto das <strong>mulheres no esporte<\/strong> nunca foi t\u00e3o grande \u2013 e os n\u00fameros comprovam isso. Segundo um relat\u00f3rio da consultoria Deloitte divulgado em mar\u00e7o, a receita global dos esportes femininos deve alcan\u00e7ar US$ 2,35 bilh\u00f5es (R$ 13,3 bilh\u00f5es) em 2025, um salto em rela\u00e7\u00e3o aos US$ 1,88 bilh\u00e3o (R$ 10,64 bilh\u00f5es) registrados no ano passado.<\/p>\n<p>Para al\u00e9m do crescimento financeiro, os dados refletem o impacto crescente das mulheres no esporte. Desde os holofotes com Paris 2024, quando a maioria dos medalhistas brasileiros foi de mulheres, as atletas viraram \u00edcones do p\u00fablico e mostraram o verdadeiro significado de sucesso em meio \u00e0s vit\u00f3rias e trajet\u00f3rias de supera\u00e7\u00e3o. \u201cEsse ciclo s\u00f3 me mostrou o qu\u00e3o forte eu sou. Sei que posso superar qualquer desafio se continuar disciplinada, motivada, sempre acreditando e buscando aquilo que quero\u201d, afirma a judoca<strong> Bia Souza<\/strong>, que levou ouro e bronze no ano passado.<\/p>\n<aside>\n<h2>Leia tamb\u00e9m<\/h2>\n<\/aside>\n<p>De <strong>Rebeca Andrade<\/strong>, que se tornou a maior campe\u00e3 ol\u00edmpica do Brasil ap\u00f3s superar m\u00faltiplas les\u00f5es ao longo da carreira, a <strong>Carol Santiago<\/strong>, que fez hist\u00f3ria na Paralimp\u00edada ao ganhar cinco medalhas aos 39 anos, as atletas mostraram que a vit\u00f3ria vai al\u00e9m do p\u00f3dio: \u00e9 sobre disciplina e persist\u00eancia. \u201cSe voc\u00ea tem um sonho ou uma meta, v\u00e1 atr\u00e1s. N\u00e3o aceite o n\u00e3o de ningu\u00e9m se esse \u2018n\u00e3o\u2019 n\u00e3o for seu\u201d, diz <strong>Bia Ferreira<\/strong>, medalhista de bronze no boxe.<\/p>\n<p>Para inspirar outras mulheres a perseguirem seus sonhos \u2013 dentro e fora do esporte \u2013, medalhistas de Paris 2024 compartilham as li\u00e7\u00f5es mais valiosas que aprenderam ao longo da carreira e os melhores conselhos para quem quer ir mais longe.<\/p>\n<div class=\"pksGallery\">\n<div class=\"stage\">\n                        <span class=\"back\"\/><br \/>\n                        <span class=\"next\"\/><\/p>\n<ul>&#13;<\/p>\n<li>&#13;\n<div>\n                            <span>&#13;<br \/>\n                                <img data-recalc-dims=\"1\" decoding=\"async\" src=\"https:\/\/i0.wp.com\/forbes.com.br\/wp-content\/uploads\/2025\/03\/rebeca-andrade-forbes.jpg?ssl=1\"\/>&#13;<\/p>\n<div class=\"credito_mobile\"><span class=\"credito\">Getty Images<\/span><\/p>\n<h3>Rebeca Andrade, gin\u00e1stica<\/h3>\n<p>\u201cA gente aprende todos os dias com as pessoas que est\u00e3o ao nosso redor. Aprendi muito ao longo de todos esses anos como atleta e como mulher. Desde pequena, aprendi a lidar com desafios, obst\u00e1culos, les\u00f5es, a controlar minhas emo\u00e7\u00f5es e a lutar pelos meus objetivos.<\/p>\n<p>Nunca estivemos t\u00e3o fortes como mulheres, mostrando nosso valor, conquistando espa\u00e7os, respeito e posi\u00e7\u00f5es que fazem com que tenhamos cada vez mais seguran\u00e7a e confian\u00e7a. Temos que acreditar em n\u00f3s mesmas e buscar objetivos para realizar novos sonhos.<\/p>\n<p>A vida \u00e9 feita de ciclos, e cada um deles \u00e9 uma oportunidade de construir a nossa hist\u00f3ria.\u201d<\/p>\n<\/div>\n<p>&#13;<br \/>\n                            <\/span>\n                        <\/div>\n<p>&#13;\n                    <\/li>\n<p>&#13;<\/p>\n<li>&#13;\n<div>\n                            <span>&#13;<br \/>\n                                <img data-recalc-dims=\"1\" decoding=\"async\" src=\"https:\/\/i0.wp.com\/forbes.com.br\/wp-content\/uploads\/2025\/03\/bia-souza-forbes.jpg?ssl=1\"\/>&#13;<\/p>\n<div class=\"credito_mobile\"><span class=\"credito\">Getty Images<\/span><\/p>\n<h3>Bia Souza, jud\u00f4<\/h3>\n<p>\u201cAo longo da minha carreira, aprendi que sou muito mais forte do que imaginava. Sei que posso superar qualquer desafio se eu continuar disciplinada, motivada, sempre acreditando e buscando aquilo que quero. Esse ciclo s\u00f3 me mostrou o qu\u00e3o forte eu sou.<\/p>\n<p>As mulheres precisam acreditar mais em si e na for\u00e7a que temos, porque somos capazes de conquistar qualquer coisa.\u201d<\/p>\n<\/div>\n<p>&#13;<br \/>\n                            <\/span>\n                        <\/div>\n<p>&#13;\n                    <\/li>\n<p>&#13;<\/p>\n<li>&#13;\n<div>\n                            <span>&#13;<br \/>\n                                <img data-recalc-dims=\"1\" decoding=\"async\" src=\"https:\/\/i0.wp.com\/forbes.com.br\/wp-content\/uploads\/2025\/03\/carol-santiago-forbes.jpg?ssl=1\"\/>&#13;<\/p>\n<div class=\"credito_mobile\"><span class=\"credito\">Getty Images<\/span><\/p>\n<h3>Carol Santiago, nata\u00e7\u00e3o<\/h3>\n<p>\u201cNo esporte de alto rendimento, voc\u00ea tem data e hora para subir no bloco e performar \u2014 n\u00e3o existem atalhos. Ou voc\u00ea faz tudo que \u00e9 preciso para vencer, ou aceita que algu\u00e9m mais preparado ocupar\u00e1 seu lugar.<\/p>\n<p>Acredite na sua for\u00e7a e nunca permita que questionem seu lugar. O caminho exige coragem, disciplina e paix\u00e3o, mas \u00e9 com esses pilares que voc\u00ea pode ir al\u00e9m do que jamais imaginou.\u201d<\/p>\n<\/div>\n<p>&#13;<br \/>\n                            <\/span>\n                        <\/div>\n<p>&#13;\n                    <\/li>\n<p>&#13;<\/p>\n<li>&#13;\n<div>\n                            <span>&#13;<br \/>\n                                <img data-recalc-dims=\"1\" decoding=\"async\" src=\"https:\/\/i0.wp.com\/forbes.com.br\/wp-content\/uploads\/2025\/03\/rayssa-leal-forbes.jpg?ssl=1\"\/>&#13;<\/p>\n<div class=\"credito_mobile\"><span class=\"credito\">Getty Images<\/span><\/p>\n<h3>Rayssa Leal, skate<\/h3>\n<p>\u201cApesar dos desafios, busco levar a vida com leveza, me divertir e estar sempre disposta a aprender para melhorar a cada dia. Meu conselho \u00e9 nunca desistir dos seus sonhos. Se cair, levanta e tenta de novo. Uma hora d\u00e1 certo.\u201d<\/p>\n<\/div>\n<p>&#13;<br \/>\n                            <\/span>\n                        <\/div>\n<p>&#13;\n                    <\/li>\n<p>&#13;<\/p>\n<li>&#13;<br \/>\n                            &#13;\n                        <\/li>\n<p>&#13;<\/p>\n<li>&#13;\n<div>\n                            <span>&#13;<br \/>\n                                <img data-recalc-dims=\"1\" decoding=\"async\" src=\"https:\/\/i0.wp.com\/forbes.com.br\/wp-content\/uploads\/2025\/03\/ana-patricia-forbes.jpg?ssl=1\"\/>&#13;<\/p>\n<div class=\"credito_mobile\"><span class=\"credito\">Getty Images<\/span><\/p>\n<h3>Ana Patr\u00edcia, v\u00f4lei de praia<\/h3>\n<p>\u201cNa minha carreira, o esporte me ensinou a acreditar que \u00e9 poss\u00edvel. Atrav\u00e9s do v\u00f4lei de praia, pude me encontrar, me sentir pertencente e boa em alguma coisa. \u00c0s vezes, a gente n\u00e3o est\u00e1 feliz, n\u00e3o est\u00e1 encontrando um caminho, \u00e9 muito nova, n\u00e3o tem o conhecimento que a vida vai trazendo, e se sente perdida, sem sa\u00edda, triste. Nesses momentos, acreditar que \u00e9 poss\u00edvel ajuda demais.<\/p>\n<p>Nunca podemos parar diante de cr\u00edticas, ofensas e preconceitos. N\u00f3s, mulheres, sempre precisamos provar que somos melhores para conquistar reconhecimento. Em muitas ocasi\u00f5es, v\u00e3o tentar nos parar e nos desacreditar. Vivi isso depois de T\u00f3quio nas redes sociais, com ofensas e at\u00e9 amea\u00e7as de quem nem me conhece. Tudo porque achavam que eu tinha que ter jogado melhor, ter ganho e n\u00e3o ter ficado em quinto lugar. Fiquei abalada, mas n\u00e3o desisti e segui em frente. Contei com o apoio de quem realmente importa: minha fam\u00edlia, amigos, minha equipe de trabalho e minha parceira, Duda.\u201d<\/p>\n<\/div>\n<p>&#13;<br \/>\n                            <\/span>\n                        <\/div>\n<p>&#13;\n                    <\/li>\n<p>&#13;<\/p>\n<li>&#13;\n<div>\n                            <span>&#13;<br \/>\n                                <img data-recalc-dims=\"1\" decoding=\"async\" src=\"https:\/\/i0.wp.com\/forbes.com.br\/wp-content\/uploads\/2025\/03\/bia-ferreira-forbes.jpg?ssl=1\"\/>&#13;<\/p>\n<div class=\"credito_mobile\"><span class=\"credito\"\/><\/p>\n<h3>Bia Ferreira, boxe<\/h3>\n<p>\u201cAprendi na minha carreira que nada \u00e9 f\u00e1cil, mas tudo acontece por uma raz\u00e3o. Uma das frases que vivo repetindo \u00e9 \u2018persistir, insistir e nunca desistir\u2019. Recebi muitos n\u00e3os, mas escolhi acreditar que no final tudo daria certo. \u00c9 importante acreditar no nosso trabalho e correr atr\u00e1s, porque as coisas n\u00e3o acontecem de m\u00e3o beijada. \u00c9 dif\u00edcil, por isso valorizamos cada segundo.<\/p>\n<p>Todas as batalhas que j\u00e1 enfrentei, tanto dentro quanto fora do ringue, valeram muito a pena, porque eu n\u00e3o aceitei o n\u00e3o de ningu\u00e9m. Tinha em mente que, se fosse para n\u00e3o dar certo, eu que tinha que decidir isso.<\/p>\n<p>Se voc\u00ea tem um sonho ou uma meta, v\u00e1 atr\u00e1s. N\u00e3o aceite o n\u00e3o de ningu\u00e9m se esse \u2018n\u00e3o\u2019 n\u00e3o for seu.\u201d<\/p>\n<\/div>\n<p>&#13;<br \/>\n                            <\/span>\n                        <\/div>\n<p>&#13;\n                    <\/li>\n<p>&#13;<\/p>\n<li>&#13;\n<div>\n                            <span>&#13;<br \/>\n                                <img data-recalc-dims=\"1\" decoding=\"async\" src=\"https:\/\/i0.wp.com\/forbes.com.br\/wp-content\/uploads\/2025\/03\/Roberta-Ratzke-forbes.jpg?ssl=1\"\/>&#13;<\/p>\n<div class=\"credito_mobile\"><span class=\"credito\">Getty Images<\/span><\/p>\n<h3>Roberta Ratzke, v\u00f4lei<\/h3>\n<p>\u201cAprendi que n\u00e3o somos fracas por estarmos vulner\u00e1veis. Quanto mais buscamos saber sobre n\u00f3s mesmas, mais entendemos os nossos limites e o quanto podemos e devemos nos posicionar. Tudo \u00e9 sobre entendimento. Com isso, criamos confian\u00e7a, sabemos onde podemos pisar firme e buscar o que queremos.<\/p>\n<p>Fico feliz em ser atleta e saber que algu\u00e9m veio antes de mim para que hoje eu possa estar fazendo o que amo. Sou grata por jogar um esporte coletivo e me ver rodeada de grandes mulheres tamb\u00e9m lutando pelo mesmo.\u201d<\/p>\n<\/div>\n<p>&#13;<br \/>\n                            <\/span>\n                        <\/div>\n<p>&#13;\n                    <\/li>\n<p>&#13;<br \/>\n                    &#13;\n                        <\/ul>\n<\/p><\/div>\n<div class=\"description\">\n                        <span class=\"credito\">Getty Images<\/span><\/p>\n<h3>Rebeca Andrade, gin\u00e1stica<\/h3>\n<p>\u201cA gente aprende todos os dias com as pessoas que est\u00e3o ao nosso redor. Aprendi muito ao longo de todos esses anos como atleta e como mulher. Desde pequena, aprendi a lidar com desafios, obst\u00e1culos, les\u00f5es, a controlar minhas emo\u00e7\u00f5es e a lutar pelos meus objetivos.<\/p>\n<p>Nunca estivemos t\u00e3o fortes como mulheres, mostrando nosso valor, conquistando espa\u00e7os, respeito e posi\u00e7\u00f5es que fazem com que tenhamos cada vez mais seguran\u00e7a e confian\u00e7a. Temos que acreditar em n\u00f3s mesmas e buscar objetivos para realizar novos sonhos.<\/p>\n<p>A vida \u00e9 feita de ciclos, e cada um deles \u00e9 uma oportunidade de construir a nossa hist\u00f3ria.\u201d<\/p>\n<\/p><\/div>\n<\/p><\/div>\n<aside>\n<h2>Escolhas do editor<\/h2>\n<\/aside>\n<div class=\"follow-us\">Siga o canal da <a href=\"https:\/\/whatsapp.com\/channel\/0029Va9gQKwBFLgM96cJnu0u\" target=\"_blank\" rel=\"noopener noreferrer nofollow\" title=\"Grupo da Forbes no WhatsApp\">Forbes<\/a> no WhatsApp e receba as principais not\u00edcias de empreendedorismo, carreira, tecnologia, agro e lifestyle.<\/div>\n<\/p><\/div>\n<p><script data-debloat-delay=\"1\" type=\"text\/debloat-script\">\n\t\t\t\t(function(d, s, id){\n\t\t\t\t\tvar js, fjs = d.getElementsByTagName(s)[0];\n\t\t\t\t\tif (d.getElementById(id)) return;\n\t\t\t\t\tjs = d.createElement(s); js.id = id;\n\t\t\t\t\tjs.src = \"\/\/connect.facebook.net\/pt_BR\/sdk.js#xfbml=1&version=v2.9\";\n\t\t\t\t\tfjs.parentNode.insertBefore(js, fjs);\n\t\t\t\t}(document, 'script', 'facebook-jssdk'));\n\t\t\t<\/script><br \/>\n<br \/><br \/>\n<br \/><a href=\"https:\/\/forbes.com.br\/forbes-mulher\/2025\/04\/licoes-de-campeas-o-que-medalhistas-olimpicas-ensinam-sobre-disciplina-fracasso-e-sucesso\/\">Source link <\/a><\/p>\n<div class='code-block code-block-4' style='margin: 8px auto 8px 0; text-align: left; display: block; clear: both;'>\n\ud83d\udce2 Aviso Legal\n\nO site ismaelcolosi.com.br atua apenas como um canal de divulga\u00e7\u00e3o de oportunidades de emprego e n\u00e3o se responsabiliza pelo processo seletivo, contrata\u00e7\u00e3o ou qualquer outra etapa relacionada \u00e0s vagas publicadas. Todas as informa\u00e7\u00f5es s\u00e3o de responsabilidade dos anunciantes.\n\n\u26a0\ufe0f Aten\u00e7\u00e3o! Nunca pague por promessas de emprego nem compre cursos que garantam contrata\u00e7\u00e3o. Desconfie de qualquer cobran\u00e7a para participar de sele\u00e7\u00f5es.\n\n\n\n<\/div>\n<!-- CONTENT END 1 -->\n","protected":false},"excerpt":{"rendered":"<p>&#13; Getty Images &#13;Rebeca Andrade, Rayssa Leal e Bia Souza s\u00e3o algumas das medalhistas que fizeram hist\u00f3ria em Paris 2024&#13; Acessibilidade &#13; L&#13; L&#13; A-&#13;&#8230;<\/p>\n","protected":false},"author":1,"featured_media":84174,"comment_status":"open","ping_status":"open","sticky":false,"template":"","format":"standard","meta":{"_uag_custom_page_level_css":"","advanced_seo_description":"","jetpack_seo_html_title":"","jetpack_seo_noindex":false,"jetpack_post_was_ever_published":false,"_jetpack_newsletter_access":"","_jetpack_dont_email_post_to_subs":false,"_jetpack_newsletter_tier_id":0,"_jetpack_memberships_contains_paywalled_content":false,"_jetpack_memberships_contains_paid_content":false,"footnotes":"","jetpack_publicize_message":"","jetpack_publicize_feature_enabled":true,"jetpack_social_post_already_shared":true,"jetpack_social_options":{"image_generator_settings":{"template":"highway","default_image_id":0,"font":"","enabled":false},"version":2}},"categories":[1964],"tags":[],"class_list":["post-84173","post","type-post","status-publish","format-standard","has-post-thumbnail","hentry","category-carreira-e-sucesso-dicas-para-carreira"],"jetpack_publicize_connections":[],"jetpack_featured_media_url":"https:\/\/i0.wp.com\/ismaelcolosi.com.br\/wp-content\/uploads\/2025\/04\/forbes-capa-mulheres-no-esporte-1200x675.jpg?fit=1200%2C675&ssl=1","uagb_featured_image_src":{"full":["https:\/\/i0.wp.com\/ismaelcolosi.com.br\/wp-content\/uploads\/2025\/04\/forbes-capa-mulheres-no-esporte-1200x675.jpg?fit=1200%2C675&ssl=1",1200,675,false],"thumbnail":["https:\/\/i0.wp.com\/ismaelcolosi.com.br\/wp-content\/uploads\/2025\/04\/forbes-capa-mulheres-no-esporte-1200x675.jpg?resize=150%2C150&ssl=1",150,150,true],"medium":["https:\/\/i0.wp.com\/ismaelcolosi.com.br\/wp-content\/uploads\/2025\/04\/forbes-capa-mulheres-no-esporte-1200x675.jpg?fit=300%2C169&ssl=1",300,169,true],"medium_large":["https:\/\/i0.wp.com\/ismaelcolosi.com.br\/wp-content\/uploads\/2025\/04\/forbes-capa-mulheres-no-esporte-1200x675.jpg?fit=768%2C432&ssl=1",768,432,true],"large":["https:\/\/i0.wp.com\/ismaelcolosi.com.br\/wp-content\/uploads\/2025\/04\/forbes-capa-mulheres-no-esporte-1200x675.jpg?fit=1024%2C576&ssl=1",1024,576,true],"1536x1536":["https:\/\/i0.wp.com\/ismaelcolosi.com.br\/wp-content\/uploads\/2025\/04\/forbes-capa-mulheres-no-esporte-1200x675.jpg?fit=1200%2C675&ssl=1",1200,675,true],"2048x2048":["https:\/\/i0.wp.com\/ismaelcolosi.com.br\/wp-content\/uploads\/2025\/04\/forbes-capa-mulheres-no-esporte-1200x675.jpg?fit=1200%2C675&ssl=1",1200,675,true],"really-simple-thumb":["https:\/\/i0.wp.com\/ismaelcolosi.com.br\/wp-content\/uploads\/2025\/04\/forbes-capa-mulheres-no-esporte-1200x675.jpg?resize=370%2C247&ssl=1",370,247,true]},"uagb_author_info":{"display_name":"ismaelcolosi.com.br","author_link":"https:\/\/ismaelcolosi.com.br\/index.php\/author\/vidareal-online\/"},"uagb_comment_info":0,"uagb_excerpt":"&#13; Getty Images &#13;Rebeca Andrade, Rayssa Leal e Bia Souza s\u00e3o algumas das medalhistas que fizeram hist\u00f3ria em Paris 2024&#13; Acessibilidade &#13; L&#13; L&#13; A-&#13;...","jetpack-related-posts":[{"id":60465,"url":"https:\/\/ismaelcolosi.com.br\/index.php\/2024\/08\/16\/a-forca-da-mente-no-caminho-para-o-sucesso\/","url_meta":{"origin":84173,"position":0},"title":"a for\u00e7a da mente no caminho para o sucesso","author":"ismaelcolosi.com.br","date":"16 de August de 2024","format":false,"excerpt":"\u00a0 Acessibilidade L L A- A+ \u25d0 \u00a0 \u201cQuero dar orgulho para os meus pais.\u201d Consigo ouvir uma atleta da Olimp\u00edada dizendo isso antes de subir ao p\u00f3dio. Muitos de n\u00f3s nos emocionamos e choramos juntos, com manifesta\u00e7\u00f5es de gratid\u00e3o como essa. Acontece que a declara\u00e7\u00e3o acima veio da Jaque,\u2026","rel":"","context":"In &quot;Carreira e Sucesso&quot;","block_context":{"text":"Carreira e Sucesso","link":"https:\/\/ismaelcolosi.com.br\/index.php\/category\/carreira-e-sucesso-dicas-para-carreira\/"},"img":{"alt_text":"","src":"https:\/\/i0.wp.com\/ismaelcolosi.com.br\/wp-content\/uploads\/2024\/08\/mulher-rebeca-andrade-simone-biles-1-1024x683.jpg?fit=1024%2C683&ssl=1&resize=350%2C200","width":350,"height":200,"srcset":"https:\/\/i0.wp.com\/ismaelcolosi.com.br\/wp-content\/uploads\/2024\/08\/mulher-rebeca-andrade-simone-biles-1-1024x683.jpg?fit=1024%2C683&ssl=1&resize=350%2C200 1x, https:\/\/i0.wp.com\/ismaelcolosi.com.br\/wp-content\/uploads\/2024\/08\/mulher-rebeca-andrade-simone-biles-1-1024x683.jpg?fit=1024%2C683&ssl=1&resize=525%2C300 1.5x, https:\/\/i0.wp.com\/ismaelcolosi.com.br\/wp-content\/uploads\/2024\/08\/mulher-rebeca-andrade-simone-biles-1-1024x683.jpg?fit=1024%2C683&ssl=1&resize=700%2C400 2x"},"classes":[]},{"id":1659,"url":"https:\/\/ismaelcolosi.com.br\/index.php\/2023\/11\/13\/estudantes-de-ribeirao-conquistam-medalhas-na-olimpiada-brasileira-de-astronomia\/","url_meta":{"origin":84173,"position":1},"title":"Estudantes de Ribeir\u00e3o conquistam medalhas na Olimp\u00edada Brasileira de Astronomia","author":"ismaelcolosi.com.br","date":"13 de November de 2023","format":false,"excerpt":"Tr\u00eas alunas do ensino m\u00e9dio t\u00e9cnico do Senac Ribeir\u00e3o Preto conquistaram a segunda e a terceira coloca\u00e7\u00f5es na 26\u00aa Olimp\u00edada Brasileira de Astronomia e Astron\u00e1utica (OBA). As estudantes Lorena Gualtieri Bonome e Yasmin Muniz Ramos, receberam a medalha de prata. J\u00e1 Lorena Aparecida Liboa, conquistou o terceiro lugar e recebeu\u2026","rel":"","context":"In &quot;Not\u00edcias de Ribeir\u00e3o Preto-SP e Regi\u00e3o&quot;","block_context":{"text":"Not\u00edcias de Ribeir\u00e3o Preto-SP e Regi\u00e3o","link":"https:\/\/ismaelcolosi.com.br\/index.php\/category\/noticias-de-ribeirao-preto-sp-e-regiao-ismael-colosi\/"},"img":{"alt_text":"","src":"https:\/\/i0.wp.com\/ismaelcolosi.com.br\/wp-content\/uploads\/2023\/11\/Ensino-medio-alunos.png?fit=1200%2C738&ssl=1&resize=350%2C200","width":350,"height":200,"srcset":"https:\/\/i0.wp.com\/ismaelcolosi.com.br\/wp-content\/uploads\/2023\/11\/Ensino-medio-alunos.png?fit=1200%2C738&ssl=1&resize=350%2C200 1x, https:\/\/i0.wp.com\/ismaelcolosi.com.br\/wp-content\/uploads\/2023\/11\/Ensino-medio-alunos.png?fit=1200%2C738&ssl=1&resize=525%2C300 1.5x, https:\/\/i0.wp.com\/ismaelcolosi.com.br\/wp-content\/uploads\/2023\/11\/Ensino-medio-alunos.png?fit=1200%2C738&ssl=1&resize=700%2C400 2x, https:\/\/i0.wp.com\/ismaelcolosi.com.br\/wp-content\/uploads\/2023\/11\/Ensino-medio-alunos.png?fit=1200%2C738&ssl=1&resize=1050%2C600 3x"},"classes":[]},{"id":59082,"url":"https:\/\/ismaelcolosi.com.br\/index.php\/2024\/08\/06\/atletas-tem-carreira-paralela-para-se-manter\/","url_meta":{"origin":84173,"position":2},"title":"atletas t\u00eam carreira paralela para se manter","author":"ismaelcolosi.com.br","date":"6 de August de 2024","format":false,"excerpt":"\u00a0 Acessibilidade L L A- A+ \u25d0 \u00a0 Os atletas que ganham medalhas nas Olimp\u00edadas s\u00e3o frequentemente recompensados com pr\u00eamios em dinheiro que variam dependendo do pa\u00eds. Esses pagamentos, por\u00e9m, n\u00e3o chegam para a maioria dos participantes. Aqueles que deixam a competi\u00e7\u00e3o sem pisar no p\u00f3dio frequentemente precisam de outros\u2026","rel":"","context":"In &quot;Carreira e Sucesso&quot;","block_context":{"text":"Carreira e Sucesso","link":"https:\/\/ismaelcolosi.com.br\/index.php\/category\/carreira-e-sucesso-dicas-para-carreira\/"},"img":{"alt_text":"","src":"https:\/\/i0.wp.com\/ismaelcolosi.com.br\/wp-content\/uploads\/2024\/08\/Robbie-Manson-rebeca-andrade-1024x683.jpg?fit=1024%2C683&ssl=1&resize=350%2C200","width":350,"height":200,"srcset":"https:\/\/i0.wp.com\/ismaelcolosi.com.br\/wp-content\/uploads\/2024\/08\/Robbie-Manson-rebeca-andrade-1024x683.jpg?fit=1024%2C683&ssl=1&resize=350%2C200 1x, https:\/\/i0.wp.com\/ismaelcolosi.com.br\/wp-content\/uploads\/2024\/08\/Robbie-Manson-rebeca-andrade-1024x683.jpg?fit=1024%2C683&ssl=1&resize=525%2C300 1.5x, https:\/\/i0.wp.com\/ismaelcolosi.com.br\/wp-content\/uploads\/2024\/08\/Robbie-Manson-rebeca-andrade-1024x683.jpg?fit=1024%2C683&ssl=1&resize=700%2C400 2x"},"classes":[]},{"id":16781,"url":"https:\/\/ismaelcolosi.com.br\/index.php\/2023\/12\/16\/atleta-da-regiao-de-ribeirao-e-um-dos-vencedores-do-premio-brasil-olimpico\/","url_meta":{"origin":84173,"position":3},"title":"Atleta da regi\u00e3o de Ribeir\u00e3o \u00e9 um dos vencedores do Pr\u00eamio Brasil Ol\u00edmpico","author":"ismaelcolosi.com.br","date":"16 de December de 2023","format":false,"excerpt":"O corredor Alison dos Santos, o Piu, que \u00e9 natural de S\u00e3o Joaquim da Barra, na regi\u00e3o de Ribeir\u00e3o Preto, foi o vencedor do Pr\u00eamio Retorno do Ano, do Pr\u00eamio Brasil Ol\u00edmpico 2023, realizado na \u00faltima sexta-feira (15), no Rio de Janeiro. O medalhista de bronze nos Jogos Ol\u00edmpicos de\u2026","rel":"","context":"In &quot;Not\u00edcias de Ribeir\u00e3o Preto-SP e Regi\u00e3o&quot;","block_context":{"text":"Not\u00edcias de Ribeir\u00e3o Preto-SP e Regi\u00e3o","link":"https:\/\/ismaelcolosi.com.br\/index.php\/category\/noticias-de-ribeirao-preto-sp-e-regiao-ismael-colosi\/"},"img":{"alt_text":"","src":"https:\/\/i0.wp.com\/ismaelcolosi.com.br\/wp-content\/uploads\/2023\/12\/alison-dos-santos.jpg?fit=1200%2C800&ssl=1&resize=350%2C200","width":350,"height":200,"srcset":"https:\/\/i0.wp.com\/ismaelcolosi.com.br\/wp-content\/uploads\/2023\/12\/alison-dos-santos.jpg?fit=1200%2C800&ssl=1&resize=350%2C200 1x, https:\/\/i0.wp.com\/ismaelcolosi.com.br\/wp-content\/uploads\/2023\/12\/alison-dos-santos.jpg?fit=1200%2C800&ssl=1&resize=525%2C300 1.5x, https:\/\/i0.wp.com\/ismaelcolosi.com.br\/wp-content\/uploads\/2023\/12\/alison-dos-santos.jpg?fit=1200%2C800&ssl=1&resize=700%2C400 2x, https:\/\/i0.wp.com\/ismaelcolosi.com.br\/wp-content\/uploads\/2023\/12\/alison-dos-santos.jpg?fit=1200%2C800&ssl=1&resize=1050%2C600 3x"},"classes":[]},{"id":83901,"url":"https:\/\/ismaelcolosi.com.br\/index.php\/2025\/03\/20\/documentario-da-artista-mostram-que-o-sucesso-e-relativo\/","url_meta":{"origin":84173,"position":4},"title":"Document\u00e1rio da artista mostram que o sucesso \u00e9 relativo","author":"ismaelcolosi.com.br","date":"20 de March de 2025","format":false,"excerpt":"\r Divulga\u00e7\u00e3o\/Netflix\r O document\u00e1rio \"Larissa: O Outro Lado de Anitta\" foi lan\u00e7ado na Netflix neste m\u00eas\r Acessibilidade \r L\r L\r A-\r A+\r \r \u25d0\r \r \u00a0 O sucesso \u00e9 uma daquelas palavras que carregam um peso enorme, mas cujo significado \u00e9, na verdade, extremamente relativo. H\u00e1 algum tempo, eu comecei\u2026","rel":"","context":"In &quot;Carreira e Sucesso&quot;","block_context":{"text":"Carreira e Sucesso","link":"https:\/\/ismaelcolosi.com.br\/index.php\/category\/carreira-e-sucesso-dicas-para-carreira\/"},"img":{"alt_text":"","src":"https:\/\/i0.wp.com\/ismaelcolosi.com.br\/wp-content\/uploads\/2025\/03\/1742480197_forbes-anitta-documentario-netflix-1200x675.jpg?fit=1200%2C675&ssl=1&resize=350%2C200","width":350,"height":200,"srcset":"https:\/\/i0.wp.com\/ismaelcolosi.com.br\/wp-content\/uploads\/2025\/03\/1742480197_forbes-anitta-documentario-netflix-1200x675.jpg?fit=1200%2C675&ssl=1&resize=350%2C200 1x, https:\/\/i0.wp.com\/ismaelcolosi.com.br\/wp-content\/uploads\/2025\/03\/1742480197_forbes-anitta-documentario-netflix-1200x675.jpg?fit=1200%2C675&ssl=1&resize=525%2C300 1.5x, https:\/\/i0.wp.com\/ismaelcolosi.com.br\/wp-content\/uploads\/2025\/03\/1742480197_forbes-anitta-documentario-netflix-1200x675.jpg?fit=1200%2C675&ssl=1&resize=700%2C400 2x, https:\/\/i0.wp.com\/ismaelcolosi.com.br\/wp-content\/uploads\/2025\/03\/1742480197_forbes-anitta-documentario-netflix-1200x675.jpg?fit=1200%2C675&ssl=1&resize=1050%2C600 3x"},"classes":[]},{"id":83895,"url":"https:\/\/ismaelcolosi.com.br\/index.php\/2025\/03\/20\/documentario-da-anitta-inspira-reflexao\/","url_meta":{"origin":84173,"position":5},"title":"Document\u00e1rio da Anitta Inspira Reflex\u00e3o","author":"ismaelcolosi.com.br","date":"20 de March de 2025","format":false,"excerpt":"\r Divulga\u00e7\u00e3o\/Netflix\r O document\u00e1rio \"Larissa: O Outro Lado de Anitta\" foi lan\u00e7ado na Netflix neste m\u00eas\r Acessibilidade \r L\r L\r A-\r A+\r \r \u25d0\r \r \u00a0 O sucesso \u00e9 uma daquelas palavras que carregam um peso enorme, mas cujo significado \u00e9, na verdade, extremamente relativo. H\u00e1 algum tempo, eu comecei\u2026","rel":"","context":"In &quot;Carreira e Sucesso&quot;","block_context":{"text":"Carreira e Sucesso","link":"https:\/\/ismaelcolosi.com.br\/index.php\/category\/carreira-e-sucesso-dicas-para-carreira\/"},"img":{"alt_text":"","src":"https:\/\/i0.wp.com\/ismaelcolosi.com.br\/wp-content\/uploads\/2025\/03\/forbes-anitta-documentario-netflix-1200x675.jpg?fit=1200%2C675&ssl=1&resize=350%2C200","width":350,"height":200,"srcset":"https:\/\/i0.wp.com\/ismaelcolosi.com.br\/wp-content\/uploads\/2025\/03\/forbes-anitta-documentario-netflix-1200x675.jpg?fit=1200%2C675&ssl=1&resize=350%2C200 1x, https:\/\/i0.wp.com\/ismaelcolosi.com.br\/wp-content\/uploads\/2025\/03\/forbes-anitta-documentario-netflix-1200x675.jpg?fit=1200%2C675&ssl=1&resize=525%2C300 1.5x, https:\/\/i0.wp.com\/ismaelcolosi.com.br\/wp-content\/uploads\/2025\/03\/forbes-anitta-documentario-netflix-1200x675.jpg?fit=1200%2C675&ssl=1&resize=700%2C400 2x, https:\/\/i0.wp.com\/ismaelcolosi.com.br\/wp-content\/uploads\/2025\/03\/forbes-anitta-documentario-netflix-1200x675.jpg?fit=1200%2C675&ssl=1&resize=1050%2C600 3x"},"classes":[]}],"jetpack_sharing_enabled":true,"jetpack_shortlink":"https:\/\/wp.me\/pfMlyK-lTD","_links":{"self":[{"href":"https:\/\/ismaelcolosi.com.br\/index.php\/wp-json\/wp\/v2\/posts\/84173","targetHints":{"allow":["GET"]}}],"collection":[{"href":"https:\/\/ismaelcolosi.com.br\/index.php\/wp-json\/wp\/v2\/posts"}],"about":[{"href":"https:\/\/ismaelcolosi.com.br\/index.php\/wp-json\/wp\/v2\/types\/post"}],"author":[{"embeddable":true,"href":"https:\/\/ismaelcolosi.com.br\/index.php\/wp-json\/wp\/v2\/users\/1"}],"replies":[{"embeddable":true,"href":"https:\/\/ismaelcolosi.com.br\/index.php\/wp-json\/wp\/v2\/comments?post=84173"}],"version-history":[{"count":0,"href":"https:\/\/ismaelcolosi.com.br\/index.php\/wp-json\/wp\/v2\/posts\/84173\/revisions"}],"wp:featuredmedia":[{"embeddable":true,"href":"https:\/\/ismaelcolosi.com.br\/index.php\/wp-json\/wp\/v2\/media\/84174"}],"wp:attachment":[{"href":"https:\/\/ismaelcolosi.com.br\/index.php\/wp-json\/wp\/v2\/media?parent=84173"}],"wp:term":[{"taxonomy":"category","embeddable":true,"href":"https:\/\/ismaelcolosi.com.br\/index.php\/wp-json\/wp\/v2\/categories?post=84173"},{"taxonomy":"post_tag","embeddable":true,"href":"https:\/\/ismaelcolosi.com.br\/index.php\/wp-json\/wp\/v2\/tags?post=84173"}],"curies":[{"name":"wp","href":"https:\/\/api.w.org\/{rel}","templated":true}]}}