{"id":83852,"date":"2025-03-18T06:20:36","date_gmt":"2025-03-18T09:20:36","guid":{"rendered":"https:\/\/ismaelcolosi.com.br\/index.php\/2025\/03\/18\/10-tendencias-do-trabalho-em-2025\/"},"modified":"2025-03-18T06:20:36","modified_gmt":"2025-03-18T09:20:36","slug":"10-tendencias-do-trabalho-em-2025","status":"publish","type":"post","link":"https:\/\/ismaelcolosi.com.br\/index.php\/2025\/03\/18\/10-tendencias-do-trabalho-em-2025\/","title":{"rendered":"10 Tend\u00eancias do Trabalho em 2025"},"content":{"rendered":"<p> <br \/>\n<\/p>\n<div>\n<figure class=\"destaque wp-caption\">&#13;<br \/>\n\t\t<img data-recalc-dims=\"1\" width=\"678\" height=\"452\" src=\"https:\/\/i0.wp.com\/forbes.com.br\/wp-content\/uploads\/2025\/03\/1-12-1024x683.png?resize=678%2C452&#038;ssl=1\" class=\"attachment-large size-large wp-post-image\" alt=\"\" decoding=\"async\" fetchpriority=\"high\"\/>\t\t<\/p>\n<p>Divulga\u00e7\u00e3o<\/p>\n<p>&#13;<figcaption class=\"wp-caption-text\">Regus Tr\u00eas Figueiras, em<br \/>\nPorto Alegre (RS); na p\u00e1gina ao lado, sala de reuni\u00e3o da Regus S\u00e9culo XXI, em Curitiba (PR)<\/figcaption>&#13;<br \/>\n\t<\/figure>\n<div class=\"accessibility\">\n<p>Acessibilidade<\/p>\n<p>&#13;<br \/>\n\t\t\t<button onclick=\"alterFont1()\" id=\"btn1\" class=\"btn\">L<\/button>&#13;<br \/>\n\t\t\t<button onclick=\"alterFont2()\" id=\"btn2\" class=\"btn\" style=\"font-family:Merriweather\">L<\/button>&#13;<br \/>\n\t\t\t<button onclick=\"alterFontSmallerSize()\" id=\"btn3\" class=\"btn\">A-<\/button>&#13;<br \/>\n\t\t\t<button onclick=\"alterFontBiggerSize()\" id=\"btn4\" class=\"btn\">A+<\/button>&#13;<br \/>\n\t\t\t<!--<button onclick='alterFontBolder()' id='btn5' class=\"btn\" >B<\/button>-->&#13;<br \/>\n\t\t\t<button onclick=\"alterBackground()\" id=\"btn6\" class=\"btn\">\u25d0<\/button>&#13;<br \/>\n\t\t\t<!--<button onclick='clean()' id='btn7' class=\"btn\" >Limpar<\/button>-->&#13;\n\t\t<\/p>\n<\/p><\/div>\n<p><span style=\"font-weight: 400;\">O ano de 2025 ser\u00e1 transformador para o mundo do trabalho, pois os avan\u00e7os tecnol\u00f3gicos continuam a moldar a forma como empresas de todos os portes operam e evoluem.<\/span><\/p>\n<p><span style=\"font-weight: 400;\">Embora o debate sobre o \u201cretorno ao escrit\u00f3rio\u201d persista, a realidade das equipes \u00e9 mais complexa. O modelo h\u00edbrido permanece em alta, permitindo que milh\u00f5es de trabalhadores desempenhem suas fun\u00e7\u00f5es de onde preferirem. A maioria dos CEOs reconhece os benef\u00edcios desse modelo flex\u00edvel, que permite aos funcion\u00e1rios trabalhar de qualquer lugar sem perder produtividade.<\/span><\/p>\n<p><span style=\"font-weight: 400;\">Al\u00e9m disso, o trabalho h\u00edbrido ser\u00e1 refor\u00e7ado pela diminui\u00e7\u00e3o do espa\u00e7o f\u00edsico corporativo, com o t\u00e9rmino de contratos de aluguel de longo prazo, o que trar\u00e1 tamb\u00e9m redu\u00e7\u00e3o de custos.<\/span><\/p>\n<p><span style=\"font-weight: 400;\">Com base em uma pesquisa recente da International Workplace Group (IWG), apresento as 10 principais tend\u00eancias que devem moldar o trabalho global em 2025:<\/span><\/p>\n<ol>\n<li><b> REJEI\u00c7\u00c3O AO CHAMADO RTO (\u201cRETORNO AO ESCRIT\u00d3RIO\u201d, EM INGL\u00caS)<\/b><\/li>\n<\/ol>\n<p><span style=\"font-weight: 400;\">Empresas que ainda exigem que seus funcion\u00e1rios percorram longas dist\u00e2ncias at\u00e9 um escrit\u00f3rio central correm o risco de enfrentar uma onda de pedidos de demiss\u00e3o, pois muitos funcion\u00e1rios resistem ao retorno ao escrit\u00f3rio. Pesquisas indicam que o trabalho h\u00edbrido leva n\u00e3o apenas a maior satisfa\u00e7\u00e3o, mas tamb\u00e9m a maior produtividade. Empresas que adotarem o modelo h\u00edbrido e permitirem que seus funcion\u00e1rios trabalhem quando e onde desejarem se sair\u00e3o melhor do que aquelas que n\u00e3o o fizerem.<\/span><\/p>\n<ol start=\"2\">\n<li><b> OS RESULTADOS TRANSCENDER\u00c3O AS HORAS<\/b><\/li>\n<\/ol>\n<p><span style=\"font-weight: 400;\">Em 2025 e nos anos seguintes, os empregadores priorizar\u00e3o os resultados, em vez de se concentrar no cumprimento do tradicional expediente em hor\u00e1rio comercial. Empresas progressistas capacitar\u00e3o seus funcion\u00e1rios para alcan\u00e7ar resultados por meio do trabalho h\u00edbrido.<\/span><\/p>\n<div id=\"attachment_675378\" class=\"wp-caption alignnone style=\" max-width:=\"\"><img data-recalc-dims=\"1\" decoding=\"async\" class=\"alignnone alignnone size-full wp-image-675378\" loading=\"lazy\" src=\"https:\/\/i0.wp.com\/forbes.com.br\/wp-content\/uploads\/2025\/03\/2-12-1024x683.png?resize=678%2C452&#038;ssl=1\" alt=\"\" width=\"678\" height=\"452\"\/><\/p>\n<p>Divulga\u00e7\u00e3o<\/p>\n<p class=\"wp-caption-text\">A Regus tem a maior rede de espa\u00e7os de trabalho e coworking do mundo, presente em mais de 4 mil localidades<br \/>em 120 pa\u00edses<\/p>\n<\/div>\n<ol start=\"3\">\n<li><b> NECESSIDADE CONT\u00cdNUA DE ESPA\u00c7OS DE TRABALHO DE QUALIDADE <\/b><b>EM SUB\u00daRBIOS E CIDADES PEQUENAS PARA PMES EM CRESCIMENTO<\/b><\/li>\n<\/ol>\n<p><span style=\"font-weight: 400;\">O crescimento das pequenas e m\u00e9dias empresas (PMEs) ap\u00f3s a pandemia aumentar\u00e1 a demanda por espa\u00e7os de trabalho flex\u00edveis e escal\u00e1veis. O n\u00famero de PMEs no mundo quase dobrar\u00e1 at\u00e9 2031, e a expans\u00e3o de espa\u00e7os de trabalho flex\u00edveis, especialmente em sub\u00farbios e cidades pequenas, dever\u00e1 continuar em 2025.<\/span><\/p>\n<ol start=\"4\">\n<li><b> CIDADES SUBURBANAS CRESCER\u00c3O COM O TRABALHO H\u00cdBRIDO<\/b><\/li>\n<\/ol>\n<p><span style=\"font-weight: 400;\">O trabalho h\u00edbrido est\u00e1 revitalizando as cidades suburbanas, reduzindo a depend\u00eancia dos deslocamentos di\u00e1rios para os centros urbanos, ao permitir que trabalhadores optem por espa\u00e7os mais pr\u00f3ximos de suas resid\u00eancias.<\/span><\/p>\n<ol start=\"5\">\n<li><b> A GERA\u00c7\u00c3O H\u00cdBRIDA CONTINUAR\u00c1 A MUDAR A FORMA DE TRABALHAR<\/b><\/li>\n<\/ol>\n<p><span style=\"font-weight: 400;\">At\u00e9 2025, a gera\u00e7\u00e3o Z representar\u00e1 um ter\u00e7o da for\u00e7a de trabalho, influenciando normas no local de trabalho com suas habilidades digitais e as expectativas de maior flexibilidade. Empresas que n\u00e3o se adaptarem a essa gera\u00e7\u00e3o correm o risco de perder talentos.<\/span><\/p>\n<ol start=\"6\">\n<li><b> O DESLOCAMENTO TRADICIONAL PREJUDICA A ECONOMIA DE DINHEIRO<\/b><\/li>\n<\/ol>\n<p><span style=\"font-weight: 400;\">Funcion\u00e1rios e empregadores est\u00e3o reconhecendo os benef\u00edcios de trabalhar localmente, economizando tempo e dinheiro e percebendo que o longo deslocamento di\u00e1rio <\/span><span style=\"font-weight: 400;\">para um escrit\u00f3rio central j\u00e1 n\u00e3o faz mais sentido.<\/span><\/p>\n<ol start=\"7\">\n<li><b> O TRABALHO H\u00cdBRIDO AUMENTAR\u00c1 A PARIDADE DE G\u00caNERO NAS REUNI\u00d5ES<\/b><\/li>\n<\/ol>\n<p><span style=\"font-weight: 400;\">Al\u00e9m de atender \u00e0 equidade e justi\u00e7a, empresas t\u00eam um incentivo real para aumentar a representa\u00e7\u00e3o feminina na alta dire\u00e7\u00e3o. Pesquisas demonstram que empresas com mais mulheres em cargos seniores s\u00e3o mais lucrativas e socialmente respons\u00e1veis.<\/span><\/p>\n<ol start=\"8\">\n<li><b> O DIREITO DE SE DESLIGAR GANHAR\u00c1 IMPORT\u00c2NCIA<\/b><\/li>\n<\/ol>\n<p><span style=\"font-weight: 400;\">A tecnologia proporcionou flexibilidade de trabalhar remotamente, mas tamb\u00e9m ampliou a disponibilidade constante, borrando as linhas entre vida pessoal e profissional.<\/span><\/p>\n<ol start=\"9\">\n<li><b> O TRABALHO H\u00cdBRIDO SER\u00c1 UM BENEF\u00cdCIO DE BEM-ESTAR<\/b><\/li>\n<\/ol>\n<p><span style=\"font-weight: 400;\">Acordos de trabalho flex\u00edvel e h\u00edbrido se tornar\u00e3o t\u00e3o cobi\u00e7ados quanto planos de sa\u00fade nos pacotes de remunera\u00e7\u00e3o at\u00e9 2025.<\/span><\/p>\n<ol start=\"10\">\n<li><b> EMPREENDIMENTOS DE USO MISTO TRANSFORMAR\u00c3O OS CENTROS URBANOS<\/b><\/li>\n<\/ol>\n<p><span style=\"font-weight: 400;\">Locais din\u00e2micos de uso misto est\u00e3o mudando os distritos comerciais nas cidades, com o impacto do trabalho h\u00edbrido reduzindo o n\u00famero de pessoas nos centros urbanos e levando investidores a reimaginar os n\u00facleos comerciais das cidades, oferecendo uma variedade de experi\u00eancias al\u00e9m de escrit\u00f3rios.<\/span><\/p>\n<p><em>*<strong>BrandVoice<\/strong> \u00e9 de responsabilidade exclusiva dos autores e n\u00e3o reflete, necessariamente, a opini\u00e3o da FORBES Brasil e de seus editores.<\/em><\/p>\n<\/p><\/div>\n<p><script>\n\t\t\t\t(function(d, s, id){\n\t\t\t\t\tvar js, fjs = d.getElementsByTagName(s)[0];\n\t\t\t\t\tif (d.getElementById(id)) return;\n\t\t\t\t\tjs = d.createElement(s); js.id = id;\n\t\t\t\t\tjs.src = \"\/\/connect.facebook.net\/pt_BR\/sdk.js#xfbml=1&version=v2.9\";\n\t\t\t\t\tfjs.parentNode.insertBefore(js, fjs);\n\t\t\t\t}(document, 'script', 'facebook-jssdk'));\n\t\t\t<\/script><br \/>\n<br \/><br \/>\n<br \/><a href=\"https:\/\/forbes.com.br\/carreira\/2025\/03\/brandvoice-regus-10-tendencias-do-trabalho-em-2025\/\">Source link <\/a><\/p>\n<div class='code-block code-block-4' style='margin: 8px auto 8px 0; text-align: left; display: block; clear: both;'>\n\ud83d\udce2 Aviso Legal\n\nO site ismaelcolosi.com.br atua apenas como um canal de divulga\u00e7\u00e3o de oportunidades de emprego e n\u00e3o se responsabiliza pelo processo seletivo, contrata\u00e7\u00e3o ou qualquer outra etapa relacionada \u00e0s vagas publicadas. Todas as informa\u00e7\u00f5es s\u00e3o de responsabilidade dos anunciantes.\n\n\u26a0\ufe0f Aten\u00e7\u00e3o! Nunca pague por promessas de emprego nem compre cursos que garantam contrata\u00e7\u00e3o. Desconfie de qualquer cobran\u00e7a para participar de sele\u00e7\u00f5es.\n\n\n\n<\/div>\n<!-- CONTENT END 1 -->\n","protected":false},"excerpt":{"rendered":"<p>&#13; Divulga\u00e7\u00e3o &#13;Regus Tr\u00eas Figueiras, em Porto Alegre (RS); na p\u00e1gina ao lado, sala de reuni\u00e3o da Regus S\u00e9culo XXI, em Curitiba (PR)&#13; Acessibilidade &#13;&#8230;<\/p>\n","protected":false},"author":1,"featured_media":83853,"comment_status":"open","ping_status":"open","sticky":false,"template":"","format":"standard","meta":{"_uag_custom_page_level_css":"","advanced_seo_description":"","jetpack_seo_html_title":"","jetpack_seo_noindex":false,"jetpack_post_was_ever_published":false,"_jetpack_newsletter_access":"","_jetpack_dont_email_post_to_subs":false,"_jetpack_newsletter_tier_id":0,"_jetpack_memberships_contains_paywalled_content":false,"_jetpack_memberships_contains_paid_content":false,"footnotes":"","jetpack_publicize_message":"","jetpack_publicize_feature_enabled":true,"jetpack_social_post_already_shared":true,"jetpack_social_options":{"image_generator_settings":{"template":"highway","default_image_id":0,"font":"","enabled":false},"version":2}},"categories":[1964],"tags":[],"class_list":["post-83852","post","type-post","status-publish","format-standard","has-post-thumbnail","hentry","category-carreira-e-sucesso-dicas-para-carreira"],"jetpack_publicize_connections":[],"jetpack_featured_media_url":"https:\/\/i0.wp.com\/ismaelcolosi.com.br\/wp-content\/uploads\/2025\/03\/1-12-1200x675.png?fit=1200%2C675&ssl=1","uagb_featured_image_src":{"full":["https:\/\/i0.wp.com\/ismaelcolosi.com.br\/wp-content\/uploads\/2025\/03\/1-12-1200x675.png?fit=1200%2C675&ssl=1",1200,675,false],"thumbnail":["https:\/\/i0.wp.com\/ismaelcolosi.com.br\/wp-content\/uploads\/2025\/03\/1-12-1200x675.png?resize=150%2C150&ssl=1",150,150,true],"medium":["https:\/\/i0.wp.com\/ismaelcolosi.com.br\/wp-content\/uploads\/2025\/03\/1-12-1200x675.png?fit=300%2C169&ssl=1",300,169,true],"medium_large":["https:\/\/i0.wp.com\/ismaelcolosi.com.br\/wp-content\/uploads\/2025\/03\/1-12-1200x675.png?fit=768%2C432&ssl=1",768,432,true],"large":["https:\/\/i0.wp.com\/ismaelcolosi.com.br\/wp-content\/uploads\/2025\/03\/1-12-1200x675.png?fit=1024%2C576&ssl=1",1024,576,true],"1536x1536":["https:\/\/i0.wp.com\/ismaelcolosi.com.br\/wp-content\/uploads\/2025\/03\/1-12-1200x675.png?fit=1200%2C675&ssl=1",1200,675,true],"2048x2048":["https:\/\/i0.wp.com\/ismaelcolosi.com.br\/wp-content\/uploads\/2025\/03\/1-12-1200x675.png?fit=1200%2C675&ssl=1",1200,675,true],"really-simple-thumb":["https:\/\/i0.wp.com\/ismaelcolosi.com.br\/wp-content\/uploads\/2025\/03\/1-12-1200x675.png?resize=370%2C247&ssl=1",370,247,true]},"uagb_author_info":{"display_name":"ismaelcolosi.com.br","author_link":"https:\/\/ismaelcolosi.com.br\/index.php\/author\/vidareal-online\/"},"uagb_comment_info":0,"uagb_excerpt":"&#13; Divulga\u00e7\u00e3o &#13;Regus Tr\u00eas Figueiras, em Porto Alegre (RS); na p\u00e1gina ao lado, sala de reuni\u00e3o da Regus S\u00e9culo XXI, em Curitiba (PR)&#13; Acessibilidade &#13;...","jetpack-related-posts":[{"id":71273,"url":"https:\/\/ismaelcolosi.com.br\/index.php\/2024\/10\/15\/como-manter-a-cultura-organizacional-em-ambientes-hibridos\/","url_meta":{"origin":83852,"position":0},"title":"Como Manter a Cultura Organizacional em Ambientes H\u00edbridos","author":"ismaelcolosi.com.br","date":"15 de October de 2024","format":false,"excerpt":"Acessibilidade L L A- A+ \u25d0 A ado\u00e7\u00e3o do trabalho h\u00edbrido transformou as din\u00e2micas corporativas, com funcion\u00e1rios dividindo seu tempo entre o escrit\u00f3rio e o home office. Manter uma cultura organizacional coesa nesse cen\u00e1rio \u00e9 desafiador, mas essencial para garantir produtividade e engajamento. Aqui est\u00e3o alguns passos estrat\u00e9gicos para alcan\u00e7ar\u2026","rel":"","context":"In &quot;Carreira e Sucesso&quot;","block_context":{"text":"Carreira e Sucesso","link":"https:\/\/ismaelcolosi.com.br\/index.php\/category\/carreira-e-sucesso-dicas-para-carreira\/"},"img":{"alt_text":"","src":"https:\/\/i0.wp.com\/ismaelcolosi.com.br\/wp-content\/uploads\/2024\/10\/bv-regus_123-3-1024x683.jpg?fit=1024%2C683&ssl=1&resize=350%2C200","width":350,"height":200,"srcset":"https:\/\/i0.wp.com\/ismaelcolosi.com.br\/wp-content\/uploads\/2024\/10\/bv-regus_123-3-1024x683.jpg?fit=1024%2C683&ssl=1&resize=350%2C200 1x, https:\/\/i0.wp.com\/ismaelcolosi.com.br\/wp-content\/uploads\/2024\/10\/bv-regus_123-3-1024x683.jpg?fit=1024%2C683&ssl=1&resize=525%2C300 1.5x, https:\/\/i0.wp.com\/ismaelcolosi.com.br\/wp-content\/uploads\/2024\/10\/bv-regus_123-3-1024x683.jpg?fit=1024%2C683&ssl=1&resize=700%2C400 2x"},"classes":[]},{"id":85474,"url":"https:\/\/ismaelcolosi.com.br\/index.php\/2025\/05\/21\/regus-trabalho-hibrido-uma-escolha-sustentavel\/","url_meta":{"origin":83852,"position":1},"title":"Regus: Trabalho H\u00edbrido: uma Escolha Sustent\u00e1vel","author":"ismaelcolosi.com.br","date":"21 de May de 2025","format":false,"excerpt":"\r Divulga\u00e7\u00e3o\r Regus 575 Norte Sul, em Campinas, SP\r Acessibilidade \r L\r L\r A-\r A+\r \r \u25d0\r \r Nos \u00faltimos anos, o modelo h\u00edbrido de trabalho tem se consolidado como uma das maiores transforma\u00e7\u00f5es no universo corporativo. Muito al\u00e9m da flexibiliza\u00e7\u00e3o da jornada e da busca por equil\u00edbrio entre vida\u2026","rel":"","context":"In &quot;Carreira e Sucesso&quot;","block_context":{"text":"Carreira e Sucesso","link":"https:\/\/ismaelcolosi.com.br\/index.php\/category\/carreira-e-sucesso-dicas-para-carreira\/"},"img":{"alt_text":"","src":"https:\/\/i0.wp.com\/ismaelcolosi.com.br\/wp-content\/uploads\/2025\/05\/1-8-1200x675.png?fit=1200%2C675&ssl=1&resize=350%2C200","width":350,"height":200,"srcset":"https:\/\/i0.wp.com\/ismaelcolosi.com.br\/wp-content\/uploads\/2025\/05\/1-8-1200x675.png?fit=1200%2C675&ssl=1&resize=350%2C200 1x, https:\/\/i0.wp.com\/ismaelcolosi.com.br\/wp-content\/uploads\/2025\/05\/1-8-1200x675.png?fit=1200%2C675&ssl=1&resize=525%2C300 1.5x, https:\/\/i0.wp.com\/ismaelcolosi.com.br\/wp-content\/uploads\/2025\/05\/1-8-1200x675.png?fit=1200%2C675&ssl=1&resize=700%2C400 2x, https:\/\/i0.wp.com\/ismaelcolosi.com.br\/wp-content\/uploads\/2025\/05\/1-8-1200x675.png?fit=1200%2C675&ssl=1&resize=1050%2C600 3x"},"classes":[]},{"id":52363,"url":"https:\/\/ismaelcolosi.com.br\/index.php\/2024\/06\/06\/regus-trabalho-hibrido-garante-sustentabilidade\/","url_meta":{"origin":83852,"position":2},"title":"Regus: Trabalho h\u00edbrido garante sustentabilidade","author":"ismaelcolosi.com.br","date":"6 de June de 2024","format":false,"excerpt":"Foto: Divulga\u00e7\u00e3oRegus Pal\u00e1cio da Agricultura, em Bras\u00edlia Acessibilidade L L A- A+ \u25d0 Com a ascens\u00e3o do modelo de trabalho h\u00edbrido, empresas de diversos setores t\u00eam encontrado maneiras de reduzir seu consumo de energia e diminuir sua pegada de carbono, contribuindo para um futuro mais sustent\u00e1vel. Nos \u00faltimos anos, o\u2026","rel":"","context":"In &quot;Carreira e Sucesso&quot;","block_context":{"text":"Carreira e Sucesso","link":"https:\/\/ismaelcolosi.com.br\/index.php\/category\/carreira-e-sucesso-dicas-para-carreira\/"},"img":{"alt_text":"","src":"https:\/\/i0.wp.com\/ismaelcolosi.com.br\/wp-content\/uploads\/2024\/06\/bv-regus_119-2-1024x683.jpg?fit=1024%2C683&ssl=1&resize=350%2C200","width":350,"height":200,"srcset":"https:\/\/i0.wp.com\/ismaelcolosi.com.br\/wp-content\/uploads\/2024\/06\/bv-regus_119-2-1024x683.jpg?fit=1024%2C683&ssl=1&resize=350%2C200 1x, https:\/\/i0.wp.com\/ismaelcolosi.com.br\/wp-content\/uploads\/2024\/06\/bv-regus_119-2-1024x683.jpg?fit=1024%2C683&ssl=1&resize=525%2C300 1.5x, https:\/\/i0.wp.com\/ismaelcolosi.com.br\/wp-content\/uploads\/2024\/06\/bv-regus_119-2-1024x683.jpg?fit=1024%2C683&ssl=1&resize=700%2C400 2x"},"classes":[]},{"id":55420,"url":"https:\/\/ismaelcolosi.com.br\/index.php\/2024\/07\/03\/regus-trabalho-hibrido-garante-sustentabilidade-2\/","url_meta":{"origin":83852,"position":3},"title":"Regus: Trabalho h\u00edbrido garante sustentabilidade","author":"ismaelcolosi.com.br","date":"3 de July de 2024","format":false,"excerpt":"Foto: Divulga\u00e7\u00e3oRegus Pal\u00e1cio da Agricultura, em Bras\u00edlia Acessibilidade L L A- A+ \u25d0 Com a ascens\u00e3o do modelo de trabalho h\u00edbrido, empresas de diversos setores t\u00eam encontrado maneiras de reduzir seu consumo de energia e diminuir sua pegada de carbono, contribuindo para um futuro mais sustent\u00e1vel. Nos \u00faltimos anos, o\u2026","rel":"","context":"In &quot;Carreira e Sucesso&quot;","block_context":{"text":"Carreira e Sucesso","link":"https:\/\/ismaelcolosi.com.br\/index.php\/category\/carreira-e-sucesso-dicas-para-carreira\/"},"img":{"alt_text":"","src":"https:\/\/i0.wp.com\/ismaelcolosi.com.br\/wp-content\/uploads\/2024\/07\/bv-regus_119-2-1024x683.jpg?fit=1024%2C683&ssl=1&resize=350%2C200","width":350,"height":200,"srcset":"https:\/\/i0.wp.com\/ismaelcolosi.com.br\/wp-content\/uploads\/2024\/07\/bv-regus_119-2-1024x683.jpg?fit=1024%2C683&ssl=1&resize=350%2C200 1x, https:\/\/i0.wp.com\/ismaelcolosi.com.br\/wp-content\/uploads\/2024\/07\/bv-regus_119-2-1024x683.jpg?fit=1024%2C683&ssl=1&resize=525%2C300 1.5x, https:\/\/i0.wp.com\/ismaelcolosi.com.br\/wp-content\/uploads\/2024\/07\/bv-regus_119-2-1024x683.jpg?fit=1024%2C683&ssl=1&resize=700%2C400 2x"},"classes":[]},{"id":40459,"url":"https:\/\/ismaelcolosi.com.br\/index.php\/2024\/03\/04\/trabalho-hibrido-veio-para-ficar\/","url_meta":{"origin":83852,"position":4},"title":"Trabalho h\u00edbrido veio para ficar","author":"ismaelcolosi.com.br","date":"4 de March de 2024","format":false,"excerpt":"Divulga\u00e7\u00e3oRegus Center Shopping Uberl\u00e2ndia (MG) O trabalho h\u00edbrido \u00e9 uma realidade que veio para ficar. \u00c0 frente da Regus, refer\u00eancia nesse modelo de trabalho, posso afirmar com convic\u00e7\u00e3o que estamos vivendo uma era de transforma\u00e7\u00e3o na vida profissional. H\u00e1 quatro anos, a pandemia de Covid-19 acelerou significativamente o crescimento do\u2026","rel":"","context":"In &quot;Carreira e Sucesso&quot;","block_context":{"text":"Carreira e Sucesso","link":"https:\/\/ismaelcolosi.com.br\/index.php\/category\/carreira-e-sucesso-dicas-para-carreira\/"},"img":{"alt_text":"","src":"https:\/\/i0.wp.com\/ismaelcolosi.com.br\/wp-content\/uploads\/2024\/03\/bv-regus_116-3-1024x683.jpg?fit=1024%2C683&ssl=1&resize=350%2C200","width":350,"height":200,"srcset":"https:\/\/i0.wp.com\/ismaelcolosi.com.br\/wp-content\/uploads\/2024\/03\/bv-regus_116-3-1024x683.jpg?fit=1024%2C683&ssl=1&resize=350%2C200 1x, https:\/\/i0.wp.com\/ismaelcolosi.com.br\/wp-content\/uploads\/2024\/03\/bv-regus_116-3-1024x683.jpg?fit=1024%2C683&ssl=1&resize=525%2C300 1.5x, https:\/\/i0.wp.com\/ismaelcolosi.com.br\/wp-content\/uploads\/2024\/03\/bv-regus_116-3-1024x683.jpg?fit=1024%2C683&ssl=1&resize=700%2C400 2x"},"classes":[]},{"id":59865,"url":"https:\/\/ismaelcolosi.com.br\/index.php\/2024\/08\/13\/por-que-os-ceos-preferem-o-modelo-de-trabalho-hibrido\/","url_meta":{"origin":83852,"position":5},"title":"Por que os CEOs preferem o modelo de trabalho h\u00edbrido","author":"ismaelcolosi.com.br","date":"13 de August de 2024","format":false,"excerpt":"Foto: Divulga\u00e7\u00e3oRegus Center Shopping, em Uberl\u00e2ndia Acessibilidade L L A- A+ \u25d0 O futuro do trabalho j\u00e1 chegou e oferece muito mais liberdade do que antes. Devemos refletir sobre as muitas mudan\u00e7as que a pandemia trouxe e como ela alterou a din\u00e2mica entre o empregador e o empregado. Nessa situa\u00e7\u00e3o,\u2026","rel":"","context":"In &quot;Carreira e Sucesso&quot;","block_context":{"text":"Carreira e Sucesso","link":"https:\/\/ismaelcolosi.com.br\/index.php\/category\/carreira-e-sucesso-dicas-para-carreira\/"},"img":{"alt_text":"","src":"https:\/\/i0.wp.com\/ismaelcolosi.com.br\/wp-content\/uploads\/2024\/08\/bv-regus_121-2-1024x683.jpg?fit=1024%2C683&ssl=1&resize=350%2C200","width":350,"height":200,"srcset":"https:\/\/i0.wp.com\/ismaelcolosi.com.br\/wp-content\/uploads\/2024\/08\/bv-regus_121-2-1024x683.jpg?fit=1024%2C683&ssl=1&resize=350%2C200 1x, https:\/\/i0.wp.com\/ismaelcolosi.com.br\/wp-content\/uploads\/2024\/08\/bv-regus_121-2-1024x683.jpg?fit=1024%2C683&ssl=1&resize=525%2C300 1.5x, https:\/\/i0.wp.com\/ismaelcolosi.com.br\/wp-content\/uploads\/2024\/08\/bv-regus_121-2-1024x683.jpg?fit=1024%2C683&ssl=1&resize=700%2C400 2x"},"classes":[]}],"jetpack_sharing_enabled":true,"jetpack_shortlink":"https:\/\/wp.me\/pfMlyK-lOs","_links":{"self":[{"href":"https:\/\/ismaelcolosi.com.br\/index.php\/wp-json\/wp\/v2\/posts\/83852","targetHints":{"allow":["GET"]}}],"collection":[{"href":"https:\/\/ismaelcolosi.com.br\/index.php\/wp-json\/wp\/v2\/posts"}],"about":[{"href":"https:\/\/ismaelcolosi.com.br\/index.php\/wp-json\/wp\/v2\/types\/post"}],"author":[{"embeddable":true,"href":"https:\/\/ismaelcolosi.com.br\/index.php\/wp-json\/wp\/v2\/users\/1"}],"replies":[{"embeddable":true,"href":"https:\/\/ismaelcolosi.com.br\/index.php\/wp-json\/wp\/v2\/comments?post=83852"}],"version-history":[{"count":0,"href":"https:\/\/ismaelcolosi.com.br\/index.php\/wp-json\/wp\/v2\/posts\/83852\/revisions"}],"wp:featuredmedia":[{"embeddable":true,"href":"https:\/\/ismaelcolosi.com.br\/index.php\/wp-json\/wp\/v2\/media\/83853"}],"wp:attachment":[{"href":"https:\/\/ismaelcolosi.com.br\/index.php\/wp-json\/wp\/v2\/media?parent=83852"}],"wp:term":[{"taxonomy":"category","embeddable":true,"href":"https:\/\/ismaelcolosi.com.br\/index.php\/wp-json\/wp\/v2\/categories?post=83852"},{"taxonomy":"post_tag","embeddable":true,"href":"https:\/\/ismaelcolosi.com.br\/index.php\/wp-json\/wp\/v2\/tags?post=83852"}],"curies":[{"name":"wp","href":"https:\/\/api.w.org\/{rel}","templated":true}]}}