{"id":8360,"date":"2023-11-30T00:51:11","date_gmt":"2023-11-30T03:51:11","guid":{"rendered":"https:\/\/ismaelcolosi.com.br\/index.php\/2023\/11\/30\/quem-e-o-ex-jogador-de-futebol-que-perdeu-a-vida-de-forma-tragica-quando-seguia-para-funeral\/"},"modified":"2023-11-30T00:51:11","modified_gmt":"2023-11-30T03:51:11","slug":"quem-e-o-ex-jogador-de-futebol-que-perdeu-a-vida-de-forma-tragica-quando-seguia-para-funeral","status":"publish","type":"post","link":"https:\/\/ismaelcolosi.com.br\/index.php\/2023\/11\/30\/quem-e-o-ex-jogador-de-futebol-que-perdeu-a-vida-de-forma-tragica-quando-seguia-para-funeral\/","title":{"rendered":"Quem \u00e9 o ex-jogador de futebol que perdeu a vida de forma tr\u00e1gica quando seguia para funeral"},"content":{"rendered":"<p> [ad_1]<br \/>\n<\/p>\n<div itemprop=\"text\">\n<p>Um querido jogador de futebol respeitado no cen\u00e1rio mundial esportivo perdeu a vida de maneira tr\u00e1gica quando seguia para um funeral. O ex-jogador de futebol sul-africano, Papi Khomane, perdeu a vida no \u00faltimo final de semana em um acidente de carro. Ele estava a caminho de um funeral em Newcastle, acompanhado de sua m\u00e3e e tio, ambos tamb\u00e9m faleceram na trag\u00e9dia.<\/p>\n<p>Papi Khomane tinha 48 anos de idade, conforme anunciado pelo Orlando Pirates, clube no qual o zagueiro dedicou nove anos de sua carreira, de 1998 a 2007. Al\u00e9m disso, ele representou a sele\u00e7\u00e3o sul-africana de 1998 a 2000.<\/p>\n<p>A confirma\u00e7\u00e3o da not\u00edcia foi feita por Yster Khomane, pai do ex-jogador, que tamb\u00e9m vestiu a camisa do Orlando. O clube prestou uma homenagem \u00e0 fam\u00edlia enlutada.<\/p>\n<p><img data-recalc-dims=\"1\" decoding=\"async\" src=\"https:\/\/i0.wp.com\/fnmais.com\/wp-content\/uploads\/2023\/11\/postiimg-65680208d74217761.jpg?w=1200&#038;ssl=1\" alt=\"Jogador de futebol\"\/><\/p>\n<p>F\u00e3s do jogador de futebol lamentaram a morte do jogador e de seus familiares, uma trag\u00e9dia que ganhou destaque nos principais portais de not\u00edcias especializados em futebol em todo o mundo.<\/p>\n<p><i>\u201cPapi era um homem de poucas palavras, mas sua presen\u00e7a em campo dizia muito. Sua transforma\u00e7\u00e3o de um indiv\u00edduo quieto em um l\u00edder formid\u00e1vel durante os jogos foi simplesmente inspiradora\u201d,<\/i> disse o time sobre o ex-atleta.<\/p>\n<p>O time de futebol Orlando Pirates tamb\u00e9m fez quest\u00e3o de ressaltar a import\u00e2ncia da m\u00e3e do jogador que segundo a institui\u00e7\u00e3o futebol\u00edstica foi a pedra fundamental no apoio ao marido e ao filho incentivando seus entes queridos nos pleitos em campo. <i>\u201cA sua presen\u00e7a inabal\u00e1vel nos nossos jogos em casa foi uma prova de sua dedica\u00e7\u00e3o e seu amor pelo jogo e pelo nosso clube\u201d.<\/i><\/p>\n<blockquote class=\"twitter-tweet\" data-width=\"550\" data-dnt=\"true\">\n<p lang=\"en\" dir=\"ltr\">\u2620\ufe0f Rest in peace, Papi.<\/p>\n<p>\u26ab\u26aa\ud83d\udd34\u2b50<a href=\"https:\/\/twitter.com\/hashtag\/OrlandoPirates?src=hash&amp;ref_src=twsrc%5Etfw\" target=\"_blank\" rel=\"noopener\">#OrlandoPirates<\/a><a href=\"https:\/\/twitter.com\/hashtag\/OnceAlways?src=hash&amp;ref_src=twsrc%5Etfw\" target=\"_blank\" rel=\"noopener\">#OnceAlways<\/a> <a href=\"https:\/\/t.co\/n3aJlS848k\">pic.twitter.com\/n3aJlS848k<\/a><\/p>\n<p>\u2014 Orlando Pirates (@orlandopirates) <a href=\"https:\/\/twitter.com\/orlandopirates\/status\/1728516015338799429?ref_src=twsrc%5Etfw\" target=\"_blank\" rel=\"noopener\">November 25, 2023<\/a><\/p>\n<\/blockquote>\n<p>N\u00e3o h\u00e1 informa\u00e7\u00f5es sobre o vel\u00f3rio e sepultamento do ex-atleta e de seus familiares.<\/p>\n<\/div>\n<p><script async src=\"\/\/platform.twitter.com\/widgets.js\" charset=\"utf-8\"><\/script><br \/>\n<br \/>[ad_2]<br \/>\n<br \/><a href=\"https:\/\/fnmais.com\/luto-quem-ex-jogador-futebol-que-perdeu-vida-forma-tragica-quando-seguia-para-funeral\/\" target=\"_blank\" rel=\"noopener\">Source link <\/a><\/p>\n<div class='code-block code-block-4' style='margin: 8px auto 8px 0; text-align: left; display: block; clear: both;'>\n\ud83d\udce2 Aviso Legal\n\nO site ismaelcolosi.com.br atua apenas como um canal de divulga\u00e7\u00e3o de oportunidades de emprego e n\u00e3o se responsabiliza pelo processo seletivo, contrata\u00e7\u00e3o ou qualquer outra etapa relacionada \u00e0s vagas publicadas. Todas as informa\u00e7\u00f5es s\u00e3o de responsabilidade dos anunciantes.\n\n\u26a0\ufe0f Aten\u00e7\u00e3o! Nunca pague por promessas de emprego nem compre cursos que garantam contrata\u00e7\u00e3o. Desconfie de qualquer cobran\u00e7a para participar de sele\u00e7\u00f5es.\n\n\n\n<\/div>\n<!-- CONTENT END 1 -->\n","protected":false},"excerpt":{"rendered":"<p>[ad_1] Um querido jogador de futebol respeitado no cen\u00e1rio mundial esportivo perdeu a vida de maneira tr\u00e1gica quando seguia para um funeral. O ex-jogador de futebol sul-africano, Papi Khomane, perdeu a vida no \u00faltimo final de semana em um acidente de carro. Ele estava a caminho de um funeral em Newcastle, acompanhado de sua m\u00e3e&hellip;&nbsp;<\/p>\n","protected":false},"author":1,"featured_media":8361,"comment_status":"open","ping_status":"open","sticky":false,"template":"","format":"standard","meta":{"_uag_custom_page_level_css":"","neve_meta_sidebar":"","neve_meta_container":"","neve_meta_enable_content_width":"","neve_meta_content_width":0,"neve_meta_title_alignment":"","neve_meta_author_avatar":"","neve_post_elements_order":"","neve_meta_disable_header":"","neve_meta_disable_footer":"","neve_meta_disable_title":"","_jetpack_newsletter_access":"","_jetpack_dont_email_post_to_subs":false,"_jetpack_newsletter_tier_id":0,"_jetpack_memberships_contains_paywalled_content":false,"_jetpack_memberships_contains_paid_content":false,"footnotes":""},"categories":[1],"tags":[],"class_list":["post-8360","post","type-post","status-publish","format-standard","has-post-thumbnail","hentry","category-blog"],"uagb_featured_image_src":{"full":["https:\/\/i0.wp.com\/ismaelcolosi.com.br\/wp-content\/uploads\/2023\/11\/postimg-6568020a745482849.jpg?fit=1200%2C628&ssl=1",1200,628,false],"thumbnail":["https:\/\/i0.wp.com\/ismaelcolosi.com.br\/wp-content\/uploads\/2023\/11\/postimg-6568020a745482849.jpg?resize=150%2C150&ssl=1",150,150,true],"medium":["https:\/\/i0.wp.com\/ismaelcolosi.com.br\/wp-content\/uploads\/2023\/11\/postimg-6568020a745482849.jpg?fit=300%2C157&ssl=1",300,157,true],"medium_large":["https:\/\/i0.wp.com\/ismaelcolosi.com.br\/wp-content\/uploads\/2023\/11\/postimg-6568020a745482849.jpg?fit=768%2C402&ssl=1",768,402,true],"large":["https:\/\/i0.wp.com\/ismaelcolosi.com.br\/wp-content\/uploads\/2023\/11\/postimg-6568020a745482849.jpg?fit=1024%2C536&ssl=1",1024,536,true],"1536x1536":["https:\/\/i0.wp.com\/ismaelcolosi.com.br\/wp-content\/uploads\/2023\/11\/postimg-6568020a745482849.jpg?fit=1200%2C628&ssl=1",1200,628,true],"2048x2048":["https:\/\/i0.wp.com\/ismaelcolosi.com.br\/wp-content\/uploads\/2023\/11\/postimg-6568020a745482849.jpg?fit=1200%2C628&ssl=1",1200,628,true],"neve-blog":["https:\/\/i0.wp.com\/ismaelcolosi.com.br\/wp-content\/uploads\/2023\/11\/postimg-6568020a745482849.jpg?resize=930%2C620&ssl=1",930,620,true]},"uagb_author_info":{"display_name":"ismaelcolosi.com.br","author_link":"https:\/\/ismaelcolosi.com.br\/author\/vidareal-online\/"},"uagb_comment_info":0,"uagb_excerpt":"[ad_1] Um querido jogador de futebol respeitado no cen\u00e1rio mundial esportivo perdeu a vida de maneira tr\u00e1gica quando seguia para um funeral. O ex-jogador de futebol sul-africano, Papi Khomane, perdeu a vida no \u00faltimo final de semana em um acidente de carro. Ele estava a caminho de um funeral em Newcastle, acompanhado de sua m\u00e3e&hellip;&nbsp;","jetpack-related-posts":[{"id":21350,"url":"https:\/\/ismaelcolosi.com.br\/index.php\/2023\/12\/27\/quem-era-a-digital-influencer-que-teve-a-vida-ceifada-pelo-ex-diante-da-filha-autor-do-crime-atentou-contra-si-apos-barbarie\/","url_meta":{"origin":8360,"position":0},"title":"Quem era a digital influencer que teve a vida ceifada pelo ex diante da filha; autor do crime atentou contra si ap\u00f3s barb\u00e1rie","author":"ismaelcolosi.com.br","date":"27 de Dezembro de 2023","format":false,"excerpt":"[ad_1] Theresa Cachuela, uma influenciadora de 33 anos e empreendedora da ind\u00fastria de beleza no Hava\u00ed, al\u00e9m de ser m\u00e3e de tr\u00eas filhos, encontrou um tr\u00e1gico fim na \u00faltima sexta-feira (22).Ela foi assassinada pelo ex-marido diante da filha mais nova, em um incidente que ocorreu no estacionamento de um shopping\u2026","rel":"","context":"In &quot;Blog&quot;","block_context":{"text":"Blog","link":"https:\/\/ismaelcolosi.com.br\/index.php\/category\/blog\/"},"img":{"alt_text":"","src":"https:\/\/i0.wp.com\/ismaelcolosi.com.br\/wp-content\/uploads\/2023\/12\/postimg-658c6abee62082771.jpg?fit=1200%2C628&ssl=1&resize=350%2C200","width":350,"height":200,"srcset":"https:\/\/i0.wp.com\/ismaelcolosi.com.br\/wp-content\/uploads\/2023\/12\/postimg-658c6abee62082771.jpg?fit=1200%2C628&ssl=1&resize=350%2C200 1x, https:\/\/i0.wp.com\/ismaelcolosi.com.br\/wp-content\/uploads\/2023\/12\/postimg-658c6abee62082771.jpg?fit=1200%2C628&ssl=1&resize=525%2C300 1.5x, https:\/\/i0.wp.com\/ismaelcolosi.com.br\/wp-content\/uploads\/2023\/12\/postimg-658c6abee62082771.jpg?fit=1200%2C628&ssl=1&resize=700%2C400 2x, https:\/\/i0.wp.com\/ismaelcolosi.com.br\/wp-content\/uploads\/2023\/12\/postimg-658c6abee62082771.jpg?fit=1200%2C628&ssl=1&resize=1050%2C600 3x"},"classes":[]},{"id":26004,"url":"https:\/\/ismaelcolosi.com.br\/index.php\/2024\/01\/08\/filhos-ex-jogadores-e-fas-celebram-legado-de-zagallo\/","url_meta":{"origin":8360,"position":1},"title":"Filhos, ex-jogadores e f\u00e3s celebram legado de Zagallo \u2013 Folha de Ribeir\u00e3o","author":"ismaelcolosi.com.br","date":"8 de Janeiro de 2024","format":false,"excerpt":"[ad_1] Alegria, simplicidade e amor \u00e0 sele\u00e7\u00e3o. Essas s\u00e3o as palavras mais usadas por aqueles que compareceram neste domingo ao vel\u00f3rio do tetracampe\u00e3o M\u00e1rio Jorge Lobo Zagallo. Familiares, jogadores, jornalistas esportivos, dirigentes de clubes e admiradores compareceram \u00e0 sede da Confedera\u00e7\u00e3o Brasileira de Futebol (CBF), na Barra da Tijuca, na\u2026","rel":"","context":"In &quot;Not\u00edcias de Ribeir\u00e3o Preto-SP e Regi\u00e3o&quot;","block_context":{"text":"Not\u00edcias de Ribeir\u00e3o Preto-SP e Regi\u00e3o","link":"https:\/\/ismaelcolosi.com.br\/index.php\/category\/noticias-de-ribeirao-preto-sp-e-regiao-ismael-colosi\/"},"img":{"alt_text":"Morre o tetracampe\u00e3o mundial Mario Jorge Lobo Zagallo aos 92 anos. Foto: Instagram\/ZagalloOficial","src":"https:\/\/i0.wp.com\/imagens.ebc.com.br\/Z3Lc3Dtd8zetgYjiAcR90Q_75qE%3D\/365x0\/smart\/https%3A\/\/agenciabrasil.ebc.com.br\/sites\/default\/files\/thumbnails\/image\/zagallo3.jpg?resize=350%2C200&ssl=1","width":350,"height":200},"classes":[]},{"id":10565,"url":"https:\/\/ismaelcolosi.com.br\/index.php\/2023\/12\/04\/jogador-de-futebol-de-sp-tirou-a-vida-de-maneira-covarde-do-namorado-da-ex-e-em-seguida-cometeu-abuso-contra-ela\/","url_meta":{"origin":8360,"position":2},"title":"Jogador de futebol de SP tirou a vida de maneira covarde do namorado da ex e em seguida cometeu abuso contra ela","author":"ismaelcolosi.com.br","date":"4 de Dezembro de 2023","format":false,"excerpt":"[ad_1] Um caso horrendo chocou a popula\u00e7\u00e3o de uma cidade de localizada no estado do interior de S\u00e3o Paulo. O assassinato brutal de um homem seguido do abuso de uma mulher chocou a popula\u00e7\u00e3o da cidade de Jandira, localizada na Regi\u00e3o Metropolitana de S\u00e3o Pulo.O crime foi praticado por volta\u2026","rel":"","context":"In &quot;Blog&quot;","block_context":{"text":"Blog","link":"https:\/\/ismaelcolosi.com.br\/index.php\/category\/blog\/"},"img":{"alt_text":"","src":"https:\/\/i0.wp.com\/ismaelcolosi.com.br\/wp-content\/uploads\/2023\/12\/postimg-656e3c540828c2107.jpg?fit=1200%2C628&ssl=1&resize=350%2C200","width":350,"height":200,"srcset":"https:\/\/i0.wp.com\/ismaelcolosi.com.br\/wp-content\/uploads\/2023\/12\/postimg-656e3c540828c2107.jpg?fit=1200%2C628&ssl=1&resize=350%2C200 1x, https:\/\/i0.wp.com\/ismaelcolosi.com.br\/wp-content\/uploads\/2023\/12\/postimg-656e3c540828c2107.jpg?fit=1200%2C628&ssl=1&resize=525%2C300 1.5x, https:\/\/i0.wp.com\/ismaelcolosi.com.br\/wp-content\/uploads\/2023\/12\/postimg-656e3c540828c2107.jpg?fit=1200%2C628&ssl=1&resize=700%2C400 2x, https:\/\/i0.wp.com\/ismaelcolosi.com.br\/wp-content\/uploads\/2023\/12\/postimg-656e3c540828c2107.jpg?fit=1200%2C628&ssl=1&resize=1050%2C600 3x"},"classes":[]},{"id":41502,"url":"https:\/\/ismaelcolosi.com.br\/index.php\/2024\/03\/08\/botafogo-perde-gerente-de-futebol-para-selecao-brasileira-entenda\/","url_meta":{"origin":8360,"position":3},"title":"Botafogo perde gerente de futebol para sele\u00e7\u00e3o brasileira; Entenda","author":"ismaelcolosi.com.br","date":"8 de Mar\u00e7o de 2024","format":false,"excerpt":"[ad_1] O gerente executivo de futebol do Botafogo, S\u00e9rgio Dimas, acertou a sa\u00edda do clube de Ribeir\u00e3o Preto para virar o supervisor geral de sele\u00e7\u00f5es masculinas da CBF (Confedera\u00e7\u00e3o Brasileira de Futebol). S\u00e9rgio Dimas foi indicado pelo novo t\u00e9cnico da sele\u00e7\u00e3o e, ex-jogador do Botafogo, Dorival J\u00fanior. \u201cO Botafogo Futebol\u2026","rel":"","context":"In &quot;Not\u00edcias de Ribeir\u00e3o Preto-SP e Regi\u00e3o&quot;","block_context":{"text":"Not\u00edcias de Ribeir\u00e3o Preto-SP e Regi\u00e3o","link":"https:\/\/ismaelcolosi.com.br\/index.php\/category\/noticias-de-ribeirao-preto-sp-e-regiao-ismael-colosi\/"},"img":{"alt_text":"","src":"https:\/\/i0.wp.com\/ismaelcolosi.com.br\/wp-content\/uploads\/2024\/03\/sergio-dimas.jpg?fit=960%2C539&ssl=1&resize=350%2C200","width":350,"height":200,"srcset":"https:\/\/i0.wp.com\/ismaelcolosi.com.br\/wp-content\/uploads\/2024\/03\/sergio-dimas.jpg?fit=960%2C539&ssl=1&resize=350%2C200 1x, https:\/\/i0.wp.com\/ismaelcolosi.com.br\/wp-content\/uploads\/2024\/03\/sergio-dimas.jpg?fit=960%2C539&ssl=1&resize=525%2C300 1.5x, https:\/\/i0.wp.com\/ismaelcolosi.com.br\/wp-content\/uploads\/2024\/03\/sergio-dimas.jpg?fit=960%2C539&ssl=1&resize=700%2C400 2x"},"classes":[]},{"id":47921,"url":"https:\/\/ismaelcolosi.com.br\/index.php\/2024\/04\/29\/ex-jogadora-do-corinthians-e-diagnosticada-com-linfoma-de-hodgkin\/","url_meta":{"origin":8360,"position":4},"title":"Ex-jogadora do Corinthians \u00e9 diagnosticada com Linfoma de Hodgkin","author":"ismaelcolosi.com.br","date":"29 de Abril de 2024","format":false,"excerpt":"[ad_1] A meio-campista da sele\u00e7\u00e3o brasileira feminina de futebol, Luana Bertolucci, ex-jogadora do Corinthians, revelou nesta segunda-feira (29) que foi diagnosticada com Linfoma de Hodgkin, um tipo de c\u00e2ncer que ser origina no sistema linf\u00e1tico. Em comunicado em rede social, a jogadora de 30 anos disse que recebeu o diagn\u00f3stico\u2026","rel":"","context":"In &quot;Not\u00edcias de Ribeir\u00e3o Preto-SP e Regi\u00e3o&quot;","block_context":{"text":"Not\u00edcias de Ribeir\u00e3o Preto-SP e Regi\u00e3o","link":"https:\/\/ismaelcolosi.com.br\/index.php\/category\/noticias-de-ribeirao-preto-sp-e-regiao-ismael-colosi\/"},"img":{"alt_text":"","src":"https:\/\/i0.wp.com\/ismaelcolosi.com.br\/wp-content\/uploads\/2024\/04\/luana_2024-04-29_17-56-21_jpg.webp.webp?fit=941%2C627&ssl=1&resize=350%2C200","width":350,"height":200,"srcset":"https:\/\/i0.wp.com\/ismaelcolosi.com.br\/wp-content\/uploads\/2024\/04\/luana_2024-04-29_17-56-21_jpg.webp.webp?fit=941%2C627&ssl=1&resize=350%2C200 1x, https:\/\/i0.wp.com\/ismaelcolosi.com.br\/wp-content\/uploads\/2024\/04\/luana_2024-04-29_17-56-21_jpg.webp.webp?fit=941%2C627&ssl=1&resize=525%2C300 1.5x, https:\/\/i0.wp.com\/ismaelcolosi.com.br\/wp-content\/uploads\/2024\/04\/luana_2024-04-29_17-56-21_jpg.webp.webp?fit=941%2C627&ssl=1&resize=700%2C400 2x"},"classes":[]},{"id":18580,"url":"https:\/\/ismaelcolosi.com.br\/index.php\/2023\/12\/20\/quem-era-o-jogador-de-17-anos-que-morreu-em-grave-acidente-de-moto-em-sc\/","url_meta":{"origin":8360,"position":5},"title":"Quem era o jogador de 17 anos que morreu em grave acidente de moto em SC","author":"ismaelcolosi.com.br","date":"20 de Dezembro de 2023","format":false,"excerpt":"[ad_1] O mundo do futebol em Rio do Campo, no Vale do Itaja\u00ed, foi atingido por uma devastadora not\u00edcia: Erick Douglas Cordeiro, um jovem talentoso de 17 anos, teve sua jornada interrompida de maneira abrupta em um tr\u00e1gico acidente de tr\u00e2nsito.Descrito por seu treinador, Mauricio Felippe Marian, como uma promessa\u2026","rel":"","context":"In &quot;Blog&quot;","block_context":{"text":"Blog","link":"https:\/\/ismaelcolosi.com.br\/index.php\/category\/blog\/"},"img":{"alt_text":"","src":"https:\/\/i0.wp.com\/ismaelcolosi.com.br\/wp-content\/uploads\/2023\/12\/postimg-65833449e33157208.jpg?fit=1200%2C628&ssl=1&resize=350%2C200","width":350,"height":200,"srcset":"https:\/\/i0.wp.com\/ismaelcolosi.com.br\/wp-content\/uploads\/2023\/12\/postimg-65833449e33157208.jpg?fit=1200%2C628&ssl=1&resize=350%2C200 1x, https:\/\/i0.wp.com\/ismaelcolosi.com.br\/wp-content\/uploads\/2023\/12\/postimg-65833449e33157208.jpg?fit=1200%2C628&ssl=1&resize=525%2C300 1.5x, https:\/\/i0.wp.com\/ismaelcolosi.com.br\/wp-content\/uploads\/2023\/12\/postimg-65833449e33157208.jpg?fit=1200%2C628&ssl=1&resize=700%2C400 2x, https:\/\/i0.wp.com\/ismaelcolosi.com.br\/wp-content\/uploads\/2023\/12\/postimg-65833449e33157208.jpg?fit=1200%2C628&ssl=1&resize=1050%2C600 3x"},"classes":[]}],"jetpack_sharing_enabled":true,"jetpack_shortlink":"https:\/\/wp.me\/pfMlyK-2aQ","jetpack_featured_media_url":"https:\/\/i0.wp.com\/ismaelcolosi.com.br\/wp-content\/uploads\/2023\/11\/postimg-6568020a745482849.jpg?fit=1200%2C628&ssl=1","_links":{"self":[{"href":"https:\/\/ismaelcolosi.com.br\/index.php\/wp-json\/wp\/v2\/posts\/8360","targetHints":{"allow":["GET"]}}],"collection":[{"href":"https:\/\/ismaelcolosi.com.br\/index.php\/wp-json\/wp\/v2\/posts"}],"about":[{"href":"https:\/\/ismaelcolosi.com.br\/index.php\/wp-json\/wp\/v2\/types\/post"}],"author":[{"embeddable":true,"href":"https:\/\/ismaelcolosi.com.br\/index.php\/wp-json\/wp\/v2\/users\/1"}],"replies":[{"embeddable":true,"href":"https:\/\/ismaelcolosi.com.br\/index.php\/wp-json\/wp\/v2\/comments?post=8360"}],"version-history":[{"count":0,"href":"https:\/\/ismaelcolosi.com.br\/index.php\/wp-json\/wp\/v2\/posts\/8360\/revisions"}],"wp:featuredmedia":[{"embeddable":true,"href":"https:\/\/ismaelcolosi.com.br\/index.php\/wp-json\/wp\/v2\/media\/8361"}],"wp:attachment":[{"href":"https:\/\/ismaelcolosi.com.br\/index.php\/wp-json\/wp\/v2\/media?parent=8360"}],"wp:term":[{"taxonomy":"category","embeddable":true,"href":"https:\/\/ismaelcolosi.com.br\/index.php\/wp-json\/wp\/v2\/categories?post=8360"},{"taxonomy":"post_tag","embeddable":true,"href":"https:\/\/ismaelcolosi.com.br\/index.php\/wp-json\/wp\/v2\/tags?post=8360"}],"curies":[{"name":"wp","href":"https:\/\/api.w.org\/{rel}","templated":true}]}}