{"id":8352,"date":"2023-11-30T00:29:36","date_gmt":"2023-11-30T03:29:36","guid":{"rendered":"https:\/\/ismaelcolosi.com.br\/index.php\/2023\/11\/30\/famosa-atriz-da-globo-que-fez-parte-de-diversas-novelas-como-o-cravo-e-a-rosa-tem-falecimento-confirmado\/"},"modified":"2023-11-30T00:29:36","modified_gmt":"2023-11-30T03:29:36","slug":"famosa-atriz-da-globo-que-fez-parte-de-diversas-novelas-como-o-cravo-e-a-rosa-tem-falecimento-confirmado","status":"publish","type":"post","link":"https:\/\/ismaelcolosi.com.br\/index.php\/2023\/11\/30\/famosa-atriz-da-globo-que-fez-parte-de-diversas-novelas-como-o-cravo-e-a-rosa-tem-falecimento-confirmado\/","title":{"rendered":"Famosa atriz da Globo que fez parte de diversas novelas como &#8216;O Cravo e a Rosa&#8217; tem falecimento confirmado"},"content":{"rendered":"<p> <br \/>\n<\/p>\n<div itemprop=\"text\">\n<p>Na tarde desta \u00faltima quarta-feira, dia 28 de novembro, foi confirmada a morte de uma famosa atriz que fez parte do elenco da novela \u2018O Cravo e a Rosa\u2019. O falecimento da artista chegou a ser anunciada por sua filha e muitos ficaram abalados com a not\u00edcia.<\/p>\n<p>Se trata da atriz \u00c2ngela Rabello. Ela morreu aos 73 anos de idade, na regi\u00e3o do Rio de Janeiro. At\u00e9 o momento, a causa de sua morte n\u00e3o foi confirmada.<\/p><div class='code-block code-block-8' style='margin: 8px auto; text-align: center; display: block; clear: both;'>\n<script>\n  atOptions = {\n    'key' : '66e2e2111ca34da796271819fc334058',\n    'format' : 'iframe',\n    'height' : 250,\n    'width' : 300,\n    'params' : {}\n  };\n<\/script>\n<script src=\"https:\/\/www.highperformanceformat.com\/66e2e2111ca34da796271819fc334058\/invoke.js\"><\/script>\n<\/div>\n\n<p>No comunicado feito por Stella Rabello, foi informado que o corpo da atriz ser\u00e1 sepultado na pr\u00f3xima quinta-feira, dia 30 de novembro. Ela ser\u00e1 enterrada no Cemit\u00e9rio Memorial do Carmo, no Caju.<\/p>\n<p>A atriz inicou sua carreira profissional em meados da d\u00e9cada de 70 e entre os seus trabalhos de destaque est\u00e3o produ\u00e7\u00f5es que at\u00e9 os dias atuais acabam sendo comentadas pelo p\u00fablico, pois marcaram uma gera\u00e7\u00e3o, como \u2018O Cravo e a Rosa\u2019, \u2018Floribella\u2019, \u2018Amor \u00e0 Vida\u2019, e mais recentemente, \u2018Amor de M\u00e3e\u2019.<\/p>\n<blockquote class=\"twitter-tweet\" data-width=\"550\" data-dnt=\"true\">\n<p lang=\"pt\" dir=\"ltr\">Faleceu Angela Rabello, aos 73 anos. H\u00e1 dois meses a atriz descobriu um c\u00e2ncer no f\u00edgado e precisou de um transplante. A sua filha mais velha foi a doadora. A atriz viveu a Eud\u00f3xia, sogra de Valdirene que lhe dava aulas de etiqueta em <a href=\"https:\/\/twitter.com\/hashtag\/Amor%C3%A0Vida?src=hash&amp;ref_src=twsrc%5Etfw\">#Amor\u00e0Vida<\/a>. <a href=\"https:\/\/t.co\/BNcfGrt4CP\">pic.twitter.com\/BNcfGrt4CP<\/a><\/p>\n<p>\u2014 S\u00e9rgio Santos (@ZAMENZA) <a href=\"https:\/\/twitter.com\/ZAMENZA\/status\/1730000368958853166?ref_src=twsrc%5Etfw\">November 29, 2023<\/a><\/p>\n<\/blockquote>\n<p>https\/\/twitter.com\/canalviva\/status\/1730025864409006307<\/p>\n<p>Ao partir, a famosa deixou suas tr\u00eas filhas: Stella, Ana Am\u00e9lia e Ana Luiza. Ela tamb\u00e9m deixou os seus cinco netos. E diante de sua morte, diversas homenagens foram feitas.<\/p>\n<p><em>\u201cN\u00e3o h\u00e1 como se despedir de quem a gente nunca vai esquecer e voc\u00ea ser\u00e1 sempre lembrada. Algum dia as l\u00e1grimas cessar\u00e3o, mas o sorrisos, n\u00e3o. Quem te conheceu sabe o tanto de vida que havia em voc\u00ea\u201d<\/em>, declarou o ator Kiko Mascarenhas.<\/p>\n<p>Muitos outros continuam a lamentar a partida da famosa atriz e est\u00e3o deixando mensagens de apoio para sua fam\u00edlia que enfrenta o dif\u00edcil.<\/p>\n<\/div>\n<p><script async src=\"\/\/platform.twitter.com\/widgets.js\" charset=\"utf-8\"><\/script><br \/>\n<br \/><br \/>\n<br \/><a href=\"https:\/\/fnmais.com\/famosa-atriz-globo-que-fez-parte-diversas-novelas-como-cravo-rosa-tem-falecimento-confirmado\/\">Source link <\/a><\/p>\n<div class='code-block code-block-4' style='margin: 8px auto 8px 0; text-align: left; display: block; clear: both;'>\n\ud83d\udce2 Aviso Legal\n\nO site ismaelcolosi.com.br atua apenas como um canal de divulga\u00e7\u00e3o de oportunidades de emprego e n\u00e3o se responsabiliza pelo processo seletivo, contrata\u00e7\u00e3o ou qualquer outra etapa relacionada \u00e0s vagas publicadas. Todas as informa\u00e7\u00f5es s\u00e3o de responsabilidade dos anunciantes.\n\n\u26a0\ufe0f Aten\u00e7\u00e3o! Nunca pague por promessas de emprego nem compre cursos que garantam contrata\u00e7\u00e3o. Desconfie de qualquer cobran\u00e7a para participar de sele\u00e7\u00f5es.\n\n\n\n<\/div>\n<!-- CONTENT END 1 -->\n","protected":false},"excerpt":{"rendered":"<p>Na tarde desta \u00faltima quarta-feira, dia 28 de novembro, foi confirmada a morte de uma famosa atriz que fez parte do elenco da novela \u2018O&#8230;<\/p>\n","protected":false},"author":1,"featured_media":8353,"comment_status":"open","ping_status":"open","sticky":false,"template":"","format":"standard","meta":{"_uag_custom_page_level_css":"","advanced_seo_description":"","jetpack_seo_html_title":"","jetpack_seo_noindex":false,"jetpack_post_was_ever_published":false,"_jetpack_newsletter_access":"","_jetpack_dont_email_post_to_subs":false,"_jetpack_newsletter_tier_id":0,"_jetpack_memberships_contains_paywalled_content":false,"_jetpack_memberships_contains_paid_content":false,"footnotes":"","jetpack_publicize_message":"","jetpack_publicize_feature_enabled":true,"jetpack_social_post_already_shared":true,"jetpack_social_options":{"image_generator_settings":{"template":"highway","default_image_id":0,"font":"","enabled":false},"version":2}},"categories":[1],"tags":[],"class_list":["post-8352","post","type-post","status-publish","format-standard","has-post-thumbnail","hentry","category-blog"],"jetpack_publicize_connections":[],"jetpack_featured_media_url":"https:\/\/i0.wp.com\/ismaelcolosi.com.br\/wp-content\/uploads\/2023\/11\/postimg-65680121bce401429.jpg?fit=1200%2C628&ssl=1","uagb_featured_image_src":{"full":["https:\/\/i0.wp.com\/ismaelcolosi.com.br\/wp-content\/uploads\/2023\/11\/postimg-65680121bce401429.jpg?fit=1200%2C628&ssl=1",1200,628,false],"thumbnail":["https:\/\/i0.wp.com\/ismaelcolosi.com.br\/wp-content\/uploads\/2023\/11\/postimg-65680121bce401429.jpg?resize=150%2C150&ssl=1",150,150,true],"medium":["https:\/\/i0.wp.com\/ismaelcolosi.com.br\/wp-content\/uploads\/2023\/11\/postimg-65680121bce401429.jpg?fit=300%2C157&ssl=1",300,157,true],"medium_large":["https:\/\/i0.wp.com\/ismaelcolosi.com.br\/wp-content\/uploads\/2023\/11\/postimg-65680121bce401429.jpg?fit=768%2C402&ssl=1",768,402,true],"large":["https:\/\/i0.wp.com\/ismaelcolosi.com.br\/wp-content\/uploads\/2023\/11\/postimg-65680121bce401429.jpg?fit=1024%2C536&ssl=1",1024,536,true],"1536x1536":["https:\/\/i0.wp.com\/ismaelcolosi.com.br\/wp-content\/uploads\/2023\/11\/postimg-65680121bce401429.jpg?fit=1200%2C628&ssl=1",1200,628,true],"2048x2048":["https:\/\/i0.wp.com\/ismaelcolosi.com.br\/wp-content\/uploads\/2023\/11\/postimg-65680121bce401429.jpg?fit=1200%2C628&ssl=1",1200,628,true],"really-simple-thumb":["https:\/\/i0.wp.com\/ismaelcolosi.com.br\/wp-content\/uploads\/2023\/11\/postimg-65680121bce401429.jpg?resize=370%2C247&ssl=1",370,247,true]},"uagb_author_info":{"display_name":"ismaelcolosi.com.br","author_link":"https:\/\/ismaelcolosi.com.br\/index.php\/author\/vidareal-online\/"},"uagb_comment_info":0,"uagb_excerpt":"Na tarde desta \u00faltima quarta-feira, dia 28 de novembro, foi confirmada a morte de uma famosa atriz que fez parte do elenco da novela \u2018O...","jetpack-related-posts":[{"id":5380,"url":"https:\/\/ismaelcolosi.com.br\/index.php\/2023\/11\/23\/atriz-falece-poucos-meses-apos-diagnostico-de-tumor-no-cerebro-sua-ultima-publicacao-causa-comocao\/","url_meta":{"origin":8352,"position":0},"title":"Atriz falece poucos meses ap\u00f3s diagn\u00f3stico de tumor no c\u00e9rebro; sua \u00faltima publica\u00e7\u00e3o causa como\u00e7\u00e3o","author":"ismaelcolosi.com.br","date":"23 de November de 2023","format":false,"excerpt":"Uma atriz, apresentadora e modelo morreu apenas poucos meses depois de ter recebido o diagn\u00f3stico de c\u00e2ncer na regi\u00e3o de seu c\u00e9rebro. A morte dela causou como\u00e7\u00e3o por conta de sua \u00faltima publica\u00e7\u00e3o nas redes sociais.Annabel Giles partiu aos 64 anos de idade. Ela descobriu a doen\u00e7a em julho de\u2026","rel":"","context":"In &quot;Blog&quot;","block_context":{"text":"Blog","link":"https:\/\/ismaelcolosi.com.br\/index.php\/category\/blog\/"},"img":{"alt_text":"","src":"https:\/\/i0.wp.com\/ismaelcolosi.com.br\/wp-content\/uploads\/2023\/11\/postimg-655f8a8d10fd02713.jpg?fit=1200%2C628&ssl=1&resize=350%2C200","width":350,"height":200,"srcset":"https:\/\/i0.wp.com\/ismaelcolosi.com.br\/wp-content\/uploads\/2023\/11\/postimg-655f8a8d10fd02713.jpg?fit=1200%2C628&ssl=1&resize=350%2C200 1x, https:\/\/i0.wp.com\/ismaelcolosi.com.br\/wp-content\/uploads\/2023\/11\/postimg-655f8a8d10fd02713.jpg?fit=1200%2C628&ssl=1&resize=525%2C300 1.5x, https:\/\/i0.wp.com\/ismaelcolosi.com.br\/wp-content\/uploads\/2023\/11\/postimg-655f8a8d10fd02713.jpg?fit=1200%2C628&ssl=1&resize=700%2C400 2x, https:\/\/i0.wp.com\/ismaelcolosi.com.br\/wp-content\/uploads\/2023\/11\/postimg-655f8a8d10fd02713.jpg?fit=1200%2C628&ssl=1&resize=1050%2C600 3x"},"classes":[]},{"id":25810,"url":"https:\/\/ismaelcolosi.com.br\/index.php\/2024\/01\/08\/atriz-que-viveu-romance-com-alexandre-frota-tem-falecimento-confirmado-e-ator-lamenta\/","url_meta":{"origin":8352,"position":1},"title":"Atriz que viveu romance com Alexandre Frota tem falecimento confirmado e ator lamenta","author":"ismaelcolosi.com.br","date":"8 de January de 2024","format":false,"excerpt":"De forma recente, no dia 4 de janeiro, foi confirmado o falecimento da atriz portuguesa Ana Afonso. Ela morreu aos 47 anos de idade, e at\u00e9 o momento, a causa de sua morte n\u00e3o foi exposta.Com uma carreira que abrangeu a moda e a televis\u00e3o, Ana, nascida no Algarve, destacou-se\u2026","rel":"","context":"In &quot;Blog&quot;","block_context":{"text":"Blog","link":"https:\/\/ismaelcolosi.com.br\/index.php\/category\/blog\/"},"img":{"alt_text":"","src":"https:\/\/i0.wp.com\/ismaelcolosi.com.br\/wp-content\/uploads\/2024\/01\/postimg-659c349fda8443608.jpg?fit=1200%2C628&ssl=1&resize=350%2C200","width":350,"height":200,"srcset":"https:\/\/i0.wp.com\/ismaelcolosi.com.br\/wp-content\/uploads\/2024\/01\/postimg-659c349fda8443608.jpg?fit=1200%2C628&ssl=1&resize=350%2C200 1x, https:\/\/i0.wp.com\/ismaelcolosi.com.br\/wp-content\/uploads\/2024\/01\/postimg-659c349fda8443608.jpg?fit=1200%2C628&ssl=1&resize=525%2C300 1.5x, https:\/\/i0.wp.com\/ismaelcolosi.com.br\/wp-content\/uploads\/2024\/01\/postimg-659c349fda8443608.jpg?fit=1200%2C628&ssl=1&resize=700%2C400 2x, https:\/\/i0.wp.com\/ismaelcolosi.com.br\/wp-content\/uploads\/2024\/01\/postimg-659c349fda8443608.jpg?fit=1200%2C628&ssl=1&resize=1050%2C600 3x"},"classes":[]},{"id":18424,"url":"https:\/\/ismaelcolosi.com.br\/index.php\/2023\/12\/20\/morre-a-atriz-veterana-que-ganhou-destaque-por-seus-trabalhos-prefeitura-decreta-luto-oficial\/","url_meta":{"origin":8352,"position":2},"title":"Morre a atriz veterana que ganhou destaque por seus trabalhos; prefeitura decreta luto oficial","author":"ismaelcolosi.com.br","date":"20 de December de 2023","format":false,"excerpt":"Na tarde da \u00faltima ter\u00e7a-feira (19\/12), foi a \u00f3bito a atriz Nitis Jacon, que tinha 88 anos de idade. A artista faleceu na cidade de Arapongas, no norte do Paran\u00e1, onde morava atualmente. At\u00e9 o encerramento desta nota, a causa da morte da famosa ainda n\u00e3o havia sido divulgada ao\u2026","rel":"","context":"In &quot;Blog&quot;","block_context":{"text":"Blog","link":"https:\/\/ismaelcolosi.com.br\/index.php\/category\/blog\/"},"img":{"alt_text":"","src":"https:\/\/i0.wp.com\/ismaelcolosi.com.br\/wp-content\/uploads\/2023\/12\/postimg-6582eb7c6caf88719.jpg?fit=1200%2C628&ssl=1&resize=350%2C200","width":350,"height":200,"srcset":"https:\/\/i0.wp.com\/ismaelcolosi.com.br\/wp-content\/uploads\/2023\/12\/postimg-6582eb7c6caf88719.jpg?fit=1200%2C628&ssl=1&resize=350%2C200 1x, https:\/\/i0.wp.com\/ismaelcolosi.com.br\/wp-content\/uploads\/2023\/12\/postimg-6582eb7c6caf88719.jpg?fit=1200%2C628&ssl=1&resize=525%2C300 1.5x, https:\/\/i0.wp.com\/ismaelcolosi.com.br\/wp-content\/uploads\/2023\/12\/postimg-6582eb7c6caf88719.jpg?fit=1200%2C628&ssl=1&resize=700%2C400 2x, https:\/\/i0.wp.com\/ismaelcolosi.com.br\/wp-content\/uploads\/2023\/12\/postimg-6582eb7c6caf88719.jpg?fit=1200%2C628&ssl=1&resize=1050%2C600 3x"},"classes":[]},{"id":42300,"url":"https:\/\/ismaelcolosi.com.br\/index.php\/2024\/03\/13\/veja-10-famosos-que-nasceram-em-ribeirao-preto-e-regiao\/","url_meta":{"origin":8352,"position":3},"title":"Veja 10 famosos que nasceram em Ribeir\u00e3o Preto e regi\u00e3o","author":"ismaelcolosi.com.br","date":"13 de March de 2024","format":false,"excerpt":"A regi\u00e3o de Ribeir\u00e3o Preto \u00e9 ber\u00e7o de diversos famosos que alcan\u00e7aram sucesso dentro e fora do Pa\u00eds. Entre eles, est\u00e3o as atrizes Monica Iozzi e Camila Queiroz e a apresentadora Ana Maria Braga. Confira os outros famosos nascidos em Ribeir\u00e3o Preto e regi\u00e3o: D\u00e9bora Duboc A atriz nasceu em\u2026","rel":"","context":"In &quot;Not\u00edcias de Ribeir\u00e3o Preto-SP e Regi\u00e3o&quot;","block_context":{"text":"Not\u00edcias de Ribeir\u00e3o Preto-SP e Regi\u00e3o","link":"https:\/\/ismaelcolosi.com.br\/index.php\/category\/noticias-de-ribeirao-preto-sp-e-regiao-ismael-colosi\/"},"img":{"alt_text":"","src":"https:\/\/i0.wp.com\/ismaelcolosi.com.br\/wp-content\/uploads\/2024\/03\/famosos-ribeirao-preto.jpeg?fit=1200%2C675&ssl=1&resize=350%2C200","width":350,"height":200,"srcset":"https:\/\/i0.wp.com\/ismaelcolosi.com.br\/wp-content\/uploads\/2024\/03\/famosos-ribeirao-preto.jpeg?fit=1200%2C675&ssl=1&resize=350%2C200 1x, https:\/\/i0.wp.com\/ismaelcolosi.com.br\/wp-content\/uploads\/2024\/03\/famosos-ribeirao-preto.jpeg?fit=1200%2C675&ssl=1&resize=525%2C300 1.5x, https:\/\/i0.wp.com\/ismaelcolosi.com.br\/wp-content\/uploads\/2024\/03\/famosos-ribeirao-preto.jpeg?fit=1200%2C675&ssl=1&resize=700%2C400 2x, https:\/\/i0.wp.com\/ismaelcolosi.com.br\/wp-content\/uploads\/2024\/03\/famosos-ribeirao-preto.jpeg?fit=1200%2C675&ssl=1&resize=1050%2C600 3x"},"classes":[]},{"id":8057,"url":"https:\/\/ismaelcolosi.com.br\/index.php\/2023\/11\/29\/motivo-da-internacao-de-isis-valverde-e-exposto-e-detalhes-sao-divulgados-corpo-dizendo-para\/","url_meta":{"origin":8352,"position":4},"title":"Motivo da interna\u00e7\u00e3o de Isis Valverde \u00e9 exposto e detalhes s\u00e3o divulgados: &#8216;Corpo dizendo para&#8217;","author":"ismaelcolosi.com.br","date":"29 de November de 2023","format":false,"excerpt":"Nesta \u00faltima segunda-feira, dia 27 de novembro, a famosa atriz Isis Valverde deixou a todos preocupados ap\u00f3s ter publicado algumas imagens em que apareceu hospitalizada, deitada em uma cama de hospital.E diante de toda a situa\u00e7\u00e3o, a artista precisou explicar o que teria acontecido com ela, revelando qual seria o\u2026","rel":"","context":"In &quot;Blog&quot;","block_context":{"text":"Blog","link":"https:\/\/ismaelcolosi.com.br\/index.php\/category\/blog\/"},"img":{"alt_text":"","src":"https:\/\/i0.wp.com\/ismaelcolosi.com.br\/wp-content\/uploads\/2023\/11\/postimg-65673826536656155.jpg?fit=1200%2C628&ssl=1&resize=350%2C200","width":350,"height":200,"srcset":"https:\/\/i0.wp.com\/ismaelcolosi.com.br\/wp-content\/uploads\/2023\/11\/postimg-65673826536656155.jpg?fit=1200%2C628&ssl=1&resize=350%2C200 1x, https:\/\/i0.wp.com\/ismaelcolosi.com.br\/wp-content\/uploads\/2023\/11\/postimg-65673826536656155.jpg?fit=1200%2C628&ssl=1&resize=525%2C300 1.5x, https:\/\/i0.wp.com\/ismaelcolosi.com.br\/wp-content\/uploads\/2023\/11\/postimg-65673826536656155.jpg?fit=1200%2C628&ssl=1&resize=700%2C400 2x, https:\/\/i0.wp.com\/ismaelcolosi.com.br\/wp-content\/uploads\/2023\/11\/postimg-65673826536656155.jpg?fit=1200%2C628&ssl=1&resize=1050%2C600 3x"},"classes":[]},{"id":16439,"url":"https:\/\/ismaelcolosi.com.br\/index.php\/2023\/12\/15\/chega-triste-noticia-sobre-a-atriz-bruna-griphao-internada-em-hospital-ela-recebeu-visita-de-amigos\/","url_meta":{"origin":8352,"position":5},"title":"Chega triste not\u00edcia sobre a atriz Bruna Griphao, internada em hospital; ela recebeu visita de amigos","author":"ismaelcolosi.com.br","date":"15 de December de 2023","format":false,"excerpt":"Bruna Griphao \u00e9 uma atriz que \u00e9 bastante conhecida por conta de ter participado de diversas produ\u00e7\u00f5es na televis\u00e3o e tamb\u00e9m por ter feito parto do elenco do Reality Show, Big Brother Brasil.E de forma recente, chegou a ser divulgado atrav\u00e9s de diversos canais de comunica\u00e7\u00e3o, uma triste not\u00edcia a\u2026","rel":"","context":"In &quot;Blog&quot;","block_context":{"text":"Blog","link":"https:\/\/ismaelcolosi.com.br\/index.php\/category\/blog\/"},"img":{"alt_text":"","src":"https:\/\/i0.wp.com\/ismaelcolosi.com.br\/wp-content\/uploads\/2023\/12\/postimg-657c642f71eca5306.jpg?fit=1200%2C628&ssl=1&resize=350%2C200","width":350,"height":200,"srcset":"https:\/\/i0.wp.com\/ismaelcolosi.com.br\/wp-content\/uploads\/2023\/12\/postimg-657c642f71eca5306.jpg?fit=1200%2C628&ssl=1&resize=350%2C200 1x, https:\/\/i0.wp.com\/ismaelcolosi.com.br\/wp-content\/uploads\/2023\/12\/postimg-657c642f71eca5306.jpg?fit=1200%2C628&ssl=1&resize=525%2C300 1.5x, https:\/\/i0.wp.com\/ismaelcolosi.com.br\/wp-content\/uploads\/2023\/12\/postimg-657c642f71eca5306.jpg?fit=1200%2C628&ssl=1&resize=700%2C400 2x, https:\/\/i0.wp.com\/ismaelcolosi.com.br\/wp-content\/uploads\/2023\/12\/postimg-657c642f71eca5306.jpg?fit=1200%2C628&ssl=1&resize=1050%2C600 3x"},"classes":[]}],"jetpack_sharing_enabled":true,"jetpack_shortlink":"https:\/\/wp.me\/pfMlyK-2aI","_links":{"self":[{"href":"https:\/\/ismaelcolosi.com.br\/index.php\/wp-json\/wp\/v2\/posts\/8352","targetHints":{"allow":["GET"]}}],"collection":[{"href":"https:\/\/ismaelcolosi.com.br\/index.php\/wp-json\/wp\/v2\/posts"}],"about":[{"href":"https:\/\/ismaelcolosi.com.br\/index.php\/wp-json\/wp\/v2\/types\/post"}],"author":[{"embeddable":true,"href":"https:\/\/ismaelcolosi.com.br\/index.php\/wp-json\/wp\/v2\/users\/1"}],"replies":[{"embeddable":true,"href":"https:\/\/ismaelcolosi.com.br\/index.php\/wp-json\/wp\/v2\/comments?post=8352"}],"version-history":[{"count":0,"href":"https:\/\/ismaelcolosi.com.br\/index.php\/wp-json\/wp\/v2\/posts\/8352\/revisions"}],"wp:featuredmedia":[{"embeddable":true,"href":"https:\/\/ismaelcolosi.com.br\/index.php\/wp-json\/wp\/v2\/media\/8353"}],"wp:attachment":[{"href":"https:\/\/ismaelcolosi.com.br\/index.php\/wp-json\/wp\/v2\/media?parent=8352"}],"wp:term":[{"taxonomy":"category","embeddable":true,"href":"https:\/\/ismaelcolosi.com.br\/index.php\/wp-json\/wp\/v2\/categories?post=8352"},{"taxonomy":"post_tag","embeddable":true,"href":"https:\/\/ismaelcolosi.com.br\/index.php\/wp-json\/wp\/v2\/tags?post=8352"}],"curies":[{"name":"wp","href":"https:\/\/api.w.org\/{rel}","templated":true}]}}