{"id":83406,"date":"2025-02-26T13:34:28","date_gmt":"2025-02-26T16:34:28","guid":{"rendered":"https:\/\/ismaelcolosi.com.br\/index.php\/2025\/02\/26\/contrata-se-lavador-e-acabador\/"},"modified":"2025-02-26T13:34:28","modified_gmt":"2025-02-26T16:34:28","slug":"contrata-se-lavador-e-acabador","status":"publish","type":"post","link":"https:\/\/ismaelcolosi.com.br\/index.php\/2025\/02\/26\/contrata-se-lavador-e-acabador\/","title":{"rendered":"CONTRATA-SE LAVADOR E ACABADOR"},"content":{"rendered":"<div id=\"main\">\n<h5>An\u00fancios<\/h5>\n<ul class=\"listing-card-list \" id=\"listing-card-list\">\n<li class=\"listing-card \">\n                <a class=\"listing-thumb\" href=\"https:\/\/tribunaribeirao.com.br\/classificadostribuna\/index.php?page=item&amp;id=4573\" title=\"CONTRATA-SE LAVADOR E ACABADOR\"><img data-recalc-dims=\"1\" loading=\"lazy\" decoding=\"async\" src=\"https:\/\/i0.wp.com\/tribunaribeirao.com.br\/classificadostribuna\/oc-content\/uploads\/45\/5118_thumbnail.jpg?resize=240%2C200&#038;ssl=1\" title=\"\" alt=\"CONTRATA-SE LAVADOR E ACABADOR\" width=\"240\" height=\"200\" \/><\/a><\/p>\n<\/li>\n<li class=\"listing-card \">\n                <a class=\"listing-thumb\" href=\"https:\/\/tribunaribeirao.com.br\/classificadostribuna\/index.php?page=item&amp;id=4560\" title=\"CONTRATA-SE AUXILIAR DE FARM\u00c1CIA\"><img data-recalc-dims=\"1\" loading=\"lazy\" decoding=\"async\" src=\"https:\/\/i0.wp.com\/tribunaribeirao.com.br\/classificadostribuna\/oc-content\/uploads\/45\/5105_thumbnail.jpg?resize=240%2C200&#038;ssl=1\" title=\"\" alt=\"CONTRATA-SE AUXILIAR DE FARM\u00c1CIA\" width=\"240\" height=\"200\" \/><\/a><\/p>\n<div class=\"listing-detail\">\n<div class=\"listing-cell\">\n<div class=\"listing-data\">\n<div class=\"listing-basicinfo\">\n                    <a href=\"https:\/\/tribunaribeirao.com.br\/classificadostribuna\/index.php?page=item&amp;id=4560\" class=\"title\" title=\"CONTRATA-SE AUXILIAR DE FARM\u00c1CIA\">CONTRATA-SE AUXILIAR DE FARM\u00c1CIA<\/a><\/p>\n<p>\n                        <span class=\"category\">Empregos<\/span> &#8211;<br \/>\n                        <span class=\"location\"> <\/span> <span class=\"g-hide\">&#8211;<\/span> 18\/02\/2025                                            <\/p>\n<p>SINDICATO DOS SERVIDORES MUNICIPAIS DE RIBEIR\u00c3O PRETO, GUATAPAR\u00c1 E PRAD\u00d3POLIS, contrata. Requisitos: Ensino m\u00e9dio completo; Experi\u00eancia na fun\u00e7\u00e3o e Residir em Ribeir\u00e3o Preto.Hor\u00e1rio de Trabalho: Carga hor\u00e1ria: Segunda a Sexta-feira das 08h \u00e0s 17h. At&#8230;<\/p>\n<\/p><\/div>\n<\/p><\/div>\n<\/p><\/div>\n<\/p><\/div>\n<\/li>\n<li class=\"listing-card \">\n                <a class=\"listing-thumb\" href=\"https:\/\/tribunaribeirao.com.br\/classificadostribuna\/index.php?page=item&amp;id=4549\" title=\"VAGA DE APRENDIZ - ENSINO FUNDAMENTAL E M\u00c9DIO\"><img data-recalc-dims=\"1\" loading=\"lazy\" decoding=\"async\" src=\"https:\/\/i0.wp.com\/tribunaribeirao.com.br\/classificadostribuna\/oc-content\/uploads\/45\/5094_thumbnail.jpg?resize=240%2C200&#038;ssl=1\" title=\"\" alt=\"VAGA DE APRENDIZ - ENSINO FUNDAMENTAL E M\u00c9DIO\" width=\"240\" height=\"200\" \/><\/a><\/p>\n<div class=\"listing-detail\">\n<div class=\"listing-cell\">\n<div class=\"listing-data\">\n<div class=\"listing-basicinfo\">\n                    <a href=\"https:\/\/tribunaribeirao.com.br\/classificadostribuna\/index.php?page=item&amp;id=4549\" class=\"title\" title=\"VAGA DE APRENDIZ - ENSINO FUNDAMENTAL E M\u00c9DIO\">VAGA DE APRENDIZ &#8211; ENSINO FUNDAMENTAL E M\u00c9DIO<\/a><\/p>\n<p>\n                        <span class=\"category\">Empregos<\/span> &#8211;<br \/>\n                        <span class=\"location\"> <\/span> <span class=\"g-hide\">&#8211;<\/span> 14\/02\/2025                                            <\/p>\n<p>C\u00f3digo da vaga 5482198\u00a0&#8211; VAGA DE APRENDIZ Empresa: CAIXA ECONOMICALocal: Nova Alian\u00e7a\u00a0&#8211;\u00a0Ribeir\u00e3o Preto &#8211; SP \u00c1rea profissional:\u00a0Arco AdministrativoN\u00edvel escolar: Ensino Fundamental, M\u00e9dio &#8211; dos 14 a 17 anos Hor\u00e1rio de trabalho: 14H \u00e0s 18H Remunera\u00e7\u00e3o:&#8230;<\/p>\n<\/p><\/div>\n<\/p><\/div>\n<\/p><\/div>\n<\/p><\/div>\n<\/li>\n<li class=\"listing-card last\">\n                <a class=\"listing-thumb\" href=\"https:\/\/tribunaribeirao.com.br\/classificadostribuna\/index.php?page=item&amp;id=4548\" title=\"VAGA DE APRENDIZ - ENSINO FUNDAMENTAL E M\u00c9DIO\"><img data-recalc-dims=\"1\" loading=\"lazy\" decoding=\"async\" src=\"https:\/\/i0.wp.com\/tribunaribeirao.com.br\/classificadostribuna\/oc-content\/uploads\/45\/5093_thumbnail.jpg?resize=240%2C200&#038;ssl=1\" title=\"\" alt=\"VAGA DE APRENDIZ - ENSINO FUNDAMENTAL E M\u00c9DIO\" width=\"240\" height=\"200\" \/><\/a><\/p>\n<div class=\"listing-detail\">\n<div class=\"listing-cell\">\n<div class=\"listing-data\">\n<div class=\"listing-basicinfo\">\n                    <a href=\"https:\/\/tribunaribeirao.com.br\/classificadostribuna\/index.php?page=item&amp;id=4548\" class=\"title\" title=\"VAGA DE APRENDIZ - ENSINO FUNDAMENTAL E M\u00c9DIO\">VAGA DE APRENDIZ &#8211; ENSINO FUNDAMENTAL E M\u00c9DIO<\/a><\/p>\n<p>\n                        <span class=\"category\">Empregos<\/span> &#8211;<br \/>\n                        <span class=\"location\"> <\/span> <span class=\"g-hide\">&#8211;<\/span> 14\/02\/2025                                            <\/p>\n<p>C\u00f3digo da vaga 5495152- VAGA DE APRENDIZ Empresa: Comercio\u00a0VarejoLocal: Centro\u00a0&#8211;\u00a0Ribeir\u00e3o Preto &#8211; SP \u00c1rea profissional:\u00a0Arco Com\u00e9rcio Atacadista e VarejistaN\u00edvel escolar: Ensino Fundamental, M\u00e9dio ou Formado Ensino M\u00e9dio. dos 14 a 22 anos Hor\u00e1rio de &#8230;<\/p>\n<\/p><\/div>\n<\/p><\/div>\n<\/p><\/div>\n<\/p><\/div>\n<\/li>\n<li class=\"listing-card \">\n                <a class=\"listing-thumb\" href=\"https:\/\/tribunaribeirao.com.br\/classificadostribuna\/index.php?page=item&amp;id=4532\" title=\"VAGA DE APRENDIZ - CAIXA ECON\u00d4MICA\"><img data-recalc-dims=\"1\" loading=\"lazy\" decoding=\"async\" src=\"https:\/\/i0.wp.com\/tribunaribeirao.com.br\/classificadostribuna\/oc-content\/uploads\/45\/5078_thumbnail.jpg?resize=240%2C200&#038;ssl=1\" title=\"\" alt=\"VAGA DE APRENDIZ - CAIXA ECON\u00d4MICA\" width=\"240\" height=\"200\" \/><\/a><\/p>\n<div class=\"listing-detail\">\n<div class=\"listing-cell\">\n<div class=\"listing-data\">\n<div class=\"listing-basicinfo\">\n                    <a href=\"https:\/\/tribunaribeirao.com.br\/classificadostribuna\/index.php?page=item&amp;id=4532\" class=\"title\" title=\"VAGA DE APRENDIZ - CAIXA ECON\u00d4MICA\">VAGA DE APRENDIZ &#8211; CAIXA ECON\u00d4MICA<\/a><\/p>\n<p>\n                        <span class=\"category\">Empregos<\/span> &#8211;<br \/>\n                        <span class=\"location\"> <\/span> <span class=\"g-hide\">&#8211;<\/span> 10\/02\/2025                                            <\/p>\n<p>C\u00f3digo da vaga\u00a05482198\u00a0&#8211; VAGA DE APRENDIZ Empresa: CAIXA ECON\u00d4MICALocal:\u00a0Nova Alian\u00e7a\u00a0&#8211;\u00a0Ribeir\u00e3o Preto &#8211; SP \u00c1rea profissional:\u00a0Arco AdministrativoN\u00edvel escolar: Ensino Fundamental, M\u00e9dio ou Formado Ensino M\u00e9dio. dos 14 a 17 anos Hor\u00e1rio de trabalho: &#8230;<\/p>\n<\/p><\/div>\n<\/p><\/div>\n<\/p><\/div>\n<\/p><\/div>\n<\/li>\n<li class=\"listing-card \">\n                <a class=\"listing-thumb\" href=\"https:\/\/tribunaribeirao.com.br\/classificadostribuna\/index.php?page=item&amp;id=4531\" title=\"VAGA DE APRENDIZ - COHAB RP\"><img data-recalc-dims=\"1\" loading=\"lazy\" decoding=\"async\" src=\"https:\/\/i0.wp.com\/tribunaribeirao.com.br\/classificadostribuna\/oc-content\/uploads\/45\/5077_thumbnail.jpg?resize=240%2C200&#038;ssl=1\" title=\"\" alt=\"VAGA DE APRENDIZ - COHAB RP\" width=\"240\" height=\"200\" \/><\/a><\/p>\n<div class=\"listing-detail\">\n<div class=\"listing-cell\">\n<div class=\"listing-data\">\n<div class=\"listing-basicinfo\">\n                    <a href=\"https:\/\/tribunaribeirao.com.br\/classificadostribuna\/index.php?page=item&amp;id=4531\" class=\"title\" title=\"VAGA DE APRENDIZ - COHAB RP\">VAGA DE APRENDIZ &#8211; COHAB RP<\/a><\/p>\n<p>\n                        <span class=\"category\">Empregos<\/span> &#8211;<br \/>\n                        <span class=\"location\"> <\/span> <span class=\"g-hide\">&#8211;<\/span> 10\/02\/2025                                            <\/p>\n<p>C\u00f3digo da vaga\u00a05482326\u00a0&#8211; VAGA DE APRENDIZ Empresa:\u00a0COHAB RPLocal:\u00a0Jardim Paulistano &#8211;\u00a0Ribeir\u00e3o Preto &#8211; SP \u00c1rea profissional:\u00a0Arco AdministrativoN\u00edvel escolar: Ensino Fundamental, M\u00e9dio ou Formado Ensino M\u00e9dio. dos 14 a 22 anos Hor\u00e1rio de trabalho: 08&#8230;<\/p>\n<\/p><\/div>\n<\/p><\/div>\n<\/p><\/div>\n<\/p><\/div>\n<\/li>\n<p>\n<script data-cfasync=\"false\" src=\"https:\/\/www.tribunaribeirao.com.br\/cdn-cgi\/scripts\/5c5dd728\/cloudflare-static\/email-decode.min.js\"><\/script><script async=\"\" src=\"https:\/\/pagead2.googlesyndication.com\/pagead\/js\/adsbygoogle.js\"><\/script>&#13;<br \/>\n<!-- Anuncio Horizontal -->&#13;<br \/>\n<ins class=\"adsbygoogle\" style=\"display:block\" data-ad-client=\"ca-pub-6472940315473977\" data-ad-slot=\"9527135572\" data-ad-format=\"auto\" data-full-width-responsive=\"true\"><\/ins>&#13;<br \/>\n<script><![CDATA[\n     (adsbygoogle = window.adsbygoogle || []).push({});\n]]><\/script><\/p>\n<li class=\"listing-card \">\n                <a class=\"listing-thumb\" href=\"https:\/\/tribunaribeirao.com.br\/classificadostribuna\/index.php?page=item&amp;id=4528\" title=\"CASAL PROCURA EMPREGO EM CH\u00c1CARA OU RANCHO\"><img data-recalc-dims=\"1\" loading=\"lazy\" decoding=\"async\" src=\"https:\/\/i0.wp.com\/tribunaribeirao.com.br\/classificadostribuna\/oc-content\/uploads\/45\/5067_thumbnail.jpg?resize=240%2C200&#038;ssl=1\" title=\"\" alt=\"CASAL PROCURA EMPREGO EM CH\u00c1CARA OU RANCHO\" width=\"240\" height=\"200\" \/><\/a><\/p>\n<div class=\"listing-detail\">\n<div class=\"listing-cell\">\n<div class=\"listing-data\">\n<div class=\"listing-basicinfo\">\n                    <a href=\"https:\/\/tribunaribeirao.com.br\/classificadostribuna\/index.php?page=item&amp;id=4528\" class=\"title\" title=\"CASAL PROCURA EMPREGO EM CH\u00c1CARA OU RANCHO\">CASAL PROCURA EMPREGO EM CH\u00c1CARA OU RANCHO<\/a><\/p>\n<p>\n                        <span class=\"category\">Empregos<\/span> &#8211;<br \/>\n                        <span class=\"location\"> <\/span> <span class=\"g-hide\">&#8211;<\/span> 07\/02\/2025                                            <\/p>\n<p>Casal de meia idade sem filho com experi\u00eancia, procura-se ch\u00e1cara ou rancho para administrar e \u00a0morar \u00a0na regi\u00e3o de Ribeir\u00e3o Preto. Tel\u00a0 (16) 99417-6648<\/p>\n<\/p><\/div>\n<\/p><\/div>\n<\/p><\/div>\n<\/p><\/div>\n<\/li>\n<li class=\"listing-card last\">\n                <a class=\"listing-thumb\" href=\"https:\/\/tribunaribeirao.com.br\/classificadostribuna\/index.php?page=item&amp;id=4494\" title=\"CONTRATA-SE VIGILANTES\"><img data-recalc-dims=\"1\" loading=\"lazy\" decoding=\"async\" src=\"https:\/\/i0.wp.com\/tribunaribeirao.com.br\/classificadostribuna\/oc-content\/uploads\/44\/5023_thumbnail.jpg?resize=240%2C200&#038;ssl=1\" title=\"\" alt=\"CONTRATA-SE VIGILANTES\" width=\"240\" height=\"200\" \/><\/a><\/p>\n<\/li>\n<li class=\"listing-card \">\n                <a class=\"listing-thumb\" href=\"https:\/\/tribunaribeirao.com.br\/classificadostribuna\/index.php?page=item&amp;id=4487\" title=\"VAGAS PARA JOVEM APRENDIZ\"><img data-recalc-dims=\"1\" loading=\"lazy\" decoding=\"async\" src=\"https:\/\/i0.wp.com\/tribunaribeirao.com.br\/classificadostribuna\/oc-content\/uploads\/44\/5016_thumbnail.jpg?resize=240%2C200&#038;ssl=1\" title=\"\" alt=\"VAGAS PARA JOVEM APRENDIZ\" width=\"240\" height=\"200\" \/><\/a><\/p>\n<div class=\"listing-detail\">\n<div class=\"listing-cell\">\n<div class=\"listing-data\">\n<div class=\"listing-basicinfo\">\n                    <a href=\"https:\/\/tribunaribeirao.com.br\/classificadostribuna\/index.php?page=item&amp;id=4487\" class=\"title\" title=\"VAGAS PARA JOVEM APRENDIZ\">VAGAS PARA JOVEM APRENDIZ<\/a><\/p>\n<p>\n                        <span class=\"category\">Empregos<\/span> &#8211;<br \/>\n                        <span class=\"location\"> <\/span> <span class=\"g-hide\">&#8211;<\/span> 17\/01\/2025                                            <\/p>\n<p>OPORTUNIDADE DE APRENDIZADO Vaga: Aprendiz para estudantes do Ensino M\u00e9dio Empresa: UNIDOCK&#8217;S ASSESSORIA E LOG\u00cdSTICA DE MATERIAIS LTDA &#8211; DHL Local: Centro Cravinhos &#8211; SP Hor\u00e1rio: das 13h00 \u00e0s 19h00 &#8211; 6 horas di\u00e1rias Sal\u00e1rio: R$ 6,90 por hora (1.069,5&#8230;<\/p>\n<\/p><\/div>\n<\/p><\/div>\n<\/p><\/div>\n<\/p><\/div>\n<\/li>\n<li class=\"listing-card \">\n                <a class=\"listing-thumb\" href=\"https:\/\/tribunaribeirao.com.br\/classificadostribuna\/index.php?page=item&amp;id=4484\" title=\"CONTRATA-SE LAVADOR AUTOMOTIVO \u2013 6 VAGAS\"><img data-recalc-dims=\"1\" loading=\"lazy\" decoding=\"async\" src=\"https:\/\/i0.wp.com\/tribunaribeirao.com.br\/classificadostribuna\/oc-content\/uploads\/44\/5013_thumbnail.jpg?resize=240%2C200&#038;ssl=1\" title=\"\" alt=\"CONTRATA-SE LAVADOR AUTOMOTIVO \u2013 6 VAGAS\" width=\"240\" height=\"200\" \/><\/a><\/p>\n<div class=\"listing-detail\">\n<div class=\"listing-cell\">\n<div class=\"listing-data\">\n<div class=\"listing-basicinfo\">\n                    <a href=\"https:\/\/tribunaribeirao.com.br\/classificadostribuna\/index.php?page=item&amp;id=4484\" class=\"title\" title=\"CONTRATA-SE LAVADOR AUTOMOTIVO \u2013 6 VAGAS\">CONTRATA-SE LAVADOR AUTOMOTIVO \u2013 6 VAGAS<\/a><\/p>\n<p>\n                        <span class=\"category\">Empregos<\/span> &#8211;<br \/>\n                        <span class=\"location\"> <\/span> <span class=\"g-hide\">&#8211;<\/span> 16\/01\/2025                                            <\/p>\n<p>Responsabilidades: Ser comprometido e respons\u00e1vel. Requisitos: Ter experi\u00eancia com limpeza automotiva N\u00c3O \u00e9 obrigat\u00f3rio. Ter disponibilidade de hor\u00e1rios. Os interessados dever\u00e3o entrar em contato pelo e-mail\u00a0<a href=\"https:\/\/www.tribunaribeirao.com.br\/cdn-cgi\/l\/email-protection\" class=\"__cf_email__\" data-cfemail=\"0f686e6d7d666a636e4f687d7a7f6062606d766b666c64216c6062216d7d\">[email\u00a0protected]<\/a> ou WhatsApp &#8230;<\/p>\n<\/p><\/div>\n<\/p><\/div>\n<\/p><\/div>\n<\/p><\/div>\n<\/li>\n<li class=\"listing-card \">\n                <a class=\"listing-thumb\" href=\"https:\/\/tribunaribeirao.com.br\/classificadostribuna\/index.php?page=item&amp;id=4483\" title=\"CONTRATA-SE POLIDOR AUTOMOTIVO \u2013 2 VAGAS\"><img data-recalc-dims=\"1\" loading=\"lazy\" decoding=\"async\" src=\"https:\/\/i0.wp.com\/tribunaribeirao.com.br\/classificadostribuna\/oc-content\/uploads\/44\/5012_thumbnail.jpg?resize=240%2C200&#038;ssl=1\" title=\"\" alt=\"CONTRATA-SE POLIDOR AUTOMOTIVO \u2013 2 VAGAS\" width=\"240\" height=\"200\" \/><\/a><\/p>\n<div class=\"listing-detail\">\n<div class=\"listing-cell\">\n<div class=\"listing-data\">\n<div class=\"listing-basicinfo\">\n                    <a href=\"https:\/\/tribunaribeirao.com.br\/classificadostribuna\/index.php?page=item&amp;id=4483\" class=\"title\" title=\"CONTRATA-SE POLIDOR AUTOMOTIVO \u2013 2 VAGAS\">CONTRATA-SE POLIDOR AUTOMOTIVO \u2013 2 VAGAS<\/a><\/p>\n<p>\n                        <span class=\"category\">Empregos<\/span> &#8211;<br \/>\n                        <span class=\"location\"> <\/span> <span class=\"g-hide\">&#8211;<\/span> 16\/01\/2025                                            <\/p>\n<p>Responsabilidades: Realizar servi\u00e7o de polimento automotivo, manusear produtos e operar equipamentos. Requisitos: Desej\u00e1vel experi\u00eancia na \u00e1rea com m\u00e1quina politriz. Ter disponibilidade de hor\u00e1rios. Os interessados dever\u00e3o entrar em contato pelo e-ma&#8230;<\/p>\n<\/p><\/div>\n<\/p><\/div>\n<\/p><\/div>\n<\/p><\/div>\n<\/li>\n<li class=\"listing-card last\">\n                <a class=\"listing-thumb\" href=\"https:\/\/tribunaribeirao.com.br\/classificadostribuna\/index.php?page=item&amp;id=4482\" title=\"CONTRATA-SE VENDEDOR \u2013 3 VAGAS\"><img data-recalc-dims=\"1\" loading=\"lazy\" decoding=\"async\" src=\"https:\/\/i0.wp.com\/tribunaribeirao.com.br\/classificadostribuna\/oc-content\/uploads\/44\/5011_thumbnail.jpg?resize=240%2C200&#038;ssl=1\" title=\"\" alt=\"CONTRATA-SE VENDEDOR \u2013 3 VAGAS\" width=\"240\" height=\"200\" \/><\/a><\/p>\n<div class=\"listing-detail\">\n<div class=\"listing-cell\">\n<div class=\"listing-data\">\n<div class=\"listing-basicinfo\">\n                    <a href=\"https:\/\/tribunaribeirao.com.br\/classificadostribuna\/index.php?page=item&amp;id=4482\" class=\"title\" title=\"CONTRATA-SE VENDEDOR \u2013 3 VAGAS\">CONTRATA-SE VENDEDOR \u2013 3 VAGAS<\/a><\/p>\n<p>\n                        <span class=\"category\">Empregos<\/span> &#8211;<br \/>\n                        <span class=\"location\"> <\/span> <span class=\"g-hide\">&#8211;<\/span> 16\/01\/2025                                            <\/p>\n<p>Responsabilidades: Oferecer\/vender servi\u00e7os variados na \u00e1rea de tratamento automotivo. Requisitos: Experi\u00eancia com vendas e atendimento ao p\u00fablico. Ter disponibilidade de hor\u00e1rios. Os interessados dever\u00e3o entrar em contato pelo e-mail\u00a0gabriela@grupom&#8230;<\/p>\n<\/p><\/div>\n<\/p><\/div>\n<\/p><\/div>\n<\/p><\/div>\n<\/li>\n<p>\n<script data-cfasync=\"false\" src=\"https:\/\/www.tribunaribeirao.com.br\/cdn-cgi\/scripts\/5c5dd728\/cloudflare-static\/email-decode.min.js\"><\/script><script async=\"\" src=\"https:\/\/pagead2.googlesyndication.com\/pagead\/js\/adsbygoogle.js\"><\/script>&#13;<br \/>\n<!-- Anuncio Horizontal -->&#13;<br \/>\n<ins class=\"adsbygoogle\" style=\"display:block\" data-ad-client=\"ca-pub-6472940315473977\" data-ad-slot=\"9527135572\" data-ad-format=\"auto\" data-full-width-responsive=\"true\"><\/ins>&#13;<br \/>\n<script><![CDATA[\n     (adsbygoogle = window.adsbygoogle || []).push({});\n]]><\/script><\/p>\n<\/ul><\/div>\n<div class='code-block code-block-4' style='margin: 8px auto 8px 0; text-align: left; display: block; clear: both;'>\n\ud83d\udce2 Aviso Legal\n\nO site ismaelcolosi.com.br atua apenas como um canal de divulga\u00e7\u00e3o de oportunidades de emprego e n\u00e3o se responsabiliza pelo processo seletivo, contrata\u00e7\u00e3o ou qualquer outra etapa relacionada \u00e0s vagas publicadas. Todas as informa\u00e7\u00f5es s\u00e3o de responsabilidade dos anunciantes.\n\n\u26a0\ufe0f Aten\u00e7\u00e3o! Nunca pague por promessas de emprego nem compre cursos que garantam contrata\u00e7\u00e3o. Desconfie de qualquer cobran\u00e7a para participar de sele\u00e7\u00f5es.\n\n\n\n<\/div>\n<!-- CONTENT END 1 -->\n","protected":false},"excerpt":{"rendered":"<p>An\u00fancios CONTRATA-SE AUXILIAR DE FARM\u00c1CIA Empregos &#8211; &#8211; 18\/02\/2025 SINDICATO DOS SERVIDORES MUNICIPAIS DE RIBEIR\u00c3O PRETO, GUATAPAR\u00c1 E PRAD\u00d3POLIS, contrata. Requisitos: Ensino m\u00e9dio completo; Experi\u00eancia&#8230;<\/p>\n","protected":false},"author":1,"featured_media":83407,"comment_status":"open","ping_status":"open","sticky":false,"template":"","format":"standard","meta":{"_uag_custom_page_level_css":"","advanced_seo_description":"","jetpack_seo_html_title":"","jetpack_seo_noindex":false,"jetpack_post_was_ever_published":false,"_jetpack_newsletter_access":"","_jetpack_dont_email_post_to_subs":false,"_jetpack_newsletter_tier_id":0,"_jetpack_memberships_contains_paywalled_content":false,"_jetpack_memberships_contains_paid_content":false,"footnotes":"","jetpack_publicize_message":"","jetpack_publicize_feature_enabled":true,"jetpack_social_post_already_shared":true,"jetpack_social_options":{"image_generator_settings":{"template":"highway","default_image_id":0,"font":"","enabled":false},"version":2}},"categories":[7],"tags":[],"class_list":["post-83406","post","type-post","status-publish","format-standard","has-post-thumbnail","hentry","category-vagas-de-empregos-em-ribeirao-preto-regiao-brasil"],"jetpack_publicize_connections":[],"jetpack_featured_media_url":"https:\/\/i0.wp.com\/ismaelcolosi.com.br\/wp-content\/uploads\/2025\/02\/5118_thumbnail.jpg?fit=240%2C200&ssl=1","uagb_featured_image_src":{"full":["https:\/\/i0.wp.com\/ismaelcolosi.com.br\/wp-content\/uploads\/2025\/02\/5118_thumbnail.jpg?fit=240%2C200&ssl=1",240,200,false],"thumbnail":["https:\/\/i0.wp.com\/ismaelcolosi.com.br\/wp-content\/uploads\/2025\/02\/5118_thumbnail.jpg?resize=150%2C150&ssl=1",150,150,true],"medium":["https:\/\/i0.wp.com\/ismaelcolosi.com.br\/wp-content\/uploads\/2025\/02\/5118_thumbnail.jpg?fit=240%2C200&ssl=1",240,200,true],"medium_large":["https:\/\/i0.wp.com\/ismaelcolosi.com.br\/wp-content\/uploads\/2025\/02\/5118_thumbnail.jpg?fit=240%2C200&ssl=1",240,200,true],"large":["https:\/\/i0.wp.com\/ismaelcolosi.com.br\/wp-content\/uploads\/2025\/02\/5118_thumbnail.jpg?fit=240%2C200&ssl=1",240,200,true],"1536x1536":["https:\/\/i0.wp.com\/ismaelcolosi.com.br\/wp-content\/uploads\/2025\/02\/5118_thumbnail.jpg?fit=240%2C200&ssl=1",240,200,true],"2048x2048":["https:\/\/i0.wp.com\/ismaelcolosi.com.br\/wp-content\/uploads\/2025\/02\/5118_thumbnail.jpg?fit=240%2C200&ssl=1",240,200,true],"really-simple-thumb":["https:\/\/i0.wp.com\/ismaelcolosi.com.br\/wp-content\/uploads\/2025\/02\/5118_thumbnail.jpg?resize=240%2C200&ssl=1",240,200,true]},"uagb_author_info":{"display_name":"ismaelcolosi.com.br","author_link":"https:\/\/ismaelcolosi.com.br\/index.php\/author\/vidareal-online\/"},"uagb_comment_info":0,"uagb_excerpt":"An\u00fancios CONTRATA-SE AUXILIAR DE FARM\u00c1CIA Empregos &#8211; &#8211; 18\/02\/2025 SINDICATO DOS SERVIDORES MUNICIPAIS DE RIBEIR\u00c3O PRETO, GUATAPAR\u00c1 E PRAD\u00d3POLIS, contrata. Requisitos: Ensino m\u00e9dio completo; Experi\u00eancia...","jetpack-related-posts":[{"id":83599,"url":"https:\/\/ismaelcolosi.com.br\/index.php\/2025\/03\/08\/contrata-se-lavador-e-acabador-2\/","url_meta":{"origin":83406,"position":0},"title":"CONTRATA-SE LAVADOR E ACABADOR","author":"ismaelcolosi.com.br","date":"8 de March de 2025","format":false,"excerpt":"An\u00fancios CONTRATA-SE AUXILIAR DE FARM\u00c1CIA Empregos - - 18\/02\/2025 SINDICATO DOS SERVIDORES MUNICIPAIS DE RIBEIR\u00c3O PRETO, GUATAPAR\u00c1 E PRAD\u00d3POLIS, contrata. Requisitos: Ensino m\u00e9dio completo; Experi\u00eancia na fun\u00e7\u00e3o e Residir em Ribeir\u00e3o Preto.Hor\u00e1rio de Trabalho: Carga hor\u00e1ria: Segunda a Sexta-feira das 08h \u00e0s 17h. At... VAGA DE APRENDIZ - ENSINO FUNDAMENTAL\u2026","rel":"","context":"In &quot;Vagas de Emprego em Ribeir\u00e3o Preto-SP&quot;","block_context":{"text":"Vagas de Emprego em Ribeir\u00e3o Preto-SP","link":"https:\/\/ismaelcolosi.com.br\/index.php\/category\/empregos-classificados-vagas-trabalho\/vagas-de-empregos-em-ribeirao-preto-regiao-brasil\/"},"img":{"alt_text":"CONTRATA-SE LAVADOR E ACABADOR","src":"https:\/\/i0.wp.com\/tribunaribeirao.com.br\/classificadostribuna\/oc-content\/uploads\/45\/5118_thumbnail.jpg?resize=350%2C200&ssl=1","width":350,"height":200},"classes":[]},{"id":46758,"url":"https:\/\/ismaelcolosi.com.br\/index.php\/2024\/04\/14\/contrata-se-lavador-acabador-polidor\/","url_meta":{"origin":83406,"position":1},"title":"CONTRATA-SE LAVADOR, ACABADOR, POLIDOR","author":"ismaelcolosi.com.br","date":"14 de April de 2024","format":false,"excerpt":"An\u00fancios CONTRATA-SE SECRET\u00c1RIA Empregos - - 05\/04\/2024 Precisa-se para consult\u00f3rio m\u00e9dico. Com experi\u00eancia em conv\u00eanio m\u00e9dico. Meio per\u00edodo. Tratar (16) 99109-3032 CONTRATA-SE REPRESENTANTE COMERCIAL Empregos - - 04\/04\/2024 Maxqualy empresa da linha de Puericultura leve e perfumaria contrata. Para a \u00e1rea de Ribeir\u00e3o Preto e cidades vizinhas. \u00d3timos ganhos. Contato\u2026","rel":"","context":"In &quot;Vagas de Emprego em Ribeir\u00e3o Preto-SP&quot;","block_context":{"text":"Vagas de Emprego em Ribeir\u00e3o Preto-SP","link":"https:\/\/ismaelcolosi.com.br\/index.php\/category\/empregos-classificados-vagas-trabalho\/vagas-de-empregos-em-ribeirao-preto-regiao-brasil\/"},"img":{"alt_text":"CONTRATA-SE LAVADOR, ACABADOR, POLIDOR","src":"https:\/\/i0.wp.com\/www.tribunaribeirao.com.br\/classificadostribuna\/oc-content\/uploads\/35\/4081_thumbnail.jpg?resize=350%2C200&ssl=1","width":350,"height":200},"classes":[]},{"id":73932,"url":"https:\/\/ismaelcolosi.com.br\/index.php\/2024\/10\/29\/contrata-se-lavador-e-acabador-para-lava-jato\/","url_meta":{"origin":83406,"position":2},"title":"CONTRATA-SE LAVADOR E ACABADOR PARA LAVA-JATO","author":"ismaelcolosi.com.br","date":"29 de October de 2024","format":false,"excerpt":"An\u00fancios CONTRATA-SE ATENDENTE PARA OUTLET Empregos - - 16\/10\/2024 Em Cravinhos (V\u00e1rias vagas) -\u00a0Curr\u00edculos www.actionrh.com.br ou 16 98161.2000 (whatsapp).- Empresa \u2013 Action RH ESTAMOS CONTRATANDO Empregos - - 15\/10\/2024 Vagas para Ribeir\u00e3o Preto: Pintor Industrial, Torneiro Mec\u00e2nico, Montador de Roletes, Soldador, Caldeireiro, Ajudante de Produ\u00e7\u00e3o, Operador Serra Fita, Almoxarifado\/Expedi\u00e7\u00e3o. Interessados\u2026","rel":"","context":"In &quot;Vagas de Emprego em Ribeir\u00e3o Preto-SP&quot;","block_context":{"text":"Vagas de Emprego em Ribeir\u00e3o Preto-SP","link":"https:\/\/ismaelcolosi.com.br\/index.php\/category\/empregos-classificados-vagas-trabalho\/vagas-de-empregos-em-ribeirao-preto-regiao-brasil\/"},"img":{"alt_text":"CONTRATA-SE LAVADOR E ACABADOR PARA LAVA-JATO","src":"https:\/\/i0.wp.com\/tribunaribeirao.com.br\/classificadostribuna\/oc-content\/uploads\/42\/4826_thumbnail.jpg?resize=350%2C200&ssl=1","width":350,"height":200},"classes":[]},{"id":84341,"url":"https:\/\/ismaelcolosi.com.br\/index.php\/2025\/04\/07\/contrata-se-lavador-e-acabador-de-veiculos\/","url_meta":{"origin":83406,"position":3},"title":"CONTRATA-SE LAVADOR E ACABADOR DE VE\u00cdCULOS","author":"ismaelcolosi.com.br","date":"7 de April de 2025","format":false,"excerpt":"An\u00fancios CONTRATA-SE FRITADOR P\/ FRITADEIRA INDUSTRIAL Empregos - - 07\/04\/2025 Pesqueiro do Eduardo precisa-se com urg\u00eancia de colaboradores que tenha experi\u00eancia em frituras em geral com fritadeira industrial e tenha disponibilidade para trabalhar finais de semana e feriados das 11H00 da manh\u00e3 \u00e0s 17h30. Tratar WhatsApp (16) 99... CONTRATA-SE OPERADOR\u2026","rel":"","context":"In &quot;Vagas de Emprego em Ribeir\u00e3o Preto-SP&quot;","block_context":{"text":"Vagas de Emprego em Ribeir\u00e3o Preto-SP","link":"https:\/\/ismaelcolosi.com.br\/index.php\/category\/empregos-classificados-vagas-trabalho\/vagas-de-empregos-em-ribeirao-preto-regiao-brasil\/"},"img":{"alt_text":"CONTRATA-SE LAVADOR E ACABADOR DE VE\u00cdCULOS","src":"https:\/\/i0.wp.com\/tribunaribeirao.com.br\/classificadostribuna\/oc-content\/uploads\/47\/5306_thumbnail.jpg?resize=350%2C200&ssl=1","width":350,"height":200},"classes":[]},{"id":46498,"url":"https:\/\/ismaelcolosi.com.br\/index.php\/2024\/04\/12\/empregos-classificados-tribuna-ribeirao-33\/","url_meta":{"origin":83406,"position":4},"title":"Empregos &#8211; Classificados Tribuna Ribeir\u00e3o","author":"ismaelcolosi.com.br","date":"12 de April de 2024","format":false,"excerpt":"An\u00fancios CONTRATA-SE SECRET\u00c1RIA Empregos - - 05\/04\/2024 Precisa-se para consult\u00f3rio m\u00e9dico. Com experi\u00eancia em conv\u00eanio m\u00e9dico. Meio per\u00edodo. Tratar (16) 99109-3032 CONTRATA-SE REPRESENTANTE COMERCIAL Empregos - - 04\/04\/2024 Maxqualy empresa da linha de Puericultura leve e perfumaria contrata. Para a \u00e1rea de Ribeir\u00e3o Preto e cidades vizinhas. \u00d3timos ganhos. Contato\u2026","rel":"","context":"In &quot;Vagas de Emprego em Ribeir\u00e3o Preto-SP&quot;","block_context":{"text":"Vagas de Emprego em Ribeir\u00e3o Preto-SP","link":"https:\/\/ismaelcolosi.com.br\/index.php\/category\/empregos-classificados-vagas-trabalho\/vagas-de-empregos-em-ribeirao-preto-regiao-brasil\/"},"img":{"alt_text":"CONTRATA-SE LAVADOR, ACABADOR, POLIDOR","src":"https:\/\/i0.wp.com\/www.tribunaribeirao.com.br\/classificadostribuna\/oc-content\/uploads\/35\/4081_thumbnail.jpg?resize=350%2C200&ssl=1","width":350,"height":200},"classes":[]},{"id":89884,"url":"https:\/\/ismaelcolosi.com.br\/index.php\/2026\/04\/17\/contrata-se-diarista-2\/","url_meta":{"origin":83406,"position":5},"title":"CONTRATA-SE DIARISTA","author":"ismaelcolosi.com.br","date":"17 de April de 2026","format":false,"excerpt":"An\u00fancios CONTRATA-SE DIARISTA Empregos - - 05\/03\/2026 Com Refer\u00eancia. Casa Familiar. Local: Ribeir\u00e3o Preto-SP. Informa\u00e7\u00f5es: (16) 99730.0344. \u00a0 CONTRATA-SE FAXINEIRA Empregos - - 11\/03\/2026 Preciso \u00a0uma vez por semana de prefer\u00eancia sexta-feira e que tenha refer\u00eancias. Tratar pelo telefone (16) 3625-7822 - L\u00e9a\u00a0 CONTRATA-SE ATENDENTE DE LANCHONETE Empregos - Ribeir\u00e3o\u2026","rel":"","context":"In &quot;Vagas de Emprego em Ribeir\u00e3o Preto-SP&quot;","block_context":{"text":"Vagas de Emprego em Ribeir\u00e3o Preto-SP","link":"https:\/\/ismaelcolosi.com.br\/index.php\/category\/empregos-classificados-vagas-trabalho\/vagas-de-empregos-em-ribeirao-preto-regiao-brasil\/"},"img":{"alt_text":"CONTRATA-SE DIARISTA","src":"https:\/\/i0.wp.com\/tribunaribeirao.com.br\/classificadostribuna\/oc-content\/uploads\/55\/6310_thumbnail.jpg?resize=350%2C200&ssl=1","width":350,"height":200},"classes":[]}],"jetpack_sharing_enabled":true,"jetpack_shortlink":"https:\/\/wp.me\/pfMlyK-lHg","_links":{"self":[{"href":"https:\/\/ismaelcolosi.com.br\/index.php\/wp-json\/wp\/v2\/posts\/83406","targetHints":{"allow":["GET"]}}],"collection":[{"href":"https:\/\/ismaelcolosi.com.br\/index.php\/wp-json\/wp\/v2\/posts"}],"about":[{"href":"https:\/\/ismaelcolosi.com.br\/index.php\/wp-json\/wp\/v2\/types\/post"}],"author":[{"embeddable":true,"href":"https:\/\/ismaelcolosi.com.br\/index.php\/wp-json\/wp\/v2\/users\/1"}],"replies":[{"embeddable":true,"href":"https:\/\/ismaelcolosi.com.br\/index.php\/wp-json\/wp\/v2\/comments?post=83406"}],"version-history":[{"count":0,"href":"https:\/\/ismaelcolosi.com.br\/index.php\/wp-json\/wp\/v2\/posts\/83406\/revisions"}],"wp:featuredmedia":[{"embeddable":true,"href":"https:\/\/ismaelcolosi.com.br\/index.php\/wp-json\/wp\/v2\/media\/83407"}],"wp:attachment":[{"href":"https:\/\/ismaelcolosi.com.br\/index.php\/wp-json\/wp\/v2\/media?parent=83406"}],"wp:term":[{"taxonomy":"category","embeddable":true,"href":"https:\/\/ismaelcolosi.com.br\/index.php\/wp-json\/wp\/v2\/categories?post=83406"},{"taxonomy":"post_tag","embeddable":true,"href":"https:\/\/ismaelcolosi.com.br\/index.php\/wp-json\/wp\/v2\/tags?post=83406"}],"curies":[{"name":"wp","href":"https:\/\/api.w.org\/{rel}","templated":true}]}}