{"id":83096,"date":"2025-02-18T12:23:52","date_gmt":"2025-02-18T15:23:52","guid":{"rendered":"https:\/\/ismaelcolosi.com.br\/index.php\/2025\/02\/18\/enem-dos-concursos-governo-divulga-terceira-e-ultima-lista-de-convocacao-para-cursos-de-formacao\/"},"modified":"2025-02-18T12:23:52","modified_gmt":"2025-02-18T15:23:52","slug":"enem-dos-concursos-governo-divulga-terceira-e-ultima-lista-de-convocacao-para-cursos-de-formacao","status":"publish","type":"post","link":"https:\/\/ismaelcolosi.com.br\/index.php\/2025\/02\/18\/enem-dos-concursos-governo-divulga-terceira-e-ultima-lista-de-convocacao-para-cursos-de-formacao\/","title":{"rendered":"\u2018Enem dos Concursos\u2019: Governo divulga terceira e ultima lista de convoca\u00e7\u00e3o para cursos de forma\u00e7\u00e3o"},"content":{"rendered":"<p> <br \/>\n<\/p>\n<div id=\"\">\n<div class=\"content-infos\">\n<div class=\"texts\">\n<p class=\"author tooltip-comp\"> Da reda\u00e7\u00e3o<span class=\"icon-i\">i<\/span><span class=\"tooltiptext\"> <span class=\"author\"><span>Da reda\u00e7\u00e3o<\/span> <\/span><span class=\"desc\"\/> <\/span><\/p>\n<p>18\/02\/2025 &#8211; 12:19<\/p><div class='code-block code-block-8' style='margin: 8px auto; text-align: center; display: block; clear: both;'>\n<script>\n  atOptions = {\n    'key' : '66e2e2111ca34da796271819fc334058',\n    'format' : 'iframe',\n    'height' : 250,\n    'width' : 300,\n    'params' : {}\n  };\n<\/script>\n<script src=\"https:\/\/www.highperformanceformat.com\/66e2e2111ca34da796271819fc334058\/invoke.js\"><\/script>\n<\/div>\n\n<\/div>\n<div id=\"share-modal\" class=\"share-modal\"> <button class=\"box-close btn-share\"> <img decoding=\"async\" src=\"https:\/\/istoedinheiro.com.br\/wp-content\/themes\/dinheiro-wp-theme\/assets\/img\/svg\/closeIcon.svg?x46096\" alt=\"Close icon\" class=\"close-btn\"\/> <\/button><\/div>\n<\/p><\/div>\n<p>O Minist\u00e9rio da Gest\u00e3o e da Inova\u00e7\u00e3o em Servi\u00e7os P\u00fablicos (MGI) divulgou, nesta ter\u00e7a-feira, 18, a terceira e \u00faltima convoca\u00e7\u00e3o para os cursos de forma\u00e7\u00e3o do Concurso P\u00fablico Nacional Unificado (CPNU).<\/p>\n<p>+Governo publica regras para curso de forma\u00e7\u00e3o de aprovados no CPNU<\/p>\n<p>O processo que ofereceu 6.640 vagas em 21 \u00f3rg\u00e3os p\u00fablicos e atraiu 2,1 milh\u00f5es de inscritos, entra agora em uma etapa decisiva para os candidatos de n\u00edvel superior.<\/p>\n<p>Nessa terceira lista, <strong>42 pessoas est\u00e3o sendo chamadas para participa\u00e7\u00e3o nos cursos de forma\u00e7\u00e3o do CPNU,<\/strong> ap\u00f3s candidatos e candidatas chamados na lista anterior terem declinado da vaga ou n\u00e3o terem realizado a confirma\u00e7\u00e3o de sua participa\u00e7\u00e3o.<\/p>\n<p>Os<strong> novos convocados dever\u00e3o confirmar sua participa\u00e7\u00e3o entre hoje e amanh\u00e3<\/strong> (dias 18 e 19 de fevereiro), exclusivamente pela <strong>\u201c\u00c1rea do Candidato\u201d<\/strong> <a href=\"https:\/\/cpnu.cesgranrio.org.br\/login\" target=\"_blank\" rel=\"noopener\">no site do CPNU<\/a>. Apenas aqueles que responderem \u201cSIM\u201d \u00e0 convoca\u00e7\u00e3o ter\u00e3o sua vaga garantida.<\/p>\n<p>Candidatos que j\u00e1 confirmaram presen\u00e7a na segunda chamada, realizada nos dias 11 e 12 de fevereiro, e que nesta \u00faltima lista forem convocados para um cargo de maior prefer\u00eancia n\u00e3o precisar\u00e3o realizar nova confirma\u00e7\u00e3o.<\/p>\n<h3>Como consultar?<\/h3>\n<ul>\n<li>Acesse a p\u00e1gina oficial do certame: <a href=\"https:\/\/cpnu.cesgranrio.org.br\" target=\"_blank\" rel=\"noopener\">dispon\u00edvel neste link<\/a><\/li>\n<li>Fa\u00e7a login na \u201c\u00c1rea do candidato\u201d<\/li>\n<li>Confira suas informa\u00e7\u00f5es<\/li>\n<li>Para os convocados para cursos de forma\u00e7\u00e3o clique em \u201cConfirmar Participa\u00e7\u00e3o\u201d e selecione a op\u00e7\u00e3o desejada.<\/li>\n<\/ul>\n<p>Ap\u00f3s essa etapa, os candidatos dever\u00e3o aguardar at\u00e9 o dia <strong>28 de fevereiro<\/strong>, quando ser\u00e3o publicadas as listas de classifica\u00e7\u00e3o definitiva dos candidatos aprovados em vagas imediatas e em lista de espera nos blocos de 1 a 7. Tamb\u00e9m ser\u00e1 realizada a divulga\u00e7\u00e3o da lista final de convocados para matr\u00edcula nos cursos de forma\u00e7\u00e3o.<\/p>\n<h3>Confira o calend\u00e1rio do CPNU:<\/h3>\n<ul>\n<li><strong>18 de fevereiro<\/strong>: Divulga\u00e7\u00e3o da terceira lista de classifica\u00e7\u00e3o para todos os cargos dos blocos 1 a 7 e terceira convoca\u00e7\u00e3o para cursos de forma\u00e7\u00e3o<\/li>\n<li><strong>18 e 19 de fevereiro<\/strong>: Prazo para confirma\u00e7\u00e3o de participa\u00e7\u00e3o em curso de forma\u00e7\u00e3o<\/li>\n<li><strong>28 de fevereiro:<\/strong> Divulga\u00e7\u00e3o da lista final de classifica\u00e7\u00e3o para todos os cargos dos blocos 1 a 7 e convoca\u00e7\u00e3o para matr\u00edcula nos cursos de forma\u00e7\u00e3o.<\/li>\n<\/ul>\n<div id=\"share-modal\" class=\"share-modal\"> <button class=\"box-close btn-share\"> <img decoding=\"async\" src=\"https:\/\/istoedinheiro.com.br\/wp-content\/themes\/dinheiro-wp-theme\/assets\/img\/svg\/closeIcon.svg?x46096\" alt=\"Close icon\" class=\"close-btn\"\/> <\/button><\/div>\n<\/p><\/div>\n<p><script>!function(f,b,e,v,n,t,s){if(f.fbq)return;n=f.fbq=function(){n.callMethod?n.callMethod.apply(n,arguments):n.queue.push(arguments)};if(!f._fbq)f._fbq=n;n.push=n;n.loaded=!0;n.version='2.0';n.queue=[];t=b.createElement(e);t.async=!0;t.src=v;s=b.getElementsByTagName(e)[0];s.parentNode.insertBefore(t,s)}(window,document,'script','<\/script><br \/>\n<br \/><br \/>\n<br \/><a href=\"https:\/\/istoedinheiro.com.br\/enem-dos-concursos\/\">Source link <\/a><\/p>\n<div class='code-block code-block-4' style='margin: 8px auto 8px 0; text-align: left; display: block; clear: both;'>\n\ud83d\udce2 Aviso Legal\n\nO site ismaelcolosi.com.br atua apenas como um canal de divulga\u00e7\u00e3o de oportunidades de emprego e n\u00e3o se responsabiliza pelo processo seletivo, contrata\u00e7\u00e3o ou qualquer outra etapa relacionada \u00e0s vagas publicadas. Todas as informa\u00e7\u00f5es s\u00e3o de responsabilidade dos anunciantes.\n\n\u26a0\ufe0f Aten\u00e7\u00e3o! Nunca pague por promessas de emprego nem compre cursos que garantam contrata\u00e7\u00e3o. Desconfie de qualquer cobran\u00e7a para participar de sele\u00e7\u00f5es.\n\n\n\n<\/div>\n<!-- CONTENT END 1 -->\n","protected":false},"excerpt":{"rendered":"<p>Da reda\u00e7\u00e3oi Da reda\u00e7\u00e3o 18\/02\/2025 &#8211; 12:19 O Minist\u00e9rio da Gest\u00e3o e da Inova\u00e7\u00e3o em Servi\u00e7os P\u00fablicos (MGI) divulgou, nesta ter\u00e7a-feira, 18, a terceira e&#8230;<\/p>\n","protected":false},"author":1,"featured_media":83097,"comment_status":"open","ping_status":"open","sticky":false,"template":"","format":"standard","meta":{"_uag_custom_page_level_css":"","advanced_seo_description":"","jetpack_seo_html_title":"","jetpack_seo_noindex":false,"jetpack_post_was_ever_published":false,"_jetpack_newsletter_access":"","_jetpack_dont_email_post_to_subs":false,"_jetpack_newsletter_tier_id":0,"_jetpack_memberships_contains_paywalled_content":false,"_jetpack_memberships_contains_paid_content":false,"footnotes":"","jetpack_publicize_message":"","jetpack_publicize_feature_enabled":true,"jetpack_social_post_already_shared":true,"jetpack_social_options":{"image_generator_settings":{"template":"highway","default_image_id":0,"font":"","enabled":false},"version":2}},"categories":[3598],"tags":[],"class_list":["post-83096","post","type-post","status-publish","format-standard","has-post-thumbnail","hentry","category-empregos-classificados-vagas-trabalho"],"jetpack_publicize_connections":[],"jetpack_featured_media_url":"https:\/\/i0.wp.com\/ismaelcolosi.com.br\/wp-content\/uploads\/2025\/02\/prova.png?fit=700%2C439&ssl=1","uagb_featured_image_src":{"full":["https:\/\/i0.wp.com\/ismaelcolosi.com.br\/wp-content\/uploads\/2025\/02\/prova.png?fit=700%2C439&ssl=1",700,439,false],"thumbnail":["https:\/\/i0.wp.com\/ismaelcolosi.com.br\/wp-content\/uploads\/2025\/02\/prova.png?resize=150%2C150&ssl=1",150,150,true],"medium":["https:\/\/i0.wp.com\/ismaelcolosi.com.br\/wp-content\/uploads\/2025\/02\/prova.png?fit=300%2C188&ssl=1",300,188,true],"medium_large":["https:\/\/i0.wp.com\/ismaelcolosi.com.br\/wp-content\/uploads\/2025\/02\/prova.png?fit=700%2C439&ssl=1",700,439,true],"large":["https:\/\/i0.wp.com\/ismaelcolosi.com.br\/wp-content\/uploads\/2025\/02\/prova.png?fit=700%2C439&ssl=1",700,439,true],"1536x1536":["https:\/\/i0.wp.com\/ismaelcolosi.com.br\/wp-content\/uploads\/2025\/02\/prova.png?fit=700%2C439&ssl=1",700,439,true],"2048x2048":["https:\/\/i0.wp.com\/ismaelcolosi.com.br\/wp-content\/uploads\/2025\/02\/prova.png?fit=700%2C439&ssl=1",700,439,true],"really-simple-thumb":["https:\/\/i0.wp.com\/ismaelcolosi.com.br\/wp-content\/uploads\/2025\/02\/prova.png?resize=370%2C247&ssl=1",370,247,true]},"uagb_author_info":{"display_name":"ismaelcolosi.com.br","author_link":"https:\/\/ismaelcolosi.com.br\/index.php\/author\/vidareal-online\/"},"uagb_comment_info":0,"uagb_excerpt":"Da reda\u00e7\u00e3oi Da reda\u00e7\u00e3o 18\/02\/2025 &#8211; 12:19 O Minist\u00e9rio da Gest\u00e3o e da Inova\u00e7\u00e3o em Servi\u00e7os P\u00fablicos (MGI) divulgou, nesta ter\u00e7a-feira, 18, a terceira e...","jetpack-related-posts":[{"id":85579,"url":"https:\/\/ismaelcolosi.com.br\/index.php\/2025\/05\/22\/enem-dos-concursos-governo-divulga-terceira-e-ultima-lista-de-convocacao-para-cursos-de-formacao-2\/","url_meta":{"origin":83096,"position":0},"title":"\u2018Enem dos Concursos\u2019: Governo divulga terceira e ultima lista de convoca\u00e7\u00e3o para cursos de forma\u00e7\u00e3o","author":"ismaelcolosi.com.br","date":"22 de May de 2025","format":false,"excerpt":"O Minist\u00e9rio da Gest\u00e3o e da Inova\u00e7\u00e3o em Servi\u00e7os P\u00fablicos (MGI) divulgou, nesta ter\u00e7a-feira, 18, a terceira e \u00faltima convoca\u00e7\u00e3o para os cursos de forma\u00e7\u00e3o do Concurso P\u00fablico Nacional Unificado (CPNU), conhecido como \u201cEnem dos Concursos\u201d. +Governo publica regras para curso de forma\u00e7\u00e3o de aprovados no CPNU O processo que\u2026","rel":"","context":"In &quot;Empregos - Classificados&quot;","block_context":{"text":"Empregos - Classificados","link":"https:\/\/ismaelcolosi.com.br\/index.php\/category\/empregos-classificados-vagas-trabalho\/"},"img":{"alt_text":"","src":"","width":0,"height":0},"classes":[]},{"id":85589,"url":"https:\/\/ismaelcolosi.com.br\/index.php\/2025\/05\/22\/cnu-sai-hoje-2a-lista-de-convocados-para-cursos-de-formacao-do-enem-dos-concursos-2\/","url_meta":{"origin":83096,"position":1},"title":"CNU: sai hoje 2\u00aa lista de convocados para cursos de forma\u00e7\u00e3o do \u2018Enem dos concursos\u2019","author":"ismaelcolosi.com.br","date":"22 de May de 2025","format":false,"excerpt":"O Minist\u00e9rio da Gest\u00e3o e da Inova\u00e7\u00e3o em Servi\u00e7os P\u00fablicos (MGI) divulga, nesta ter\u00e7a-feira, 11, a segunda convoca\u00e7\u00e3o para cursos de forma\u00e7\u00e3o de cargos de n\u00edvel superior do Concurso P\u00fablico Nacional Unificado (CPNU). Esta terceira etapa do certame \u00e9 eliminat\u00f3ria e vale para a classifica\u00e7\u00e3o do candidato. Por isso, a\u2026","rel":"","context":"In &quot;Empregos - Classificados&quot;","block_context":{"text":"Empregos - Classificados","link":"https:\/\/ismaelcolosi.com.br\/index.php\/category\/empregos-classificados-vagas-trabalho\/"},"img":{"alt_text":"","src":"","width":0,"height":0},"classes":[]},{"id":82774,"url":"https:\/\/ismaelcolosi.com.br\/index.php\/2025\/02\/11\/cnu-sai-hoje-2a-lista-de-convocados-para-cursos-de-formacao-do-enem-dos-concursos\/","url_meta":{"origin":83096,"position":2},"title":"CNU: sai hoje 2\u00aa lista de convocados para cursos de forma\u00e7\u00e3o do \u2018Enem dos concursos\u2019","author":"ismaelcolosi.com.br","date":"11 de February de 2025","format":false,"excerpt":"Ag\u00eancia Brasili Ag\u00eancia Brasil 11\/02\/2025 - 7:02 O Minist\u00e9rio da Gest\u00e3o e da Inova\u00e7\u00e3o em Servi\u00e7os P\u00fablicos (MGI) divulga, nesta ter\u00e7a-feira, 11, a segunda convoca\u00e7\u00e3o para cursos de forma\u00e7\u00e3o de cargos de n\u00edvel superior do Concurso P\u00fablico Nacional Unificado (CPNU).Esta terceira etapa do certame \u00e9 eliminat\u00f3ria e vale para a\u2026","rel":"","context":"In &quot;Empregos - Classificados&quot;","block_context":{"text":"Empregos - Classificados","link":"https:\/\/ismaelcolosi.com.br\/index.php\/category\/empregos-classificados-vagas-trabalho\/"},"img":{"alt_text":"","src":"https:\/\/i0.wp.com\/ismaelcolosi.com.br\/wp-content\/uploads\/2025\/02\/1739273274_prova-1.jpg?fit=1200%2C751&ssl=1&resize=350%2C200","width":350,"height":200,"srcset":"https:\/\/i0.wp.com\/ismaelcolosi.com.br\/wp-content\/uploads\/2025\/02\/1739273274_prova-1.jpg?fit=1200%2C751&ssl=1&resize=350%2C200 1x, https:\/\/i0.wp.com\/ismaelcolosi.com.br\/wp-content\/uploads\/2025\/02\/1739273274_prova-1.jpg?fit=1200%2C751&ssl=1&resize=525%2C300 1.5x, https:\/\/i0.wp.com\/ismaelcolosi.com.br\/wp-content\/uploads\/2025\/02\/1739273274_prova-1.jpg?fit=1200%2C751&ssl=1&resize=700%2C400 2x, https:\/\/i0.wp.com\/ismaelcolosi.com.br\/wp-content\/uploads\/2025\/02\/1739273274_prova-1.jpg?fit=1200%2C751&ssl=1&resize=1050%2C600 3x"},"classes":[]},{"id":85622,"url":"https:\/\/ismaelcolosi.com.br\/index.php\/2025\/05\/22\/cnu-governo-antecipa-data-de-resultados-finais-do-enem-dos-concursos-veja-cronograma\/","url_meta":{"origin":83096,"position":3},"title":"CNU: Governo antecipa data de resultados finais do \u2018Enem dos Concursos\u2019; veja cronograma","author":"ismaelcolosi.com.br","date":"22 de May de 2025","format":false,"excerpt":"O Minist\u00e9rio da Gest\u00e3o e da Inova\u00e7\u00e3o em Servi\u00e7os P\u00fablicos (MGI) anunciou nesta ter\u00e7a-feira, 14, que o cronograma do Concurso P\u00fablico Nacional Unificado (CNU) ser\u00e1 adiantado em uma semana. Com isso, a divulga\u00e7\u00e3o das notas finais ser\u00e1 feita em 4 de fevereiro, sendo que a lista final dos aprovados ficou\u2026","rel":"","context":"In &quot;Empregos - Classificados&quot;","block_context":{"text":"Empregos - Classificados","link":"https:\/\/ismaelcolosi.com.br\/index.php\/category\/empregos-classificados-vagas-trabalho\/"},"img":{"alt_text":"","src":"","width":0,"height":0},"classes":[]},{"id":81705,"url":"https:\/\/ismaelcolosi.com.br\/index.php\/2025\/01\/14\/governo-antecipa-divulgacao-das-notas-finais-do-enem-dos-concursos-para-4-de-fevereiro\/","url_meta":{"origin":83096,"position":4},"title":"Governo antecipa divulga\u00e7\u00e3o das notas finais do Enem dos Concursos para 4 de fevereiro","author":"ismaelcolosi.com.br","date":"14 de January de 2025","format":false,"excerpt":"Ismael Jalesi Ismael Jales 14\/01\/2025 - 15:09 O Minist\u00e9rio da Gest\u00e3o e da Inova\u00e7\u00e3o em Servi\u00e7os P\u00fablicos (MGI) anunciou nesta ter\u00e7a-feira, 14, que o cronograma do Concurso P\u00fablico Nacional Unificado ser\u00e1 adiantado em uma semana. Com isso, a divulga\u00e7\u00e3o das notas finais ser\u00e1 feita em 4 de fevereiro, sendo que\u2026","rel":"","context":"In &quot;Empregos - Classificados&quot;","block_context":{"text":"Empregos - Classificados","link":"https:\/\/ismaelcolosi.com.br\/index.php\/category\/empregos-classificados-vagas-trabalho\/"},"img":{"alt_text":"","src":"https:\/\/i0.wp.com\/ismaelcolosi.com.br\/wp-content\/uploads\/2025\/01\/615-1.jpg?fit=1000%2C667&ssl=1&resize=350%2C200","width":350,"height":200,"srcset":"https:\/\/i0.wp.com\/ismaelcolosi.com.br\/wp-content\/uploads\/2025\/01\/615-1.jpg?fit=1000%2C667&ssl=1&resize=350%2C200 1x, https:\/\/i0.wp.com\/ismaelcolosi.com.br\/wp-content\/uploads\/2025\/01\/615-1.jpg?fit=1000%2C667&ssl=1&resize=525%2C300 1.5x, https:\/\/i0.wp.com\/ismaelcolosi.com.br\/wp-content\/uploads\/2025\/01\/615-1.jpg?fit=1000%2C667&ssl=1&resize=700%2C400 2x"},"classes":[]},{"id":85571,"url":"https:\/\/ismaelcolosi.com.br\/index.php\/2025\/05\/22\/enem-dos-concursos-governo-homologa-resultados-finais-e-faz-convocacao-para-cursos-de-formacao-2\/","url_meta":{"origin":83096,"position":5},"title":"\u2018Enem dos concursos\u2019: Governo homologa resultados finais e faz convoca\u00e7\u00e3o para cursos de forma\u00e7\u00e3o","author":"ismaelcolosi.com.br","date":"22 de May de 2025","format":false,"excerpt":"Nesta sexta-feira, 7, o Minist\u00e9rio da Gest\u00e3o e da Inova\u00e7\u00e3o em Servi\u00e7os P\u00fablicos homologou os resultados finais dos cargos que n\u00e3o possuem curso de forma\u00e7\u00e3o do Concurso P\u00fablico Nacional Unificado (CPNU), ou \u201cEnem dos Concursos\u201d e a convoca\u00e7\u00e3o das pessoas chamadas para os cursos de forma\u00e7\u00e3o. Foram publicados tamb\u00e9m os\u2026","rel":"","context":"In &quot;Empregos - Classificados&quot;","block_context":{"text":"Empregos - Classificados","link":"https:\/\/ismaelcolosi.com.br\/index.php\/category\/empregos-classificados-vagas-trabalho\/"},"img":{"alt_text":"","src":"","width":0,"height":0},"classes":[]}],"jetpack_sharing_enabled":true,"jetpack_shortlink":"https:\/\/wp.me\/pfMlyK-lCg","_links":{"self":[{"href":"https:\/\/ismaelcolosi.com.br\/index.php\/wp-json\/wp\/v2\/posts\/83096","targetHints":{"allow":["GET"]}}],"collection":[{"href":"https:\/\/ismaelcolosi.com.br\/index.php\/wp-json\/wp\/v2\/posts"}],"about":[{"href":"https:\/\/ismaelcolosi.com.br\/index.php\/wp-json\/wp\/v2\/types\/post"}],"author":[{"embeddable":true,"href":"https:\/\/ismaelcolosi.com.br\/index.php\/wp-json\/wp\/v2\/users\/1"}],"replies":[{"embeddable":true,"href":"https:\/\/ismaelcolosi.com.br\/index.php\/wp-json\/wp\/v2\/comments?post=83096"}],"version-history":[{"count":0,"href":"https:\/\/ismaelcolosi.com.br\/index.php\/wp-json\/wp\/v2\/posts\/83096\/revisions"}],"wp:featuredmedia":[{"embeddable":true,"href":"https:\/\/ismaelcolosi.com.br\/index.php\/wp-json\/wp\/v2\/media\/83097"}],"wp:attachment":[{"href":"https:\/\/ismaelcolosi.com.br\/index.php\/wp-json\/wp\/v2\/media?parent=83096"}],"wp:term":[{"taxonomy":"category","embeddable":true,"href":"https:\/\/ismaelcolosi.com.br\/index.php\/wp-json\/wp\/v2\/categories?post=83096"},{"taxonomy":"post_tag","embeddable":true,"href":"https:\/\/ismaelcolosi.com.br\/index.php\/wp-json\/wp\/v2\/tags?post=83096"}],"curies":[{"name":"wp","href":"https:\/\/api.w.org\/{rel}","templated":true}]}}