{"id":82946,"date":"2025-02-14T11:22:57","date_gmt":"2025-02-14T14:22:57","guid":{"rendered":"https:\/\/ismaelcolosi.com.br\/?p=82946"},"modified":"2025-02-14T12:26:09","modified_gmt":"2025-02-14T15:26:09","slug":"hospital-sao-lucas-de-rib-preto-abre-varias-vagas-para-area-de-enfermagem-desde-tecnico-de-enfermagem-a-ate-estagiario-venha-conferir","status":"publish","type":"post","link":"https:\/\/ismaelcolosi.com.br\/index.php\/2025\/02\/14\/hospital-sao-lucas-de-rib-preto-abre-varias-vagas-para-area-de-enfermagem-desde-tecnico-de-enfermagem-a-ate-estagiario-venha-conferir\/","title":{"rendered":"Hospital S\u00e3o Lucas de Ribeir\u00e3o Preto est\u00e1 abrindo v\u00e1rias vagas para a \u00e1rea de enfermagem, desde T\u00e9cnico de Enfermagem at\u00e9 Estagi\u00e1rio. Venha conferir!"},"content":{"rendered":"<p><span style=\"font-size: 14pt;\">Os T\u00e9cnicos de Enfermagem s\u00e3o profissionais essenciais que contribuem significativamente para a qualidade e efici\u00eancia do atendimento em sa\u00fade, proporcionando cuidados diretos e humanizados aos pacientes e colaborando com a equipe m\u00e9dica na realiza\u00e7\u00e3o dos procedimentos necess\u00e1rios.<\/span><\/p>\n<p><span style=\"font-size: 14pt;\">Aqui est\u00e3o algumas raz\u00f5es que destacam a import\u00e2ncia dos T\u00e9cnicos de Enfermagem:<\/span><\/p>\n<ol start=\"1\">\n<li><span style=\"font-size: 14pt;\"><strong>Apoio aos Enfermeiros e M\u00e9dicos<\/strong>: Eles trabalham em conjunto com enfermeiros e m\u00e9dicos, auxiliando na presta\u00e7\u00e3o de cuidados diretos aos pacientes e garantindo que os procedimentos m\u00e9dicos sejam seguidos corretamente.<\/span><\/li>\n<li><span style=\"font-size: 14pt;\"><strong>Cuidados Diretos aos Pacientes<\/strong>: S\u00e3o respons\u00e1veis por realizar diversas tarefas essenciais, como administra\u00e7\u00e3o de medicamentos, realiza\u00e7\u00e3o de curativos, aferi\u00e7\u00e3o de sinais vitais, coleta de material para exames e monitoramento do estado geral dos pacientes.<\/span><\/li>\n<li><span style=\"font-size: 14pt;\"><strong>Humaniza\u00e7\u00e3o do Atendimento<\/strong>: Eles t\u00eam um contato direto e constante com os pacientes, o que contribui para a humaniza\u00e7\u00e3o do atendimento. Sua presen\u00e7a e apoio emocional s\u00e3o fundamentais para o bem-estar e a recupera\u00e7\u00e3o dos pacientes.<\/span><\/li>\n<li><span style=\"font-size: 14pt;\"><strong>Efici\u00eancia e Organiza\u00e7\u00e3o<\/strong>: T\u00e9cnicos de Enfermagem ajudam a manter o ambiente de trabalho organizado, garantem que todos os materiais necess\u00e1rios estejam dispon\u00edveis e que os registros m\u00e9dicos estejam atualizados.<\/span><\/li>\n<li><span style=\"font-size: 14pt;\"><strong>Educa\u00e7\u00e3o e Preven\u00e7\u00e3o<\/strong>: Eles tamb\u00e9m desempenham um papel importante na educa\u00e7\u00e3o dos pacientes e familiares sobre cuidados em sa\u00fade, prevenindo complica\u00e7\u00f5es e promovendo h\u00e1bitos saud\u00e1veis.<\/span><\/li>\n<li><span style=\"font-size: 14pt;\"><strong>Flexibilidade e Adaptabilidade:\u00a0<\/strong>Sua forma\u00e7\u00e3o permite que atuem em diversas especialidades e ambientes, adaptando-se \u00e0s necessidades espec\u00edficas de cada local de trabalho.<\/span><\/li>\n<\/ol>\n<p>&nbsp;<\/p><div class='code-block code-block-8' style='margin: 8px auto; text-align: center; display: block; clear: both;'>\n<script>\n  atOptions = {\n    'key' : '66e2e2111ca34da796271819fc334058',\n    'format' : 'iframe',\n    'height' : 250,\n    'width' : 300,\n    'params' : {}\n  };\n<\/script>\n<script src=\"https:\/\/www.highperformanceformat.com\/66e2e2111ca34da796271819fc334058\/invoke.js\"><\/script>\n<\/div>\n\n<p><span style=\"font-size: 14pt;\"><strong>T\u00e9cnico de Enfermagem &#8211; Centro Cir\u00fargico | Hospital Ribeirania<\/strong><\/span><\/p>\n<ul>\n<li><span style=\"font-size: 14pt;\"><strong>Local de trabalho<\/strong>: Ribeir\u00e3o Preto &#8211; SP<\/span><\/li>\n<li><span style=\"font-size: 14pt;\"><strong>Tipo de vaga<\/strong>: Efetivo<\/span><\/li>\n<li><span style=\"font-size: 14pt;\"><strong>Modelo de trabalho<\/strong>: Presencial<\/span><\/li>\n<\/ul>\n<p><span style=\"font-size: 14pt;\"><strong>Descri\u00e7\u00e3o da vaga<\/strong>: J\u00e1 pensou em trabalhar em uma empresa que valoriza o cuidado com as pessoas, a \u00e9tica e o equil\u00edbrio, proporcionando um ambiente de bem-estar e um \u00f3timo clima de trabalho? Se sim, junte-se ao nosso time e participe do nosso Processo Seletivo! Estamos com uma oportunidade para atuar como T\u00e9cnico de Enfermagem no Hospital Ribeirania na cidade de Ribeir\u00e3o Preto.<\/span><\/p>\n<p><span style=\"font-size: 14pt;\"><strong>Responsabilidades e atribui\u00e7\u00f5es<\/strong>:<\/span><\/p>\n<ul>\n<li><span style=\"font-size: 14pt;\">Executar as prescri\u00e7\u00f5es m\u00e9dicas e de enfermagem se assegurando dos cuidados prestados.<\/span><\/li>\n<li><span style=\"font-size: 14pt;\">Atentar aos sinais de altera\u00e7\u00e3o do paciente durante o procedimento cir\u00fargico.<\/span><\/li>\n<li><span style=\"font-size: 14pt;\">Manter atualizado os registros da assist\u00eancia prestada no prontu\u00e1rio dos seus pacientes.<\/span><\/li>\n<li><span style=\"font-size: 14pt;\">Cumprir as normas e procedimentos de seguran\u00e7a do trabalho usando os EPI&#8217;s indicados e Controle de Infec\u00e7\u00e3o hospitalar.<\/span><\/li>\n<li><span style=\"font-size: 14pt;\">Montar\/desmontar sala de cirurgia com materiais e equipamentos adequados.<\/span><\/li>\n<li><span style=\"font-size: 14pt;\">Registrar materiais e medicamentos em folha de gastos e dados do cliente no sistema.<\/span><\/li>\n<\/ul>\n<p><span style=\"font-size: 14pt;\"><strong>Requisitos e qualifica\u00e7\u00f5es<\/strong>:<\/span><\/p>\n<ul>\n<li><span style=\"font-size: 14pt;\">Coren de T\u00e9cnico Ativo.<\/span><\/li>\n<li><span style=\"font-size: 14pt;\">Ensino m\u00e9dio completo.<\/span><\/li>\n<li><span style=\"font-size: 14pt;\">Experi\u00eancia na \u00e1rea ser\u00e1 um diferencial.<\/span><\/li>\n<li><span style=\"font-size: 14pt;\">Conhecimento no sistema MV ser\u00e1 um diferencial.<\/span><\/li>\n<\/ul>\n<p><span style=\"font-size: 14pt;\"><strong>Benef\u00edcios<\/strong>:<\/span><\/p>\n<ul>\n<li><span style=\"font-size: 14pt;\">Benef\u00edcio flex\u00edvel de vale alimenta\u00e7\u00e3o ou refei\u00e7\u00e3o.<\/span><\/li>\n<li><span style=\"font-size: 14pt;\">Vale transporte.<\/span><\/li>\n<li><span style=\"font-size: 14pt;\">Conv\u00eanio m\u00e9dico.<\/span><\/li>\n<li><span style=\"font-size: 14pt;\">Conv\u00eanio odontol\u00f3gico.<\/span><\/li>\n<li><span style=\"font-size: 14pt;\">Gympass.<\/span><\/li>\n<li><span style=\"font-size: 14pt;\">Aux\u00edlio creche.<\/span><\/li>\n<li><span style=\"font-size: 14pt;\">PLR.<\/span><\/li>\n<li><span style=\"font-size: 14pt;\">Parceria com institui\u00e7\u00f5es de ensino.<\/span><\/li>\n<li><span style=\"font-size: 14pt;\">Seguro de vida.<\/span><\/li>\n<\/ul>\n<p><span style=\"font-size: 14pt;\"><a href=\"https:\/\/saolucashospital.gupy.io\/job\/eyJqb2JJZCI6ODYzNzQzNSwic291cmNlIjoiZ3VweV9wb3J0YWwifQ==?jobBoardSource=gupy_portal\">Link para a vaga.<\/a><\/p>\n<p><\/span><\/p>\n<p>&nbsp;<\/p>\n<hr \/>\n<p>&nbsp;<\/p>\n<p><span style=\"font-size: 14pt;\"><strong>T\u00e9cnico de Enfermagem &#8211; Pronto Atendimento | Hospital S\u00e3o Lucas<\/strong><\/span><\/p>\n<ul>\n<li><span style=\"font-size: 14pt;\"><strong>Local de trabalho<\/strong>: Ribeir\u00e3o Preto &#8211; SP<\/span><\/li>\n<li><span style=\"font-size: 14pt;\"><strong>Tipo de vaga<\/strong>: Efetivo<\/span><\/li>\n<li><span style=\"font-size: 14pt;\"><strong>Modelo de trabalho<\/strong>: Presencial<\/span><\/li>\n<\/ul>\n<p><span style=\"font-size: 14pt;\"><strong>Descri\u00e7\u00e3o da vaga<\/strong>: J\u00e1 pensou em trabalhar em uma empresa que valoriza o cuidado com as pessoas, a \u00e9tica e o equil\u00edbrio, proporcionando um ambiente de bem-estar e um \u00f3timo clima de trabalho? Se sim, junte-se ao nosso time e participe do nosso Processo Seletivo! Estamos com uma oportunidade para atuar como T\u00e9cnico de Enfermagem no Hospital Ribeirania na cidade de Ribeir\u00e3o Preto.<\/span><\/p>\n<p><span style=\"font-size: 14pt;\"><strong>Responsabilidades e atribui\u00e7\u00f5es<\/strong>:<\/span><\/p>\n<ul>\n<li><span style=\"font-size: 14pt;\">Administrar medicamentos conforme prescri\u00e7\u00e3o m\u00e9dica e coleta de material para exame laboratorial.<\/span><\/li>\n<li><span style=\"font-size: 14pt;\">Fazer os registros de enfermagem referente ao atendimento e as condi\u00e7\u00f5es do paciente.<\/span><\/li>\n<li><span style=\"font-size: 14pt;\">Prestar cuidados gerais de conforto e bem-estar ao paciente.<\/span><\/li>\n<li><span style=\"font-size: 14pt;\">Auxiliar o enfermeiro na assist\u00eancia de enfermagem.<\/span><\/li>\n<li><span style=\"font-size: 14pt;\">Acompanhar os pacientes nas transfer\u00eancias sempre que necess\u00e1rio.<\/span><\/li>\n<li><span style=\"font-size: 14pt;\">Prestar atendimentos de urg\u00eancia e emerg\u00eancia.<\/span><\/li>\n<li><span style=\"font-size: 14pt;\">Acolher paciente na sala de pr\u00e9-consulta.<\/span><\/li>\n<\/ul>\n<p><span style=\"font-size: 14pt;\"><strong>Requisitos e qualifica\u00e7\u00f5es<\/strong>:<\/span><\/p>\n<ul>\n<li><span style=\"font-size: 14pt;\">Ensino M\u00e9dio Completo.<\/span><\/li>\n<li><span style=\"font-size: 14pt;\">COREN ativo como T\u00e9cnico de Enfermagem.<\/span><\/li>\n<li><span style=\"font-size: 14pt;\">Experi\u00eancia em Urg\u00eancia e Emerg\u00eancia ser\u00e1 um diferencial.<\/span><\/li>\n<li><span style=\"font-size: 14pt;\">Conhecimento no sistema MV ser\u00e1 um diferencial.<\/span><\/li>\n<\/ul>\n<p><span style=\"font-size: 14pt;\"><strong>Benef\u00edcios<\/strong>:<\/span><\/p>\n<ul>\n<li><span style=\"font-size: 14pt;\">Benef\u00edcio flex\u00edvel de vale alimenta\u00e7\u00e3o ou refei\u00e7\u00e3o.<\/span><\/li>\n<li><span style=\"font-size: 14pt;\">Vale transporte.<\/span><\/li>\n<li><span style=\"font-size: 14pt;\">Conv\u00eanio m\u00e9dico.<\/span><\/li>\n<li><span style=\"font-size: 14pt;\">Conv\u00eanio odontol\u00f3gico.<\/span><\/li>\n<li><span style=\"font-size: 14pt;\">Gympass.<\/span><\/li>\n<li><span style=\"font-size: 14pt;\">Aux\u00edlio creche.<\/span><\/li>\n<li><span style=\"font-size: 14pt;\">PLR.<\/span><\/li>\n<li><span style=\"font-size: 14pt;\">Parceria com institui\u00e7\u00f5es de ensino.<\/span><\/li>\n<li><span style=\"font-size: 14pt;\">Seguro de vida.<\/span><\/li>\n<\/ul>\n<p><span style=\"font-size: 14pt;\"><a href=\"https:\/\/saolucashospital.gupy.io\/job\/eyJqb2JJZCI6ODM5MjcxMiwic291cmNlIjoiZ3VweV9wb3J0YWwifQ==?jobBoardSource=gupy_portal\">Link para a vaga.<\/a><\/p>\n<p><\/span><\/p>\n<hr \/>\n<p>&nbsp;<\/p>\n<p><span style=\"font-size: 14pt;\"><strong>Auxiliar de Enfermagem &#8211; CME | Hospital Ribeirania<\/strong><\/span><\/p>\n<ul>\n<li><span style=\"font-size: 14pt;\"><strong>Local de trabalho<\/strong>: Ribeir\u00e3o Preto &#8211; SP<\/span><\/li>\n<li><span style=\"font-size: 14pt;\"><strong>Tipo de vaga<\/strong>: Efetivo<\/span><\/li>\n<li><span style=\"font-size: 14pt;\"><strong>Modelo de trabalho<\/strong>: Presencial<\/span><\/li>\n<\/ul>\n<p><span style=\"font-size: 14pt;\"><strong>Descri\u00e7\u00e3o da vaga<\/strong>: J\u00e1 pensou em trabalhar em uma empresa que valoriza o cuidado com as pessoas, a \u00e9tica e o equil\u00edbrio, proporcionando um ambiente de bem-estar e um \u00f3timo clima de trabalho? Se sim, junte-se ao nosso time e participe do nosso Processo Seletivo! Estamos com uma oportunidade para atuar como T\u00e9cnico de Enfermagem no S\u00e3o Lucas Hospital, na cidade de Ribeir\u00e3o Preto.<\/span><\/p>\n<p><span style=\"font-size: 14pt;\"><strong>Responsabilidades e atribui\u00e7\u00f5es<\/strong>:<\/span><\/p>\n<ul>\n<li><span style=\"font-size: 14pt;\">Prestar assist\u00eancia de enfermagem indireta na Central de Materiais Esterilizados, realizando atividades diversas como limpeza, preparo e esteriliza\u00e7\u00e3o.<\/span><\/li>\n<li><span style=\"font-size: 14pt;\">Montar rotina cir\u00fargica, efetuar a previs\u00e3o dos materiais conforme protocolos estabelecidos.<\/span><\/li>\n<li><span style=\"font-size: 14pt;\">Receber e conferir material de OPME.<\/span><\/li>\n<\/ul>\n<p><span style=\"font-size: 14pt;\"><strong>Requisitos e qualifica\u00e7\u00f5es<\/strong>:<\/span><\/p>\n<ul>\n<li><span style=\"font-size: 14pt;\">Possuir Coren Ativo.<\/span><\/li>\n<li><span style=\"font-size: 14pt;\">Experi\u00eancia em CME.<\/span><\/li>\n<\/ul>\n<p><span style=\"font-size: 14pt;\"><strong>Benef\u00edcios<\/strong>:<\/span><\/p>\n<ul>\n<li><span style=\"font-size: 14pt;\">Benef\u00edcio flex\u00edvel de vale alimenta\u00e7\u00e3o ou refei\u00e7\u00e3o.<\/span><\/li>\n<li><span style=\"font-size: 14pt;\">Vale transporte.<\/span><\/li>\n<li><span style=\"font-size: 14pt;\">Conv\u00eanio m\u00e9dico.<\/span><\/li>\n<li><span style=\"font-size: 14pt;\">Conv\u00eanio odontol\u00f3gico.<\/span><\/li>\n<li><span style=\"font-size: 14pt;\">Gympass.<\/span><\/li>\n<li><span style=\"font-size: 14pt;\">Aux\u00edlio creche.<\/span><\/li>\n<li><span style=\"font-size: 14pt;\">PLR.<\/span><\/li>\n<li><span style=\"font-size: 14pt;\">Parceria com institui\u00e7\u00f5es de ensino.<\/span><\/li>\n<li><span style=\"font-size: 14pt;\">Seguro de vida.<\/span><\/li>\n<\/ul>\n<p><span style=\"font-size: 14pt;\"><a href=\"https:\/\/saolucashospital.gupy.io\/job\/eyJqb2JJZCI6ODU4MDM5Nywic291cmNlIjoiZ3VweV9wb3J0YWwifQ==?jobBoardSource=gupy_portal\">Link para a vaga.<\/a><\/p>\n<p><\/span><\/p>\n<hr \/>\n<p><span style=\"font-size: 14pt;\"><strong><br \/>\nEstagi\u00e1rio(a) Enfermagem Centro Cir\u00fargico | Hospital Ribeirania<\/strong><\/span><\/p>\n<ul>\n<li><span style=\"font-size: 14pt;\"><strong>Local de trabalho<\/strong>: Ribeir\u00e3o Preto &#8211; SP<\/span><\/li>\n<li><span style=\"font-size: 14pt;\"><strong>Tipo de vaga<\/strong>: Est\u00e1gio<\/span><\/li>\n<li><span style=\"font-size: 14pt;\"><strong>Modelo de trabalho<\/strong>: Presencial<\/span><\/li>\n<\/ul>\n<p><span style=\"font-size: 14pt;\"><strong>Descri\u00e7\u00e3o da vaga<\/strong>: J\u00e1 pensou em estagiar em uma empresa que possui como principais valores: o cuidado com pessoas, \u00e9tica e equil\u00edbrio, proporcionando um bom clima e bem-estar em seu local de trabalho? Se sim, venha fazer parte do nosso time e se inscreva no Processo Seletivo. Estamos com oportunidade para Est\u00e1gio em Enfermagem &#8211; Hospital Ribeirania.<\/span><\/p>\n<p><span style=\"font-size: 14pt;\"><strong>Responsabilidades e atribui\u00e7\u00f5es<\/strong>:<\/span><\/p>\n<ul>\n<li><span style=\"font-size: 14pt;\">Auxiliar em rotinas administrativas do centro cir\u00fargico;<\/span><\/li>\n<li><span style=\"font-size: 14pt;\">Auxiliar a equipe com pedidos em sistema;<\/span><\/li>\n<li><span style=\"font-size: 14pt;\">Acompanhamento de indicadores de gest\u00e3o;<\/span><\/li>\n<li><span style=\"font-size: 14pt;\">Acompanhamento de rotinas administrativas com a coordena\u00e7\u00e3o;<\/span><\/li>\n<li><span style=\"font-size: 14pt;\">Auxiliar na rotina do centro cir\u00fargico, seguindo o protocolo da cirurgia segura.<\/span><\/li>\n<\/ul>\n<p><span style=\"font-size: 14pt;\"><strong>Requisitos e qualifica\u00e7\u00f5es<\/strong>:<\/span><\/p>\n<ul>\n<li><span style=\"font-size: 14pt;\">Cursando Enfermagem;<\/span><\/li>\n<li><span style=\"font-size: 14pt;\">Disponibilidade para estagiar das 08h00 \u00e0s 14h00 ou das 09h00 \u00e0s 16h00 (segunda a sexta);<\/span><\/li>\n<li><span style=\"font-size: 14pt;\">Residir em Ribeir\u00e3o Preto.<\/span><\/li>\n<\/ul>\n<p><span style=\"font-size: 14pt;\"><strong>Benef\u00edcios<\/strong>:<\/span><\/p>\n<ul>\n<li><span style=\"font-size: 14pt;\">Bolsa aux\u00edlio;<\/span><\/li>\n<li><span style=\"font-size: 14pt;\">Vale alimenta\u00e7\u00e3o;<\/span><\/li>\n<li><span style=\"font-size: 14pt;\">Vale transporte;<\/span><\/li>\n<li><span style=\"font-size: 14pt;\">Seguro de vida.<\/span><\/li>\n<\/ul>\n<hr \/>\n<p>&nbsp;<\/p>\n<div class='code-block code-block-4' style='margin: 8px auto 8px 0; text-align: left; display: block; clear: both;'>\n\ud83d\udce2 Aviso Legal\n\nO site ismaelcolosi.com.br atua apenas como um canal de divulga\u00e7\u00e3o de oportunidades de emprego e n\u00e3o se responsabiliza pelo processo seletivo, contrata\u00e7\u00e3o ou qualquer outra etapa relacionada \u00e0s vagas publicadas. Todas as informa\u00e7\u00f5es s\u00e3o de responsabilidade dos anunciantes.\n\n\u26a0\ufe0f Aten\u00e7\u00e3o! Nunca pague por promessas de emprego nem compre cursos que garantam contrata\u00e7\u00e3o. Desconfie de qualquer cobran\u00e7a para participar de sele\u00e7\u00f5es.\n\n\n\n<\/div>\n<!-- CONTENT END 1 -->\n","protected":false},"excerpt":{"rendered":"<p>Os T\u00e9cnicos de Enfermagem s\u00e3o profissionais essenciais que contribuem significativamente para a qualidade e efici\u00eancia do atendimento em sa\u00fade, proporcionando cuidados diretos e humanizados aos&#8230;<\/p>\n","protected":false},"author":5,"featured_media":82947,"comment_status":"open","ping_status":"open","sticky":false,"template":"","format":"standard","meta":{"_uag_custom_page_level_css":"","advanced_seo_description":"","jetpack_seo_html_title":"","jetpack_seo_noindex":false,"jetpack_post_was_ever_published":false,"_jetpack_newsletter_access":"","_jetpack_dont_email_post_to_subs":false,"_jetpack_newsletter_tier_id":0,"_jetpack_memberships_contains_paywalled_content":false,"_jetpack_memberships_contains_paid_content":false,"footnotes":"","jetpack_publicize_message":"","jetpack_publicize_feature_enabled":true,"jetpack_social_post_already_shared":true,"jetpack_social_options":{"image_generator_settings":{"template":"highway","default_image_id":0,"font":"","enabled":false},"version":2}},"categories":[7],"tags":[],"class_list":["post-82946","post","type-post","status-publish","format-standard","has-post-thumbnail","hentry","category-vagas-de-empregos-em-ribeirao-preto-regiao-brasil"],"jetpack_publicize_connections":[],"jetpack_featured_media_url":"https:\/\/i0.wp.com\/ismaelcolosi.com.br\/wp-content\/uploads\/2025\/02\/female-nurse-practicing-medicine-clinic-scaled.jpg?fit=2560%2C1703&ssl=1","uagb_featured_image_src":{"full":["https:\/\/i0.wp.com\/ismaelcolosi.com.br\/wp-content\/uploads\/2025\/02\/female-nurse-practicing-medicine-clinic-scaled.jpg?fit=2560%2C1703&ssl=1",2560,1703,false],"thumbnail":["https:\/\/i0.wp.com\/ismaelcolosi.com.br\/wp-content\/uploads\/2025\/02\/female-nurse-practicing-medicine-clinic-scaled.jpg?resize=150%2C150&ssl=1",150,150,true],"medium":["https:\/\/i0.wp.com\/ismaelcolosi.com.br\/wp-content\/uploads\/2025\/02\/female-nurse-practicing-medicine-clinic-scaled.jpg?fit=300%2C200&ssl=1",300,200,true],"medium_large":["https:\/\/i0.wp.com\/ismaelcolosi.com.br\/wp-content\/uploads\/2025\/02\/female-nurse-practicing-medicine-clinic-scaled.jpg?fit=768%2C511&ssl=1",768,511,true],"large":["https:\/\/i0.wp.com\/ismaelcolosi.com.br\/wp-content\/uploads\/2025\/02\/female-nurse-practicing-medicine-clinic-scaled.jpg?fit=1024%2C681&ssl=1",1024,681,true],"1536x1536":["https:\/\/i0.wp.com\/ismaelcolosi.com.br\/wp-content\/uploads\/2025\/02\/female-nurse-practicing-medicine-clinic-scaled.jpg?fit=1536%2C1022&ssl=1",1536,1022,true],"2048x2048":["https:\/\/i0.wp.com\/ismaelcolosi.com.br\/wp-content\/uploads\/2025\/02\/female-nurse-practicing-medicine-clinic-scaled.jpg?fit=2048%2C1363&ssl=1",2048,1363,true],"really-simple-thumb":["https:\/\/i0.wp.com\/ismaelcolosi.com.br\/wp-content\/uploads\/2025\/02\/female-nurse-practicing-medicine-clinic-scaled.jpg?resize=370%2C247&ssl=1",370,247,true]},"uagb_author_info":{"display_name":"Arthur Tijolo","author_link":"https:\/\/ismaelcolosi.com.br\/index.php\/author\/autor-2024\/"},"uagb_comment_info":0,"uagb_excerpt":"Os T\u00e9cnicos de Enfermagem s\u00e3o profissionais essenciais que contribuem significativamente para a qualidade e efici\u00eancia do atendimento em sa\u00fade, proporcionando cuidados diretos e humanizados aos...","jetpack-related-posts":[{"id":78500,"url":"https:\/\/ismaelcolosi.com.br\/index.php\/2024\/12\/05\/vagas-para-recepcionista-hospitalar-copeira-e-tecnico-de-enfermagem-e-vendedora\/","url_meta":{"origin":82946,"position":0},"title":"Vagas para Recepcionista Hospitalar, Copeira e T\u00e9cnico de enfermagem e Vendedora","author":"ismaelcolosi.com.br","date":"5 de December de 2024","format":false,"excerpt":"Responsabilidades das Fun\u00e7\u00f5es Listadas: \u00a0 Recepcionista Hospitalar Atendimento ao Paciente: Recepciona pacientes e visitantes, auxilia no check-in e oferece orienta\u00e7\u00f5es dentro do hospital. Coordena\u00e7\u00e3o de Agendamentos: Gera, ajusta e organiza os hor\u00e1rios de consultas utilizando sistemas hospitalares. Suporte Administrativo: Atende chamadas, processa documentos de pacientes e lida com faturamento e\u2026","rel":"","context":"In &quot;Blog&quot;","block_context":{"text":"Blog","link":"https:\/\/ismaelcolosi.com.br\/index.php\/category\/blog\/"},"img":{"alt_text":"","src":"https:\/\/i0.wp.com\/ismaelcolosi.com.br\/wp-content\/uploads\/2024\/12\/ismael2Bcolosi2Bvagas2Bvagasismael2Bcolosi2Bvagas2Bvagasismael2Bcolosi2Bvagas2Bvagasismael2Bcolosi2Bvagas2Bvagasismael2Bcolosi2Bvagas2Bvagasismael2Bcolosi2Bvagas2Bvagasismael2Bcolosi2Bvagas2Bvagas.jpg?fit=572%2C300&ssl=1&resize=350%2C200","width":350,"height":200,"srcset":"https:\/\/i0.wp.com\/ismaelcolosi.com.br\/wp-content\/uploads\/2024\/12\/ismael2Bcolosi2Bvagas2Bvagasismael2Bcolosi2Bvagas2Bvagasismael2Bcolosi2Bvagas2Bvagasismael2Bcolosi2Bvagas2Bvagasismael2Bcolosi2Bvagas2Bvagasismael2Bcolosi2Bvagas2Bvagasismael2Bcolosi2Bvagas2Bvagas.jpg?fit=572%2C300&ssl=1&resize=350%2C200 1x, https:\/\/i0.wp.com\/ismaelcolosi.com.br\/wp-content\/uploads\/2024\/12\/ismael2Bcolosi2Bvagas2Bvagasismael2Bcolosi2Bvagas2Bvagasismael2Bcolosi2Bvagas2Bvagasismael2Bcolosi2Bvagas2Bvagasismael2Bcolosi2Bvagas2Bvagasismael2Bcolosi2Bvagas2Bvagasismael2Bcolosi2Bvagas2Bvagas.jpg?fit=572%2C300&ssl=1&resize=525%2C300 1.5x"},"classes":[]},{"id":85209,"url":"https:\/\/ismaelcolosi.com.br\/index.php\/2025\/05\/06\/hospital-mater-acaba-de-abrir-concurso-com-salarios-de-ate-r-9-600-vagas-para-medico-ginecologista-e-tecnico-de-enfermagem-estabilidade-excelente-remuneracao-e-oportunidade-real-de-crescimento\/","url_meta":{"origin":82946,"position":1},"title":"CONCURSO ABERTO! Hospital MATER paga at\u00e9 R$ 9,6 MIL! INSCRI\u00c7\u00d5ES J\u00c1! Corre antes que acabe!","author":"Arthur Tijolo","date":"6 de May de 2025","format":false,"excerpt":"\ud83d\udc89Inscri\u00e7\u00f5es para concurso publico de M\u00e9dico na \u00e1rea de Ginecologia e Obstetr\u00edcia para o Centro de Refer\u00eancia da Sa\u00fade da Mulher de Ribeir\u00e3o Preto (CRSMRP-MATER): \ud83d\udcda Processo seletivo Prova te\u00f3rica (eliminat\u00f3ria) \u2013 Nota m\u00ednima: 6,0. An\u00e1lise curricular (classificat\u00f3ria) \u2013 Avalia\u00e7\u00e3o de forma\u00e7\u00e3o acad\u00eamica e experi\u00eancia profissional. \u2696\ufe0f Crit\u00e9rios de desempate\u2026","rel":"","context":"In &quot;Vagas de Emprego em Ribeir\u00e3o Preto-SP&quot;","block_context":{"text":"Vagas de Emprego em Ribeir\u00e3o Preto-SP","link":"https:\/\/ismaelcolosi.com.br\/index.php\/category\/empregos-classificados-vagas-trabalho\/vagas-de-empregos-em-ribeirao-preto-regiao-brasil\/"},"img":{"alt_text":"","src":"https:\/\/i0.wp.com\/ismaelcolosi.com.br\/wp-content\/uploads\/2025\/05\/474217970_1956393808217958_7962557479775972335_n.jpg?fit=1080%2C604&ssl=1&resize=350%2C200","width":350,"height":200,"srcset":"https:\/\/i0.wp.com\/ismaelcolosi.com.br\/wp-content\/uploads\/2025\/05\/474217970_1956393808217958_7962557479775972335_n.jpg?fit=1080%2C604&ssl=1&resize=350%2C200 1x, https:\/\/i0.wp.com\/ismaelcolosi.com.br\/wp-content\/uploads\/2025\/05\/474217970_1956393808217958_7962557479775972335_n.jpg?fit=1080%2C604&ssl=1&resize=525%2C300 1.5x, https:\/\/i0.wp.com\/ismaelcolosi.com.br\/wp-content\/uploads\/2025\/05\/474217970_1956393808217958_7962557479775972335_n.jpg?fit=1080%2C604&ssl=1&resize=700%2C400 2x, https:\/\/i0.wp.com\/ismaelcolosi.com.br\/wp-content\/uploads\/2025\/05\/474217970_1956393808217958_7962557479775972335_n.jpg?fit=1080%2C604&ssl=1&resize=1050%2C600 3x"},"classes":[]},{"id":60907,"url":"https:\/\/ismaelcolosi.com.br\/index.php\/2024\/08\/19\/guia-de-principais-profissoes-da-area-da-saude\/","url_meta":{"origin":82946,"position":2},"title":"Guia de principais profiss\u00f5es da \u00e1rea da sa\u00fade","author":"ismaelcolosi.com.br","date":"19 de August de 2024","format":false,"excerpt":"Um of\u00edcio que nunca deixa de estar em alta s\u00e3o as profiss\u00f5es da \u00e1rea da sa\u00fade. Isso por que al\u00e9m do cuidado com o corpo e a mente estar cada vez mais em alta, os estudos sobre a vida humana est\u00e3o constantemente sendo atualizados e os m\u00e9todos e tratamentos que\u2026","rel":"","context":"In &quot;Carreira e Sucesso&quot;","block_context":{"text":"Carreira e Sucesso","link":"https:\/\/ismaelcolosi.com.br\/index.php\/category\/carreira-e-sucesso-dicas-para-carreira\/"},"img":{"alt_text":"","src":"https:\/\/i0.wp.com\/ismaelcolosi.com.br\/wp-content\/uploads\/2024\/08\/Profissoes-da-area-da-saude.png?fit=1200%2C675&ssl=1&resize=350%2C200","width":350,"height":200,"srcset":"https:\/\/i0.wp.com\/ismaelcolosi.com.br\/wp-content\/uploads\/2024\/08\/Profissoes-da-area-da-saude.png?fit=1200%2C675&ssl=1&resize=350%2C200 1x, https:\/\/i0.wp.com\/ismaelcolosi.com.br\/wp-content\/uploads\/2024\/08\/Profissoes-da-area-da-saude.png?fit=1200%2C675&ssl=1&resize=525%2C300 1.5x, https:\/\/i0.wp.com\/ismaelcolosi.com.br\/wp-content\/uploads\/2024\/08\/Profissoes-da-area-da-saude.png?fit=1200%2C675&ssl=1&resize=700%2C400 2x, https:\/\/i0.wp.com\/ismaelcolosi.com.br\/wp-content\/uploads\/2024\/08\/Profissoes-da-area-da-saude.png?fit=1200%2C675&ssl=1&resize=1050%2C600 3x"},"classes":[]},{"id":51631,"url":"https:\/\/ismaelcolosi.com.br\/index.php\/2024\/05\/29\/hc-ue-de-ribeirao-tera-sala-de-acolhimento-para-pacientes-que-aguardam-por-internacao\/","url_meta":{"origin":82946,"position":3},"title":"HC-UE de Ribeir\u00e3o ter\u00e1 sala de acolhimento para pacientes que aguardam por interna\u00e7\u00e3o","author":"ismaelcolosi.com.br","date":"29 de May de 2024","format":false,"excerpt":"O HC-UE (Hospital das Cl\u00ednicas Unidade de Emerg\u00eancia) de Ribeir\u00e3o Preto, que fica no Centro da cidade, inaugura, no dia 5 de junho, duas novas \u00e1reas para atendimentos aos pacientes. Entre elas, uma sala que receber\u00e1 usu\u00e1rios que aguardam em ambul\u00e2ncias para serem internados. As duas expans\u00f5es na unidade hospitalar,\u2026","rel":"","context":"In &quot;Not\u00edcias de Ribeir\u00e3o Preto-SP e Regi\u00e3o&quot;","block_context":{"text":"Not\u00edcias de Ribeir\u00e3o Preto-SP e Regi\u00e3o","link":"https:\/\/ismaelcolosi.com.br\/index.php\/category\/noticias-de-ribeirao-preto-sp-e-regiao-ismael-colosi\/"},"img":{"alt_text":"","src":"https:\/\/i0.wp.com\/ismaelcolosi.com.br\/wp-content\/uploads\/2024\/05\/Copia-de-Copia-de-TAMANHO-EXATO-PARA-FOTOS-NO-SISTEMA-NOVO-3_2024-05-29_14-32-31_png_2024-05-29_14-32-31.webp.webp?fit=1200%2C675&ssl=1&resize=350%2C200","width":350,"height":200,"srcset":"https:\/\/i0.wp.com\/ismaelcolosi.com.br\/wp-content\/uploads\/2024\/05\/Copia-de-Copia-de-TAMANHO-EXATO-PARA-FOTOS-NO-SISTEMA-NOVO-3_2024-05-29_14-32-31_png_2024-05-29_14-32-31.webp.webp?fit=1200%2C675&ssl=1&resize=350%2C200 1x, https:\/\/i0.wp.com\/ismaelcolosi.com.br\/wp-content\/uploads\/2024\/05\/Copia-de-Copia-de-TAMANHO-EXATO-PARA-FOTOS-NO-SISTEMA-NOVO-3_2024-05-29_14-32-31_png_2024-05-29_14-32-31.webp.webp?fit=1200%2C675&ssl=1&resize=525%2C300 1.5x, https:\/\/i0.wp.com\/ismaelcolosi.com.br\/wp-content\/uploads\/2024\/05\/Copia-de-Copia-de-TAMANHO-EXATO-PARA-FOTOS-NO-SISTEMA-NOVO-3_2024-05-29_14-32-31_png_2024-05-29_14-32-31.webp.webp?fit=1200%2C675&ssl=1&resize=700%2C400 2x, https:\/\/i0.wp.com\/ismaelcolosi.com.br\/wp-content\/uploads\/2024\/05\/Copia-de-Copia-de-TAMANHO-EXATO-PARA-FOTOS-NO-SISTEMA-NOVO-3_2024-05-29_14-32-31_png_2024-05-29_14-32-31.webp.webp?fit=1200%2C675&ssl=1&resize=1050%2C600 3x"},"classes":[]},{"id":24619,"url":"https:\/\/ismaelcolosi.com.br\/index.php\/2024\/01\/04\/ame-ribeirao-atendeu-mais-de-mil-pacientes-da-cidade-e-regiao\/","url_meta":{"origin":82946,"position":4},"title":"AME Ribeir\u00e3o atendeu mais de mil pacientes da cidade e regi\u00e3o \u2013 Folha de Ribeir\u00e3o","author":"ismaelcolosi.com.br","date":"4 de January de 2024","format":false,"excerpt":"Nos meses de novembro e dezembro de 2023, o AME Ribeir\u00e3o (Ambulat\u00f3rio M\u00e9dico de Especialidades) realizou 1.148 consultas m\u00e9dicas e 297 exames e procedimentos. As portas do ambulat\u00f3rio abriram no \u00faltimo dia 27 de novembro, oferecendo aos moradores de Ribeir\u00e3o Preto e regi\u00e3o o atendimento nas especialidades de cardiologia, dermatologia,\u2026","rel":"","context":"In &quot;Not\u00edcias de Ribeir\u00e3o Preto-SP e Regi\u00e3o&quot;","block_context":{"text":"Not\u00edcias de Ribeir\u00e3o Preto-SP e Regi\u00e3o","link":"https:\/\/ismaelcolosi.com.br\/index.php\/category\/noticias-de-ribeirao-preto-sp-e-regiao-ismael-colosi\/"},"img":{"alt_text":"","src":"https:\/\/i0.wp.com\/ismaelcolosi.com.br\/wp-content\/uploads\/2024\/01\/visita_vistoria_ame_outubro_2023_-_foto_guilherme_sircili_6.jpg?fit=1200%2C800&ssl=1&resize=350%2C200","width":350,"height":200,"srcset":"https:\/\/i0.wp.com\/ismaelcolosi.com.br\/wp-content\/uploads\/2024\/01\/visita_vistoria_ame_outubro_2023_-_foto_guilherme_sircili_6.jpg?fit=1200%2C800&ssl=1&resize=350%2C200 1x, https:\/\/i0.wp.com\/ismaelcolosi.com.br\/wp-content\/uploads\/2024\/01\/visita_vistoria_ame_outubro_2023_-_foto_guilherme_sircili_6.jpg?fit=1200%2C800&ssl=1&resize=525%2C300 1.5x, https:\/\/i0.wp.com\/ismaelcolosi.com.br\/wp-content\/uploads\/2024\/01\/visita_vistoria_ame_outubro_2023_-_foto_guilherme_sircili_6.jpg?fit=1200%2C800&ssl=1&resize=700%2C400 2x, https:\/\/i0.wp.com\/ismaelcolosi.com.br\/wp-content\/uploads\/2024\/01\/visita_vistoria_ame_outubro_2023_-_foto_guilherme_sircili_6.jpg?fit=1200%2C800&ssl=1&resize=1050%2C600 3x"},"classes":[]},{"id":70975,"url":"https:\/\/ismaelcolosi.com.br\/index.php\/2024\/10\/14\/tres-vitimas-de-explosao-em-industria-quimica-seguem-internadas-no-hc-ribeirao\/","url_meta":{"origin":82946,"position":5},"title":"Tr\u00eas v\u00edtimas de explos\u00e3o em ind\u00fastria qu\u00edmica seguem internadas no HC Ribeir\u00e3o","author":"ismaelcolosi.com.br","date":"14 de October de 2024","format":false,"excerpt":"O HC-UE (Hospital das Cl\u00ednicas \u2013 Unidade de Emerg\u00eancia) de Ribeir\u00e3o Preto informou que tr\u00eas v\u00edtimas da explos\u00e3o em ind\u00fastria qu\u00edmica em Sert\u00e3ozinho seguem internadas na unidade. O acidente aconteceu na tarde da \u00faltima sexta-feira (11). O estado de sa\u00fade delas n\u00e3o foi informado. Em nota, o hospital informou que\u2026","rel":"","context":"In &quot;Not\u00edcias de Ribeir\u00e3o Preto-SP e Regi\u00e3o&quot;","block_context":{"text":"Not\u00edcias de Ribeir\u00e3o Preto-SP e Regi\u00e3o","link":"https:\/\/ismaelcolosi.com.br\/index.php\/category\/noticias-de-ribeirao-preto-sp-e-regiao-ismael-colosi\/"},"img":{"alt_text":"","src":"https:\/\/i0.wp.com\/ismaelcolosi.com.br\/wp-content\/uploads\/2024\/10\/WhatsApp-Image-2024-10-11-at-15.37.58_2024-10-11_18-45-56_jpeg_2024-10-11_18-45-57-scaled.webp.webp?fit=1200%2C900&ssl=1&resize=350%2C200","width":350,"height":200,"srcset":"https:\/\/i0.wp.com\/ismaelcolosi.com.br\/wp-content\/uploads\/2024\/10\/WhatsApp-Image-2024-10-11-at-15.37.58_2024-10-11_18-45-56_jpeg_2024-10-11_18-45-57-scaled.webp.webp?fit=1200%2C900&ssl=1&resize=350%2C200 1x, https:\/\/i0.wp.com\/ismaelcolosi.com.br\/wp-content\/uploads\/2024\/10\/WhatsApp-Image-2024-10-11-at-15.37.58_2024-10-11_18-45-56_jpeg_2024-10-11_18-45-57-scaled.webp.webp?fit=1200%2C900&ssl=1&resize=525%2C300 1.5x, https:\/\/i0.wp.com\/ismaelcolosi.com.br\/wp-content\/uploads\/2024\/10\/WhatsApp-Image-2024-10-11-at-15.37.58_2024-10-11_18-45-56_jpeg_2024-10-11_18-45-57-scaled.webp.webp?fit=1200%2C900&ssl=1&resize=700%2C400 2x, https:\/\/i0.wp.com\/ismaelcolosi.com.br\/wp-content\/uploads\/2024\/10\/WhatsApp-Image-2024-10-11-at-15.37.58_2024-10-11_18-45-56_jpeg_2024-10-11_18-45-57-scaled.webp.webp?fit=1200%2C900&ssl=1&resize=1050%2C600 3x"},"classes":[]}],"jetpack_sharing_enabled":true,"jetpack_shortlink":"https:\/\/wp.me\/pfMlyK-lzQ","_links":{"self":[{"href":"https:\/\/ismaelcolosi.com.br\/index.php\/wp-json\/wp\/v2\/posts\/82946","targetHints":{"allow":["GET"]}}],"collection":[{"href":"https:\/\/ismaelcolosi.com.br\/index.php\/wp-json\/wp\/v2\/posts"}],"about":[{"href":"https:\/\/ismaelcolosi.com.br\/index.php\/wp-json\/wp\/v2\/types\/post"}],"author":[{"embeddable":true,"href":"https:\/\/ismaelcolosi.com.br\/index.php\/wp-json\/wp\/v2\/users\/5"}],"replies":[{"embeddable":true,"href":"https:\/\/ismaelcolosi.com.br\/index.php\/wp-json\/wp\/v2\/comments?post=82946"}],"version-history":[{"count":3,"href":"https:\/\/ismaelcolosi.com.br\/index.php\/wp-json\/wp\/v2\/posts\/82946\/revisions"}],"predecessor-version":[{"id":82955,"href":"https:\/\/ismaelcolosi.com.br\/index.php\/wp-json\/wp\/v2\/posts\/82946\/revisions\/82955"}],"wp:featuredmedia":[{"embeddable":true,"href":"https:\/\/ismaelcolosi.com.br\/index.php\/wp-json\/wp\/v2\/media\/82947"}],"wp:attachment":[{"href":"https:\/\/ismaelcolosi.com.br\/index.php\/wp-json\/wp\/v2\/media?parent=82946"}],"wp:term":[{"taxonomy":"category","embeddable":true,"href":"https:\/\/ismaelcolosi.com.br\/index.php\/wp-json\/wp\/v2\/categories?post=82946"},{"taxonomy":"post_tag","embeddable":true,"href":"https:\/\/ismaelcolosi.com.br\/index.php\/wp-json\/wp\/v2\/tags?post=82946"}],"curies":[{"name":"wp","href":"https:\/\/api.w.org\/{rel}","templated":true}]}}