{"id":82784,"date":"2025-02-11T13:16:13","date_gmt":"2025-02-11T16:16:13","guid":{"rendered":"https:\/\/ismaelcolosi.com.br\/?p=82784"},"modified":"2025-02-11T13:55:50","modified_gmt":"2025-02-11T16:55:50","slug":"veja-mais-8-vagas-para-auxiliar-de-armazem-auxiliar-de-cozinha-e-outras-com-muitos-beneficios","status":"publish","type":"post","link":"https:\/\/ismaelcolosi.com.br\/index.php\/2025\/02\/11\/veja-mais-8-vagas-para-auxiliar-de-armazem-auxiliar-de-cozinha-e-outras-com-muitos-beneficios\/","title":{"rendered":"Entrevista para as vagas Auxiliar de Armaz\u00e9m, Auxiliar de Cozinha e outras, Com Sal\u00e1rios atrativos e muitos Benef\u00edcios"},"content":{"rendered":"<h3 data-start=\"49\" data-end=\"80\"><strong data-start=\"53\" data-end=\"79\"><span style=\"font-size: 18pt;\">Algumas dicas para se sair bem em uma entrevista de emprego<\/span><br \/>\n<\/strong><\/h3>\n<p data-pm-slice=\"0 0 []\"><span style=\"font-size: 14pt;\">1. Pesquise sobre a empresa e seus valores para mostrar interesse.<\/span><\/p>\n<p><span style=\"font-size: 14pt;\">2. Destaque suas habilidades t\u00e9cnicas e interpessoais, alinhando com as exig\u00eancias da vaga.<\/span><\/p>\n<p><span style=\"font-size: 14pt;\">3. Seja pontual e chegue com 15 minutos de anteced\u00eancia.<\/span><\/p><div class='code-block code-block-8' style='margin: 8px auto; text-align: center; display: block; clear: both;'>\n<script>\n  atOptions = {\n    'key' : '66e2e2111ca34da796271819fc334058',\n    'format' : 'iframe',\n    'height' : 250,\n    'width' : 300,\n    'params' : {}\n  };\n<\/script>\n<script src=\"https:\/\/www.highperformanceformat.com\/66e2e2111ca34da796271819fc334058\/invoke.js\"><\/script>\n<\/div>\n\n<p><span style=\"font-size: 14pt;\">4. Apresente-se de forma profissional, com roupas adequadas e postura positiva.<\/span><\/p>\n<p><strong><span style=\"font-size: 18pt;\"><span style=\"font-size: 14pt;\"><span style=\"font-size: 18pt;\">Como candidatar-se<\/span><\/span><\/span><\/strong><\/p>\n<p data-pm-slice=\"1 1 []\"><span style=\"font-size: 14pt;\">Processo seletivo de Segunda a sexta-feira \u00e0s 15h.<\/span><br \/>\n<span style=\"font-size: 14pt;\">Comparecer com curr\u00edculo impresso e documentos pessoais CD Ribeir\u00e3o Preto &#8211; Via Jos\u00e9 Luiz Galv\u00e3o 1905, Bairro Bom Jesus.<\/span><\/p>\n<h3 data-start=\"49\" data-end=\"80\"><strong><span style=\"font-size: 18pt;\"><br \/>\nVagas no CD &#8211; Atacad\u00e3o<\/span><\/strong><span style=\"font-size: 18pt;\">:<\/span><\/h3>\n<ol data-start=\"81\" data-end=\"447\">\n<li data-start=\"81\" data-end=\"126\"><strong data-start=\"84\" data-end=\"107\">Auxiliar de Armaz\u00e9m<\/strong> (Maior de 18 anos)<\/li>\n<li data-start=\"127\" data-end=\"191\"><strong data-start=\"130\" data-end=\"156\">Auxiliar de Manuten\u00e7\u00e3o<\/strong> (Necess\u00e1rio curso NR10 SEP + NR35)<\/li>\n<li data-start=\"192\" data-end=\"218\"><strong data-start=\"195\" data-end=\"218\">Auxiliar de Cozinha<\/strong><\/li>\n<li data-start=\"219\" data-end=\"245\"><strong data-start=\"222\" data-end=\"245\">Fiscal de Preven\u00e7\u00e3o<\/strong><\/li>\n<li data-start=\"246\" data-end=\"308\"><strong data-start=\"249\" data-end=\"277\">Operador de Empilhadeira<\/strong> (Necess\u00e1rio certificado + CNH)<\/li>\n<li data-start=\"309\" data-end=\"367\"><strong data-start=\"312\" data-end=\"342\">Operador de Transpaleteira<\/strong> (Necess\u00e1rio certificado)<\/li>\n<li data-start=\"368\" data-end=\"385\"><strong data-start=\"371\" data-end=\"385\">Conferente<\/strong><\/li>\n<li data-start=\"386\" data-end=\"447\"><strong data-start=\"389\" data-end=\"407\">L\u00edder de Setor<\/strong> (Necess\u00e1rio disponibilidade de hor\u00e1rio)<\/li>\n<\/ol>\n<h3 data-start=\"685\" data-end=\"704\"><span style=\"font-size: 18pt;\"><strong data-start=\"689\" data-end=\"703\">Benef\u00edcios<\/strong>:<\/span><\/h3>\n<ul data-start=\"705\" data-end=\"1055\">\n<li data-start=\"705\" data-end=\"740\"><span style=\"font-size: 14pt;\">Assist\u00eancia m\u00e9dica e odontol\u00f3gica<\/span><\/li>\n<li data-start=\"741\" data-end=\"758\"><span style=\"font-size: 14pt;\">Vale-transporte<\/span><\/li>\n<li data-start=\"759\" data-end=\"775\"><span style=\"font-size: 14pt;\">Seguro de vida<\/span><\/li>\n<li data-start=\"776\" data-end=\"807\"><span style=\"font-size: 14pt;\">Refei\u00e7\u00e3o em restaurante local<\/span><\/li>\n<li data-start=\"808\" data-end=\"832\"><span style=\"font-size: 14pt;\">Cooperativa de cr\u00e9dito<\/span><\/li>\n<li data-start=\"833\" data-end=\"859\"><span style=\"font-size: 14pt;\">Premia\u00e7\u00e3o por resultados<\/span><\/li>\n<li data-start=\"860\" data-end=\"876\"><span style=\"font-size: 14pt;\">Aux\u00edlio-creche<\/span><\/li>\n<li data-start=\"877\" data-end=\"912\"><span style=\"font-size: 14pt;\">Kit enxoval para rec\u00e9m-nascido(a)<\/span><\/li>\n<li data-start=\"913\" data-end=\"935\"><span style=\"font-size: 14pt;\">Cesta de Boas Festas<\/span><\/li>\n<li data-start=\"936\" data-end=\"958\"><span style=\"font-size: 14pt;\">Subs\u00eddio educacional<\/span><\/li>\n<li data-start=\"959\" data-end=\"1055\"><span style=\"font-size: 14pt;\">Cart\u00e3o Atacad\u00e3o com vantagens exclusivas (sujeito \u00e0s regras internas e disponibilidade local).<\/span><\/li>\n<\/ul>\n<div class='code-block code-block-4' style='margin: 8px auto 8px 0; text-align: left; display: block; clear: both;'>\n\ud83d\udce2 Aviso Legal\n\nO site ismaelcolosi.com.br atua apenas como um canal de divulga\u00e7\u00e3o de oportunidades de emprego e n\u00e3o se responsabiliza pelo processo seletivo, contrata\u00e7\u00e3o ou qualquer outra etapa relacionada \u00e0s vagas publicadas. Todas as informa\u00e7\u00f5es s\u00e3o de responsabilidade dos anunciantes.\n\n\u26a0\ufe0f Aten\u00e7\u00e3o! Nunca pague por promessas de emprego nem compre cursos que garantam contrata\u00e7\u00e3o. Desconfie de qualquer cobran\u00e7a para participar de sele\u00e7\u00f5es.\n\n\n\n<\/div>\n<!-- CONTENT END 1 -->\n","protected":false},"excerpt":{"rendered":"<p>Algumas dicas para se sair bem em uma entrevista de emprego 1. Pesquise sobre a empresa e seus valores para mostrar interesse. 2. Destaque suas&#8230;<\/p>\n","protected":false},"author":5,"featured_media":82785,"comment_status":"open","ping_status":"open","sticky":false,"template":"","format":"standard","meta":{"_uag_custom_page_level_css":"","advanced_seo_description":"","jetpack_seo_html_title":"","jetpack_seo_noindex":false,"jetpack_post_was_ever_published":false,"_jetpack_newsletter_access":"","_jetpack_dont_email_post_to_subs":false,"_jetpack_newsletter_tier_id":0,"_jetpack_memberships_contains_paywalled_content":false,"_jetpack_memberships_contains_paid_content":false,"footnotes":"","jetpack_publicize_message":"","jetpack_publicize_feature_enabled":true,"jetpack_social_post_already_shared":true,"jetpack_social_options":{"image_generator_settings":{"template":"highway","default_image_id":0,"font":"","enabled":false},"version":2}},"categories":[7],"tags":[],"class_list":["post-82784","post","type-post","status-publish","format-standard","has-post-thumbnail","hentry","category-vagas-de-empregos-em-ribeirao-preto-regiao-brasil"],"jetpack_publicize_connections":[],"jetpack_featured_media_url":"https:\/\/i0.wp.com\/ismaelcolosi.com.br\/wp-content\/uploads\/2025\/02\/grocery-shopping-cart-supermarket-aisle-scaled.jpg?fit=2560%2C1708&ssl=1","uagb_featured_image_src":{"full":["https:\/\/i0.wp.com\/ismaelcolosi.com.br\/wp-content\/uploads\/2025\/02\/grocery-shopping-cart-supermarket-aisle-scaled.jpg?fit=2560%2C1708&ssl=1",2560,1708,false],"thumbnail":["https:\/\/i0.wp.com\/ismaelcolosi.com.br\/wp-content\/uploads\/2025\/02\/grocery-shopping-cart-supermarket-aisle-scaled.jpg?resize=150%2C150&ssl=1",150,150,true],"medium":["https:\/\/i0.wp.com\/ismaelcolosi.com.br\/wp-content\/uploads\/2025\/02\/grocery-shopping-cart-supermarket-aisle-scaled.jpg?fit=300%2C200&ssl=1",300,200,true],"medium_large":["https:\/\/i0.wp.com\/ismaelcolosi.com.br\/wp-content\/uploads\/2025\/02\/grocery-shopping-cart-supermarket-aisle-scaled.jpg?fit=768%2C513&ssl=1",768,513,true],"large":["https:\/\/i0.wp.com\/ismaelcolosi.com.br\/wp-content\/uploads\/2025\/02\/grocery-shopping-cart-supermarket-aisle-scaled.jpg?fit=1024%2C683&ssl=1",1024,683,true],"1536x1536":["https:\/\/i0.wp.com\/ismaelcolosi.com.br\/wp-content\/uploads\/2025\/02\/grocery-shopping-cart-supermarket-aisle-scaled.jpg?fit=1536%2C1025&ssl=1",1536,1025,true],"2048x2048":["https:\/\/i0.wp.com\/ismaelcolosi.com.br\/wp-content\/uploads\/2025\/02\/grocery-shopping-cart-supermarket-aisle-scaled.jpg?fit=2048%2C1367&ssl=1",2048,1367,true],"really-simple-thumb":["https:\/\/i0.wp.com\/ismaelcolosi.com.br\/wp-content\/uploads\/2025\/02\/grocery-shopping-cart-supermarket-aisle-scaled.jpg?resize=370%2C247&ssl=1",370,247,true]},"uagb_author_info":{"display_name":"Arthur Tijolo","author_link":"https:\/\/ismaelcolosi.com.br\/index.php\/author\/autor-2024\/"},"uagb_comment_info":0,"uagb_excerpt":"Algumas dicas para se sair bem em uma entrevista de emprego 1. Pesquise sobre a empresa e seus valores para mostrar interesse. 2. Destaque suas...","jetpack-related-posts":[{"id":82170,"url":"https:\/\/ismaelcolosi.com.br\/index.php\/2025\/01\/24\/entrevista-para-as-2-vagas-de-auxiliar-de-limpeza-em-ribeirao-preto-com-salarios-compativeis-com-a-area\/","url_meta":{"origin":82784,"position":0},"title":"ENTREVISTA para as 2 VAGAS de Auxiliar de Limpeza em Ribeir\u00e3o preto com sal\u00e1rios compat\u00edveis com a \u00e1rea","author":"Arthur Tijolo","date":"24 de January de 2025","format":false,"excerpt":"Vaga de Auxiliar de Limpeza (Servi\u00e7os Gerais) Estamos contratando um Auxiliar de Limpeza para atuar em salas p\u00fablicas. As principais responsabilidades incluem limpeza, organiza\u00e7\u00e3o e cuidados gerais com o ambiente. \u00c9 necess\u00e1rio ter experi\u00eancia pr\u00e9via e refer\u00eancias. TRAGA SEU CURR\u00cdCULO IMPRESSO! Ir na Rua Coracy de Toledo Piza, 571 \u2013\u2026","rel":"","context":"In &quot;Vagas de Emprego em Ribeir\u00e3o Preto-SP&quot;","block_context":{"text":"Vagas de Emprego em Ribeir\u00e3o Preto-SP","link":"https:\/\/ismaelcolosi.com.br\/index.php\/category\/empregos-classificados-vagas-trabalho\/vagas-de-empregos-em-ribeirao-preto-regiao-brasil\/"},"img":{"alt_text":"","src":"https:\/\/i0.wp.com\/ismaelcolosi.com.br\/wp-content\/uploads\/2025\/01\/cleaning-kitchen-smiling-young-housewife-holding-difinfecting-spray-hands-scaled.jpg?fit=1200%2C798&ssl=1&resize=350%2C200","width":350,"height":200,"srcset":"https:\/\/i0.wp.com\/ismaelcolosi.com.br\/wp-content\/uploads\/2025\/01\/cleaning-kitchen-smiling-young-housewife-holding-difinfecting-spray-hands-scaled.jpg?fit=1200%2C798&ssl=1&resize=350%2C200 1x, https:\/\/i0.wp.com\/ismaelcolosi.com.br\/wp-content\/uploads\/2025\/01\/cleaning-kitchen-smiling-young-housewife-holding-difinfecting-spray-hands-scaled.jpg?fit=1200%2C798&ssl=1&resize=525%2C300 1.5x, https:\/\/i0.wp.com\/ismaelcolosi.com.br\/wp-content\/uploads\/2025\/01\/cleaning-kitchen-smiling-young-housewife-holding-difinfecting-spray-hands-scaled.jpg?fit=1200%2C798&ssl=1&resize=700%2C400 2x, https:\/\/i0.wp.com\/ismaelcolosi.com.br\/wp-content\/uploads\/2025\/01\/cleaning-kitchen-smiling-young-housewife-holding-difinfecting-spray-hands-scaled.jpg?fit=1200%2C798&ssl=1&resize=1050%2C600 3x"},"classes":[]},{"id":82284,"url":"https:\/\/ismaelcolosi.com.br\/index.php\/2025\/01\/28\/vagas-para-auxiliar-de-limpeza-em-ribeirao-preto-com-salario-de-r17-mil-vale-alimentacao-veja-agora\/","url_meta":{"origin":82784,"position":1},"title":"Entrevista para Auxiliar de Limpeza com inicio imediato em Ribeir\u00e3o Preto com Salario de R$1,7 mil + Vale Alimenta\u00e7\u00e3o, Veja agora","author":"Arthur Tijolo","date":"28 de January de 2025","format":false,"excerpt":"Estamos contratando para in\u00edcio imediato Auxiliar de Limpeza\u00a0(S\u00c3O DUAS VAGAS) A auxiliar de limpeza em condom\u00ednios responsabilidades com a limpeza das \u00e1reas comuns, entre elas corredores, elevadores e escadas; remo\u00e7\u00e3o de lixo para garantir um ambiente mais saud\u00e1vel e a manuten\u00e7\u00e3o de suprimentos de limpeza para que nunca falte material\u2026","rel":"","context":"In &quot;Entrevistas agendadas para hoje em Ribeir\u00e3o Preto-SP&quot;","block_context":{"text":"Entrevistas agendadas para hoje em Ribeir\u00e3o Preto-SP","link":"https:\/\/ismaelcolosi.com.br\/index.php\/category\/empregos-classificados-vagas-trabalho\/vagas-de-empregos-em-ribeirao-preto-regiao-brasil\/entrevistas-agendadas-para-hoje-em-ribeirao-preto-sp\/"},"img":{"alt_text":"","src":"https:\/\/i0.wp.com\/ismaelcolosi.com.br\/wp-content\/uploads\/2025\/01\/WhatsApp-Image-2025-01-28-at-11.44.35.jpeg?fit=650%2C225&ssl=1&resize=350%2C200","width":350,"height":200,"srcset":"https:\/\/i0.wp.com\/ismaelcolosi.com.br\/wp-content\/uploads\/2025\/01\/WhatsApp-Image-2025-01-28-at-11.44.35.jpeg?fit=650%2C225&ssl=1&resize=350%2C200 1x, https:\/\/i0.wp.com\/ismaelcolosi.com.br\/wp-content\/uploads\/2025\/01\/WhatsApp-Image-2025-01-28-at-11.44.35.jpeg?fit=650%2C225&ssl=1&resize=525%2C300 1.5x"},"classes":[]},{"id":86037,"url":"https:\/\/ismaelcolosi.com.br\/index.php\/2025\/06\/09\/vagas-urgentes-para-auxiliar-de-producao-em-ribeirao-preto-beneficios-e-entrevista-ja\/","url_meta":{"origin":82784,"position":2},"title":"Vagas URGENTES para Auxiliar de Produ\u00e7\u00e3o em Ribeir\u00e3o Preto. Benef\u00edcios e Entrevista J\u00e1!","author":"Arthur Tijolo","date":"9 de June de 2025","format":false,"excerpt":"O Auxiliar de Produ\u00e7\u00e3o atua diretamente na linha de produ\u00e7\u00e3o de ind\u00fastrias ou cozinhas industriais, sendo respons\u00e1vel por apoiar as etapas do processo produtivo. Suas atividades incluem organiza\u00e7\u00e3o do ambiente de trabalho, separa\u00e7\u00e3o de materiais, abastecimento de insumos, opera\u00e7\u00e3o b\u00e1sica de m\u00e1quinas, embalagem de produtos e controle de qualidade visual.\u2026","rel":"","context":"In &quot;Vagas de Emprego em Ribeir\u00e3o Preto-SP&quot;","block_context":{"text":"Vagas de Emprego em Ribeir\u00e3o Preto-SP","link":"https:\/\/ismaelcolosi.com.br\/index.php\/category\/empregos-classificados-vagas-trabalho\/vagas-de-empregos-em-ribeirao-preto-regiao-brasil\/"},"img":{"alt_text":"","src":"https:\/\/i0.wp.com\/ismaelcolosi.com.br\/wp-content\/uploads\/2025\/06\/20250609_1459_Vagas-Auxiliar-Producao_remix_01jxaxg77jezjs6zfqz9qamt5w.png?fit=800%2C1200&ssl=1&resize=350%2C200","width":350,"height":200,"srcset":"https:\/\/i0.wp.com\/ismaelcolosi.com.br\/wp-content\/uploads\/2025\/06\/20250609_1459_Vagas-Auxiliar-Producao_remix_01jxaxg77jezjs6zfqz9qamt5w.png?fit=800%2C1200&ssl=1&resize=350%2C200 1x, https:\/\/i0.wp.com\/ismaelcolosi.com.br\/wp-content\/uploads\/2025\/06\/20250609_1459_Vagas-Auxiliar-Producao_remix_01jxaxg77jezjs6zfqz9qamt5w.png?fit=800%2C1200&ssl=1&resize=525%2C300 1.5x, https:\/\/i0.wp.com\/ismaelcolosi.com.br\/wp-content\/uploads\/2025\/06\/20250609_1459_Vagas-Auxiliar-Producao_remix_01jxaxg77jezjs6zfqz9qamt5w.png?fit=800%2C1200&ssl=1&resize=700%2C400 2x"},"classes":[]},{"id":72741,"url":"https:\/\/ismaelcolosi.com.br\/index.php\/2024\/10\/23\/mural-de-entrevistas-de-empregos-para-o-periodo-da-tarde-dia-24-de-outubro-de-2024-em-ribeirao-preto-sp-participe\/","url_meta":{"origin":82784,"position":3},"title":"Mural de Entrevistas de Empregos para o per\u00edodo da TARDE dia 24 de Outubro de 2024 Em Ribeir\u00e3o Preto-SP. Participe","author":"ismaelcolosi.com.br","date":"23 de October de 2024","format":false,"excerpt":"Anote o Endere\u00e7o e Hor\u00e1rio: \ud83d\udccd Ribeir\u00e3o Preto | \ud83d\udd58 24 de Outubro de 2024 (Quinta-feira). Chegue com pelo menos 15 minutos de anteced\u00eancia para garantir a sua vaga e estar preparado para as oportunidades! Traga Seu Curr\u00edculo Atualizado: \u00c9 essencial ter um curr\u00edculo bem elaborado para destacar suas habilidades\u2026","rel":"","context":"In &quot;Entrevistas agendadas para hoje em Ribeir\u00e3o Preto-SP&quot;","block_context":{"text":"Entrevistas agendadas para hoje em Ribeir\u00e3o Preto-SP","link":"https:\/\/ismaelcolosi.com.br\/index.php\/category\/empregos-classificados-vagas-trabalho\/vagas-de-empregos-em-ribeirao-preto-regiao-brasil\/entrevistas-agendadas-para-hoje-em-ribeirao-preto-sp\/"},"img":{"alt_text":"","src":"https:\/\/i0.wp.com\/ismaelcolosi.com.br\/wp-content\/uploads\/2024\/10\/WhatsApp-Image-2024-10-10-at-11.08.44-10.jpeg?fit=1200%2C675&ssl=1&resize=350%2C200","width":350,"height":200,"srcset":"https:\/\/i0.wp.com\/ismaelcolosi.com.br\/wp-content\/uploads\/2024\/10\/WhatsApp-Image-2024-10-10-at-11.08.44-10.jpeg?fit=1200%2C675&ssl=1&resize=350%2C200 1x, https:\/\/i0.wp.com\/ismaelcolosi.com.br\/wp-content\/uploads\/2024\/10\/WhatsApp-Image-2024-10-10-at-11.08.44-10.jpeg?fit=1200%2C675&ssl=1&resize=525%2C300 1.5x, https:\/\/i0.wp.com\/ismaelcolosi.com.br\/wp-content\/uploads\/2024\/10\/WhatsApp-Image-2024-10-10-at-11.08.44-10.jpeg?fit=1200%2C675&ssl=1&resize=700%2C400 2x, https:\/\/i0.wp.com\/ismaelcolosi.com.br\/wp-content\/uploads\/2024\/10\/WhatsApp-Image-2024-10-10-at-11.08.44-10.jpeg?fit=1200%2C675&ssl=1&resize=1050%2C600 3x"},"classes":[]},{"id":72964,"url":"https:\/\/ismaelcolosi.com.br\/index.php\/2024\/10\/24\/mural-de-entrevistas-de-empregos-para-o-periodo-da-tarde-dia-25-de-outubro-de-2024-em-ribeirao-preto-sp-participe\/","url_meta":{"origin":82784,"position":4},"title":"Mural de Entrevistas de Empregos para o per\u00edodo da TARDE dia 25 de Outubro de 2024 Em Ribeir\u00e3o Preto-SP. Participe","author":"ismaelcolosi.com.br","date":"24 de October de 2024","format":false,"excerpt":"Anote o Endere\u00e7o e Hor\u00e1rio: \ud83d\udccd Ribeir\u00e3o Preto | \ud83d\udd58 25 de Outubro de 2024 (Sexta-feira). Chegue com pelo menos 15 minutos de anteced\u00eancia para garantir a sua vaga e estar preparado para as oportunidades! Traga Seu Curr\u00edculo Atualizado: \u00c9 essencial ter um curr\u00edculo bem elaborado para destacar suas habilidades\u2026","rel":"","context":"In &quot;Entrevistas agendadas para hoje em Ribeir\u00e3o Preto-SP&quot;","block_context":{"text":"Entrevistas agendadas para hoje em Ribeir\u00e3o Preto-SP","link":"https:\/\/ismaelcolosi.com.br\/index.php\/category\/empregos-classificados-vagas-trabalho\/vagas-de-empregos-em-ribeirao-preto-regiao-brasil\/entrevistas-agendadas-para-hoje-em-ribeirao-preto-sp\/"},"img":{"alt_text":"","src":"https:\/\/i0.wp.com\/ismaelcolosi.com.br\/wp-content\/uploads\/2024\/10\/WhatsApp-Image-2024-10-10-at-11.08.44-10.jpeg?fit=1200%2C675&ssl=1&resize=350%2C200","width":350,"height":200,"srcset":"https:\/\/i0.wp.com\/ismaelcolosi.com.br\/wp-content\/uploads\/2024\/10\/WhatsApp-Image-2024-10-10-at-11.08.44-10.jpeg?fit=1200%2C675&ssl=1&resize=350%2C200 1x, https:\/\/i0.wp.com\/ismaelcolosi.com.br\/wp-content\/uploads\/2024\/10\/WhatsApp-Image-2024-10-10-at-11.08.44-10.jpeg?fit=1200%2C675&ssl=1&resize=525%2C300 1.5x, https:\/\/i0.wp.com\/ismaelcolosi.com.br\/wp-content\/uploads\/2024\/10\/WhatsApp-Image-2024-10-10-at-11.08.44-10.jpeg?fit=1200%2C675&ssl=1&resize=700%2C400 2x, https:\/\/i0.wp.com\/ismaelcolosi.com.br\/wp-content\/uploads\/2024\/10\/WhatsApp-Image-2024-10-10-at-11.08.44-10.jpeg?fit=1200%2C675&ssl=1&resize=1050%2C600 3x"},"classes":[]},{"id":70506,"url":"https:\/\/ismaelcolosi.com.br\/index.php\/2024\/10\/11\/mural-de-entrevistas-dia-11-de-outubro-de-2024\/","url_meta":{"origin":82784,"position":5},"title":"Mural de Entrevistas dia 11 de outubro de 2024","author":"ismaelcolosi.com.br","date":"11 de October de 2024","format":false,"excerpt":"\ud83d\udd25 ENTREVISTA DIA 11\/10 \ud83d\udd25Vagas: OPERADOR DE EMPILHADEIRA - Sal\u00e1rio 2.361 + Vale Transporte. CONFERENTE - Sal\u00e1rio 1.925 + Vale Transporte. MOVIMENTADOR DE CARGAS -Sal\u00e1rio 1.900 + Vale Transporte.Comparecer na Rua: Pompeu de Camargo, 256- Campos Eliseos. Avisar que foi encaminhado por Ismael Colosi. Para mais vagas de empregos, cursos\u2026","rel":"","context":"In &quot;Entrevistas agendadas para hoje em Ribeir\u00e3o Preto-SP&quot;","block_context":{"text":"Entrevistas agendadas para hoje em Ribeir\u00e3o Preto-SP","link":"https:\/\/ismaelcolosi.com.br\/index.php\/category\/empregos-classificados-vagas-trabalho\/vagas-de-empregos-em-ribeirao-preto-regiao-brasil\/entrevistas-agendadas-para-hoje-em-ribeirao-preto-sp\/"},"img":{"alt_text":"","src":"https:\/\/i0.wp.com\/ismaelcolosi.com.br\/wp-content\/uploads\/2024\/10\/WhatsApp-Image-2024-10-10-at-11.08.44-2.jpeg?fit=1200%2C675&ssl=1&resize=350%2C200","width":350,"height":200,"srcset":"https:\/\/i0.wp.com\/ismaelcolosi.com.br\/wp-content\/uploads\/2024\/10\/WhatsApp-Image-2024-10-10-at-11.08.44-2.jpeg?fit=1200%2C675&ssl=1&resize=350%2C200 1x, https:\/\/i0.wp.com\/ismaelcolosi.com.br\/wp-content\/uploads\/2024\/10\/WhatsApp-Image-2024-10-10-at-11.08.44-2.jpeg?fit=1200%2C675&ssl=1&resize=525%2C300 1.5x, https:\/\/i0.wp.com\/ismaelcolosi.com.br\/wp-content\/uploads\/2024\/10\/WhatsApp-Image-2024-10-10-at-11.08.44-2.jpeg?fit=1200%2C675&ssl=1&resize=700%2C400 2x, https:\/\/i0.wp.com\/ismaelcolosi.com.br\/wp-content\/uploads\/2024\/10\/WhatsApp-Image-2024-10-10-at-11.08.44-2.jpeg?fit=1200%2C675&ssl=1&resize=1050%2C600 3x"},"classes":[]}],"jetpack_sharing_enabled":true,"jetpack_shortlink":"https:\/\/wp.me\/pfMlyK-lxe","_links":{"self":[{"href":"https:\/\/ismaelcolosi.com.br\/index.php\/wp-json\/wp\/v2\/posts\/82784","targetHints":{"allow":["GET"]}}],"collection":[{"href":"https:\/\/ismaelcolosi.com.br\/index.php\/wp-json\/wp\/v2\/posts"}],"about":[{"href":"https:\/\/ismaelcolosi.com.br\/index.php\/wp-json\/wp\/v2\/types\/post"}],"author":[{"embeddable":true,"href":"https:\/\/ismaelcolosi.com.br\/index.php\/wp-json\/wp\/v2\/users\/5"}],"replies":[{"embeddable":true,"href":"https:\/\/ismaelcolosi.com.br\/index.php\/wp-json\/wp\/v2\/comments?post=82784"}],"version-history":[{"count":4,"href":"https:\/\/ismaelcolosi.com.br\/index.php\/wp-json\/wp\/v2\/posts\/82784\/revisions"}],"predecessor-version":[{"id":82796,"href":"https:\/\/ismaelcolosi.com.br\/index.php\/wp-json\/wp\/v2\/posts\/82784\/revisions\/82796"}],"wp:featuredmedia":[{"embeddable":true,"href":"https:\/\/ismaelcolosi.com.br\/index.php\/wp-json\/wp\/v2\/media\/82785"}],"wp:attachment":[{"href":"https:\/\/ismaelcolosi.com.br\/index.php\/wp-json\/wp\/v2\/media?parent=82784"}],"wp:term":[{"taxonomy":"category","embeddable":true,"href":"https:\/\/ismaelcolosi.com.br\/index.php\/wp-json\/wp\/v2\/categories?post=82784"},{"taxonomy":"post_tag","embeddable":true,"href":"https:\/\/ismaelcolosi.com.br\/index.php\/wp-json\/wp\/v2\/tags?post=82784"}],"curies":[{"name":"wp","href":"https:\/\/api.w.org\/{rel}","templated":true}]}}