{"id":82782,"date":"2025-02-11T12:42:10","date_gmt":"2025-02-11T15:42:10","guid":{"rendered":"https:\/\/ismaelcolosi.com.br\/index.php\/2025\/02\/11\/bradesco-abre-mais-de-500-vagas-para-programa-de-estagio-2025\/"},"modified":"2025-02-11T12:42:10","modified_gmt":"2025-02-11T15:42:10","slug":"bradesco-abre-mais-de-500-vagas-para-programa-de-estagio-2025","status":"publish","type":"post","link":"https:\/\/ismaelcolosi.com.br\/index.php\/2025\/02\/11\/bradesco-abre-mais-de-500-vagas-para-programa-de-estagio-2025\/","title":{"rendered":"Bradesco abre mais de 500 vagas para Programa de Est\u00e1gio 2025"},"content":{"rendered":"<p> <br \/>\n<\/p>\n<div id=\"\">\n<div class=\"content-infos\">\n<div class=\"texts\">\n<p class=\"author tooltip-comp\"> Da reda\u00e7\u00e3o<span class=\"icon-i\">i<\/span><span class=\"tooltiptext\"> <span class=\"author\"><span>Da reda\u00e7\u00e3o<\/span> <\/span><span class=\"desc\"\/> <\/span><\/p>\n<p>11\/02\/2025 &#8211; 12:36<\/p><div class='code-block code-block-8' style='margin: 8px auto; text-align: center; display: block; clear: both;'>\n<script>\n  atOptions = {\n    'key' : '66e2e2111ca34da796271819fc334058',\n    'format' : 'iframe',\n    'height' : 250,\n    'width' : 300,\n    'params' : {}\n  };\n<\/script>\n<script src=\"https:\/\/www.highperformanceformat.com\/66e2e2111ca34da796271819fc334058\/invoke.js\"><\/script>\n<\/div>\n\n<\/div>\n<div id=\"share-modal\" class=\"share-modal\"> <button class=\"box-close btn-share\"> <img decoding=\"async\" src=\"https:\/\/istoedinheiro.com.br\/wp-content\/themes\/dinheiro-wp-theme\/assets\/img\/svg\/closeIcon.svg?x46096\" alt=\"Close icon\" class=\"close-btn\"\/> <\/button><\/div>\n<\/p><\/div>\n<p>O Bradesco anunciou nesta ter\u00e7a-feira, 11, a abertura das inscri\u00e7\u00f5es para o <strong>Programa de Est\u00e1gio 2025<\/strong> destinado aos estudantes de n\u00edvel superior. Ao todo s\u00e3o mais de 500 vagas dispon\u00edveis para diversas \u00e1reas. As Vagas est\u00e3o distribu\u00eddas para diferentes regi\u00f5es do Pa\u00eds.<\/p>\n<p>++Susep abre concurso com 75 vagas e sal\u00e1rio de at\u00e9 R$ 18 mil; veja como se inscrever<\/p>\n<p>Interessados podem se inscrever no portal do Bradesco na<a href=\"https:\/\/banco.bradesco\/trabalheconosco\/programa-de-estagio\/index.shtm\" target=\"_blank\" rel=\"noopener\"> p\u00e1gina destinada ao processo seletivo<\/a>, as Inscri\u00e7\u00f5es ficar\u00e3o abertas at\u00e9 12 de mar\u00e7o.<\/p>\n<h3>Como participar?<\/h3>\n<p>O processo seletivo ser\u00e1 realizado de forma 100% digital. Para realizar a inscri\u00e7\u00e3o, <a href=\"https:\/\/banco.bradesco\/trabalheconosco\/programa-de-estagio\/index.shtm\" target=\"_blank\" rel=\"noopener\">basta acessar o site<\/a>, selecionar a op\u00e7\u00e3o \u201cver oportunidade\u201d e fazer o cadastro em p\u00e1ginas das consultorias parceiras do banco (99 Jobs e Eureca).<\/p>\n<p>As oportunidades s\u00e3o direcionadas aos estudantes matriculados em cursos de bacharelado, licenciatura ou tecn\u00f3logo. Podem participar aqueles que estejam cursando a partir do 2\u00ba semestre da gradua\u00e7\u00e3o ou 1\u00ba semestre de tecn\u00f3logo.<\/p>\n<p>As vagas s\u00e3o destinadas as \u00e1reas de tecnologia, dados, atacado, wealth management e outras \u00e1reas corporativas. Oportunidades oferecem possibilidade de atua\u00e7\u00e3o presencial ou h\u00edbrida nos estados de S\u00e3o Paulo, Rio de Janeiro, Minas Gerais, Bahia, Paran\u00e1, Rio Grande do Sul, Santa Catarina, Goi\u00e1s, Cear\u00e1 e outros.<\/p>\n<h3>Benef\u00edcios<\/h3>\n<ul>\n<li>Bolsa-aux\u00edlio<\/li>\n<li>Aux\u00edlio transporte<\/li>\n<li>Seguro de vida<\/li>\n<li>Programa interno orientativo e assistencial de sa\u00fade, bem-estar e qualidade de vida, Viva Bem Bradesco<br \/>Universidade Corporativa Bradesco (UniBrad) com cerca de 2 mil solu\u00e7\u00f5es de aprendizagem, ingl\u00eas on-line do b\u00e1sico ao avan\u00e7ado, aproximadamente 26 mil t\u00edtulos na biblioteca virtual, parcerias com institui\u00e7\u00f5es de ensino e muito mais<\/li>\n<li>Cesta de servi\u00e7os banc\u00e1rios exclusiva, com descontos e condi\u00e7\u00f5es especiais em diversos produtos e servi\u00e7os da organiza\u00e7\u00e3o Bradesco<\/li>\n<li>TotalPass (a partir do TP Free)<\/li>\n<\/ul>\n<p>\u00a0<\/p>\n<div id=\"share-modal\" class=\"share-modal\"> <button class=\"box-close btn-share\"> <img decoding=\"async\" src=\"https:\/\/istoedinheiro.com.br\/wp-content\/themes\/dinheiro-wp-theme\/assets\/img\/svg\/closeIcon.svg?x46096\" alt=\"Close icon\" class=\"close-btn\"\/> <\/button><\/div>\n<\/p><\/div>\n<p><script>!function(f,b,e,v,n,t,s){if(f.fbq)return;n=f.fbq=function(){n.callMethod?n.callMethod.apply(n,arguments):n.queue.push(arguments)};if(!f._fbq)f._fbq=n;n.push=n;n.loaded=!0;n.version='2.0';n.queue=[];t=b.createElement(e);t.async=!0;t.src=v;s=b.getElementsByTagName(e)[0];s.parentNode.insertBefore(t,s)}(window,document,'script','<\/script><br \/>\n<br \/><br \/>\n<br \/><a href=\"https:\/\/istoedinheiro.com.br\/bradesco-abre-mais-de-500-vagas-para-programa-de-estagio-2025\/\">Source link <\/a><\/p>\n<div class='code-block code-block-4' style='margin: 8px auto 8px 0; text-align: left; display: block; clear: both;'>\n\ud83d\udce2 Aviso Legal\n\nO site ismaelcolosi.com.br atua apenas como um canal de divulga\u00e7\u00e3o de oportunidades de emprego e n\u00e3o se responsabiliza pelo processo seletivo, contrata\u00e7\u00e3o ou qualquer outra etapa relacionada \u00e0s vagas publicadas. Todas as informa\u00e7\u00f5es s\u00e3o de responsabilidade dos anunciantes.\n\n\u26a0\ufe0f Aten\u00e7\u00e3o! Nunca pague por promessas de emprego nem compre cursos que garantam contrata\u00e7\u00e3o. Desconfie de qualquer cobran\u00e7a para participar de sele\u00e7\u00f5es.\n\n\n\n<\/div>\n<!-- CONTENT END 1 -->\n","protected":false},"excerpt":{"rendered":"<p>Da reda\u00e7\u00e3oi Da reda\u00e7\u00e3o 11\/02\/2025 &#8211; 12:36 O Bradesco anunciou nesta ter\u00e7a-feira, 11, a abertura das inscri\u00e7\u00f5es para o Programa de Est\u00e1gio 2025 destinado aos&#8230;<\/p>\n","protected":false},"author":1,"featured_media":82783,"comment_status":"open","ping_status":"open","sticky":false,"template":"","format":"standard","meta":{"_uag_custom_page_level_css":"","advanced_seo_description":"","jetpack_seo_html_title":"","jetpack_seo_noindex":false,"jetpack_post_was_ever_published":false,"_jetpack_newsletter_access":"","_jetpack_dont_email_post_to_subs":false,"_jetpack_newsletter_tier_id":0,"_jetpack_memberships_contains_paywalled_content":false,"_jetpack_memberships_contains_paid_content":false,"footnotes":"","jetpack_publicize_message":"","jetpack_publicize_feature_enabled":true,"jetpack_social_post_already_shared":true,"jetpack_social_options":{"image_generator_settings":{"template":"highway","default_image_id":0,"font":"","enabled":false},"version":2}},"categories":[3598],"tags":[],"class_list":["post-82782","post","type-post","status-publish","format-standard","has-post-thumbnail","hentry","category-empregos-classificados-vagas-trabalho"],"jetpack_publicize_connections":[],"jetpack_featured_media_url":"https:\/\/i0.wp.com\/ismaelcolosi.com.br\/wp-content\/uploads\/2025\/02\/tagreuters.com2023binary_LYNXMPEJ190SO-BASEIMAGE.jpg?fit=800%2C510&ssl=1","uagb_featured_image_src":{"full":["https:\/\/i0.wp.com\/ismaelcolosi.com.br\/wp-content\/uploads\/2025\/02\/tagreuters.com2023binary_LYNXMPEJ190SO-BASEIMAGE.jpg?fit=800%2C510&ssl=1",800,510,false],"thumbnail":["https:\/\/i0.wp.com\/ismaelcolosi.com.br\/wp-content\/uploads\/2025\/02\/tagreuters.com2023binary_LYNXMPEJ190SO-BASEIMAGE.jpg?resize=150%2C150&ssl=1",150,150,true],"medium":["https:\/\/i0.wp.com\/ismaelcolosi.com.br\/wp-content\/uploads\/2025\/02\/tagreuters.com2023binary_LYNXMPEJ190SO-BASEIMAGE.jpg?fit=300%2C191&ssl=1",300,191,true],"medium_large":["https:\/\/i0.wp.com\/ismaelcolosi.com.br\/wp-content\/uploads\/2025\/02\/tagreuters.com2023binary_LYNXMPEJ190SO-BASEIMAGE.jpg?fit=768%2C490&ssl=1",768,490,true],"large":["https:\/\/i0.wp.com\/ismaelcolosi.com.br\/wp-content\/uploads\/2025\/02\/tagreuters.com2023binary_LYNXMPEJ190SO-BASEIMAGE.jpg?fit=800%2C510&ssl=1",800,510,true],"1536x1536":["https:\/\/i0.wp.com\/ismaelcolosi.com.br\/wp-content\/uploads\/2025\/02\/tagreuters.com2023binary_LYNXMPEJ190SO-BASEIMAGE.jpg?fit=800%2C510&ssl=1",800,510,true],"2048x2048":["https:\/\/i0.wp.com\/ismaelcolosi.com.br\/wp-content\/uploads\/2025\/02\/tagreuters.com2023binary_LYNXMPEJ190SO-BASEIMAGE.jpg?fit=800%2C510&ssl=1",800,510,true],"really-simple-thumb":["https:\/\/i0.wp.com\/ismaelcolosi.com.br\/wp-content\/uploads\/2025\/02\/tagreuters.com2023binary_LYNXMPEJ190SO-BASEIMAGE.jpg?resize=370%2C247&ssl=1",370,247,true]},"uagb_author_info":{"display_name":"ismaelcolosi.com.br","author_link":"https:\/\/ismaelcolosi.com.br\/index.php\/author\/vidareal-online\/"},"uagb_comment_info":0,"uagb_excerpt":"Da reda\u00e7\u00e3oi Da reda\u00e7\u00e3o 11\/02\/2025 &#8211; 12:36 O Bradesco anunciou nesta ter\u00e7a-feira, 11, a abertura das inscri\u00e7\u00f5es para o Programa de Est\u00e1gio 2025 destinado aos...","jetpack-related-posts":[{"id":85586,"url":"https:\/\/ismaelcolosi.com.br\/index.php\/2025\/05\/22\/bradesco-abre-mais-de-500-vagas-para-programa-de-estagio-2025-2\/","url_meta":{"origin":82782,"position":0},"title":"Bradesco abre mais de 500 vagas para Programa de Est\u00e1gio 2025","author":"ismaelcolosi.com.br","date":"22 de May de 2025","format":false,"excerpt":"O Bradesco anunciou nesta ter\u00e7a-feira, 11, a abertura das inscri\u00e7\u00f5es para o Programa de Est\u00e1gio 2025 destinado aos estudantes de n\u00edvel superior. Ao todo s\u00e3o mais de 500 vagas dispon\u00edveis para diversas \u00e1reas. As Vagas est\u00e3o distribu\u00eddas para diferentes regi\u00f5es do Pa\u00eds. ++Susep abre concurso com 75 vagas e sal\u00e1rio\u2026","rel":"","context":"In &quot;Empregos - Classificados&quot;","block_context":{"text":"Empregos - Classificados","link":"https:\/\/ismaelcolosi.com.br\/index.php\/category\/empregos-classificados-vagas-trabalho\/"},"img":{"alt_text":"","src":"","width":0,"height":0},"classes":[]},{"id":85534,"url":"https:\/\/ismaelcolosi.com.br\/index.php\/2025\/05\/21\/embraer-oferece-200-vagas-de-estagio-com-bolsas-de-ate-r-2-400-veja-como-se-candidatar\/","url_meta":{"origin":82782,"position":1},"title":"Embraer oferece 200 vagas de est\u00e1gio com bolsas de at\u00e9 R$ 2.400; veja como se candidatar","author":"ismaelcolosi.com.br","date":"21 de May de 2025","format":false,"excerpt":"A Embraer anunciou a abertura das inscri\u00e7\u00f5es para uma nova edi\u00e7\u00e3o de seu programa de est\u00e1gio. S\u00e3o 200 vagas dispon\u00edveis para estudantes do ensino superior cursando Tecnologia, Administra\u00e7\u00e3o ou Engenharia e alunos do ensino t\u00e9cnico. Os aprovados v\u00e3o receber mensalmente bolsas de at\u00e9 R$ 2.400, al\u00e9m dos benef\u00edcios ofertados pela\u2026","rel":"","context":"In &quot;Empregos - Classificados&quot;","block_context":{"text":"Empregos - Classificados","link":"https:\/\/ismaelcolosi.com.br\/index.php\/category\/empregos-classificados-vagas-trabalho\/"},"img":{"alt_text":"","src":"","width":0,"height":0},"classes":[]},{"id":27720,"url":"https:\/\/ismaelcolosi.com.br\/index.php\/2024\/01\/13\/empresa-abre-30-vagas-de-estagio\/","url_meta":{"origin":82782,"position":2},"title":"Empresa abre 30 vagas de est\u00e1gio\u00a0","author":"ismaelcolosi.com.br","date":"13 de January de 2024","format":false,"excerpt":"Est\u00e3o abertas as inscri\u00e7\u00f5es para o Programa de Est\u00e1gio 2024 para a \u00e1rea de Manufatura da 3M. Para concorrer a uma das 30 vagas dispon\u00edveis \u00e9 necess\u00e1rio estar matriculado em curso superior de bacharelado ou t\u00e9cnico em engenharia de produ\u00e7\u00e3o, mec\u00e2nica, manufatura, controle e automa\u00e7\u00e3o, ou \u00e1reas relacionadas. O candidato\u2026","rel":"","context":"In &quot;Not\u00edcias de Ribeir\u00e3o Preto-SP e Regi\u00e3o&quot;","block_context":{"text":"Not\u00edcias de Ribeir\u00e3o Preto-SP e Regi\u00e3o","link":"https:\/\/ismaelcolosi.com.br\/index.php\/category\/noticias-de-ribeirao-preto-sp-e-regiao-ismael-colosi\/"},"img":{"alt_text":"","src":"https:\/\/i0.wp.com\/ismaelcolosi.com.br\/wp-content\/uploads\/2024\/01\/3m-abre-inscricoes-para-programa-de-estagio2021-181042.jpg?fit=620%2C351&ssl=1&resize=350%2C200","width":350,"height":200,"srcset":"https:\/\/i0.wp.com\/ismaelcolosi.com.br\/wp-content\/uploads\/2024\/01\/3m-abre-inscricoes-para-programa-de-estagio2021-181042.jpg?fit=620%2C351&ssl=1&resize=350%2C200 1x, https:\/\/i0.wp.com\/ismaelcolosi.com.br\/wp-content\/uploads\/2024\/01\/3m-abre-inscricoes-para-programa-de-estagio2021-181042.jpg?fit=620%2C351&ssl=1&resize=525%2C300 1.5x"},"classes":[]},{"id":14832,"url":"https:\/\/ismaelcolosi.com.br\/index.php\/2023\/12\/12\/lwsa-ex-locaweb-abre-vagas-de-estagio-home-office-veja-como-se-candidatar\/","url_meta":{"origin":82782,"position":3},"title":"LWSA, ex-Locaweb, abre vagas de est\u00e1gio home office; veja como se candidatar","author":"ismaelcolosi.com.br","date":"12 de December de 2023","format":false,"excerpt":"Da reda\u00e7\u00e3oi Da reda\u00e7\u00e3o 06\/12\/2023 - 13:41 A LWSA, ecossistema de marcas integradas que oferecem solu\u00e7\u00f5es digitais, abre a 5\u00aa edi\u00e7\u00e3o do Programa de Est\u00e1gio 2024. As inscri\u00e7\u00f5es v\u00e3o at\u00e9 15 de dezembro no site da empresa e o in\u00edcio do est\u00e1gio ser\u00e1 em fevereiro de 2024.+ Honda abre programa\u2026","rel":"","context":"In &quot;Vagas de Emprego em Ribeir\u00e3o Preto-SP&quot;","block_context":{"text":"Vagas de Emprego em Ribeir\u00e3o Preto-SP","link":"https:\/\/ismaelcolosi.com.br\/index.php\/category\/empregos-classificados-vagas-trabalho\/vagas-de-empregos-em-ribeirao-preto-regiao-brasil\/"},"img":{"alt_text":"","src":"https:\/\/i0.wp.com\/ismaelcolosi.com.br\/wp-content\/uploads\/2023\/12\/1702405844_estagio.jpg?fit=905%2C607&ssl=1&resize=350%2C200","width":350,"height":200,"srcset":"https:\/\/i0.wp.com\/ismaelcolosi.com.br\/wp-content\/uploads\/2023\/12\/1702405844_estagio.jpg?fit=905%2C607&ssl=1&resize=350%2C200 1x, https:\/\/i0.wp.com\/ismaelcolosi.com.br\/wp-content\/uploads\/2023\/12\/1702405844_estagio.jpg?fit=905%2C607&ssl=1&resize=525%2C300 1.5x, https:\/\/i0.wp.com\/ismaelcolosi.com.br\/wp-content\/uploads\/2023\/12\/1702405844_estagio.jpg?fit=905%2C607&ssl=1&resize=700%2C400 2x"},"classes":[]},{"id":48227,"url":"https:\/\/ismaelcolosi.com.br\/index.php\/2024\/05\/01\/quer-trabalhar-na-raizen-empresa-abre-inscricoes-para-programa-de-estagio\/","url_meta":{"origin":82782,"position":4},"title":"Quer trabalhar\u00a0na Ra\u00edzen? Empresa abre inscri\u00e7\u00f5es para programa de est\u00e1gio","author":"ismaelcolosi.com.br","date":"1 de May de 2024","format":false,"excerpt":"Voc\u00ea tem interesse em trabalhar na Ra\u00edzen? A empresa abriu inscri\u00e7\u00f5es para a nova edi\u00e7\u00e3o do seu programa de talentos, que conta com mais de 400 vagas de est\u00e1gio para estudantes do ensino t\u00e9cnico e superior em todo o pa\u00eds. Em Ribeir\u00e3o Preto, h\u00e1 vagas para estudantes do ensino superior.\u2026","rel":"","context":"In &quot;Not\u00edcias de Ribeir\u00e3o Preto-SP e Regi\u00e3o&quot;","block_context":{"text":"Not\u00edcias de Ribeir\u00e3o Preto-SP e Regi\u00e3o","link":"https:\/\/ismaelcolosi.com.br\/index.php\/category\/noticias-de-ribeirao-preto-sp-e-regiao-ismael-colosi\/"},"img":{"alt_text":"","src":"https:\/\/i0.wp.com\/ismaelcolosi.com.br\/wp-content\/uploads\/2024\/05\/cxpia_de_tamanho_exato_para_fotos_no_sistema_novo_x1x.jpg?fit=1200%2C675&ssl=1&resize=350%2C200","width":350,"height":200,"srcset":"https:\/\/i0.wp.com\/ismaelcolosi.com.br\/wp-content\/uploads\/2024\/05\/cxpia_de_tamanho_exato_para_fotos_no_sistema_novo_x1x.jpg?fit=1200%2C675&ssl=1&resize=350%2C200 1x, https:\/\/i0.wp.com\/ismaelcolosi.com.br\/wp-content\/uploads\/2024\/05\/cxpia_de_tamanho_exato_para_fotos_no_sistema_novo_x1x.jpg?fit=1200%2C675&ssl=1&resize=525%2C300 1.5x, https:\/\/i0.wp.com\/ismaelcolosi.com.br\/wp-content\/uploads\/2024\/05\/cxpia_de_tamanho_exato_para_fotos_no_sistema_novo_x1x.jpg?fit=1200%2C675&ssl=1&resize=700%2C400 2x, https:\/\/i0.wp.com\/ismaelcolosi.com.br\/wp-content\/uploads\/2024\/05\/cxpia_de_tamanho_exato_para_fotos_no_sistema_novo_x1x.jpg?fit=1200%2C675&ssl=1&resize=1050%2C600 3x"},"classes":[]},{"id":47264,"url":"https:\/\/ismaelcolosi.com.br\/index.php\/2024\/04\/25\/vivo-abre-500-vagas-para-estagio-sendo-50-delas-para-negros-veja-como-se-inscrever\/","url_meta":{"origin":82782,"position":5},"title":"Vivo abre 500 vagas para est\u00e1gio, sendo 50% delas para negros; veja como se inscrever","author":"ismaelcolosi.com.br","date":"25 de April de 2024","format":false,"excerpt":"Da reda\u00e7\u00e3oi Da reda\u00e7\u00e3o 22\/04\/2024 - 14:36 A Vivo lan\u00e7ou o seu programa de est\u00e1gio com cerca de 500 vagas. As oportunidades s\u00e3o para 15 cidades do pa\u00eds:\u00a0 S\u00e3o Paulo (SP), Bras\u00edlia (DF), Belo Horizonte (BH), Curitiba (PR), Fortaleza (CE), Porto Alegre (RS), Recife (PE), Rio de Janeiro (RJ), Salvador\u2026","rel":"","context":"In &quot;Empregos - Classificados&quot;","block_context":{"text":"Empregos - Classificados","link":"https:\/\/ismaelcolosi.com.br\/index.php\/category\/empregos-classificados-vagas-trabalho\/"},"img":{"alt_text":"","src":"https:\/\/i0.wp.com\/ismaelcolosi.com.br\/wp-content\/uploads\/2024\/04\/estagiovivo.jpg?fit=900%2C600&ssl=1&resize=350%2C200","width":350,"height":200,"srcset":"https:\/\/i0.wp.com\/ismaelcolosi.com.br\/wp-content\/uploads\/2024\/04\/estagiovivo.jpg?fit=900%2C600&ssl=1&resize=350%2C200 1x, https:\/\/i0.wp.com\/ismaelcolosi.com.br\/wp-content\/uploads\/2024\/04\/estagiovivo.jpg?fit=900%2C600&ssl=1&resize=525%2C300 1.5x, https:\/\/i0.wp.com\/ismaelcolosi.com.br\/wp-content\/uploads\/2024\/04\/estagiovivo.jpg?fit=900%2C600&ssl=1&resize=700%2C400 2x"},"classes":[]}],"jetpack_sharing_enabled":true,"jetpack_shortlink":"https:\/\/wp.me\/pfMlyK-lxc","_links":{"self":[{"href":"https:\/\/ismaelcolosi.com.br\/index.php\/wp-json\/wp\/v2\/posts\/82782","targetHints":{"allow":["GET"]}}],"collection":[{"href":"https:\/\/ismaelcolosi.com.br\/index.php\/wp-json\/wp\/v2\/posts"}],"about":[{"href":"https:\/\/ismaelcolosi.com.br\/index.php\/wp-json\/wp\/v2\/types\/post"}],"author":[{"embeddable":true,"href":"https:\/\/ismaelcolosi.com.br\/index.php\/wp-json\/wp\/v2\/users\/1"}],"replies":[{"embeddable":true,"href":"https:\/\/ismaelcolosi.com.br\/index.php\/wp-json\/wp\/v2\/comments?post=82782"}],"version-history":[{"count":0,"href":"https:\/\/ismaelcolosi.com.br\/index.php\/wp-json\/wp\/v2\/posts\/82782\/revisions"}],"wp:featuredmedia":[{"embeddable":true,"href":"https:\/\/ismaelcolosi.com.br\/index.php\/wp-json\/wp\/v2\/media\/82783"}],"wp:attachment":[{"href":"https:\/\/ismaelcolosi.com.br\/index.php\/wp-json\/wp\/v2\/media?parent=82782"}],"wp:term":[{"taxonomy":"category","embeddable":true,"href":"https:\/\/ismaelcolosi.com.br\/index.php\/wp-json\/wp\/v2\/categories?post=82782"},{"taxonomy":"post_tag","embeddable":true,"href":"https:\/\/ismaelcolosi.com.br\/index.php\/wp-json\/wp\/v2\/tags?post=82782"}],"curies":[{"name":"wp","href":"https:\/\/api.w.org\/{rel}","templated":true}]}}