{"id":8235,"date":"2023-11-29T17:25:00","date_gmt":"2023-11-29T20:25:00","guid":{"rendered":"https:\/\/ismaelcolosi.com.br\/index.php\/2023\/11\/29\/tudo-o-que-voce-precisa-saber-sobre-o-natal-no-centro-de-ribeirao-preto\/"},"modified":"2023-11-29T17:25:00","modified_gmt":"2023-11-29T20:25:00","slug":"tudo-o-que-voce-precisa-saber-sobre-o-natal-no-centro-de-ribeirao-preto","status":"publish","type":"post","link":"https:\/\/ismaelcolosi.com.br\/index.php\/2023\/11\/29\/tudo-o-que-voce-precisa-saber-sobre-o-natal-no-centro-de-ribeirao-preto\/","title":{"rendered":"Tudo o que voc\u00ea precisa saber sobre o Natal no Centro de Ribeir\u00e3o Preto\u00a0"},"content":{"rendered":"<p> <br \/>\n<\/p>\n<div>\n<p><strong>O primeiro final de semana do m\u00eas de dezembro marca o in\u00edcio das celebra\u00e7\u00f5es natalinas realizadas no Centro de Ribeir\u00e3o Preto. \u00a0<\/strong><\/p>\n<p>O <strong>acidadeon<\/strong> preparou uma programa\u00e7\u00e3o do que voc\u00ea precisa saber para aproveitar o Natal e os eventos comemorativos no Cal\u00e7ad\u00e3o e regi\u00e3o.\u00a0<\/p>\n<h4 class=\"wp-block-heading\"><strong>HOR\u00c1RIO DE FUNCIONAMENTO<\/strong>\u00a0<\/h4>\n<p>A <strong>Acirp <\/strong>(Associa\u00e7\u00e3o Comercial e Industrial de Ribeir\u00e3o Preto) informou que o hor\u00e1rio especial de Natal come\u00e7a nesta sexta-feira (1\u00ba). Os estabelecimentos podem funcionar, de forma facultativa, at\u00e9 \u00e0s 22h.<\/p>\n<h4 class=\"wp-block-heading\">Veja como fica os hor\u00e1rios especiais\u00a0<\/h4>\n<ul>\n<li>De segunda-feira a s\u00e1bado, abre das 9h \u00e0s 22h, entre os dias 1\u00b0 e 23 de dezembro.\u00a0<\/li>\n<li>Nos domingos, 3, 10 e 17 de dezembro o com\u00e9rcio abre das 10h \u00e0s 17h.\u00a0<\/li>\n<li>No domingo, 24 de dezembro, v\u00e9spera de Natal, o com\u00e9rcio abre das 9h \u00e0s 18h.\u00a0<\/li>\n<li>Na segunda-feira, 25 de dezembro, dia de Natal, o com\u00e9rcio fica fechado.\u00a0<\/li>\n<\/ul>\n<h4 class=\"wp-block-heading\"><strong>PAPAI NOEL <\/strong>\u00a0<\/h4>\n<p>O <strong>Papai Noel<\/strong> vai chegar ao <strong>Centro<\/strong> de Ribeir\u00e3o Preto neste s\u00e1bado, dia 2 de dezembro, \u00e0s 10h, no <strong>Centro Cultural Palace<\/strong>, ao lado do Theatro Pedro II.<\/p>\n<p>O evento faz parte da <strong>21\u00aa edi\u00e7\u00e3o do Natal Luz<\/strong>, promovido pela Associa\u00e7\u00e3o Comercial e Industrial de Ribeir\u00e3o Preto (Acirp). Al\u00e9m do Papai Noel no Centro, o <strong>Noel M\u00f3vel <\/strong>vai visitar bairros da cidade (<a href=\"https:\/\/acirp.com.br\/anote-na-agenda-papai-noel-chega-a-ribeirao-no-dia-2-de-dezembro\/\" target=\"_blank\" rel=\"noreferrer noopener\">aqui<\/a>). \u00a0<\/p>\n<p><span style=\"background-color:#f7cc62\" class=\"td_text_highlight_marker\">As visitas \u00e0 Casinha do Papal Noel e ao Noel M\u00f3vel s\u00e3o gratuitas, abertas a crian\u00e7as e adultos e n\u00e3o precisam de agendamento<\/span>.\u00a0<\/p>\n<p>Junto da chegada do<strong> Bom Velhinho<\/strong>, acontece a inaugura\u00e7\u00e3o das luzes de Natal do com\u00e9rcio de rua. A novidade deste ano \u00e9 um anjo de 8 metros de altura com ilumina\u00e7\u00e3o a\u00e9rea que ser\u00e1 instalado nas pra\u00e7as XV e Carlos Gomes.\u00a0<\/p>\n<p>Al\u00e9m das pra\u00e7as, tamb\u00e9m haver\u00e1 pontos decorados nas avenidas D. Pedro (portal e via) e Saudade (via) e os tradicionais arcos na rua Bar\u00e3o do Amazonas.\u00a0<\/p>\n<ul>\n<li><strong>SERVI\u00c7O<\/strong>\u00a0<br \/><em>Casinha do Papai Noel\u00a0<br \/><\/em>Data: 2 at\u00e9 22\/12 \u00a0<br \/>Hor\u00e1rio: 10h \u2013 chegada Papai Noel\u00a0<br \/>segunda a sexta-feira \u2013 das 15h \u00e0s 21h (com pausa das 19h \u00e0s 19h30)\u00a0<br \/>s\u00e1bado e domingo \u2013 10h \u00e0s 16h (com pausa das 12h \u00e0s 12h30)\u00a0<\/li>\n<\/ul>\n<p><em>Parada de Natal \u00a0<br \/><\/em>Data: 22\/12 \u2013 sexta-feira\u00a0<br \/>Hor\u00e1rio: 10h\u00a0<br \/>Gratuito\u00a0<br \/>Local: Cal\u00e7ad\u00e3o, Centro \u00a0<br \/>Saiba mais aqui \u00a0<\/p>\n<h4 class=\"wp-block-heading\"><strong>CONCERTO DI NATALE<\/strong>\u00a0<\/h4>\n<p>O <strong>Concerto di Natale <\/strong>realizado pela <strong>Casa da Mem\u00f3ria Italiana<\/strong>, localizada no Centro, promove a apresenta\u00e7\u00e3o no dia 6 de dezembro, \u00e0s 19h30, com o Coro Memorie d\u2019Italia e reg\u00eancia do maestro Alexandre Mazzer Perticarrari. \u00a0<\/p>\n<p><span style=\"background-color:#f7cc62\" class=\"td_text_highlight_marker\">O evento \u00e9 gratuito e aberto ao p\u00fablico. N\u00e3o \u00e9 necess\u00e1rio reservar os ingressos. \u00a0<\/span><\/p>\n<p>O repert\u00f3rio contar\u00e1 com m\u00fasicas que recordam a imigra\u00e7\u00e3o e a cultura tradicional italiana, al\u00e9m de alguns cl\u00e1ssicos natalinos, fazendo encontrar o passado no presente.\u00a0<\/p>\n<ul>\n<li><strong>SERVI\u00c7O<\/strong>\u00a0<br \/>Concerto di Natale\u00a0<br \/>Data: 6\/12 \u2013 quarta-feira \u00a0<br \/>Hor\u00e1rio: 19h30 \u00a0<br \/>Entrada: gratuita\u00a0<br \/>Local: Casa da Mem\u00f3ria Italiana \u2013 rua Tibiri\u00e7\u00e1, 776, Centro \u00a0<br \/>Saiba mais aqui \u00a0<\/li>\n<\/ul>\n<h4 class=\"wp-block-heading\"><strong>CORAL DOS MENINOS CANTORES<\/strong>\u00a0<\/h4>\n<p>A tradicional apresenta\u00e7\u00e3o do <strong>Coral dos Meninos Cantores<\/strong> acontece no dia 17 de dezembro, \u00e0s 20h, nas janelas do Edif\u00edcio Meira Junior, na choperia Pinguim, no Centro, entoando cl\u00e1ssicos do Natal. O evento \u00e9 da Cia. Minaz.<\/p>\n<p>Na apresenta\u00e7\u00e3o, ser\u00e3o executadas can\u00e7\u00f5es natalinas como \u2018Noite Feliz\u2019, \u2018Boas Festas\u2019, \u2018Jingle Bell Rock\u2019, entre outras.\u00a0O espet\u00e1culo ter\u00e1 a presen\u00e7a do Papai Noel descendo pelas janelas.\u00a0 \u00a0<\/p>\n<p>A 26\u00b0 edi\u00e7\u00e3o traz, pela\u00a0primeira vez, a\u00a0transmiss\u00e3o\u00a0da apresenta\u00e7\u00e3o na internet, pelo YouTube da Cia. Minaz. \u00a0<\/p>\n<ul>\n<li><strong>SERVI\u00c7O\u00a0<\/strong>\u00a0<br \/>26\u00b0 Coral dos Meninos Cantores\u00a0\u00a0<br \/>Data: 17\/12 \u2013 domingo\u00a0\u00a0<br \/>Hor\u00e1rio: 20h\u00a0\u00a0<br \/>Entrada: gratuita\u00a0\u00a0<br \/>Local: Janelas do Edif\u00edcio Meira Junior\u00a0<br \/>Saiba mais aqui\u00a0<\/li>\n<\/ul>\n<p>VEJA TAMB\u00c9M<br \/>Ribeir\u00e3o Preto est\u00e1 sobre um vulc\u00e3o adormecido? Veja a explica\u00e7\u00e3o<\/p>\n<h4 class=\"wp-block-heading\"><strong>FIQUE ON <\/strong><\/h4>\n<p>Fique ligado em tudo que acontece em Ribeir\u00e3o Preto e regi\u00e3o. Siga os perfis do\u00a0<strong>acidade on<\/strong>\u00a0no\u00a0<a href=\"https:\/\/www.instagram.com\/acidadeonribeirao\" target=\"_blank\" rel=\"noreferrer noopener\">Instagram\u00a0<\/a>e no<a href=\"https:\/\/www.facebook.com\/acidadeonribeirao\" target=\"_blank\" rel=\"noreferrer noopener\">\u00a0Facebook.<\/a><\/p>\n<p>Receba not\u00edcias do\u00a0<strong>acidade on\u00a0<\/strong>no WhatsApp.\u00a0<a href=\"https:\/\/chat.whatsapp.com\/Bnv2w66ZT4VDyZW3oiZ69n\" target=\"_blank\" rel=\"noreferrer noopener\">Para entrar no grupo, basta clicar aqui.<\/a><\/p>\n<p>Fa\u00e7a uma den\u00fancia ou sugira uma reportagem sobre Ribeir\u00e3o Preto e regi\u00e3o pelo WhatsApp:\u00a0<strong>16 99117 7802.<\/strong><\/p>\n<p>LEIA MAIS<br \/><a href=\"https:\/\/www.tudoep.com\/tudo-noticias\/NOT,0,0,1868305,tse-inicia-teste-publico-das-urnas-eletronicas-para-eleicoes-de-2024.aspx\" target=\"_blank\" rel=\"noreferrer noopener\">TSE inicia teste p\u00fablico das urnas eletr\u00f4nicas para elei\u00e7\u00f5es de 2024<\/a><\/p>\n<p><!-- AI CONTENT END 1 -->\n<\/div>\n<p><script async src=\"\/\/www.instagram.com\/embed.js\"><\/script><br \/>\n<br \/><br \/>\n<br \/><a href=\"https:\/\/www.acidadeon.com\/ribeiraopreto\/lazer-e-cultura\/tudo-o-que-voce-precisa-saber-sobre-o-natal-no-centro-de-ribeirao-preto\/\">Source link <\/a><\/p>\n<div class='code-block code-block-4' style='margin: 8px auto 8px 0; text-align: left; display: block; clear: both;'>\n\ud83d\udce2 Aviso Legal\n\nO site ismaelcolosi.com.br atua apenas como um canal de divulga\u00e7\u00e3o de oportunidades de emprego e n\u00e3o se responsabiliza pelo processo seletivo, contrata\u00e7\u00e3o ou qualquer outra etapa relacionada \u00e0s vagas publicadas. Todas as informa\u00e7\u00f5es s\u00e3o de responsabilidade dos anunciantes.\n\n\u26a0\ufe0f Aten\u00e7\u00e3o! Nunca pague por promessas de emprego nem compre cursos que garantam contrata\u00e7\u00e3o. Desconfie de qualquer cobran\u00e7a para participar de sele\u00e7\u00f5es.\n\n\n\n<\/div>\n<!-- CONTENT END 1 -->\n","protected":false},"excerpt":{"rendered":"<p>O primeiro final de semana do m\u00eas de dezembro marca o in\u00edcio das celebra\u00e7\u00f5es natalinas realizadas no Centro de Ribeir\u00e3o Preto. \u00a0 O acidadeon preparou&#8230;<\/p>\n","protected":false},"author":1,"featured_media":8236,"comment_status":"open","ping_status":"open","sticky":false,"template":"","format":"standard","meta":{"_uag_custom_page_level_css":"","advanced_seo_description":"","jetpack_seo_html_title":"","jetpack_seo_noindex":false,"jetpack_post_was_ever_published":false,"_jetpack_newsletter_access":"","_jetpack_dont_email_post_to_subs":false,"_jetpack_newsletter_tier_id":0,"_jetpack_memberships_contains_paywalled_content":false,"_jetpack_memberships_contains_paid_content":false,"footnotes":"","jetpack_publicize_message":"","jetpack_publicize_feature_enabled":true,"jetpack_social_post_already_shared":true,"jetpack_social_options":{"image_generator_settings":{"template":"highway","default_image_id":0,"font":"","enabled":false},"version":2}},"categories":[11],"tags":[418,288,1069,27,26,1070,468,43,1068],"class_list":["post-8235","post","type-post","status-publish","format-standard","has-post-thumbnail","hentry","category-noticias-de-ribeirao-preto-sp-e-regiao-ismael-colosi","tag-centro","tag-natal","tag-precisa","tag-preto","tag-ribeirao","tag-saber","tag-sobre","tag-tudo","tag-voce"],"jetpack_publicize_connections":[],"jetpack_featured_media_url":"https:\/\/ismaelcolosi.com.br\/wp-content\/uploads\/2023\/11\/whatsapp_image_2022-12-06_at_09_32_39.jpe","uagb_featured_image_src":{"full":["https:\/\/ismaelcolosi.com.br\/wp-content\/uploads\/2023\/11\/whatsapp_image_2022-12-06_at_09_32_39.jpe",1600,1066,false],"thumbnail":["https:\/\/ismaelcolosi.com.br\/wp-content\/uploads\/2023\/11\/whatsapp_image_2022-12-06_at_09_32_39-150x150.jpe",150,150,true],"medium":["https:\/\/ismaelcolosi.com.br\/wp-content\/uploads\/2023\/11\/whatsapp_image_2022-12-06_at_09_32_39-300x200.jpe",300,200,true],"medium_large":["https:\/\/ismaelcolosi.com.br\/wp-content\/uploads\/2023\/11\/whatsapp_image_2022-12-06_at_09_32_39-768x512.jpe",768,512,true],"large":["https:\/\/ismaelcolosi.com.br\/wp-content\/uploads\/2023\/11\/whatsapp_image_2022-12-06_at_09_32_39-1024x682.jpe",1024,682,true],"1536x1536":["https:\/\/ismaelcolosi.com.br\/wp-content\/uploads\/2023\/11\/whatsapp_image_2022-12-06_at_09_32_39-1536x1023.jpe",1536,1023,true],"2048x2048":["https:\/\/ismaelcolosi.com.br\/wp-content\/uploads\/2023\/11\/whatsapp_image_2022-12-06_at_09_32_39.jpe",1600,1066,false],"really-simple-thumb":["https:\/\/ismaelcolosi.com.br\/wp-content\/uploads\/2023\/11\/whatsapp_image_2022-12-06_at_09_32_39-370x247.jpe",370,247,true]},"uagb_author_info":{"display_name":"ismaelcolosi.com.br","author_link":"https:\/\/ismaelcolosi.com.br\/index.php\/author\/vidareal-online\/"},"uagb_comment_info":0,"uagb_excerpt":"O primeiro final de semana do m\u00eas de dezembro marca o in\u00edcio das celebra\u00e7\u00f5es natalinas realizadas no Centro de Ribeir\u00e3o Preto. \u00a0 O acidadeon preparou...","jetpack-related-posts":[{"id":7202,"url":"https:\/\/ismaelcolosi.com.br\/index.php\/2023\/11\/27\/horario-especial-de-natal-no-comercio-de-ribeirao-comeca-nesta-semana-confira\/","url_meta":{"origin":8235,"position":0},"title":"Hor\u00e1rio especial de Natal no com\u00e9rcio de Ribeir\u00e3o come\u00e7a nesta semana; Confira","author":"ismaelcolosi.com.br","date":"27 de November de 2023","format":false,"excerpt":"O hor\u00e1rio especial do com\u00e9rcio de Ribeir\u00e3o Preto para o Natal come\u00e7a nesta sexta-feira (1\u00ba de dezembro). O an\u00fancio foi realizado pela Acirp (Associa\u00e7\u00e3o Comercial e Industrial de Ribeir\u00e3o Preto), nesta segunda-feira (27). A partir de sexta-feira, os estabelecimentos podem funcionar at\u00e9 as 22h \u2013 a abertura at\u00e9 este hor\u00e1rio\u2026","rel":"","context":"In &quot;Not\u00edcias de Ribeir\u00e3o Preto-SP e Regi\u00e3o&quot;","block_context":{"text":"Not\u00edcias de Ribeir\u00e3o Preto-SP e Regi\u00e3o","link":"https:\/\/ismaelcolosi.com.br\/index.php\/category\/noticias-de-ribeirao-preto-sp-e-regiao-ismael-colosi\/"},"img":{"alt_text":"","src":"https:\/\/i0.wp.com\/ismaelcolosi.com.br\/wp-content\/uploads\/2023\/11\/1701119787_WhatsApp-Image-2023-11-11-at-11.08.08.jpeg?fit=1200%2C749&ssl=1&resize=350%2C200","width":350,"height":200,"srcset":"https:\/\/i0.wp.com\/ismaelcolosi.com.br\/wp-content\/uploads\/2023\/11\/1701119787_WhatsApp-Image-2023-11-11-at-11.08.08.jpeg?fit=1200%2C749&ssl=1&resize=350%2C200 1x, https:\/\/i0.wp.com\/ismaelcolosi.com.br\/wp-content\/uploads\/2023\/11\/1701119787_WhatsApp-Image-2023-11-11-at-11.08.08.jpeg?fit=1200%2C749&ssl=1&resize=525%2C300 1.5x, https:\/\/i0.wp.com\/ismaelcolosi.com.br\/wp-content\/uploads\/2023\/11\/1701119787_WhatsApp-Image-2023-11-11-at-11.08.08.jpeg?fit=1200%2C749&ssl=1&resize=700%2C400 2x, https:\/\/i0.wp.com\/ismaelcolosi.com.br\/wp-content\/uploads\/2023\/11\/1701119787_WhatsApp-Image-2023-11-11-at-11.08.08.jpeg?fit=1200%2C749&ssl=1&resize=1050%2C600 3x"},"classes":[]},{"id":9333,"url":"https:\/\/ismaelcolosi.com.br\/index.php\/2023\/12\/01\/tudo-sobre-a-chegada-do-papai-noel-no-centro-de-ribeirao-preto\/","url_meta":{"origin":8235,"position":1},"title":"Tudo sobre a chegada do Papai Noel no Centro de Ribeir\u00e3o Preto\u00a0","author":"ismaelcolosi.com.br","date":"1 de December de 2023","format":false,"excerpt":"A chegada do Papai Noel em dezembro marca o fim de ano em Ribeir\u00e3o Preto, junto das decora\u00e7\u00f5es de Natal. A programa\u00e7\u00e3o faz parte da 21\u00aa edi\u00e7\u00e3o da campanha Natal Luz da Associa\u00e7\u00e3o Comercial e Industrial da cidade (Acirp).\u00a0 Confira tudo o que voc\u00ea precisa saber sobre a chegada do\u2026","rel":"","context":"In &quot;Not\u00edcias de Ribeir\u00e3o Preto-SP e Regi\u00e3o&quot;","block_context":{"text":"Not\u00edcias de Ribeir\u00e3o Preto-SP e Regi\u00e3o","link":"https:\/\/ismaelcolosi.com.br\/index.php\/category\/noticias-de-ribeirao-preto-sp-e-regiao-ismael-colosi\/"},"img":{"alt_text":"","src":"https:\/\/i0.wp.com\/ismaelcolosi.com.br\/wp-content\/uploads\/2023\/12\/papai-noel-foto-fabrica-de-retratos-acirp-scaled.jpg?fit=1200%2C800&ssl=1&resize=350%2C200","width":350,"height":200,"srcset":"https:\/\/i0.wp.com\/ismaelcolosi.com.br\/wp-content\/uploads\/2023\/12\/papai-noel-foto-fabrica-de-retratos-acirp-scaled.jpg?fit=1200%2C800&ssl=1&resize=350%2C200 1x, https:\/\/i0.wp.com\/ismaelcolosi.com.br\/wp-content\/uploads\/2023\/12\/papai-noel-foto-fabrica-de-retratos-acirp-scaled.jpg?fit=1200%2C800&ssl=1&resize=525%2C300 1.5x, https:\/\/i0.wp.com\/ismaelcolosi.com.br\/wp-content\/uploads\/2023\/12\/papai-noel-foto-fabrica-de-retratos-acirp-scaled.jpg?fit=1200%2C800&ssl=1&resize=700%2C400 2x, https:\/\/i0.wp.com\/ismaelcolosi.com.br\/wp-content\/uploads\/2023\/12\/papai-noel-foto-fabrica-de-retratos-acirp-scaled.jpg?fit=1200%2C800&ssl=1&resize=1050%2C600 3x"},"classes":[]},{"id":78221,"url":"https:\/\/ismaelcolosi.com.br\/index.php\/2024\/12\/03\/comercio-de-ribeirao-preto-tera-horario-especial-a-partir-de-1o-de-dezembro\/","url_meta":{"origin":8235,"position":2},"title":"Com\u00e9rcio de Ribeir\u00e3o Preto Ter\u00e1 Hor\u00e1rio Especial a Partir de 1\u00ba de Dezembro","author":"ismaelcolosi.com.br","date":"3 de December de 2024","format":false,"excerpt":"O com\u00e9rcio de Ribeir\u00e3o Preto inicia, a partir de 1\u00ba de dezembro, o tradicional hor\u00e1rio estendido para atender ao aumento da demanda durante as festividades de fim de ano. A medida busca atrair consumidores e impulsionar as vendas no per\u00edodo mais movimentado do ano para o varejo. Hor\u00e1rios diferenciados De\u2026","rel":"","context":"In &quot;Not\u00edcias de Ribeir\u00e3o Preto-SP e Regi\u00e3o&quot;","block_context":{"text":"Not\u00edcias de Ribeir\u00e3o Preto-SP e Regi\u00e3o","link":"https:\/\/ismaelcolosi.com.br\/index.php\/category\/noticias-de-ribeirao-preto-sp-e-regiao-ismael-colosi\/"},"img":{"alt_text":"","src":"https:\/\/i0.wp.com\/ismaelcolosi.com.br\/wp-content\/uploads\/2024\/12\/curiosidades-ribeirao-preto.webp.webp?fit=1170%2C700&ssl=1&resize=350%2C200","width":350,"height":200,"srcset":"https:\/\/i0.wp.com\/ismaelcolosi.com.br\/wp-content\/uploads\/2024\/12\/curiosidades-ribeirao-preto.webp.webp?fit=1170%2C700&ssl=1&resize=350%2C200 1x, https:\/\/i0.wp.com\/ismaelcolosi.com.br\/wp-content\/uploads\/2024\/12\/curiosidades-ribeirao-preto.webp.webp?fit=1170%2C700&ssl=1&resize=525%2C300 1.5x, https:\/\/i0.wp.com\/ismaelcolosi.com.br\/wp-content\/uploads\/2024\/12\/curiosidades-ribeirao-preto.webp.webp?fit=1170%2C700&ssl=1&resize=700%2C400 2x, https:\/\/i0.wp.com\/ismaelcolosi.com.br\/wp-content\/uploads\/2024\/12\/curiosidades-ribeirao-preto.webp.webp?fit=1170%2C700&ssl=1&resize=1050%2C600 3x"},"classes":[]},{"id":11216,"url":"https:\/\/ismaelcolosi.com.br\/index.php\/2023\/12\/05\/tudo-sobre-o-concerto-de-natal-da-casa-da-memoria-italiana-de-ribeirao-preto\/","url_meta":{"origin":8235,"position":3},"title":"Tudo sobre o Concerto de Natal da Casa da Mem\u00f3ria Italiana de Ribeir\u00e3o Preto","author":"ismaelcolosi.com.br","date":"5 de December de 2023","format":false,"excerpt":"O 8\u00ba Concerto di Natale, tradicional evento natalino do Museu Casa da Mem\u00f3ria Italiana de Ribeir\u00e3o Preto, acontece nesta quarta-feira (6). De acordo com a organiza\u00e7\u00e3o, a apresenta\u00e7\u00e3o promove momentos sens\u00edveis e art\u00edsticos para todos aqueles que estiverem presentes e tamb\u00e9m para o centro da cidade. Confira tudo o que\u2026","rel":"","context":"In &quot;Not\u00edcias de Ribeir\u00e3o Preto-SP e Regi\u00e3o&quot;","block_context":{"text":"Not\u00edcias de Ribeir\u00e3o Preto-SP e Regi\u00e3o","link":"https:\/\/ismaelcolosi.com.br\/index.php\/category\/noticias-de-ribeirao-preto-sp-e-regiao-ismael-colosi\/"},"img":{"alt_text":"","src":"https:\/\/i0.wp.com\/ismaelcolosi.com.br\/wp-content\/uploads\/2023\/12\/Memoria-Italiana.jpg?fit=1024%2C683&ssl=1&resize=350%2C200","width":350,"height":200,"srcset":"https:\/\/i0.wp.com\/ismaelcolosi.com.br\/wp-content\/uploads\/2023\/12\/Memoria-Italiana.jpg?fit=1024%2C683&ssl=1&resize=350%2C200 1x, https:\/\/i0.wp.com\/ismaelcolosi.com.br\/wp-content\/uploads\/2023\/12\/Memoria-Italiana.jpg?fit=1024%2C683&ssl=1&resize=525%2C300 1.5x, https:\/\/i0.wp.com\/ismaelcolosi.com.br\/wp-content\/uploads\/2023\/12\/Memoria-Italiana.jpg?fit=1024%2C683&ssl=1&resize=700%2C400 2x"},"classes":[]},{"id":5893,"url":"https:\/\/ismaelcolosi.com.br\/index.php\/2023\/11\/24\/veja-qual-sera-o-trajeto-da-caravana-de-natal-da-coca-cola-em-ribeirao-preto\/","url_meta":{"origin":8235,"position":4},"title":"Veja qual ser\u00e1 o trajeto da Caravana de Natal da Coca-Cola em Ribeir\u00e3o Preto","author":"ismaelcolosi.com.br","date":"24 de November de 2023","format":false,"excerpt":"A Caravana de Natal da Coca-Cola vai passar por Ribeir\u00e3o Preto at\u00e9 o dia 21 de dezembro em diversos pontos da cidade. De acordo com a empresa, ser\u00e3o cinco caminh\u00f5es iluminados que percorreram o munic\u00edpio em tr\u00eas datas diferentes. Neste ano, o tema central da campanha \u2018Desperte o Papai Noel\u2026","rel":"","context":"In &quot;Not\u00edcias de Ribeir\u00e3o Preto-SP e Regi\u00e3o&quot;","block_context":{"text":"Not\u00edcias de Ribeir\u00e3o Preto-SP e Regi\u00e3o","link":"https:\/\/ismaelcolosi.com.br\/index.php\/category\/noticias-de-ribeirao-preto-sp-e-regiao-ismael-colosi\/"},"img":{"alt_text":"","src":"https:\/\/i0.wp.com\/ismaelcolosi.com.br\/wp-content\/uploads\/2023\/11\/cxpia_de_tamanho_exato_para_fotos_no_sistema_novo.jpg?fit=1200%2C675&ssl=1&resize=350%2C200","width":350,"height":200,"srcset":"https:\/\/i0.wp.com\/ismaelcolosi.com.br\/wp-content\/uploads\/2023\/11\/cxpia_de_tamanho_exato_para_fotos_no_sistema_novo.jpg?fit=1200%2C675&ssl=1&resize=350%2C200 1x, https:\/\/i0.wp.com\/ismaelcolosi.com.br\/wp-content\/uploads\/2023\/11\/cxpia_de_tamanho_exato_para_fotos_no_sistema_novo.jpg?fit=1200%2C675&ssl=1&resize=525%2C300 1.5x, https:\/\/i0.wp.com\/ismaelcolosi.com.br\/wp-content\/uploads\/2023\/11\/cxpia_de_tamanho_exato_para_fotos_no_sistema_novo.jpg?fit=1200%2C675&ssl=1&resize=700%2C400 2x, https:\/\/i0.wp.com\/ismaelcolosi.com.br\/wp-content\/uploads\/2023\/11\/cxpia_de_tamanho_exato_para_fotos_no_sistema_novo.jpg?fit=1200%2C675&ssl=1&resize=1050%2C600 3x"},"classes":[]},{"id":9002,"url":"https:\/\/ismaelcolosi.com.br\/index.php\/2023\/12\/01\/thiaguinho-carpinejar-e-toninho-delicio-opcoes-para-curtir-o-fim-de-semana-em-ribeirao\/","url_meta":{"origin":8235,"position":5},"title":"Thiaguinho, Carpinejar e Toninho Del\u00edcio: Op\u00e7\u00f5es para curtir o fim de semana em Ribeir\u00e3o\u00a0","author":"ismaelcolosi.com.br","date":"1 de December de 2023","format":false,"excerpt":"O primeiro fim de semana do m\u00eas de dezembro em Ribeir\u00e3o Preto tem op\u00e7\u00f5es variadas para quem gosta de m\u00fasica e programa\u00e7\u00f5es em teatros. \u00a0 Apresenta\u00e7\u00e3o de chorinho, maracatu, stand up, show do Thiaguinho e mais. Confira\u00a0 DUO GIARDINI \u00a0 O Teatro Sesi de Ribeir\u00e3o Preto, no Jardim Castelo Branco,\u2026","rel":"","context":"In &quot;Not\u00edcias de Ribeir\u00e3o Preto-SP e Regi\u00e3o&quot;","block_context":{"text":"Not\u00edcias de Ribeir\u00e3o Preto-SP e Regi\u00e3o","link":"https:\/\/ismaelcolosi.com.br\/index.php\/category\/noticias-de-ribeirao-preto-sp-e-regiao-ismael-colosi\/"},"img":{"alt_text":"","src":"https:\/\/i0.wp.com\/ismaelcolosi.com.br\/wp-content\/uploads\/2023\/12\/WhatsApp-Image-2023-11-11-at-12.18.32.jpeg?fit=1080%2C745&ssl=1&resize=350%2C200","width":350,"height":200,"srcset":"https:\/\/i0.wp.com\/ismaelcolosi.com.br\/wp-content\/uploads\/2023\/12\/WhatsApp-Image-2023-11-11-at-12.18.32.jpeg?fit=1080%2C745&ssl=1&resize=350%2C200 1x, https:\/\/i0.wp.com\/ismaelcolosi.com.br\/wp-content\/uploads\/2023\/12\/WhatsApp-Image-2023-11-11-at-12.18.32.jpeg?fit=1080%2C745&ssl=1&resize=525%2C300 1.5x, https:\/\/i0.wp.com\/ismaelcolosi.com.br\/wp-content\/uploads\/2023\/12\/WhatsApp-Image-2023-11-11-at-12.18.32.jpeg?fit=1080%2C745&ssl=1&resize=700%2C400 2x, https:\/\/i0.wp.com\/ismaelcolosi.com.br\/wp-content\/uploads\/2023\/12\/WhatsApp-Image-2023-11-11-at-12.18.32.jpeg?fit=1080%2C745&ssl=1&resize=1050%2C600 3x"},"classes":[]}],"jetpack_sharing_enabled":true,"jetpack_shortlink":"https:\/\/wp.me\/pfMlyK-28P","_links":{"self":[{"href":"https:\/\/ismaelcolosi.com.br\/index.php\/wp-json\/wp\/v2\/posts\/8235","targetHints":{"allow":["GET"]}}],"collection":[{"href":"https:\/\/ismaelcolosi.com.br\/index.php\/wp-json\/wp\/v2\/posts"}],"about":[{"href":"https:\/\/ismaelcolosi.com.br\/index.php\/wp-json\/wp\/v2\/types\/post"}],"author":[{"embeddable":true,"href":"https:\/\/ismaelcolosi.com.br\/index.php\/wp-json\/wp\/v2\/users\/1"}],"replies":[{"embeddable":true,"href":"https:\/\/ismaelcolosi.com.br\/index.php\/wp-json\/wp\/v2\/comments?post=8235"}],"version-history":[{"count":0,"href":"https:\/\/ismaelcolosi.com.br\/index.php\/wp-json\/wp\/v2\/posts\/8235\/revisions"}],"wp:featuredmedia":[{"embeddable":true,"href":"https:\/\/ismaelcolosi.com.br\/index.php\/wp-json\/wp\/v2\/media\/8236"}],"wp:attachment":[{"href":"https:\/\/ismaelcolosi.com.br\/index.php\/wp-json\/wp\/v2\/media?parent=8235"}],"wp:term":[{"taxonomy":"category","embeddable":true,"href":"https:\/\/ismaelcolosi.com.br\/index.php\/wp-json\/wp\/v2\/categories?post=8235"},{"taxonomy":"post_tag","embeddable":true,"href":"https:\/\/ismaelcolosi.com.br\/index.php\/wp-json\/wp\/v2\/tags?post=8235"}],"curies":[{"name":"wp","href":"https:\/\/api.w.org\/{rel}","templated":true}]}}