{"id":82232,"date":"2025-01-27T05:30:48","date_gmt":"2025-01-27T08:30:48","guid":{"rendered":"https:\/\/ismaelcolosi.com.br\/index.php\/2025\/01\/27\/as-perguntas-que-todo-ceo-precisa-responder\/"},"modified":"2025-01-27T05:30:48","modified_gmt":"2025-01-27T08:30:48","slug":"as-perguntas-que-todo-ceo-precisa-responder","status":"publish","type":"post","link":"https:\/\/ismaelcolosi.com.br\/index.php\/2025\/01\/27\/as-perguntas-que-todo-ceo-precisa-responder\/","title":{"rendered":"As Perguntas que Todo CEO Precisa Responder"},"content":{"rendered":"<p> <br \/>\n<\/p>\n<div>\n<figure class=\"destaque wp-caption\">&#13;<br \/>\n\t\t<img data-recalc-dims=\"1\" width=\"678\" height=\"452\" src=\"https:\/\/i0.wp.com\/forbes.com.br\/wp-content\/uploads\/2025\/01\/ceo-lideranca-forbes-768x512.jpg?resize=678%2C452&#038;ssl=1\" class=\"attachment-medium_large size-medium_large wp-post-image\" alt=\"ceo lideran\u00e7a forbes\" decoding=\"async\" fetchpriority=\"high\"\/>\t\t<\/p>\n<p>Getty Images<\/p>\n<p>&#13;<figcaption class=\"wp-caption-text\">S\u00f3cios da McKinsey e autores do livro \u201cCEO Excellence\u201d estabelecem as seis mentalidades que definem os melhores l\u00edderes<br \/>\n<\/figcaption>&#13;<br \/>\n\t<\/figure>\n<div class=\"accessibility\">\n<p>Acessibilidade<\/p>\n<p>&#13;<br \/>\n\t\t\t<button onclick=\"alterFont1()\" id=\"btn1\" class=\"btn\">L<\/button>&#13;<br \/>\n\t\t\t<button onclick=\"alterFont2()\" id=\"btn2\" class=\"btn\" style=\"font-family:Merriweather\">L<\/button>&#13;<br \/>\n\t\t\t<button onclick=\"alterFontSmallerSize()\" id=\"btn3\" class=\"btn\">A-<\/button>&#13;<br \/>\n\t\t\t<button onclick=\"alterFontBiggerSize()\" id=\"btn4\" class=\"btn\">A+<\/button>&#13;<br \/>\n\t\t\t<!--<button onclick='alterFontBolder()' id='btn5' class=\"btn\" >B<\/button>-->&#13;<br \/>\n\t\t\t<button onclick=\"alterBackground()\" id=\"btn6\" class=\"btn\">\u25d0<\/button>&#13;<br \/>\n\t\t\t<!--<button onclick='clean()' id='btn7' class=\"btn\" >Limpar<\/button>-->&#13;\n\t\t<\/p>\n<\/p><\/div>\n<p>\u00a0<\/p>\n<p>\u00a0<\/p>\n<p>A cadeira de CEO carrega grande prest\u00edgio, mas tamb\u00e9m pode ser bastante solit\u00e1ria. Mesmo altos executivos enfrentam d\u00favidas e inseguran\u00e7as sobre suas trajet\u00f3rias, as decis\u00f5es de gest\u00e3o que tomam e o impacto que essas escolhas ter\u00e3o no futuro de suas empresas.<\/p>\n<p>Os l\u00edderes t\u00eam a seu dispor uma infinidade de m\u00e9tricas financeiras, operacionais e organizacionais para analisar. No entanto, muitas vezes falta clareza sobre como efetivamente influenciar essas m\u00e9tricas.<\/p>\n<p>Nos \u00faltimos dois anos, os s\u00f3cios da consultoria McKinsey<strong> Carolyn Dewar<\/strong>, <strong>Scott Keller<\/strong> e <strong>Vikram Malhotra<\/strong>, autores do livro \u201cCEO Excellence: The Six Mindsets That Distinguish the Best Leaders from the Rest\u201d (Excel\u00eancia do CEO: As seis mentalidades que distinguem os melhores l\u00edderes dos demais), ficaram surpresos com a frequ\u00eancia de pedidos de l\u00edderes de grandes empresas por uma checklist que possibilitasse avaliar sua gest\u00e3o em tempo real.<\/p>\n<p>Em resposta, sintetizaram como as mentalidades que sustentam a \u201cExcel\u00eancia do CEO\u201d podem ser aplicadas \u00e0s seis principais responsabilidades do papel do CEO:<\/p>\n<p>S\u00e3o elas:<\/p>\n<ul>\n<li>definir a dire\u00e7\u00e3o;<\/li>\n<li>alinhar a organiza\u00e7\u00e3o;<\/li>\n<li>mobilizar por meio de l\u00edderes;<\/li>\n<li>engajar o conselho;<\/li>\n<li>conectar-se com stakeholders;<\/li>\n<li>gerenciar a efic\u00e1cia pessoal.<\/li>\n<\/ul>\n<p><img data-recalc-dims=\"1\" loading=\"lazy\" decoding=\"async\" class=\"alignnone alignnone size-medium wp-image-663097\" src=\"https:\/\/i0.wp.com\/forbes.com.br\/wp-content\/uploads\/2025\/01\/diagrama-web01-768x512.jpg?resize=768%2C512&#038;ssl=1\" alt=\"\" width=\"768\" height=\"512\"\/><\/p>\n<p>O grupo se baseou em entrevistas com mais de 70 dos CEOs mais bem-sucedidos do s\u00e9culo 21, incluindo nomes como Satya Nadella, da <strong>Microsoft<\/strong>, Jamie Dimon, do <strong>JPMorgan Chase<\/strong>, Marillyn Hewson, da <strong>Lockheed Martin<\/strong>, Kaz Hirai, da <strong>Sony<\/strong>, e Ken Chenault, da <strong>American Express<\/strong>.<\/p>\n<p>O resultado \u00e9 uma checklist com 18 perguntas que ajuda CEOs a garantir que est\u00e3o conduzindo a execu\u00e7\u00e3o de forma eficaz, alinhando a organiza\u00e7\u00e3o e cumprindo suas responsabilidades de lideran\u00e7a.<\/p>\n<p>Se voc\u00ea \u00e9 CEO e deseja avaliar sua gest\u00e3o ou est\u00e1 buscando assumir esse cargo, confira a checklist abaixo. Tamb\u00e9m \u00e9 poss\u00edvel baixar a lista, <a href=\"https:\/\/www.mckinsey.com\/capabilities\/strategy-and-corporate-finance\/our-insights\/the-ceos-essential-checklist-questions-every-chief-executive-should-be-able-to-answer#\/\" target=\"_blank\" rel=\"noopener\">dispon\u00edvel no site da McKinsey<\/a>.<\/p>\n<h2>18 perguntas que todo CEO precisa responder<\/h2>\n<h3>Defini\u00e7\u00e3o da dire\u00e7\u00e3o<\/h3>\n<ol>\n<li><strong>1. Vis\u00e3o:<\/strong> Temos uma vis\u00e3o clara e convincente que reformula o que significa vencer, e ela \u00e9 compartilhada por toda a empresa?<\/li>\n<li><strong>2. Estrat\u00e9gia:<\/strong> Elaboramos uma lista objetiva com grandes a\u00e7\u00f5es claramente definidas no n\u00edvel da empresa que nos diferenciar\u00e3o dos concorrentes?<\/li>\n<li><strong>3. Aloca\u00e7\u00e3o de recursos:<\/strong> Estamos \u201cpensando como algu\u00e9m de fora\u201d para realocar ativamente recursos (como dinheiro, pessoas e aten\u00e7\u00e3o da gest\u00e3o) para nossas maiores prioridades, mesmo quando isso \u00e9 dif\u00edcil?<\/li>\n<\/ol>\n<h3>Alinhamento da organiza\u00e7\u00e3o<\/h3>\n<ol>\n<li><strong>4. Cultura:<\/strong> Cultura: Estamos identificando e buscando sistematicamente \u00e1reas espec\u00edficas de mudan\u00e7a cultural para executar melhor nossa estrat\u00e9gia?<\/li>\n<li><strong>5. Design organizacional:<\/strong> Nossa organiza\u00e7\u00e3o \u00e9 caracterizada por um equil\u00edbrio entre estabilidade e agilidade que maximiza a velocidade e a efic\u00e1cia da execu\u00e7\u00e3o?<\/li>\n<li><strong>6. Talento:<\/strong> As fun\u00e7\u00f5es que mais geram valor em nossa organiza\u00e7\u00e3o est\u00e3o ocupadas pelas pessoas certas e h\u00e1 um pipeline de lideran\u00e7a s\u00f3lido?<\/li>\n<\/ol>\n<h3>Mobiliza\u00e7\u00e3o da lideran\u00e7a<\/h3>\n<ol>\n<li><strong>7. Composi\u00e7\u00e3o da equipe:<\/strong> Minha equipe s\u00eanior tem o tamanho adequado, \u00e9 composta por pessoas com habilidades complementares e \u00e9 caracterizada por uma mentalidade de \u201cempresa em primeiro lugar\u201d?<\/li>\n<li><strong>8. Trabalho em equipe:<\/strong> Minha equipe s\u00eanior usa dados e di\u00e1logo de forma eficaz para tomar decis\u00f5es oportunas sobre assuntos que somente eles podem abordar?<\/li>\n<li><strong>9. Ritmo operacional:<\/strong> Minha equipe s\u00eanior tem um ritmo operacional anual eficaz e uma cad\u00eancia de revis\u00e3o de neg\u00f3cios que impulsiona a execu\u00e7\u00e3o e minimiza surpresas?<\/li>\n<\/ol>\n<h3>Engajamento do conselho<\/h3>\n<ol>\n<li><strong>10. Relacionamentos:<\/strong> Eu constru\u00ed confian\u00e7a com os membros do meu conselho sendo \u201cradicalmente transparente\u201d e demonstrando interesse nas opini\u00f5es deles?<\/li>\n<li><strong>11. Capacidades:<\/strong> Temos os perfis certos no conselho e estamos educando os diretores e envolvendo-os para ajudar onde for poss\u00edvel?<\/li>\n<li><strong>12. Reuni\u00f5es do conselho:<\/strong> As sess\u00f5es do conselho s\u00e3o bem preparadas, conduzidas de forma eficaz e focadas no futuro (indo al\u00e9m dos t\u00f3picos fiduci\u00e1rios)?<\/li>\n<\/ol>\n<h3>Conex\u00e3o com stakeholders externos<\/h3>\n<ol>\n<li><strong>13. Prop\u00f3sito:<\/strong> Estamos claros sobre o impacto que desejamos alcan\u00e7ar (nosso \u201cporqu\u00ea\u201d) e o incorporamos no cerne da gest\u00e3o do neg\u00f3cio?<\/li>\n<li><strong>14. Intera\u00e7\u00f5es:<\/strong> Compreendemos completamente as necessidades dos nossos stakeholders (o porqu\u00ea deles) e encontramos pontos construtivos em comum com eles?<\/li>\n<li><strong>15. Hora da verdade:<\/strong> Constru\u00edmos resili\u00eancia antes de quaisquer crises potenciais para que possamos mitigar o seu impacto e utiliz\u00e1-las para desbloquear oportunidades?<\/li>\n<\/ol>\n<h3>Efic\u00e1cia pessoal<\/h3>\n<ol>\n<li><strong>16. Tempo e energia:<\/strong> Eu gerencio bem meu tempo e energia? Tenho o apoio necess\u00e1rio para me ajudar a fazer com sucesso e de forma sustent\u00e1vel aquilo que s\u00f3 eu posso fazer como CEO?<\/li>\n<li><strong>17. Modelo de lideran\u00e7a:<\/strong> Eu estou liderando de forma aut\u00eantica de acordo com as minhas convic\u00e7\u00f5es e valores, enquanto ajusto meu comportamento \u00e0s necessidades da organiza\u00e7\u00e3o?<\/li>\n<li><strong>18. Perspectiva:<\/strong> Abordo a minha posi\u00e7\u00e3o com humildade, focando em ajudar os outros a terem sucesso e melhorando continuamente?<\/li>\n<\/ol>\n<h2>Cuidado com o \u201cvi\u00e9s de otimismo\u201d<\/h2>\n<p>A autoavalia\u00e7\u00e3o nem sempre \u00e9 algo simples ou confi\u00e1vel. O \u201cvi\u00e9s de otimismo\u201d explica por que, por exemplo, 86% dos CEO acreditam que atuam como um modelo positivo para seus funcion\u00e1rios, enquanto apenas 53% dos seus liderados diretos concordam.<\/p>\n<p>Para evitar vieses, \u00e9 recomend\u00e1vel pedir feedback a l\u00edderes, antigos colegas, membros do conselho ou da equipe executiva e outros confidentes que possam fazer uma avalia\u00e7\u00e3o honesta com base nas perguntas acima.<\/p>\n<div class=\"follow-us\">Siga o canal da <a href=\"https:\/\/whatsapp.com\/channel\/0029Va9gQKwBFLgM96cJnu0u\" target=\"_blank\" rel=\"noopener noreferrer nofollow\" title=\"Grupo da Forbes no WhatsApp\">Forbes<\/a> no WhatsApp e receba as principais not\u00edcias de empreendedorismo, carreira, tecnologia, agro e lifestyle.<\/div>\n<\/p><\/div>\n<p><script>\n\t\t\t\t(function(d, s, id){\n\t\t\t\t\tvar js, fjs = d.getElementsByTagName(s)[0];\n\t\t\t\t\tif (d.getElementById(id)) return;\n\t\t\t\t\tjs = d.createElement(s); js.id = id;\n\t\t\t\t\tjs.src = \"\/\/connect.facebook.net\/pt_BR\/sdk.js#xfbml=1&version=v2.9\";\n\t\t\t\t\tfjs.parentNode.insertBefore(js, fjs);\n\t\t\t\t}(document, 'script', 'facebook-jssdk'));\n\t\t\t<\/script><br \/>\n<br \/><br \/>\n<br \/><a href=\"https:\/\/forbes.com.br\/carreira\/2025\/01\/o-guia-do-ceo-18-perguntas-que-todo-lider-deve-responder\/\">Source link <\/a><\/p>\n<div class='code-block code-block-4' style='margin: 8px auto 8px 0; text-align: left; display: block; clear: both;'>\n\ud83d\udce2 Aviso Legal\n\nO site ismaelcolosi.com.br atua apenas como um canal de divulga\u00e7\u00e3o de oportunidades de emprego e n\u00e3o se responsabiliza pelo processo seletivo, contrata\u00e7\u00e3o ou qualquer outra etapa relacionada \u00e0s vagas publicadas. Todas as informa\u00e7\u00f5es s\u00e3o de responsabilidade dos anunciantes.\n\n\u26a0\ufe0f Aten\u00e7\u00e3o! Nunca pague por promessas de emprego nem compre cursos que garantam contrata\u00e7\u00e3o. Desconfie de qualquer cobran\u00e7a para participar de sele\u00e7\u00f5es.\n\n\n\n<\/div>\n<!-- CONTENT END 1 -->\n","protected":false},"excerpt":{"rendered":"<p>&#13; Getty Images &#13;S\u00f3cios da McKinsey e autores do livro \u201cCEO Excellence\u201d estabelecem as seis mentalidades que definem os melhores l\u00edderes &#13; Acessibilidade &#13; L&#13;&#8230;<\/p>\n","protected":false},"author":1,"featured_media":82233,"comment_status":"open","ping_status":"open","sticky":false,"template":"","format":"standard","meta":{"_uag_custom_page_level_css":"","advanced_seo_description":"","jetpack_seo_html_title":"","jetpack_seo_noindex":false,"jetpack_post_was_ever_published":false,"_jetpack_newsletter_access":"","_jetpack_dont_email_post_to_subs":false,"_jetpack_newsletter_tier_id":0,"_jetpack_memberships_contains_paywalled_content":false,"_jetpack_memberships_contains_paid_content":false,"footnotes":"","jetpack_publicize_message":"","jetpack_publicize_feature_enabled":true,"jetpack_social_post_already_shared":true,"jetpack_social_options":{"image_generator_settings":{"template":"highway","default_image_id":0,"font":"","enabled":false},"version":2}},"categories":[1964],"tags":[],"class_list":["post-82232","post","type-post","status-publish","format-standard","has-post-thumbnail","hentry","category-carreira-e-sucesso-dicas-para-carreira"],"jetpack_publicize_connections":[],"jetpack_featured_media_url":"https:\/\/i0.wp.com\/ismaelcolosi.com.br\/wp-content\/uploads\/2025\/01\/ceo-lideranca-forbes-1200x675.jpg?fit=1200%2C675&ssl=1","uagb_featured_image_src":{"full":["https:\/\/i0.wp.com\/ismaelcolosi.com.br\/wp-content\/uploads\/2025\/01\/ceo-lideranca-forbes-1200x675.jpg?fit=1200%2C675&ssl=1",1200,675,false],"thumbnail":["https:\/\/i0.wp.com\/ismaelcolosi.com.br\/wp-content\/uploads\/2025\/01\/ceo-lideranca-forbes-1200x675.jpg?resize=150%2C150&ssl=1",150,150,true],"medium":["https:\/\/i0.wp.com\/ismaelcolosi.com.br\/wp-content\/uploads\/2025\/01\/ceo-lideranca-forbes-1200x675.jpg?fit=300%2C169&ssl=1",300,169,true],"medium_large":["https:\/\/i0.wp.com\/ismaelcolosi.com.br\/wp-content\/uploads\/2025\/01\/ceo-lideranca-forbes-1200x675.jpg?fit=768%2C432&ssl=1",768,432,true],"large":["https:\/\/i0.wp.com\/ismaelcolosi.com.br\/wp-content\/uploads\/2025\/01\/ceo-lideranca-forbes-1200x675.jpg?fit=1024%2C576&ssl=1",1024,576,true],"1536x1536":["https:\/\/i0.wp.com\/ismaelcolosi.com.br\/wp-content\/uploads\/2025\/01\/ceo-lideranca-forbes-1200x675.jpg?fit=1200%2C675&ssl=1",1200,675,true],"2048x2048":["https:\/\/i0.wp.com\/ismaelcolosi.com.br\/wp-content\/uploads\/2025\/01\/ceo-lideranca-forbes-1200x675.jpg?fit=1200%2C675&ssl=1",1200,675,true],"really-simple-thumb":["https:\/\/i0.wp.com\/ismaelcolosi.com.br\/wp-content\/uploads\/2025\/01\/ceo-lideranca-forbes-1200x675.jpg?resize=370%2C247&ssl=1",370,247,true]},"uagb_author_info":{"display_name":"ismaelcolosi.com.br","author_link":"https:\/\/ismaelcolosi.com.br\/index.php\/author\/vidareal-online\/"},"uagb_comment_info":0,"uagb_excerpt":"&#13; Getty Images &#13;S\u00f3cios da McKinsey e autores do livro \u201cCEO Excellence\u201d estabelecem as seis mentalidades que definem os melhores l\u00edderes &#13; Acessibilidade &#13; L&#13;...","jetpack-related-posts":[{"id":76394,"url":"https:\/\/ismaelcolosi.com.br\/index.php\/2024\/11\/12\/vivara-anuncia-novo-ceo\/","url_meta":{"origin":82232,"position":0},"title":"Vivara Anuncia Novo CEO","author":"ismaelcolosi.com.br","date":"12 de November de 2024","format":false,"excerpt":"Acessibilidade \r L\r L\r A-\r A+\r \r \u25d0\r \r A Vivara informou que seu conselho de administra\u00e7\u00e3o elegeu o atual diretor de opera\u00e7\u00f5es, Icaro Borrello, para o cargo de presidente-executivo da companhia, em reuni\u00e3o realizada nesta ter\u00e7a-feira (11), conforme comunicado ao mercado. A decis\u00e3o segue-se \u00e0 ren\u00fancia do CEO Otavio\u2026","rel":"","context":"In &quot;Carreira e Sucesso&quot;","block_context":{"text":"Carreira e Sucesso","link":"https:\/\/ismaelcolosi.com.br\/index.php\/category\/carreira-e-sucesso-dicas-para-carreira\/"},"img":{"alt_text":"","src":"https:\/\/i0.wp.com\/ismaelcolosi.com.br\/wp-content\/uploads\/2024\/11\/forbes-og-1030x438.webp?fit=1030%2C438&ssl=1&resize=350%2C200","width":350,"height":200,"srcset":"https:\/\/i0.wp.com\/ismaelcolosi.com.br\/wp-content\/uploads\/2024\/11\/forbes-og-1030x438.webp?fit=1030%2C438&ssl=1&resize=350%2C200 1x, https:\/\/i0.wp.com\/ismaelcolosi.com.br\/wp-content\/uploads\/2024\/11\/forbes-og-1030x438.webp?fit=1030%2C438&ssl=1&resize=525%2C300 1.5x, https:\/\/i0.wp.com\/ismaelcolosi.com.br\/wp-content\/uploads\/2024\/11\/forbes-og-1030x438.webp?fit=1030%2C438&ssl=1&resize=700%2C400 2x"},"classes":[]},{"id":79208,"url":"https:\/\/ismaelcolosi.com.br\/index.php\/2024\/12\/13\/grupo-silvio-santos-nomeia-ana-karina-bortoni-como-nova-ceo\/","url_meta":{"origin":82232,"position":1},"title":"Grupo Silvio Santos nomeia Ana Karina Bortoni como nova CEO","author":"ismaelcolosi.com.br","date":"13 de December de 2024","format":false,"excerpt":"\r \r \r \r Executiva, que est\u00e1 na holding desde 2015, foi a primeira mulher CEO de um banco brasileiro \r \r \r \r Divulga\u00e7\u00e3o\/BMG\r Ana Karina Bortoni foi CEO do Banco BMG e capa da Forbes na edi\u00e7\u00e3o Mulheres de Sucesso em 2022\r \u00a0 Acessibilidade \r L\r L\r A-\r\u2026","rel":"","context":"In &quot;Carreira e Sucesso&quot;","block_context":{"text":"Carreira e Sucesso","link":"https:\/\/ismaelcolosi.com.br\/index.php\/category\/carreira-e-sucesso-dicas-para-carreira\/"},"img":{"alt_text":"","src":"https:\/\/i0.wp.com\/ismaelcolosi.com.br\/wp-content\/uploads\/2024\/12\/Ana-Karina-Bortoni-1200x675.jpg?fit=1200%2C675&ssl=1&resize=350%2C200","width":350,"height":200,"srcset":"https:\/\/i0.wp.com\/ismaelcolosi.com.br\/wp-content\/uploads\/2024\/12\/Ana-Karina-Bortoni-1200x675.jpg?fit=1200%2C675&ssl=1&resize=350%2C200 1x, https:\/\/i0.wp.com\/ismaelcolosi.com.br\/wp-content\/uploads\/2024\/12\/Ana-Karina-Bortoni-1200x675.jpg?fit=1200%2C675&ssl=1&resize=525%2C300 1.5x, https:\/\/i0.wp.com\/ismaelcolosi.com.br\/wp-content\/uploads\/2024\/12\/Ana-Karina-Bortoni-1200x675.jpg?fit=1200%2C675&ssl=1&resize=700%2C400 2x, https:\/\/i0.wp.com\/ismaelcolosi.com.br\/wp-content\/uploads\/2024\/12\/Ana-Karina-Bortoni-1200x675.jpg?fit=1200%2C675&ssl=1&resize=1050%2C600 3x"},"classes":[]},{"id":52831,"url":"https:\/\/ismaelcolosi.com.br\/index.php\/2024\/06\/11\/louis-dreyfus-company-tem-novo-ceo-no-brasil\/","url_meta":{"origin":82232,"position":2},"title":"Louis Dreyfus Company tem novo CEO no Brasil","author":"ismaelcolosi.com.br","date":"11 de June de 2024","format":false,"excerpt":"Murilo Parada atuou como CEO da Louis Dreyfus\u00a0Company de fevereiro de 2017 a junho deste ano Acessibilidade L L A- A+ \u25d0 A LDC (Louis Dreyfus\u00a0Company) informou na segunda-feira (10) em nota que Murilo Parada deixar\u00e1 o cargo de CEO da companhia no Brasil e que a posi\u00e7\u00e3o ser\u00e1 assumida\u2026","rel":"","context":"In &quot;Carreira e Sucesso&quot;","block_context":{"text":"Carreira e Sucesso","link":"https:\/\/ismaelcolosi.com.br\/index.php\/category\/carreira-e-sucesso-dicas-para-carreira\/"},"img":{"alt_text":"","src":"https:\/\/i0.wp.com\/ismaelcolosi.com.br\/wp-content\/uploads\/2024\/06\/Murilo-Parada_11jun24_Divulgacao-1024x683.jpg?fit=1024%2C683&ssl=1&resize=350%2C200","width":350,"height":200,"srcset":"https:\/\/i0.wp.com\/ismaelcolosi.com.br\/wp-content\/uploads\/2024\/06\/Murilo-Parada_11jun24_Divulgacao-1024x683.jpg?fit=1024%2C683&ssl=1&resize=350%2C200 1x, https:\/\/i0.wp.com\/ismaelcolosi.com.br\/wp-content\/uploads\/2024\/06\/Murilo-Parada_11jun24_Divulgacao-1024x683.jpg?fit=1024%2C683&ssl=1&resize=525%2C300 1.5x, https:\/\/i0.wp.com\/ismaelcolosi.com.br\/wp-content\/uploads\/2024\/06\/Murilo-Parada_11jun24_Divulgacao-1024x683.jpg?fit=1024%2C683&ssl=1&resize=700%2C400 2x"},"classes":[]},{"id":51227,"url":"https:\/\/ismaelcolosi.com.br\/index.php\/2024\/05\/24\/conselho-da-petrobras-aprova-magda-chambriard-como-ceo\/","url_meta":{"origin":82232,"position":3},"title":"Conselho da Petrobras aprova Magda Chambriard como CEO","author":"ismaelcolosi.com.br","date":"24 de May de 2024","format":false,"excerpt":"\u00a0 Acessibilidade L L A- A+ \u25d0 A Petrobras informou que seu conselho de administra\u00e7\u00e3o aprovou nesta sexta-feira (24) Magda Chambriard como nova presidente-executiva e conselheira da companhia. Segundo fato relevante, Chambriard tomou posse em ambos os cargos nesta sexta-feira e passou a integrar o conselho imediatamente, n\u00e3o sendo necess\u00e1ria\u2026","rel":"","context":"In &quot;Carreira e Sucesso&quot;","block_context":{"text":"Carreira e Sucesso","link":"https:\/\/ismaelcolosi.com.br\/index.php\/category\/carreira-e-sucesso-dicas-para-carreira\/"},"img":{"alt_text":"","src":"https:\/\/i0.wp.com\/ismaelcolosi.com.br\/wp-content\/uploads\/2024\/05\/Money_Magda-Chambriard_AgenciaBrasil-1024x683.jpg?fit=1024%2C683&ssl=1&resize=350%2C200","width":350,"height":200,"srcset":"https:\/\/i0.wp.com\/ismaelcolosi.com.br\/wp-content\/uploads\/2024\/05\/Money_Magda-Chambriard_AgenciaBrasil-1024x683.jpg?fit=1024%2C683&ssl=1&resize=350%2C200 1x, https:\/\/i0.wp.com\/ismaelcolosi.com.br\/wp-content\/uploads\/2024\/05\/Money_Magda-Chambriard_AgenciaBrasil-1024x683.jpg?fit=1024%2C683&ssl=1&resize=525%2C300 1.5x, https:\/\/i0.wp.com\/ismaelcolosi.com.br\/wp-content\/uploads\/2024\/05\/Money_Magda-Chambriard_AgenciaBrasil-1024x683.jpg?fit=1024%2C683&ssl=1&resize=700%2C400 2x"},"classes":[]},{"id":55856,"url":"https:\/\/ismaelcolosi.com.br\/index.php\/2024\/07\/06\/ceo-do-banco-itau-no-chile-assumira-posicao-de-cfo-da-holding\/","url_meta":{"origin":82232,"position":4},"title":"CEO do banco Ita\u00fa no Chile assumir\u00e1 posi\u00e7\u00e3o de CFO da holding","author":"ismaelcolosi.com.br","date":"6 de July de 2024","format":false,"excerpt":"\u00a0 Acessibilidade L L A- A+ \u25d0 O CEO do banco Ita\u00fa no Chile, Gabriel Amado de Moura, assumir\u00e1 a posi\u00e7\u00e3o de diretor de finan\u00e7as da holding Ita\u00fa Unibanco em substitui\u00e7\u00e3o ao atual CFO, Alexsandro Broedel Lopes, informou a companhia na sexta-feira (5). Segundo comunicado do banco, Lopes est\u00e1 deixando\u2026","rel":"","context":"In &quot;Carreira e Sucesso&quot;","block_context":{"text":"Carreira e Sucesso","link":"https:\/\/ismaelcolosi.com.br\/index.php\/category\/carreira-e-sucesso-dicas-para-carreira\/"},"img":{"alt_text":"","src":"https:\/\/i0.wp.com\/ismaelcolosi.com.br\/wp-content\/uploads\/2024\/07\/ibut-1-1024x683.jpg?fit=1024%2C683&ssl=1&resize=350%2C200","width":350,"height":200,"srcset":"https:\/\/i0.wp.com\/ismaelcolosi.com.br\/wp-content\/uploads\/2024\/07\/ibut-1-1024x683.jpg?fit=1024%2C683&ssl=1&resize=350%2C200 1x, https:\/\/i0.wp.com\/ismaelcolosi.com.br\/wp-content\/uploads\/2024\/07\/ibut-1-1024x683.jpg?fit=1024%2C683&ssl=1&resize=525%2C300 1.5x, https:\/\/i0.wp.com\/ismaelcolosi.com.br\/wp-content\/uploads\/2024\/07\/ibut-1-1024x683.jpg?fit=1024%2C683&ssl=1&resize=700%2C400 2x"},"classes":[]},{"id":52982,"url":"https:\/\/ismaelcolosi.com.br\/index.php\/2024\/06\/12\/petrobras-provavelmente-tera-mudancas-em-diretoria-ate-a-proxima-semana-diz-ceo\/","url_meta":{"origin":82232,"position":5},"title":"Petrobras provavelmente ter\u00e1 mudan\u00e7as em diretoria at\u00e9 a pr\u00f3xima semana, diz CEO","author":"ismaelcolosi.com.br","date":"12 de June de 2024","format":false,"excerpt":"A Petrobras provavelmente ter\u00e1 mudan\u00e7as em sua diretoria executiva at\u00e9 a pr\u00f3xima semana, afirmou a CEO da petroleira, Magda Chambriard, ao participar de um evento nesta quarta-feira com a presen\u00e7a do presidente Luiz In\u00e1cio Lula da Silva no Rio de janeiro. Acessibilidade L L A- A+ \u25d0 Siga a Forbes\u2026","rel":"","context":"In &quot;Carreira e Sucesso&quot;","block_context":{"text":"Carreira e Sucesso","link":"https:\/\/ismaelcolosi.com.br\/index.php\/category\/carreira-e-sucesso-dicas-para-carreira\/"},"img":{"alt_text":"","src":"https:\/\/i0.wp.com\/ismaelcolosi.com.br\/wp-content\/uploads\/2024\/06\/2024-06-12T162627Z_1_LYNXMPEK5B0QA_RTROPTP_4_PETROBRAS-CEO-1024x664.jpg?fit=1024%2C664&ssl=1&resize=350%2C200","width":350,"height":200,"srcset":"https:\/\/i0.wp.com\/ismaelcolosi.com.br\/wp-content\/uploads\/2024\/06\/2024-06-12T162627Z_1_LYNXMPEK5B0QA_RTROPTP_4_PETROBRAS-CEO-1024x664.jpg?fit=1024%2C664&ssl=1&resize=350%2C200 1x, https:\/\/i0.wp.com\/ismaelcolosi.com.br\/wp-content\/uploads\/2024\/06\/2024-06-12T162627Z_1_LYNXMPEK5B0QA_RTROPTP_4_PETROBRAS-CEO-1024x664.jpg?fit=1024%2C664&ssl=1&resize=525%2C300 1.5x, https:\/\/i0.wp.com\/ismaelcolosi.com.br\/wp-content\/uploads\/2024\/06\/2024-06-12T162627Z_1_LYNXMPEK5B0QA_RTROPTP_4_PETROBRAS-CEO-1024x664.jpg?fit=1024%2C664&ssl=1&resize=700%2C400 2x"},"classes":[]}],"jetpack_sharing_enabled":true,"jetpack_shortlink":"https:\/\/wp.me\/pfMlyK-lok","_links":{"self":[{"href":"https:\/\/ismaelcolosi.com.br\/index.php\/wp-json\/wp\/v2\/posts\/82232","targetHints":{"allow":["GET"]}}],"collection":[{"href":"https:\/\/ismaelcolosi.com.br\/index.php\/wp-json\/wp\/v2\/posts"}],"about":[{"href":"https:\/\/ismaelcolosi.com.br\/index.php\/wp-json\/wp\/v2\/types\/post"}],"author":[{"embeddable":true,"href":"https:\/\/ismaelcolosi.com.br\/index.php\/wp-json\/wp\/v2\/users\/1"}],"replies":[{"embeddable":true,"href":"https:\/\/ismaelcolosi.com.br\/index.php\/wp-json\/wp\/v2\/comments?post=82232"}],"version-history":[{"count":0,"href":"https:\/\/ismaelcolosi.com.br\/index.php\/wp-json\/wp\/v2\/posts\/82232\/revisions"}],"wp:featuredmedia":[{"embeddable":true,"href":"https:\/\/ismaelcolosi.com.br\/index.php\/wp-json\/wp\/v2\/media\/82233"}],"wp:attachment":[{"href":"https:\/\/ismaelcolosi.com.br\/index.php\/wp-json\/wp\/v2\/media?parent=82232"}],"wp:term":[{"taxonomy":"category","embeddable":true,"href":"https:\/\/ismaelcolosi.com.br\/index.php\/wp-json\/wp\/v2\/categories?post=82232"},{"taxonomy":"post_tag","embeddable":true,"href":"https:\/\/ismaelcolosi.com.br\/index.php\/wp-json\/wp\/v2\/tags?post=82232"}],"curies":[{"name":"wp","href":"https:\/\/api.w.org\/{rel}","templated":true}]}}