{"id":82226,"date":"2025-01-26T19:18:26","date_gmt":"2025-01-26T22:18:26","guid":{"rendered":"https:\/\/ismaelcolosi.com.br\/index.php\/2025\/01\/26\/vagas-de-emprego-para-enfermagem-em-ribeirao-preto-sp-9\/"},"modified":"2025-01-26T19:18:26","modified_gmt":"2025-01-26T22:18:26","slug":"vagas-de-emprego-para-enfermagem-em-ribeirao-preto-sp-9","status":"publish","type":"post","link":"https:\/\/ismaelcolosi.com.br\/index.php\/2025\/01\/26\/vagas-de-emprego-para-enfermagem-em-ribeirao-preto-sp-9\/","title":{"rendered":"Vagas de emprego para Enfermagem em Ribeir\u00e3o Preto-SP"},"content":{"rendered":"<p><a class=\"base-card__full-link absolute top-0 right-0 bottom-0 left-0 p-0 z-[2]\" href=\"https:\/\/br.linkedin.com\/jobs\/view\/edital-025-2025-t%C3%A9cnico-de-enfermagem-externo-ribeir%C3%A3o-preto-at-cejam-centro-de-estudos-e-pesquisas-dr-jo%C3%A3o-amorim-oficial-4115790760?position=1&amp;pageNum=0&amp;refId=noJF18TX9pzZ6sTP17yq8A%3D%3D&amp;trackingId=aJ%2FlZ%2BJFYkyiWhGVO3ilDQ%3D%3D\" data-tracking-control-name=\"public_jobs_jserp-result_search-card\" data-tracking-client-ingraph data-tracking-will-navigate><\/p>\n<p>          <span class=\"sr-only\"><\/p>\n<p>        EDITAL 025\/2025 &#8211; T\u00c9CNICO DE ENFERMAGEM (EXTERNO) &#8211; RIBEIR\u00c3O PRETO<\/p>\n<p>          <\/span><br \/>\n        <\/a><br \/>\n<a class=\"base-card__full-link absolute top-0 right-0 bottom-0 left-0 p-0 z-[2]\" href=\"https:\/\/br.linkedin.com\/jobs\/view\/edital-030-2025-enfermeiro-externo-ribeir%C3%A3o-preto-at-cejam-centro-de-estudos-e-pesquisas-dr-jo%C3%A3o-amorim-oficial-4115791661?position=2&amp;pageNum=0&amp;refId=noJF18TX9pzZ6sTP17yq8A%3D%3D&amp;trackingId=2o6tycVbo9bOvDNArGXCJA%3D%3D\" data-tracking-control-name=\"public_jobs_jserp-result_search-card\" data-tracking-client-ingraph data-tracking-will-navigate><\/p>\n<p>          <span class=\"sr-only\"><\/p>\n<p>        EDITAL 030\/2025 &#8211; ENFERMEIRO (EXTERNO) &#8211; RIBEIR\u00c3O PRETO<\/p>\n<p>          <\/span><br \/>\n        <\/a><br \/>\n<a class=\"base-card__full-link absolute top-0 right-0 bottom-0 left-0 p-0 z-[2]\" href=\"https:\/\/br.linkedin.com\/jobs\/view\/almoxarife-i-ribp-at-coca-cola-andina-brasil-4114395838?position=3&amp;pageNum=0&amp;refId=noJF18TX9pzZ6sTP17yq8A%3D%3D&amp;trackingId=nkubai66NxEYCsJ9cNvjhQ%3D%3D\" data-tracking-control-name=\"public_jobs_jserp-result_search-card\" data-tracking-client-ingraph data-tracking-will-navigate><\/p>\n<p>          <span class=\"sr-only\"><\/p>\n<p>        ALMOXARIFE I &#8211; RIBP<\/p>\n<p>          <\/span><br \/>\n        <\/a><br \/>\n<a class=\"base-card__full-link absolute top-0 right-0 bottom-0 left-0 p-0 z-[2]\" href=\"https:\/\/br.linkedin.com\/jobs\/view\/coordenadora-t%C3%A9cnico-administrativa-sp-at-matriz-rh-4133486965?position=4&amp;pageNum=0&amp;refId=noJF18TX9pzZ6sTP17yq8A%3D%3D&amp;trackingId=8KyEUYeulAJwVD8mdu5x7A%3D%3D\" data-tracking-control-name=\"public_jobs_jserp-result_search-card\" data-tracking-client-ingraph data-tracking-will-navigate><\/p>\n<p>          <span class=\"sr-only\"><\/p>\n<p>        Coordenadora T\u00e9cnico Administrativa &#8211; SP<\/p>\n<p>          <\/span><br \/>\n        <\/a><br \/>\n<a class=\"base-card__full-link absolute top-0 right-0 bottom-0 left-0 p-0 z-[2]\" href=\"https:\/\/br.linkedin.com\/jobs\/view\/coordenadora-t%C3%A9cnico-administrativa-sp-at-matriz-rh-4133486965?position=4&amp;pageNum=0&amp;refId=noJF18TX9pzZ6sTP17yq8A%3D%3D&amp;trackingId=8KyEUYeulAJwVD8mdu5x7A%3D%3D\" data-tracking-control-name=\"public_jobs_jserp-result_search-card\" data-tracking-client-ingraph data-tracking-will-navigate><\/p>\n<p>          <span class=\"sr-only\"><\/p>\n<p>        Coordenadora T\u00e9cnico Administrativa &#8211; SP<\/p>\n<p>          <\/span><br \/>\n        <\/a><br \/>\n<a class=\"base-card__full-link absolute top-0 right-0 bottom-0 left-0 p-0 z-[2]\" href=\"https:\/\/br.linkedin.com\/jobs\/view\/assistente-admi-i-departamento-pessoal-vaga-exclusiva-para-pessoas-com-defici%C3%AAncia-ribp-at-coca-cola-andina-brasil-4084763440?position=5&amp;pageNum=0&amp;refId=noJF18TX9pzZ6sTP17yq8A%3D%3D&amp;trackingId=x2ebW1HGpD6rlXyYF2QYIg%3D%3D\" data-tracking-control-name=\"public_jobs_jserp-result_search-card\" data-tracking-client-ingraph data-tracking-will-navigate><\/p>\n<p>          <span class=\"sr-only\"><\/p>\n<p>        ASSISTENTE ADMI I &#8211; Departamento Pessoal (Vaga exclusiva para pessoas com defici\u00eancia) &#8211;  RIBP<\/p>\n<p>          <\/span><br \/>\n        <\/a><br \/>\n<a href=\"https:\/\/br.linkedin.com\/jobs\/view\/t%C3%A9cnico-de-enfermagem-4070993101?position=7&amp;pageNum=0&amp;refId=noJF18TX9pzZ6sTP17yq8A%3D%3D&amp;trackingId=7eHmlBPSSlu73ge5kRQmyA%3D%3D&amp;trk=public_jobs_jserp-result_search-card\" target=\"_self\" data-impression-id=\"jobs-search-desktop-6\" data-tracking-control-name=\"public_jobs_jserp-result_search-card\" data-tracking-will-navigate class=\"base-card relative w-full hover:no-underline focus:no-underline base-card--link base-search-card base-search-card--link job-search-card\" data-tracking-client-ingraph data-entity-urn=\"urn:li:jobPosting:4070993101\" data-reference-id=\"noJF18TX9pzZ6sTP17yq8A==\" data-tracking-id=\"7eHmlBPSSlu73ge5kRQmyA==\" data-column=\"1\" data-row=\"7\"><\/p>\n<p><!----><\/p>\n<div class=\"search-entity-media\">\n<p>      <img class=\"artdeco-entity-image artdeco-entity-image--square-4\n          artdeco-entity-image--ghost\" data-delayed-url=\"https:\/\/static.licdn.com\/aero-v1\/sc\/h\/6puxblwmhnodu6fjircz4dn4h\" data-ghost-classes=\"artdeco-entity-image--ghost\" data-ghost-url=\"https:\/\/static.licdn.com\/aero-v1\/sc\/h\/6puxblwmhnodu6fjircz4dn4h\" alt><\/p><\/div>\n<div class=\"base-search-card__info\">\n<h3 class=\"base-search-card__title\">\n<p>        T\u00e9cnico de Enfermagem<\/p>\n<\/h3>\n<h4 class=\"base-search-card__subtitle\">\n<p>          Recursos Humanos<\/p>\n<\/h4>\n<p><!----><\/p>\n<div class=\"base-search-card__metadata\">\n<p>          <span class=\"job-search-card__location\"><br \/>\n            Ribeir\u00e3o Preto, S\u00e3o Paulo, Brazil<br \/>\n          <\/span><\/p>\n<p><!---->  <\/p>\n<p>          <time class=\"job-search-card__listdate\" datetime=\"2024-11-10\"><\/p>\n<p>      2 months ago<\/p>\n<p>          <\/time><\/p>\n<p><!---->\n            <\/div>\n<\/p><\/div>\n<p><!---->      <\/p>\n<p>      <\/a><br \/>\n<main id=\"main-content\" class=\"two-pane-serp-page__results\" role=\"main\"><\/p>\n<section class=\"two-pane-serp-page__search-header\">\n<p><!----><\/p>\n<section class=\"job-alert-redirect-section__wrapper\">\n<div class=\"flex justify-between items-center container-lined py-1.5 px-2 mr-2 mb-2\">\n<div class=\"flex\">\n        <icon class=\"align-middle mr-1 w-[24px] h-[24px] flex-shrink-0\" data-delayed-url=\"https:\/\/static.licdn.com\/aero-v1\/sc\/h\/9wix02mt9x16d7osm90gka4zf\"><\/icon><br \/>\n          <span class=\"pr-3\">Get notified when a new job is posted.<\/span>\n        <\/div>\n<div>\n          <button class=\"switch\" id=\"alert-toggle-button\" aria-labelledby=\"jobs-alert-switch-label\" data-modal=\"alert-toggle-sign-in-modal\" data-tracking-control-name=\"public_jobs_job-alert-guest-redirect-cta\"><\/button><br \/>\n          <label id=\"jobs-alert-switch-label\" for=\"alert-toggle-button\"><br \/>\n            Set alert<br \/>\n          <\/label>\n          <\/div>\n<\/p><\/div>\n<div class=\"contextual-sign-in-modal\" data-impression-id=\"public_jobs_contextual-sign-in-modal\">\n<!----><\/p>\n<div class>\n<!----><\/p>\n<div id=\"alert-toggle-sign-in-modal\" class=\"modal modal--contextual-sign-in\" data-outlet=\"alert-toggle-sign-in-modal\">\n<!---->        <\/p>\n<div class=\"modal__overlay flex items-center bg-color-background-scrim justify-center fixed bottom-0 left-0 right-0 top-0 opacity-0 invisible pointer-events-none z-[1000] transition-[opacity] ease-[cubic-bezier(0.25,0.1,0.25,1.0)] duration-[0.17s]\n            py-4\n            \" aria-hidden=\"true\"><\/p>\n<section aria-modal=\"true\" role=\"dialog\" aria-labelledby=\"alert-toggle-sign-in-modal-modal-header\" tabindex=\"-1\" class=\"max-h-full modal__wrapper overflow-auto p-0 bg-color-surface max-w-[1128px] min-h-[160px] relative scale-[0.25] shadow-sm shadow-color-border-faint transition-[transform] ease-[cubic-bezier(0.25,0.1,0.25,1.0)] duration-[0.33s] focus:outline-0\n              \n              w-[1128px] mamabear:w-[744px] babybear:w-[360px]\n              \n              rounded-md\"><\/p>\n<p>            <button class=\"modal__dismiss btn-tertiary h-[40px] w-[40px] p-0 rounded-full indent-0\n                contextual-sign-in-modal__modal-dismiss absolute right-0 m-[20px] cursor-pointer\" aria-label=\"Dismiss\" data-tracking-control-name=\"public_jobs_contextual-sign-in-modal_modal_dismiss\"><br \/>\n              <icon class=\"contextual-sign-in-modal__modal-dismiss-icon\" data-delayed-url=\"https:\/\/static.licdn.com\/aero-v1\/sc\/h\/gs508lg3t2o81tq7pmcgn6m2\"><\/icon><br \/>\n            <\/button><\/p>\n<div class=\"modal__main w-full\">\n<div class=\"contextual-sign-in-modal__screen contextual-sign-in-modal__context-screen flex flex-col my-4 mx-3\">\n<p>      <img class=\"inline-block relative\n          \n          w-16 h-16\n           contextual-sign-in-modal__img m-auto\" data-delayed-url=\"https:\/\/static.licdn.com\/aero-v1\/sc\/h\/1kxd9keftj1y0os0evez0vt9u\" data-ghost-classes=\"bg-color-entity-ghost-background\" data-ghost-url=\"https:\/\/static.licdn.com\/aero-v1\/sc\/h\/cs8pjfgyw96g44ln9r7tct85f\" alt><\/p>\n<h2 class=\"contextual-sign-in-modal__context-screen-title font-sans text-xl text-color-text my-2 mx-4 text-center\" id=\"alert-toggle-sign-in-modal-modal-header\">\n              Sign in to set job alerts for \u201cEnfermagem\u201d roles.<br \/>\n            <\/h2>\n<p><!----><!---->            <\/p>\n<div class=\"contextual-sign-in-modal__btn-container m-auto w-[320px] babybear:w-full\">\n<!---->              <\/p>\n<div class=\"w-full max-w-[400px] mx-auto\">\n<div class=\"google-auth-button\">\n<!---->      <\/p>\n<div class=\"google-auth-button__placeholder\n          \" data-theme=\"filled_blue\" data-logo-alignment=\"center\"><\/div>\n<p><!---->    <\/div>\n<\/p><\/div>\n<div class=\"sign-in-modal\" data-impression-id=\"public_jobs_contextual-sign-in-modal_sign-in-modal\">\n<p>          <button class=\"sign-in-modal__outlet-btn cursor-pointer btn-md btn-primary btn-secondary\" data-tracking-client-ingraph data-tracking-control-name=\"public_jobs_contextual-sign-in-modal_sign-in-modal_outlet-button\" data-modal=\"alert-toggle-sign-in-modal_sign-in-modal\"><br \/>\n<!---->              Sign in<br \/>\n          <\/button><\/p>\n<div class>\n<!----><\/p>\n<div id=\"alert-toggle-sign-in-modal_sign-in-modal\" class=\"modal modal--sign-in\" data-outlet=\"alert-toggle-sign-in-modal_sign-in-modal\">\n<!---->        <\/p>\n<div class=\"modal__overlay flex items-center bg-color-background-scrim justify-center fixed bottom-0 left-0 right-0 top-0 opacity-0 invisible pointer-events-none z-[1000] transition-[opacity] ease-[cubic-bezier(0.25,0.1,0.25,1.0)] duration-[0.17s]\n            py-4\n            \" aria-hidden=\"true\"><\/p>\n<section aria-modal=\"true\" role=\"dialog\" aria-labelledby=\"alert-toggle-sign-in-modal_sign-in-modal-modal-header\" tabindex=\"-1\" class=\"max-h-full modal__wrapper overflow-auto p-0 bg-color-surface max-w-[1128px] min-h-[160px] relative scale-[0.25] shadow-sm shadow-color-border-faint transition-[transform] ease-[cubic-bezier(0.25,0.1,0.25,1.0)] duration-[0.33s] focus:outline-0\n              \n              w-[1128px] mamabear:w-[744px] babybear:w-[360px]\n              \n              rounded-md\"><\/p>\n<p>            <button class=\"modal__dismiss btn-tertiary h-[40px] w-[40px] p-0 rounded-full indent-0 sign-in-modal__dismiss absolute right-0 cursor-pointer m-[20px]\" aria-label=\"Dismiss\" data-tracking-control-name=\"public_jobs_contextual-sign-in-modal_sign-in-modal_dismiss\"><br \/>\n              <icon class=\"sign-in-modal__dismiss-icon\" data-delayed-url=\"https:\/\/static.licdn.com\/aero-v1\/sc\/h\/gs508lg3t2o81tq7pmcgn6m2\"><\/icon><br \/>\n            <\/button><\/p>\n<div class=\"modal__main w-full\">\n<div class=\"sign-in-modal__screen flex flex-col py-4 w-[513px] babybear:w-full\n              px-3\"><\/p>\n<h2 class=\"sign-in-modal__header font-sans text-display-md text-color-text\n                \"><br \/>\n                Welcome back<br \/>\n            <\/h2>\n<p>    <code id=\"i18n_sign_in_form_show_text\" style=\"display: none\"><!--\"Show\"--><\/code><br \/>\n    <code id=\"i18n_sign_in_form_show_label\" style=\"display: none\"><!--\"Show your LinkedIn password\"--><\/code><br \/>\n    <code id=\"i18n_sign_in_form_hide_text\" style=\"display: none\"><!--\"Hide\"--><\/code><br \/>\n    <code id=\"i18n_sign_in_form_hide_label\" style=\"display: none\"><!--\"Hide your LinkedIn password\"--><\/code><\/p>\n<p>    <code id=\"i18n_username_error_empty\" style=\"display: none\"><!--\"Please enter an email address or phone number\"--><\/code><\/p>\n<p>    <code id=\"i18n_username_error_too_long\" style=\"display: none\"><!--\"Email or phone number must be between 3 to 128 characters\"--><\/code><br \/>\n    <code id=\"i18n_username_error_too_short\" style=\"display: none\"><!--\"Email or phone number must be between 3 to 128 characters\"--><\/code><\/p>\n<p>    <code id=\"i18n_password_error_empty\" style=\"display: none\"><!--\"Please enter a password\"--><\/code><\/p>\n<p>    <code id=\"i18n_password_error_too_short\" style=\"display: none\"><!--\"The password you provided must have at least 6 characters\"--><\/code><\/p>\n<p>    <code id=\"i18n_password_error_too_long\" style=\"display: none\"><!--\"The password you provided must have at most 400 characters\"--><\/code><\/p>\n<p><!---->    <\/p>\n<form data-id=\"sign-in-form\" action=\"https:\/\/www.linkedin.com\/uas\/login-submit\" method=\"post\" novalidate class=\"mt-1.5 mb-2\">\n      <input name=\"loginCsrfParam\" value=\"0cd3cb12-0ece-49f7-8d69-20f07bad1cd8\" type=\"hidden\"><\/p>\n<div class=\"flex flex-col\">\n<div class=\"mt-1.5\" data-js-module-id=\"guest-input\">\n<div class=\"flex flex-col\">\n        <label class=\"input-label mb-1\" for=\"alert-toggle-sign-in-modal_sign-in-modal_session_key\"><br \/>\n          Email or phone<br \/>\n        <\/label><\/p>\n<div class=\"text-input flex\">\n          <input class=\"text-color-text font-sans text-md outline-0 bg-color-transparent grow\" autocomplete=\"username\" id=\"alert-toggle-sign-in-modal_sign-in-modal_session_key\" name=\"session_key\" required data-tracking-control-name=\"public_jobs_contextual-sign-in-modal_sign-in-modal_sign-in-session-key\" data-tracking-client-ingraph type=\"text\"><\/p><\/div>\n<\/p><\/div>\n<p class=\"input-helper mt-1.5\" for=\"alert-toggle-sign-in-modal_sign-in-modal_session_key\" role=\"alert\" data-js-module-id=\"guest-input__message\">\n<\/p><\/div>\n<div class=\"mt-1.5\" data-js-module-id=\"guest-input\">\n<div class=\"flex flex-col\">\n        <label class=\"input-label mb-1\" for=\"alert-toggle-sign-in-modal_sign-in-modal_session_password\"><br \/>\n          Password<br \/>\n        <\/label><\/p>\n<div class=\"text-input flex\">\n          <input class=\"text-color-text font-sans text-md outline-0 bg-color-transparent grow\" autocomplete=\"current-password\" id=\"alert-toggle-sign-in-modal_sign-in-modal_session_password\" name=\"session_password\" required data-tracking-control-name=\"public_jobs_contextual-sign-in-modal_sign-in-modal_sign-in-password\" data-tracking-client-ingraph type=\"password\"><\/p>\n<p>            <button aria-live=\"assertive\" aria-relevant=\"text\" data-id=\"sign-in-form__password-visibility-toggle\" class=\"font-sans text-md font-bold text-color-action z-10 ml-[12px] hover:cursor-pointer\" aria-label=\"Show your LinkedIn password\" data-tracking-control-name=\"public_jobs_contextual-sign-in-modal_sign-in-modal_sign-in-password-visibility-toggle-btn\" type=\"button\">Show<\/button><\/p><\/div>\n<\/p><\/div>\n<p class=\"input-helper mt-1.5\" for=\"alert-toggle-sign-in-modal_sign-in-modal_session_password\" role=\"alert\" data-js-module-id=\"guest-input__message\">\n<\/p><\/div>\n<p>        <input name=\"session_redirect\" type=\"hidden\"><\/p>\n<p><!---->      <\/div>\n<div data-id=\"sign-in-form__footer\" class=\"flex justify-between\n          sign-in-form__footer--full-width\"><br \/>\n        <a data-id=\"sign-in-form__forgot-password\" class=\"font-sans text-md font-bold link leading-regular\n            sign-in-form__forgot-password--full-width\" href=\"https:\/\/www.linkedin.com\/uas\/request-password-reset?trk=public_jobs_contextual-sign-in-modal_sign-in-modal_forgot_password\" data-tracking-control-name=\"public_jobs_contextual-sign-in-modal_sign-in-modal_forgot_password\" data-tracking-will-navigate>Forgot password?<\/a><\/p>\n<p><!----><br \/>\n        <input name=\"trk\" value=\"public_jobs_contextual-sign-in-modal_sign-in-modal_sign-in-submit\" type=\"hidden\"><br \/>\n        <button class=\"btn-md btn-primary flex-shrink-0 cursor-pointer\n            sign-in-form__submit-btn--full-width\" data-id=\"sign-in-form__submit-btn\" data-tracking-control-name=\"public_jobs_contextual-sign-in-modal_sign-in-modal_sign-in-submit-btn\" data-tracking-client-ingraph data-tracking-litms type=\"submit\"><br \/>\n          Sign in<br \/>\n        <\/button>\n      <\/div>\n<div class=\"sign-in-form__divider left-right-divider pt-2 pb-3\">\n<p class=\"sign-in-form__divider-text font-sans text-sm text-color-text px-2\">\n              or\n            <\/p>\n<\/p><\/div>\n<\/p><\/form>\n<div class=\"w-full max-w-[400px] mx-auto\">\n<div class=\"google-auth-button\" data-tracking-control-name=\"public_jobs_contextual-sign-in-modal_sign-in-modal_google-auth-button\" data-tracking-client-ingraph>\n        <code id=\"isTermsAndConditionsSkipEnabledAuthButton\" style=\"display: none\"><!--true--><\/code><\/p>\n<p class=\"linkedin-tc__text text-color-text-low-emphasis text-xs pb-2\" data-impression-id=\"public_jobs_contextual-sign-in-modal_sign-in-modal__button-skip-tc-text\">\n      By clicking Continue to join or sign in, you agree to LinkedIn\u2019s <a href=\"https:\/\/www.linkedin.com\/legal\/user-agreement?trk=public_jobs_contextual-sign-in-modal_sign-in-modal_auth-button_user-agreement\" target=\"_blank\" data-tracking-control-name=\"public_jobs_contextual-sign-in-modal_sign-in-modal_auth-button_user-agreement\" data-tracking-will-navigate=\"true\">User Agreement<\/a>, <a href=\"https:\/\/www.linkedin.com\/legal\/privacy-policy?trk=public_jobs_contextual-sign-in-modal_sign-in-modal_auth-button_privacy-policy\" target=\"_blank\" data-tracking-control-name=\"public_jobs_contextual-sign-in-modal_sign-in-modal_auth-button_privacy-policy\" data-tracking-will-navigate=\"true\">Privacy Policy<\/a>, and <a href=\"https:\/\/www.linkedin.com\/legal\/cookie-policy?trk=public_jobs_contextual-sign-in-modal_sign-in-modal_auth-button_cookie-policy\" target=\"_blank\" data-tracking-control-name=\"public_jobs_contextual-sign-in-modal_sign-in-modal_auth-button_cookie-policy\" data-tracking-will-navigate=\"true\">Cookie Policy<\/a>.\n    <\/p>\n<div class=\"google-auth-button__placeholder\n          google-auth-button__placeholder--black-border\" data-theme=\"outline\" data-logo-alignment=\"center\"><\/div>\n<p><!---->    <\/div>\n<\/p><\/div>\n<p><!---->  <\/p>\n<p class=\"sign-in-modal__join-now m-auto font-sans text-md text-color-text\n                  mt-2\"><br \/>\n                New to LinkedIn? <a href=\"https:\/\/www.linkedin.com\/signup\/cold-join?source=jobs_registration&amp;trk=public_jobs_contextual-sign-in-modal_sign-in-modal_join-link\" data-tracking-control-name=\"public_jobs_contextual-sign-in-modal_sign-in-modal_join-link\" data-tracking-will-navigate=\"true\" class=\"sign-in-modal__join-link\">Join now<\/a>\n              <\/p>\n<\/p><\/div>\n<\/p><\/div>\n<p><!---->          <\/section>\n<\/p><\/div>\n<\/p><\/div>\n<\/p><\/div>\n<\/p><\/div>\n<div class=\"contextual-sign-in-modal__divider left-right-divider\">\n<p class=\"contextual-sign-in-modal__divider-text font-sans text-sm text-color-text px-2\">\n                      or\n                    <\/p>\n<\/p><\/div>\n<\/p><\/div>\n<p class=\"contextual-sign-in-modal__join-now m-auto font-sans text-md text-color-text my-1\">\n                New to LinkedIn? <a href=\"https:\/\/www.linkedin.com\/signup\/cold-join?source=jobs_registration&amp;trk=public_jobs_contextual-sign-in-modal_join-link\" data-tracking-control-name=\"public_jobs_contextual-sign-in-modal_join-link\" data-tracking-will-navigate=\"true\" class=\"contextual-sign-in-modal__join-link\">Join now<\/a>\n              <\/p>\n<p class=\"linkedin-tc__text text-color-text-low-emphasis text-xs pb-2 contextual-sign-in-modal__terms-and-conditions m-auto w-[320px] pt-2 babybear:w-full\" data-impression-id=\"linkedin-tc__button-skip-tc-text\">\n      By clicking Continue to join or sign in, you agree to LinkedIn\u2019s <a href=\"https:\/\/www.linkedin.com\/legal\/user-agreement?trk=linkedin-tc_auth-button_user-agreement\" target=\"_blank\" data-tracking-control-name=\"linkedin-tc_auth-button_user-agreement\" data-tracking-will-navigate=\"true\">User Agreement<\/a>, <a href=\"https:\/\/www.linkedin.com\/legal\/privacy-policy?trk=linkedin-tc_auth-button_privacy-policy\" target=\"_blank\" data-tracking-control-name=\"linkedin-tc_auth-button_privacy-policy\" data-tracking-will-navigate=\"true\">Privacy Policy<\/a>, and <a href=\"https:\/\/www.linkedin.com\/legal\/cookie-policy?trk=linkedin-tc_auth-button_cookie-policy\" target=\"_blank\" data-tracking-control-name=\"linkedin-tc_auth-button_cookie-policy\" data-tracking-will-navigate=\"true\">Cookie Policy<\/a>.\n    <\/p>\n<\/p><\/div>\n<\/p><\/div>\n<p><!---->          <\/section>\n<\/p><\/div>\n<\/p><\/div>\n<\/p><\/div>\n<\/p><\/div>\n<\/section>\n<\/section>\n<p><!----><\/p>\n<div class=\"results-context-header\">\n<h1 class=\"results-context-header__context\">\n          <span class=\"results-context-header__job-count\">37<\/span> <span class=\"results-context-header__query-search\">Enfermagem Jobs in Ribeir\u00e3o Preto<\/span><br \/>\n      <\/h1>\n<\/p><\/div>\n<section class=\"two-pane-serp-page__results-list\">\n<ul class=\"jobs-search__results-list\">\n<li>\n<div class=\"base-card relative w-full hover:no-underline focus:no-underline base-card--link base-search-card base-search-card--link job-search-card\" data-entity-urn=\"urn:li:jobPosting:4115790760\" data-impression-id=\"jobs-search-desktop-0\" data-reference-id=\"noJF18TX9pzZ6sTP17yq8A==\" data-tracking-id=\"aJ\/lZ+JFYkyiWhGVO3ilDQ==\" data-column=\"1\" data-row=\"1\">\n<p>        <a class=\"base-card__full-link absolute top-0 right-0 bottom-0 left-0 p-0 z-[2]\" href=\"https:\/\/br.linkedin.com\/jobs\/view\/edital-025-2025-t%C3%A9cnico-de-enfermagem-externo-ribeir%C3%A3o-preto-at-cejam-centro-de-estudos-e-pesquisas-dr-jo%C3%A3o-amorim-oficial-4115790760?position=1&amp;pageNum=0&amp;refId=noJF18TX9pzZ6sTP17yq8A%3D%3D&amp;trackingId=aJ%2FlZ%2BJFYkyiWhGVO3ilDQ%3D%3D\" data-tracking-control-name=\"public_jobs_jserp-result_search-card\" data-tracking-client-ingraph data-tracking-will-navigate><\/p>\n<p>          <span class=\"sr-only\"><\/p>\n<p>        EDITAL 025\/2025 &#8211; T\u00c9CNICO DE ENFERMAGEM (EXTERNO) &#8211; RIBEIR\u00c3O PRETO<\/p>\n<p>          <\/span><br \/>\n        <\/a><\/p>\n<div class=\"search-entity-media\">\n<p>      <img class=\"artdeco-entity-image artdeco-entity-image--square-4\n          \" data-delayed-url=\"https:\/\/media.licdn.com\/dms\/image\/v2\/D4D0BAQHOlOi__7VQ5A\/company-logo_100_100\/company-logo_100_100\/0\/1714530191609\/cejam_logo?e=2147483647&amp;v=beta&amp;t=gNkk939coKXrFhYZQ_PgxUyprwmWn3HKyvD8Yq-JTzI\" data-ghost-classes=\"artdeco-entity-image--ghost\" data-ghost-url=\"https:\/\/static.licdn.com\/aero-v1\/sc\/h\/6puxblwmhnodu6fjircz4dn4h\" alt><\/p><\/div>\n<div class=\"base-search-card__info\">\n<h3 class=\"base-search-card__title\">\n<p>        EDITAL 025\/2025 &#8211; T\u00c9CNICO DE ENFERMAGEM (EXTERNO) &#8211; RIBEIR\u00c3O PRETO<\/p>\n<\/h3>\n<h4 class=\"base-search-card__subtitle\">\n<p>          <a class=\"hidden-nested-link\" data-tracking-client-ingraph data-tracking-control-name=\"public_jobs_jserp-result_job-search-card-subtitle\" data-tracking-will-navigate href=\"https:\/\/br.linkedin.com\/company\/cejam?trk=public_jobs_jserp-result_job-search-card-subtitle\"><br \/>\n            CEJAM &#8211; Centro de Estudos e Pesquisas Dr. Jo\u00e3o Amorim &#8211; OFICIAL<br \/>\n          <\/a><\/p>\n<\/h4>\n<p><!----><\/p>\n<div class=\"base-search-card__metadata\">\n<p>          <span class=\"job-search-card__location\"><br \/>\n            Greater Ribeir\u00e3o Preto<br \/>\n          <\/span><\/p>\n<p><!---->  <\/p>\n<p>          <time class=\"job-search-card__listdate\" datetime=\"2025-01-04\"><\/p>\n<p>      3 weeks ago<\/p>\n<p>          <\/time><\/p>\n<p><!---->\n            <\/div>\n<\/p><\/div>\n<p><!---->      <\/p><\/div>\n<\/li>\n<li>\n<div class=\"base-card relative w-full hover:no-underline focus:no-underline base-card--link base-search-card base-search-card--link job-search-card\" data-entity-urn=\"urn:li:jobPosting:4115791661\" data-impression-id=\"jobs-search-desktop-1\" data-reference-id=\"noJF18TX9pzZ6sTP17yq8A==\" data-tracking-id=\"2o6tycVbo9bOvDNArGXCJA==\" data-column=\"1\" data-row=\"2\">\n<p>        <a class=\"base-card__full-link absolute top-0 right-0 bottom-0 left-0 p-0 z-[2]\" href=\"https:\/\/br.linkedin.com\/jobs\/view\/edital-030-2025-enfermeiro-externo-ribeir%C3%A3o-preto-at-cejam-centro-de-estudos-e-pesquisas-dr-jo%C3%A3o-amorim-oficial-4115791661?position=2&amp;pageNum=0&amp;refId=noJF18TX9pzZ6sTP17yq8A%3D%3D&amp;trackingId=2o6tycVbo9bOvDNArGXCJA%3D%3D\" data-tracking-control-name=\"public_jobs_jserp-result_search-card\" data-tracking-client-ingraph data-tracking-will-navigate><\/p>\n<p>          <span class=\"sr-only\"><\/p>\n<p>        EDITAL 030\/2025 &#8211; ENFERMEIRO (EXTERNO) &#8211; RIBEIR\u00c3O PRETO<\/p>\n<p>          <\/span><br \/>\n        <\/a><\/p>\n<div class=\"search-entity-media\">\n<p>      <img class=\"artdeco-entity-image artdeco-entity-image--square-4\n          \" data-delayed-url=\"https:\/\/media.licdn.com\/dms\/image\/v2\/D4D0BAQHOlOi__7VQ5A\/company-logo_100_100\/company-logo_100_100\/0\/1714530191609\/cejam_logo?e=2147483647&amp;v=beta&amp;t=gNkk939coKXrFhYZQ_PgxUyprwmWn3HKyvD8Yq-JTzI\" data-ghost-classes=\"artdeco-entity-image--ghost\" data-ghost-url=\"https:\/\/static.licdn.com\/aero-v1\/sc\/h\/6puxblwmhnodu6fjircz4dn4h\" alt><\/p><\/div>\n<div class=\"base-search-card__info\">\n<h3 class=\"base-search-card__title\">\n<p>        EDITAL 030\/2025 &#8211; ENFERMEIRO (EXTERNO) &#8211; RIBEIR\u00c3O PRETO<\/p>\n<\/h3>\n<h4 class=\"base-search-card__subtitle\">\n<p>          <a class=\"hidden-nested-link\" data-tracking-client-ingraph data-tracking-control-name=\"public_jobs_jserp-result_job-search-card-subtitle\" data-tracking-will-navigate href=\"https:\/\/br.linkedin.com\/company\/cejam?trk=public_jobs_jserp-result_job-search-card-subtitle\"><br \/>\n            CEJAM &#8211; Centro de Estudos e Pesquisas Dr. Jo\u00e3o Amorim &#8211; OFICIAL<br \/>\n          <\/a><\/p>\n<\/h4>\n<p><!----><\/p>\n<div class=\"base-search-card__metadata\">\n<p>          <span class=\"job-search-card__location\"><br \/>\n            Greater Ribeir\u00e3o Preto<br \/>\n          <\/span><\/p>\n<p><!---->  <\/p>\n<p>          <time class=\"job-search-card__listdate\" datetime=\"2025-01-04\"><\/p>\n<p>      3 weeks ago<\/p>\n<p>          <\/time><\/p>\n<p><!---->\n            <\/div>\n<\/p><\/div>\n<p><!---->      <\/p><\/div>\n<\/li>\n<li>\n<div class=\"base-card relative w-full hover:no-underline focus:no-underline base-card--link base-search-card base-search-card--link job-search-card\" data-entity-urn=\"urn:li:jobPosting:4114395838\" data-impression-id=\"jobs-search-desktop-2\" data-reference-id=\"noJF18TX9pzZ6sTP17yq8A==\" data-tracking-id=\"nkubai66NxEYCsJ9cNvjhQ==\" data-column=\"1\" data-row=\"3\">\n<p>        <a class=\"base-card__full-link absolute top-0 right-0 bottom-0 left-0 p-0 z-[2]\" href=\"https:\/\/br.linkedin.com\/jobs\/view\/almoxarife-i-ribp-at-coca-cola-andina-brasil-4114395838?position=3&amp;pageNum=0&amp;refId=noJF18TX9pzZ6sTP17yq8A%3D%3D&amp;trackingId=nkubai66NxEYCsJ9cNvjhQ%3D%3D\" data-tracking-control-name=\"public_jobs_jserp-result_search-card\" data-tracking-client-ingraph data-tracking-will-navigate><\/p>\n<p>          <span class=\"sr-only\"><\/p>\n<p>        ALMOXARIFE I &#8211; RIBP<\/p>\n<p>          <\/span><br \/>\n        <\/a><\/p>\n<div class=\"search-entity-media\">\n<p>      <img class=\"artdeco-entity-image artdeco-entity-image--square-4\n          \" data-delayed-url=\"https:\/\/media.licdn.com\/dms\/image\/v2\/D4D0BAQFtg5MyC618zw\/company-logo_100_100\/company-logo_100_100\/0\/1688391103766\/coca_cola_andina_brasil_logo?e=2147483647&amp;v=beta&amp;t=lnooKS98CgFBnh2A1rLzoXLAIg0J6IS4AD6Mf5O5b6U\" data-ghost-classes=\"artdeco-entity-image--ghost\" data-ghost-url=\"https:\/\/static.licdn.com\/aero-v1\/sc\/h\/6puxblwmhnodu6fjircz4dn4h\" alt><\/p><\/div>\n<div class=\"base-search-card__info\">\n<h3 class=\"base-search-card__title\">\n<p>        ALMOXARIFE I &#8211; RIBP<\/p>\n<\/h3>\n<h4 class=\"base-search-card__subtitle\">\n<p>          <a class=\"hidden-nested-link\" data-tracking-client-ingraph data-tracking-control-name=\"public_jobs_jserp-result_job-search-card-subtitle\" data-tracking-will-navigate href=\"https:\/\/br.linkedin.com\/company\/coca-cola-andina-brasil?trk=public_jobs_jserp-result_job-search-card-subtitle\"><br \/>\n            Coca-Cola Andina Brasil<br \/>\n          <\/a><\/p>\n<\/h4>\n<p><!----><\/p>\n<div class=\"base-search-card__metadata\">\n<p>          <span class=\"job-search-card__location\"><br \/>\n            Ribeir\u00e3o Preto, S\u00e3o Paulo, Brazil<br \/>\n          <\/span><\/p>\n<p><!---->  <\/p>\n<p>          <time class=\"job-search-card__listdate\" datetime=\"2025-01-05\"><\/p>\n<p>      3 weeks ago<\/p>\n<p>          <\/time><\/p>\n<p><!---->\n            <\/div>\n<\/p><\/div>\n<p><!---->      <\/p><\/div>\n<\/li>\n<li>\n<div class=\"base-card relative w-full hover:no-underline focus:no-underline base-card--link base-search-card base-search-card--link job-search-card\" data-entity-urn=\"urn:li:jobPosting:4133486965\" data-impression-id=\"jobs-search-desktop-3\" data-reference-id=\"noJF18TX9pzZ6sTP17yq8A==\" data-tracking-id=\"8KyEUYeulAJwVD8mdu5x7A==\" data-column=\"1\" data-row=\"4\">\n<p>        <a class=\"base-card__full-link absolute top-0 right-0 bottom-0 left-0 p-0 z-[2]\" href=\"https:\/\/br.linkedin.com\/jobs\/view\/coordenadora-t%C3%A9cnico-administrativa-sp-at-matriz-rh-4133486965?position=4&amp;pageNum=0&amp;refId=noJF18TX9pzZ6sTP17yq8A%3D%3D&amp;trackingId=8KyEUYeulAJwVD8mdu5x7A%3D%3D\" data-tracking-control-name=\"public_jobs_jserp-result_search-card\" data-tracking-client-ingraph data-tracking-will-navigate><\/p>\n<p>          <span class=\"sr-only\"><\/p>\n<p>        Coordenadora T\u00e9cnico Administrativa &#8211; SP<\/p>\n<p>          <\/span><br \/>\n        <\/a><\/p>\n<div class=\"search-entity-media\">\n<p>      <img class=\"artdeco-entity-image artdeco-entity-image--square-4\n          \" data-delayed-url=\"https:\/\/media.licdn.com\/dms\/image\/v2\/D4D0BAQH_pa-E-qXBvg\/company-logo_100_100\/company-logo_100_100\/0\/1693400023885\/matrizrh_logo?e=2147483647&amp;v=beta&amp;t=FWR0N4ZK_N3WpMkq3V5Rg4CTHuoWuCmOt5YcEFz4QWg\" data-ghost-classes=\"artdeco-entity-image--ghost\" data-ghost-url=\"https:\/\/static.licdn.com\/aero-v1\/sc\/h\/6puxblwmhnodu6fjircz4dn4h\" alt><\/p><\/div>\n<div class=\"base-search-card__info\">\n<h3 class=\"base-search-card__title\">\n<p>        Coordenadora T\u00e9cnico Administrativa &#8211; SP<\/p>\n<\/h3>\n<h4 class=\"base-search-card__subtitle\">\n<p>          <a class=\"hidden-nested-link\" data-tracking-client-ingraph data-tracking-control-name=\"public_jobs_jserp-result_job-search-card-subtitle\" data-tracking-will-navigate href=\"https:\/\/br.linkedin.com\/company\/matrizrh?trk=public_jobs_jserp-result_job-search-card-subtitle\"><br \/>\n            Matriz RH<br \/>\n          <\/a><\/p>\n<\/h4>\n<p><!----><\/p>\n<div class=\"base-search-card__metadata\">\n<p>          <span class=\"job-search-card__location\"><br \/>\n            Greater Ribeir\u00e3o Preto<br \/>\n          <\/span><\/p>\n<div class=\"job-posting-benefits text-sm\">\n        <icon class=\"job-posting-benefits__icon\" data-delayed-url=\"https:\/\/static.licdn.com\/aero-v1\/sc\/h\/8zmuwb93gzlb935fk4ao4z779\" data-svg-class-name=\"job-posting-benefits__icon-svg\"><\/icon><br \/>\n        <span class=\"job-posting-benefits__text\"><br \/>\n          Be an early applicant<br \/>\n<!---->        <\/span>\n      <\/div>\n<p>          <time class=\"job-search-card__listdate\" datetime=\"2025-01-25\"><\/p>\n<p>      1 day ago<\/p>\n<p>          <\/time><\/p>\n<p><!---->\n            <\/div>\n<\/p><\/div>\n<p><!---->      <\/p><\/div>\n<\/li>\n<li>\n<div class=\"base-card relative w-full hover:no-underline focus:no-underline base-card--link base-search-card base-search-card--link job-search-card\" data-entity-urn=\"urn:li:jobPosting:4084763440\" data-impression-id=\"jobs-search-desktop-4\" data-reference-id=\"noJF18TX9pzZ6sTP17yq8A==\" data-tracking-id=\"x2ebW1HGpD6rlXyYF2QYIg==\" data-column=\"1\" data-row=\"5\">\n<p>        <a class=\"base-card__full-link absolute top-0 right-0 bottom-0 left-0 p-0 z-[2]\" href=\"https:\/\/br.linkedin.com\/jobs\/view\/assistente-admi-i-departamento-pessoal-vaga-exclusiva-para-pessoas-com-defici%C3%AAncia-ribp-at-coca-cola-andina-brasil-4084763440?position=5&amp;pageNum=0&amp;refId=noJF18TX9pzZ6sTP17yq8A%3D%3D&amp;trackingId=x2ebW1HGpD6rlXyYF2QYIg%3D%3D\" data-tracking-control-name=\"public_jobs_jserp-result_search-card\" data-tracking-client-ingraph data-tracking-will-navigate><\/p>\n<p>          <span class=\"sr-only\"><\/p>\n<p>        ASSISTENTE ADMI I &#8211; Departamento Pessoal (Vaga exclusiva para pessoas com defici\u00eancia) &#8211;  RIBP<\/p>\n<p>          <\/span><br \/>\n        <\/a><\/p>\n<div class=\"search-entity-media\">\n<p>      <img class=\"artdeco-entity-image artdeco-entity-image--square-4\n          \" data-delayed-url=\"https:\/\/media.licdn.com\/dms\/image\/v2\/D4D0BAQFtg5MyC618zw\/company-logo_100_100\/company-logo_100_100\/0\/1688391103766\/coca_cola_andina_brasil_logo?e=2147483647&amp;v=beta&amp;t=lnooKS98CgFBnh2A1rLzoXLAIg0J6IS4AD6Mf5O5b6U\" data-ghost-classes=\"artdeco-entity-image--ghost\" data-ghost-url=\"https:\/\/static.licdn.com\/aero-v1\/sc\/h\/6puxblwmhnodu6fjircz4dn4h\" alt><\/p><\/div>\n<div class=\"base-search-card__info\">\n<h3 class=\"base-search-card__title\">\n<p>        ASSISTENTE ADMI I &#8211; Departamento Pessoal (Vaga exclusiva para pessoas com defici\u00eancia) &#8211;  RIBP<\/p>\n<\/h3>\n<h4 class=\"base-search-card__subtitle\">\n<p>          <a class=\"hidden-nested-link\" data-tracking-client-ingraph data-tracking-control-name=\"public_jobs_jserp-result_job-search-card-subtitle\" data-tracking-will-navigate href=\"https:\/\/br.linkedin.com\/company\/coca-cola-andina-brasil?trk=public_jobs_jserp-result_job-search-card-subtitle\"><br \/>\n            Coca-Cola Andina Brasil<br \/>\n          <\/a><\/p>\n<\/h4>\n<p><!----><\/p>\n<div class=\"base-search-card__metadata\">\n<p>          <span class=\"job-search-card__location\"><br \/>\n            Ribeir\u00e3o Preto, S\u00e3o Paulo, Brazil<br \/>\n          <\/span><\/p>\n<p><!---->  <\/p>\n<p>          <time class=\"job-search-card__listdate\" datetime=\"2024-11-29\"><\/p>\n<p>      1 month ago<\/p>\n<p>          <\/time><\/p>\n<p><!---->\n            <\/div>\n<\/p><\/div>\n<p><!---->      <\/p><\/div>\n<\/li>\n<li>\n<div class=\"base-card relative w-full hover:no-underline focus:no-underline base-card--link base-search-card base-search-card--link job-search-card\" data-entity-urn=\"urn:li:jobPosting:4122074997\" data-impression-id=\"jobs-search-desktop-5\" data-reference-id=\"noJF18TX9pzZ6sTP17yq8A==\" data-tracking-id=\"5Y5T7okF62VG4jls4EJ5ig==\" data-column=\"1\" data-row=\"6\">\n<p>        <a class=\"base-card__full-link absolute top-0 right-0 bottom-0 left-0 p-0 z-[2]\" href=\"https:\/\/br.linkedin.com\/jobs\/view\/vendedor-a-at-rts-4122074997?position=6&amp;pageNum=0&amp;refId=noJF18TX9pzZ6sTP17yq8A%3D%3D&amp;trackingId=5Y5T7okF62VG4jls4EJ5ig%3D%3D\" data-tracking-control-name=\"public_jobs_jserp-result_search-card\" data-tracking-client-ingraph data-tracking-will-navigate><\/p>\n<p>          <span class=\"sr-only\"><\/p>\n<p>        Vendedor (a)<\/p>\n<p>          <\/span><br \/>\n        <\/a><\/p>\n<div class=\"search-entity-media\">\n<p>      <img class=\"artdeco-entity-image artdeco-entity-image--square-4\n          \" data-delayed-url=\"https:\/\/media.licdn.com\/dms\/image\/v2\/C4E0BAQH8mkrAtEQmWQ\/company-logo_100_100\/company-logo_100_100\/0\/1630607172798?e=2147483647&amp;v=beta&amp;t=HGLnR7nOz9YswoilCW3aBdnRlRs1NNavJN7wiZ0dloU\" data-ghost-classes=\"artdeco-entity-image--ghost\" data-ghost-url=\"https:\/\/static.licdn.com\/aero-v1\/sc\/h\/6puxblwmhnodu6fjircz4dn4h\" alt><\/p><\/div>\n<div class=\"base-search-card__info\">\n<h3 class=\"base-search-card__title\">\n<p>        Vendedor (a)<\/p>\n<\/h3>\n<h4 class=\"base-search-card__subtitle\">\n<p>          <a class=\"hidden-nested-link\" data-tracking-client-ingraph data-tracking-control-name=\"public_jobs_jserp-result_job-search-card-subtitle\" data-tracking-will-navigate href=\"https:\/\/br.linkedin.com\/company\/rtsrio?trk=public_jobs_jserp-result_job-search-card-subtitle\"><br \/>\n            RTS<br \/>\n          <\/a><\/p>\n<\/h4>\n<p><!----><\/p>\n<div class=\"base-search-card__metadata\">\n<p>          <span class=\"job-search-card__location\"><br \/>\n            Ribeir\u00e3o Preto, S\u00e3o Paulo, Brazil<br \/>\n          <\/span><\/p>\n<div class=\"job-posting-benefits text-sm\">\n        <icon class=\"job-posting-benefits__icon\" data-delayed-url=\"https:\/\/static.licdn.com\/aero-v1\/sc\/h\/3p1v0uhy7uq0cm5zdvzp4eo18\" data-svg-class-name=\"job-posting-benefits__icon-svg\"><\/icon><br \/>\n        <span class=\"job-posting-benefits__text\"><br \/>\n          Actively Hiring<br \/>\n<!---->        <\/span>\n      <\/div>\n<p>          <time class=\"job-search-card__listdate\" datetime=\"2025-01-10\"><\/p>\n<p>      2 weeks ago<\/p>\n<p>          <\/time><\/p>\n<p><!---->\n            <\/div>\n<\/p><\/div>\n<p><!---->      <\/p><\/div>\n<\/li>\n<li>\n<p>      <a href=\"https:\/\/br.linkedin.com\/jobs\/view\/t%C3%A9cnico-de-enfermagem-4070993101?position=7&amp;pageNum=0&amp;refId=noJF18TX9pzZ6sTP17yq8A%3D%3D&amp;trackingId=7eHmlBPSSlu73ge5kRQmyA%3D%3D&amp;trk=public_jobs_jserp-result_search-card\" target=\"_self\" data-impression-id=\"jobs-search-desktop-6\" data-tracking-control-name=\"public_jobs_jserp-result_search-card\" data-tracking-will-navigate class=\"base-card relative w-full hover:no-underline focus:no-underline base-card--link base-search-card base-search-card--link job-search-card\" data-tracking-client-ingraph data-entity-urn=\"urn:li:jobPosting:4070993101\" data-reference-id=\"noJF18TX9pzZ6sTP17yq8A==\" data-tracking-id=\"7eHmlBPSSlu73ge5kRQmyA==\" data-column=\"1\" data-row=\"7\"><\/p>\n<p><!----><\/p>\n<div class=\"search-entity-media\">\n<p>      <img class=\"artdeco-entity-image artdeco-entity-image--square-4\n          artdeco-entity-image--ghost\" data-delayed-url=\"https:\/\/static.licdn.com\/aero-v1\/sc\/h\/6puxblwmhnodu6fjircz4dn4h\" data-ghost-classes=\"artdeco-entity-image--ghost\" data-ghost-url=\"https:\/\/static.licdn.com\/aero-v1\/sc\/h\/6puxblwmhnodu6fjircz4dn4h\" alt><\/p><\/div>\n<div class=\"base-search-card__info\">\n<h3 class=\"base-search-card__title\">\n<p>        T\u00e9cnico de Enfermagem<\/p>\n<\/h3>\n<h4 class=\"base-search-card__subtitle\">\n<p>          Recursos Humanos<\/p>\n<\/h4>\n<p><!----><\/p>\n<div class=\"base-search-card__metadata\">\n<p>          <span class=\"job-search-card__location\"><br \/>\n            Ribeir\u00e3o Preto, S\u00e3o Paulo, Brazil<br \/>\n          <\/span><\/p>\n<p><!---->  <\/p>\n<p>          <time class=\"job-search-card__listdate\" datetime=\"2024-11-10\"><\/p>\n<p>      2 months ago<\/p>\n<p>          <\/time><\/p>\n<p><!---->\n            <\/div>\n<\/p><\/div>\n<p><!---->      <\/p>\n<p>      <\/a><\/p>\n<\/li>\n<li>\n<div class=\"base-card relative w-full hover:no-underline focus:no-underline base-card--link base-search-card base-search-card--link job-search-card\" data-entity-urn=\"urn:li:jobPosting:4064330818\" data-impression-id=\"jobs-search-desktop-7\" data-reference-id=\"noJF18TX9pzZ6sTP17yq8A==\" data-tracking-id=\"NEqeRKPFm0c\/veAyFZ8BAQ==\" data-column=\"1\" data-row=\"8\">\n<p>        <a class=\"base-card__full-link absolute top-0 right-0 bottom-0 left-0 p-0 z-[2]\" href=\"https:\/\/br.linkedin.com\/jobs\/view\/tecnico-de-enfermagem-ribeir%C3%A3o-preto-at-artisan-field-inc-4064330818?position=8&amp;pageNum=0&amp;refId=noJF18TX9pzZ6sTP17yq8A%3D%3D&amp;trackingId=NEqeRKPFm0c%2FveAyFZ8BAQ%3D%3D\" data-tracking-control-name=\"public_jobs_jserp-result_search-card\" data-tracking-client-ingraph data-tracking-will-navigate><\/p>\n<p>          <span class=\"sr-only\"><\/p>\n<p>        TECNICO DE ENFERMAGEM &#8211; RIBEIR\u00c3O PRETO<\/p>\n<p>          <\/span><br \/>\n        <\/a><\/p>\n<div class=\"search-entity-media\">\n<p>      <img class=\"artdeco-entity-image artdeco-entity-image--square-4\n          artdeco-entity-image--ghost\" data-delayed-url=\"https:\/\/static.licdn.com\/aero-v1\/sc\/h\/6puxblwmhnodu6fjircz4dn4h\" data-ghost-classes=\"artdeco-entity-image--ghost\" data-ghost-url=\"https:\/\/static.licdn.com\/aero-v1\/sc\/h\/6puxblwmhnodu6fjircz4dn4h\" alt><\/p><\/div>\n<div class=\"base-search-card__info\">\n<h3 class=\"base-search-card__title\">\n<p>        TECNICO DE ENFERMAGEM &#8211; RIBEIR\u00c3O PRETO<\/p>\n<\/h3>\n<h4 class=\"base-search-card__subtitle\">\n<p>          <a class=\"hidden-nested-link\" data-tracking-client-ingraph data-tracking-control-name=\"public_jobs_jserp-result_job-search-card-subtitle\" data-tracking-will-navigate href=\"https:\/\/www.linkedin.com\/company\/artisan-field-inc.?trk=public_jobs_jserp-result_job-search-card-subtitle\"><br \/>\n            Artisan Field, Inc.<br \/>\n          <\/a><\/p>\n<\/h4>\n<p><!----><\/p>\n<div class=\"base-search-card__metadata\">\n<p>          <span class=\"job-search-card__location\"><br \/>\n            Ribeir\u00e3o Preto, S\u00e3o Paulo, Brazil<br \/>\n          <\/span><\/p>\n<p><!---->  <\/p>\n<p>          <time class=\"job-search-card__listdate\" datetime=\"2024-10-30\"><\/p>\n<p>      2 months ago<\/p>\n<p>          <\/time><\/p>\n<p><!---->\n            <\/div>\n<\/p><\/div>\n<p><!---->      <\/p><\/div>\n<\/li>\n<li>\n<p>      <a href=\"https:\/\/br.linkedin.com\/jobs\/view\/t%C3%A9cnico-de-enfermagem-4077523091?position=9&amp;pageNum=0&amp;refId=noJF18TX9pzZ6sTP17yq8A%3D%3D&amp;trackingId=GZhD8qFk8sQrwcMcZ%2BlxYw%3D%3D&amp;trk=public_jobs_jserp-result_search-card\" target=\"_self\" data-impression-id=\"jobs-search-desktop-8\" data-tracking-control-name=\"public_jobs_jserp-result_search-card\" data-tracking-will-navigate class=\"base-card relative w-full hover:no-underline focus:no-underline base-card--link base-search-card base-search-card--link job-search-card\" data-tracking-client-ingraph data-entity-urn=\"urn:li:jobPosting:4077523091\" data-reference-id=\"noJF18TX9pzZ6sTP17yq8A==\" data-tracking-id=\"GZhD8qFk8sQrwcMcZ+lxYw==\" data-column=\"1\" data-row=\"9\"><\/p>\n<p><!----><\/p>\n<div class=\"search-entity-media\">\n<p>      <img class=\"artdeco-entity-image artdeco-entity-image--square-4\n          artdeco-entity-image--ghost\" data-delayed-url=\"https:\/\/static.licdn.com\/aero-v1\/sc\/h\/6puxblwmhnodu6fjircz4dn4h\" data-ghost-classes=\"artdeco-entity-image--ghost\" data-ghost-url=\"https:\/\/static.licdn.com\/aero-v1\/sc\/h\/6puxblwmhnodu6fjircz4dn4h\" alt><\/p><\/div>\n<div class=\"base-search-card__info\">\n<h3 class=\"base-search-card__title\">\n<p>        T\u00e9cnico de Enfermagem<\/p>\n<\/h3>\n<h4 class=\"base-search-card__subtitle\">\n<p>          Nova Ben\u00ea<\/p>\n<\/h4>\n<p><!----><\/p>\n<div class=\"base-search-card__metadata\">\n<p>          <span class=\"job-search-card__location\"><br \/>\n            Ribeir\u00e3o Preto, S\u00e3o Paulo, Brazil<br \/>\n          <\/span><\/p>\n<p><!---->  <\/p>\n<p>          <time class=\"job-search-card__listdate\" datetime=\"2024-11-18\"><\/p>\n<p>      2 months ago<\/p>\n<p>          <\/time><\/p>\n<p><!---->\n            <\/div>\n<\/p><\/div>\n<p><!---->      <\/p>\n<p>      <\/a><\/p>\n<\/li>\n<li>\n<p>      <a href=\"https:\/\/br.linkedin.com\/jobs\/view\/t%C3%A9cnico-de-enfermagem-4077826535?position=10&amp;pageNum=0&amp;refId=noJF18TX9pzZ6sTP17yq8A%3D%3D&amp;trackingId=URbnRY1vtgYDHp%2BuNcpQiA%3D%3D&amp;trk=public_jobs_jserp-result_search-card\" target=\"_self\" data-impression-id=\"jobs-search-desktop-9\" data-tracking-control-name=\"public_jobs_jserp-result_search-card\" data-tracking-will-navigate class=\"base-card relative w-full hover:no-underline focus:no-underline base-card--link base-search-card base-search-card--link job-search-card\" data-tracking-client-ingraph data-entity-urn=\"urn:li:jobPosting:4077826535\" data-reference-id=\"noJF18TX9pzZ6sTP17yq8A==\" data-tracking-id=\"URbnRY1vtgYDHp+uNcpQiA==\" data-column=\"1\" data-row=\"10\"><\/p>\n<p><!----><\/p>\n<div class=\"search-entity-media\">\n<p>      <img class=\"artdeco-entity-image artdeco-entity-image--square-4\n          artdeco-entity-image--ghost\" data-delayed-url=\"https:\/\/static.licdn.com\/aero-v1\/sc\/h\/6puxblwmhnodu6fjircz4dn4h\" data-ghost-classes=\"artdeco-entity-image--ghost\" data-ghost-url=\"https:\/\/static.licdn.com\/aero-v1\/sc\/h\/6puxblwmhnodu6fjircz4dn4h\" alt><\/p><\/div>\n<div class=\"base-search-card__info\">\n<h3 class=\"base-search-card__title\">\n<p>        T\u00e9cnico de Enfermagem<\/p>\n<\/h3>\n<h4 class=\"base-search-card__subtitle\">\n<p>          Nova Ben\u00ea<\/p>\n<\/h4>\n<p><!----><\/p>\n<div class=\"base-search-card__metadata\">\n<p>          <span class=\"job-search-card__location\"><br \/>\n            Greater Ribeir\u00e3o Preto<br \/>\n          <\/span><\/p>\n<p><!---->  <\/p>\n<p>          <time class=\"job-search-card__listdate\" datetime=\"2024-11-19\"><\/p>\n<p>      2 months ago<\/p>\n<p>          <\/time><\/p>\n<p><!---->\n            <\/div>\n<\/p><\/div>\n<p><!---->      <\/p>\n<p>      <\/a><\/p>\n<\/li>\n<li>\n<p>      <a href=\"https:\/\/br.linkedin.com\/jobs\/view\/aplicadora-de-laser-uniq-vergueiro-vaga-atualizada%21-4134078064?position=11&amp;pageNum=0&amp;refId=noJF18TX9pzZ6sTP17yq8A%3D%3D&amp;trackingId=8oOhObNiwV2eyE0EmJfWxg%3D%3D&amp;trk=public_jobs_jserp-result_search-card\" target=\"_self\" data-impression-id=\"jobs-search-desktop-10\" data-tracking-control-name=\"public_jobs_jserp-result_search-card\" data-tracking-will-navigate class=\"base-card relative w-full hover:no-underline focus:no-underline base-card--link base-search-card base-search-card--link job-search-card\" data-tracking-client-ingraph data-entity-urn=\"urn:li:jobPosting:4134078064\" data-reference-id=\"noJF18TX9pzZ6sTP17yq8A==\" data-tracking-id=\"8oOhObNiwV2eyE0EmJfWxg==\" data-column=\"1\" data-row=\"11\"><\/p>\n<p><!----><\/p>\n<div class=\"search-entity-media\">\n<p>      <img class=\"artdeco-entity-image artdeco-entity-image--square-4\n          artdeco-entity-image--ghost\" data-delayed-url=\"https:\/\/static.licdn.com\/aero-v1\/sc\/h\/6puxblwmhnodu6fjircz4dn4h\" data-ghost-classes=\"artdeco-entity-image--ghost\" data-ghost-url=\"https:\/\/static.licdn.com\/aero-v1\/sc\/h\/6puxblwmhnodu6fjircz4dn4h\" alt><\/p><\/div>\n<div class=\"base-search-card__info\">\n<h3 class=\"base-search-card__title\">\n<p>        APLICADORA DE LASER &#8211; UNIQ VERGUEIRO &#8211; VAGA ATUALIZADA!<\/p>\n<\/h3>\n<h4 class=\"base-search-card__subtitle\">\n<p>          Laser Fast<\/p>\n<\/h4>\n<p><!----><\/p>\n<div class=\"base-search-card__metadata\">\n<p>          <span class=\"job-search-card__location\"><br \/>\n            Ribeir\u00e3o Preto, S\u00e3o Paulo, Brazil<br \/>\n          <\/span><\/p>\n<div class=\"job-posting-benefits text-sm\">\n        <icon class=\"job-posting-benefits__icon\" data-delayed-url=\"https:\/\/static.licdn.com\/aero-v1\/sc\/h\/8zmuwb93gzlb935fk4ao4z779\" data-svg-class-name=\"job-posting-benefits__icon-svg\"><\/icon><br \/>\n        <span class=\"job-posting-benefits__text\"><br \/>\n          Be an early applicant<br \/>\n<!---->        <\/span>\n      <\/div>\n<p>          <time class=\"job-search-card__listdate\" datetime=\"2025-01-25\"><\/p>\n<p>      1 day ago<\/p>\n<p>          <\/time><\/p>\n<p><!---->\n            <\/div>\n<\/p><\/div>\n<p><!---->      <\/p>\n<p>      <\/a><\/p>\n<\/li>\n<li>\n<div class=\"base-card relative w-full hover:no-underline focus:no-underline base-card--link base-search-card base-search-card--link job-search-card\" data-entity-urn=\"urn:li:jobPosting:4095727656\" data-impression-id=\"jobs-search-desktop-11\" data-reference-id=\"noJF18TX9pzZ6sTP17yq8A==\" data-tracking-id=\"TUi0kD9e9gGsaRIoSU1iWQ==\" data-column=\"1\" data-row=\"12\">\n<p>        <a class=\"base-card__full-link absolute top-0 right-0 bottom-0 left-0 p-0 z-[2]\" href=\"https:\/\/br.linkedin.com\/jobs\/view\/monitor-estagio-enfermagem-ribeir%C3%A3o-preto-sp-at-cogna-educa%C3%A7%C3%A3o-4095727656?position=12&amp;pageNum=0&amp;refId=noJF18TX9pzZ6sTP17yq8A%3D%3D&amp;trackingId=TUi0kD9e9gGsaRIoSU1iWQ%3D%3D\" data-tracking-control-name=\"public_jobs_jserp-result_search-card\" data-tracking-client-ingraph data-tracking-will-navigate><\/p>\n<p>          <span class=\"sr-only\"><\/p>\n<p>        MONITOR ESTAGIO &#8211; ENFERMAGEM &#8211; RIBEIR\u00c3O PRETO\/SP<\/p>\n<p>          <\/span><br \/>\n        <\/a><\/p>\n<div class=\"search-entity-media\">\n<p>      <img class=\"artdeco-entity-image artdeco-entity-image--square-4\n          \" data-delayed-url=\"https:\/\/media.licdn.com\/dms\/image\/v2\/D4D0BAQEAM1wDUG8BxA\/company-logo_100_100\/company-logo_100_100\/0\/1725891332887\/cogna_educao_logo?e=2147483647&amp;v=beta&amp;t=US3zz8SEo65MDAzwS-TlO8PPzl2i2l65FuWhZbFV1fQ\" data-ghost-classes=\"artdeco-entity-image--ghost\" data-ghost-url=\"https:\/\/static.licdn.com\/aero-v1\/sc\/h\/6puxblwmhnodu6fjircz4dn4h\" alt><\/p><\/div>\n<div class=\"base-search-card__info\">\n<h3 class=\"base-search-card__title\">\n<p>        MONITOR ESTAGIO &#8211; ENFERMAGEM &#8211; RIBEIR\u00c3O PRETO\/SP<\/p>\n<\/h3>\n<h4 class=\"base-search-card__subtitle\">\n<p>          <a class=\"hidden-nested-link\" data-tracking-client-ingraph data-tracking-control-name=\"public_jobs_jserp-result_job-search-card-subtitle\" data-tracking-will-navigate href=\"https:\/\/br.linkedin.com\/company\/cogna-educa%C3%A7%C3%A3o?trk=public_jobs_jserp-result_job-search-card-subtitle\"><br \/>\n            Cogna Educa\u00e7\u00e3o<br \/>\n          <\/a><\/p>\n<\/h4>\n<p><!----><\/p>\n<div class=\"base-search-card__metadata\">\n<p>          <span class=\"job-search-card__location\"><br \/>\n            Ribeir\u00e3o Preto, S\u00e3o Paulo, Brazil<br \/>\n          <\/span><\/p>\n<div class=\"job-posting-benefits text-sm\">\n        <icon class=\"job-posting-benefits__icon\" data-delayed-url=\"https:\/\/static.licdn.com\/aero-v1\/sc\/h\/3p1v0uhy7uq0cm5zdvzp4eo18\" data-svg-class-name=\"job-posting-benefits__icon-svg\"><\/icon><br \/>\n        <span class=\"job-posting-benefits__text\"><br \/>\n          Actively Hiring<br \/>\n<!---->        <\/span>\n      <\/div>\n<p>          <time class=\"job-search-card__listdate\" datetime=\"2024-12-10\"><\/p>\n<p>      1 month ago<\/p>\n<p>          <\/time><\/p>\n<p><!---->\n            <\/div>\n<\/p><\/div>\n<p><!---->      <\/p><\/div>\n<\/li>\n<li>\n<div class=\"base-card relative w-full hover:no-underline focus:no-underline base-card--link base-search-card base-search-card--link job-search-card\" data-entity-urn=\"urn:li:jobPosting:4122633357\" data-impression-id=\"jobs-search-desktop-12\" data-reference-id=\"noJF18TX9pzZ6sTP17yq8A==\" data-tracking-id=\"qn160QzA+hTZ\/cGbCaQMwg==\" data-column=\"1\" data-row=\"13\">\n<p>        <a class=\"base-card__full-link absolute top-0 right-0 bottom-0 left-0 p-0 z-[2]\" href=\"https:\/\/br.linkedin.com\/jobs\/view\/coordenador-de-unidade-de-terapia-intensiva-hospital-s%C3%A3o-lucas-at-s%C3%A3o-lucas-hospital-4122633357?position=13&amp;pageNum=0&amp;refId=noJF18TX9pzZ6sTP17yq8A%3D%3D&amp;trackingId=qn160QzA%2BhTZ%2FcGbCaQMwg%3D%3D\" data-tracking-control-name=\"public_jobs_jserp-result_search-card\" data-tracking-client-ingraph data-tracking-will-navigate><\/p>\n<p>          <span class=\"sr-only\"><\/p>\n<p>        Coordenador de Unidade de Terapia Intensiva | Hospital S\u00e3o Lucas<\/p>\n<p>          <\/span><br \/>\n        <\/a><\/p>\n<div class=\"search-entity-media\">\n<p>      <img class=\"artdeco-entity-image artdeco-entity-image--square-4\n          \" data-delayed-url=\"https:\/\/media.licdn.com\/dms\/image\/v2\/D4D0BAQEyTMiQPekKfA\/company-logo_100_100\/company-logo_100_100\/0\/1733157059329\/sao_lucas_hospital_logo?e=2147483647&amp;v=beta&amp;t=yHPHQvfeiI4e2ydQAJDJDmwlpUl6LDSX8x63wFfWKf0\" data-ghost-classes=\"artdeco-entity-image--ghost\" data-ghost-url=\"https:\/\/static.licdn.com\/aero-v1\/sc\/h\/6puxblwmhnodu6fjircz4dn4h\" alt><\/p><\/div>\n<div class=\"base-search-card__info\">\n<h3 class=\"base-search-card__title\">\n<p>        Coordenador de Unidade de Terapia Intensiva | Hospital S\u00e3o Lucas<\/p>\n<\/h3>\n<h4 class=\"base-search-card__subtitle\">\n<p>          <a class=\"hidden-nested-link\" data-tracking-client-ingraph data-tracking-control-name=\"public_jobs_jserp-result_job-search-card-subtitle\" data-tracking-will-navigate href=\"https:\/\/br.linkedin.com\/company\/sao-lucas-hospital?trk=public_jobs_jserp-result_job-search-card-subtitle\"><br \/>\n            S\u00e3o Lucas Hospital<br \/>\n          <\/a><\/p>\n<\/h4>\n<p><!----><\/p>\n<div class=\"base-search-card__metadata\">\n<p>          <span class=\"job-search-card__location\"><br \/>\n            Ribeir\u00e3o Preto, S\u00e3o Paulo, Brazil<br \/>\n          <\/span><\/p>\n<div class=\"job-posting-benefits text-sm\">\n        <icon class=\"job-posting-benefits__icon\" data-delayed-url=\"https:\/\/static.licdn.com\/aero-v1\/sc\/h\/3p1v0uhy7uq0cm5zdvzp4eo18\" data-svg-class-name=\"job-posting-benefits__icon-svg\"><\/icon><br \/>\n        <span class=\"job-posting-benefits__text\"><br \/>\n          Actively Hiring<br \/>\n<!---->        <\/span>\n      <\/div>\n<p>          <time class=\"job-search-card__listdate\" datetime=\"2025-01-14\"><\/p>\n<p>      1 week ago<\/p>\n<p>          <\/time><\/p>\n<p><!---->\n            <\/div>\n<\/p><\/div>\n<p><!---->      <\/p><\/div>\n<\/li>\n<li>\n<div class=\"base-card relative w-full hover:no-underline focus:no-underline base-card--link base-search-card base-search-card--link job-search-card\" data-entity-urn=\"urn:li:jobPosting:4124668679\" data-impression-id=\"jobs-search-desktop-13\" data-reference-id=\"noJF18TX9pzZ6sTP17yq8A==\" data-tracking-id=\"qPNvv+EfB8bH1A9K6o2cTg==\" data-column=\"1\" data-row=\"14\">\n<p>        <a class=\"base-card__full-link absolute top-0 right-0 bottom-0 left-0 p-0 z-[2]\" href=\"https:\/\/br.linkedin.com\/jobs\/view\/mec%C3%A2nico-de-frota-ii-ribp-at-coca-cola-andina-brasil-4124668679?position=14&amp;pageNum=0&amp;refId=noJF18TX9pzZ6sTP17yq8A%3D%3D&amp;trackingId=qPNvv%2BEfB8bH1A9K6o2cTg%3D%3D\" data-tracking-control-name=\"public_jobs_jserp-result_search-card\" data-tracking-client-ingraph data-tracking-will-navigate><\/p>\n<p>          <span class=\"sr-only\"><\/p>\n<p>        MEC\u00c2NICO DE FROTA II &#8211; RIBP<\/p>\n<p>          <\/span><br \/>\n        <\/a><\/p>\n<div class=\"search-entity-media\">\n<p>      <img class=\"artdeco-entity-image artdeco-entity-image--square-4\n          \" data-delayed-url=\"https:\/\/media.licdn.com\/dms\/image\/v2\/D4D0BAQFtg5MyC618zw\/company-logo_100_100\/company-logo_100_100\/0\/1688391103766\/coca_cola_andina_brasil_logo?e=2147483647&amp;v=beta&amp;t=lnooKS98CgFBnh2A1rLzoXLAIg0J6IS4AD6Mf5O5b6U\" data-ghost-classes=\"artdeco-entity-image--ghost\" data-ghost-url=\"https:\/\/static.licdn.com\/aero-v1\/sc\/h\/6puxblwmhnodu6fjircz4dn4h\" alt><\/p><\/div>\n<div class=\"base-search-card__info\">\n<h3 class=\"base-search-card__title\">\n<p>        MEC\u00c2NICO DE FROTA II &#8211; RIBP<\/p>\n<\/h3>\n<h4 class=\"base-search-card__subtitle\">\n<p>          <a class=\"hidden-nested-link\" data-tracking-client-ingraph data-tracking-control-name=\"public_jobs_jserp-result_job-search-card-subtitle\" data-tracking-will-navigate href=\"https:\/\/br.linkedin.com\/company\/coca-cola-andina-brasil?trk=public_jobs_jserp-result_job-search-card-subtitle\"><br \/>\n            Coca-Cola Andina Brasil<br \/>\n          <\/a><\/p>\n<\/h4>\n<p><!----><\/p>\n<div class=\"base-search-card__metadata\">\n<p>          <span class=\"job-search-card__location\"><br \/>\n            Ribeir\u00e3o Preto, S\u00e3o Paulo, Brazil<br \/>\n          <\/span><\/p>\n<div class=\"job-posting-benefits text-sm\">\n        <icon class=\"job-posting-benefits__icon\" data-delayed-url=\"https:\/\/static.licdn.com\/aero-v1\/sc\/h\/8zmuwb93gzlb935fk4ao4z779\" data-svg-class-name=\"job-posting-benefits__icon-svg\"><\/icon><br \/>\n        <span class=\"job-posting-benefits__text\"><br \/>\n          Be an early applicant<br \/>\n<!---->        <\/span>\n      <\/div>\n<p>          <time class=\"job-search-card__listdate\" datetime=\"2025-01-15\"><\/p>\n<p>      1 week ago<\/p>\n<p>          <\/time><\/p>\n<p><!---->\n            <\/div>\n<\/p><\/div>\n<p><!---->      <\/p><\/div>\n<\/li>\n<li>\n<p>      <a href=\"https:\/\/br.linkedin.com\/jobs\/view\/auxiliar-enfermagem-tecnico-de-enfermagem-sp-4133494134?position=15&amp;pageNum=0&amp;refId=noJF18TX9pzZ6sTP17yq8A%3D%3D&amp;trackingId=MhTF0%2Be7dvN2cGtfnDIo8A%3D%3D&amp;trk=public_jobs_jserp-result_search-card\" target=\"_self\" data-impression-id=\"jobs-search-desktop-14\" data-tracking-control-name=\"public_jobs_jserp-result_search-card\" data-tracking-will-navigate class=\"base-card relative w-full hover:no-underline focus:no-underline base-card--link base-search-card base-search-card--link job-search-card\" data-tracking-client-ingraph data-entity-urn=\"urn:li:jobPosting:4133494134\" data-reference-id=\"noJF18TX9pzZ6sTP17yq8A==\" data-tracking-id=\"MhTF0+e7dvN2cGtfnDIo8A==\" data-column=\"1\" data-row=\"15\"><\/p>\n<p><!----><\/p>\n<div class=\"search-entity-media\">\n<p>      <img class=\"artdeco-entity-image artdeco-entity-image--square-4\n          artdeco-entity-image--ghost\" data-delayed-url=\"https:\/\/static.licdn.com\/aero-v1\/sc\/h\/6puxblwmhnodu6fjircz4dn4h\" data-ghost-classes=\"artdeco-entity-image--ghost\" data-ghost-url=\"https:\/\/static.licdn.com\/aero-v1\/sc\/h\/6puxblwmhnodu6fjircz4dn4h\" alt><\/p><\/div>\n<div class=\"base-search-card__info\">\n<h3 class=\"base-search-card__title\">\n<p>        Auxiliar enfermagem \/ Tecnico de Enfermagem &#8211; SP<\/p>\n<\/h3>\n<h4 class=\"base-search-card__subtitle\">\n<p>          Pronurse<\/p>\n<\/h4>\n<p><!----><\/p>\n<div class=\"base-search-card__metadata\">\n<p>          <span class=\"job-search-card__location\"><br \/>\n            Greater Ribeir\u00e3o Preto<br \/>\n          <\/span><\/p>\n<div class=\"job-posting-benefits text-sm\">\n        <icon class=\"job-posting-benefits__icon\" data-delayed-url=\"https:\/\/static.licdn.com\/aero-v1\/sc\/h\/8zmuwb93gzlb935fk4ao4z779\" data-svg-class-name=\"job-posting-benefits__icon-svg\"><\/icon><br \/>\n        <span class=\"job-posting-benefits__text\"><br \/>\n          Be an early applicant<br \/>\n<!---->        <\/span>\n      <\/div>\n<p>          <time class=\"job-search-card__listdate\" datetime=\"2025-01-25\"><\/p>\n<p>      1 day ago<\/p>\n<p>          <\/time><\/p>\n<p><!---->\n            <\/div>\n<\/p><\/div>\n<p><!---->      <\/p>\n<p>      <\/a><\/p>\n<\/li>\n<li>\n<p>      <a href=\"https:\/\/br.linkedin.com\/jobs\/view\/t%C3%A9cnico-de-enfermagem-vaga-atualizada%21-4134597593?position=16&amp;pageNum=0&amp;refId=noJF18TX9pzZ6sTP17yq8A%3D%3D&amp;trackingId=Zr08aqUCjrH0RbW%2F%2FQcSLA%3D%3D&amp;trk=public_jobs_jserp-result_search-card\" target=\"_self\" data-impression-id=\"jobs-search-desktop-15\" data-tracking-control-name=\"public_jobs_jserp-result_search-card\" data-tracking-will-navigate class=\"base-card relative w-full hover:no-underline focus:no-underline base-card--link base-search-card base-search-card--link job-search-card\" data-tracking-client-ingraph data-entity-urn=\"urn:li:jobPosting:4134597593\" data-reference-id=\"noJF18TX9pzZ6sTP17yq8A==\" data-tracking-id=\"Zr08aqUCjrH0RbW\/\/QcSLA==\" data-column=\"1\" data-row=\"16\"><\/p>\n<p><!----><\/p>\n<div class=\"search-entity-media\">\n<p>      <img class=\"artdeco-entity-image artdeco-entity-image--square-4\n          artdeco-entity-image--ghost\" data-delayed-url=\"https:\/\/static.licdn.com\/aero-v1\/sc\/h\/6puxblwmhnodu6fjircz4dn4h\" data-ghost-classes=\"artdeco-entity-image--ghost\" data-ghost-url=\"https:\/\/static.licdn.com\/aero-v1\/sc\/h\/6puxblwmhnodu6fjircz4dn4h\" alt><\/p><\/div>\n<div class=\"base-search-card__info\">\n<h3 class=\"base-search-card__title\">\n<p>        T\u00c9CNICO DE ENFERMAGEM &#8211; VAGA ATUALIZADA!<\/p>\n<\/h3>\n<h4 class=\"base-search-card__subtitle\">\n<p>          Portal de Oportunidades Divulga Vagas Brasil<\/p>\n<\/h4>\n<p><!----><\/p>\n<div class=\"base-search-card__metadata\">\n<p>          <span class=\"job-search-card__location\"><br \/>\n            Ribeir\u00e3o Preto, S\u00e3o Paulo, Brazil<br \/>\n          <\/span><\/p>\n<div class=\"job-posting-benefits text-sm\">\n        <icon class=\"job-posting-benefits__icon\" data-delayed-url=\"https:\/\/static.licdn.com\/aero-v1\/sc\/h\/8zmuwb93gzlb935fk4ao4z779\" data-svg-class-name=\"job-posting-benefits__icon-svg\"><\/icon><br \/>\n        <span class=\"job-posting-benefits__text\"><br \/>\n          Be an early applicant<br \/>\n<!---->        <\/span>\n      <\/div>\n<p>          <time class=\"job-search-card__listdate--new\" datetime=\"2025-01-26\"><\/p>\n<p>      14 hours ago<\/p>\n<p>          <\/time><\/p>\n<p><!---->\n            <\/div>\n<\/p><\/div>\n<p><!---->      <\/p>\n<p>      <\/a><\/p>\n<\/li>\n<li>\n<div class=\"base-card relative w-full hover:no-underline focus:no-underline base-card--link base-search-card base-search-card--link job-search-card\" data-entity-urn=\"urn:li:jobPosting:4095595856\" data-impression-id=\"jobs-search-desktop-16\" data-reference-id=\"noJF18TX9pzZ6sTP17yq8A==\" data-tracking-id=\"s\/fatsCTw7fStf9IpWSRfA==\" data-column=\"1\" data-row=\"17\">\n<p>        <a class=\"base-card__full-link absolute top-0 right-0 bottom-0 left-0 p-0 z-[2]\" href=\"https:\/\/br.linkedin.com\/jobs\/view\/auxiliar-operacional-equipamentos-gav-exclusivo-para-pessoa-com-defici%C3%AAncia-ribp-at-coca-cola-andina-brasil-4095595856?position=17&amp;pageNum=0&amp;refId=noJF18TX9pzZ6sTP17yq8A%3D%3D&amp;trackingId=s%2FfatsCTw7fStf9IpWSRfA%3D%3D\" data-tracking-control-name=\"public_jobs_jserp-result_search-card\" data-tracking-client-ingraph data-tracking-will-navigate><\/p>\n<p>          <span class=\"sr-only\"><\/p>\n<p>        AUXILIAR OPERACIONAL EQUIPAMENTOS GAV (Exclusivo para Pessoa com Defici\u00eancia) &#8211; RIBP<\/p>\n<p>          <\/span><br \/>\n        <\/a><\/p>\n<div class=\"search-entity-media\">\n<p>      <img class=\"artdeco-entity-image artdeco-entity-image--square-4\n          \" data-delayed-url=\"https:\/\/media.licdn.com\/dms\/image\/v2\/D4D0BAQFtg5MyC618zw\/company-logo_100_100\/company-logo_100_100\/0\/1688391103766\/coca_cola_andina_brasil_logo?e=2147483647&amp;v=beta&amp;t=lnooKS98CgFBnh2A1rLzoXLAIg0J6IS4AD6Mf5O5b6U\" data-ghost-classes=\"artdeco-entity-image--ghost\" data-ghost-url=\"https:\/\/static.licdn.com\/aero-v1\/sc\/h\/6puxblwmhnodu6fjircz4dn4h\" alt><\/p><\/div>\n<div class=\"base-search-card__info\">\n<h3 class=\"base-search-card__title\">\n<p>        AUXILIAR OPERACIONAL EQUIPAMENTOS GAV (Exclusivo para Pessoa com Defici\u00eancia) &#8211; RIBP<\/p>\n<\/h3>\n<h4 class=\"base-search-card__subtitle\">\n<p>          <a class=\"hidden-nested-link\" data-tracking-client-ingraph data-tracking-control-name=\"public_jobs_jserp-result_job-search-card-subtitle\" data-tracking-will-navigate href=\"https:\/\/br.linkedin.com\/company\/coca-cola-andina-brasil?trk=public_jobs_jserp-result_job-search-card-subtitle\"><br \/>\n            Coca-Cola Andina Brasil<br \/>\n          <\/a><\/p>\n<\/h4>\n<p><!----><\/p>\n<div class=\"base-search-card__metadata\">\n<p>          <span class=\"job-search-card__location\"><br \/>\n            Ribeir\u00e3o Preto, S\u00e3o Paulo, Brazil<br \/>\n          <\/span><\/p>\n<div class=\"job-posting-benefits text-sm\">\n        <icon class=\"job-posting-benefits__icon\" data-delayed-url=\"https:\/\/static.licdn.com\/aero-v1\/sc\/h\/8zmuwb93gzlb935fk4ao4z779\" data-svg-class-name=\"job-posting-benefits__icon-svg\"><\/icon><br \/>\n        <span class=\"job-posting-benefits__text\"><br \/>\n          Be an early applicant<br \/>\n<!---->        <\/span>\n      <\/div>\n<p>          <time class=\"job-search-card__listdate\" datetime=\"2024-12-12\"><\/p>\n<p>      1 month ago<\/p>\n<p>          <\/time><\/p>\n<p><!---->\n            <\/div>\n<\/p><\/div>\n<p><!---->      <\/p><\/div>\n<\/li>\n<li>\n<div class=\"base-card relative w-full hover:no-underline focus:no-underline base-card--link base-search-card base-search-card--link job-search-card\" data-entity-urn=\"urn:li:jobPosting:3973046662\" data-impression-id=\"jobs-search-desktop-17\" data-reference-id=\"noJF18TX9pzZ6sTP17yq8A==\" data-tracking-id=\"9GDwitgD7rz2n3m1Y+uI7Q==\" data-column=\"1\" data-row=\"18\">\n<p>        <a class=\"base-card__full-link absolute top-0 right-0 bottom-0 left-0 p-0 z-[2]\" href=\"https:\/\/br.linkedin.com\/jobs\/view\/motorista-manobreiro-ribp-at-coca-cola-andina-brasil-3973046662?position=18&amp;pageNum=0&amp;refId=noJF18TX9pzZ6sTP17yq8A%3D%3D&amp;trackingId=9GDwitgD7rz2n3m1Y%2BuI7Q%3D%3D\" data-tracking-control-name=\"public_jobs_jserp-result_search-card\" data-tracking-client-ingraph data-tracking-will-navigate><\/p>\n<p>          <span class=\"sr-only\"><\/p>\n<p>        MOTORISTA MANOBREIRO &#8211; RIBP<\/p>\n<p>          <\/span><br \/>\n        <\/a><\/p>\n<div class=\"search-entity-media\">\n<p>      <img class=\"artdeco-entity-image artdeco-entity-image--square-4\n          \" data-delayed-url=\"https:\/\/media.licdn.com\/dms\/image\/v2\/D4D0BAQFtg5MyC618zw\/company-logo_100_100\/company-logo_100_100\/0\/1688391103766\/coca_cola_andina_brasil_logo?e=2147483647&amp;v=beta&amp;t=lnooKS98CgFBnh2A1rLzoXLAIg0J6IS4AD6Mf5O5b6U\" data-ghost-classes=\"artdeco-entity-image--ghost\" data-ghost-url=\"https:\/\/static.licdn.com\/aero-v1\/sc\/h\/6puxblwmhnodu6fjircz4dn4h\" alt><\/p><\/div>\n<div class=\"base-search-card__info\">\n<h3 class=\"base-search-card__title\">\n<p>        MOTORISTA MANOBREIRO &#8211; RIBP<\/p>\n<\/h3>\n<h4 class=\"base-search-card__subtitle\">\n<p>          <a class=\"hidden-nested-link\" data-tracking-client-ingraph data-tracking-control-name=\"public_jobs_jserp-result_job-search-card-subtitle\" data-tracking-will-navigate href=\"https:\/\/br.linkedin.com\/company\/coca-cola-andina-brasil?trk=public_jobs_jserp-result_job-search-card-subtitle\"><br \/>\n            Coca-Cola Andina Brasil<br \/>\n          <\/a><\/p>\n<\/h4>\n<p><!----><\/p>\n<div class=\"base-search-card__metadata\">\n<p>          <span class=\"job-search-card__location\"><br \/>\n            Ribeir\u00e3o Preto, S\u00e3o Paulo, Brazil<br \/>\n          <\/span><\/p>\n<p><!---->  <\/p>\n<p>          <time class=\"job-search-card__listdate\" datetime=\"2024-07-11\"><\/p>\n<p>      6 months ago<\/p>\n<p>          <\/time><\/p>\n<p><!---->\n            <\/div>\n<\/p><\/div>\n<p><!---->      <\/p><\/div>\n<\/li>\n<li>\n<div class=\"base-card relative w-full hover:no-underline focus:no-underline base-card--link base-search-card base-search-card--link job-search-card\" data-entity-urn=\"urn:li:jobPosting:4126235433\" data-impression-id=\"jobs-search-desktop-18\" data-reference-id=\"noJF18TX9pzZ6sTP17yq8A==\" data-tracking-id=\"q9fzfIwuuX4AtXiV6mLjIg==\" data-column=\"1\" data-row=\"19\">\n<p>        <a class=\"base-card__full-link absolute top-0 right-0 bottom-0 left-0 p-0 z-[2]\" href=\"https:\/\/br.linkedin.com\/jobs\/view\/estagi%C3%A1rio-a-enfermagem-centro-cir%C3%BArgico-hospital-ribeirania-at-s%C3%A3o-lucas-hospital-4126235433?position=19&amp;pageNum=0&amp;refId=noJF18TX9pzZ6sTP17yq8A%3D%3D&amp;trackingId=q9fzfIwuuX4AtXiV6mLjIg%3D%3D\" data-tracking-control-name=\"public_jobs_jserp-result_search-card\" data-tracking-client-ingraph data-tracking-will-navigate><\/p>\n<p>          <span class=\"sr-only\"><\/p>\n<p>        Estagi\u00e1rio(a) Enfermagem Centro Cir\u00fargico | Hospital Ribeirania<\/p>\n<p>          <\/span><br \/>\n        <\/a><\/p>\n<div class=\"search-entity-media\">\n<p>      <img class=\"artdeco-entity-image artdeco-entity-image--square-4\n          \" data-delayed-url=\"https:\/\/media.licdn.com\/dms\/image\/v2\/D4D0BAQEyTMiQPekKfA\/company-logo_100_100\/company-logo_100_100\/0\/1733157059329\/sao_lucas_hospital_logo?e=2147483647&amp;v=beta&amp;t=yHPHQvfeiI4e2ydQAJDJDmwlpUl6LDSX8x63wFfWKf0\" data-ghost-classes=\"artdeco-entity-image--ghost\" data-ghost-url=\"https:\/\/static.licdn.com\/aero-v1\/sc\/h\/6puxblwmhnodu6fjircz4dn4h\" alt><\/p><\/div>\n<div class=\"base-search-card__info\">\n<h3 class=\"base-search-card__title\">\n<p>        Estagi\u00e1rio(a) Enfermagem Centro Cir\u00fargico | Hospital Ribeirania<\/p>\n<\/h3>\n<h4 class=\"base-search-card__subtitle\">\n<p>          <a class=\"hidden-nested-link\" data-tracking-client-ingraph data-tracking-control-name=\"public_jobs_jserp-result_job-search-card-subtitle\" data-tracking-will-navigate href=\"https:\/\/br.linkedin.com\/company\/sao-lucas-hospital?trk=public_jobs_jserp-result_job-search-card-subtitle\"><br \/>\n            S\u00e3o Lucas Hospital<br \/>\n          <\/a><\/p>\n<\/h4>\n<p><!----><\/p>\n<div class=\"base-search-card__metadata\">\n<p>          <span class=\"job-search-card__location\"><br \/>\n            Ribeir\u00e3o Preto, S\u00e3o Paulo, Brazil<br \/>\n          <\/span><\/p>\n<div class=\"job-posting-benefits text-sm\">\n        <icon class=\"job-posting-benefits__icon\" data-delayed-url=\"https:\/\/static.licdn.com\/aero-v1\/sc\/h\/3p1v0uhy7uq0cm5zdvzp4eo18\" data-svg-class-name=\"job-posting-benefits__icon-svg\"><\/icon><br \/>\n        <span class=\"job-posting-benefits__text\"><br \/>\n          Actively Hiring<br \/>\n<!---->        <\/span>\n      <\/div>\n<p>          <time class=\"job-search-card__listdate\" datetime=\"2025-01-16\"><\/p>\n<p>      1 week ago<\/p>\n<p>          <\/time><\/p>\n<p><!---->\n            <\/div>\n<\/p><\/div>\n<p><!---->      <\/p><\/div>\n<\/li>\n<li>\n<p>      <a href=\"https:\/\/br.linkedin.com\/jobs\/view\/instalador-4082273451?position=20&amp;pageNum=0&amp;refId=noJF18TX9pzZ6sTP17yq8A%3D%3D&amp;trackingId=ljR0faTsUAf6c8j4wMQ7GA%3D%3D&amp;trk=public_jobs_jserp-result_search-card\" target=\"_self\" data-impression-id=\"jobs-search-desktop-19\" data-tracking-control-name=\"public_jobs_jserp-result_search-card\" data-tracking-will-navigate class=\"base-card relative w-full hover:no-underline focus:no-underline base-card--link base-search-card base-search-card--link job-search-card\" data-tracking-client-ingraph data-entity-urn=\"urn:li:jobPosting:4082273451\" data-reference-id=\"noJF18TX9pzZ6sTP17yq8A==\" data-tracking-id=\"ljR0faTsUAf6c8j4wMQ7GA==\" data-column=\"1\" data-row=\"20\"><\/p>\n<p><!----><\/p>\n<div class=\"search-entity-media\">\n<p>      <img class=\"artdeco-entity-image artdeco-entity-image--square-4\n          artdeco-entity-image--ghost\" data-delayed-url=\"https:\/\/static.licdn.com\/aero-v1\/sc\/h\/6puxblwmhnodu6fjircz4dn4h\" data-ghost-classes=\"artdeco-entity-image--ghost\" data-ghost-url=\"https:\/\/static.licdn.com\/aero-v1\/sc\/h\/6puxblwmhnodu6fjircz4dn4h\" alt><\/p><\/div>\n<div class=\"base-search-card__info\">\n<h3 class=\"base-search-card__title\">\n<p>        Instalador<\/p>\n<\/h3>\n<h4 class=\"base-search-card__subtitle\">\n<p>          laserfast\u00ae<\/p>\n<\/h4>\n<p><!----><\/p>\n<div class=\"base-search-card__metadata\">\n<p>          <span class=\"job-search-card__location\"><br \/>\n            Ribeir\u00e3o Preto, S\u00e3o Paulo, Brazil<br \/>\n          <\/span><\/p>\n<div class=\"job-posting-benefits text-sm\">\n        <icon class=\"job-posting-benefits__icon\" data-delayed-url=\"https:\/\/static.licdn.com\/aero-v1\/sc\/h\/8zmuwb93gzlb935fk4ao4z779\" data-svg-class-name=\"job-posting-benefits__icon-svg\"><\/icon><br \/>\n        <span class=\"job-posting-benefits__text\"><br \/>\n          Be an early applicant<br \/>\n<!---->        <\/span>\n      <\/div>\n<p>          <time class=\"job-search-card__listdate\" datetime=\"2024-11-24\"><\/p>\n<p>      2 months ago<\/p>\n<p>          <\/time><\/p>\n<p><!---->\n            <\/div>\n<\/p><\/div>\n<p><!---->      <\/p>\n<p>      <\/a><\/p>\n<\/li>\n<li>\n<div class=\"base-card relative w-full hover:no-underline focus:no-underline base-card--link base-search-card base-search-card--link job-search-card\" data-entity-urn=\"urn:li:jobPosting:4110067991\" data-impression-id=\"jobs-search-desktop-20\" data-reference-id=\"noJF18TX9pzZ6sTP17yq8A==\" data-tracking-id=\"1oCqTh\/XnMjJ3FMOitpZmA==\" data-column=\"1\" data-row=\"21\">\n<p>        <a class=\"base-card__full-link absolute top-0 right-0 bottom-0 left-0 p-0 z-[2]\" href=\"https:\/\/br.linkedin.com\/jobs\/view\/analista-adm-de-pessoal-i-exclusiva-para-pessoas-com-defici%C3%AAncia-anha-at-coca-cola-andina-brasil-4110067991?position=21&amp;pageNum=0&amp;refId=noJF18TX9pzZ6sTP17yq8A%3D%3D&amp;trackingId=1oCqTh%2FXnMjJ3FMOitpZmA%3D%3D\" data-tracking-control-name=\"public_jobs_jserp-result_search-card\" data-tracking-client-ingraph data-tracking-will-navigate><\/p>\n<p>          <span class=\"sr-only\"><\/p>\n<p>        ANALISTA ADM DE PESSOAL I (Exclusiva para pessoas com defici\u00eancia) &#8211; ANHA<\/p>\n<p>          <\/span><br \/>\n        <\/a><\/p>\n<div class=\"search-entity-media\">\n<p>      <img class=\"artdeco-entity-image artdeco-entity-image--square-4\n          \" data-delayed-url=\"https:\/\/media.licdn.com\/dms\/image\/v2\/D4D0BAQFtg5MyC618zw\/company-logo_100_100\/company-logo_100_100\/0\/1688391103766\/coca_cola_andina_brasil_logo?e=2147483647&amp;v=beta&amp;t=lnooKS98CgFBnh2A1rLzoXLAIg0J6IS4AD6Mf5O5b6U\" data-ghost-classes=\"artdeco-entity-image--ghost\" data-ghost-url=\"https:\/\/static.licdn.com\/aero-v1\/sc\/h\/6puxblwmhnodu6fjircz4dn4h\" alt><\/p><\/div>\n<div class=\"base-search-card__info\">\n<h3 class=\"base-search-card__title\">\n<p>        ANALISTA ADM DE PESSOAL I (Exclusiva para pessoas com defici\u00eancia) &#8211; ANHA<\/p>\n<\/h3>\n<h4 class=\"base-search-card__subtitle\">\n<p>          <a class=\"hidden-nested-link\" data-tracking-client-ingraph data-tracking-control-name=\"public_jobs_jserp-result_job-search-card-subtitle\" data-tracking-will-navigate href=\"https:\/\/br.linkedin.com\/company\/coca-cola-andina-brasil?trk=public_jobs_jserp-result_job-search-card-subtitle\"><br \/>\n            Coca-Cola Andina Brasil<br \/>\n          <\/a><\/p>\n<\/h4>\n<p><!----><\/p>\n<div class=\"base-search-card__metadata\">\n<p>          <span class=\"job-search-card__location\"><br \/>\n            Ribeir\u00e3o Preto, S\u00e3o Paulo, Brazil<br \/>\n          <\/span><\/p>\n<p><!---->  <\/p>\n<p>          <time class=\"job-search-card__listdate\" datetime=\"2024-12-27\"><\/p>\n<p>      1 month ago<\/p>\n<p>          <\/time><\/p>\n<p><!---->\n            <\/div>\n<\/p><\/div>\n<p><!---->      <\/p><\/div>\n<\/li>\n<li>\n<p>      <a href=\"https:\/\/br.linkedin.com\/jobs\/view\/instalador-4049557301?position=22&amp;pageNum=0&amp;refId=noJF18TX9pzZ6sTP17yq8A%3D%3D&amp;trackingId=oIYuupVqgRfg3a884mGfiQ%3D%3D&amp;trk=public_jobs_jserp-result_search-card\" target=\"_self\" data-impression-id=\"jobs-search-desktop-21\" data-tracking-control-name=\"public_jobs_jserp-result_search-card\" data-tracking-will-navigate class=\"base-card relative w-full hover:no-underline focus:no-underline base-card--link base-search-card base-search-card--link job-search-card\" data-tracking-client-ingraph data-entity-urn=\"urn:li:jobPosting:4049557301\" data-reference-id=\"noJF18TX9pzZ6sTP17yq8A==\" data-tracking-id=\"oIYuupVqgRfg3a884mGfiQ==\" data-column=\"1\" data-row=\"22\"><\/p>\n<p><!----><\/p>\n<div class=\"search-entity-media\">\n<p>      <img class=\"artdeco-entity-image artdeco-entity-image--square-4\n          artdeco-entity-image--ghost\" data-delayed-url=\"https:\/\/static.licdn.com\/aero-v1\/sc\/h\/6puxblwmhnodu6fjircz4dn4h\" data-ghost-classes=\"artdeco-entity-image--ghost\" data-ghost-url=\"https:\/\/static.licdn.com\/aero-v1\/sc\/h\/6puxblwmhnodu6fjircz4dn4h\" alt><\/p><\/div>\n<div class=\"base-search-card__info\">\n<h3 class=\"base-search-card__title\">\n<p>        Instalador<\/p>\n<\/h3>\n<h4 class=\"base-search-card__subtitle\">\n<p>          Laser Fast<\/p>\n<\/h4>\n<p><!----><\/p>\n<div class=\"base-search-card__metadata\">\n<p>          <span class=\"job-search-card__location\"><br \/>\n            Ribeir\u00e3o Preto, S\u00e3o Paulo, Brazil<br \/>\n          <\/span><\/p>\n<div class=\"job-posting-benefits text-sm\">\n        <icon class=\"job-posting-benefits__icon\" data-delayed-url=\"https:\/\/static.licdn.com\/aero-v1\/sc\/h\/8zmuwb93gzlb935fk4ao4z779\" data-svg-class-name=\"job-posting-benefits__icon-svg\"><\/icon><br \/>\n        <span class=\"job-posting-benefits__text\"><br \/>\n          Be an early applicant<br \/>\n<!---->        <\/span>\n      <\/div>\n<p>          <time class=\"job-search-card__listdate\" datetime=\"2024-10-16\"><\/p>\n<p>      3 months ago<\/p>\n<p>          <\/time><\/p>\n<p><!---->\n            <\/div>\n<\/p><\/div>\n<p><!---->      <\/p>\n<p>      <\/a><\/p>\n<\/li>\n<li>\n<p>      <a href=\"https:\/\/br.linkedin.com\/jobs\/view\/aplicador-de-isolante-4081983897?position=23&amp;pageNum=0&amp;refId=noJF18TX9pzZ6sTP17yq8A%3D%3D&amp;trackingId=iUrYrmMPWiGbM6MnY1WJXQ%3D%3D&amp;trk=public_jobs_jserp-result_search-card\" target=\"_self\" data-impression-id=\"jobs-search-desktop-22\" data-tracking-control-name=\"public_jobs_jserp-result_search-card\" data-tracking-will-navigate class=\"base-card relative w-full hover:no-underline focus:no-underline base-card--link base-search-card base-search-card--link job-search-card\" data-tracking-client-ingraph data-entity-urn=\"urn:li:jobPosting:4081983897\" data-reference-id=\"noJF18TX9pzZ6sTP17yq8A==\" data-tracking-id=\"iUrYrmMPWiGbM6MnY1WJXQ==\" data-column=\"1\" data-row=\"23\"><\/p>\n<p><!----><\/p>\n<div class=\"search-entity-media\">\n<p>      <img class=\"artdeco-entity-image artdeco-entity-image--square-4\n          artdeco-entity-image--ghost\" data-delayed-url=\"https:\/\/static.licdn.com\/aero-v1\/sc\/h\/6puxblwmhnodu6fjircz4dn4h\" data-ghost-classes=\"artdeco-entity-image--ghost\" data-ghost-url=\"https:\/\/static.licdn.com\/aero-v1\/sc\/h\/6puxblwmhnodu6fjircz4dn4h\" alt><\/p><\/div>\n<div class=\"base-search-card__info\">\n<h3 class=\"base-search-card__title\">\n<p>        Aplicador de Isolante<\/p>\n<\/h3>\n<h4 class=\"base-search-card__subtitle\">\n<p>          laserfast\u00ae<\/p>\n<\/h4>\n<p><!----><\/p>\n<div class=\"base-search-card__metadata\">\n<p>          <span class=\"job-search-card__location\"><br \/>\n            Greater Ribeir\u00e3o Preto<br \/>\n          <\/span><\/p>\n<div class=\"job-posting-benefits text-sm\">\n        <icon class=\"job-posting-benefits__icon\" data-delayed-url=\"https:\/\/static.licdn.com\/aero-v1\/sc\/h\/8zmuwb93gzlb935fk4ao4z779\" data-svg-class-name=\"job-posting-benefits__icon-svg\"><\/icon><br \/>\n        <span class=\"job-posting-benefits__text\"><br \/>\n          Be an early applicant<br \/>\n<!---->        <\/span>\n      <\/div>\n<p>          <time class=\"job-search-card__listdate\" datetime=\"2024-11-25\"><\/p>\n<p>      2 months ago<\/p>\n<p>          <\/time><\/p>\n<p><!---->\n            <\/div>\n<\/p><\/div>\n<p><!---->      <\/p>\n<p>      <\/a><\/p>\n<\/li>\n<li>\n<div class=\"base-card relative w-full hover:no-underline focus:no-underline base-card--link base-search-card base-search-card--link job-search-card\" data-entity-urn=\"urn:li:jobPosting:4134004061\" data-impression-id=\"jobs-search-desktop-23\" data-reference-id=\"noJF18TX9pzZ6sTP17yq8A==\" data-tracking-id=\"s876TjQy0ErvTivD7RkGvw==\" data-column=\"1\" data-row=\"24\">\n<p>        <a class=\"base-card__full-link absolute top-0 right-0 bottom-0 left-0 p-0 z-[2]\" href=\"https:\/\/br.linkedin.com\/jobs\/view\/esteticista-biom%C3%A9dica-sp-at-ribeir%C3%A3o-preto-tem-4134004061?position=24&amp;pageNum=0&amp;refId=noJF18TX9pzZ6sTP17yq8A%3D%3D&amp;trackingId=s876TjQy0ErvTivD7RkGvw%3D%3D\" data-tracking-control-name=\"public_jobs_jserp-result_search-card\" data-tracking-client-ingraph data-tracking-will-navigate><\/p>\n<p>          <span class=\"sr-only\"><\/p>\n<p>        Esteticista\/ Biom\u00e9dica &#8211; SP<\/p>\n<p>          <\/span><br \/>\n        <\/a><\/p>\n<div class=\"search-entity-media\">\n<p>      <img class=\"artdeco-entity-image artdeco-entity-image--square-4\n          \" data-delayed-url=\"https:\/\/media.licdn.com\/dms\/image\/v2\/C4D0BAQEj-0TXTsLBYg\/company-logo_100_100\/company-logo_100_100\/0\/1650683807902\/ribeiro_preto_tem_logo?e=2147483647&amp;v=beta&amp;t=DTxvLJdXkiY01x02WZx7QL5fGPr5WEPu3tv7_lJeR0c\" data-ghost-classes=\"artdeco-entity-image--ghost\" data-ghost-url=\"https:\/\/static.licdn.com\/aero-v1\/sc\/h\/6puxblwmhnodu6fjircz4dn4h\" alt><\/p><\/div>\n<div class=\"base-search-card__info\">\n<h3 class=\"base-search-card__title\">\n<p>        Esteticista\/ Biom\u00e9dica &#8211; SP<\/p>\n<\/h3>\n<h4 class=\"base-search-card__subtitle\">\n<p>          <a class=\"hidden-nested-link\" data-tracking-client-ingraph data-tracking-control-name=\"public_jobs_jserp-result_job-search-card-subtitle\" data-tracking-will-navigate href=\"https:\/\/br.linkedin.com\/company\/ribeir%C3%A3o-preto-tem?trk=public_jobs_jserp-result_job-search-card-subtitle\"><br \/>\n            Ribeir\u00e3o Preto Tem<br \/>\n          <\/a><\/p>\n<\/h4>\n<p><!----><\/p>\n<div class=\"base-search-card__metadata\">\n<p>          <span class=\"job-search-card__location\"><br \/>\n            Greater Ribeir\u00e3o Preto<br \/>\n          <\/span><\/p>\n<div class=\"job-posting-benefits text-sm\">\n        <icon class=\"job-posting-benefits__icon\" data-delayed-url=\"https:\/\/static.licdn.com\/aero-v1\/sc\/h\/8zmuwb93gzlb935fk4ao4z779\" data-svg-class-name=\"job-posting-benefits__icon-svg\"><\/icon><br \/>\n        <span class=\"job-posting-benefits__text\"><br \/>\n          Be an early applicant<br \/>\n<!---->        <\/span>\n      <\/div>\n<p>          <time class=\"job-search-card__listdate\" datetime=\"2025-01-25\"><\/p>\n<p>      1 day ago<\/p>\n<p>          <\/time><\/p>\n<p><!---->\n            <\/div>\n<\/p><\/div>\n<p><!---->      <\/p><\/div>\n<\/li>\n<li>\n<p>      <a href=\"https:\/\/br.linkedin.com\/jobs\/view\/tecnico-de-enfermagem-ribeir%C3%A3o-preto-sp-4134005028?position=25&amp;pageNum=0&amp;refId=noJF18TX9pzZ6sTP17yq8A%3D%3D&amp;trackingId=QZkuYZmbxVK8miysthcPLg%3D%3D&amp;trk=public_jobs_jserp-result_search-card\" target=\"_self\" data-impression-id=\"jobs-search-desktop-24\" data-tracking-control-name=\"public_jobs_jserp-result_search-card\" data-tracking-will-navigate class=\"base-card relative w-full hover:no-underline focus:no-underline base-card--link base-search-card base-search-card--link job-search-card\" data-tracking-client-ingraph data-entity-urn=\"urn:li:jobPosting:4134005028\" data-reference-id=\"noJF18TX9pzZ6sTP17yq8A==\" data-tracking-id=\"QZkuYZmbxVK8miysthcPLg==\" data-column=\"1\" data-row=\"25\"><\/p>\n<p><!----><\/p>\n<div class=\"search-entity-media\">\n<p>      <img class=\"artdeco-entity-image artdeco-entity-image--square-4\n          artdeco-entity-image--ghost\" data-delayed-url=\"https:\/\/static.licdn.com\/aero-v1\/sc\/h\/6puxblwmhnodu6fjircz4dn4h\" data-ghost-classes=\"artdeco-entity-image--ghost\" data-ghost-url=\"https:\/\/static.licdn.com\/aero-v1\/sc\/h\/6puxblwmhnodu6fjircz4dn4h\" alt><\/p><\/div>\n<div class=\"base-search-card__info\">\n<h3 class=\"base-search-card__title\">\n<p>        TECNICO DE ENFERMAGEM &#8211; RIBEIR\u00c3O PRETO &#8211; SP<\/p>\n<\/h3>\n<h4 class=\"base-search-card__subtitle\">\n<p>          Ettica Cooperativa de Trabalho e Servi\u00e7os de Sa\u00fade<\/p>\n<\/h4>\n<p><!----><\/p>\n<div class=\"base-search-card__metadata\">\n<p>          <span class=\"job-search-card__location\"><br \/>\n            Greater Ribeir\u00e3o Preto<br \/>\n          <\/span><\/p>\n<div class=\"job-posting-benefits text-sm\">\n        <icon class=\"job-posting-benefits__icon\" data-delayed-url=\"https:\/\/static.licdn.com\/aero-v1\/sc\/h\/8zmuwb93gzlb935fk4ao4z779\" data-svg-class-name=\"job-posting-benefits__icon-svg\"><\/icon><br \/>\n        <span class=\"job-posting-benefits__text\"><br \/>\n          Be an early applicant<br \/>\n<!---->        <\/span>\n      <\/div>\n<p>          <time class=\"job-search-card__listdate\" datetime=\"2025-01-25\"><\/p>\n<p>      1 day ago<\/p>\n<p>          <\/time><\/p>\n<p><!---->\n            <\/div>\n<\/p><\/div>\n<p><!---->      <\/p>\n<p>      <\/a><\/p>\n<\/li>\n<li>\n<p>      <a href=\"https:\/\/br.linkedin.com\/jobs\/view\/aplicador-de-isolante-4051601666?position=26&amp;pageNum=0&amp;refId=noJF18TX9pzZ6sTP17yq8A%3D%3D&amp;trackingId=Dve%2B0TGO2i8A1hgnG8bxZQ%3D%3D&amp;trk=public_jobs_jserp-result_search-card\" target=\"_self\" data-impression-id=\"jobs-search-desktop-25\" data-tracking-control-name=\"public_jobs_jserp-result_search-card\" data-tracking-will-navigate class=\"base-card relative w-full hover:no-underline focus:no-underline base-card--link base-search-card base-search-card--link job-search-card\" data-tracking-client-ingraph data-entity-urn=\"urn:li:jobPosting:4051601666\" data-reference-id=\"noJF18TX9pzZ6sTP17yq8A==\" data-tracking-id=\"Dve+0TGO2i8A1hgnG8bxZQ==\" data-column=\"1\" data-row=\"26\"><\/p>\n<p><!----><\/p>\n<div class=\"search-entity-media\">\n<p>      <img class=\"artdeco-entity-image artdeco-entity-image--square-4\n          artdeco-entity-image--ghost\" data-delayed-url=\"https:\/\/static.licdn.com\/aero-v1\/sc\/h\/6puxblwmhnodu6fjircz4dn4h\" data-ghost-classes=\"artdeco-entity-image--ghost\" data-ghost-url=\"https:\/\/static.licdn.com\/aero-v1\/sc\/h\/6puxblwmhnodu6fjircz4dn4h\" alt><\/p><\/div>\n<div class=\"base-search-card__info\">\n<h3 class=\"base-search-card__title\">\n<p>        Aplicador de Isolante<\/p>\n<\/h3>\n<h4 class=\"base-search-card__subtitle\">\n<p>          Laser Fast<\/p>\n<\/h4>\n<p><!----><\/p>\n<div class=\"base-search-card__metadata\">\n<p>          <span class=\"job-search-card__location\"><br \/>\n            Greater Ribeir\u00e3o Preto<br \/>\n          <\/span><\/p>\n<div class=\"job-posting-benefits text-sm\">\n        <icon class=\"job-posting-benefits__icon\" data-delayed-url=\"https:\/\/static.licdn.com\/aero-v1\/sc\/h\/8zmuwb93gzlb935fk4ao4z779\" data-svg-class-name=\"job-posting-benefits__icon-svg\"><\/icon><br \/>\n        <span class=\"job-posting-benefits__text\"><br \/>\n          Be an early applicant<br \/>\n<!---->        <\/span>\n      <\/div>\n<p>          <time class=\"job-search-card__listdate\" datetime=\"2024-10-17\"><\/p>\n<p>      3 months ago<\/p>\n<p>          <\/time><\/p>\n<p><!---->\n            <\/div>\n<\/p><\/div>\n<p><!---->      <\/p>\n<p>      <\/a><\/p>\n<\/li>\n<li>\n<div class=\"base-card relative w-full hover:no-underline focus:no-underline base-card--link base-search-card base-search-card--link job-search-card\" data-entity-urn=\"urn:li:jobPosting:4113997070\" data-impression-id=\"jobs-search-desktop-26\" data-reference-id=\"noJF18TX9pzZ6sTP17yq8A==\" data-tracking-id=\"f\/LcmJTNf9naeZlqy5x9fQ==\" data-column=\"1\" data-row=\"27\">\n<p>        <a class=\"base-card__full-link absolute top-0 right-0 bottom-0 left-0 p-0 z-[2]\" href=\"https:\/\/br.linkedin.com\/jobs\/view\/t%C3%A9cnico-quimico-i-ribp-at-coca-cola-andina-brasil-4113997070?position=27&amp;pageNum=0&amp;refId=noJF18TX9pzZ6sTP17yq8A%3D%3D&amp;trackingId=f%2FLcmJTNf9naeZlqy5x9fQ%3D%3D\" data-tracking-control-name=\"public_jobs_jserp-result_search-card\" data-tracking-client-ingraph data-tracking-will-navigate><\/p>\n<p>          <span class=\"sr-only\"><\/p>\n<p>        T\u00c9CNICO QUIMICO I &#8211; RIBP<\/p>\n<p>          <\/span><br \/>\n        <\/a><\/p>\n<div class=\"search-entity-media\">\n<p>      <img class=\"artdeco-entity-image artdeco-entity-image--square-4\n          \" data-delayed-url=\"https:\/\/media.licdn.com\/dms\/image\/v2\/D4D0BAQFtg5MyC618zw\/company-logo_100_100\/company-logo_100_100\/0\/1688391103766\/coca_cola_andina_brasil_logo?e=2147483647&amp;v=beta&amp;t=lnooKS98CgFBnh2A1rLzoXLAIg0J6IS4AD6Mf5O5b6U\" data-ghost-classes=\"artdeco-entity-image--ghost\" data-ghost-url=\"https:\/\/static.licdn.com\/aero-v1\/sc\/h\/6puxblwmhnodu6fjircz4dn4h\" alt><\/p><\/div>\n<div class=\"base-search-card__info\">\n<h3 class=\"base-search-card__title\">\n<p>        T\u00c9CNICO QUIMICO I &#8211; RIBP<\/p>\n<\/h3>\n<h4 class=\"base-search-card__subtitle\">\n<p>          <a class=\"hidden-nested-link\" data-tracking-client-ingraph data-tracking-control-name=\"public_jobs_jserp-result_job-search-card-subtitle\" data-tracking-will-navigate href=\"https:\/\/br.linkedin.com\/company\/coca-cola-andina-brasil?trk=public_jobs_jserp-result_job-search-card-subtitle\"><br \/>\n            Coca-Cola Andina Brasil<br \/>\n          <\/a><\/p>\n<\/h4>\n<p><!----><\/p>\n<div class=\"base-search-card__metadata\">\n<p>          <span class=\"job-search-card__location\"><br \/>\n            Ribeir\u00e3o Preto, S\u00e3o Paulo, Brazil<br \/>\n          <\/span><\/p>\n<p><!---->  <\/p>\n<p>          <time class=\"job-search-card__listdate\" datetime=\"2025-01-04\"><\/p>\n<p>      3 weeks ago<\/p>\n<p>          <\/time><\/p>\n<p><!---->\n            <\/div>\n<\/p><\/div>\n<p><!---->      <\/p><\/div>\n<\/li>\n<li>\n<div class=\"base-card relative w-full hover:no-underline focus:no-underline base-card--link base-search-card base-search-card--link job-search-card\" data-entity-urn=\"urn:li:jobPosting:4110558313\" data-impression-id=\"jobs-search-desktop-27\" data-reference-id=\"noJF18TX9pzZ6sTP17yq8A==\" data-tracking-id=\"ymCzdz8810i+hWOClMroQA==\" data-column=\"1\" data-row=\"28\">\n<p>        <a class=\"base-card__full-link absolute top-0 right-0 bottom-0 left-0 p-0 z-[2]\" href=\"https:\/\/br.linkedin.com\/jobs\/view\/enfermeiro-a-de-cme-ribeir%C3%A3o-preto-sp-at-bioxxi-excel%C3%AAncia-em-esteriliza%C3%A7%C3%A3o-4110558313?position=28&amp;pageNum=0&amp;refId=noJF18TX9pzZ6sTP17yq8A%3D%3D&amp;trackingId=ymCzdz8810i%2BhWOClMroQA%3D%3D\" data-tracking-control-name=\"public_jobs_jserp-result_search-card\" data-tracking-client-ingraph data-tracking-will-navigate><\/p>\n<p>          <span class=\"sr-only\"><\/p>\n<p>        Enfermeiro(a) de CME &#8211; Ribeir\u00e3o Preto\/SP<\/p>\n<p>          <\/span><br \/>\n        <\/a><\/p>\n<div class=\"search-entity-media\">\n<p>      <img class=\"artdeco-entity-image artdeco-entity-image--square-4\n          \" data-delayed-url=\"https:\/\/media.licdn.com\/dms\/image\/v2\/D4D0BAQF25RAiEJkmiw\/company-logo_100_100\/company-logo_100_100\/0\/1733437525224\/bioxxi_logo?e=2147483647&amp;v=beta&amp;t=V-53wwhfc9sSG9uOep5Q1zV73iFJpvfnRBTpIIgZ600\" data-ghost-classes=\"artdeco-entity-image--ghost\" data-ghost-url=\"https:\/\/static.licdn.com\/aero-v1\/sc\/h\/6puxblwmhnodu6fjircz4dn4h\" alt><\/p><\/div>\n<div class=\"base-search-card__info\">\n<h3 class=\"base-search-card__title\">\n<p>        Enfermeiro(a) de CME &#8211; Ribeir\u00e3o Preto\/SP<\/p>\n<\/h3>\n<h4 class=\"base-search-card__subtitle\">\n<p>          <a class=\"hidden-nested-link\" data-tracking-client-ingraph data-tracking-control-name=\"public_jobs_jserp-result_job-search-card-subtitle\" data-tracking-will-navigate href=\"https:\/\/br.linkedin.com\/company\/bioxxi?trk=public_jobs_jserp-result_job-search-card-subtitle\"><br \/>\n            Bioxxi &#8211; Excel\u00eancia em Esteriliza\u00e7\u00e3o<br \/>\n          <\/a><\/p>\n<\/h4>\n<p><!----><\/p>\n<div class=\"base-search-card__metadata\">\n<p>          <span class=\"job-search-card__location\"><br \/>\n            Ribeir\u00e3o Preto, S\u00e3o Paulo, Brazil<br \/>\n          <\/span><\/p>\n<div class=\"job-posting-benefits text-sm\">\n        <icon class=\"job-posting-benefits__icon\" data-delayed-url=\"https:\/\/static.licdn.com\/aero-v1\/sc\/h\/3p1v0uhy7uq0cm5zdvzp4eo18\" data-svg-class-name=\"job-posting-benefits__icon-svg\"><\/icon><br \/>\n        <span class=\"job-posting-benefits__text\"><br \/>\n          Actively Hiring<br \/>\n<!---->        <\/span>\n      <\/div>\n<p>          <time class=\"job-search-card__listdate\" datetime=\"2024-12-27\"><\/p>\n<p>      1 month ago<\/p>\n<p>          <\/time><\/p>\n<p><!---->\n            <\/div>\n<\/p><\/div>\n<p><!---->      <\/p><\/div>\n<\/li>\n<li>\n<div class=\"base-card relative w-full hover:no-underline focus:no-underline base-card--link base-search-card base-search-card--link job-search-card\" data-entity-urn=\"urn:li:jobPosting:4093698941\" data-impression-id=\"jobs-search-desktop-28\" data-reference-id=\"noJF18TX9pzZ6sTP17yq8A==\" data-tracking-id=\"LVjo167ePCljBb\/o\/bfDjQ==\" data-column=\"1\" data-row=\"29\">\n<p>        <a class=\"base-card__full-link absolute top-0 right-0 bottom-0 left-0 p-0 z-[2]\" href=\"https:\/\/br.linkedin.com\/jobs\/view\/eletricista-i-industrial-ribp-at-coca-cola-andina-brasil-4093698941?position=29&amp;pageNum=0&amp;refId=noJF18TX9pzZ6sTP17yq8A%3D%3D&amp;trackingId=LVjo167ePCljBb%2Fo%2FbfDjQ%3D%3D\" data-tracking-control-name=\"public_jobs_jserp-result_search-card\" data-tracking-client-ingraph data-tracking-will-navigate><\/p>\n<p>          <span class=\"sr-only\"><\/p>\n<p>        ELETRICISTA I INDUSTRIAL &#8211; RIBP<\/p>\n<p>          <\/span><br \/>\n        <\/a><\/p>\n<div class=\"search-entity-media\">\n<p>      <img class=\"artdeco-entity-image artdeco-entity-image--square-4\n          \" data-delayed-url=\"https:\/\/media.licdn.com\/dms\/image\/v2\/D4D0BAQFtg5MyC618zw\/company-logo_100_100\/company-logo_100_100\/0\/1688391103766\/coca_cola_andina_brasil_logo?e=2147483647&amp;v=beta&amp;t=lnooKS98CgFBnh2A1rLzoXLAIg0J6IS4AD6Mf5O5b6U\" data-ghost-classes=\"artdeco-entity-image--ghost\" data-ghost-url=\"https:\/\/static.licdn.com\/aero-v1\/sc\/h\/6puxblwmhnodu6fjircz4dn4h\" alt><\/p><\/div>\n<div class=\"base-search-card__info\">\n<h3 class=\"base-search-card__title\">\n<p>        ELETRICISTA I INDUSTRIAL &#8211; RIBP<\/p>\n<\/h3>\n<h4 class=\"base-search-card__subtitle\">\n<p>          <a class=\"hidden-nested-link\" data-tracking-client-ingraph data-tracking-control-name=\"public_jobs_jserp-result_job-search-card-subtitle\" data-tracking-will-navigate href=\"https:\/\/br.linkedin.com\/company\/coca-cola-andina-brasil?trk=public_jobs_jserp-result_job-search-card-subtitle\"><br \/>\n            Coca-Cola Andina Brasil<br \/>\n          <\/a><\/p>\n<\/h4>\n<p><!----><\/p>\n<div class=\"base-search-card__metadata\">\n<p>          <span class=\"job-search-card__location\"><br \/>\n            Ribeir\u00e3o Preto, S\u00e3o Paulo, Brazil<br \/>\n          <\/span><\/p>\n<p><!---->  <\/p>\n<p>          <time class=\"job-search-card__listdate\" datetime=\"2024-12-10\"><\/p>\n<p>      1 month ago<\/p>\n<p>          <\/time><\/p>\n<p><!---->\n            <\/div>\n<\/p><\/div>\n<p><!---->      <\/p><\/div>\n<\/li>\n<li>\n<div class=\"base-card relative w-full hover:no-underline focus:no-underline base-card--link base-search-card base-search-card--link job-search-card\" data-entity-urn=\"urn:li:jobPosting:4127276851\" data-impression-id=\"jobs-search-desktop-29\" data-reference-id=\"noJF18TX9pzZ6sTP17yq8A==\" data-tracking-id=\"6UBe7dUVWh2\/zYtTgCDNUA==\" data-column=\"1\" data-row=\"30\">\n<p>        <a class=\"base-card__full-link absolute top-0 right-0 bottom-0 left-0 p-0 z-[2]\" href=\"https:\/\/br.linkedin.com\/jobs\/view\/eletricista-de-instala%C3%A7%C3%B5es-ribp-at-coca-cola-andina-brasil-4127276851?position=30&amp;pageNum=0&amp;refId=noJF18TX9pzZ6sTP17yq8A%3D%3D&amp;trackingId=6UBe7dUVWh2%2FzYtTgCDNUA%3D%3D\" data-tracking-control-name=\"public_jobs_jserp-result_search-card\" data-tracking-client-ingraph data-tracking-will-navigate><\/p>\n<p>          <span class=\"sr-only\"><\/p>\n<p>        ELETRICISTA DE INSTALA\u00c7\u00d5ES &#8211; RIBP<\/p>\n<p>          <\/span><br \/>\n        <\/a><\/p>\n<div class=\"search-entity-media\">\n<p>      <img class=\"artdeco-entity-image artdeco-entity-image--square-4\n          \" data-delayed-url=\"https:\/\/media.licdn.com\/dms\/image\/v2\/D4D0BAQFtg5MyC618zw\/company-logo_100_100\/company-logo_100_100\/0\/1688391103766\/coca_cola_andina_brasil_logo?e=2147483647&amp;v=beta&amp;t=lnooKS98CgFBnh2A1rLzoXLAIg0J6IS4AD6Mf5O5b6U\" data-ghost-classes=\"artdeco-entity-image--ghost\" data-ghost-url=\"https:\/\/static.licdn.com\/aero-v1\/sc\/h\/6puxblwmhnodu6fjircz4dn4h\" alt><\/p><\/div>\n<div class=\"base-search-card__info\">\n<h3 class=\"base-search-card__title\">\n<p>        ELETRICISTA DE INSTALA\u00c7\u00d5ES &#8211; RIBP<\/p>\n<\/h3>\n<h4 class=\"base-search-card__subtitle\">\n<p>          <a class=\"hidden-nested-link\" data-tracking-client-ingraph data-tracking-control-name=\"public_jobs_jserp-result_job-search-card-subtitle\" data-tracking-will-navigate href=\"https:\/\/br.linkedin.com\/company\/coca-cola-andina-brasil?trk=public_jobs_jserp-result_job-search-card-subtitle\"><br \/>\n            Coca-Cola Andina Brasil<br \/>\n          <\/a><\/p>\n<\/h4>\n<p><!----><\/p>\n<div class=\"base-search-card__metadata\">\n<p>          <span class=\"job-search-card__location\"><br \/>\n            Ribeir\u00e3o Preto, S\u00e3o Paulo, Brazil<br \/>\n          <\/span><\/p>\n<p><!---->  <\/p>\n<p>          <time class=\"job-search-card__listdate\" datetime=\"2025-01-17\"><\/p>\n<p>      1 week ago<\/p>\n<p>          <\/time><\/p>\n<p><!---->\n            <\/div>\n<\/p><\/div>\n<p><!---->      <\/p><\/div>\n<\/li>\n<li>\n<p>      <a href=\"https:\/\/br.linkedin.com\/jobs\/view\/auxiliar-tecnico-de-enfermagem-em-oftalmologia-4134531254?position=31&amp;pageNum=0&amp;refId=noJF18TX9pzZ6sTP17yq8A%3D%3D&amp;trackingId=Z6GSYG9UQLLOVLZ6yOVgrQ%3D%3D&amp;trk=public_jobs_jserp-result_search-card\" target=\"_self\" data-impression-id=\"jobs-search-desktop-30\" data-tracking-control-name=\"public_jobs_jserp-result_search-card\" data-tracking-will-navigate class=\"base-card relative w-full hover:no-underline focus:no-underline base-card--link base-search-card base-search-card--link job-search-card\" data-tracking-client-ingraph data-entity-urn=\"urn:li:jobPosting:4134531254\" data-reference-id=\"noJF18TX9pzZ6sTP17yq8A==\" data-tracking-id=\"Z6GSYG9UQLLOVLZ6yOVgrQ==\" data-column=\"1\" data-row=\"31\"><\/p>\n<p><!----><\/p>\n<div class=\"search-entity-media\">\n<p>      <img class=\"artdeco-entity-image artdeco-entity-image--square-4\n          artdeco-entity-image--ghost\" data-delayed-url=\"https:\/\/static.licdn.com\/aero-v1\/sc\/h\/6puxblwmhnodu6fjircz4dn4h\" data-ghost-classes=\"artdeco-entity-image--ghost\" data-ghost-url=\"https:\/\/static.licdn.com\/aero-v1\/sc\/h\/6puxblwmhnodu6fjircz4dn4h\" alt><\/p><\/div>\n<div class=\"base-search-card__info\">\n<h3 class=\"base-search-card__title\">\n<p>        AUXILIAR\/TECNICO DE ENFERMAGEM em Oftalmologia<\/p>\n<\/h3>\n<h4 class=\"base-search-card__subtitle\">\n<p>          Clinica Oftalmologica <\/p>\n<\/h4>\n<p><!----><\/p>\n<div class=\"base-search-card__metadata\">\n<p>          <span class=\"job-search-card__location\"><br \/>\n            Ribeir\u00e3o Preto, S\u00e3o Paulo, Brazil<br \/>\n          <\/span><\/p>\n<div class=\"job-posting-benefits text-sm\">\n        <icon class=\"job-posting-benefits__icon\" data-delayed-url=\"https:\/\/static.licdn.com\/aero-v1\/sc\/h\/8zmuwb93gzlb935fk4ao4z779\" data-svg-class-name=\"job-posting-benefits__icon-svg\"><\/icon><br \/>\n        <span class=\"job-posting-benefits__text\"><br \/>\n          Be an early applicant<br \/>\n<!---->        <\/span>\n      <\/div>\n<p>          <time class=\"job-search-card__listdate\" datetime=\"2025-01-25\"><\/p>\n<p>      1 day ago<\/p>\n<p>          <\/time><\/p>\n<p><!---->\n            <\/div>\n<\/p><\/div>\n<p><!---->      <\/p>\n<p>      <\/a><\/p>\n<\/li>\n<li>\n<div class=\"base-card relative w-full hover:no-underline focus:no-underline base-card--link base-search-card base-search-card--link job-search-card\" data-entity-urn=\"urn:li:jobPosting:4098482957\" data-impression-id=\"jobs-search-desktop-31\" data-reference-id=\"noJF18TX9pzZ6sTP17yq8A==\" data-tracking-id=\"ZSjOGD4CgWM1aInNK+lhyg==\" data-column=\"1\" data-row=\"32\">\n<p>        <a class=\"base-card__full-link absolute top-0 right-0 bottom-0 left-0 p-0 z-[2]\" href=\"https:\/\/br.linkedin.com\/jobs\/view\/professor-tecnico-enfermagem-ribeir%C3%A3o-preto-sp-at-cogna-educa%C3%A7%C3%A3o-4098482957?position=32&amp;pageNum=0&amp;refId=noJF18TX9pzZ6sTP17yq8A%3D%3D&amp;trackingId=ZSjOGD4CgWM1aInNK%2Blhyg%3D%3D\" data-tracking-control-name=\"public_jobs_jserp-result_search-card\" data-tracking-client-ingraph data-tracking-will-navigate><\/p>\n<p>          <span class=\"sr-only\"><\/p>\n<p>        PROFESSOR TECNICO ENFERMAGEM &#8211; RIBEIR\u00c3O PRETO\/SP<\/p>\n<p>          <\/span><br \/>\n        <\/a><\/p>\n<div class=\"search-entity-media\">\n<p>      <img class=\"artdeco-entity-image artdeco-entity-image--square-4\n          \" data-delayed-url=\"https:\/\/media.licdn.com\/dms\/image\/v2\/D4D0BAQEAM1wDUG8BxA\/company-logo_100_100\/company-logo_100_100\/0\/1725891332887\/cogna_educao_logo?e=2147483647&amp;v=beta&amp;t=US3zz8SEo65MDAzwS-TlO8PPzl2i2l65FuWhZbFV1fQ\" data-ghost-classes=\"artdeco-entity-image--ghost\" data-ghost-url=\"https:\/\/static.licdn.com\/aero-v1\/sc\/h\/6puxblwmhnodu6fjircz4dn4h\" alt><\/p><\/div>\n<div class=\"base-search-card__info\">\n<h3 class=\"base-search-card__title\">\n<p>        PROFESSOR TECNICO ENFERMAGEM &#8211; RIBEIR\u00c3O PRETO\/SP<\/p>\n<\/h3>\n<h4 class=\"base-search-card__subtitle\">\n<p>          <a class=\"hidden-nested-link\" data-tracking-client-ingraph data-tracking-control-name=\"public_jobs_jserp-result_job-search-card-subtitle\" data-tracking-will-navigate href=\"https:\/\/br.linkedin.com\/company\/cogna-educa%C3%A7%C3%A3o?trk=public_jobs_jserp-result_job-search-card-subtitle\"><br \/>\n            Cogna Educa\u00e7\u00e3o<br \/>\n          <\/a><\/p>\n<\/h4>\n<p><!----><\/p>\n<div class=\"base-search-card__metadata\">\n<p>          <span class=\"job-search-card__location\"><br \/>\n            Ribeir\u00e3o Preto, S\u00e3o Paulo, Brazil<br \/>\n          <\/span><\/p>\n<div class=\"job-posting-benefits text-sm\">\n        <icon class=\"job-posting-benefits__icon\" data-delayed-url=\"https:\/\/static.licdn.com\/aero-v1\/sc\/h\/3p1v0uhy7uq0cm5zdvzp4eo18\" data-svg-class-name=\"job-posting-benefits__icon-svg\"><\/icon><br \/>\n        <span class=\"job-posting-benefits__text\"><br \/>\n          Actively Hiring<br \/>\n<!---->        <\/span>\n      <\/div>\n<p>          <time class=\"job-search-card__listdate\" datetime=\"2024-12-12\"><\/p>\n<p>      1 month ago<\/p>\n<p>          <\/time><\/p>\n<p><!---->\n            <\/div>\n<\/p><\/div>\n<p><!---->      <\/p><\/div>\n<\/li>\n<li>\n<p>      <a href=\"https:\/\/br.linkedin.com\/jobs\/view\/t%C3%A9cnico-de-enfermagem-4127254243?position=33&amp;pageNum=0&amp;refId=noJF18TX9pzZ6sTP17yq8A%3D%3D&amp;trackingId=x8WOrHPMSsyQIyS28DFGKQ%3D%3D&amp;trk=public_jobs_jserp-result_search-card\" target=\"_self\" data-impression-id=\"jobs-search-desktop-32\" data-tracking-control-name=\"public_jobs_jserp-result_search-card\" data-tracking-will-navigate class=\"base-card relative w-full hover:no-underline focus:no-underline base-card--link base-search-card base-search-card--link job-search-card\" data-tracking-client-ingraph data-entity-urn=\"urn:li:jobPosting:4127254243\" data-reference-id=\"noJF18TX9pzZ6sTP17yq8A==\" data-tracking-id=\"x8WOrHPMSsyQIyS28DFGKQ==\" data-column=\"1\" data-row=\"33\"><\/p>\n<p><!----><\/p>\n<div class=\"search-entity-media\">\n<p>      <img class=\"artdeco-entity-image artdeco-entity-image--square-4\n          artdeco-entity-image--ghost\" data-delayed-url=\"https:\/\/static.licdn.com\/aero-v1\/sc\/h\/6puxblwmhnodu6fjircz4dn4h\" data-ghost-classes=\"artdeco-entity-image--ghost\" data-ghost-url=\"https:\/\/static.licdn.com\/aero-v1\/sc\/h\/6puxblwmhnodu6fjircz4dn4h\" alt><\/p><\/div>\n<div class=\"base-search-card__info\">\n<h3 class=\"base-search-card__title\">\n<p>        T\u00e9cnico de enfermagem<\/p>\n<\/h3>\n<h4 class=\"base-search-card__subtitle\">\n<p>          Home care saude e amor<\/p>\n<\/h4>\n<p><!----><\/p>\n<div class=\"base-search-card__metadata\">\n<p>          <span class=\"job-search-card__location\"><br \/>\n            Ribeir\u00e3o Preto, S\u00e3o Paulo, Brazil<br \/>\n          <\/span><\/p>\n<div class=\"job-posting-benefits text-sm\">\n        <icon class=\"job-posting-benefits__icon\" data-delayed-url=\"https:\/\/static.licdn.com\/aero-v1\/sc\/h\/8zmuwb93gzlb935fk4ao4z779\" data-svg-class-name=\"job-posting-benefits__icon-svg\"><\/icon><br \/>\n        <span class=\"job-posting-benefits__text\"><br \/>\n          Be an early applicant<br \/>\n<!---->        <\/span>\n      <\/div>\n<p>          <time class=\"job-search-card__listdate\" datetime=\"2025-01-17\"><\/p>\n<p>      1 week ago<\/p>\n<p>          <\/time><\/p>\n<p><!---->\n            <\/div>\n<\/p><\/div>\n<p><!---->      <\/p>\n<p>      <\/a><\/p>\n<\/li>\n<li>\n<div class=\"base-card relative w-full hover:no-underline focus:no-underline base-card--link base-search-card base-search-card--link job-search-card\" data-entity-urn=\"urn:li:jobPosting:4123392847\" data-impression-id=\"jobs-search-desktop-33\" data-reference-id=\"noJF18TX9pzZ6sTP17yq8A==\" data-tracking-id=\"KSKtnCaOfR2g5PPpLHY66Q==\" data-column=\"1\" data-row=\"34\">\n<p>        <a class=\"base-card__full-link absolute top-0 right-0 bottom-0 left-0 p-0 z-[2]\" href=\"https:\/\/br.linkedin.com\/jobs\/view\/professor-curso-tecnico-enfermagem-afirmativa-para-pessoas-com-defici%C3%AAncia-ribeir%C3%A3o-preto-sp-at-cogna-educa%C3%A7%C3%A3o-4123392847?position=34&amp;pageNum=0&amp;refId=noJF18TX9pzZ6sTP17yq8A%3D%3D&amp;trackingId=KSKtnCaOfR2g5PPpLHY66Q%3D%3D\" data-tracking-control-name=\"public_jobs_jserp-result_search-card\" data-tracking-client-ingraph data-tracking-will-navigate><\/p>\n<p>          <span class=\"sr-only\"><\/p>\n<p>        PROFESSOR CURSO TECNICO ENFERMAGEM &#8211; AFIRMATIVA PARA PESSOAS COM DEFICI\u00caNCIA &#8211; RIBEIR\u00c3O PRETO\/SP<\/p>\n<p>          <\/span><br \/>\n        <\/a><\/p>\n<div class=\"search-entity-media\">\n<p>      <img class=\"artdeco-entity-image artdeco-entity-image--square-4\n          \" data-delayed-url=\"https:\/\/media.licdn.com\/dms\/image\/v2\/D4D0BAQEAM1wDUG8BxA\/company-logo_100_100\/company-logo_100_100\/0\/1725891332887\/cogna_educao_logo?e=2147483647&amp;v=beta&amp;t=US3zz8SEo65MDAzwS-TlO8PPzl2i2l65FuWhZbFV1fQ\" data-ghost-classes=\"artdeco-entity-image--ghost\" data-ghost-url=\"https:\/\/static.licdn.com\/aero-v1\/sc\/h\/6puxblwmhnodu6fjircz4dn4h\" alt><\/p><\/div>\n<div class=\"base-search-card__info\">\n<h3 class=\"base-search-card__title\">\n<p>        PROFESSOR CURSO TECNICO ENFERMAGEM &#8211; AFIRMATIVA PARA PESSOAS COM DEFICI\u00caNCIA &#8211; RIBEIR\u00c3O PRETO\/SP<\/p>\n<\/h3>\n<h4 class=\"base-search-card__subtitle\">\n<p>          <a class=\"hidden-nested-link\" data-tracking-client-ingraph data-tracking-control-name=\"public_jobs_jserp-result_job-search-card-subtitle\" data-tracking-will-navigate href=\"https:\/\/br.linkedin.com\/company\/cogna-educa%C3%A7%C3%A3o?trk=public_jobs_jserp-result_job-search-card-subtitle\"><br \/>\n            Cogna Educa\u00e7\u00e3o<br \/>\n          <\/a><\/p>\n<\/h4>\n<p><!----><\/p>\n<div class=\"base-search-card__metadata\">\n<p>          <span class=\"job-search-card__location\"><br \/>\n            Ribeir\u00e3o Preto, S\u00e3o Paulo, Brazil<br \/>\n          <\/span><\/p>\n<div class=\"job-posting-benefits text-sm\">\n        <icon class=\"job-posting-benefits__icon\" data-delayed-url=\"https:\/\/static.licdn.com\/aero-v1\/sc\/h\/8zmuwb93gzlb935fk4ao4z779\" data-svg-class-name=\"job-posting-benefits__icon-svg\"><\/icon><br \/>\n        <span class=\"job-posting-benefits__text\"><br \/>\n          Be an early applicant<br \/>\n<!---->        <\/span>\n      <\/div>\n<p>          <time class=\"job-search-card__listdate\" datetime=\"2025-01-14\"><\/p>\n<p>      1 week ago<\/p>\n<p>          <\/time><\/p>\n<p><!---->\n            <\/div>\n<\/p><\/div>\n<p><!---->      <\/p><\/div>\n<\/li>\n<li>\n<div class=\"base-card relative w-full hover:no-underline focus:no-underline base-card--link base-search-card base-search-card--link job-search-card\" data-entity-urn=\"urn:li:jobPosting:4134667375\" data-impression-id=\"jobs-search-desktop-34\" data-reference-id=\"noJF18TX9pzZ6sTP17yq8A==\" data-tracking-id=\"Ef+LRmnG0cFefOpv31FFTQ==\" data-column=\"1\" data-row=\"35\">\n<p>        <a class=\"base-card__full-link absolute top-0 right-0 bottom-0 left-0 p-0 z-[2]\" href=\"https:\/\/br.linkedin.com\/jobs\/view\/enfermeiro-a-de-cme-ribeirao-preto-sp-at-netvagas-4134667375?position=35&amp;pageNum=0&amp;refId=noJF18TX9pzZ6sTP17yq8A%3D%3D&amp;trackingId=Ef%2BLRmnG0cFefOpv31FFTQ%3D%3D\" data-tracking-control-name=\"public_jobs_jserp-result_search-card\" data-tracking-client-ingraph data-tracking-will-navigate><\/p>\n<p>          <span class=\"sr-only\"><\/p>\n<p>        Enfermeiro a de cme ribeirao preto sp<\/p>\n<p>          <\/span><br \/>\n        <\/a><\/p>\n<div class=\"search-entity-media\">\n<p>      <img class=\"artdeco-entity-image artdeco-entity-image--square-4\n          \" data-delayed-url=\"https:\/\/media.licdn.com\/dms\/image\/v2\/D4D0BAQFNvGpMnqN_YA\/company-logo_100_100\/company-logo_100_100\/0\/1694139785509\/netvagas_logo?e=2147483647&amp;v=beta&amp;t=RQNxyZckIxR3jMwO83oUsCX7IRxMzhoFgr87_tDzBs8\" data-ghost-classes=\"artdeco-entity-image--ghost\" data-ghost-url=\"https:\/\/static.licdn.com\/aero-v1\/sc\/h\/6puxblwmhnodu6fjircz4dn4h\" alt><\/p><\/div>\n<div class=\"base-search-card__info\">\n<h3 class=\"base-search-card__title\">\n<p>        Enfermeiro a de cme ribeirao preto sp<\/p>\n<\/h3>\n<h4 class=\"base-search-card__subtitle\">\n<p>          <a class=\"hidden-nested-link\" data-tracking-client-ingraph data-tracking-control-name=\"public_jobs_jserp-result_job-search-card-subtitle\" data-tracking-will-navigate href=\"https:\/\/br.linkedin.com\/company\/netvagas?trk=public_jobs_jserp-result_job-search-card-subtitle\"><br \/>\n            Netvagas<br \/>\n          <\/a><\/p>\n<\/h4>\n<p><!----><\/p>\n<div class=\"base-search-card__metadata\">\n<p>          <span class=\"job-search-card__location\"><br \/>\n            Ribeir\u00e3o Preto, S\u00e3o Paulo, Brazil<br \/>\n          <\/span><\/p>\n<div class=\"job-posting-benefits text-sm\">\n        <icon class=\"job-posting-benefits__icon\" data-delayed-url=\"https:\/\/static.licdn.com\/aero-v1\/sc\/h\/8zmuwb93gzlb935fk4ao4z779\" data-svg-class-name=\"job-posting-benefits__icon-svg\"><\/icon><br \/>\n        <span class=\"job-posting-benefits__text\"><br \/>\n          Be an early applicant<br \/>\n<!---->        <\/span>\n      <\/div>\n<p>          <time class=\"job-search-card__listdate\" datetime=\"2025-01-25\"><\/p>\n<p>      1 day ago<\/p>\n<p>          <\/time><\/p>\n<p><!---->\n            <\/div>\n<\/p><\/div>\n<p><!---->      <\/p><\/div>\n<\/li>\n<li>\n<div class=\"base-card relative w-full hover:no-underline focus:no-underline base-card--link base-search-card base-search-card--link job-search-card\" data-entity-urn=\"urn:li:jobPosting:4111721515\" data-impression-id=\"jobs-search-desktop-35\" data-reference-id=\"noJF18TX9pzZ6sTP17yq8A==\" data-tracking-id=\"99dhL78DAmp5FqsegVZ+TQ==\" data-column=\"1\" data-row=\"36\">\n<p>        <a class=\"base-card__full-link absolute top-0 right-0 bottom-0 left-0 p-0 z-[2]\" href=\"https:\/\/br.linkedin.com\/jobs\/view\/instrumentador-cir%C3%BArgico-de-transplante-capilar-t%C3%A9cnico-de-enfermagem-at-stanley-s-4111721515?position=36&amp;pageNum=0&amp;refId=noJF18TX9pzZ6sTP17yq8A%3D%3D&amp;trackingId=99dhL78DAmp5FqsegVZ%2BTQ%3D%3D\" data-tracking-control-name=\"public_jobs_jserp-result_search-card\" data-tracking-client-ingraph data-tracking-will-navigate><\/p>\n<p>          <span class=\"sr-only\"><\/p>\n<p>        Instrumentador Cir\u00fargico de Transplante Capilar | T\u00e9cnico de Enfermagem<\/p>\n<p>          <\/span><br \/>\n        <\/a><\/p>\n<div class=\"search-entity-media\">\n<p>      <img class=\"artdeco-entity-image artdeco-entity-image--square-4\n          \" data-delayed-url=\"https:\/\/media.licdn.com\/dms\/image\/v2\/D4D0BAQEadX2ub76Zow\/company-logo_100_100\/company-logo_100_100\/0\/1734712633168\/stanleysholding_logo?e=2147483647&amp;v=beta&amp;t=3uTHcH5UPAtqWRLS9QvxvKDEvwQ2rCpe3voUNfse0vs\" data-ghost-classes=\"artdeco-entity-image--ghost\" data-ghost-url=\"https:\/\/static.licdn.com\/aero-v1\/sc\/h\/6puxblwmhnodu6fjircz4dn4h\" alt><\/p><\/div>\n<div class=\"base-search-card__info\">\n<h3 class=\"base-search-card__title\">\n<p>        Instrumentador Cir\u00fargico de Transplante Capilar | T\u00e9cnico de Enfermagem<\/p>\n<\/h3>\n<h4 class=\"base-search-card__subtitle\">\n<p>          <a class=\"hidden-nested-link\" data-tracking-client-ingraph data-tracking-control-name=\"public_jobs_jserp-result_job-search-card-subtitle\" data-tracking-will-navigate href=\"https:\/\/br.linkedin.com\/company\/stanleysholding?trk=public_jobs_jserp-result_job-search-card-subtitle\"><br \/>\n            Stanley&#8217;s<br \/>\n          <\/a><\/p>\n<\/h4>\n<p><!----><\/p>\n<div class=\"base-search-card__metadata\">\n<p>          <span class=\"job-search-card__location\"><br \/>\n            Ribeir\u00e3o Preto, S\u00e3o Paulo, Brazil<br \/>\n          <\/span><\/p>\n<p><!---->  <\/p>\n<p>          <time class=\"job-search-card__listdate\" datetime=\"2024-12-28\"><\/p>\n<p>      4 weeks ago<\/p>\n<p>          <\/time><\/p>\n<p><!---->\n            <\/div>\n<\/p><\/div>\n<p><!---->      <\/p><\/div>\n<\/li>\n<li>\n<div class=\"base-card relative w-full hover:no-underline focus:no-underline base-card--link base-search-card base-search-card--link job-search-card\" data-entity-urn=\"urn:li:jobPosting:4131802704\" data-impression-id=\"jobs-search-desktop-36\" data-reference-id=\"noJF18TX9pzZ6sTP17yq8A==\" data-tracking-id=\"xo06irDa61rP7m25nh9kvg==\" data-column=\"1\" data-row=\"37\">\n<p>        <a class=\"base-card__full-link absolute top-0 right-0 bottom-0 left-0 p-0 z-[2]\" href=\"https:\/\/br.linkedin.com\/jobs\/view\/pessoa-monitora-de-est%C3%A1gio-enfermagem-ribeir%C3%A3o-preto-sp-at-cogna-educa%C3%A7%C3%A3o-4131802704?position=37&amp;pageNum=0&amp;refId=noJF18TX9pzZ6sTP17yq8A%3D%3D&amp;trackingId=xo06irDa61rP7m25nh9kvg%3D%3D\" data-tracking-control-name=\"public_jobs_jserp-result_search-card\" data-tracking-client-ingraph data-tracking-will-navigate><\/p>\n<p>          <span class=\"sr-only\"><\/p>\n<p>        PESSOA MONITORA DE EST\u00c1GIO &#8211; ENFERMAGEM &#8211; RIBEIR\u00c3O PRETO\/SP<\/p>\n<p>          <\/span><br \/>\n        <\/a><\/p>\n<div class=\"search-entity-media\">\n<p>      <img class=\"artdeco-entity-image artdeco-entity-image--square-4\n          \" data-delayed-url=\"https:\/\/media.licdn.com\/dms\/image\/v2\/D4D0BAQEAM1wDUG8BxA\/company-logo_100_100\/company-logo_100_100\/0\/1725891332887\/cogna_educao_logo?e=2147483647&amp;v=beta&amp;t=US3zz8SEo65MDAzwS-TlO8PPzl2i2l65FuWhZbFV1fQ\" data-ghost-classes=\"artdeco-entity-image--ghost\" data-ghost-url=\"https:\/\/static.licdn.com\/aero-v1\/sc\/h\/6puxblwmhnodu6fjircz4dn4h\" alt><\/p><\/div>\n<div class=\"base-search-card__info\">\n<h3 class=\"base-search-card__title\">\n<p>        PESSOA MONITORA DE EST\u00c1GIO &#8211; ENFERMAGEM &#8211; RIBEIR\u00c3O PRETO\/SP<\/p>\n<\/h3>\n<h4 class=\"base-search-card__subtitle\">\n<p>          <a class=\"hidden-nested-link\" data-tracking-client-ingraph data-tracking-control-name=\"public_jobs_jserp-result_job-search-card-subtitle\" data-tracking-will-navigate href=\"https:\/\/br.linkedin.com\/company\/cogna-educa%C3%A7%C3%A3o?trk=public_jobs_jserp-result_job-search-card-subtitle\"><br \/>\n            Cogna Educa\u00e7\u00e3o<br \/>\n          <\/a><\/p>\n<\/h4>\n<p><!----><\/p>\n<div class=\"base-search-card__metadata\">\n<p>          <span class=\"job-search-card__location\"><br \/>\n            Ribeir\u00e3o Preto, S\u00e3o Paulo, Brazil<br \/>\n          <\/span><\/p>\n<div class=\"job-posting-benefits text-sm\">\n        <icon class=\"job-posting-benefits__icon\" data-delayed-url=\"https:\/\/static.licdn.com\/aero-v1\/sc\/h\/8zmuwb93gzlb935fk4ao4z779\" data-svg-class-name=\"job-posting-benefits__icon-svg\"><\/icon><br \/>\n        <span class=\"job-posting-benefits__text\"><br \/>\n          Be an early applicant<br \/>\n<!---->        <\/span>\n      <\/div>\n<p>          <time class=\"job-search-card__listdate\" datetime=\"2025-01-22\"><\/p>\n<p>      3 days ago<\/p>\n<p>          <\/time><\/p>\n<p><!---->\n            <\/div>\n<\/p><\/div>\n<p><!---->      <\/p><\/div>\n<\/li>\n<\/ul>\n<p><!----><\/p>\n<div class=\"px-1.5 flex inline-notification text-color-signal-positive see-more-jobs__viewed-all\" role=\"alert\" type=\"success\">\n      <icon class=\"inline-notification__icon w-[20px] h-[20px] shrink-0 mr-[10px] inline-block\" data-delayed-url=\"https:\/\/static.licdn.com\/aero-v1\/sc\/h\/5y10kyxw0tpa4rk80dkbjhk6b\"><\/icon><\/p>\n<p class=\"inline-notification__text text-sm leading-regular\">\n        You&#8217;ve viewed all jobs for this search<br \/>\n<!---->      <\/p>\n<\/p><\/div>\n<p><!---->  <\/p>\n<\/section>\n<p>        <\/main><br \/>\n<a class=\"base-card__full-link absolute top-0 right-0 bottom-0 left-0 p-0 z-[2]\" href=\"https:\/\/br.linkedin.com\/jobs\/view\/edital-030-2025-enfermeiro-externo-ribeir%C3%A3o-preto-at-cejam-centro-de-estudos-e-pesquisas-dr-jo%C3%A3o-amorim-oficial-4115791661?position=2&amp;pageNum=0&amp;refId=noJF18TX9pzZ6sTP17yq8A%3D%3D&amp;trackingId=2o6tycVbo9bOvDNArGXCJA%3D%3D\" data-tracking-control-name=\"public_jobs_jserp-result_search-card\" data-tracking-client-ingraph data-tracking-will-navigate><\/p>\n<p>          <span class=\"sr-only\"><\/p>\n<p>        EDITAL 030\/2025 &#8211; ENFERMEIRO (EXTERNO) &#8211; RIBEIR\u00c3O PRETO<\/p>\n<p>          <\/span><br \/>\n        <\/a><\/p>\n<div class='code-block code-block-4' style='margin: 8px auto 8px 0; text-align: left; display: block; clear: both;'>\n\ud83d\udce2 Aviso Legal\n\nO site ismaelcolosi.com.br atua apenas como um canal de divulga\u00e7\u00e3o de oportunidades de emprego e n\u00e3o se responsabiliza pelo processo seletivo, contrata\u00e7\u00e3o ou qualquer outra etapa relacionada \u00e0s vagas publicadas. Todas as informa\u00e7\u00f5es s\u00e3o de responsabilidade dos anunciantes.\n\n\u26a0\ufe0f Aten\u00e7\u00e3o! Nunca pague por promessas de emprego nem compre cursos que garantam contrata\u00e7\u00e3o. Desconfie de qualquer cobran\u00e7a para participar de sele\u00e7\u00f5es.\n\n\n\n<\/div>\n<!-- CONTENT END 1 -->\n","protected":false},"excerpt":{"rendered":"<p>EDITAL 025\/2025 &#8211; T\u00c9CNICO DE ENFERMAGEM (EXTERNO) &#8211; RIBEIR\u00c3O PRETO EDITAL 030\/2025 &#8211; ENFERMEIRO (EXTERNO) &#8211; RIBEIR\u00c3O PRETO ALMOXARIFE I &#8211; RIBP Coordenadora T\u00e9cnico Administrativa&#8230;<\/p>\n","protected":false},"author":1,"featured_media":82227,"comment_status":"open","ping_status":"open","sticky":false,"template":"","format":"standard","meta":{"_uag_custom_page_level_css":"","advanced_seo_description":"","jetpack_seo_html_title":"","jetpack_seo_noindex":false,"jetpack_post_was_ever_published":false,"_jetpack_newsletter_access":"","_jetpack_dont_email_post_to_subs":false,"_jetpack_newsletter_tier_id":0,"_jetpack_memberships_contains_paywalled_content":false,"_jetpack_memberships_contains_paid_content":false,"footnotes":"","jetpack_publicize_message":"","jetpack_publicize_feature_enabled":true,"jetpack_social_post_already_shared":true,"jetpack_social_options":{"image_generator_settings":{"template":"highway","default_image_id":0,"font":"","enabled":false},"version":2}},"categories":[7],"tags":[],"class_list":["post-82226","post","type-post","status-publish","format-standard","has-post-thumbnail","hentry","category-vagas-de-empregos-em-ribeirao-preto-regiao-brasil"],"jetpack_publicize_connections":[],"jetpack_featured_media_url":"https:\/\/i0.wp.com\/ismaelcolosi.com.br\/wp-content\/uploads\/2025\/01\/1737929908_matriz-de-bordado-simbolo-enfermagem-matriz-emb.jpg?fit=1200%2C900&ssl=1","uagb_featured_image_src":{"full":["https:\/\/i0.wp.com\/ismaelcolosi.com.br\/wp-content\/uploads\/2025\/01\/1737929908_matriz-de-bordado-simbolo-enfermagem-matriz-emb.jpg?fit=1200%2C900&ssl=1",1200,900,false],"thumbnail":["https:\/\/i0.wp.com\/ismaelcolosi.com.br\/wp-content\/uploads\/2025\/01\/1737929908_matriz-de-bordado-simbolo-enfermagem-matriz-emb.jpg?resize=150%2C150&ssl=1",150,150,true],"medium":["https:\/\/i0.wp.com\/ismaelcolosi.com.br\/wp-content\/uploads\/2025\/01\/1737929908_matriz-de-bordado-simbolo-enfermagem-matriz-emb.jpg?fit=300%2C225&ssl=1",300,225,true],"medium_large":["https:\/\/i0.wp.com\/ismaelcolosi.com.br\/wp-content\/uploads\/2025\/01\/1737929908_matriz-de-bordado-simbolo-enfermagem-matriz-emb.jpg?fit=768%2C576&ssl=1",768,576,true],"large":["https:\/\/i0.wp.com\/ismaelcolosi.com.br\/wp-content\/uploads\/2025\/01\/1737929908_matriz-de-bordado-simbolo-enfermagem-matriz-emb.jpg?fit=1024%2C768&ssl=1",1024,768,true],"1536x1536":["https:\/\/i0.wp.com\/ismaelcolosi.com.br\/wp-content\/uploads\/2025\/01\/1737929908_matriz-de-bordado-simbolo-enfermagem-matriz-emb.jpg?fit=1200%2C900&ssl=1",1200,900,true],"2048x2048":["https:\/\/i0.wp.com\/ismaelcolosi.com.br\/wp-content\/uploads\/2025\/01\/1737929908_matriz-de-bordado-simbolo-enfermagem-matriz-emb.jpg?fit=1200%2C900&ssl=1",1200,900,true],"really-simple-thumb":["https:\/\/i0.wp.com\/ismaelcolosi.com.br\/wp-content\/uploads\/2025\/01\/1737929908_matriz-de-bordado-simbolo-enfermagem-matriz-emb.jpg?resize=370%2C247&ssl=1",370,247,true]},"uagb_author_info":{"display_name":"ismaelcolosi.com.br","author_link":"https:\/\/ismaelcolosi.com.br\/index.php\/author\/vidareal-online\/"},"uagb_comment_info":0,"uagb_excerpt":"EDITAL 025\/2025 &#8211; T\u00c9CNICO DE ENFERMAGEM (EXTERNO) &#8211; RIBEIR\u00c3O PRETO EDITAL 030\/2025 &#8211; ENFERMEIRO (EXTERNO) &#8211; RIBEIR\u00c3O PRETO ALMOXARIFE I &#8211; RIBP Coordenadora T\u00e9cnico Administrativa...","jetpack-related-posts":[{"id":86892,"url":"https:\/\/ismaelcolosi.com.br\/index.php\/2025\/08\/01\/vagas-de-emprego-na-nova-bene-complexo-hospitalar-ribeirao-preto-em-ribeirao-preto-sp-18\/","url_meta":{"origin":82226,"position":0},"title":"Vagas de emprego na Nova Ben\u00ea Complexo Hospitalar Ribeir\u00e3o Preto em Ribeir\u00e3o Preto-SP","author":"ismaelcolosi.com.br","date":"1 de August de 2025","format":false,"excerpt":"T\u00e9cnico de enfermagem (Pronto Atendimento SUS) Get notified about new Nova Ben\u00ea Complexo Hospitalar Ribeir\u00e3o Preto jobs in Ribeir\u00e3o Preto. Sign in to create job alert 1 Nova Ben\u00ea Complexo Hospitalar Ribeir\u00e3o Preto Jobs in Ribeir\u00e3o Preto T\u00e9cnico de enfermagem (Pronto Atendimento SUS) T\u00e9cnico de enfermagem (Pronto Atendimento SUS) Nova\u2026","rel":"","context":"In &quot;Vagas de Emprego em Ribeir\u00e3o Preto-SP&quot;","block_context":{"text":"Vagas de Emprego em Ribeir\u00e3o Preto-SP","link":"https:\/\/ismaelcolosi.com.br\/index.php\/category\/empregos-classificados-vagas-trabalho\/vagas-de-empregos-em-ribeirao-preto-regiao-brasil\/"},"img":{"alt_text":"","src":"","width":0,"height":0},"classes":[]},{"id":83892,"url":"https:\/\/ismaelcolosi.com.br\/index.php\/2025\/03\/19\/vagas-de-emprego-na-nova-bene-complexo-hospitalar-ribeirao-preto-em-ribeirao-preto-sp-11\/","url_meta":{"origin":82226,"position":1},"title":"Vagas de emprego na Nova Ben\u00ea Complexo Hospitalar Ribeir\u00e3o Preto em Ribeir\u00e3o Preto-SP","author":"ismaelcolosi.com.br","date":"19 de March de 2025","format":false,"excerpt":"T\u00e9cnico em Nutri\u00e7\u00e3o T\u00e9cnico de enfermagem ou t\u00e9cnico de laborat\u00f3rio Get notified about new Nova Ben\u00ea Complexo Hospitalar Ribeir\u00e3o Preto jobs in Ribeir\u00e3o Preto. Sign in to create job alert 2 Nova Ben\u00ea Complexo Hospitalar Ribeir\u00e3o Preto Jobs in Ribeir\u00e3o Preto T\u00e9cnico em Nutri\u00e7\u00e3o T\u00e9cnico em Nutri\u00e7\u00e3o Nova Ben\u00ea Complexo\u2026","rel":"","context":"In &quot;Vagas de Emprego em Ribeir\u00e3o Preto-SP&quot;","block_context":{"text":"Vagas de Emprego em Ribeir\u00e3o Preto-SP","link":"https:\/\/ismaelcolosi.com.br\/index.php\/category\/empregos-classificados-vagas-trabalho\/vagas-de-empregos-em-ribeirao-preto-regiao-brasil\/"},"img":{"alt_text":"","src":"https:\/\/i0.wp.com\/ismaelcolosi.com.br\/wp-content\/uploads\/2025\/03\/1742422014_HOSPITAL_VA.jpg?fit=540%2C540&ssl=1&resize=350%2C200","width":350,"height":200,"srcset":"https:\/\/i0.wp.com\/ismaelcolosi.com.br\/wp-content\/uploads\/2025\/03\/1742422014_HOSPITAL_VA.jpg?fit=540%2C540&ssl=1&resize=350%2C200 1x, https:\/\/i0.wp.com\/ismaelcolosi.com.br\/wp-content\/uploads\/2025\/03\/1742422014_HOSPITAL_VA.jpg?fit=540%2C540&ssl=1&resize=525%2C300 1.5x"},"classes":[]},{"id":88760,"url":"https:\/\/ismaelcolosi.com.br\/index.php\/2026\/01\/06\/vagas-de-emprego-para-enfermagem-em-ribeirao-preto-sp-29\/","url_meta":{"origin":82226,"position":2},"title":"Vagas de emprego para Enfermagem em Ribeir\u00e3o Preto-SP","author":"ismaelcolosi.com.br","date":"6 de January de 2026","format":false,"excerpt":"RECEPCIONISTA | RIBEIR\u00c3O PRETO - SP Recepcionista Recepcionista - Coco Bambu Ribeir\u00e3o Preto Get notified about new Enfermagem jobs in Ribeir\u00e3o Preto. Sign in to create job alert 127 Enfermagem Jobs in Ribeir\u00e3o Preto RECEPCIONISTA | RIBEIR\u00c3O PRETO - SP RECEPCIONISTA | RIBEIR\u00c3O PRETO - SP Grupo Drumattos Ribeir\u00e3o Preto,\u2026","rel":"","context":"In &quot;Vagas de Emprego em Ribeir\u00e3o Preto-SP&quot;","block_context":{"text":"Vagas de Emprego em Ribeir\u00e3o Preto-SP","link":"https:\/\/ismaelcolosi.com.br\/index.php\/category\/empregos-classificados-vagas-trabalho\/vagas-de-empregos-em-ribeirao-preto-regiao-brasil\/"},"img":{"alt_text":"","src":"https:\/\/i0.wp.com\/ismaelcolosi.com.br\/wp-content\/uploads\/2026\/01\/matriz-de-bordado-simbolo-enfermagem-matriz-emb.jpg?fit=1200%2C900&ssl=1&resize=350%2C200","width":350,"height":200,"srcset":"https:\/\/i0.wp.com\/ismaelcolosi.com.br\/wp-content\/uploads\/2026\/01\/matriz-de-bordado-simbolo-enfermagem-matriz-emb.jpg?fit=1200%2C900&ssl=1&resize=350%2C200 1x, https:\/\/i0.wp.com\/ismaelcolosi.com.br\/wp-content\/uploads\/2026\/01\/matriz-de-bordado-simbolo-enfermagem-matriz-emb.jpg?fit=1200%2C900&ssl=1&resize=525%2C300 1.5x, https:\/\/i0.wp.com\/ismaelcolosi.com.br\/wp-content\/uploads\/2026\/01\/matriz-de-bordado-simbolo-enfermagem-matriz-emb.jpg?fit=1200%2C900&ssl=1&resize=700%2C400 2x, https:\/\/i0.wp.com\/ismaelcolosi.com.br\/wp-content\/uploads\/2026\/01\/matriz-de-bordado-simbolo-enfermagem-matriz-emb.jpg?fit=1200%2C900&ssl=1&resize=1050%2C600 3x"},"classes":[]},{"id":86086,"url":"https:\/\/ismaelcolosi.com.br\/index.php\/2025\/06\/11\/vagas-de-emprego-para-enfermagem-em-ribeirao-preto-sp-17\/","url_meta":{"origin":82226,"position":3},"title":"Vagas de emprego para Enfermagem em Ribeir\u00e3o Preto-SP","author":"ismaelcolosi.com.br","date":"11 de June de 2025","format":false,"excerpt":"Analista Administrativo Junior Recepcionista Recepcionista - Agendamento Get notified about new Enfermagem jobs in Ribeir\u00e3o Preto. Sign in to create job alert 119 Enfermagem Jobs in Ribeir\u00e3o Preto Analista Administrativo Junior Analista Administrativo Junior EPTV Ribeir\u00e3o Preto, S\u00e3o Paulo, Brazil 1 day ago Recepcionista Recepcionista Attona Ribeir\u00e3o Preto, S\u00e3o Paulo,\u2026","rel":"","context":"In &quot;Vagas de Emprego em Ribeir\u00e3o Preto-SP&quot;","block_context":{"text":"Vagas de Emprego em Ribeir\u00e3o Preto-SP","link":"https:\/\/ismaelcolosi.com.br\/index.php\/category\/empregos-classificados-vagas-trabalho\/vagas-de-empregos-em-ribeirao-preto-regiao-brasil\/"},"img":{"alt_text":"","src":"https:\/\/i0.wp.com\/ismaelcolosi.com.br\/wp-content\/uploads\/2025\/06\/matriz-de-bordado-simbolo-enfermagem-matriz-emb.jpg?fit=1200%2C900&ssl=1&resize=350%2C200","width":350,"height":200,"srcset":"https:\/\/i0.wp.com\/ismaelcolosi.com.br\/wp-content\/uploads\/2025\/06\/matriz-de-bordado-simbolo-enfermagem-matriz-emb.jpg?fit=1200%2C900&ssl=1&resize=350%2C200 1x, https:\/\/i0.wp.com\/ismaelcolosi.com.br\/wp-content\/uploads\/2025\/06\/matriz-de-bordado-simbolo-enfermagem-matriz-emb.jpg?fit=1200%2C900&ssl=1&resize=525%2C300 1.5x, https:\/\/i0.wp.com\/ismaelcolosi.com.br\/wp-content\/uploads\/2025\/06\/matriz-de-bordado-simbolo-enfermagem-matriz-emb.jpg?fit=1200%2C900&ssl=1&resize=700%2C400 2x, https:\/\/i0.wp.com\/ismaelcolosi.com.br\/wp-content\/uploads\/2025\/06\/matriz-de-bordado-simbolo-enfermagem-matriz-emb.jpg?fit=1200%2C900&ssl=1&resize=1050%2C600 3x"},"classes":[]},{"id":88611,"url":"https:\/\/ismaelcolosi.com.br\/index.php\/2025\/12\/20\/vagas-de-emprego-para-enfermagem-em-ribeirao-preto-sp-28\/","url_meta":{"origin":82226,"position":4},"title":"Vagas de emprego para Enfermagem em Ribeir\u00e3o Preto-SP","author":"ismaelcolosi.com.br","date":"20 de December de 2025","format":false,"excerpt":"Recepcionista Recepcionista Recepcionista Get notified about new Enfermagem jobs in Ribeir\u00e3o Preto. Sign in to create job alert 131 Enfermagem Jobs in Ribeir\u00e3o Preto Recepcionista Recepcionista Attona Ribeir\u00e3o Preto, S\u00e3o Paulo, Brazil 6 months ago Recepcionista Recepcionista Maxxcomp Group - Seguran\u00e7a, Tecnologia e Servi\u00e7os Ribeir\u00e3o Preto, S\u00e3o Paulo, Brazil 2\u2026","rel":"","context":"In &quot;Vagas de Emprego em Ribeir\u00e3o Preto-SP&quot;","block_context":{"text":"Vagas de Emprego em Ribeir\u00e3o Preto-SP","link":"https:\/\/ismaelcolosi.com.br\/index.php\/category\/empregos-classificados-vagas-trabalho\/vagas-de-empregos-em-ribeirao-preto-regiao-brasil\/"},"img":{"alt_text":"","src":"https:\/\/i0.wp.com\/ismaelcolosi.com.br\/wp-content\/uploads\/2025\/12\/1766233350_matriz-de-bordado-simbolo-enfermagem-matriz-emb.jpg?fit=1200%2C900&ssl=1&resize=350%2C200","width":350,"height":200,"srcset":"https:\/\/i0.wp.com\/ismaelcolosi.com.br\/wp-content\/uploads\/2025\/12\/1766233350_matriz-de-bordado-simbolo-enfermagem-matriz-emb.jpg?fit=1200%2C900&ssl=1&resize=350%2C200 1x, https:\/\/i0.wp.com\/ismaelcolosi.com.br\/wp-content\/uploads\/2025\/12\/1766233350_matriz-de-bordado-simbolo-enfermagem-matriz-emb.jpg?fit=1200%2C900&ssl=1&resize=525%2C300 1.5x, https:\/\/i0.wp.com\/ismaelcolosi.com.br\/wp-content\/uploads\/2025\/12\/1766233350_matriz-de-bordado-simbolo-enfermagem-matriz-emb.jpg?fit=1200%2C900&ssl=1&resize=700%2C400 2x, https:\/\/i0.wp.com\/ismaelcolosi.com.br\/wp-content\/uploads\/2025\/12\/1766233350_matriz-de-bordado-simbolo-enfermagem-matriz-emb.jpg?fit=1200%2C900&ssl=1&resize=1050%2C600 3x"},"classes":[]},{"id":83713,"url":"https:\/\/ismaelcolosi.com.br\/index.php\/2025\/03\/11\/vagas-de-emprego-na-nova-bene-complexo-hospitalar-ribeirao-preto-em-ribeirao-preto-sp-10\/","url_meta":{"origin":82226,"position":5},"title":"Vagas de emprego na Nova Ben\u00ea Complexo Hospitalar Ribeir\u00e3o Preto em Ribeir\u00e3o Preto-SP","author":"ismaelcolosi.com.br","date":"11 de March de 2025","format":false,"excerpt":"Assistente de auditoria (T\u00e9cnico em Enfermagem) Get notified when a new job is posted. Set alert Sign in to set job alerts for \u201cNova Ben\u00ea Complexo Hospitalar Ribeir\u00e3o Preto\u201d roles. Sign in Welcome back Email or phone Password Show Forgot password? Sign in or By clicking Continue to join or\u2026","rel":"","context":"In &quot;Vagas de Emprego em Ribeir\u00e3o Preto-SP&quot;","block_context":{"text":"Vagas de Emprego em Ribeir\u00e3o Preto-SP","link":"https:\/\/ismaelcolosi.com.br\/index.php\/category\/empregos-classificados-vagas-trabalho\/vagas-de-empregos-em-ribeirao-preto-regiao-brasil\/"},"img":{"alt_text":"","src":"https:\/\/i0.wp.com\/ismaelcolosi.com.br\/wp-content\/uploads\/2025\/03\/1741730394_HOSPITAL_VA.jpg?fit=540%2C540&ssl=1&resize=350%2C200","width":350,"height":200,"srcset":"https:\/\/i0.wp.com\/ismaelcolosi.com.br\/wp-content\/uploads\/2025\/03\/1741730394_HOSPITAL_VA.jpg?fit=540%2C540&ssl=1&resize=350%2C200 1x, https:\/\/i0.wp.com\/ismaelcolosi.com.br\/wp-content\/uploads\/2025\/03\/1741730394_HOSPITAL_VA.jpg?fit=540%2C540&ssl=1&resize=525%2C300 1.5x"},"classes":[]}],"jetpack_sharing_enabled":true,"jetpack_shortlink":"https:\/\/wp.me\/pfMlyK-loe","_links":{"self":[{"href":"https:\/\/ismaelcolosi.com.br\/index.php\/wp-json\/wp\/v2\/posts\/82226","targetHints":{"allow":["GET"]}}],"collection":[{"href":"https:\/\/ismaelcolosi.com.br\/index.php\/wp-json\/wp\/v2\/posts"}],"about":[{"href":"https:\/\/ismaelcolosi.com.br\/index.php\/wp-json\/wp\/v2\/types\/post"}],"author":[{"embeddable":true,"href":"https:\/\/ismaelcolosi.com.br\/index.php\/wp-json\/wp\/v2\/users\/1"}],"replies":[{"embeddable":true,"href":"https:\/\/ismaelcolosi.com.br\/index.php\/wp-json\/wp\/v2\/comments?post=82226"}],"version-history":[{"count":0,"href":"https:\/\/ismaelcolosi.com.br\/index.php\/wp-json\/wp\/v2\/posts\/82226\/revisions"}],"wp:featuredmedia":[{"embeddable":true,"href":"https:\/\/ismaelcolosi.com.br\/index.php\/wp-json\/wp\/v2\/media\/82227"}],"wp:attachment":[{"href":"https:\/\/ismaelcolosi.com.br\/index.php\/wp-json\/wp\/v2\/media?parent=82226"}],"wp:term":[{"taxonomy":"category","embeddable":true,"href":"https:\/\/ismaelcolosi.com.br\/index.php\/wp-json\/wp\/v2\/categories?post=82226"},{"taxonomy":"post_tag","embeddable":true,"href":"https:\/\/ismaelcolosi.com.br\/index.php\/wp-json\/wp\/v2\/tags?post=82226"}],"curies":[{"name":"wp","href":"https:\/\/api.w.org\/{rel}","templated":true}]}}