{"id":82221,"date":"2025-01-26T05:25:59","date_gmt":"2025-01-26T08:25:59","guid":{"rendered":"https:\/\/ismaelcolosi.com.br\/index.php\/2025\/01\/26\/foram-30-anos-de-para-chegar-ate-aqui\/"},"modified":"2025-01-26T05:25:59","modified_gmt":"2025-01-26T08:25:59","slug":"foram-30-anos-de-para-chegar-ate-aqui","status":"publish","type":"post","link":"https:\/\/ismaelcolosi.com.br\/index.php\/2025\/01\/26\/foram-30-anos-de-para-chegar-ate-aqui\/","title":{"rendered":"\u201cForam 30 anos de para chegar at\u00e9 aqui\u201d"},"content":{"rendered":"<p> <br \/>\n<\/p>\n<div>\n<figure class=\"destaque wp-caption\">&#13;<br \/>\n\t\t<img data-recalc-dims=\"1\" width=\"678\" height=\"452\" src=\"https:\/\/i0.wp.com\/forbes.com.br\/wp-content\/uploads\/2025\/01\/adam-scott-ruptura-forbes-768x512.jpg?resize=678%2C452&#038;ssl=1\" class=\"attachment-medium_large size-medium_large wp-post-image\" alt=\"adam scott ruptura\" decoding=\"async\" fetchpriority=\"high\"\/>\t\t<\/p>\n<p>Divulga\u00e7\u00e3o\/Apple TV+<\/p>\n<p>&#13;<figcaption class=\"wp-caption-text\">Adam Scott, que vive Mark Scout em \u201cRuptura\u201d, conta como trabalhou em conjunto com produtor executivo e criador da s\u00e9rie ao longo da segunda temporada<br \/>\n<\/figcaption>&#13;<br \/>\n\t<\/figure>\n<div class=\"accessibility\">\n<p>Acessibilidade<\/p>\n<p>&#13;<br \/>\n\t\t\t<button onclick=\"alterFont1()\" id=\"btn1\" class=\"btn\">L<\/button>&#13;<br \/>\n\t\t\t<button onclick=\"alterFont2()\" id=\"btn2\" class=\"btn\" style=\"font-family:Merriweather\">L<\/button>&#13;<br \/>\n\t\t\t<button onclick=\"alterFontSmallerSize()\" id=\"btn3\" class=\"btn\">A-<\/button>&#13;<br \/>\n\t\t\t<button onclick=\"alterFontBiggerSize()\" id=\"btn4\" class=\"btn\">A+<\/button>&#13;<br \/>\n\t\t\t<!--<button onclick='alterFontBolder()' id='btn5' class=\"btn\" >B<\/button>-->&#13;<br \/>\n\t\t\t<button onclick=\"alterBackground()\" id=\"btn6\" class=\"btn\">\u25d0<\/button>&#13;<br \/>\n\t\t\t<!--<button onclick='clean()' id='btn7' class=\"btn\" >Limpar<\/button>-->&#13;\n\t\t<\/p>\n<\/p><\/div>\n<p>\u00a0<\/p>\n<p>\u00a0<\/p>\n<p>\u201cDesde a primeira vez que li o roteiro de \u2018<strong>Ruptura<\/strong>\u2019, senti que era tudo o que eu sempre quis fazer como ator\u201d, disse <strong>Adam Scott<\/strong>, protagonista da aclamada produ\u00e7\u00e3o da Apple TV+, que agora lan\u00e7a sua segunda temporada.<\/p>\n<p>Para o ator, conhecido por seus pap\u00e9is em \u201cQuase Irm\u00e3os\u201d, \u201cParks and Recreation\u201d e \u201cBig Little Lies\u201d \u2013 apenas para citar alguns \u2013, interpretar Mark Scout, estrela da s\u00e9rie de drama, continua sendo um sonho realizado.<\/p>\n<p>\u201cQuando li o roteiro, pensei: se eu realmente conseguir interpretar esse papel \u2013 e, na \u00e9poca, pensei que n\u00e3o havia nenhuma chance de isso acontecer \u2013, ser\u00e1 porque eu passei 20, talvez 30 anos conquistando meu lugar para chegar at\u00e9 aqui\u201d, disse o ator de 51 anos em entrevista \u00e0 <strong>Forbes<\/strong>. \u201c\u00c9 exatamente o tipo de coisa que eu amava quando era crian\u00e7a e que me fez querer atuar.\u201d<\/p>\n<p>Adam Scott d\u00e1 vida a um profissional que aceita voluntariamente implantar um chip em sua cabe\u00e7a, separando suas mem\u00f3rias dentro do escrit\u00f3rio da Lumon Industries (conhecido como seu \u201cInnie\u201d) de sua vida no mundo exterior. Sua cren\u00e7a nesse sistema \u00fanico come\u00e7a a ruir quando percebe que o bem-estar das pessoas mais pr\u00f3ximas a ele pode estar em risco, j\u00e1 que nem tudo \u00e9 o que parece.<\/p>\n<h2>Os diferentes pap\u00e9is de Adam Scott em \u201cRuptura\u201d<\/h2>\n<p>Durante a produ\u00e7\u00e3o da segunda temporada, o ator participou de discuss\u00f5es com o criador de \u201cRuptura\u201d, <strong>Dan Erickson<\/strong>, e com <strong>Ben Stiller<\/strong>, produtor executivo e diretor de alguns epis\u00f3dios, para assegurar que a s\u00e9rie mantivesse uma dire\u00e7\u00e3o criativa s\u00f3lida, sem se submeter \u00e0s expectativas dos f\u00e3s ou \u00e0s press\u00f5es sociais sobre os rumos da trama.<\/p>\n<p>O ator revela como o in\u00edcio da segunda temporada foi fruto de um processo colaborativo. Uma das primeiras discuss\u00f5es do trio girou em torno de uma informa\u00e7\u00e3o crucial que o Mark \u201cInnie\u201d descobre no final da primeira temporada. \u201cBen me perguntou: \u2018O que voc\u00ea faria se descobrisse essa informa\u00e7\u00e3o? Qual seria sua primeira rea\u00e7\u00e3o?\u2019 E, de imediato, eu disse que come\u00e7aria a correr\u201d, relembra o ator. \u201cA partir disso, Ben come\u00e7ou a desenvolver a sequ\u00eancia de corrida que abre a [segunda] temporada.\u201d<\/p>\n<p>Adam Scott tamb\u00e9m \u00e9 produtor de \u201cRuptura\u201d desde o in\u00edcio, um trabalho que complementa sua experi\u00eancia como ator. \u201cTento estar dispon\u00edvel para todos e ser o mais \u00fatil poss\u00edvel. \u00c9 assim que vejo a produ\u00e7\u00e3o, e \u00e9 de onde tiro maior satisfa\u00e7\u00e3o \u2013 ajudando a remover obst\u00e1culos, sejam criativos ou de outro tipo, e vendo onde posso contribuir.\u201d<\/p>\n<p>\u201cJ\u00e1 estou nessa carreira h\u00e1 muito tempo, e atuar \u00e9 incrivelmente gratificante, especialmente nesse papel. Ele consome toda a minha energia criativa, mas tamb\u00e9m gosto de pensar no panorama geral. Amo poder ser uma voz \u00fatil nesse sentido.\u201d<\/p>\n<h2>O que o ator aprendeu com \u201cRuptura\u201d \u2013 e o que diria a Mark Scout<\/h2>\n<p>Mesmo com os 10 epis\u00f3dios da segunda temporada de \u201cRuptura\u201d sendo lan\u00e7ados \u00e0s sextas-feiras na Apple TV+, Scott continua se dedicando a outros projetos de TV e cinema. Mas desde que come\u00e7ou a fazer a s\u00e9rie, sua experi\u00eancia mudou a forma como encara outros trabalhos.<\/p>\n<p>\u201cEspecialmente observando Ben trabalhar \u2013 e isso come\u00e7ou quando trabalhamos juntos em [A Vida Secreta de] Walter Mitty \u2013 ele est\u00e1 sempre buscando a excel\u00eancia, tentando fazer o melhor poss\u00edvel a cada momento. Em Walter Mitty, ver ele fazer isso como diretor e depois atuar em uma cena, conseguindo se concentrar completamente em cada fun\u00e7\u00e3o, foi inspirador.\u201d<\/p>\n<p>Trabalhar em \u201cRuptura\u201d tem uma din\u00e2mica parecida para o ator e produtor. \u201c\u00c9 importante ficar ali at\u00e9 que o trabalho esteja excelente. Nem sempre temos tempo suficiente, mas, dentro do prazo dispon\u00edvel, tentamos fazer o melhor poss\u00edvel. Isso \u00e9 algo que levo para tudo o que fa\u00e7o.\u201d<\/p>\n<p>O que Adam Scott diria se pudesse conversar com Mark Scout ao longo dessas duas temporadas da s\u00e9rie e dar um conselho, um aviso ou uma mensagem de conforto? Esse conselho seria diferente para o Mark \u201cInnie\u201d e para o Mark fora da Lumon?<\/p>\n<p>\u201cEu acho que ambos precisam de algum tipo de conselho \u2013 isso \u00e9 certo\u201d, disse Scott. \u201cEspecialmente na segunda temporada, eles est\u00e3o pensando mais um no outro do que na primeira. No in\u00edcio, parece que seus interesses est\u00e3o alinhados. O desafio ser\u00e1 ver como eles navegam pelo restante da temporada e se acabam descobrindo que seus interesses podem ser diferentes, ou at\u00e9 mesmo se est\u00e3o em rota de colis\u00e3o.\u201d<\/p>\n<p><em>* Jeff Conway \u00e9 colaborador s\u00eanior da Forbes USA. Ele \u00e9 um jornalista norte-americano focado em entretenimento e neg\u00f3cios.<\/em><\/p>\n<div class=\"follow-us\">Siga o canal da <a href=\"https:\/\/whatsapp.com\/channel\/0029Va9gQKwBFLgM96cJnu0u\" target=\"_blank\" rel=\"noopener noreferrer nofollow\" title=\"Grupo da Forbes no WhatsApp\">Forbes<\/a> no WhatsApp e receba as principais not\u00edcias de empreendedorismo, carreira, tecnologia, agro e lifestyle.<\/div>\n<\/p><\/div>\n<p><script>\n\t\t\t\t(function(d, s, id){\n\t\t\t\t\tvar js, fjs = d.getElementsByTagName(s)[0];\n\t\t\t\t\tif (d.getElementById(id)) return;\n\t\t\t\t\tjs = d.createElement(s); js.id = id;\n\t\t\t\t\tjs.src = \"\/\/connect.facebook.net\/pt_BR\/sdk.js#xfbml=1&version=v2.9\";\n\t\t\t\t\tfjs.parentNode.insertBefore(js, fjs);\n\t\t\t\t}(document, 'script', 'facebook-jssdk'));\n\t\t\t<\/script><br \/>\n<br \/><br \/>\n<br \/><a href=\"https:\/\/forbes.com.br\/carreira\/2025\/01\/adam-scott-de-ruptura-era-tudo-o-que-eu-sempre-quis-fazer-como-ator\/\">Source link <\/a><\/p>\n<div class='code-block code-block-4' style='margin: 8px auto 8px 0; text-align: left; display: block; clear: both;'>\n\ud83d\udce2 Aviso Legal\n\nO site ismaelcolosi.com.br atua apenas como um canal de divulga\u00e7\u00e3o de oportunidades de emprego e n\u00e3o se responsabiliza pelo processo seletivo, contrata\u00e7\u00e3o ou qualquer outra etapa relacionada \u00e0s vagas publicadas. Todas as informa\u00e7\u00f5es s\u00e3o de responsabilidade dos anunciantes.\n\n\u26a0\ufe0f Aten\u00e7\u00e3o! Nunca pague por promessas de emprego nem compre cursos que garantam contrata\u00e7\u00e3o. Desconfie de qualquer cobran\u00e7a para participar de sele\u00e7\u00f5es.\n\n\n\n<\/div>\n<!-- CONTENT END 1 -->\n","protected":false},"excerpt":{"rendered":"<p>&#13; Divulga\u00e7\u00e3o\/Apple TV+ &#13;Adam Scott, que vive Mark Scout em \u201cRuptura\u201d, conta como trabalhou em conjunto com produtor executivo e criador da s\u00e9rie ao longo&#8230;<\/p>\n","protected":false},"author":1,"featured_media":82222,"comment_status":"open","ping_status":"open","sticky":false,"template":"","format":"standard","meta":{"_uag_custom_page_level_css":"","advanced_seo_description":"","jetpack_seo_html_title":"","jetpack_seo_noindex":false,"jetpack_post_was_ever_published":false,"_jetpack_newsletter_access":"","_jetpack_dont_email_post_to_subs":false,"_jetpack_newsletter_tier_id":0,"_jetpack_memberships_contains_paywalled_content":false,"_jetpack_memberships_contains_paid_content":false,"footnotes":"","jetpack_publicize_message":"","jetpack_publicize_feature_enabled":true,"jetpack_social_post_already_shared":true,"jetpack_social_options":{"image_generator_settings":{"template":"highway","default_image_id":0,"font":"","enabled":false},"version":2}},"categories":[1964],"tags":[],"class_list":["post-82221","post","type-post","status-publish","format-standard","has-post-thumbnail","hentry","category-carreira-e-sucesso-dicas-para-carreira"],"jetpack_publicize_connections":[],"jetpack_featured_media_url":"https:\/\/i0.wp.com\/ismaelcolosi.com.br\/wp-content\/uploads\/2025\/01\/adam-scott-ruptura-forbes-1200x675.jpg?fit=1200%2C675&ssl=1","uagb_featured_image_src":{"full":["https:\/\/i0.wp.com\/ismaelcolosi.com.br\/wp-content\/uploads\/2025\/01\/adam-scott-ruptura-forbes-1200x675.jpg?fit=1200%2C675&ssl=1",1200,675,false],"thumbnail":["https:\/\/i0.wp.com\/ismaelcolosi.com.br\/wp-content\/uploads\/2025\/01\/adam-scott-ruptura-forbes-1200x675.jpg?resize=150%2C150&ssl=1",150,150,true],"medium":["https:\/\/i0.wp.com\/ismaelcolosi.com.br\/wp-content\/uploads\/2025\/01\/adam-scott-ruptura-forbes-1200x675.jpg?fit=300%2C169&ssl=1",300,169,true],"medium_large":["https:\/\/i0.wp.com\/ismaelcolosi.com.br\/wp-content\/uploads\/2025\/01\/adam-scott-ruptura-forbes-1200x675.jpg?fit=768%2C432&ssl=1",768,432,true],"large":["https:\/\/i0.wp.com\/ismaelcolosi.com.br\/wp-content\/uploads\/2025\/01\/adam-scott-ruptura-forbes-1200x675.jpg?fit=1024%2C576&ssl=1",1024,576,true],"1536x1536":["https:\/\/i0.wp.com\/ismaelcolosi.com.br\/wp-content\/uploads\/2025\/01\/adam-scott-ruptura-forbes-1200x675.jpg?fit=1200%2C675&ssl=1",1200,675,true],"2048x2048":["https:\/\/i0.wp.com\/ismaelcolosi.com.br\/wp-content\/uploads\/2025\/01\/adam-scott-ruptura-forbes-1200x675.jpg?fit=1200%2C675&ssl=1",1200,675,true],"really-simple-thumb":["https:\/\/i0.wp.com\/ismaelcolosi.com.br\/wp-content\/uploads\/2025\/01\/adam-scott-ruptura-forbes-1200x675.jpg?resize=370%2C247&ssl=1",370,247,true]},"uagb_author_info":{"display_name":"ismaelcolosi.com.br","author_link":"https:\/\/ismaelcolosi.com.br\/index.php\/author\/vidareal-online\/"},"uagb_comment_info":0,"uagb_excerpt":"&#13; Divulga\u00e7\u00e3o\/Apple TV+ &#13;Adam Scott, que vive Mark Scout em \u201cRuptura\u201d, conta como trabalhou em conjunto com produtor executivo e criador da s\u00e9rie ao longo...","jetpack-related-posts":[{"id":71983,"url":"https:\/\/ismaelcolosi.com.br\/index.php\/2024\/10\/18\/vagas-de-empregos-na-microset-tecnologia-para-trabalhar-em-ribeirao-preto-sp-16\/","url_meta":{"origin":82221,"position":0},"title":"Vagas de empregos na Microset Tecnologia  para trabalhar em Ribeir\u00e3o Preto-SP","author":"ismaelcolosi.com.br","date":"18 de October de 2024","format":false,"excerpt":"Assistente de Service Desk lRibeir\u00e3o Preto - SPEfetivo Microset Tecnologia Assistente de Service Desk lRibeir\u00e3o Preto - SPEfetivo V\u00eddeos","rel":"","context":"In &quot;Vagas de Emprego em Ribeir\u00e3o Preto-SP&quot;","block_context":{"text":"Vagas de Emprego em Ribeir\u00e3o Preto-SP","link":"https:\/\/ismaelcolosi.com.br\/index.php\/category\/empregos-classificados-vagas-trabalho\/vagas-de-empregos-em-ribeirao-preto-regiao-brasil\/"},"img":{"alt_text":"","src":"https:\/\/i0.wp.com\/ismaelcolosi.com.br\/wp-content\/uploads\/2024\/10\/1729282097_2023-03-15_13-45_bannerUrl.png?fit=1080%2C327&ssl=1&resize=350%2C200","width":350,"height":200,"srcset":"https:\/\/i0.wp.com\/ismaelcolosi.com.br\/wp-content\/uploads\/2024\/10\/1729282097_2023-03-15_13-45_bannerUrl.png?fit=1080%2C327&ssl=1&resize=350%2C200 1x, https:\/\/i0.wp.com\/ismaelcolosi.com.br\/wp-content\/uploads\/2024\/10\/1729282097_2023-03-15_13-45_bannerUrl.png?fit=1080%2C327&ssl=1&resize=525%2C300 1.5x, https:\/\/i0.wp.com\/ismaelcolosi.com.br\/wp-content\/uploads\/2024\/10\/1729282097_2023-03-15_13-45_bannerUrl.png?fit=1080%2C327&ssl=1&resize=700%2C400 2x, https:\/\/i0.wp.com\/ismaelcolosi.com.br\/wp-content\/uploads\/2024\/10\/1729282097_2023-03-15_13-45_bannerUrl.png?fit=1080%2C327&ssl=1&resize=1050%2C600 3x"},"classes":[]},{"id":74915,"url":"https:\/\/ismaelcolosi.com.br\/index.php\/2024\/11\/03\/vagas-de-empregos-na-microset-tecnologia-para-trabalhar-em-ribeirao-preto-sp-17\/","url_meta":{"origin":82221,"position":1},"title":"Vagas de empregos na Microset Tecnologia  para trabalhar em Ribeir\u00e3o Preto-SP","author":"ismaelcolosi.com.br","date":"3 de November de 2024","format":false,"excerpt":"Assistente de Service Desk lRibeir\u00e3o Preto - SPEfetivo Microset Tecnologia Assistente de Service Desk lRibeir\u00e3o Preto - SPEfetivo V\u00eddeos","rel":"","context":"In &quot;Vagas de Emprego em Ribeir\u00e3o Preto-SP&quot;","block_context":{"text":"Vagas de Emprego em Ribeir\u00e3o Preto-SP","link":"https:\/\/ismaelcolosi.com.br\/index.php\/category\/empregos-classificados-vagas-trabalho\/vagas-de-empregos-em-ribeirao-preto-regiao-brasil\/"},"img":{"alt_text":"","src":"https:\/\/i0.wp.com\/ismaelcolosi.com.br\/wp-content\/uploads\/2024\/11\/2023-03-15_13-45_bannerUrl.png?fit=1080%2C327&ssl=1&resize=350%2C200","width":350,"height":200,"srcset":"https:\/\/i0.wp.com\/ismaelcolosi.com.br\/wp-content\/uploads\/2024\/11\/2023-03-15_13-45_bannerUrl.png?fit=1080%2C327&ssl=1&resize=350%2C200 1x, https:\/\/i0.wp.com\/ismaelcolosi.com.br\/wp-content\/uploads\/2024\/11\/2023-03-15_13-45_bannerUrl.png?fit=1080%2C327&ssl=1&resize=525%2C300 1.5x, https:\/\/i0.wp.com\/ismaelcolosi.com.br\/wp-content\/uploads\/2024\/11\/2023-03-15_13-45_bannerUrl.png?fit=1080%2C327&ssl=1&resize=700%2C400 2x, https:\/\/i0.wp.com\/ismaelcolosi.com.br\/wp-content\/uploads\/2024\/11\/2023-03-15_13-45_bannerUrl.png?fit=1080%2C327&ssl=1&resize=1050%2C600 3x"},"classes":[]},{"id":82676,"url":"https:\/\/ismaelcolosi.com.br\/index.php\/2025\/02\/07\/vagas-de-empregos-na-microset-tecnologia-para-trabalhar-em-ribeirao-preto-sp-23\/","url_meta":{"origin":82221,"position":2},"title":"Vagas de empregos na Microset Tecnologia  para trabalhar em Ribeir\u00e3o Preto-SP","author":"ismaelcolosi.com.br","date":"7 de February de 2025","format":false,"excerpt":"Assistente de Service Desk l Ribeir\u00e3o Preto - SPEfetivo Auxiliar T\u00e9cnico de Redes Ribeir\u00e3o Preto - SPEfetivo Gerente de Neg\u00f3cios - Campinas e regi\u00e3o Ribeir\u00e3o Preto - SPPessoa jur\u00eddica Microset Tecnologia Assistente de Service Desk l Ribeir\u00e3o Preto - SPEfetivo V\u00eddeos","rel":"","context":"In &quot;Vagas de Emprego em Ribeir\u00e3o Preto-SP&quot;","block_context":{"text":"Vagas de Emprego em Ribeir\u00e3o Preto-SP","link":"https:\/\/ismaelcolosi.com.br\/index.php\/category\/empregos-classificados-vagas-trabalho\/vagas-de-empregos-em-ribeirao-preto-regiao-brasil\/"},"img":{"alt_text":"","src":"https:\/\/i0.wp.com\/ismaelcolosi.com.br\/wp-content\/uploads\/2025\/02\/2023-03-15_13-45_bannerUrl.png?fit=1080%2C327&ssl=1&resize=350%2C200","width":350,"height":200,"srcset":"https:\/\/i0.wp.com\/ismaelcolosi.com.br\/wp-content\/uploads\/2025\/02\/2023-03-15_13-45_bannerUrl.png?fit=1080%2C327&ssl=1&resize=350%2C200 1x, https:\/\/i0.wp.com\/ismaelcolosi.com.br\/wp-content\/uploads\/2025\/02\/2023-03-15_13-45_bannerUrl.png?fit=1080%2C327&ssl=1&resize=525%2C300 1.5x, https:\/\/i0.wp.com\/ismaelcolosi.com.br\/wp-content\/uploads\/2025\/02\/2023-03-15_13-45_bannerUrl.png?fit=1080%2C327&ssl=1&resize=700%2C400 2x, https:\/\/i0.wp.com\/ismaelcolosi.com.br\/wp-content\/uploads\/2025\/02\/2023-03-15_13-45_bannerUrl.png?fit=1080%2C327&ssl=1&resize=1050%2C600 3x"},"classes":[]},{"id":76947,"url":"https:\/\/ismaelcolosi.com.br\/index.php\/2024\/11\/19\/vagas-de-empregos-na-microset-tecnologia-para-trabalhar-em-ribeirao-preto-sp-18\/","url_meta":{"origin":82221,"position":3},"title":"Vagas de empregos na Microset Tecnologia  para trabalhar em Ribeir\u00e3o Preto-SP","author":"ismaelcolosi.com.br","date":"19 de November de 2024","format":false,"excerpt":"Assistente de Service Desk lRibeir\u00e3o Preto - SPEfetivo Auxiliar Administrativo Ribeir\u00e3o Preto - SPEfetivo Auxiliar T\u00e9cnico de RedesRibeir\u00e3o Preto - SPEfetivo Microset Tecnologia Assistente de Service Desk lRibeir\u00e3o Preto - SPEfetivo V\u00eddeos","rel":"","context":"In &quot;Vagas de Emprego em Ribeir\u00e3o Preto-SP&quot;","block_context":{"text":"Vagas de Emprego em Ribeir\u00e3o Preto-SP","link":"https:\/\/ismaelcolosi.com.br\/index.php\/category\/empregos-classificados-vagas-trabalho\/vagas-de-empregos-em-ribeirao-preto-regiao-brasil\/"},"img":{"alt_text":"","src":"https:\/\/i0.wp.com\/ismaelcolosi.com.br\/wp-content\/uploads\/2024\/11\/1732047822_2023-03-15_13-45_bannerUrl.png?fit=1080%2C327&ssl=1&resize=350%2C200","width":350,"height":200,"srcset":"https:\/\/i0.wp.com\/ismaelcolosi.com.br\/wp-content\/uploads\/2024\/11\/1732047822_2023-03-15_13-45_bannerUrl.png?fit=1080%2C327&ssl=1&resize=350%2C200 1x, https:\/\/i0.wp.com\/ismaelcolosi.com.br\/wp-content\/uploads\/2024\/11\/1732047822_2023-03-15_13-45_bannerUrl.png?fit=1080%2C327&ssl=1&resize=525%2C300 1.5x, https:\/\/i0.wp.com\/ismaelcolosi.com.br\/wp-content\/uploads\/2024\/11\/1732047822_2023-03-15_13-45_bannerUrl.png?fit=1080%2C327&ssl=1&resize=700%2C400 2x, https:\/\/i0.wp.com\/ismaelcolosi.com.br\/wp-content\/uploads\/2024\/11\/1732047822_2023-03-15_13-45_bannerUrl.png?fit=1080%2C327&ssl=1&resize=1050%2C600 3x"},"classes":[]},{"id":87183,"url":"https:\/\/ismaelcolosi.com.br\/index.php\/2025\/08\/21\/mastercard-anuncia-nova-cfo-no-brasil\/","url_meta":{"origin":82221,"position":4},"title":"Mastercard Anuncia Nova CFO no Brasil","author":"ismaelcolosi.com.br","date":"21 de August de 2025","format":false,"excerpt":"\r \r \r \r Mar\u00edlia Mendon\u00e7a Garcia acumula mais de 15 anos em posi\u00e7\u00f5es de lideran\u00e7a em grandes empresas como Carrefour, Johnson & Johnson, Azul e LATAM \r \r \r \r Divulga\u00e7\u00e3o\/Mastercard\r Nova CFO da Mastercard, Mar\u00edlia Mendon\u00e7a Garcia \u00e9 formada em Administra\u00e7\u00e3o pelo Insper\r Acessibilidade \r L\r L\r A-\r\u2026","rel":"","context":"In &quot;Carreira e Sucesso&quot;","block_context":{"text":"Carreira e Sucesso","link":"https:\/\/ismaelcolosi.com.br\/index.php\/category\/carreira-e-sucesso-dicas-para-carreira\/"},"img":{"alt_text":"","src":"https:\/\/i0.wp.com\/ismaelcolosi.com.br\/wp-content\/uploads\/2025\/08\/mulher-Marilia-Mendonca-Garcia-cfo-mastercard-1-1200x675.jpg?fit=1200%2C675&ssl=1&resize=350%2C200","width":350,"height":200,"srcset":"https:\/\/i0.wp.com\/ismaelcolosi.com.br\/wp-content\/uploads\/2025\/08\/mulher-Marilia-Mendonca-Garcia-cfo-mastercard-1-1200x675.jpg?fit=1200%2C675&ssl=1&resize=350%2C200 1x, https:\/\/i0.wp.com\/ismaelcolosi.com.br\/wp-content\/uploads\/2025\/08\/mulher-Marilia-Mendonca-Garcia-cfo-mastercard-1-1200x675.jpg?fit=1200%2C675&ssl=1&resize=525%2C300 1.5x, https:\/\/i0.wp.com\/ismaelcolosi.com.br\/wp-content\/uploads\/2025\/08\/mulher-Marilia-Mendonca-Garcia-cfo-mastercard-1-1200x675.jpg?fit=1200%2C675&ssl=1&resize=700%2C400 2x, https:\/\/i0.wp.com\/ismaelcolosi.com.br\/wp-content\/uploads\/2025\/08\/mulher-Marilia-Mendonca-Garcia-cfo-mastercard-1-1200x675.jpg?fit=1200%2C675&ssl=1&resize=1050%2C600 3x"},"classes":[]},{"id":84190,"url":"https:\/\/ismaelcolosi.com.br\/index.php\/2025\/04\/02\/os-10-melhores-cmos-do-brasil-em-2025\/","url_meta":{"origin":82221,"position":5},"title":"Os 10 Melhores CMOs do Brasil em 2025","author":"ismaelcolosi.com.br","date":"2 de April de 2025","format":false,"excerpt":"\r \r \r \r Lista \u00e9 destaque da nova edi\u00e7\u00e3o da Forbes Brasil, que j\u00e1 est\u00e1 dispon\u00edvel; confira \r \r \r \r \r L\u00edderes de marketing da MRV, Duolingo, Bauducco, Visa, Grupo Cimed, BRF, Danone, Claro, Natura e Coca-Cola Brasil est\u00e3o na lista deste ano.\r Acessibilidade \r L\r L\r A-\r\u2026","rel":"","context":"In &quot;Carreira e Sucesso&quot;","block_context":{"text":"Carreira e Sucesso","link":"https:\/\/ismaelcolosi.com.br\/index.php\/category\/carreira-e-sucesso-dicas-para-carreira\/"},"img":{"alt_text":"","src":"https:\/\/i0.wp.com\/ismaelcolosi.com.br\/wp-content\/uploads\/2025\/04\/CAPACMOS-1200x675.png?fit=1200%2C675&ssl=1&resize=350%2C200","width":350,"height":200,"srcset":"https:\/\/i0.wp.com\/ismaelcolosi.com.br\/wp-content\/uploads\/2025\/04\/CAPACMOS-1200x675.png?fit=1200%2C675&ssl=1&resize=350%2C200 1x, https:\/\/i0.wp.com\/ismaelcolosi.com.br\/wp-content\/uploads\/2025\/04\/CAPACMOS-1200x675.png?fit=1200%2C675&ssl=1&resize=525%2C300 1.5x, https:\/\/i0.wp.com\/ismaelcolosi.com.br\/wp-content\/uploads\/2025\/04\/CAPACMOS-1200x675.png?fit=1200%2C675&ssl=1&resize=700%2C400 2x, https:\/\/i0.wp.com\/ismaelcolosi.com.br\/wp-content\/uploads\/2025\/04\/CAPACMOS-1200x675.png?fit=1200%2C675&ssl=1&resize=1050%2C600 3x"},"classes":[]}],"jetpack_sharing_enabled":true,"jetpack_shortlink":"https:\/\/wp.me\/pfMlyK-lo9","_links":{"self":[{"href":"https:\/\/ismaelcolosi.com.br\/index.php\/wp-json\/wp\/v2\/posts\/82221","targetHints":{"allow":["GET"]}}],"collection":[{"href":"https:\/\/ismaelcolosi.com.br\/index.php\/wp-json\/wp\/v2\/posts"}],"about":[{"href":"https:\/\/ismaelcolosi.com.br\/index.php\/wp-json\/wp\/v2\/types\/post"}],"author":[{"embeddable":true,"href":"https:\/\/ismaelcolosi.com.br\/index.php\/wp-json\/wp\/v2\/users\/1"}],"replies":[{"embeddable":true,"href":"https:\/\/ismaelcolosi.com.br\/index.php\/wp-json\/wp\/v2\/comments?post=82221"}],"version-history":[{"count":0,"href":"https:\/\/ismaelcolosi.com.br\/index.php\/wp-json\/wp\/v2\/posts\/82221\/revisions"}],"wp:featuredmedia":[{"embeddable":true,"href":"https:\/\/ismaelcolosi.com.br\/index.php\/wp-json\/wp\/v2\/media\/82222"}],"wp:attachment":[{"href":"https:\/\/ismaelcolosi.com.br\/index.php\/wp-json\/wp\/v2\/media?parent=82221"}],"wp:term":[{"taxonomy":"category","embeddable":true,"href":"https:\/\/ismaelcolosi.com.br\/index.php\/wp-json\/wp\/v2\/categories?post=82221"},{"taxonomy":"post_tag","embeddable":true,"href":"https:\/\/ismaelcolosi.com.br\/index.php\/wp-json\/wp\/v2\/tags?post=82221"}],"curies":[{"name":"wp","href":"https:\/\/api.w.org\/{rel}","templated":true}]}}