{"id":8204,"date":"2023-11-29T17:22:29","date_gmt":"2023-11-29T20:22:29","guid":{"rendered":"https:\/\/ismaelcolosi.com.br\/index.php\/2023\/11\/29\/fazer-isso-pode-aliviar-dores-de-cabeca-sem-medicamento\/"},"modified":"2023-11-29T17:22:29","modified_gmt":"2023-11-29T20:22:29","slug":"fazer-isso-pode-aliviar-dores-de-cabeca-sem-medicamento","status":"publish","type":"post","link":"https:\/\/ismaelcolosi.com.br\/index.php\/2023\/11\/29\/fazer-isso-pode-aliviar-dores-de-cabeca-sem-medicamento\/","title":{"rendered":"Fazer isso pode aliviar dores de cabe\u00e7a sem medicamento"},"content":{"rendered":"<p> [ad_1]<br \/>\n<\/p>\n<div>\n<p>A <a href=\"https:\/\/catracalivre.com.br\/saude-bem-estar\/quando-a-dor-de-cabeca-e-motivo-de-preocupacao\/\" target=\"_blank\" rel=\"noopener\">dor de cabe\u00e7a<\/a> pode ocorrer de v\u00e1rias maneiras. Ela pode ser apenas desconfort\u00e1veis \u200b\u200bou t\u00e3o graves quanto incapacitantes.<\/p>\n<p>Existem dois tipos de dores de cabe\u00e7a: agudas e recorrentes e cr\u00f4nicas e persistentes. \u00c9 importante consultar um m\u00e9dico se ocorrerem mais de uma vez por semana ou se forem acompanhadas de outros sinais de alerta, como <a href=\"https:\/\/catracalivre.com.br\/saude-bem-estar\/tontura-sensacao-de-desmaio-e-mais-sintomas-de-pressao-baixa\/\" target=\"_blank\" rel=\"noopener\">tontura<\/a>, fraqueza aguda e febre alta.<\/p>\n<p>Em alguns casos, no entanto, o desconforto pode ser aliviado sem a necessidade de medicamento.<\/p>\n<div id=\"attachment_2315319\" class=\"wp-caption alignnone\">\n<div class=\"d-flex justify-content-center\" data-attachment-id=\"2315319\">\n<div class=\"position-relative d-inline-block\"><img data-recalc-dims=\"1\" data-portal-copyright=\"South_agency\/istock\" decoding=\"async\" fetchpriority=\"high\" class=\"wp-image-2315319 size-large\" src=\"https:\/\/i0.wp.com\/catracalivre.com.br\/wp-content\/uploads\/2023\/11\/istock-1453153745-910x607.jpg?resize=910%2C607&#038;ssl=1\" alt=\"Em alguns casos, a dor de cabe\u00e7a pode ser aliviada sem a necessidade de medicamento\" width=\"910\" height=\"607\" srcset=\"https:\/\/catracalivre.com.br\/wp-content\/uploads\/2023\/11\/istock-1453153745-910x607.jpg 910w, https:\/\/catracalivre.com.br\/wp-content\/uploads\/2023\/11\/istock-1453153745-450x300.jpg 450w, https:\/\/catracalivre.com.br\/wp-content\/uploads\/2023\/11\/istock-1453153745-768x512.jpg 768w\" sizes=\"(max-width: 910px) 100vw, 910px\"\/><\/p>\n<p>Cr\u00e9ditos: South_agency\/istock<\/p>\n<\/div>\n<\/div>\n<p><span class=\"post-imagem__legenda\">Em alguns casos, a dor de cabe\u00e7a pode ser aliviada sem a necessidade de medicamento<\/span><\/p>\n<\/div>\n<p>Veja algumas alternativas:<\/p>\n<h2>Bolsa de \u00e1gua fria<\/h2>\n<p>Por um breve per\u00edodo, ou talvez para aliviar totalmente a dor de cabe\u00e7a, experimente deitar-se e aplicar uma compressa fria ou um pano \u00famido sobre os olhos ou a testa.<\/p>\n<p>Voc\u00ea\u00a0 tamb\u00e9m pode usar gelo para massagear a testa ou as t\u00eamporas por at\u00e9 dez minutos. Muitas pessoas acreditam que, ao contrair os <a href=\"https:\/\/catracalivre.com.br\/quem-inova\/tecnica-inovadora-permite-examinar-vasos-sanguineos-em-3d\/\" target=\"_blank\" rel=\"noopener\">vasos sangu\u00edneos<\/a>, o gelo reduza a dor porque o c\u00e9rebro n\u00e3o consegue process\u00e1-la se estiver focado na estimula\u00e7\u00e3o do frio.<\/p>\n<h2>P\u00e9s na \u00e1gua morna<\/h2>\n<p>Quando se trata de rem\u00e9dios t\u00f3picos para dor de cabe\u00e7a, mergulhar os p\u00e9s em \u00e1gua quente pode ser exatamente o que voc\u00ea precisa. A \u00e1gua morna ajuda a levar o sangue \u00e0 cabe\u00e7a, aliviando assim a dor de cabe\u00e7a.<\/p>\n<h2>Massagem na cabe\u00e7a com \u00f3leos essenciais\u200b<\/h2>\n<p>Massagear a cabe\u00e7a com <a href=\"https:\/\/catracalivre.com.br\/saude-bem-estar\/oleos-essenciais-quais-sao-os-beneficios-da-aromaterapia\/\" target=\"_blank\" rel=\"noopener\">\u00f3leos essenciais<\/a> como hortel\u00e3-pimenta e alecrim pode ajudar a dilatar os vasos sangu\u00edneos, o que aumenta a circula\u00e7\u00e3o na cabe\u00e7a. Isso ajuda no al\u00edvio da dor de cabe\u00e7a.<\/p>\n<h2>Beba \u00e1gua<\/h2>\n<p>Beber \u00e1gua pode ajudar a aliviar dores de cabe\u00e7a em alguns casos, especialmente se a dor de cabe\u00e7a estiver relacionada \u00e0 desidrata\u00e7\u00e3o.<\/p>\n<p>A desidrata\u00e7\u00e3o pode levar a dores de cabe\u00e7a tensionais e at\u00e9 mesmo enxaquecas em algumas pessoas. A \u00e1gua \u00e9 essencial para o funcionamento adequado do corpo, incluindo a circula\u00e7\u00e3o sangu\u00ednea e a manuten\u00e7\u00e3o do equil\u00edbrio de fluidos.<\/p>\n<\/div>\n<p><script>\n\t\t! function(f, b, e, v, n, t, s) {\n\t\t\tif (f.fbq) return;\n\t\t\tn = f.fbq = function() {\n\t\t\t\tn.callMethod ?\n\t\t\t\t\tn.callMethod.apply(n, arguments) : n.queue.push(arguments)\n\t\t\t};\n\t\t\tif (!f._fbq) f._fbq = n;\n\t\t\tn.push = n;\n\t\t\tn.loaded = !0;\n\t\t\tn.version = '2.0';\n\t\t\tn.queue = [];\n\t\t\tt = b.createElement(e);\n\t\t\tt.async = !0;\n\t\t\tt.src = v;\n\t\t\ts = b.getElementsByTagName(e)[0];\n\t\t\ts.parentNode.insertBefore(t, s)\n\t\t}(window, document, 'script',\n\t\t\t'https:\/\/connect.facebook.net\/en_US\/fbevents.js');\n\t\tfbq('init', '338315473262380');\n\t\tfbq('track', 'PageView');\n\t<\/script><br \/>\n<br \/>[ad_2]<br \/>\n<br \/><a href=\"https:\/\/catracalivre.com.br\/saude-bem-estar\/fazer-isso-pode-aliviar-dores-de-cabeca-sem-medicamento\/\" target=\"_blank\" rel=\"noopener\">Source link <\/a><\/p>\n<div class='code-block code-block-4' style='margin: 8px auto 8px 0; text-align: left; display: block; clear: both;'>\n\ud83d\udce2 Aviso Legal\n\nO site ismaelcolosi.com.br atua apenas como um canal de divulga\u00e7\u00e3o de oportunidades de emprego e n\u00e3o se responsabiliza pelo processo seletivo, contrata\u00e7\u00e3o ou qualquer outra etapa relacionada \u00e0s vagas publicadas. Todas as informa\u00e7\u00f5es s\u00e3o de responsabilidade dos anunciantes.\n\n\u26a0\ufe0f Aten\u00e7\u00e3o! Nunca pague por promessas de emprego nem compre cursos que garantam contrata\u00e7\u00e3o. Desconfie de qualquer cobran\u00e7a para participar de sele\u00e7\u00f5es.\n\n\n\n<\/div>\n<!-- CONTENT END 1 -->\n","protected":false},"excerpt":{"rendered":"<p>[ad_1] A dor de cabe\u00e7a pode ocorrer de v\u00e1rias maneiras. Ela pode ser apenas desconfort\u00e1veis \u200b\u200bou t\u00e3o graves quanto incapacitantes. Existem dois tipos de dores de cabe\u00e7a: agudas e recorrentes e cr\u00f4nicas e persistentes. \u00c9 importante consultar um m\u00e9dico se ocorrerem mais de uma vez por semana ou se forem acompanhadas de outros sinais de&hellip;&nbsp;<\/p>\n","protected":false},"author":1,"featured_media":8205,"comment_status":"open","ping_status":"open","sticky":false,"template":"","format":"standard","meta":{"_uag_custom_page_level_css":"","neve_meta_sidebar":"","neve_meta_container":"","neve_meta_enable_content_width":"","neve_meta_content_width":0,"neve_meta_title_alignment":"","neve_meta_author_avatar":"","neve_post_elements_order":"","neve_meta_disable_header":"","neve_meta_disable_footer":"","neve_meta_disable_title":"","_jetpack_newsletter_access":"","_jetpack_dont_email_post_to_subs":false,"_jetpack_newsletter_tier_id":0,"_jetpack_memberships_contains_paywalled_content":false,"_jetpack_memberships_contains_paid_content":false,"footnotes":""},"categories":[19],"tags":[],"class_list":["post-8204","post","type-post","status-publish","format-standard","has-post-thumbnail","hentry","category-variedades"],"uagb_featured_image_src":{"full":["https:\/\/i0.wp.com\/ismaelcolosi.com.br\/wp-content\/uploads\/2023\/11\/istock-1453153745.jpg?fit=1200%2C638&ssl=1",1200,638,false],"thumbnail":["https:\/\/i0.wp.com\/ismaelcolosi.com.br\/wp-content\/uploads\/2023\/11\/istock-1453153745.jpg?resize=150%2C150&ssl=1",150,150,true],"medium":["https:\/\/i0.wp.com\/ismaelcolosi.com.br\/wp-content\/uploads\/2023\/11\/istock-1453153745.jpg?fit=300%2C160&ssl=1",300,160,true],"medium_large":["https:\/\/i0.wp.com\/ismaelcolosi.com.br\/wp-content\/uploads\/2023\/11\/istock-1453153745.jpg?fit=768%2C408&ssl=1",768,408,true],"large":["https:\/\/i0.wp.com\/ismaelcolosi.com.br\/wp-content\/uploads\/2023\/11\/istock-1453153745.jpg?fit=1024%2C544&ssl=1",1024,544,true],"1536x1536":["https:\/\/i0.wp.com\/ismaelcolosi.com.br\/wp-content\/uploads\/2023\/11\/istock-1453153745.jpg?fit=1200%2C638&ssl=1",1200,638,true],"2048x2048":["https:\/\/i0.wp.com\/ismaelcolosi.com.br\/wp-content\/uploads\/2023\/11\/istock-1453153745.jpg?fit=1200%2C638&ssl=1",1200,638,true],"neve-blog":["https:\/\/i0.wp.com\/ismaelcolosi.com.br\/wp-content\/uploads\/2023\/11\/istock-1453153745.jpg?resize=930%2C620&ssl=1",930,620,true]},"uagb_author_info":{"display_name":"ismaelcolosi.com.br","author_link":"https:\/\/ismaelcolosi.com.br\/author\/vidareal-online\/"},"uagb_comment_info":0,"uagb_excerpt":"[ad_1] A dor de cabe\u00e7a pode ocorrer de v\u00e1rias maneiras. Ela pode ser apenas desconfort\u00e1veis \u200b\u200bou t\u00e3o graves quanto incapacitantes. Existem dois tipos de dores de cabe\u00e7a: agudas e recorrentes e cr\u00f4nicas e persistentes. \u00c9 importante consultar um m\u00e9dico se ocorrerem mais de uma vez por semana ou se forem acompanhadas de outros sinais de&hellip;&nbsp;","jetpack-related-posts":[{"id":40437,"url":"https:\/\/ismaelcolosi.com.br\/index.php\/2024\/03\/03\/entenda-a-diferenca-dos-sintomas-de-dengue-e-de-covid-19\/","url_meta":{"origin":8204,"position":0},"title":"Entenda a diferen\u00e7a dos sintomas de dengue e de covid-19\u00a0","author":"ismaelcolosi.com.br","date":"3 de Mar\u00e7o de 2024","format":false,"excerpt":"[ad_1] Em meio a uma explos\u00e3o de casos de dengue e o aumento de infec\u00e7\u00f5es por covid-19 no Brasil, sintomas como febre, dor de cabe\u00e7a e mal-estar passaram a assustar e gerar muitas d\u00favidas. No atual cen\u00e1rio epidemiol\u00f3gico, \u00e9 importante saber diferenciar os sinais de cada enfermidade.\u00a0O infectologista do Servi\u00e7o\u2026","rel":"","context":"In &quot;Not\u00edcias de Ribeir\u00e3o Preto-SP e Regi\u00e3o&quot;","block_context":{"text":"Not\u00edcias de Ribeir\u00e3o Preto-SP e Regi\u00e3o","link":"https:\/\/ismaelcolosi.com.br\/index.php\/category\/noticias-de-ribeirao-preto-sp-e-regiao-ismael-colosi\/"},"img":{"alt_text":"","src":"https:\/\/i0.wp.com\/ismaelcolosi.com.br\/wp-content\/uploads\/2024\/03\/sintomas-covid-coronavirus-pandemia-diagnostico-teste.png?fit=1000%2C523&ssl=1&resize=350%2C200","width":350,"height":200,"srcset":"https:\/\/i0.wp.com\/ismaelcolosi.com.br\/wp-content\/uploads\/2024\/03\/sintomas-covid-coronavirus-pandemia-diagnostico-teste.png?fit=1000%2C523&ssl=1&resize=350%2C200 1x, https:\/\/i0.wp.com\/ismaelcolosi.com.br\/wp-content\/uploads\/2024\/03\/sintomas-covid-coronavirus-pandemia-diagnostico-teste.png?fit=1000%2C523&ssl=1&resize=525%2C300 1.5x, https:\/\/i0.wp.com\/ismaelcolosi.com.br\/wp-content\/uploads\/2024\/03\/sintomas-covid-coronavirus-pandemia-diagnostico-teste.png?fit=1000%2C523&ssl=1&resize=700%2C400 2x"},"classes":[]},{"id":10377,"url":"https:\/\/ismaelcolosi.com.br\/index.php\/2023\/12\/04\/6-sinais-e-sintomas-precoces-de-infeccao-por-hiv\/","url_meta":{"origin":8204,"position":1},"title":"6 sinais e sintomas precoces de infec\u00e7\u00e3o por HIV","author":"ismaelcolosi.com.br","date":"4 de Dezembro de 2023","format":false,"excerpt":"[ad_1] Nas primeiras semanas ap\u00f3s a infec\u00e7\u00e3o pelo HIV, ocorre o que se chama S\u00edndrome Retroviral Aguda (ARS, do ingl\u00eas Acute Retroviral Syndrome). Ela refere-se a um conjunto de sintomas semelhantes aos da gripe que algumas pessoas experimentam. Esta fase inicial da infec\u00e7\u00e3o pelo HIV \u00e9 tamb\u00e9m conhecida como \u201cjanela\u2026","rel":"","context":"In &quot;Variedades&quot;","block_context":{"text":"Variedades","link":"https:\/\/ismaelcolosi.com.br\/index.php\/category\/variedades\/"},"img":{"alt_text":"","src":"https:\/\/i0.wp.com\/ismaelcolosi.com.br\/wp-content\/uploads\/2023\/12\/hiv-mulher-curada-sem-remedios.jpg?fit=1200%2C638&ssl=1&resize=350%2C200","width":350,"height":200,"srcset":"https:\/\/i0.wp.com\/ismaelcolosi.com.br\/wp-content\/uploads\/2023\/12\/hiv-mulher-curada-sem-remedios.jpg?fit=1200%2C638&ssl=1&resize=350%2C200 1x, https:\/\/i0.wp.com\/ismaelcolosi.com.br\/wp-content\/uploads\/2023\/12\/hiv-mulher-curada-sem-remedios.jpg?fit=1200%2C638&ssl=1&resize=525%2C300 1.5x, https:\/\/i0.wp.com\/ismaelcolosi.com.br\/wp-content\/uploads\/2023\/12\/hiv-mulher-curada-sem-remedios.jpg?fit=1200%2C638&ssl=1&resize=700%2C400 2x, https:\/\/i0.wp.com\/ismaelcolosi.com.br\/wp-content\/uploads\/2023\/12\/hiv-mulher-curada-sem-remedios.jpg?fit=1200%2C638&ssl=1&resize=1050%2C600 3x"},"classes":[]},{"id":19850,"url":"https:\/\/ismaelcolosi.com.br\/index.php\/2023\/12\/23\/problema-nos-olhos-pode-ser-sintoma-de-assassino-silencioso\/","url_meta":{"origin":8204,"position":2},"title":"Problema nos olhos pode ser sintoma de assassino silencioso","author":"ismaelcolosi.com.br","date":"23 de Dezembro de 2023","format":false,"excerpt":"[ad_1] Apelidada de assassina silenciosa, a press\u00e3o alta muitas vezes se estabelece sem chamar muita aten\u00e7\u00e3o. Os sintomas nem sempre s\u00e3o evidentes, mas um sinal revelador pode estar relacionado aos olhos. Os efeitos da hipertens\u00e3o na sa\u00fade ocular dependem inteiramente de qu\u00e3o alta ou descontrolada est\u00e1 a press\u00e3o arterial. A\u2026","rel":"","context":"In &quot;Variedades&quot;","block_context":{"text":"Variedades","link":"https:\/\/ismaelcolosi.com.br\/index.php\/category\/variedades\/"},"img":{"alt_text":"","src":"https:\/\/i0.wp.com\/ismaelcolosi.com.br\/wp-content\/uploads\/2023\/12\/depositphotos-574322494-l.jpg?fit=1200%2C638&ssl=1&resize=350%2C200","width":350,"height":200,"srcset":"https:\/\/i0.wp.com\/ismaelcolosi.com.br\/wp-content\/uploads\/2023\/12\/depositphotos-574322494-l.jpg?fit=1200%2C638&ssl=1&resize=350%2C200 1x, https:\/\/i0.wp.com\/ismaelcolosi.com.br\/wp-content\/uploads\/2023\/12\/depositphotos-574322494-l.jpg?fit=1200%2C638&ssl=1&resize=525%2C300 1.5x, https:\/\/i0.wp.com\/ismaelcolosi.com.br\/wp-content\/uploads\/2023\/12\/depositphotos-574322494-l.jpg?fit=1200%2C638&ssl=1&resize=700%2C400 2x, https:\/\/i0.wp.com\/ismaelcolosi.com.br\/wp-content\/uploads\/2023\/12\/depositphotos-574322494-l.jpg?fit=1200%2C638&ssl=1&resize=1050%2C600 3x"},"classes":[]},{"id":17391,"url":"https:\/\/ismaelcolosi.com.br\/index.php\/2023\/12\/18\/sinais-que-aparecem-ao-comer-e-podem-indicar-cancer-de-pancreas\/","url_meta":{"origin":8204,"position":3},"title":"Sinais que aparecem ao comer e podem indicar c\u00e2ncer de p\u00e2ncreas","author":"ismaelcolosi.com.br","date":"18 de Dezembro de 2023","format":false,"excerpt":"[ad_1] Os est\u00e1gios iniciais do c\u00e2ncer de p\u00e2ncreas podem ser dif\u00edceis de reconhecer simplesmente porque geralmente n\u00e3o h\u00e1 sintomas espec\u00edficos presentes. Como resultado, o diagn\u00f3stico precoce desafiador. No entanto, \u00e0 medida que o tamanho do tumor aumenta, os sintomas tamb\u00e9m tendem a tornar-se mais percept\u00edveis. Dependem de muitos fatores, incluindo\u2026","rel":"","context":"In &quot;Variedades&quot;","block_context":{"text":"Variedades","link":"https:\/\/ismaelcolosi.com.br\/index.php\/category\/variedades\/"},"img":{"alt_text":"","src":"https:\/\/i0.wp.com\/ismaelcolosi.com.br\/wp-content\/uploads\/2023\/12\/depositphotos-325119004-l.jpg?fit=1200%2C638&ssl=1&resize=350%2C200","width":350,"height":200,"srcset":"https:\/\/i0.wp.com\/ismaelcolosi.com.br\/wp-content\/uploads\/2023\/12\/depositphotos-325119004-l.jpg?fit=1200%2C638&ssl=1&resize=350%2C200 1x, https:\/\/i0.wp.com\/ismaelcolosi.com.br\/wp-content\/uploads\/2023\/12\/depositphotos-325119004-l.jpg?fit=1200%2C638&ssl=1&resize=525%2C300 1.5x, https:\/\/i0.wp.com\/ismaelcolosi.com.br\/wp-content\/uploads\/2023\/12\/depositphotos-325119004-l.jpg?fit=1200%2C638&ssl=1&resize=700%2C400 2x, https:\/\/i0.wp.com\/ismaelcolosi.com.br\/wp-content\/uploads\/2023\/12\/depositphotos-325119004-l.jpg?fit=1200%2C638&ssl=1&resize=1050%2C600 3x"},"classes":[]},{"id":17897,"url":"https:\/\/ismaelcolosi.com.br\/index.php\/2023\/12\/19\/sinais-de-alerta-que-voce-nao-deve-ignorar\/","url_meta":{"origin":8204,"position":4},"title":"sinais de alerta que voc\u00ea n\u00e3o deve ignorar","author":"ismaelcolosi.com.br","date":"19 de Dezembro de 2023","format":false,"excerpt":"[ad_1] Os infartos silenciosos do mioc\u00e1rdio s\u00e3o respons\u00e1veis por 45% dos ataques card\u00edacos, muitas vezes com sintomas leves e passageiros. A detec\u00e7\u00e3o e interven\u00e7\u00e3o precoces s\u00e3o cruciais para prevenir danos ao tecido card\u00edaco. Chamados de \u201csilenciosos\u201d esses ataques card\u00edacos desviam-se dos sintomas cl\u00e1ssicos. Por conta disso, muitas pessoas acabam considerando\u2026","rel":"","context":"In &quot;Variedades&quot;","block_context":{"text":"Variedades","link":"https:\/\/ismaelcolosi.com.br\/index.php\/category\/variedades\/"},"img":{"alt_text":"","src":"https:\/\/i0.wp.com\/ismaelcolosi.com.br\/wp-content\/uploads\/2023\/12\/istock-700262796.jpg?fit=1200%2C638&ssl=1&resize=350%2C200","width":350,"height":200,"srcset":"https:\/\/i0.wp.com\/ismaelcolosi.com.br\/wp-content\/uploads\/2023\/12\/istock-700262796.jpg?fit=1200%2C638&ssl=1&resize=350%2C200 1x, https:\/\/i0.wp.com\/ismaelcolosi.com.br\/wp-content\/uploads\/2023\/12\/istock-700262796.jpg?fit=1200%2C638&ssl=1&resize=525%2C300 1.5x, https:\/\/i0.wp.com\/ismaelcolosi.com.br\/wp-content\/uploads\/2023\/12\/istock-700262796.jpg?fit=1200%2C638&ssl=1&resize=700%2C400 2x, https:\/\/i0.wp.com\/ismaelcolosi.com.br\/wp-content\/uploads\/2023\/12\/istock-700262796.jpg?fit=1200%2C638&ssl=1&resize=1050%2C600 3x"},"classes":[]},{"id":20372,"url":"https:\/\/ismaelcolosi.com.br\/index.php\/2023\/12\/25\/comeu-muito-na-ceia-de-natal-veja-como-aliviar-o-inchaco\/","url_meta":{"origin":8204,"position":5},"title":"Comeu muito na ceia de Natal? Veja como aliviar o incha\u00e7o","author":"ismaelcolosi.com.br","date":"25 de Dezembro de 2023","format":false,"excerpt":"[ad_1] Cr\u00e9ditos: iStock\/JackFVeja como aliviar incha\u00e7o ap\u00f3s refei\u00e7\u00f5es em quantidades al\u00e9m do habitual Aquela sensa\u00e7\u00e3o de barriga cheia e inchada ap\u00f3s a refei\u00e7\u00e3o \u00e9 muito comum ap\u00f3s a ceia de Natal. O problema \u00e9 que a \u201cressaca\u201d causada por comida em excesso pode durar at\u00e9 o dia seguinte e provocar\u2026","rel":"","context":"In &quot;Variedades&quot;","block_context":{"text":"Variedades","link":"https:\/\/ismaelcolosi.com.br\/index.php\/category\/variedades\/"},"img":{"alt_text":"","src":"https:\/\/i0.wp.com\/ismaelcolosi.com.br\/wp-content\/uploads\/2023\/12\/istock-939149120.jpg?fit=1200%2C638&ssl=1&resize=350%2C200","width":350,"height":200,"srcset":"https:\/\/i0.wp.com\/ismaelcolosi.com.br\/wp-content\/uploads\/2023\/12\/istock-939149120.jpg?fit=1200%2C638&ssl=1&resize=350%2C200 1x, https:\/\/i0.wp.com\/ismaelcolosi.com.br\/wp-content\/uploads\/2023\/12\/istock-939149120.jpg?fit=1200%2C638&ssl=1&resize=525%2C300 1.5x, https:\/\/i0.wp.com\/ismaelcolosi.com.br\/wp-content\/uploads\/2023\/12\/istock-939149120.jpg?fit=1200%2C638&ssl=1&resize=700%2C400 2x, https:\/\/i0.wp.com\/ismaelcolosi.com.br\/wp-content\/uploads\/2023\/12\/istock-939149120.jpg?fit=1200%2C638&ssl=1&resize=1050%2C600 3x"},"classes":[]}],"jetpack_sharing_enabled":true,"jetpack_shortlink":"https:\/\/wp.me\/pfMlyK-28k","jetpack_featured_media_url":"https:\/\/i0.wp.com\/ismaelcolosi.com.br\/wp-content\/uploads\/2023\/11\/istock-1453153745.jpg?fit=1200%2C638&ssl=1","_links":{"self":[{"href":"https:\/\/ismaelcolosi.com.br\/index.php\/wp-json\/wp\/v2\/posts\/8204","targetHints":{"allow":["GET"]}}],"collection":[{"href":"https:\/\/ismaelcolosi.com.br\/index.php\/wp-json\/wp\/v2\/posts"}],"about":[{"href":"https:\/\/ismaelcolosi.com.br\/index.php\/wp-json\/wp\/v2\/types\/post"}],"author":[{"embeddable":true,"href":"https:\/\/ismaelcolosi.com.br\/index.php\/wp-json\/wp\/v2\/users\/1"}],"replies":[{"embeddable":true,"href":"https:\/\/ismaelcolosi.com.br\/index.php\/wp-json\/wp\/v2\/comments?post=8204"}],"version-history":[{"count":0,"href":"https:\/\/ismaelcolosi.com.br\/index.php\/wp-json\/wp\/v2\/posts\/8204\/revisions"}],"wp:featuredmedia":[{"embeddable":true,"href":"https:\/\/ismaelcolosi.com.br\/index.php\/wp-json\/wp\/v2\/media\/8205"}],"wp:attachment":[{"href":"https:\/\/ismaelcolosi.com.br\/index.php\/wp-json\/wp\/v2\/media?parent=8204"}],"wp:term":[{"taxonomy":"category","embeddable":true,"href":"https:\/\/ismaelcolosi.com.br\/index.php\/wp-json\/wp\/v2\/categories?post=8204"},{"taxonomy":"post_tag","embeddable":true,"href":"https:\/\/ismaelcolosi.com.br\/index.php\/wp-json\/wp\/v2\/tags?post=8204"}],"curies":[{"name":"wp","href":"https:\/\/api.w.org\/{rel}","templated":true}]}}