{"id":82023,"date":"2025-01-22T12:30:22","date_gmt":"2025-01-22T15:30:22","guid":{"rendered":"https:\/\/ismaelcolosi.com.br\/?p=82023"},"modified":"2025-01-22T12:30:22","modified_gmt":"2025-01-22T15:30:22","slug":"vagas-para-op-de-telemarketing-em-ribeirao-preto","status":"publish","type":"post","link":"https:\/\/ismaelcolosi.com.br\/index.php\/2025\/01\/22\/vagas-para-op-de-telemarketing-em-ribeirao-preto\/","title":{"rendered":"Vagas para Op. de Telemarketing em Ribeir\u00e3o Preto"},"content":{"rendered":"<p><strong><span style=\"font-family: arial, helvetica, sans-serif; font-size: 18pt;\">Temos vagas de Operador de Telemarketing em Ribeir\u00e3o Preto\/SP.<\/span><\/strong><\/p>\n<p><span style=\"font-family: arial, helvetica, sans-serif; font-size: 14pt;\"><strong><span style=\"font-size: 18pt;\">Atividades<\/span><\/strong>:<\/span><br \/>\n<span style=\"font-family: arial, helvetica, sans-serif; font-size: 14pt;\">&#8211; Identificar as necessidades dos clientes e oferecer a melhor solu\u00e7\u00e3o de forma pr\u00e1tica e r\u00e1pida;<\/span><br \/>\n<span style=\"font-family: arial, helvetica, sans-serif; font-size: 14pt;\">&#8211; Alcan\u00e7as as metas de desempenho e garantir um atendimento de excel\u00eancia;<\/span><br \/>\n<span style=\"font-family: arial, helvetica, sans-serif; font-size: 14pt;\">&#8211; Manter os cliente felizes e satisfeitos com um atendimento impec\u00e1vel;<\/span><br \/>\n<span style=\"font-family: arial, helvetica, sans-serif; font-size: 14pt;\">&#8211; Atendimento Ativo\/Receptivo, tanto por telefone quanto por chat e e-mail, sempre com foco na melhor experi\u00eancia poss\u00edvel;<\/span><br \/>\n<span style=\"font-family: arial, helvetica, sans-serif; font-size: 14pt;\">&#8211; Registrar todas as informa\u00e7\u00f5es no sistema de maneira precisa, sem deixar nada para tr\u00e1s.<\/span><\/p>\n<p><strong><span style=\"font-family: arial, helvetica, sans-serif; font-size: 18pt;\">Requisitos e qualifica\u00e7\u00f5es:<\/span><\/strong><br \/>\n<span style=\"font-family: arial, helvetica, sans-serif; font-size: 14pt;\">&#8211; Pensa e agir a partir das perspectivas dos clientes;<\/span><br \/>\n<span style=\"font-family: arial, helvetica, sans-serif; font-size: 14pt;\">&#8211; Demonstrar interesse e curiosidade de conhecer os clientes, seus comportamentos e prefer\u00eancias para atender e superar suas expectativas;<\/span><br \/>\n<span style=\"font-family: arial, helvetica, sans-serif; font-size: 14pt;\">&#8211; Possuir disponibilidade para trabalhar sobre escala 6&#215;1.<\/span><br \/>\n<span style=\"font-family: arial, helvetica, sans-serif; font-size: 14pt;\">Para fazer parte do nosso time \u00e9 essencial:<\/span><br \/>\n<span style=\"font-family: arial, helvetica, sans-serif; font-size: 14pt;\">&#8211; Ensino m\u00e9dio completo e ser maior de 18 anos;<\/span><br \/>\n<span style=\"font-family: arial, helvetica, sans-serif; font-size: 14pt;\">&#8211; Experi\u00eancia com atendimento ao cliente (seja receptivo, negocia\u00e7\u00f5es ou atendimento geral);<\/span><br \/>\n<span style=\"font-family: arial, helvetica, sans-serif; font-size: 14pt;\">&#8211; Foco total em resultados;<\/span><br \/>\n<span style=\"font-family: arial, helvetica, sans-serif; font-size: 14pt;\">&#8211; Mandar bem em t\u00e9cnicas de negocia\u00e7\u00e3o;<\/span><br \/>\n<span style=\"font-family: arial, helvetica, sans-serif; font-size: 14pt;\">&#8211; Comunica\u00e7\u00e3o clara e objetiva;<\/span><br \/>\n<span style=\"font-family: arial, helvetica, sans-serif; font-size: 14pt;\">&#8211; Perfil din\u00e2mico, anal\u00edtico e sempre pronto para resolver;<\/span><br \/>\n<span style=\"font-family: arial, helvetica, sans-serif; font-size: 14pt;\">&#8211; Conhecimento b\u00e1sico em inform\u00e1tica.<\/span><br \/>\n<span style=\"font-family: arial, helvetica, sans-serif; font-size: 14pt;\"><br \/>\nLocal: Ribeir\u00e3o Preto<\/span><br \/>\n<span style=\"font-family: arial, helvetica, sans-serif; font-size: 14pt;\">Rua Marqu\u00eas Pombal, 121 &#8211; Campos Eliseos<\/span><br \/>\n<span style=\"font-family: arial, helvetica, sans-serif; font-size: 14pt;\">Salario: R$1.412,00<\/span><br \/>\n<span style=\"font-family: arial, helvetica, sans-serif; font-size: 14pt;\">Vale Refei\u00e7\u00e3o: R$15,00 (ao dia)<\/span><br \/>\n<span style=\"font-family: arial, helvetica, sans-serif; font-size: 14pt;\">Turno: 14:30 &#8211; 20:50<\/span><br \/>\n<span style=\"font-family: arial, helvetica, sans-serif; font-size: 14pt;\">Escala: 6&#215;1<\/span><br \/>\n<span style=\"font-family: arial, helvetica, sans-serif; font-size: 14pt;\">Contrato: CLT <\/span><br \/>\n<span style=\"font-family: arial, helvetica, sans-serif; font-size: 14pt;\">Modelo de atua\u00e7\u00e3o: Presencial<br \/>\n<\/span><br \/>\n<strong><span style=\"font-family: arial, helvetica, sans-serif; font-size: 18pt;\">Se ficou interessado(a) na vaga, envie seu curr\u00edculo para 11 950853416 (whatsapp)<br \/>\nAvisar que foi encaminhado por Ismael Colosi<br \/>\n<\/span><\/strong><\/p><div class='code-block code-block-8' style='margin: 8px auto; text-align: center; display: block; clear: both;'>\n<script>\n  atOptions = {\n    'key' : '66e2e2111ca34da796271819fc334058',\n    'format' : 'iframe',\n    'height' : 250,\n    'width' : 300,\n    'params' : {}\n  };\n<\/script>\n<script src=\"https:\/\/www.highperformanceformat.com\/66e2e2111ca34da796271819fc334058\/invoke.js\"><\/script>\n<\/div>\n\n<div class='code-block code-block-4' style='margin: 8px auto 8px 0; text-align: left; display: block; clear: both;'>\n\ud83d\udce2 Aviso Legal\n\nO site ismaelcolosi.com.br atua apenas como um canal de divulga\u00e7\u00e3o de oportunidades de emprego e n\u00e3o se responsabiliza pelo processo seletivo, contrata\u00e7\u00e3o ou qualquer outra etapa relacionada \u00e0s vagas publicadas. Todas as informa\u00e7\u00f5es s\u00e3o de responsabilidade dos anunciantes.\n\n\u26a0\ufe0f Aten\u00e7\u00e3o! Nunca pague por promessas de emprego nem compre cursos que garantam contrata\u00e7\u00e3o. Desconfie de qualquer cobran\u00e7a para participar de sele\u00e7\u00f5es.\n\n\n\n<\/div>\n<!-- CONTENT END 1 -->\n","protected":false},"excerpt":{"rendered":"<p>Temos vagas de Operador de Telemarketing em Ribeir\u00e3o Preto\/SP. Atividades: &#8211; Identificar as necessidades dos clientes e oferecer a melhor solu\u00e7\u00e3o de forma pr\u00e1tica e&#8230;<\/p>\n","protected":false},"author":5,"featured_media":82024,"comment_status":"open","ping_status":"open","sticky":false,"template":"","format":"standard","meta":{"_uag_custom_page_level_css":"","advanced_seo_description":"","jetpack_seo_html_title":"","jetpack_seo_noindex":false,"jetpack_post_was_ever_published":false,"_jetpack_newsletter_access":"","_jetpack_dont_email_post_to_subs":false,"_jetpack_newsletter_tier_id":0,"_jetpack_memberships_contains_paywalled_content":false,"_jetpack_memberships_contains_paid_content":false,"footnotes":"","jetpack_publicize_message":"","jetpack_publicize_feature_enabled":true,"jetpack_social_post_already_shared":true,"jetpack_social_options":{"image_generator_settings":{"template":"highway","default_image_id":0,"font":"","enabled":false},"version":2}},"categories":[7],"tags":[],"class_list":["post-82023","post","type-post","status-publish","format-standard","has-post-thumbnail","hentry","category-vagas-de-empregos-em-ribeirao-preto-regiao-brasil"],"jetpack_publicize_connections":[],"jetpack_featured_media_url":"https:\/\/i0.wp.com\/ismaelcolosi.com.br\/wp-content\/uploads\/2025\/01\/young-woman-with-microphone-working-record-studio-scaled.jpg?fit=2560%2C1706&ssl=1","uagb_featured_image_src":{"full":["https:\/\/i0.wp.com\/ismaelcolosi.com.br\/wp-content\/uploads\/2025\/01\/young-woman-with-microphone-working-record-studio-scaled.jpg?fit=2560%2C1706&ssl=1",2560,1706,false],"thumbnail":["https:\/\/i0.wp.com\/ismaelcolosi.com.br\/wp-content\/uploads\/2025\/01\/young-woman-with-microphone-working-record-studio-scaled.jpg?resize=150%2C150&ssl=1",150,150,true],"medium":["https:\/\/i0.wp.com\/ismaelcolosi.com.br\/wp-content\/uploads\/2025\/01\/young-woman-with-microphone-working-record-studio-scaled.jpg?fit=300%2C200&ssl=1",300,200,true],"medium_large":["https:\/\/i0.wp.com\/ismaelcolosi.com.br\/wp-content\/uploads\/2025\/01\/young-woman-with-microphone-working-record-studio-scaled.jpg?fit=768%2C512&ssl=1",768,512,true],"large":["https:\/\/i0.wp.com\/ismaelcolosi.com.br\/wp-content\/uploads\/2025\/01\/young-woman-with-microphone-working-record-studio-scaled.jpg?fit=1024%2C683&ssl=1",1024,683,true],"1536x1536":["https:\/\/i0.wp.com\/ismaelcolosi.com.br\/wp-content\/uploads\/2025\/01\/young-woman-with-microphone-working-record-studio-scaled.jpg?fit=1536%2C1024&ssl=1",1536,1024,true],"2048x2048":["https:\/\/i0.wp.com\/ismaelcolosi.com.br\/wp-content\/uploads\/2025\/01\/young-woman-with-microphone-working-record-studio-scaled.jpg?fit=2048%2C1365&ssl=1",2048,1365,true],"really-simple-thumb":["https:\/\/i0.wp.com\/ismaelcolosi.com.br\/wp-content\/uploads\/2025\/01\/young-woman-with-microphone-working-record-studio-scaled.jpg?resize=370%2C247&ssl=1",370,247,true]},"uagb_author_info":{"display_name":"Arthur Tijolo","author_link":"https:\/\/ismaelcolosi.com.br\/index.php\/author\/autor-2024\/"},"uagb_comment_info":0,"uagb_excerpt":"Temos vagas de Operador de Telemarketing em Ribeir\u00e3o Preto\/SP. Atividades: &#8211; Identificar as necessidades dos clientes e oferecer a melhor solu\u00e7\u00e3o de forma pr\u00e1tica e...","jetpack-related-posts":[{"id":47089,"url":"https:\/\/ismaelcolosi.com.br\/index.php\/2024\/04\/22\/vagas-em-ribeirao-preto-destaques-6\/","url_meta":{"origin":82023,"position":0},"title":"Vagas em Ribeir\u00e3o Preto: Destaques","author":"ismaelcolosi.com.br","date":"22 de April de 2024","format":false,"excerpt":"Lista de Vagas em Ribeir\u00e3o Preto Ribeir\u00e3o Preto - SP Assistente de Planejamento Ver mais Ribeir\u00e3o Preto - SP Vendedor(a) de Cal\u00e7ados Ver mais Ribeir\u00e3o Preto - SP Aprendiz Estoquista Ver mais Ribeir\u00e3o Preto - SP FISCAL DE CAIXA Ver mais Ribeir\u00e3o Preto - SP Vendedor(a) Ver mais Ribeir\u00e3o Preto\u2026","rel":"","context":"In &quot;Vagas de Emprego em Ribeir\u00e3o Preto-SP&quot;","block_context":{"text":"Vagas de Emprego em Ribeir\u00e3o Preto-SP","link":"https:\/\/ismaelcolosi.com.br\/index.php\/category\/empregos-classificados-vagas-trabalho\/vagas-de-empregos-em-ribeirao-preto-regiao-brasil\/"},"img":{"alt_text":"","src":"","width":0,"height":0},"classes":[]},{"id":47083,"url":"https:\/\/ismaelcolosi.com.br\/index.php\/2024\/04\/22\/20-vagas-de-empregos-entre-e-veja-oportunidades-de-trabalho-em-ribeirao-preto-sp-21\/","url_meta":{"origin":82023,"position":1},"title":"20 vagas de empregos: entre e veja oportunidades de trabalho em Ribeir\u00e3o Preto-SP","author":"ismaelcolosi.com.br","date":"22 de April de 2024","format":false,"excerpt":"Lista de Vagas em Ribeir\u00e3o Preto Ribeir\u00e3o Preto - SP Assistente de Planejamento Ver mais Ribeir\u00e3o Preto - SP Vendedor(a) de Cal\u00e7ados Ver mais Ribeir\u00e3o Preto - SP Aprendiz Estoquista Ver mais Ribeir\u00e3o Preto - SP FISCAL DE CAIXA Ver mais Ribeir\u00e3o Preto - SP Vendedor(a) Ver mais Ribeir\u00e3o Preto\u2026","rel":"","context":"In &quot;Vagas de Emprego em Ribeir\u00e3o Preto-SP&quot;","block_context":{"text":"Vagas de Emprego em Ribeir\u00e3o Preto-SP","link":"https:\/\/ismaelcolosi.com.br\/index.php\/category\/empregos-classificados-vagas-trabalho\/vagas-de-empregos-em-ribeirao-preto-regiao-brasil\/"},"img":{"alt_text":"","src":"https:\/\/i0.wp.com\/ismaelcolosi.com.br\/wp-content\/uploads\/2024\/04\/RibeiroPretoterfeirocommaisde800vagasdeempregonestaquinta_Tamanho_2_image.jpg?fit=1200%2C900&ssl=1&resize=350%2C200","width":350,"height":200,"srcset":"https:\/\/i0.wp.com\/ismaelcolosi.com.br\/wp-content\/uploads\/2024\/04\/RibeiroPretoterfeirocommaisde800vagasdeempregonestaquinta_Tamanho_2_image.jpg?fit=1200%2C900&ssl=1&resize=350%2C200 1x, https:\/\/i0.wp.com\/ismaelcolosi.com.br\/wp-content\/uploads\/2024\/04\/RibeiroPretoterfeirocommaisde800vagasdeempregonestaquinta_Tamanho_2_image.jpg?fit=1200%2C900&ssl=1&resize=525%2C300 1.5x, https:\/\/i0.wp.com\/ismaelcolosi.com.br\/wp-content\/uploads\/2024\/04\/RibeiroPretoterfeirocommaisde800vagasdeempregonestaquinta_Tamanho_2_image.jpg?fit=1200%2C900&ssl=1&resize=700%2C400 2x, https:\/\/i0.wp.com\/ismaelcolosi.com.br\/wp-content\/uploads\/2024\/04\/RibeiroPretoterfeirocommaisde800vagasdeempregonestaquinta_Tamanho_2_image.jpg?fit=1200%2C900&ssl=1&resize=1050%2C600 3x"},"classes":[]},{"id":54951,"url":"https:\/\/ismaelcolosi.com.br\/index.php\/2024\/06\/28\/14-vagas-em-ribeirao-preto-sp-2\/","url_meta":{"origin":82023,"position":2},"title":"14 vagas em Ribeir\u00e3o Preto\/SP","author":"ismaelcolosi.com.br","date":"28 de June de 2024","format":false,"excerpt":"14 vagas em Ribeir\u00e3o Preto\/SPOperador TelemarketingRibeir\u00e3o Preto, SPSal\u00e1rioA combinarContratoCLT (Efetivo)ESTAMOS EM BUSCA DE UM(A) OPERADORA DE TELEMARKETING PARA FAZER PARTE DO NOSSO TIME. ATIVIDADES: - PROSPEC\u00c7\u00c3O DE NOVOS CLIENTES; - APRESENTA\u00c7\u00c3O DA EMPRESA; - BUSCAR NOVOS NEG\u00d3CIOS.T\u00e9cnico em El\u00e9tricaRibeir\u00e3o Preto, SPSal\u00e1rioA combinarContratoCLT (Efetivo)# Tecnico eletrica # montar paineis # clp\u2026","rel":"","context":"In &quot;Vagas de Emprego em Ribeir\u00e3o Preto-SP&quot;","block_context":{"text":"Vagas de Emprego em Ribeir\u00e3o Preto-SP","link":"https:\/\/ismaelcolosi.com.br\/index.php\/category\/empregos-classificados-vagas-trabalho\/vagas-de-empregos-em-ribeirao-preto-regiao-brasil\/"},"img":{"alt_text":"","src":"https:\/\/i0.wp.com\/ismaelcolosi.com.br\/wp-content\/uploads\/2024\/06\/1719602342_a3e97088f30f8acd4c21ea69ffbecb43.jpg?fit=1080%2C981&ssl=1&resize=350%2C200","width":350,"height":200,"srcset":"https:\/\/i0.wp.com\/ismaelcolosi.com.br\/wp-content\/uploads\/2024\/06\/1719602342_a3e97088f30f8acd4c21ea69ffbecb43.jpg?fit=1080%2C981&ssl=1&resize=350%2C200 1x, https:\/\/i0.wp.com\/ismaelcolosi.com.br\/wp-content\/uploads\/2024\/06\/1719602342_a3e97088f30f8acd4c21ea69ffbecb43.jpg?fit=1080%2C981&ssl=1&resize=525%2C300 1.5x, https:\/\/i0.wp.com\/ismaelcolosi.com.br\/wp-content\/uploads\/2024\/06\/1719602342_a3e97088f30f8acd4c21ea69ffbecb43.jpg?fit=1080%2C981&ssl=1&resize=700%2C400 2x, https:\/\/i0.wp.com\/ismaelcolosi.com.br\/wp-content\/uploads\/2024\/06\/1719602342_a3e97088f30f8acd4c21ea69ffbecb43.jpg?fit=1080%2C981&ssl=1&resize=1050%2C600 3x"},"classes":[]},{"id":21544,"url":"https:\/\/ismaelcolosi.com.br\/index.php\/2023\/12\/28\/empregos-classificados-tribuna-ribeirao-16\/","url_meta":{"origin":82023,"position":3},"title":"Empregos &#8211; Classificados Tribuna Ribeir\u00e3o","author":"ismaelcolosi.com.br","date":"28 de December de 2023","format":false,"excerpt":"An\u00fancios CONTRATA-SE TELEMARKETING, PRODU\u00c7\u00c3O E SILK Empregos - - 26\/12\/2023 Empresa fabricante de copos pl\u00e1sticos admite funcion\u00e1rios para v\u00e1rias fun\u00e7\u00f5es: telemarketing, produ\u00e7\u00e3o, silk, etc. Enviar curr\u00edculos p\/ Av: Presidente Jo\u00e3o Goulart, 305 \u2013 Ribeir\u00e3o Preto ou no 16 98149-0731. CONTRATA-SE MEC\u00c2NICO, AJUDANTE E OFFICE BOY Empregos - - 26\/12\/2023 Oficina\u2026","rel":"","context":"In &quot;Vagas de Emprego em Ribeir\u00e3o Preto-SP&quot;","block_context":{"text":"Vagas de Emprego em Ribeir\u00e3o Preto-SP","link":"https:\/\/ismaelcolosi.com.br\/index.php\/category\/empregos-classificados-vagas-trabalho\/vagas-de-empregos-em-ribeirao-preto-regiao-brasil\/"},"img":{"alt_text":"CONTRATA-SE TELEMARKETING, PRODU\u00c7\u00c3O E SILK","src":"https:\/\/i0.wp.com\/www.tribunaribeirao.com.br\/classificadostribuna\/oc-content\/uploads\/32\/3741_thumbnail.jpg?resize=350%2C200&ssl=1","width":350,"height":200},"classes":[]},{"id":47438,"url":"https:\/\/ismaelcolosi.com.br\/index.php\/2024\/04\/25\/oportunidade-confira-as-vagas-de-emprego-disponiveis-em-ribeirao-preto\/","url_meta":{"origin":82023,"position":4},"title":"Oportunidade: Confira as vagas de emprego dispon\u00edveis em Ribeir\u00e3o Preto","author":"ismaelcolosi.com.br","date":"25 de April de 2024","format":false,"excerpt":"O Posto de Atendimento ao Trabalhador (PAT) de Ribeir\u00e3o Preto est\u00e1 com 54 vagas dispon\u00edveis, nesta quinta-feira (25). Entre as oportunidades est\u00e3o Serralheiro, T\u00e9cnico Eletr\u00f4nico, Auxiliar de Log\u00edstica, Operador de Telemarketing Receptivo e Auxiliar de Escrit\u00f3rio em Geral. Como se candidatar? Os interessados em alguma das vagas devem comparecer ao\u2026","rel":"","context":"In &quot;Not\u00edcias de Ribeir\u00e3o Preto-SP e Regi\u00e3o&quot;","block_context":{"text":"Not\u00edcias de Ribeir\u00e3o Preto-SP e Regi\u00e3o","link":"https:\/\/ismaelcolosi.com.br\/index.php\/category\/noticias-de-ribeirao-preto-sp-e-regiao-ismael-colosi\/"},"img":{"alt_text":"","src":"https:\/\/i0.wp.com\/ismaelcolosi.com.br\/wp-content\/uploads\/2024\/04\/emprego_vagas_1200x675_30092021103244.jpg?fit=1200%2C675&ssl=1&resize=350%2C200","width":350,"height":200,"srcset":"https:\/\/i0.wp.com\/ismaelcolosi.com.br\/wp-content\/uploads\/2024\/04\/emprego_vagas_1200x675_30092021103244.jpg?fit=1200%2C675&ssl=1&resize=350%2C200 1x, https:\/\/i0.wp.com\/ismaelcolosi.com.br\/wp-content\/uploads\/2024\/04\/emprego_vagas_1200x675_30092021103244.jpg?fit=1200%2C675&ssl=1&resize=525%2C300 1.5x, https:\/\/i0.wp.com\/ismaelcolosi.com.br\/wp-content\/uploads\/2024\/04\/emprego_vagas_1200x675_30092021103244.jpg?fit=1200%2C675&ssl=1&resize=700%2C400 2x, https:\/\/i0.wp.com\/ismaelcolosi.com.br\/wp-content\/uploads\/2024\/04\/emprego_vagas_1200x675_30092021103244.jpg?fit=1200%2C675&ssl=1&resize=1050%2C600 3x"},"classes":[]},{"id":43778,"url":"https:\/\/ismaelcolosi.com.br\/index.php\/2024\/03\/23\/empresas-de-transporte-estao-com-70-vagas-abertas-em-ribeirao-preto-sp-ribeirao-preto-e-franca-g1\/","url_meta":{"origin":82023,"position":5},"title":"Empresas de transporte est\u00e3o com 70 vagas abertas em Ribeir\u00e3o Preto, SP | Ribeir\u00e3o Preto e Franca | G1","author":"ismaelcolosi.com.br","date":"23 de March de 2024","format":false,"excerpt":"Empresas de transporte est\u00e3o com 70 vagas abertas em Ribeir\u00e3o Preto, SP 1 de 1 Rodonaves abre vagas de emprego em Ribeir\u00e3o Preto, SP \u2014 Foto: Divulga\u00e7\u00e3o Rodonaves abre vagas de emprego em Ribeir\u00e3o Preto, SP \u2014 Foto: Divulga\u00e7\u00e3o Duas empresas de transporte est\u00e3o com 70 vagas abertas em Ribeir\u00e3o\u2026","rel":"","context":"In &quot;Vagas de Emprego em Ribeir\u00e3o Preto-SP&quot;","block_context":{"text":"Vagas de Emprego em Ribeir\u00e3o Preto-SP","link":"https:\/\/ismaelcolosi.com.br\/index.php\/category\/empregos-classificados-vagas-trabalho\/vagas-de-empregos-em-ribeirao-preto-regiao-brasil\/"},"img":{"alt_text":"","src":"","width":0,"height":0},"classes":[]}],"jetpack_sharing_enabled":true,"jetpack_shortlink":"https:\/\/wp.me\/pfMlyK-lkX","_links":{"self":[{"href":"https:\/\/ismaelcolosi.com.br\/index.php\/wp-json\/wp\/v2\/posts\/82023","targetHints":{"allow":["GET"]}}],"collection":[{"href":"https:\/\/ismaelcolosi.com.br\/index.php\/wp-json\/wp\/v2\/posts"}],"about":[{"href":"https:\/\/ismaelcolosi.com.br\/index.php\/wp-json\/wp\/v2\/types\/post"}],"author":[{"embeddable":true,"href":"https:\/\/ismaelcolosi.com.br\/index.php\/wp-json\/wp\/v2\/users\/5"}],"replies":[{"embeddable":true,"href":"https:\/\/ismaelcolosi.com.br\/index.php\/wp-json\/wp\/v2\/comments?post=82023"}],"version-history":[{"count":1,"href":"https:\/\/ismaelcolosi.com.br\/index.php\/wp-json\/wp\/v2\/posts\/82023\/revisions"}],"predecessor-version":[{"id":82025,"href":"https:\/\/ismaelcolosi.com.br\/index.php\/wp-json\/wp\/v2\/posts\/82023\/revisions\/82025"}],"wp:featuredmedia":[{"embeddable":true,"href":"https:\/\/ismaelcolosi.com.br\/index.php\/wp-json\/wp\/v2\/media\/82024"}],"wp:attachment":[{"href":"https:\/\/ismaelcolosi.com.br\/index.php\/wp-json\/wp\/v2\/media?parent=82023"}],"wp:term":[{"taxonomy":"category","embeddable":true,"href":"https:\/\/ismaelcolosi.com.br\/index.php\/wp-json\/wp\/v2\/categories?post=82023"},{"taxonomy":"post_tag","embeddable":true,"href":"https:\/\/ismaelcolosi.com.br\/index.php\/wp-json\/wp\/v2\/tags?post=82023"}],"curies":[{"name":"wp","href":"https:\/\/api.w.org\/{rel}","templated":true}]}}