{"id":8201,"date":"2023-11-29T17:09:44","date_gmt":"2023-11-29T20:09:44","guid":{"rendered":"https:\/\/ismaelcolosi.com.br\/index.php\/2023\/11\/29\/morte-de-jovens-apos-tomarem-anticoncepcional-chama-atencao\/"},"modified":"2023-11-29T17:09:44","modified_gmt":"2023-11-29T20:09:44","slug":"morte-de-jovens-apos-tomarem-anticoncepcional-chama-atencao","status":"publish","type":"post","link":"https:\/\/ismaelcolosi.com.br\/index.php\/2023\/11\/29\/morte-de-jovens-apos-tomarem-anticoncepcional-chama-atencao\/","title":{"rendered":"Morte de jovens ap\u00f3s tomarem anticoncepcional chama aten\u00e7\u00e3o"},"content":{"rendered":"<p> [ad_1]<br \/>\n<\/p>\n<div>\n<p>Duas mulheres jovens que tomaram a p\u00edlula <a href=\"https:\/\/catracalivre.com.br\/saude-bem-estar\/jovem-alerta-sobre-anticoncepcional-apos-quase-morrer\/\" target=\"_blank\" rel=\"noopener\">anticoncepcional<\/a> morreram com apenas 10 dias de diferen\u00e7a. Ambas eram da Nova Zel\u00e2ndia.<\/p>\n<p>Georgia O\u2019Neill, 24 anos, foi encontrada morta em seu quarto, em setembro de 2021. E Isabella Rangiamohia Alexander, 17, morreu no mesmo m\u00eas ap\u00f3s desmaiar enquanto caminhava com o pai.<\/p>\n<p>O que chamou a aten\u00e7\u00e3o \u00e9 que nenhuma delas tinha condi\u00e7\u00f5es conhecidas de <a href=\"https:\/\/catracalivre.com.br\/saude-bem-estar\/este-grupo-sanguineo-tem-mais-chance-de-ter-avc-jovem\/\" target=\"_blank\" rel=\"noopener\">coagula\u00e7\u00e3o sangu\u00ednea<\/a>.<\/p>\n<p>As mortes foram relacionadas a p\u00edlulas anticoncepcionais que cont\u00eam estrog\u00eanio e pode fazer o sangue coagular mais facilmente.<\/p>\n<p>O uso desse riscos desse m\u00e9todo contraceptivo traz risco de <a href=\"https:\/\/catracalivre.com.br\/saude-bem-estar\/covid-19-trombose-pode-acontecer-ate-quatro-semanas-apos-recuperacao\/\" target=\"_blank\" rel=\"noopener\">tromboembolismo venoso<\/a> (TEV), que inclui trombose venosa profunda (TVP) e embolia pulmonar (EP).<\/p>\n<div id=\"attachment_2292094\" class=\"wp-caption alignnone\">\n<div class=\"d-flex justify-content-center\" data-attachment-id=\"2292094\">\n<div class=\"position-relative d-inline-block\"><img data-recalc-dims=\"1\" data-portal-copyright=\"iStock\/toons17\" decoding=\"async\" fetchpriority=\"high\" class=\"size-large wp-image-2292094\" src=\"https:\/\/i0.wp.com\/catracalivre.com.br\/wp-content\/uploads\/2023\/08\/istock-593310062-910x607.jpg?resize=910%2C607&#038;ssl=1\" alt=\"Duas jovens, de 17 e 24 anos, morreram com apenas 10 dias de intervalo ap\u00f3s tomarem p\u00edlula anticoncepcional\" width=\"910\" height=\"607\" srcset=\"https:\/\/catracalivre.com.br\/wp-content\/uploads\/2023\/08\/istock-593310062-910x607.jpg 910w, https:\/\/catracalivre.com.br\/wp-content\/uploads\/2023\/08\/istock-593310062-450x300.jpg 450w, https:\/\/catracalivre.com.br\/wp-content\/uploads\/2023\/08\/istock-593310062-768x512.jpg 768w\" sizes=\"(max-width: 910px) 100vw, 910px\"\/><\/p>\n<p>Cr\u00e9ditos: iStock\/toons17<\/p>\n<\/div>\n<\/div>\n<p><span class=\"post-imagem__legenda\">Duas jovens, de 17 e 24 anos, morreram com apenas 10 dias de intervalo ap\u00f3s tomarem p\u00edlula anticoncepcional<\/span><\/p>\n<\/div>\n<p>No dia de sua morte, Georgia teria se queixado de dores na parte inferior das costas, que desciam pela perna esquerda e \u00e0s vezes eram t\u00e3o fortes que ela tinha vontade de vomitar.<\/p>\n<p>J\u00e1 Isabella n\u00e3o apresentou nenhuma queixa antes de desmaiar.<\/p>\n<p>Ap\u00f3s a morte das jovens, descobriu-se que elas tinham uma muta\u00e7\u00e3o do Fator V Leiden, o que as colocava em um grupo de maior risco.<\/p>\n<p>Pessoas saud\u00e1veis \u200b\u200bque tomam a p\u00edlula t\u00eam um risco tr\u00eas a quatro vezes maior de TVP ou EP, mas esse risco aumenta at\u00e9 sete vezes para mulheres com a muta\u00e7\u00e3o.<\/p>\n<h2>Riscos do anticoncepcional<\/h2>\n<p>A p\u00edlula anticoncepcional oral combinada, muitas vezes chamada apenas de \u201cp\u00edlula\u201d, cont\u00e9m vers\u00f5es artificiais dos horm\u00f4nios femininos <a href=\"https:\/\/catracalivre.com.br\/saude-bem-estar\/estes-sao-os-sinais-de-deficiencia-em-estrogenio-em-mulheres\/\" target=\"_blank\" rel=\"noopener\">estrog\u00eanio<\/a> e progesterona, que s\u00e3o produzidos naturalmente nos ov\u00e1rios.<\/p>\n<p>Quando tomada corretamente, a p\u00edlula \u00e9 mais de 99% eficaz na preven\u00e7\u00e3o da gravidez.<\/p>\n<p>Tamb\u00e9m \u00e9 seguro para a maioria das pessoas, provocando apenas efeitos colaterais menores, como altera\u00e7\u00f5es de humor, n\u00e1useas, sensibilidade nos seios e dores de cabe\u00e7a.<\/p>\n<p>No entanto, existe um risco muito baixo de efeitos secund\u00e1rios graves, como co\u00e1gulos sangu\u00edneos e c\u00e2ncer do colo do \u00fatero.<\/p>\n<p>O estrog\u00eanio da p\u00edlula pode fazer com que o sangue coagule mais facilmente, pois o torna mais \u201cpegajoso\u201d e com maior probabilidade de formar grumos.<\/p>\n<p>Se um co\u00e1gulo sangu\u00edneo se desenvolver, poder\u00e1 causar:<\/p>\n<ul>\n<li>Trombose venosa profunda (co\u00e1gulo na perna)<\/li>\n<li>Embolia pulmonar (co\u00e1gulo no pulm\u00e3o)<\/li>\n<li>AVC<\/li>\n<li>Ataque card\u00edaco<\/li>\n<\/ul>\n<\/div>\n<p><script>\n\t\t! function(f, b, e, v, n, t, s) {\n\t\t\tif (f.fbq) return;\n\t\t\tn = f.fbq = function() {\n\t\t\t\tn.callMethod ?\n\t\t\t\t\tn.callMethod.apply(n, arguments) : n.queue.push(arguments)\n\t\t\t};\n\t\t\tif (!f._fbq) f._fbq = n;\n\t\t\tn.push = n;\n\t\t\tn.loaded = !0;\n\t\t\tn.version = '2.0';\n\t\t\tn.queue = [];\n\t\t\tt = b.createElement(e);\n\t\t\tt.async = !0;\n\t\t\tt.src = v;\n\t\t\ts = b.getElementsByTagName(e)[0];\n\t\t\ts.parentNode.insertBefore(t, s)\n\t\t}(window, document, 'script',\n\t\t\t'https:\/\/connect.facebook.net\/en_US\/fbevents.js');\n\t\tfbq('init', '338315473262380');\n\t\tfbq('track', 'PageView');\n\t<\/script><br \/>\n<br \/>[ad_2]<br \/>\n<br \/><a href=\"https:\/\/catracalivre.com.br\/saude-bem-estar\/morte-de-jovens-apos-tomarem-anticoncepcional-chama-atencao\/\" target=\"_blank\" rel=\"noopener\">Source link <\/a><\/p>\n<div class='code-block code-block-4' style='margin: 8px auto 8px 0; text-align: left; display: block; clear: both;'>\n\ud83d\udce2 Aviso Legal\n\nO site ismaelcolosi.com.br atua apenas como um canal de divulga\u00e7\u00e3o de oportunidades de emprego e n\u00e3o se responsabiliza pelo processo seletivo, contrata\u00e7\u00e3o ou qualquer outra etapa relacionada \u00e0s vagas publicadas. Todas as informa\u00e7\u00f5es s\u00e3o de responsabilidade dos anunciantes.\n\n\u26a0\ufe0f Aten\u00e7\u00e3o! Nunca pague por promessas de emprego nem compre cursos que garantam contrata\u00e7\u00e3o. Desconfie de qualquer cobran\u00e7a para participar de sele\u00e7\u00f5es.\n\n\n\n<\/div>\n<!-- CONTENT END 1 -->\n","protected":false},"excerpt":{"rendered":"<p>[ad_1] Duas mulheres jovens que tomaram a p\u00edlula anticoncepcional morreram com apenas 10 dias de diferen\u00e7a. Ambas eram da Nova Zel\u00e2ndia. Georgia O\u2019Neill, 24 anos, foi encontrada morta em seu quarto, em setembro de 2021. E Isabella Rangiamohia Alexander, 17, morreu no mesmo m\u00eas ap\u00f3s desmaiar enquanto caminhava com o pai. O que chamou a&hellip;&nbsp;<\/p>\n","protected":false},"author":1,"featured_media":8202,"comment_status":"open","ping_status":"open","sticky":false,"template":"","format":"standard","meta":{"_uag_custom_page_level_css":"","neve_meta_sidebar":"","neve_meta_container":"","neve_meta_enable_content_width":"","neve_meta_content_width":0,"neve_meta_title_alignment":"","neve_meta_author_avatar":"","neve_post_elements_order":"","neve_meta_disable_header":"","neve_meta_disable_footer":"","neve_meta_disable_title":"","_jetpack_newsletter_access":"","_jetpack_dont_email_post_to_subs":false,"_jetpack_newsletter_tier_id":0,"_jetpack_memberships_contains_paywalled_content":false,"_jetpack_memberships_contains_paid_content":false,"footnotes":""},"categories":[19],"tags":[],"class_list":["post-8201","post","type-post","status-publish","format-standard","has-post-thumbnail","hentry","category-variedades"],"uagb_featured_image_src":{"full":["https:\/\/i0.wp.com\/ismaelcolosi.com.br\/wp-content\/uploads\/2023\/11\/istock-593310062.jpg?fit=1200%2C638&ssl=1",1200,638,false],"thumbnail":["https:\/\/i0.wp.com\/ismaelcolosi.com.br\/wp-content\/uploads\/2023\/11\/istock-593310062.jpg?resize=150%2C150&ssl=1",150,150,true],"medium":["https:\/\/i0.wp.com\/ismaelcolosi.com.br\/wp-content\/uploads\/2023\/11\/istock-593310062.jpg?fit=300%2C160&ssl=1",300,160,true],"medium_large":["https:\/\/i0.wp.com\/ismaelcolosi.com.br\/wp-content\/uploads\/2023\/11\/istock-593310062.jpg?fit=768%2C408&ssl=1",768,408,true],"large":["https:\/\/i0.wp.com\/ismaelcolosi.com.br\/wp-content\/uploads\/2023\/11\/istock-593310062.jpg?fit=1024%2C544&ssl=1",1024,544,true],"1536x1536":["https:\/\/i0.wp.com\/ismaelcolosi.com.br\/wp-content\/uploads\/2023\/11\/istock-593310062.jpg?fit=1200%2C638&ssl=1",1200,638,true],"2048x2048":["https:\/\/i0.wp.com\/ismaelcolosi.com.br\/wp-content\/uploads\/2023\/11\/istock-593310062.jpg?fit=1200%2C638&ssl=1",1200,638,true],"neve-blog":["https:\/\/i0.wp.com\/ismaelcolosi.com.br\/wp-content\/uploads\/2023\/11\/istock-593310062.jpg?resize=930%2C620&ssl=1",930,620,true]},"uagb_author_info":{"display_name":"ismaelcolosi.com.br","author_link":"https:\/\/ismaelcolosi.com.br\/author\/vidareal-online\/"},"uagb_comment_info":0,"uagb_excerpt":"[ad_1] Duas mulheres jovens que tomaram a p\u00edlula anticoncepcional morreram com apenas 10 dias de diferen\u00e7a. Ambas eram da Nova Zel\u00e2ndia. Georgia O\u2019Neill, 24 anos, foi encontrada morta em seu quarto, em setembro de 2021. E Isabella Rangiamohia Alexander, 17, morreu no mesmo m\u00eas ap\u00f3s desmaiar enquanto caminhava com o pai. O que chamou a&hellip;&nbsp;","jetpack-related-posts":[{"id":18016,"url":"https:\/\/ismaelcolosi.com.br\/index.php\/2023\/12\/19\/jovem-morre-apos-comecar-a-tomar-anticoncepcional-ela-teve-coagulo-no-cerebro\/","url_meta":{"origin":8201,"position":0},"title":"Jovem morre ap\u00f3s come\u00e7ar a tomar anticoncepcional; ela teve co\u00e1gulo no c\u00e9rebro","author":"ismaelcolosi.com.br","date":"19 de Dezembro de 2023","format":false,"excerpt":"[ad_1] Uma adolescente de 16 anos acabou indo a \u00f3bito ap\u00f3s come\u00e7ar a tomar p\u00edlulas anticoncepcionais. A jovem foi identificada como Layla Khan e era moradora de uma cidade do Reino Unido. O falecimento foi constatado na \u00faltima quarta-feira (13\/12).Layla era estudante e costumava sentir forte desconforto durante seus ciclos\u2026","rel":"","context":"In &quot;Blog&quot;","block_context":{"text":"Blog","link":"https:\/\/ismaelcolosi.com.br\/index.php\/category\/blog\/"},"img":{"alt_text":"","src":"https:\/\/i0.wp.com\/ismaelcolosi.com.br\/wp-content\/uploads\/2023\/12\/postimg-6581d7b11d2376075.jpg?fit=1200%2C628&ssl=1&resize=350%2C200","width":350,"height":200,"srcset":"https:\/\/i0.wp.com\/ismaelcolosi.com.br\/wp-content\/uploads\/2023\/12\/postimg-6581d7b11d2376075.jpg?fit=1200%2C628&ssl=1&resize=350%2C200 1x, https:\/\/i0.wp.com\/ismaelcolosi.com.br\/wp-content\/uploads\/2023\/12\/postimg-6581d7b11d2376075.jpg?fit=1200%2C628&ssl=1&resize=525%2C300 1.5x, https:\/\/i0.wp.com\/ismaelcolosi.com.br\/wp-content\/uploads\/2023\/12\/postimg-6581d7b11d2376075.jpg?fit=1200%2C628&ssl=1&resize=700%2C400 2x, https:\/\/i0.wp.com\/ismaelcolosi.com.br\/wp-content\/uploads\/2023\/12\/postimg-6581d7b11d2376075.jpg?fit=1200%2C628&ssl=1&resize=1050%2C600 3x"},"classes":[]},{"id":37611,"url":"https:\/\/ismaelcolosi.com.br\/index.php\/2024\/02\/17\/opositor-de-putin-morre-na-prisao\/","url_meta":{"origin":8201,"position":1},"title":"Opositor de Putin morre na pris\u00e3o\u00a0","author":"ismaelcolosi.com.br","date":"17 de Fevereiro de 2024","format":false,"excerpt":"[ad_1] 17 de fevereiro de 2024 | 9:18 0O l\u00edder da oposi\u00e7\u00e3o russa Alexei Navalni morreu na pris\u00e3o nesta sexta-feira, 16 de fevereiro, aos 47 anos, segundo informa\u00e7\u00f5es de ag\u00eancias de not\u00edcias. Navalni estava preso em uma col\u00f4nia penal em Kharp, no \u00c1rtico russo, e pouco se sabia sobre o\u2026","rel":"","context":"In &quot;Not\u00edcias de Ribeir\u00e3o Preto-SP e Regi\u00e3o&quot;","block_context":{"text":"Not\u00edcias de Ribeir\u00e3o Preto-SP e Regi\u00e3o","link":"https:\/\/ismaelcolosi.com.br\/index.php\/category\/noticias-de-ribeirao-preto-sp-e-regiao-ismael-colosi\/"},"img":{"alt_text":"","src":"https:\/\/i0.wp.com\/ismaelcolosi.com.br\/wp-content\/uploads\/2024\/02\/Alexey-Denis-Sinyakov-Reuters-scaled.jpg?fit=1000%2C598&ssl=1&resize=350%2C200","width":350,"height":200,"srcset":"https:\/\/i0.wp.com\/ismaelcolosi.com.br\/wp-content\/uploads\/2024\/02\/Alexey-Denis-Sinyakov-Reuters-scaled.jpg?fit=1000%2C598&ssl=1&resize=350%2C200 1x, https:\/\/i0.wp.com\/ismaelcolosi.com.br\/wp-content\/uploads\/2024\/02\/Alexey-Denis-Sinyakov-Reuters-scaled.jpg?fit=1000%2C598&ssl=1&resize=525%2C300 1.5x, https:\/\/i0.wp.com\/ismaelcolosi.com.br\/wp-content\/uploads\/2024\/02\/Alexey-Denis-Sinyakov-Reuters-scaled.jpg?fit=1000%2C598&ssl=1&resize=700%2C400 2x"},"classes":[]},{"id":60211,"url":"https:\/\/ismaelcolosi.com.br\/index.php\/2024\/08\/14\/hc-aciona-policia-apos-laudo-de-morte-violenta-de-menina-de-3-anos-em-ribeirao-preto\/","url_meta":{"origin":8201,"position":2},"title":"HC aciona pol\u00edcia ap\u00f3s laudo de morte violenta de menina de 3 anos em Ribeir\u00e3o Preto","author":"ismaelcolosi.com.br","date":"14 de Agosto de 2024","format":false,"excerpt":"[ad_1] A Pol\u00edcia Civil investiga a morte por trauma cr\u00e2nioencef\u00e1lico (TCE) de uma crian\u00e7a de tr\u00eas anos que estava internada no Hospital das Cl\u00ednicas de Ribeir\u00e3o Preto (HC-RP). O caso aconteceu na \u00faltima sexta-feira (9) e foi a pr\u00f3pria institui\u00e7\u00e3o que registrou um boletim de ocorr\u00eancia (BO). De acordo com\u2026","rel":"","context":"In &quot;Not\u00edcias de Ribeir\u00e3o Preto-SP e Regi\u00e3o&quot;","block_context":{"text":"Not\u00edcias de Ribeir\u00e3o Preto-SP e Regi\u00e3o","link":"https:\/\/ismaelcolosi.com.br\/index.php\/category\/noticias-de-ribeirao-preto-sp-e-regiao-ismael-colosi\/"},"img":{"alt_text":"","src":"https:\/\/i0.wp.com\/ismaelcolosi.com.br\/wp-content\/uploads\/2024\/08\/Copia-de-Copia-de-Copia-de-TAMANHO-EXATO-PARA-FOTOS-NO-SISTEMA-NOVO-4_2024-08-14_23-57-46_png_2024-08-14_23-57-46.webp.webp?fit=1200%2C675&ssl=1&resize=350%2C200","width":350,"height":200,"srcset":"https:\/\/i0.wp.com\/ismaelcolosi.com.br\/wp-content\/uploads\/2024\/08\/Copia-de-Copia-de-Copia-de-TAMANHO-EXATO-PARA-FOTOS-NO-SISTEMA-NOVO-4_2024-08-14_23-57-46_png_2024-08-14_23-57-46.webp.webp?fit=1200%2C675&ssl=1&resize=350%2C200 1x, https:\/\/i0.wp.com\/ismaelcolosi.com.br\/wp-content\/uploads\/2024\/08\/Copia-de-Copia-de-Copia-de-TAMANHO-EXATO-PARA-FOTOS-NO-SISTEMA-NOVO-4_2024-08-14_23-57-46_png_2024-08-14_23-57-46.webp.webp?fit=1200%2C675&ssl=1&resize=525%2C300 1.5x, https:\/\/i0.wp.com\/ismaelcolosi.com.br\/wp-content\/uploads\/2024\/08\/Copia-de-Copia-de-Copia-de-TAMANHO-EXATO-PARA-FOTOS-NO-SISTEMA-NOVO-4_2024-08-14_23-57-46_png_2024-08-14_23-57-46.webp.webp?fit=1200%2C675&ssl=1&resize=700%2C400 2x, https:\/\/i0.wp.com\/ismaelcolosi.com.br\/wp-content\/uploads\/2024\/08\/Copia-de-Copia-de-Copia-de-TAMANHO-EXATO-PARA-FOTOS-NO-SISTEMA-NOVO-4_2024-08-14_23-57-46_png_2024-08-14_23-57-46.webp.webp?fit=1200%2C675&ssl=1&resize=1050%2C600 3x"},"classes":[]},{"id":4238,"url":"https:\/\/ismaelcolosi.com.br\/index.php\/2023\/11\/21\/jovem-que-teria-sido-dado-como-morto-aparece-vivo-apos-sua-familia-ter-realizado-o-velorio\/","url_meta":{"origin":8201,"position":3},"title":"Jovem que teria sido dado como morto aparece vivo ap\u00f3s sua fam\u00edlia ter realizado o vel\u00f3rio","author":"ismaelcolosi.com.br","date":"21 de Novembro de 2023","format":false,"excerpt":"[ad_1] Uma situa\u00e7\u00e3o muito inesperada aconteceu na regi\u00e3o de Passo Fundo, no Rio Grande do Sul, ap\u00f3s um homem, identificado previamente como falecido, ter enviado um v\u00eddeo para sua fam\u00edlia, dizendo que estava bem.E diante do ocorrido, a Pol\u00edcia Civil, precisou realizar uma ocorr\u00eancia, visto que o jovem, supostamente morto,\u2026","rel":"","context":"In &quot;Blog&quot;","block_context":{"text":"Blog","link":"https:\/\/ismaelcolosi.com.br\/index.php\/category\/blog\/"},"img":{"alt_text":"","src":"https:\/\/i0.wp.com\/ismaelcolosi.com.br\/wp-content\/uploads\/2023\/11\/postimg-655c5cd67a87b6459.jpg?fit=1200%2C628&ssl=1&resize=350%2C200","width":350,"height":200,"srcset":"https:\/\/i0.wp.com\/ismaelcolosi.com.br\/wp-content\/uploads\/2023\/11\/postimg-655c5cd67a87b6459.jpg?fit=1200%2C628&ssl=1&resize=350%2C200 1x, https:\/\/i0.wp.com\/ismaelcolosi.com.br\/wp-content\/uploads\/2023\/11\/postimg-655c5cd67a87b6459.jpg?fit=1200%2C628&ssl=1&resize=525%2C300 1.5x, https:\/\/i0.wp.com\/ismaelcolosi.com.br\/wp-content\/uploads\/2023\/11\/postimg-655c5cd67a87b6459.jpg?fit=1200%2C628&ssl=1&resize=700%2C400 2x, https:\/\/i0.wp.com\/ismaelcolosi.com.br\/wp-content\/uploads\/2023\/11\/postimg-655c5cd67a87b6459.jpg?fit=1200%2C628&ssl=1&resize=1050%2C600 3x"},"classes":[]},{"id":57748,"url":"https:\/\/ismaelcolosi.com.br\/index.php\/2024\/07\/24\/pilula-do-cancer-e-alvo-de-alerta-da-anvisa-entenda\/","url_meta":{"origin":8201,"position":4},"title":"\u2018P\u00edlula do c\u00e2ncer\u2019 \u00e9 alvo de alerta da Anvisa; Entenda","author":"ismaelcolosi.com.br","date":"24 de Julho de 2024","format":false,"excerpt":"[ad_1] A Anvisa (Ag\u00eancia Nacional de Vigil\u00e2ncia Sanit\u00e1ria) publicou um alerta sobre a chamada \u201cp\u00edlula do c\u00e2ncer\u201d, a fosfoetanolamina. O \u00f3rg\u00e3o refor\u00e7ou que o produto n\u00e3o possui autoriza\u00e7\u00e3o ou registro para uso como suplemento alimentar ou medicamento no Brasil. \u201cAssim, sua comercializa\u00e7\u00e3o s\u00f3 pode ocorrer com a devida aprova\u00e7\u00e3o da\u2026","rel":"","context":"In &quot;Not\u00edcias de Ribeir\u00e3o Preto-SP e Regi\u00e3o&quot;","block_context":{"text":"Not\u00edcias de Ribeir\u00e3o Preto-SP e Regi\u00e3o","link":"https:\/\/ismaelcolosi.com.br\/index.php\/category\/noticias-de-ribeirao-preto-sp-e-regiao-ismael-colosi\/"},"img":{"alt_text":"","src":"https:\/\/i0.wp.com\/ismaelcolosi.com.br\/wp-content\/uploads\/2024\/07\/pilula-do-cancer_2024-07-24_13-12-58_jpg_2024-07-24_13-12-58.webp.webp?fit=1200%2C800&ssl=1&resize=350%2C200","width":350,"height":200,"srcset":"https:\/\/i0.wp.com\/ismaelcolosi.com.br\/wp-content\/uploads\/2024\/07\/pilula-do-cancer_2024-07-24_13-12-58_jpg_2024-07-24_13-12-58.webp.webp?fit=1200%2C800&ssl=1&resize=350%2C200 1x, https:\/\/i0.wp.com\/ismaelcolosi.com.br\/wp-content\/uploads\/2024\/07\/pilula-do-cancer_2024-07-24_13-12-58_jpg_2024-07-24_13-12-58.webp.webp?fit=1200%2C800&ssl=1&resize=525%2C300 1.5x, https:\/\/i0.wp.com\/ismaelcolosi.com.br\/wp-content\/uploads\/2024\/07\/pilula-do-cancer_2024-07-24_13-12-58_jpg_2024-07-24_13-12-58.webp.webp?fit=1200%2C800&ssl=1&resize=700%2C400 2x, https:\/\/i0.wp.com\/ismaelcolosi.com.br\/wp-content\/uploads\/2024\/07\/pilula-do-cancer_2024-07-24_13-12-58_jpg_2024-07-24_13-12-58.webp.webp?fit=1200%2C800&ssl=1&resize=1050%2C600 3x"},"classes":[]},{"id":9225,"url":"https:\/\/ismaelcolosi.com.br\/index.php\/2023\/12\/01\/pfizer-descontinua-pilula-para-perda-de-peso-apos-fortes-efeitos-colaterais\/","url_meta":{"origin":8201,"position":5},"title":"Pfizer descontinua p\u00edlula para perda de peso ap\u00f3s fortes efeitos colaterais","author":"ismaelcolosi.com.br","date":"1 de Dezembro de 2023","format":false,"excerpt":"[ad_1] A Pfizer anunciou nesta sexta-feira, 1\u00ba, que n\u00e3o avan\u00e7ar\u00e1 com uma vers\u00e3o do medicamento oral para perda de peso, danuglipron, duas vezes ao dia, devido \u00e0s altas taxas de efeitos colaterais adversos. A maioria dos pacientes desistiu de continuar com um ensaio cl\u00ednico com o medicamento ap\u00f3s problemas de\u2026","rel":"","context":"In &quot;Variedades&quot;","block_context":{"text":"Variedades","link":"https:\/\/ismaelcolosi.com.br\/index.php\/category\/variedades\/"},"img":{"alt_text":"","src":"https:\/\/i0.wp.com\/ismaelcolosi.com.br\/wp-content\/uploads\/2023\/12\/istock-1424263565.jpg?fit=1200%2C638&ssl=1&resize=350%2C200","width":350,"height":200,"srcset":"https:\/\/i0.wp.com\/ismaelcolosi.com.br\/wp-content\/uploads\/2023\/12\/istock-1424263565.jpg?fit=1200%2C638&ssl=1&resize=350%2C200 1x, https:\/\/i0.wp.com\/ismaelcolosi.com.br\/wp-content\/uploads\/2023\/12\/istock-1424263565.jpg?fit=1200%2C638&ssl=1&resize=525%2C300 1.5x, https:\/\/i0.wp.com\/ismaelcolosi.com.br\/wp-content\/uploads\/2023\/12\/istock-1424263565.jpg?fit=1200%2C638&ssl=1&resize=700%2C400 2x, https:\/\/i0.wp.com\/ismaelcolosi.com.br\/wp-content\/uploads\/2023\/12\/istock-1424263565.jpg?fit=1200%2C638&ssl=1&resize=1050%2C600 3x"},"classes":[]}],"jetpack_sharing_enabled":true,"jetpack_shortlink":"https:\/\/wp.me\/pfMlyK-28h","jetpack_featured_media_url":"https:\/\/i0.wp.com\/ismaelcolosi.com.br\/wp-content\/uploads\/2023\/11\/istock-593310062.jpg?fit=1200%2C638&ssl=1","_links":{"self":[{"href":"https:\/\/ismaelcolosi.com.br\/index.php\/wp-json\/wp\/v2\/posts\/8201","targetHints":{"allow":["GET"]}}],"collection":[{"href":"https:\/\/ismaelcolosi.com.br\/index.php\/wp-json\/wp\/v2\/posts"}],"about":[{"href":"https:\/\/ismaelcolosi.com.br\/index.php\/wp-json\/wp\/v2\/types\/post"}],"author":[{"embeddable":true,"href":"https:\/\/ismaelcolosi.com.br\/index.php\/wp-json\/wp\/v2\/users\/1"}],"replies":[{"embeddable":true,"href":"https:\/\/ismaelcolosi.com.br\/index.php\/wp-json\/wp\/v2\/comments?post=8201"}],"version-history":[{"count":0,"href":"https:\/\/ismaelcolosi.com.br\/index.php\/wp-json\/wp\/v2\/posts\/8201\/revisions"}],"wp:featuredmedia":[{"embeddable":true,"href":"https:\/\/ismaelcolosi.com.br\/index.php\/wp-json\/wp\/v2\/media\/8202"}],"wp:attachment":[{"href":"https:\/\/ismaelcolosi.com.br\/index.php\/wp-json\/wp\/v2\/media?parent=8201"}],"wp:term":[{"taxonomy":"category","embeddable":true,"href":"https:\/\/ismaelcolosi.com.br\/index.php\/wp-json\/wp\/v2\/categories?post=8201"},{"taxonomy":"post_tag","embeddable":true,"href":"https:\/\/ismaelcolosi.com.br\/index.php\/wp-json\/wp\/v2\/tags?post=8201"}],"curies":[{"name":"wp","href":"https:\/\/api.w.org\/{rel}","templated":true}]}}