{"id":81855,"date":"2025-01-17T14:21:04","date_gmt":"2025-01-17T17:21:04","guid":{"rendered":"https:\/\/ismaelcolosi.com.br\/?p=81855"},"modified":"2025-01-17T14:21:04","modified_gmt":"2025-01-17T17:21:04","slug":"vaga-para-jovem-aprendiz-com-idade-de-14-ate-24-anos-em-ribeirao-preto-sp","status":"publish","type":"post","link":"https:\/\/ismaelcolosi.com.br\/index.php\/2025\/01\/17\/vaga-para-jovem-aprendiz-com-idade-de-14-ate-24-anos-em-ribeirao-preto-sp\/","title":{"rendered":"Vaga para Jovem Aprendiz com idade de 14 at\u00e9 24 anos em Ribeir\u00e3o Preto &#8211; SP"},"content":{"rendered":"<h2>Descri\u00e7\u00e3o<\/h2>\n<div class=\"markdown-body\">\n<p>A Passalacqua \u00e9 uma empresa centen\u00e1ria, atuando no segmento de tape\u00e7aria, comunica\u00e7\u00e3o visual, papel, revestimento e tecnologia, com 16 Unidades e presente em 10 cidades do Brasil. Estamos em busca de jovens talentos para fazer parte da nossa equipe como Jovem Aprendiz! Se voc\u00ea \u00e9 proativo, disposto a aprender e busca uma oportunidade para iniciar sua carreira profissional, esta \u00e9 a sua chance!<\/p>\n<p><span style=\"font-size: 18pt;\"><strong>Responsabilidades:<\/strong><\/span><\/p>\n<p>&#8211; Auxiliar nas atividades do dia a dia da empresa.<\/p>\n<p>&#8211; Apoiar as equipes em projetos e tarefas espec\u00edficas.<\/p>\n<p>&#8211; Participar de treinamentos e capacita\u00e7\u00f5es oferecidos.<\/p>\n<p>&#8211; Contribuir para um ambiente de trabalho colaborativo<\/p>\n<p><span style=\"font-size: 18pt;\"><strong>Compet\u00eancias Necess\u00e1rias:<\/strong><\/span><\/p>\n<p>&#8211; Idade entre 14 e 24 anos.<\/p>\n<p>&#8211; Estar cursando ou ter conclu\u00eddo o ensino m\u00e9dio.<\/p>\n<p>&#8211; Desejo de aprender e se desenvolver profissionalmente.<\/p>\n<p>&#8211; Boa comunica\u00e7\u00e3o e trabalho em equipe.<\/p>\n<p><span style=\"font-size: 18pt;\"><strong>Benef\u00edcios:<\/strong><\/span><\/p>\n<p>&#8211; Bolsa aux\u00edlio e benef\u00edcios.<\/p>\n<p>&#8211; Oportunidade de crescimento e desenvolvimento profissional.<\/p>\n<p>&#8211; Ambiente de trabalho din\u00e2mico e acolhedor.<\/p>\n<p><strong>Venha fazer parte da nossa equipe e inicie sua trajet\u00f3ria profissional com a gente!<\/strong><\/p>\n<ul>\n<li><strong>Todas as nossas oportunidades tamb\u00e9m se aplicam para pessoas com defici\u00eancias<\/strong><\/li>\n<\/ul>\n<p><span style=\"font-size: 18pt;\">Para saber mais e inscrever <a href=\"https:\/\/passalacqua.enlizt.me\/vagas\/jovem_aprendiz-251124\" target=\"_blank\" rel=\"noopener\">clique aqui<\/a>\u00a0<\/span><\/p>\n<\/div>\n<div class='code-block code-block-4' style='margin: 8px auto 8px 0; text-align: left; display: block; clear: both;'>\n\ud83d\udce2 Aviso Legal\n\nO site ismaelcolosi.com.br atua apenas como um canal de divulga\u00e7\u00e3o de oportunidades de emprego e n\u00e3o se responsabiliza pelo processo seletivo, contrata\u00e7\u00e3o ou qualquer outra etapa relacionada \u00e0s vagas publicadas. Todas as informa\u00e7\u00f5es s\u00e3o de responsabilidade dos anunciantes.\n\n\u26a0\ufe0f Aten\u00e7\u00e3o! Nunca pague por promessas de emprego nem compre cursos que garantam contrata\u00e7\u00e3o. Desconfie de qualquer cobran\u00e7a para participar de sele\u00e7\u00f5es.\n\n\n\n<\/div>\n<!-- CONTENT END 1 -->\n","protected":false},"excerpt":{"rendered":"<p>Descri\u00e7\u00e3o A Passalacqua \u00e9 uma empresa centen\u00e1ria, atuando no segmento de tape\u00e7aria, comunica\u00e7\u00e3o visual, papel, revestimento e tecnologia, com 16 Unidades e presente em 10 cidades do Brasil. Estamos em busca de jovens talentos para fazer parte da nossa equipe como Jovem Aprendiz! Se voc\u00ea \u00e9 proativo, disposto a aprender e busca uma oportunidade para&hellip;&nbsp;<\/p>\n","protected":false},"author":5,"featured_media":81860,"comment_status":"open","ping_status":"open","sticky":false,"template":"","format":"standard","meta":{"_uag_custom_page_level_css":"","neve_meta_sidebar":"","neve_meta_container":"","neve_meta_enable_content_width":"","neve_meta_content_width":0,"neve_meta_title_alignment":"","neve_meta_author_avatar":"","neve_post_elements_order":"","neve_meta_disable_header":"","neve_meta_disable_footer":"","neve_meta_disable_title":"","_jetpack_newsletter_access":"","_jetpack_dont_email_post_to_subs":false,"_jetpack_newsletter_tier_id":0,"_jetpack_memberships_contains_paywalled_content":false,"_jetpack_memberships_contains_paid_content":false,"footnotes":""},"categories":[1,6127],"tags":[],"class_list":["post-81855","post","type-post","status-publish","format-standard","has-post-thumbnail","hentry","category-blog","category-entrevistas-para-estagio-e-jovem-aprendiz-agendadas-para-hoje-em-ribeirao-preto-sp"],"uagb_featured_image_src":{"full":["https:\/\/i0.wp.com\/ismaelcolosi.com.br\/wp-content\/uploads\/2025\/01\/authentic-book-club-scene-scaled.jpg?fit=2560%2C1708&ssl=1",2560,1708,false],"thumbnail":["https:\/\/i0.wp.com\/ismaelcolosi.com.br\/wp-content\/uploads\/2025\/01\/authentic-book-club-scene-scaled.jpg?resize=150%2C150&ssl=1",150,150,true],"medium":["https:\/\/i0.wp.com\/ismaelcolosi.com.br\/wp-content\/uploads\/2025\/01\/authentic-book-club-scene-scaled.jpg?fit=300%2C200&ssl=1",300,200,true],"medium_large":["https:\/\/i0.wp.com\/ismaelcolosi.com.br\/wp-content\/uploads\/2025\/01\/authentic-book-club-scene-scaled.jpg?fit=768%2C512&ssl=1",768,512,true],"large":["https:\/\/i0.wp.com\/ismaelcolosi.com.br\/wp-content\/uploads\/2025\/01\/authentic-book-club-scene-scaled.jpg?fit=1024%2C683&ssl=1",1024,683,true],"1536x1536":["https:\/\/i0.wp.com\/ismaelcolosi.com.br\/wp-content\/uploads\/2025\/01\/authentic-book-club-scene-scaled.jpg?fit=1536%2C1025&ssl=1",1536,1025,true],"2048x2048":["https:\/\/i0.wp.com\/ismaelcolosi.com.br\/wp-content\/uploads\/2025\/01\/authentic-book-club-scene-scaled.jpg?fit=2048%2C1366&ssl=1",2048,1366,true],"neve-blog":["https:\/\/i0.wp.com\/ismaelcolosi.com.br\/wp-content\/uploads\/2025\/01\/authentic-book-club-scene-scaled.jpg?resize=930%2C620&ssl=1",930,620,true]},"uagb_author_info":{"display_name":"Arthur Tijolo","author_link":"https:\/\/ismaelcolosi.com.br\/author\/autor-2024\/"},"uagb_comment_info":0,"uagb_excerpt":"Descri\u00e7\u00e3o A Passalacqua \u00e9 uma empresa centen\u00e1ria, atuando no segmento de tape\u00e7aria, comunica\u00e7\u00e3o visual, papel, revestimento e tecnologia, com 16 Unidades e presente em 10 cidades do Brasil. Estamos em busca de jovens talentos para fazer parte da nossa equipe como Jovem Aprendiz! Se voc\u00ea \u00e9 proativo, disposto a aprender e busca uma oportunidade para&hellip;&nbsp;","jetpack-related-posts":[{"id":76164,"url":"https:\/\/ismaelcolosi.com.br\/index.php\/2024\/11\/11\/vagas-jovem-aprendiz-para-trabalhar-de-casa-14\/","url_meta":{"origin":81855,"position":0},"title":"Vagas Jovem Aprendiz para trabalhar de casa","author":"ismaelcolosi.com.br","date":"11 de Novembro de 2024","format":false,"excerpt":"Jovem Aprendiz Programa Aprendiz Record 2\u00ba Semestre de 2024: Inscri\u00e7\u00f5es abertas para N\u00edvel M\u00e9dio de 06 horas por dia Se voc\u00ea est\u00e1 em S\u00e3o Paulo ou tem parentes na regi\u00e3o e est\u00e1 em busca do primeiro emprego, uma \u00f3tima oportunidade est\u00e1 dispon\u00edvel! A Record est\u00e1 com inscri\u00e7\u00f5es abertas para Leia\u2026","rel":"","context":"In &quot;Vagas de Emprego Remoto - Home Office&quot;","block_context":{"text":"Vagas de Emprego Remoto - Home Office","link":"https:\/\/ismaelcolosi.com.br\/index.php\/category\/empregos-classificados-vagas-trabalho\/vagas-de-empregos-em-ribeirao-preto-regiao-brasil\/vagas-de-emprego-para-trabalhar-de-casa-home-office-remoto\/"},"img":{"alt_text":"","src":"https:\/\/i0.wp.com\/ismaelcolosi.com.br\/wp-content\/uploads\/2024\/08\/APRENDIZ-RECORD-761x492.webp?fit=761%2C492&ssl=1&resize=350%2C200","width":350,"height":200,"srcset":"https:\/\/i0.wp.com\/ismaelcolosi.com.br\/wp-content\/uploads\/2024\/08\/APRENDIZ-RECORD-761x492.webp?fit=761%2C492&ssl=1&resize=350%2C200 1x, https:\/\/i0.wp.com\/ismaelcolosi.com.br\/wp-content\/uploads\/2024\/08\/APRENDIZ-RECORD-761x492.webp?fit=761%2C492&ssl=1&resize=525%2C300 1.5x, https:\/\/i0.wp.com\/ismaelcolosi.com.br\/wp-content\/uploads\/2024\/08\/APRENDIZ-RECORD-761x492.webp?fit=761%2C492&ssl=1&resize=700%2C400 2x"},"classes":[]},{"id":91591,"url":"https:\/\/ismaelcolosi.com.br\/index.php\/2026\/08\/27\/jovem-aprendiz-presencial-ribeirao-preto-sp-5\/","url_meta":{"origin":81855,"position":1},"title":"Jovem Aprendiz Administrativo \u2013 Presencial \u2013 Ribeir\u00e3o Preto\/SP","author":"Arthur Tijolo","date":"27 de Agosto de 2026","format":false,"excerpt":"\u270d\ufe0f Ismael ColosiHeadhunter | R&S | Mutir\u00e3o do Emprego Especialista em recrutamento e sele\u00e7\u00e3o com mais de 10 anos de experi\u00eancia. Headhunter com atua\u00e7\u00e3o em Ribeir\u00e3o Preto-SP e todo Brasil; fundador e presidente do iBEE - Instituto Brasileiro do Emprego e Empreendedorismo. \ud83d\udd17 LinkedIn \ud83d\udcf8 Instagram \ud83d\udc4d Facebook \ud83c\udf3f Linktree\u2026","rel":"","context":"In &quot;Vagas de Emprego em Ribeir\u00e3o Preto-SP&quot;","block_context":{"text":"Vagas de Emprego em Ribeir\u00e3o Preto-SP","link":"https:\/\/ismaelcolosi.com.br\/index.php\/category\/empregos-classificados-vagas-trabalho\/vagas-de-empregos-em-ribeirao-preto-regiao-brasil\/"},"img":{"alt_text":"","src":"https:\/\/i0.wp.com\/ismaelcolosi.com.br\/wp-content\/uploads\/2026\/03\/474624922_1956392211551451_6464467524853668404_n.jpg?fit=1080%2C878&ssl=1&resize=350%2C200","width":350,"height":200,"srcset":"https:\/\/i0.wp.com\/ismaelcolosi.com.br\/wp-content\/uploads\/2026\/03\/474624922_1956392211551451_6464467524853668404_n.jpg?fit=1080%2C878&ssl=1&resize=350%2C200 1x, https:\/\/i0.wp.com\/ismaelcolosi.com.br\/wp-content\/uploads\/2026\/03\/474624922_1956392211551451_6464467524853668404_n.jpg?fit=1080%2C878&ssl=1&resize=525%2C300 1.5x, https:\/\/i0.wp.com\/ismaelcolosi.com.br\/wp-content\/uploads\/2026\/03\/474624922_1956392211551451_6464467524853668404_n.jpg?fit=1080%2C878&ssl=1&resize=700%2C400 2x, https:\/\/i0.wp.com\/ismaelcolosi.com.br\/wp-content\/uploads\/2026\/03\/474624922_1956392211551451_6464467524853668404_n.jpg?fit=1080%2C878&ssl=1&resize=1050%2C600 3x"},"classes":[]},{"id":78967,"url":"https:\/\/ismaelcolosi.com.br\/index.php\/2024\/12\/11\/vagas-jovem-aprendiz-para-trabalhar-de-casa-17\/","url_meta":{"origin":81855,"position":2},"title":"Vagas Jovem Aprendiz para trabalhar de casa","author":"ismaelcolosi.com.br","date":"11 de Dezembro de 2024","format":false,"excerpt":"Jovem Aprendiz Programa Aprendiz Record 2\u00ba Semestre de 2024: Inscri\u00e7\u00f5es abertas para N\u00edvel M\u00e9dio de 06 horas por dia Se voc\u00ea est\u00e1 em S\u00e3o Paulo ou tem parentes na regi\u00e3o e est\u00e1 em busca do primeiro emprego, uma \u00f3tima oportunidade est\u00e1 dispon\u00edvel! A Record est\u00e1 com inscri\u00e7\u00f5es abertas para Leia\u2026","rel":"","context":"In &quot;Vagas de Emprego Remoto - Home Office&quot;","block_context":{"text":"Vagas de Emprego Remoto - Home Office","link":"https:\/\/ismaelcolosi.com.br\/index.php\/category\/empregos-classificados-vagas-trabalho\/vagas-de-empregos-em-ribeirao-preto-regiao-brasil\/vagas-de-emprego-para-trabalhar-de-casa-home-office-remoto\/"},"img":{"alt_text":"","src":"https:\/\/i0.wp.com\/ismaelcolosi.com.br\/wp-content\/uploads\/2024\/08\/APRENDIZ-RECORD-761x492.webp?fit=761%2C492&ssl=1&resize=350%2C200","width":350,"height":200,"srcset":"https:\/\/i0.wp.com\/ismaelcolosi.com.br\/wp-content\/uploads\/2024\/08\/APRENDIZ-RECORD-761x492.webp?fit=761%2C492&ssl=1&resize=350%2C200 1x, https:\/\/i0.wp.com\/ismaelcolosi.com.br\/wp-content\/uploads\/2024\/08\/APRENDIZ-RECORD-761x492.webp?fit=761%2C492&ssl=1&resize=525%2C300 1.5x, https:\/\/i0.wp.com\/ismaelcolosi.com.br\/wp-content\/uploads\/2024\/08\/APRENDIZ-RECORD-761x492.webp?fit=761%2C492&ssl=1&resize=700%2C400 2x"},"classes":[]},{"id":72518,"url":"https:\/\/ismaelcolosi.com.br\/index.php\/2024\/10\/22\/vagas-jovem-aprendiz-para-trabalhar-de-casa-12\/","url_meta":{"origin":81855,"position":3},"title":"Vagas Jovem Aprendiz para trabalhar de casa","author":"ismaelcolosi.com.br","date":"22 de Outubro de 2024","format":false,"excerpt":"Jovem Aprendiz Programa Aprendiz Record 2\u00ba Semestre de 2024: Inscri\u00e7\u00f5es abertas para N\u00edvel M\u00e9dio de 06 horas por dia Se voc\u00ea est\u00e1 em S\u00e3o Paulo ou tem parentes na regi\u00e3o e est\u00e1 em busca do primeiro emprego, uma \u00f3tima oportunidade est\u00e1 dispon\u00edvel! A Record est\u00e1 com inscri\u00e7\u00f5es abertas para Leia\u2026","rel":"","context":"In &quot;Vagas de Emprego Remoto - Home Office&quot;","block_context":{"text":"Vagas de Emprego Remoto - Home Office","link":"https:\/\/ismaelcolosi.com.br\/index.php\/category\/empregos-classificados-vagas-trabalho\/vagas-de-empregos-em-ribeirao-preto-regiao-brasil\/vagas-de-emprego-para-trabalhar-de-casa-home-office-remoto\/"},"img":{"alt_text":"","src":"https:\/\/i0.wp.com\/ismaelcolosi.com.br\/wp-content\/uploads\/2024\/08\/APRENDIZ-RECORD-761x492.webp?fit=761%2C492&ssl=1&resize=350%2C200","width":350,"height":200,"srcset":"https:\/\/i0.wp.com\/ismaelcolosi.com.br\/wp-content\/uploads\/2024\/08\/APRENDIZ-RECORD-761x492.webp?fit=761%2C492&ssl=1&resize=350%2C200 1x, https:\/\/i0.wp.com\/ismaelcolosi.com.br\/wp-content\/uploads\/2024\/08\/APRENDIZ-RECORD-761x492.webp?fit=761%2C492&ssl=1&resize=525%2C300 1.5x, https:\/\/i0.wp.com\/ismaelcolosi.com.br\/wp-content\/uploads\/2024\/08\/APRENDIZ-RECORD-761x492.webp?fit=761%2C492&ssl=1&resize=700%2C400 2x"},"classes":[]},{"id":74571,"url":"https:\/\/ismaelcolosi.com.br\/index.php\/2024\/11\/01\/vagas-jovem-aprendiz-para-trabalhar-de-casa-13\/","url_meta":{"origin":81855,"position":4},"title":"Vagas Jovem Aprendiz para trabalhar de casa","author":"ismaelcolosi.com.br","date":"1 de Novembro de 2024","format":false,"excerpt":"Jovem Aprendiz Programa Aprendiz Record 2\u00ba Semestre de 2024: Inscri\u00e7\u00f5es abertas para N\u00edvel M\u00e9dio de 06 horas por dia Se voc\u00ea est\u00e1 em S\u00e3o Paulo ou tem parentes na regi\u00e3o e est\u00e1 em busca do primeiro emprego, uma \u00f3tima oportunidade est\u00e1 dispon\u00edvel! A Record est\u00e1 com inscri\u00e7\u00f5es abertas para Leia\u2026","rel":"","context":"In &quot;Vagas de Emprego Remoto - Home Office&quot;","block_context":{"text":"Vagas de Emprego Remoto - Home Office","link":"https:\/\/ismaelcolosi.com.br\/index.php\/category\/empregos-classificados-vagas-trabalho\/vagas-de-empregos-em-ribeirao-preto-regiao-brasil\/vagas-de-emprego-para-trabalhar-de-casa-home-office-remoto\/"},"img":{"alt_text":"","src":"https:\/\/i0.wp.com\/ismaelcolosi.com.br\/wp-content\/uploads\/2024\/08\/APRENDIZ-RECORD-761x492.webp?fit=761%2C492&ssl=1&resize=350%2C200","width":350,"height":200,"srcset":"https:\/\/i0.wp.com\/ismaelcolosi.com.br\/wp-content\/uploads\/2024\/08\/APRENDIZ-RECORD-761x492.webp?fit=761%2C492&ssl=1&resize=350%2C200 1x, https:\/\/i0.wp.com\/ismaelcolosi.com.br\/wp-content\/uploads\/2024\/08\/APRENDIZ-RECORD-761x492.webp?fit=761%2C492&ssl=1&resize=525%2C300 1.5x, https:\/\/i0.wp.com\/ismaelcolosi.com.br\/wp-content\/uploads\/2024\/08\/APRENDIZ-RECORD-761x492.webp?fit=761%2C492&ssl=1&resize=700%2C400 2x"},"classes":[]},{"id":63404,"url":"https:\/\/ismaelcolosi.com.br\/index.php\/2024\/09\/02\/vagas-jovem-aprendiz-para-trabalhar-de-casa-7\/","url_meta":{"origin":81855,"position":5},"title":"Vagas Jovem Aprendiz para trabalhar de casa","author":"ismaelcolosi.com.br","date":"2 de Setembro de 2024","format":false,"excerpt":"Jovem Aprendiz Programa Aprendiz Record 2\u00ba Semestre de 2024: Inscri\u00e7\u00f5es abertas para N\u00edvel M\u00e9dio de 06 horas por dia Se voc\u00ea est\u00e1 em S\u00e3o Paulo ou tem parentes na regi\u00e3o e est\u00e1 em busca do primeiro emprego, uma \u00f3tima oportunidade est\u00e1 dispon\u00edvel! A Record est\u00e1 com inscri\u00e7\u00f5es abertas para Leia\u2026","rel":"","context":"In &quot;Vagas de Emprego Remoto - Home Office&quot;","block_context":{"text":"Vagas de Emprego Remoto - Home Office","link":"https:\/\/ismaelcolosi.com.br\/index.php\/category\/empregos-classificados-vagas-trabalho\/vagas-de-empregos-em-ribeirao-preto-regiao-brasil\/vagas-de-emprego-para-trabalhar-de-casa-home-office-remoto\/"},"img":{"alt_text":"","src":"https:\/\/i0.wp.com\/ismaelcolosi.com.br\/wp-content\/uploads\/2024\/08\/APRENDIZ-RECORD-761x492.webp?fit=761%2C492&ssl=1&resize=350%2C200","width":350,"height":200,"srcset":"https:\/\/i0.wp.com\/ismaelcolosi.com.br\/wp-content\/uploads\/2024\/08\/APRENDIZ-RECORD-761x492.webp?fit=761%2C492&ssl=1&resize=350%2C200 1x, https:\/\/i0.wp.com\/ismaelcolosi.com.br\/wp-content\/uploads\/2024\/08\/APRENDIZ-RECORD-761x492.webp?fit=761%2C492&ssl=1&resize=525%2C300 1.5x, https:\/\/i0.wp.com\/ismaelcolosi.com.br\/wp-content\/uploads\/2024\/08\/APRENDIZ-RECORD-761x492.webp?fit=761%2C492&ssl=1&resize=700%2C400 2x"},"classes":[]}],"jetpack_sharing_enabled":true,"jetpack_shortlink":"https:\/\/wp.me\/pfMlyK-lif","jetpack_featured_media_url":"https:\/\/i0.wp.com\/ismaelcolosi.com.br\/wp-content\/uploads\/2025\/01\/authentic-book-club-scene-scaled.jpg?fit=2560%2C1708&ssl=1","_links":{"self":[{"href":"https:\/\/ismaelcolosi.com.br\/index.php\/wp-json\/wp\/v2\/posts\/81855","targetHints":{"allow":["GET"]}}],"collection":[{"href":"https:\/\/ismaelcolosi.com.br\/index.php\/wp-json\/wp\/v2\/posts"}],"about":[{"href":"https:\/\/ismaelcolosi.com.br\/index.php\/wp-json\/wp\/v2\/types\/post"}],"author":[{"embeddable":true,"href":"https:\/\/ismaelcolosi.com.br\/index.php\/wp-json\/wp\/v2\/users\/5"}],"replies":[{"embeddable":true,"href":"https:\/\/ismaelcolosi.com.br\/index.php\/wp-json\/wp\/v2\/comments?post=81855"}],"version-history":[{"count":2,"href":"https:\/\/ismaelcolosi.com.br\/index.php\/wp-json\/wp\/v2\/posts\/81855\/revisions"}],"predecessor-version":[{"id":81861,"href":"https:\/\/ismaelcolosi.com.br\/index.php\/wp-json\/wp\/v2\/posts\/81855\/revisions\/81861"}],"wp:featuredmedia":[{"embeddable":true,"href":"https:\/\/ismaelcolosi.com.br\/index.php\/wp-json\/wp\/v2\/media\/81860"}],"wp:attachment":[{"href":"https:\/\/ismaelcolosi.com.br\/index.php\/wp-json\/wp\/v2\/media?parent=81855"}],"wp:term":[{"taxonomy":"category","embeddable":true,"href":"https:\/\/ismaelcolosi.com.br\/index.php\/wp-json\/wp\/v2\/categories?post=81855"},{"taxonomy":"post_tag","embeddable":true,"href":"https:\/\/ismaelcolosi.com.br\/index.php\/wp-json\/wp\/v2\/tags?post=81855"}],"curies":[{"name":"wp","href":"https:\/\/api.w.org\/{rel}","templated":true}]}}