{"id":8180,"date":"2023-11-29T16:32:04","date_gmt":"2023-11-29T19:32:04","guid":{"rendered":"https:\/\/ismaelcolosi.com.br\/index.php\/2023\/11\/29\/veja-o-calendario-inss-para-pagamentos-da-aposentadoria-em-dezembro\/"},"modified":"2023-11-29T16:32:04","modified_gmt":"2023-11-29T19:32:04","slug":"veja-o-calendario-inss-para-pagamentos-da-aposentadoria-em-dezembro","status":"publish","type":"post","link":"https:\/\/ismaelcolosi.com.br\/index.php\/2023\/11\/29\/veja-o-calendario-inss-para-pagamentos-da-aposentadoria-em-dezembro\/","title":{"rendered":"Veja o calend\u00e1rio INSS para pagamentos da aposentadoria em dezembro"},"content":{"rendered":"<p> <br \/>\n<\/p>\n<div>\n<div id=\"attachment_2315163\" class=\"wp-caption alignnone\">\n<div class=\"d-flex justify-content-center\" data-attachment-id=\"2315163\">\n<div class=\"position-relative d-inline-block\"><img data-recalc-dims=\"1\" data-portal-copyright=\"Depositphotos\/rafapress\" decoding=\"async\" fetchpriority=\"high\" class=\"size-full wp-image-2315163\" src=\"https:\/\/i0.wp.com\/catracalivre.com.br\/wp-content\/uploads\/2023\/11\/depositphotos-366956486-xl-scaled.jpg?resize=2560%2C1707&#038;ssl=1\" alt=\"Veja o calend\u00e1rio INSS para os pagamentos da aposentadoria\" width=\"2560\" height=\"1707\" srcset=\"https:\/\/catracalivre.com.br\/wp-content\/uploads\/2023\/11\/depositphotos-366956486-xl-scaled.jpg 2560w, https:\/\/catracalivre.com.br\/wp-content\/uploads\/2023\/11\/depositphotos-366956486-xl-450x300.jpg 450w, https:\/\/catracalivre.com.br\/wp-content\/uploads\/2023\/11\/depositphotos-366956486-xl-768x512.jpg 768w\" sizes=\"(max-width: 2560px) 100vw, 2560px\"\/><\/p>\n<p>Cr\u00e9ditos: Depositphotos\/rafapress<\/p>\n<\/div>\n<\/div>\n<p><span class=\"post-imagem__legenda\">Veja o calend\u00e1rio INSS para os pagamentos da aposentadoria<\/span><\/p>\n<\/div>\n<p>O Instituto Nacional do Seguro Social (<a href=\"https:\/\/catracalivre.com.br\/cidadania\/nao-saia-de-casa-a-toa-confira-quais-servicos-o-inss-presta-pessoalmente\/\" target=\"_blank\" rel=\"noopener\">INSS<\/a>) disponibilizou o calend\u00e1rio referente ao <a href=\"https:\/\/catracalivre.com.br\/cidadania\/aposentados-e-pensionistas-do-inss-recebem-valor-extra\/\" target=\"_blank\" rel=\"noopener\">pagamento de benef\u00edcios<\/a> para dezembro.<\/p>\n<p>Seguindo o cronograma, os dep\u00f3sitos est\u00e3o previstos para come\u00e7ar no dia 25 do pr\u00f3ximo m\u00eas. A informa\u00e7\u00e3o foi divulgada pelo Minist\u00e9rio da Previd\u00eancia Social.<\/p>\n<p>Para esclarecer aos benefici\u00e1rios, as datas do pagamento variam de acordo com o valor do benef\u00edcio: aqueles que ganham at\u00e9 um sal\u00e1rio m\u00ednimo t\u00eam datas distintas dos dep\u00f3sitos para benefici\u00e1rios que possuem renda mensal acima do piso nacional.<\/p>\n<h2>Como consultar a data de pagamento do INSS?<\/h2>\n<p>Para conferir a data exata de pagamento, os <a href=\"https:\/\/catracalivre.com.br\/cidadania\/aposentadoria-sem-idade-minima-entenda-a-novidade-da-previdencia\/\" target=\"_blank\" rel=\"noopener\">segurados<\/a> devem verificar o n\u00famero final do cart\u00e3o de benef\u00edcio, o qual desconsidera o \u00faltimo d\u00edgito verificador que surge ap\u00f3s o tra\u00e7o.<\/p>\n<p>Por exemplo: possuindo um cart\u00e3o cujo n\u00famero seja 123456789-0, vale considerar o n\u00famero 9 como d\u00edgito final.<\/p>\n<p>Para os benefici\u00e1rios que j\u00e1 t\u00eam um hist\u00f3rico de recebimento, a data de pagamento usualmente segue o padr\u00e3o habitual.<\/p>\n<div data-v-31ac0a29=\"\">\n<div class=\"container grid\" data-v-31ac0a29=\"\">\n<div class=\"central-column col-lg-6\" data-v-31ac0a29=\"\">\n<div class=\"jupiter-paragraph-fragment\" data-v-16434e43=\"\" data-v-31ac0a29=\"\">\n<h2 class=\"bullet\" data-v-16434e43=\"\">Calend\u00e1rio do INSS referente a dezembro<\/h2>\n<p>O Minist\u00e9rio da Previd\u00eancia Social estima que mais de 37 milh\u00f5es de aposentados e pensionistas est\u00e3o inclu\u00eddos nos repasses em 2023. Confira o calend\u00e1rio abaixo.<\/p>\n<p class=\"bullet\" dir=\"ltr\" data-v-16434e43=\"\">At\u00e9 um sal\u00e1rio m\u00ednimo:<\/p>\n<\/div>\n<\/div>\n<\/div>\n<\/div>\n<div data-v-31ac0a29=\"\">\n<div class=\"container grid\" data-v-31ac0a29=\"\">\n<div class=\"central-column col-lg-6\" data-v-31ac0a29=\"\">\n<div class=\"jupiter-paragraph-fragment\" data-v-16434e43=\"\" data-v-31ac0a29=\"\">\n<div class=\"bullet\" data-v-16434e43=\"\">\n<ul class=\"mt-0\" dir=\"ltr\" data-v-16434e43=\"\">\n<li><strong>Final 1:<\/strong> 21 de dezembro;<\/li>\n<li><strong>Final 2:<\/strong> 22 de dezembro;<\/li>\n<li><strong>Final 3:<\/strong> 26 de dezembro;<\/li>\n<li><strong>Final 4:<\/strong> 27 de dezembro;<\/li>\n<li><strong>Final 5:<\/strong> 28 de dezembro;<\/li>\n<li><strong>Final 6:<\/strong> 2 de janeiro;<\/li>\n<li><strong>Final 7:<\/strong> 3 de janeiro;<\/li>\n<li><strong>Final 8:<\/strong> 4 de janeiro;<\/li>\n<li><strong>Final 9:<\/strong> 5 de janeiro;<\/li>\n<li><strong>Final 0:<\/strong> 8 de janeiro.<\/li>\n<\/ul>\n<\/div>\n<p class=\"bullet\" dir=\"ltr\" data-v-16434e43=\"\">Acima de um sal\u00e1rio m\u00ednimo:<\/p>\n<div class=\"bullet\" data-v-16434e43=\"\">\n<ul dir=\"ltr\" data-v-16434e43=\"\">\n<li><strong>Final 1 e 6:<\/strong> 2 de janeiro;<\/li>\n<li><strong>Final 2 e 7:<\/strong> 3 de janeiro;<\/li>\n<li><strong>Final 3 e 8:<\/strong> 4 de janeiro;<\/li>\n<li><strong>Final 4 e 9:<\/strong> 5 de janeiro;<\/li>\n<li><strong>Final 5 e 0:<\/strong> 8 de janeiro.<\/li>\n<\/ul>\n<\/div>\n<\/div>\n<\/div>\n<\/div>\n<\/div>\n<h2>Quais s\u00e3o os outros servi\u00e7os oferecidos pelo INSS?<\/h2>\n<p>Mais que apenas divulgar as datas, o INSS oferece uma s\u00e9rie de informa\u00e7\u00f5es relevantes que podem ser visualizadas tanto pelo aplicativo oficial pelo <a href=\"https:\/\/meu.inss.gov.br\/\" target=\"_blank\" rel=\"noopener\">site Meu INSS<\/a>.<\/p>\n<p>Por meio destas plataformas digitais, \u00e9 poss\u00edvel conferir o extrato de pagamento de benef\u00edcios, os valores que ser\u00e3o recebidos no pr\u00f3ximo calend\u00e1rio, bem como as datas exatas de pagamento.<\/p>\n<p>Al\u00e9m da consulta de datas, o segurado tamb\u00e9m tem ao seu dispor a op\u00e7\u00e3o de agendar ou remarcar per\u00edcias e utilizar outros servi\u00e7os que estiverem relacionados aos benef\u00edcios da seguridade social.<\/p>\n<\/div>\n<p><script>\n\t\t! function(f, b, e, v, n, t, s) {\n\t\t\tif (f.fbq) return;\n\t\t\tn = f.fbq = function() {\n\t\t\t\tn.callMethod ?\n\t\t\t\t\tn.callMethod.apply(n, arguments) : n.queue.push(arguments)\n\t\t\t};\n\t\t\tif (!f._fbq) f._fbq = n;\n\t\t\tn.push = n;\n\t\t\tn.loaded = !0;\n\t\t\tn.version = '2.0';\n\t\t\tn.queue = [];\n\t\t\tt = b.createElement(e);\n\t\t\tt.async = !0;\n\t\t\tt.src = v;\n\t\t\ts = b.getElementsByTagName(e)[0];\n\t\t\ts.parentNode.insertBefore(t, s)\n\t\t}(window, document, 'script',\n\t\t\t'https:\/\/connect.facebook.net\/en_US\/fbevents.js');\n\t\tfbq('init', '338315473262380');\n\t\tfbq('track', 'PageView');\n\t<\/script><br \/>\n<br \/><br \/>\n<br \/><a href=\"https:\/\/catracalivre.com.br\/cidadania\/veja-o-calendario-inss-para-pagamentos-da-aposentadoria-em-dezembro\/\">Source link <\/a><\/p>\n<div class='code-block code-block-4' style='margin: 8px auto 8px 0; text-align: left; display: block; clear: both;'>\n\ud83d\udce2 Aviso Legal\n\nO site ismaelcolosi.com.br atua apenas como um canal de divulga\u00e7\u00e3o de oportunidades de emprego e n\u00e3o se responsabiliza pelo processo seletivo, contrata\u00e7\u00e3o ou qualquer outra etapa relacionada \u00e0s vagas publicadas. Todas as informa\u00e7\u00f5es s\u00e3o de responsabilidade dos anunciantes.\n\n\u26a0\ufe0f Aten\u00e7\u00e3o! Nunca pague por promessas de emprego nem compre cursos que garantam contrata\u00e7\u00e3o. Desconfie de qualquer cobran\u00e7a para participar de sele\u00e7\u00f5es.\n\n\n\n<\/div>\n<!-- CONTENT END 1 -->\n","protected":false},"excerpt":{"rendered":"<p>Cr\u00e9ditos: Depositphotos\/rafapress Veja o calend\u00e1rio INSS para os pagamentos da aposentadoria O Instituto Nacional do Seguro Social (INSS) disponibilizou o calend\u00e1rio referente ao pagamento de&#8230;<\/p>\n","protected":false},"author":1,"featured_media":8181,"comment_status":"open","ping_status":"open","sticky":false,"template":"","format":"standard","meta":{"_uag_custom_page_level_css":"","advanced_seo_description":"","jetpack_seo_html_title":"","jetpack_seo_noindex":false,"jetpack_post_was_ever_published":false,"_jetpack_newsletter_access":"","_jetpack_dont_email_post_to_subs":false,"_jetpack_newsletter_tier_id":0,"_jetpack_memberships_contains_paywalled_content":false,"_jetpack_memberships_contains_paid_content":false,"footnotes":"","jetpack_publicize_message":"","jetpack_publicize_feature_enabled":true,"jetpack_social_post_already_shared":true,"jetpack_social_options":{"image_generator_settings":{"template":"highway","default_image_id":0,"font":"","enabled":false},"version":2}},"categories":[19],"tags":[],"class_list":["post-8180","post","type-post","status-publish","format-standard","has-post-thumbnail","hentry","category-variedades"],"jetpack_publicize_connections":[],"jetpack_featured_media_url":"https:\/\/i0.wp.com\/ismaelcolosi.com.br\/wp-content\/uploads\/2023\/11\/depositphotos-366956486-xl-scaled.jpg?fit=1200%2C638&ssl=1","uagb_featured_image_src":{"full":["https:\/\/i0.wp.com\/ismaelcolosi.com.br\/wp-content\/uploads\/2023\/11\/depositphotos-366956486-xl-scaled.jpg?fit=1200%2C638&ssl=1",1200,638,false],"thumbnail":["https:\/\/i0.wp.com\/ismaelcolosi.com.br\/wp-content\/uploads\/2023\/11\/depositphotos-366956486-xl-scaled.jpg?resize=150%2C150&ssl=1",150,150,true],"medium":["https:\/\/i0.wp.com\/ismaelcolosi.com.br\/wp-content\/uploads\/2023\/11\/depositphotos-366956486-xl-scaled.jpg?fit=300%2C160&ssl=1",300,160,true],"medium_large":["https:\/\/i0.wp.com\/ismaelcolosi.com.br\/wp-content\/uploads\/2023\/11\/depositphotos-366956486-xl-scaled.jpg?fit=768%2C408&ssl=1",768,408,true],"large":["https:\/\/i0.wp.com\/ismaelcolosi.com.br\/wp-content\/uploads\/2023\/11\/depositphotos-366956486-xl-scaled.jpg?fit=1024%2C544&ssl=1",1024,544,true],"1536x1536":["https:\/\/i0.wp.com\/ismaelcolosi.com.br\/wp-content\/uploads\/2023\/11\/depositphotos-366956486-xl-scaled.jpg?fit=1200%2C638&ssl=1",1200,638,true],"2048x2048":["https:\/\/i0.wp.com\/ismaelcolosi.com.br\/wp-content\/uploads\/2023\/11\/depositphotos-366956486-xl-scaled.jpg?fit=1200%2C638&ssl=1",1200,638,true],"really-simple-thumb":["https:\/\/i0.wp.com\/ismaelcolosi.com.br\/wp-content\/uploads\/2023\/11\/depositphotos-366956486-xl-scaled.jpg?resize=370%2C247&ssl=1",370,247,true]},"uagb_author_info":{"display_name":"ismaelcolosi.com.br","author_link":"https:\/\/ismaelcolosi.com.br\/index.php\/author\/vidareal-online\/"},"uagb_comment_info":0,"uagb_excerpt":"Cr\u00e9ditos: Depositphotos\/rafapress Veja o calend\u00e1rio INSS para os pagamentos da aposentadoria O Instituto Nacional do Seguro Social (INSS) disponibilizou o calend\u00e1rio referente ao pagamento de...","jetpack-related-posts":[{"id":16515,"url":"https:\/\/ismaelcolosi.com.br\/index.php\/2023\/12\/15\/veja-as-datas-para-receber-aposentadoria\/","url_meta":{"origin":8180,"position":0},"title":"veja as datas para receber aposentadoria","author":"ismaelcolosi.com.br","date":"15 de December de 2023","format":false,"excerpt":"Cr\u00e9ditos: Captura de telaPrint do portal Meu INSS O t\u00e3o esperado calend\u00e1rio de pagamentos do INSS para o ano de 2024 j\u00e1 foi disponibilizado, trazendo al\u00edvio e organiza\u00e7\u00e3o para milh\u00f5es de aposentados e pensionistas em todo o Brasil. Como \u00e9 comum nos anos anteriores, os pagamentos seguir\u00e3o uma l\u00f3gica de\u2026","rel":"","context":"In &quot;Variedades&quot;","block_context":{"text":"Variedades","link":"https:\/\/ismaelcolosi.com.br\/index.php\/category\/variedades\/"},"img":{"alt_text":"Print do portal Meu INSS","src":"https:\/\/i0.wp.com\/catracalivre.com.br\/wp-content\/uploads\/2023\/11\/fotos-catraca-2023-11-30t121633253.png?resize=350%2C200&ssl=1","width":350,"height":200,"srcset":"https:\/\/i0.wp.com\/catracalivre.com.br\/wp-content\/uploads\/2023\/11\/fotos-catraca-2023-11-30t121633253.png?resize=350%2C200&ssl=1 1x, https:\/\/i0.wp.com\/catracalivre.com.br\/wp-content\/uploads\/2023\/11\/fotos-catraca-2023-11-30t121633253.png?resize=525%2C300&ssl=1 1.5x, https:\/\/i0.wp.com\/catracalivre.com.br\/wp-content\/uploads\/2023\/11\/fotos-catraca-2023-11-30t121633253.png?resize=700%2C400&ssl=1 2x, https:\/\/i0.wp.com\/catracalivre.com.br\/wp-content\/uploads\/2023\/11\/fotos-catraca-2023-11-30t121633253.png?resize=1050%2C600&ssl=1 3x"},"classes":[]},{"id":13670,"url":"https:\/\/ismaelcolosi.com.br\/index.php\/2023\/12\/10\/inss-anuncia-calendario-de-pagamentos-para-dezembro\/","url_meta":{"origin":8180,"position":1},"title":"INSS anuncia calend\u00e1rio de pagamentos para dezembro","author":"ismaelcolosi.com.br","date":"10 de December de 2023","format":false,"excerpt":"Cr\u00e9ditos: iStock\/rmcarvalhobsbMudan\u00e7as na aposentadoria para 2024O Instituto Nacional do Seguro Social (INSS) acaba de divulgar o aguardado calend\u00e1rio de pagamentos para o m\u00eas de dezembro, trazendo importantes informa\u00e7\u00f5es para os 37 milh\u00f5es de aposentados e pensionistas que ser\u00e3o contemplados. Com o in\u00edcio dos dep\u00f3sitos marcado para o pr\u00f3ximo dia 25,\u2026","rel":"","context":"In &quot;Variedades&quot;","block_context":{"text":"Variedades","link":"https:\/\/ismaelcolosi.com.br\/index.php\/category\/variedades\/"},"img":{"alt_text":"","src":"https:\/\/i0.wp.com\/ismaelcolosi.com.br\/wp-content\/uploads\/2023\/12\/1702254986_depositphotos-366956486-xl-scaled.jpg?fit=1200%2C638&ssl=1&resize=350%2C200","width":350,"height":200,"srcset":"https:\/\/i0.wp.com\/ismaelcolosi.com.br\/wp-content\/uploads\/2023\/12\/1702254986_depositphotos-366956486-xl-scaled.jpg?fit=1200%2C638&ssl=1&resize=350%2C200 1x, https:\/\/i0.wp.com\/ismaelcolosi.com.br\/wp-content\/uploads\/2023\/12\/1702254986_depositphotos-366956486-xl-scaled.jpg?fit=1200%2C638&ssl=1&resize=525%2C300 1.5x, https:\/\/i0.wp.com\/ismaelcolosi.com.br\/wp-content\/uploads\/2023\/12\/1702254986_depositphotos-366956486-xl-scaled.jpg?fit=1200%2C638&ssl=1&resize=700%2C400 2x, https:\/\/i0.wp.com\/ismaelcolosi.com.br\/wp-content\/uploads\/2023\/12\/1702254986_depositphotos-366956486-xl-scaled.jpg?fit=1200%2C638&ssl=1&resize=1050%2C600 3x"},"classes":[]},{"id":6587,"url":"https:\/\/ismaelcolosi.com.br\/index.php\/2023\/11\/26\/confira-o-calendario-de-pagamentos-do-inss\/","url_meta":{"origin":8180,"position":2},"title":"Confira o calend\u00e1rio de pagamentos do INSS","author":"ismaelcolosi.com.br","date":"26 de November de 2023","format":false,"excerpt":"Cr\u00e9ditos: Ag\u00eancia BrasilEXCELENTE not\u00edcia sobre as longas filas do INSS acaba de chegar \u00c0 medida que novembro se desenrola, a expectativa cresce para a nova rodada de pagamentos do INSS, beneficiando aposentados e pensionistas em todo o pa\u00eds. Com o intuito de fornecer clareza e transpar\u00eancia, as regras e datas\u2026","rel":"","context":"In &quot;Variedades&quot;","block_context":{"text":"Variedades","link":"https:\/\/ismaelcolosi.com.br\/index.php\/category\/variedades\/"},"img":{"alt_text":"","src":"https:\/\/i0.wp.com\/ismaelcolosi.com.br\/wp-content\/uploads\/2023\/11\/1701002512_a-melhor-noticia-para-quem-aguarda-uma-pericia-no-inss-acaba-de-chegar.jpg?fit=1200%2C638&ssl=1&resize=350%2C200","width":350,"height":200,"srcset":"https:\/\/i0.wp.com\/ismaelcolosi.com.br\/wp-content\/uploads\/2023\/11\/1701002512_a-melhor-noticia-para-quem-aguarda-uma-pericia-no-inss-acaba-de-chegar.jpg?fit=1200%2C638&ssl=1&resize=350%2C200 1x, https:\/\/i0.wp.com\/ismaelcolosi.com.br\/wp-content\/uploads\/2023\/11\/1701002512_a-melhor-noticia-para-quem-aguarda-uma-pericia-no-inss-acaba-de-chegar.jpg?fit=1200%2C638&ssl=1&resize=525%2C300 1.5x, https:\/\/i0.wp.com\/ismaelcolosi.com.br\/wp-content\/uploads\/2023\/11\/1701002512_a-melhor-noticia-para-quem-aguarda-uma-pericia-no-inss-acaba-de-chegar.jpg?fit=1200%2C638&ssl=1&resize=700%2C400 2x, https:\/\/i0.wp.com\/ismaelcolosi.com.br\/wp-content\/uploads\/2023\/11\/1701002512_a-melhor-noticia-para-quem-aguarda-uma-pericia-no-inss-acaba-de-chegar.jpg?fit=1200%2C638&ssl=1&resize=1050%2C600 3x"},"classes":[]},{"id":17073,"url":"https:\/\/ismaelcolosi.com.br\/index.php\/2023\/12\/17\/inss-surpreende-com-mudancas-entenda-o-caso\/","url_meta":{"origin":8180,"position":3},"title":"INSS surpreende com mudan\u00e7as; entenda o caso","author":"ismaelcolosi.com.br","date":"17 de December de 2023","format":false,"excerpt":"Cr\u00e9ditos: Captura de telaPrint do portal Meu INSS O Instituto Nacional do Seguro Social (INSS) surpreendeu os trabalhadores ao anunciar recentemente um aumento nas idades m\u00ednimas e no tempo de contribui\u00e7\u00e3o necess\u00e1rios para aqueles que desejam se aposentar a partir de 2024. Essa decis\u00e3o, que veio de forma inesperada, traz\u2026","rel":"","context":"In &quot;Variedades&quot;","block_context":{"text":"Variedades","link":"https:\/\/ismaelcolosi.com.br\/index.php\/category\/variedades\/"},"img":{"alt_text":"","src":"https:\/\/i0.wp.com\/ismaelcolosi.com.br\/wp-content\/uploads\/2023\/12\/1702829409_a-melhor-noticia-para-quem-aguarda-uma-pericia-no-inss-acaba-de-chegar.jpg?fit=1200%2C638&ssl=1&resize=350%2C200","width":350,"height":200,"srcset":"https:\/\/i0.wp.com\/ismaelcolosi.com.br\/wp-content\/uploads\/2023\/12\/1702829409_a-melhor-noticia-para-quem-aguarda-uma-pericia-no-inss-acaba-de-chegar.jpg?fit=1200%2C638&ssl=1&resize=350%2C200 1x, https:\/\/i0.wp.com\/ismaelcolosi.com.br\/wp-content\/uploads\/2023\/12\/1702829409_a-melhor-noticia-para-quem-aguarda-uma-pericia-no-inss-acaba-de-chegar.jpg?fit=1200%2C638&ssl=1&resize=525%2C300 1.5x, https:\/\/i0.wp.com\/ismaelcolosi.com.br\/wp-content\/uploads\/2023\/12\/1702829409_a-melhor-noticia-para-quem-aguarda-uma-pericia-no-inss-acaba-de-chegar.jpg?fit=1200%2C638&ssl=1&resize=700%2C400 2x, https:\/\/i0.wp.com\/ismaelcolosi.com.br\/wp-content\/uploads\/2023\/12\/1702829409_a-melhor-noticia-para-quem-aguarda-uma-pericia-no-inss-acaba-de-chegar.jpg?fit=1200%2C638&ssl=1&resize=1050%2C600 3x"},"classes":[]},{"id":20086,"url":"https:\/\/ismaelcolosi.com.br\/index.php\/2023\/12\/24\/inss-vai-liberar-pagamentos-extras-no-final-de-dezembro\/","url_meta":{"origin":8180,"position":4},"title":"INSS vai liberar pagamentos extras no final de dezembro?","author":"ismaelcolosi.com.br","date":"24 de December de 2023","format":false,"excerpt":"Cr\u00e9ditos: Depositphotos\/rmcarvalhobsb\u00c9 poss\u00edvel consultar o extrato do INSS O t\u00e3o aguardado pagamento de dezembro do Instituto Nacional do Seguro Social (INSS) est\u00e1 prestes a come\u00e7ar, trazendo al\u00edvio financeiro para milh\u00f5es de aposentados e pensionistas em todo o Brasil. Contudo, este m\u00eas reserva uma boa not\u00edcia para um grupo espec\u00edfico de\u2026","rel":"","context":"In &quot;Variedades&quot;","block_context":{"text":"Variedades","link":"https:\/\/ismaelcolosi.com.br\/index.php\/category\/variedades\/"},"img":{"alt_text":"","src":"https:\/\/i0.wp.com\/ismaelcolosi.com.br\/wp-content\/uploads\/2023\/12\/1703408957_depositphotos-652081292-xl-scaled.jpg?fit=1200%2C638&ssl=1&resize=350%2C200","width":350,"height":200,"srcset":"https:\/\/i0.wp.com\/ismaelcolosi.com.br\/wp-content\/uploads\/2023\/12\/1703408957_depositphotos-652081292-xl-scaled.jpg?fit=1200%2C638&ssl=1&resize=350%2C200 1x, https:\/\/i0.wp.com\/ismaelcolosi.com.br\/wp-content\/uploads\/2023\/12\/1703408957_depositphotos-652081292-xl-scaled.jpg?fit=1200%2C638&ssl=1&resize=525%2C300 1.5x, https:\/\/i0.wp.com\/ismaelcolosi.com.br\/wp-content\/uploads\/2023\/12\/1703408957_depositphotos-652081292-xl-scaled.jpg?fit=1200%2C638&ssl=1&resize=700%2C400 2x, https:\/\/i0.wp.com\/ismaelcolosi.com.br\/wp-content\/uploads\/2023\/12\/1703408957_depositphotos-652081292-xl-scaled.jpg?fit=1200%2C638&ssl=1&resize=1050%2C600 3x"},"classes":[]},{"id":13510,"url":"https:\/\/ismaelcolosi.com.br\/index.php\/2023\/12\/10\/aposentadoria-especial-do-inss-tera-novas-regras\/","url_meta":{"origin":8180,"position":5},"title":"Aposentadoria especial do INSS ter\u00e1 novas regras","author":"ismaelcolosi.com.br","date":"10 de December de 2023","format":false,"excerpt":"Cr\u00e9ditos: Ag\u00eancia Brasil\/Marcello CamargoINSS d\u00e1 a melhor not\u00edcia para quem espera concess\u00e3o de benef\u00edcio A aposentadoria especial do INSS, uma das modalidades mais impactadas pela Reforma da Previd\u00eancia de 2019, enfrentar\u00e1 novas altera\u00e7\u00f5es a partir de 2024. Essas mudan\u00e7as afetar\u00e3o diversos aspectos, desde a per\u00edcia m\u00e9dica at\u00e9 as condi\u00e7\u00f5es necess\u00e1rias\u2026","rel":"","context":"In &quot;Variedades&quot;","block_context":{"text":"Variedades","link":"https:\/\/ismaelcolosi.com.br\/index.php\/category\/variedades\/"},"img":{"alt_text":"","src":"https:\/\/i0.wp.com\/ismaelcolosi.com.br\/wp-content\/uploads\/2023\/12\/1702224475_depositphotos-652081292-xl-scaled.jpg?fit=1200%2C638&ssl=1&resize=350%2C200","width":350,"height":200,"srcset":"https:\/\/i0.wp.com\/ismaelcolosi.com.br\/wp-content\/uploads\/2023\/12\/1702224475_depositphotos-652081292-xl-scaled.jpg?fit=1200%2C638&ssl=1&resize=350%2C200 1x, https:\/\/i0.wp.com\/ismaelcolosi.com.br\/wp-content\/uploads\/2023\/12\/1702224475_depositphotos-652081292-xl-scaled.jpg?fit=1200%2C638&ssl=1&resize=525%2C300 1.5x, https:\/\/i0.wp.com\/ismaelcolosi.com.br\/wp-content\/uploads\/2023\/12\/1702224475_depositphotos-652081292-xl-scaled.jpg?fit=1200%2C638&ssl=1&resize=700%2C400 2x, https:\/\/i0.wp.com\/ismaelcolosi.com.br\/wp-content\/uploads\/2023\/12\/1702224475_depositphotos-652081292-xl-scaled.jpg?fit=1200%2C638&ssl=1&resize=1050%2C600 3x"},"classes":[]}],"jetpack_sharing_enabled":true,"jetpack_shortlink":"https:\/\/wp.me\/pfMlyK-27W","_links":{"self":[{"href":"https:\/\/ismaelcolosi.com.br\/index.php\/wp-json\/wp\/v2\/posts\/8180","targetHints":{"allow":["GET"]}}],"collection":[{"href":"https:\/\/ismaelcolosi.com.br\/index.php\/wp-json\/wp\/v2\/posts"}],"about":[{"href":"https:\/\/ismaelcolosi.com.br\/index.php\/wp-json\/wp\/v2\/types\/post"}],"author":[{"embeddable":true,"href":"https:\/\/ismaelcolosi.com.br\/index.php\/wp-json\/wp\/v2\/users\/1"}],"replies":[{"embeddable":true,"href":"https:\/\/ismaelcolosi.com.br\/index.php\/wp-json\/wp\/v2\/comments?post=8180"}],"version-history":[{"count":0,"href":"https:\/\/ismaelcolosi.com.br\/index.php\/wp-json\/wp\/v2\/posts\/8180\/revisions"}],"wp:featuredmedia":[{"embeddable":true,"href":"https:\/\/ismaelcolosi.com.br\/index.php\/wp-json\/wp\/v2\/media\/8181"}],"wp:attachment":[{"href":"https:\/\/ismaelcolosi.com.br\/index.php\/wp-json\/wp\/v2\/media?parent=8180"}],"wp:term":[{"taxonomy":"category","embeddable":true,"href":"https:\/\/ismaelcolosi.com.br\/index.php\/wp-json\/wp\/v2\/categories?post=8180"},{"taxonomy":"post_tag","embeddable":true,"href":"https:\/\/ismaelcolosi.com.br\/index.php\/wp-json\/wp\/v2\/tags?post=8180"}],"curies":[{"name":"wp","href":"https:\/\/api.w.org\/{rel}","templated":true}]}}