{"id":8170,"date":"2023-11-29T16:19:03","date_gmt":"2023-11-29T19:19:03","guid":{"rendered":"https:\/\/ismaelcolosi.com.br\/index.php\/2023\/11\/29\/vai-ficar-na-minha-senzala\/"},"modified":"2023-11-29T16:19:03","modified_gmt":"2023-11-29T19:19:03","slug":"vai-ficar-na-minha-senzala","status":"publish","type":"post","link":"https:\/\/ismaelcolosi.com.br\/index.php\/2023\/11\/29\/vai-ficar-na-minha-senzala\/","title":{"rendered":"&#8216;Vai ficar na minha senzala&#8217;"},"content":{"rendered":"<p> [ad_1]<br \/>\n<\/p>\n<div itemprop=\"text\">\n<p>Um m\u00e9dico da regi\u00e3o de Goi\u00e1s, identificado pelo nome de M\u00e1rcio Ant\u00f4nio Souza J\u00fanior, filmou um caseiro negro acorrentado pelos p\u00e9s, m\u00e3os e pesco\u00e7o em uma fazenda.<\/p>\n<p>Diante do caso exposto, a ju\u00edza Erika Barbosa Gomes Cavalcante, da Vara Criminal, condenou o profissional da sa\u00fade a pagar 300 mil reais de indeniza\u00e7\u00e3o pelo crime de racismo.<\/p>\n<p>O caso gerou muita revolta nas redes sociais, pois os v\u00eddeos foram divulgados nestas plataformas. E ap\u00f3s a repercuss\u00e3o, o m\u00e9dico alegou que se tratava apenas de uma \u2018zoeira\u2019, uma \u2018brincadeira divertida\u2019.<\/p>\n<p>O crime aconteceu em meados de 2022. O homem filmado trabalhava como caseiro e recebia um sal\u00e1rio m\u00ednimo pelos seus servi\u00e7os na fazenda do m\u00e9dico. E conforme as investiga\u00e7\u00f5es, M\u00e1rcio encontrou os itens na igrejinha da fazenda, colocou no homem, gravou o v\u00eddeo e publicou para circular nas redes sociais.<\/p>\n<p><i>\u201cFalei para estudar, mas n\u00e3o quer. Ent\u00e3o vai ficar na minha senzala\u201d<\/i>, declarou o m\u00e9dico, enquanto realizava as grava\u00e7\u00f5es de toda a situa\u00e7\u00e3o. Devido ao caso ter repercutido de forma negativa, o m\u00e9dico gravou outro v\u00eddeo, tentando se explicar e alegando que tudo n\u00e3o passou de uma \u2018encena\u00e7\u00e3o teatral\u2019 que n\u00e3o faria apologias.<\/p>\n<p>E ap\u00f3s o caso ter sido investigado pela Justi\u00e7a, o m\u00e9dico recebeu a condena\u00e7\u00e3o. O dinheiro da indeniza\u00e7\u00e3o dever\u00e1 ser dividido entre a Associa\u00e7\u00e3o Quilombo Alto Santana e Associa\u00e7\u00e3o Mulheres Carolinas.<\/p>\n<p><i>\u201cTrata-se de um v\u00eddeo absolutamente criminoso, evidenciando o crime de racismo contra uma pessoa negra, com apetrechos utilizados na \u00e9poca da escravid\u00e3o\u201d, declarou a Justi\u00e7a diante da condena\u00e7\u00e3o. <\/i><\/p>\n<\/div>\n<p>[ad_2]<br \/>\n<br \/><a href=\"https:\/\/fnmais.com\/medico-que-filmou-caseiro-acorrentado-sofre-dura-punicao-vai-ficar-na-minha-senzala\/\" target=\"_blank\" rel=\"noopener\">Source link <\/a><\/p>\n<div class='code-block code-block-4' style='margin: 8px auto 8px 0; text-align: left; display: block; clear: both;'>\n\ud83d\udce2 Aviso Legal\n\nO site ismaelcolosi.com.br atua apenas como um canal de divulga\u00e7\u00e3o de oportunidades de emprego e n\u00e3o se responsabiliza pelo processo seletivo, contrata\u00e7\u00e3o ou qualquer outra etapa relacionada \u00e0s vagas publicadas. Todas as informa\u00e7\u00f5es s\u00e3o de responsabilidade dos anunciantes.\n\n\u26a0\ufe0f Aten\u00e7\u00e3o! Nunca pague por promessas de emprego nem compre cursos que garantam contrata\u00e7\u00e3o. Desconfie de qualquer cobran\u00e7a para participar de sele\u00e7\u00f5es.\n\n\n\n<\/div>\n<!-- CONTENT END 1 -->\n","protected":false},"excerpt":{"rendered":"<p>[ad_1] Um m\u00e9dico da regi\u00e3o de Goi\u00e1s, identificado pelo nome de M\u00e1rcio Ant\u00f4nio Souza J\u00fanior, filmou um caseiro negro acorrentado pelos p\u00e9s, m\u00e3os e pesco\u00e7o em uma fazenda. Diante do caso exposto, a ju\u00edza Erika Barbosa Gomes Cavalcante, da Vara Criminal, condenou o profissional da sa\u00fade a pagar 300 mil reais de indeniza\u00e7\u00e3o pelo crime&hellip;&nbsp;<\/p>\n","protected":false},"author":1,"featured_media":8171,"comment_status":"open","ping_status":"open","sticky":false,"template":"","format":"standard","meta":{"_uag_custom_page_level_css":"","neve_meta_sidebar":"","neve_meta_container":"","neve_meta_enable_content_width":"","neve_meta_content_width":0,"neve_meta_title_alignment":"","neve_meta_author_avatar":"","neve_post_elements_order":"","neve_meta_disable_header":"","neve_meta_disable_footer":"","neve_meta_disable_title":"","_jetpack_newsletter_access":"","_jetpack_dont_email_post_to_subs":false,"_jetpack_newsletter_tier_id":0,"_jetpack_memberships_contains_paywalled_content":false,"_jetpack_memberships_contains_paid_content":false,"footnotes":""},"categories":[1],"tags":[],"class_list":["post-8170","post","type-post","status-publish","format-standard","has-post-thumbnail","hentry","category-blog"],"uagb_featured_image_src":{"full":["https:\/\/i0.wp.com\/ismaelcolosi.com.br\/wp-content\/uploads\/2023\/11\/postimg-65677cc295ba81913.jpg?fit=1200%2C628&ssl=1",1200,628,false],"thumbnail":["https:\/\/i0.wp.com\/ismaelcolosi.com.br\/wp-content\/uploads\/2023\/11\/postimg-65677cc295ba81913.jpg?resize=150%2C150&ssl=1",150,150,true],"medium":["https:\/\/i0.wp.com\/ismaelcolosi.com.br\/wp-content\/uploads\/2023\/11\/postimg-65677cc295ba81913.jpg?fit=300%2C157&ssl=1",300,157,true],"medium_large":["https:\/\/i0.wp.com\/ismaelcolosi.com.br\/wp-content\/uploads\/2023\/11\/postimg-65677cc295ba81913.jpg?fit=768%2C402&ssl=1",768,402,true],"large":["https:\/\/i0.wp.com\/ismaelcolosi.com.br\/wp-content\/uploads\/2023\/11\/postimg-65677cc295ba81913.jpg?fit=1024%2C536&ssl=1",1024,536,true],"1536x1536":["https:\/\/i0.wp.com\/ismaelcolosi.com.br\/wp-content\/uploads\/2023\/11\/postimg-65677cc295ba81913.jpg?fit=1200%2C628&ssl=1",1200,628,true],"2048x2048":["https:\/\/i0.wp.com\/ismaelcolosi.com.br\/wp-content\/uploads\/2023\/11\/postimg-65677cc295ba81913.jpg?fit=1200%2C628&ssl=1",1200,628,true],"neve-blog":["https:\/\/i0.wp.com\/ismaelcolosi.com.br\/wp-content\/uploads\/2023\/11\/postimg-65677cc295ba81913.jpg?resize=930%2C620&ssl=1",930,620,true]},"uagb_author_info":{"display_name":"ismaelcolosi.com.br","author_link":"https:\/\/ismaelcolosi.com.br\/author\/vidareal-online\/"},"uagb_comment_info":0,"uagb_excerpt":"[ad_1] Um m\u00e9dico da regi\u00e3o de Goi\u00e1s, identificado pelo nome de M\u00e1rcio Ant\u00f4nio Souza J\u00fanior, filmou um caseiro negro acorrentado pelos p\u00e9s, m\u00e3os e pesco\u00e7o em uma fazenda. Diante do caso exposto, a ju\u00edza Erika Barbosa Gomes Cavalcante, da Vara Criminal, condenou o profissional da sa\u00fade a pagar 300 mil reais de indeniza\u00e7\u00e3o pelo crime&hellip;&nbsp;","jetpack-related-posts":[{"id":52787,"url":"https:\/\/ismaelcolosi.com.br\/index.php\/2024\/06\/10\/homem-e-denunciado-apos-espancar-gata-e-filmar-para-a-esposa-na-regiao-de-ribeirao\/","url_meta":{"origin":8170,"position":0},"title":"Homem \u00e9 denunciado ap\u00f3s espancar gata e filmar para a esposa na regi\u00e3o de Ribeir\u00e3o","author":"ismaelcolosi.com.br","date":"10 de Junho de 2024","format":false,"excerpt":"[ad_1] A Pol\u00edcia Civil investiga um homem de Franca, cidade na regi\u00e3o de Ribeir\u00e3o Preto, ap\u00f3s um v\u00eddeo em que ele aparece espancando uma gata, de sete meses, circular nas redes sociais \u2013 veja o v\u00eddeo abaixo (imagens fortes). De acordo com o boletim de ocorr\u00eancia (BO), a Guarda Municipal\u2026","rel":"","context":"In &quot;Not\u00edcias de Ribeir\u00e3o Preto-SP e Regi\u00e3o&quot;","block_context":{"text":"Not\u00edcias de Ribeir\u00e3o Preto-SP e Regi\u00e3o","link":"https:\/\/ismaelcolosi.com.br\/index.php\/category\/noticias-de-ribeirao-preto-sp-e-regiao-ismael-colosi\/"},"img":{"alt_text":"","src":"https:\/\/i0.wp.com\/ismaelcolosi.com.br\/wp-content\/uploads\/2024\/06\/Copia-de-Copia-de-TAMANHO-EXATO-PARA-FOTOS-NO-SISTEMA-NOVO-73_2024-06-10_23-23-10_png_2024-06-10_23-23-10.webp.webp?fit=1200%2C675&ssl=1&resize=350%2C200","width":350,"height":200,"srcset":"https:\/\/i0.wp.com\/ismaelcolosi.com.br\/wp-content\/uploads\/2024\/06\/Copia-de-Copia-de-TAMANHO-EXATO-PARA-FOTOS-NO-SISTEMA-NOVO-73_2024-06-10_23-23-10_png_2024-06-10_23-23-10.webp.webp?fit=1200%2C675&ssl=1&resize=350%2C200 1x, https:\/\/i0.wp.com\/ismaelcolosi.com.br\/wp-content\/uploads\/2024\/06\/Copia-de-Copia-de-TAMANHO-EXATO-PARA-FOTOS-NO-SISTEMA-NOVO-73_2024-06-10_23-23-10_png_2024-06-10_23-23-10.webp.webp?fit=1200%2C675&ssl=1&resize=525%2C300 1.5x, https:\/\/i0.wp.com\/ismaelcolosi.com.br\/wp-content\/uploads\/2024\/06\/Copia-de-Copia-de-TAMANHO-EXATO-PARA-FOTOS-NO-SISTEMA-NOVO-73_2024-06-10_23-23-10_png_2024-06-10_23-23-10.webp.webp?fit=1200%2C675&ssl=1&resize=700%2C400 2x, https:\/\/i0.wp.com\/ismaelcolosi.com.br\/wp-content\/uploads\/2024\/06\/Copia-de-Copia-de-TAMANHO-EXATO-PARA-FOTOS-NO-SISTEMA-NOVO-73_2024-06-10_23-23-10_png_2024-06-10_23-23-10.webp.webp?fit=1200%2C675&ssl=1&resize=1050%2C600 3x"},"classes":[]},{"id":52791,"url":"https:\/\/ismaelcolosi.com.br\/index.php\/2024\/06\/10\/homem-e-denunciado-apos-espancar-gata-e-filmar-para-a-esposa-na-regiao-de-ribeirao-2\/","url_meta":{"origin":8170,"position":1},"title":"Homem \u00e9 denunciado ap\u00f3s espancar gata e filmar para a esposa na regi\u00e3o de Ribeir\u00e3o","author":"ismaelcolosi.com.br","date":"10 de Junho de 2024","format":false,"excerpt":"[ad_1] A Pol\u00edcia Civil investiga um homem de Franca, cidade na regi\u00e3o de Ribeir\u00e3o Preto, ap\u00f3s um v\u00eddeo em que ele aparece espancando uma gata, de sete meses, circular nas redes sociais \u2013 veja o v\u00eddeo abaixo (imagens fortes). De acordo com o boletim de ocorr\u00eancia (BO), a Guarda Municipal\u2026","rel":"","context":"In &quot;Not\u00edcias de Ribeir\u00e3o Preto-SP e Regi\u00e3o&quot;","block_context":{"text":"Not\u00edcias de Ribeir\u00e3o Preto-SP e Regi\u00e3o","link":"https:\/\/ismaelcolosi.com.br\/index.php\/category\/noticias-de-ribeirao-preto-sp-e-regiao-ismael-colosi\/"},"img":{"alt_text":"","src":"https:\/\/i0.wp.com\/ismaelcolosi.com.br\/wp-content\/uploads\/2024\/06\/Copia-de-Copia-de-TAMANHO-EXATO-PARA-FOTOS-NO-SISTEMA-NOVO-73_2024-06-10_23-23-10_png_2024-06-10_23-23-10.webp.webp?fit=1200%2C675&ssl=1&resize=350%2C200","width":350,"height":200,"srcset":"https:\/\/i0.wp.com\/ismaelcolosi.com.br\/wp-content\/uploads\/2024\/06\/Copia-de-Copia-de-TAMANHO-EXATO-PARA-FOTOS-NO-SISTEMA-NOVO-73_2024-06-10_23-23-10_png_2024-06-10_23-23-10.webp.webp?fit=1200%2C675&ssl=1&resize=350%2C200 1x, https:\/\/i0.wp.com\/ismaelcolosi.com.br\/wp-content\/uploads\/2024\/06\/Copia-de-Copia-de-TAMANHO-EXATO-PARA-FOTOS-NO-SISTEMA-NOVO-73_2024-06-10_23-23-10_png_2024-06-10_23-23-10.webp.webp?fit=1200%2C675&ssl=1&resize=525%2C300 1.5x, https:\/\/i0.wp.com\/ismaelcolosi.com.br\/wp-content\/uploads\/2024\/06\/Copia-de-Copia-de-TAMANHO-EXATO-PARA-FOTOS-NO-SISTEMA-NOVO-73_2024-06-10_23-23-10_png_2024-06-10_23-23-10.webp.webp?fit=1200%2C675&ssl=1&resize=700%2C400 2x, https:\/\/i0.wp.com\/ismaelcolosi.com.br\/wp-content\/uploads\/2024\/06\/Copia-de-Copia-de-TAMANHO-EXATO-PARA-FOTOS-NO-SISTEMA-NOVO-73_2024-06-10_23-23-10_png_2024-06-10_23-23-10.webp.webp?fit=1200%2C675&ssl=1&resize=1050%2C600 3x"},"classes":[]},{"id":10094,"url":"https:\/\/ismaelcolosi.com.br\/index.php\/2023\/12\/03\/homem-tenta-assustar-jovem-surdo-com-arma-de-fogo-caseira-e-tudo-termina-em-caso-de-policia\/","url_meta":{"origin":8170,"position":2},"title":"Homem tenta assustar jovem surdo com arma de fogo caseira e tudo termina em caso de pol\u00edcia","author":"ismaelcolosi.com.br","date":"3 de Dezembro de 2023","format":false,"excerpt":"[ad_1] Um homem foi detido pelas for\u00e7as policiais depois de mirar uma arma de fogo de produ\u00e7\u00e3o caseira em dire\u00e7\u00e3o ao rosto de uma pessoa com defici\u00eancia.O crime foi registrado na noite do \u00faltimo s\u00e1bado, dia 02 de dezembro, por volta das 22h pelo hor\u00e1rio de Bras\u00edlia, de acordo com\u2026","rel":"","context":"In &quot;Blog&quot;","block_context":{"text":"Blog","link":"https:\/\/ismaelcolosi.com.br\/index.php\/category\/blog\/"},"img":{"alt_text":"","src":"https:\/\/i0.wp.com\/ismaelcolosi.com.br\/wp-content\/uploads\/2023\/12\/postimg-656ce79f943292266.jpg?fit=1200%2C628&ssl=1&resize=350%2C200","width":350,"height":200,"srcset":"https:\/\/i0.wp.com\/ismaelcolosi.com.br\/wp-content\/uploads\/2023\/12\/postimg-656ce79f943292266.jpg?fit=1200%2C628&ssl=1&resize=350%2C200 1x, https:\/\/i0.wp.com\/ismaelcolosi.com.br\/wp-content\/uploads\/2023\/12\/postimg-656ce79f943292266.jpg?fit=1200%2C628&ssl=1&resize=525%2C300 1.5x, https:\/\/i0.wp.com\/ismaelcolosi.com.br\/wp-content\/uploads\/2023\/12\/postimg-656ce79f943292266.jpg?fit=1200%2C628&ssl=1&resize=700%2C400 2x, https:\/\/i0.wp.com\/ismaelcolosi.com.br\/wp-content\/uploads\/2023\/12\/postimg-656ce79f943292266.jpg?fit=1200%2C628&ssl=1&resize=1050%2C600 3x"},"classes":[]},{"id":23731,"url":"https:\/\/ismaelcolosi.com.br\/index.php\/2024\/01\/02\/homem-ateia-fogo-em-cadela-e-seus-7-filhotes\/","url_meta":{"origin":8170,"position":3},"title":"homem ateia fogo em cadela e seus 7 filhotes","author":"ismaelcolosi.com.br","date":"2 de Janeiro de 2024","format":false,"excerpt":"[ad_1] Um homem foi flagrado cometendo crime de maus-tratos contra animais neste come\u00e7o de ano e o caso tem gerado revolta. O homem foi flagrado ateando fogo em animais, no munic\u00edpio de Jequi\u00e9, no interior da Bahia.As informa\u00e7\u00f5es foram repassadas pela ONG Aprovanimal, que informou ainda que alguns dos animais\u2026","rel":"","context":"In &quot;Blog&quot;","block_context":{"text":"Blog","link":"https:\/\/ismaelcolosi.com.br\/index.php\/category\/blog\/"},"img":{"alt_text":"","src":"https:\/\/i0.wp.com\/ismaelcolosi.com.br\/wp-content\/uploads\/2024\/01\/postimg-6594b4626fbef3818.jpg?fit=1200%2C628&ssl=1&resize=350%2C200","width":350,"height":200,"srcset":"https:\/\/i0.wp.com\/ismaelcolosi.com.br\/wp-content\/uploads\/2024\/01\/postimg-6594b4626fbef3818.jpg?fit=1200%2C628&ssl=1&resize=350%2C200 1x, https:\/\/i0.wp.com\/ismaelcolosi.com.br\/wp-content\/uploads\/2024\/01\/postimg-6594b4626fbef3818.jpg?fit=1200%2C628&ssl=1&resize=525%2C300 1.5x, https:\/\/i0.wp.com\/ismaelcolosi.com.br\/wp-content\/uploads\/2024\/01\/postimg-6594b4626fbef3818.jpg?fit=1200%2C628&ssl=1&resize=700%2C400 2x, https:\/\/i0.wp.com\/ismaelcolosi.com.br\/wp-content\/uploads\/2024\/01\/postimg-6594b4626fbef3818.jpg?fit=1200%2C628&ssl=1&resize=1050%2C600 3x"},"classes":[]},{"id":11836,"url":"https:\/\/ismaelcolosi.com.br\/index.php\/2023\/12\/06\/o-que-e-transplante-de-fezes-e-por-que-pessoas-estao-fazendo-em-casa\/","url_meta":{"origin":8170,"position":4},"title":"O que \u00e9 transplante de fezes e por que pessoas est\u00e3o fazendo em casa?","author":"ismaelcolosi.com.br","date":"6 de Dezembro de 2023","format":false,"excerpt":"[ad_1] O transplante de fezes, tamb\u00e9m conhecido como transplante fecal, \u00e9 um procedimento m\u00e9dico no qual fezes saud\u00e1veis de um doador s\u00e3o transplantadas para o intestino de um receptor. O objetivo \u00e9 repovoar o intestino da pessoa doente com bact\u00e9rias saud\u00e1veis, promovendo assim o equil\u00edbrio da microbiota intestinal. O problema\u2026","rel":"","context":"In &quot;Variedades&quot;","block_context":{"text":"Variedades","link":"https:\/\/ismaelcolosi.com.br\/index.php\/category\/variedades\/"},"img":{"alt_text":"","src":"https:\/\/i0.wp.com\/ismaelcolosi.com.br\/wp-content\/uploads\/2023\/12\/istock-1183984926.jpg?fit=1200%2C638&ssl=1&resize=350%2C200","width":350,"height":200,"srcset":"https:\/\/i0.wp.com\/ismaelcolosi.com.br\/wp-content\/uploads\/2023\/12\/istock-1183984926.jpg?fit=1200%2C638&ssl=1&resize=350%2C200 1x, https:\/\/i0.wp.com\/ismaelcolosi.com.br\/wp-content\/uploads\/2023\/12\/istock-1183984926.jpg?fit=1200%2C638&ssl=1&resize=525%2C300 1.5x, https:\/\/i0.wp.com\/ismaelcolosi.com.br\/wp-content\/uploads\/2023\/12\/istock-1183984926.jpg?fit=1200%2C638&ssl=1&resize=700%2C400 2x, https:\/\/i0.wp.com\/ismaelcolosi.com.br\/wp-content\/uploads\/2023\/12\/istock-1183984926.jpg?fit=1200%2C638&ssl=1&resize=1050%2C600 3x"},"classes":[]},{"id":33089,"url":"https:\/\/ismaelcolosi.com.br\/index.php\/2024\/01\/27\/o-que-se-sabe-sobre-engenheiro-morto-e-enterrado-na-zona-rural-de-cidade-na-regiao-de-ribeirao\/","url_meta":{"origin":8170,"position":5},"title":"O que se sabe sobre engenheiro morto e enterrado na zona rural de cidade na regi\u00e3o de Ribeir\u00e3o","author":"ismaelcolosi.com.br","date":"27 de Janeiro de 2024","format":false,"excerpt":"[ad_1] A Pol\u00edcia Civil investiga a morte do engenheiro C\u00e9sar Henrique Rinhel, de 50 anos, assassinado em dezembro de 2023, em uma oficina da zona Norte de Ribeir\u00e3o Preto. O corpo da v\u00edtima foi localizado em uma fazenda na zona rural de Serrana, ap\u00f3s trabalhadores de uma usina terem avistado\u2026","rel":"","context":"In &quot;Not\u00edcias de Ribeir\u00e3o Preto-SP e Regi\u00e3o&quot;","block_context":{"text":"Not\u00edcias de Ribeir\u00e3o Preto-SP e Regi\u00e3o","link":"https:\/\/ismaelcolosi.com.br\/index.php\/category\/noticias-de-ribeirao-preto-sp-e-regiao-ismael-colosi\/"},"img":{"alt_text":"","src":"https:\/\/i0.wp.com\/ismaelcolosi.com.br\/wp-content\/uploads\/2024\/01\/Copia-de-Copia-de-TAMANHO-EXATO-PARA-FOTOS-NO-SISTEMA-NOVO-4-1.jpg?fit=1200%2C675&ssl=1&resize=350%2C200","width":350,"height":200,"srcset":"https:\/\/i0.wp.com\/ismaelcolosi.com.br\/wp-content\/uploads\/2024\/01\/Copia-de-Copia-de-TAMANHO-EXATO-PARA-FOTOS-NO-SISTEMA-NOVO-4-1.jpg?fit=1200%2C675&ssl=1&resize=350%2C200 1x, https:\/\/i0.wp.com\/ismaelcolosi.com.br\/wp-content\/uploads\/2024\/01\/Copia-de-Copia-de-TAMANHO-EXATO-PARA-FOTOS-NO-SISTEMA-NOVO-4-1.jpg?fit=1200%2C675&ssl=1&resize=525%2C300 1.5x, https:\/\/i0.wp.com\/ismaelcolosi.com.br\/wp-content\/uploads\/2024\/01\/Copia-de-Copia-de-TAMANHO-EXATO-PARA-FOTOS-NO-SISTEMA-NOVO-4-1.jpg?fit=1200%2C675&ssl=1&resize=700%2C400 2x, https:\/\/i0.wp.com\/ismaelcolosi.com.br\/wp-content\/uploads\/2024\/01\/Copia-de-Copia-de-TAMANHO-EXATO-PARA-FOTOS-NO-SISTEMA-NOVO-4-1.jpg?fit=1200%2C675&ssl=1&resize=1050%2C600 3x"},"classes":[]}],"jetpack_sharing_enabled":true,"jetpack_shortlink":"https:\/\/wp.me\/pfMlyK-27M","jetpack_featured_media_url":"https:\/\/i0.wp.com\/ismaelcolosi.com.br\/wp-content\/uploads\/2023\/11\/postimg-65677cc295ba81913.jpg?fit=1200%2C628&ssl=1","_links":{"self":[{"href":"https:\/\/ismaelcolosi.com.br\/index.php\/wp-json\/wp\/v2\/posts\/8170","targetHints":{"allow":["GET"]}}],"collection":[{"href":"https:\/\/ismaelcolosi.com.br\/index.php\/wp-json\/wp\/v2\/posts"}],"about":[{"href":"https:\/\/ismaelcolosi.com.br\/index.php\/wp-json\/wp\/v2\/types\/post"}],"author":[{"embeddable":true,"href":"https:\/\/ismaelcolosi.com.br\/index.php\/wp-json\/wp\/v2\/users\/1"}],"replies":[{"embeddable":true,"href":"https:\/\/ismaelcolosi.com.br\/index.php\/wp-json\/wp\/v2\/comments?post=8170"}],"version-history":[{"count":0,"href":"https:\/\/ismaelcolosi.com.br\/index.php\/wp-json\/wp\/v2\/posts\/8170\/revisions"}],"wp:featuredmedia":[{"embeddable":true,"href":"https:\/\/ismaelcolosi.com.br\/index.php\/wp-json\/wp\/v2\/media\/8171"}],"wp:attachment":[{"href":"https:\/\/ismaelcolosi.com.br\/index.php\/wp-json\/wp\/v2\/media?parent=8170"}],"wp:term":[{"taxonomy":"category","embeddable":true,"href":"https:\/\/ismaelcolosi.com.br\/index.php\/wp-json\/wp\/v2\/categories?post=8170"},{"taxonomy":"post_tag","embeddable":true,"href":"https:\/\/ismaelcolosi.com.br\/index.php\/wp-json\/wp\/v2\/tags?post=8170"}],"curies":[{"name":"wp","href":"https:\/\/api.w.org\/{rel}","templated":true}]}}