{"id":8162,"date":"2023-11-29T16:01:53","date_gmt":"2023-11-29T19:01:53","guid":{"rendered":"https:\/\/ismaelcolosi.com.br\/index.php\/2023\/11\/29\/para-mim-nada-mais-fazia-sentido\/"},"modified":"2023-11-29T16:01:53","modified_gmt":"2023-11-29T19:01:53","slug":"para-mim-nada-mais-fazia-sentido","status":"publish","type":"post","link":"https:\/\/ismaelcolosi.com.br\/index.php\/2023\/11\/29\/para-mim-nada-mais-fazia-sentido\/","title":{"rendered":"\u201cPara mim, nada mais fazia sentido\u201d"},"content":{"rendered":"<p> [ad_1]<br \/>\n<\/p>\n<div itemprop=\"text\">\n<p>No \u00faltimo m\u00eas de outubro, a internet foi movimentada com a triste not\u00edcia da morte repentina da assistente de palco do Domingo Legal e ex Power Couple, Luana Andrade.<\/p>\n<p>Ela era noiva de Jo\u00e3o Haddad, com quem tinha relacionamento e fez participa\u00e7\u00e3o no reality show da Rede Record. Ela faleceu ap\u00f3s quatro paradas card\u00edacas ap\u00f3s a cirurgia de lipoaspira\u00e7\u00e3o nos joelhos.<\/p>\n<p>Somente agora, 20 dias ap\u00f3s o falecimento da amada, Jo\u00e3o Haddad voltou as redes sociais e usou o momento para falar sobre como se sente e sobre sua noiva.<\/p>\n<p><strong>\u201cLogo depois que aconteceu o falecimento da Lu, eu fiquei completamente perdido, desorientado. Pra mim, nada mais fazia sentido. E a\u00ed eu fui pedindo muito para Deus me confortar e tirar esse sentimento ruim de dentro de mim, para poder trazer sensa\u00e7\u00f5es, sentimentos, tudo de bom, independente da situa\u00e7\u00e3o que eu estivesse passando. E eu pude compreender algumas coisas\u201d<\/strong>, desabafou.<\/p>\n<blockquote class=\"instagram-media\" style=\"background: #FFF; border: 0; border-radius: 3px; box-shadow: 0 0 1px 0 rgba(0,0,0,0.5),0 1px 10px 0 rgba(0,0,0,0.15); margin: 1px; max-width: 540px; min-width: 326px; padding: 0; width: calc(100% - 2px);\" data-instgrm-permalink=\"https:\/\/www.instagram.com\/p\/C0ASM3tPstv\/?utm_source=ig_embed&amp;utm_campaign=loading\" data-instgrm-version=\"14\">\n<p>\u00a0<\/p>\n<p>Ver essa foto no Instagram<\/p>\n<p>\u00a0<\/p>\n<p style=\"color: #c9c8cd; font-family: Arial,sans-serif; font-size: 14px; line-height: 17px; margin-bottom: 0; margin-top: 8px; overflow: hidden; padding: 8px 0 7px; text-align: center; text-overflow: ellipsis; white-space: nowrap;\"><a style=\"color: #c9c8cd; font-family: Arial,sans-serif; font-size: 14px; font-style: normal; font-weight: normal; line-height: 17px; text-decoration: none;\" href=\"https:\/\/www.instagram.com\/p\/C0ASM3tPstv\/?utm_source=ig_embed&amp;utm_campaign=loading\" target=\"_blank\" rel=\"noopener\">Uma publica\u00e7\u00e3o compartilhada por HADAD (@joaohadad)<\/a><\/p>\n<\/blockquote>\n<p>Confirmado, ele ressignificou a partida da noiva como \u2018 miss\u00e3o cumprida \u2018. Para ele, ela j\u00e1 comprou seu papel na terra e foi para a eternidade ficar com o Pai. Ainda trouxe uma reflex\u00e3o sobre uma poss\u00edvel depress\u00e3o.<\/p>\n<p>Para ele, n\u00e3o \u00e9 o desejo de Luana v\u00ea-lo desistir, e sim dele continuar sorrindo e realizando os sonhos que tinham, menos que, com a sensa\u00e7\u00e3o de falta de ar que chega sentir quando v\u00eam a dor da perda.<\/p>\n<p>Ele tamb\u00e9m postou uma sequ\u00eancia de fotos e v\u00eddeos de registros alguns dos momentos felizes ao lado de Luana sorrindo, dizendo ele ser dessa forma que pretende se lembrar dela.<\/p>\n<\/div>\n<p><script async src=\"\/\/www.instagram.com\/embed.js\"><\/script><br \/>\n<br \/>[ad_2]<br \/>\n<br \/><a href=\"https:\/\/fnmais.com\/joao-haddad-faz-primeira-publicacao-apos-falecimento-luana-andrade-para-mim-nada-mais-fazia-sentido\/\" target=\"_blank\" rel=\"noopener\">Source link <\/a><\/p>\n<div class='code-block code-block-4' style='margin: 8px auto 8px 0; text-align: left; display: block; clear: both;'>\n\ud83d\udce2 Aviso Legal\n\nO site ismaelcolosi.com.br atua apenas como um canal de divulga\u00e7\u00e3o de oportunidades de emprego e n\u00e3o se responsabiliza pelo processo seletivo, contrata\u00e7\u00e3o ou qualquer outra etapa relacionada \u00e0s vagas publicadas. Todas as informa\u00e7\u00f5es s\u00e3o de responsabilidade dos anunciantes.\n\n\u26a0\ufe0f Aten\u00e7\u00e3o! Nunca pague por promessas de emprego nem compre cursos que garantam contrata\u00e7\u00e3o. Desconfie de qualquer cobran\u00e7a para participar de sele\u00e7\u00f5es.\n\n\n\n<\/div>\n<!-- CONTENT END 1 -->\n","protected":false},"excerpt":{"rendered":"<p>[ad_1] No \u00faltimo m\u00eas de outubro, a internet foi movimentada com a triste not\u00edcia da morte repentina da assistente de palco do Domingo Legal e ex Power Couple, Luana Andrade. Ela era noiva de Jo\u00e3o Haddad, com quem tinha relacionamento e fez participa\u00e7\u00e3o no reality show da Rede Record. Ela faleceu ap\u00f3s quatro paradas card\u00edacas&hellip;&nbsp;<\/p>\n","protected":false},"author":1,"featured_media":8163,"comment_status":"open","ping_status":"open","sticky":false,"template":"","format":"standard","meta":{"_uag_custom_page_level_css":"","neve_meta_sidebar":"","neve_meta_container":"","neve_meta_enable_content_width":"","neve_meta_content_width":0,"neve_meta_title_alignment":"","neve_meta_author_avatar":"","neve_post_elements_order":"","neve_meta_disable_header":"","neve_meta_disable_footer":"","neve_meta_disable_title":"","_jetpack_newsletter_access":"","_jetpack_dont_email_post_to_subs":false,"_jetpack_newsletter_tier_id":0,"_jetpack_memberships_contains_paywalled_content":false,"_jetpack_memberships_contains_paid_content":false,"footnotes":""},"categories":[1],"tags":[],"class_list":["post-8162","post","type-post","status-publish","format-standard","has-post-thumbnail","hentry","category-blog"],"uagb_featured_image_src":{"full":["https:\/\/i0.wp.com\/ismaelcolosi.com.br\/wp-content\/uploads\/2023\/11\/postimg-656783b0480038870.jpg?fit=1200%2C628&ssl=1",1200,628,false],"thumbnail":["https:\/\/i0.wp.com\/ismaelcolosi.com.br\/wp-content\/uploads\/2023\/11\/postimg-656783b0480038870.jpg?resize=150%2C150&ssl=1",150,150,true],"medium":["https:\/\/i0.wp.com\/ismaelcolosi.com.br\/wp-content\/uploads\/2023\/11\/postimg-656783b0480038870.jpg?fit=300%2C157&ssl=1",300,157,true],"medium_large":["https:\/\/i0.wp.com\/ismaelcolosi.com.br\/wp-content\/uploads\/2023\/11\/postimg-656783b0480038870.jpg?fit=768%2C402&ssl=1",768,402,true],"large":["https:\/\/i0.wp.com\/ismaelcolosi.com.br\/wp-content\/uploads\/2023\/11\/postimg-656783b0480038870.jpg?fit=1024%2C536&ssl=1",1024,536,true],"1536x1536":["https:\/\/i0.wp.com\/ismaelcolosi.com.br\/wp-content\/uploads\/2023\/11\/postimg-656783b0480038870.jpg?fit=1200%2C628&ssl=1",1200,628,true],"2048x2048":["https:\/\/i0.wp.com\/ismaelcolosi.com.br\/wp-content\/uploads\/2023\/11\/postimg-656783b0480038870.jpg?fit=1200%2C628&ssl=1",1200,628,true],"neve-blog":["https:\/\/i0.wp.com\/ismaelcolosi.com.br\/wp-content\/uploads\/2023\/11\/postimg-656783b0480038870.jpg?resize=930%2C620&ssl=1",930,620,true]},"uagb_author_info":{"display_name":"ismaelcolosi.com.br","author_link":"https:\/\/ismaelcolosi.com.br\/author\/vidareal-online\/"},"uagb_comment_info":0,"uagb_excerpt":"[ad_1] No \u00faltimo m\u00eas de outubro, a internet foi movimentada com a triste not\u00edcia da morte repentina da assistente de palco do Domingo Legal e ex Power Couple, Luana Andrade. Ela era noiva de Jo\u00e3o Haddad, com quem tinha relacionamento e fez participa\u00e7\u00e3o no reality show da Rede Record. Ela faleceu ap\u00f3s quatro paradas card\u00edacas&hellip;&nbsp;","jetpack-related-posts":[{"id":8603,"url":"https:\/\/ismaelcolosi.com.br\/index.php\/2023\/11\/30\/vivendo-o-luto-namorado-de-luana-andrade-mostra-1o-presente-que-ganhou-da-influenciadora-e-relembra-momentos\/","url_meta":{"origin":8162,"position":0},"title":"Vivendo o luto, namorado de Luana Andrade mostra 1\u00ba presente que ganhou da influenciadora e relembra momentos","author":"ismaelcolosi.com.br","date":"30 de Novembro de 2023","format":false,"excerpt":"[ad_1] A dor da perda de \u00e9 um tipo de abalo emocional que para quem est\u00e1 vivendo a situa\u00e7\u00e3o, se torna algo indescrit\u00edvel. O namorado da influenciadora Jo\u00e3o Haddad, que est\u00e1 em luto pela namorada, usou as redes sociais para falar sobre a amada.A jovem faleceu no m\u00eas passado em\u2026","rel":"","context":"In &quot;Blog&quot;","block_context":{"text":"Blog","link":"https:\/\/ismaelcolosi.com.br\/index.php\/category\/blog\/"},"img":{"alt_text":"","src":"https:\/\/i0.wp.com\/ismaelcolosi.com.br\/wp-content\/uploads\/2023\/11\/postimg-6568929825bb36705.jpg?fit=1200%2C628&ssl=1&resize=350%2C200","width":350,"height":200,"srcset":"https:\/\/i0.wp.com\/ismaelcolosi.com.br\/wp-content\/uploads\/2023\/11\/postimg-6568929825bb36705.jpg?fit=1200%2C628&ssl=1&resize=350%2C200 1x, https:\/\/i0.wp.com\/ismaelcolosi.com.br\/wp-content\/uploads\/2023\/11\/postimg-6568929825bb36705.jpg?fit=1200%2C628&ssl=1&resize=525%2C300 1.5x, https:\/\/i0.wp.com\/ismaelcolosi.com.br\/wp-content\/uploads\/2023\/11\/postimg-6568929825bb36705.jpg?fit=1200%2C628&ssl=1&resize=700%2C400 2x, https:\/\/i0.wp.com\/ismaelcolosi.com.br\/wp-content\/uploads\/2023\/11\/postimg-6568929825bb36705.jpg?fit=1200%2C628&ssl=1&resize=1050%2C600 3x"},"classes":[]},{"id":31459,"url":"https:\/\/ismaelcolosi.com.br\/index.php\/2024\/01\/22\/meses-apos-perda-da-noiva-joao-hadad-faz-forte-desabafo-so-quero-me-render-a-tristeza\/","url_meta":{"origin":8162,"position":1},"title":"Meses ap\u00f3s perda da noiva, Jo\u00e3o Hadad faz forte desabafo &#8216;S\u00f3 quero me render \u00e0 tristeza&#8217;","author":"ismaelcolosi.com.br","date":"22 de Janeiro de 2024","format":false,"excerpt":"[ad_1] Com muito espanto e tristeza, a rede social no m\u00eas de novembro foi surpreendida com a morte repentina da influenciadora digital e assistente de palco do Domingo Legal, Luana Andrade.A jovem de apenas 29 anos morreu em decorr\u00eancia de complica\u00e7\u00f5es ap\u00f3s uma cirurgia de lipoaspira\u00e7\u00e3o no joelho para tratar\u2026","rel":"","context":"In &quot;Blog&quot;","block_context":{"text":"Blog","link":"https:\/\/ismaelcolosi.com.br\/index.php\/category\/blog\/"},"img":{"alt_text":"","src":"https:\/\/i0.wp.com\/ismaelcolosi.com.br\/wp-content\/uploads\/2024\/01\/postimg-65ae71f6d975b9747.jpg?fit=1200%2C628&ssl=1&resize=350%2C200","width":350,"height":200,"srcset":"https:\/\/i0.wp.com\/ismaelcolosi.com.br\/wp-content\/uploads\/2024\/01\/postimg-65ae71f6d975b9747.jpg?fit=1200%2C628&ssl=1&resize=350%2C200 1x, https:\/\/i0.wp.com\/ismaelcolosi.com.br\/wp-content\/uploads\/2024\/01\/postimg-65ae71f6d975b9747.jpg?fit=1200%2C628&ssl=1&resize=525%2C300 1.5x, https:\/\/i0.wp.com\/ismaelcolosi.com.br\/wp-content\/uploads\/2024\/01\/postimg-65ae71f6d975b9747.jpg?fit=1200%2C628&ssl=1&resize=700%2C400 2x, https:\/\/i0.wp.com\/ismaelcolosi.com.br\/wp-content\/uploads\/2024\/01\/postimg-65ae71f6d975b9747.jpg?fit=1200%2C628&ssl=1&resize=1050%2C600 3x"},"classes":[]},{"id":64930,"url":"https:\/\/ismaelcolosi.com.br\/index.php\/2024\/09\/09\/me-senti-desvalorizado-diz-goleiro-vitima-de-racismo-em-ribeirao-2\/","url_meta":{"origin":8162,"position":2},"title":"&#8216;Me senti desvalorizado&#8217;, diz goleiro v\u00edtima de racismo em Ribeir\u00e3o","author":"ismaelcolosi.com.br","date":"9 de Setembro de 2024","format":false,"excerpt":"[ad_1] Vinicius Santos, goleiro do Atl\u00e9tico Monte Azul, foi alvo de ofensas racistas por parte de um torcedor no final da partida contra o Comercial que aconteceu no s\u00e1bado (7), no est\u00e1dio Palma Travassos, em Ribeir\u00e3o Preto. O atleta gravou um v\u00eddeo, na tarde desta segunda-feira (9), onde contou um\u2026","rel":"","context":"In &quot;Not\u00edcias de Ribeir\u00e3o Preto-SP e Regi\u00e3o&quot;","block_context":{"text":"Not\u00edcias de Ribeir\u00e3o Preto-SP e Regi\u00e3o","link":"https:\/\/ismaelcolosi.com.br\/index.php\/category\/noticias-de-ribeirao-preto-sp-e-regiao-ismael-colosi\/"},"img":{"alt_text":"","src":"https:\/\/i0.wp.com\/ismaelcolosi.com.br\/wp-content\/uploads\/2024\/09\/Copia-de-Copia-de-Copia-de-TAMANHO-EXATO-PARA-FOTOS-NO-SISTEMA-NOVO-9_2024-09-09_21-24-04_png_2024-09-09_21-24-04.webp.webp?fit=1200%2C675&ssl=1&resize=350%2C200","width":350,"height":200,"srcset":"https:\/\/i0.wp.com\/ismaelcolosi.com.br\/wp-content\/uploads\/2024\/09\/Copia-de-Copia-de-Copia-de-TAMANHO-EXATO-PARA-FOTOS-NO-SISTEMA-NOVO-9_2024-09-09_21-24-04_png_2024-09-09_21-24-04.webp.webp?fit=1200%2C675&ssl=1&resize=350%2C200 1x, https:\/\/i0.wp.com\/ismaelcolosi.com.br\/wp-content\/uploads\/2024\/09\/Copia-de-Copia-de-Copia-de-TAMANHO-EXATO-PARA-FOTOS-NO-SISTEMA-NOVO-9_2024-09-09_21-24-04_png_2024-09-09_21-24-04.webp.webp?fit=1200%2C675&ssl=1&resize=525%2C300 1.5x, https:\/\/i0.wp.com\/ismaelcolosi.com.br\/wp-content\/uploads\/2024\/09\/Copia-de-Copia-de-Copia-de-TAMANHO-EXATO-PARA-FOTOS-NO-SISTEMA-NOVO-9_2024-09-09_21-24-04_png_2024-09-09_21-24-04.webp.webp?fit=1200%2C675&ssl=1&resize=700%2C400 2x, https:\/\/i0.wp.com\/ismaelcolosi.com.br\/wp-content\/uploads\/2024\/09\/Copia-de-Copia-de-Copia-de-TAMANHO-EXATO-PARA-FOTOS-NO-SISTEMA-NOVO-9_2024-09-09_21-24-04_png_2024-09-09_21-24-04.webp.webp?fit=1200%2C675&ssl=1&resize=1050%2C600 3x"},"classes":[]},{"id":64892,"url":"https:\/\/ismaelcolosi.com.br\/index.php\/2024\/09\/09\/me-senti-desvalorizado-diz-goleiro-vitima-de-racismo-em-ribeirao\/","url_meta":{"origin":8162,"position":3},"title":"&#8220;Me senti desvalorizado&#8221; diz goleiro v\u00edtima de racismo em Ribeir\u00e3o","author":"ismaelcolosi.com.br","date":"9 de Setembro de 2024","format":false,"excerpt":"[ad_1] Vinicius Santos, goleiro do Atl\u00e9tico Monte Azul, foi alvo de ofensas racistas por parte de um torcedor no final da partida contra o Comercial que aconteceu no s\u00e1bado (7), no est\u00e1dio Palma Travassos, em Ribeir\u00e3o Preto. O atleta gravou um v\u00eddeo, na tarde desta segunda-feira (9), onde contou um\u2026","rel":"","context":"In &quot;Not\u00edcias de Ribeir\u00e3o Preto-SP e Regi\u00e3o&quot;","block_context":{"text":"Not\u00edcias de Ribeir\u00e3o Preto-SP e Regi\u00e3o","link":"https:\/\/ismaelcolosi.com.br\/index.php\/category\/noticias-de-ribeirao-preto-sp-e-regiao-ismael-colosi\/"},"img":{"alt_text":"","src":"https:\/\/i0.wp.com\/ismaelcolosi.com.br\/wp-content\/uploads\/2024\/09\/Copia-de-Copia-de-Copia-de-TAMANHO-EXATO-PARA-FOTOS-NO-SISTEMA-NOVO-9_2024-09-09_21-24-04_png_2024-09-09_21-24-04.webp.webp?fit=1200%2C675&ssl=1&resize=350%2C200","width":350,"height":200,"srcset":"https:\/\/i0.wp.com\/ismaelcolosi.com.br\/wp-content\/uploads\/2024\/09\/Copia-de-Copia-de-Copia-de-TAMANHO-EXATO-PARA-FOTOS-NO-SISTEMA-NOVO-9_2024-09-09_21-24-04_png_2024-09-09_21-24-04.webp.webp?fit=1200%2C675&ssl=1&resize=350%2C200 1x, https:\/\/i0.wp.com\/ismaelcolosi.com.br\/wp-content\/uploads\/2024\/09\/Copia-de-Copia-de-Copia-de-TAMANHO-EXATO-PARA-FOTOS-NO-SISTEMA-NOVO-9_2024-09-09_21-24-04_png_2024-09-09_21-24-04.webp.webp?fit=1200%2C675&ssl=1&resize=525%2C300 1.5x, https:\/\/i0.wp.com\/ismaelcolosi.com.br\/wp-content\/uploads\/2024\/09\/Copia-de-Copia-de-Copia-de-TAMANHO-EXATO-PARA-FOTOS-NO-SISTEMA-NOVO-9_2024-09-09_21-24-04_png_2024-09-09_21-24-04.webp.webp?fit=1200%2C675&ssl=1&resize=700%2C400 2x, https:\/\/i0.wp.com\/ismaelcolosi.com.br\/wp-content\/uploads\/2024\/09\/Copia-de-Copia-de-Copia-de-TAMANHO-EXATO-PARA-FOTOS-NO-SISTEMA-NOVO-9_2024-09-09_21-24-04_png_2024-09-09_21-24-04.webp.webp?fit=1200%2C675&ssl=1&resize=1050%2C600 3x"},"classes":[]},{"id":24514,"url":"https:\/\/ismaelcolosi.com.br\/index.php\/2024\/01\/04\/saiba-o-que-e-prolapso-da-valvula-mitral-condicao-cardiaca-que-joao-carreiro-precisou-se-submeter-a-cirurgia\/","url_meta":{"origin":8162,"position":4},"title":"Saiba o que \u00e9 prolapso da v\u00e1lvula mitral, condi\u00e7\u00e3o card\u00edaca que Jo\u00e3o Carreiro precisou se submeter a cirurgia","author":"ismaelcolosi.com.br","date":"4 de Janeiro de 2024","format":false,"excerpt":"[ad_1] A \u00faltima quarta feira, 3 de dezembro, foi marcada por uma triste not\u00edcia do falecimento do cantor sertanejo Jo\u00e3o Carneiro, de 41 anos, dupla de Capataz.O cantor faleceu ap\u00f3s precisar passar por uma cirurgia card\u00edaca para corre\u00e7\u00e3o de uma v\u00e1lvula. Entenda sobre o prolapso da v\u00e1lvula mitral (PVM), condi\u00e7\u00e3o\u2026","rel":"","context":"In &quot;Blog&quot;","block_context":{"text":"Blog","link":"https:\/\/ismaelcolosi.com.br\/index.php\/category\/blog\/"},"img":{"alt_text":"","src":"https:\/\/i0.wp.com\/ismaelcolosi.com.br\/wp-content\/uploads\/2024\/01\/postimg-6596cbbdf1a662983.jpg?fit=1200%2C628&ssl=1&resize=350%2C200","width":350,"height":200,"srcset":"https:\/\/i0.wp.com\/ismaelcolosi.com.br\/wp-content\/uploads\/2024\/01\/postimg-6596cbbdf1a662983.jpg?fit=1200%2C628&ssl=1&resize=350%2C200 1x, https:\/\/i0.wp.com\/ismaelcolosi.com.br\/wp-content\/uploads\/2024\/01\/postimg-6596cbbdf1a662983.jpg?fit=1200%2C628&ssl=1&resize=525%2C300 1.5x, https:\/\/i0.wp.com\/ismaelcolosi.com.br\/wp-content\/uploads\/2024\/01\/postimg-6596cbbdf1a662983.jpg?fit=1200%2C628&ssl=1&resize=700%2C400 2x, https:\/\/i0.wp.com\/ismaelcolosi.com.br\/wp-content\/uploads\/2024\/01\/postimg-6596cbbdf1a662983.jpg?fit=1200%2C628&ssl=1&resize=1050%2C600 3x"},"classes":[]},{"id":6033,"url":"https:\/\/ismaelcolosi.com.br\/index.php\/2023\/11\/24\/mae-da-atriz-mel-maia-usa-as-redes-sociais-apos-obito-do-filho-para-fazer-uma-homenagem\/","url_meta":{"origin":8162,"position":5},"title":"M\u00e3e da atriz Mel Maia usa as redes sociais ap\u00f3s \u00f3bito do filho para fazer uma homenagem","author":"ismaelcolosi.com.br","date":"24 de Novembro de 2023","format":false,"excerpt":"[ad_1] Embora a maioria das pessoas tenham a impress\u00e3o de que os famosos e suas fam\u00edlias vivem dentro de um conto de fadas, conduto na realidade esmagadora dos casos, as celebridades tamb\u00e9m enfrentam grandes problemas, como por exemplo, enfermidades, mortes em fam\u00edlia e at\u00e9 mesmo casos de viol\u00eancia dom\u00e9stica.D\u00e9bora Maia,\u2026","rel":"","context":"In &quot;Blog&quot;","block_context":{"text":"Blog","link":"https:\/\/ismaelcolosi.com.br\/index.php\/category\/blog\/"},"img":{"alt_text":"","src":"https:\/\/i0.wp.com\/ismaelcolosi.com.br\/wp-content\/uploads\/2023\/11\/postimg-65614c8d8de788959.jpg?fit=1200%2C628&ssl=1&resize=350%2C200","width":350,"height":200,"srcset":"https:\/\/i0.wp.com\/ismaelcolosi.com.br\/wp-content\/uploads\/2023\/11\/postimg-65614c8d8de788959.jpg?fit=1200%2C628&ssl=1&resize=350%2C200 1x, https:\/\/i0.wp.com\/ismaelcolosi.com.br\/wp-content\/uploads\/2023\/11\/postimg-65614c8d8de788959.jpg?fit=1200%2C628&ssl=1&resize=525%2C300 1.5x, https:\/\/i0.wp.com\/ismaelcolosi.com.br\/wp-content\/uploads\/2023\/11\/postimg-65614c8d8de788959.jpg?fit=1200%2C628&ssl=1&resize=700%2C400 2x, https:\/\/i0.wp.com\/ismaelcolosi.com.br\/wp-content\/uploads\/2023\/11\/postimg-65614c8d8de788959.jpg?fit=1200%2C628&ssl=1&resize=1050%2C600 3x"},"classes":[]}],"jetpack_sharing_enabled":true,"jetpack_shortlink":"https:\/\/wp.me\/pfMlyK-27E","jetpack_featured_media_url":"https:\/\/i0.wp.com\/ismaelcolosi.com.br\/wp-content\/uploads\/2023\/11\/postimg-656783b0480038870.jpg?fit=1200%2C628&ssl=1","_links":{"self":[{"href":"https:\/\/ismaelcolosi.com.br\/index.php\/wp-json\/wp\/v2\/posts\/8162","targetHints":{"allow":["GET"]}}],"collection":[{"href":"https:\/\/ismaelcolosi.com.br\/index.php\/wp-json\/wp\/v2\/posts"}],"about":[{"href":"https:\/\/ismaelcolosi.com.br\/index.php\/wp-json\/wp\/v2\/types\/post"}],"author":[{"embeddable":true,"href":"https:\/\/ismaelcolosi.com.br\/index.php\/wp-json\/wp\/v2\/users\/1"}],"replies":[{"embeddable":true,"href":"https:\/\/ismaelcolosi.com.br\/index.php\/wp-json\/wp\/v2\/comments?post=8162"}],"version-history":[{"count":0,"href":"https:\/\/ismaelcolosi.com.br\/index.php\/wp-json\/wp\/v2\/posts\/8162\/revisions"}],"wp:featuredmedia":[{"embeddable":true,"href":"https:\/\/ismaelcolosi.com.br\/index.php\/wp-json\/wp\/v2\/media\/8163"}],"wp:attachment":[{"href":"https:\/\/ismaelcolosi.com.br\/index.php\/wp-json\/wp\/v2\/media?parent=8162"}],"wp:term":[{"taxonomy":"category","embeddable":true,"href":"https:\/\/ismaelcolosi.com.br\/index.php\/wp-json\/wp\/v2\/categories?post=8162"},{"taxonomy":"post_tag","embeddable":true,"href":"https:\/\/ismaelcolosi.com.br\/index.php\/wp-json\/wp\/v2\/tags?post=8162"}],"curies":[{"name":"wp","href":"https:\/\/api.w.org\/{rel}","templated":true}]}}