{"id":8154,"date":"2023-11-29T15:44:42","date_gmt":"2023-11-29T18:44:42","guid":{"rendered":"https:\/\/ismaelcolosi.com.br\/index.php\/2023\/11\/29\/apos-dois-anos-da-morte-de-paulo-gustavo-ingrid-guimaraes-encerra-misterio-e-fala-a-verdade-sobre-briga-com-paulo-gustavo\/"},"modified":"2023-11-29T15:44:42","modified_gmt":"2023-11-29T18:44:42","slug":"apos-dois-anos-da-morte-de-paulo-gustavo-ingrid-guimaraes-encerra-misterio-e-fala-a-verdade-sobre-briga-com-paulo-gustavo","status":"publish","type":"post","link":"https:\/\/ismaelcolosi.com.br\/index.php\/2023\/11\/29\/apos-dois-anos-da-morte-de-paulo-gustavo-ingrid-guimaraes-encerra-misterio-e-fala-a-verdade-sobre-briga-com-paulo-gustavo\/","title":{"rendered":"Ap\u00f3s dois anos da morte de Paulo Gustavo, Ingrid Guimar\u00e3es encerra mist\u00e9rio e fala a verdade sobre briga com Paulo Gustavo"},"content":{"rendered":"<p> [ad_1]<br \/>\n<\/p>\n<div itemprop=\"text\">\n<p>Durante anos, uma briga envolta em mist\u00e9rio afastou dois \u00edcones da com\u00e9dia brasileira, Ingrid Guimar\u00e3es e Paulo Gustavo.<\/p>\n<p>Finalmente, detalhes esclarecedores emergiram em uma emocionante entrevista da atriz ao podcast \u201cQuem Pode, Pod\u201d, revelando como a amizade foi restaurada ap\u00f3s um per\u00edodo turbulento.<\/p>\n<p>A raiz do desentendimento, segundo Guimar\u00e3es, foi uma disputa profissional. Ambos lan\u00e7avam filmes simultaneamente, e a promessa dos distribuidores de uma estreia conjunta gerou descontentamento.<\/p>\n<p>O humorista, profundamente magoado, optou pelo distanciamento, evitando conflitos e qualquer tentativa de resolu\u00e7\u00e3o. Na entrevista, Guimar\u00e3es falou sobre o epis\u00f3dio.<\/p>\n<p><strong>\u201cFicou uma briga de data, de trabalho. E aconteceu aquilo que \u00e9 chato, rolou uma \u2018fofocaiada\u2019 e ele disse que n\u00e3o queria falar. E n\u00e3o teve aquela conversa, ele n\u00e3o gostava de conflito\u201d<\/strong>, partilhou Ingrid, relembrando a ang\u00fastia de anos sem contato.<\/p>\n<p>A reviravolta na rela\u00e7\u00e3o ocorreu quando Paulo Gustavo decidiu tomar a iniciativa. Prop\u00f4s um encontro para uma conversa franca, regada a um porre. Esse momento foi crucial: possibilitou que ambos expressassem suas m\u00e1goas e reatassem os la\u00e7os de amizade.<\/p>\n<p><strong>\u201cDepois que ele morreu, passei um m\u00eas chorando pelos anos que deixei de conviver. Mas fiquei feliz por ter feito as pazes\u201d<\/strong>, revelou Ingrid, demonstrando a import\u00e2ncia da reconcilia\u00e7\u00e3o antes da tr\u00e1gica perda de Gustavo.<\/p>\n<p><div class=\"nv-iframe-embed\"><iframe loading=\"lazy\" title=\"INGRID GUIMAR\u00c3ES - QUEM PODE, POD #51\" width=\"1200\" height=\"675\" src=\"https:\/\/www.youtube.com\/embed\/TY8K55SlwgE?feature=oembed\" frameborder=\"0\" allow=\"accelerometer; autoplay; clipboard-write; encrypted-media; gyroscope; picture-in-picture; web-share\" referrerpolicy=\"strict-origin-when-cross-origin\" allowfullscreen><\/iframe><\/div>\n<\/p>\n<p>O relato emocionante da atriz n\u00e3o s\u00f3 esclarece um cap\u00edtulo antes obscuro, mas tamb\u00e9m ressalta a necessidade e o valor da comunica\u00e7\u00e3o para que se possa preservar os la\u00e7os preciosos de uma amizade verdadeira, mesmo em meio a desentendimentos.<\/p>\n<\/div>\n<p>[ad_2]<br \/>\n<br \/><a href=\"https:\/\/fnmais.com\/apos-dois-anos-morte-paulo-gustavo-ingrid-guimaraes-encerra-misterio-fala-verdade-sobre-briga-com-paulo-gustavo\/\" target=\"_blank\" rel=\"noopener\">Source link <\/a><\/p>\n<div class='code-block code-block-4' style='margin: 8px auto 8px 0; text-align: left; display: block; clear: both;'>\n\ud83d\udce2 Aviso Legal\n\nO site ismaelcolosi.com.br atua apenas como um canal de divulga\u00e7\u00e3o de oportunidades de emprego e n\u00e3o se responsabiliza pelo processo seletivo, contrata\u00e7\u00e3o ou qualquer outra etapa relacionada \u00e0s vagas publicadas. Todas as informa\u00e7\u00f5es s\u00e3o de responsabilidade dos anunciantes.\n\n\u26a0\ufe0f Aten\u00e7\u00e3o! Nunca pague por promessas de emprego nem compre cursos que garantam contrata\u00e7\u00e3o. Desconfie de qualquer cobran\u00e7a para participar de sele\u00e7\u00f5es.\n\n\n\n<\/div>\n<!-- CONTENT END 1 -->\n","protected":false},"excerpt":{"rendered":"<p>[ad_1] Durante anos, uma briga envolta em mist\u00e9rio afastou dois \u00edcones da com\u00e9dia brasileira, Ingrid Guimar\u00e3es e Paulo Gustavo. Finalmente, detalhes esclarecedores emergiram em uma emocionante entrevista da atriz ao podcast \u201cQuem Pode, Pod\u201d, revelando como a amizade foi restaurada ap\u00f3s um per\u00edodo turbulento. A raiz do desentendimento, segundo Guimar\u00e3es, foi uma disputa profissional. Ambos&hellip;&nbsp;<\/p>\n","protected":false},"author":1,"featured_media":8155,"comment_status":"open","ping_status":"open","sticky":false,"template":"","format":"standard","meta":{"_uag_custom_page_level_css":"","neve_meta_sidebar":"","neve_meta_container":"","neve_meta_enable_content_width":"","neve_meta_content_width":0,"neve_meta_title_alignment":"","neve_meta_author_avatar":"","neve_post_elements_order":"","neve_meta_disable_header":"","neve_meta_disable_footer":"","neve_meta_disable_title":"","_jetpack_newsletter_access":"","_jetpack_dont_email_post_to_subs":false,"_jetpack_newsletter_tier_id":0,"_jetpack_memberships_contains_paywalled_content":false,"_jetpack_memberships_contains_paid_content":false,"footnotes":""},"categories":[1],"tags":[],"class_list":["post-8154","post","type-post","status-publish","format-standard","has-post-thumbnail","hentry","category-blog"],"uagb_featured_image_src":{"full":["https:\/\/i0.wp.com\/ismaelcolosi.com.br\/wp-content\/uploads\/2023\/11\/postimg-65677cf1cc99d2726.jpg?fit=1200%2C628&ssl=1",1200,628,false],"thumbnail":["https:\/\/i0.wp.com\/ismaelcolosi.com.br\/wp-content\/uploads\/2023\/11\/postimg-65677cf1cc99d2726.jpg?resize=150%2C150&ssl=1",150,150,true],"medium":["https:\/\/i0.wp.com\/ismaelcolosi.com.br\/wp-content\/uploads\/2023\/11\/postimg-65677cf1cc99d2726.jpg?fit=300%2C157&ssl=1",300,157,true],"medium_large":["https:\/\/i0.wp.com\/ismaelcolosi.com.br\/wp-content\/uploads\/2023\/11\/postimg-65677cf1cc99d2726.jpg?fit=768%2C402&ssl=1",768,402,true],"large":["https:\/\/i0.wp.com\/ismaelcolosi.com.br\/wp-content\/uploads\/2023\/11\/postimg-65677cf1cc99d2726.jpg?fit=1024%2C536&ssl=1",1024,536,true],"1536x1536":["https:\/\/i0.wp.com\/ismaelcolosi.com.br\/wp-content\/uploads\/2023\/11\/postimg-65677cf1cc99d2726.jpg?fit=1200%2C628&ssl=1",1200,628,true],"2048x2048":["https:\/\/i0.wp.com\/ismaelcolosi.com.br\/wp-content\/uploads\/2023\/11\/postimg-65677cf1cc99d2726.jpg?fit=1200%2C628&ssl=1",1200,628,true],"neve-blog":["https:\/\/i0.wp.com\/ismaelcolosi.com.br\/wp-content\/uploads\/2023\/11\/postimg-65677cf1cc99d2726.jpg?resize=930%2C620&ssl=1",930,620,true]},"uagb_author_info":{"display_name":"ismaelcolosi.com.br","author_link":"https:\/\/ismaelcolosi.com.br\/author\/vidareal-online\/"},"uagb_comment_info":0,"uagb_excerpt":"[ad_1] Durante anos, uma briga envolta em mist\u00e9rio afastou dois \u00edcones da com\u00e9dia brasileira, Ingrid Guimar\u00e3es e Paulo Gustavo. Finalmente, detalhes esclarecedores emergiram em uma emocionante entrevista da atriz ao podcast \u201cQuem Pode, Pod\u201d, revelando como a amizade foi restaurada ap\u00f3s um per\u00edodo turbulento. A raiz do desentendimento, segundo Guimar\u00e3es, foi uma disputa profissional. Ambos&hellip;&nbsp;","jetpack-related-posts":[{"id":25385,"url":"https:\/\/ismaelcolosi.com.br\/index.php\/2024\/01\/07\/brasil-profundo-inspira-filme-de-ingrid-guimaraes\/","url_meta":{"origin":8154,"position":0},"title":"Brasil profundo inspira filme de Ingrid Guimar\u00e3es\u00a0","author":"ismaelcolosi.com.br","date":"7 de Janeiro de 2024","format":false,"excerpt":"[ad_1] Trama traz a saga das irm\u00e3s (Ingrid e Tat\u00e1 Werneck) em busca da m\u00e3e (Arlete Salles), que sumiu no mundo depois de presenciar as duas brigando para saber quem vai cuidar dela agora, na velhice\u00a0 7 de janeiro de 2024 | 8:306 de janeiro de 2024 | 19:03 0Quando\u2026","rel":"","context":"In &quot;Not\u00edcias de Ribeir\u00e3o Preto-SP e Regi\u00e3o&quot;","block_context":{"text":"Not\u00edcias de Ribeir\u00e3o Preto-SP e Regi\u00e3o","link":"https:\/\/ismaelcolosi.com.br\/index.php\/category\/noticias-de-ribeirao-preto-sp-e-regiao-ismael-colosi\/"},"img":{"alt_text":"","src":"https:\/\/i0.wp.com\/ismaelcolosi.com.br\/wp-content\/uploads\/2024\/01\/1-Minha-Irma-e-Eu-ingrid-e-tata-miee-372-uol.jpg?fit=924%2C617&ssl=1&resize=350%2C200","width":350,"height":200,"srcset":"https:\/\/i0.wp.com\/ismaelcolosi.com.br\/wp-content\/uploads\/2024\/01\/1-Minha-Irma-e-Eu-ingrid-e-tata-miee-372-uol.jpg?fit=924%2C617&ssl=1&resize=350%2C200 1x, https:\/\/i0.wp.com\/ismaelcolosi.com.br\/wp-content\/uploads\/2024\/01\/1-Minha-Irma-e-Eu-ingrid-e-tata-miee-372-uol.jpg?fit=924%2C617&ssl=1&resize=525%2C300 1.5x, https:\/\/i0.wp.com\/ismaelcolosi.com.br\/wp-content\/uploads\/2024\/01\/1-Minha-Irma-e-Eu-ingrid-e-tata-miee-372-uol.jpg?fit=924%2C617&ssl=1&resize=700%2C400 2x"},"classes":[]},{"id":49231,"url":"https:\/\/ismaelcolosi.com.br\/index.php\/2024\/05\/09\/o-boticario-e-ingrid-guimaraes-celebram-o-dia-das-maes-com-reflexao-poderosa\/","url_meta":{"origin":8154,"position":1},"title":"O Botic\u00e1rio e Ingrid Guimar\u00e3es celebram o Dia das M\u00e3es com reflex\u00e3o poderosa","author":"ismaelcolosi.com.br","date":"9 de Maio de 2024","format":false,"excerpt":"[ad_1] O Botic\u00e1rio e Ingrid Guimar\u00e3es celebram o Dia das M\u00e3es com reflex\u00e3o poderosaNa \u00faltima semana, o Botic\u00e1rio, marca de beleza mais amada do Brasil, realizou um talk show exclusivo em S\u00e3o Paulo. Com presen\u00e7a da atriz Ingrid Guimar\u00e3es, o encontro apresentou a nova campanha de Dia das M\u00e3es e\u2026","rel":"","context":"In &quot;Not\u00edcias de Ribeir\u00e3o Preto-SP e Regi\u00e3o&quot;","block_context":{"text":"Not\u00edcias de Ribeir\u00e3o Preto-SP e Regi\u00e3o","link":"https:\/\/ismaelcolosi.com.br\/index.php\/category\/noticias-de-ribeirao-preto-sp-e-regiao-ismael-colosi\/"},"img":{"alt_text":"","src":"https:\/\/i0.wp.com\/ismaelcolosi.com.br\/wp-content\/uploads\/2024\/05\/handler-2.jpeg?fit=1200%2C800&ssl=1&resize=350%2C200","width":350,"height":200,"srcset":"https:\/\/i0.wp.com\/ismaelcolosi.com.br\/wp-content\/uploads\/2024\/05\/handler-2.jpeg?fit=1200%2C800&ssl=1&resize=350%2C200 1x, https:\/\/i0.wp.com\/ismaelcolosi.com.br\/wp-content\/uploads\/2024\/05\/handler-2.jpeg?fit=1200%2C800&ssl=1&resize=525%2C300 1.5x, https:\/\/i0.wp.com\/ismaelcolosi.com.br\/wp-content\/uploads\/2024\/05\/handler-2.jpeg?fit=1200%2C800&ssl=1&resize=700%2C400 2x, https:\/\/i0.wp.com\/ismaelcolosi.com.br\/wp-content\/uploads\/2024\/05\/handler-2.jpeg?fit=1200%2C800&ssl=1&resize=1050%2C600 3x"},"classes":[]},{"id":7116,"url":"https:\/\/ismaelcolosi.com.br\/index.php\/2023\/11\/27\/novo-filme-com-ingrid-guimaraes-e-tata-werneck-ganha-trailer-assista\/","url_meta":{"origin":8154,"position":2},"title":"Novo filme com Ingrid Guimar\u00e3es e Tat\u00e1 Werneck ganha trailer; assista","author":"ismaelcolosi.com.br","date":"27 de Novembro de 2023","format":false,"excerpt":"[ad_1] Cr\u00e9ditos: reprodu\u00e7\u00e3o\/Globo FilmesNovo filme de com\u00e9dia tem Ingrid Guimar\u00e3es e Tat\u00e1 Werneck Est\u00e1 no ar o trailer do filme nacional \u201cMinha Irm\u00e3 e Eu\u201d, cujo lan\u00e7amento \u00e9 uma iniciativa da Paris Filmes. O longa de com\u00e9dia \u00e9 protagonizado pelas atrizes Ingrid Guimar\u00e3es e Tat\u00e1 Werneck. Nesta nova produ\u00e7\u00e3o, elas\u2026","rel":"","context":"In &quot;Variedades&quot;","block_context":{"text":"Variedades","link":"https:\/\/ismaelcolosi.com.br\/index.php\/category\/variedades\/"},"img":{"alt_text":"","src":"https:\/\/i0.wp.com\/ismaelcolosi.com.br\/wp-content\/uploads\/2023\/11\/fotos-catraca-2023-11-27t100028322.png?fit=1200%2C638&ssl=1&resize=350%2C200","width":350,"height":200,"srcset":"https:\/\/i0.wp.com\/ismaelcolosi.com.br\/wp-content\/uploads\/2023\/11\/fotos-catraca-2023-11-27t100028322.png?fit=1200%2C638&ssl=1&resize=350%2C200 1x, https:\/\/i0.wp.com\/ismaelcolosi.com.br\/wp-content\/uploads\/2023\/11\/fotos-catraca-2023-11-27t100028322.png?fit=1200%2C638&ssl=1&resize=525%2C300 1.5x, https:\/\/i0.wp.com\/ismaelcolosi.com.br\/wp-content\/uploads\/2023\/11\/fotos-catraca-2023-11-27t100028322.png?fit=1200%2C638&ssl=1&resize=700%2C400 2x, https:\/\/i0.wp.com\/ismaelcolosi.com.br\/wp-content\/uploads\/2023\/11\/fotos-catraca-2023-11-27t100028322.png?fit=1200%2C638&ssl=1&resize=1050%2C600 3x"},"classes":[]},{"id":45364,"url":"https:\/\/ismaelcolosi.com.br\/index.php\/2024\/04\/03\/warner-bros-reune-fas-famosos-e-elenco-de-evidencias-do-amor-em-pre-estreias\/","url_meta":{"origin":8154,"position":3},"title":"Warner Bros. re\u00fane f\u00e3s, famosos e elenco de Evid\u00eancias do Amor em pr\u00e9-estreias","author":"ismaelcolosi.com.br","date":"3 de Abril de 2024","format":false,"excerpt":"[ad_1] Warner Bros. re\u00fane f\u00e3s, famosos e elenco de Evid\u00eancias do Amor em pr\u00e9-estreiasEm contagem regressiva para a estreia de\u00a0Evid\u00eancias do Amor\u00a0no pr\u00f3ximo dia 11, a Warner Bros. Pictures reuniu o elenco, produ\u00e7\u00e3o, f\u00e3s e famosos em duas pr\u00e9-estreias do filme nesta semana, em S\u00e3o Paulo e Rio de Janeiro.\u2026","rel":"","context":"In &quot;Not\u00edcias de Ribeir\u00e3o Preto-SP e Regi\u00e3o&quot;","block_context":{"text":"Not\u00edcias de Ribeir\u00e3o Preto-SP e Regi\u00e3o","link":"https:\/\/ismaelcolosi.com.br\/index.php\/category\/noticias-de-ribeirao-preto-sp-e-regiao-ismael-colosi\/"},"img":{"alt_text":"","src":"https:\/\/i0.wp.com\/ismaelcolosi.com.br\/wp-content\/uploads\/2024\/04\/MHC03805.jpg?fit=1200%2C675&ssl=1&resize=350%2C200","width":350,"height":200,"srcset":"https:\/\/i0.wp.com\/ismaelcolosi.com.br\/wp-content\/uploads\/2024\/04\/MHC03805.jpg?fit=1200%2C675&ssl=1&resize=350%2C200 1x, https:\/\/i0.wp.com\/ismaelcolosi.com.br\/wp-content\/uploads\/2024\/04\/MHC03805.jpg?fit=1200%2C675&ssl=1&resize=525%2C300 1.5x, https:\/\/i0.wp.com\/ismaelcolosi.com.br\/wp-content\/uploads\/2024\/04\/MHC03805.jpg?fit=1200%2C675&ssl=1&resize=700%2C400 2x, https:\/\/i0.wp.com\/ismaelcolosi.com.br\/wp-content\/uploads\/2024\/04\/MHC03805.jpg?fit=1200%2C675&ssl=1&resize=1050%2C600 3x"},"classes":[]},{"id":51445,"url":"https:\/\/ismaelcolosi.com.br\/index.php\/2024\/05\/28\/ex-policial-e-chefe-de-grupo-de-exterminio-de-ribeirao-preto-e-condenado-a-30-anos-de-prisao\/","url_meta":{"origin":8154,"position":4},"title":"Ex-policial e chefe de grupo de exterm\u00ednio de Ribeir\u00e3o Preto\u00a0\u00e9 condenado a 30 anos de pris\u00e3o","author":"ismaelcolosi.com.br","date":"28 de Maio de 2024","format":false,"excerpt":"[ad_1] O ex-policial e chefe de um grupo de exterm\u00ednio, Ricardo Jos\u00e9 Guimar\u00e3es, foi condenado a 30 anos de pris\u00e3o\u00a0pela\u00a0morte de Thiago Xavier de Stefani, na noite desta segunda-feira (27), ap\u00f3s 13 horas de julgamento, em Ribeir\u00e3o Preto.\u00a0 Com a condena\u00e7\u00e3o, Guimar\u00e3es\u00a0soma\u00a0274 anos\u00a0de\u00a0pris\u00e3o\u00a0por\u00a0nove crimes. J\u00e1 Thiago Moreira, apontado como o\u2026","rel":"","context":"In &quot;Not\u00edcias de Ribeir\u00e3o Preto-SP e Regi\u00e3o&quot;","block_context":{"text":"Not\u00edcias de Ribeir\u00e3o Preto-SP e Regi\u00e3o","link":"https:\/\/ismaelcolosi.com.br\/index.php\/category\/noticias-de-ribeirao-preto-sp-e-regiao-ismael-colosi\/"},"img":{"alt_text":"","src":"https:\/\/i0.wp.com\/ismaelcolosi.com.br\/wp-content\/uploads\/2024\/05\/Copia-de-Copia-de-TAMANHO-EXATO-PARA-FOTOS-NO-SISTEMA-NOVO-49_2024-05-27_13-52-31_jpg_2024-05-27_13-52-32.webp.webp?fit=1200%2C675&ssl=1&resize=350%2C200","width":350,"height":200,"srcset":"https:\/\/i0.wp.com\/ismaelcolosi.com.br\/wp-content\/uploads\/2024\/05\/Copia-de-Copia-de-TAMANHO-EXATO-PARA-FOTOS-NO-SISTEMA-NOVO-49_2024-05-27_13-52-31_jpg_2024-05-27_13-52-32.webp.webp?fit=1200%2C675&ssl=1&resize=350%2C200 1x, https:\/\/i0.wp.com\/ismaelcolosi.com.br\/wp-content\/uploads\/2024\/05\/Copia-de-Copia-de-TAMANHO-EXATO-PARA-FOTOS-NO-SISTEMA-NOVO-49_2024-05-27_13-52-31_jpg_2024-05-27_13-52-32.webp.webp?fit=1200%2C675&ssl=1&resize=525%2C300 1.5x, https:\/\/i0.wp.com\/ismaelcolosi.com.br\/wp-content\/uploads\/2024\/05\/Copia-de-Copia-de-TAMANHO-EXATO-PARA-FOTOS-NO-SISTEMA-NOVO-49_2024-05-27_13-52-31_jpg_2024-05-27_13-52-32.webp.webp?fit=1200%2C675&ssl=1&resize=700%2C400 2x, https:\/\/i0.wp.com\/ismaelcolosi.com.br\/wp-content\/uploads\/2024\/05\/Copia-de-Copia-de-TAMANHO-EXATO-PARA-FOTOS-NO-SISTEMA-NOVO-49_2024-05-27_13-52-31_jpg_2024-05-27_13-52-32.webp.webp?fit=1200%2C675&ssl=1&resize=1050%2C600 3x"},"classes":[]},{"id":7164,"url":"https:\/\/ismaelcolosi.com.br\/index.php\/2023\/11\/27\/estes-filmes-nacionais-estreiam-ainda-em-2023-nos-cinemas-e-voce-precisa-ver\/","url_meta":{"origin":8154,"position":5},"title":"Estes filmes nacionais estreiam ainda em 2023 nos cinemas e voc\u00ea precisa\u00a0ver","author":"ismaelcolosi.com.br","date":"27 de Novembro de 2023","format":false,"excerpt":"[ad_1] Cr\u00e9ditos: iStock\/batuhan toker Foi aqui que pediram novidades no cinema nacional? Alguns filmes chegam ainda em 2023 e voc\u00ea n\u00e3o pode perder a chance de ir aos cinemas. Dezembro promete grandes estreias para os cin\u00e9filos e amantes dos longas brasileiros. Tem as atrizes Larissa Manoela, Ingrid Guimar\u00e3es e Tat\u00e1\u2026","rel":"","context":"In &quot;Variedades&quot;","block_context":{"text":"Variedades","link":"https:\/\/ismaelcolosi.com.br\/index.php\/category\/variedades\/"},"img":{"alt_text":"","src":"https:\/\/i0.wp.com\/ismaelcolosi.com.br\/wp-content\/uploads\/2023\/11\/istock-1271522553-scaled.jpg?fit=1200%2C638&ssl=1&resize=350%2C200","width":350,"height":200,"srcset":"https:\/\/i0.wp.com\/ismaelcolosi.com.br\/wp-content\/uploads\/2023\/11\/istock-1271522553-scaled.jpg?fit=1200%2C638&ssl=1&resize=350%2C200 1x, https:\/\/i0.wp.com\/ismaelcolosi.com.br\/wp-content\/uploads\/2023\/11\/istock-1271522553-scaled.jpg?fit=1200%2C638&ssl=1&resize=525%2C300 1.5x, https:\/\/i0.wp.com\/ismaelcolosi.com.br\/wp-content\/uploads\/2023\/11\/istock-1271522553-scaled.jpg?fit=1200%2C638&ssl=1&resize=700%2C400 2x, https:\/\/i0.wp.com\/ismaelcolosi.com.br\/wp-content\/uploads\/2023\/11\/istock-1271522553-scaled.jpg?fit=1200%2C638&ssl=1&resize=1050%2C600 3x"},"classes":[]}],"jetpack_sharing_enabled":true,"jetpack_shortlink":"https:\/\/wp.me\/pfMlyK-27w","jetpack_featured_media_url":"https:\/\/i0.wp.com\/ismaelcolosi.com.br\/wp-content\/uploads\/2023\/11\/postimg-65677cf1cc99d2726.jpg?fit=1200%2C628&ssl=1","_links":{"self":[{"href":"https:\/\/ismaelcolosi.com.br\/index.php\/wp-json\/wp\/v2\/posts\/8154","targetHints":{"allow":["GET"]}}],"collection":[{"href":"https:\/\/ismaelcolosi.com.br\/index.php\/wp-json\/wp\/v2\/posts"}],"about":[{"href":"https:\/\/ismaelcolosi.com.br\/index.php\/wp-json\/wp\/v2\/types\/post"}],"author":[{"embeddable":true,"href":"https:\/\/ismaelcolosi.com.br\/index.php\/wp-json\/wp\/v2\/users\/1"}],"replies":[{"embeddable":true,"href":"https:\/\/ismaelcolosi.com.br\/index.php\/wp-json\/wp\/v2\/comments?post=8154"}],"version-history":[{"count":0,"href":"https:\/\/ismaelcolosi.com.br\/index.php\/wp-json\/wp\/v2\/posts\/8154\/revisions"}],"wp:featuredmedia":[{"embeddable":true,"href":"https:\/\/ismaelcolosi.com.br\/index.php\/wp-json\/wp\/v2\/media\/8155"}],"wp:attachment":[{"href":"https:\/\/ismaelcolosi.com.br\/index.php\/wp-json\/wp\/v2\/media?parent=8154"}],"wp:term":[{"taxonomy":"category","embeddable":true,"href":"https:\/\/ismaelcolosi.com.br\/index.php\/wp-json\/wp\/v2\/categories?post=8154"},{"taxonomy":"post_tag","embeddable":true,"href":"https:\/\/ismaelcolosi.com.br\/index.php\/wp-json\/wp\/v2\/tags?post=8154"}],"curies":[{"name":"wp","href":"https:\/\/api.w.org\/{rel}","templated":true}]}}